{"id":41716,"date":"2024-12-28T14:29:18","date_gmt":"2024-12-28T17:29:18","guid":{"rendered":"https:\/\/blogdoprosperi.com\/?p=41716"},"modified":"2024-12-29T16:11:13","modified_gmt":"2024-12-29T19:11:13","slug":"vini-jr-o-cavaleiro-solitario","status":"publish","type":"post","link":"https:\/\/blogdoprosperi.com\/?p=41716","title":{"rendered":"Vini Jr, O Cavaleiro Solit\u00e1rio"},"content":{"rendered":"<p>Vini Jr fecha 2024 com todas galhardias poss\u00edveis a um jogador de futebol. The Best Fifa (melhor do mundo), Globe Soccer Awards (craque da temporada), Melhor Jogador da Champions League (fez gol na final), Melhor Jogador da Copa Intercontinental de Clubes em Doha. Merecia ainda a Bola de Ouro, da revista <em>France Football<\/em>, conquistada de forma injusta pelo volante espanhol Rodri, do Manchester City e Sele\u00e7\u00e3o da Espanha..<\/p>\n<blockquote><p>Ele merecia a Bola de Ouro. Foi injusto. Eu falo na frente de todo mundo. Eles deram para o Rodri, ele merece tamb\u00e9m. Mas Vinicius ganhou a Champions League, fez gol na final. As outras quest\u00f5es n\u00e3o s\u00e3o importantes. Quando voc\u00ea merece, voc\u00ea tem que receber&#8221; \u2013 <strong>Cristiano Ronaldo, sexta-feira (27\/12), na cerim\u00f4nia do Globe Soccer Awards, em Dubai.&nbsp;<\/strong><\/p>\n<\/blockquote>\n<p>&#8220;Se o Cristiano est\u00e1 falando, eu vou acabar acreditando que eu sou o melhor. Ele \u00e9 meu \u00eddolo, junto com o Neymar. E \u00e9 uma honra para mim receber o pr\u00eamio (Globe Soccer Awards) na frente deles&#8221; \u2013 <strong>Vini Jr ap\u00f3s receber o trof\u00e9u.<\/strong><\/p>\n<p>Todo esse reconhecimento sem antes mencionar sua luta quase ingl\u00f3ria contra a intoler\u00e2ncia. Por isso, esse blog <strong><em>PR\u00d3SPERI NEWS<\/em><\/strong> elege Vini Jr o jogador do ano 2024. E confere ao craque um replay de uma cr\u00f4nica escrita em 23 de maio de 2023. Confira:<\/p>\n<hr>\n<p><strong><em>Por Luiz Ant\u00f4nio Pr\u00f3speri<\/em><\/strong><\/p>\n<p style=\"text-align: left\"><em>Vinicius Junior est\u00e1 sozinho na luta contra racismo no futebol.<\/em><\/p>\n<p style=\"text-align: left\"><em>N\u00e3o fosse sua atitude diante de racistas espalhados em todos cantos e est\u00e1dios, em especial da Espanha, o manto do preconceito continuaria imp\u00e1vido cobrindo a grama verde sem contesta\u00e7\u00e3o.<\/em><\/p>\n<p><em>Vini, cansado de engolir seco, resolve agir provocando um tsunami a varrer o mundo do futebol.<\/em><\/p>\n<p><em>Desde aquele domingo (23 de maio de 2023), quando levou um mata-le\u00e3o de um desprez\u00edvel jogador do Valencia, o brasileiro bom de bola engrossa a voz produzindo uma s\u00e9rie de manifestos, em imagens, \u00e1udios e textos, nas redes sociais. Avassalador. Sacudiu at\u00e9 o colossal Real Madrid, seu clube que o condena a permanecer ali preso a uma multa contratual de 1 bilh\u00e3o de euros (algo perto de R$ 5,3 bilh\u00f5es).<\/em><\/p>\n<p><em>T\u00e3o devastador a ponto de mover a seu favor paquidermes na m\u00eddia em geral. Do sempre imponente New York Times aos tabloides futebol\u00edsticos populares espanh\u00f3is. Do The Guardian, de Londres, ao El Pa\u00eds, de Madri. E fez a <strong><a style=\"color: #0000ff\" href=\"https:\/\/blogdoprosperi.com\/2023\/01\/26\/vini-jr-sofre-novo-ato-de-racismo-sociedade-espanhola-se-cala-mais-uma-vez\/\"><span>Espanha passar vergonha<\/span><\/a><\/strong> ou, pelo menos, se sentir incomodada com a roupa de racista que lhe veste bem.<\/em><\/p>\n<p><em>Ateou fogo no paiol. Parte do Brasil se levantou solid\u00e1rio a Vini \u2013 do presidente Lula aos ativistas, do castelo da CBF a ex-jogadores, clubes e federa\u00e7\u00f5es, do torcedor comum ao mais desavisado cidad\u00e3o. Todos a cobrar a Espanha, infestada de racistas n\u00e3o \u00e9 de hoje. Vem de longe.<\/em><\/p>\n<p><em>O atacante de 22 anos, preto, nascido em S\u00e3o Gon\u00e7alo, regi\u00e3o metropolitana do Rio, criado at\u00e9 adolesc\u00eancia na pequena Macuco, Regi\u00e3o Serrana, a&nbsp;175 quil\u00f4metros da capital fluminense, diz que n\u00e3o desistir\u00e1 da luta.<\/em><\/p>\n<p><em>Veja gols de Vini no Real Madrid: <\/em><\/p>\n<p><em><a href=\"https:\/\/x.com\/realmadrid\/status\/1872960696750686311?s=46&amp;t=tbmKTsVpQpXFyYzbeWidVg\">https:\/\/x.com\/realmadrid\/status\/1872960696750686311?s=46&amp;t=tbmKTsVpQpXFyYzbeWidVg<\/a><\/em><\/p>\n<p><em><span><strong><a style=\"color: #0000ff\" href=\"https:\/\/blogdoprosperi.com\/2023\/01\/26\/vini-jr-sofre-novo-ato-de-racismo-sociedade-espanhola-se-cala-mais-uma-vez\/\">Vini sabe o risco que est\u00e1 correndo<\/a><\/strong><\/span>. Nem mesmo entre seus pares, a desunida classe de jogadores, tem apoio irrestrito. Perseguido nas arquibancadas e na relva verdejante, vai ter de se desdobrar ainda mais para continuar jogando futebol em alto n\u00edvel. A bola ser\u00e1 sua \u00fanica companheira fiel.<\/em><\/p>\n<p><em>Vini Jr j\u00e1 n\u00e3o \u00e9 mais apenas um craque a desfilar na corte do Real Madrid. Assume agora a sina de s\u00edmbolo contra o preconceito.<\/em><\/p>\n<p><em>Pretos, <a style=\"color: #0000ff\" href=\"https:\/\/blogdoprosperi.com\/2022\/12\/31\/vini-jr-sofre-racismo-dois-dias-apos-morte-de-pele\/\"><span><strong>lendas ou pernas de pau do futebol<\/strong><\/span><\/a>, sofrem o peso da cruz na travessia de suas carreiras em todos cantos do mundo. A maioria deles chora escondendo a dor da discrimina\u00e7\u00e3o.<\/em><\/p>\n<p><em>Vini Jr \u00e9 um entre milhares desses pretos. Ao n\u00e3o derramar l\u00e1gimas escondido, surge como um cavaleiro solit\u00e1rio aclamado pela multid\u00e3o na luta contra castelos at\u00e9 aqui indestrut\u00edveis guardi\u00f5es do racismo.<\/em><\/p>\n<p style=\"text-align: left\"><em>Vini, o cavaleiro solit\u00e1rio. N\u00e3o sejamos hip\u00f3critas.<\/em><\/p>\n","protected":false},"excerpt":{"rendered":"<p>Vini Jr j\u00e1 n\u00e3o \u00e9 apenas mais um craque a desfilar na corte do Real Madrid e levar quase todos os pr\u00eamios de melhor do mundo. Assume em 2024 a sina de s\u00edmbolo contra o preconceito.<\/p>\n","protected":false},"author":102107496,"featured_media":47202,"comment_status":"open","ping_status":"open","sticky":false,"template":"","format":"standard","meta":{"_coblocks_attr":"","_coblocks_dimensions":"","_coblocks_responsive_height":"","_coblocks_accordion_ie_support":"","_jetpack_newsletter_access":"","_jetpack_dont_email_post_to_subs":false,"_jetpack_newsletter_tier_id":0,"_jetpack_memberships_contains_paywalled_content":false,"_wpcom_ai_launchpad_first_post":false,"_jetpack_feature_clip_id":0,"_jetpack_memberships_contains_paid_content":false,"footnotes":"","jetpack_publicize_message":"","jetpack_publicize_feature_enabled":true,"jetpack_social_post_already_shared":false,"jetpack_social_options":{"image_generator_settings":{"template":"highway","default_image_id":0,"font":"","enabled":false},"version":2},"jetpack_post_was_ever_published":false},"categories":[53870,3919],"tags":[536594,11668053,66172,57082550,789560563,376184803,789560560,133492648,789560573,789560564,789560571,789560561,78820,789560562,554550414,646227778,522239197],"class_list":["post-41716","post","type-post","status-publish","format-standard","has-post-thumbnail","hentry","category-futebol","category-opiniao","tag-bola-de-ouro","tag-cavaleiro-solitario","tag-cristiano-ronaldo","tag-espanha-racista","tag-fifa","tag-france-footbaal","tag-futebol","tag-globe-soccer-awards","tag-luiz-antonio-prosperi","tag-pele","tag-qatar-2022","tag-racismo","tag-real-madrid","tag-selecao-brasileira","tag-the-best-fifa","tag-vini-jr","tag-vinicius-jr"],"yoast_head":"<!-- This site is optimized with the Yoast SEO plugin v28.4 - https:\/\/yoast.com\/product\/yoast-seo-wordpress\/ -->\n<title>Vini Jr, O Cavaleiro Solit\u00e1rio - PR\u00d3SPERI NEWS<\/title>\n<meta name=\"robots\" content=\"index, follow, max-snippet:-1, max-image-preview:large, max-video-preview:-1\" \/>\n<link rel=\"canonical\" href=\"https:\/\/blogdoprosperi.com\/?p=41716\" \/>\n<meta property=\"og:locale\" content=\"pt_BR\" \/>\n<meta property=\"og:type\" content=\"article\" \/>\n<meta property=\"og:title\" content=\"Vini Jr, O Cavaleiro Solit\u00e1rio - PR\u00d3SPERI NEWS\" \/>\n<meta property=\"og:description\" content=\"Vini Jr j\u00e1 n\u00e3o \u00e9 apenas mais um craque a desfilar na corte do Real Madrid e levar quase todos os pr\u00eamios de melhor do mundo. Assume em 2024 a sina de s\u00edmbolo contra o preconceito.\" \/>\n<meta property=\"og:url\" content=\"https:\/\/blogdoprosperi.com\/?p=41716\" \/>\n<meta property=\"og:site_name\" content=\"PR\u00d3SPERI NEWS\" \/>\n<meta property=\"article:publisher\" content=\"Luiz Pr\u00f3speri\" \/>\n<meta property=\"article:author\" content=\"Luiz Pr\u00f3speri\" \/>\n<meta property=\"article:published_time\" content=\"2024-12-28T17:29:18+00:00\" \/>\n<meta property=\"article:modified_time\" content=\"2024-12-29T19:11:13+00:00\" \/>\n<meta property=\"og:image\" content=\"https:\/\/i0.wp.com\/blogdoprosperi.com\/wp-content\/uploads\/2023\/05\/vini-jr-e-eleito-o-melhor-jogador-do-mundo-pela-globe-soccer-awards-1130x580-1.webp?fit=1130%2C580&ssl=1\" \/>\n\t<meta property=\"og:image:width\" content=\"1130\" \/>\n\t<meta property=\"og:image:height\" content=\"580\" \/>\n\t<meta property=\"og:image:type\" content=\"image\/webp\" \/>\n<meta name=\"author\" content=\"Luiz Ant\u00f4nio Pr\u00f3speri\" \/>\n<meta name=\"twitter:card\" content=\"summary_large_image\" \/>\n<meta name=\"twitter:creator\" content=\"@Luizprosperi\" \/>\n<meta name=\"twitter:site\" content=\"@Luizprosperi\" \/>\n<meta name=\"twitter:label1\" content=\"Escrito por\" \/>\n\t<meta name=\"twitter:data1\" content=\"Luiz Ant\u00f4nio Pr\u00f3speri\" \/>\n\t<meta name=\"twitter:label2\" content=\"Est. tempo de leitura\" \/>\n\t<meta name=\"twitter:data2\" content=\"3 minutos\" \/>\n<script type=\"application\/ld+json\" class=\"yoast-schema-graph\">{\"@context\":\"https:\\\/\\\/schema.org\",\"@graph\":[{\"@type\":\"Article\",\"@id\":\"https:\\\/\\\/blogdoprosperi.com\\\/?p=41716#article\",\"isPartOf\":{\"@id\":\"https:\\\/\\\/blogdoprosperi.com\\\/?p=41716\"},\"author\":{\"name\":\"Luiz Ant\u00f4nio Pr\u00f3speri\",\"@id\":\"https:\\\/\\\/blogdoprosperi.com\\\/#\\\/schema\\\/person\\\/38100755ce3601861ee4fab9b5aa78e9\"},\"headline\":\"Vini Jr, O Cavaleiro Solit\u00e1rio\",\"datePublished\":\"2024-12-28T17:29:18+00:00\",\"dateModified\":\"2024-12-29T19:11:13+00:00\",\"mainEntityOfPage\":{\"@id\":\"https:\\\/\\\/blogdoprosperi.com\\\/?p=41716\"},\"wordCount\":685,\"commentCount\":3,\"publisher\":{\"@id\":\"https:\\\/\\\/blogdoprosperi.com\\\/#\\\/schema\\\/person\\\/38100755ce3601861ee4fab9b5aa78e9\"},\"image\":{\"@id\":\"https:\\\/\\\/blogdoprosperi.com\\\/?p=41716#primaryimage\"},\"thumbnailUrl\":\"https:\\\/\\\/i0.wp.com\\\/blogdoprosperi.com\\\/wp-content\\\/uploads\\\/2023\\\/05\\\/vini-jr-e-eleito-o-melhor-jogador-do-mundo-pela-globe-soccer-awards-1130x580-1.webp?fit=1130%2C580&ssl=1\",\"keywords\":[\"bola de ouro\",\"cavaleiro solit\u00e1rio\",\"Cristiano Ronaldo\",\"Espanha racista\",\"Fifa\",\"france footbaal\",\"futebol\",\"globe soccer awards\",\"Luiz Ant\u00f4nio Pr\u00f3speri\",\"Pel\u00e9\",\"qatar 2022\",\"racismo\",\"Real Madrid\",\"Sele\u00e7\u00e3o Brasileira\",\"The Best Fifa\",\"Vini Jr\",\"Vinicius Jr\"],\"articleSection\":[\"futebol\",\"opini\u00e3o\"],\"inLanguage\":\"pt-BR\",\"potentialAction\":[{\"@type\":\"CommentAction\",\"name\":\"Comment\",\"target\":[\"https:\\\/\\\/blogdoprosperi.com\\\/?p=41716#respond\"]}]},{\"@type\":\"WebPage\",\"@id\":\"https:\\\/\\\/blogdoprosperi.com\\\/?p=41716\",\"url\":\"https:\\\/\\\/blogdoprosperi.com\\\/?p=41716\",\"name\":\"Vini Jr, O Cavaleiro Solit\u00e1rio - PR\u00d3SPERI NEWS\",\"isPartOf\":{\"@id\":\"https:\\\/\\\/blogdoprosperi.com\\\/#website\"},\"primaryImageOfPage\":{\"@id\":\"https:\\\/\\\/blogdoprosperi.com\\\/?p=41716#primaryimage\"},\"image\":{\"@id\":\"https:\\\/\\\/blogdoprosperi.com\\\/?p=41716#primaryimage\"},\"thumbnailUrl\":\"https:\\\/\\\/i0.wp.com\\\/blogdoprosperi.com\\\/wp-content\\\/uploads\\\/2023\\\/05\\\/vini-jr-e-eleito-o-melhor-jogador-do-mundo-pela-globe-soccer-awards-1130x580-1.webp?fit=1130%2C580&ssl=1\",\"datePublished\":\"2024-12-28T17:29:18+00:00\",\"dateModified\":\"2024-12-29T19:11:13+00:00\",\"breadcrumb\":{\"@id\":\"https:\\\/\\\/blogdoprosperi.com\\\/?p=41716#breadcrumb\"},\"inLanguage\":\"pt-BR\",\"potentialAction\":[{\"@type\":\"ReadAction\",\"target\":[\"https:\\\/\\\/blogdoprosperi.com\\\/?p=41716\"]}]},{\"@type\":\"ImageObject\",\"inLanguage\":\"pt-BR\",\"@id\":\"https:\\\/\\\/blogdoprosperi.com\\\/?p=41716#primaryimage\",\"url\":\"https:\\\/\\\/i0.wp.com\\\/blogdoprosperi.com\\\/wp-content\\\/uploads\\\/2023\\\/05\\\/vini-jr-e-eleito-o-melhor-jogador-do-mundo-pela-globe-soccer-awards-1130x580-1.webp?fit=1130%2C580&ssl=1\",\"contentUrl\":\"https:\\\/\\\/i0.wp.com\\\/blogdoprosperi.com\\\/wp-content\\\/uploads\\\/2023\\\/05\\\/vini-jr-e-eleito-o-melhor-jogador-do-mundo-pela-globe-soccer-awards-1130x580-1.webp?fit=1130%2C580&ssl=1\",\"width\":1130,\"height\":580,\"caption\":\"Vini Globe Soccer Awards \u2013 foto: Instagram Real Madrid\"},{\"@type\":\"BreadcrumbList\",\"@id\":\"https:\\\/\\\/blogdoprosperi.com\\\/?p=41716#breadcrumb\",\"itemListElement\":[{\"@type\":\"ListItem\",\"position\":1,\"name\":\"In\u00edcio\",\"item\":\"https:\\\/\\\/blogdoprosperi.com\\\/\"},{\"@type\":\"ListItem\",\"position\":2,\"name\":\"Vini Jr, O Cavaleiro Solit\u00e1rio\"}]},{\"@type\":\"WebSite\",\"@id\":\"https:\\\/\\\/blogdoprosperi.com\\\/#website\",\"url\":\"https:\\\/\\\/blogdoprosperi.com\\\/\",\"name\":\"PR\u00d3SPERI NEWS\",\"description\":\"TUDO \u00c9  FUTEBOL\",\"publisher\":{\"@id\":\"https:\\\/\\\/blogdoprosperi.com\\\/#\\\/schema\\\/person\\\/38100755ce3601861ee4fab9b5aa78e9\"},\"alternateName\":\"blogdoprosperi.com\",\"potentialAction\":[{\"@type\":\"SearchAction\",\"target\":{\"@type\":\"EntryPoint\",\"urlTemplate\":\"https:\\\/\\\/blogdoprosperi.com\\\/?s={search_term_string}\"},\"query-input\":{\"@type\":\"PropertyValueSpecification\",\"valueRequired\":true,\"valueName\":\"search_term_string\"}}],\"inLanguage\":\"pt-BR\"},{\"@type\":[\"Person\",\"Organization\"],\"@id\":\"https:\\\/\\\/blogdoprosperi.com\\\/#\\\/schema\\\/person\\\/38100755ce3601861ee4fab9b5aa78e9\",\"name\":\"Luiz Ant\u00f4nio Pr\u00f3speri\",\"pronouns\":\"ele\",\"image\":{\"@type\":\"ImageObject\",\"inLanguage\":\"pt-BR\",\"@id\":\"https:\\\/\\\/i0.wp.com\\\/blogdoprosperi.com\\\/wp-content\\\/uploads\\\/2026\\\/05\\\/cropped-8059e613-6002-42fa-961e-8e275f575d71-2-5.jpg?fit=1360%2C931&ssl=1\",\"url\":\"https:\\\/\\\/i0.wp.com\\\/blogdoprosperi.com\\\/wp-content\\\/uploads\\\/2026\\\/05\\\/cropped-8059e613-6002-42fa-961e-8e275f575d71-2-5.jpg?fit=1360%2C931&ssl=1\",\"contentUrl\":\"https:\\\/\\\/i0.wp.com\\\/blogdoprosperi.com\\\/wp-content\\\/uploads\\\/2026\\\/05\\\/cropped-8059e613-6002-42fa-961e-8e275f575d71-2-5.jpg?fit=1360%2C931&ssl=1\",\"width\":1360,\"height\":931,\"caption\":\"Luiz Ant\u00f4nio Pr\u00f3speri\"},\"logo\":{\"@id\":\"https:\\\/\\\/i0.wp.com\\\/blogdoprosperi.com\\\/wp-content\\\/uploads\\\/2026\\\/05\\\/cropped-8059e613-6002-42fa-961e-8e275f575d71-2-5.jpg?fit=1360%2C931&ssl=1\"},\"description\":\"Jornalista com carreira dedicada ao esporte. Cobriu 9 Copas do Mundo in loco, 1990 na It\u00e1lia, 1994 nos EUA, 1998 na Fran\u00e7a, 2002 na Coreia do Sul e Jap\u00e3o, 2006 na Alemanha, 2010 na \u00c1frica do Sul, 2014 no Brasil, 2018 na R\u00fassia e 2022 no Qatar. Eurocopas, 1992 na Su\u00e9cia e 1996 na Inglaterra. Copa das Confedera\u00e7\u00f5es de 2005 na Alemanha e 2009 na \u00c1frica do Sul. Rep\u00f3rter e Editor, trabalhou no Jornal da Tarde e Estad\u00e3o, de 1984 a fevereiro de 2016. Colunista, blogueiro. E comentarista de futebol na R\u00e1dio Estad\u00e3o, de 2013 a fevereiro de 2016. Jornalista respons\u00e1vel do \\\"Pr\u00f3speri News\\\" (blogdoprosperi.com).\",\"sameAs\":[\"http:\\\/\\\/blogdoprosperi.com\",\"Luiz Pr\u00f3speri\",\"@luiz_prosperi\",\"https:\\\/\\\/x.com\\\/Luizprosperi\",\"@prosperinacopa\",\"luiz.prosperi@icloud.com\"],\"url\":\"https:\\\/\\\/blogdoprosperi.com\\\/?author=102107496\"}]}<\/script>\n<!-- \/ Yoast SEO plugin. -->","yoast_head_json":{"title":"Vini Jr, O Cavaleiro Solit\u00e1rio - PR\u00d3SPERI NEWS","robots":{"index":"index","follow":"follow","max-snippet":"max-snippet:-1","max-image-preview":"max-image-preview:large","max-video-preview":"max-video-preview:-1"},"canonical":"https:\/\/blogdoprosperi.com\/?p=41716","og_locale":"pt_BR","og_type":"article","og_title":"Vini Jr, O Cavaleiro Solit\u00e1rio - PR\u00d3SPERI NEWS","og_description":"Vini Jr j\u00e1 n\u00e3o \u00e9 apenas mais um craque a desfilar na corte do Real Madrid e levar quase todos os pr\u00eamios de melhor do mundo. Assume em 2024 a sina de s\u00edmbolo contra o preconceito.","og_url":"https:\/\/blogdoprosperi.com\/?p=41716","og_site_name":"PR\u00d3SPERI NEWS","article_publisher":"Luiz Pr\u00f3speri","article_author":"Luiz Pr\u00f3speri","article_published_time":"2024-12-28T17:29:18+00:00","article_modified_time":"2024-12-29T19:11:13+00:00","og_image":[{"width":1130,"height":580,"url":"https:\/\/i0.wp.com\/blogdoprosperi.com\/wp-content\/uploads\/2023\/05\/vini-jr-e-eleito-o-melhor-jogador-do-mundo-pela-globe-soccer-awards-1130x580-1.webp?fit=1130%2C580&ssl=1","type":"image\/webp"}],"author":"Luiz Ant\u00f4nio Pr\u00f3speri","twitter_card":"summary_large_image","twitter_creator":"@Luizprosperi","twitter_site":"@Luizprosperi","twitter_misc":{"Escrito por":"Luiz Ant\u00f4nio Pr\u00f3speri","Est. tempo de leitura":"3 minutos"},"schema":{"@context":"https:\/\/schema.org","@graph":[{"@type":"Article","@id":"https:\/\/blogdoprosperi.com\/?p=41716#article","isPartOf":{"@id":"https:\/\/blogdoprosperi.com\/?p=41716"},"author":{"name":"Luiz Ant\u00f4nio Pr\u00f3speri","@id":"https:\/\/blogdoprosperi.com\/#\/schema\/person\/38100755ce3601861ee4fab9b5aa78e9"},"headline":"Vini Jr, O Cavaleiro Solit\u00e1rio","datePublished":"2024-12-28T17:29:18+00:00","dateModified":"2024-12-29T19:11:13+00:00","mainEntityOfPage":{"@id":"https:\/\/blogdoprosperi.com\/?p=41716"},"wordCount":685,"commentCount":3,"publisher":{"@id":"https:\/\/blogdoprosperi.com\/#\/schema\/person\/38100755ce3601861ee4fab9b5aa78e9"},"image":{"@id":"https:\/\/blogdoprosperi.com\/?p=41716#primaryimage"},"thumbnailUrl":"https:\/\/i0.wp.com\/blogdoprosperi.com\/wp-content\/uploads\/2023\/05\/vini-jr-e-eleito-o-melhor-jogador-do-mundo-pela-globe-soccer-awards-1130x580-1.webp?fit=1130%2C580&ssl=1","keywords":["bola de ouro","cavaleiro solit\u00e1rio","Cristiano Ronaldo","Espanha racista","Fifa","france footbaal","futebol","globe soccer awards","Luiz Ant\u00f4nio Pr\u00f3speri","Pel\u00e9","qatar 2022","racismo","Real Madrid","Sele\u00e7\u00e3o Brasileira","The Best Fifa","Vini Jr","Vinicius Jr"],"articleSection":["futebol","opini\u00e3o"],"inLanguage":"pt-BR","potentialAction":[{"@type":"CommentAction","name":"Comment","target":["https:\/\/blogdoprosperi.com\/?p=41716#respond"]}]},{"@type":"WebPage","@id":"https:\/\/blogdoprosperi.com\/?p=41716","url":"https:\/\/blogdoprosperi.com\/?p=41716","name":"Vini Jr, O Cavaleiro Solit\u00e1rio - PR\u00d3SPERI NEWS","isPartOf":{"@id":"https:\/\/blogdoprosperi.com\/#website"},"primaryImageOfPage":{"@id":"https:\/\/blogdoprosperi.com\/?p=41716#primaryimage"},"image":{"@id":"https:\/\/blogdoprosperi.com\/?p=41716#primaryimage"},"thumbnailUrl":"https:\/\/i0.wp.com\/blogdoprosperi.com\/wp-content\/uploads\/2023\/05\/vini-jr-e-eleito-o-melhor-jogador-do-mundo-pela-globe-soccer-awards-1130x580-1.webp?fit=1130%2C580&ssl=1","datePublished":"2024-12-28T17:29:18+00:00","dateModified":"2024-12-29T19:11:13+00:00","breadcrumb":{"@id":"https:\/\/blogdoprosperi.com\/?p=41716#breadcrumb"},"inLanguage":"pt-BR","potentialAction":[{"@type":"ReadAction","target":["https:\/\/blogdoprosperi.com\/?p=41716"]}]},{"@type":"ImageObject","inLanguage":"pt-BR","@id":"https:\/\/blogdoprosperi.com\/?p=41716#primaryimage","url":"https:\/\/i0.wp.com\/blogdoprosperi.com\/wp-content\/uploads\/2023\/05\/vini-jr-e-eleito-o-melhor-jogador-do-mundo-pela-globe-soccer-awards-1130x580-1.webp?fit=1130%2C580&ssl=1","contentUrl":"https:\/\/i0.wp.com\/blogdoprosperi.com\/wp-content\/uploads\/2023\/05\/vini-jr-e-eleito-o-melhor-jogador-do-mundo-pela-globe-soccer-awards-1130x580-1.webp?fit=1130%2C580&ssl=1","width":1130,"height":580,"caption":"Vini Globe Soccer Awards \u2013 foto: Instagram Real Madrid"},{"@type":"BreadcrumbList","@id":"https:\/\/blogdoprosperi.com\/?p=41716#breadcrumb","itemListElement":[{"@type":"ListItem","position":1,"name":"In\u00edcio","item":"https:\/\/blogdoprosperi.com\/"},{"@type":"ListItem","position":2,"name":"Vini Jr, O Cavaleiro Solit\u00e1rio"}]},{"@type":"WebSite","@id":"https:\/\/blogdoprosperi.com\/#website","url":"https:\/\/blogdoprosperi.com\/","name":"PR\u00d3SPERI NEWS","description":"TUDO \u00c9  FUTEBOL","publisher":{"@id":"https:\/\/blogdoprosperi.com\/#\/schema\/person\/38100755ce3601861ee4fab9b5aa78e9"},"alternateName":"blogdoprosperi.com","potentialAction":[{"@type":"SearchAction","target":{"@type":"EntryPoint","urlTemplate":"https:\/\/blogdoprosperi.com\/?s={search_term_string}"},"query-input":{"@type":"PropertyValueSpecification","valueRequired":true,"valueName":"search_term_string"}}],"inLanguage":"pt-BR"},{"@type":["Person","Organization"],"@id":"https:\/\/blogdoprosperi.com\/#\/schema\/person\/38100755ce3601861ee4fab9b5aa78e9","name":"Luiz Ant\u00f4nio Pr\u00f3speri","pronouns":"ele","image":{"@type":"ImageObject","inLanguage":"pt-BR","@id":"https:\/\/i0.wp.com\/blogdoprosperi.com\/wp-content\/uploads\/2026\/05\/cropped-8059e613-6002-42fa-961e-8e275f575d71-2-5.jpg?fit=1360%2C931&ssl=1","url":"https:\/\/i0.wp.com\/blogdoprosperi.com\/wp-content\/uploads\/2026\/05\/cropped-8059e613-6002-42fa-961e-8e275f575d71-2-5.jpg?fit=1360%2C931&ssl=1","contentUrl":"https:\/\/i0.wp.com\/blogdoprosperi.com\/wp-content\/uploads\/2026\/05\/cropped-8059e613-6002-42fa-961e-8e275f575d71-2-5.jpg?fit=1360%2C931&ssl=1","width":1360,"height":931,"caption":"Luiz Ant\u00f4nio Pr\u00f3speri"},"logo":{"@id":"https:\/\/i0.wp.com\/blogdoprosperi.com\/wp-content\/uploads\/2026\/05\/cropped-8059e613-6002-42fa-961e-8e275f575d71-2-5.jpg?fit=1360%2C931&ssl=1"},"description":"Jornalista com carreira dedicada ao esporte. Cobriu 9 Copas do Mundo in loco, 1990 na It\u00e1lia, 1994 nos EUA, 1998 na Fran\u00e7a, 2002 na Coreia do Sul e Jap\u00e3o, 2006 na Alemanha, 2010 na \u00c1frica do Sul, 2014 no Brasil, 2018 na R\u00fassia e 2022 no Qatar. Eurocopas, 1992 na Su\u00e9cia e 1996 na Inglaterra. Copa das Confedera\u00e7\u00f5es de 2005 na Alemanha e 2009 na \u00c1frica do Sul. Rep\u00f3rter e Editor, trabalhou no Jornal da Tarde e Estad\u00e3o, de 1984 a fevereiro de 2016. Colunista, blogueiro. E comentarista de futebol na R\u00e1dio Estad\u00e3o, de 2013 a fevereiro de 2016. Jornalista respons\u00e1vel do \"Pr\u00f3speri News\" (blogdoprosperi.com).","sameAs":["http:\/\/blogdoprosperi.com","Luiz Pr\u00f3speri","@luiz_prosperi","https:\/\/x.com\/Luizprosperi","@prosperinacopa","luiz.prosperi@icloud.com"],"url":"https:\/\/blogdoprosperi.com\/?author=102107496"}]}},"jetpack_publicize_connections":[],"jetpack_likes_enabled":false,"jetpack_sharing_enabled":true,"jetpack_shortlink":"https:\/\/wp.me\/p7jvdk-aQQ","jetpack-related-posts":[{"id":47031,"url":"https:\/\/blogdoprosperi.com\/?p=47031","url_meta":{"origin":41716,"position":0},"title":"Vini Jr, The Best |  Brasil tem o Melhor do Mundo ap\u00f3s 17 Anos","author":"Luiz Ant\u00f4nio Pr\u00f3speri","date":"17 de dezembro de 2024","format":false,"excerpt":"Vini Jr eleito com justi\u00e7a melhor jogador do mundo temporada 2023\/2024. Desde 2007, quando Kak\u00e1 subiu ao p\u00f3dio, Brasil n\u00e3o emplacava um The Best. Que seja uma nova era do nosso futebol. \"Tenho de agradecer a todo mundo que votou em mim, todos os jogadores, treinadores, jornalistas e meus f\u00e3s.\u2026","rel":"","context":"Em &quot;futebol&quot;","block_context":{"text":"futebol","link":"https:\/\/blogdoprosperi.com\/?cat=53870"},"img":{"alt_text":"","src":"https:\/\/i0.wp.com\/blogdoprosperi.com\/wp-content\/uploads\/2024\/12\/captura-de-tela-2024-12-18-as-11.00.18.png?fit=1200%2C923&ssl=1&resize=350%2C200","width":350,"height":200,"srcset":"https:\/\/i0.wp.com\/blogdoprosperi.com\/wp-content\/uploads\/2024\/12\/captura-de-tela-2024-12-18-as-11.00.18.png?fit=1200%2C923&ssl=1&resize=350%2C200 1x, https:\/\/i0.wp.com\/blogdoprosperi.com\/wp-content\/uploads\/2024\/12\/captura-de-tela-2024-12-18-as-11.00.18.png?fit=1200%2C923&ssl=1&resize=525%2C300 1.5x, https:\/\/i0.wp.com\/blogdoprosperi.com\/wp-content\/uploads\/2024\/12\/captura-de-tela-2024-12-18-as-11.00.18.png?fit=1200%2C923&ssl=1&resize=700%2C400 2x, https:\/\/i0.wp.com\/blogdoprosperi.com\/wp-content\/uploads\/2024\/12\/captura-de-tela-2024-12-18-as-11.00.18.png?fit=1200%2C923&ssl=1&resize=1050%2C600 3x"},"classes":[]},{"id":46111,"url":"https:\/\/blogdoprosperi.com\/?p=46111","url_meta":{"origin":41716,"position":1},"title":"Bola de Ouro | Vini Jr Derrotado por Rodri e Racismo","author":"Luiz Ant\u00f4nio Pr\u00f3speri","date":"28 de outubro de 2024","format":false,"excerpt":"Rodri, volante do Manchester City e da sele\u00e7\u00e3o da Espanha, desbanca Vini Jr e leva Bola de Ouro 2023\/2024. Favorito, o atacante brasileiro perde a elei\u00e7\u00e3o muito por sua atitude contra o racismo e cr\u00edticas \u00e0 governan\u00e7a do futebol na Espanha e Europa. O pr\u00eamio \u00e9 concedido pela revista France\u2026","rel":"","context":"Em &quot;futebol&quot;","block_context":{"text":"futebol","link":"https:\/\/blogdoprosperi.com\/?cat=53870"},"img":{"alt_text":"Rodri e Racismo vencem Vini Jr","src":"https:\/\/i0.wp.com\/blogdoprosperi.com\/wp-content\/uploads\/2024\/10\/captura-de-tela-2024-10-28-as-20.13.22.png?fit=1200%2C920&ssl=1&resize=350%2C200","width":350,"height":200,"srcset":"https:\/\/i0.wp.com\/blogdoprosperi.com\/wp-content\/uploads\/2024\/10\/captura-de-tela-2024-10-28-as-20.13.22.png?fit=1200%2C920&ssl=1&resize=350%2C200 1x, https:\/\/i0.wp.com\/blogdoprosperi.com\/wp-content\/uploads\/2024\/10\/captura-de-tela-2024-10-28-as-20.13.22.png?fit=1200%2C920&ssl=1&resize=525%2C300 1.5x, https:\/\/i0.wp.com\/blogdoprosperi.com\/wp-content\/uploads\/2024\/10\/captura-de-tela-2024-10-28-as-20.13.22.png?fit=1200%2C920&ssl=1&resize=700%2C400 2x, https:\/\/i0.wp.com\/blogdoprosperi.com\/wp-content\/uploads\/2024\/10\/captura-de-tela-2024-10-28-as-20.13.22.png?fit=1200%2C920&ssl=1&resize=1050%2C600 3x"},"classes":[]},{"id":61792,"url":"https:\/\/blogdoprosperi.com\/?p=61792","url_meta":{"origin":41716,"position":2},"title":"Vini Jr renova com Real Madrid at\u00e9 2032","author":"Luiz Ant\u00f4nio Pr\u00f3speri","date":"6 de agosto de 2026","format":false,"excerpt":"Luiz Ant\u00f4nio Pr\u00f3speri \u2013 6 agosto 2026 (15h37)\u00a0 Real Madrid anuncia a renova\u00e7\u00e3o de contrato de Vini Jr at\u00e9 2032. O v\u00ednculo atual se encerraria em junho de 2027. A negocia\u00e7\u00e3o se arrastava h\u00e1 um ano. Vini queria sal\u00e1rios de 30 milh\u00f5es de euros por ano, informa imprensa madrilenha. Real\u2026","rel":"","context":"Em &quot;futebol&quot;","block_context":{"text":"futebol","link":"https:\/\/blogdoprosperi.com\/?cat=53870"},"img":{"alt_text":"","src":"https:\/\/i0.wp.com\/blogdoprosperi.com\/wp-content\/uploads\/2026\/08\/Captura-de-Tela-2026-08-06-as-15.19.48.png?fit=1058%2C726&ssl=1&resize=350%2C200","width":350,"height":200,"srcset":"https:\/\/i0.wp.com\/blogdoprosperi.com\/wp-content\/uploads\/2026\/08\/Captura-de-Tela-2026-08-06-as-15.19.48.png?fit=1058%2C726&ssl=1&resize=350%2C200 1x, https:\/\/i0.wp.com\/blogdoprosperi.com\/wp-content\/uploads\/2026\/08\/Captura-de-Tela-2026-08-06-as-15.19.48.png?fit=1058%2C726&ssl=1&resize=525%2C300 1.5x, https:\/\/i0.wp.com\/blogdoprosperi.com\/wp-content\/uploads\/2026\/08\/Captura-de-Tela-2026-08-06-as-15.19.48.png?fit=1058%2C726&ssl=1&resize=700%2C400 2x, https:\/\/i0.wp.com\/blogdoprosperi.com\/wp-content\/uploads\/2026\/08\/Captura-de-Tela-2026-08-06-as-15.19.48.png?fit=1058%2C726&ssl=1&resize=1050%2C600 3x"},"classes":[]},{"id":44966,"url":"https:\/\/blogdoprosperi.com\/?p=44966","url_meta":{"origin":41716,"position":3},"title":"Racismo: Vini Jr Corre Risco de N\u00e3o Levar a Bola de Ouro","author":"Luiz Ant\u00f4nio Pr\u00f3speri","date":"5 de setembro de 2024","format":false,"excerpt":"Luiz Ant\u00f4nio Pr\u00f3speri \u2013 publicado em 5 setembro (13h00) Vini Jr est\u00e1 entre os 30 candidatos a levar a Bola de Ouro de melhor jogador do mundo na temporada 2023\/2024. A lista dos indicados pela revista France Football, organizadora da elei\u00e7\u00e3o, saiu nessa quarta-feira (04\/9). Vini Jr \u00e9 o favorito.\u2026","rel":"","context":"Em &quot;futebol&quot;","block_context":{"text":"futebol","link":"https:\/\/blogdoprosperi.com\/?cat=53870"},"img":{"alt_text":"","src":"https:\/\/i0.wp.com\/blogdoprosperi.com\/wp-content\/uploads\/2024\/09\/captura-de-tela-2024-09-04-153349.webp?fit=984%2C1157&ssl=1&resize=350%2C200","width":350,"height":200,"srcset":"https:\/\/i0.wp.com\/blogdoprosperi.com\/wp-content\/uploads\/2024\/09\/captura-de-tela-2024-09-04-153349.webp?fit=984%2C1157&ssl=1&resize=350%2C200 1x, https:\/\/i0.wp.com\/blogdoprosperi.com\/wp-content\/uploads\/2024\/09\/captura-de-tela-2024-09-04-153349.webp?fit=984%2C1157&ssl=1&resize=525%2C300 1.5x, https:\/\/i0.wp.com\/blogdoprosperi.com\/wp-content\/uploads\/2024\/09\/captura-de-tela-2024-09-04-153349.webp?fit=984%2C1157&ssl=1&resize=700%2C400 2x"},"classes":[]},{"id":46066,"url":"https:\/\/blogdoprosperi.com\/?p=46066","url_meta":{"origin":41716,"position":4},"title":"Bola de Ouro | Sem Vini Jr, Come\u00e7a Nova Era no Cen\u00e1rio p\u00f3s-Messi e Cristiano Ronaldo","author":"Luiz Ant\u00f4nio Pr\u00f3speri","date":"28 de outubro de 2024","format":false,"excerpt":"A vez de Vini Jr? Enfim, ter\u00edamos um jogador brasileiro favorito a melhor do mundo no trof\u00e9u Bola de Ouro 2023\/2024, criado pela revista France Football em 1956. Acontece que Vini Jr desistiu de ir \u00e0 cerim\u00f4nia de entrega do trof\u00e9u em Paris, nessa segunda-feira (28\/10). Sem Vini Jr, o\u2026","rel":"","context":"Em &quot;futebol&quot;","block_context":{"text":"futebol","link":"https:\/\/blogdoprosperi.com\/?cat=53870"},"img":{"alt_text":"Quem leva Bola de Ouro?","src":"https:\/\/i0.wp.com\/blogdoprosperi.com\/wp-content\/uploads\/2024\/10\/captura-de-tela-2024-10-28-as-10.27.05.png?fit=1200%2C714&ssl=1&resize=350%2C200","width":350,"height":200,"srcset":"https:\/\/i0.wp.com\/blogdoprosperi.com\/wp-content\/uploads\/2024\/10\/captura-de-tela-2024-10-28-as-10.27.05.png?fit=1200%2C714&ssl=1&resize=350%2C200 1x, https:\/\/i0.wp.com\/blogdoprosperi.com\/wp-content\/uploads\/2024\/10\/captura-de-tela-2024-10-28-as-10.27.05.png?fit=1200%2C714&ssl=1&resize=525%2C300 1.5x, https:\/\/i0.wp.com\/blogdoprosperi.com\/wp-content\/uploads\/2024\/10\/captura-de-tela-2024-10-28-as-10.27.05.png?fit=1200%2C714&ssl=1&resize=700%2C400 2x, https:\/\/i0.wp.com\/blogdoprosperi.com\/wp-content\/uploads\/2024\/10\/captura-de-tela-2024-10-28-as-10.27.05.png?fit=1200%2C714&ssl=1&resize=1050%2C600 3x"},"classes":[]},{"id":55109,"url":"https:\/\/blogdoprosperi.com\/?p=55109","url_meta":{"origin":41716,"position":5},"title":"Bola de Ouro 2025 | Demb\u00e9l\u00e9 Eleito Melhor do Mundo e o Mundo N\u00e3o Tem Mais Craques Indiscut\u00edveis","author":"Luiz Ant\u00f4nio Pr\u00f3speri","date":"22 de setembro de 2025","format":false,"excerpt":"Luiz Ant\u00f4nio Pr\u00f3speri \u2013 21 setembro 2025 (21h45) \u2013 Masour Ousmane Demb\u00e9l\u00e9, 28 anos, nascido em Vernon, regi\u00e3o da Normandia da Fran\u00e7a, \u00e9 eleito melhor jogador do mundo no pr\u00eamio Bola de Ouro 2025, anunciado em Paris nesta segunda-feira (21\/9). O sobrenome Demb\u00e9l\u00e9 \u00e9 \"de origem africana ocidental, com forte\u2026","rel":"","context":"Em &quot;futebol&quot;","block_context":{"text":"futebol","link":"https:\/\/blogdoprosperi.com\/?cat=53870"},"img":{"alt_text":"Dembel\u00e9, Bola de Ouro Frwance Football","src":"https:\/\/i0.wp.com\/blogdoprosperi.com\/wp-content\/uploads\/2025\/09\/captura-de-tela-2025-09-22-as-21.54.21.png?fit=1200%2C816&ssl=1&resize=350%2C200","width":350,"height":200,"srcset":"https:\/\/i0.wp.com\/blogdoprosperi.com\/wp-content\/uploads\/2025\/09\/captura-de-tela-2025-09-22-as-21.54.21.png?fit=1200%2C816&ssl=1&resize=350%2C200 1x, https:\/\/i0.wp.com\/blogdoprosperi.com\/wp-content\/uploads\/2025\/09\/captura-de-tela-2025-09-22-as-21.54.21.png?fit=1200%2C816&ssl=1&resize=525%2C300 1.5x, https:\/\/i0.wp.com\/blogdoprosperi.com\/wp-content\/uploads\/2025\/09\/captura-de-tela-2025-09-22-as-21.54.21.png?fit=1200%2C816&ssl=1&resize=700%2C400 2x, https:\/\/i0.wp.com\/blogdoprosperi.com\/wp-content\/uploads\/2025\/09\/captura-de-tela-2025-09-22-as-21.54.21.png?fit=1200%2C816&ssl=1&resize=1050%2C600 3x"},"classes":[]}],"jetpack_featured_media_url":"https:\/\/i0.wp.com\/blogdoprosperi.com\/wp-content\/uploads\/2023\/05\/vini-jr-e-eleito-o-melhor-jogador-do-mundo-pela-globe-soccer-awards-1130x580-1.webp?fit=1130%2C580&ssl=1","_links":{"self":[{"href":"https:\/\/blogdoprosperi.com\/index.php?rest_route=\/wp\/v2\/posts\/41716","targetHints":{"allow":["GET"]}}],"collection":[{"href":"https:\/\/blogdoprosperi.com\/index.php?rest_route=\/wp\/v2\/posts"}],"about":[{"href":"https:\/\/blogdoprosperi.com\/index.php?rest_route=\/wp\/v2\/types\/post"}],"author":[{"embeddable":true,"href":"https:\/\/blogdoprosperi.com\/index.php?rest_route=\/wp\/v2\/users\/102107496"}],"replies":[{"embeddable":true,"href":"https:\/\/blogdoprosperi.com\/index.php?rest_route=%2Fwp%2Fv2%2Fcomments&post=41716"}],"version-history":[{"count":19,"href":"https:\/\/blogdoprosperi.com\/index.php?rest_route=\/wp\/v2\/posts\/41716\/revisions"}],"predecessor-version":[{"id":47208,"href":"https:\/\/blogdoprosperi.com\/index.php?rest_route=\/wp\/v2\/posts\/41716\/revisions\/47208"}],"wp:featuredmedia":[{"embeddable":true,"href":"https:\/\/blogdoprosperi.com\/index.php?rest_route=\/wp\/v2\/media\/47202"}],"wp:attachment":[{"href":"https:\/\/blogdoprosperi.com\/index.php?rest_route=%2Fwp%2Fv2%2Fmedia&parent=41716"}],"wp:term":[{"taxonomy":"category","embeddable":true,"href":"https:\/\/blogdoprosperi.com\/index.php?rest_route=%2Fwp%2Fv2%2Fcategories&post=41716"},{"taxonomy":"post_tag","embeddable":true,"href":"https:\/\/blogdoprosperi.com\/index.php?rest_route=%2Fwp%2Fv2%2Ftags&post=41716"}],"curies":[{"name":"wp","href":"https:\/\/api.w.org\/{rel}","templated":true}]}}