{"id":41758,"date":"2023-06-20T16:27:08","date_gmt":"2023-06-20T19:27:08","guid":{"rendered":"https:\/\/blogdoprosperi.com\/?p=41758"},"modified":"2023-06-20T18:52:08","modified_gmt":"2023-06-20T21:52:08","slug":"guru-de-tite-chega-em-2024-e-renovacao-da-selecao-corre-risco","status":"publish","type":"post","link":"https:\/\/blogdoprosperi.com\/?p=41758","title":{"rendered":"Guru de Tite chega em 2024 e renova\u00e7\u00e3o da Sele\u00e7\u00e3o corre risco"},"content":{"rendered":"\r\n<p>Carlo Ancelotti assume a Sele\u00e7\u00e3o Brasileira em junho de 2024. \u00c9 fato consumado dentro da CBF, por obra e convic\u00e7\u00e3o do Presidente Ednaldo Rodrigues. Temos time para esperar um ano? Senegal enfiou 4 a 2 no amistoso nessa ter\u00e7a-feira em Lisboa. Antes, Marrocos havia derrotado o Brasil tamb\u00e9m p\u00f3s-Copa do Mundo.<\/p>\r\n<p>&#8220;Est\u00e1 tudo alinhavado (<em>com Ancelotti)<\/em>&#8220;, diz uma fonte da CBF.<\/p>\r\n<p>A chegada de Ancelotti apenas em 2024 lan\u00e7a uma quest\u00e3o fundamental: como \u00e9 que fica o processo de remontagem da Sele\u00e7\u00e3o Brasileira?<\/p>\r\n<p>N\u00e3o se trata aqui se o treinador italiano vai cumprir ou n\u00e3o o ciclo inteiro de quatro anos da Copa do Mundo 2026 \u00e0 frente da Sele\u00e7\u00e3o. <strong><a href=\"https:\/\/blogdoprosperi.com\/2022\/09\/13\/tite-deixa-selecao-brasileira-e-imprensa-esportiva-perde-poder-na-sucessao-do-imperio\/\">N\u00e3o \u00e9 uma quest\u00e3o de tempo.<\/a><\/strong> \u00c9 de montagem real do time, de escolha de jogadores.<\/p>\r\n<p>A maior inc\u00f3gnita nesse cen\u00e1rio diante de <span style=\"color: #0000ff\"><strong><a style=\"color: #0000ff\" href=\"https:\/\/blogdoprosperi.com\/2023\/06\/14\/cbf-espera-ancelotti-ate-2024-e-acalma-torcida-do-palmeiras\/\">Ancelotti<\/a><\/strong><\/span> \u00e9 a forma\u00e7\u00e3o de um novo meio-campo, cora\u00e7\u00e3o e c\u00e9rebro de um time de futebol, e por tabela refazer a Sele\u00e7\u00e3o.<\/p>\r\n<p>Casemiro, por exemplo, tem sido um dos pilares desse setor, um intoc\u00e1vel nas Copas de 2018 e 2022.<\/p>\r\n<p>Suspenso por um segundo cart\u00e3o amarelo, assistiu das tribunas a queda do Brasil diante da B\u00e9lgica em 2018 na R\u00fassia. Quatro anos depois, teve participa\u00e7\u00e3o decisiva no lance que levou ao gol de empate da Cro\u00e1cia e, por consequ\u00eancia, o fracasso da Sele\u00e7\u00e3o na Copa do Qatar.<\/p>\r\n<p>Na pr\u00f3xima Copa do Mundo, em 2026, Casemiro ter\u00e1 34 anos.<\/p>\r\n<p>Ancelotti liberou <span style=\"color: #0000ff\"><strong><a style=\"color: #0000ff\" href=\"https:\/\/blogdoprosperi.com\/2023\/03\/25\/chega-de-paqueta-e-casemiro-rony-vem-ai\/\">Casemiro<\/a><\/strong><\/span> do Real Madrid na temporada passada ao t\u00e9rmino de seu contrato, dando lugar aos jovens franceses Camavinga e Tchouam\u00e9ni. Casemiro se transferiu ao Manchester United.<\/p>\r\n<p>Neymar, talvez o maior alicerce do meio-campo da Sele\u00e7\u00e3o, tamb\u00e9m ter\u00e1 34 anos na Copa de 2026.<\/p>\r\n<p>Atormentado por les\u00f5es e equ\u00edvocos t\u00e1ticos nas \u00faltimas tr\u00eas Copas do Mundo (2014, 2018 e 2022), Neymar precisa de um t\u00e9cnico do tamanho de Ancelotti para se enquadrar na Sele\u00e7\u00e3o.<\/p>\r\n<figure id=\"attachment_41766\" aria-describedby=\"caption-attachment-41766\" style=\"width: 940px\" class=\"wp-caption alignnone\"><img data-recalc-dims=\"1\" loading=\"lazy\" decoding=\"async\" data-attachment-id=\"41766\" data-permalink=\"https:\/\/blogdoprosperi.com\/?attachment_id=41766\" data-orig-file=\"https:\/\/i0.wp.com\/blogdoprosperi.com\/wp-content\/uploads\/2023\/06\/ancelotti.webp?fit=940%2C528&amp;ssl=1\" data-orig-size=\"940,528\" data-comments-opened=\"1\" data-image-meta=\"{&quot;aperture&quot;:&quot;0&quot;,&quot;credit&quot;:&quot;&quot;,&quot;camera&quot;:&quot;&quot;,&quot;caption&quot;:&quot;&quot;,&quot;created_timestamp&quot;:&quot;0&quot;,&quot;copyright&quot;:&quot;&quot;,&quot;focal_length&quot;:&quot;0&quot;,&quot;iso&quot;:&quot;0&quot;,&quot;shutter_speed&quot;:&quot;0&quot;,&quot;title&quot;:&quot;&quot;,&quot;orientation&quot;:&quot;0&quot;}\" data-image-title=\"Ancelotti aumenta cole\u00e7\u00e3o de ta\u00e7as do Real Madrid\" data-image-description=\"\" data-image-caption=\"&lt;p&gt;Ancelotti, guru de Tite \u2013 foto: Real Madrid oficial&lt;\/p&gt;\n\" data-large-file=\"https:\/\/i0.wp.com\/blogdoprosperi.com\/wp-content\/uploads\/2023\/06\/ancelotti.webp?fit=940%2C528&amp;ssl=1\" class=\"size-full wp-image-41766\" src=\"https:\/\/i0.wp.com\/blogdoprosperi.com\/wp-content\/uploads\/2023\/06\/ancelotti.webp?resize=940%2C528&#038;ssl=1\" alt=\"\" width=\"940\" height=\"528\" \/><figcaption id=\"caption-attachment-41766\" class=\"wp-caption-text\">Ancelotti, guru de Tite \u2013 foto: Real Madrid oficial<\/figcaption><\/figure>\r\n<p>Assumindo a Sele\u00e7\u00e3o em junho de 2024, Ancelotti teria dois anos para repaginar o setor vital da Sele\u00e7\u00e3o. Escolher os jogadores que se encaixariam na sua filosofia de jogo e ainda se certificar de que essas escolhas podem funcionar.<\/p>\r\n<p>H\u00e1 quem aposte que dois anos s\u00e3o suficientes para moldar uma Sele\u00e7\u00e3o, lembrando que, diferente de clubes, sele\u00e7\u00f5es sul-americanas t\u00eam calend\u00e1rio de poucos jogos at\u00e9 a Copa do Mundo \u2013 Eliminat\u00f3rias, amistosos e Copa Am\u00e9rica.<\/p>\r\n<p>N\u00e3o \u00e9 tarefa das mais f\u00e1ceis. Contra Ancelotti pesa ainda o fato de ficar preso ao Real Madrid por um ano e, portanto, sem tempo para <span style=\"color: #0000ff\"><strong><a style=\"color: #0000ff\" href=\"https:\/\/blogdoprosperi.com\/2018\/07\/26\/cbf-erra-ao-renovar-com-tite-por-que-nao-guardiola\/\">pensar na Sele\u00e7\u00e3o Brasileira<\/a><\/strong><\/span>.<\/p>\r\n<p>Diriam os otimistas que Zagallo n\u00e3o teve tempo em 1970 \u2013 assumiu a tr\u00eas meses da Copa do M\u00e9xico. Naquela \u00e9poca, Zagallo contava com Pel\u00e9, Rivellino, Tost\u00e3o, Gerson, Jairzinho&#8230; Levou o Tri.<\/p>\r\n<p>Parreira assumiu a tr\u00eas anos da Copa de 94. Tinha Rom\u00e1rio, Bebeto, Ra\u00ed. Conquistou o Tetra.<\/p>\r\n<p>Felip\u00e3o em 2002 pega a Sele\u00e7\u00e3o a um ano da Copa da Coreia e Jap\u00e3o. Ronaldo Fen\u00f4meno, Rivaldo, Ronaldinho Ga\u00facho, Cafu, Roberto Carlos estavam l\u00e1. Trouxe o Penta.<\/p>\r\n<p><span style=\"color: #0000ff\"><strong><a style=\"color: #0000ff\" href=\"https:\/\/blogdoprosperi.com\/2022\/12\/02\/opiniao-tite-e-devorado-pela-copa-do-mundo\/\">Tite pagou caro nas duas Copas<\/a><\/strong><\/span> (2018 e 2022) ao apostar em cavalos mancos no meio-campo. R\u00fassia 2018: jogou suas fichas Renato Augusto (sempre machucado) e Paulinho, que jogavam no fraco futebol chin\u00eas, e mais Casemiro. No Qatar 2022: Fred e Paquet\u00e1 e mais Casemiro. Neymar, baleado por les\u00f5es, capitaneava essa turma.<\/p>\r\n<p>Maior inspira\u00e7\u00e3o de Tite, guru mesmo, \u00e9 Carlo Ancelotti.<\/p>\r\n","protected":false},"excerpt":{"rendered":"<p>Chegada de Carlo Ancelotti em 2024 lan\u00e7a uma quest\u00e3o fundamental: como \u00e9 que fica o processo de remontagem da Sele\u00e7\u00e3o Brasileira?<\/p>\n","protected":false},"author":102107496,"featured_media":41771,"comment_status":"open","ping_status":"open","sticky":false,"template":"","format":"standard","meta":{"_coblocks_attr":"","_coblocks_dimensions":"","_coblocks_responsive_height":"","_coblocks_accordion_ie_support":"","_jetpack_newsletter_access":"","_jetpack_dont_email_post_to_subs":false,"_jetpack_newsletter_tier_id":0,"_jetpack_memberships_contains_paywalled_content":false,"_wpcom_ai_launchpad_first_post":false,"_jetpack_feature_clip_id":0,"_jetpack_memberships_contains_paid_content":false,"footnotes":"","jetpack_publicize_message":"","jetpack_publicize_feature_enabled":true,"jetpack_social_post_already_shared":false,"jetpack_social_options":{"image_generator_settings":{"template":"highway","default_image_id":0,"font":"","enabled":false},"version":2},"jetpack_post_was_ever_published":false},"categories":[47094043,570700,758801836,195541,174694],"tags":[1016127,789560569,789560564,789560562,1814220],"class_list":["post-41758","post","type-post","status-publish","format-standard","has-post-thumbnail","hentry","category-catar-2022","category-cbf","category-futebol-2023","category-pele","category-selecao-brasileira","tag-ancelotti","tag-cbf","tag-pele","tag-selecao-brasileira","tag-tite"],"yoast_head":"<!-- This site is optimized with the Yoast SEO plugin v28.3 - https:\/\/yoast.com\/product\/yoast-seo-wordpress\/ -->\n<title>Guru de Tite chega em 2024 e renova\u00e7\u00e3o da Sele\u00e7\u00e3o corre risco - PR\u00d3SPERI NEWS<\/title>\n<meta name=\"robots\" content=\"index, follow, max-snippet:-1, max-image-preview:large, max-video-preview:-1\" \/>\n<link rel=\"canonical\" href=\"https:\/\/blogdoprosperi.com\/?p=41758\" \/>\n<meta property=\"og:locale\" content=\"pt_BR\" \/>\n<meta property=\"og:type\" content=\"article\" \/>\n<meta property=\"og:title\" content=\"Guru de Tite chega em 2024 e renova\u00e7\u00e3o da Sele\u00e7\u00e3o corre risco - PR\u00d3SPERI NEWS\" \/>\n<meta property=\"og:description\" content=\"Chegada de Carlo Ancelotti em 2024 lan\u00e7a uma quest\u00e3o fundamental: como \u00e9 que fica o processo de remontagem da Sele\u00e7\u00e3o Brasileira?\" \/>\n<meta property=\"og:url\" content=\"https:\/\/blogdoprosperi.com\/?p=41758\" \/>\n<meta property=\"og:site_name\" content=\"PR\u00d3SPERI NEWS\" \/>\n<meta property=\"article:publisher\" content=\"Luiz Pr\u00f3speri\" \/>\n<meta property=\"article:author\" content=\"Luiz Pr\u00f3speri\" \/>\n<meta property=\"article:published_time\" content=\"2023-06-20T19:27:08+00:00\" \/>\n<meta property=\"article:modified_time\" content=\"2023-06-20T21:52:08+00:00\" \/>\n<meta property=\"og:image\" content=\"https:\/\/i0.wp.com\/blogdoprosperi.com\/wp-content\/uploads\/2023\/06\/52989781650_5ca2b0913b_c.jpg?fit=800%2C477&ssl=1\" \/>\n\t<meta property=\"og:image:width\" content=\"800\" \/>\n\t<meta property=\"og:image:height\" content=\"477\" \/>\n\t<meta property=\"og:image:type\" content=\"image\/jpeg\" \/>\n<meta name=\"author\" content=\"Luiz Ant\u00f4nio Pr\u00f3speri\" \/>\n<meta name=\"twitter:card\" content=\"summary_large_image\" \/>\n<meta name=\"twitter:creator\" content=\"@Luizprosperi\" \/>\n<meta name=\"twitter:site\" content=\"@Luizprosperi\" \/>\n<meta name=\"twitter:label1\" content=\"Escrito por\" \/>\n\t<meta name=\"twitter:data1\" content=\"Luiz Ant\u00f4nio Pr\u00f3speri\" \/>\n\t<meta name=\"twitter:label2\" content=\"Est. tempo de leitura\" \/>\n\t<meta name=\"twitter:data2\" content=\"3 minutos\" \/>\n<script type=\"application\/ld+json\" class=\"yoast-schema-graph\">{\"@context\":\"https:\\\/\\\/schema.org\",\"@graph\":[{\"@type\":\"Article\",\"@id\":\"https:\\\/\\\/blogdoprosperi.com\\\/?p=41758#article\",\"isPartOf\":{\"@id\":\"https:\\\/\\\/blogdoprosperi.com\\\/?p=41758\"},\"author\":{\"name\":\"Luiz Ant\u00f4nio Pr\u00f3speri\",\"@id\":\"https:\\\/\\\/blogdoprosperi.com\\\/#\\\/schema\\\/person\\\/38100755ce3601861ee4fab9b5aa78e9\"},\"headline\":\"Guru de Tite chega em 2024 e renova\u00e7\u00e3o da Sele\u00e7\u00e3o corre risco\",\"datePublished\":\"2023-06-20T19:27:08+00:00\",\"dateModified\":\"2023-06-20T21:52:08+00:00\",\"mainEntityOfPage\":{\"@id\":\"https:\\\/\\\/blogdoprosperi.com\\\/?p=41758\"},\"wordCount\":607,\"commentCount\":2,\"publisher\":{\"@id\":\"https:\\\/\\\/blogdoprosperi.com\\\/#\\\/schema\\\/person\\\/38100755ce3601861ee4fab9b5aa78e9\"},\"image\":{\"@id\":\"https:\\\/\\\/blogdoprosperi.com\\\/?p=41758#primaryimage\"},\"thumbnailUrl\":\"https:\\\/\\\/i0.wp.com\\\/blogdoprosperi.com\\\/wp-content\\\/uploads\\\/2023\\\/06\\\/52989781650_5ca2b0913b_c.jpg?fit=800%2C477&ssl=1\",\"keywords\":[\"Ancelotti\",\"CBF\",\"Pel\u00e9\",\"Sele\u00e7\u00e3o Brasileira\",\"Tite\"],\"articleSection\":[\"catar 2022\",\"CBF\",\"futebol 2023\",\"Pel\u00e9\",\"Sele\u00e7\u00e3o Brasileira\"],\"inLanguage\":\"pt-BR\",\"potentialAction\":[{\"@type\":\"CommentAction\",\"name\":\"Comment\",\"target\":[\"https:\\\/\\\/blogdoprosperi.com\\\/?p=41758#respond\"]}]},{\"@type\":\"WebPage\",\"@id\":\"https:\\\/\\\/blogdoprosperi.com\\\/?p=41758\",\"url\":\"https:\\\/\\\/blogdoprosperi.com\\\/?p=41758\",\"name\":\"Guru de Tite chega em 2024 e renova\u00e7\u00e3o da Sele\u00e7\u00e3o corre risco - PR\u00d3SPERI NEWS\",\"isPartOf\":{\"@id\":\"https:\\\/\\\/blogdoprosperi.com\\\/#website\"},\"primaryImageOfPage\":{\"@id\":\"https:\\\/\\\/blogdoprosperi.com\\\/?p=41758#primaryimage\"},\"image\":{\"@id\":\"https:\\\/\\\/blogdoprosperi.com\\\/?p=41758#primaryimage\"},\"thumbnailUrl\":\"https:\\\/\\\/i0.wp.com\\\/blogdoprosperi.com\\\/wp-content\\\/uploads\\\/2023\\\/06\\\/52989781650_5ca2b0913b_c.jpg?fit=800%2C477&ssl=1\",\"datePublished\":\"2023-06-20T19:27:08+00:00\",\"dateModified\":\"2023-06-20T21:52:08+00:00\",\"breadcrumb\":{\"@id\":\"https:\\\/\\\/blogdoprosperi.com\\\/?p=41758#breadcrumb\"},\"inLanguage\":\"pt-BR\",\"potentialAction\":[{\"@type\":\"ReadAction\",\"target\":[\"https:\\\/\\\/blogdoprosperi.com\\\/?p=41758\"]}]},{\"@type\":\"ImageObject\",\"inLanguage\":\"pt-BR\",\"@id\":\"https:\\\/\\\/blogdoprosperi.com\\\/?p=41758#primaryimage\",\"url\":\"https:\\\/\\\/i0.wp.com\\\/blogdoprosperi.com\\\/wp-content\\\/uploads\\\/2023\\\/06\\\/52989781650_5ca2b0913b_c.jpg?fit=800%2C477&ssl=1\",\"contentUrl\":\"https:\\\/\\\/i0.wp.com\\\/blogdoprosperi.com\\\/wp-content\\\/uploads\\\/2023\\\/06\\\/52989781650_5ca2b0913b_c.jpg?fit=800%2C477&ssl=1\",\"width\":800,\"height\":477},{\"@type\":\"BreadcrumbList\",\"@id\":\"https:\\\/\\\/blogdoprosperi.com\\\/?p=41758#breadcrumb\",\"itemListElement\":[{\"@type\":\"ListItem\",\"position\":1,\"name\":\"In\u00edcio\",\"item\":\"https:\\\/\\\/blogdoprosperi.com\\\/\"},{\"@type\":\"ListItem\",\"position\":2,\"name\":\"Guru de Tite chega em 2024 e renova\u00e7\u00e3o da Sele\u00e7\u00e3o corre risco\"}]},{\"@type\":\"WebSite\",\"@id\":\"https:\\\/\\\/blogdoprosperi.com\\\/#website\",\"url\":\"https:\\\/\\\/blogdoprosperi.com\\\/\",\"name\":\"PR\u00d3SPERI NEWS\",\"description\":\"TUDO \u00c9  FUTEBOL\",\"publisher\":{\"@id\":\"https:\\\/\\\/blogdoprosperi.com\\\/#\\\/schema\\\/person\\\/38100755ce3601861ee4fab9b5aa78e9\"},\"alternateName\":\"blogdoprosperi.com\",\"potentialAction\":[{\"@type\":\"SearchAction\",\"target\":{\"@type\":\"EntryPoint\",\"urlTemplate\":\"https:\\\/\\\/blogdoprosperi.com\\\/?s={search_term_string}\"},\"query-input\":{\"@type\":\"PropertyValueSpecification\",\"valueRequired\":true,\"valueName\":\"search_term_string\"}}],\"inLanguage\":\"pt-BR\"},{\"@type\":[\"Person\",\"Organization\"],\"@id\":\"https:\\\/\\\/blogdoprosperi.com\\\/#\\\/schema\\\/person\\\/38100755ce3601861ee4fab9b5aa78e9\",\"name\":\"Luiz Ant\u00f4nio Pr\u00f3speri\",\"pronouns\":\"ele\",\"image\":{\"@type\":\"ImageObject\",\"inLanguage\":\"pt-BR\",\"@id\":\"https:\\\/\\\/i0.wp.com\\\/blogdoprosperi.com\\\/wp-content\\\/uploads\\\/2026\\\/05\\\/cropped-8059e613-6002-42fa-961e-8e275f575d71-2-5.jpg?fit=1360%2C931&ssl=1\",\"url\":\"https:\\\/\\\/i0.wp.com\\\/blogdoprosperi.com\\\/wp-content\\\/uploads\\\/2026\\\/05\\\/cropped-8059e613-6002-42fa-961e-8e275f575d71-2-5.jpg?fit=1360%2C931&ssl=1\",\"contentUrl\":\"https:\\\/\\\/i0.wp.com\\\/blogdoprosperi.com\\\/wp-content\\\/uploads\\\/2026\\\/05\\\/cropped-8059e613-6002-42fa-961e-8e275f575d71-2-5.jpg?fit=1360%2C931&ssl=1\",\"width\":1360,\"height\":931,\"caption\":\"Luiz Ant\u00f4nio Pr\u00f3speri\"},\"logo\":{\"@id\":\"https:\\\/\\\/i0.wp.com\\\/blogdoprosperi.com\\\/wp-content\\\/uploads\\\/2026\\\/05\\\/cropped-8059e613-6002-42fa-961e-8e275f575d71-2-5.jpg?fit=1360%2C931&ssl=1\"},\"description\":\"Jornalista com carreira dedicada ao esporte. Cobriu 9 Copas do Mundo in loco, 1990 na It\u00e1lia, 1994 nos EUA, 1998 na Fran\u00e7a, 2002 na Coreia do Sul e Jap\u00e3o, 2006 na Alemanha, 2010 na \u00c1frica do Sul, 2014 no Brasil, 2018 na R\u00fassia e 2022 no Qatar. Eurocopas, 1992 na Su\u00e9cia e 1996 na Inglaterra. Copa das Confedera\u00e7\u00f5es de 2005 na Alemanha e 2009 na \u00c1frica do Sul. Rep\u00f3rter e Editor, trabalhou no Jornal da Tarde e Estad\u00e3o, de 1984 a fevereiro de 2016. Colunista, blogueiro. E comentarista de futebol na R\u00e1dio Estad\u00e3o, de 2013 a fevereiro de 2016. Jornalista respons\u00e1vel do \\\"Pr\u00f3speri News\\\" (blogdoprosperi.com).\",\"sameAs\":[\"http:\\\/\\\/blogdoprosperi.com\",\"Luiz Pr\u00f3speri\",\"@luiz_prosperi\",\"https:\\\/\\\/x.com\\\/Luizprosperi\",\"@prosperinacopa\",\"luiz.prosperi@icloud.com\"],\"url\":\"https:\\\/\\\/blogdoprosperi.com\\\/?author=102107496\"}]}<\/script>\n<!-- \/ Yoast SEO plugin. -->","yoast_head_json":{"title":"Guru de Tite chega em 2024 e renova\u00e7\u00e3o da Sele\u00e7\u00e3o corre risco - PR\u00d3SPERI NEWS","robots":{"index":"index","follow":"follow","max-snippet":"max-snippet:-1","max-image-preview":"max-image-preview:large","max-video-preview":"max-video-preview:-1"},"canonical":"https:\/\/blogdoprosperi.com\/?p=41758","og_locale":"pt_BR","og_type":"article","og_title":"Guru de Tite chega em 2024 e renova\u00e7\u00e3o da Sele\u00e7\u00e3o corre risco - PR\u00d3SPERI NEWS","og_description":"Chegada de Carlo Ancelotti em 2024 lan\u00e7a uma quest\u00e3o fundamental: como \u00e9 que fica o processo de remontagem da Sele\u00e7\u00e3o Brasileira?","og_url":"https:\/\/blogdoprosperi.com\/?p=41758","og_site_name":"PR\u00d3SPERI NEWS","article_publisher":"Luiz Pr\u00f3speri","article_author":"Luiz Pr\u00f3speri","article_published_time":"2023-06-20T19:27:08+00:00","article_modified_time":"2023-06-20T21:52:08+00:00","og_image":[{"width":800,"height":477,"url":"https:\/\/i0.wp.com\/blogdoprosperi.com\/wp-content\/uploads\/2023\/06\/52989781650_5ca2b0913b_c.jpg?fit=800%2C477&ssl=1","type":"image\/jpeg"}],"author":"Luiz Ant\u00f4nio Pr\u00f3speri","twitter_card":"summary_large_image","twitter_creator":"@Luizprosperi","twitter_site":"@Luizprosperi","twitter_misc":{"Escrito por":"Luiz Ant\u00f4nio Pr\u00f3speri","Est. tempo de leitura":"3 minutos"},"schema":{"@context":"https:\/\/schema.org","@graph":[{"@type":"Article","@id":"https:\/\/blogdoprosperi.com\/?p=41758#article","isPartOf":{"@id":"https:\/\/blogdoprosperi.com\/?p=41758"},"author":{"name":"Luiz Ant\u00f4nio Pr\u00f3speri","@id":"https:\/\/blogdoprosperi.com\/#\/schema\/person\/38100755ce3601861ee4fab9b5aa78e9"},"headline":"Guru de Tite chega em 2024 e renova\u00e7\u00e3o da Sele\u00e7\u00e3o corre risco","datePublished":"2023-06-20T19:27:08+00:00","dateModified":"2023-06-20T21:52:08+00:00","mainEntityOfPage":{"@id":"https:\/\/blogdoprosperi.com\/?p=41758"},"wordCount":607,"commentCount":2,"publisher":{"@id":"https:\/\/blogdoprosperi.com\/#\/schema\/person\/38100755ce3601861ee4fab9b5aa78e9"},"image":{"@id":"https:\/\/blogdoprosperi.com\/?p=41758#primaryimage"},"thumbnailUrl":"https:\/\/i0.wp.com\/blogdoprosperi.com\/wp-content\/uploads\/2023\/06\/52989781650_5ca2b0913b_c.jpg?fit=800%2C477&ssl=1","keywords":["Ancelotti","CBF","Pel\u00e9","Sele\u00e7\u00e3o Brasileira","Tite"],"articleSection":["catar 2022","CBF","futebol 2023","Pel\u00e9","Sele\u00e7\u00e3o Brasileira"],"inLanguage":"pt-BR","potentialAction":[{"@type":"CommentAction","name":"Comment","target":["https:\/\/blogdoprosperi.com\/?p=41758#respond"]}]},{"@type":"WebPage","@id":"https:\/\/blogdoprosperi.com\/?p=41758","url":"https:\/\/blogdoprosperi.com\/?p=41758","name":"Guru de Tite chega em 2024 e renova\u00e7\u00e3o da Sele\u00e7\u00e3o corre risco - PR\u00d3SPERI NEWS","isPartOf":{"@id":"https:\/\/blogdoprosperi.com\/#website"},"primaryImageOfPage":{"@id":"https:\/\/blogdoprosperi.com\/?p=41758#primaryimage"},"image":{"@id":"https:\/\/blogdoprosperi.com\/?p=41758#primaryimage"},"thumbnailUrl":"https:\/\/i0.wp.com\/blogdoprosperi.com\/wp-content\/uploads\/2023\/06\/52989781650_5ca2b0913b_c.jpg?fit=800%2C477&ssl=1","datePublished":"2023-06-20T19:27:08+00:00","dateModified":"2023-06-20T21:52:08+00:00","breadcrumb":{"@id":"https:\/\/blogdoprosperi.com\/?p=41758#breadcrumb"},"inLanguage":"pt-BR","potentialAction":[{"@type":"ReadAction","target":["https:\/\/blogdoprosperi.com\/?p=41758"]}]},{"@type":"ImageObject","inLanguage":"pt-BR","@id":"https:\/\/blogdoprosperi.com\/?p=41758#primaryimage","url":"https:\/\/i0.wp.com\/blogdoprosperi.com\/wp-content\/uploads\/2023\/06\/52989781650_5ca2b0913b_c.jpg?fit=800%2C477&ssl=1","contentUrl":"https:\/\/i0.wp.com\/blogdoprosperi.com\/wp-content\/uploads\/2023\/06\/52989781650_5ca2b0913b_c.jpg?fit=800%2C477&ssl=1","width":800,"height":477},{"@type":"BreadcrumbList","@id":"https:\/\/blogdoprosperi.com\/?p=41758#breadcrumb","itemListElement":[{"@type":"ListItem","position":1,"name":"In\u00edcio","item":"https:\/\/blogdoprosperi.com\/"},{"@type":"ListItem","position":2,"name":"Guru de Tite chega em 2024 e renova\u00e7\u00e3o da Sele\u00e7\u00e3o corre risco"}]},{"@type":"WebSite","@id":"https:\/\/blogdoprosperi.com\/#website","url":"https:\/\/blogdoprosperi.com\/","name":"PR\u00d3SPERI NEWS","description":"TUDO \u00c9  FUTEBOL","publisher":{"@id":"https:\/\/blogdoprosperi.com\/#\/schema\/person\/38100755ce3601861ee4fab9b5aa78e9"},"alternateName":"blogdoprosperi.com","potentialAction":[{"@type":"SearchAction","target":{"@type":"EntryPoint","urlTemplate":"https:\/\/blogdoprosperi.com\/?s={search_term_string}"},"query-input":{"@type":"PropertyValueSpecification","valueRequired":true,"valueName":"search_term_string"}}],"inLanguage":"pt-BR"},{"@type":["Person","Organization"],"@id":"https:\/\/blogdoprosperi.com\/#\/schema\/person\/38100755ce3601861ee4fab9b5aa78e9","name":"Luiz Ant\u00f4nio Pr\u00f3speri","pronouns":"ele","image":{"@type":"ImageObject","inLanguage":"pt-BR","@id":"https:\/\/i0.wp.com\/blogdoprosperi.com\/wp-content\/uploads\/2026\/05\/cropped-8059e613-6002-42fa-961e-8e275f575d71-2-5.jpg?fit=1360%2C931&ssl=1","url":"https:\/\/i0.wp.com\/blogdoprosperi.com\/wp-content\/uploads\/2026\/05\/cropped-8059e613-6002-42fa-961e-8e275f575d71-2-5.jpg?fit=1360%2C931&ssl=1","contentUrl":"https:\/\/i0.wp.com\/blogdoprosperi.com\/wp-content\/uploads\/2026\/05\/cropped-8059e613-6002-42fa-961e-8e275f575d71-2-5.jpg?fit=1360%2C931&ssl=1","width":1360,"height":931,"caption":"Luiz Ant\u00f4nio Pr\u00f3speri"},"logo":{"@id":"https:\/\/i0.wp.com\/blogdoprosperi.com\/wp-content\/uploads\/2026\/05\/cropped-8059e613-6002-42fa-961e-8e275f575d71-2-5.jpg?fit=1360%2C931&ssl=1"},"description":"Jornalista com carreira dedicada ao esporte. Cobriu 9 Copas do Mundo in loco, 1990 na It\u00e1lia, 1994 nos EUA, 1998 na Fran\u00e7a, 2002 na Coreia do Sul e Jap\u00e3o, 2006 na Alemanha, 2010 na \u00c1frica do Sul, 2014 no Brasil, 2018 na R\u00fassia e 2022 no Qatar. Eurocopas, 1992 na Su\u00e9cia e 1996 na Inglaterra. Copa das Confedera\u00e7\u00f5es de 2005 na Alemanha e 2009 na \u00c1frica do Sul. Rep\u00f3rter e Editor, trabalhou no Jornal da Tarde e Estad\u00e3o, de 1984 a fevereiro de 2016. Colunista, blogueiro. E comentarista de futebol na R\u00e1dio Estad\u00e3o, de 2013 a fevereiro de 2016. Jornalista respons\u00e1vel do \"Pr\u00f3speri News\" (blogdoprosperi.com).","sameAs":["http:\/\/blogdoprosperi.com","Luiz Pr\u00f3speri","@luiz_prosperi","https:\/\/x.com\/Luizprosperi","@prosperinacopa","luiz.prosperi@icloud.com"],"url":"https:\/\/blogdoprosperi.com\/?author=102107496"}]}},"jetpack_publicize_connections":[],"jetpack_likes_enabled":false,"jetpack_sharing_enabled":true,"jetpack_shortlink":"https:\/\/wp.me\/p7jvdk-aRw","jetpack-related-posts":[{"id":50059,"url":"https:\/\/blogdoprosperi.com\/?p=50059","url_meta":{"origin":41758,"position":0},"title":"Ancelotti Assume Sele\u00e7\u00e3o Brasileira | Agora Somos Europeus da Cabe\u00e7a aos P\u00e9s","author":"Luiz Ant\u00f4nio Pr\u00f3speri","date":"12 de maio de 2025","format":false,"excerpt":"\u2666 Quest\u00e3o agora \u00e9 entender como vai se comportar Ancelotti nesse cen\u00e1rio de incertezas da CBF, todo o caldo das imperfei\u00e7\u00f5es do nosso futebol \u2666 Nossa ess\u00eancia no mundo da bola acaba de ser chutada para o outro lado do Atl\u00e2ntico Luiz Ant\u00f4nio Pr\u00f3speri \u2013 12 maio (11h52) Carlo Ancelotti\u2026","rel":"","context":"Em &quot;futebol&quot;","block_context":{"text":"futebol","link":"https:\/\/blogdoprosperi.com\/?cat=53870"},"img":{"alt_text":"","src":"https:\/\/i0.wp.com\/blogdoprosperi.com\/wp-content\/uploads\/2025\/05\/captura-de-tela-2025-05-12-as-12.15.15.png?fit=790%2C682&ssl=1&resize=350%2C200","width":350,"height":200,"srcset":"https:\/\/i0.wp.com\/blogdoprosperi.com\/wp-content\/uploads\/2025\/05\/captura-de-tela-2025-05-12-as-12.15.15.png?fit=790%2C682&ssl=1&resize=350%2C200 1x, https:\/\/i0.wp.com\/blogdoprosperi.com\/wp-content\/uploads\/2025\/05\/captura-de-tela-2025-05-12-as-12.15.15.png?fit=790%2C682&ssl=1&resize=525%2C300 1.5x, https:\/\/i0.wp.com\/blogdoprosperi.com\/wp-content\/uploads\/2025\/05\/captura-de-tela-2025-05-12-as-12.15.15.png?fit=790%2C682&ssl=1&resize=700%2C400 2x"},"classes":[]},{"id":41540,"url":"https:\/\/blogdoprosperi.com\/?p=41540","url_meta":{"origin":41758,"position":1},"title":"Sele\u00e7\u00e3o nunca mais ser\u00e1 Brasileira","author":"Luiz Ant\u00f4nio Pr\u00f3speri","date":"25 de mar\u00e7o de 2023","format":false,"excerpt":"A Sele\u00e7\u00e3o Brasileira acabou. J\u00e1 n\u00e3o tinha mais poder sobre a camisa amarela e agora ter\u00e1 um maestro da Europa","rel":"","context":"Em &quot;catar 2022&quot;","block_context":{"text":"catar 2022","link":"https:\/\/blogdoprosperi.com\/?cat=47094043"},"img":{"alt_text":"Sele\u00e7\u00e3o nunca mais ser\u00e1 Brasileira","src":"https:\/\/i0.wp.com\/blogdoprosperi.com\/wp-content\/uploads\/2023\/03\/20230321133636_97.jpg?fit=910%2C631&ssl=1&resize=350%2C200","width":350,"height":200,"srcset":"https:\/\/i0.wp.com\/blogdoprosperi.com\/wp-content\/uploads\/2023\/03\/20230321133636_97.jpg?fit=910%2C631&ssl=1&resize=350%2C200 1x, https:\/\/i0.wp.com\/blogdoprosperi.com\/wp-content\/uploads\/2023\/03\/20230321133636_97.jpg?fit=910%2C631&ssl=1&resize=525%2C300 1.5x, https:\/\/i0.wp.com\/blogdoprosperi.com\/wp-content\/uploads\/2023\/03\/20230321133636_97.jpg?fit=910%2C631&ssl=1&resize=700%2C400 2x"},"classes":[]},{"id":41200,"url":"https:\/\/blogdoprosperi.com\/?p=41200","url_meta":{"origin":41758,"position":2},"title":"CBF desliga Tite da Sele\u00e7\u00e3o e sai em busca do sucessor; Galv\u00e3o Bueno pede Ancelotti-Falc\u00e3o","author":"Luiz Ant\u00f4nio Pr\u00f3speri","date":"17 de janeiro de 2023","format":false,"excerpt":"Tite \u00e9 desligado da Sele\u00e7\u00e3o Brasileira. Presidente da CBF inicia os trabalhos em busca de um novo treinador. E Galv\u00e3o Bueno lan\u00e7a dobradinha Carlo Ancelotti e Falc\u00e3o.","rel":"","context":"Em &quot;copa do mundo catar 2022&quot;","block_context":{"text":"copa do mundo catar 2022","link":"https:\/\/blogdoprosperi.com\/?cat=301049609"},"img":{"alt_text":"","src":"https:\/\/i0.wp.com\/blogdoprosperi.com\/wp-content\/uploads\/2023\/01\/img2746741512324.webp?fit=769%2C514&ssl=1&resize=350%2C200","width":350,"height":200,"srcset":"https:\/\/i0.wp.com\/blogdoprosperi.com\/wp-content\/uploads\/2023\/01\/img2746741512324.webp?fit=769%2C514&ssl=1&resize=350%2C200 1x, https:\/\/i0.wp.com\/blogdoprosperi.com\/wp-content\/uploads\/2023\/01\/img2746741512324.webp?fit=769%2C514&ssl=1&resize=525%2C300 1.5x, https:\/\/i0.wp.com\/blogdoprosperi.com\/wp-content\/uploads\/2023\/01\/img2746741512324.webp?fit=769%2C514&ssl=1&resize=700%2C400 2x"},"classes":[]},{"id":41751,"url":"https:\/\/blogdoprosperi.com\/?p=41751","url_meta":{"origin":41758,"position":3},"title":"CBF espera Ancelotti at\u00e9 2024 e acalma torcida do Palmeiras","author":"Luiz Ant\u00f4nio Pr\u00f3speri","date":"14 de junho de 2023","format":false,"excerpt":"Torcida do Palmeiras pode se acalmar. CBF n\u00e3o pensa em tirar de imediato o t\u00e9cnico Abel Ferreira do clube para assumir a Sele\u00e7\u00e3o. Carlo Ancelotti ainda \u00e9 prioridade","rel":"","context":"Em &quot;catar 2022&quot;","block_context":{"text":"catar 2022","link":"https:\/\/blogdoprosperi.com\/?cat=47094043"},"img":{"alt_text":"Ancelotti: Ol\u00e1, Brasil","src":"https:\/\/i0.wp.com\/blogdoprosperi.com\/wp-content\/uploads\/2016\/06\/carlo-ancelotti.jpg?fit=1200%2C675&ssl=1&resize=350%2C200","width":350,"height":200,"srcset":"https:\/\/i0.wp.com\/blogdoprosperi.com\/wp-content\/uploads\/2016\/06\/carlo-ancelotti.jpg?fit=1200%2C675&ssl=1&resize=350%2C200 1x, https:\/\/i0.wp.com\/blogdoprosperi.com\/wp-content\/uploads\/2016\/06\/carlo-ancelotti.jpg?fit=1200%2C675&ssl=1&resize=525%2C300 1.5x, https:\/\/i0.wp.com\/blogdoprosperi.com\/wp-content\/uploads\/2016\/06\/carlo-ancelotti.jpg?fit=1200%2C675&ssl=1&resize=700%2C400 2x, https:\/\/i0.wp.com\/blogdoprosperi.com\/wp-content\/uploads\/2016\/06\/carlo-ancelotti.jpg?fit=1200%2C675&ssl=1&resize=1050%2C600 3x"},"classes":[]},{"id":60195,"url":"https:\/\/blogdoprosperi.com\/?p=60195","url_meta":{"origin":41758,"position":4},"title":"Invent\u00e1rio da derrota da Sele\u00e7\u00e3o (epis\u00f3dio 1): Do caos aos vacilos de Ancelotti na Copa 2026","author":"Luiz Ant\u00f4nio Pr\u00f3speri","date":"11 de julho de 2026","format":false,"excerpt":"Luiz Ant\u00f4nio Pr\u00f3speri \u2013 11 julho 2026 (15h25)\u00a0 Invent\u00e1rio da elimina\u00e7\u00e3o do Brasil na Copa do Mundo 2026 come\u00e7a em dezembro de 2022 quando Tite se despede da Sele\u00e7\u00e3o Brasileira ap\u00f3s cair nas quartas de final da Copa no Qatar. Da queda em Doha at\u00e9 dezembro de 2023, a CBF\u2026","rel":"","context":"Em &quot;futebol&quot;","block_context":{"text":"futebol","link":"https:\/\/blogdoprosperi.com\/?cat=53870"},"img":{"alt_text":"","src":"https:\/\/i0.wp.com\/blogdoprosperi.com\/wp-content\/uploads\/2026\/06\/Captura-de-Tela-2026-06-22-as-18.42.01.png?fit=1182%2C926&ssl=1&resize=350%2C200","width":350,"height":200,"srcset":"https:\/\/i0.wp.com\/blogdoprosperi.com\/wp-content\/uploads\/2026\/06\/Captura-de-Tela-2026-06-22-as-18.42.01.png?fit=1182%2C926&ssl=1&resize=350%2C200 1x, https:\/\/i0.wp.com\/blogdoprosperi.com\/wp-content\/uploads\/2026\/06\/Captura-de-Tela-2026-06-22-as-18.42.01.png?fit=1182%2C926&ssl=1&resize=525%2C300 1.5x, https:\/\/i0.wp.com\/blogdoprosperi.com\/wp-content\/uploads\/2026\/06\/Captura-de-Tela-2026-06-22-as-18.42.01.png?fit=1182%2C926&ssl=1&resize=700%2C400 2x, https:\/\/i0.wp.com\/blogdoprosperi.com\/wp-content\/uploads\/2026\/06\/Captura-de-Tela-2026-06-22-as-18.42.01.png?fit=1182%2C926&ssl=1&resize=1050%2C600 3x"},"classes":[]},{"id":57491,"url":"https:\/\/blogdoprosperi.com\/?p=57491","url_meta":{"origin":41758,"position":5},"title":"Sele\u00e7\u00e3o Brasileira na Vida Corinthians","author":"Luiz Ant\u00f4nio Pr\u00f3speri","date":"8 de abril de 2026","format":false,"excerpt":"Luiz Ant\u00f4nio Pr\u00f3speri \u2013 8 abril 2026 (12h35) Curiosidade marca a chegada de Fernando Diniz no Corinthians. Diniz passa a ocupar no clube o lugar de Dorival J\u00fanior, o \u00faltimo t\u00e9cnico brasileiro a comandar a Sele\u00e7\u00e3o Brasileira. Carlo Ancelotti \u00e9 contratado pela CBF ap\u00f3s a demiss\u00e3o de Dorival. Para quem\u2026","rel":"","context":"Em &quot;copa 2026&quot;","block_context":{"text":"copa 2026","link":"https:\/\/blogdoprosperi.com\/?cat=36820279"},"img":{"alt_text":"","src":"https:\/\/i0.wp.com\/blogdoprosperi.com\/wp-content\/uploads\/2022\/11\/52524837674_99a8b48b28_c.jpg?fit=799%2C533&ssl=1&resize=350%2C200","width":350,"height":200,"srcset":"https:\/\/i0.wp.com\/blogdoprosperi.com\/wp-content\/uploads\/2022\/11\/52524837674_99a8b48b28_c.jpg?fit=799%2C533&ssl=1&resize=350%2C200 1x, https:\/\/i0.wp.com\/blogdoprosperi.com\/wp-content\/uploads\/2022\/11\/52524837674_99a8b48b28_c.jpg?fit=799%2C533&ssl=1&resize=525%2C300 1.5x, https:\/\/i0.wp.com\/blogdoprosperi.com\/wp-content\/uploads\/2022\/11\/52524837674_99a8b48b28_c.jpg?fit=799%2C533&ssl=1&resize=700%2C400 2x"},"classes":[]}],"jetpack_featured_media_url":"https:\/\/i0.wp.com\/blogdoprosperi.com\/wp-content\/uploads\/2023\/06\/52989781650_5ca2b0913b_c.jpg?fit=800%2C477&ssl=1","_links":{"self":[{"href":"https:\/\/blogdoprosperi.com\/index.php?rest_route=\/wp\/v2\/posts\/41758","targetHints":{"allow":["GET"]}}],"collection":[{"href":"https:\/\/blogdoprosperi.com\/index.php?rest_route=\/wp\/v2\/posts"}],"about":[{"href":"https:\/\/blogdoprosperi.com\/index.php?rest_route=\/wp\/v2\/types\/post"}],"author":[{"embeddable":true,"href":"https:\/\/blogdoprosperi.com\/index.php?rest_route=\/wp\/v2\/users\/102107496"}],"replies":[{"embeddable":true,"href":"https:\/\/blogdoprosperi.com\/index.php?rest_route=%2Fwp%2Fv2%2Fcomments&post=41758"}],"version-history":[{"count":15,"href":"https:\/\/blogdoprosperi.com\/index.php?rest_route=\/wp\/v2\/posts\/41758\/revisions"}],"predecessor-version":[{"id":41776,"href":"https:\/\/blogdoprosperi.com\/index.php?rest_route=\/wp\/v2\/posts\/41758\/revisions\/41776"}],"wp:featuredmedia":[{"embeddable":true,"href":"https:\/\/blogdoprosperi.com\/index.php?rest_route=\/wp\/v2\/media\/41771"}],"wp:attachment":[{"href":"https:\/\/blogdoprosperi.com\/index.php?rest_route=%2Fwp%2Fv2%2Fmedia&parent=41758"}],"wp:term":[{"taxonomy":"category","embeddable":true,"href":"https:\/\/blogdoprosperi.com\/index.php?rest_route=%2Fwp%2Fv2%2Fcategories&post=41758"},{"taxonomy":"post_tag","embeddable":true,"href":"https:\/\/blogdoprosperi.com\/index.php?rest_route=%2Fwp%2Fv2%2Ftags&post=41758"}],"curies":[{"name":"wp","href":"https:\/\/api.w.org\/{rel}","templated":true}]}}