{"id":41788,"date":"2023-07-10T20:54:26","date_gmt":"2023-07-10T23:54:26","guid":{"rendered":"https:\/\/blogdoprosperi.com\/?p=41788"},"modified":"2023-07-10T21:11:38","modified_gmt":"2023-07-11T00:11:38","slug":"morte-de-torcedora-nao-vai-abalar-estruturas-do-futebol-e-seguranca-publica","status":"publish","type":"post","link":"https:\/\/blogdoprosperi.com\/?p=41788","title":{"rendered":"Morte de torcedora n\u00e3o vai abalar estruturas do futebol e seguran\u00e7a p\u00fablica"},"content":{"rendered":"<p><strong>MORTE NO FUTEBOL<\/strong><\/p>\n<p>Gabriela Anelli, 23 anos, torcedora do Palmeiras, morre ap\u00f3s batalha de torcidas em rua anexa ao Allianz Parque. Um estilha\u00e7o de uma garrafa atingiu o pesco\u00e7o da jovem que n\u00e3o resistiu ao ferimento. O confronto entre palmeirenses e flamenguistas aconteceu poucas horas antes do jogo Palmeiras x Flamengo, s\u00e1bado (08\/7), na 14.a rodada do Brasileir\u00e3o 2023.<\/p>\n<p><strong>OPINI\u00c3O<\/strong><\/p>\n<p>Anotem. A morte de Gabriela ser\u00e1 mais uma mera e triste estat\u00edstica do futebol brasileiro nos pr\u00f3ximos 30 dias. Passada a como\u00e7\u00e3o, manifesta\u00e7\u00f5es oportunistas de rep\u00fadio, notas de luto, ca\u00e7a aos clics de audi\u00eancia e cobran\u00e7a \u00e0s autoridades, Gabriela ser\u00e1 esquecida. Apenas a dor da fam\u00edlia e de amigos pr\u00f3ximos permanecer\u00e1 para sempre.<\/p>\n<p>Faz tempo, o futebol brasileiro decretou fal\u00eancia e incompet\u00eancia total para <span style=\"color: #0000ff\"><strong><a style=\"color: #0000ff\" href=\"https:\/\/blogdoprosperi.com\/2018\/03\/05\/futebol-brasileiro-agoniza-neste-inicio-de-2018\/\">enfrentar de fato a viol\u00eancia.<\/a><\/strong><\/span> Dentro e fora dos est\u00e1dios. N\u00e3o h\u00e1 menor sintonia e boa vontade entre todos os organismos do futebol, seguran\u00e7a p\u00fablica e de todas esferas de governo para encarar de frente essa dura realidade. H\u00e1 um enorme vazio.<\/p>\n<p>A viol\u00eancia venceu o futebol. Vai continuar vencendo. E os registros de mortes v\u00e3o disparar. Somos ref\u00e9ns da banalidade do mal.<\/p>\n","protected":false},"excerpt":{"rendered":"<p>Morre torcedora do Palmeiras em confronto de torcidas. Faz tempo, futebol brasileiro decretou fal\u00eancia e incompet\u00eancia total contra viol\u00eancia.<\/p>\n","protected":false},"author":102107496,"featured_media":41813,"comment_status":"open","ping_status":"open","sticky":false,"template":"","format":"standard","meta":{"_coblocks_attr":"","_coblocks_dimensions":"","_coblocks_responsive_height":"","_coblocks_accordion_ie_support":"","_jetpack_newsletter_access":"","_jetpack_dont_email_post_to_subs":false,"_jetpack_newsletter_tier_id":0,"_jetpack_memberships_contains_paywalled_content":false,"_wpcom_ai_launchpad_first_post":false,"_jetpack_feature_clip_id":0,"_jetpack_memberships_contains_paid_content":false,"footnotes":"","jetpack_publicize_message":"","jetpack_publicize_feature_enabled":true,"jetpack_social_post_already_shared":false,"jetpack_social_options":{"image_generator_settings":{"template":"highway","default_image_id":0,"font":"","enabled":false},"version":2},"jetpack_post_was_ever_published":false},"categories":[570700,53870,758801836],"tags":[789560569,789560560,763750737,763750738,287104],"class_list":["post-41788","post","type-post","status-publish","format-standard","has-post-thumbnail","hentry","category-cbf","category-futebol","category-futebol-2023","tag-cbf","tag-futebol","tag-gabriela-anelli","tag-morte-de-torcedora","tag-palmeiras"],"yoast_head":"<!-- This site is optimized with the Yoast SEO plugin v28.4 - https:\/\/yoast.com\/product\/yoast-seo-wordpress\/ -->\n<title>Morte de torcedora n\u00e3o vai abalar estruturas do futebol e seguran\u00e7a p\u00fablica - PR\u00d3SPERI NEWS<\/title>\n<meta name=\"robots\" content=\"index, follow, max-snippet:-1, max-image-preview:large, max-video-preview:-1\" \/>\n<link rel=\"canonical\" href=\"https:\/\/blogdoprosperi.com\/?p=41788\" \/>\n<meta property=\"og:locale\" content=\"pt_BR\" \/>\n<meta property=\"og:type\" content=\"article\" \/>\n<meta property=\"og:title\" content=\"Morte de torcedora n\u00e3o vai abalar estruturas do futebol e seguran\u00e7a p\u00fablica - PR\u00d3SPERI NEWS\" \/>\n<meta property=\"og:description\" content=\"Morre torcedora do Palmeiras em confronto de torcidas. Faz tempo, futebol brasileiro decretou fal\u00eancia e incompet\u00eancia total contra viol\u00eancia.\" \/>\n<meta property=\"og:url\" content=\"https:\/\/blogdoprosperi.com\/?p=41788\" \/>\n<meta property=\"og:site_name\" content=\"PR\u00d3SPERI NEWS\" \/>\n<meta property=\"article:publisher\" content=\"Luiz Pr\u00f3speri\" \/>\n<meta property=\"article:author\" content=\"Luiz Pr\u00f3speri\" \/>\n<meta property=\"article:published_time\" content=\"2023-07-10T23:54:26+00:00\" \/>\n<meta property=\"article:modified_time\" content=\"2023-07-11T00:11:38+00:00\" \/>\n<meta property=\"og:image\" content=\"https:\/\/i0.wp.com\/blogdoprosperi.com\/wp-content\/uploads\/2023\/07\/gabriela-anelli-torcedora-atingida-em-confusao-entre-torcedores-do-palmeiras-e-flamengo-1688995552899_v2_1920x1080.jpg?fit=1920%2C1080&ssl=1\" \/>\n\t<meta property=\"og:image:width\" content=\"1920\" \/>\n\t<meta property=\"og:image:height\" content=\"1080\" \/>\n\t<meta property=\"og:image:type\" content=\"image\/jpeg\" \/>\n<meta name=\"author\" content=\"Luiz Ant\u00f4nio Pr\u00f3speri\" \/>\n<meta name=\"twitter:card\" content=\"summary_large_image\" \/>\n<meta name=\"twitter:creator\" content=\"@Luizprosperi\" \/>\n<meta name=\"twitter:site\" content=\"@Luizprosperi\" \/>\n<meta name=\"twitter:label1\" content=\"Escrito por\" \/>\n\t<meta name=\"twitter:data1\" content=\"Luiz Ant\u00f4nio Pr\u00f3speri\" \/>\n\t<meta name=\"twitter:label2\" content=\"Est. tempo de leitura\" \/>\n\t<meta name=\"twitter:data2\" content=\"1 minuto\" \/>\n<script type=\"application\/ld+json\" class=\"yoast-schema-graph\">{\"@context\":\"https:\\\/\\\/schema.org\",\"@graph\":[{\"@type\":\"Article\",\"@id\":\"https:\\\/\\\/blogdoprosperi.com\\\/?p=41788#article\",\"isPartOf\":{\"@id\":\"https:\\\/\\\/blogdoprosperi.com\\\/?p=41788\"},\"author\":{\"name\":\"Luiz Ant\u00f4nio Pr\u00f3speri\",\"@id\":\"https:\\\/\\\/blogdoprosperi.com\\\/#\\\/schema\\\/person\\\/38100755ce3601861ee4fab9b5aa78e9\"},\"headline\":\"Morte de torcedora n\u00e3o vai abalar estruturas do futebol e seguran\u00e7a p\u00fablica\",\"datePublished\":\"2023-07-10T23:54:26+00:00\",\"dateModified\":\"2023-07-11T00:11:38+00:00\",\"mainEntityOfPage\":{\"@id\":\"https:\\\/\\\/blogdoprosperi.com\\\/?p=41788\"},\"wordCount\":225,\"commentCount\":0,\"publisher\":{\"@id\":\"https:\\\/\\\/blogdoprosperi.com\\\/#\\\/schema\\\/person\\\/38100755ce3601861ee4fab9b5aa78e9\"},\"image\":{\"@id\":\"https:\\\/\\\/blogdoprosperi.com\\\/?p=41788#primaryimage\"},\"thumbnailUrl\":\"https:\\\/\\\/i0.wp.com\\\/blogdoprosperi.com\\\/wp-content\\\/uploads\\\/2023\\\/07\\\/gabriela-anelli-torcedora-atingida-em-confusao-entre-torcedores-do-palmeiras-e-flamengo-1688995552899_v2_1920x1080.jpg?fit=1920%2C1080&ssl=1\",\"keywords\":[\"CBF\",\"futebol\",\"Gabriela Anelli\",\"morte de torcedora\",\"Palmeiras\"],\"articleSection\":[\"CBF\",\"futebol\",\"futebol 2023\"],\"inLanguage\":\"pt-BR\",\"potentialAction\":[{\"@type\":\"CommentAction\",\"name\":\"Comment\",\"target\":[\"https:\\\/\\\/blogdoprosperi.com\\\/?p=41788#respond\"]}]},{\"@type\":\"WebPage\",\"@id\":\"https:\\\/\\\/blogdoprosperi.com\\\/?p=41788\",\"url\":\"https:\\\/\\\/blogdoprosperi.com\\\/?p=41788\",\"name\":\"Morte de torcedora n\u00e3o vai abalar estruturas do futebol e seguran\u00e7a p\u00fablica - PR\u00d3SPERI NEWS\",\"isPartOf\":{\"@id\":\"https:\\\/\\\/blogdoprosperi.com\\\/#website\"},\"primaryImageOfPage\":{\"@id\":\"https:\\\/\\\/blogdoprosperi.com\\\/?p=41788#primaryimage\"},\"image\":{\"@id\":\"https:\\\/\\\/blogdoprosperi.com\\\/?p=41788#primaryimage\"},\"thumbnailUrl\":\"https:\\\/\\\/i0.wp.com\\\/blogdoprosperi.com\\\/wp-content\\\/uploads\\\/2023\\\/07\\\/gabriela-anelli-torcedora-atingida-em-confusao-entre-torcedores-do-palmeiras-e-flamengo-1688995552899_v2_1920x1080.jpg?fit=1920%2C1080&ssl=1\",\"datePublished\":\"2023-07-10T23:54:26+00:00\",\"dateModified\":\"2023-07-11T00:11:38+00:00\",\"breadcrumb\":{\"@id\":\"https:\\\/\\\/blogdoprosperi.com\\\/?p=41788#breadcrumb\"},\"inLanguage\":\"pt-BR\",\"potentialAction\":[{\"@type\":\"ReadAction\",\"target\":[\"https:\\\/\\\/blogdoprosperi.com\\\/?p=41788\"]}]},{\"@type\":\"ImageObject\",\"inLanguage\":\"pt-BR\",\"@id\":\"https:\\\/\\\/blogdoprosperi.com\\\/?p=41788#primaryimage\",\"url\":\"https:\\\/\\\/i0.wp.com\\\/blogdoprosperi.com\\\/wp-content\\\/uploads\\\/2023\\\/07\\\/gabriela-anelli-torcedora-atingida-em-confusao-entre-torcedores-do-palmeiras-e-flamengo-1688995552899_v2_1920x1080.jpg?fit=1920%2C1080&ssl=1\",\"contentUrl\":\"https:\\\/\\\/i0.wp.com\\\/blogdoprosperi.com\\\/wp-content\\\/uploads\\\/2023\\\/07\\\/gabriela-anelli-torcedora-atingida-em-confusao-entre-torcedores-do-palmeiras-e-flamengo-1688995552899_v2_1920x1080.jpg?fit=1920%2C1080&ssl=1\",\"width\":1920,\"height\":1080,\"caption\":\"Gabriela Anelli, palmeirense, v\u00edtima de briga de torcidas \u2013 foto: reprodu\u00e7\u00e3o Instagram\"},{\"@type\":\"BreadcrumbList\",\"@id\":\"https:\\\/\\\/blogdoprosperi.com\\\/?p=41788#breadcrumb\",\"itemListElement\":[{\"@type\":\"ListItem\",\"position\":1,\"name\":\"In\u00edcio\",\"item\":\"https:\\\/\\\/blogdoprosperi.com\\\/\"},{\"@type\":\"ListItem\",\"position\":2,\"name\":\"Morte de torcedora n\u00e3o vai abalar estruturas do futebol e seguran\u00e7a p\u00fablica\"}]},{\"@type\":\"WebSite\",\"@id\":\"https:\\\/\\\/blogdoprosperi.com\\\/#website\",\"url\":\"https:\\\/\\\/blogdoprosperi.com\\\/\",\"name\":\"PR\u00d3SPERI NEWS\",\"description\":\"TUDO \u00c9  FUTEBOL\",\"publisher\":{\"@id\":\"https:\\\/\\\/blogdoprosperi.com\\\/#\\\/schema\\\/person\\\/38100755ce3601861ee4fab9b5aa78e9\"},\"alternateName\":\"blogdoprosperi.com\",\"potentialAction\":[{\"@type\":\"SearchAction\",\"target\":{\"@type\":\"EntryPoint\",\"urlTemplate\":\"https:\\\/\\\/blogdoprosperi.com\\\/?s={search_term_string}\"},\"query-input\":{\"@type\":\"PropertyValueSpecification\",\"valueRequired\":true,\"valueName\":\"search_term_string\"}}],\"inLanguage\":\"pt-BR\"},{\"@type\":[\"Person\",\"Organization\"],\"@id\":\"https:\\\/\\\/blogdoprosperi.com\\\/#\\\/schema\\\/person\\\/38100755ce3601861ee4fab9b5aa78e9\",\"name\":\"Luiz Ant\u00f4nio Pr\u00f3speri\",\"pronouns\":\"ele\",\"image\":{\"@type\":\"ImageObject\",\"inLanguage\":\"pt-BR\",\"@id\":\"https:\\\/\\\/i0.wp.com\\\/blogdoprosperi.com\\\/wp-content\\\/uploads\\\/2026\\\/05\\\/cropped-8059e613-6002-42fa-961e-8e275f575d71-2-5.jpg?fit=1360%2C931&ssl=1\",\"url\":\"https:\\\/\\\/i0.wp.com\\\/blogdoprosperi.com\\\/wp-content\\\/uploads\\\/2026\\\/05\\\/cropped-8059e613-6002-42fa-961e-8e275f575d71-2-5.jpg?fit=1360%2C931&ssl=1\",\"contentUrl\":\"https:\\\/\\\/i0.wp.com\\\/blogdoprosperi.com\\\/wp-content\\\/uploads\\\/2026\\\/05\\\/cropped-8059e613-6002-42fa-961e-8e275f575d71-2-5.jpg?fit=1360%2C931&ssl=1\",\"width\":1360,\"height\":931,\"caption\":\"Luiz Ant\u00f4nio Pr\u00f3speri\"},\"logo\":{\"@id\":\"https:\\\/\\\/i0.wp.com\\\/blogdoprosperi.com\\\/wp-content\\\/uploads\\\/2026\\\/05\\\/cropped-8059e613-6002-42fa-961e-8e275f575d71-2-5.jpg?fit=1360%2C931&ssl=1\"},\"description\":\"Jornalista com carreira dedicada ao esporte. Cobriu 9 Copas do Mundo in loco, 1990 na It\u00e1lia, 1994 nos EUA, 1998 na Fran\u00e7a, 2002 na Coreia do Sul e Jap\u00e3o, 2006 na Alemanha, 2010 na \u00c1frica do Sul, 2014 no Brasil, 2018 na R\u00fassia e 2022 no Qatar. Eurocopas, 1992 na Su\u00e9cia e 1996 na Inglaterra. Copa das Confedera\u00e7\u00f5es de 2005 na Alemanha e 2009 na \u00c1frica do Sul. Rep\u00f3rter e Editor, trabalhou no Jornal da Tarde e Estad\u00e3o, de 1984 a fevereiro de 2016. Colunista, blogueiro. E comentarista de futebol na R\u00e1dio Estad\u00e3o, de 2013 a fevereiro de 2016. Jornalista respons\u00e1vel do \\\"Pr\u00f3speri News\\\" (blogdoprosperi.com).\",\"sameAs\":[\"http:\\\/\\\/blogdoprosperi.com\",\"Luiz Pr\u00f3speri\",\"@luiz_prosperi\",\"https:\\\/\\\/x.com\\\/Luizprosperi\",\"@prosperinacopa\",\"luiz.prosperi@icloud.com\"],\"url\":\"https:\\\/\\\/blogdoprosperi.com\\\/?author=102107496\"}]}<\/script>\n<!-- \/ Yoast SEO plugin. -->","yoast_head_json":{"title":"Morte de torcedora n\u00e3o vai abalar estruturas do futebol e seguran\u00e7a p\u00fablica - PR\u00d3SPERI NEWS","robots":{"index":"index","follow":"follow","max-snippet":"max-snippet:-1","max-image-preview":"max-image-preview:large","max-video-preview":"max-video-preview:-1"},"canonical":"https:\/\/blogdoprosperi.com\/?p=41788","og_locale":"pt_BR","og_type":"article","og_title":"Morte de torcedora n\u00e3o vai abalar estruturas do futebol e seguran\u00e7a p\u00fablica - PR\u00d3SPERI NEWS","og_description":"Morre torcedora do Palmeiras em confronto de torcidas. Faz tempo, futebol brasileiro decretou fal\u00eancia e incompet\u00eancia total contra viol\u00eancia.","og_url":"https:\/\/blogdoprosperi.com\/?p=41788","og_site_name":"PR\u00d3SPERI NEWS","article_publisher":"Luiz Pr\u00f3speri","article_author":"Luiz Pr\u00f3speri","article_published_time":"2023-07-10T23:54:26+00:00","article_modified_time":"2023-07-11T00:11:38+00:00","og_image":[{"width":1920,"height":1080,"url":"https:\/\/i0.wp.com\/blogdoprosperi.com\/wp-content\/uploads\/2023\/07\/gabriela-anelli-torcedora-atingida-em-confusao-entre-torcedores-do-palmeiras-e-flamengo-1688995552899_v2_1920x1080.jpg?fit=1920%2C1080&ssl=1","type":"image\/jpeg"}],"author":"Luiz Ant\u00f4nio Pr\u00f3speri","twitter_card":"summary_large_image","twitter_creator":"@Luizprosperi","twitter_site":"@Luizprosperi","twitter_misc":{"Escrito por":"Luiz Ant\u00f4nio Pr\u00f3speri","Est. tempo de leitura":"1 minuto"},"schema":{"@context":"https:\/\/schema.org","@graph":[{"@type":"Article","@id":"https:\/\/blogdoprosperi.com\/?p=41788#article","isPartOf":{"@id":"https:\/\/blogdoprosperi.com\/?p=41788"},"author":{"name":"Luiz Ant\u00f4nio Pr\u00f3speri","@id":"https:\/\/blogdoprosperi.com\/#\/schema\/person\/38100755ce3601861ee4fab9b5aa78e9"},"headline":"Morte de torcedora n\u00e3o vai abalar estruturas do futebol e seguran\u00e7a p\u00fablica","datePublished":"2023-07-10T23:54:26+00:00","dateModified":"2023-07-11T00:11:38+00:00","mainEntityOfPage":{"@id":"https:\/\/blogdoprosperi.com\/?p=41788"},"wordCount":225,"commentCount":0,"publisher":{"@id":"https:\/\/blogdoprosperi.com\/#\/schema\/person\/38100755ce3601861ee4fab9b5aa78e9"},"image":{"@id":"https:\/\/blogdoprosperi.com\/?p=41788#primaryimage"},"thumbnailUrl":"https:\/\/i0.wp.com\/blogdoprosperi.com\/wp-content\/uploads\/2023\/07\/gabriela-anelli-torcedora-atingida-em-confusao-entre-torcedores-do-palmeiras-e-flamengo-1688995552899_v2_1920x1080.jpg?fit=1920%2C1080&ssl=1","keywords":["CBF","futebol","Gabriela Anelli","morte de torcedora","Palmeiras"],"articleSection":["CBF","futebol","futebol 2023"],"inLanguage":"pt-BR","potentialAction":[{"@type":"CommentAction","name":"Comment","target":["https:\/\/blogdoprosperi.com\/?p=41788#respond"]}]},{"@type":"WebPage","@id":"https:\/\/blogdoprosperi.com\/?p=41788","url":"https:\/\/blogdoprosperi.com\/?p=41788","name":"Morte de torcedora n\u00e3o vai abalar estruturas do futebol e seguran\u00e7a p\u00fablica - PR\u00d3SPERI NEWS","isPartOf":{"@id":"https:\/\/blogdoprosperi.com\/#website"},"primaryImageOfPage":{"@id":"https:\/\/blogdoprosperi.com\/?p=41788#primaryimage"},"image":{"@id":"https:\/\/blogdoprosperi.com\/?p=41788#primaryimage"},"thumbnailUrl":"https:\/\/i0.wp.com\/blogdoprosperi.com\/wp-content\/uploads\/2023\/07\/gabriela-anelli-torcedora-atingida-em-confusao-entre-torcedores-do-palmeiras-e-flamengo-1688995552899_v2_1920x1080.jpg?fit=1920%2C1080&ssl=1","datePublished":"2023-07-10T23:54:26+00:00","dateModified":"2023-07-11T00:11:38+00:00","breadcrumb":{"@id":"https:\/\/blogdoprosperi.com\/?p=41788#breadcrumb"},"inLanguage":"pt-BR","potentialAction":[{"@type":"ReadAction","target":["https:\/\/blogdoprosperi.com\/?p=41788"]}]},{"@type":"ImageObject","inLanguage":"pt-BR","@id":"https:\/\/blogdoprosperi.com\/?p=41788#primaryimage","url":"https:\/\/i0.wp.com\/blogdoprosperi.com\/wp-content\/uploads\/2023\/07\/gabriela-anelli-torcedora-atingida-em-confusao-entre-torcedores-do-palmeiras-e-flamengo-1688995552899_v2_1920x1080.jpg?fit=1920%2C1080&ssl=1","contentUrl":"https:\/\/i0.wp.com\/blogdoprosperi.com\/wp-content\/uploads\/2023\/07\/gabriela-anelli-torcedora-atingida-em-confusao-entre-torcedores-do-palmeiras-e-flamengo-1688995552899_v2_1920x1080.jpg?fit=1920%2C1080&ssl=1","width":1920,"height":1080,"caption":"Gabriela Anelli, palmeirense, v\u00edtima de briga de torcidas \u2013 foto: reprodu\u00e7\u00e3o Instagram"},{"@type":"BreadcrumbList","@id":"https:\/\/blogdoprosperi.com\/?p=41788#breadcrumb","itemListElement":[{"@type":"ListItem","position":1,"name":"In\u00edcio","item":"https:\/\/blogdoprosperi.com\/"},{"@type":"ListItem","position":2,"name":"Morte de torcedora n\u00e3o vai abalar estruturas do futebol e seguran\u00e7a p\u00fablica"}]},{"@type":"WebSite","@id":"https:\/\/blogdoprosperi.com\/#website","url":"https:\/\/blogdoprosperi.com\/","name":"PR\u00d3SPERI NEWS","description":"TUDO \u00c9  FUTEBOL","publisher":{"@id":"https:\/\/blogdoprosperi.com\/#\/schema\/person\/38100755ce3601861ee4fab9b5aa78e9"},"alternateName":"blogdoprosperi.com","potentialAction":[{"@type":"SearchAction","target":{"@type":"EntryPoint","urlTemplate":"https:\/\/blogdoprosperi.com\/?s={search_term_string}"},"query-input":{"@type":"PropertyValueSpecification","valueRequired":true,"valueName":"search_term_string"}}],"inLanguage":"pt-BR"},{"@type":["Person","Organization"],"@id":"https:\/\/blogdoprosperi.com\/#\/schema\/person\/38100755ce3601861ee4fab9b5aa78e9","name":"Luiz Ant\u00f4nio Pr\u00f3speri","pronouns":"ele","image":{"@type":"ImageObject","inLanguage":"pt-BR","@id":"https:\/\/i0.wp.com\/blogdoprosperi.com\/wp-content\/uploads\/2026\/05\/cropped-8059e613-6002-42fa-961e-8e275f575d71-2-5.jpg?fit=1360%2C931&ssl=1","url":"https:\/\/i0.wp.com\/blogdoprosperi.com\/wp-content\/uploads\/2026\/05\/cropped-8059e613-6002-42fa-961e-8e275f575d71-2-5.jpg?fit=1360%2C931&ssl=1","contentUrl":"https:\/\/i0.wp.com\/blogdoprosperi.com\/wp-content\/uploads\/2026\/05\/cropped-8059e613-6002-42fa-961e-8e275f575d71-2-5.jpg?fit=1360%2C931&ssl=1","width":1360,"height":931,"caption":"Luiz Ant\u00f4nio Pr\u00f3speri"},"logo":{"@id":"https:\/\/i0.wp.com\/blogdoprosperi.com\/wp-content\/uploads\/2026\/05\/cropped-8059e613-6002-42fa-961e-8e275f575d71-2-5.jpg?fit=1360%2C931&ssl=1"},"description":"Jornalista com carreira dedicada ao esporte. Cobriu 9 Copas do Mundo in loco, 1990 na It\u00e1lia, 1994 nos EUA, 1998 na Fran\u00e7a, 2002 na Coreia do Sul e Jap\u00e3o, 2006 na Alemanha, 2010 na \u00c1frica do Sul, 2014 no Brasil, 2018 na R\u00fassia e 2022 no Qatar. Eurocopas, 1992 na Su\u00e9cia e 1996 na Inglaterra. Copa das Confedera\u00e7\u00f5es de 2005 na Alemanha e 2009 na \u00c1frica do Sul. Rep\u00f3rter e Editor, trabalhou no Jornal da Tarde e Estad\u00e3o, de 1984 a fevereiro de 2016. Colunista, blogueiro. E comentarista de futebol na R\u00e1dio Estad\u00e3o, de 2013 a fevereiro de 2016. Jornalista respons\u00e1vel do \"Pr\u00f3speri News\" (blogdoprosperi.com).","sameAs":["http:\/\/blogdoprosperi.com","Luiz Pr\u00f3speri","@luiz_prosperi","https:\/\/x.com\/Luizprosperi","@prosperinacopa","luiz.prosperi@icloud.com"],"url":"https:\/\/blogdoprosperi.com\/?author=102107496"}]}},"jetpack_publicize_connections":[],"jetpack_likes_enabled":false,"jetpack_sharing_enabled":true,"jetpack_shortlink":"https:\/\/wp.me\/p7jvdk-aS0","jetpack-related-posts":[{"id":37356,"url":"https:\/\/blogdoprosperi.com\/?p=37356","url_meta":{"origin":41788,"position":0},"title":"Deixem minha m\u00e3e em paz","author":"Luiz Ant\u00f4nio Pr\u00f3speri","date":"27 de fevereiro de 2018","format":false,"excerpt":"Jailson \u00e9 palmeirense desde menino. Sua m\u00e3e \u00e9 corintiana. Av\u00f3, santista. Em comum, o universo do futebol. Tudo t\u00e3o simples e importante como um copo d'\u00e1gua. Deveria ser assim por gera\u00e7\u00f5es e gera\u00e7\u00f5es da fam\u00edlia do goleiro. Sem ningu\u00e9m se intrometer, nem fazer valer a intoler\u00e2ncia. N\u00e3o h\u00e1 maldade em\u2026","rel":"","context":"Em &quot;futebol&quot;","block_context":{"text":"futebol","link":"https:\/\/blogdoprosperi.com\/?cat=53870"},"img":{"alt_text":"","src":"https:\/\/i0.wp.com\/blogdoprosperi.com\/wp-content\/uploads\/2018\/02\/26594671318_e55e1071f2_b.jpg?fit=698%2C1024&ssl=1&resize=350%2C200","width":350,"height":200,"srcset":"https:\/\/i0.wp.com\/blogdoprosperi.com\/wp-content\/uploads\/2018\/02\/26594671318_e55e1071f2_b.jpg?fit=698%2C1024&ssl=1&resize=350%2C200 1x, https:\/\/i0.wp.com\/blogdoprosperi.com\/wp-content\/uploads\/2018\/02\/26594671318_e55e1071f2_b.jpg?fit=698%2C1024&ssl=1&resize=525%2C300 1.5x"},"classes":[]},{"id":41385,"url":"https:\/\/blogdoprosperi.com\/?p=41385","url_meta":{"origin":41788,"position":1},"title":"Cr\u00f4nica de ver\u00e3o: Futebol brasileiro sofre sem Pel\u00e9","author":"Luiz Ant\u00f4nio Pr\u00f3speri","date":"3 de fevereiro de 2023","format":false,"excerpt":"Passados 35 dias da partida do Rei, a radiografia do futebol nacional e de seus expoentes pouco tem da heran\u00e7a deixada por Pel\u00e9","rel":"","context":"Em &quot;catar 2022&quot;","block_context":{"text":"catar 2022","link":"https:\/\/blogdoprosperi.com\/?cat=47094043"},"img":{"alt_text":"","src":"https:\/\/i0.wp.com\/blogdoprosperi.com\/wp-content\/uploads\/2023\/01\/alegria_vinicius_he26429.jpg_nd.jpg?fit=1200%2C675&ssl=1&resize=350%2C200","width":350,"height":200,"srcset":"https:\/\/i0.wp.com\/blogdoprosperi.com\/wp-content\/uploads\/2023\/01\/alegria_vinicius_he26429.jpg_nd.jpg?fit=1200%2C675&ssl=1&resize=350%2C200 1x, https:\/\/i0.wp.com\/blogdoprosperi.com\/wp-content\/uploads\/2023\/01\/alegria_vinicius_he26429.jpg_nd.jpg?fit=1200%2C675&ssl=1&resize=525%2C300 1.5x, https:\/\/i0.wp.com\/blogdoprosperi.com\/wp-content\/uploads\/2023\/01\/alegria_vinicius_he26429.jpg_nd.jpg?fit=1200%2C675&ssl=1&resize=700%2C400 2x, https:\/\/i0.wp.com\/blogdoprosperi.com\/wp-content\/uploads\/2023\/01\/alegria_vinicius_he26429.jpg_nd.jpg?fit=1200%2C675&ssl=1&resize=1050%2C600 3x"},"classes":[]},{"id":366,"url":"https:\/\/blogdoprosperi.com\/?p=366","url_meta":{"origin":41788,"position":2},"title":"Torcida \u00fanica nos cl\u00e1ssicos \u00e9 derrota do futebol","author":"Luiz Ant\u00f4nio Pr\u00f3speri","date":"5 de abril de 2016","format":false,"excerpt":"\u00a0 A Secretaria de Seguran\u00e7a P\u00fablica do Estado de S\u00e3o Paulo, sem consultar ningu\u00e9m do futebol, determinou com uma canetada a presen\u00e7a de torcida \u00fanica em cl\u00e1ssicos paulistas em todos os campeonatos at\u00e9 31 de dezembro. A ordem partiu do governo do estado ap\u00f3s a s\u00e9rie de confrontos de fac\u00e7\u00f5es\u2026","rel":"","context":"Em &quot;futebol&quot;","block_context":{"text":"futebol","link":"https:\/\/blogdoprosperi.com\/?cat=53870"},"img":{"alt_text":"","src":"https:\/\/i0.wp.com\/blogdoprosperi.com\/wp-content\/uploads\/2016\/04\/v-php.jpeg?resize=350%2C200&ssl=1","width":350,"height":200,"srcset":"https:\/\/i0.wp.com\/blogdoprosperi.com\/wp-content\/uploads\/2016\/04\/v-php.jpeg?resize=350%2C200&ssl=1 1x, https:\/\/i0.wp.com\/blogdoprosperi.com\/wp-content\/uploads\/2016\/04\/v-php.jpeg?resize=525%2C300&ssl=1 1.5x, https:\/\/i0.wp.com\/blogdoprosperi.com\/wp-content\/uploads\/2016\/04\/v-php.jpeg?resize=700%2C400&ssl=1 2x"},"classes":[]},{"id":14102,"url":"https:\/\/blogdoprosperi.com\/?p=14102","url_meta":{"origin":41788,"position":3},"title":"Minist\u00e9rio P\u00fablico amea\u00e7a vetar reduto de palmeirenses ao arredor do Allianz Parque","author":"Luiz Ant\u00f4nio Pr\u00f3speri","date":"30 de junho de 2016","format":false,"excerpt":"Ref\u00e9ns da viol\u00eancia no futebol, governo, pol\u00edcia, Minist\u00e9rio P\u00fablico, gestores de clubes, federa\u00e7\u00f5es e CBF est\u00e3o perdidos. Desde 1995, quando um torcedor foi morto a pauladas no Pacaembu no confronto entre fac\u00e7\u00f5es de S\u00e3o Paulo e Palmeiras, uma s\u00e9rie de provid\u00eancias, leis e repress\u00e3o n\u00e3o tem evitado batalhas e execu\u00e7\u00f5es\u2026","rel":"","context":"Em &quot;futebol&quot;","block_context":{"text":"futebol","link":"https:\/\/blogdoprosperi.com\/?cat=53870"},"img":{"alt_text":"","src":"https:\/\/i0.wp.com\/blogdoprosperi.com\/wp-content\/uploads\/2016\/06\/2k994wjy69_3gkhkru6mx_file.jpeg?resize=350%2C200","width":350,"height":200},"classes":[]},{"id":42128,"url":"https:\/\/blogdoprosperi.com\/?p=42128","url_meta":{"origin":41788,"position":4},"title":"Futebol brasileiro abra\u00e7a a desgra\u00e7a nesse in\u00edcio de temporada","author":"Luiz Ant\u00f4nio Pr\u00f3speri","date":"6 de mar\u00e7o de 2024","format":false,"excerpt":"Futebol brasileiro vive um dos piores momentos de sua hist\u00f3ria. Beira ao esc\u00e1rnio. Em pouco menos de dois meses de uma nova temporada, 2024 \u00a0j\u00e1 conta trag\u00e9dias, crimes, descaso, emboscadas, xenofobia, toda sorte de mazelas. E n\u00e3o h\u00e1 o menor sinal de respostas ao caos. Acompanhe roteiro das desgraceiras. N\u00e3o\u2026","rel":"","context":"Em &quot;CBF&quot;","block_context":{"text":"CBF","link":"https:\/\/blogdoprosperi.com\/?cat=570700"},"img":{"alt_text":"","src":"https:\/\/i0.wp.com\/blogdoprosperi.com\/wp-content\/uploads\/2024\/03\/cbf_futebol_copa_brasil.jpg?fit=800%2C503&ssl=1&resize=350%2C200","width":350,"height":200,"srcset":"https:\/\/i0.wp.com\/blogdoprosperi.com\/wp-content\/uploads\/2024\/03\/cbf_futebol_copa_brasil.jpg?fit=800%2C503&ssl=1&resize=350%2C200 1x, https:\/\/i0.wp.com\/blogdoprosperi.com\/wp-content\/uploads\/2024\/03\/cbf_futebol_copa_brasil.jpg?fit=800%2C503&ssl=1&resize=525%2C300 1.5x, https:\/\/i0.wp.com\/blogdoprosperi.com\/wp-content\/uploads\/2024\/03\/cbf_futebol_copa_brasil.jpg?fit=800%2C503&ssl=1&resize=700%2C400 2x"},"classes":[]},{"id":30078,"url":"https:\/\/blogdoprosperi.com\/?p=30078","url_meta":{"origin":41788,"position":5},"title":"CBF tapa nariz no caso da morte no Mineir\u00e3o e batalha no Maracan\u00e3","author":"Luiz Ant\u00f4nio Pr\u00f3speri","date":"27 de outubro de 2016","format":false,"excerpt":"De domingo (23\/10) a esta quinta-feira (27\/10), dois acontecimentos dentro do Maracan\u00e3 e do Mineir\u00e3o alcan\u00e7am enorme repercuss\u00e3o em todo o Brasil. No Rio, 31 corintianos est\u00e3o detidos aguardando julgamento por se envolverem em confrontos com a Pol\u00edcia Militar no est\u00e1dio s\u00edmbolo do futebol brasileiro antes do jogo Flamengo x\u2026","rel":"","context":"Em &quot;Campeonato Brasileiro&quot;","block_context":{"text":"Campeonato Brasileiro","link":"https:\/\/blogdoprosperi.com\/?cat=355071"},"img":{"alt_text":"","src":"https:\/\/i0.wp.com\/blogdoprosperi.com\/wp-content\/uploads\/2016\/10\/622_6335fbb3-9ed2-3912-9626-4fdcfa03acd2.jpg?resize=350%2C200&ssl=1","width":350,"height":200,"srcset":"https:\/\/i0.wp.com\/blogdoprosperi.com\/wp-content\/uploads\/2016\/10\/622_6335fbb3-9ed2-3912-9626-4fdcfa03acd2.jpg?resize=350%2C200&ssl=1 1x, https:\/\/i0.wp.com\/blogdoprosperi.com\/wp-content\/uploads\/2016\/10\/622_6335fbb3-9ed2-3912-9626-4fdcfa03acd2.jpg?resize=525%2C300&ssl=1 1.5x"},"classes":[]}],"jetpack_featured_media_url":"https:\/\/i0.wp.com\/blogdoprosperi.com\/wp-content\/uploads\/2023\/07\/gabriela-anelli-torcedora-atingida-em-confusao-entre-torcedores-do-palmeiras-e-flamengo-1688995552899_v2_1920x1080.jpg?fit=1920%2C1080&ssl=1","_links":{"self":[{"href":"https:\/\/blogdoprosperi.com\/index.php?rest_route=\/wp\/v2\/posts\/41788","targetHints":{"allow":["GET"]}}],"collection":[{"href":"https:\/\/blogdoprosperi.com\/index.php?rest_route=\/wp\/v2\/posts"}],"about":[{"href":"https:\/\/blogdoprosperi.com\/index.php?rest_route=\/wp\/v2\/types\/post"}],"author":[{"embeddable":true,"href":"https:\/\/blogdoprosperi.com\/index.php?rest_route=\/wp\/v2\/users\/102107496"}],"replies":[{"embeddable":true,"href":"https:\/\/blogdoprosperi.com\/index.php?rest_route=%2Fwp%2Fv2%2Fcomments&post=41788"}],"version-history":[{"count":11,"href":"https:\/\/blogdoprosperi.com\/index.php?rest_route=\/wp\/v2\/posts\/41788\/revisions"}],"predecessor-version":[{"id":41817,"href":"https:\/\/blogdoprosperi.com\/index.php?rest_route=\/wp\/v2\/posts\/41788\/revisions\/41817"}],"wp:featuredmedia":[{"embeddable":true,"href":"https:\/\/blogdoprosperi.com\/index.php?rest_route=\/wp\/v2\/media\/41813"}],"wp:attachment":[{"href":"https:\/\/blogdoprosperi.com\/index.php?rest_route=%2Fwp%2Fv2%2Fmedia&parent=41788"}],"wp:term":[{"taxonomy":"category","embeddable":true,"href":"https:\/\/blogdoprosperi.com\/index.php?rest_route=%2Fwp%2Fv2%2Fcategories&post=41788"},{"taxonomy":"post_tag","embeddable":true,"href":"https:\/\/blogdoprosperi.com\/index.php?rest_route=%2Fwp%2Fv2%2Ftags&post=41788"}],"curies":[{"name":"wp","href":"https:\/\/api.w.org\/{rel}","templated":true}]}}