{"id":42093,"date":"2024-03-01T14:03:51","date_gmt":"2024-03-01T17:03:51","guid":{"rendered":"https:\/\/blogdoprosperi.com\/?p=42093"},"modified":"2024-03-01T21:06:46","modified_gmt":"2024-03-02T00:06:46","slug":"selecao-brasileira-vira-paraiso-dos-volantes-na-estreia-de-dorival-junior","status":"publish","type":"post","link":"https:\/\/blogdoprosperi.com\/?p=42093","title":{"rendered":"Sele\u00e7\u00e3o Brasileira vira para\u00edso dos volantes na estreia de Dorival Junior"},"content":{"rendered":"<p>Dorival Junior anuncia sua primeira lista da Sele\u00e7\u00e3o Brasileira com uma penca de volantes \u2013 jogadores mais marcadores a criativos \u2013 e apenas um meia-armador de of\u00edcio, Lucas Paquet\u00e1. A convoca\u00e7\u00e3o se destina aos amistosos contra Espanha e Inglaterra na segunda quinzena de mar\u00e7o.<\/p>\n<p>Anotem a\u00ed os volantes de Dorival: Casemiro (Manchester United), Andr\u00e9 (Fluminense), Bruno Guimar\u00e3es (Newcastle), Andreas Pereira (Fulham), Jo\u00e3o Gomes (Wolverhampton), Pablo Maia (S\u00e3o Paulo), Douglas Luiz (Aston Villa).<\/p>\n<p>An\u00e1lise simples dessa cole\u00e7\u00e3o de jogadores mais afeitos \u00e0 marca\u00e7\u00e3o, n\u00e3o \u00e9 errado projetar uma Sele\u00e7\u00e3o muito na defensiva. Portanto, bem diferente de um Brasil mais art\u00edstico, criativo, cerebral, driblador t\u00e3o reclamado por cr\u00edticos de futebol e torcedores comuns.<\/p>\n<blockquote><p><strong>&#8220;Temos Andreas, Paquet\u00e1, os volantes que hoje falam como segundo volantes, mas vejo como meias de chegada, de cria\u00e7\u00e3o, ou de um equil\u00edbrio maior nas suas equipes. Estamos cientes de que \u00e9 uma fun\u00e7\u00e3o que tem nos faltado em muitos clubes, por isso estamos readaptando volantes para fun\u00e7\u00f5es de cria\u00e7\u00e3o&#8221;, disse Dorival na coletiva de imprensa nessa sexta-feira (01\/3).<\/strong><\/p>\n<\/blockquote>\n<p>Raphael Veiga (Palmeiras) e Alan Patrick (Internacional), meias de cria\u00e7\u00e3o e voca\u00e7\u00e3o pelo gol, por exemplo, poderiam dar um sabor especial \u00e0 Sele\u00e7\u00e3o.<\/p>\n<p>Sem os meias de oficio, a &nbsp;tarefa de reinventar a Sele\u00e7\u00e3o, dar uma cor brasileira, ser\u00e1 exclusiva dos atacantes. Dorival joga suas fichas em jovens talentos. Endrick (Palmeiras), Savinho (Girona), Vini Jr e Rodrygo (Real Madrid), Gabriel Martinelli (Arsenal). E os conhecidos Richarlison e Raphinha (Barcelona).<\/p>\n<p>Dono de uma carreira de mais de 20 anos dirigindo clubes, Dorival Junior fala que essa nova Sele\u00e7\u00e3o n\u00e3o \u00e9 dele e sim do povo brasileiro. A conferir.<\/p>\n<figure id=\"attachment_42099\" aria-describedby=\"caption-attachment-42099\" style=\"width: 819px\" class=\"wp-caption alignnone\"><img data-recalc-dims=\"1\" loading=\"lazy\" decoding=\"async\" data-attachment-id=\"42099\" data-permalink=\"https:\/\/blogdoprosperi.com\/?attachment_id=42099\" data-orig-file=\"https:\/\/i0.wp.com\/blogdoprosperi.com\/wp-content\/uploads\/2024\/03\/ghmsmtqxiacc7qx.jpeg?fit=819%2C1024&amp;ssl=1\" data-orig-size=\"819,1024\" data-comments-opened=\"1\" data-image-meta=\"{&quot;aperture&quot;:&quot;0&quot;,&quot;credit&quot;:&quot;&quot;,&quot;camera&quot;:&quot;&quot;,&quot;caption&quot;:&quot;&quot;,&quot;created_timestamp&quot;:&quot;0&quot;,&quot;copyright&quot;:&quot;&quot;,&quot;focal_length&quot;:&quot;0&quot;,&quot;iso&quot;:&quot;0&quot;,&quot;shutter_speed&quot;:&quot;0&quot;,&quot;title&quot;:&quot;&quot;,&quot;orientation&quot;:&quot;0&quot;}\" data-image-title=\"Os 26 de Dorival\" data-image-description=\"\" data-image-caption=\"&lt;p&gt;foto: CBF&lt;\/p&gt;\n\" data-large-file=\"https:\/\/i0.wp.com\/blogdoprosperi.com\/wp-content\/uploads\/2024\/03\/ghmsmtqxiacc7qx.jpeg?fit=819%2C1024&amp;ssl=1\" src=\"https:\/\/i0.wp.com\/blogdoprosperi.com\/wp-content\/uploads\/2024\/03\/ghmsmtqxiacc7qx.jpeg?resize=819%2C1024&#038;ssl=1\" class=\"size-full wp-image-42099\" alt=\"\" width=\"819\" height=\"1024\"><figcaption id=\"caption-attachment-42099\" class=\"wp-caption-text\">foto: CBF<\/figcaption><\/figure>\n","protected":false},"excerpt":{"rendered":"<p>Dorival Junior anuncia sua primeira lista da Sele\u00e7\u00e3o Brasileira com uma penca de volantes \u2013 jogadores mais marcadores [&hellip;]<\/p>\n","protected":false},"author":102107496,"featured_media":42098,"comment_status":"open","ping_status":"open","sticky":false,"template":"","format":"standard","meta":{"_coblocks_attr":"","_coblocks_dimensions":"","_coblocks_responsive_height":"","_coblocks_accordion_ie_support":"","_jetpack_newsletter_access":"","_jetpack_dont_email_post_to_subs":false,"_jetpack_newsletter_tier_id":0,"_jetpack_memberships_contains_paywalled_content":false,"_wpcom_ai_launchpad_first_post":false,"_jetpack_feature_clip_id":0,"_jetpack_memberships_contains_paid_content":false,"footnotes":"","jetpack_publicize_message":"","jetpack_publicize_feature_enabled":true,"jetpack_social_post_already_shared":false,"jetpack_social_options":{"image_generator_settings":{"template":"highway","default_image_id":0,"font":"","enabled":false},"version":2},"jetpack_post_was_ever_published":false},"categories":[570700,53870,174694],"tags":[789560569,789560560],"class_list":["post-42093","post","type-post","status-publish","format-standard","has-post-thumbnail","hentry","category-cbf","category-futebol","category-selecao-brasileira","tag-cbf","tag-futebol"],"yoast_head":"<!-- This site is optimized with the Yoast SEO plugin v28.4 - https:\/\/yoast.com\/product\/yoast-seo-wordpress\/ -->\n<title>Sele\u00e7\u00e3o Brasileira vira para\u00edso dos volantes na estreia de Dorival Junior - PR\u00d3SPERI NEWS<\/title>\n<meta name=\"robots\" content=\"index, follow, max-snippet:-1, max-image-preview:large, max-video-preview:-1\" \/>\n<link rel=\"canonical\" href=\"https:\/\/blogdoprosperi.com\/?p=42093\" \/>\n<meta property=\"og:locale\" content=\"pt_BR\" \/>\n<meta property=\"og:type\" content=\"article\" \/>\n<meta property=\"og:title\" content=\"Sele\u00e7\u00e3o Brasileira vira para\u00edso dos volantes na estreia de Dorival Junior - PR\u00d3SPERI NEWS\" \/>\n<meta property=\"og:description\" content=\"Dorival Junior anuncia sua primeira lista da Sele\u00e7\u00e3o Brasileira com uma penca de volantes \u2013 jogadores mais marcadores [&hellip;]\" \/>\n<meta property=\"og:url\" content=\"https:\/\/blogdoprosperi.com\/?p=42093\" \/>\n<meta property=\"og:site_name\" content=\"PR\u00d3SPERI NEWS\" \/>\n<meta property=\"article:publisher\" content=\"Luiz Pr\u00f3speri\" \/>\n<meta property=\"article:author\" content=\"Luiz Pr\u00f3speri\" \/>\n<meta property=\"article:published_time\" content=\"2024-03-01T17:03:51+00:00\" \/>\n<meta property=\"article:modified_time\" content=\"2024-03-02T00:06:46+00:00\" \/>\n<meta property=\"og:image\" content=\"https:\/\/i0.wp.com\/blogdoprosperi.com\/wp-content\/uploads\/2024\/03\/53561902865_171a6c8da2_c.jpg?fit=799%2C533&ssl=1\" \/>\n\t<meta property=\"og:image:width\" content=\"799\" \/>\n\t<meta property=\"og:image:height\" content=\"533\" \/>\n\t<meta property=\"og:image:type\" content=\"image\/jpeg\" \/>\n<meta name=\"author\" content=\"Luiz Ant\u00f4nio Pr\u00f3speri\" \/>\n<meta name=\"twitter:card\" content=\"summary_large_image\" \/>\n<meta name=\"twitter:creator\" content=\"@Luizprosperi\" \/>\n<meta name=\"twitter:site\" content=\"@Luizprosperi\" \/>\n<meta name=\"twitter:label1\" content=\"Escrito por\" \/>\n\t<meta name=\"twitter:data1\" content=\"Luiz Ant\u00f4nio Pr\u00f3speri\" \/>\n\t<meta name=\"twitter:label2\" content=\"Est. tempo de leitura\" \/>\n\t<meta name=\"twitter:data2\" content=\"1 minuto\" \/>\n<script type=\"application\/ld+json\" class=\"yoast-schema-graph\">{\"@context\":\"https:\\\/\\\/schema.org\",\"@graph\":[{\"@type\":\"Article\",\"@id\":\"https:\\\/\\\/blogdoprosperi.com\\\/?p=42093#article\",\"isPartOf\":{\"@id\":\"https:\\\/\\\/blogdoprosperi.com\\\/?p=42093\"},\"author\":{\"name\":\"Luiz Ant\u00f4nio Pr\u00f3speri\",\"@id\":\"https:\\\/\\\/blogdoprosperi.com\\\/#\\\/schema\\\/person\\\/38100755ce3601861ee4fab9b5aa78e9\"},\"headline\":\"Sele\u00e7\u00e3o Brasileira vira para\u00edso dos volantes na estreia de Dorival Junior\",\"datePublished\":\"2024-03-01T17:03:51+00:00\",\"dateModified\":\"2024-03-02T00:06:46+00:00\",\"mainEntityOfPage\":{\"@id\":\"https:\\\/\\\/blogdoprosperi.com\\\/?p=42093\"},\"wordCount\":309,\"commentCount\":3,\"publisher\":{\"@id\":\"https:\\\/\\\/blogdoprosperi.com\\\/#\\\/schema\\\/person\\\/38100755ce3601861ee4fab9b5aa78e9\"},\"image\":{\"@id\":\"https:\\\/\\\/blogdoprosperi.com\\\/?p=42093#primaryimage\"},\"thumbnailUrl\":\"https:\\\/\\\/i0.wp.com\\\/blogdoprosperi.com\\\/wp-content\\\/uploads\\\/2024\\\/03\\\/53561902865_171a6c8da2_c.jpg?fit=799%2C533&ssl=1\",\"keywords\":[\"CBF\",\"futebol\"],\"articleSection\":[\"CBF\",\"futebol\",\"Sele\u00e7\u00e3o Brasileira\"],\"inLanguage\":\"pt-BR\",\"potentialAction\":[{\"@type\":\"CommentAction\",\"name\":\"Comment\",\"target\":[\"https:\\\/\\\/blogdoprosperi.com\\\/?p=42093#respond\"]}]},{\"@type\":\"WebPage\",\"@id\":\"https:\\\/\\\/blogdoprosperi.com\\\/?p=42093\",\"url\":\"https:\\\/\\\/blogdoprosperi.com\\\/?p=42093\",\"name\":\"Sele\u00e7\u00e3o Brasileira vira para\u00edso dos volantes na estreia de Dorival Junior - PR\u00d3SPERI NEWS\",\"isPartOf\":{\"@id\":\"https:\\\/\\\/blogdoprosperi.com\\\/#website\"},\"primaryImageOfPage\":{\"@id\":\"https:\\\/\\\/blogdoprosperi.com\\\/?p=42093#primaryimage\"},\"image\":{\"@id\":\"https:\\\/\\\/blogdoprosperi.com\\\/?p=42093#primaryimage\"},\"thumbnailUrl\":\"https:\\\/\\\/i0.wp.com\\\/blogdoprosperi.com\\\/wp-content\\\/uploads\\\/2024\\\/03\\\/53561902865_171a6c8da2_c.jpg?fit=799%2C533&ssl=1\",\"datePublished\":\"2024-03-01T17:03:51+00:00\",\"dateModified\":\"2024-03-02T00:06:46+00:00\",\"breadcrumb\":{\"@id\":\"https:\\\/\\\/blogdoprosperi.com\\\/?p=42093#breadcrumb\"},\"inLanguage\":\"pt-BR\",\"potentialAction\":[{\"@type\":\"ReadAction\",\"target\":[\"https:\\\/\\\/blogdoprosperi.com\\\/?p=42093\"]}]},{\"@type\":\"ImageObject\",\"inLanguage\":\"pt-BR\",\"@id\":\"https:\\\/\\\/blogdoprosperi.com\\\/?p=42093#primaryimage\",\"url\":\"https:\\\/\\\/i0.wp.com\\\/blogdoprosperi.com\\\/wp-content\\\/uploads\\\/2024\\\/03\\\/53561902865_171a6c8da2_c.jpg?fit=799%2C533&ssl=1\",\"contentUrl\":\"https:\\\/\\\/i0.wp.com\\\/blogdoprosperi.com\\\/wp-content\\\/uploads\\\/2024\\\/03\\\/53561902865_171a6c8da2_c.jpg?fit=799%2C533&ssl=1\",\"width\":799,\"height\":533,\"caption\":\"Dorival convoca sete volantes na sua primeira lista - foto CBF\"},{\"@type\":\"BreadcrumbList\",\"@id\":\"https:\\\/\\\/blogdoprosperi.com\\\/?p=42093#breadcrumb\",\"itemListElement\":[{\"@type\":\"ListItem\",\"position\":1,\"name\":\"In\u00edcio\",\"item\":\"https:\\\/\\\/blogdoprosperi.com\\\/\"},{\"@type\":\"ListItem\",\"position\":2,\"name\":\"Sele\u00e7\u00e3o Brasileira vira para\u00edso dos volantes na estreia de Dorival Junior\"}]},{\"@type\":\"WebSite\",\"@id\":\"https:\\\/\\\/blogdoprosperi.com\\\/#website\",\"url\":\"https:\\\/\\\/blogdoprosperi.com\\\/\",\"name\":\"PR\u00d3SPERI NEWS\",\"description\":\"TUDO \u00c9  FUTEBOL\",\"publisher\":{\"@id\":\"https:\\\/\\\/blogdoprosperi.com\\\/#\\\/schema\\\/person\\\/38100755ce3601861ee4fab9b5aa78e9\"},\"alternateName\":\"blogdoprosperi.com\",\"potentialAction\":[{\"@type\":\"SearchAction\",\"target\":{\"@type\":\"EntryPoint\",\"urlTemplate\":\"https:\\\/\\\/blogdoprosperi.com\\\/?s={search_term_string}\"},\"query-input\":{\"@type\":\"PropertyValueSpecification\",\"valueRequired\":true,\"valueName\":\"search_term_string\"}}],\"inLanguage\":\"pt-BR\"},{\"@type\":[\"Person\",\"Organization\"],\"@id\":\"https:\\\/\\\/blogdoprosperi.com\\\/#\\\/schema\\\/person\\\/38100755ce3601861ee4fab9b5aa78e9\",\"name\":\"Luiz Ant\u00f4nio Pr\u00f3speri\",\"pronouns\":\"ele\",\"image\":{\"@type\":\"ImageObject\",\"inLanguage\":\"pt-BR\",\"@id\":\"https:\\\/\\\/i0.wp.com\\\/blogdoprosperi.com\\\/wp-content\\\/uploads\\\/2026\\\/05\\\/cropped-8059e613-6002-42fa-961e-8e275f575d71-2-5.jpg?fit=1360%2C931&ssl=1\",\"url\":\"https:\\\/\\\/i0.wp.com\\\/blogdoprosperi.com\\\/wp-content\\\/uploads\\\/2026\\\/05\\\/cropped-8059e613-6002-42fa-961e-8e275f575d71-2-5.jpg?fit=1360%2C931&ssl=1\",\"contentUrl\":\"https:\\\/\\\/i0.wp.com\\\/blogdoprosperi.com\\\/wp-content\\\/uploads\\\/2026\\\/05\\\/cropped-8059e613-6002-42fa-961e-8e275f575d71-2-5.jpg?fit=1360%2C931&ssl=1\",\"width\":1360,\"height\":931,\"caption\":\"Luiz Ant\u00f4nio Pr\u00f3speri\"},\"logo\":{\"@id\":\"https:\\\/\\\/i0.wp.com\\\/blogdoprosperi.com\\\/wp-content\\\/uploads\\\/2026\\\/05\\\/cropped-8059e613-6002-42fa-961e-8e275f575d71-2-5.jpg?fit=1360%2C931&ssl=1\"},\"description\":\"Jornalista com carreira dedicada ao esporte. Cobriu 9 Copas do Mundo in loco, 1990 na It\u00e1lia, 1994 nos EUA, 1998 na Fran\u00e7a, 2002 na Coreia do Sul e Jap\u00e3o, 2006 na Alemanha, 2010 na \u00c1frica do Sul, 2014 no Brasil, 2018 na R\u00fassia e 2022 no Qatar. Eurocopas, 1992 na Su\u00e9cia e 1996 na Inglaterra. Copa das Confedera\u00e7\u00f5es de 2005 na Alemanha e 2009 na \u00c1frica do Sul. Rep\u00f3rter e Editor, trabalhou no Jornal da Tarde e Estad\u00e3o, de 1984 a fevereiro de 2016. Colunista, blogueiro. E comentarista de futebol na R\u00e1dio Estad\u00e3o, de 2013 a fevereiro de 2016. Jornalista respons\u00e1vel do \\\"Pr\u00f3speri News\\\" (blogdoprosperi.com).\",\"sameAs\":[\"http:\\\/\\\/blogdoprosperi.com\",\"Luiz Pr\u00f3speri\",\"@luiz_prosperi\",\"https:\\\/\\\/x.com\\\/Luizprosperi\",\"@prosperinacopa\",\"luiz.prosperi@icloud.com\"],\"url\":\"https:\\\/\\\/blogdoprosperi.com\\\/?author=102107496\"}]}<\/script>\n<!-- \/ Yoast SEO plugin. -->","yoast_head_json":{"title":"Sele\u00e7\u00e3o Brasileira vira para\u00edso dos volantes na estreia de Dorival Junior - PR\u00d3SPERI NEWS","robots":{"index":"index","follow":"follow","max-snippet":"max-snippet:-1","max-image-preview":"max-image-preview:large","max-video-preview":"max-video-preview:-1"},"canonical":"https:\/\/blogdoprosperi.com\/?p=42093","og_locale":"pt_BR","og_type":"article","og_title":"Sele\u00e7\u00e3o Brasileira vira para\u00edso dos volantes na estreia de Dorival Junior - PR\u00d3SPERI NEWS","og_description":"Dorival Junior anuncia sua primeira lista da Sele\u00e7\u00e3o Brasileira com uma penca de volantes \u2013 jogadores mais marcadores [&hellip;]","og_url":"https:\/\/blogdoprosperi.com\/?p=42093","og_site_name":"PR\u00d3SPERI NEWS","article_publisher":"Luiz Pr\u00f3speri","article_author":"Luiz Pr\u00f3speri","article_published_time":"2024-03-01T17:03:51+00:00","article_modified_time":"2024-03-02T00:06:46+00:00","og_image":[{"width":799,"height":533,"url":"https:\/\/i0.wp.com\/blogdoprosperi.com\/wp-content\/uploads\/2024\/03\/53561902865_171a6c8da2_c.jpg?fit=799%2C533&ssl=1","type":"image\/jpeg"}],"author":"Luiz Ant\u00f4nio Pr\u00f3speri","twitter_card":"summary_large_image","twitter_creator":"@Luizprosperi","twitter_site":"@Luizprosperi","twitter_misc":{"Escrito por":"Luiz Ant\u00f4nio Pr\u00f3speri","Est. tempo de leitura":"1 minuto"},"schema":{"@context":"https:\/\/schema.org","@graph":[{"@type":"Article","@id":"https:\/\/blogdoprosperi.com\/?p=42093#article","isPartOf":{"@id":"https:\/\/blogdoprosperi.com\/?p=42093"},"author":{"name":"Luiz Ant\u00f4nio Pr\u00f3speri","@id":"https:\/\/blogdoprosperi.com\/#\/schema\/person\/38100755ce3601861ee4fab9b5aa78e9"},"headline":"Sele\u00e7\u00e3o Brasileira vira para\u00edso dos volantes na estreia de Dorival Junior","datePublished":"2024-03-01T17:03:51+00:00","dateModified":"2024-03-02T00:06:46+00:00","mainEntityOfPage":{"@id":"https:\/\/blogdoprosperi.com\/?p=42093"},"wordCount":309,"commentCount":3,"publisher":{"@id":"https:\/\/blogdoprosperi.com\/#\/schema\/person\/38100755ce3601861ee4fab9b5aa78e9"},"image":{"@id":"https:\/\/blogdoprosperi.com\/?p=42093#primaryimage"},"thumbnailUrl":"https:\/\/i0.wp.com\/blogdoprosperi.com\/wp-content\/uploads\/2024\/03\/53561902865_171a6c8da2_c.jpg?fit=799%2C533&ssl=1","keywords":["CBF","futebol"],"articleSection":["CBF","futebol","Sele\u00e7\u00e3o Brasileira"],"inLanguage":"pt-BR","potentialAction":[{"@type":"CommentAction","name":"Comment","target":["https:\/\/blogdoprosperi.com\/?p=42093#respond"]}]},{"@type":"WebPage","@id":"https:\/\/blogdoprosperi.com\/?p=42093","url":"https:\/\/blogdoprosperi.com\/?p=42093","name":"Sele\u00e7\u00e3o Brasileira vira para\u00edso dos volantes na estreia de Dorival Junior - PR\u00d3SPERI NEWS","isPartOf":{"@id":"https:\/\/blogdoprosperi.com\/#website"},"primaryImageOfPage":{"@id":"https:\/\/blogdoprosperi.com\/?p=42093#primaryimage"},"image":{"@id":"https:\/\/blogdoprosperi.com\/?p=42093#primaryimage"},"thumbnailUrl":"https:\/\/i0.wp.com\/blogdoprosperi.com\/wp-content\/uploads\/2024\/03\/53561902865_171a6c8da2_c.jpg?fit=799%2C533&ssl=1","datePublished":"2024-03-01T17:03:51+00:00","dateModified":"2024-03-02T00:06:46+00:00","breadcrumb":{"@id":"https:\/\/blogdoprosperi.com\/?p=42093#breadcrumb"},"inLanguage":"pt-BR","potentialAction":[{"@type":"ReadAction","target":["https:\/\/blogdoprosperi.com\/?p=42093"]}]},{"@type":"ImageObject","inLanguage":"pt-BR","@id":"https:\/\/blogdoprosperi.com\/?p=42093#primaryimage","url":"https:\/\/i0.wp.com\/blogdoprosperi.com\/wp-content\/uploads\/2024\/03\/53561902865_171a6c8da2_c.jpg?fit=799%2C533&ssl=1","contentUrl":"https:\/\/i0.wp.com\/blogdoprosperi.com\/wp-content\/uploads\/2024\/03\/53561902865_171a6c8da2_c.jpg?fit=799%2C533&ssl=1","width":799,"height":533,"caption":"Dorival convoca sete volantes na sua primeira lista - foto CBF"},{"@type":"BreadcrumbList","@id":"https:\/\/blogdoprosperi.com\/?p=42093#breadcrumb","itemListElement":[{"@type":"ListItem","position":1,"name":"In\u00edcio","item":"https:\/\/blogdoprosperi.com\/"},{"@type":"ListItem","position":2,"name":"Sele\u00e7\u00e3o Brasileira vira para\u00edso dos volantes na estreia de Dorival Junior"}]},{"@type":"WebSite","@id":"https:\/\/blogdoprosperi.com\/#website","url":"https:\/\/blogdoprosperi.com\/","name":"PR\u00d3SPERI NEWS","description":"TUDO \u00c9  FUTEBOL","publisher":{"@id":"https:\/\/blogdoprosperi.com\/#\/schema\/person\/38100755ce3601861ee4fab9b5aa78e9"},"alternateName":"blogdoprosperi.com","potentialAction":[{"@type":"SearchAction","target":{"@type":"EntryPoint","urlTemplate":"https:\/\/blogdoprosperi.com\/?s={search_term_string}"},"query-input":{"@type":"PropertyValueSpecification","valueRequired":true,"valueName":"search_term_string"}}],"inLanguage":"pt-BR"},{"@type":["Person","Organization"],"@id":"https:\/\/blogdoprosperi.com\/#\/schema\/person\/38100755ce3601861ee4fab9b5aa78e9","name":"Luiz Ant\u00f4nio Pr\u00f3speri","pronouns":"ele","image":{"@type":"ImageObject","inLanguage":"pt-BR","@id":"https:\/\/i0.wp.com\/blogdoprosperi.com\/wp-content\/uploads\/2026\/05\/cropped-8059e613-6002-42fa-961e-8e275f575d71-2-5.jpg?fit=1360%2C931&ssl=1","url":"https:\/\/i0.wp.com\/blogdoprosperi.com\/wp-content\/uploads\/2026\/05\/cropped-8059e613-6002-42fa-961e-8e275f575d71-2-5.jpg?fit=1360%2C931&ssl=1","contentUrl":"https:\/\/i0.wp.com\/blogdoprosperi.com\/wp-content\/uploads\/2026\/05\/cropped-8059e613-6002-42fa-961e-8e275f575d71-2-5.jpg?fit=1360%2C931&ssl=1","width":1360,"height":931,"caption":"Luiz Ant\u00f4nio Pr\u00f3speri"},"logo":{"@id":"https:\/\/i0.wp.com\/blogdoprosperi.com\/wp-content\/uploads\/2026\/05\/cropped-8059e613-6002-42fa-961e-8e275f575d71-2-5.jpg?fit=1360%2C931&ssl=1"},"description":"Jornalista com carreira dedicada ao esporte. Cobriu 9 Copas do Mundo in loco, 1990 na It\u00e1lia, 1994 nos EUA, 1998 na Fran\u00e7a, 2002 na Coreia do Sul e Jap\u00e3o, 2006 na Alemanha, 2010 na \u00c1frica do Sul, 2014 no Brasil, 2018 na R\u00fassia e 2022 no Qatar. Eurocopas, 1992 na Su\u00e9cia e 1996 na Inglaterra. Copa das Confedera\u00e7\u00f5es de 2005 na Alemanha e 2009 na \u00c1frica do Sul. Rep\u00f3rter e Editor, trabalhou no Jornal da Tarde e Estad\u00e3o, de 1984 a fevereiro de 2016. Colunista, blogueiro. E comentarista de futebol na R\u00e1dio Estad\u00e3o, de 2013 a fevereiro de 2016. Jornalista respons\u00e1vel do \"Pr\u00f3speri News\" (blogdoprosperi.com).","sameAs":["http:\/\/blogdoprosperi.com","Luiz Pr\u00f3speri","@luiz_prosperi","https:\/\/x.com\/Luizprosperi","@prosperinacopa","luiz.prosperi@icloud.com"],"url":"https:\/\/blogdoprosperi.com\/?author=102107496"}]}},"jetpack_publicize_connections":[],"jetpack_likes_enabled":false,"jetpack_sharing_enabled":true,"jetpack_shortlink":"https:\/\/wp.me\/p7jvdk-aWV","jetpack-related-posts":[{"id":45800,"url":"https:\/\/blogdoprosperi.com\/?p=45800","url_meta":{"origin":42093,"position":0},"title":"Brasil Vence Chile e Dorival Junior j\u00e1 Pode Arrumar a Trouxinha","author":"Luiz Ant\u00f4nio Pr\u00f3speri","date":"10 de outubro de 2024","format":false,"excerpt":"Dorival Junior \u00e9 t\u00e9cnico de clube. N\u00e3o est\u00e1 no degrau da Sele\u00e7\u00e3o Brasileira. H\u00e1 quase um ano no comando do escrete, em 11 jogos, n\u00e3o saiu do lugar. Brasil se arrasta em campo. N\u00e3o tem ideias e, durante os jogos, Dorival n\u00e3o tira o time do seu quadrado. Vit\u00f3ria por\u2026","rel":"","context":"Em &quot;futebol&quot;","block_context":{"text":"futebol","link":"https:\/\/blogdoprosperi.com\/?cat=53870"},"img":{"alt_text":"Brasil joga mal. Dorival erra, mas vence Chile","src":"https:\/\/i0.wp.com\/blogdoprosperi.com\/wp-content\/uploads\/2024\/10\/54058378728_1379a41e32_c.jpg?fit=800%2C528&ssl=1&resize=350%2C200","width":350,"height":200,"srcset":"https:\/\/i0.wp.com\/blogdoprosperi.com\/wp-content\/uploads\/2024\/10\/54058378728_1379a41e32_c.jpg?fit=800%2C528&ssl=1&resize=350%2C200 1x, https:\/\/i0.wp.com\/blogdoprosperi.com\/wp-content\/uploads\/2024\/10\/54058378728_1379a41e32_c.jpg?fit=800%2C528&ssl=1&resize=525%2C300 1.5x, https:\/\/i0.wp.com\/blogdoprosperi.com\/wp-content\/uploads\/2024\/10\/54058378728_1379a41e32_c.jpg?fit=800%2C528&ssl=1&resize=700%2C400 2x"},"classes":[]},{"id":42555,"url":"https:\/\/blogdoprosperi.com\/?p=42555","url_meta":{"origin":42093,"position":1},"title":"An\u00e1lise: Empate do Brasil contra os EUA exp\u00f5e fragilidades antes da Copa Am\u00e9rica","author":"Luiz Ant\u00f4nio Pr\u00f3speri","date":"12 de junho de 2024","format":false,"excerpt":"Sele\u00e7\u00e3o Brasileira baixa guarda contra os Estados Unidos no \u00faltimo amistoso antes da estreia na Copa Am\u00e9rica. Empate por 1 a 1 na Fl\u00f3rida resume a exibi\u00e7\u00e3o esqu\u00e1lida do time de Dorival J\u00fanior. E dessa vez nem o precoce Endrick nem o endiabrado Vini Jr iluminaram o Brasil. Fraco \u00e9\u2026","rel":"","context":"Em &quot;CBF&quot;","block_context":{"text":"CBF","link":"https:\/\/blogdoprosperi.com\/?cat=570700"},"img":{"alt_text":"Brasil baixa guarda diante dos EUA","src":"https:\/\/i0.wp.com\/blogdoprosperi.com\/wp-content\/uploads\/2024\/06\/53788106335_4bd94fb2d5_c.jpg?fit=800%2C543&ssl=1&resize=350%2C200","width":350,"height":200,"srcset":"https:\/\/i0.wp.com\/blogdoprosperi.com\/wp-content\/uploads\/2024\/06\/53788106335_4bd94fb2d5_c.jpg?fit=800%2C543&ssl=1&resize=350%2C200 1x, https:\/\/i0.wp.com\/blogdoprosperi.com\/wp-content\/uploads\/2024\/06\/53788106335_4bd94fb2d5_c.jpg?fit=800%2C543&ssl=1&resize=525%2C300 1.5x, https:\/\/i0.wp.com\/blogdoprosperi.com\/wp-content\/uploads\/2024\/06\/53788106335_4bd94fb2d5_c.jpg?fit=800%2C543&ssl=1&resize=700%2C400 2x"},"classes":[]},{"id":43154,"url":"https:\/\/blogdoprosperi.com\/?p=43154","url_meta":{"origin":42093,"position":2},"title":"Copa Am\u00e9rica 2024: Sele\u00e7\u00e3o Brasileira empata sem gols contra Costa Rica, atua\u00e7\u00e3o fraca e confusa na estreia","author":"Luiz Ant\u00f4nio Pr\u00f3speri","date":"25 de junho de 2024","format":false,"excerpt":"Sele\u00e7\u00e3o Brasileira frustra todas expectativas no empate sem gols contra Costa Rica na estreia na Copa Am\u00e9rica 2024. Atua\u00e7\u00e3o fraca, sem a menor inspira\u00e7\u00e3o e, pior, com p\u00e9ssimas escolhas de Dorival J\u00fanior. Onde j\u00e1 se viu um treinador de Sele\u00e7\u00e3o substituir seu principal jogador, falamos de Vini Jr, quando o\u2026","rel":"","context":"Em &quot;CBF&quot;","block_context":{"text":"CBF","link":"https:\/\/blogdoprosperi.com\/?cat=570700"},"img":{"alt_text":"Brasil frustrante na estreia na Copa Am\u00e9rica 2024","src":"https:\/\/i0.wp.com\/blogdoprosperi.com\/wp-content\/uploads\/2024\/06\/image-1.webp?fit=1200%2C800&ssl=1&resize=350%2C200","width":350,"height":200,"srcset":"https:\/\/i0.wp.com\/blogdoprosperi.com\/wp-content\/uploads\/2024\/06\/image-1.webp?fit=1200%2C800&ssl=1&resize=350%2C200 1x, https:\/\/i0.wp.com\/blogdoprosperi.com\/wp-content\/uploads\/2024\/06\/image-1.webp?fit=1200%2C800&ssl=1&resize=525%2C300 1.5x, https:\/\/i0.wp.com\/blogdoprosperi.com\/wp-content\/uploads\/2024\/06\/image-1.webp?fit=1200%2C800&ssl=1&resize=700%2C400 2x, https:\/\/i0.wp.com\/blogdoprosperi.com\/wp-content\/uploads\/2024\/06\/image-1.webp?fit=1200%2C800&ssl=1&resize=1050%2C600 3x"},"classes":[]},{"id":49086,"url":"https:\/\/blogdoprosperi.com\/?p=49086","url_meta":{"origin":42093,"position":3},"title":"Sele\u00e7\u00e3o Brasileira | Vamos ao Div\u00e3 Acompanhar os \u00daltimos Dias de Dorival no Comando do Escrete","author":"Luiz Ant\u00f4nio Pr\u00f3speri","date":"20 de mar\u00e7o de 2025","format":false,"excerpt":"Cabe\u00e7a de Dorival est\u00e1 servida na bandeja do presidente da CBF. Resultados ruins diante da Col\u00f4mbia e Argentina, adeus Dorival. Sele\u00e7\u00e3o Brasileira n\u00e3o pode ser montada com base no que os jogadores jogam em seus clubes. N\u00e3o combina. \u00c9 preciso de identidade pr\u00f3pria Luiz Ant\u00f4nio Pr\u00f3speri \u2013 20 mar\u00e7o (12h31)\u2026","rel":"","context":"Em &quot;futebol&quot;","block_context":{"text":"futebol","link":"https:\/\/blogdoprosperi.com\/?cat=53870"},"img":{"alt_text":"Brasil x Col\u00f4mbia, vamos ao div\u00e3","src":"https:\/\/i0.wp.com\/blogdoprosperi.com\/wp-content\/uploads\/2025\/03\/54398963323_d4964b845b_c.jpg?fit=799%2C559&ssl=1&resize=350%2C200","width":350,"height":200,"srcset":"https:\/\/i0.wp.com\/blogdoprosperi.com\/wp-content\/uploads\/2025\/03\/54398963323_d4964b845b_c.jpg?fit=799%2C559&ssl=1&resize=350%2C200 1x, https:\/\/i0.wp.com\/blogdoprosperi.com\/wp-content\/uploads\/2025\/03\/54398963323_d4964b845b_c.jpg?fit=799%2C559&ssl=1&resize=525%2C300 1.5x, https:\/\/i0.wp.com\/blogdoprosperi.com\/wp-content\/uploads\/2025\/03\/54398963323_d4964b845b_c.jpg?fit=799%2C559&ssl=1&resize=700%2C400 2x"},"classes":[]},{"id":43725,"url":"https:\/\/blogdoprosperi.com\/?p=43725","url_meta":{"origin":42093,"position":4},"title":"Sele\u00e7\u00e3o Brasileira eliminada na Copa Am\u00e9rica 2024: muito obrigado Dorival J\u00fanior","author":"Luiz Ant\u00f4nio Pr\u00f3speri","date":"7 de julho de 2024","format":false,"excerpt":"Por Luiz Ant\u00f4nio Pr\u00f3speri - (07\/7) - 00h30 Sele\u00e7\u00e3o Brasileira est\u00e1 fora da Copa Am\u00e9rica 2024. Cai eliminada nos p\u00eanaltis para o Uruguai. \u00c9 a realidade do futebol do Brasil. Desbotado como o amarelo da nova camisa grife Nike. Opaco como a gola verde clara. Sem personalidade como a maioria\u2026","rel":"","context":"Em &quot;futebol&quot;","block_context":{"text":"futebol","link":"https:\/\/blogdoprosperi.com\/?cat=53870"},"img":{"alt_text":"Brasil fora da Copa Am\u00e9rica 2024","src":"https:\/\/i0.wp.com\/blogdoprosperi.com\/wp-content\/uploads\/2024\/07\/gr2kqrdxkaas3fo.jpeg?fit=1200%2C675&ssl=1&resize=350%2C200","width":350,"height":200,"srcset":"https:\/\/i0.wp.com\/blogdoprosperi.com\/wp-content\/uploads\/2024\/07\/gr2kqrdxkaas3fo.jpeg?fit=1200%2C675&ssl=1&resize=350%2C200 1x, https:\/\/i0.wp.com\/blogdoprosperi.com\/wp-content\/uploads\/2024\/07\/gr2kqrdxkaas3fo.jpeg?fit=1200%2C675&ssl=1&resize=525%2C300 1.5x, https:\/\/i0.wp.com\/blogdoprosperi.com\/wp-content\/uploads\/2024\/07\/gr2kqrdxkaas3fo.jpeg?fit=1200%2C675&ssl=1&resize=700%2C400 2x, https:\/\/i0.wp.com\/blogdoprosperi.com\/wp-content\/uploads\/2024\/07\/gr2kqrdxkaas3fo.jpeg?fit=1200%2C675&ssl=1&resize=1050%2C600 3x"},"classes":[]},{"id":45140,"url":"https:\/\/blogdoprosperi.com\/?p=45140","url_meta":{"origin":42093,"position":5},"title":"Sele\u00e7\u00e3o Brasileira Perde do Paraguai: Culpa do Presidente da CBF. Camisas Amarelas ao Vento","author":"Luiz Ant\u00f4nio Pr\u00f3speri","date":"11 de setembro de 2024","format":false,"excerpt":"Luiz Antonio Pr\u00f3speri \u2013 11 setembro (atualizado 10h30) CBF est\u00e1 sem sa\u00edda diante de mais um fracasso rotundo da Sele\u00e7\u00e3o Brasileira - derrota constrangedora para o Paraguai nas Eliminat\u00f3rias da Copa 2026. Presidente Ednaldo Rodrigues, centralizador como ele s\u00f3, n\u00e3o tem um colegiado a ouvir ou ajud\u00e1-lo a tomar decis\u00f5es\u2026","rel":"","context":"Em &quot;futebol&quot;","block_context":{"text":"futebol","link":"https:\/\/blogdoprosperi.com\/?cat=53870"},"img":{"alt_text":"Sele\u00e7\u00e3o Brasileira \u00e0 espera de um time","src":"https:\/\/i0.wp.com\/blogdoprosperi.com\/wp-content\/uploads\/2024\/09\/53987038463_1c33dba7d8_k.jpg?fit=1200%2C800&ssl=1&resize=350%2C200","width":350,"height":200,"srcset":"https:\/\/i0.wp.com\/blogdoprosperi.com\/wp-content\/uploads\/2024\/09\/53987038463_1c33dba7d8_k.jpg?fit=1200%2C800&ssl=1&resize=350%2C200 1x, https:\/\/i0.wp.com\/blogdoprosperi.com\/wp-content\/uploads\/2024\/09\/53987038463_1c33dba7d8_k.jpg?fit=1200%2C800&ssl=1&resize=525%2C300 1.5x, https:\/\/i0.wp.com\/blogdoprosperi.com\/wp-content\/uploads\/2024\/09\/53987038463_1c33dba7d8_k.jpg?fit=1200%2C800&ssl=1&resize=700%2C400 2x, https:\/\/i0.wp.com\/blogdoprosperi.com\/wp-content\/uploads\/2024\/09\/53987038463_1c33dba7d8_k.jpg?fit=1200%2C800&ssl=1&resize=1050%2C600 3x"},"classes":[]}],"jetpack_featured_media_url":"https:\/\/i0.wp.com\/blogdoprosperi.com\/wp-content\/uploads\/2024\/03\/53561902865_171a6c8da2_c.jpg?fit=799%2C533&ssl=1","_links":{"self":[{"href":"https:\/\/blogdoprosperi.com\/index.php?rest_route=\/wp\/v2\/posts\/42093","targetHints":{"allow":["GET"]}}],"collection":[{"href":"https:\/\/blogdoprosperi.com\/index.php?rest_route=\/wp\/v2\/posts"}],"about":[{"href":"https:\/\/blogdoprosperi.com\/index.php?rest_route=\/wp\/v2\/types\/post"}],"author":[{"embeddable":true,"href":"https:\/\/blogdoprosperi.com\/index.php?rest_route=\/wp\/v2\/users\/102107496"}],"replies":[{"embeddable":true,"href":"https:\/\/blogdoprosperi.com\/index.php?rest_route=%2Fwp%2Fv2%2Fcomments&post=42093"}],"version-history":[{"count":8,"href":"https:\/\/blogdoprosperi.com\/index.php?rest_route=\/wp\/v2\/posts\/42093\/revisions"}],"predecessor-version":[{"id":42107,"href":"https:\/\/blogdoprosperi.com\/index.php?rest_route=\/wp\/v2\/posts\/42093\/revisions\/42107"}],"wp:featuredmedia":[{"embeddable":true,"href":"https:\/\/blogdoprosperi.com\/index.php?rest_route=\/wp\/v2\/media\/42098"}],"wp:attachment":[{"href":"https:\/\/blogdoprosperi.com\/index.php?rest_route=%2Fwp%2Fv2%2Fmedia&parent=42093"}],"wp:term":[{"taxonomy":"category","embeddable":true,"href":"https:\/\/blogdoprosperi.com\/index.php?rest_route=%2Fwp%2Fv2%2Fcategories&post=42093"},{"taxonomy":"post_tag","embeddable":true,"href":"https:\/\/blogdoprosperi.com\/index.php?rest_route=%2Fwp%2Fv2%2Ftags&post=42093"}],"curies":[{"name":"wp","href":"https:\/\/api.w.org\/{rel}","templated":true}]}}