{"id":42128,"date":"2024-03-06T16:57:09","date_gmt":"2024-03-06T19:57:09","guid":{"rendered":"https:\/\/blogdoprosperi.com\/?p=42128"},"modified":"2024-03-06T21:17:41","modified_gmt":"2024-03-07T00:17:41","slug":"futebol-brasileiro-abraca-a-desgraca-nesse-inicio-de-temporada","status":"publish","type":"post","link":"https:\/\/blogdoprosperi.com\/?p=42128","title":{"rendered":"Futebol brasileiro abra\u00e7a a desgra\u00e7a nesse in\u00edcio de temporada"},"content":{"rendered":"<p>Futebol brasileiro vive um dos piores momentos de sua hist\u00f3ria. Beira ao esc\u00e1rnio. Em pouco menos de dois meses de uma nova temporada, 2024 &nbsp;j\u00e1 conta trag\u00e9dias, crimes, descaso, emboscadas, xenofobia, toda sorte de mazelas. E n\u00e3o h\u00e1 o menor sinal de respostas ao caos.<\/p>\n<p>Acompanhe roteiro das desgraceiras. N\u00e3o hesite em tapar o nariz no caso de passar mal.<\/p>\n<p>Veja. Nenhum torcedor bandido do Sport foi preso ou denunciado no ataque criminoso a jogadores do Fortaleza. Na emboscada ao \u00f4nibus, que conduzia o time na sa\u00edda da Arena Pernambuco, no Recife, ap\u00f3s jogo contra o Sport, bombas, pedras e outros objetos foram atirados em dire\u00e7\u00e3o aos atletas. Muitos jogadores feridos. Por sorte escaparam da morte.<\/p>\n<p>Atentado se deu h\u00e1 15 dias. Feridas dos jogadores ainda n\u00e3o cicatrizaram. CBF, clubes e entidades do futebol emitiram notas de rep\u00fadio. Minist\u00e9rio P\u00fablico do Recife investiga o ataque. E os torcedores bandidos continuam frequentando est\u00e1dios.<\/p>\n<figure id=\"attachment_42138\" aria-describedby=\"caption-attachment-42138\" style=\"width: 800px\" class=\"wp-caption alignnone\"><img data-recalc-dims=\"1\" loading=\"lazy\" decoding=\"async\" data-attachment-id=\"42138\" data-permalink=\"https:\/\/blogdoprosperi.com\/?attachment_id=42138\" data-orig-file=\"https:\/\/i0.wp.com\/blogdoprosperi.com\/wp-content\/uploads\/2024\/03\/fortaleza-emite-nota-detalhando-situacao-de-jogadores-apos-atentado-15f0be49-0c9e-4cbb-81e9-5246068dd92b.webp?fit=800%2C449&amp;ssl=1\" data-orig-size=\"800,449\" data-comments-opened=\"1\" data-image-meta=\"{&quot;aperture&quot;:&quot;0&quot;,&quot;credit&quot;:&quot;&quot;,&quot;camera&quot;:&quot;&quot;,&quot;caption&quot;:&quot;&quot;,&quot;created_timestamp&quot;:&quot;0&quot;,&quot;copyright&quot;:&quot;&quot;,&quot;focal_length&quot;:&quot;0&quot;,&quot;iso&quot;:&quot;0&quot;,&quot;shutter_speed&quot;:&quot;0&quot;,&quot;title&quot;:&quot;&quot;,&quot;orientation&quot;:&quot;0&quot;}\" data-image-title=\"Atentado contra o Fortaleza\" data-image-description=\"\" data-image-caption=\"&lt;p&gt;Jogadores do Fortaleza feridos \u2013 foto: site Fortaleza&lt;\/p&gt;\n\" data-large-file=\"https:\/\/i0.wp.com\/blogdoprosperi.com\/wp-content\/uploads\/2024\/03\/fortaleza-emite-nota-detalhando-situacao-de-jogadores-apos-atentado-15f0be49-0c9e-4cbb-81e9-5246068dd92b.webp?fit=800%2C449&amp;ssl=1\" src=\"https:\/\/i0.wp.com\/blogdoprosperi.com\/wp-content\/uploads\/2024\/03\/fortaleza-emite-nota-detalhando-situacao-de-jogadores-apos-atentado-15f0be49-0c9e-4cbb-81e9-5246068dd92b.webp?resize=800%2C449&#038;ssl=1\" class=\"size-full wp-image-42138\" alt=\"\" width=\"800\" height=\"449\"><figcaption id=\"caption-attachment-42138\" class=\"wp-caption-text\">Jogadores do Fortaleza feridos \u2013 foto: site Fortaleza<\/figcaption><\/figure>\n<p><span class=\"alignnone\"><img data-recalc-dims=\"1\" loading=\"lazy\" decoding=\"async\" data-attachment-id=\"42139\" data-permalink=\"https:\/\/blogdoprosperi.com\/?attachment_id=42139\" data-orig-file=\"https:\/\/i0.wp.com\/blogdoprosperi.com\/wp-content\/uploads\/2024\/03\/image-22-105-1024x576.jpg.webp?fit=1024%2C576&amp;ssl=1\" data-orig-size=\"1024,576\" data-comments-opened=\"1\" data-image-meta=\"{&quot;aperture&quot;:&quot;0&quot;,&quot;credit&quot;:&quot;&quot;,&quot;camera&quot;:&quot;&quot;,&quot;caption&quot;:&quot;&quot;,&quot;created_timestamp&quot;:&quot;0&quot;,&quot;copyright&quot;:&quot;&quot;,&quot;focal_length&quot;:&quot;0&quot;,&quot;iso&quot;:&quot;0&quot;,&quot;shutter_speed&quot;:&quot;0&quot;,&quot;title&quot;:&quot;&quot;,&quot;orientation&quot;:&quot;0&quot;}\" data-image-title=\"image-22-105-1024&amp;#215;576.jpg\" data-image-description=\"\" data-image-caption=\"\" data-large-file=\"https:\/\/i0.wp.com\/blogdoprosperi.com\/wp-content\/uploads\/2024\/03\/image-22-105-1024x576.jpg.webp?fit=940%2C529&amp;ssl=1\" src=\"https:\/\/i0.wp.com\/blogdoprosperi.com\/wp-content\/uploads\/2024\/03\/image-22-105-1024x576.jpg.webp?resize=940%2C529&#038;ssl=1\" class=\"alignnone size-large wp-image-42139\" width=\"940\" height=\"529\" alt=\"\"><\/span><\/p>\n<p>N\u00e3o se assuste. Torcedores bandidos de Cruzeiro e Atl\u00e9tico entraram em batalha sangu\u00ednea as ruas de Belo Horizonte nesse domingo, dia 3\/03\/2024, sem cl\u00e1ssico no Campeonato Mineiro. Saldo: uma morte, dezenas de feridos, quebra-quebra e ningu\u00e9m denunciado. Todos soltos.<\/p>\n<p>E pode tapar o nariz. Daniel Alves, um dos capit\u00e3es da Sele\u00e7\u00e3o Brasileira na Copa do Mundo Qatar 2022, foi condenado a 4 anos e seis meses na Espanha por estupro de uma jovem de 23 anos. Senten\u00e7a foi anunciada h\u00e1 pouco mais de uma semana em Barcelona.<\/p>\n<p>A pena a Daniel diminuiu gra\u00e7as \u00e0 ajuda financeira de 150 mil euros (R$ 800 mil) doados por Neymar e serve como &#8220;atenuante de repara\u00e7\u00e3o de dano causado\u201d \u00e0 v\u00edtima. Neymar \u00e9 a principal estrela do futebol brasileiro com direito a mais de cem milh\u00f5es de seguidores no Instagram.<\/p>\n<p>Robinho, astro do Santos e Sele\u00e7\u00e3o Brasileira na primeira d\u00e9cada dos anos 2000, vive livre e solto em Santos ap\u00f3s condena\u00e7\u00e3o de 9 anos por estupro coletivo na It\u00e1lia. O \u00eddolo ca\u00eddo passeia pelas praias santistas e ainda visita depend\u00eancias dos Santos FC.<\/p>\n<p>Na CBF, o presidente Ednaldo Rodrigues reassumiu o posto gra\u00e7as a uma liminar de Gilmar Mendes, ministro do STF. Se assim n\u00e3o fosse, a entidade teria de passar por novas elei\u00e7\u00f5es em janeiro passado.<\/p>\n<p>E quando a bola rola nesse in\u00edcio de temporada recheada de competi\u00e7\u00f5es estaduais, a primeira fase do Campeonato Carioca teve boa parte de seus jogos disputados na regi\u00f5es Norte e Nordeste. Os cariocas s\u00f3 voltaram a ver jogos de seus times in loco a partir da segunda metade do torneio. Campeonato estadual itinerante.<\/p>\n<p>Ainda nos estaduais, presidente do S\u00e3o Paulo abusou das bravatas ap\u00f3s cl\u00e1ssico contra Palmeiras domingo (03\/3) no MorumBis. Com direito a humilhar o jovem \u00e1rbitro Matheus Candan\u00e7an, de apenas 25 anos. O acusaram de ladr\u00e3o, sem usar o adjetivo de forma expl\u00edcita. Sobrou tamb\u00e9m para Abel Ferreira, t\u00e9cnico do Palmeiras, o &#8220;portugu\u00eas de m&#8230;&#8221;, como se referiu o diretor do S\u00e3o Paulo Carlos Belmonte.<\/p>\n<p>O mesmo S\u00e3o Paulo que prop\u00f4s e teve aprovado pelos clubes na CBF o limite de jogadores 9 jogadores por time no Brasileir\u00e3o 2024 \u2013 antes eram 7 gringos. Assim o Tricolor pode jogar com apenas dois brasileiros.<\/p>\n<p>Veja exemplo: Rafael (goleiro, Brasil), zagueiros Ferraresi (Venezuela), Arboleda (Equador) e Alan Franco (Argentina); os meias Galoppo (Argentina), Michel Ara\u00fajo (Uruguai), Bobadilla (Paraguai), James Rodr\u00edguez (Col\u00f4mbia) e Iba L(Senegal), no ataque Lucas (Brasil) e Calleri (Argetina).<\/p>\n<p>M\u00e3o de obra mais barata e mercado mais fechado aos jogadores brasileiros.<\/p>\n<p>Alheios ou acostumados a todas essas desgra\u00e7as, torcedores comuns continuam lotando os est\u00e1dios nesse in\u00edcio de temporada.<\/p>\n<p>Enquanto isso, na Europa, Vini Jr caminha na sua cruzada contra o racismo como mostrou no gesto de comemora\u00e7\u00e3o de um de seus gols em cima do Valencia, no \u00faltimo fim de semana. Torcida do Valencia \u00e9 campe\u00e3 de insultos racistas contra Vini, o nosso cavaleiro solit\u00e1rio.<\/p>\n<figure id=\"attachment_42136\" aria-describedby=\"caption-attachment-42136\" style=\"width: 1024px\" class=\"wp-caption alignnone\"><img data-recalc-dims=\"1\" loading=\"lazy\" decoding=\"async\" data-attachment-id=\"42136\" data-permalink=\"https:\/\/blogdoprosperi.com\/?attachment_id=42136\" data-orig-file=\"https:\/\/i0.wp.com\/blogdoprosperi.com\/wp-content\/uploads\/2024\/03\/vinicius-jr-brilha-ao-marcar-dois-gols-no-reencontro-com-torcida-do-valencia-em-laliga.jpg?fit=1295%2C729&amp;ssl=1\" data-orig-size=\"1295,729\" data-comments-opened=\"1\" data-image-meta=\"{&quot;aperture&quot;:&quot;0&quot;,&quot;credit&quot;:&quot;&quot;,&quot;camera&quot;:&quot;&quot;,&quot;caption&quot;:&quot;&quot;,&quot;created_timestamp&quot;:&quot;0&quot;,&quot;copyright&quot;:&quot;&quot;,&quot;focal_length&quot;:&quot;0&quot;,&quot;iso&quot;:&quot;0&quot;,&quot;shutter_speed&quot;:&quot;0&quot;,&quot;title&quot;:&quot;&quot;,&quot;orientation&quot;:&quot;0&quot;}\" data-image-title=\"Vini Jr contra racismo\" data-image-description=\"\" data-image-caption=\"&lt;p&gt;Vini Jr comemora gol contra Valencia \u2013 foto: divulga\u00e7\u00e3o&lt;\/p&gt;\n\" data-large-file=\"https:\/\/i0.wp.com\/blogdoprosperi.com\/wp-content\/uploads\/2024\/03\/vinicius-jr-brilha-ao-marcar-dois-gols-no-reencontro-com-torcida-do-valencia-em-laliga.jpg?fit=940%2C529&amp;ssl=1\" src=\"https:\/\/i0.wp.com\/blogdoprosperi.com\/wp-content\/uploads\/2024\/03\/vinicius-jr-brilha-ao-marcar-dois-gols-no-reencontro-com-torcida-do-valencia-em-laliga.jpg?resize=940%2C529&#038;ssl=1\" class=\"size-large wp-image-42136\" width=\"940\" height=\"529\" alt=\"\"><figcaption id=\"caption-attachment-42136\" class=\"wp-caption-text\">Vini Jr comemora gol contra Valencia \u2013 foto: divulga\u00e7\u00e3o<\/figcaption><\/figure>\n","protected":false},"excerpt":{"rendered":"<p>Futebol brasileiro vive um dos piores momentos de sua hist\u00f3ria. Beira ao esc\u00e1rnio. Em pouco menos de dois [&hellip;]<\/p>\n","protected":false},"author":102107496,"featured_media":42142,"comment_status":"open","ping_status":"open","sticky":false,"template":"","format":"standard","meta":{"_coblocks_attr":"","_coblocks_dimensions":"","_coblocks_responsive_height":"","_coblocks_accordion_ie_support":"","_jetpack_newsletter_access":"","_jetpack_dont_email_post_to_subs":false,"_jetpack_newsletter_tier_id":0,"_jetpack_memberships_contains_paywalled_content":false,"_wpcom_ai_launchpad_first_post":false,"_jetpack_feature_clip_id":0,"_jetpack_memberships_contains_paid_content":false,"footnotes":"","jetpack_publicize_message":"","jetpack_publicize_feature_enabled":true,"jetpack_social_post_already_shared":false,"jetpack_social_options":{"image_generator_settings":{"template":"highway","default_image_id":0,"font":"","enabled":false},"version":2},"jetpack_post_was_ever_published":false},"categories":[570700,53870,768932782,765244614],"tags":[789560569,1432668,358890,789560560,4112146,646227778],"class_list":["post-42128","post","type-post","status-publish","format-standard","has-post-thumbnail","hentry","category-cbf","category-futebol","category-futebol-2024","category-paulistao-2024","tag-cbf","tag-daniel-alves","tag-fortaleza","tag-futebol","tag-neymar","tag-vini-jr"],"yoast_head":"<!-- This site is optimized with the Yoast SEO plugin v28.4 - https:\/\/yoast.com\/product\/yoast-seo-wordpress\/ -->\n<title>Futebol brasileiro abra\u00e7a a desgra\u00e7a nesse in\u00edcio de temporada - PR\u00d3SPERI NEWS<\/title>\n<meta name=\"robots\" content=\"index, follow, max-snippet:-1, max-image-preview:large, max-video-preview:-1\" \/>\n<link rel=\"canonical\" href=\"https:\/\/blogdoprosperi.com\/?p=42128\" \/>\n<meta property=\"og:locale\" content=\"pt_BR\" \/>\n<meta property=\"og:type\" content=\"article\" \/>\n<meta property=\"og:title\" content=\"Futebol brasileiro abra\u00e7a a desgra\u00e7a nesse in\u00edcio de temporada - PR\u00d3SPERI NEWS\" \/>\n<meta property=\"og:description\" content=\"Futebol brasileiro vive um dos piores momentos de sua hist\u00f3ria. Beira ao esc\u00e1rnio. Em pouco menos de dois [&hellip;]\" \/>\n<meta property=\"og:url\" content=\"https:\/\/blogdoprosperi.com\/?p=42128\" \/>\n<meta property=\"og:site_name\" content=\"PR\u00d3SPERI NEWS\" \/>\n<meta property=\"article:publisher\" content=\"Luiz Pr\u00f3speri\" \/>\n<meta property=\"article:author\" content=\"Luiz Pr\u00f3speri\" \/>\n<meta property=\"article:published_time\" content=\"2024-03-06T19:57:09+00:00\" \/>\n<meta property=\"article:modified_time\" content=\"2024-03-07T00:17:41+00:00\" \/>\n<meta property=\"og:image\" content=\"https:\/\/i0.wp.com\/blogdoprosperi.com\/wp-content\/uploads\/2024\/03\/cbf_futebol_copa_brasil.jpg?fit=800%2C503&ssl=1\" \/>\n\t<meta property=\"og:image:width\" content=\"800\" \/>\n\t<meta property=\"og:image:height\" content=\"503\" \/>\n\t<meta property=\"og:image:type\" content=\"image\/jpeg\" \/>\n<meta name=\"author\" content=\"Luiz Ant\u00f4nio Pr\u00f3speri\" \/>\n<meta name=\"twitter:card\" content=\"summary_large_image\" \/>\n<meta name=\"twitter:creator\" content=\"@Luizprosperi\" \/>\n<meta name=\"twitter:site\" content=\"@Luizprosperi\" \/>\n<meta name=\"twitter:label1\" content=\"Escrito por\" \/>\n\t<meta name=\"twitter:data1\" content=\"Luiz Ant\u00f4nio Pr\u00f3speri\" \/>\n\t<meta name=\"twitter:label2\" content=\"Est. tempo de leitura\" \/>\n\t<meta name=\"twitter:data2\" content=\"4 minutos\" \/>\n<script type=\"application\/ld+json\" class=\"yoast-schema-graph\">{\"@context\":\"https:\\\/\\\/schema.org\",\"@graph\":[{\"@type\":\"Article\",\"@id\":\"https:\\\/\\\/blogdoprosperi.com\\\/?p=42128#article\",\"isPartOf\":{\"@id\":\"https:\\\/\\\/blogdoprosperi.com\\\/?p=42128\"},\"author\":{\"name\":\"Luiz Ant\u00f4nio Pr\u00f3speri\",\"@id\":\"https:\\\/\\\/blogdoprosperi.com\\\/#\\\/schema\\\/person\\\/38100755ce3601861ee4fab9b5aa78e9\"},\"headline\":\"Futebol brasileiro abra\u00e7a a desgra\u00e7a nesse in\u00edcio de temporada\",\"datePublished\":\"2024-03-06T19:57:09+00:00\",\"dateModified\":\"2024-03-07T00:17:41+00:00\",\"mainEntityOfPage\":{\"@id\":\"https:\\\/\\\/blogdoprosperi.com\\\/?p=42128\"},\"wordCount\":720,\"commentCount\":0,\"publisher\":{\"@id\":\"https:\\\/\\\/blogdoprosperi.com\\\/#\\\/schema\\\/person\\\/38100755ce3601861ee4fab9b5aa78e9\"},\"image\":{\"@id\":\"https:\\\/\\\/blogdoprosperi.com\\\/?p=42128#primaryimage\"},\"thumbnailUrl\":\"https:\\\/\\\/i0.wp.com\\\/blogdoprosperi.com\\\/wp-content\\\/uploads\\\/2024\\\/03\\\/cbf_futebol_copa_brasil.jpg?fit=800%2C503&ssl=1\",\"keywords\":[\"CBF\",\"Daniel Alves\",\"fortaleza\",\"futebol\",\"Neymar\",\"Vini Jr\"],\"articleSection\":[\"CBF\",\"futebol\",\"futebol 2024\",\"paulist\u00e3o 2024\"],\"inLanguage\":\"pt-BR\",\"potentialAction\":[{\"@type\":\"CommentAction\",\"name\":\"Comment\",\"target\":[\"https:\\\/\\\/blogdoprosperi.com\\\/?p=42128#respond\"]}]},{\"@type\":\"WebPage\",\"@id\":\"https:\\\/\\\/blogdoprosperi.com\\\/?p=42128\",\"url\":\"https:\\\/\\\/blogdoprosperi.com\\\/?p=42128\",\"name\":\"Futebol brasileiro abra\u00e7a a desgra\u00e7a nesse in\u00edcio de temporada - PR\u00d3SPERI NEWS\",\"isPartOf\":{\"@id\":\"https:\\\/\\\/blogdoprosperi.com\\\/#website\"},\"primaryImageOfPage\":{\"@id\":\"https:\\\/\\\/blogdoprosperi.com\\\/?p=42128#primaryimage\"},\"image\":{\"@id\":\"https:\\\/\\\/blogdoprosperi.com\\\/?p=42128#primaryimage\"},\"thumbnailUrl\":\"https:\\\/\\\/i0.wp.com\\\/blogdoprosperi.com\\\/wp-content\\\/uploads\\\/2024\\\/03\\\/cbf_futebol_copa_brasil.jpg?fit=800%2C503&ssl=1\",\"datePublished\":\"2024-03-06T19:57:09+00:00\",\"dateModified\":\"2024-03-07T00:17:41+00:00\",\"breadcrumb\":{\"@id\":\"https:\\\/\\\/blogdoprosperi.com\\\/?p=42128#breadcrumb\"},\"inLanguage\":\"pt-BR\",\"potentialAction\":[{\"@type\":\"ReadAction\",\"target\":[\"https:\\\/\\\/blogdoprosperi.com\\\/?p=42128\"]}]},{\"@type\":\"ImageObject\",\"inLanguage\":\"pt-BR\",\"@id\":\"https:\\\/\\\/blogdoprosperi.com\\\/?p=42128#primaryimage\",\"url\":\"https:\\\/\\\/i0.wp.com\\\/blogdoprosperi.com\\\/wp-content\\\/uploads\\\/2024\\\/03\\\/cbf_futebol_copa_brasil.jpg?fit=800%2C503&ssl=1\",\"contentUrl\":\"https:\\\/\\\/i0.wp.com\\\/blogdoprosperi.com\\\/wp-content\\\/uploads\\\/2024\\\/03\\\/cbf_futebol_copa_brasil.jpg?fit=800%2C503&ssl=1\",\"width\":800,\"height\":503,\"caption\":\"Temporada 2024 do futebol brasileiro vive o caos \u2013 foto: CBF\"},{\"@type\":\"BreadcrumbList\",\"@id\":\"https:\\\/\\\/blogdoprosperi.com\\\/?p=42128#breadcrumb\",\"itemListElement\":[{\"@type\":\"ListItem\",\"position\":1,\"name\":\"In\u00edcio\",\"item\":\"https:\\\/\\\/blogdoprosperi.com\\\/\"},{\"@type\":\"ListItem\",\"position\":2,\"name\":\"Futebol brasileiro abra\u00e7a a desgra\u00e7a nesse in\u00edcio de temporada\"}]},{\"@type\":\"WebSite\",\"@id\":\"https:\\\/\\\/blogdoprosperi.com\\\/#website\",\"url\":\"https:\\\/\\\/blogdoprosperi.com\\\/\",\"name\":\"PR\u00d3SPERI NEWS\",\"description\":\"TUDO \u00c9  FUTEBOL\",\"publisher\":{\"@id\":\"https:\\\/\\\/blogdoprosperi.com\\\/#\\\/schema\\\/person\\\/38100755ce3601861ee4fab9b5aa78e9\"},\"alternateName\":\"blogdoprosperi.com\",\"potentialAction\":[{\"@type\":\"SearchAction\",\"target\":{\"@type\":\"EntryPoint\",\"urlTemplate\":\"https:\\\/\\\/blogdoprosperi.com\\\/?s={search_term_string}\"},\"query-input\":{\"@type\":\"PropertyValueSpecification\",\"valueRequired\":true,\"valueName\":\"search_term_string\"}}],\"inLanguage\":\"pt-BR\"},{\"@type\":[\"Person\",\"Organization\"],\"@id\":\"https:\\\/\\\/blogdoprosperi.com\\\/#\\\/schema\\\/person\\\/38100755ce3601861ee4fab9b5aa78e9\",\"name\":\"Luiz Ant\u00f4nio Pr\u00f3speri\",\"pronouns\":\"ele\",\"image\":{\"@type\":\"ImageObject\",\"inLanguage\":\"pt-BR\",\"@id\":\"https:\\\/\\\/i0.wp.com\\\/blogdoprosperi.com\\\/wp-content\\\/uploads\\\/2026\\\/05\\\/cropped-8059e613-6002-42fa-961e-8e275f575d71-2-5.jpg?fit=1360%2C931&ssl=1\",\"url\":\"https:\\\/\\\/i0.wp.com\\\/blogdoprosperi.com\\\/wp-content\\\/uploads\\\/2026\\\/05\\\/cropped-8059e613-6002-42fa-961e-8e275f575d71-2-5.jpg?fit=1360%2C931&ssl=1\",\"contentUrl\":\"https:\\\/\\\/i0.wp.com\\\/blogdoprosperi.com\\\/wp-content\\\/uploads\\\/2026\\\/05\\\/cropped-8059e613-6002-42fa-961e-8e275f575d71-2-5.jpg?fit=1360%2C931&ssl=1\",\"width\":1360,\"height\":931,\"caption\":\"Luiz Ant\u00f4nio Pr\u00f3speri\"},\"logo\":{\"@id\":\"https:\\\/\\\/i0.wp.com\\\/blogdoprosperi.com\\\/wp-content\\\/uploads\\\/2026\\\/05\\\/cropped-8059e613-6002-42fa-961e-8e275f575d71-2-5.jpg?fit=1360%2C931&ssl=1\"},\"description\":\"Jornalista com carreira dedicada ao esporte. Cobriu 9 Copas do Mundo in loco, 1990 na It\u00e1lia, 1994 nos EUA, 1998 na Fran\u00e7a, 2002 na Coreia do Sul e Jap\u00e3o, 2006 na Alemanha, 2010 na \u00c1frica do Sul, 2014 no Brasil, 2018 na R\u00fassia e 2022 no Qatar. Eurocopas, 1992 na Su\u00e9cia e 1996 na Inglaterra. Copa das Confedera\u00e7\u00f5es de 2005 na Alemanha e 2009 na \u00c1frica do Sul. Rep\u00f3rter e Editor, trabalhou no Jornal da Tarde e Estad\u00e3o, de 1984 a fevereiro de 2016. Colunista, blogueiro. E comentarista de futebol na R\u00e1dio Estad\u00e3o, de 2013 a fevereiro de 2016. Jornalista respons\u00e1vel do \\\"Pr\u00f3speri News\\\" (blogdoprosperi.com).\",\"sameAs\":[\"http:\\\/\\\/blogdoprosperi.com\",\"Luiz Pr\u00f3speri\",\"@luiz_prosperi\",\"https:\\\/\\\/x.com\\\/Luizprosperi\",\"@prosperinacopa\",\"luiz.prosperi@icloud.com\"],\"url\":\"https:\\\/\\\/blogdoprosperi.com\\\/?author=102107496\"}]}<\/script>\n<!-- \/ Yoast SEO plugin. -->","yoast_head_json":{"title":"Futebol brasileiro abra\u00e7a a desgra\u00e7a nesse in\u00edcio de temporada - PR\u00d3SPERI NEWS","robots":{"index":"index","follow":"follow","max-snippet":"max-snippet:-1","max-image-preview":"max-image-preview:large","max-video-preview":"max-video-preview:-1"},"canonical":"https:\/\/blogdoprosperi.com\/?p=42128","og_locale":"pt_BR","og_type":"article","og_title":"Futebol brasileiro abra\u00e7a a desgra\u00e7a nesse in\u00edcio de temporada - PR\u00d3SPERI NEWS","og_description":"Futebol brasileiro vive um dos piores momentos de sua hist\u00f3ria. Beira ao esc\u00e1rnio. Em pouco menos de dois [&hellip;]","og_url":"https:\/\/blogdoprosperi.com\/?p=42128","og_site_name":"PR\u00d3SPERI NEWS","article_publisher":"Luiz Pr\u00f3speri","article_author":"Luiz Pr\u00f3speri","article_published_time":"2024-03-06T19:57:09+00:00","article_modified_time":"2024-03-07T00:17:41+00:00","og_image":[{"width":800,"height":503,"url":"https:\/\/i0.wp.com\/blogdoprosperi.com\/wp-content\/uploads\/2024\/03\/cbf_futebol_copa_brasil.jpg?fit=800%2C503&ssl=1","type":"image\/jpeg"}],"author":"Luiz Ant\u00f4nio Pr\u00f3speri","twitter_card":"summary_large_image","twitter_creator":"@Luizprosperi","twitter_site":"@Luizprosperi","twitter_misc":{"Escrito por":"Luiz Ant\u00f4nio Pr\u00f3speri","Est. tempo de leitura":"4 minutos"},"schema":{"@context":"https:\/\/schema.org","@graph":[{"@type":"Article","@id":"https:\/\/blogdoprosperi.com\/?p=42128#article","isPartOf":{"@id":"https:\/\/blogdoprosperi.com\/?p=42128"},"author":{"name":"Luiz Ant\u00f4nio Pr\u00f3speri","@id":"https:\/\/blogdoprosperi.com\/#\/schema\/person\/38100755ce3601861ee4fab9b5aa78e9"},"headline":"Futebol brasileiro abra\u00e7a a desgra\u00e7a nesse in\u00edcio de temporada","datePublished":"2024-03-06T19:57:09+00:00","dateModified":"2024-03-07T00:17:41+00:00","mainEntityOfPage":{"@id":"https:\/\/blogdoprosperi.com\/?p=42128"},"wordCount":720,"commentCount":0,"publisher":{"@id":"https:\/\/blogdoprosperi.com\/#\/schema\/person\/38100755ce3601861ee4fab9b5aa78e9"},"image":{"@id":"https:\/\/blogdoprosperi.com\/?p=42128#primaryimage"},"thumbnailUrl":"https:\/\/i0.wp.com\/blogdoprosperi.com\/wp-content\/uploads\/2024\/03\/cbf_futebol_copa_brasil.jpg?fit=800%2C503&ssl=1","keywords":["CBF","Daniel Alves","fortaleza","futebol","Neymar","Vini Jr"],"articleSection":["CBF","futebol","futebol 2024","paulist\u00e3o 2024"],"inLanguage":"pt-BR","potentialAction":[{"@type":"CommentAction","name":"Comment","target":["https:\/\/blogdoprosperi.com\/?p=42128#respond"]}]},{"@type":"WebPage","@id":"https:\/\/blogdoprosperi.com\/?p=42128","url":"https:\/\/blogdoprosperi.com\/?p=42128","name":"Futebol brasileiro abra\u00e7a a desgra\u00e7a nesse in\u00edcio de temporada - PR\u00d3SPERI NEWS","isPartOf":{"@id":"https:\/\/blogdoprosperi.com\/#website"},"primaryImageOfPage":{"@id":"https:\/\/blogdoprosperi.com\/?p=42128#primaryimage"},"image":{"@id":"https:\/\/blogdoprosperi.com\/?p=42128#primaryimage"},"thumbnailUrl":"https:\/\/i0.wp.com\/blogdoprosperi.com\/wp-content\/uploads\/2024\/03\/cbf_futebol_copa_brasil.jpg?fit=800%2C503&ssl=1","datePublished":"2024-03-06T19:57:09+00:00","dateModified":"2024-03-07T00:17:41+00:00","breadcrumb":{"@id":"https:\/\/blogdoprosperi.com\/?p=42128#breadcrumb"},"inLanguage":"pt-BR","potentialAction":[{"@type":"ReadAction","target":["https:\/\/blogdoprosperi.com\/?p=42128"]}]},{"@type":"ImageObject","inLanguage":"pt-BR","@id":"https:\/\/blogdoprosperi.com\/?p=42128#primaryimage","url":"https:\/\/i0.wp.com\/blogdoprosperi.com\/wp-content\/uploads\/2024\/03\/cbf_futebol_copa_brasil.jpg?fit=800%2C503&ssl=1","contentUrl":"https:\/\/i0.wp.com\/blogdoprosperi.com\/wp-content\/uploads\/2024\/03\/cbf_futebol_copa_brasil.jpg?fit=800%2C503&ssl=1","width":800,"height":503,"caption":"Temporada 2024 do futebol brasileiro vive o caos \u2013 foto: CBF"},{"@type":"BreadcrumbList","@id":"https:\/\/blogdoprosperi.com\/?p=42128#breadcrumb","itemListElement":[{"@type":"ListItem","position":1,"name":"In\u00edcio","item":"https:\/\/blogdoprosperi.com\/"},{"@type":"ListItem","position":2,"name":"Futebol brasileiro abra\u00e7a a desgra\u00e7a nesse in\u00edcio de temporada"}]},{"@type":"WebSite","@id":"https:\/\/blogdoprosperi.com\/#website","url":"https:\/\/blogdoprosperi.com\/","name":"PR\u00d3SPERI NEWS","description":"TUDO \u00c9  FUTEBOL","publisher":{"@id":"https:\/\/blogdoprosperi.com\/#\/schema\/person\/38100755ce3601861ee4fab9b5aa78e9"},"alternateName":"blogdoprosperi.com","potentialAction":[{"@type":"SearchAction","target":{"@type":"EntryPoint","urlTemplate":"https:\/\/blogdoprosperi.com\/?s={search_term_string}"},"query-input":{"@type":"PropertyValueSpecification","valueRequired":true,"valueName":"search_term_string"}}],"inLanguage":"pt-BR"},{"@type":["Person","Organization"],"@id":"https:\/\/blogdoprosperi.com\/#\/schema\/person\/38100755ce3601861ee4fab9b5aa78e9","name":"Luiz Ant\u00f4nio Pr\u00f3speri","pronouns":"ele","image":{"@type":"ImageObject","inLanguage":"pt-BR","@id":"https:\/\/i0.wp.com\/blogdoprosperi.com\/wp-content\/uploads\/2026\/05\/cropped-8059e613-6002-42fa-961e-8e275f575d71-2-5.jpg?fit=1360%2C931&ssl=1","url":"https:\/\/i0.wp.com\/blogdoprosperi.com\/wp-content\/uploads\/2026\/05\/cropped-8059e613-6002-42fa-961e-8e275f575d71-2-5.jpg?fit=1360%2C931&ssl=1","contentUrl":"https:\/\/i0.wp.com\/blogdoprosperi.com\/wp-content\/uploads\/2026\/05\/cropped-8059e613-6002-42fa-961e-8e275f575d71-2-5.jpg?fit=1360%2C931&ssl=1","width":1360,"height":931,"caption":"Luiz Ant\u00f4nio Pr\u00f3speri"},"logo":{"@id":"https:\/\/i0.wp.com\/blogdoprosperi.com\/wp-content\/uploads\/2026\/05\/cropped-8059e613-6002-42fa-961e-8e275f575d71-2-5.jpg?fit=1360%2C931&ssl=1"},"description":"Jornalista com carreira dedicada ao esporte. Cobriu 9 Copas do Mundo in loco, 1990 na It\u00e1lia, 1994 nos EUA, 1998 na Fran\u00e7a, 2002 na Coreia do Sul e Jap\u00e3o, 2006 na Alemanha, 2010 na \u00c1frica do Sul, 2014 no Brasil, 2018 na R\u00fassia e 2022 no Qatar. Eurocopas, 1992 na Su\u00e9cia e 1996 na Inglaterra. Copa das Confedera\u00e7\u00f5es de 2005 na Alemanha e 2009 na \u00c1frica do Sul. Rep\u00f3rter e Editor, trabalhou no Jornal da Tarde e Estad\u00e3o, de 1984 a fevereiro de 2016. Colunista, blogueiro. E comentarista de futebol na R\u00e1dio Estad\u00e3o, de 2013 a fevereiro de 2016. Jornalista respons\u00e1vel do \"Pr\u00f3speri News\" (blogdoprosperi.com).","sameAs":["http:\/\/blogdoprosperi.com","Luiz Pr\u00f3speri","@luiz_prosperi","https:\/\/x.com\/Luizprosperi","@prosperinacopa","luiz.prosperi@icloud.com"],"url":"https:\/\/blogdoprosperi.com\/?author=102107496"}]}},"jetpack_publicize_connections":[],"jetpack_likes_enabled":false,"jetpack_sharing_enabled":true,"jetpack_shortlink":"https:\/\/wp.me\/p7jvdk-aXu","jetpack-related-posts":[{"id":49603,"url":"https:\/\/blogdoprosperi.com\/?p=49603","url_meta":{"origin":42128,"position":0},"title":"Futebol Brasileiro Entra no Labirinto da CBF e N\u00e3o Encontra Rota de Sa\u00edda","author":"Luiz Ant\u00f4nio Pr\u00f3speri","date":"7 de abril de 2025","format":false,"excerpt":"Luiz Ant\u00f4nio Pr\u00f3speri \u2013 7 abril (22h31) \u2013 Futebol brasileiro entra no seu labirinto e n\u00e3o tem a m\u00ednima ideia de como sair dessa enrascada. Estamos em abril, na teoria seria o terceiro m\u00eas da temporada 2025 n\u00e3o fosse entupir m\u00eas de janeiro com jogos e mais jogos. Portanto, quatro\u2026","rel":"","context":"Em &quot;CBF&quot;","block_context":{"text":"CBF","link":"https:\/\/blogdoprosperi.com\/?cat=570700"},"img":{"alt_text":"","src":"https:\/\/i0.wp.com\/blogdoprosperi.com\/wp-content\/uploads\/2025\/04\/image-4.png?fit=1024%2C768&ssl=1&resize=350%2C200","width":350,"height":200,"srcset":"https:\/\/i0.wp.com\/blogdoprosperi.com\/wp-content\/uploads\/2025\/04\/image-4.png?fit=1024%2C768&ssl=1&resize=350%2C200 1x, https:\/\/i0.wp.com\/blogdoprosperi.com\/wp-content\/uploads\/2025\/04\/image-4.png?fit=1024%2C768&ssl=1&resize=525%2C300 1.5x, https:\/\/i0.wp.com\/blogdoprosperi.com\/wp-content\/uploads\/2025\/04\/image-4.png?fit=1024%2C768&ssl=1&resize=700%2C400 2x"},"classes":[]},{"id":47972,"url":"https:\/\/blogdoprosperi.com\/?p=47972","url_meta":{"origin":42128,"position":1},"title":"Futebol Brasileiro Tem Pressa, Nem Neymar Escapa","author":"Luiz Ant\u00f4nio Pr\u00f3speri","date":"10 de fevereiro de 2025","format":false,"excerpt":"Luiz Ant\u00f4nio Pr\u00f3speri \u2013 10 fevereiro (16h25) \u2013 Neymar precisa apertar o passo. N\u00e3o joga nada no empate (0 a 0) do Santos contra Novorizontino, domingo (09\/2). Contam o n\u00famero de bolas perdidas pelo craque: 28. Neymar n\u00e3o v\u00ea a cor da bola. N\u00e3o faz a diferen\u00e7a que o Santos\u2026","rel":"","context":"Em &quot;futebol&quot;","block_context":{"text":"futebol","link":"https:\/\/blogdoprosperi.com\/?cat=53870"},"img":{"alt_text":"","src":"https:\/\/i0.wp.com\/blogdoprosperi.com\/wp-content\/uploads\/2025\/02\/captura-de-tela-2025-02-10-as-15.59.51.png?fit=1200%2C705&ssl=1&resize=350%2C200","width":350,"height":200,"srcset":"https:\/\/i0.wp.com\/blogdoprosperi.com\/wp-content\/uploads\/2025\/02\/captura-de-tela-2025-02-10-as-15.59.51.png?fit=1200%2C705&ssl=1&resize=350%2C200 1x, https:\/\/i0.wp.com\/blogdoprosperi.com\/wp-content\/uploads\/2025\/02\/captura-de-tela-2025-02-10-as-15.59.51.png?fit=1200%2C705&ssl=1&resize=525%2C300 1.5x, https:\/\/i0.wp.com\/blogdoprosperi.com\/wp-content\/uploads\/2025\/02\/captura-de-tela-2025-02-10-as-15.59.51.png?fit=1200%2C705&ssl=1&resize=700%2C400 2x, https:\/\/i0.wp.com\/blogdoprosperi.com\/wp-content\/uploads\/2025\/02\/captura-de-tela-2025-02-10-as-15.59.51.png?fit=1200%2C705&ssl=1&resize=1050%2C600 3x"},"classes":[]},{"id":41385,"url":"https:\/\/blogdoprosperi.com\/?p=41385","url_meta":{"origin":42128,"position":2},"title":"Cr\u00f4nica de ver\u00e3o: Futebol brasileiro sofre sem Pel\u00e9","author":"Luiz Ant\u00f4nio Pr\u00f3speri","date":"3 de fevereiro de 2023","format":false,"excerpt":"Passados 35 dias da partida do Rei, a radiografia do futebol nacional e de seus expoentes pouco tem da heran\u00e7a deixada por Pel\u00e9","rel":"","context":"Em &quot;catar 2022&quot;","block_context":{"text":"catar 2022","link":"https:\/\/blogdoprosperi.com\/?cat=47094043"},"img":{"alt_text":"","src":"https:\/\/i0.wp.com\/blogdoprosperi.com\/wp-content\/uploads\/2023\/01\/alegria_vinicius_he26429.jpg_nd.jpg?fit=1200%2C675&ssl=1&resize=350%2C200","width":350,"height":200,"srcset":"https:\/\/i0.wp.com\/blogdoprosperi.com\/wp-content\/uploads\/2023\/01\/alegria_vinicius_he26429.jpg_nd.jpg?fit=1200%2C675&ssl=1&resize=350%2C200 1x, https:\/\/i0.wp.com\/blogdoprosperi.com\/wp-content\/uploads\/2023\/01\/alegria_vinicius_he26429.jpg_nd.jpg?fit=1200%2C675&ssl=1&resize=525%2C300 1.5x, https:\/\/i0.wp.com\/blogdoprosperi.com\/wp-content\/uploads\/2023\/01\/alegria_vinicius_he26429.jpg_nd.jpg?fit=1200%2C675&ssl=1&resize=700%2C400 2x, https:\/\/i0.wp.com\/blogdoprosperi.com\/wp-content\/uploads\/2023\/01\/alegria_vinicius_he26429.jpg_nd.jpg?fit=1200%2C675&ssl=1&resize=1050%2C600 3x"},"classes":[]},{"id":43073,"url":"https:\/\/blogdoprosperi.com\/?p=43073","url_meta":{"origin":42128,"position":3},"title":"CBF Rebate Cr\u00edticas de Tite ao Calend\u00e1rio do Futebol Brasileiro: contradit\u00f3rio e agressivo","author":"Luiz Ant\u00f4nio Pr\u00f3speri","date":"22 de junho de 2024","format":false,"excerpt":"CBF contesta Tite e aponta incoer\u00eancias do treinador do Flamengo nas cr\u00edticas que fez a respeito calend\u00e1rio do futebol brasileiro. \"\u00c9 de se lamentar a manifesta\u00e7\u00e3o despropositada, agressiva e ofensiva do t\u00e9cnico Tite em rela\u00e7\u00e3o \u00e0 CBF e ao seu diretor (competi\u00e7\u00f5es) Julio Avellar\". Ap\u00f3s vit\u00f3ria do Flamengo contra o\u2026","rel":"","context":"Em &quot;Campeonato Brasileiro&quot;","block_context":{"text":"Campeonato Brasileiro","link":"https:\/\/blogdoprosperi.com\/?cat=355071"},"img":{"alt_text":"Tite entra no laberinto com o Flamengo","src":"https:\/\/i0.wp.com\/blogdoprosperi.com\/wp-content\/uploads\/2024\/06\/tite-fala-sobre-a-estreia-do-flamengo-na-libertadores.webp?fit=774%2C515&ssl=1&resize=350%2C200","width":350,"height":200,"srcset":"https:\/\/i0.wp.com\/blogdoprosperi.com\/wp-content\/uploads\/2024\/06\/tite-fala-sobre-a-estreia-do-flamengo-na-libertadores.webp?fit=774%2C515&ssl=1&resize=350%2C200 1x, https:\/\/i0.wp.com\/blogdoprosperi.com\/wp-content\/uploads\/2024\/06\/tite-fala-sobre-a-estreia-do-flamengo-na-libertadores.webp?fit=774%2C515&ssl=1&resize=525%2C300 1.5x, https:\/\/i0.wp.com\/blogdoprosperi.com\/wp-content\/uploads\/2024\/06\/tite-fala-sobre-a-estreia-do-flamengo-na-libertadores.webp?fit=774%2C515&ssl=1&resize=700%2C400 2x"},"classes":[]},{"id":53778,"url":"https:\/\/blogdoprosperi.com\/?p=53778","url_meta":{"origin":42128,"position":4},"title":"Hora de Alimentar o Caos no Futebol Brasileiro","author":"Luiz Ant\u00f4nio Pr\u00f3speri","date":"22 de julho de 2025","format":false,"excerpt":"Luiz Ant\u00f4nio Pr\u00f3speri \u2013 22 julho 2025, (22h31) \u2013 Futebol brasileiro est\u00e1 pronto a encarar os grandes da Europa. Mundial de Clubes ilustra a tese. Na na na n\u00e3o. Dez dias ap\u00f3s o Chelsea levantar a ta\u00e7a ouro da Tiffany, em New Jersey, na impiedosa vit\u00f3ria (3 a 0) contra\u2026","rel":"","context":"Em &quot;brasileir\u00e3o 2025&quot;","block_context":{"text":"brasileir\u00e3o 2025","link":"https:\/\/blogdoprosperi.com\/?cat=775970846"},"img":{"alt_text":"","src":"https:\/\/i0.wp.com\/blogdoprosperi.com\/wp-content\/uploads\/2025\/07\/create-a-highly-detailed-high-resolution-image-that-captures-the-essence.png?fit=1024%2C768&ssl=1&resize=350%2C200","width":350,"height":200,"srcset":"https:\/\/i0.wp.com\/blogdoprosperi.com\/wp-content\/uploads\/2025\/07\/create-a-highly-detailed-high-resolution-image-that-captures-the-essence.png?fit=1024%2C768&ssl=1&resize=350%2C200 1x, https:\/\/i0.wp.com\/blogdoprosperi.com\/wp-content\/uploads\/2025\/07\/create-a-highly-detailed-high-resolution-image-that-captures-the-essence.png?fit=1024%2C768&ssl=1&resize=525%2C300 1.5x, https:\/\/i0.wp.com\/blogdoprosperi.com\/wp-content\/uploads\/2025\/07\/create-a-highly-detailed-high-resolution-image-that-captures-the-essence.png?fit=1024%2C768&ssl=1&resize=700%2C400 2x"},"classes":[]},{"id":41422,"url":"https:\/\/blogdoprosperi.com\/?p=41422","url_meta":{"origin":42128,"position":5},"title":"Clubes aprovam mais estrangeiros por time","author":"Luiz Ant\u00f4nio Pr\u00f3speri","date":"14 de fevereiro de 2023","format":false,"excerpt":"Clubes do grupo de elite do futebol brasileiro continuam divididos. A uni\u00e3o est\u00e1 muito longe de acontecer. N\u00e3o h\u00e1 entendimento na cria\u00e7\u00e3o de uma liga nacional redentora e rent\u00e1vel, muito menos na mudan\u00e7a do regulamento da S\u00e9rie A do Brasileir\u00e3o propondo redu\u00e7\u00e3o no n\u00famero de rebaixados \u00e0 S\u00e9rie B \u2013\u2026","rel":"","context":"Em &quot;Campeonato Brasileiro&quot;","block_context":{"text":"Campeonato Brasileiro","link":"https:\/\/blogdoprosperi.com\/?cat=355071"},"img":{"alt_text":"","src":"","width":0,"height":0},"classes":[]}],"jetpack_featured_media_url":"https:\/\/i0.wp.com\/blogdoprosperi.com\/wp-content\/uploads\/2024\/03\/cbf_futebol_copa_brasil.jpg?fit=800%2C503&ssl=1","_links":{"self":[{"href":"https:\/\/blogdoprosperi.com\/index.php?rest_route=\/wp\/v2\/posts\/42128","targetHints":{"allow":["GET"]}}],"collection":[{"href":"https:\/\/blogdoprosperi.com\/index.php?rest_route=\/wp\/v2\/posts"}],"about":[{"href":"https:\/\/blogdoprosperi.com\/index.php?rest_route=\/wp\/v2\/types\/post"}],"author":[{"embeddable":true,"href":"https:\/\/blogdoprosperi.com\/index.php?rest_route=\/wp\/v2\/users\/102107496"}],"replies":[{"embeddable":true,"href":"https:\/\/blogdoprosperi.com\/index.php?rest_route=%2Fwp%2Fv2%2Fcomments&post=42128"}],"version-history":[{"count":11,"href":"https:\/\/blogdoprosperi.com\/index.php?rest_route=\/wp\/v2\/posts\/42128\/revisions"}],"predecessor-version":[{"id":42145,"href":"https:\/\/blogdoprosperi.com\/index.php?rest_route=\/wp\/v2\/posts\/42128\/revisions\/42145"}],"wp:featuredmedia":[{"embeddable":true,"href":"https:\/\/blogdoprosperi.com\/index.php?rest_route=\/wp\/v2\/media\/42142"}],"wp:attachment":[{"href":"https:\/\/blogdoprosperi.com\/index.php?rest_route=%2Fwp%2Fv2%2Fmedia&parent=42128"}],"wp:term":[{"taxonomy":"category","embeddable":true,"href":"https:\/\/blogdoprosperi.com\/index.php?rest_route=%2Fwp%2Fv2%2Fcategories&post=42128"},{"taxonomy":"post_tag","embeddable":true,"href":"https:\/\/blogdoprosperi.com\/index.php?rest_route=%2Fwp%2Fv2%2Ftags&post=42128"}],"curies":[{"name":"wp","href":"https:\/\/api.w.org\/{rel}","templated":true}]}}