{"id":42163,"date":"2024-03-11T17:56:34","date_gmt":"2024-03-11T20:56:34","guid":{"rendered":"https:\/\/blogdoprosperi.com\/?p=42163"},"modified":"2024-03-11T17:56:34","modified_gmt":"2024-03-11T20:56:34","slug":"palmeiras-incomoda-botafogo-sao-paulo","status":"publish","type":"post","link":"https:\/\/blogdoprosperi.com\/?p=42163","title":{"rendered":"Palmeiras incomoda Botafogo, S\u00e3o Paulo &#8230;"},"content":{"rendered":"<p>Palmeiras tem sido alvo de tiroteios de rivais. Saraivada de balas mais recente remete a um suposto esquema de arbitragem favor\u00e1vel ao clube presidido por Leila Pereira. Primeiro disparo vem do S\u00e3o Paulo. Segundo, de grosso calibre, parte Botafogo sob dire\u00e7\u00e3o do businessman americano John Textor. Quantos mais est\u00e3o por vir?<\/p>\n<p>Conquistas sucessivas de ta\u00e7as e o cora\u00e7\u00e3o quente cabe\u00e7a fria de Abel Ferreira, parece, incomodam e tiram sono dos advers\u00e1rios. Da\u00ed a birra contra o Palmeiras.<\/p>\n<p>H\u00e1 pouco mais de uma semana, a patacoada foi do S\u00e3o Paulo. <span style=\"color: #0000ff\"><strong><a style=\"color: #0000ff\" href=\"https:\/\/blogdoprosperi.com\/2024\/03\/05\/sao-paulo-soberano-no-grito\/\">Julio Casares, presidente do clube,<\/a><\/strong><\/span> deitou fala\u00e7\u00e3o contra \u00e1rbitros, Federa\u00e7\u00e3o Paulista e outros agentes. Todos seriam c\u00famplices do Palmeiras e de seu t\u00e9cnico, &#8220;o portugu\u00eas de m&#8230;&#8221;.<\/p>\n<p>Resumo da \u00f3pera d\u00e1 conta de um pito geral da FPF nos cartolas Leila e Casares e a promessa de que os cl\u00e1ssicos entre os dois rivais ter\u00e3o tratamento diferenciado daqui para frente. Seria rid\u00edculo se n\u00e3o fosse c\u00f4mico.<\/p>\n<p>A vez agora \u00e9 do bilion\u00e1rio dos EUA, Textor, levantar suposta manipula\u00e7\u00e3o de resultados no Brasileir\u00e3o de 2021, 2022 e 2023 sempre a favor do Palmeiras.<\/p>\n<p>Textor, para quem n\u00e3o conhece, maneja alguns brinquedinhos no mundo do futebol. Aqui no Brasil, controla o Botafogo do Rio.<\/p>\n<p>Angustiado com a derrocada no Brasileir\u00e3o 2023, quando seu brinquedinho partiu ao meio dando campo \u00e0 conquista do Palmeiras, o businessman americano bradou: futebol brasileiro \u00e9 corrupto.<\/p>\n<p>E afirmou, sem provas, haver manipula\u00e7\u00e3o no jogo Palmeiras 4 x 0 Fortaleza no <strong><a href=\"https:\/\/blogdoprosperi.com\/2016\/11\/06\/palmeiras-troca-futebol-bonito-por-coracao-e-mantem-hierarquia-no-brasileirao\/\">Brasileir\u00e3o de 2022.<\/a><\/strong><\/p>\n<p>Se John Textor fala a verdade ou n\u00e3o, quem vai decidir \u00e9 a Justi\u00e7a. Palmeiras promete acionar o empres\u00e1rio (<em>veja nota do clube abaixo<\/em>).<\/p>\n<p>Estamos no terceiro m\u00eas da temporada 2024, as grandes e mais rent\u00e1veis competi\u00e7\u00f5es nacionais e sul-americanas ainda nem come\u00e7aram. Mas, sempre tem um mas, o Palmeiras est\u00e1 no centro do alvo na mira dos advers\u00e1rios. Recomenda-se proteger. N\u00e3o h\u00e1 limites para dirigentes em p\u00e2nico.<\/p>\n<p>&nbsp;<\/p>\n<blockquote><p><strong>Nota oficial do Palmeiras<\/strong><\/p>\n<p><em>A Sociedade Esportiva Palmeiras informa que tomar\u00e1 todas as medidas legais cab\u00edveis \u2013 nas esferas civil, criminal e esportiva \u2013 contra o dono da SAF do Botafogo, John Textor, para que ele responda pelas declara\u00e7\u00f5es irrespons\u00e1veis e levianas que, recorrentemente, t\u00eam envolvido o nome do atual bicampe\u00e3o brasileiro.<\/em><\/p>\n<p><em>A nossa hist\u00f3ria de 109 anos \u00e9 pautada pela \u00e9tica e pelo respeito aos advers\u00e1rios e entidades. Se Textor tem informa\u00e7\u00f5es sobre a pr\u00e1tica de atos il\u00edcitos no futebol brasileiro, que as apresente imediatamente aos \u00f3rg\u00e3os competentes, incluindo os p\u00fablicos. <\/em><\/p>\n<p><em>Aceitar a derrota, por mais dolorida que ela seja, \u00e9 o primeiro passo a ser dado por quem almeja se reerguer. Vale lembrar que, no ano passado, sofremos uma dura elimina\u00e7\u00e3o na semifinal da Libertadores, mas a superamos rapidamente porque tivemos autocr\u00edtica e n\u00e3o terceirizamos culpas. <\/em><\/p>\n<p><em>Em vez de administrar um momento de instabilidade com a frieza que se espera de um empres\u00e1rio, por\u00e9m, Textor prefere se portar como um caricato cartola \u00e0 moda antiga.Ressaltamos o nosso mais profundo respeito pelo Botafogo de Futebol e Regatas, clube centen\u00e1rio com o qual tivemos o privil\u00e9gio de disputar, em 2023, um dos mais emocionantes Brasileiros da hist\u00f3ria.<\/em><\/p><\/blockquote>\n","protected":false},"excerpt":{"rendered":"<p>Palmeiras tem sido alvo de tiroteios de rivais. Saraivada de balas mais recente remete a um suposto esquema [&hellip;]<\/p>\n","protected":false},"author":102107496,"featured_media":42170,"comment_status":"open","ping_status":"open","sticky":false,"template":"","format":"standard","meta":{"_coblocks_attr":"","_coblocks_dimensions":"","_coblocks_responsive_height":"","_coblocks_accordion_ie_support":"","_jetpack_newsletter_access":"","_jetpack_dont_email_post_to_subs":false,"_jetpack_newsletter_tier_id":0,"_jetpack_memberships_contains_paywalled_content":false,"_wpcom_ai_launchpad_first_post":false,"_jetpack_feature_clip_id":0,"_jetpack_memberships_contains_paid_content":false,"footnotes":"","jetpack_publicize_message":"","jetpack_publicize_feature_enabled":true,"jetpack_social_post_already_shared":false,"jetpack_social_options":{"image_generator_settings":{"template":"highway","default_image_id":0,"font":"","enabled":false},"version":2},"jetpack_post_was_ever_published":false},"categories":[570700,53870,768932782,765244614],"tags":[10668348,4200771,789560569,789560560,33140672,57784134,287104,1114917],"class_list":["post-42163","post","type-post","status-publish","format-standard","has-post-thumbnail","hentry","category-cbf","category-futebol","category-futebol-2024","category-paulistao-2024","tag-0000ff","tag-abel-ferreira","tag-cbf","tag-futebol","tag-john-textor","tag-leila-pereira","tag-palmeiras","tag-spfc"],"yoast_head":"<!-- This site is optimized with the Yoast SEO plugin v28.3 - https:\/\/yoast.com\/product\/yoast-seo-wordpress\/ -->\n<title>Palmeiras incomoda Botafogo, S\u00e3o Paulo ... - PR\u00d3SPERI NEWS<\/title>\n<meta name=\"robots\" content=\"index, follow, max-snippet:-1, max-image-preview:large, max-video-preview:-1\" \/>\n<link rel=\"canonical\" href=\"https:\/\/blogdoprosperi.com\/?p=42163\" \/>\n<meta property=\"og:locale\" content=\"pt_BR\" \/>\n<meta property=\"og:type\" content=\"article\" \/>\n<meta property=\"og:title\" content=\"Palmeiras incomoda Botafogo, S\u00e3o Paulo ... - PR\u00d3SPERI NEWS\" \/>\n<meta property=\"og:description\" content=\"Palmeiras tem sido alvo de tiroteios de rivais. Saraivada de balas mais recente remete a um suposto esquema [&hellip;]\" \/>\n<meta property=\"og:url\" content=\"https:\/\/blogdoprosperi.com\/?p=42163\" \/>\n<meta property=\"og:site_name\" content=\"PR\u00d3SPERI NEWS\" \/>\n<meta property=\"article:publisher\" content=\"Luiz Pr\u00f3speri\" \/>\n<meta property=\"article:author\" content=\"Luiz Pr\u00f3speri\" \/>\n<meta property=\"article:published_time\" content=\"2024-03-11T20:56:34+00:00\" \/>\n<meta property=\"og:image\" content=\"https:\/\/i0.wp.com\/blogdoprosperi.com\/wp-content\/uploads\/2024\/03\/53576798302_848ae64d5f_c.jpg?fit=800%2C640&ssl=1\" \/>\n\t<meta property=\"og:image:width\" content=\"800\" \/>\n\t<meta property=\"og:image:height\" content=\"640\" \/>\n\t<meta property=\"og:image:type\" content=\"image\/jpeg\" \/>\n<meta name=\"author\" content=\"Luiz Ant\u00f4nio Pr\u00f3speri\" \/>\n<meta name=\"twitter:card\" content=\"summary_large_image\" \/>\n<meta name=\"twitter:creator\" content=\"@Luizprosperi\" \/>\n<meta name=\"twitter:site\" content=\"@Luizprosperi\" \/>\n<meta name=\"twitter:label1\" content=\"Escrito por\" \/>\n\t<meta name=\"twitter:data1\" content=\"Luiz Ant\u00f4nio Pr\u00f3speri\" \/>\n\t<meta name=\"twitter:label2\" content=\"Est. tempo de leitura\" \/>\n\t<meta name=\"twitter:data2\" content=\"3 minutos\" \/>\n<script type=\"application\/ld+json\" class=\"yoast-schema-graph\">{\"@context\":\"https:\\\/\\\/schema.org\",\"@graph\":[{\"@type\":\"Article\",\"@id\":\"https:\\\/\\\/blogdoprosperi.com\\\/?p=42163#article\",\"isPartOf\":{\"@id\":\"https:\\\/\\\/blogdoprosperi.com\\\/?p=42163\"},\"author\":{\"name\":\"Luiz Ant\u00f4nio Pr\u00f3speri\",\"@id\":\"https:\\\/\\\/blogdoprosperi.com\\\/#\\\/schema\\\/person\\\/38100755ce3601861ee4fab9b5aa78e9\"},\"headline\":\"Palmeiras incomoda Botafogo, S\u00e3o Paulo &#8230;\",\"datePublished\":\"2024-03-11T20:56:34+00:00\",\"mainEntityOfPage\":{\"@id\":\"https:\\\/\\\/blogdoprosperi.com\\\/?p=42163\"},\"wordCount\":555,\"commentCount\":2,\"publisher\":{\"@id\":\"https:\\\/\\\/blogdoprosperi.com\\\/#\\\/schema\\\/person\\\/38100755ce3601861ee4fab9b5aa78e9\"},\"image\":{\"@id\":\"https:\\\/\\\/blogdoprosperi.com\\\/?p=42163#primaryimage\"},\"thumbnailUrl\":\"https:\\\/\\\/i0.wp.com\\\/blogdoprosperi.com\\\/wp-content\\\/uploads\\\/2024\\\/03\\\/53576798302_848ae64d5f_c.jpg?fit=800%2C640&ssl=1\",\"keywords\":[\"0000ff\",\"abel ferreira\",\"CBF\",\"futebol\",\"john textor\",\"Leila Pereira\",\"Palmeiras\",\"SPFC\"],\"articleSection\":[\"CBF\",\"futebol\",\"futebol 2024\",\"paulist\u00e3o 2024\"],\"inLanguage\":\"pt-BR\",\"potentialAction\":[{\"@type\":\"CommentAction\",\"name\":\"Comment\",\"target\":[\"https:\\\/\\\/blogdoprosperi.com\\\/?p=42163#respond\"]}]},{\"@type\":\"WebPage\",\"@id\":\"https:\\\/\\\/blogdoprosperi.com\\\/?p=42163\",\"url\":\"https:\\\/\\\/blogdoprosperi.com\\\/?p=42163\",\"name\":\"Palmeiras incomoda Botafogo, S\u00e3o Paulo ... - PR\u00d3SPERI NEWS\",\"isPartOf\":{\"@id\":\"https:\\\/\\\/blogdoprosperi.com\\\/#website\"},\"primaryImageOfPage\":{\"@id\":\"https:\\\/\\\/blogdoprosperi.com\\\/?p=42163#primaryimage\"},\"image\":{\"@id\":\"https:\\\/\\\/blogdoprosperi.com\\\/?p=42163#primaryimage\"},\"thumbnailUrl\":\"https:\\\/\\\/i0.wp.com\\\/blogdoprosperi.com\\\/wp-content\\\/uploads\\\/2024\\\/03\\\/53576798302_848ae64d5f_c.jpg?fit=800%2C640&ssl=1\",\"datePublished\":\"2024-03-11T20:56:34+00:00\",\"breadcrumb\":{\"@id\":\"https:\\\/\\\/blogdoprosperi.com\\\/?p=42163#breadcrumb\"},\"inLanguage\":\"pt-BR\",\"potentialAction\":[{\"@type\":\"ReadAction\",\"target\":[\"https:\\\/\\\/blogdoprosperi.com\\\/?p=42163\"]}]},{\"@type\":\"ImageObject\",\"inLanguage\":\"pt-BR\",\"@id\":\"https:\\\/\\\/blogdoprosperi.com\\\/?p=42163#primaryimage\",\"url\":\"https:\\\/\\\/i0.wp.com\\\/blogdoprosperi.com\\\/wp-content\\\/uploads\\\/2024\\\/03\\\/53576798302_848ae64d5f_c.jpg?fit=800%2C640&ssl=1\",\"contentUrl\":\"https:\\\/\\\/i0.wp.com\\\/blogdoprosperi.com\\\/wp-content\\\/uploads\\\/2024\\\/03\\\/53576798302_848ae64d5f_c.jpg?fit=800%2C640&ssl=1\",\"width\":800,\"height\":640,\"caption\":\"Palmeiras, de Rony, na mira dos. advers\u00e1rios \u2013 foto: ag Palmeiras\"},{\"@type\":\"BreadcrumbList\",\"@id\":\"https:\\\/\\\/blogdoprosperi.com\\\/?p=42163#breadcrumb\",\"itemListElement\":[{\"@type\":\"ListItem\",\"position\":1,\"name\":\"In\u00edcio\",\"item\":\"https:\\\/\\\/blogdoprosperi.com\\\/\"},{\"@type\":\"ListItem\",\"position\":2,\"name\":\"Palmeiras incomoda Botafogo, S\u00e3o Paulo &#8230;\"}]},{\"@type\":\"WebSite\",\"@id\":\"https:\\\/\\\/blogdoprosperi.com\\\/#website\",\"url\":\"https:\\\/\\\/blogdoprosperi.com\\\/\",\"name\":\"PR\u00d3SPERI NEWS\",\"description\":\"TUDO \u00c9  FUTEBOL\",\"publisher\":{\"@id\":\"https:\\\/\\\/blogdoprosperi.com\\\/#\\\/schema\\\/person\\\/38100755ce3601861ee4fab9b5aa78e9\"},\"alternateName\":\"blogdoprosperi.com\",\"potentialAction\":[{\"@type\":\"SearchAction\",\"target\":{\"@type\":\"EntryPoint\",\"urlTemplate\":\"https:\\\/\\\/blogdoprosperi.com\\\/?s={search_term_string}\"},\"query-input\":{\"@type\":\"PropertyValueSpecification\",\"valueRequired\":true,\"valueName\":\"search_term_string\"}}],\"inLanguage\":\"pt-BR\"},{\"@type\":[\"Person\",\"Organization\"],\"@id\":\"https:\\\/\\\/blogdoprosperi.com\\\/#\\\/schema\\\/person\\\/38100755ce3601861ee4fab9b5aa78e9\",\"name\":\"Luiz Ant\u00f4nio Pr\u00f3speri\",\"pronouns\":\"ele\",\"image\":{\"@type\":\"ImageObject\",\"inLanguage\":\"pt-BR\",\"@id\":\"https:\\\/\\\/i0.wp.com\\\/blogdoprosperi.com\\\/wp-content\\\/uploads\\\/2026\\\/05\\\/cropped-8059e613-6002-42fa-961e-8e275f575d71-2-5.jpg?fit=1360%2C931&ssl=1\",\"url\":\"https:\\\/\\\/i0.wp.com\\\/blogdoprosperi.com\\\/wp-content\\\/uploads\\\/2026\\\/05\\\/cropped-8059e613-6002-42fa-961e-8e275f575d71-2-5.jpg?fit=1360%2C931&ssl=1\",\"contentUrl\":\"https:\\\/\\\/i0.wp.com\\\/blogdoprosperi.com\\\/wp-content\\\/uploads\\\/2026\\\/05\\\/cropped-8059e613-6002-42fa-961e-8e275f575d71-2-5.jpg?fit=1360%2C931&ssl=1\",\"width\":1360,\"height\":931,\"caption\":\"Luiz Ant\u00f4nio Pr\u00f3speri\"},\"logo\":{\"@id\":\"https:\\\/\\\/i0.wp.com\\\/blogdoprosperi.com\\\/wp-content\\\/uploads\\\/2026\\\/05\\\/cropped-8059e613-6002-42fa-961e-8e275f575d71-2-5.jpg?fit=1360%2C931&ssl=1\"},\"description\":\"Jornalista com carreira dedicada ao esporte. Cobriu 9 Copas do Mundo in loco, 1990 na It\u00e1lia, 1994 nos EUA, 1998 na Fran\u00e7a, 2002 na Coreia do Sul e Jap\u00e3o, 2006 na Alemanha, 2010 na \u00c1frica do Sul, 2014 no Brasil, 2018 na R\u00fassia e 2022 no Qatar. Eurocopas, 1992 na Su\u00e9cia e 1996 na Inglaterra. Copa das Confedera\u00e7\u00f5es de 2005 na Alemanha e 2009 na \u00c1frica do Sul. Rep\u00f3rter e Editor, trabalhou no Jornal da Tarde e Estad\u00e3o, de 1984 a fevereiro de 2016. Colunista, blogueiro. E comentarista de futebol na R\u00e1dio Estad\u00e3o, de 2013 a fevereiro de 2016. Jornalista respons\u00e1vel do \\\"Pr\u00f3speri News\\\" (blogdoprosperi.com).\",\"sameAs\":[\"http:\\\/\\\/blogdoprosperi.com\",\"Luiz Pr\u00f3speri\",\"@luiz_prosperi\",\"https:\\\/\\\/x.com\\\/Luizprosperi\",\"@prosperinacopa\",\"luiz.prosperi@icloud.com\"],\"url\":\"https:\\\/\\\/blogdoprosperi.com\\\/?author=102107496\"}]}<\/script>\n<!-- \/ Yoast SEO plugin. -->","yoast_head_json":{"title":"Palmeiras incomoda Botafogo, S\u00e3o Paulo ... - PR\u00d3SPERI NEWS","robots":{"index":"index","follow":"follow","max-snippet":"max-snippet:-1","max-image-preview":"max-image-preview:large","max-video-preview":"max-video-preview:-1"},"canonical":"https:\/\/blogdoprosperi.com\/?p=42163","og_locale":"pt_BR","og_type":"article","og_title":"Palmeiras incomoda Botafogo, S\u00e3o Paulo ... - PR\u00d3SPERI NEWS","og_description":"Palmeiras tem sido alvo de tiroteios de rivais. Saraivada de balas mais recente remete a um suposto esquema [&hellip;]","og_url":"https:\/\/blogdoprosperi.com\/?p=42163","og_site_name":"PR\u00d3SPERI NEWS","article_publisher":"Luiz Pr\u00f3speri","article_author":"Luiz Pr\u00f3speri","article_published_time":"2024-03-11T20:56:34+00:00","og_image":[{"width":800,"height":640,"url":"https:\/\/i0.wp.com\/blogdoprosperi.com\/wp-content\/uploads\/2024\/03\/53576798302_848ae64d5f_c.jpg?fit=800%2C640&ssl=1","type":"image\/jpeg"}],"author":"Luiz Ant\u00f4nio Pr\u00f3speri","twitter_card":"summary_large_image","twitter_creator":"@Luizprosperi","twitter_site":"@Luizprosperi","twitter_misc":{"Escrito por":"Luiz Ant\u00f4nio Pr\u00f3speri","Est. tempo de leitura":"3 minutos"},"schema":{"@context":"https:\/\/schema.org","@graph":[{"@type":"Article","@id":"https:\/\/blogdoprosperi.com\/?p=42163#article","isPartOf":{"@id":"https:\/\/blogdoprosperi.com\/?p=42163"},"author":{"name":"Luiz Ant\u00f4nio Pr\u00f3speri","@id":"https:\/\/blogdoprosperi.com\/#\/schema\/person\/38100755ce3601861ee4fab9b5aa78e9"},"headline":"Palmeiras incomoda Botafogo, S\u00e3o Paulo &#8230;","datePublished":"2024-03-11T20:56:34+00:00","mainEntityOfPage":{"@id":"https:\/\/blogdoprosperi.com\/?p=42163"},"wordCount":555,"commentCount":2,"publisher":{"@id":"https:\/\/blogdoprosperi.com\/#\/schema\/person\/38100755ce3601861ee4fab9b5aa78e9"},"image":{"@id":"https:\/\/blogdoprosperi.com\/?p=42163#primaryimage"},"thumbnailUrl":"https:\/\/i0.wp.com\/blogdoprosperi.com\/wp-content\/uploads\/2024\/03\/53576798302_848ae64d5f_c.jpg?fit=800%2C640&ssl=1","keywords":["0000ff","abel ferreira","CBF","futebol","john textor","Leila Pereira","Palmeiras","SPFC"],"articleSection":["CBF","futebol","futebol 2024","paulist\u00e3o 2024"],"inLanguage":"pt-BR","potentialAction":[{"@type":"CommentAction","name":"Comment","target":["https:\/\/blogdoprosperi.com\/?p=42163#respond"]}]},{"@type":"WebPage","@id":"https:\/\/blogdoprosperi.com\/?p=42163","url":"https:\/\/blogdoprosperi.com\/?p=42163","name":"Palmeiras incomoda Botafogo, S\u00e3o Paulo ... - PR\u00d3SPERI NEWS","isPartOf":{"@id":"https:\/\/blogdoprosperi.com\/#website"},"primaryImageOfPage":{"@id":"https:\/\/blogdoprosperi.com\/?p=42163#primaryimage"},"image":{"@id":"https:\/\/blogdoprosperi.com\/?p=42163#primaryimage"},"thumbnailUrl":"https:\/\/i0.wp.com\/blogdoprosperi.com\/wp-content\/uploads\/2024\/03\/53576798302_848ae64d5f_c.jpg?fit=800%2C640&ssl=1","datePublished":"2024-03-11T20:56:34+00:00","breadcrumb":{"@id":"https:\/\/blogdoprosperi.com\/?p=42163#breadcrumb"},"inLanguage":"pt-BR","potentialAction":[{"@type":"ReadAction","target":["https:\/\/blogdoprosperi.com\/?p=42163"]}]},{"@type":"ImageObject","inLanguage":"pt-BR","@id":"https:\/\/blogdoprosperi.com\/?p=42163#primaryimage","url":"https:\/\/i0.wp.com\/blogdoprosperi.com\/wp-content\/uploads\/2024\/03\/53576798302_848ae64d5f_c.jpg?fit=800%2C640&ssl=1","contentUrl":"https:\/\/i0.wp.com\/blogdoprosperi.com\/wp-content\/uploads\/2024\/03\/53576798302_848ae64d5f_c.jpg?fit=800%2C640&ssl=1","width":800,"height":640,"caption":"Palmeiras, de Rony, na mira dos. advers\u00e1rios \u2013 foto: ag Palmeiras"},{"@type":"BreadcrumbList","@id":"https:\/\/blogdoprosperi.com\/?p=42163#breadcrumb","itemListElement":[{"@type":"ListItem","position":1,"name":"In\u00edcio","item":"https:\/\/blogdoprosperi.com\/"},{"@type":"ListItem","position":2,"name":"Palmeiras incomoda Botafogo, S\u00e3o Paulo &#8230;"}]},{"@type":"WebSite","@id":"https:\/\/blogdoprosperi.com\/#website","url":"https:\/\/blogdoprosperi.com\/","name":"PR\u00d3SPERI NEWS","description":"TUDO \u00c9  FUTEBOL","publisher":{"@id":"https:\/\/blogdoprosperi.com\/#\/schema\/person\/38100755ce3601861ee4fab9b5aa78e9"},"alternateName":"blogdoprosperi.com","potentialAction":[{"@type":"SearchAction","target":{"@type":"EntryPoint","urlTemplate":"https:\/\/blogdoprosperi.com\/?s={search_term_string}"},"query-input":{"@type":"PropertyValueSpecification","valueRequired":true,"valueName":"search_term_string"}}],"inLanguage":"pt-BR"},{"@type":["Person","Organization"],"@id":"https:\/\/blogdoprosperi.com\/#\/schema\/person\/38100755ce3601861ee4fab9b5aa78e9","name":"Luiz Ant\u00f4nio Pr\u00f3speri","pronouns":"ele","image":{"@type":"ImageObject","inLanguage":"pt-BR","@id":"https:\/\/i0.wp.com\/blogdoprosperi.com\/wp-content\/uploads\/2026\/05\/cropped-8059e613-6002-42fa-961e-8e275f575d71-2-5.jpg?fit=1360%2C931&ssl=1","url":"https:\/\/i0.wp.com\/blogdoprosperi.com\/wp-content\/uploads\/2026\/05\/cropped-8059e613-6002-42fa-961e-8e275f575d71-2-5.jpg?fit=1360%2C931&ssl=1","contentUrl":"https:\/\/i0.wp.com\/blogdoprosperi.com\/wp-content\/uploads\/2026\/05\/cropped-8059e613-6002-42fa-961e-8e275f575d71-2-5.jpg?fit=1360%2C931&ssl=1","width":1360,"height":931,"caption":"Luiz Ant\u00f4nio Pr\u00f3speri"},"logo":{"@id":"https:\/\/i0.wp.com\/blogdoprosperi.com\/wp-content\/uploads\/2026\/05\/cropped-8059e613-6002-42fa-961e-8e275f575d71-2-5.jpg?fit=1360%2C931&ssl=1"},"description":"Jornalista com carreira dedicada ao esporte. Cobriu 9 Copas do Mundo in loco, 1990 na It\u00e1lia, 1994 nos EUA, 1998 na Fran\u00e7a, 2002 na Coreia do Sul e Jap\u00e3o, 2006 na Alemanha, 2010 na \u00c1frica do Sul, 2014 no Brasil, 2018 na R\u00fassia e 2022 no Qatar. Eurocopas, 1992 na Su\u00e9cia e 1996 na Inglaterra. Copa das Confedera\u00e7\u00f5es de 2005 na Alemanha e 2009 na \u00c1frica do Sul. Rep\u00f3rter e Editor, trabalhou no Jornal da Tarde e Estad\u00e3o, de 1984 a fevereiro de 2016. Colunista, blogueiro. E comentarista de futebol na R\u00e1dio Estad\u00e3o, de 2013 a fevereiro de 2016. Jornalista respons\u00e1vel do \"Pr\u00f3speri News\" (blogdoprosperi.com).","sameAs":["http:\/\/blogdoprosperi.com","Luiz Pr\u00f3speri","@luiz_prosperi","https:\/\/x.com\/Luizprosperi","@prosperinacopa","luiz.prosperi@icloud.com"],"url":"https:\/\/blogdoprosperi.com\/?author=102107496"}]}},"jetpack_publicize_connections":[],"jetpack_likes_enabled":false,"jetpack_sharing_enabled":true,"jetpack_shortlink":"https:\/\/wp.me\/p7jvdk-aY3","jetpack-related-posts":[{"id":44288,"url":"https:\/\/blogdoprosperi.com\/?p=44288","url_meta":{"origin":42163,"position":0},"title":"Torcedores do Botafogo Enforcam Bonecos de Leila Pereira e Presidente da CBF","author":"Luiz Ant\u00f4nio Pr\u00f3speri","date":"17 de julho de 2024","format":false,"excerpt":"Luiz Ant\u00f4nio Pr\u00f3speri \u2013 17 julho 2024 \u2013 (20h30) Leila Pereira e John Textor ganham destaque em dois grandes portais da internet brasileira nessa quarta-feira (17\/7). Leila entrevistada no UOL e Textor no ge (globo esporte). As mat\u00e9rias foram ao ar a pelo menos nove horas antes do jogo Botafogo\u2026","rel":"","context":"Em &quot;futebol&quot;","block_context":{"text":"futebol","link":"https:\/\/blogdoprosperi.com\/?cat=53870"},"img":{"alt_text":"","src":"https:\/\/i0.wp.com\/blogdoprosperi.com\/wp-content\/uploads\/2024\/07\/leila-pereira-ednaldo-rodrigues-botafogo-645x362-1.jpg?fit=645%2C362&ssl=1&resize=350%2C200","width":350,"height":200,"srcset":"https:\/\/i0.wp.com\/blogdoprosperi.com\/wp-content\/uploads\/2024\/07\/leila-pereira-ednaldo-rodrigues-botafogo-645x362-1.jpg?fit=645%2C362&ssl=1&resize=350%2C200 1x, https:\/\/i0.wp.com\/blogdoprosperi.com\/wp-content\/uploads\/2024\/07\/leila-pereira-ednaldo-rodrigues-botafogo-645x362-1.jpg?fit=645%2C362&ssl=1&resize=525%2C300 1.5x"},"classes":[]},{"id":44239,"url":"https:\/\/blogdoprosperi.com\/?p=44239","url_meta":{"origin":42163,"position":1},"title":"Botafogo x Palmeiras: Expectativa e Tens\u00e3o no Confronto Decisivo","author":"Luiz Ant\u00f4nio Pr\u00f3speri","date":"16 de julho de 2024","format":false,"excerpt":"Luiz Ant\u00f4nio Pr\u00f3speri - 16 julho - (17h50) Palmeiras enfrenta Botafogo no jogo que pode encaminhar o campe\u00e3o simb\u00f3lico do primeiro turno do Brasileir\u00e3o 2024. Confronto n\u00e3o \u00e9 uma simples disputa pelo topo da tabela de classifica\u00e7\u00e3o. H\u00e1 muito o que se discutir nessa quarta-feira (17\/7) no est\u00e1dio Nilton Santos.\u2026","rel":"","context":"Em &quot;futebol&quot;","block_context":{"text":"futebol","link":"https:\/\/blogdoprosperi.com\/?cat=53870"},"img":{"alt_text":"Botafogo x Palmeiras, muito al\u00e9m de um jogo de futebol","src":"https:\/\/i0.wp.com\/blogdoprosperi.com\/wp-content\/uploads\/2024\/07\/53851354464_6b927c5674_h.jpg?fit=1200%2C675&ssl=1&resize=350%2C200","width":350,"height":200,"srcset":"https:\/\/i0.wp.com\/blogdoprosperi.com\/wp-content\/uploads\/2024\/07\/53851354464_6b927c5674_h.jpg?fit=1200%2C675&ssl=1&resize=350%2C200 1x, https:\/\/i0.wp.com\/blogdoprosperi.com\/wp-content\/uploads\/2024\/07\/53851354464_6b927c5674_h.jpg?fit=1200%2C675&ssl=1&resize=525%2C300 1.5x, https:\/\/i0.wp.com\/blogdoprosperi.com\/wp-content\/uploads\/2024\/07\/53851354464_6b927c5674_h.jpg?fit=1200%2C675&ssl=1&resize=700%2C400 2x, https:\/\/i0.wp.com\/blogdoprosperi.com\/wp-content\/uploads\/2024\/07\/53851354464_6b927c5674_h.jpg?fit=1200%2C675&ssl=1&resize=1050%2C600 3x"},"classes":[]},{"id":46525,"url":"https:\/\/blogdoprosperi.com\/?p=46525","url_meta":{"origin":42163,"position":2},"title":"Palmeiras e Botafogo \u2013 Decis\u00e3o | Time de Abel Larga na Pole, Artur Acusa Golpe","author":"Luiz Ant\u00f4nio Pr\u00f3speri","date":"25 de novembro de 2024","format":false,"excerpt":"Luiz Ant\u00f4nio Pr\u00f3speri \u2013 25 novembro \u2013 atualizado 26 novembro (12h40) \u2013 Palmeiras e Botafogo decidem Brasileir\u00e3o 2024 ter\u00e7a-feira (26\/11) na casa alviverde. Iguais no n\u00famero de pontos (70 a 70), time paulista tem vantagem no crit\u00e9rio de desempate com uma vit\u00f3ria a mais (21 a 20). Matem\u00e1ticos e analistas\u2026","rel":"","context":"Em &quot;futebol&quot;","block_context":{"text":"futebol","link":"https:\/\/blogdoprosperi.com\/?cat=53870"},"img":{"alt_text":"Time de Abel Ferreira larga na frente contra Botafogo","src":"https:\/\/i0.wp.com\/blogdoprosperi.com\/wp-content\/uploads\/2024\/11\/54160663650_ea2b7b6b97_h.jpg?fit=1200%2C675&ssl=1&resize=350%2C200","width":350,"height":200,"srcset":"https:\/\/i0.wp.com\/blogdoprosperi.com\/wp-content\/uploads\/2024\/11\/54160663650_ea2b7b6b97_h.jpg?fit=1200%2C675&ssl=1&resize=350%2C200 1x, https:\/\/i0.wp.com\/blogdoprosperi.com\/wp-content\/uploads\/2024\/11\/54160663650_ea2b7b6b97_h.jpg?fit=1200%2C675&ssl=1&resize=525%2C300 1.5x, https:\/\/i0.wp.com\/blogdoprosperi.com\/wp-content\/uploads\/2024\/11\/54160663650_ea2b7b6b97_h.jpg?fit=1200%2C675&ssl=1&resize=700%2C400 2x, https:\/\/i0.wp.com\/blogdoprosperi.com\/wp-content\/uploads\/2024\/11\/54160663650_ea2b7b6b97_h.jpg?fit=1200%2C675&ssl=1&resize=1050%2C600 3x"},"classes":[]},{"id":46777,"url":"https:\/\/blogdoprosperi.com\/?p=46777","url_meta":{"origin":42163,"position":3},"title":"Brasileir\u00e3o 2024 | Ta\u00e7a, Dramas, Rebaixamento e Despedidas na \u00daltima Rodada","author":"Luiz Ant\u00f4nio Pr\u00f3speri","date":"7 de dezembro de 2024","format":false,"excerpt":"Luiz Ant\u00f4nio Pr\u00f3speri \u2013 7 dezembro (11h05) \u2013 Brasileir\u00e3o 2024 chega \u00e0 \u00faltima rodada (38.\u00aa) com disputa de t\u00edtulo, pavor do rebaixamento, dramas, despedidas, derrota do futebol para a viol\u00eancia, sucessos e fracassos da SAF e graves problemas de gest\u00e3o da CBF. Muitas hist\u00f3rias ser\u00e3o contadas nesse domingo (08\/12) a\u2026","rel":"","context":"Em &quot;futebol&quot;","block_context":{"text":"futebol","link":"https:\/\/blogdoprosperi.com\/?cat=53870"},"img":{"alt_text":"","src":"https:\/\/i0.wp.com\/blogdoprosperi.com\/wp-content\/uploads\/2024\/12\/trofeu-brasileirao-trivela-scaled-1.jpg?fit=1200%2C675&ssl=1&resize=350%2C200","width":350,"height":200,"srcset":"https:\/\/i0.wp.com\/blogdoprosperi.com\/wp-content\/uploads\/2024\/12\/trofeu-brasileirao-trivela-scaled-1.jpg?fit=1200%2C675&ssl=1&resize=350%2C200 1x, https:\/\/i0.wp.com\/blogdoprosperi.com\/wp-content\/uploads\/2024\/12\/trofeu-brasileirao-trivela-scaled-1.jpg?fit=1200%2C675&ssl=1&resize=525%2C300 1.5x, https:\/\/i0.wp.com\/blogdoprosperi.com\/wp-content\/uploads\/2024\/12\/trofeu-brasileirao-trivela-scaled-1.jpg?fit=1200%2C675&ssl=1&resize=700%2C400 2x, https:\/\/i0.wp.com\/blogdoprosperi.com\/wp-content\/uploads\/2024\/12\/trofeu-brasileirao-trivela-scaled-1.jpg?fit=1200%2C675&ssl=1&resize=1050%2C600 3x"},"classes":[]},{"id":44546,"url":"https:\/\/blogdoprosperi.com\/?p=44546","url_meta":{"origin":42163,"position":4},"title":"Palmeiras, Flamengo e Botafogo cobram CBF por \u00c1rbitro gordo, Arbitragem na UTI e VAR assustador","author":"Luiz Ant\u00f4nio Pr\u00f3speri","date":"8 de agosto de 2024","format":false,"excerpt":"Luiz Antonio Pr\u00f3speri \u2013 8 agosto (16h30) Palmeiras, Flamengo e Botafogo esquecem futebol e batem pesado na arbitragem da CBF ap\u00f3s rodada da Copa do Brasil. CBF n\u00e3o responde. Aguarda protesto oficial dos clubes. Nada de novo futebol brasileiro. \"Arbitragem na UTI\" (Botafogo). \"Obscena foi a arbitragem\" \u00a0(Palmeiras). \"N\u00e3o sabemos\u2026","rel":"","context":"Em &quot;informa\u00e7\u00e3o&quot;","block_context":{"text":"informa\u00e7\u00e3o","link":"https:\/\/blogdoprosperi.com\/?cat=20384"},"img":{"alt_text":"Arbitragem questionada na Copa do Brasil","src":"https:\/\/i0.wp.com\/blogdoprosperi.com\/wp-content\/uploads\/2024\/08\/53909469583_17d2461935_h.jpg?fit=1200%2C675&ssl=1&resize=350%2C200","width":350,"height":200,"srcset":"https:\/\/i0.wp.com\/blogdoprosperi.com\/wp-content\/uploads\/2024\/08\/53909469583_17d2461935_h.jpg?fit=1200%2C675&ssl=1&resize=350%2C200 1x, https:\/\/i0.wp.com\/blogdoprosperi.com\/wp-content\/uploads\/2024\/08\/53909469583_17d2461935_h.jpg?fit=1200%2C675&ssl=1&resize=525%2C300 1.5x, https:\/\/i0.wp.com\/blogdoprosperi.com\/wp-content\/uploads\/2024\/08\/53909469583_17d2461935_h.jpg?fit=1200%2C675&ssl=1&resize=700%2C400 2x, https:\/\/i0.wp.com\/blogdoprosperi.com\/wp-content\/uploads\/2024\/08\/53909469583_17d2461935_h.jpg?fit=1200%2C675&ssl=1&resize=1050%2C600 3x"},"classes":[]},{"id":42292,"url":"https:\/\/blogdoprosperi.com\/?p=42292","url_meta":{"origin":42163,"position":5},"title":"CBF deve adiar Brasileir\u00e3o at\u00e9 Textor apresentar provas de manipula\u00e7\u00e3o","author":"Luiz Ant\u00f4nio Pr\u00f3speri","date":"2 de abril de 2024","format":false,"excerpt":"John Textor volta a denunciar manipula\u00e7\u00e3o de resultados a favor do Palmeiras no Brasileir\u00e3o 2023. Tiroteio do milion\u00e1rio americano dono do Botafogo mira cinco (5, isso mesmo) jogadores do S\u00e3o Paulo, apontados como suspeitos de facilitar a goleada (5 a 0) do Palmeiras no campeonato do ano passado. Textor n\u00e3o\u2026","rel":"","context":"Em &quot;futebol&quot;","block_context":{"text":"futebol","link":"https:\/\/blogdoprosperi.com\/?cat=53870"},"img":{"alt_text":"","src":"https:\/\/i0.wp.com\/blogdoprosperi.com\/wp-content\/uploads\/2024\/04\/20240401-221313_1729296_2871_2.jpg_554688468.webp?fit=1200%2C675&ssl=1&resize=350%2C200","width":350,"height":200,"srcset":"https:\/\/i0.wp.com\/blogdoprosperi.com\/wp-content\/uploads\/2024\/04\/20240401-221313_1729296_2871_2.jpg_554688468.webp?fit=1200%2C675&ssl=1&resize=350%2C200 1x, https:\/\/i0.wp.com\/blogdoprosperi.com\/wp-content\/uploads\/2024\/04\/20240401-221313_1729296_2871_2.jpg_554688468.webp?fit=1200%2C675&ssl=1&resize=525%2C300 1.5x, https:\/\/i0.wp.com\/blogdoprosperi.com\/wp-content\/uploads\/2024\/04\/20240401-221313_1729296_2871_2.jpg_554688468.webp?fit=1200%2C675&ssl=1&resize=700%2C400 2x, https:\/\/i0.wp.com\/blogdoprosperi.com\/wp-content\/uploads\/2024\/04\/20240401-221313_1729296_2871_2.jpg_554688468.webp?fit=1200%2C675&ssl=1&resize=1050%2C600 3x"},"classes":[]}],"jetpack_featured_media_url":"https:\/\/i0.wp.com\/blogdoprosperi.com\/wp-content\/uploads\/2024\/03\/53576798302_848ae64d5f_c.jpg?fit=800%2C640&ssl=1","_links":{"self":[{"href":"https:\/\/blogdoprosperi.com\/index.php?rest_route=\/wp\/v2\/posts\/42163","targetHints":{"allow":["GET"]}}],"collection":[{"href":"https:\/\/blogdoprosperi.com\/index.php?rest_route=\/wp\/v2\/posts"}],"about":[{"href":"https:\/\/blogdoprosperi.com\/index.php?rest_route=\/wp\/v2\/types\/post"}],"author":[{"embeddable":true,"href":"https:\/\/blogdoprosperi.com\/index.php?rest_route=\/wp\/v2\/users\/102107496"}],"replies":[{"embeddable":true,"href":"https:\/\/blogdoprosperi.com\/index.php?rest_route=%2Fwp%2Fv2%2Fcomments&post=42163"}],"version-history":[{"count":9,"href":"https:\/\/blogdoprosperi.com\/index.php?rest_route=\/wp\/v2\/posts\/42163\/revisions"}],"predecessor-version":[{"id":42174,"href":"https:\/\/blogdoprosperi.com\/index.php?rest_route=\/wp\/v2\/posts\/42163\/revisions\/42174"}],"wp:featuredmedia":[{"embeddable":true,"href":"https:\/\/blogdoprosperi.com\/index.php?rest_route=\/wp\/v2\/media\/42170"}],"wp:attachment":[{"href":"https:\/\/blogdoprosperi.com\/index.php?rest_route=%2Fwp%2Fv2%2Fmedia&parent=42163"}],"wp:term":[{"taxonomy":"category","embeddable":true,"href":"https:\/\/blogdoprosperi.com\/index.php?rest_route=%2Fwp%2Fv2%2Fcategories&post=42163"},{"taxonomy":"post_tag","embeddable":true,"href":"https:\/\/blogdoprosperi.com\/index.php?rest_route=%2Fwp%2Fv2%2Ftags&post=42163"}],"curies":[{"name":"wp","href":"https:\/\/api.w.org\/{rel}","templated":true}]}}