{"id":42213,"date":"2024-03-22T13:54:57","date_gmt":"2024-03-22T16:54:57","guid":{"rendered":"https:\/\/blogdoprosperi.com\/?p=42213"},"modified":"2024-03-22T21:51:58","modified_gmt":"2024-03-23T00:51:58","slug":"danilo-temos-de-entender-que-temos-maes-irmas-filhas-esposas-namoradas-e-que-essas-mulheres-passam-por-provacoes-que-nos-homens-nao-passamos","status":"publish","type":"post","link":"https:\/\/blogdoprosperi.com\/?p=42213","title":{"rendered":"Danilo: &#8220;Mulheres passam por prova\u00e7\u00f5es que n\u00f3s n\u00e3o passamos&#8221;"},"content":{"rendered":"<p>Acompanhe depoimento de Danilo, atual capit\u00e3o da Sele\u00e7\u00e3o Brasileira:<\/p>\n<blockquote><p>&#8220;Entendo que na minha posi\u00e7\u00e3o, como jogador h\u00e1 mais tempo na Sele\u00e7\u00e3o, exercendo o papel que exer\u00e7o, \u00e9 importante que eu fale. Acho, sim, que \u00e9 importante passar por conscientiza\u00e7\u00e3o dentro da sele\u00e7\u00e3o brasileira, nas categorias de base, mas tamb\u00e9m gostaria de fazer a reflex\u00e3o de que a gente n\u00e3o fa\u00e7a o julgamento que isso acontece s\u00f3 no futebol, \u00e9 reflexo da sociedade e vem a se espelhar no futebol. Enquanto atletas de alto n\u00edvel temos que entender o lugar que a gente ocupa, nosso papel, entender que nossas a\u00e7\u00f5es tem um poder maior de influenciar positivamente e negativamente. Est\u00e1 na hora de entender melhor que nosso papel \u00e9 jogar futebol, representar os clubes e a sele\u00e7\u00e3o brasileira, mas tamb\u00e9m servir de exemplo de comportamento e de forma de lidar fora de campo para a juventude.<\/p>\n<p>Eu procuro muitas vezes me dissociar da figura de jogador de futebol porque a vida continua. Ser jogador de futebol \u00e9 uma parte da minha vida, mas eu tenho outra parcela que tamb\u00e9m \u00e9 importante. Dentro dessa parcela cabe aprendizado, crescimento pessoal, \u00e9 o que eu busco. Temos que entender que temos m\u00e3es, irm\u00e3s, filhas, esposas, namoradas e que essas mulheres passam por prova\u00e7\u00f5es e pensamentos que n\u00f3s, enquanto homens, n\u00e3o passamos. Como pensar em que roupa vai sair por um julgamento ou por abrir um suposto precedente para qualquer coisa. Conversando com uma pessoa outro dia ela me disse: &#8220;Se tem um caminh\u00e3o parado na rua, eu n\u00e3o passo atr\u00e1s porque tenho receio que ali tenha algu\u00e9m que me fa\u00e7a mal&#8221;. N\u00f3s, enquanto homens, n\u00e3o t\u00eam esse tipo de receio.<\/p>\n<p>\u00c9 importante, falando mais uma vez para o Rodrigo (<em>diretor de comunica\u00e7\u00e3o da CBF<\/em>) que est\u00e1 aqui representando a dire\u00e7\u00e3o da CBF, poder iniciar essa conscientiza\u00e7\u00e3o, trazer conversas e debates, principalmente a juventude que \u00e9 onde a gente consegue ir formando de forma mais genu\u00edna esse pensamento reflexivo, se colocando no lugar das mulheres de forma emp\u00e1tica e que elas possam ter mais liberdade para poder ocupar os lugares que merecem ocupar&#8221;.<\/p>\n<p><strong>Danilo, 33 anos, est\u00e1 na Sele\u00e7\u00e3o desde 2021.<\/strong><\/p><\/blockquote>\n","protected":false},"excerpt":{"rendered":"<p>Acompanhe depoimento de Danilo, atual capit\u00e3o da Sele\u00e7\u00e3o Brasileira: &#8220;Entendo que na minha posi\u00e7\u00e3o, como jogador h\u00e1 mais [&hellip;]<\/p>\n","protected":false},"author":102107496,"featured_media":42220,"comment_status":"open","ping_status":"open","sticky":false,"template":"","format":"standard","meta":{"_coblocks_attr":"","_coblocks_dimensions":"","_coblocks_responsive_height":"","_coblocks_accordion_ie_support":"","_jetpack_newsletter_access":"","_jetpack_dont_email_post_to_subs":false,"_jetpack_newsletter_tier_id":0,"_jetpack_memberships_contains_paywalled_content":false,"_wpcom_ai_launchpad_first_post":false,"_jetpack_feature_clip_id":0,"_jetpack_memberships_contains_paid_content":false,"footnotes":"","jetpack_publicize_message":"","jetpack_publicize_feature_enabled":true,"jetpack_social_post_already_shared":false,"jetpack_social_options":{"image_generator_settings":{"template":"highway","default_image_id":0,"font":"","enabled":false},"version":2},"jetpack_post_was_ever_published":false},"categories":[570700,53870,174694],"tags":[789560569,1432668,482161,891885,789560560,59584,139042],"class_list":["post-42213","post","type-post","status-publish","format-standard","has-post-thumbnail","hentry","category-cbf","category-futebol","category-selecao-brasileira","tag-cbf","tag-daniel-alves","tag-danilo","tag-estupro","tag-futebol","tag-mulher","tag-robinho"],"yoast_head":"<!-- This site is optimized with the Yoast SEO plugin v28.3 - https:\/\/yoast.com\/product\/yoast-seo-wordpress\/ -->\n<title>Danilo: &quot;Mulheres passam por prova\u00e7\u00f5es que n\u00f3s n\u00e3o passamos&quot; - PR\u00d3SPERI NEWS<\/title>\n<meta name=\"robots\" content=\"index, follow, max-snippet:-1, max-image-preview:large, max-video-preview:-1\" \/>\n<link rel=\"canonical\" href=\"https:\/\/blogdoprosperi.com\/?p=42213\" \/>\n<meta property=\"og:locale\" content=\"pt_BR\" \/>\n<meta property=\"og:type\" content=\"article\" \/>\n<meta property=\"og:title\" content=\"Danilo: &quot;Mulheres passam por prova\u00e7\u00f5es que n\u00f3s n\u00e3o passamos&quot; - PR\u00d3SPERI NEWS\" \/>\n<meta property=\"og:description\" content=\"Acompanhe depoimento de Danilo, atual capit\u00e3o da Sele\u00e7\u00e3o Brasileira: &#8220;Entendo que na minha posi\u00e7\u00e3o, como jogador h\u00e1 mais [&hellip;]\" \/>\n<meta property=\"og:url\" content=\"https:\/\/blogdoprosperi.com\/?p=42213\" \/>\n<meta property=\"og:site_name\" content=\"PR\u00d3SPERI NEWS\" \/>\n<meta property=\"article:publisher\" content=\"Luiz Pr\u00f3speri\" \/>\n<meta property=\"article:author\" content=\"Luiz Pr\u00f3speri\" \/>\n<meta property=\"article:published_time\" content=\"2024-03-22T16:54:57+00:00\" \/>\n<meta property=\"article:modified_time\" content=\"2024-03-23T00:51:58+00:00\" \/>\n<meta property=\"og:image\" content=\"https:\/\/i0.wp.com\/blogdoprosperi.com\/wp-content\/uploads\/2024\/03\/cgzbnvbpfbbaz7lc9gszqxig9.webp?fit=652%2C408&ssl=1\" \/>\n\t<meta property=\"og:image:width\" content=\"652\" \/>\n\t<meta property=\"og:image:height\" content=\"408\" \/>\n\t<meta property=\"og:image:type\" content=\"image\/webp\" \/>\n<meta name=\"author\" content=\"Luiz Ant\u00f4nio Pr\u00f3speri\" \/>\n<meta name=\"twitter:card\" content=\"summary_large_image\" \/>\n<meta name=\"twitter:creator\" content=\"@Luizprosperi\" \/>\n<meta name=\"twitter:site\" content=\"@Luizprosperi\" \/>\n<meta name=\"twitter:label1\" content=\"Escrito por\" \/>\n\t<meta name=\"twitter:data1\" content=\"Luiz Ant\u00f4nio Pr\u00f3speri\" \/>\n\t<meta name=\"twitter:label2\" content=\"Est. tempo de leitura\" \/>\n\t<meta name=\"twitter:data2\" content=\"2 minutos\" \/>\n<script type=\"application\/ld+json\" class=\"yoast-schema-graph\">{\"@context\":\"https:\\\/\\\/schema.org\",\"@graph\":[{\"@type\":\"Article\",\"@id\":\"https:\\\/\\\/blogdoprosperi.com\\\/?p=42213#article\",\"isPartOf\":{\"@id\":\"https:\\\/\\\/blogdoprosperi.com\\\/?p=42213\"},\"author\":{\"name\":\"Luiz Ant\u00f4nio Pr\u00f3speri\",\"@id\":\"https:\\\/\\\/blogdoprosperi.com\\\/#\\\/schema\\\/person\\\/38100755ce3601861ee4fab9b5aa78e9\"},\"headline\":\"Danilo: &#8220;Mulheres passam por prova\u00e7\u00f5es que n\u00f3s n\u00e3o passamos&#8221;\",\"datePublished\":\"2024-03-22T16:54:57+00:00\",\"dateModified\":\"2024-03-23T00:51:58+00:00\",\"mainEntityOfPage\":{\"@id\":\"https:\\\/\\\/blogdoprosperi.com\\\/?p=42213\"},\"wordCount\":392,\"commentCount\":1,\"publisher\":{\"@id\":\"https:\\\/\\\/blogdoprosperi.com\\\/#\\\/schema\\\/person\\\/38100755ce3601861ee4fab9b5aa78e9\"},\"image\":{\"@id\":\"https:\\\/\\\/blogdoprosperi.com\\\/?p=42213#primaryimage\"},\"thumbnailUrl\":\"https:\\\/\\\/i0.wp.com\\\/blogdoprosperi.com\\\/wp-content\\\/uploads\\\/2024\\\/03\\\/cgzbnvbpfbbaz7lc9gszqxig9.webp?fit=652%2C408&ssl=1\",\"keywords\":[\"CBF\",\"Daniel Alves\",\"danilo\",\"estupro\",\"futebol\",\"mulher\",\"Robinho\"],\"articleSection\":[\"CBF\",\"futebol\",\"Sele\u00e7\u00e3o Brasileira\"],\"inLanguage\":\"pt-BR\",\"potentialAction\":[{\"@type\":\"CommentAction\",\"name\":\"Comment\",\"target\":[\"https:\\\/\\\/blogdoprosperi.com\\\/?p=42213#respond\"]}]},{\"@type\":\"WebPage\",\"@id\":\"https:\\\/\\\/blogdoprosperi.com\\\/?p=42213\",\"url\":\"https:\\\/\\\/blogdoprosperi.com\\\/?p=42213\",\"name\":\"Danilo: \\\"Mulheres passam por prova\u00e7\u00f5es que n\u00f3s n\u00e3o passamos\\\" - PR\u00d3SPERI NEWS\",\"isPartOf\":{\"@id\":\"https:\\\/\\\/blogdoprosperi.com\\\/#website\"},\"primaryImageOfPage\":{\"@id\":\"https:\\\/\\\/blogdoprosperi.com\\\/?p=42213#primaryimage\"},\"image\":{\"@id\":\"https:\\\/\\\/blogdoprosperi.com\\\/?p=42213#primaryimage\"},\"thumbnailUrl\":\"https:\\\/\\\/i0.wp.com\\\/blogdoprosperi.com\\\/wp-content\\\/uploads\\\/2024\\\/03\\\/cgzbnvbpfbbaz7lc9gszqxig9.webp?fit=652%2C408&ssl=1\",\"datePublished\":\"2024-03-22T16:54:57+00:00\",\"dateModified\":\"2024-03-23T00:51:58+00:00\",\"breadcrumb\":{\"@id\":\"https:\\\/\\\/blogdoprosperi.com\\\/?p=42213#breadcrumb\"},\"inLanguage\":\"pt-BR\",\"potentialAction\":[{\"@type\":\"ReadAction\",\"target\":[\"https:\\\/\\\/blogdoprosperi.com\\\/?p=42213\"]}]},{\"@type\":\"ImageObject\",\"inLanguage\":\"pt-BR\",\"@id\":\"https:\\\/\\\/blogdoprosperi.com\\\/?p=42213#primaryimage\",\"url\":\"https:\\\/\\\/i0.wp.com\\\/blogdoprosperi.com\\\/wp-content\\\/uploads\\\/2024\\\/03\\\/cgzbnvbpfbbaz7lc9gszqxig9.webp?fit=652%2C408&ssl=1\",\"contentUrl\":\"https:\\\/\\\/i0.wp.com\\\/blogdoprosperi.com\\\/wp-content\\\/uploads\\\/2024\\\/03\\\/cgzbnvbpfbbaz7lc9gszqxig9.webp?fit=652%2C408&ssl=1\",\"width\":652,\"height\":408,\"caption\":\"Danilo, capit\u00e3o da Sele\u00e7\u00e3o \u2013 foto: CBF\"},{\"@type\":\"BreadcrumbList\",\"@id\":\"https:\\\/\\\/blogdoprosperi.com\\\/?p=42213#breadcrumb\",\"itemListElement\":[{\"@type\":\"ListItem\",\"position\":1,\"name\":\"In\u00edcio\",\"item\":\"https:\\\/\\\/blogdoprosperi.com\\\/\"},{\"@type\":\"ListItem\",\"position\":2,\"name\":\"Danilo: &#8220;Mulheres passam por prova\u00e7\u00f5es que n\u00f3s n\u00e3o passamos&#8221;\"}]},{\"@type\":\"WebSite\",\"@id\":\"https:\\\/\\\/blogdoprosperi.com\\\/#website\",\"url\":\"https:\\\/\\\/blogdoprosperi.com\\\/\",\"name\":\"PR\u00d3SPERI NEWS\",\"description\":\"TUDO \u00c9  FUTEBOL\",\"publisher\":{\"@id\":\"https:\\\/\\\/blogdoprosperi.com\\\/#\\\/schema\\\/person\\\/38100755ce3601861ee4fab9b5aa78e9\"},\"alternateName\":\"blogdoprosperi.com\",\"potentialAction\":[{\"@type\":\"SearchAction\",\"target\":{\"@type\":\"EntryPoint\",\"urlTemplate\":\"https:\\\/\\\/blogdoprosperi.com\\\/?s={search_term_string}\"},\"query-input\":{\"@type\":\"PropertyValueSpecification\",\"valueRequired\":true,\"valueName\":\"search_term_string\"}}],\"inLanguage\":\"pt-BR\"},{\"@type\":[\"Person\",\"Organization\"],\"@id\":\"https:\\\/\\\/blogdoprosperi.com\\\/#\\\/schema\\\/person\\\/38100755ce3601861ee4fab9b5aa78e9\",\"name\":\"Luiz Ant\u00f4nio Pr\u00f3speri\",\"pronouns\":\"ele\",\"image\":{\"@type\":\"ImageObject\",\"inLanguage\":\"pt-BR\",\"@id\":\"https:\\\/\\\/i0.wp.com\\\/blogdoprosperi.com\\\/wp-content\\\/uploads\\\/2026\\\/05\\\/cropped-8059e613-6002-42fa-961e-8e275f575d71-2-5.jpg?fit=1360%2C931&ssl=1\",\"url\":\"https:\\\/\\\/i0.wp.com\\\/blogdoprosperi.com\\\/wp-content\\\/uploads\\\/2026\\\/05\\\/cropped-8059e613-6002-42fa-961e-8e275f575d71-2-5.jpg?fit=1360%2C931&ssl=1\",\"contentUrl\":\"https:\\\/\\\/i0.wp.com\\\/blogdoprosperi.com\\\/wp-content\\\/uploads\\\/2026\\\/05\\\/cropped-8059e613-6002-42fa-961e-8e275f575d71-2-5.jpg?fit=1360%2C931&ssl=1\",\"width\":1360,\"height\":931,\"caption\":\"Luiz Ant\u00f4nio Pr\u00f3speri\"},\"logo\":{\"@id\":\"https:\\\/\\\/i0.wp.com\\\/blogdoprosperi.com\\\/wp-content\\\/uploads\\\/2026\\\/05\\\/cropped-8059e613-6002-42fa-961e-8e275f575d71-2-5.jpg?fit=1360%2C931&ssl=1\"},\"description\":\"Jornalista com carreira dedicada ao esporte. Cobriu 9 Copas do Mundo in loco, 1990 na It\u00e1lia, 1994 nos EUA, 1998 na Fran\u00e7a, 2002 na Coreia do Sul e Jap\u00e3o, 2006 na Alemanha, 2010 na \u00c1frica do Sul, 2014 no Brasil, 2018 na R\u00fassia e 2022 no Qatar. Eurocopas, 1992 na Su\u00e9cia e 1996 na Inglaterra. Copa das Confedera\u00e7\u00f5es de 2005 na Alemanha e 2009 na \u00c1frica do Sul. Rep\u00f3rter e Editor, trabalhou no Jornal da Tarde e Estad\u00e3o, de 1984 a fevereiro de 2016. Colunista, blogueiro. E comentarista de futebol na R\u00e1dio Estad\u00e3o, de 2013 a fevereiro de 2016. Jornalista respons\u00e1vel do \\\"Pr\u00f3speri News\\\" (blogdoprosperi.com).\",\"sameAs\":[\"http:\\\/\\\/blogdoprosperi.com\",\"Luiz Pr\u00f3speri\",\"@luiz_prosperi\",\"https:\\\/\\\/x.com\\\/Luizprosperi\",\"@prosperinacopa\",\"luiz.prosperi@icloud.com\"],\"url\":\"https:\\\/\\\/blogdoprosperi.com\\\/?author=102107496\"}]}<\/script>\n<!-- \/ Yoast SEO plugin. -->","yoast_head_json":{"title":"Danilo: \"Mulheres passam por prova\u00e7\u00f5es que n\u00f3s n\u00e3o passamos\" - PR\u00d3SPERI NEWS","robots":{"index":"index","follow":"follow","max-snippet":"max-snippet:-1","max-image-preview":"max-image-preview:large","max-video-preview":"max-video-preview:-1"},"canonical":"https:\/\/blogdoprosperi.com\/?p=42213","og_locale":"pt_BR","og_type":"article","og_title":"Danilo: \"Mulheres passam por prova\u00e7\u00f5es que n\u00f3s n\u00e3o passamos\" - PR\u00d3SPERI NEWS","og_description":"Acompanhe depoimento de Danilo, atual capit\u00e3o da Sele\u00e7\u00e3o Brasileira: &#8220;Entendo que na minha posi\u00e7\u00e3o, como jogador h\u00e1 mais [&hellip;]","og_url":"https:\/\/blogdoprosperi.com\/?p=42213","og_site_name":"PR\u00d3SPERI NEWS","article_publisher":"Luiz Pr\u00f3speri","article_author":"Luiz Pr\u00f3speri","article_published_time":"2024-03-22T16:54:57+00:00","article_modified_time":"2024-03-23T00:51:58+00:00","og_image":[{"width":652,"height":408,"url":"https:\/\/i0.wp.com\/blogdoprosperi.com\/wp-content\/uploads\/2024\/03\/cgzbnvbpfbbaz7lc9gszqxig9.webp?fit=652%2C408&ssl=1","type":"image\/webp"}],"author":"Luiz Ant\u00f4nio Pr\u00f3speri","twitter_card":"summary_large_image","twitter_creator":"@Luizprosperi","twitter_site":"@Luizprosperi","twitter_misc":{"Escrito por":"Luiz Ant\u00f4nio Pr\u00f3speri","Est. tempo de leitura":"2 minutos"},"schema":{"@context":"https:\/\/schema.org","@graph":[{"@type":"Article","@id":"https:\/\/blogdoprosperi.com\/?p=42213#article","isPartOf":{"@id":"https:\/\/blogdoprosperi.com\/?p=42213"},"author":{"name":"Luiz Ant\u00f4nio Pr\u00f3speri","@id":"https:\/\/blogdoprosperi.com\/#\/schema\/person\/38100755ce3601861ee4fab9b5aa78e9"},"headline":"Danilo: &#8220;Mulheres passam por prova\u00e7\u00f5es que n\u00f3s n\u00e3o passamos&#8221;","datePublished":"2024-03-22T16:54:57+00:00","dateModified":"2024-03-23T00:51:58+00:00","mainEntityOfPage":{"@id":"https:\/\/blogdoprosperi.com\/?p=42213"},"wordCount":392,"commentCount":1,"publisher":{"@id":"https:\/\/blogdoprosperi.com\/#\/schema\/person\/38100755ce3601861ee4fab9b5aa78e9"},"image":{"@id":"https:\/\/blogdoprosperi.com\/?p=42213#primaryimage"},"thumbnailUrl":"https:\/\/i0.wp.com\/blogdoprosperi.com\/wp-content\/uploads\/2024\/03\/cgzbnvbpfbbaz7lc9gszqxig9.webp?fit=652%2C408&ssl=1","keywords":["CBF","Daniel Alves","danilo","estupro","futebol","mulher","Robinho"],"articleSection":["CBF","futebol","Sele\u00e7\u00e3o Brasileira"],"inLanguage":"pt-BR","potentialAction":[{"@type":"CommentAction","name":"Comment","target":["https:\/\/blogdoprosperi.com\/?p=42213#respond"]}]},{"@type":"WebPage","@id":"https:\/\/blogdoprosperi.com\/?p=42213","url":"https:\/\/blogdoprosperi.com\/?p=42213","name":"Danilo: \"Mulheres passam por prova\u00e7\u00f5es que n\u00f3s n\u00e3o passamos\" - PR\u00d3SPERI NEWS","isPartOf":{"@id":"https:\/\/blogdoprosperi.com\/#website"},"primaryImageOfPage":{"@id":"https:\/\/blogdoprosperi.com\/?p=42213#primaryimage"},"image":{"@id":"https:\/\/blogdoprosperi.com\/?p=42213#primaryimage"},"thumbnailUrl":"https:\/\/i0.wp.com\/blogdoprosperi.com\/wp-content\/uploads\/2024\/03\/cgzbnvbpfbbaz7lc9gszqxig9.webp?fit=652%2C408&ssl=1","datePublished":"2024-03-22T16:54:57+00:00","dateModified":"2024-03-23T00:51:58+00:00","breadcrumb":{"@id":"https:\/\/blogdoprosperi.com\/?p=42213#breadcrumb"},"inLanguage":"pt-BR","potentialAction":[{"@type":"ReadAction","target":["https:\/\/blogdoprosperi.com\/?p=42213"]}]},{"@type":"ImageObject","inLanguage":"pt-BR","@id":"https:\/\/blogdoprosperi.com\/?p=42213#primaryimage","url":"https:\/\/i0.wp.com\/blogdoprosperi.com\/wp-content\/uploads\/2024\/03\/cgzbnvbpfbbaz7lc9gszqxig9.webp?fit=652%2C408&ssl=1","contentUrl":"https:\/\/i0.wp.com\/blogdoprosperi.com\/wp-content\/uploads\/2024\/03\/cgzbnvbpfbbaz7lc9gszqxig9.webp?fit=652%2C408&ssl=1","width":652,"height":408,"caption":"Danilo, capit\u00e3o da Sele\u00e7\u00e3o \u2013 foto: CBF"},{"@type":"BreadcrumbList","@id":"https:\/\/blogdoprosperi.com\/?p=42213#breadcrumb","itemListElement":[{"@type":"ListItem","position":1,"name":"In\u00edcio","item":"https:\/\/blogdoprosperi.com\/"},{"@type":"ListItem","position":2,"name":"Danilo: &#8220;Mulheres passam por prova\u00e7\u00f5es que n\u00f3s n\u00e3o passamos&#8221;"}]},{"@type":"WebSite","@id":"https:\/\/blogdoprosperi.com\/#website","url":"https:\/\/blogdoprosperi.com\/","name":"PR\u00d3SPERI NEWS","description":"TUDO \u00c9  FUTEBOL","publisher":{"@id":"https:\/\/blogdoprosperi.com\/#\/schema\/person\/38100755ce3601861ee4fab9b5aa78e9"},"alternateName":"blogdoprosperi.com","potentialAction":[{"@type":"SearchAction","target":{"@type":"EntryPoint","urlTemplate":"https:\/\/blogdoprosperi.com\/?s={search_term_string}"},"query-input":{"@type":"PropertyValueSpecification","valueRequired":true,"valueName":"search_term_string"}}],"inLanguage":"pt-BR"},{"@type":["Person","Organization"],"@id":"https:\/\/blogdoprosperi.com\/#\/schema\/person\/38100755ce3601861ee4fab9b5aa78e9","name":"Luiz Ant\u00f4nio Pr\u00f3speri","pronouns":"ele","image":{"@type":"ImageObject","inLanguage":"pt-BR","@id":"https:\/\/i0.wp.com\/blogdoprosperi.com\/wp-content\/uploads\/2026\/05\/cropped-8059e613-6002-42fa-961e-8e275f575d71-2-5.jpg?fit=1360%2C931&ssl=1","url":"https:\/\/i0.wp.com\/blogdoprosperi.com\/wp-content\/uploads\/2026\/05\/cropped-8059e613-6002-42fa-961e-8e275f575d71-2-5.jpg?fit=1360%2C931&ssl=1","contentUrl":"https:\/\/i0.wp.com\/blogdoprosperi.com\/wp-content\/uploads\/2026\/05\/cropped-8059e613-6002-42fa-961e-8e275f575d71-2-5.jpg?fit=1360%2C931&ssl=1","width":1360,"height":931,"caption":"Luiz Ant\u00f4nio Pr\u00f3speri"},"logo":{"@id":"https:\/\/i0.wp.com\/blogdoprosperi.com\/wp-content\/uploads\/2026\/05\/cropped-8059e613-6002-42fa-961e-8e275f575d71-2-5.jpg?fit=1360%2C931&ssl=1"},"description":"Jornalista com carreira dedicada ao esporte. Cobriu 9 Copas do Mundo in loco, 1990 na It\u00e1lia, 1994 nos EUA, 1998 na Fran\u00e7a, 2002 na Coreia do Sul e Jap\u00e3o, 2006 na Alemanha, 2010 na \u00c1frica do Sul, 2014 no Brasil, 2018 na R\u00fassia e 2022 no Qatar. Eurocopas, 1992 na Su\u00e9cia e 1996 na Inglaterra. Copa das Confedera\u00e7\u00f5es de 2005 na Alemanha e 2009 na \u00c1frica do Sul. Rep\u00f3rter e Editor, trabalhou no Jornal da Tarde e Estad\u00e3o, de 1984 a fevereiro de 2016. Colunista, blogueiro. E comentarista de futebol na R\u00e1dio Estad\u00e3o, de 2013 a fevereiro de 2016. Jornalista respons\u00e1vel do \"Pr\u00f3speri News\" (blogdoprosperi.com).","sameAs":["http:\/\/blogdoprosperi.com","Luiz Pr\u00f3speri","@luiz_prosperi","https:\/\/x.com\/Luizprosperi","@prosperinacopa","luiz.prosperi@icloud.com"],"url":"https:\/\/blogdoprosperi.com\/?author=102107496"}]}},"jetpack_publicize_connections":[],"jetpack_likes_enabled":false,"jetpack_sharing_enabled":true,"jetpack_shortlink":"https:\/\/wp.me\/p7jvdk-aYR","jetpack-related-posts":[{"id":39962,"url":"https:\/\/blogdoprosperi.com\/?p=39962","url_meta":{"origin":42213,"position":0},"title":"Sele\u00e7\u00e3o em alerta: tr\u00eas machucados","author":"Luiz Ant\u00f4nio Pr\u00f3speri","date":"29 de novembro de 2022","format":false,"excerpt":"Neymar com febre e tornozelo ainda avariado. Danilo machucado, tamb\u00e9m no tornozelo. Alex Sandro com les\u00e3o muscular na altura do quadril. Em duas rodadas, os estragos perturbam a Sele\u00e7\u00e3o Brasileira. Tite est\u00e1 preocupado. N\u00e3o imaginava tantas baixas em t\u00e3o pouco tempo de Mundial. Com a palavra, doutor Lasmar. Veja o\u2026","rel":"","context":"Em &quot;catar 2022&quot;","block_context":{"text":"catar 2022","link":"https:\/\/blogdoprosperi.com\/?cat=47094043"},"img":{"alt_text":"Neymar, Danilo e agora Alex Sandro, todos machucados","src":"https:\/\/i0.wp.com\/blogdoprosperi.com\/wp-content\/uploads\/2022\/11\/52532161418_8d59224d86_c.jpg?fit=799%2C533&ssl=1&resize=350%2C200","width":350,"height":200,"srcset":"https:\/\/i0.wp.com\/blogdoprosperi.com\/wp-content\/uploads\/2022\/11\/52532161418_8d59224d86_c.jpg?fit=799%2C533&ssl=1&resize=350%2C200 1x, https:\/\/i0.wp.com\/blogdoprosperi.com\/wp-content\/uploads\/2022\/11\/52532161418_8d59224d86_c.jpg?fit=799%2C533&ssl=1&resize=525%2C300 1.5x, https:\/\/i0.wp.com\/blogdoprosperi.com\/wp-content\/uploads\/2022\/11\/52532161418_8d59224d86_c.jpg?fit=799%2C533&ssl=1&resize=700%2C400 2x"},"classes":[]},{"id":44457,"url":"https:\/\/blogdoprosperi.com\/?p=44457","url_meta":{"origin":42213,"position":1},"title":"Olimp\u00edada Paris 2024: aus\u00eancia do futebol masculino do Brasil prejudica gera\u00e7\u00e3o de Endrick","author":"Luiz Ant\u00f4nio Pr\u00f3speri","date":"24 de julho de 2024","format":false,"excerpt":"Bicampe\u00e3o ol\u00edmpico nas duas \u00faltimas Olimp\u00edadas, 2016 no Brasil e 2021 no Jap\u00e3o, futebol brasileiro masculino est\u00e1 fora da Olimp\u00edada Paris 2024. Argentina e Espanha, atuais detentoras da Copa Am\u00e9rica e da Euro, entraram em campo com suas sele\u00e7\u00f5es Sub-23 na abertura do futebol nos Jogos da Fran\u00e7a, nessa quarta-feira\u2026","rel":"","context":"Em &quot;futebol&quot;","block_context":{"text":"futebol","link":"https:\/\/blogdoprosperi.com\/?cat=53870"},"img":{"alt_text":"Endrick e Rodrygo na Disney","src":"https:\/\/i0.wp.com\/blogdoprosperi.com\/wp-content\/uploads\/2024\/07\/endrick-rodrygo-disney-e1718374528292.webp?fit=1200%2C663&ssl=1&resize=350%2C200","width":350,"height":200,"srcset":"https:\/\/i0.wp.com\/blogdoprosperi.com\/wp-content\/uploads\/2024\/07\/endrick-rodrygo-disney-e1718374528292.webp?fit=1200%2C663&ssl=1&resize=350%2C200 1x, https:\/\/i0.wp.com\/blogdoprosperi.com\/wp-content\/uploads\/2024\/07\/endrick-rodrygo-disney-e1718374528292.webp?fit=1200%2C663&ssl=1&resize=525%2C300 1.5x, https:\/\/i0.wp.com\/blogdoprosperi.com\/wp-content\/uploads\/2024\/07\/endrick-rodrygo-disney-e1718374528292.webp?fit=1200%2C663&ssl=1&resize=700%2C400 2x, https:\/\/i0.wp.com\/blogdoprosperi.com\/wp-content\/uploads\/2024\/07\/endrick-rodrygo-disney-e1718374528292.webp?fit=1200%2C663&ssl=1&resize=1050%2C600 3x"},"classes":[]},{"id":50059,"url":"https:\/\/blogdoprosperi.com\/?p=50059","url_meta":{"origin":42213,"position":2},"title":"Ancelotti Assume Sele\u00e7\u00e3o Brasileira | Agora Somos Europeus da Cabe\u00e7a aos P\u00e9s","author":"Luiz Ant\u00f4nio Pr\u00f3speri","date":"12 de maio de 2025","format":false,"excerpt":"\u2666 Quest\u00e3o agora \u00e9 entender como vai se comportar Ancelotti nesse cen\u00e1rio de incertezas da CBF, todo o caldo das imperfei\u00e7\u00f5es do nosso futebol \u2666 Nossa ess\u00eancia no mundo da bola acaba de ser chutada para o outro lado do Atl\u00e2ntico Luiz Ant\u00f4nio Pr\u00f3speri \u2013 12 maio (11h52) Carlo Ancelotti\u2026","rel":"","context":"Em &quot;futebol&quot;","block_context":{"text":"futebol","link":"https:\/\/blogdoprosperi.com\/?cat=53870"},"img":{"alt_text":"","src":"https:\/\/i0.wp.com\/blogdoprosperi.com\/wp-content\/uploads\/2025\/05\/captura-de-tela-2025-05-12-as-12.15.15.png?fit=790%2C682&ssl=1&resize=350%2C200","width":350,"height":200,"srcset":"https:\/\/i0.wp.com\/blogdoprosperi.com\/wp-content\/uploads\/2025\/05\/captura-de-tela-2025-05-12-as-12.15.15.png?fit=790%2C682&ssl=1&resize=350%2C200 1x, https:\/\/i0.wp.com\/blogdoprosperi.com\/wp-content\/uploads\/2025\/05\/captura-de-tela-2025-05-12-as-12.15.15.png?fit=790%2C682&ssl=1&resize=525%2C300 1.5x, https:\/\/i0.wp.com\/blogdoprosperi.com\/wp-content\/uploads\/2025\/05\/captura-de-tela-2025-05-12-as-12.15.15.png?fit=790%2C682&ssl=1&resize=700%2C400 2x"},"classes":[]},{"id":45140,"url":"https:\/\/blogdoprosperi.com\/?p=45140","url_meta":{"origin":42213,"position":3},"title":"Sele\u00e7\u00e3o Brasileira Perde do Paraguai: Culpa do Presidente da CBF. Camisas Amarelas ao Vento","author":"Luiz Ant\u00f4nio Pr\u00f3speri","date":"11 de setembro de 2024","format":false,"excerpt":"Luiz Antonio Pr\u00f3speri \u2013 11 setembro (atualizado 10h30) CBF est\u00e1 sem sa\u00edda diante de mais um fracasso rotundo da Sele\u00e7\u00e3o Brasileira - derrota constrangedora para o Paraguai nas Eliminat\u00f3rias da Copa 2026. Presidente Ednaldo Rodrigues, centralizador como ele s\u00f3, n\u00e3o tem um colegiado a ouvir ou ajud\u00e1-lo a tomar decis\u00f5es\u2026","rel":"","context":"Em &quot;futebol&quot;","block_context":{"text":"futebol","link":"https:\/\/blogdoprosperi.com\/?cat=53870"},"img":{"alt_text":"Sele\u00e7\u00e3o Brasileira \u00e0 espera de um time","src":"https:\/\/i0.wp.com\/blogdoprosperi.com\/wp-content\/uploads\/2024\/09\/53987038463_1c33dba7d8_k.jpg?fit=1200%2C800&ssl=1&resize=350%2C200","width":350,"height":200,"srcset":"https:\/\/i0.wp.com\/blogdoprosperi.com\/wp-content\/uploads\/2024\/09\/53987038463_1c33dba7d8_k.jpg?fit=1200%2C800&ssl=1&resize=350%2C200 1x, https:\/\/i0.wp.com\/blogdoprosperi.com\/wp-content\/uploads\/2024\/09\/53987038463_1c33dba7d8_k.jpg?fit=1200%2C800&ssl=1&resize=525%2C300 1.5x, https:\/\/i0.wp.com\/blogdoprosperi.com\/wp-content\/uploads\/2024\/09\/53987038463_1c33dba7d8_k.jpg?fit=1200%2C800&ssl=1&resize=700%2C400 2x, https:\/\/i0.wp.com\/blogdoprosperi.com\/wp-content\/uploads\/2024\/09\/53987038463_1c33dba7d8_k.jpg?fit=1200%2C800&ssl=1&resize=1050%2C600 3x"},"classes":[]},{"id":44791,"url":"https:\/\/blogdoprosperi.com\/?p=44791","url_meta":{"origin":42213,"position":4},"title":"Estev\u00e3o, 17 anos, \u00e9 Novidade da Sele\u00e7\u00e3o Brasileira de Dorival J\u00fanior","author":"Luiz Ant\u00f4nio Pr\u00f3speri","date":"23 de agosto de 2024","format":false,"excerpt":"Luiz Antonio Pr\u00f3speri \u2013 23 agosto (12h40) Estev\u00e3o (Palmeiras), Luiz Henrique (Botafogo), Pedro e Gerson (Flamengo), as novidades de Dorival J\u00fanior na Sele\u00e7\u00e3o Brasileira. Faltou o meia Matheus Pereira, do Cruzeiro, na lista. A convoca\u00e7\u00e3o \u00e9 para jogos das Eliminat\u00f3rias da Copa do Mundo 2026 contra Equador, dia 6 de\u2026","rel":"","context":"Em &quot;futebol&quot;","block_context":{"text":"futebol","link":"https:\/\/blogdoprosperi.com\/?cat=53870"},"img":{"alt_text":"Estev\u00e3o \u00e9 a novidade na Sele\u00e7\u00e3o Brasileira","src":"https:\/\/i0.wp.com\/blogdoprosperi.com\/wp-content\/uploads\/2024\/08\/gvrk0eywyaah4s1.png?fit=774%2C516&ssl=1&resize=350%2C200","width":350,"height":200,"srcset":"https:\/\/i0.wp.com\/blogdoprosperi.com\/wp-content\/uploads\/2024\/08\/gvrk0eywyaah4s1.png?fit=774%2C516&ssl=1&resize=350%2C200 1x, https:\/\/i0.wp.com\/blogdoprosperi.com\/wp-content\/uploads\/2024\/08\/gvrk0eywyaah4s1.png?fit=774%2C516&ssl=1&resize=525%2C300 1.5x, https:\/\/i0.wp.com\/blogdoprosperi.com\/wp-content\/uploads\/2024\/08\/gvrk0eywyaah4s1.png?fit=774%2C516&ssl=1&resize=700%2C400 2x"},"classes":[]},{"id":59371,"url":"https:\/\/blogdoprosperi.com\/?p=59371","url_meta":{"origin":42213,"position":5},"title":"&#8220;26 Ruas&#8221;, a vida moleque dos jogadores da Sele\u00e7\u00e3o Brasileira na Copa 2026","author":"Luiz Ant\u00f4nio Pr\u00f3speri","date":"8 de junho de 2026","format":false,"excerpt":"A CBF lan\u00e7a o projeto \u201826 Ruas\u2019, filme e livro que resgatam \u00e0s ra\u00edzes no futebol dos 26 jogadores convocados pela Sele\u00e7\u00e3o Brasileira para a Copa do Mundo. As obras revisitam as ruas, os bairros e os campinhos onde cada jogador da Amarelinha deu seu primeiro drible e marcou seu\u2026","rel":"","context":"Em &quot;copa 2026&quot;","block_context":{"text":"copa 2026","link":"https:\/\/blogdoprosperi.com\/?cat=36820279"},"img":{"alt_text":"","src":"https:\/\/i0.wp.com\/blogdoprosperi.com\/wp-content\/uploads\/2026\/06\/treino-selecao-brasileira-masculino-08062026.jpg?fit=1200%2C801&ssl=1&resize=350%2C200","width":350,"height":200,"srcset":"https:\/\/i0.wp.com\/blogdoprosperi.com\/wp-content\/uploads\/2026\/06\/treino-selecao-brasileira-masculino-08062026.jpg?fit=1200%2C801&ssl=1&resize=350%2C200 1x, https:\/\/i0.wp.com\/blogdoprosperi.com\/wp-content\/uploads\/2026\/06\/treino-selecao-brasileira-masculino-08062026.jpg?fit=1200%2C801&ssl=1&resize=525%2C300 1.5x, https:\/\/i0.wp.com\/blogdoprosperi.com\/wp-content\/uploads\/2026\/06\/treino-selecao-brasileira-masculino-08062026.jpg?fit=1200%2C801&ssl=1&resize=700%2C400 2x, https:\/\/i0.wp.com\/blogdoprosperi.com\/wp-content\/uploads\/2026\/06\/treino-selecao-brasileira-masculino-08062026.jpg?fit=1200%2C801&ssl=1&resize=1050%2C600 3x"},"classes":[]}],"jetpack_featured_media_url":"https:\/\/i0.wp.com\/blogdoprosperi.com\/wp-content\/uploads\/2024\/03\/cgzbnvbpfbbaz7lc9gszqxig9.webp?fit=652%2C408&ssl=1","_links":{"self":[{"href":"https:\/\/blogdoprosperi.com\/index.php?rest_route=\/wp\/v2\/posts\/42213","targetHints":{"allow":["GET"]}}],"collection":[{"href":"https:\/\/blogdoprosperi.com\/index.php?rest_route=\/wp\/v2\/posts"}],"about":[{"href":"https:\/\/blogdoprosperi.com\/index.php?rest_route=\/wp\/v2\/types\/post"}],"author":[{"embeddable":true,"href":"https:\/\/blogdoprosperi.com\/index.php?rest_route=\/wp\/v2\/users\/102107496"}],"replies":[{"embeddable":true,"href":"https:\/\/blogdoprosperi.com\/index.php?rest_route=%2Fwp%2Fv2%2Fcomments&post=42213"}],"version-history":[{"count":9,"href":"https:\/\/blogdoprosperi.com\/index.php?rest_route=\/wp\/v2\/posts\/42213\/revisions"}],"predecessor-version":[{"id":42224,"href":"https:\/\/blogdoprosperi.com\/index.php?rest_route=\/wp\/v2\/posts\/42213\/revisions\/42224"}],"wp:featuredmedia":[{"embeddable":true,"href":"https:\/\/blogdoprosperi.com\/index.php?rest_route=\/wp\/v2\/media\/42220"}],"wp:attachment":[{"href":"https:\/\/blogdoprosperi.com\/index.php?rest_route=%2Fwp%2Fv2%2Fmedia&parent=42213"}],"wp:term":[{"taxonomy":"category","embeddable":true,"href":"https:\/\/blogdoprosperi.com\/index.php?rest_route=%2Fwp%2Fv2%2Fcategories&post=42213"},{"taxonomy":"post_tag","embeddable":true,"href":"https:\/\/blogdoprosperi.com\/index.php?rest_route=%2Fwp%2Fv2%2Ftags&post=42213"}],"curies":[{"name":"wp","href":"https:\/\/api.w.org\/{rel}","templated":true}]}}