{"id":42396,"date":"2024-05-30T16:01:28","date_gmt":"2024-05-30T19:01:28","guid":{"rendered":"https:\/\/blogdoprosperi.com\/?p=42396"},"modified":"2024-06-06T17:53:09","modified_gmt":"2024-06-06T20:53:09","slug":"cbf-banca-paqueta-na-copa-america","status":"publish","type":"post","link":"https:\/\/blogdoprosperi.com\/?p=42396","title":{"rendered":"CBF banca Paquet\u00e1 na Copa Am\u00e9rica"},"content":{"rendered":"<p><strong>Lucas Paquet\u00e1 se apresentou nesta quinta-feira (30\/5) ao t\u00e9cnico da Sele\u00e7\u00e3o Brasileira, Dorival J\u00fanior, em Orlando, nos Estados Unidos.<\/strong><\/p>\n<div class=\"article-content\">\n<figure><img data-recalc-dims=\"1\" decoding=\"async\" src=\"https:\/\/i0.wp.com\/conteudo.cbf.com.br\/cdn\/thumbs\/910x0\/201907\/20190708131606_141.png?w=940&#038;ssl=1\" title=\"Nota Oficial\" alt=\"Nota Oficial\"><\/figure>\n<div class=\"article-inner-content\">\n<p>A&nbsp;decis\u00e3o foi tomada pelo presidente da CBF, Ednaldo Rodrigues, ap\u00f3s trocar informa\u00e7\u00f5es com autoridades da&nbsp;Federa\u00e7\u00e3o Inglesa.<\/p>\n<p><strong>Leia Nota Oficial na \u00edntegra:<\/strong><\/p>\n<p>A CBF informa que tomou conhecimento da den\u00fancia oferecida pela Federa\u00e7\u00e3o Inglesa de Futebol (FA) em face do atleta Lucas Paquet\u00e1, na \u00faltima quinta-feira, dia 23 de maio de 2024.<\/p>\n<p>Diante desse fato superveniente, e considerando que o atleta fora convocado para os amistosos da sele\u00e7\u00e3o contra as Sele\u00e7\u00f5es Mexicana e Americana, programados para junho de 2024, e para a Copa Am\u00e9rica, a Confedera\u00e7\u00e3o Brasileira de Futebol, de forma cautelosa, com o intuito de averiguar a situa\u00e7\u00e3o atual do jogador, enviou o Of\u00edcio PRE n\u00ba 927\/2024, no dia 27 de maio de 2024, endere\u00e7ado ao Diretor Executivo da Federa\u00e7\u00e3o Inglesa de Futebol sr. Mark Bullingham, com os questionamentos abaixo reproduzidos:<\/p>\n<p><strong>(a)<\/strong> A FA adotou alguma medida provis\u00f3ria contra o jogador de futebol LUCAS PAQUET\u00c1 em conex\u00e3o com as acusa\u00e7\u00f5es contra ele anunciadas pela Associa\u00e7\u00e3o de Futebol em 23 de maio&nbsp;de 2024?<\/p>\n<p><strong>(b)<\/strong> H\u00e1 alguma medida provis\u00f3ria solicitada pela FA aos \u00f3rg\u00e3os judiciais relevantes em rela\u00e7\u00e3o \u00e0s autoridades processuais da FA relacionadas com as acusa\u00e7\u00f5es disciplinares apresentadas contra o atleta LUCAS PAQUET\u00c1?<\/p>\n<p><strong>(c)<\/strong> Quando as acusa\u00e7\u00f5es apresentadas pela FA s\u00e3o esperadas para serem julgadas pela Comiss\u00e3o Disciplinar? Uma decis\u00e3o sobre o m\u00e9rito do caso, ou um pedido de indica\u00e7\u00e3o de medidas provis\u00f3rias, \u00e9 prevista para ocorrer em ou antes de 14 de julho de 2024?<\/p>\n<p><strong>(d)<\/strong> A FA apresentou \u00e0 FIFA, sob o artigo 136 do C\u00f3digo Disciplinar da FIFA ou sob qualquer outra disposi\u00e7\u00e3o desse C\u00f3digo, algum pedido para a extens\u00e3o mundial de quaisquer san\u00e7\u00f5es possivelmente impostas a LUCAS PAQUET\u00c1?\u201d<\/p>\n<p>A Federa\u00e7\u00e3o Inglesa de Futebol, presentada pelo seu Diretor de Integridade Tarik Shamel, conforme mensagem remetida pelo e-mail institucional \u00e0 CBF, recebida no dia 29 de maio de 2024, forneceu as seguintes informa\u00e7\u00f5es em resposta:<\/p>\n<p>(a) <strong>Embora o jogador esteja agora sujeito a uma s\u00e9rie de acusa\u00e7\u00f5es, a FA n\u00e3o recebeu qualquer ordem de suspens\u00e3o provis\u00f3ria contra Lucas Paquet\u00e1 e, portanto, n\u00e3o h\u00e1 impedimento para que ele continue jogando neste momento.<\/strong><\/p>\n<p>(b)&nbsp; Nenhuma medida provis\u00f3ria foi solicitada em rela\u00e7\u00e3o \u00e0s atuais acusa\u00e7\u00f5es contra Lucas Paquet\u00e1.<\/p>\n<p>(c)&nbsp; A posi\u00e7\u00e3o atual \u00e9 que a resposta formal do jogador \u00e0s acusa\u00e7\u00f5es deve ser entregue no dia 3 de junho. Prevemos que, devido ao detalhamento deste caso, poder\u00e1 haver uma solicita\u00e7\u00e3o de prorroga\u00e7\u00e3o do prazo para resposta \u00e0s acusa\u00e7\u00f5es. Iremos atualiz\u00e1-lo assim que tivermos conhecimento de qualquer revis\u00e3o de data. Sobre uma prov\u00e1vel data para que o caso chegue a uma decis\u00e3o final, n\u00e3o \u00e9 poss\u00edvel fornecer uma estimativa, mas envidaremos esfor\u00e7os para mant\u00ea-los atualizados sempre que poss\u00edvel.<\/p>\n<p>(d) Tal como acima, n\u00e3o foram solicitadas medidas provis\u00f3rias em rela\u00e7\u00e3o ao jogador e, consequentemente, nenhum pedido foi feito \u00e0 FIFA.<\/p>\n<p>Em resumo, <strong>com base nas informa\u00e7\u00f5es cedidas pela FA, conclui-se, de forma categ\u00f3rica, que o jogador Lucas Paquet\u00e1, apesar da conduta pela qual fora denunciado autorizasse o afastamento preventivo, conforme previsto no E16.1 do regulamento da FA, n\u00e3o foi apenado at\u00e9 o momento pela entidade processante e legitimada para sancion\u00e1-lo.<\/strong><\/p>\n<p>E, por assim dizer, \u00e9 certo afirmar que o atleta est\u00e1 liberado a exercer o seu of\u00edcio profissional at\u00e9 o presente momento, fonte de seu sustento e de sua fam\u00edlia, de maneira plena e irrestrita, seja pelo seu clube, seja pela sele\u00e7\u00e3o do seu pa\u00eds de origem.<\/p>\n<p>Nesse contexto, \u00e0 luz do princ\u00edpio de matriz constitucional da presun\u00e7\u00e3o de inoc\u00eancia insculpido no artigo 5\u00ba, LVII, tamb\u00e9m aplic\u00e1vel na seara administrativa e nos procedimentos esportivos, por for\u00e7a do qual ningu\u00e9m pode ser considerado culpado enquanto n\u00e3o sobrevier senten\u00e7a penal transitada em julgado atestando a materialidade e culpabilidade do infrator, n<strong>\u00e3o pode a CBF, de forma autorit\u00e1ria e \u00e0 revelia da Associa\u00e7\u00e3o Inglesa que conduz o caso, apenar o jogador e proibi-lo de atuar pela sele\u00e7\u00e3o nacional, sob pena de configurar evidente antecipa\u00e7\u00e3o de pena<\/strong>, o que, em hip\u00f3tese nenhuma, pelo menos diante da legisla\u00e7\u00e3o p\u00e1tria atual, pode ser tolerado.<\/p>\n<p>Diante do todo exposto, e ante os fatos relatados pela Federa\u00e7\u00e3o Inglesa, a CBF, com respaldo no parecer elaborado conjuntamente pelas Diretorias Jur\u00eddica e de Governan\u00e7a e Conformidade e pela Unidade de Integridade, decide pela manuten\u00e7\u00e3o da convoca\u00e7\u00e3o do jogador.<\/p>\n<p>Ednaldo Rodrigues Gomes<br \/>\nPresidente da Confedera\u00e7\u00e3o Brasileira de Futebol<\/p>\n<p><strong>Opini\u00e3o<\/strong><\/p>\n<p>CBF banca Paquet\u00e1 na Sele\u00e7\u00e3o Brasileira nos amistosos (M\u00e9xico e EUA) e Copa Am\u00e9rica, enquanto aguarda um desfecho da acusa\u00e7\u00e3o por parte da Federa\u00e7\u00e3o Inglesa.<\/p>\n<p>Sa\u00edda conveniente da CBF diante do caso ainda tramitando na Justi\u00e7a desportiva dos ingleses e Fifa.<\/p>\n<p>Resta saber como Paquet\u00e1 vai se comportar em campo. Evitar\u00e1 faltas bruscas, pass\u00edveis de cart\u00f5es amarelos? Entregar\u00e1 de corpo e alma ao escrete?<\/p>\n<p>Titular de Dorival Junior na Sele\u00e7\u00e3o, Paquet\u00e1 tem de responder com a bola nos p\u00e9s a esses questionamentos.<\/p>\n<p>N\u00e3o parece uma tarefa f\u00e1cil.<\/p>\n<\/div>\n<\/div>\n","protected":false},"excerpt":{"rendered":"<p>Lucas Paquet\u00e1 se apresentou nesta quinta-feira (30\/5) ao t\u00e9cnico da Sele\u00e7\u00e3o Brasileira, Dorival J\u00fanior, em Orlando, nos Estados [&hellip;]<\/p>\n","protected":false},"author":102107496,"featured_media":42399,"comment_status":"open","ping_status":"open","sticky":false,"template":"","format":"standard","meta":{"_coblocks_attr":"","_coblocks_dimensions":"","_coblocks_responsive_height":"","_coblocks_accordion_ie_support":"","_jetpack_newsletter_access":"","_jetpack_dont_email_post_to_subs":false,"_jetpack_newsletter_tier_id":0,"_jetpack_memberships_contains_paywalled_content":false,"_wpcom_ai_launchpad_first_post":false,"_jetpack_feature_clip_id":0,"_jetpack_memberships_contains_paid_content":false,"footnotes":"","jetpack_publicize_message":"","jetpack_publicize_feature_enabled":true,"jetpack_social_post_already_shared":false,"jetpack_social_options":{"image_generator_settings":{"template":"highway","default_image_id":0,"font":"","enabled":false},"version":2},"jetpack_post_was_ever_published":false},"categories":[570700,53870,174694],"tags":[789560569,789560563,789560560,381935937],"class_list":["post-42396","post","type-post","status-publish","format-standard","has-post-thumbnail","hentry","category-cbf","category-futebol","category-selecao-brasileira","tag-cbf","tag-fifa","tag-futebol","tag-lucas-paqueta"],"yoast_head":"<!-- This site is optimized with the Yoast SEO plugin v28.3 - https:\/\/yoast.com\/product\/yoast-seo-wordpress\/ -->\n<title>CBF banca Paquet\u00e1 na Copa Am\u00e9rica - PR\u00d3SPERI NEWS<\/title>\n<meta name=\"robots\" content=\"index, follow, max-snippet:-1, max-image-preview:large, max-video-preview:-1\" \/>\n<link rel=\"canonical\" href=\"https:\/\/blogdoprosperi.com\/?p=42396\" \/>\n<meta property=\"og:locale\" content=\"pt_BR\" \/>\n<meta property=\"og:type\" content=\"article\" \/>\n<meta property=\"og:title\" content=\"CBF banca Paquet\u00e1 na Copa Am\u00e9rica - PR\u00d3SPERI NEWS\" \/>\n<meta property=\"og:description\" content=\"Lucas Paquet\u00e1 se apresentou nesta quinta-feira (30\/5) ao t\u00e9cnico da Sele\u00e7\u00e3o Brasileira, Dorival J\u00fanior, em Orlando, nos Estados [&hellip;]\" \/>\n<meta property=\"og:url\" content=\"https:\/\/blogdoprosperi.com\/?p=42396\" \/>\n<meta property=\"og:site_name\" content=\"PR\u00d3SPERI NEWS\" \/>\n<meta property=\"article:publisher\" content=\"Luiz Pr\u00f3speri\" \/>\n<meta property=\"article:author\" content=\"Luiz Pr\u00f3speri\" \/>\n<meta property=\"article:published_time\" content=\"2024-05-30T19:01:28+00:00\" \/>\n<meta property=\"article:modified_time\" content=\"2024-06-06T20:53:09+00:00\" \/>\n<meta property=\"og:image\" content=\"https:\/\/i0.wp.com\/blogdoprosperi.com\/wp-content\/uploads\/2024\/05\/i.jpg?fit=1140%2C641&ssl=1\" \/>\n\t<meta property=\"og:image:width\" content=\"1140\" \/>\n\t<meta property=\"og:image:height\" content=\"641\" \/>\n\t<meta property=\"og:image:type\" content=\"image\/jpeg\" \/>\n<meta name=\"author\" content=\"Luiz Ant\u00f4nio Pr\u00f3speri\" \/>\n<meta name=\"twitter:card\" content=\"summary_large_image\" \/>\n<meta name=\"twitter:creator\" content=\"@Luizprosperi\" \/>\n<meta name=\"twitter:site\" content=\"@Luizprosperi\" \/>\n<meta name=\"twitter:label1\" content=\"Escrito por\" \/>\n\t<meta name=\"twitter:data1\" content=\"Luiz Ant\u00f4nio Pr\u00f3speri\" \/>\n\t<meta name=\"twitter:label2\" content=\"Est. tempo de leitura\" \/>\n\t<meta name=\"twitter:data2\" content=\"5 minutos\" \/>\n<script type=\"application\/ld+json\" class=\"yoast-schema-graph\">{\"@context\":\"https:\\\/\\\/schema.org\",\"@graph\":[{\"@type\":\"Article\",\"@id\":\"https:\\\/\\\/blogdoprosperi.com\\\/?p=42396#article\",\"isPartOf\":{\"@id\":\"https:\\\/\\\/blogdoprosperi.com\\\/?p=42396\"},\"author\":{\"name\":\"Luiz Ant\u00f4nio Pr\u00f3speri\",\"@id\":\"https:\\\/\\\/blogdoprosperi.com\\\/#\\\/schema\\\/person\\\/38100755ce3601861ee4fab9b5aa78e9\"},\"headline\":\"CBF banca Paquet\u00e1 na Copa Am\u00e9rica\",\"datePublished\":\"2024-05-30T19:01:28+00:00\",\"dateModified\":\"2024-06-06T20:53:09+00:00\",\"mainEntityOfPage\":{\"@id\":\"https:\\\/\\\/blogdoprosperi.com\\\/?p=42396\"},\"wordCount\":910,\"commentCount\":3,\"publisher\":{\"@id\":\"https:\\\/\\\/blogdoprosperi.com\\\/#\\\/schema\\\/person\\\/38100755ce3601861ee4fab9b5aa78e9\"},\"image\":{\"@id\":\"https:\\\/\\\/blogdoprosperi.com\\\/?p=42396#primaryimage\"},\"thumbnailUrl\":\"https:\\\/\\\/i0.wp.com\\\/blogdoprosperi.com\\\/wp-content\\\/uploads\\\/2024\\\/05\\\/i.jpg?fit=1140%2C641&ssl=1\",\"keywords\":[\"CBF\",\"Fifa\",\"futebol\",\"Lucas Paquet\u00e1\"],\"articleSection\":[\"CBF\",\"futebol\",\"Sele\u00e7\u00e3o Brasileira\"],\"inLanguage\":\"pt-BR\",\"potentialAction\":[{\"@type\":\"CommentAction\",\"name\":\"Comment\",\"target\":[\"https:\\\/\\\/blogdoprosperi.com\\\/?p=42396#respond\"]}]},{\"@type\":\"WebPage\",\"@id\":\"https:\\\/\\\/blogdoprosperi.com\\\/?p=42396\",\"url\":\"https:\\\/\\\/blogdoprosperi.com\\\/?p=42396\",\"name\":\"CBF banca Paquet\u00e1 na Copa Am\u00e9rica - PR\u00d3SPERI NEWS\",\"isPartOf\":{\"@id\":\"https:\\\/\\\/blogdoprosperi.com\\\/#website\"},\"primaryImageOfPage\":{\"@id\":\"https:\\\/\\\/blogdoprosperi.com\\\/?p=42396#primaryimage\"},\"image\":{\"@id\":\"https:\\\/\\\/blogdoprosperi.com\\\/?p=42396#primaryimage\"},\"thumbnailUrl\":\"https:\\\/\\\/i0.wp.com\\\/blogdoprosperi.com\\\/wp-content\\\/uploads\\\/2024\\\/05\\\/i.jpg?fit=1140%2C641&ssl=1\",\"datePublished\":\"2024-05-30T19:01:28+00:00\",\"dateModified\":\"2024-06-06T20:53:09+00:00\",\"breadcrumb\":{\"@id\":\"https:\\\/\\\/blogdoprosperi.com\\\/?p=42396#breadcrumb\"},\"inLanguage\":\"pt-BR\",\"potentialAction\":[{\"@type\":\"ReadAction\",\"target\":[\"https:\\\/\\\/blogdoprosperi.com\\\/?p=42396\"]}]},{\"@type\":\"ImageObject\",\"inLanguage\":\"pt-BR\",\"@id\":\"https:\\\/\\\/blogdoprosperi.com\\\/?p=42396#primaryimage\",\"url\":\"https:\\\/\\\/i0.wp.com\\\/blogdoprosperi.com\\\/wp-content\\\/uploads\\\/2024\\\/05\\\/i.jpg?fit=1140%2C641&ssl=1\",\"contentUrl\":\"https:\\\/\\\/i0.wp.com\\\/blogdoprosperi.com\\\/wp-content\\\/uploads\\\/2024\\\/05\\\/i.jpg?fit=1140%2C641&ssl=1\",\"width\":1140,\"height\":641,\"caption\":\"CBF banca Paquet\u00e1 na Copa Am\u00e9rica \u2013 foto: Lucas Figueiredo\\\/CBF\"},{\"@type\":\"BreadcrumbList\",\"@id\":\"https:\\\/\\\/blogdoprosperi.com\\\/?p=42396#breadcrumb\",\"itemListElement\":[{\"@type\":\"ListItem\",\"position\":1,\"name\":\"In\u00edcio\",\"item\":\"https:\\\/\\\/blogdoprosperi.com\\\/\"},{\"@type\":\"ListItem\",\"position\":2,\"name\":\"CBF banca Paquet\u00e1 na Copa Am\u00e9rica\"}]},{\"@type\":\"WebSite\",\"@id\":\"https:\\\/\\\/blogdoprosperi.com\\\/#website\",\"url\":\"https:\\\/\\\/blogdoprosperi.com\\\/\",\"name\":\"PR\u00d3SPERI NEWS\",\"description\":\"TUDO \u00c9  FUTEBOL\",\"publisher\":{\"@id\":\"https:\\\/\\\/blogdoprosperi.com\\\/#\\\/schema\\\/person\\\/38100755ce3601861ee4fab9b5aa78e9\"},\"alternateName\":\"blogdoprosperi.com\",\"potentialAction\":[{\"@type\":\"SearchAction\",\"target\":{\"@type\":\"EntryPoint\",\"urlTemplate\":\"https:\\\/\\\/blogdoprosperi.com\\\/?s={search_term_string}\"},\"query-input\":{\"@type\":\"PropertyValueSpecification\",\"valueRequired\":true,\"valueName\":\"search_term_string\"}}],\"inLanguage\":\"pt-BR\"},{\"@type\":[\"Person\",\"Organization\"],\"@id\":\"https:\\\/\\\/blogdoprosperi.com\\\/#\\\/schema\\\/person\\\/38100755ce3601861ee4fab9b5aa78e9\",\"name\":\"Luiz Ant\u00f4nio Pr\u00f3speri\",\"pronouns\":\"ele\",\"image\":{\"@type\":\"ImageObject\",\"inLanguage\":\"pt-BR\",\"@id\":\"https:\\\/\\\/i0.wp.com\\\/blogdoprosperi.com\\\/wp-content\\\/uploads\\\/2026\\\/05\\\/cropped-8059e613-6002-42fa-961e-8e275f575d71-2-5.jpg?fit=1360%2C931&ssl=1\",\"url\":\"https:\\\/\\\/i0.wp.com\\\/blogdoprosperi.com\\\/wp-content\\\/uploads\\\/2026\\\/05\\\/cropped-8059e613-6002-42fa-961e-8e275f575d71-2-5.jpg?fit=1360%2C931&ssl=1\",\"contentUrl\":\"https:\\\/\\\/i0.wp.com\\\/blogdoprosperi.com\\\/wp-content\\\/uploads\\\/2026\\\/05\\\/cropped-8059e613-6002-42fa-961e-8e275f575d71-2-5.jpg?fit=1360%2C931&ssl=1\",\"width\":1360,\"height\":931,\"caption\":\"Luiz Ant\u00f4nio Pr\u00f3speri\"},\"logo\":{\"@id\":\"https:\\\/\\\/i0.wp.com\\\/blogdoprosperi.com\\\/wp-content\\\/uploads\\\/2026\\\/05\\\/cropped-8059e613-6002-42fa-961e-8e275f575d71-2-5.jpg?fit=1360%2C931&ssl=1\"},\"description\":\"Jornalista com carreira dedicada ao esporte. Cobriu 9 Copas do Mundo in loco, 1990 na It\u00e1lia, 1994 nos EUA, 1998 na Fran\u00e7a, 2002 na Coreia do Sul e Jap\u00e3o, 2006 na Alemanha, 2010 na \u00c1frica do Sul, 2014 no Brasil, 2018 na R\u00fassia e 2022 no Qatar. Eurocopas, 1992 na Su\u00e9cia e 1996 na Inglaterra. Copa das Confedera\u00e7\u00f5es de 2005 na Alemanha e 2009 na \u00c1frica do Sul. Rep\u00f3rter e Editor, trabalhou no Jornal da Tarde e Estad\u00e3o, de 1984 a fevereiro de 2016. Colunista, blogueiro. E comentarista de futebol na R\u00e1dio Estad\u00e3o, de 2013 a fevereiro de 2016. Jornalista respons\u00e1vel do \\\"Pr\u00f3speri News\\\" (blogdoprosperi.com).\",\"sameAs\":[\"http:\\\/\\\/blogdoprosperi.com\",\"Luiz Pr\u00f3speri\",\"@luiz_prosperi\",\"https:\\\/\\\/x.com\\\/Luizprosperi\",\"@prosperinacopa\",\"luiz.prosperi@icloud.com\"],\"url\":\"https:\\\/\\\/blogdoprosperi.com\\\/?author=102107496\"}]}<\/script>\n<!-- \/ Yoast SEO plugin. -->","yoast_head_json":{"title":"CBF banca Paquet\u00e1 na Copa Am\u00e9rica - PR\u00d3SPERI NEWS","robots":{"index":"index","follow":"follow","max-snippet":"max-snippet:-1","max-image-preview":"max-image-preview:large","max-video-preview":"max-video-preview:-1"},"canonical":"https:\/\/blogdoprosperi.com\/?p=42396","og_locale":"pt_BR","og_type":"article","og_title":"CBF banca Paquet\u00e1 na Copa Am\u00e9rica - PR\u00d3SPERI NEWS","og_description":"Lucas Paquet\u00e1 se apresentou nesta quinta-feira (30\/5) ao t\u00e9cnico da Sele\u00e7\u00e3o Brasileira, Dorival J\u00fanior, em Orlando, nos Estados [&hellip;]","og_url":"https:\/\/blogdoprosperi.com\/?p=42396","og_site_name":"PR\u00d3SPERI NEWS","article_publisher":"Luiz Pr\u00f3speri","article_author":"Luiz Pr\u00f3speri","article_published_time":"2024-05-30T19:01:28+00:00","article_modified_time":"2024-06-06T20:53:09+00:00","og_image":[{"width":1140,"height":641,"url":"https:\/\/i0.wp.com\/blogdoprosperi.com\/wp-content\/uploads\/2024\/05\/i.jpg?fit=1140%2C641&ssl=1","type":"image\/jpeg"}],"author":"Luiz Ant\u00f4nio Pr\u00f3speri","twitter_card":"summary_large_image","twitter_creator":"@Luizprosperi","twitter_site":"@Luizprosperi","twitter_misc":{"Escrito por":"Luiz Ant\u00f4nio Pr\u00f3speri","Est. tempo de leitura":"5 minutos"},"schema":{"@context":"https:\/\/schema.org","@graph":[{"@type":"Article","@id":"https:\/\/blogdoprosperi.com\/?p=42396#article","isPartOf":{"@id":"https:\/\/blogdoprosperi.com\/?p=42396"},"author":{"name":"Luiz Ant\u00f4nio Pr\u00f3speri","@id":"https:\/\/blogdoprosperi.com\/#\/schema\/person\/38100755ce3601861ee4fab9b5aa78e9"},"headline":"CBF banca Paquet\u00e1 na Copa Am\u00e9rica","datePublished":"2024-05-30T19:01:28+00:00","dateModified":"2024-06-06T20:53:09+00:00","mainEntityOfPage":{"@id":"https:\/\/blogdoprosperi.com\/?p=42396"},"wordCount":910,"commentCount":3,"publisher":{"@id":"https:\/\/blogdoprosperi.com\/#\/schema\/person\/38100755ce3601861ee4fab9b5aa78e9"},"image":{"@id":"https:\/\/blogdoprosperi.com\/?p=42396#primaryimage"},"thumbnailUrl":"https:\/\/i0.wp.com\/blogdoprosperi.com\/wp-content\/uploads\/2024\/05\/i.jpg?fit=1140%2C641&ssl=1","keywords":["CBF","Fifa","futebol","Lucas Paquet\u00e1"],"articleSection":["CBF","futebol","Sele\u00e7\u00e3o Brasileira"],"inLanguage":"pt-BR","potentialAction":[{"@type":"CommentAction","name":"Comment","target":["https:\/\/blogdoprosperi.com\/?p=42396#respond"]}]},{"@type":"WebPage","@id":"https:\/\/blogdoprosperi.com\/?p=42396","url":"https:\/\/blogdoprosperi.com\/?p=42396","name":"CBF banca Paquet\u00e1 na Copa Am\u00e9rica - PR\u00d3SPERI NEWS","isPartOf":{"@id":"https:\/\/blogdoprosperi.com\/#website"},"primaryImageOfPage":{"@id":"https:\/\/blogdoprosperi.com\/?p=42396#primaryimage"},"image":{"@id":"https:\/\/blogdoprosperi.com\/?p=42396#primaryimage"},"thumbnailUrl":"https:\/\/i0.wp.com\/blogdoprosperi.com\/wp-content\/uploads\/2024\/05\/i.jpg?fit=1140%2C641&ssl=1","datePublished":"2024-05-30T19:01:28+00:00","dateModified":"2024-06-06T20:53:09+00:00","breadcrumb":{"@id":"https:\/\/blogdoprosperi.com\/?p=42396#breadcrumb"},"inLanguage":"pt-BR","potentialAction":[{"@type":"ReadAction","target":["https:\/\/blogdoprosperi.com\/?p=42396"]}]},{"@type":"ImageObject","inLanguage":"pt-BR","@id":"https:\/\/blogdoprosperi.com\/?p=42396#primaryimage","url":"https:\/\/i0.wp.com\/blogdoprosperi.com\/wp-content\/uploads\/2024\/05\/i.jpg?fit=1140%2C641&ssl=1","contentUrl":"https:\/\/i0.wp.com\/blogdoprosperi.com\/wp-content\/uploads\/2024\/05\/i.jpg?fit=1140%2C641&ssl=1","width":1140,"height":641,"caption":"CBF banca Paquet\u00e1 na Copa Am\u00e9rica \u2013 foto: Lucas Figueiredo\/CBF"},{"@type":"BreadcrumbList","@id":"https:\/\/blogdoprosperi.com\/?p=42396#breadcrumb","itemListElement":[{"@type":"ListItem","position":1,"name":"In\u00edcio","item":"https:\/\/blogdoprosperi.com\/"},{"@type":"ListItem","position":2,"name":"CBF banca Paquet\u00e1 na Copa Am\u00e9rica"}]},{"@type":"WebSite","@id":"https:\/\/blogdoprosperi.com\/#website","url":"https:\/\/blogdoprosperi.com\/","name":"PR\u00d3SPERI NEWS","description":"TUDO \u00c9  FUTEBOL","publisher":{"@id":"https:\/\/blogdoprosperi.com\/#\/schema\/person\/38100755ce3601861ee4fab9b5aa78e9"},"alternateName":"blogdoprosperi.com","potentialAction":[{"@type":"SearchAction","target":{"@type":"EntryPoint","urlTemplate":"https:\/\/blogdoprosperi.com\/?s={search_term_string}"},"query-input":{"@type":"PropertyValueSpecification","valueRequired":true,"valueName":"search_term_string"}}],"inLanguage":"pt-BR"},{"@type":["Person","Organization"],"@id":"https:\/\/blogdoprosperi.com\/#\/schema\/person\/38100755ce3601861ee4fab9b5aa78e9","name":"Luiz Ant\u00f4nio Pr\u00f3speri","pronouns":"ele","image":{"@type":"ImageObject","inLanguage":"pt-BR","@id":"https:\/\/i0.wp.com\/blogdoprosperi.com\/wp-content\/uploads\/2026\/05\/cropped-8059e613-6002-42fa-961e-8e275f575d71-2-5.jpg?fit=1360%2C931&ssl=1","url":"https:\/\/i0.wp.com\/blogdoprosperi.com\/wp-content\/uploads\/2026\/05\/cropped-8059e613-6002-42fa-961e-8e275f575d71-2-5.jpg?fit=1360%2C931&ssl=1","contentUrl":"https:\/\/i0.wp.com\/blogdoprosperi.com\/wp-content\/uploads\/2026\/05\/cropped-8059e613-6002-42fa-961e-8e275f575d71-2-5.jpg?fit=1360%2C931&ssl=1","width":1360,"height":931,"caption":"Luiz Ant\u00f4nio Pr\u00f3speri"},"logo":{"@id":"https:\/\/i0.wp.com\/blogdoprosperi.com\/wp-content\/uploads\/2026\/05\/cropped-8059e613-6002-42fa-961e-8e275f575d71-2-5.jpg?fit=1360%2C931&ssl=1"},"description":"Jornalista com carreira dedicada ao esporte. Cobriu 9 Copas do Mundo in loco, 1990 na It\u00e1lia, 1994 nos EUA, 1998 na Fran\u00e7a, 2002 na Coreia do Sul e Jap\u00e3o, 2006 na Alemanha, 2010 na \u00c1frica do Sul, 2014 no Brasil, 2018 na R\u00fassia e 2022 no Qatar. Eurocopas, 1992 na Su\u00e9cia e 1996 na Inglaterra. Copa das Confedera\u00e7\u00f5es de 2005 na Alemanha e 2009 na \u00c1frica do Sul. Rep\u00f3rter e Editor, trabalhou no Jornal da Tarde e Estad\u00e3o, de 1984 a fevereiro de 2016. Colunista, blogueiro. E comentarista de futebol na R\u00e1dio Estad\u00e3o, de 2013 a fevereiro de 2016. Jornalista respons\u00e1vel do \"Pr\u00f3speri News\" (blogdoprosperi.com).","sameAs":["http:\/\/blogdoprosperi.com","Luiz Pr\u00f3speri","@luiz_prosperi","https:\/\/x.com\/Luizprosperi","@prosperinacopa","luiz.prosperi@icloud.com"],"url":"https:\/\/blogdoprosperi.com\/?author=102107496"}]}},"jetpack_publicize_connections":[],"jetpack_likes_enabled":false,"jetpack_sharing_enabled":true,"jetpack_shortlink":"https:\/\/wp.me\/p7jvdk-b1O","jetpack-related-posts":[{"id":42555,"url":"https:\/\/blogdoprosperi.com\/?p=42555","url_meta":{"origin":42396,"position":0},"title":"An\u00e1lise: Empate do Brasil contra os EUA exp\u00f5e fragilidades antes da Copa Am\u00e9rica","author":"Luiz Ant\u00f4nio Pr\u00f3speri","date":"12 de junho de 2024","format":false,"excerpt":"Sele\u00e7\u00e3o Brasileira baixa guarda contra os Estados Unidos no \u00faltimo amistoso antes da estreia na Copa Am\u00e9rica. Empate por 1 a 1 na Fl\u00f3rida resume a exibi\u00e7\u00e3o esqu\u00e1lida do time de Dorival J\u00fanior. E dessa vez nem o precoce Endrick nem o endiabrado Vini Jr iluminaram o Brasil. Fraco \u00e9\u2026","rel":"","context":"Em &quot;CBF&quot;","block_context":{"text":"CBF","link":"https:\/\/blogdoprosperi.com\/?cat=570700"},"img":{"alt_text":"Brasil baixa guarda diante dos EUA","src":"https:\/\/i0.wp.com\/blogdoprosperi.com\/wp-content\/uploads\/2024\/06\/53788106335_4bd94fb2d5_c.jpg?fit=800%2C543&ssl=1&resize=350%2C200","width":350,"height":200,"srcset":"https:\/\/i0.wp.com\/blogdoprosperi.com\/wp-content\/uploads\/2024\/06\/53788106335_4bd94fb2d5_c.jpg?fit=800%2C543&ssl=1&resize=350%2C200 1x, https:\/\/i0.wp.com\/blogdoprosperi.com\/wp-content\/uploads\/2024\/06\/53788106335_4bd94fb2d5_c.jpg?fit=800%2C543&ssl=1&resize=525%2C300 1.5x, https:\/\/i0.wp.com\/blogdoprosperi.com\/wp-content\/uploads\/2024\/06\/53788106335_4bd94fb2d5_c.jpg?fit=800%2C543&ssl=1&resize=700%2C400 2x"},"classes":[]},{"id":45140,"url":"https:\/\/blogdoprosperi.com\/?p=45140","url_meta":{"origin":42396,"position":1},"title":"Sele\u00e7\u00e3o Brasileira Perde do Paraguai: Culpa do Presidente da CBF. Camisas Amarelas ao Vento","author":"Luiz Ant\u00f4nio Pr\u00f3speri","date":"11 de setembro de 2024","format":false,"excerpt":"Luiz Antonio Pr\u00f3speri \u2013 11 setembro (atualizado 10h30) CBF est\u00e1 sem sa\u00edda diante de mais um fracasso rotundo da Sele\u00e7\u00e3o Brasileira - derrota constrangedora para o Paraguai nas Eliminat\u00f3rias da Copa 2026. Presidente Ednaldo Rodrigues, centralizador como ele s\u00f3, n\u00e3o tem um colegiado a ouvir ou ajud\u00e1-lo a tomar decis\u00f5es\u2026","rel":"","context":"Em &quot;futebol&quot;","block_context":{"text":"futebol","link":"https:\/\/blogdoprosperi.com\/?cat=53870"},"img":{"alt_text":"Sele\u00e7\u00e3o Brasileira \u00e0 espera de um time","src":"https:\/\/i0.wp.com\/blogdoprosperi.com\/wp-content\/uploads\/2024\/09\/53987038463_1c33dba7d8_k.jpg?fit=1200%2C800&ssl=1&resize=350%2C200","width":350,"height":200,"srcset":"https:\/\/i0.wp.com\/blogdoprosperi.com\/wp-content\/uploads\/2024\/09\/53987038463_1c33dba7d8_k.jpg?fit=1200%2C800&ssl=1&resize=350%2C200 1x, https:\/\/i0.wp.com\/blogdoprosperi.com\/wp-content\/uploads\/2024\/09\/53987038463_1c33dba7d8_k.jpg?fit=1200%2C800&ssl=1&resize=525%2C300 1.5x, https:\/\/i0.wp.com\/blogdoprosperi.com\/wp-content\/uploads\/2024\/09\/53987038463_1c33dba7d8_k.jpg?fit=1200%2C800&ssl=1&resize=700%2C400 2x, https:\/\/i0.wp.com\/blogdoprosperi.com\/wp-content\/uploads\/2024\/09\/53987038463_1c33dba7d8_k.jpg?fit=1200%2C800&ssl=1&resize=1050%2C600 3x"},"classes":[]},{"id":41559,"url":"https:\/\/blogdoprosperi.com\/?p=41559","url_meta":{"origin":42396,"position":2},"title":"Chega de Paquet\u00e1 e Casemiro, Rony vem a\u00ed","author":"Luiz Ant\u00f4nio Pr\u00f3speri","date":"25 de mar\u00e7o de 2023","format":false,"excerpt":"Seja qual for o novo t\u00e9cnico da Sele\u00e7\u00e3o a encrenca a ser resolvida \u00e9 a famosa meiuca, onde se decidem os jogos.","rel":"","context":"Em &quot;catar 2022&quot;","block_context":{"text":"catar 2022","link":"https:\/\/blogdoprosperi.com\/?cat=47094043"},"img":{"alt_text":"","src":"https:\/\/i0.wp.com\/blogdoprosperi.com\/wp-content\/uploads\/2023\/03\/52771406299_6b0081a46d_c.jpg?fit=799%2C547&ssl=1&resize=350%2C200","width":350,"height":200,"srcset":"https:\/\/i0.wp.com\/blogdoprosperi.com\/wp-content\/uploads\/2023\/03\/52771406299_6b0081a46d_c.jpg?fit=799%2C547&ssl=1&resize=350%2C200 1x, https:\/\/i0.wp.com\/blogdoprosperi.com\/wp-content\/uploads\/2023\/03\/52771406299_6b0081a46d_c.jpg?fit=799%2C547&ssl=1&resize=525%2C300 1.5x, https:\/\/i0.wp.com\/blogdoprosperi.com\/wp-content\/uploads\/2023\/03\/52771406299_6b0081a46d_c.jpg?fit=799%2C547&ssl=1&resize=700%2C400 2x"},"classes":[]},{"id":45879,"url":"https:\/\/blogdoprosperi.com\/?p=45879","url_meta":{"origin":42396,"position":3},"title":"Brasil x Peru | Sele\u00e7\u00e3o Joga, um Convite ao Div\u00e3 do Nosso Futebol","author":"Luiz Ant\u00f4nio Pr\u00f3speri","date":"15 de outubro de 2024","format":false,"excerpt":"Luiz Ant\u00f4nio Pr\u00f3speri \u2013 15 outubro (11h30) J\u00e1 disse mais de uma vez e n\u00e3o custa repetir: Sele\u00e7\u00e3o Brasileira entra em campo, ent\u00e3o vamos ao div\u00e3. Nos \u00faltimos dois anos, todos os jogos do escrete tem sido assim. Por um momento, coisa de 90 minutos e pouco mais, somos obrigados\u2026","rel":"","context":"Em &quot;futebol&quot;","block_context":{"text":"futebol","link":"https:\/\/blogdoprosperi.com\/?cat=53870"},"img":{"alt_text":"Futebol Brasileiro no div\u00e3 com a Sele\u00e7\u00e3o","src":"https:\/\/i0.wp.com\/blogdoprosperi.com\/wp-content\/uploads\/2024\/10\/54068283154_2fdf0339b4_c.jpg?fit=800%2C531&ssl=1&resize=350%2C200","width":350,"height":200,"srcset":"https:\/\/i0.wp.com\/blogdoprosperi.com\/wp-content\/uploads\/2024\/10\/54068283154_2fdf0339b4_c.jpg?fit=800%2C531&ssl=1&resize=350%2C200 1x, https:\/\/i0.wp.com\/blogdoprosperi.com\/wp-content\/uploads\/2024\/10\/54068283154_2fdf0339b4_c.jpg?fit=800%2C531&ssl=1&resize=525%2C300 1.5x, https:\/\/i0.wp.com\/blogdoprosperi.com\/wp-content\/uploads\/2024\/10\/54068283154_2fdf0339b4_c.jpg?fit=800%2C531&ssl=1&resize=700%2C400 2x"},"classes":[]},{"id":41845,"url":"https:\/\/blogdoprosperi.com\/?p=41845","url_meta":{"origin":42396,"position":4},"title":"Fernando Diniz decepciona na primeira convoca\u00e7\u00e3o da Sele\u00e7\u00e3o Brasileira","author":"Luiz Ant\u00f4nio Pr\u00f3speri","date":"18 de agosto de 2023","format":false,"excerpt":"Lista de Fernando Diniz n\u00e3o empolga a quem esperava uma revolu\u00e7\u00e3o, mudan\u00e7a dr\u00e1stica no perfil dos convocados da Sele\u00e7\u00e3o Brasileira. E aposta em Neymar na Copa do Mundo 2026.","rel":"","context":"Em &quot;CBF&quot;","block_context":{"text":"CBF","link":"https:\/\/blogdoprosperi.com\/?cat=570700"},"img":{"alt_text":"","src":"https:\/\/i0.wp.com\/blogdoprosperi.com\/wp-content\/uploads\/2023\/08\/53125377221_8862b6c946_c.jpg?fit=799%2C533&ssl=1&resize=350%2C200","width":350,"height":200,"srcset":"https:\/\/i0.wp.com\/blogdoprosperi.com\/wp-content\/uploads\/2023\/08\/53125377221_8862b6c946_c.jpg?fit=799%2C533&ssl=1&resize=350%2C200 1x, https:\/\/i0.wp.com\/blogdoprosperi.com\/wp-content\/uploads\/2023\/08\/53125377221_8862b6c946_c.jpg?fit=799%2C533&ssl=1&resize=525%2C300 1.5x, https:\/\/i0.wp.com\/blogdoprosperi.com\/wp-content\/uploads\/2023\/08\/53125377221_8862b6c946_c.jpg?fit=799%2C533&ssl=1&resize=700%2C400 2x"},"classes":[]},{"id":42093,"url":"https:\/\/blogdoprosperi.com\/?p=42093","url_meta":{"origin":42396,"position":5},"title":"Sele\u00e7\u00e3o Brasileira vira para\u00edso dos volantes na estreia de Dorival Junior","author":"Luiz Ant\u00f4nio Pr\u00f3speri","date":"1 de mar\u00e7o de 2024","format":false,"excerpt":"Dorival Junior anuncia sua primeira lista da Sele\u00e7\u00e3o Brasileira com uma penca de volantes \u2013 jogadores mais marcadores a criativos \u2013 e apenas um meia-armador de of\u00edcio, Lucas Paquet\u00e1. A convoca\u00e7\u00e3o se destina aos amistosos contra Espanha e Inglaterra na segunda quinzena de mar\u00e7o. Anotem a\u00ed os volantes de Dorival:\u2026","rel":"","context":"Em &quot;CBF&quot;","block_context":{"text":"CBF","link":"https:\/\/blogdoprosperi.com\/?cat=570700"},"img":{"alt_text":"","src":"https:\/\/i0.wp.com\/blogdoprosperi.com\/wp-content\/uploads\/2024\/03\/53561902865_171a6c8da2_c.jpg?fit=799%2C533&ssl=1&resize=350%2C200","width":350,"height":200,"srcset":"https:\/\/i0.wp.com\/blogdoprosperi.com\/wp-content\/uploads\/2024\/03\/53561902865_171a6c8da2_c.jpg?fit=799%2C533&ssl=1&resize=350%2C200 1x, https:\/\/i0.wp.com\/blogdoprosperi.com\/wp-content\/uploads\/2024\/03\/53561902865_171a6c8da2_c.jpg?fit=799%2C533&ssl=1&resize=525%2C300 1.5x, https:\/\/i0.wp.com\/blogdoprosperi.com\/wp-content\/uploads\/2024\/03\/53561902865_171a6c8da2_c.jpg?fit=799%2C533&ssl=1&resize=700%2C400 2x"},"classes":[]}],"jetpack_featured_media_url":"https:\/\/i0.wp.com\/blogdoprosperi.com\/wp-content\/uploads\/2024\/05\/i.jpg?fit=1140%2C641&ssl=1","_links":{"self":[{"href":"https:\/\/blogdoprosperi.com\/index.php?rest_route=\/wp\/v2\/posts\/42396","targetHints":{"allow":["GET"]}}],"collection":[{"href":"https:\/\/blogdoprosperi.com\/index.php?rest_route=\/wp\/v2\/posts"}],"about":[{"href":"https:\/\/blogdoprosperi.com\/index.php?rest_route=\/wp\/v2\/types\/post"}],"author":[{"embeddable":true,"href":"https:\/\/blogdoprosperi.com\/index.php?rest_route=\/wp\/v2\/users\/102107496"}],"replies":[{"embeddable":true,"href":"https:\/\/blogdoprosperi.com\/index.php?rest_route=%2Fwp%2Fv2%2Fcomments&post=42396"}],"version-history":[{"count":7,"href":"https:\/\/blogdoprosperi.com\/index.php?rest_route=\/wp\/v2\/posts\/42396\/revisions"}],"predecessor-version":[{"id":42453,"href":"https:\/\/blogdoprosperi.com\/index.php?rest_route=\/wp\/v2\/posts\/42396\/revisions\/42453"}],"wp:featuredmedia":[{"embeddable":true,"href":"https:\/\/blogdoprosperi.com\/index.php?rest_route=\/wp\/v2\/media\/42399"}],"wp:attachment":[{"href":"https:\/\/blogdoprosperi.com\/index.php?rest_route=%2Fwp%2Fv2%2Fmedia&parent=42396"}],"wp:term":[{"taxonomy":"category","embeddable":true,"href":"https:\/\/blogdoprosperi.com\/index.php?rest_route=%2Fwp%2Fv2%2Fcategories&post=42396"},{"taxonomy":"post_tag","embeddable":true,"href":"https:\/\/blogdoprosperi.com\/index.php?rest_route=%2Fwp%2Fv2%2Ftags&post=42396"}],"curies":[{"name":"wp","href":"https:\/\/api.w.org\/{rel}","templated":true}]}}