{"id":42493,"date":"2024-06-12T18:31:17","date_gmt":"2024-06-12T21:31:17","guid":{"rendered":"https:\/\/blogdoprosperi.com\/?p=42493"},"modified":"2024-06-12T18:43:08","modified_gmt":"2024-06-12T21:43:08","slug":"ascensao-da-extrema-direita-uma-nuvem-permanente-no-horizonte-da-euro-2024-na-alemanha","status":"publish","type":"post","link":"https:\/\/blogdoprosperi.com\/?p=42493","title":{"rendered":"Ascens\u00e3o da extrema direita, uma nuvem permanente no horizonte da Euro 2024 na Alemanha"},"content":{"rendered":"<p>Enquanto Alemanha se prepara para a grande arrancada do futebol na Euro 2024, o cen\u00e1rio pol\u00edtico desconfort\u00e1vel no pa\u00eds-sede n\u00e3o pode ser ignorado. Acompanhe mat\u00e9ria publicada no <a href=\"https:\/\/www.theguardian.com\/football\/euro-2024\"><em><span style=\"color: #0000ff\"><strong>The Guardian<\/strong><\/span><\/em><\/a>, da Inglaterra, por<strong><span style=\"color: #0000ff\"> <em>Jonathan Liew.<\/em><\/span><\/strong><\/p>\n<p>\u201cO time n\u00e3o \u00e9 mais alem\u00e3o\u201d, explica um senhor mais velho com bon\u00e9 de beisebol, carregando calmamente as compras no porta-malas do carro. \u201cSe voc\u00ea olhar quantos alem\u00e3es ainda jogam, \u00e9 uma piada.\u201d<\/p>\n<p class=\"dcr-jdlpgv\">\u201cComo voc\u00ea define quem \u00e9 um alem\u00e3o?\u201d pergunta o apresentador, um documentarista chamado Philipp Awounou.<\/p>\n<p>\u201cPara mim\u201d, responde o homem, \u201cum verdadeiro alem\u00e3o \u00e9 \u2013 e n\u00e3o quero ofend\u00ea-lo \u2013 de pele clara\u201d.<\/p>\n<p>\u201cPor que n\u00e3o posso ser um alem\u00e3o de verdade?\u201d<\/p>\n<p>\u201cPorque seus pais n\u00e3o podem ser alem\u00e3es.\u201d<\/p>\n<p>\u201cMinha m\u00e3e \u00e9 alem\u00e3\u201d, protesta Awounou.<\/p>\n<p>\u201cOK, sim, \u00f3timo\u201d, diz o homem encolhendo os ombros. \u201cIsso \u00e9 poss\u00edvel, claro. Mas\u2026 onde est\u00e3o os alem\u00e3es de pele clara que tamb\u00e9m sabem jogar futebol?\u201d<\/p>\n<p>Alemanha, 2024. Ou pelo menos uma pequena mas significativa parte dela: um sujeito normal, no estacionamento de um supermercado comum na Tur\u00edngia, perfeitamente feliz em desabafar seu racismo diante das c\u00e2meras, para a emissora nacional <em>ARD<\/em>. E talvez o elemento mais arrepiante do controverso document\u00e1rio de Awounou, <em>&#8220;Unidade, Justi\u00e7a e Diversidade&#8221;<\/em> \u2013 cujo t\u00edtulo \u00e9 uma brincadeira com a primeira linha do hino nacional \u2013 seja o descaramento de algumas das opini\u00f5es proferidas, a ideia de que para muitos alem\u00e3es o racismo n\u00e3o \u00e9 um problema. ins\u00edgnia de vergonha, mas algo a ser brasonado, com orgulho e sem desculpas.<\/p>\n<p>O document\u00e1rio, que foi ao ar na televis\u00e3o na quarta-feira passada, foi duramente criticado por incluir uma enquete em que 1.304 entrevistados foram questionados se concordavam com a afirma\u00e7\u00e3o: \u201cEu preferiria que mais jogadores brancos jogassem novamente na sele\u00e7\u00e3o alem\u00e3. \u201d (Com o qual 21% concordaram, 65% discordaram.)<\/p>\n<p>Foi, segundo o t\u00e9cnico da Alemanha, Julian Nagelsmann, uma \u201cpesquisa de merda\u201d. O vice-capit\u00e3o, Joshua Kimmich, descreveu-o como racista. E, claro, h\u00e1 uma grande parte da educada sociedade alem\u00e3 que preferiria que estas quest\u00f5es fossem discutidas com um pouco mais de delicadeza, talvez nem um pouco, e certamente n\u00e3o apenas antes de um\u00a0<a href=\"https:\/\/www.theguardian.com\/football\/european-championship\">Campeonato Europeu<\/a>\u00a0em casa , no qual um tema abrangente \u00e9 a uni\u00e3o de uma na\u00e7\u00e3o fraturada. No entanto, embora a pesquisa em si pare\u00e7a um pouco espalhafatosa e indutora de cliques, <strong>o document\u00e1rio \u00e9 menos um encantamento ao racismo e mais um reflexo de tend\u00eancias sociais preocupantes<\/strong>.<\/p>\n<p class=\"dcr-jdlpgv\">Durante a maior parte do ano passado, o partido de extrema-direita Alternativa para a Alemanha obteve quase 20% de votos e terminou em segundo lugar nas\u00a0<a href=\"https:\/\/www.theguardian.com\/world\/article\/2024\/jun\/10\/european-elections-main-impact-likely-to-be-felt-in-national-capitals\">elei\u00e7\u00f5es europeias desta semana<\/a>\u00a0. De repente, uma na\u00e7\u00e3o que pensava ter enterrado o fascismo para sempre come\u00e7a a ver o seu espectro surgir mais uma vez.<\/p>\n<figure id=\"attachment_42548\" aria-describedby=\"caption-attachment-42548\" style=\"width: 720px\" class=\"wp-caption alignnone\"><img data-recalc-dims=\"1\" loading=\"lazy\" decoding=\"async\" data-attachment-id=\"42548\" data-permalink=\"https:\/\/blogdoprosperi.com\/?attachment_id=42548\" data-orig-file=\"https:\/\/i0.wp.com\/blogdoprosperi.com\/wp-content\/uploads\/2024\/06\/17174287223698.webp?fit=1024%2C682&amp;ssl=1\" data-orig-size=\"1024,682\" data-comments-opened=\"1\" data-image-meta=\"{&quot;aperture&quot;:&quot;0&quot;,&quot;credit&quot;:&quot;&quot;,&quot;camera&quot;:&quot;&quot;,&quot;caption&quot;:&quot;&quot;,&quot;created_timestamp&quot;:&quot;0&quot;,&quot;copyright&quot;:&quot;&quot;,&quot;focal_length&quot;:&quot;0&quot;,&quot;iso&quot;:&quot;0&quot;,&quot;shutter_speed&quot;:&quot;0&quot;,&quot;title&quot;:&quot;&quot;,&quot;orientation&quot;:&quot;0&quot;}\" data-image-title=\"Alemanha e a for\u00e7a em casa\" data-image-description=\"\" data-image-caption=\"&lt;p&gt;Alemanha busca novo horizonte na Euro2024 -foto: Uefa oficial&lt;\/p&gt;\n\" data-large-file=\"https:\/\/i0.wp.com\/blogdoprosperi.com\/wp-content\/uploads\/2024\/06\/17174287223698.webp?fit=940%2C626&amp;ssl=1\" class=\"size-large wp-image-42548\" src=\"https:\/\/i0.wp.com\/blogdoprosperi.com\/wp-content\/uploads\/2024\/06\/17174287223698.webp?resize=720%2C480&#038;ssl=1\" alt=\"Alemanha se renova na Euro 2024\" width=\"720\" height=\"480\" \/><figcaption id=\"caption-attachment-42548\" class=\"wp-caption-text\">Alemanha busca novo horizonte na Euro2024 -foto: Uefa oficial<\/figcaption><\/figure>\n<p class=\"dcr-jdlpgv\">No m\u00eas passado, um v\u00eddeo feito na ilha de Sylt mostrou<strong> jovens turistas ricos cantando uma can\u00e7\u00e3o nazista e fazendo a sauda\u00e7\u00e3o a Hitler.<\/strong> No mesmo m\u00eas, um grupo de rebeldes de extrema-direita foi a julgamento em Frankfurt, acusado de planear uma derrubada violenta do governo. Em Novembro, grupos de extrema-direita reuniram-se secretamente em Potsdam para discutir a \u201cremigra\u00e7\u00e3o\u201d for\u00e7ada de milh\u00f5es de cidad\u00e3os alem\u00e3es com heran\u00e7a estrangeira, caso a AfD algum dia chegasse ao governo.<\/p>\n<p class=\"dcr-jdlpgv\">Quer a AfD se aproxime ou n\u00e3o do poder, conseguiu de forma retumbante deslocar a conversa para o seu territ\u00f3rio. O chanceler, Olaf Scholz, do SPD de centro-esquerda, intensificou severamente a sua ret\u00f3rica sobre a imigra\u00e7\u00e3o nos \u00faltimos meses, prometendo \u201cdeportar\u201d migrantes e criminosos nascidos no estrangeiro em grande escala. Ent\u00e3o aqui estamos n\u00f3s, poucos dias antes do grande pontap\u00e9 inicial da Alemanha, debatendo febrilmente os temas quentes da guerra cultural na televis\u00e3o nacional.<\/p>\n<p class=\"dcr-jdlpgv\">E, claro, o futebol tem o seu papel especial a desempenhar na narrativa da extrema-direita: uma narrativa constru\u00edda sobre o decl\u00ednio, alimentada pelos fracassos das\u00a0<a href=\"https:\/\/www.theguardian.com\/football\/2022\/dec\/01\/costa-rica-germany-world-cup-group-e-match-report#:~:text=Germany%20did%20manage%20something%20novel,heart%2C%20were%20going%20through%20instead.\">campanhas dos Campeonatos do Mundo de 2018 e 2022<\/a>\u00a0, ligada n\u00e3o apenas \u00e0 ra\u00e7a e \u00e0 identidade, mas tamb\u00e9m a suspeitas mais intang\u00edveis. . O recuo da masculinidade tradicional e normativa. Uma sensa\u00e7\u00e3o predominante de que os jovens de hoje n\u00e3o t\u00eam a resist\u00eancia dos mais velhos. Um excesso de meio-campistas criativos e alas travessos. Os jovens s\u00e3o ensinados sobre os seus sentimentos, encorajados a perseguir causas sociais da moda, como a \u201cigualdade\u201d, e, como resultado, esquecem-se de como resolver problemas. N\u00e3o consigo nem desenterrar um grande n\u00famero 9 hoje em dia por causa do despertar.<\/p>\n<p class=\"dcr-jdlpgv\">N\u00e3o quero igualar estas v\u00e1rias correntes, mas \u00e9 claro que existe um espectro, e muitas vezes come\u00e7a com um velho comentador na televis\u00e3o a queixar-se do decl\u00ednio dos valores tradicionais alem\u00e3es e termina com a equipa vencedora do Campeonato do Mundo Sub-17 a ser salpicada com um torrente de abusos racistas depois de postar uma foto de vit\u00f3ria com quatro jogadores negros. \u201cO racismo existe e \u00e9 um problema, mas n\u00e3o \u00e9 o nosso problema mais importante\u201d, argumenta um pol\u00edtico da AfD no document\u00e1rio da ARD. \u201cNada muito importante.\u201d<\/p>\n<p class=\"dcr-jdlpgv\">De certa forma, a actual ang\u00fastia existencial da Alemanha assemelha-se a uma esp\u00e9cie de Brexit sem Brexit, uma reimagina\u00e7\u00e3o total do que significa ser alem\u00e3o, um v\u00e1cuo de confian\u00e7a e de identidade no qual todos os tipos de actores malignos se derramaram. A eros\u00e3o da supremacia alem\u00e3, econ\u00f3mica e pol\u00edtica, a guerra na Ucr\u00e2nia e a crise energ\u00e9tica, levaram a uma sensa\u00e7\u00e3o de que as coisas pararam de funcionar, os la\u00e7os que outrora uniam uma sociedade orgulhosa est\u00e3o lentamente a afrouxar.<\/p>\n<p class=\"dcr-jdlpgv\">E se o futebol tem sido uma arena de conflito, tamb\u00e9m tem sido um foco de resist\u00eancia. Treinadores da Bundesliga, como Christian Streich e Xabi Alonso, t\u00eam sido muito mais veementes na sua condena\u00e7\u00e3o da extrema direita do que a maioria dos seus hom\u00f3logos da Premier League ousariam ser. Grupos de f\u00e3s, muito mais poderosos na Alemanha do que na Inglaterra, organizaram protestos anti-AfD. O amplo consenso, por\u00e9m, \u00e9 que a resposta mais eficaz do futebol \u00e0 direita racista ser\u00e1 dentro do pr\u00f3prio campo.<\/p>\n<p><span style=\"color: #0000ff\"><a style=\"color: #0000ff\" href=\"https:\/\/www.uefa.com\/euro2024\/video\/028e-1b1995276b30-ca85d3773960-1000--meet-the-teams-germany\/\">https:\/\/www.uefa.com\/euro2024\/video\/028e-1b1995276b30-ca85d3773960-1000&#8211;meet-the-teams-germany\/<\/a><\/span><\/p>\n<p class=\"dcr-jdlpgv\">N\u00e3o em termos de banners ou gestos. Mas simplesmente a vis\u00e3o de uma equipa multirracial confiante e bem-sucedida, capitaneada por Ilkay G\u00fcndogan, com Antonio R\u00fcdiger na defesa e Jamal Musiala no ataque, tirando for\u00e7a da sua diversidade. H\u00e1 um certo simbolismo no facto de a Deutsche Fussball Bund ter escolhido a Tur\u00edngia, no esquecido leste do pa\u00eds, como base do Euro.<\/p>\n<p class=\"dcr-jdlpgv\">\u00c9 claro que o futebol n\u00e3o resolve nada sozinho. Se a felicidade nos torneios de ver\u00e3o \u00e9 sempre uma c\u00f3pia pobre da realidade, talvez o mesmo possa ser dito do patriotismo nos torneios de ver\u00e3o. O futebol pode ser um canal brilhante para essas conversas muitas vezes dif\u00edceis. Mas, como sempre, as solu\u00e7\u00f5es genu\u00ednas ter\u00e3o de vir de outro lugar.<\/p>\n","protected":false},"excerpt":{"rendered":"<p>Enquanto Alemanha se prepara para a grande arrancada do futebol na Euro 2024, o cen\u00e1rio pol\u00edtico desconfort\u00e1vel no [&hellip;]<\/p>\n","protected":false},"author":102107496,"featured_media":42547,"comment_status":"open","ping_status":"open","sticky":false,"template":"","format":"standard","meta":{"_coblocks_attr":"","_coblocks_dimensions":"","_coblocks_responsive_height":"","_coblocks_accordion_ie_support":"","_jetpack_newsletter_access":"","_jetpack_dont_email_post_to_subs":false,"_jetpack_newsletter_tier_id":0,"_jetpack_memberships_contains_paywalled_content":false,"_wpcom_ai_launchpad_first_post":false,"_jetpack_feature_clip_id":0,"_jetpack_memberships_contains_paid_content":false,"footnotes":"","jetpack_publicize_message":"","jetpack_publicize_feature_enabled":true,"jetpack_social_post_already_shared":false,"jetpack_social_options":{"image_generator_settings":{"template":"highway","default_image_id":0,"font":"","enabled":false},"version":2},"jetpack_post_was_ever_published":false},"categories":[53870,20384],"tags":[10668348,180679,564487037,789560560,8301610],"class_list":["post-42493","post","type-post","status-publish","format-standard","has-post-thumbnail","hentry","category-futebol","category-informacao","tag-0000ff","tag-alemanha","tag-euro2024","tag-futebol","tag-gundogan"],"yoast_head":"<!-- This site is optimized with the Yoast SEO plugin v28.3 - https:\/\/yoast.com\/product\/yoast-seo-wordpress\/ -->\n<title>Ascens\u00e3o da extrema direita, uma nuvem permanente no horizonte da Euro 2024 na Alemanha - PR\u00d3SPERI NEWS<\/title>\n<meta name=\"robots\" content=\"index, follow, max-snippet:-1, max-image-preview:large, max-video-preview:-1\" \/>\n<link rel=\"canonical\" href=\"https:\/\/blogdoprosperi.com\/?p=42493\" \/>\n<meta property=\"og:locale\" content=\"pt_BR\" \/>\n<meta property=\"og:type\" content=\"article\" \/>\n<meta property=\"og:title\" content=\"Ascens\u00e3o da extrema direita, uma nuvem permanente no horizonte da Euro 2024 na Alemanha - PR\u00d3SPERI NEWS\" \/>\n<meta property=\"og:description\" content=\"Enquanto Alemanha se prepara para a grande arrancada do futebol na Euro 2024, o cen\u00e1rio pol\u00edtico desconfort\u00e1vel no [&hellip;]\" \/>\n<meta property=\"og:url\" content=\"https:\/\/blogdoprosperi.com\/?p=42493\" \/>\n<meta property=\"og:site_name\" content=\"PR\u00d3SPERI NEWS\" \/>\n<meta property=\"article:publisher\" content=\"Luiz Pr\u00f3speri\" \/>\n<meta property=\"article:author\" content=\"Luiz Pr\u00f3speri\" \/>\n<meta property=\"article:published_time\" content=\"2024-06-12T21:31:17+00:00\" \/>\n<meta property=\"article:modified_time\" content=\"2024-06-12T21:43:08+00:00\" \/>\n<meta property=\"og:image\" content=\"https:\/\/i0.wp.com\/blogdoprosperi.com\/wp-content\/uploads\/2024\/06\/germany_portraits_-_uefa_euro_2024.jpg?fit=556%2C313&ssl=1\" \/>\n\t<meta property=\"og:image:width\" content=\"556\" \/>\n\t<meta property=\"og:image:height\" content=\"313\" \/>\n\t<meta property=\"og:image:type\" content=\"image\/jpeg\" \/>\n<meta name=\"author\" content=\"Luiz Ant\u00f4nio Pr\u00f3speri\" \/>\n<meta name=\"twitter:card\" content=\"summary_large_image\" \/>\n<meta name=\"twitter:creator\" content=\"@Luizprosperi\" \/>\n<meta name=\"twitter:site\" content=\"@Luizprosperi\" \/>\n<meta name=\"twitter:label1\" content=\"Escrito por\" \/>\n\t<meta name=\"twitter:data1\" content=\"Luiz Ant\u00f4nio Pr\u00f3speri\" \/>\n\t<meta name=\"twitter:label2\" content=\"Est. tempo de leitura\" \/>\n\t<meta name=\"twitter:data2\" content=\"6 minutos\" \/>\n<script type=\"application\/ld+json\" class=\"yoast-schema-graph\">{\"@context\":\"https:\\\/\\\/schema.org\",\"@graph\":[{\"@type\":\"Article\",\"@id\":\"https:\\\/\\\/blogdoprosperi.com\\\/?p=42493#article\",\"isPartOf\":{\"@id\":\"https:\\\/\\\/blogdoprosperi.com\\\/?p=42493\"},\"author\":{\"name\":\"Luiz Ant\u00f4nio Pr\u00f3speri\",\"@id\":\"https:\\\/\\\/blogdoprosperi.com\\\/#\\\/schema\\\/person\\\/38100755ce3601861ee4fab9b5aa78e9\"},\"headline\":\"Ascens\u00e3o da extrema direita, uma nuvem permanente no horizonte da Euro 2024 na Alemanha\",\"datePublished\":\"2024-06-12T21:31:17+00:00\",\"dateModified\":\"2024-06-12T21:43:08+00:00\",\"mainEntityOfPage\":{\"@id\":\"https:\\\/\\\/blogdoprosperi.com\\\/?p=42493\"},\"wordCount\":1227,\"commentCount\":0,\"publisher\":{\"@id\":\"https:\\\/\\\/blogdoprosperi.com\\\/#\\\/schema\\\/person\\\/38100755ce3601861ee4fab9b5aa78e9\"},\"image\":{\"@id\":\"https:\\\/\\\/blogdoprosperi.com\\\/?p=42493#primaryimage\"},\"thumbnailUrl\":\"https:\\\/\\\/i0.wp.com\\\/blogdoprosperi.com\\\/wp-content\\\/uploads\\\/2024\\\/06\\\/germany_portraits_-_uefa_euro_2024.jpg?fit=556%2C313&ssl=1\",\"keywords\":[\"0000ff\",\"Alemanha\",\"euro2024\",\"futebol\",\"Gundogan\"],\"articleSection\":[\"futebol\",\"informa\u00e7\u00e3o\"],\"inLanguage\":\"pt-BR\",\"potentialAction\":[{\"@type\":\"CommentAction\",\"name\":\"Comment\",\"target\":[\"https:\\\/\\\/blogdoprosperi.com\\\/?p=42493#respond\"]}]},{\"@type\":\"WebPage\",\"@id\":\"https:\\\/\\\/blogdoprosperi.com\\\/?p=42493\",\"url\":\"https:\\\/\\\/blogdoprosperi.com\\\/?p=42493\",\"name\":\"Ascens\u00e3o da extrema direita, uma nuvem permanente no horizonte da Euro 2024 na Alemanha - PR\u00d3SPERI NEWS\",\"isPartOf\":{\"@id\":\"https:\\\/\\\/blogdoprosperi.com\\\/#website\"},\"primaryImageOfPage\":{\"@id\":\"https:\\\/\\\/blogdoprosperi.com\\\/?p=42493#primaryimage\"},\"image\":{\"@id\":\"https:\\\/\\\/blogdoprosperi.com\\\/?p=42493#primaryimage\"},\"thumbnailUrl\":\"https:\\\/\\\/i0.wp.com\\\/blogdoprosperi.com\\\/wp-content\\\/uploads\\\/2024\\\/06\\\/germany_portraits_-_uefa_euro_2024.jpg?fit=556%2C313&ssl=1\",\"datePublished\":\"2024-06-12T21:31:17+00:00\",\"dateModified\":\"2024-06-12T21:43:08+00:00\",\"breadcrumb\":{\"@id\":\"https:\\\/\\\/blogdoprosperi.com\\\/?p=42493#breadcrumb\"},\"inLanguage\":\"pt-BR\",\"potentialAction\":[{\"@type\":\"ReadAction\",\"target\":[\"https:\\\/\\\/blogdoprosperi.com\\\/?p=42493\"]}]},{\"@type\":\"ImageObject\",\"inLanguage\":\"pt-BR\",\"@id\":\"https:\\\/\\\/blogdoprosperi.com\\\/?p=42493#primaryimage\",\"url\":\"https:\\\/\\\/i0.wp.com\\\/blogdoprosperi.com\\\/wp-content\\\/uploads\\\/2024\\\/06\\\/germany_portraits_-_uefa_euro_2024.jpg?fit=556%2C313&ssl=1\",\"contentUrl\":\"https:\\\/\\\/i0.wp.com\\\/blogdoprosperi.com\\\/wp-content\\\/uploads\\\/2024\\\/06\\\/germany_portraits_-_uefa_euro_2024.jpg?fit=556%2C313&ssl=1\",\"width\":556,\"height\":313,\"caption\":\"Gundogan, s\u00edmbolo da Alemanha na Euro 2024 - foto: Uefa oficial\"},{\"@type\":\"BreadcrumbList\",\"@id\":\"https:\\\/\\\/blogdoprosperi.com\\\/?p=42493#breadcrumb\",\"itemListElement\":[{\"@type\":\"ListItem\",\"position\":1,\"name\":\"In\u00edcio\",\"item\":\"https:\\\/\\\/blogdoprosperi.com\\\/\"},{\"@type\":\"ListItem\",\"position\":2,\"name\":\"Ascens\u00e3o da extrema direita, uma nuvem permanente no horizonte da Euro 2024 na Alemanha\"}]},{\"@type\":\"WebSite\",\"@id\":\"https:\\\/\\\/blogdoprosperi.com\\\/#website\",\"url\":\"https:\\\/\\\/blogdoprosperi.com\\\/\",\"name\":\"PR\u00d3SPERI NEWS\",\"description\":\"TUDO \u00c9  FUTEBOL\",\"publisher\":{\"@id\":\"https:\\\/\\\/blogdoprosperi.com\\\/#\\\/schema\\\/person\\\/38100755ce3601861ee4fab9b5aa78e9\"},\"alternateName\":\"blogdoprosperi.com\",\"potentialAction\":[{\"@type\":\"SearchAction\",\"target\":{\"@type\":\"EntryPoint\",\"urlTemplate\":\"https:\\\/\\\/blogdoprosperi.com\\\/?s={search_term_string}\"},\"query-input\":{\"@type\":\"PropertyValueSpecification\",\"valueRequired\":true,\"valueName\":\"search_term_string\"}}],\"inLanguage\":\"pt-BR\"},{\"@type\":[\"Person\",\"Organization\"],\"@id\":\"https:\\\/\\\/blogdoprosperi.com\\\/#\\\/schema\\\/person\\\/38100755ce3601861ee4fab9b5aa78e9\",\"name\":\"Luiz Ant\u00f4nio Pr\u00f3speri\",\"pronouns\":\"ele\",\"image\":{\"@type\":\"ImageObject\",\"inLanguage\":\"pt-BR\",\"@id\":\"https:\\\/\\\/i0.wp.com\\\/blogdoprosperi.com\\\/wp-content\\\/uploads\\\/2026\\\/05\\\/cropped-8059e613-6002-42fa-961e-8e275f575d71-2-5.jpg?fit=1360%2C931&ssl=1\",\"url\":\"https:\\\/\\\/i0.wp.com\\\/blogdoprosperi.com\\\/wp-content\\\/uploads\\\/2026\\\/05\\\/cropped-8059e613-6002-42fa-961e-8e275f575d71-2-5.jpg?fit=1360%2C931&ssl=1\",\"contentUrl\":\"https:\\\/\\\/i0.wp.com\\\/blogdoprosperi.com\\\/wp-content\\\/uploads\\\/2026\\\/05\\\/cropped-8059e613-6002-42fa-961e-8e275f575d71-2-5.jpg?fit=1360%2C931&ssl=1\",\"width\":1360,\"height\":931,\"caption\":\"Luiz Ant\u00f4nio Pr\u00f3speri\"},\"logo\":{\"@id\":\"https:\\\/\\\/i0.wp.com\\\/blogdoprosperi.com\\\/wp-content\\\/uploads\\\/2026\\\/05\\\/cropped-8059e613-6002-42fa-961e-8e275f575d71-2-5.jpg?fit=1360%2C931&ssl=1\"},\"description\":\"Jornalista com carreira dedicada ao esporte. Cobriu 9 Copas do Mundo in loco, 1990 na It\u00e1lia, 1994 nos EUA, 1998 na Fran\u00e7a, 2002 na Coreia do Sul e Jap\u00e3o, 2006 na Alemanha, 2010 na \u00c1frica do Sul, 2014 no Brasil, 2018 na R\u00fassia e 2022 no Qatar. Eurocopas, 1992 na Su\u00e9cia e 1996 na Inglaterra. Copa das Confedera\u00e7\u00f5es de 2005 na Alemanha e 2009 na \u00c1frica do Sul. Rep\u00f3rter e Editor, trabalhou no Jornal da Tarde e Estad\u00e3o, de 1984 a fevereiro de 2016. Colunista, blogueiro. E comentarista de futebol na R\u00e1dio Estad\u00e3o, de 2013 a fevereiro de 2016. Jornalista respons\u00e1vel do \\\"Pr\u00f3speri News\\\" (blogdoprosperi.com).\",\"sameAs\":[\"http:\\\/\\\/blogdoprosperi.com\",\"Luiz Pr\u00f3speri\",\"@luiz_prosperi\",\"https:\\\/\\\/x.com\\\/Luizprosperi\",\"@prosperinacopa\",\"luiz.prosperi@icloud.com\"],\"url\":\"https:\\\/\\\/blogdoprosperi.com\\\/?author=102107496\"}]}<\/script>\n<!-- \/ Yoast SEO plugin. -->","yoast_head_json":{"title":"Ascens\u00e3o da extrema direita, uma nuvem permanente no horizonte da Euro 2024 na Alemanha - PR\u00d3SPERI NEWS","robots":{"index":"index","follow":"follow","max-snippet":"max-snippet:-1","max-image-preview":"max-image-preview:large","max-video-preview":"max-video-preview:-1"},"canonical":"https:\/\/blogdoprosperi.com\/?p=42493","og_locale":"pt_BR","og_type":"article","og_title":"Ascens\u00e3o da extrema direita, uma nuvem permanente no horizonte da Euro 2024 na Alemanha - PR\u00d3SPERI NEWS","og_description":"Enquanto Alemanha se prepara para a grande arrancada do futebol na Euro 2024, o cen\u00e1rio pol\u00edtico desconfort\u00e1vel no [&hellip;]","og_url":"https:\/\/blogdoprosperi.com\/?p=42493","og_site_name":"PR\u00d3SPERI NEWS","article_publisher":"Luiz Pr\u00f3speri","article_author":"Luiz Pr\u00f3speri","article_published_time":"2024-06-12T21:31:17+00:00","article_modified_time":"2024-06-12T21:43:08+00:00","og_image":[{"width":556,"height":313,"url":"https:\/\/i0.wp.com\/blogdoprosperi.com\/wp-content\/uploads\/2024\/06\/germany_portraits_-_uefa_euro_2024.jpg?fit=556%2C313&ssl=1","type":"image\/jpeg"}],"author":"Luiz Ant\u00f4nio Pr\u00f3speri","twitter_card":"summary_large_image","twitter_creator":"@Luizprosperi","twitter_site":"@Luizprosperi","twitter_misc":{"Escrito por":"Luiz Ant\u00f4nio Pr\u00f3speri","Est. tempo de leitura":"6 minutos"},"schema":{"@context":"https:\/\/schema.org","@graph":[{"@type":"Article","@id":"https:\/\/blogdoprosperi.com\/?p=42493#article","isPartOf":{"@id":"https:\/\/blogdoprosperi.com\/?p=42493"},"author":{"name":"Luiz Ant\u00f4nio Pr\u00f3speri","@id":"https:\/\/blogdoprosperi.com\/#\/schema\/person\/38100755ce3601861ee4fab9b5aa78e9"},"headline":"Ascens\u00e3o da extrema direita, uma nuvem permanente no horizonte da Euro 2024 na Alemanha","datePublished":"2024-06-12T21:31:17+00:00","dateModified":"2024-06-12T21:43:08+00:00","mainEntityOfPage":{"@id":"https:\/\/blogdoprosperi.com\/?p=42493"},"wordCount":1227,"commentCount":0,"publisher":{"@id":"https:\/\/blogdoprosperi.com\/#\/schema\/person\/38100755ce3601861ee4fab9b5aa78e9"},"image":{"@id":"https:\/\/blogdoprosperi.com\/?p=42493#primaryimage"},"thumbnailUrl":"https:\/\/i0.wp.com\/blogdoprosperi.com\/wp-content\/uploads\/2024\/06\/germany_portraits_-_uefa_euro_2024.jpg?fit=556%2C313&ssl=1","keywords":["0000ff","Alemanha","euro2024","futebol","Gundogan"],"articleSection":["futebol","informa\u00e7\u00e3o"],"inLanguage":"pt-BR","potentialAction":[{"@type":"CommentAction","name":"Comment","target":["https:\/\/blogdoprosperi.com\/?p=42493#respond"]}]},{"@type":"WebPage","@id":"https:\/\/blogdoprosperi.com\/?p=42493","url":"https:\/\/blogdoprosperi.com\/?p=42493","name":"Ascens\u00e3o da extrema direita, uma nuvem permanente no horizonte da Euro 2024 na Alemanha - PR\u00d3SPERI NEWS","isPartOf":{"@id":"https:\/\/blogdoprosperi.com\/#website"},"primaryImageOfPage":{"@id":"https:\/\/blogdoprosperi.com\/?p=42493#primaryimage"},"image":{"@id":"https:\/\/blogdoprosperi.com\/?p=42493#primaryimage"},"thumbnailUrl":"https:\/\/i0.wp.com\/blogdoprosperi.com\/wp-content\/uploads\/2024\/06\/germany_portraits_-_uefa_euro_2024.jpg?fit=556%2C313&ssl=1","datePublished":"2024-06-12T21:31:17+00:00","dateModified":"2024-06-12T21:43:08+00:00","breadcrumb":{"@id":"https:\/\/blogdoprosperi.com\/?p=42493#breadcrumb"},"inLanguage":"pt-BR","potentialAction":[{"@type":"ReadAction","target":["https:\/\/blogdoprosperi.com\/?p=42493"]}]},{"@type":"ImageObject","inLanguage":"pt-BR","@id":"https:\/\/blogdoprosperi.com\/?p=42493#primaryimage","url":"https:\/\/i0.wp.com\/blogdoprosperi.com\/wp-content\/uploads\/2024\/06\/germany_portraits_-_uefa_euro_2024.jpg?fit=556%2C313&ssl=1","contentUrl":"https:\/\/i0.wp.com\/blogdoprosperi.com\/wp-content\/uploads\/2024\/06\/germany_portraits_-_uefa_euro_2024.jpg?fit=556%2C313&ssl=1","width":556,"height":313,"caption":"Gundogan, s\u00edmbolo da Alemanha na Euro 2024 - foto: Uefa oficial"},{"@type":"BreadcrumbList","@id":"https:\/\/blogdoprosperi.com\/?p=42493#breadcrumb","itemListElement":[{"@type":"ListItem","position":1,"name":"In\u00edcio","item":"https:\/\/blogdoprosperi.com\/"},{"@type":"ListItem","position":2,"name":"Ascens\u00e3o da extrema direita, uma nuvem permanente no horizonte da Euro 2024 na Alemanha"}]},{"@type":"WebSite","@id":"https:\/\/blogdoprosperi.com\/#website","url":"https:\/\/blogdoprosperi.com\/","name":"PR\u00d3SPERI NEWS","description":"TUDO \u00c9  FUTEBOL","publisher":{"@id":"https:\/\/blogdoprosperi.com\/#\/schema\/person\/38100755ce3601861ee4fab9b5aa78e9"},"alternateName":"blogdoprosperi.com","potentialAction":[{"@type":"SearchAction","target":{"@type":"EntryPoint","urlTemplate":"https:\/\/blogdoprosperi.com\/?s={search_term_string}"},"query-input":{"@type":"PropertyValueSpecification","valueRequired":true,"valueName":"search_term_string"}}],"inLanguage":"pt-BR"},{"@type":["Person","Organization"],"@id":"https:\/\/blogdoprosperi.com\/#\/schema\/person\/38100755ce3601861ee4fab9b5aa78e9","name":"Luiz Ant\u00f4nio Pr\u00f3speri","pronouns":"ele","image":{"@type":"ImageObject","inLanguage":"pt-BR","@id":"https:\/\/i0.wp.com\/blogdoprosperi.com\/wp-content\/uploads\/2026\/05\/cropped-8059e613-6002-42fa-961e-8e275f575d71-2-5.jpg?fit=1360%2C931&ssl=1","url":"https:\/\/i0.wp.com\/blogdoprosperi.com\/wp-content\/uploads\/2026\/05\/cropped-8059e613-6002-42fa-961e-8e275f575d71-2-5.jpg?fit=1360%2C931&ssl=1","contentUrl":"https:\/\/i0.wp.com\/blogdoprosperi.com\/wp-content\/uploads\/2026\/05\/cropped-8059e613-6002-42fa-961e-8e275f575d71-2-5.jpg?fit=1360%2C931&ssl=1","width":1360,"height":931,"caption":"Luiz Ant\u00f4nio Pr\u00f3speri"},"logo":{"@id":"https:\/\/i0.wp.com\/blogdoprosperi.com\/wp-content\/uploads\/2026\/05\/cropped-8059e613-6002-42fa-961e-8e275f575d71-2-5.jpg?fit=1360%2C931&ssl=1"},"description":"Jornalista com carreira dedicada ao esporte. Cobriu 9 Copas do Mundo in loco, 1990 na It\u00e1lia, 1994 nos EUA, 1998 na Fran\u00e7a, 2002 na Coreia do Sul e Jap\u00e3o, 2006 na Alemanha, 2010 na \u00c1frica do Sul, 2014 no Brasil, 2018 na R\u00fassia e 2022 no Qatar. Eurocopas, 1992 na Su\u00e9cia e 1996 na Inglaterra. Copa das Confedera\u00e7\u00f5es de 2005 na Alemanha e 2009 na \u00c1frica do Sul. Rep\u00f3rter e Editor, trabalhou no Jornal da Tarde e Estad\u00e3o, de 1984 a fevereiro de 2016. Colunista, blogueiro. E comentarista de futebol na R\u00e1dio Estad\u00e3o, de 2013 a fevereiro de 2016. Jornalista respons\u00e1vel do \"Pr\u00f3speri News\" (blogdoprosperi.com).","sameAs":["http:\/\/blogdoprosperi.com","Luiz Pr\u00f3speri","@luiz_prosperi","https:\/\/x.com\/Luizprosperi","@prosperinacopa","luiz.prosperi@icloud.com"],"url":"https:\/\/blogdoprosperi.com\/?author=102107496"}]}},"jetpack_publicize_connections":[],"jetpack_likes_enabled":false,"jetpack_sharing_enabled":true,"jetpack_shortlink":"https:\/\/wp.me\/p7jvdk-b3n","jetpack-related-posts":[{"id":6790,"url":"https:\/\/blogdoprosperi.com\/?p=6790","url_meta":{"origin":42493,"position":0},"title":"At\u00e9 mais, Pep","author":"Luiz Ant\u00f4nio Pr\u00f3speri","date":"21 de maio de 2016","format":false,"excerpt":"A temporada do futebol alem\u00e3o se encerrou neste s\u00e1bado com a consagra\u00e7\u00e3o do Bayern de Munique e a despedida de Pep Guardiola. O time conquistou a Copa Alemanha na decis\u00e3o nos p\u00eanaltis contra o Borussia e o treinador espanhol disse adeus ap\u00f3s um reinado de tr\u00eas anos de muitos t\u00edtulos\u2026","rel":"","context":"Em &quot;futebol&quot;","block_context":{"text":"futebol","link":"https:\/\/blogdoprosperi.com\/?cat=53870"},"img":{"alt_text":"","src":"https:\/\/i0.wp.com\/blogdoprosperi.com\/wp-content\/uploads\/2016\/05\/csm_104046-juebl_bayern_c5395ea3cf.jpg?resize=350%2C200&ssl=1","width":350,"height":200,"srcset":"https:\/\/i0.wp.com\/blogdoprosperi.com\/wp-content\/uploads\/2016\/05\/csm_104046-juebl_bayern_c5395ea3cf.jpg?resize=350%2C200&ssl=1 1x, https:\/\/i0.wp.com\/blogdoprosperi.com\/wp-content\/uploads\/2016\/05\/csm_104046-juebl_bayern_c5395ea3cf.jpg?resize=525%2C300&ssl=1 1.5x, https:\/\/i0.wp.com\/blogdoprosperi.com\/wp-content\/uploads\/2016\/05\/csm_104046-juebl_bayern_c5395ea3cf.jpg?resize=700%2C400&ssl=1 2x, https:\/\/i0.wp.com\/blogdoprosperi.com\/wp-content\/uploads\/2016\/05\/csm_104046-juebl_bayern_c5395ea3cf.jpg?resize=1050%2C600&ssl=1 3x"},"classes":[]},{"id":15408,"url":"https:\/\/blogdoprosperi.com\/?p=15408","url_meta":{"origin":42493,"position":1},"title":"Griezmann ilumina noite francesa no triunfo contra os poderosos campe\u00f5es do mundo","author":"Luiz Ant\u00f4nio Pr\u00f3speri","date":"7 de julho de 2016","format":false,"excerpt":"Futebol de resultados aparece na Eurocopa e contempla a Fran\u00e7a na vit\u00f3ria por 2 a 0 contra a Alemanha nas semifinais nesta quinta-feira (07\/7), em Marselha. Resultado que leva os franceses \u00e0 grande final contra Portugal no domingo. Tudo isso n\u00e3o seria poss\u00edvel se do lado vencedor n\u00e3o estivesse esse\u2026","rel":"","context":"Em &quot;futebol&quot;","block_context":{"text":"futebol","link":"https:\/\/blogdoprosperi.com\/?cat=53870"},"img":{"alt_text":"","src":"https:\/\/i0.wp.com\/blogdoprosperi.com\/wp-content\/uploads\/2016\/07\/4082.jpg?resize=350%2C200","width":350,"height":200,"srcset":"https:\/\/i0.wp.com\/blogdoprosperi.com\/wp-content\/uploads\/2016\/07\/4082.jpg?resize=350%2C200 1x, https:\/\/i0.wp.com\/blogdoprosperi.com\/wp-content\/uploads\/2016\/07\/4082.jpg?resize=525%2C300 1.5x, https:\/\/i0.wp.com\/blogdoprosperi.com\/wp-content\/uploads\/2016\/07\/4082.jpg?resize=700%2C400 2x"},"classes":[]},{"id":42667,"url":"https:\/\/blogdoprosperi.com\/?p=42667","url_meta":{"origin":42493,"position":2},"title":"Alemanha vence Esc\u00f3cia sem piedade na abertura da Euro 2024","author":"Luiz Ant\u00f4nio Pr\u00f3speri","date":"14 de junho de 2024","format":false,"excerpt":"Musiala e Wirtz, infernais na vitalidade de seus 21 anos cada um, quebram o muro azul e assinam decreto da vit\u00f3ria da Alemanha 5 vs 1 Esc\u00f3cia. Senten\u00e7a aplicada ainda no primeiro tempo quando os donos da casa abriram tr\u00eas gols de vantagem. Festa total dos alem\u00e3es na abertura da\u2026","rel":"","context":"Em &quot;futebol 2024&quot;","block_context":{"text":"futebol 2024","link":"https:\/\/blogdoprosperi.com\/?cat=768932782"},"img":{"alt_text":"Wirtz celebra gol da Alemanha","src":"https:\/\/i0.wp.com\/blogdoprosperi.com\/wp-content\/uploads\/2024\/06\/captura-de-tela-2024-06-14-as-18.16.19.png?fit=1200%2C809&ssl=1&resize=350%2C200","width":350,"height":200,"srcset":"https:\/\/i0.wp.com\/blogdoprosperi.com\/wp-content\/uploads\/2024\/06\/captura-de-tela-2024-06-14-as-18.16.19.png?fit=1200%2C809&ssl=1&resize=350%2C200 1x, https:\/\/i0.wp.com\/blogdoprosperi.com\/wp-content\/uploads\/2024\/06\/captura-de-tela-2024-06-14-as-18.16.19.png?fit=1200%2C809&ssl=1&resize=525%2C300 1.5x, https:\/\/i0.wp.com\/blogdoprosperi.com\/wp-content\/uploads\/2024\/06\/captura-de-tela-2024-06-14-as-18.16.19.png?fit=1200%2C809&ssl=1&resize=700%2C400 2x, https:\/\/i0.wp.com\/blogdoprosperi.com\/wp-content\/uploads\/2024\/06\/captura-de-tela-2024-06-14-as-18.16.19.png?fit=1200%2C809&ssl=1&resize=1050%2C600 3x"},"classes":[]},{"id":12029,"url":"https:\/\/blogdoprosperi.com\/?p=12029","url_meta":{"origin":42493,"position":3},"title":"Alemanha avan\u00e7a \u00e0s oitavas da Eurocopa em crise de identidade com o gol","author":"Luiz Ant\u00f4nio Pr\u00f3speri","date":"21 de junho de 2016","format":false,"excerpt":"Alem\u00e3es n\u00e3o entendem como um time arrega\u00e7a defesas dos advers\u00e1rios, cria uma oportunidade atr\u00e1s da outra e vence por apenas 1 a 0. A hist\u00f3ria se repetiu nesta ter\u00e7a-feira (21\/6) na vit\u00f3ria por 1 a 0 contra a Irlanda do Norte, resultado que leva aos alem\u00e3es \u00e0s oitavas de final\u2026","rel":"","context":"Em &quot;futebol&quot;","block_context":{"text":"futebol","link":"https:\/\/blogdoprosperi.com\/?cat=53870"},"img":{"alt_text":"","src":"https:\/\/i0.wp.com\/blogdoprosperi.com\/wp-content\/uploads\/2016\/06\/607466503_sb_4148_3ca7f71db31ae1fb91df20cc1816eeaf_3341.jpg?resize=350%2C200","width":350,"height":200,"srcset":"https:\/\/i0.wp.com\/blogdoprosperi.com\/wp-content\/uploads\/2016\/06\/607466503_sb_4148_3ca7f71db31ae1fb91df20cc1816eeaf_3341.jpg?resize=350%2C200 1x, https:\/\/i0.wp.com\/blogdoprosperi.com\/wp-content\/uploads\/2016\/06\/607466503_sb_4148_3ca7f71db31ae1fb91df20cc1816eeaf_3341.jpg?resize=525%2C300 1.5x, https:\/\/i0.wp.com\/blogdoprosperi.com\/wp-content\/uploads\/2016\/06\/607466503_sb_4148_3ca7f71db31ae1fb91df20cc1816eeaf_3341.jpg?resize=700%2C400 2x"},"classes":[]},{"id":802,"url":"https:\/\/blogdoprosperi.com\/?p=802","url_meta":{"origin":42493,"position":4},"title":"Sele\u00e7\u00e3o Brasileira est\u00e1 sem rumo","author":"Luiz Ant\u00f4nio Pr\u00f3speri","date":"9 de abril de 2016","format":false,"excerpt":"Gilmar Rinaldi e Dunga, felizes da vida no comando da Sele\u00e7\u00e3o \u2013 \u00a0Foto Mowa Press\u00a0 Barcelona n\u00e3o cede Neymar para a Copa Am\u00e9rica Centen\u00e1rio nos Estados Unidos,\u00a0Tite diz n\u00e3o \u00e0 CBF e Dunga e Gilmar Rinaldi desprezam cria\u00e7\u00e3o de academias de futebol que revolucionaram o futebol na Alemanha. Estacionada na\u2026","rel":"","context":"Em &quot;futebol&quot;","block_context":{"text":"futebol","link":"https:\/\/blogdoprosperi.com\/?cat=53870"},"img":{"alt_text":"dunga-gilmarrinaldi-mowa","src":"https:\/\/i0.wp.com\/blogdoprosperi.com\/wp-content\/uploads\/2016\/03\/dunga-gilmarrinaldi-mowa.jpg?resize=350%2C200&ssl=1","width":350,"height":200,"srcset":"https:\/\/i0.wp.com\/blogdoprosperi.com\/wp-content\/uploads\/2016\/03\/dunga-gilmarrinaldi-mowa.jpg?resize=350%2C200&ssl=1 1x, https:\/\/i0.wp.com\/blogdoprosperi.com\/wp-content\/uploads\/2016\/03\/dunga-gilmarrinaldi-mowa.jpg?resize=525%2C300&ssl=1 1.5x"},"classes":[]},{"id":43609,"url":"https:\/\/blogdoprosperi.com\/?p=43609","url_meta":{"origin":42493,"position":5},"title":"Espanha vence Alemanha na prorroga\u00e7\u00e3o e avan\u00e7a \u00e0 semi da Euro 2024","author":"Luiz Ant\u00f4nio Pr\u00f3speri","date":"5 de julho de 2024","format":false,"excerpt":"Espanha vence Alemanha na prorroga\u00e7\u00e3o e vai \u00e0 semifinal da Euro 2024. Nos 90, 1 a 1. Nos 30 minutos adicionais, 1 a 0 para Espanha. Espanh\u00f3is e alem\u00e3es cumpriram prometido, o jogo em Stuttgart teve car\u00e1ter de final antecipada. As duas melhores sele\u00e7\u00f5es do torneio entregam tudo. Bom futebol,\u2026","rel":"","context":"Em &quot;futebol&quot;","block_context":{"text":"futebol","link":"https:\/\/blogdoprosperi.com\/?cat=53870"},"img":{"alt_text":"Merino leva Espanha \u00e3 semifinal da Euro","src":"https:\/\/i0.wp.com\/blogdoprosperi.com\/wp-content\/uploads\/2024\/07\/captura-de-tela-2024-07-05-as-15.53.49.png?fit=810%2C518&ssl=1&resize=350%2C200","width":350,"height":200,"srcset":"https:\/\/i0.wp.com\/blogdoprosperi.com\/wp-content\/uploads\/2024\/07\/captura-de-tela-2024-07-05-as-15.53.49.png?fit=810%2C518&ssl=1&resize=350%2C200 1x, https:\/\/i0.wp.com\/blogdoprosperi.com\/wp-content\/uploads\/2024\/07\/captura-de-tela-2024-07-05-as-15.53.49.png?fit=810%2C518&ssl=1&resize=525%2C300 1.5x, https:\/\/i0.wp.com\/blogdoprosperi.com\/wp-content\/uploads\/2024\/07\/captura-de-tela-2024-07-05-as-15.53.49.png?fit=810%2C518&ssl=1&resize=700%2C400 2x"},"classes":[]}],"jetpack_featured_media_url":"https:\/\/i0.wp.com\/blogdoprosperi.com\/wp-content\/uploads\/2024\/06\/germany_portraits_-_uefa_euro_2024.jpg?fit=556%2C313&ssl=1","_links":{"self":[{"href":"https:\/\/blogdoprosperi.com\/index.php?rest_route=\/wp\/v2\/posts\/42493","targetHints":{"allow":["GET"]}}],"collection":[{"href":"https:\/\/blogdoprosperi.com\/index.php?rest_route=\/wp\/v2\/posts"}],"about":[{"href":"https:\/\/blogdoprosperi.com\/index.php?rest_route=\/wp\/v2\/types\/post"}],"author":[{"embeddable":true,"href":"https:\/\/blogdoprosperi.com\/index.php?rest_route=\/wp\/v2\/users\/102107496"}],"replies":[{"embeddable":true,"href":"https:\/\/blogdoprosperi.com\/index.php?rest_route=%2Fwp%2Fv2%2Fcomments&post=42493"}],"version-history":[{"count":12,"href":"https:\/\/blogdoprosperi.com\/index.php?rest_route=\/wp\/v2\/posts\/42493\/revisions"}],"predecessor-version":[{"id":42554,"href":"https:\/\/blogdoprosperi.com\/index.php?rest_route=\/wp\/v2\/posts\/42493\/revisions\/42554"}],"wp:featuredmedia":[{"embeddable":true,"href":"https:\/\/blogdoprosperi.com\/index.php?rest_route=\/wp\/v2\/media\/42547"}],"wp:attachment":[{"href":"https:\/\/blogdoprosperi.com\/index.php?rest_route=%2Fwp%2Fv2%2Fmedia&parent=42493"}],"wp:term":[{"taxonomy":"category","embeddable":true,"href":"https:\/\/blogdoprosperi.com\/index.php?rest_route=%2Fwp%2Fv2%2Fcategories&post=42493"},{"taxonomy":"post_tag","embeddable":true,"href":"https:\/\/blogdoprosperi.com\/index.php?rest_route=%2Fwp%2Fv2%2Ftags&post=42493"}],"curies":[{"name":"wp","href":"https:\/\/api.w.org\/{rel}","templated":true}]}}