{"id":42700,"date":"2024-06-15T12:47:26","date_gmt":"2024-06-15T15:47:26","guid":{"rendered":"https:\/\/blogdoprosperi.com\/?p=42700"},"modified":"2024-06-15T12:54:20","modified_gmt":"2024-06-15T15:54:20","slug":"gavioes-da-fiel-se-reune-com-caixa-para-quitar-divida-do-estadio","status":"publish","type":"post","link":"https:\/\/blogdoprosperi.com\/?p=42700","title":{"rendered":"Gavi\u00f5es da Fiel Abre Negocia\u00e7\u00f5es com a Caixa para Quitar D\u00edvida do Corinthians"},"content":{"rendered":"<p>Gavi\u00f5es da Fiel, maior torcida organizada do Corinthians, abre negocia\u00e7\u00f5es com a Caixa Econ\u00f4mica Federal para quitar a d\u00edvida do clube com a constru\u00e7\u00e3o do est\u00e1dio em Itaquera, a Neo Qu\u00edmica Arena. Primeiro encontro entre dirigentes da Gavi\u00f5es e Caixa se deu nessa sexta-feira (14\/6), informa site oficial da torcida. O est\u00e1dio, inaugurado em 2013, foi palco do jogo de abertura da Copa do Mundo 2014.<\/p>\n<p><strong>Corinthians estima em R$ 700 milh\u00f5es a d\u00edvida do clube com a Caixa<\/strong>, segundo Rozallah Santoro, diretor financeiro do Corinthians em entrevista \u00e0 ESPN, na quinta-feira (13\/6).<\/p>\n<p>Plano da Gavi\u00f5es \u00e9 um financiamento coletivo em tempo real, <strong><span style=\"color: #0000ff\"><a style=\"color: #0000ff\" href=\"https:\/\/blogdoprosperi.com\/2023\/04\/27\/cuca-cai-fora-do-corinthians-vitoria-da-torcida\/\">mobilizando todas as torcidas<\/a> <\/span><\/strong>organizadas do Corinthians e torcedores comuns, informando como est\u00e1 arrecada\u00e7\u00e3o. E sem interfer\u00eancia de dirigentes do clube.<\/p>\n<p><strong><em>Veja o que diz a Gavi\u00f5es em seu site oficial:<\/em><\/strong><\/p>\n<p>&#8220;Na tarde desta sexta-feira (14\/6), a diretoria do Gavi\u00f5es da Fiel teve a primeira reuni\u00e3o com executivos da Caixa Econ\u00f4mica Federal para iniciar as negocia\u00e7\u00f5es visando a quita\u00e7\u00e3o da arena por meio dos torcedores do Corinthians. O<strong> encontro marcou o in\u00edcio das discuss\u00f5es sobre os primeiros termos necess\u00e1rios para avaliar a viabilidade da estrutura proposta<\/strong>.<\/p>\n<blockquote>\n<p>&#8220;A diretoria do Gavi\u00f5es da Fiel volta a destacar que o projeto segue em desenvolvimento e que novos detalhes ser\u00e3o divulgados conforme avan\u00e7am as discuss\u00f5es e negocia\u00e7\u00f5es com a Caixa&#8221;.<\/p>\n<\/blockquote>\n<p>&#8220;Refor\u00e7amos mais uma vez: n\u00e3o caiam em golpes de Pix, cada etapa do projeto ser\u00e1 divulgada nos canais oficias do Gavi\u00f5es&#8221;.<\/p>\n<p>A Gavi\u00f5es n\u00e3o informa como pretende pagar a d\u00edvida. A <strong>torcida organizada tem 131 mil s\u00f3cios (dados de dezembro\/2023), uma sede social e 11 subsedes<\/strong> (10 no Brasil e 1 no Jap\u00e3o)<\/p>\n<p>Suas fontes de receita: mensalidade, bar, cantina, loja f\u00edsica e virtual e eventos. Novos s\u00f3cios pagam R$ 40 em um plano quadrimestral e R$ 100 no e plano anual. S\u00f3cios pagam at\u00e9 R$ 100 por ano.<\/p>\n<figure id=\"attachment_42711\" aria-describedby=\"caption-attachment-42711\" style=\"width: 710px\" class=\"wp-caption alignnone\"><img data-recalc-dims=\"1\" loading=\"lazy\" decoding=\"async\" data-attachment-id=\"42711\" data-permalink=\"https:\/\/blogdoprosperi.com\/?attachment_id=42711\" data-orig-file=\"https:\/\/i0.wp.com\/blogdoprosperi.com\/wp-content\/uploads\/2024\/06\/237_1_1.jpg?fit=710%2C445&amp;ssl=1\" data-orig-size=\"710,445\" data-comments-opened=\"1\" data-image-meta=\"{&quot;aperture&quot;:&quot;0&quot;,&quot;credit&quot;:&quot;&quot;,&quot;camera&quot;:&quot;&quot;,&quot;caption&quot;:&quot;&quot;,&quot;created_timestamp&quot;:&quot;0&quot;,&quot;copyright&quot;:&quot;&quot;,&quot;focal_length&quot;:&quot;0&quot;,&quot;iso&quot;:&quot;0&quot;,&quot;shutter_speed&quot;:&quot;0&quot;,&quot;title&quot;:&quot;&quot;,&quot;orientation&quot;:&quot;0&quot;}\" data-image-title=\"Gavi\u00f5es tem projeto para quitar arena em Itaquera\" data-image-description=\"\" data-image-caption=\"&lt;p&gt;Dirigentes da Gavi\u00f5es e Caixa &amp;#8211; foto: site Gavi\u00f5es oficial&lt;\/p&gt;\n\" data-large-file=\"https:\/\/i0.wp.com\/blogdoprosperi.com\/wp-content\/uploads\/2024\/06\/237_1_1.jpg?fit=710%2C445&amp;ssl=1\" class=\"size-full wp-image-42711\" src=\"https:\/\/i0.wp.com\/blogdoprosperi.com\/wp-content\/uploads\/2024\/06\/237_1_1.jpg?resize=710%2C445&#038;ssl=1\" alt=\"Dirigentes da Gavi\u00f5es e Caixa se re\u00fanem por divida do est\u00e1dio\" width=\"710\" height=\"445\" \/><figcaption id=\"caption-attachment-42711\" class=\"wp-caption-text\"><em>Dirigentes da Gavi\u00f5es e Caixa &#8211; foto: site Gavi\u00f5es oficial<\/em><\/figcaption><\/figure>\n<p>\u00a0<\/p>\n<p>Rozallah Santoro, diretor financeiro do<span style=\"color: #0000ff\"><strong><a style=\"color: #0000ff\" href=\"https:\/\/blogdoprosperi.com\/2024\/06\/07\/corinthians-se-apequena\/\"> Corinthians<\/a><\/strong><\/span>, explica na ESPN como est\u00e1 a negocia\u00e7\u00e3o do clube para quitar d\u00edvida com a Caixa:&#8221;<\/p>\n<blockquote>\n<p>&#8220;A \u00faltima vers\u00e3o da hist\u00f3ria com a Caixa \u00e9 aquela negociada no final de 2021, em que a gente teve saldo devedor atualizado para\u00a0<strong>R$ 611 milh\u00f5es<\/strong>. Essa renegocia\u00e7\u00e3o mudou. A gente teve que aceitar uma altera\u00e7\u00e3o da taxa para CDI e, sem fazer muito a conta, a d\u00edvida foi de R$ 550 milh\u00f5es para\u00a0<strong>R$ 700 milh\u00f5es<\/strong>. Sab\u00edamos que a d\u00edvida era essa, a gente nunca escondeu&#8221;.<\/p>\n<\/blockquote>\n<p>&#8220;A gente teve uma car\u00eancia durante 2022, come\u00e7ou a pagar juros durante 2023, um total de R$ 100 milh\u00f5es em quatro parcelas trimestrais. A \u00faltima n\u00e3o foi paga integralmente, s\u00f3 parcialmente, e vai terminar de ser liquidada no final de fevereiro. E a gente espera ao longo desse ano, em fun\u00e7\u00e3o da queda da taxa de juros, ter a conta de juros reduzida da casa de R$ 100 milh\u00f5es para R$ 80 milh\u00f5es. Mas isso s\u00f3 paga juros e vou continuar devendo\u00a0<strong>R$ 700 milh\u00f5es<\/strong>. Ele n\u00e3o amortiza nada da d\u00edvida&#8221;, completou.<\/p>\n<p>&#8220;N\u00e3o \u00e9 um problema insol\u00favel. A gente tem algumas alternativas em mente, mas precisa alinhar com a Caixa para entender&#8221;.<\/p>\n<p>&#8220;O tom da resposta (<em>da Caixa<\/em>) \u00e9 muito na linha do &#8216;n\u00e3o d\u00e1 para aceitar isso&#8217;. Ent\u00e3o, em resumo, n\u00e3o d\u00e1 para aceitar nada que voc\u00ea me prop\u00f4s&#8221;.<\/p>\n<p>Diante das explica\u00e7\u00f5es do diretor do Corinthians, seria interessante a Gavi\u00f5es expor seu projeto de pagamento da d\u00edvida de R$ 700 milh\u00f5es.<\/p>\n<p>Tem mais um detalhe: se quitar a pendenga com a Caixa, a Gavi\u00f5es passa a ser dona do est\u00e1dio, a Neo Qu\u00edmica Arena? A ver.<\/p>\n\n\n<p class=\"wp-block-paragraph\"><\/p>\n","protected":false},"excerpt":{"rendered":"<p>Gavi\u00f5es da Fiel, maior torcida organizada do Corinthians, abre negocia\u00e7\u00f5es com a Caixa Econ\u00f4mica Federal para quitar a [&hellip;]<\/p>\n","protected":false},"author":102107496,"featured_media":42710,"comment_status":"open","ping_status":"open","sticky":false,"template":"","format":"standard","meta":{"_coblocks_attr":"","_coblocks_dimensions":"","_coblocks_responsive_height":"","_coblocks_accordion_ie_support":"","_jetpack_newsletter_access":"","_jetpack_dont_email_post_to_subs":false,"_jetpack_newsletter_tier_id":0,"_jetpack_memberships_contains_paywalled_content":false,"_wpcom_ai_launchpad_first_post":false,"_jetpack_feature_clip_id":0,"_jetpack_memberships_contains_paid_content":false,"footnotes":"","jetpack_publicize_message":"","jetpack_publicize_feature_enabled":true,"jetpack_social_post_already_shared":false,"jetpack_social_options":{"image_generator_settings":{"template":"highway","default_image_id":0,"font":"","enabled":false},"version":2},"jetpack_post_was_ever_published":false},"categories":[53870,768932782,20384,3919],"tags":[10668348,365721,177066,789560560,2609006,704492982],"class_list":["post-42700","post","type-post","status-publish","format-standard","has-post-thumbnail","hentry","category-futebol","category-futebol-2024","category-informacao","category-opiniao","tag-0000ff","tag-caixa","tag-corinthians","tag-futebol","tag-gavioes-da-fiel","tag-neo-quimica-arena"],"yoast_head":"<!-- This site is optimized with the Yoast SEO plugin v28.3 - https:\/\/yoast.com\/product\/yoast-seo-wordpress\/ -->\n<title>Gavi\u00f5es da Fiel Abre Negocia\u00e7\u00f5es com a Caixa para Quitar D\u00edvida do Corinthians - PR\u00d3SPERI NEWS<\/title>\n<meta name=\"robots\" content=\"index, follow, max-snippet:-1, max-image-preview:large, max-video-preview:-1\" \/>\n<link rel=\"canonical\" href=\"https:\/\/blogdoprosperi.com\/?p=42700\" \/>\n<meta property=\"og:locale\" content=\"pt_BR\" \/>\n<meta property=\"og:type\" content=\"article\" \/>\n<meta property=\"og:title\" content=\"Gavi\u00f5es da Fiel Abre Negocia\u00e7\u00f5es com a Caixa para Quitar D\u00edvida do Corinthians - PR\u00d3SPERI NEWS\" \/>\n<meta property=\"og:description\" content=\"Gavi\u00f5es da Fiel, maior torcida organizada do Corinthians, abre negocia\u00e7\u00f5es com a Caixa Econ\u00f4mica Federal para quitar a [&hellip;]\" \/>\n<meta property=\"og:url\" content=\"https:\/\/blogdoprosperi.com\/?p=42700\" \/>\n<meta property=\"og:site_name\" content=\"PR\u00d3SPERI NEWS\" \/>\n<meta property=\"article:publisher\" content=\"Luiz Pr\u00f3speri\" \/>\n<meta property=\"article:author\" content=\"Luiz Pr\u00f3speri\" \/>\n<meta property=\"article:published_time\" content=\"2024-06-15T15:47:26+00:00\" \/>\n<meta property=\"article:modified_time\" content=\"2024-06-15T15:54:20+00:00\" \/>\n<meta property=\"og:image\" content=\"https:\/\/i0.wp.com\/blogdoprosperi.com\/wp-content\/uploads\/2024\/06\/torcida-gaviocc83es-da-fiel.jpg?fit=711%2C400&ssl=1\" \/>\n\t<meta property=\"og:image:width\" content=\"711\" \/>\n\t<meta property=\"og:image:height\" content=\"400\" \/>\n\t<meta property=\"og:image:type\" content=\"image\/jpeg\" \/>\n<meta name=\"author\" content=\"Luiz Ant\u00f4nio Pr\u00f3speri\" \/>\n<meta name=\"twitter:card\" content=\"summary_large_image\" \/>\n<meta name=\"twitter:creator\" content=\"@Luizprosperi\" \/>\n<meta name=\"twitter:site\" content=\"@Luizprosperi\" \/>\n<meta name=\"twitter:label1\" content=\"Escrito por\" \/>\n\t<meta name=\"twitter:data1\" content=\"Luiz Ant\u00f4nio Pr\u00f3speri\" \/>\n\t<meta name=\"twitter:label2\" content=\"Est. tempo de leitura\" \/>\n\t<meta name=\"twitter:data2\" content=\"3 minutos\" \/>\n<script type=\"application\/ld+json\" class=\"yoast-schema-graph\">{\"@context\":\"https:\\\/\\\/schema.org\",\"@graph\":[{\"@type\":\"Article\",\"@id\":\"https:\\\/\\\/blogdoprosperi.com\\\/?p=42700#article\",\"isPartOf\":{\"@id\":\"https:\\\/\\\/blogdoprosperi.com\\\/?p=42700\"},\"author\":{\"name\":\"Luiz Ant\u00f4nio Pr\u00f3speri\",\"@id\":\"https:\\\/\\\/blogdoprosperi.com\\\/#\\\/schema\\\/person\\\/38100755ce3601861ee4fab9b5aa78e9\"},\"headline\":\"Gavi\u00f5es da Fiel Abre Negocia\u00e7\u00f5es com a Caixa para Quitar D\u00edvida do Corinthians\",\"datePublished\":\"2024-06-15T15:47:26+00:00\",\"dateModified\":\"2024-06-15T15:54:20+00:00\",\"mainEntityOfPage\":{\"@id\":\"https:\\\/\\\/blogdoprosperi.com\\\/?p=42700\"},\"wordCount\":664,\"commentCount\":1,\"publisher\":{\"@id\":\"https:\\\/\\\/blogdoprosperi.com\\\/#\\\/schema\\\/person\\\/38100755ce3601861ee4fab9b5aa78e9\"},\"image\":{\"@id\":\"https:\\\/\\\/blogdoprosperi.com\\\/?p=42700#primaryimage\"},\"thumbnailUrl\":\"https:\\\/\\\/i0.wp.com\\\/blogdoprosperi.com\\\/wp-content\\\/uploads\\\/2024\\\/06\\\/torcida-gaviocc83es-da-fiel.jpg?fit=711%2C400&ssl=1\",\"keywords\":[\"0000ff\",\"Caixa\",\"Corinthians\",\"futebol\",\"Gavi\u00f5es da Fiel\",\"neo qu\u00edmica arena\"],\"articleSection\":[\"futebol\",\"futebol 2024\",\"informa\u00e7\u00e3o\",\"opini\u00e3o\"],\"inLanguage\":\"pt-BR\",\"potentialAction\":[{\"@type\":\"CommentAction\",\"name\":\"Comment\",\"target\":[\"https:\\\/\\\/blogdoprosperi.com\\\/?p=42700#respond\"]}]},{\"@type\":\"WebPage\",\"@id\":\"https:\\\/\\\/blogdoprosperi.com\\\/?p=42700\",\"url\":\"https:\\\/\\\/blogdoprosperi.com\\\/?p=42700\",\"name\":\"Gavi\u00f5es da Fiel Abre Negocia\u00e7\u00f5es com a Caixa para Quitar D\u00edvida do Corinthians - PR\u00d3SPERI NEWS\",\"isPartOf\":{\"@id\":\"https:\\\/\\\/blogdoprosperi.com\\\/#website\"},\"primaryImageOfPage\":{\"@id\":\"https:\\\/\\\/blogdoprosperi.com\\\/?p=42700#primaryimage\"},\"image\":{\"@id\":\"https:\\\/\\\/blogdoprosperi.com\\\/?p=42700#primaryimage\"},\"thumbnailUrl\":\"https:\\\/\\\/i0.wp.com\\\/blogdoprosperi.com\\\/wp-content\\\/uploads\\\/2024\\\/06\\\/torcida-gaviocc83es-da-fiel.jpg?fit=711%2C400&ssl=1\",\"datePublished\":\"2024-06-15T15:47:26+00:00\",\"dateModified\":\"2024-06-15T15:54:20+00:00\",\"breadcrumb\":{\"@id\":\"https:\\\/\\\/blogdoprosperi.com\\\/?p=42700#breadcrumb\"},\"inLanguage\":\"pt-BR\",\"potentialAction\":[{\"@type\":\"ReadAction\",\"target\":[\"https:\\\/\\\/blogdoprosperi.com\\\/?p=42700\"]}]},{\"@type\":\"ImageObject\",\"inLanguage\":\"pt-BR\",\"@id\":\"https:\\\/\\\/blogdoprosperi.com\\\/?p=42700#primaryimage\",\"url\":\"https:\\\/\\\/i0.wp.com\\\/blogdoprosperi.com\\\/wp-content\\\/uploads\\\/2024\\\/06\\\/torcida-gaviocc83es-da-fiel.jpg?fit=711%2C400&ssl=1\",\"contentUrl\":\"https:\\\/\\\/i0.wp.com\\\/blogdoprosperi.com\\\/wp-content\\\/uploads\\\/2024\\\/06\\\/torcida-gaviocc83es-da-fiel.jpg?fit=711%2C400&ssl=1\",\"width\":711,\"height\":400,\"caption\":\"Gavi\u00f5es da Fiel procura Caixa por d\u00edvida da arena - reprodu\u00e7\u00e3o\"},{\"@type\":\"BreadcrumbList\",\"@id\":\"https:\\\/\\\/blogdoprosperi.com\\\/?p=42700#breadcrumb\",\"itemListElement\":[{\"@type\":\"ListItem\",\"position\":1,\"name\":\"In\u00edcio\",\"item\":\"https:\\\/\\\/blogdoprosperi.com\\\/\"},{\"@type\":\"ListItem\",\"position\":2,\"name\":\"Gavi\u00f5es da Fiel Abre Negocia\u00e7\u00f5es com a Caixa para Quitar D\u00edvida do Corinthians\"}]},{\"@type\":\"WebSite\",\"@id\":\"https:\\\/\\\/blogdoprosperi.com\\\/#website\",\"url\":\"https:\\\/\\\/blogdoprosperi.com\\\/\",\"name\":\"PR\u00d3SPERI NEWS\",\"description\":\"TUDO \u00c9  FUTEBOL\",\"publisher\":{\"@id\":\"https:\\\/\\\/blogdoprosperi.com\\\/#\\\/schema\\\/person\\\/38100755ce3601861ee4fab9b5aa78e9\"},\"alternateName\":\"blogdoprosperi.com\",\"potentialAction\":[{\"@type\":\"SearchAction\",\"target\":{\"@type\":\"EntryPoint\",\"urlTemplate\":\"https:\\\/\\\/blogdoprosperi.com\\\/?s={search_term_string}\"},\"query-input\":{\"@type\":\"PropertyValueSpecification\",\"valueRequired\":true,\"valueName\":\"search_term_string\"}}],\"inLanguage\":\"pt-BR\"},{\"@type\":[\"Person\",\"Organization\"],\"@id\":\"https:\\\/\\\/blogdoprosperi.com\\\/#\\\/schema\\\/person\\\/38100755ce3601861ee4fab9b5aa78e9\",\"name\":\"Luiz Ant\u00f4nio Pr\u00f3speri\",\"pronouns\":\"ele\",\"image\":{\"@type\":\"ImageObject\",\"inLanguage\":\"pt-BR\",\"@id\":\"https:\\\/\\\/i0.wp.com\\\/blogdoprosperi.com\\\/wp-content\\\/uploads\\\/2026\\\/05\\\/cropped-8059e613-6002-42fa-961e-8e275f575d71-2-5.jpg?fit=1360%2C931&ssl=1\",\"url\":\"https:\\\/\\\/i0.wp.com\\\/blogdoprosperi.com\\\/wp-content\\\/uploads\\\/2026\\\/05\\\/cropped-8059e613-6002-42fa-961e-8e275f575d71-2-5.jpg?fit=1360%2C931&ssl=1\",\"contentUrl\":\"https:\\\/\\\/i0.wp.com\\\/blogdoprosperi.com\\\/wp-content\\\/uploads\\\/2026\\\/05\\\/cropped-8059e613-6002-42fa-961e-8e275f575d71-2-5.jpg?fit=1360%2C931&ssl=1\",\"width\":1360,\"height\":931,\"caption\":\"Luiz Ant\u00f4nio Pr\u00f3speri\"},\"logo\":{\"@id\":\"https:\\\/\\\/i0.wp.com\\\/blogdoprosperi.com\\\/wp-content\\\/uploads\\\/2026\\\/05\\\/cropped-8059e613-6002-42fa-961e-8e275f575d71-2-5.jpg?fit=1360%2C931&ssl=1\"},\"description\":\"Jornalista com carreira dedicada ao esporte. Cobriu 9 Copas do Mundo in loco, 1990 na It\u00e1lia, 1994 nos EUA, 1998 na Fran\u00e7a, 2002 na Coreia do Sul e Jap\u00e3o, 2006 na Alemanha, 2010 na \u00c1frica do Sul, 2014 no Brasil, 2018 na R\u00fassia e 2022 no Qatar. Eurocopas, 1992 na Su\u00e9cia e 1996 na Inglaterra. Copa das Confedera\u00e7\u00f5es de 2005 na Alemanha e 2009 na \u00c1frica do Sul. Rep\u00f3rter e Editor, trabalhou no Jornal da Tarde e Estad\u00e3o, de 1984 a fevereiro de 2016. Colunista, blogueiro. E comentarista de futebol na R\u00e1dio Estad\u00e3o, de 2013 a fevereiro de 2016. Jornalista respons\u00e1vel do \\\"Pr\u00f3speri News\\\" (blogdoprosperi.com).\",\"sameAs\":[\"http:\\\/\\\/blogdoprosperi.com\",\"Luiz Pr\u00f3speri\",\"@luiz_prosperi\",\"https:\\\/\\\/x.com\\\/Luizprosperi\",\"@prosperinacopa\",\"luiz.prosperi@icloud.com\"],\"url\":\"https:\\\/\\\/blogdoprosperi.com\\\/?author=102107496\"}]}<\/script>\n<!-- \/ Yoast SEO plugin. -->","yoast_head_json":{"title":"Gavi\u00f5es da Fiel Abre Negocia\u00e7\u00f5es com a Caixa para Quitar D\u00edvida do Corinthians - PR\u00d3SPERI NEWS","robots":{"index":"index","follow":"follow","max-snippet":"max-snippet:-1","max-image-preview":"max-image-preview:large","max-video-preview":"max-video-preview:-1"},"canonical":"https:\/\/blogdoprosperi.com\/?p=42700","og_locale":"pt_BR","og_type":"article","og_title":"Gavi\u00f5es da Fiel Abre Negocia\u00e7\u00f5es com a Caixa para Quitar D\u00edvida do Corinthians - PR\u00d3SPERI NEWS","og_description":"Gavi\u00f5es da Fiel, maior torcida organizada do Corinthians, abre negocia\u00e7\u00f5es com a Caixa Econ\u00f4mica Federal para quitar a [&hellip;]","og_url":"https:\/\/blogdoprosperi.com\/?p=42700","og_site_name":"PR\u00d3SPERI NEWS","article_publisher":"Luiz Pr\u00f3speri","article_author":"Luiz Pr\u00f3speri","article_published_time":"2024-06-15T15:47:26+00:00","article_modified_time":"2024-06-15T15:54:20+00:00","og_image":[{"width":711,"height":400,"url":"https:\/\/i0.wp.com\/blogdoprosperi.com\/wp-content\/uploads\/2024\/06\/torcida-gaviocc83es-da-fiel.jpg?fit=711%2C400&ssl=1","type":"image\/jpeg"}],"author":"Luiz Ant\u00f4nio Pr\u00f3speri","twitter_card":"summary_large_image","twitter_creator":"@Luizprosperi","twitter_site":"@Luizprosperi","twitter_misc":{"Escrito por":"Luiz Ant\u00f4nio Pr\u00f3speri","Est. tempo de leitura":"3 minutos"},"schema":{"@context":"https:\/\/schema.org","@graph":[{"@type":"Article","@id":"https:\/\/blogdoprosperi.com\/?p=42700#article","isPartOf":{"@id":"https:\/\/blogdoprosperi.com\/?p=42700"},"author":{"name":"Luiz Ant\u00f4nio Pr\u00f3speri","@id":"https:\/\/blogdoprosperi.com\/#\/schema\/person\/38100755ce3601861ee4fab9b5aa78e9"},"headline":"Gavi\u00f5es da Fiel Abre Negocia\u00e7\u00f5es com a Caixa para Quitar D\u00edvida do Corinthians","datePublished":"2024-06-15T15:47:26+00:00","dateModified":"2024-06-15T15:54:20+00:00","mainEntityOfPage":{"@id":"https:\/\/blogdoprosperi.com\/?p=42700"},"wordCount":664,"commentCount":1,"publisher":{"@id":"https:\/\/blogdoprosperi.com\/#\/schema\/person\/38100755ce3601861ee4fab9b5aa78e9"},"image":{"@id":"https:\/\/blogdoprosperi.com\/?p=42700#primaryimage"},"thumbnailUrl":"https:\/\/i0.wp.com\/blogdoprosperi.com\/wp-content\/uploads\/2024\/06\/torcida-gaviocc83es-da-fiel.jpg?fit=711%2C400&ssl=1","keywords":["0000ff","Caixa","Corinthians","futebol","Gavi\u00f5es da Fiel","neo qu\u00edmica arena"],"articleSection":["futebol","futebol 2024","informa\u00e7\u00e3o","opini\u00e3o"],"inLanguage":"pt-BR","potentialAction":[{"@type":"CommentAction","name":"Comment","target":["https:\/\/blogdoprosperi.com\/?p=42700#respond"]}]},{"@type":"WebPage","@id":"https:\/\/blogdoprosperi.com\/?p=42700","url":"https:\/\/blogdoprosperi.com\/?p=42700","name":"Gavi\u00f5es da Fiel Abre Negocia\u00e7\u00f5es com a Caixa para Quitar D\u00edvida do Corinthians - PR\u00d3SPERI NEWS","isPartOf":{"@id":"https:\/\/blogdoprosperi.com\/#website"},"primaryImageOfPage":{"@id":"https:\/\/blogdoprosperi.com\/?p=42700#primaryimage"},"image":{"@id":"https:\/\/blogdoprosperi.com\/?p=42700#primaryimage"},"thumbnailUrl":"https:\/\/i0.wp.com\/blogdoprosperi.com\/wp-content\/uploads\/2024\/06\/torcida-gaviocc83es-da-fiel.jpg?fit=711%2C400&ssl=1","datePublished":"2024-06-15T15:47:26+00:00","dateModified":"2024-06-15T15:54:20+00:00","breadcrumb":{"@id":"https:\/\/blogdoprosperi.com\/?p=42700#breadcrumb"},"inLanguage":"pt-BR","potentialAction":[{"@type":"ReadAction","target":["https:\/\/blogdoprosperi.com\/?p=42700"]}]},{"@type":"ImageObject","inLanguage":"pt-BR","@id":"https:\/\/blogdoprosperi.com\/?p=42700#primaryimage","url":"https:\/\/i0.wp.com\/blogdoprosperi.com\/wp-content\/uploads\/2024\/06\/torcida-gaviocc83es-da-fiel.jpg?fit=711%2C400&ssl=1","contentUrl":"https:\/\/i0.wp.com\/blogdoprosperi.com\/wp-content\/uploads\/2024\/06\/torcida-gaviocc83es-da-fiel.jpg?fit=711%2C400&ssl=1","width":711,"height":400,"caption":"Gavi\u00f5es da Fiel procura Caixa por d\u00edvida da arena - reprodu\u00e7\u00e3o"},{"@type":"BreadcrumbList","@id":"https:\/\/blogdoprosperi.com\/?p=42700#breadcrumb","itemListElement":[{"@type":"ListItem","position":1,"name":"In\u00edcio","item":"https:\/\/blogdoprosperi.com\/"},{"@type":"ListItem","position":2,"name":"Gavi\u00f5es da Fiel Abre Negocia\u00e7\u00f5es com a Caixa para Quitar D\u00edvida do Corinthians"}]},{"@type":"WebSite","@id":"https:\/\/blogdoprosperi.com\/#website","url":"https:\/\/blogdoprosperi.com\/","name":"PR\u00d3SPERI NEWS","description":"TUDO \u00c9  FUTEBOL","publisher":{"@id":"https:\/\/blogdoprosperi.com\/#\/schema\/person\/38100755ce3601861ee4fab9b5aa78e9"},"alternateName":"blogdoprosperi.com","potentialAction":[{"@type":"SearchAction","target":{"@type":"EntryPoint","urlTemplate":"https:\/\/blogdoprosperi.com\/?s={search_term_string}"},"query-input":{"@type":"PropertyValueSpecification","valueRequired":true,"valueName":"search_term_string"}}],"inLanguage":"pt-BR"},{"@type":["Person","Organization"],"@id":"https:\/\/blogdoprosperi.com\/#\/schema\/person\/38100755ce3601861ee4fab9b5aa78e9","name":"Luiz Ant\u00f4nio Pr\u00f3speri","pronouns":"ele","image":{"@type":"ImageObject","inLanguage":"pt-BR","@id":"https:\/\/i0.wp.com\/blogdoprosperi.com\/wp-content\/uploads\/2026\/05\/cropped-8059e613-6002-42fa-961e-8e275f575d71-2-5.jpg?fit=1360%2C931&ssl=1","url":"https:\/\/i0.wp.com\/blogdoprosperi.com\/wp-content\/uploads\/2026\/05\/cropped-8059e613-6002-42fa-961e-8e275f575d71-2-5.jpg?fit=1360%2C931&ssl=1","contentUrl":"https:\/\/i0.wp.com\/blogdoprosperi.com\/wp-content\/uploads\/2026\/05\/cropped-8059e613-6002-42fa-961e-8e275f575d71-2-5.jpg?fit=1360%2C931&ssl=1","width":1360,"height":931,"caption":"Luiz Ant\u00f4nio Pr\u00f3speri"},"logo":{"@id":"https:\/\/i0.wp.com\/blogdoprosperi.com\/wp-content\/uploads\/2026\/05\/cropped-8059e613-6002-42fa-961e-8e275f575d71-2-5.jpg?fit=1360%2C931&ssl=1"},"description":"Jornalista com carreira dedicada ao esporte. Cobriu 9 Copas do Mundo in loco, 1990 na It\u00e1lia, 1994 nos EUA, 1998 na Fran\u00e7a, 2002 na Coreia do Sul e Jap\u00e3o, 2006 na Alemanha, 2010 na \u00c1frica do Sul, 2014 no Brasil, 2018 na R\u00fassia e 2022 no Qatar. Eurocopas, 1992 na Su\u00e9cia e 1996 na Inglaterra. Copa das Confedera\u00e7\u00f5es de 2005 na Alemanha e 2009 na \u00c1frica do Sul. Rep\u00f3rter e Editor, trabalhou no Jornal da Tarde e Estad\u00e3o, de 1984 a fevereiro de 2016. Colunista, blogueiro. E comentarista de futebol na R\u00e1dio Estad\u00e3o, de 2013 a fevereiro de 2016. Jornalista respons\u00e1vel do \"Pr\u00f3speri News\" (blogdoprosperi.com).","sameAs":["http:\/\/blogdoprosperi.com","Luiz Pr\u00f3speri","@luiz_prosperi","https:\/\/x.com\/Luizprosperi","@prosperinacopa","luiz.prosperi@icloud.com"],"url":"https:\/\/blogdoprosperi.com\/?author=102107496"}]}},"jetpack_publicize_connections":[],"jetpack_likes_enabled":false,"jetpack_sharing_enabled":true,"jetpack_shortlink":"https:\/\/wp.me\/p7jvdk-b6I","jetpack-related-posts":[{"id":45928,"url":"https:\/\/blogdoprosperi.com\/?p=45928","url_meta":{"origin":42700,"position":0},"title":"Faz Um PiX, Corinthians | Gavi\u00f5es e Caixa Assinam Protocolo de Pagamento da D\u00edvida da Arena","author":"Luiz Ant\u00f4nio Pr\u00f3speri","date":"18 de outubro de 2024","format":false,"excerpt":"Luiz Ant\u00f4nio Pr\u00f3speri \u2013 18 outubro (20h25) Corintiano est\u00e1 convidado a fazer um PIX para quitar d\u00edvida da arena em Itaquera. A iniciativa \u00e9 da Gavi\u00f5es da Fiel, maior torcida organizada do Coritnhians, em parceria com a Caixa Econ\u00f4mica Federal, credora na constru\u00e7\u00e3o do est\u00e1dio em 2014. Gavi\u00f5es, Caixa e\u2026","rel":"","context":"Em &quot;futebol&quot;","block_context":{"text":"futebol","link":"https:\/\/blogdoprosperi.com\/?cat=53870"},"img":{"alt_text":"Gavi\u00f5es e Caixa assinam protocolo de inten\u00e7\u00f5es para pagar Arena no Mix","src":"https:\/\/i0.wp.com\/blogdoprosperi.com\/wp-content\/uploads\/2024\/10\/neo-quimica-arena-_01.jpg?fit=1200%2C856&ssl=1&resize=350%2C200","width":350,"height":200,"srcset":"https:\/\/i0.wp.com\/blogdoprosperi.com\/wp-content\/uploads\/2024\/10\/neo-quimica-arena-_01.jpg?fit=1200%2C856&ssl=1&resize=350%2C200 1x, https:\/\/i0.wp.com\/blogdoprosperi.com\/wp-content\/uploads\/2024\/10\/neo-quimica-arena-_01.jpg?fit=1200%2C856&ssl=1&resize=525%2C300 1.5x, https:\/\/i0.wp.com\/blogdoprosperi.com\/wp-content\/uploads\/2024\/10\/neo-quimica-arena-_01.jpg?fit=1200%2C856&ssl=1&resize=700%2C400 2x, https:\/\/i0.wp.com\/blogdoprosperi.com\/wp-content\/uploads\/2024\/10\/neo-quimica-arena-_01.jpg?fit=1200%2C856&ssl=1&resize=1050%2C600 3x"},"classes":[]},{"id":44886,"url":"https:\/\/blogdoprosperi.com\/?p=44886","url_meta":{"origin":42700,"position":1},"title":"Corinthians 114 Anos: Vit\u00f3ria Emblem\u00e1tica, Crise Pol\u00edtica e Cresce Poder da Gavi\u00f5es","author":"Luiz Ant\u00f4nio Pr\u00f3speri","date":"2 de setembro de 2024","format":false,"excerpt":"Luiz Ant\u00f4nio Pr\u00f3speri \u2013 2 setembro (11h30) Corinthians comemora 114 anos de vida em meio a uma turbul\u00eancia pol\u00edtica e financeira, ultimato de sua maior torcida organizada e vit\u00f3ria emblem\u00e1tica em cima do Flamengo. Um caldeir\u00e3o fumegante. Antes de se impor diante do Flamengo e Tite na Arena Neo Qu\u00edmica,\u2026","rel":"","context":"Em &quot;futebol&quot;","block_context":{"text":"futebol","link":"https:\/\/blogdoprosperi.com\/?cat=53870"},"img":{"alt_text":"Cresce poder da Gavi\u00f5es no Corinthians","src":"https:\/\/i0.wp.com\/blogdoprosperi.com\/wp-content\/uploads\/2024\/09\/captura-de-tela-2024-09-02-as-11.55.12.png?fit=1142%2C1026&ssl=1&resize=350%2C200","width":350,"height":200,"srcset":"https:\/\/i0.wp.com\/blogdoprosperi.com\/wp-content\/uploads\/2024\/09\/captura-de-tela-2024-09-02-as-11.55.12.png?fit=1142%2C1026&ssl=1&resize=350%2C200 1x, https:\/\/i0.wp.com\/blogdoprosperi.com\/wp-content\/uploads\/2024\/09\/captura-de-tela-2024-09-02-as-11.55.12.png?fit=1142%2C1026&ssl=1&resize=525%2C300 1.5x, https:\/\/i0.wp.com\/blogdoprosperi.com\/wp-content\/uploads\/2024\/09\/captura-de-tela-2024-09-02-as-11.55.12.png?fit=1142%2C1026&ssl=1&resize=700%2C400 2x, https:\/\/i0.wp.com\/blogdoprosperi.com\/wp-content\/uploads\/2024\/09\/captura-de-tela-2024-09-02-as-11.55.12.png?fit=1142%2C1026&ssl=1&resize=1050%2C600 3x"},"classes":[]},{"id":46627,"url":"https:\/\/blogdoprosperi.com\/?p=46627","url_meta":{"origin":42700,"position":2},"title":"&#8220;Vaquinha&#8221; de Torcedores do Corinthians Indica Pagamento da  D\u00edvida da Arena em 100 Dias","author":"Luiz Ant\u00f4nio Pr\u00f3speri","date":"29 de novembro de 2024","format":false,"excerpt":"Luiz Ant\u00f4nio Pr\u00f3speri \u2013 29 novembro (12h25) \u2013 Torcida do Corinthians humilha dirigentes do clube com a \"vaquinha\" para quitar a d\u00edvida da Arena em Itaquera. No primeiro dia de doa\u00e7\u00f5es, a Fiel arrecadou R$ 7,2 milh\u00f5es na quinta-feira (28\/11). D\u00edvida do clube com a Caixa Econ\u00f4mica Federal \u00e9 de\u2026","rel":"","context":"Em &quot;futebol&quot;","block_context":{"text":"futebol","link":"https:\/\/blogdoprosperi.com\/?cat=53870"},"img":{"alt_text":"Gavi\u00f5es e Caixa assinam protocolo de inten\u00e7\u00f5es para pagar Arena no Mix","src":"https:\/\/i0.wp.com\/blogdoprosperi.com\/wp-content\/uploads\/2024\/10\/neo-quimica-arena-_01.jpg?fit=1200%2C856&ssl=1&resize=350%2C200","width":350,"height":200,"srcset":"https:\/\/i0.wp.com\/blogdoprosperi.com\/wp-content\/uploads\/2024\/10\/neo-quimica-arena-_01.jpg?fit=1200%2C856&ssl=1&resize=350%2C200 1x, https:\/\/i0.wp.com\/blogdoprosperi.com\/wp-content\/uploads\/2024\/10\/neo-quimica-arena-_01.jpg?fit=1200%2C856&ssl=1&resize=525%2C300 1.5x, https:\/\/i0.wp.com\/blogdoprosperi.com\/wp-content\/uploads\/2024\/10\/neo-quimica-arena-_01.jpg?fit=1200%2C856&ssl=1&resize=700%2C400 2x, https:\/\/i0.wp.com\/blogdoprosperi.com\/wp-content\/uploads\/2024\/10\/neo-quimica-arena-_01.jpg?fit=1200%2C856&ssl=1&resize=1050%2C600 3x"},"classes":[]},{"id":43318,"url":"https:\/\/blogdoprosperi.com\/?p=43318","url_meta":{"origin":42700,"position":3},"title":"Gavi\u00f5es da Fiel assume poder e decreta: Corinthians n\u00e3o tem dono","author":"Luiz Ant\u00f4nio Pr\u00f3speri","date":"28 de junho de 2024","format":false,"excerpt":"\"Corinthians n\u00e3o tem dono\". A senten\u00e7a proferida por um dos l\u00edderes da torcida Gavi\u00f5es da Fiel, olho no olho do assustado Marcelo Mariano, diretor administrativo do clube, explica o caos que vive o Corinthians. O l\u00edder da fac\u00e7\u00e3o organizada ao intimar o diretor estava cercado de seus pares da Gavi\u00f5es.\u2026","rel":"","context":"Em &quot;Campeonato Brasileiro&quot;","block_context":{"text":"Campeonato Brasileiro","link":"https:\/\/blogdoprosperi.com\/?cat=355071"},"img":{"alt_text":"Corinthians \u00e9 do povo","src":"https:\/\/i0.wp.com\/blogdoprosperi.com\/wp-content\/uploads\/2024\/06\/captura-de-tela-2024-06-28-as-13.33.01.png?fit=1054%2C740&ssl=1&resize=350%2C200","width":350,"height":200,"srcset":"https:\/\/i0.wp.com\/blogdoprosperi.com\/wp-content\/uploads\/2024\/06\/captura-de-tela-2024-06-28-as-13.33.01.png?fit=1054%2C740&ssl=1&resize=350%2C200 1x, https:\/\/i0.wp.com\/blogdoprosperi.com\/wp-content\/uploads\/2024\/06\/captura-de-tela-2024-06-28-as-13.33.01.png?fit=1054%2C740&ssl=1&resize=525%2C300 1.5x, https:\/\/i0.wp.com\/blogdoprosperi.com\/wp-content\/uploads\/2024\/06\/captura-de-tela-2024-06-28-as-13.33.01.png?fit=1054%2C740&ssl=1&resize=700%2C400 2x, https:\/\/i0.wp.com\/blogdoprosperi.com\/wp-content\/uploads\/2024\/06\/captura-de-tela-2024-06-28-as-13.33.01.png?fit=1054%2C740&ssl=1&resize=1050%2C600 3x"},"classes":[]},{"id":50630,"url":"https:\/\/blogdoprosperi.com\/?p=50630","url_meta":{"origin":42700,"position":4},"title":"Corinthians em Transe | Torcida Invade e Lacra Sede do Clube por M\u00e1 Administra\u00e7\u00e3o","author":"Luiz Ant\u00f4nio Pr\u00f3speri","date":"3 de junho de 2025","format":false,"excerpt":"Luiz Ant\u00f4nio Pr\u00f3speri \u2013 3 junho (18h18) \u2013 Corinthians falido, presidente interino no lugar de presidente sofrendo processo de impeachment, d\u00edvida acima da casa dos R$ 2,8 bilh\u00f5es, amea\u00e7a de golpe e time sem bons resultados no campo. Tamanha desfa\u00e7atez leva torcidas organizadas a tomar uma provid\u00eancia radical: invadir o\u2026","rel":"","context":"Em &quot;futebol&quot;","block_context":{"text":"futebol","link":"https:\/\/blogdoprosperi.com\/?cat=53870"},"img":{"alt_text":"Torcida invade sede do Corinthians","src":"https:\/\/i0.wp.com\/blogdoprosperi.com\/wp-content\/uploads\/2025\/06\/whatsapp-image-2025-06-03-at-17.01.45-edited-1.jpg?fit=900%2C600&ssl=1&resize=350%2C200","width":350,"height":200,"srcset":"https:\/\/i0.wp.com\/blogdoprosperi.com\/wp-content\/uploads\/2025\/06\/whatsapp-image-2025-06-03-at-17.01.45-edited-1.jpg?fit=900%2C600&ssl=1&resize=350%2C200 1x, https:\/\/i0.wp.com\/blogdoprosperi.com\/wp-content\/uploads\/2025\/06\/whatsapp-image-2025-06-03-at-17.01.45-edited-1.jpg?fit=900%2C600&ssl=1&resize=525%2C300 1.5x, https:\/\/i0.wp.com\/blogdoprosperi.com\/wp-content\/uploads\/2025\/06\/whatsapp-image-2025-06-03-at-17.01.45-edited-1.jpg?fit=900%2C600&ssl=1&resize=700%2C400 2x"},"classes":[]},{"id":1452,"url":"https:\/\/blogdoprosperi.com\/?p=1452","url_meta":{"origin":42700,"position":5},"title":"Gavi\u00f5es da Fiel n\u00e3o se intimida","author":"Luiz Ant\u00f4nio Pr\u00f3speri","date":"16 de abril de 2016","format":false,"excerpt":"A Gavi\u00f5es da Fiel, torcida organizada do Corinthians, protestou nesta sexta-feira contra a Secretaria de Seguran\u00e7a P\u00fablica de S\u00e3o Paulo (SSPSP), CBF, o deputado Fernando Capez, TV Globo e Federa\u00e7\u00e3o Paulista (FPF). Cerca de 2 mil pessoas participaram da manifesta\u00e7\u00e3o no in\u00edcio da noite no Vale Anhangaba\u00fa. A torcida promete\u2026","rel":"","context":"Em &quot;futebol&quot;","block_context":{"text":"futebol","link":"https:\/\/blogdoprosperi.com\/?cat=53870"},"img":{"alt_text":"","src":"https:\/\/i0.wp.com\/blogdoprosperi.com\/wp-content\/uploads\/2016\/04\/gavioes-02.jpg?resize=350%2C200&ssl=1","width":350,"height":200,"srcset":"https:\/\/i0.wp.com\/blogdoprosperi.com\/wp-content\/uploads\/2016\/04\/gavioes-02.jpg?resize=350%2C200&ssl=1 1x, https:\/\/i0.wp.com\/blogdoprosperi.com\/wp-content\/uploads\/2016\/04\/gavioes-02.jpg?resize=525%2C300&ssl=1 1.5x"},"classes":[]}],"jetpack_featured_media_url":"https:\/\/i0.wp.com\/blogdoprosperi.com\/wp-content\/uploads\/2024\/06\/torcida-gaviocc83es-da-fiel.jpg?fit=711%2C400&ssl=1","_links":{"self":[{"href":"https:\/\/blogdoprosperi.com\/index.php?rest_route=\/wp\/v2\/posts\/42700","targetHints":{"allow":["GET"]}}],"collection":[{"href":"https:\/\/blogdoprosperi.com\/index.php?rest_route=\/wp\/v2\/posts"}],"about":[{"href":"https:\/\/blogdoprosperi.com\/index.php?rest_route=\/wp\/v2\/types\/post"}],"author":[{"embeddable":true,"href":"https:\/\/blogdoprosperi.com\/index.php?rest_route=\/wp\/v2\/users\/102107496"}],"replies":[{"embeddable":true,"href":"https:\/\/blogdoprosperi.com\/index.php?rest_route=%2Fwp%2Fv2%2Fcomments&post=42700"}],"version-history":[{"count":12,"href":"https:\/\/blogdoprosperi.com\/index.php?rest_route=\/wp\/v2\/posts\/42700\/revisions"}],"predecessor-version":[{"id":42719,"href":"https:\/\/blogdoprosperi.com\/index.php?rest_route=\/wp\/v2\/posts\/42700\/revisions\/42719"}],"wp:featuredmedia":[{"embeddable":true,"href":"https:\/\/blogdoprosperi.com\/index.php?rest_route=\/wp\/v2\/media\/42710"}],"wp:attachment":[{"href":"https:\/\/blogdoprosperi.com\/index.php?rest_route=%2Fwp%2Fv2%2Fmedia&parent=42700"}],"wp:term":[{"taxonomy":"category","embeddable":true,"href":"https:\/\/blogdoprosperi.com\/index.php?rest_route=%2Fwp%2Fv2%2Fcategories&post=42700"},{"taxonomy":"post_tag","embeddable":true,"href":"https:\/\/blogdoprosperi.com\/index.php?rest_route=%2Fwp%2Fv2%2Ftags&post=42700"}],"curies":[{"name":"wp","href":"https:\/\/api.w.org\/{rel}","templated":true}]}}