{"id":42740,"date":"2024-06-16T11:25:22","date_gmt":"2024-06-16T14:25:22","guid":{"rendered":"https:\/\/blogdoprosperi.com\/?p=42740"},"modified":"2024-06-16T11:27:19","modified_gmt":"2024-06-16T14:27:19","slug":"italia-esta-viva-na-defesa-do-titulo-da-eurocopa","status":"publish","type":"post","link":"https:\/\/blogdoprosperi.com\/?p=42740","title":{"rendered":"It\u00e1lia est\u00e1 viva na defesa do t\u00edtulo da Eurocopa"},"content":{"rendered":"<p>It\u00e1lia n\u00e3o est\u00e1 disposta a passar o bast\u00e3o de atual campe\u00e3o da Eurocopa. Diante de uma Alb\u00e2nia turbinada por uma multid\u00e3o barulhenta de estimados 50 mil torcedores, a dona do t\u00edtulo da edi\u00e7\u00e3o de 2021 se imp\u00f4s. Venceu por 2 a 1, mesmo atordoada ao sofrer o gol mais r\u00e1pido da hist\u00f3ria da Euro \u2013 aos 24 segundos, de Nedim Bajrami aproveitando lateral equivocado de Di Marco. Vit\u00f3ria italiana das mais importantes, s\u00e1bado (15\/6), em Dortmund, dominada pelos albaneses desde a v\u00e9spera do jogo.<\/p>\n<div class=\"ad-slot-container \">\n<div id=\"dfp-ad--inline1\" class=\"js-ad-slot ad-slot ad-slot--inline ad-slot--inline1 ad-slot--rendered\" aria-hidden=\"true\">\n<div id=\"dfp-ad--inline1--passback\" class=\"ad-slot js-ad-slot\" aria-hidden=\"true\">\n<div id=\"google_ads_iframe_\/59666047\/theguardian.com\/football\/article\/ng_10__container__\">\u201cEssas coisas podem acontecer porque desligamos\u201d, disse Luciano Spalletti, t\u00e9cnico da Itlaia, a respeito do gol rel\u00e2mpago. \u201cMas devemos valorizar o desejo de jogar futebol mesmo quando as coisas ficam dif\u00edceis: tentar fazer aquele passe, mesmo em uma situa\u00e7\u00e3o dif\u00edcil.\u201d<\/div>\n<div><\/div>\n<div><\/div>\n<div><\/div>\n<div><a href=\"https:\/\/x.com\/EURO2024\/status\/1802263369296064910\" rel=\"nofollow\">https:\/\/x.com\/EURO2024\/status\/1802263369296064910<\/a><\/div>\n<\/div>\n<\/div>\n<\/div>\n<p>Exatamente o que a It\u00e1lia fez ao sofrer aquele gol inimagin\u00e1vel. Partiu para cima da Alb\u00e2nia, impetuosa, coerente, trocando passes r\u00e1pidos at\u00e9 virar o jogo e assumir o controle da situa\u00e7\u00e3o.<\/p>\n<p>Bastoni, aos 11 minutos, em jogada ensaiada de cobran\u00e7a de escanteio, e Barella, aos 16, com um torpedo de voleio, restabeleceram a hierarquia j\u00e1 no primeiro tempo. A dupla da Internazionale <span style=\"color: #0000ff\"><strong><a style=\"color: #0000ff\" href=\"https:\/\/blogdoprosperi.com\/2016\/06\/27\/italia-acaba-com-reinado-da-espanha-na-eurocopa\/\">devolvia \u00e0 It\u00e1lia o protagonismo.<\/a><\/strong><\/span><\/p>\n<p>Sem poder de rea\u00e7\u00e3o, a Alb\u00e2nia bem que fez de tudo para responder no pulso de sua torcida \u2013 maioria absoluta no est\u00e1dio. \u201cPod\u00edamos ter gerido melhor, mas n\u00e3o podemos esquecer que defrontamos uma equipa muito boa\u201d, disse o treinador da Alb\u00e2nia, o brasileiro Sylvinho, ex-t\u00e9cnico do Corinthians. \u201cA It\u00e1lia acelerou bastante o ritmo.\u201d<\/p>\n<figure id=\"attachment_42806\" aria-describedby=\"caption-attachment-42806\" style=\"width: 450px\" class=\"wp-caption alignnone\"><img data-recalc-dims=\"1\" loading=\"lazy\" decoding=\"async\" data-attachment-id=\"42806\" data-permalink=\"https:\/\/blogdoprosperi.com\/?attachment_id=42806\" data-orig-file=\"https:\/\/i0.wp.com\/blogdoprosperi.com\/wp-content\/uploads\/2024\/06\/gqjfv5mw4aaxgjx.jpeg?fit=960%2C1200&amp;ssl=1\" data-orig-size=\"960,1200\" data-comments-opened=\"1\" data-image-meta=\"{&quot;aperture&quot;:&quot;0&quot;,&quot;credit&quot;:&quot;&quot;,&quot;camera&quot;:&quot;&quot;,&quot;caption&quot;:&quot;&quot;,&quot;created_timestamp&quot;:&quot;0&quot;,&quot;copyright&quot;:&quot;&quot;,&quot;focal_length&quot;:&quot;0&quot;,&quot;iso&quot;:&quot;0&quot;,&quot;shutter_speed&quot;:&quot;0&quot;,&quot;title&quot;:&quot;&quot;,&quot;orientation&quot;:&quot;0&quot;}\" data-image-title=\"It\u00e1lia vence Alb\u00e2nia na estreia\" data-image-description=\"\" data-image-caption=\"&lt;p&gt;Sylvinho, t\u00e9cnico da Alb\u00e2nia \u2013 foto: Uefa oficial&lt;\/p&gt;\n\" data-large-file=\"https:\/\/i0.wp.com\/blogdoprosperi.com\/wp-content\/uploads\/2024\/06\/gqjfv5mw4aaxgjx.jpeg?fit=819%2C1024&amp;ssl=1\" class=\" wp-image-42806\" src=\"https:\/\/i0.wp.com\/blogdoprosperi.com\/wp-content\/uploads\/2024\/06\/gqjfv5mw4aaxgjx.jpeg?resize=450%2C563&#038;ssl=1\" alt=\"It\u00e1lia inicia defesa do t\u00edtulo da Euro com vit\u00f3ria diante da Alb\u00e2nia.\" width=\"450\" height=\"563\" \/><figcaption id=\"caption-attachment-42806\" class=\"wp-caption-text\"><em>Sylvinho, t\u00e9cnico da Alb\u00e2nia \u2013 foto: Uefa oficial<\/em><\/figcaption><\/figure>\n<p>Do lado italiano, apesar da superioridade t\u00e9cnica, havia o temor de sofrer o empate, que seria um desastre na estreia.<\/p>\n<p class=\"dcr-jdlpgv\">&#8220;Ach\u00e1vamos que \u00e9ramos melhores do que somos em muitas situa\u00e7\u00f5es\u201d, disse Spalletti. \u201cPrecisamos ser mais malvados.\u201d<\/p>\n<p>A pr\u00f3xima parada italiana \u00e9 contra <strong><span style=\"color: #0000ff\"><a style=\"color: #0000ff\" href=\"https:\/\/blogdoprosperi.com\/2024\/06\/15\/espanha-enquadra-croacia-na-estreia-e-apresenta-suas-credenciais-na-euro-2024\/\">Espanha, que despachou a Cro\u00e1cia por 3 a 0<\/a> <\/span><\/strong>no jogo de abertura do Grupo B. Spalletti, parece, tem uma receita: se inspirar no feito da It\u00e1lia na Euro 2021 e n\u00e3o esmorecer.<\/p>\n<p class=\"dcr-jdlpgv\">\u201cPara lutar por isso s\u00f3 temos um caminho, e \u00e9 atrav\u00e9s do bom futebol\u201d, disse ele. \u201cA \u00fanica coisa que pode nos salvar \u00e9 a nossa marca de futebol.\u201d<\/p>\n","protected":false},"excerpt":{"rendered":"<p>It\u00e1lia n\u00e3o est\u00e1 disposta a passar o bast\u00e3o de atual campe\u00e3o da Eurocopa. Diante de uma Alb\u00e2nia turbinada [&hellip;]<\/p>\n","protected":false},"author":102107496,"featured_media":42810,"comment_status":"open","ping_status":"open","sticky":false,"template":"","format":"standard","meta":{"_coblocks_attr":"","_coblocks_dimensions":"","_coblocks_responsive_height":"","_coblocks_accordion_ie_support":"","_jetpack_newsletter_access":"","_jetpack_dont_email_post_to_subs":false,"_jetpack_newsletter_tier_id":0,"_jetpack_memberships_contains_paywalled_content":false,"_wpcom_ai_launchpad_first_post":false,"_jetpack_feature_clip_id":0,"_jetpack_memberships_contains_paid_content":false,"footnotes":"","jetpack_publicize_message":"","jetpack_publicize_feature_enabled":true,"jetpack_social_post_already_shared":false,"jetpack_social_options":{"image_generator_settings":{"template":"highway","default_image_id":0,"font":"","enabled":false},"version":2},"jetpack_post_was_ever_published":false},"categories":[768932782,20384,3919],"tags":[10668348,2013872,6354672,7399400,49326243,21862,304306368,1432792],"class_list":["post-42740","post","type-post","status-publish","format-standard","has-post-thumbnail","hentry","category-futebol-2024","category-informacao","category-opiniao","tag-0000ff","tag-barella","tag-bastoni","tag-dimarco","tag-euro-2024","tag-italia","tag-italia-vs-albania","tag-sylvinho"],"yoast_head":"<!-- This site is optimized with the Yoast SEO plugin v28.3 - https:\/\/yoast.com\/product\/yoast-seo-wordpress\/ -->\n<title>It\u00e1lia est\u00e1 viva na defesa do t\u00edtulo da Eurocopa - PR\u00d3SPERI NEWS<\/title>\n<meta name=\"robots\" content=\"index, follow, max-snippet:-1, max-image-preview:large, max-video-preview:-1\" \/>\n<link rel=\"canonical\" href=\"https:\/\/blogdoprosperi.com\/?p=42740\" \/>\n<meta property=\"og:locale\" content=\"pt_BR\" \/>\n<meta property=\"og:type\" content=\"article\" \/>\n<meta property=\"og:title\" content=\"It\u00e1lia est\u00e1 viva na defesa do t\u00edtulo da Eurocopa - PR\u00d3SPERI NEWS\" \/>\n<meta property=\"og:description\" content=\"It\u00e1lia n\u00e3o est\u00e1 disposta a passar o bast\u00e3o de atual campe\u00e3o da Eurocopa. Diante de uma Alb\u00e2nia turbinada [&hellip;]\" \/>\n<meta property=\"og:url\" content=\"https:\/\/blogdoprosperi.com\/?p=42740\" \/>\n<meta property=\"og:site_name\" content=\"PR\u00d3SPERI NEWS\" \/>\n<meta property=\"article:publisher\" content=\"Luiz Pr\u00f3speri\" \/>\n<meta property=\"article:author\" content=\"Luiz Pr\u00f3speri\" \/>\n<meta property=\"article:published_time\" content=\"2024-06-16T14:25:22+00:00\" \/>\n<meta property=\"article:modified_time\" content=\"2024-06-16T14:27:19+00:00\" \/>\n<meta property=\"og:image\" content=\"https:\/\/i0.wp.com\/blogdoprosperi.com\/wp-content\/uploads\/2024\/06\/captura-de-tela-2024-06-16-as-11.21.59.png?fit=1080%2C872&ssl=1\" \/>\n\t<meta property=\"og:image:width\" content=\"1080\" \/>\n\t<meta property=\"og:image:height\" content=\"872\" \/>\n\t<meta property=\"og:image:type\" content=\"image\/png\" \/>\n<meta name=\"author\" content=\"Luiz Ant\u00f4nio Pr\u00f3speri\" \/>\n<meta name=\"twitter:card\" content=\"summary_large_image\" \/>\n<meta name=\"twitter:creator\" content=\"@Luizprosperi\" \/>\n<meta name=\"twitter:site\" content=\"@Luizprosperi\" \/>\n<meta name=\"twitter:label1\" content=\"Escrito por\" \/>\n\t<meta name=\"twitter:data1\" content=\"Luiz Ant\u00f4nio Pr\u00f3speri\" \/>\n\t<meta name=\"twitter:label2\" content=\"Est. tempo de leitura\" \/>\n\t<meta name=\"twitter:data2\" content=\"2 minutos\" \/>\n<script type=\"application\/ld+json\" class=\"yoast-schema-graph\">{\"@context\":\"https:\\\/\\\/schema.org\",\"@graph\":[{\"@type\":\"Article\",\"@id\":\"https:\\\/\\\/blogdoprosperi.com\\\/?p=42740#article\",\"isPartOf\":{\"@id\":\"https:\\\/\\\/blogdoprosperi.com\\\/?p=42740\"},\"author\":{\"name\":\"Luiz Ant\u00f4nio Pr\u00f3speri\",\"@id\":\"https:\\\/\\\/blogdoprosperi.com\\\/#\\\/schema\\\/person\\\/38100755ce3601861ee4fab9b5aa78e9\"},\"headline\":\"It\u00e1lia est\u00e1 viva na defesa do t\u00edtulo da Eurocopa\",\"datePublished\":\"2024-06-16T14:25:22+00:00\",\"dateModified\":\"2024-06-16T14:27:19+00:00\",\"mainEntityOfPage\":{\"@id\":\"https:\\\/\\\/blogdoprosperi.com\\\/?p=42740\"},\"wordCount\":406,\"commentCount\":1,\"publisher\":{\"@id\":\"https:\\\/\\\/blogdoprosperi.com\\\/#\\\/schema\\\/person\\\/38100755ce3601861ee4fab9b5aa78e9\"},\"image\":{\"@id\":\"https:\\\/\\\/blogdoprosperi.com\\\/?p=42740#primaryimage\"},\"thumbnailUrl\":\"https:\\\/\\\/i0.wp.com\\\/blogdoprosperi.com\\\/wp-content\\\/uploads\\\/2024\\\/06\\\/captura-de-tela-2024-06-16-as-11.21.59.png?fit=1080%2C872&ssl=1\",\"keywords\":[\"0000ff\",\"barella\",\"bastoni\",\"dimarco\",\"euro 2024\",\"It\u00e1lia\",\"It\u00e1lia vs alb\u00e2nia\",\"Sylvinho\"],\"articleSection\":[\"futebol 2024\",\"informa\u00e7\u00e3o\",\"opini\u00e3o\"],\"inLanguage\":\"pt-BR\",\"potentialAction\":[{\"@type\":\"CommentAction\",\"name\":\"Comment\",\"target\":[\"https:\\\/\\\/blogdoprosperi.com\\\/?p=42740#respond\"]}]},{\"@type\":\"WebPage\",\"@id\":\"https:\\\/\\\/blogdoprosperi.com\\\/?p=42740\",\"url\":\"https:\\\/\\\/blogdoprosperi.com\\\/?p=42740\",\"name\":\"It\u00e1lia est\u00e1 viva na defesa do t\u00edtulo da Eurocopa - PR\u00d3SPERI NEWS\",\"isPartOf\":{\"@id\":\"https:\\\/\\\/blogdoprosperi.com\\\/#website\"},\"primaryImageOfPage\":{\"@id\":\"https:\\\/\\\/blogdoprosperi.com\\\/?p=42740#primaryimage\"},\"image\":{\"@id\":\"https:\\\/\\\/blogdoprosperi.com\\\/?p=42740#primaryimage\"},\"thumbnailUrl\":\"https:\\\/\\\/i0.wp.com\\\/blogdoprosperi.com\\\/wp-content\\\/uploads\\\/2024\\\/06\\\/captura-de-tela-2024-06-16-as-11.21.59.png?fit=1080%2C872&ssl=1\",\"datePublished\":\"2024-06-16T14:25:22+00:00\",\"dateModified\":\"2024-06-16T14:27:19+00:00\",\"breadcrumb\":{\"@id\":\"https:\\\/\\\/blogdoprosperi.com\\\/?p=42740#breadcrumb\"},\"inLanguage\":\"pt-BR\",\"potentialAction\":[{\"@type\":\"ReadAction\",\"target\":[\"https:\\\/\\\/blogdoprosperi.com\\\/?p=42740\"]}]},{\"@type\":\"ImageObject\",\"inLanguage\":\"pt-BR\",\"@id\":\"https:\\\/\\\/blogdoprosperi.com\\\/?p=42740#primaryimage\",\"url\":\"https:\\\/\\\/i0.wp.com\\\/blogdoprosperi.com\\\/wp-content\\\/uploads\\\/2024\\\/06\\\/captura-de-tela-2024-06-16-as-11.21.59.png?fit=1080%2C872&ssl=1\",\"contentUrl\":\"https:\\\/\\\/i0.wp.com\\\/blogdoprosperi.com\\\/wp-content\\\/uploads\\\/2024\\\/06\\\/captura-de-tela-2024-06-16-as-11.21.59.png?fit=1080%2C872&ssl=1\",\"width\":1080,\"height\":872,\"caption\":\"Jogadores da It\u00e1lia celebram gol na vida contra Alb\u00e2nia \u2013 foto: Uefa oficial\"},{\"@type\":\"BreadcrumbList\",\"@id\":\"https:\\\/\\\/blogdoprosperi.com\\\/?p=42740#breadcrumb\",\"itemListElement\":[{\"@type\":\"ListItem\",\"position\":1,\"name\":\"In\u00edcio\",\"item\":\"https:\\\/\\\/blogdoprosperi.com\\\/\"},{\"@type\":\"ListItem\",\"position\":2,\"name\":\"It\u00e1lia est\u00e1 viva na defesa do t\u00edtulo da Eurocopa\"}]},{\"@type\":\"WebSite\",\"@id\":\"https:\\\/\\\/blogdoprosperi.com\\\/#website\",\"url\":\"https:\\\/\\\/blogdoprosperi.com\\\/\",\"name\":\"PR\u00d3SPERI NEWS\",\"description\":\"TUDO \u00c9  FUTEBOL\",\"publisher\":{\"@id\":\"https:\\\/\\\/blogdoprosperi.com\\\/#\\\/schema\\\/person\\\/38100755ce3601861ee4fab9b5aa78e9\"},\"alternateName\":\"blogdoprosperi.com\",\"potentialAction\":[{\"@type\":\"SearchAction\",\"target\":{\"@type\":\"EntryPoint\",\"urlTemplate\":\"https:\\\/\\\/blogdoprosperi.com\\\/?s={search_term_string}\"},\"query-input\":{\"@type\":\"PropertyValueSpecification\",\"valueRequired\":true,\"valueName\":\"search_term_string\"}}],\"inLanguage\":\"pt-BR\"},{\"@type\":[\"Person\",\"Organization\"],\"@id\":\"https:\\\/\\\/blogdoprosperi.com\\\/#\\\/schema\\\/person\\\/38100755ce3601861ee4fab9b5aa78e9\",\"name\":\"Luiz Ant\u00f4nio Pr\u00f3speri\",\"pronouns\":\"ele\",\"image\":{\"@type\":\"ImageObject\",\"inLanguage\":\"pt-BR\",\"@id\":\"https:\\\/\\\/i0.wp.com\\\/blogdoprosperi.com\\\/wp-content\\\/uploads\\\/2026\\\/05\\\/cropped-8059e613-6002-42fa-961e-8e275f575d71-2-5.jpg?fit=1360%2C931&ssl=1\",\"url\":\"https:\\\/\\\/i0.wp.com\\\/blogdoprosperi.com\\\/wp-content\\\/uploads\\\/2026\\\/05\\\/cropped-8059e613-6002-42fa-961e-8e275f575d71-2-5.jpg?fit=1360%2C931&ssl=1\",\"contentUrl\":\"https:\\\/\\\/i0.wp.com\\\/blogdoprosperi.com\\\/wp-content\\\/uploads\\\/2026\\\/05\\\/cropped-8059e613-6002-42fa-961e-8e275f575d71-2-5.jpg?fit=1360%2C931&ssl=1\",\"width\":1360,\"height\":931,\"caption\":\"Luiz Ant\u00f4nio Pr\u00f3speri\"},\"logo\":{\"@id\":\"https:\\\/\\\/i0.wp.com\\\/blogdoprosperi.com\\\/wp-content\\\/uploads\\\/2026\\\/05\\\/cropped-8059e613-6002-42fa-961e-8e275f575d71-2-5.jpg?fit=1360%2C931&ssl=1\"},\"description\":\"Jornalista com carreira dedicada ao esporte. Cobriu 9 Copas do Mundo in loco, 1990 na It\u00e1lia, 1994 nos EUA, 1998 na Fran\u00e7a, 2002 na Coreia do Sul e Jap\u00e3o, 2006 na Alemanha, 2010 na \u00c1frica do Sul, 2014 no Brasil, 2018 na R\u00fassia e 2022 no Qatar. Eurocopas, 1992 na Su\u00e9cia e 1996 na Inglaterra. Copa das Confedera\u00e7\u00f5es de 2005 na Alemanha e 2009 na \u00c1frica do Sul. Rep\u00f3rter e Editor, trabalhou no Jornal da Tarde e Estad\u00e3o, de 1984 a fevereiro de 2016. Colunista, blogueiro. E comentarista de futebol na R\u00e1dio Estad\u00e3o, de 2013 a fevereiro de 2016. Jornalista respons\u00e1vel do \\\"Pr\u00f3speri News\\\" (blogdoprosperi.com).\",\"sameAs\":[\"http:\\\/\\\/blogdoprosperi.com\",\"Luiz Pr\u00f3speri\",\"@luiz_prosperi\",\"https:\\\/\\\/x.com\\\/Luizprosperi\",\"@prosperinacopa\",\"luiz.prosperi@icloud.com\"],\"url\":\"https:\\\/\\\/blogdoprosperi.com\\\/?author=102107496\"}]}<\/script>\n<!-- \/ Yoast SEO plugin. -->","yoast_head_json":{"title":"It\u00e1lia est\u00e1 viva na defesa do t\u00edtulo da Eurocopa - PR\u00d3SPERI NEWS","robots":{"index":"index","follow":"follow","max-snippet":"max-snippet:-1","max-image-preview":"max-image-preview:large","max-video-preview":"max-video-preview:-1"},"canonical":"https:\/\/blogdoprosperi.com\/?p=42740","og_locale":"pt_BR","og_type":"article","og_title":"It\u00e1lia est\u00e1 viva na defesa do t\u00edtulo da Eurocopa - PR\u00d3SPERI NEWS","og_description":"It\u00e1lia n\u00e3o est\u00e1 disposta a passar o bast\u00e3o de atual campe\u00e3o da Eurocopa. Diante de uma Alb\u00e2nia turbinada [&hellip;]","og_url":"https:\/\/blogdoprosperi.com\/?p=42740","og_site_name":"PR\u00d3SPERI NEWS","article_publisher":"Luiz Pr\u00f3speri","article_author":"Luiz Pr\u00f3speri","article_published_time":"2024-06-16T14:25:22+00:00","article_modified_time":"2024-06-16T14:27:19+00:00","og_image":[{"width":1080,"height":872,"url":"https:\/\/i0.wp.com\/blogdoprosperi.com\/wp-content\/uploads\/2024\/06\/captura-de-tela-2024-06-16-as-11.21.59.png?fit=1080%2C872&ssl=1","type":"image\/png"}],"author":"Luiz Ant\u00f4nio Pr\u00f3speri","twitter_card":"summary_large_image","twitter_creator":"@Luizprosperi","twitter_site":"@Luizprosperi","twitter_misc":{"Escrito por":"Luiz Ant\u00f4nio Pr\u00f3speri","Est. tempo de leitura":"2 minutos"},"schema":{"@context":"https:\/\/schema.org","@graph":[{"@type":"Article","@id":"https:\/\/blogdoprosperi.com\/?p=42740#article","isPartOf":{"@id":"https:\/\/blogdoprosperi.com\/?p=42740"},"author":{"name":"Luiz Ant\u00f4nio Pr\u00f3speri","@id":"https:\/\/blogdoprosperi.com\/#\/schema\/person\/38100755ce3601861ee4fab9b5aa78e9"},"headline":"It\u00e1lia est\u00e1 viva na defesa do t\u00edtulo da Eurocopa","datePublished":"2024-06-16T14:25:22+00:00","dateModified":"2024-06-16T14:27:19+00:00","mainEntityOfPage":{"@id":"https:\/\/blogdoprosperi.com\/?p=42740"},"wordCount":406,"commentCount":1,"publisher":{"@id":"https:\/\/blogdoprosperi.com\/#\/schema\/person\/38100755ce3601861ee4fab9b5aa78e9"},"image":{"@id":"https:\/\/blogdoprosperi.com\/?p=42740#primaryimage"},"thumbnailUrl":"https:\/\/i0.wp.com\/blogdoprosperi.com\/wp-content\/uploads\/2024\/06\/captura-de-tela-2024-06-16-as-11.21.59.png?fit=1080%2C872&ssl=1","keywords":["0000ff","barella","bastoni","dimarco","euro 2024","It\u00e1lia","It\u00e1lia vs alb\u00e2nia","Sylvinho"],"articleSection":["futebol 2024","informa\u00e7\u00e3o","opini\u00e3o"],"inLanguage":"pt-BR","potentialAction":[{"@type":"CommentAction","name":"Comment","target":["https:\/\/blogdoprosperi.com\/?p=42740#respond"]}]},{"@type":"WebPage","@id":"https:\/\/blogdoprosperi.com\/?p=42740","url":"https:\/\/blogdoprosperi.com\/?p=42740","name":"It\u00e1lia est\u00e1 viva na defesa do t\u00edtulo da Eurocopa - PR\u00d3SPERI NEWS","isPartOf":{"@id":"https:\/\/blogdoprosperi.com\/#website"},"primaryImageOfPage":{"@id":"https:\/\/blogdoprosperi.com\/?p=42740#primaryimage"},"image":{"@id":"https:\/\/blogdoprosperi.com\/?p=42740#primaryimage"},"thumbnailUrl":"https:\/\/i0.wp.com\/blogdoprosperi.com\/wp-content\/uploads\/2024\/06\/captura-de-tela-2024-06-16-as-11.21.59.png?fit=1080%2C872&ssl=1","datePublished":"2024-06-16T14:25:22+00:00","dateModified":"2024-06-16T14:27:19+00:00","breadcrumb":{"@id":"https:\/\/blogdoprosperi.com\/?p=42740#breadcrumb"},"inLanguage":"pt-BR","potentialAction":[{"@type":"ReadAction","target":["https:\/\/blogdoprosperi.com\/?p=42740"]}]},{"@type":"ImageObject","inLanguage":"pt-BR","@id":"https:\/\/blogdoprosperi.com\/?p=42740#primaryimage","url":"https:\/\/i0.wp.com\/blogdoprosperi.com\/wp-content\/uploads\/2024\/06\/captura-de-tela-2024-06-16-as-11.21.59.png?fit=1080%2C872&ssl=1","contentUrl":"https:\/\/i0.wp.com\/blogdoprosperi.com\/wp-content\/uploads\/2024\/06\/captura-de-tela-2024-06-16-as-11.21.59.png?fit=1080%2C872&ssl=1","width":1080,"height":872,"caption":"Jogadores da It\u00e1lia celebram gol na vida contra Alb\u00e2nia \u2013 foto: Uefa oficial"},{"@type":"BreadcrumbList","@id":"https:\/\/blogdoprosperi.com\/?p=42740#breadcrumb","itemListElement":[{"@type":"ListItem","position":1,"name":"In\u00edcio","item":"https:\/\/blogdoprosperi.com\/"},{"@type":"ListItem","position":2,"name":"It\u00e1lia est\u00e1 viva na defesa do t\u00edtulo da Eurocopa"}]},{"@type":"WebSite","@id":"https:\/\/blogdoprosperi.com\/#website","url":"https:\/\/blogdoprosperi.com\/","name":"PR\u00d3SPERI NEWS","description":"TUDO \u00c9  FUTEBOL","publisher":{"@id":"https:\/\/blogdoprosperi.com\/#\/schema\/person\/38100755ce3601861ee4fab9b5aa78e9"},"alternateName":"blogdoprosperi.com","potentialAction":[{"@type":"SearchAction","target":{"@type":"EntryPoint","urlTemplate":"https:\/\/blogdoprosperi.com\/?s={search_term_string}"},"query-input":{"@type":"PropertyValueSpecification","valueRequired":true,"valueName":"search_term_string"}}],"inLanguage":"pt-BR"},{"@type":["Person","Organization"],"@id":"https:\/\/blogdoprosperi.com\/#\/schema\/person\/38100755ce3601861ee4fab9b5aa78e9","name":"Luiz Ant\u00f4nio Pr\u00f3speri","pronouns":"ele","image":{"@type":"ImageObject","inLanguage":"pt-BR","@id":"https:\/\/i0.wp.com\/blogdoprosperi.com\/wp-content\/uploads\/2026\/05\/cropped-8059e613-6002-42fa-961e-8e275f575d71-2-5.jpg?fit=1360%2C931&ssl=1","url":"https:\/\/i0.wp.com\/blogdoprosperi.com\/wp-content\/uploads\/2026\/05\/cropped-8059e613-6002-42fa-961e-8e275f575d71-2-5.jpg?fit=1360%2C931&ssl=1","contentUrl":"https:\/\/i0.wp.com\/blogdoprosperi.com\/wp-content\/uploads\/2026\/05\/cropped-8059e613-6002-42fa-961e-8e275f575d71-2-5.jpg?fit=1360%2C931&ssl=1","width":1360,"height":931,"caption":"Luiz Ant\u00f4nio Pr\u00f3speri"},"logo":{"@id":"https:\/\/i0.wp.com\/blogdoprosperi.com\/wp-content\/uploads\/2026\/05\/cropped-8059e613-6002-42fa-961e-8e275f575d71-2-5.jpg?fit=1360%2C931&ssl=1"},"description":"Jornalista com carreira dedicada ao esporte. Cobriu 9 Copas do Mundo in loco, 1990 na It\u00e1lia, 1994 nos EUA, 1998 na Fran\u00e7a, 2002 na Coreia do Sul e Jap\u00e3o, 2006 na Alemanha, 2010 na \u00c1frica do Sul, 2014 no Brasil, 2018 na R\u00fassia e 2022 no Qatar. Eurocopas, 1992 na Su\u00e9cia e 1996 na Inglaterra. Copa das Confedera\u00e7\u00f5es de 2005 na Alemanha e 2009 na \u00c1frica do Sul. Rep\u00f3rter e Editor, trabalhou no Jornal da Tarde e Estad\u00e3o, de 1984 a fevereiro de 2016. Colunista, blogueiro. E comentarista de futebol na R\u00e1dio Estad\u00e3o, de 2013 a fevereiro de 2016. Jornalista respons\u00e1vel do \"Pr\u00f3speri News\" (blogdoprosperi.com).","sameAs":["http:\/\/blogdoprosperi.com","Luiz Pr\u00f3speri","@luiz_prosperi","https:\/\/x.com\/Luizprosperi","@prosperinacopa","luiz.prosperi@icloud.com"],"url":"https:\/\/blogdoprosperi.com\/?author=102107496"}]}},"jetpack_publicize_connections":[],"jetpack_likes_enabled":false,"jetpack_sharing_enabled":true,"jetpack_shortlink":"https:\/\/wp.me\/p7jvdk-b7m","jetpack-related-posts":[{"id":10464,"url":"https:\/\/blogdoprosperi.com\/?p=10464","url_meta":{"origin":42740,"position":0},"title":"It\u00e1lia, Espanha e Alemanha n\u00e3o decepcionam na estreia na Euro e d\u00e3o uma li\u00e7\u00e3o ao Brasil","author":"Luiz Ant\u00f4nio Pr\u00f3speri","date":"13 de junho de 2016","format":false,"excerpt":"Gigantes d\u00e3o a largada na Eurocopa com vit\u00f3rias de impacto e car\u00e1ter. Fi\u00e9is aos seus estilos, mesmo sem brilho, derrotaram B\u00e9lgica, Rep\u00fablica Tcheca e Ucr\u00e2nia. Resultados que indicam alguns ensinamentos \u00e0 Sele\u00e7\u00e3o Brasileira Andr\u00e9s Iniesta deu um recital na estreia da Espanha na Euro-2016. Requintado com a bola nos p\u00e9s,\u2026","rel":"","context":"Em &quot;futebol&quot;","block_context":{"text":"futebol","link":"https:\/\/blogdoprosperi.com\/?cat=53870"},"img":{"alt_text":"","src":"https:\/\/i0.wp.com\/blogdoprosperi.com\/wp-content\/uploads\/2016\/06\/1536.jpg?resize=350%2C200","width":350,"height":200,"srcset":"https:\/\/i0.wp.com\/blogdoprosperi.com\/wp-content\/uploads\/2016\/06\/1536.jpg?resize=350%2C200 1x, https:\/\/i0.wp.com\/blogdoprosperi.com\/wp-content\/uploads\/2016\/06\/1536.jpg?resize=525%2C300 1.5x"},"classes":[]},{"id":12349,"url":"https:\/\/blogdoprosperi.com\/?p=12349","url_meta":{"origin":42740,"position":1},"title":"Veja confrontos das oitavas de final da Eurocopa e a festa das torcidas","author":"Luiz Ant\u00f4nio Pr\u00f3speri","date":"22 de junho de 2016","format":false,"excerpt":"\u00a0 Futebol se rende \u00e0 paix\u00e3o das torcidas na Eurocopa 2016. Em todos os jogos da \u00faltima rodada da primeira fase, encerrada nesta quarta-feira, est\u00e1dios franceses transbordaram de emo\u00e7\u00e3o. Entre l\u00e1grimas e sorrisos e gritos tribais, torcedores festejaram uma simples classifica\u00e7\u00e3o \u00e0s oitavas de final como se fosse a conquista\u2026","rel":"","context":"Em &quot;futebol&quot;","block_context":{"text":"futebol","link":"https:\/\/blogdoprosperi.com\/?cat=53870"},"img":{"alt_text":"","src":"https:\/\/i0.wp.com\/blogdoprosperi.com\/wp-content\/uploads\/2016\/06\/2170.jpg?resize=350%2C200","width":350,"height":200,"srcset":"https:\/\/i0.wp.com\/blogdoprosperi.com\/wp-content\/uploads\/2016\/06\/2170.jpg?resize=350%2C200 1x, https:\/\/i0.wp.com\/blogdoprosperi.com\/wp-content\/uploads\/2016\/06\/2170.jpg?resize=525%2C300 1.5x"},"classes":[]},{"id":43017,"url":"https:\/\/blogdoprosperi.com\/?p=43017","url_meta":{"origin":42740,"position":2},"title":"Espanha vence It\u00e1lia e avan\u00e7a na Euro 2024, Inglaterra abra\u00e7a a decep\u00e7\u00e3o","author":"Luiz Ant\u00f4nio Pr\u00f3speri","date":"20 de junho de 2024","format":false,"excerpt":"Espanha vence It\u00e1lia, garante primeira posi\u00e7\u00e3o do Grupo B e avan\u00e7a \u00e0s oitavas de final. Os italianos decidem segundo lugar contra a Cro\u00e1cia. Alb\u00e2nia tamb\u00e9m tem chance e precisa derrotar os espanh\u00f3is. No jogo em Frankfurt, o primeiro tempo n\u00e3o desperta grandes momentos. Mas no segundo, a It\u00e1lia n\u00e3o via\u2026","rel":"","context":"Em &quot;futebol&quot;","block_context":{"text":"futebol","link":"https:\/\/blogdoprosperi.com\/?cat=53870"},"img":{"alt_text":"It\u00e1lia n\u00e3o viu a Espanha","src":"https:\/\/i0.wp.com\/blogdoprosperi.com\/wp-content\/uploads\/2024\/06\/captura-de-tela-2024-06-20-as-18.32.55.png?fit=802%2C780&ssl=1&resize=350%2C200","width":350,"height":200,"srcset":"https:\/\/i0.wp.com\/blogdoprosperi.com\/wp-content\/uploads\/2024\/06\/captura-de-tela-2024-06-20-as-18.32.55.png?fit=802%2C780&ssl=1&resize=350%2C200 1x, https:\/\/i0.wp.com\/blogdoprosperi.com\/wp-content\/uploads\/2024\/06\/captura-de-tela-2024-06-20-as-18.32.55.png?fit=802%2C780&ssl=1&resize=525%2C300 1.5x, https:\/\/i0.wp.com\/blogdoprosperi.com\/wp-content\/uploads\/2024\/06\/captura-de-tela-2024-06-20-as-18.32.55.png?fit=802%2C780&ssl=1&resize=700%2C400 2x"},"classes":[]},{"id":11299,"url":"https:\/\/blogdoprosperi.com\/?p=11299","url_meta":{"origin":42740,"position":3},"title":"It\u00e1lia e Espanha avan\u00e7am na Eurocopa e Cro\u00e1cia sofre com imbecis das arquibancadas","author":"Luiz Ant\u00f4nio Pr\u00f3speri","date":"17 de junho de 2016","format":false,"excerpt":"\u00a0 A imbecilidade derrota a Eurocopa nas duas primeiras rodadas. Das batalhas sangrentas entre hooligans de todos os cantos, com mais veem\u00eancia por parte de ingleses e russos, aos sinalizadores dos croatas atirados no campo, sobra pouco a se comemorar na Fran\u00e7a nesta semana de um jogo atr\u00e1s do outro.\u2026","rel":"","context":"Em &quot;futebol&quot;","block_context":{"text":"futebol","link":"https:\/\/blogdoprosperi.com\/?cat=53870"},"img":{"alt_text":"","src":"https:\/\/i0.wp.com\/blogdoprosperi.com\/wp-content\/uploads\/2016\/06\/3200.jpg?resize=350%2C200","width":350,"height":200,"srcset":"https:\/\/i0.wp.com\/blogdoprosperi.com\/wp-content\/uploads\/2016\/06\/3200.jpg?resize=350%2C200 1x, https:\/\/i0.wp.com\/blogdoprosperi.com\/wp-content\/uploads\/2016\/06\/3200.jpg?resize=525%2C300 1.5x"},"classes":[]},{"id":43985,"url":"https:\/\/blogdoprosperi.com\/?p=43985","url_meta":{"origin":42740,"position":4},"title":"Final da Euro 2024 na TV: Espanha Tetracampe\u00e3 ou Inglaterra Surpreende? Descubra Agora!","author":"Luiz Ant\u00f4nio Pr\u00f3speri","date":"13 de julho de 2024","format":false,"excerpt":"Espanha e Inglaterra decidem a final da Euro 2024, domingo (14\/7), em Berlim. \u00daltimo cap\u00edtulo de um torneio carimbado pela nova gera\u00e7\u00e3o, despedida de \u00edcones, muita festa nas ruas da Alemanha, tens\u00e3o pol\u00edtica, pouca viol\u00eancia, problemas nos est\u00e1dios e jogos memor\u00e1veis. Coube tudo na Eurocopa. At\u00e9 mesmo a decis\u00e3o entre\u2026","rel":"","context":"Em &quot;futebol&quot;","block_context":{"text":"futebol","link":"https:\/\/blogdoprosperi.com\/?cat=53870"},"img":{"alt_text":"Euro 2024 - final: Espanha x Inglaterra","src":"https:\/\/i0.wp.com\/blogdoprosperi.com\/wp-content\/uploads\/2024\/07\/captura-de-tela-2024-07-13-as-18.03.00.png?fit=1200%2C690&ssl=1&resize=350%2C200","width":350,"height":200,"srcset":"https:\/\/i0.wp.com\/blogdoprosperi.com\/wp-content\/uploads\/2024\/07\/captura-de-tela-2024-07-13-as-18.03.00.png?fit=1200%2C690&ssl=1&resize=350%2C200 1x, https:\/\/i0.wp.com\/blogdoprosperi.com\/wp-content\/uploads\/2024\/07\/captura-de-tela-2024-07-13-as-18.03.00.png?fit=1200%2C690&ssl=1&resize=525%2C300 1.5x, https:\/\/i0.wp.com\/blogdoprosperi.com\/wp-content\/uploads\/2024\/07\/captura-de-tela-2024-07-13-as-18.03.00.png?fit=1200%2C690&ssl=1&resize=700%2C400 2x, https:\/\/i0.wp.com\/blogdoprosperi.com\/wp-content\/uploads\/2024\/07\/captura-de-tela-2024-07-13-as-18.03.00.png?fit=1200%2C690&ssl=1&resize=1050%2C600 3x"},"classes":[]},{"id":12147,"url":"https:\/\/blogdoprosperi.com\/?p=12147","url_meta":{"origin":42740,"position":5},"title":"Espanha cai diante da Cro\u00e1cia e vai enfrentar a It\u00e1lia na Eurocopa","author":"Luiz Ant\u00f4nio Pr\u00f3speri","date":"21 de junho de 2016","format":false,"excerpt":"\u00a0 Cro\u00e1cia surpreende a Espanha com virada por 2 a 1 e acaba com uma soberania espanhola que h\u00e1 12 anos n\u00e3o perdia um jogo na fase final da Eurocopa. Espanh\u00f3is podem creditar essa derrota ao pouco caso como conduziu a partida. Diria, com certa soberba. Iniesta, o senhor do\u2026","rel":"","context":"Em &quot;futebol&quot;","block_context":{"text":"futebol","link":"https:\/\/blogdoprosperi.com\/?cat=53870"},"img":{"alt_text":"","src":"https:\/\/i0.wp.com\/blogdoprosperi.com\/wp-content\/uploads\/2016\/06\/21611.jpg?resize=350%2C200","width":350,"height":200,"srcset":"https:\/\/i0.wp.com\/blogdoprosperi.com\/wp-content\/uploads\/2016\/06\/21611.jpg?resize=350%2C200 1x, https:\/\/i0.wp.com\/blogdoprosperi.com\/wp-content\/uploads\/2016\/06\/21611.jpg?resize=525%2C300 1.5x"},"classes":[]}],"jetpack_featured_media_url":"https:\/\/i0.wp.com\/blogdoprosperi.com\/wp-content\/uploads\/2024\/06\/captura-de-tela-2024-06-16-as-11.21.59.png?fit=1080%2C872&ssl=1","_links":{"self":[{"href":"https:\/\/blogdoprosperi.com\/index.php?rest_route=\/wp\/v2\/posts\/42740","targetHints":{"allow":["GET"]}}],"collection":[{"href":"https:\/\/blogdoprosperi.com\/index.php?rest_route=\/wp\/v2\/posts"}],"about":[{"href":"https:\/\/blogdoprosperi.com\/index.php?rest_route=\/wp\/v2\/types\/post"}],"author":[{"embeddable":true,"href":"https:\/\/blogdoprosperi.com\/index.php?rest_route=\/wp\/v2\/users\/102107496"}],"replies":[{"embeddable":true,"href":"https:\/\/blogdoprosperi.com\/index.php?rest_route=%2Fwp%2Fv2%2Fcomments&post=42740"}],"version-history":[{"count":14,"href":"https:\/\/blogdoprosperi.com\/index.php?rest_route=\/wp\/v2\/posts\/42740\/revisions"}],"predecessor-version":[{"id":42811,"href":"https:\/\/blogdoprosperi.com\/index.php?rest_route=\/wp\/v2\/posts\/42740\/revisions\/42811"}],"wp:featuredmedia":[{"embeddable":true,"href":"https:\/\/blogdoprosperi.com\/index.php?rest_route=\/wp\/v2\/media\/42810"}],"wp:attachment":[{"href":"https:\/\/blogdoprosperi.com\/index.php?rest_route=%2Fwp%2Fv2%2Fmedia&parent=42740"}],"wp:term":[{"taxonomy":"category","embeddable":true,"href":"https:\/\/blogdoprosperi.com\/index.php?rest_route=%2Fwp%2Fv2%2Fcategories&post=42740"},{"taxonomy":"post_tag","embeddable":true,"href":"https:\/\/blogdoprosperi.com\/index.php?rest_route=%2Fwp%2Fv2%2Ftags&post=42740"}],"curies":[{"name":"wp","href":"https:\/\/api.w.org\/{rel}","templated":true}]}}