{"id":42865,"date":"2024-06-17T11:36:37","date_gmt":"2024-06-17T14:36:37","guid":{"rendered":"https:\/\/blogdoprosperi.com\/?p=42865"},"modified":"2024-06-17T12:19:44","modified_gmt":"2024-06-17T15:19:44","slug":"leila-pereira-chegou-ao-fim-o-ciclo-de-dudu-no-palmeiras","status":"publish","type":"post","link":"https:\/\/blogdoprosperi.com\/?p=42865","title":{"rendered":"Leila Pereira: &#8220;Chegou ao fim o ciclo de Dudu no Palmeiras&#8221;"},"content":{"rendered":"\r\n<p class=\"wp-block-paragraph\">Dudu est\u00e1 fora do Palmeiras, garante a presidente Leila Pereira. Um dia depois de o jogador garantir que ficaria no clube, com aval do t\u00e9cnico Abel Ferreira, a mandat\u00e1ria disse que n\u00e3o tem volta: &#8220;Chegou ao fim o ciclo de Dudu no Palmeiras&#8221;, disse Leila em entrevista \u00e0s 11h15 dessa segunda-feira (17\/6) ao SporTV. Dudu avisou que n\u00e3o deixaria o Palmeiras ap\u00f3s ter aval de Abel Ferreira.<\/p>\r\n\r\n\r\n\r\n<p class=\"wp-block-paragraph\">&#8220;Ele (<em>Dudu<\/em>) tem o direito, mas eu n\u00e3o gostaria que isso acontecesse (<em>desist\u00eancia na negocia\u00e7\u00e3o<\/em>). Tudo na vida tem um ciclo que se inicia e um que se encerra. Voc\u00ea tem que iniciar de uma forma bonita e encerrar de uma forma linda. Imagino que \u00e9 o que vai acontecer com ele. <strong>Tivemos momentos lindos e acredito que chegou ao fim o ciclo do Dudu no\u00a0Palmeiras<\/strong>.&#8221;<\/p>\r\n\r\n\r\n\r\n<p class=\"wp-block-paragraph\">Leila disse ainda que espera que Dudu cumpra com o acordo e assine contrato com o Cruzeiro.<\/p>\r\n\r\n\r\n\r\n<p class=\"wp-block-paragraph\">&#8220;Acho que o torcedor do\u00a0Palmeiras\u00a0estava ansioso para ouvir a presidente e essa \u00e9 uma oportunidade. Com rela\u00e7\u00e3o ao Dudu essa \u00e9 a palavra oficial do\u00a0Palmeiras. Vou ser transparente e falar a verdade.<\/p>\r\n\r\n\r\n\r\n<p class=\"wp-block-paragraph\">&#8220;H\u00e1 uns 25 dias atr\u00e1s nosso diretor de futebol Anderson Barros me procurou e disse que o <strong>Dudu o procurou por ter recebido uma proposta do Cruzeiro que ele ficou balan\u00e7ado. Essa proposta \u00e9 que foi divulgado, que s\u00e3o 4 anos, mais um ano e um sal\u00e1rio superior ao do\u00a0Palmeiras. Soube depois que quem procurou o Cruzeiro foi o Dudu<\/strong>, mas soube pelo Mattos (<em>Alexandre, diretor do Cruzeiro<\/em>)&#8221;.<\/p>\r\n\r\n\r\n\r\n<p class=\"wp-block-paragraph\">&#8220;N\u00e3o adiantava o Dudu estar falando, eu precisava de uma proposta formal. Em momento nenhum tentamos negociar. Ele tem contrato at\u00e9 janeiro de 2025. O Dudu conversou outras vezes com o Barros com o intuito de sair do\u00a0Palmeiras. Conversou como Abel. <strong>H\u00e1 mais de 20 dias sab\u00edamos dessa movimenta\u00e7\u00e3o. Quem pediu para sair foi o jogador&#8221;<\/strong>\u00a0, disse Leila.<\/p>\r\n\r\n\r\n\r\n<p class=\"wp-block-paragraph\">No domingo, Dudu conversou com Abel Ferreira para ter aval do t\u00e9cnico na sua perman\u00eancia no Palmeiras. <a href=\"https:\/\/blogdoprosperi.com\/2024\/06\/16\/dudu-recebe-aval-de-abel-ferreira-e-decide-ficar-no-palmeiras\/\">Abel disse sim, como noticiou esse blog Pr\u00f3speri News.<\/a><\/p>\r\n\r\n\r\n\r\n<p class=\"wp-block-paragraph\">Dudu n\u00e3o teve a mesma garantia do diretor Anderson Barros, com quem conversou antes de se reunir com Abel Ferreira.<\/p>\r\n\r\n\r\n\r\n<p class=\"wp-block-paragraph\">&#8220;Todos (<em>Palmeiras, Cruzeiro e staff do Dudu<\/em>) decidiram que o melhor para todos era aceitar. Eu aprovei, o Cruzeiro ok tamb\u00e9m e a\u00ed aconteceu o imbr\u00f3glio que o Dudu falou que ia e depois n\u00e3o ia mais. Formalmente a gente n\u00e3o foi informado que ele voltaria atr\u00e1s. Ele tem um compromisso e eu espero que ele honre o compromisso com o\u00a0Palmeiras\u00a0e o Cruzeiro. O atleta n\u00e3o assinou. A Barros assinou. <strong>Pelo\u00a0Palmeiras\u00a0o Dudu est\u00e1 vendido. Eu preciso da assinatura dele. Se ele n\u00e3o assinar o contrato vai at\u00e9 2025&#8243;<\/strong><\/p>\r\n\r\n\r\n\r\n<p class=\"wp-block-paragraph\">O jogador treinou nessa manh\u00e3 na Academia de Futebol e deve se pronunciar nas pr\u00f3ximas horas.<\/p>\r\n","protected":false},"excerpt":{"rendered":"<p>Dudu est\u00e1 fora do Palmeiras, garante a presidente Leila Pereira. Um dia depois de o jogador garantir que [&hellip;]<\/p>\n","protected":false},"author":102107496,"featured_media":41192,"comment_status":"open","ping_status":"open","sticky":false,"template":"","format":"standard","meta":{"_coblocks_attr":"","_coblocks_dimensions":"","_coblocks_responsive_height":"","_coblocks_accordion_ie_support":"","_jetpack_newsletter_access":"","_jetpack_dont_email_post_to_subs":false,"_jetpack_newsletter_tier_id":0,"_jetpack_memberships_contains_paywalled_content":false,"_wpcom_ai_launchpad_first_post":false,"_jetpack_feature_clip_id":0,"_jetpack_memberships_contains_paid_content":false,"footnotes":"","jetpack_publicize_message":"","jetpack_publicize_feature_enabled":true,"jetpack_social_post_already_shared":false,"jetpack_social_options":{"image_generator_settings":{"template":"highway","default_image_id":0,"font":"","enabled":false},"version":2},"jetpack_post_was_ever_published":false},"categories":[53870,20384,3919],"tags":[10668348,521771,1249177,789560560,57784134,287104],"class_list":["post-42865","post","type-post","status-publish","format-standard","has-post-thumbnail","hentry","category-futebol","category-informacao","category-opiniao","tag-0000ff","tag-cruzeiro","tag-dudu","tag-futebol","tag-leila-pereira","tag-palmeiras"],"yoast_head":"<!-- This site is optimized with the Yoast SEO plugin v28.3 - https:\/\/yoast.com\/product\/yoast-seo-wordpress\/ -->\n<title>Leila Pereira: &quot;Chegou ao fim o ciclo de Dudu no Palmeiras&quot; - PR\u00d3SPERI NEWS<\/title>\n<meta name=\"robots\" content=\"index, follow, max-snippet:-1, max-image-preview:large, max-video-preview:-1\" \/>\n<link rel=\"canonical\" href=\"https:\/\/blogdoprosperi.com\/?p=42865\" \/>\n<meta property=\"og:locale\" content=\"pt_BR\" \/>\n<meta property=\"og:type\" content=\"article\" \/>\n<meta property=\"og:title\" content=\"Leila Pereira: &quot;Chegou ao fim o ciclo de Dudu no Palmeiras&quot; - PR\u00d3SPERI NEWS\" \/>\n<meta property=\"og:description\" content=\"Dudu est\u00e1 fora do Palmeiras, garante a presidente Leila Pereira. Um dia depois de o jogador garantir que [&hellip;]\" \/>\n<meta property=\"og:url\" content=\"https:\/\/blogdoprosperi.com\/?p=42865\" \/>\n<meta property=\"og:site_name\" content=\"PR\u00d3SPERI NEWS\" \/>\n<meta property=\"article:publisher\" content=\"Luiz Pr\u00f3speri\" \/>\n<meta property=\"article:author\" content=\"Luiz Pr\u00f3speri\" \/>\n<meta property=\"article:published_time\" content=\"2024-06-17T14:36:37+00:00\" \/>\n<meta property=\"article:modified_time\" content=\"2024-06-17T15:19:44+00:00\" \/>\n<meta property=\"og:image\" content=\"https:\/\/i0.wp.com\/blogdoprosperi.com\/wp-content\/uploads\/2023\/01\/52499028142_4b0d1c3e97_h.webp?fit=1280%2C720&ssl=1\" \/>\n\t<meta property=\"og:image:width\" content=\"1280\" \/>\n\t<meta property=\"og:image:height\" content=\"720\" \/>\n\t<meta property=\"og:image:type\" content=\"image\/webp\" \/>\n<meta name=\"author\" content=\"Luiz Ant\u00f4nio Pr\u00f3speri\" \/>\n<meta name=\"twitter:card\" content=\"summary_large_image\" \/>\n<meta name=\"twitter:creator\" content=\"@Luizprosperi\" \/>\n<meta name=\"twitter:site\" content=\"@Luizprosperi\" \/>\n<meta name=\"twitter:label1\" content=\"Escrito por\" \/>\n\t<meta name=\"twitter:data1\" content=\"Luiz Ant\u00f4nio Pr\u00f3speri\" \/>\n\t<meta name=\"twitter:label2\" content=\"Est. tempo de leitura\" \/>\n\t<meta name=\"twitter:data2\" content=\"2 minutos\" \/>\n<script type=\"application\/ld+json\" class=\"yoast-schema-graph\">{\"@context\":\"https:\\\/\\\/schema.org\",\"@graph\":[{\"@type\":\"Article\",\"@id\":\"https:\\\/\\\/blogdoprosperi.com\\\/?p=42865#article\",\"isPartOf\":{\"@id\":\"https:\\\/\\\/blogdoprosperi.com\\\/?p=42865\"},\"author\":{\"name\":\"Luiz Ant\u00f4nio Pr\u00f3speri\",\"@id\":\"https:\\\/\\\/blogdoprosperi.com\\\/#\\\/schema\\\/person\\\/38100755ce3601861ee4fab9b5aa78e9\"},\"headline\":\"Leila Pereira: &#8220;Chegou ao fim o ciclo de Dudu no Palmeiras&#8221;\",\"datePublished\":\"2024-06-17T14:36:37+00:00\",\"dateModified\":\"2024-06-17T15:19:44+00:00\",\"mainEntityOfPage\":{\"@id\":\"https:\\\/\\\/blogdoprosperi.com\\\/?p=42865\"},\"wordCount\":497,\"commentCount\":4,\"publisher\":{\"@id\":\"https:\\\/\\\/blogdoprosperi.com\\\/#\\\/schema\\\/person\\\/38100755ce3601861ee4fab9b5aa78e9\"},\"image\":{\"@id\":\"https:\\\/\\\/blogdoprosperi.com\\\/?p=42865#primaryimage\"},\"thumbnailUrl\":\"https:\\\/\\\/i0.wp.com\\\/blogdoprosperi.com\\\/wp-content\\\/uploads\\\/2023\\\/01\\\/52499028142_4b0d1c3e97_h.webp?fit=1280%2C720&ssl=1\",\"keywords\":[\"0000ff\",\"Cruzeiro\",\"Dudu\",\"futebol\",\"Leila Pereira\",\"Palmeiras\"],\"articleSection\":[\"futebol\",\"informa\u00e7\u00e3o\",\"opini\u00e3o\"],\"inLanguage\":\"pt-BR\",\"potentialAction\":[{\"@type\":\"CommentAction\",\"name\":\"Comment\",\"target\":[\"https:\\\/\\\/blogdoprosperi.com\\\/?p=42865#respond\"]}]},{\"@type\":\"WebPage\",\"@id\":\"https:\\\/\\\/blogdoprosperi.com\\\/?p=42865\",\"url\":\"https:\\\/\\\/blogdoprosperi.com\\\/?p=42865\",\"name\":\"Leila Pereira: \\\"Chegou ao fim o ciclo de Dudu no Palmeiras\\\" - PR\u00d3SPERI NEWS\",\"isPartOf\":{\"@id\":\"https:\\\/\\\/blogdoprosperi.com\\\/#website\"},\"primaryImageOfPage\":{\"@id\":\"https:\\\/\\\/blogdoprosperi.com\\\/?p=42865#primaryimage\"},\"image\":{\"@id\":\"https:\\\/\\\/blogdoprosperi.com\\\/?p=42865#primaryimage\"},\"thumbnailUrl\":\"https:\\\/\\\/i0.wp.com\\\/blogdoprosperi.com\\\/wp-content\\\/uploads\\\/2023\\\/01\\\/52499028142_4b0d1c3e97_h.webp?fit=1280%2C720&ssl=1\",\"datePublished\":\"2024-06-17T14:36:37+00:00\",\"dateModified\":\"2024-06-17T15:19:44+00:00\",\"breadcrumb\":{\"@id\":\"https:\\\/\\\/blogdoprosperi.com\\\/?p=42865#breadcrumb\"},\"inLanguage\":\"pt-BR\",\"potentialAction\":[{\"@type\":\"ReadAction\",\"target\":[\"https:\\\/\\\/blogdoprosperi.com\\\/?p=42865\"]}]},{\"@type\":\"ImageObject\",\"inLanguage\":\"pt-BR\",\"@id\":\"https:\\\/\\\/blogdoprosperi.com\\\/?p=42865#primaryimage\",\"url\":\"https:\\\/\\\/i0.wp.com\\\/blogdoprosperi.com\\\/wp-content\\\/uploads\\\/2023\\\/01\\\/52499028142_4b0d1c3e97_h.webp?fit=1280%2C720&ssl=1\",\"contentUrl\":\"https:\\\/\\\/i0.wp.com\\\/blogdoprosperi.com\\\/wp-content\\\/uploads\\\/2023\\\/01\\\/52499028142_4b0d1c3e97_h.webp?fit=1280%2C720&ssl=1\",\"width\":1280,\"height\":720,\"caption\":\"Leila n\u00e3o promete refor\u00e7os de peso \u2013 foto: Ag Palmeiras oficial\"},{\"@type\":\"BreadcrumbList\",\"@id\":\"https:\\\/\\\/blogdoprosperi.com\\\/?p=42865#breadcrumb\",\"itemListElement\":[{\"@type\":\"ListItem\",\"position\":1,\"name\":\"In\u00edcio\",\"item\":\"https:\\\/\\\/blogdoprosperi.com\\\/\"},{\"@type\":\"ListItem\",\"position\":2,\"name\":\"Leila Pereira: &#8220;Chegou ao fim o ciclo de Dudu no Palmeiras&#8221;\"}]},{\"@type\":\"WebSite\",\"@id\":\"https:\\\/\\\/blogdoprosperi.com\\\/#website\",\"url\":\"https:\\\/\\\/blogdoprosperi.com\\\/\",\"name\":\"PR\u00d3SPERI NEWS\",\"description\":\"TUDO \u00c9  FUTEBOL\",\"publisher\":{\"@id\":\"https:\\\/\\\/blogdoprosperi.com\\\/#\\\/schema\\\/person\\\/38100755ce3601861ee4fab9b5aa78e9\"},\"alternateName\":\"blogdoprosperi.com\",\"potentialAction\":[{\"@type\":\"SearchAction\",\"target\":{\"@type\":\"EntryPoint\",\"urlTemplate\":\"https:\\\/\\\/blogdoprosperi.com\\\/?s={search_term_string}\"},\"query-input\":{\"@type\":\"PropertyValueSpecification\",\"valueRequired\":true,\"valueName\":\"search_term_string\"}}],\"inLanguage\":\"pt-BR\"},{\"@type\":[\"Person\",\"Organization\"],\"@id\":\"https:\\\/\\\/blogdoprosperi.com\\\/#\\\/schema\\\/person\\\/38100755ce3601861ee4fab9b5aa78e9\",\"name\":\"Luiz Ant\u00f4nio Pr\u00f3speri\",\"pronouns\":\"ele\",\"image\":{\"@type\":\"ImageObject\",\"inLanguage\":\"pt-BR\",\"@id\":\"https:\\\/\\\/i0.wp.com\\\/blogdoprosperi.com\\\/wp-content\\\/uploads\\\/2026\\\/05\\\/cropped-8059e613-6002-42fa-961e-8e275f575d71-2-5.jpg?fit=1360%2C931&ssl=1\",\"url\":\"https:\\\/\\\/i0.wp.com\\\/blogdoprosperi.com\\\/wp-content\\\/uploads\\\/2026\\\/05\\\/cropped-8059e613-6002-42fa-961e-8e275f575d71-2-5.jpg?fit=1360%2C931&ssl=1\",\"contentUrl\":\"https:\\\/\\\/i0.wp.com\\\/blogdoprosperi.com\\\/wp-content\\\/uploads\\\/2026\\\/05\\\/cropped-8059e613-6002-42fa-961e-8e275f575d71-2-5.jpg?fit=1360%2C931&ssl=1\",\"width\":1360,\"height\":931,\"caption\":\"Luiz Ant\u00f4nio Pr\u00f3speri\"},\"logo\":{\"@id\":\"https:\\\/\\\/i0.wp.com\\\/blogdoprosperi.com\\\/wp-content\\\/uploads\\\/2026\\\/05\\\/cropped-8059e613-6002-42fa-961e-8e275f575d71-2-5.jpg?fit=1360%2C931&ssl=1\"},\"description\":\"Jornalista com carreira dedicada ao esporte. Cobriu 9 Copas do Mundo in loco, 1990 na It\u00e1lia, 1994 nos EUA, 1998 na Fran\u00e7a, 2002 na Coreia do Sul e Jap\u00e3o, 2006 na Alemanha, 2010 na \u00c1frica do Sul, 2014 no Brasil, 2018 na R\u00fassia e 2022 no Qatar. Eurocopas, 1992 na Su\u00e9cia e 1996 na Inglaterra. Copa das Confedera\u00e7\u00f5es de 2005 na Alemanha e 2009 na \u00c1frica do Sul. Rep\u00f3rter e Editor, trabalhou no Jornal da Tarde e Estad\u00e3o, de 1984 a fevereiro de 2016. Colunista, blogueiro. E comentarista de futebol na R\u00e1dio Estad\u00e3o, de 2013 a fevereiro de 2016. Jornalista respons\u00e1vel do \\\"Pr\u00f3speri News\\\" (blogdoprosperi.com).\",\"sameAs\":[\"http:\\\/\\\/blogdoprosperi.com\",\"Luiz Pr\u00f3speri\",\"@luiz_prosperi\",\"https:\\\/\\\/x.com\\\/Luizprosperi\",\"@prosperinacopa\",\"luiz.prosperi@icloud.com\"],\"url\":\"https:\\\/\\\/blogdoprosperi.com\\\/?author=102107496\"}]}<\/script>\n<!-- \/ Yoast SEO plugin. -->","yoast_head_json":{"title":"Leila Pereira: \"Chegou ao fim o ciclo de Dudu no Palmeiras\" - PR\u00d3SPERI NEWS","robots":{"index":"index","follow":"follow","max-snippet":"max-snippet:-1","max-image-preview":"max-image-preview:large","max-video-preview":"max-video-preview:-1"},"canonical":"https:\/\/blogdoprosperi.com\/?p=42865","og_locale":"pt_BR","og_type":"article","og_title":"Leila Pereira: \"Chegou ao fim o ciclo de Dudu no Palmeiras\" - PR\u00d3SPERI NEWS","og_description":"Dudu est\u00e1 fora do Palmeiras, garante a presidente Leila Pereira. Um dia depois de o jogador garantir que [&hellip;]","og_url":"https:\/\/blogdoprosperi.com\/?p=42865","og_site_name":"PR\u00d3SPERI NEWS","article_publisher":"Luiz Pr\u00f3speri","article_author":"Luiz Pr\u00f3speri","article_published_time":"2024-06-17T14:36:37+00:00","article_modified_time":"2024-06-17T15:19:44+00:00","og_image":[{"width":1280,"height":720,"url":"https:\/\/i0.wp.com\/blogdoprosperi.com\/wp-content\/uploads\/2023\/01\/52499028142_4b0d1c3e97_h.webp?fit=1280%2C720&ssl=1","type":"image\/webp"}],"author":"Luiz Ant\u00f4nio Pr\u00f3speri","twitter_card":"summary_large_image","twitter_creator":"@Luizprosperi","twitter_site":"@Luizprosperi","twitter_misc":{"Escrito por":"Luiz Ant\u00f4nio Pr\u00f3speri","Est. tempo de leitura":"2 minutos"},"schema":{"@context":"https:\/\/schema.org","@graph":[{"@type":"Article","@id":"https:\/\/blogdoprosperi.com\/?p=42865#article","isPartOf":{"@id":"https:\/\/blogdoprosperi.com\/?p=42865"},"author":{"name":"Luiz Ant\u00f4nio Pr\u00f3speri","@id":"https:\/\/blogdoprosperi.com\/#\/schema\/person\/38100755ce3601861ee4fab9b5aa78e9"},"headline":"Leila Pereira: &#8220;Chegou ao fim o ciclo de Dudu no Palmeiras&#8221;","datePublished":"2024-06-17T14:36:37+00:00","dateModified":"2024-06-17T15:19:44+00:00","mainEntityOfPage":{"@id":"https:\/\/blogdoprosperi.com\/?p=42865"},"wordCount":497,"commentCount":4,"publisher":{"@id":"https:\/\/blogdoprosperi.com\/#\/schema\/person\/38100755ce3601861ee4fab9b5aa78e9"},"image":{"@id":"https:\/\/blogdoprosperi.com\/?p=42865#primaryimage"},"thumbnailUrl":"https:\/\/i0.wp.com\/blogdoprosperi.com\/wp-content\/uploads\/2023\/01\/52499028142_4b0d1c3e97_h.webp?fit=1280%2C720&ssl=1","keywords":["0000ff","Cruzeiro","Dudu","futebol","Leila Pereira","Palmeiras"],"articleSection":["futebol","informa\u00e7\u00e3o","opini\u00e3o"],"inLanguage":"pt-BR","potentialAction":[{"@type":"CommentAction","name":"Comment","target":["https:\/\/blogdoprosperi.com\/?p=42865#respond"]}]},{"@type":"WebPage","@id":"https:\/\/blogdoprosperi.com\/?p=42865","url":"https:\/\/blogdoprosperi.com\/?p=42865","name":"Leila Pereira: \"Chegou ao fim o ciclo de Dudu no Palmeiras\" - PR\u00d3SPERI NEWS","isPartOf":{"@id":"https:\/\/blogdoprosperi.com\/#website"},"primaryImageOfPage":{"@id":"https:\/\/blogdoprosperi.com\/?p=42865#primaryimage"},"image":{"@id":"https:\/\/blogdoprosperi.com\/?p=42865#primaryimage"},"thumbnailUrl":"https:\/\/i0.wp.com\/blogdoprosperi.com\/wp-content\/uploads\/2023\/01\/52499028142_4b0d1c3e97_h.webp?fit=1280%2C720&ssl=1","datePublished":"2024-06-17T14:36:37+00:00","dateModified":"2024-06-17T15:19:44+00:00","breadcrumb":{"@id":"https:\/\/blogdoprosperi.com\/?p=42865#breadcrumb"},"inLanguage":"pt-BR","potentialAction":[{"@type":"ReadAction","target":["https:\/\/blogdoprosperi.com\/?p=42865"]}]},{"@type":"ImageObject","inLanguage":"pt-BR","@id":"https:\/\/blogdoprosperi.com\/?p=42865#primaryimage","url":"https:\/\/i0.wp.com\/blogdoprosperi.com\/wp-content\/uploads\/2023\/01\/52499028142_4b0d1c3e97_h.webp?fit=1280%2C720&ssl=1","contentUrl":"https:\/\/i0.wp.com\/blogdoprosperi.com\/wp-content\/uploads\/2023\/01\/52499028142_4b0d1c3e97_h.webp?fit=1280%2C720&ssl=1","width":1280,"height":720,"caption":"Leila n\u00e3o promete refor\u00e7os de peso \u2013 foto: Ag Palmeiras oficial"},{"@type":"BreadcrumbList","@id":"https:\/\/blogdoprosperi.com\/?p=42865#breadcrumb","itemListElement":[{"@type":"ListItem","position":1,"name":"In\u00edcio","item":"https:\/\/blogdoprosperi.com\/"},{"@type":"ListItem","position":2,"name":"Leila Pereira: &#8220;Chegou ao fim o ciclo de Dudu no Palmeiras&#8221;"}]},{"@type":"WebSite","@id":"https:\/\/blogdoprosperi.com\/#website","url":"https:\/\/blogdoprosperi.com\/","name":"PR\u00d3SPERI NEWS","description":"TUDO \u00c9  FUTEBOL","publisher":{"@id":"https:\/\/blogdoprosperi.com\/#\/schema\/person\/38100755ce3601861ee4fab9b5aa78e9"},"alternateName":"blogdoprosperi.com","potentialAction":[{"@type":"SearchAction","target":{"@type":"EntryPoint","urlTemplate":"https:\/\/blogdoprosperi.com\/?s={search_term_string}"},"query-input":{"@type":"PropertyValueSpecification","valueRequired":true,"valueName":"search_term_string"}}],"inLanguage":"pt-BR"},{"@type":["Person","Organization"],"@id":"https:\/\/blogdoprosperi.com\/#\/schema\/person\/38100755ce3601861ee4fab9b5aa78e9","name":"Luiz Ant\u00f4nio Pr\u00f3speri","pronouns":"ele","image":{"@type":"ImageObject","inLanguage":"pt-BR","@id":"https:\/\/i0.wp.com\/blogdoprosperi.com\/wp-content\/uploads\/2026\/05\/cropped-8059e613-6002-42fa-961e-8e275f575d71-2-5.jpg?fit=1360%2C931&ssl=1","url":"https:\/\/i0.wp.com\/blogdoprosperi.com\/wp-content\/uploads\/2026\/05\/cropped-8059e613-6002-42fa-961e-8e275f575d71-2-5.jpg?fit=1360%2C931&ssl=1","contentUrl":"https:\/\/i0.wp.com\/blogdoprosperi.com\/wp-content\/uploads\/2026\/05\/cropped-8059e613-6002-42fa-961e-8e275f575d71-2-5.jpg?fit=1360%2C931&ssl=1","width":1360,"height":931,"caption":"Luiz Ant\u00f4nio Pr\u00f3speri"},"logo":{"@id":"https:\/\/i0.wp.com\/blogdoprosperi.com\/wp-content\/uploads\/2026\/05\/cropped-8059e613-6002-42fa-961e-8e275f575d71-2-5.jpg?fit=1360%2C931&ssl=1"},"description":"Jornalista com carreira dedicada ao esporte. Cobriu 9 Copas do Mundo in loco, 1990 na It\u00e1lia, 1994 nos EUA, 1998 na Fran\u00e7a, 2002 na Coreia do Sul e Jap\u00e3o, 2006 na Alemanha, 2010 na \u00c1frica do Sul, 2014 no Brasil, 2018 na R\u00fassia e 2022 no Qatar. Eurocopas, 1992 na Su\u00e9cia e 1996 na Inglaterra. Copa das Confedera\u00e7\u00f5es de 2005 na Alemanha e 2009 na \u00c1frica do Sul. Rep\u00f3rter e Editor, trabalhou no Jornal da Tarde e Estad\u00e3o, de 1984 a fevereiro de 2016. Colunista, blogueiro. E comentarista de futebol na R\u00e1dio Estad\u00e3o, de 2013 a fevereiro de 2016. Jornalista respons\u00e1vel do \"Pr\u00f3speri News\" (blogdoprosperi.com).","sameAs":["http:\/\/blogdoprosperi.com","Luiz Pr\u00f3speri","@luiz_prosperi","https:\/\/x.com\/Luizprosperi","@prosperinacopa","luiz.prosperi@icloud.com"],"url":"https:\/\/blogdoprosperi.com\/?author=102107496"}]}},"jetpack_publicize_connections":[],"jetpack_likes_enabled":false,"jetpack_sharing_enabled":true,"jetpack_shortlink":"https:\/\/wp.me\/p7jvdk-b9n","jetpack-related-posts":[{"id":47464,"url":"https:\/\/blogdoprosperi.com\/?p=47464","url_meta":{"origin":42865,"position":0},"title":"Leila Pereira x Dudu | Presidenta do Palmeiras Vai Processar \u00cddolo da Torcida","author":"Luiz Ant\u00f4nio Pr\u00f3speri","date":"14 de janeiro de 2025","format":false,"excerpt":"Luiz Ant\u00f4nio Pr\u00f3speri \u2013 14 janeiro (17h58) \u2013 Leila Pereira, presidenta do Palmeiras, vai processar Dudu por difama\u00e7\u00e3o. A dirigente se sente ofendida pelo jogador que usou express\u00e3o VTNC (Vai Tomar No C...) em post nas redes sociais contra Leila. Era uma resposta do \u00eddolo da torcida palmeirense \u00e0 declara\u00e7\u00e3o\u2026","rel":"","context":"Em &quot;futebol&quot;","block_context":{"text":"futebol","link":"https:\/\/blogdoprosperi.com\/?cat=53870"},"img":{"alt_text":"Leila x Dudu, guerra de vaidades","src":"https:\/\/i0.wp.com\/blogdoprosperi.com\/wp-content\/uploads\/2025\/01\/52145526597_5c7018bd3f_h-aspect-ratio-512-320-1.webp?fit=1200%2C750&ssl=1&resize=350%2C200","width":350,"height":200,"srcset":"https:\/\/i0.wp.com\/blogdoprosperi.com\/wp-content\/uploads\/2025\/01\/52145526597_5c7018bd3f_h-aspect-ratio-512-320-1.webp?fit=1200%2C750&ssl=1&resize=350%2C200 1x, https:\/\/i0.wp.com\/blogdoprosperi.com\/wp-content\/uploads\/2025\/01\/52145526597_5c7018bd3f_h-aspect-ratio-512-320-1.webp?fit=1200%2C750&ssl=1&resize=525%2C300 1.5x, https:\/\/i0.wp.com\/blogdoprosperi.com\/wp-content\/uploads\/2025\/01\/52145526597_5c7018bd3f_h-aspect-ratio-512-320-1.webp?fit=1200%2C750&ssl=1&resize=700%2C400 2x, https:\/\/i0.wp.com\/blogdoprosperi.com\/wp-content\/uploads\/2025\/01\/52145526597_5c7018bd3f_h-aspect-ratio-512-320-1.webp?fit=1200%2C750&ssl=1&resize=1050%2C600 3x"},"classes":[]},{"id":46962,"url":"https:\/\/blogdoprosperi.com\/?p=46962","url_meta":{"origin":42865,"position":1},"title":"Palmeiras Abandona Dudu e \u00cddolo Fecha com Cruzeiro","author":"Luiz Ant\u00f4nio Pr\u00f3speri","date":"12 de dezembro de 2024","format":false,"excerpt":"Luiz Ant\u00f4nio Pr\u00f3speri \u2013 12 dezembro (17h05) \u2013 Dudu fecha com o Cruzeiro ao se sentir abandonado pelo Palmeiras. Troca dez anos e 12 ta\u00e7as a servi\u00e7o do Alviverde por um contrato de quatro anos no clube mineiro. \u00cddolo eterno de uma torcida que o chama de Guerreiro, encerra seu\u2026","rel":"","context":"Em &quot;futebol&quot;","block_context":{"text":"futebol","link":"https:\/\/blogdoprosperi.com\/?cat=53870"},"img":{"alt_text":"Dudu deixa Palmeiras","src":"https:\/\/i0.wp.com\/blogdoprosperi.com\/wp-content\/uploads\/2024\/12\/captura-de-tela-2024-12-12-as-16.48.45.png?fit=956%2C744&ssl=1&resize=350%2C200","width":350,"height":200,"srcset":"https:\/\/i0.wp.com\/blogdoprosperi.com\/wp-content\/uploads\/2024\/12\/captura-de-tela-2024-12-12-as-16.48.45.png?fit=956%2C744&ssl=1&resize=350%2C200 1x, https:\/\/i0.wp.com\/blogdoprosperi.com\/wp-content\/uploads\/2024\/12\/captura-de-tela-2024-12-12-as-16.48.45.png?fit=956%2C744&ssl=1&resize=525%2C300 1.5x, https:\/\/i0.wp.com\/blogdoprosperi.com\/wp-content\/uploads\/2024\/12\/captura-de-tela-2024-12-12-as-16.48.45.png?fit=956%2C744&ssl=1&resize=700%2C400 2x"},"classes":[]},{"id":42883,"url":"https:\/\/blogdoprosperi.com\/?p=42883","url_meta":{"origin":42865,"position":2},"title":"Dudu anuncia de forma oficial que n\u00e3o deixa o Palmeiras","author":"Luiz Ant\u00f4nio Pr\u00f3speri","date":"17 de junho de 2024","format":false,"excerpt":"Dudu acaba com as especula\u00e7\u00f5es e, em comunicado oficial no seu Instagram, anuncia sua perman\u00eancia no Palmeiras pelo menos at\u00e9 o fim do contrato, em dezembro de 2025, como noticiou esse blog Pr\u00f3speri News. Leila Pereira estava certa de que o neg\u00f3cio com o Cruzeiro estava fechado e at\u00e9 anunciou\u2026","rel":"","context":"Em &quot;futebol&quot;","block_context":{"text":"futebol","link":"https:\/\/blogdoprosperi.com\/?cat=53870"},"img":{"alt_text":"Dudu fica no Palmeiras","src":"https:\/\/i0.wp.com\/blogdoprosperi.com\/wp-content\/uploads\/2024\/06\/52473976363_a5e6a03d6d_o.webp?fit=1200%2C675&ssl=1&resize=350%2C200","width":350,"height":200,"srcset":"https:\/\/i0.wp.com\/blogdoprosperi.com\/wp-content\/uploads\/2024\/06\/52473976363_a5e6a03d6d_o.webp?fit=1200%2C675&ssl=1&resize=350%2C200 1x, https:\/\/i0.wp.com\/blogdoprosperi.com\/wp-content\/uploads\/2024\/06\/52473976363_a5e6a03d6d_o.webp?fit=1200%2C675&ssl=1&resize=525%2C300 1.5x, https:\/\/i0.wp.com\/blogdoprosperi.com\/wp-content\/uploads\/2024\/06\/52473976363_a5e6a03d6d_o.webp?fit=1200%2C675&ssl=1&resize=700%2C400 2x, https:\/\/i0.wp.com\/blogdoprosperi.com\/wp-content\/uploads\/2024\/06\/52473976363_a5e6a03d6d_o.webp?fit=1200%2C675&ssl=1&resize=1050%2C600 3x"},"classes":[]},{"id":47423,"url":"https:\/\/blogdoprosperi.com\/?p=47423","url_meta":{"origin":42865,"position":3},"title":"Leila Pereira | &#8220;Palmeiras Vem Mais Agressivo no Mercado. Dudu sai pela Porta dos Fundos\u201d","author":"Luiz Ant\u00f4nio Pr\u00f3speri","date":"13 de janeiro de 2025","format":false,"excerpt":"Luiz Ant\u00f4nio Pr\u00f3speri \u2013 13 janeiro (15h10) \u2013 Palmeiras anuncia novo patrocinador master encerrando parceria de dez anos com a Crefisa, empresa da presidente Leila Pereira. Sportingbet, casa de apostas esportivas, assume a camisa do clube no contrato inicial de R$ 100 milh\u00f5es\/ano por tr\u00eas temporadas + R$ 70 milh\u00f5es\u2026","rel":"","context":"Em &quot;futebol&quot;","block_context":{"text":"futebol","link":"https:\/\/blogdoprosperi.com\/?cat=53870"},"img":{"alt_text":"Palmeiras mais agressivo no mercado, diz Leila Pereira","src":"https:\/\/i0.wp.com\/blogdoprosperi.com\/wp-content\/uploads\/2025\/01\/leila-pereira.jpg?fit=1030%2C613&ssl=1&resize=350%2C200","width":350,"height":200,"srcset":"https:\/\/i0.wp.com\/blogdoprosperi.com\/wp-content\/uploads\/2025\/01\/leila-pereira.jpg?fit=1030%2C613&ssl=1&resize=350%2C200 1x, https:\/\/i0.wp.com\/blogdoprosperi.com\/wp-content\/uploads\/2025\/01\/leila-pereira.jpg?fit=1030%2C613&ssl=1&resize=525%2C300 1.5x, https:\/\/i0.wp.com\/blogdoprosperi.com\/wp-content\/uploads\/2025\/01\/leila-pereira.jpg?fit=1030%2C613&ssl=1&resize=700%2C400 2x"},"classes":[]},{"id":44408,"url":"https:\/\/blogdoprosperi.com\/?p=44408","url_meta":{"origin":42865,"position":4},"title":"James Rodriguez, Gabigol e Dudu, indesejados queridos","author":"Luiz Ant\u00f4nio Pr\u00f3speri","date":"22 de julho de 2024","format":false,"excerpt":"Luiz Ant\u00f4nio Pr\u00f3speri \u2013 22 julho (18h20) James Rodriguez n\u00e3o joga mais no S\u00e3o Paulo. Clube e jogador tratam da rescis\u00e3o do contrato, v\u00e1lido at\u00e9 2025. Gabigol tem prazo estipulado para deixar o Flamengo, dezembro de 2024. E Dudu espera jogar no Palmeiras pelo menos at\u00e9 o fim de 2025.\u2026","rel":"","context":"Em &quot;futebol&quot;","block_context":{"text":"futebol","link":"https:\/\/blogdoprosperi.com\/?cat=53870"},"img":{"alt_text":"","src":"https:\/\/i0.wp.com\/blogdoprosperi.com\/wp-content\/uploads\/2024\/07\/jamez-rodriguez_sao-paulo_bid_es-brasil.jpg?fit=1068%2C668&ssl=1&resize=350%2C200","width":350,"height":200,"srcset":"https:\/\/i0.wp.com\/blogdoprosperi.com\/wp-content\/uploads\/2024\/07\/jamez-rodriguez_sao-paulo_bid_es-brasil.jpg?fit=1068%2C668&ssl=1&resize=350%2C200 1x, https:\/\/i0.wp.com\/blogdoprosperi.com\/wp-content\/uploads\/2024\/07\/jamez-rodriguez_sao-paulo_bid_es-brasil.jpg?fit=1068%2C668&ssl=1&resize=525%2C300 1.5x, https:\/\/i0.wp.com\/blogdoprosperi.com\/wp-content\/uploads\/2024\/07\/jamez-rodriguez_sao-paulo_bid_es-brasil.jpg?fit=1068%2C668&ssl=1&resize=700%2C400 2x, https:\/\/i0.wp.com\/blogdoprosperi.com\/wp-content\/uploads\/2024\/07\/jamez-rodriguez_sao-paulo_bid_es-brasil.jpg?fit=1068%2C668&ssl=1&resize=1050%2C600 3x"},"classes":[]},{"id":45501,"url":"https:\/\/blogdoprosperi.com\/?p=45501","url_meta":{"origin":42865,"position":5},"title":"Leila Pereira anuncia (II): Crefisa Sai do Palmeiras e Dudu Fora","author":"Luiz Ant\u00f4nio Pr\u00f3speri","date":"24 de setembro de 2024","format":false,"excerpt":"Crefisa vai sair da camisa do Palmeiras em 2025. Leila Pereira, presidente do Palmeiras e dona da Crefisa, anuncia o fim do ciclo entre clube e a patrocinadora, juntos desde 2019. Sem a empresa financeira, marketing do Palmeiras est\u00e1 no mercado em busca de um novo parceiro de R$ 150\u2026","rel":"","context":"Em &quot;futebol&quot;","block_context":{"text":"futebol","link":"https:\/\/blogdoprosperi.com\/?cat=53870"},"img":{"alt_text":"Crefisa, fim de ciclo no Palmeiras","src":"https:\/\/i0.wp.com\/blogdoprosperi.com\/wp-content\/uploads\/2024\/09\/leila-pereira.webp?fit=750%2C510&ssl=1&resize=350%2C200","width":350,"height":200,"srcset":"https:\/\/i0.wp.com\/blogdoprosperi.com\/wp-content\/uploads\/2024\/09\/leila-pereira.webp?fit=750%2C510&ssl=1&resize=350%2C200 1x, https:\/\/i0.wp.com\/blogdoprosperi.com\/wp-content\/uploads\/2024\/09\/leila-pereira.webp?fit=750%2C510&ssl=1&resize=525%2C300 1.5x, https:\/\/i0.wp.com\/blogdoprosperi.com\/wp-content\/uploads\/2024\/09\/leila-pereira.webp?fit=750%2C510&ssl=1&resize=700%2C400 2x"},"classes":[]}],"jetpack_featured_media_url":"https:\/\/i0.wp.com\/blogdoprosperi.com\/wp-content\/uploads\/2023\/01\/52499028142_4b0d1c3e97_h.webp?fit=1280%2C720&ssl=1","_links":{"self":[{"href":"https:\/\/blogdoprosperi.com\/index.php?rest_route=\/wp\/v2\/posts\/42865","targetHints":{"allow":["GET"]}}],"collection":[{"href":"https:\/\/blogdoprosperi.com\/index.php?rest_route=\/wp\/v2\/posts"}],"about":[{"href":"https:\/\/blogdoprosperi.com\/index.php?rest_route=\/wp\/v2\/types\/post"}],"author":[{"embeddable":true,"href":"https:\/\/blogdoprosperi.com\/index.php?rest_route=\/wp\/v2\/users\/102107496"}],"replies":[{"embeddable":true,"href":"https:\/\/blogdoprosperi.com\/index.php?rest_route=%2Fwp%2Fv2%2Fcomments&post=42865"}],"version-history":[{"count":12,"href":"https:\/\/blogdoprosperi.com\/index.php?rest_route=\/wp\/v2\/posts\/42865\/revisions"}],"predecessor-version":[{"id":42879,"href":"https:\/\/blogdoprosperi.com\/index.php?rest_route=\/wp\/v2\/posts\/42865\/revisions\/42879"}],"wp:featuredmedia":[{"embeddable":true,"href":"https:\/\/blogdoprosperi.com\/index.php?rest_route=\/wp\/v2\/media\/41192"}],"wp:attachment":[{"href":"https:\/\/blogdoprosperi.com\/index.php?rest_route=%2Fwp%2Fv2%2Fmedia&parent=42865"}],"wp:term":[{"taxonomy":"category","embeddable":true,"href":"https:\/\/blogdoprosperi.com\/index.php?rest_route=%2Fwp%2Fv2%2Fcategories&post=42865"},{"taxonomy":"post_tag","embeddable":true,"href":"https:\/\/blogdoprosperi.com\/index.php?rest_route=%2Fwp%2Fv2%2Ftags&post=42865"}],"curies":[{"name":"wp","href":"https:\/\/api.w.org\/{rel}","templated":true}]}}