{"id":42992,"date":"2024-06-20T10:51:32","date_gmt":"2024-06-20T13:51:32","guid":{"rendered":"https:\/\/blogdoprosperi.com\/?p=42992"},"modified":"2024-06-20T11:58:19","modified_gmt":"2024-06-20T14:58:19","slug":"urgente-servia-ameaca-retirar-se-do-euro-2024-por-causa-dos-cantos-de-odio-de-croacia-e-albania","status":"publish","type":"post","link":"https:\/\/blogdoprosperi.com\/?p=42992","title":{"rendered":"URGENTE: S\u00e9rvia amea\u00e7a retirar-se da Euro 2024 por causa de cantos de \u00f3dio"},"content":{"rendered":"<p>Euro 2024 est\u00e1 diante de uma crise pol\u00edtica e \u00e0 beira de mais viol\u00eancia nas ruas da Alemanha, quando os jogos caminham na segunda rodada do torneio. Not\u00edcia dessa quinta-feira (20\/6) no <em>The Guardian<\/em>, de Londres, aponta uma amea\u00e7a da S\u00e9rvia de retirar-se da Eurocopa por causa de cantos de \u00f3dio de rivais Cro\u00e1cia e Alb\u00e2nia. S\u00e9rvia e Eslov\u00eania se. enfrentaram nesse dia 20\/6. Acabou 1 a 1, com direito a gol de empate dos s\u00e9rvios no \u00faltimo minuto dos acr\u00e9scimos do segundo tempo.<\/p>\n<p>Leia reportagem do <em><strong>The Guardian<\/strong><\/em> narrada qui no blog <strong>Pr\u00f3speri News<\/strong>:<\/p>\n<p>A S\u00e9rvia est\u00e1 exigindo que a Uefa castigue a Cro\u00e1cia e a Alb\u00e2nia depois de acusar seus torcedores de cantos de \u00f3dio durante o <span style=\"color: #0000ff\"><strong><a style=\"color: #0000ff\" href=\"https:\/\/blogdoprosperi.com\/2024\/06\/19\/alemanha-classificada-albania-respira-na-euro-2024\/\">confronto (empate 2 a 2)<\/a> <\/strong><\/span>em Hamburgo, na quarta-feira (19\/6).<\/p>\n<p class=\"dcr-jdlpgv\">Jovan Surbatovic, secret\u00e1rio-geral da Associa\u00e7\u00e3o de Futebol da S\u00e9rvia, disse que uma queixa formal foi apresentada, alegando que os torcedores da Cro\u00e1cia e da Alb\u00e2nia gritaram <strong>\u201cMate, mate, mate o s\u00e9rvio\u201d\u00a0durante o empate em 2 a 2\u00a0<\/strong>. Ele at\u00e9 amea\u00e7ou que a S\u00e9rvia, ela pr\u00f3pria acusada pela Uefa pelos incidentes durante a derrota para a Inglaterra no domingo, pudesse se retirar do torneio.<\/p>\n<figure id=\"bc7f714a-b61a-4623-91ef-d41b7056f81f\" class=\" dcr-1your1i\"><\/figure>\n<p class=\"dcr-jdlpgv\">\u201cEm primeiro lugar, quero agradecer aos nossos adeptos pelo apoio no jogo contra a Inglaterra e espero que derrotemos a Eslov\u00e9nia\u201d, disse Surbatovic. <strong>\u201cO que aconteceu \u00e9 escandaloso e vamos pedir san\u00e7\u00f5es \u00e0 Uefa,<\/strong> mesmo que isso signifique n\u00e3o continuar a competi\u00e7\u00e3o. Se a Uefa n\u00e3o os punir, pensaremos em como proceder.\u201d<\/p>\n<p class=\"dcr-jdlpgv\">Na segunda-feira, a Federa\u00e7\u00e3o S\u00e9rvia de Futebol foi\u00a0acusada pela Uefa depois de os seus torcedores exibirem uma faixa que \u201ctransmitia uma mensagem provocativa impr\u00f3pria para um evento desportivo\u201d contra a Inglaterra e por atirarem objetos dentro do est\u00e1dio de Gelsenkirchen.<\/p>\n<p class=\"dcr-jdlpgv\">A acusa\u00e7\u00e3o surgiu depois de a Federa\u00e7\u00e3o de Futebol do Kosovo se ter queixado ao \u00f3rg\u00e3o dirigente do futebol europeu sobre \u201cos adeptos s\u00e9rvios exibirem mensagens pol\u00edticas, chauvinistas e racistas contra o Kosovo\u201d durante o mesmo jogo.<\/p>\n<p class=\"dcr-jdlpgv\">\u201cFomos punidos por casos isolados e nossos torcedores se comportaram muito melhor que os outros\u201d, disse Surbatovic. \u201cUm torcedor foi punido por insultos racistas e n\u00e3o queremos que isso seja atribu\u00eddo a outros. N\u00f3s, s\u00e9rvios, somos cavalheiros e temos o cora\u00e7\u00e3o aberto.\u201d<\/p>\n<p class=\"dcr-jdlpgv\">Os torcedores da S\u00e9rvia gritaram \u201cKosovo \u00e9 o cora\u00e7\u00e3o da S\u00e9rvia\u201d na Marienplatz de Munique na quinta-feira (20\/6). Os adeptos reuniram-se na pra\u00e7a do centro da cidade antes do jogo da sua equipa com a Eslov\u00e9nia, na Allianz Arena.<\/p>\n","protected":false},"excerpt":{"rendered":"<p>Euro 2024 est\u00e1 diante de uma crise pol\u00edtica e \u00e0 beira de mais viol\u00eancia nas ruas da Alemanha, [&hellip;]<\/p>\n","protected":false},"author":102107496,"featured_media":42996,"comment_status":"open","ping_status":"open","sticky":false,"template":"","format":"standard","meta":{"_coblocks_attr":"","_coblocks_dimensions":"","_coblocks_responsive_height":"","_coblocks_accordion_ie_support":"","_jetpack_newsletter_access":"","_jetpack_dont_email_post_to_subs":false,"_jetpack_newsletter_tier_id":0,"_jetpack_memberships_contains_paywalled_content":false,"_wpcom_ai_launchpad_first_post":false,"_jetpack_feature_clip_id":0,"_jetpack_memberships_contains_paid_content":false,"footnotes":"","jetpack_publicize_message":"","jetpack_publicize_feature_enabled":true,"jetpack_social_post_already_shared":false,"jetpack_social_options":{"image_generator_settings":{"template":"highway","default_image_id":0,"font":"","enabled":false},"version":2},"jetpack_post_was_ever_published":false},"categories":[768932782,20384,3919],"tags":[10668348,115992,46013074,186075,49326243,205203],"class_list":["post-42992","post","type-post","status-publish","format-standard","has-post-thumbnail","hentry","category-futebol-2024","category-informacao","category-opiniao","tag-0000ff","tag-albania","tag-cantos-de-odio","tag-croacia","tag-euro-2024","tag-servia"],"yoast_head":"<!-- This site is optimized with the Yoast SEO plugin v28.3 - https:\/\/yoast.com\/product\/yoast-seo-wordpress\/ -->\n<title>URGENTE: S\u00e9rvia amea\u00e7a retirar-se da Euro 2024 por causa de cantos de \u00f3dio - PR\u00d3SPERI NEWS<\/title>\n<meta name=\"robots\" content=\"index, follow, max-snippet:-1, max-image-preview:large, max-video-preview:-1\" \/>\n<link rel=\"canonical\" href=\"https:\/\/blogdoprosperi.com\/?p=42992\" \/>\n<meta property=\"og:locale\" content=\"pt_BR\" \/>\n<meta property=\"og:type\" content=\"article\" \/>\n<meta property=\"og:title\" content=\"URGENTE: S\u00e9rvia amea\u00e7a retirar-se da Euro 2024 por causa de cantos de \u00f3dio - PR\u00d3SPERI NEWS\" \/>\n<meta property=\"og:description\" content=\"Euro 2024 est\u00e1 diante de uma crise pol\u00edtica e \u00e0 beira de mais viol\u00eancia nas ruas da Alemanha, [&hellip;]\" \/>\n<meta property=\"og:url\" content=\"https:\/\/blogdoprosperi.com\/?p=42992\" \/>\n<meta property=\"og:site_name\" content=\"PR\u00d3SPERI NEWS\" \/>\n<meta property=\"article:publisher\" content=\"Luiz Pr\u00f3speri\" \/>\n<meta property=\"article:author\" content=\"Luiz Pr\u00f3speri\" \/>\n<meta property=\"article:published_time\" content=\"2024-06-20T13:51:32+00:00\" \/>\n<meta property=\"article:modified_time\" content=\"2024-06-20T14:58:19+00:00\" \/>\n<meta property=\"og:image\" content=\"https:\/\/i0.wp.com\/blogdoprosperi.com\/wp-content\/uploads\/2024\/06\/gqceaj_weaelhj7.jpeg?fit=1200%2C800&ssl=1\" \/>\n\t<meta property=\"og:image:width\" content=\"1200\" \/>\n\t<meta property=\"og:image:height\" content=\"800\" \/>\n\t<meta property=\"og:image:type\" content=\"image\/jpeg\" \/>\n<meta name=\"author\" content=\"Luiz Ant\u00f4nio Pr\u00f3speri\" \/>\n<meta name=\"twitter:card\" content=\"summary_large_image\" \/>\n<meta name=\"twitter:creator\" content=\"@Luizprosperi\" \/>\n<meta name=\"twitter:site\" content=\"@Luizprosperi\" \/>\n<meta name=\"twitter:label1\" content=\"Escrito por\" \/>\n\t<meta name=\"twitter:data1\" content=\"Luiz Ant\u00f4nio Pr\u00f3speri\" \/>\n\t<meta name=\"twitter:label2\" content=\"Est. tempo de leitura\" \/>\n\t<meta name=\"twitter:data2\" content=\"2 minutos\" \/>\n<script type=\"application\/ld+json\" class=\"yoast-schema-graph\">{\"@context\":\"https:\\\/\\\/schema.org\",\"@graph\":[{\"@type\":\"Article\",\"@id\":\"https:\\\/\\\/blogdoprosperi.com\\\/?p=42992#article\",\"isPartOf\":{\"@id\":\"https:\\\/\\\/blogdoprosperi.com\\\/?p=42992\"},\"author\":{\"name\":\"Luiz Ant\u00f4nio Pr\u00f3speri\",\"@id\":\"https:\\\/\\\/blogdoprosperi.com\\\/#\\\/schema\\\/person\\\/38100755ce3601861ee4fab9b5aa78e9\"},\"headline\":\"URGENTE: S\u00e9rvia amea\u00e7a retirar-se da Euro 2024 por causa de cantos de \u00f3dio\",\"datePublished\":\"2024-06-20T13:51:32+00:00\",\"dateModified\":\"2024-06-20T14:58:19+00:00\",\"mainEntityOfPage\":{\"@id\":\"https:\\\/\\\/blogdoprosperi.com\\\/?p=42992\"},\"wordCount\":451,\"commentCount\":0,\"publisher\":{\"@id\":\"https:\\\/\\\/blogdoprosperi.com\\\/#\\\/schema\\\/person\\\/38100755ce3601861ee4fab9b5aa78e9\"},\"image\":{\"@id\":\"https:\\\/\\\/blogdoprosperi.com\\\/?p=42992#primaryimage\"},\"thumbnailUrl\":\"https:\\\/\\\/i0.wp.com\\\/blogdoprosperi.com\\\/wp-content\\\/uploads\\\/2024\\\/06\\\/gqceaj_weaelhj7.jpeg?fit=1200%2C800&ssl=1\",\"keywords\":[\"0000ff\",\"alb\u00e2nia\",\"cantos de \u00f3dio\",\"Cro\u00e1cia\",\"euro 2024\",\"servia\"],\"articleSection\":[\"futebol 2024\",\"informa\u00e7\u00e3o\",\"opini\u00e3o\"],\"inLanguage\":\"pt-BR\",\"potentialAction\":[{\"@type\":\"CommentAction\",\"name\":\"Comment\",\"target\":[\"https:\\\/\\\/blogdoprosperi.com\\\/?p=42992#respond\"]}]},{\"@type\":\"WebPage\",\"@id\":\"https:\\\/\\\/blogdoprosperi.com\\\/?p=42992\",\"url\":\"https:\\\/\\\/blogdoprosperi.com\\\/?p=42992\",\"name\":\"URGENTE: S\u00e9rvia amea\u00e7a retirar-se da Euro 2024 por causa de cantos de \u00f3dio - PR\u00d3SPERI NEWS\",\"isPartOf\":{\"@id\":\"https:\\\/\\\/blogdoprosperi.com\\\/#website\"},\"primaryImageOfPage\":{\"@id\":\"https:\\\/\\\/blogdoprosperi.com\\\/?p=42992#primaryimage\"},\"image\":{\"@id\":\"https:\\\/\\\/blogdoprosperi.com\\\/?p=42992#primaryimage\"},\"thumbnailUrl\":\"https:\\\/\\\/i0.wp.com\\\/blogdoprosperi.com\\\/wp-content\\\/uploads\\\/2024\\\/06\\\/gqceaj_weaelhj7.jpeg?fit=1200%2C800&ssl=1\",\"datePublished\":\"2024-06-20T13:51:32+00:00\",\"dateModified\":\"2024-06-20T14:58:19+00:00\",\"breadcrumb\":{\"@id\":\"https:\\\/\\\/blogdoprosperi.com\\\/?p=42992#breadcrumb\"},\"inLanguage\":\"pt-BR\",\"potentialAction\":[{\"@type\":\"ReadAction\",\"target\":[\"https:\\\/\\\/blogdoprosperi.com\\\/?p=42992\"]}]},{\"@type\":\"ImageObject\",\"inLanguage\":\"pt-BR\",\"@id\":\"https:\\\/\\\/blogdoprosperi.com\\\/?p=42992#primaryimage\",\"url\":\"https:\\\/\\\/i0.wp.com\\\/blogdoprosperi.com\\\/wp-content\\\/uploads\\\/2024\\\/06\\\/gqceaj_weaelhj7.jpeg?fit=1200%2C800&ssl=1\",\"contentUrl\":\"https:\\\/\\\/i0.wp.com\\\/blogdoprosperi.com\\\/wp-content\\\/uploads\\\/2024\\\/06\\\/gqceaj_weaelhj7.jpeg?fit=1200%2C800&ssl=1\",\"width\":1200,\"height\":800,\"caption\":\"S\u00e9rvia pede puni\u00e7\u00e3o a croatas e albaneses \u2013 foto: Hollingas.cz Official\"},{\"@type\":\"BreadcrumbList\",\"@id\":\"https:\\\/\\\/blogdoprosperi.com\\\/?p=42992#breadcrumb\",\"itemListElement\":[{\"@type\":\"ListItem\",\"position\":1,\"name\":\"In\u00edcio\",\"item\":\"https:\\\/\\\/blogdoprosperi.com\\\/\"},{\"@type\":\"ListItem\",\"position\":2,\"name\":\"URGENTE: S\u00e9rvia amea\u00e7a retirar-se da Euro 2024 por causa de cantos de \u00f3dio\"}]},{\"@type\":\"WebSite\",\"@id\":\"https:\\\/\\\/blogdoprosperi.com\\\/#website\",\"url\":\"https:\\\/\\\/blogdoprosperi.com\\\/\",\"name\":\"PR\u00d3SPERI NEWS\",\"description\":\"TUDO \u00c9  FUTEBOL\",\"publisher\":{\"@id\":\"https:\\\/\\\/blogdoprosperi.com\\\/#\\\/schema\\\/person\\\/38100755ce3601861ee4fab9b5aa78e9\"},\"alternateName\":\"blogdoprosperi.com\",\"potentialAction\":[{\"@type\":\"SearchAction\",\"target\":{\"@type\":\"EntryPoint\",\"urlTemplate\":\"https:\\\/\\\/blogdoprosperi.com\\\/?s={search_term_string}\"},\"query-input\":{\"@type\":\"PropertyValueSpecification\",\"valueRequired\":true,\"valueName\":\"search_term_string\"}}],\"inLanguage\":\"pt-BR\"},{\"@type\":[\"Person\",\"Organization\"],\"@id\":\"https:\\\/\\\/blogdoprosperi.com\\\/#\\\/schema\\\/person\\\/38100755ce3601861ee4fab9b5aa78e9\",\"name\":\"Luiz Ant\u00f4nio Pr\u00f3speri\",\"pronouns\":\"ele\",\"image\":{\"@type\":\"ImageObject\",\"inLanguage\":\"pt-BR\",\"@id\":\"https:\\\/\\\/i0.wp.com\\\/blogdoprosperi.com\\\/wp-content\\\/uploads\\\/2026\\\/05\\\/cropped-8059e613-6002-42fa-961e-8e275f575d71-2-5.jpg?fit=1360%2C931&ssl=1\",\"url\":\"https:\\\/\\\/i0.wp.com\\\/blogdoprosperi.com\\\/wp-content\\\/uploads\\\/2026\\\/05\\\/cropped-8059e613-6002-42fa-961e-8e275f575d71-2-5.jpg?fit=1360%2C931&ssl=1\",\"contentUrl\":\"https:\\\/\\\/i0.wp.com\\\/blogdoprosperi.com\\\/wp-content\\\/uploads\\\/2026\\\/05\\\/cropped-8059e613-6002-42fa-961e-8e275f575d71-2-5.jpg?fit=1360%2C931&ssl=1\",\"width\":1360,\"height\":931,\"caption\":\"Luiz Ant\u00f4nio Pr\u00f3speri\"},\"logo\":{\"@id\":\"https:\\\/\\\/i0.wp.com\\\/blogdoprosperi.com\\\/wp-content\\\/uploads\\\/2026\\\/05\\\/cropped-8059e613-6002-42fa-961e-8e275f575d71-2-5.jpg?fit=1360%2C931&ssl=1\"},\"description\":\"Jornalista com carreira dedicada ao esporte. Cobriu 9 Copas do Mundo in loco, 1990 na It\u00e1lia, 1994 nos EUA, 1998 na Fran\u00e7a, 2002 na Coreia do Sul e Jap\u00e3o, 2006 na Alemanha, 2010 na \u00c1frica do Sul, 2014 no Brasil, 2018 na R\u00fassia e 2022 no Qatar. Eurocopas, 1992 na Su\u00e9cia e 1996 na Inglaterra. Copa das Confedera\u00e7\u00f5es de 2005 na Alemanha e 2009 na \u00c1frica do Sul. Rep\u00f3rter e Editor, trabalhou no Jornal da Tarde e Estad\u00e3o, de 1984 a fevereiro de 2016. Colunista, blogueiro. E comentarista de futebol na R\u00e1dio Estad\u00e3o, de 2013 a fevereiro de 2016. Jornalista respons\u00e1vel do \\\"Pr\u00f3speri News\\\" (blogdoprosperi.com).\",\"sameAs\":[\"http:\\\/\\\/blogdoprosperi.com\",\"Luiz Pr\u00f3speri\",\"@luiz_prosperi\",\"https:\\\/\\\/x.com\\\/Luizprosperi\",\"@prosperinacopa\",\"luiz.prosperi@icloud.com\"],\"url\":\"https:\\\/\\\/blogdoprosperi.com\\\/?author=102107496\"}]}<\/script>\n<!-- \/ Yoast SEO plugin. -->","yoast_head_json":{"title":"URGENTE: S\u00e9rvia amea\u00e7a retirar-se da Euro 2024 por causa de cantos de \u00f3dio - PR\u00d3SPERI NEWS","robots":{"index":"index","follow":"follow","max-snippet":"max-snippet:-1","max-image-preview":"max-image-preview:large","max-video-preview":"max-video-preview:-1"},"canonical":"https:\/\/blogdoprosperi.com\/?p=42992","og_locale":"pt_BR","og_type":"article","og_title":"URGENTE: S\u00e9rvia amea\u00e7a retirar-se da Euro 2024 por causa de cantos de \u00f3dio - PR\u00d3SPERI NEWS","og_description":"Euro 2024 est\u00e1 diante de uma crise pol\u00edtica e \u00e0 beira de mais viol\u00eancia nas ruas da Alemanha, [&hellip;]","og_url":"https:\/\/blogdoprosperi.com\/?p=42992","og_site_name":"PR\u00d3SPERI NEWS","article_publisher":"Luiz Pr\u00f3speri","article_author":"Luiz Pr\u00f3speri","article_published_time":"2024-06-20T13:51:32+00:00","article_modified_time":"2024-06-20T14:58:19+00:00","og_image":[{"width":1200,"height":800,"url":"https:\/\/i0.wp.com\/blogdoprosperi.com\/wp-content\/uploads\/2024\/06\/gqceaj_weaelhj7.jpeg?fit=1200%2C800&ssl=1","type":"image\/jpeg"}],"author":"Luiz Ant\u00f4nio Pr\u00f3speri","twitter_card":"summary_large_image","twitter_creator":"@Luizprosperi","twitter_site":"@Luizprosperi","twitter_misc":{"Escrito por":"Luiz Ant\u00f4nio Pr\u00f3speri","Est. tempo de leitura":"2 minutos"},"schema":{"@context":"https:\/\/schema.org","@graph":[{"@type":"Article","@id":"https:\/\/blogdoprosperi.com\/?p=42992#article","isPartOf":{"@id":"https:\/\/blogdoprosperi.com\/?p=42992"},"author":{"name":"Luiz Ant\u00f4nio Pr\u00f3speri","@id":"https:\/\/blogdoprosperi.com\/#\/schema\/person\/38100755ce3601861ee4fab9b5aa78e9"},"headline":"URGENTE: S\u00e9rvia amea\u00e7a retirar-se da Euro 2024 por causa de cantos de \u00f3dio","datePublished":"2024-06-20T13:51:32+00:00","dateModified":"2024-06-20T14:58:19+00:00","mainEntityOfPage":{"@id":"https:\/\/blogdoprosperi.com\/?p=42992"},"wordCount":451,"commentCount":0,"publisher":{"@id":"https:\/\/blogdoprosperi.com\/#\/schema\/person\/38100755ce3601861ee4fab9b5aa78e9"},"image":{"@id":"https:\/\/blogdoprosperi.com\/?p=42992#primaryimage"},"thumbnailUrl":"https:\/\/i0.wp.com\/blogdoprosperi.com\/wp-content\/uploads\/2024\/06\/gqceaj_weaelhj7.jpeg?fit=1200%2C800&ssl=1","keywords":["0000ff","alb\u00e2nia","cantos de \u00f3dio","Cro\u00e1cia","euro 2024","servia"],"articleSection":["futebol 2024","informa\u00e7\u00e3o","opini\u00e3o"],"inLanguage":"pt-BR","potentialAction":[{"@type":"CommentAction","name":"Comment","target":["https:\/\/blogdoprosperi.com\/?p=42992#respond"]}]},{"@type":"WebPage","@id":"https:\/\/blogdoprosperi.com\/?p=42992","url":"https:\/\/blogdoprosperi.com\/?p=42992","name":"URGENTE: S\u00e9rvia amea\u00e7a retirar-se da Euro 2024 por causa de cantos de \u00f3dio - PR\u00d3SPERI NEWS","isPartOf":{"@id":"https:\/\/blogdoprosperi.com\/#website"},"primaryImageOfPage":{"@id":"https:\/\/blogdoprosperi.com\/?p=42992#primaryimage"},"image":{"@id":"https:\/\/blogdoprosperi.com\/?p=42992#primaryimage"},"thumbnailUrl":"https:\/\/i0.wp.com\/blogdoprosperi.com\/wp-content\/uploads\/2024\/06\/gqceaj_weaelhj7.jpeg?fit=1200%2C800&ssl=1","datePublished":"2024-06-20T13:51:32+00:00","dateModified":"2024-06-20T14:58:19+00:00","breadcrumb":{"@id":"https:\/\/blogdoprosperi.com\/?p=42992#breadcrumb"},"inLanguage":"pt-BR","potentialAction":[{"@type":"ReadAction","target":["https:\/\/blogdoprosperi.com\/?p=42992"]}]},{"@type":"ImageObject","inLanguage":"pt-BR","@id":"https:\/\/blogdoprosperi.com\/?p=42992#primaryimage","url":"https:\/\/i0.wp.com\/blogdoprosperi.com\/wp-content\/uploads\/2024\/06\/gqceaj_weaelhj7.jpeg?fit=1200%2C800&ssl=1","contentUrl":"https:\/\/i0.wp.com\/blogdoprosperi.com\/wp-content\/uploads\/2024\/06\/gqceaj_weaelhj7.jpeg?fit=1200%2C800&ssl=1","width":1200,"height":800,"caption":"S\u00e9rvia pede puni\u00e7\u00e3o a croatas e albaneses \u2013 foto: Hollingas.cz Official"},{"@type":"BreadcrumbList","@id":"https:\/\/blogdoprosperi.com\/?p=42992#breadcrumb","itemListElement":[{"@type":"ListItem","position":1,"name":"In\u00edcio","item":"https:\/\/blogdoprosperi.com\/"},{"@type":"ListItem","position":2,"name":"URGENTE: S\u00e9rvia amea\u00e7a retirar-se da Euro 2024 por causa de cantos de \u00f3dio"}]},{"@type":"WebSite","@id":"https:\/\/blogdoprosperi.com\/#website","url":"https:\/\/blogdoprosperi.com\/","name":"PR\u00d3SPERI NEWS","description":"TUDO \u00c9  FUTEBOL","publisher":{"@id":"https:\/\/blogdoprosperi.com\/#\/schema\/person\/38100755ce3601861ee4fab9b5aa78e9"},"alternateName":"blogdoprosperi.com","potentialAction":[{"@type":"SearchAction","target":{"@type":"EntryPoint","urlTemplate":"https:\/\/blogdoprosperi.com\/?s={search_term_string}"},"query-input":{"@type":"PropertyValueSpecification","valueRequired":true,"valueName":"search_term_string"}}],"inLanguage":"pt-BR"},{"@type":["Person","Organization"],"@id":"https:\/\/blogdoprosperi.com\/#\/schema\/person\/38100755ce3601861ee4fab9b5aa78e9","name":"Luiz Ant\u00f4nio Pr\u00f3speri","pronouns":"ele","image":{"@type":"ImageObject","inLanguage":"pt-BR","@id":"https:\/\/i0.wp.com\/blogdoprosperi.com\/wp-content\/uploads\/2026\/05\/cropped-8059e613-6002-42fa-961e-8e275f575d71-2-5.jpg?fit=1360%2C931&ssl=1","url":"https:\/\/i0.wp.com\/blogdoprosperi.com\/wp-content\/uploads\/2026\/05\/cropped-8059e613-6002-42fa-961e-8e275f575d71-2-5.jpg?fit=1360%2C931&ssl=1","contentUrl":"https:\/\/i0.wp.com\/blogdoprosperi.com\/wp-content\/uploads\/2026\/05\/cropped-8059e613-6002-42fa-961e-8e275f575d71-2-5.jpg?fit=1360%2C931&ssl=1","width":1360,"height":931,"caption":"Luiz Ant\u00f4nio Pr\u00f3speri"},"logo":{"@id":"https:\/\/i0.wp.com\/blogdoprosperi.com\/wp-content\/uploads\/2026\/05\/cropped-8059e613-6002-42fa-961e-8e275f575d71-2-5.jpg?fit=1360%2C931&ssl=1"},"description":"Jornalista com carreira dedicada ao esporte. Cobriu 9 Copas do Mundo in loco, 1990 na It\u00e1lia, 1994 nos EUA, 1998 na Fran\u00e7a, 2002 na Coreia do Sul e Jap\u00e3o, 2006 na Alemanha, 2010 na \u00c1frica do Sul, 2014 no Brasil, 2018 na R\u00fassia e 2022 no Qatar. Eurocopas, 1992 na Su\u00e9cia e 1996 na Inglaterra. Copa das Confedera\u00e7\u00f5es de 2005 na Alemanha e 2009 na \u00c1frica do Sul. Rep\u00f3rter e Editor, trabalhou no Jornal da Tarde e Estad\u00e3o, de 1984 a fevereiro de 2016. Colunista, blogueiro. E comentarista de futebol na R\u00e1dio Estad\u00e3o, de 2013 a fevereiro de 2016. Jornalista respons\u00e1vel do \"Pr\u00f3speri News\" (blogdoprosperi.com).","sameAs":["http:\/\/blogdoprosperi.com","Luiz Pr\u00f3speri","@luiz_prosperi","https:\/\/x.com\/Luizprosperi","@prosperinacopa","luiz.prosperi@icloud.com"],"url":"https:\/\/blogdoprosperi.com\/?author=102107496"}]}},"jetpack_publicize_connections":[],"jetpack_likes_enabled":false,"jetpack_sharing_enabled":true,"jetpack_shortlink":"https:\/\/wp.me\/p7jvdk-bbq","jetpack-related-posts":[{"id":42933,"url":"https:\/\/blogdoprosperi.com\/?p=42933","url_meta":{"origin":42992,"position":0},"title":"Euro 2024 TV ao vivo: Alemanha rumo \u00e0s oitavas e agonia de Cro\u00e1cia e Alb\u00e2nia","author":"Luiz Ant\u00f4nio Pr\u00f3speri","date":"19 de junho de 2024","format":false,"excerpt":"Alemanha entra na segunda rodada pronta a confirmar classifica\u00e7\u00e3o \u00e0s oitavas de final. Enfrenta a fraca Hungria, no Grupo A, nessa quarta-feira, \u00e0s 13h, em Stuttgart, depois de golear a Esc\u00f3cia por 5 a 1 na abertura da Euro 2024. Uma vit\u00f3ria leva os alem\u00e3es \u00e0 segunda fase. Jogo pesado\u2026","rel":"","context":"Em &quot;futebol&quot;","block_context":{"text":"futebol","link":"https:\/\/blogdoprosperi.com\/?cat=53870"},"img":{"alt_text":"Segunda rodada da Euro com Modric (Cro\u00e1cia), Wirtz (Alemanha) e Saka (Su\u00ed\u00e7a)","src":"https:\/\/i0.wp.com\/blogdoprosperi.com\/wp-content\/uploads\/2024\/06\/euro_24_-_3_players_country_-_facebook_2_.webp?fit=988%2C556&ssl=1&resize=350%2C200","width":350,"height":200,"srcset":"https:\/\/i0.wp.com\/blogdoprosperi.com\/wp-content\/uploads\/2024\/06\/euro_24_-_3_players_country_-_facebook_2_.webp?fit=988%2C556&ssl=1&resize=350%2C200 1x, https:\/\/i0.wp.com\/blogdoprosperi.com\/wp-content\/uploads\/2024\/06\/euro_24_-_3_players_country_-_facebook_2_.webp?fit=988%2C556&ssl=1&resize=525%2C300 1.5x, https:\/\/i0.wp.com\/blogdoprosperi.com\/wp-content\/uploads\/2024\/06\/euro_24_-_3_players_country_-_facebook_2_.webp?fit=988%2C556&ssl=1&resize=700%2C400 2x"},"classes":[]},{"id":42971,"url":"https:\/\/blogdoprosperi.com\/?p=42971","url_meta":{"origin":42992,"position":1},"title":"Jogos Euro 2024 na TV: cl\u00e1ssico Espanha vs It\u00e1lia; Dinamarca vs Inglaterra","author":"Luiz Ant\u00f4nio Pr\u00f3speri","date":"20 de junho de 2024","format":false,"excerpt":"Espanha vs It\u00e1lia \u00e9 o destaque da Euro nessa quinta-feira (20\/6) em Gelsenkirchen. Jogo do Grupo B vale classifica\u00e7\u00e3o \u00e0s oitavas. Na primeira rodada, os espanh\u00f3is venceram a Cro\u00e1cia por 3 a 0 e os italianos derrotaram Alb\u00e2nia por 2 a 1. Outro confronto de muitas atra\u00e7\u00f5es: Dinamarca vs Inglaterra\u2026","rel":"","context":"Em &quot;futebol&quot;","block_context":{"text":"futebol","link":"https:\/\/blogdoprosperi.com\/?cat=53870"},"img":{"alt_text":"","src":"https:\/\/i0.wp.com\/blogdoprosperi.com\/wp-content\/uploads\/2024\/06\/captura-de-tela-2024-06-20-as-00.10.53.png?fit=1200%2C667&ssl=1&resize=350%2C200","width":350,"height":200,"srcset":"https:\/\/i0.wp.com\/blogdoprosperi.com\/wp-content\/uploads\/2024\/06\/captura-de-tela-2024-06-20-as-00.10.53.png?fit=1200%2C667&ssl=1&resize=350%2C200 1x, https:\/\/i0.wp.com\/blogdoprosperi.com\/wp-content\/uploads\/2024\/06\/captura-de-tela-2024-06-20-as-00.10.53.png?fit=1200%2C667&ssl=1&resize=525%2C300 1.5x, https:\/\/i0.wp.com\/blogdoprosperi.com\/wp-content\/uploads\/2024\/06\/captura-de-tela-2024-06-20-as-00.10.53.png?fit=1200%2C667&ssl=1&resize=700%2C400 2x, https:\/\/i0.wp.com\/blogdoprosperi.com\/wp-content\/uploads\/2024\/06\/captura-de-tela-2024-06-20-as-00.10.53.png?fit=1200%2C667&ssl=1&resize=1050%2C600 3x"},"classes":[]},{"id":43106,"url":"https:\/\/blogdoprosperi.com\/?p=43106","url_meta":{"origin":42992,"position":2},"title":"Euro 2024 na TV: It\u00e1lia, Cro\u00e1cia e Alb\u00e2nia decidem vaga \u00e0s oitavas, acaba farra dos escoceses na Alemanha","author":"Luiz Ant\u00f4nio Pr\u00f3speri","date":"24 de junho de 2024","format":false,"excerpt":"Euro 2024 entra na semana decisiva quando ser\u00e3o conhecidas as 16 sele\u00e7\u00f5es classificadas \u00e0s oitavas de final. Semana tamb\u00e9m de despedidas esvaziando um pouco as ruas da Alemanha de torcidas fren\u00e9ticas, festivas, \u00e0s vezes violentas, e na sua maioria encharcada de cerveja barata alem\u00e3. Adeus mais lamentado at\u00e9 aqui: os\u2026","rel":"","context":"Em &quot;futebol&quot;","block_context":{"text":"futebol","link":"https:\/\/blogdoprosperi.com\/?cat=53870"},"img":{"alt_text":"Escoceses deixam Alemanha ap\u00f3s fracasso da sele\u00e7\u00e3o","src":"https:\/\/i0.wp.com\/blogdoprosperi.com\/wp-content\/uploads\/2024\/06\/8ca2f640-2a38-11ef-a2f3-5fede4c7b30b.jpg.webp?fit=1200%2C674&ssl=1&resize=350%2C200","width":350,"height":200,"srcset":"https:\/\/i0.wp.com\/blogdoprosperi.com\/wp-content\/uploads\/2024\/06\/8ca2f640-2a38-11ef-a2f3-5fede4c7b30b.jpg.webp?fit=1200%2C674&ssl=1&resize=350%2C200 1x, https:\/\/i0.wp.com\/blogdoprosperi.com\/wp-content\/uploads\/2024\/06\/8ca2f640-2a38-11ef-a2f3-5fede4c7b30b.jpg.webp?fit=1200%2C674&ssl=1&resize=525%2C300 1.5x, https:\/\/i0.wp.com\/blogdoprosperi.com\/wp-content\/uploads\/2024\/06\/8ca2f640-2a38-11ef-a2f3-5fede4c7b30b.jpg.webp?fit=1200%2C674&ssl=1&resize=700%2C400 2x, https:\/\/i0.wp.com\/blogdoprosperi.com\/wp-content\/uploads\/2024\/06\/8ca2f640-2a38-11ef-a2f3-5fede4c7b30b.jpg.webp?fit=1200%2C674&ssl=1&resize=1050%2C600 3x"},"classes":[]},{"id":42902,"url":"https:\/\/blogdoprosperi.com\/?p=42902","url_meta":{"origin":42992,"position":3},"title":"Programa\u00e7\u00e3o TV: ao vivo estreia de Cristiano Ronaldo na Euro 2024","author":"Luiz Ant\u00f4nio Pr\u00f3speri","date":"18 de junho de 2024","format":false,"excerpt":"Cristiano Ronaldo estreia na Euro 2024 nessa ter\u00e7a-feira (17\/6) no jogo Portugal x Tch\u00e9quia, \u00e0s 16h, com transmiss\u00e3o ao vivo no SporTV e Globoplay, direto de Leipzig. Ser\u00e1 a sexta Eurocopa, e talvez a \u00faltima, na carreira de CR7. Sele\u00e7\u00e3o portuguesa \u00e9 uma das favoritas ao t\u00edtulo. Confira programa\u00e7\u00e3o da\u2026","rel":"","context":"Em &quot;futebol&quot;","block_context":{"text":"futebol","link":"https:\/\/blogdoprosperi.com\/?cat=53870"},"img":{"alt_text":"Cristiano Ronaldo estreia na Euro 2024","src":"https:\/\/i0.wp.com\/blogdoprosperi.com\/wp-content\/uploads\/2024\/06\/captura-de-tela-2024-06-18-as-10.33.54.png?fit=910%2C782&ssl=1&resize=350%2C200","width":350,"height":200,"srcset":"https:\/\/i0.wp.com\/blogdoprosperi.com\/wp-content\/uploads\/2024\/06\/captura-de-tela-2024-06-18-as-10.33.54.png?fit=910%2C782&ssl=1&resize=350%2C200 1x, https:\/\/i0.wp.com\/blogdoprosperi.com\/wp-content\/uploads\/2024\/06\/captura-de-tela-2024-06-18-as-10.33.54.png?fit=910%2C782&ssl=1&resize=525%2C300 1.5x, https:\/\/i0.wp.com\/blogdoprosperi.com\/wp-content\/uploads\/2024\/06\/captura-de-tela-2024-06-18-as-10.33.54.png?fit=910%2C782&ssl=1&resize=700%2C400 2x"},"classes":[]},{"id":42685,"url":"https:\/\/blogdoprosperi.com\/?p=42685","url_meta":{"origin":42992,"position":4},"title":"Hor\u00e1rios e canais: saiba onde assistir Hungria vs Su\u00ed\u00e7a, Espanha vs Cro\u00e1cia, It\u00e1lia vs Alb\u00e2nia","author":"Luiz Ant\u00f4nio Pr\u00f3speri","date":"15 de junho de 2024","format":false,"excerpt":"S\u00e1bado \u2013 15\/6 Hungria 1 x 3 Su\u00ed\u00e7a \u2013 10h00 \u2013 SporTV e Globoplay Espanha 3 x 0 Cro\u00e1cia (veja como foi) \u2013 13h00 \u2013 Youtube Caz\u00e9 TV It\u00e1lia x Alb\u00e2nia \u2013 16h00 \u2013 SportTV e Globoplay Domingo \u2013 16\/6 Pol\u00f4nia x Holanda \u2013 10h00 \u2013 Youtube Caz\u00e9 TV Eslov\u00eania\u2026","rel":"","context":"Em &quot;futebol&quot;","block_context":{"text":"futebol","link":"https:\/\/blogdoprosperi.com\/?cat=53870"},"img":{"alt_text":"Euro 2024: programa\u00e7\u00e3o TV","src":"https:\/\/i0.wp.com\/blogdoprosperi.com\/wp-content\/uploads\/2024\/06\/captura-de-tela-2024-06-15-as-10.04.02.png?fit=1200%2C716&ssl=1&resize=350%2C200","width":350,"height":200,"srcset":"https:\/\/i0.wp.com\/blogdoprosperi.com\/wp-content\/uploads\/2024\/06\/captura-de-tela-2024-06-15-as-10.04.02.png?fit=1200%2C716&ssl=1&resize=350%2C200 1x, https:\/\/i0.wp.com\/blogdoprosperi.com\/wp-content\/uploads\/2024\/06\/captura-de-tela-2024-06-15-as-10.04.02.png?fit=1200%2C716&ssl=1&resize=525%2C300 1.5x, https:\/\/i0.wp.com\/blogdoprosperi.com\/wp-content\/uploads\/2024\/06\/captura-de-tela-2024-06-15-as-10.04.02.png?fit=1200%2C716&ssl=1&resize=700%2C400 2x, https:\/\/i0.wp.com\/blogdoprosperi.com\/wp-content\/uploads\/2024\/06\/captura-de-tela-2024-06-15-as-10.04.02.png?fit=1200%2C716&ssl=1&resize=1050%2C600 3x"},"classes":[]},{"id":42954,"url":"https:\/\/blogdoprosperi.com\/?p=42954","url_meta":{"origin":42992,"position":5},"title":"Alemanha classificada, Alb\u00e2nia respira na Euro 2024","author":"Luiz Ant\u00f4nio Pr\u00f3speri","date":"19 de junho de 2024","format":false,"excerpt":"Alemanha n\u00e3o deixa d\u00favida, despacha a Hungria e avan\u00e7a altiva \u00e0s oitavas de final da Euro 2024. Vencer o advers\u00e1rio arrojado, sob comando do italiano Marco Rossi, e desprovido de requinte t\u00e9cnico, soava obriga\u00e7\u00e3o aos alem\u00e3es. Dito e feito. Ao pulso empolgado de sua gente nas arquibancadas e ruas, Alemanha\u2026","rel":"","context":"Em &quot;futebol&quot;","block_context":{"text":"futebol","link":"https:\/\/blogdoprosperi.com\/?cat=53870"},"img":{"alt_text":"Gundogan e Musiala empurram Alemanha","src":"https:\/\/i0.wp.com\/blogdoprosperi.com\/wp-content\/uploads\/2024\/06\/captura-de-tela-2024-06-19-as-17.33.58.png?fit=812%2C590&ssl=1&resize=350%2C200","width":350,"height":200,"srcset":"https:\/\/i0.wp.com\/blogdoprosperi.com\/wp-content\/uploads\/2024\/06\/captura-de-tela-2024-06-19-as-17.33.58.png?fit=812%2C590&ssl=1&resize=350%2C200 1x, https:\/\/i0.wp.com\/blogdoprosperi.com\/wp-content\/uploads\/2024\/06\/captura-de-tela-2024-06-19-as-17.33.58.png?fit=812%2C590&ssl=1&resize=525%2C300 1.5x, https:\/\/i0.wp.com\/blogdoprosperi.com\/wp-content\/uploads\/2024\/06\/captura-de-tela-2024-06-19-as-17.33.58.png?fit=812%2C590&ssl=1&resize=700%2C400 2x"},"classes":[]}],"jetpack_featured_media_url":"https:\/\/i0.wp.com\/blogdoprosperi.com\/wp-content\/uploads\/2024\/06\/gqceaj_weaelhj7.jpeg?fit=1200%2C800&ssl=1","_links":{"self":[{"href":"https:\/\/blogdoprosperi.com\/index.php?rest_route=\/wp\/v2\/posts\/42992","targetHints":{"allow":["GET"]}}],"collection":[{"href":"https:\/\/blogdoprosperi.com\/index.php?rest_route=\/wp\/v2\/posts"}],"about":[{"href":"https:\/\/blogdoprosperi.com\/index.php?rest_route=\/wp\/v2\/types\/post"}],"author":[{"embeddable":true,"href":"https:\/\/blogdoprosperi.com\/index.php?rest_route=\/wp\/v2\/users\/102107496"}],"replies":[{"embeddable":true,"href":"https:\/\/blogdoprosperi.com\/index.php?rest_route=%2Fwp%2Fv2%2Fcomments&post=42992"}],"version-history":[{"count":8,"href":"https:\/\/blogdoprosperi.com\/index.php?rest_route=\/wp\/v2\/posts\/42992\/revisions"}],"predecessor-version":[{"id":43008,"href":"https:\/\/blogdoprosperi.com\/index.php?rest_route=\/wp\/v2\/posts\/42992\/revisions\/43008"}],"wp:featuredmedia":[{"embeddable":true,"href":"https:\/\/blogdoprosperi.com\/index.php?rest_route=\/wp\/v2\/media\/42996"}],"wp:attachment":[{"href":"https:\/\/blogdoprosperi.com\/index.php?rest_route=%2Fwp%2Fv2%2Fmedia&parent=42992"}],"wp:term":[{"taxonomy":"category","embeddable":true,"href":"https:\/\/blogdoprosperi.com\/index.php?rest_route=%2Fwp%2Fv2%2Fcategories&post=42992"},{"taxonomy":"post_tag","embeddable":true,"href":"https:\/\/blogdoprosperi.com\/index.php?rest_route=%2Fwp%2Fv2%2Ftags&post=42992"}],"curies":[{"name":"wp","href":"https:\/\/api.w.org\/{rel}","templated":true}]}}