{"id":43041,"date":"2024-06-21T11:19:04","date_gmt":"2024-06-21T14:19:04","guid":{"rendered":"https:\/\/blogdoprosperi.com\/?p=43041"},"modified":"2024-06-21T11:24:09","modified_gmt":"2024-06-21T14:24:09","slug":"tite-e-abel-cobram-cbf-por-calendario-mais-justo-no-brasileirao-2024","status":"publish","type":"post","link":"https:\/\/blogdoprosperi.com\/?p=43041","title":{"rendered":"Tite e Abel cobram CBF por calend\u00e1rio mais justo no Brasileir\u00e3o 2024"},"content":{"rendered":"<p>Flamengo volta a liderar o Brasileir\u00e3o 2024 ao vencer o Bahia por 2 a 1 \u2013 gol de David Luiz, repetindo feito contra Athletico-PR no domingo. Palmeiras sobe, \u00e9 o terceiro colocado a um ponto do time carioca, com a vit\u00f3ria por 2 a 1 em cima do Bragantino. Tite e Abel Ferreira batem pesado na CBF e cobram calend\u00e1rio mais justo no campeonato.<\/p>\n<p>Palmeiras assombra concorr\u00eancia mais uma vez. Capaz de criar in\u00fameras situa\u00e7\u00f5es de gols e fechar o primeiro tempo apenas com a vantagem m\u00ednima de 1 a 0 \u2013 gol de Veiga \u2013 diante do Bragantino nessa quinta-feira (20\/6). \u00c9 uma quest\u00e3o de identidade.<\/p>\n<p>Nem se trata de analisar n\u00fameros do jogo, crueldade das estat\u00edsticas. Basta um olhar ao desenvolvimento da partida para se concluir que o Palmeiras esteve muito pr\u00f3ximo de esmagar o advers\u00e1rio. Fez um gol. Poderia ter feito outros quatro, com sobras, ainda no primeiro tempo.<\/p>\n<figure id=\"attachment_43057\" aria-describedby=\"caption-attachment-43057\" style=\"width: 720px\" class=\"wp-caption alignnone\"><img data-recalc-dims=\"1\" loading=\"lazy\" decoding=\"async\" data-attachment-id=\"43057\" data-permalink=\"https:\/\/blogdoprosperi.com\/?attachment_id=43057\" data-orig-file=\"https:\/\/i0.wp.com\/blogdoprosperi.com\/wp-content\/uploads\/2024\/06\/53805574289_c932f6dfb6_c.jpg?fit=800%2C450&amp;ssl=1\" data-orig-size=\"800,450\" data-comments-opened=\"1\" data-image-meta=\"{&quot;aperture&quot;:&quot;0&quot;,&quot;credit&quot;:&quot;CESAR GRECO&quot;,&quot;camera&quot;:&quot;&quot;,&quot;caption&quot;:&quot;&quot;,&quot;created_timestamp&quot;:&quot;0&quot;,&quot;copyright&quot;:&quot;CESAR GRECO&quot;,&quot;focal_length&quot;:&quot;0&quot;,&quot;iso&quot;:&quot;0&quot;,&quot;shutter_speed&quot;:&quot;0&quot;,&quot;title&quot;:&quot;&quot;,&quot;orientation&quot;:&quot;0&quot;}\" data-image-title=\"Veiga de volta ao bom futebol\" data-image-description=\"\" data-image-caption=\"&lt;p&gt;Veiga comemora primeiro gol do Palmeiras no Bragantino \u2013 foto: Palmeiras oficial&lt;\/p&gt;\n\" data-large-file=\"https:\/\/i0.wp.com\/blogdoprosperi.com\/wp-content\/uploads\/2024\/06\/53805574289_c932f6dfb6_c.jpg?fit=800%2C450&amp;ssl=1\" class=\"size-large wp-image-43057\" src=\"https:\/\/i0.wp.com\/blogdoprosperi.com\/wp-content\/uploads\/2024\/06\/53805574289_c932f6dfb6_c.jpg?resize=720%2C405&#038;ssl=1\" alt=\"\" width=\"720\" height=\"405\" \/><figcaption id=\"caption-attachment-43057\" class=\"wp-caption-text\"><em>Veiga comemora primeiro gol do Palmeiras no Bragantino \u2013 foto: Palmeiras oficial<\/em><\/figcaption><\/figure>\n<p>Surpreendido ao levar gol de empate \u2013 Matheus Fernandes em contra-ataque \u2013, responde r\u00e1pido na jogada ensaiada entre o goleiro Weverton e o atacante Rony. Detalhe: jogada treinada por Abel Ferreira na manh\u00e3 do jogo. 2 a 1, tr\u00eas pontos mais, quarta vit\u00f3ria consecutiva e o terceiro lugar na tabela \u2013 um ponto a menos que o l\u00edder Flamengo.<\/p>\n<p>Palmeiras n\u00e3o pede passagem, se imp\u00f5e.<\/p>\n<p>Abel Ferreira lembra que o Palmeiras jogou na segunda-feira (17\/6) e voltou a jogar dois dias depois contra o Bragantino. E cobrou a CBF por um calend\u00e1rio mais justo.<\/p>\n<p>&#8220;Vou falar mais uma vez. E n\u00e3o estou s\u00f3.<strong> CBF, nos d\u00ea tr\u00eas dias entre um jogo e outro. Tr\u00eas dias no m\u00ednimo para recuperarmos nossos jogadores<\/strong>. N\u00e3o estou a falar sozinho. Treinadores do Atl\u00e9tico, Flamengo, Botafogo, de todos clubes est\u00e3o pedindo.&#8221;<\/p>\n<h3><strong>Tite n\u00e3o deixa por menos<\/strong><\/h3>\n<p><strong>&#8220;Eu vou falar direto para ele, para o Julio Avellar que \u00e9 o cara respons\u00e1vel pelo calend\u00e1rio. Ele tem que cuidar direitinho da sua atividade, da organiza\u00e7\u00e3o e do tempo de descanso das equipes.<\/strong> Tem atletas que v\u00e3o estourar porque v\u00e3o jogar em menos de 72 horas. Vai estourar les\u00e3o, joelho, tornozelo. Isso prejudica o clube, prejudica uma campanha, o atleta individualmente. Cuidado. Vou dar de novo o nome: Julio Avellar. Fa\u00e7a as coisas corretas&#8221;, cobrou Tite ap\u00f3s vit\u00f3ria por 2 a 1 contra Bahia, resultado que devolve a lideran\u00e7a do Brasileir\u00e3o 24 ao Flamengo.<\/p>\n<div id=\"chunk-aumui\">\n<div class=\"mc-column content-text active-extra-styles \">\n<p class=\" content-text__container \">\u00a0Gerente de futebol do Flamengo diz que o clube \u00e9 o mais prejudicado neste per\u00edodo de Copa Am\u00e9rica:<\/p>\n<\/div>\n<\/div>\n<div id=\"chunk-4dh2o\">\n<div class=\"mc-column content-text active-extra-styles \">\n<p class=\" content-text__container \">&#8220;S\u00e3o 11 jogos que vamos ter esse desiquilibro sem os selecion\u00e1veis. Isso vem acarretando atletas sendo expostos, correndo riscos de les\u00f5es. Vamos agora para o segundo jogo em que jogamos com 66 horas de intervalo. Jogamos na casa do Athletico-PR (<em>66 horas ap\u00f3s o jogo contra o Gr\u00eamio<\/em>). Agora vamos jogar um cl\u00e1ssico contra o atual campe\u00e3o da Libertadores (<em>Fluminense)<\/em>, novamente, com 66 horas de intervalo, contra uma equipe que ter\u00e1 um dia a mais de descanso. J\u00e1 foi pedido que a gente n\u00e3o fique repetidamente passando por isso. Jogar em 66 horas, ainda mais com todas as dificuldades, causa um preju\u00edzo muito grande para n\u00f3s&#8221;, disse o gerente Luiz Carlos.<\/p>\n<p><em><strong>Confira Tabela de classifica\u00e7\u00e3o do Brasileir\u00e3o 2024:<\/strong><\/em><\/p>\n<p><strong><span style=\"color: #0000ff\"><a style=\"color: #0000ff\" href=\"https:\/\/www.cbf.com.br\/futebol-brasileiro\/competicoes\/campeonato-brasileiro-serie-a\/2024\">https:\/\/www.cbf.com.br\/futebol-brasileiro\/competicoes\/campeonato-brasileiro-serie-a\/2024<\/a><\/span><\/strong><\/p>\n<\/div>\n<\/div>\n","protected":false},"excerpt":{"rendered":"<p>Flamengo volta a liderar o Brasileir\u00e3o 2024 ao vencer o Bahia por 2 a 1 \u2013 gol de [&hellip;]<\/p>\n","protected":false},"author":102107496,"featured_media":43056,"comment_status":"open","ping_status":"open","sticky":false,"template":"","format":"standard","meta":{"_coblocks_attr":"","_coblocks_dimensions":"","_coblocks_responsive_height":"","_coblocks_accordion_ie_support":"","_jetpack_newsletter_access":"","_jetpack_dont_email_post_to_subs":false,"_jetpack_newsletter_tier_id":0,"_jetpack_memberships_contains_paywalled_content":false,"_wpcom_ai_launchpad_first_post":false,"_jetpack_feature_clip_id":0,"_jetpack_memberships_contains_paid_content":false,"footnotes":"","jetpack_publicize_message":"","jetpack_publicize_feature_enabled":true,"jetpack_social_post_already_shared":false,"jetpack_social_options":{"image_generator_settings":{"template":"highway","default_image_id":0,"font":"","enabled":false},"version":2},"jetpack_post_was_ever_published":false},"categories":[53870,768932782,20384,3919],"tags":[10668348,240434,770132430,789560569,449299,789560560,287104],"class_list":["post-43041","post","type-post","status-publish","format-standard","has-post-thumbnail","hentry","category-futebol","category-futebol-2024","category-informacao","category-opiniao","tag-0000ff","tag-abel","tag-brasileirao-2024","tag-cbf","tag-flamengo","tag-futebol","tag-palmeiras"],"yoast_head":"<!-- This site is optimized with the Yoast SEO plugin v28.4 - https:\/\/yoast.com\/product\/yoast-seo-wordpress\/ -->\n<title>Tite e Abel cobram CBF por calend\u00e1rio mais justo no Brasileir\u00e3o 2024 - PR\u00d3SPERI NEWS<\/title>\n<meta name=\"robots\" content=\"index, follow, max-snippet:-1, max-image-preview:large, max-video-preview:-1\" \/>\n<link rel=\"canonical\" href=\"https:\/\/blogdoprosperi.com\/?p=43041\" \/>\n<meta property=\"og:locale\" content=\"pt_BR\" \/>\n<meta property=\"og:type\" content=\"article\" \/>\n<meta property=\"og:title\" content=\"Tite e Abel cobram CBF por calend\u00e1rio mais justo no Brasileir\u00e3o 2024 - PR\u00d3SPERI NEWS\" \/>\n<meta property=\"og:description\" content=\"Flamengo volta a liderar o Brasileir\u00e3o 2024 ao vencer o Bahia por 2 a 1 \u2013 gol de [&hellip;]\" \/>\n<meta property=\"og:url\" content=\"https:\/\/blogdoprosperi.com\/?p=43041\" \/>\n<meta property=\"og:site_name\" content=\"PR\u00d3SPERI NEWS\" \/>\n<meta property=\"article:publisher\" content=\"Luiz Pr\u00f3speri\" \/>\n<meta property=\"article:author\" content=\"Luiz Pr\u00f3speri\" \/>\n<meta property=\"article:published_time\" content=\"2024-06-21T14:19:04+00:00\" \/>\n<meta property=\"article:modified_time\" content=\"2024-06-21T14:24:09+00:00\" \/>\n<meta property=\"og:image\" content=\"https:\/\/i0.wp.com\/blogdoprosperi.com\/wp-content\/uploads\/2024\/06\/download.jpg?fit=1600%2C1065&ssl=1\" \/>\n\t<meta property=\"og:image:width\" content=\"1600\" \/>\n\t<meta property=\"og:image:height\" content=\"1065\" \/>\n\t<meta property=\"og:image:type\" content=\"image\/jpeg\" \/>\n<meta name=\"author\" content=\"Luiz Ant\u00f4nio Pr\u00f3speri\" \/>\n<meta name=\"twitter:card\" content=\"summary_large_image\" \/>\n<meta name=\"twitter:creator\" content=\"@Luizprosperi\" \/>\n<meta name=\"twitter:site\" content=\"@Luizprosperi\" \/>\n<meta name=\"twitter:label1\" content=\"Escrito por\" \/>\n\t<meta name=\"twitter:data1\" content=\"Luiz Ant\u00f4nio Pr\u00f3speri\" \/>\n\t<meta name=\"twitter:label2\" content=\"Est. tempo de leitura\" \/>\n\t<meta name=\"twitter:data2\" content=\"3 minutos\" \/>\n<script type=\"application\/ld+json\" class=\"yoast-schema-graph\">{\"@context\":\"https:\\\/\\\/schema.org\",\"@graph\":[{\"@type\":\"Article\",\"@id\":\"https:\\\/\\\/blogdoprosperi.com\\\/?p=43041#article\",\"isPartOf\":{\"@id\":\"https:\\\/\\\/blogdoprosperi.com\\\/?p=43041\"},\"author\":{\"name\":\"Luiz Ant\u00f4nio Pr\u00f3speri\",\"@id\":\"https:\\\/\\\/blogdoprosperi.com\\\/#\\\/schema\\\/person\\\/38100755ce3601861ee4fab9b5aa78e9\"},\"headline\":\"Tite e Abel cobram CBF por calend\u00e1rio mais justo no Brasileir\u00e3o 2024\",\"datePublished\":\"2024-06-21T14:19:04+00:00\",\"dateModified\":\"2024-06-21T14:24:09+00:00\",\"mainEntityOfPage\":{\"@id\":\"https:\\\/\\\/blogdoprosperi.com\\\/?p=43041\"},\"wordCount\":584,\"commentCount\":2,\"publisher\":{\"@id\":\"https:\\\/\\\/blogdoprosperi.com\\\/#\\\/schema\\\/person\\\/38100755ce3601861ee4fab9b5aa78e9\"},\"image\":{\"@id\":\"https:\\\/\\\/blogdoprosperi.com\\\/?p=43041#primaryimage\"},\"thumbnailUrl\":\"https:\\\/\\\/i0.wp.com\\\/blogdoprosperi.com\\\/wp-content\\\/uploads\\\/2024\\\/06\\\/download.jpg?fit=1600%2C1065&ssl=1\",\"keywords\":[\"0000ff\",\"abel\",\"brasileir\u00e3o 2024\",\"CBF\",\"Flamengo\",\"futebol\",\"Palmeiras\"],\"articleSection\":[\"futebol\",\"futebol 2024\",\"informa\u00e7\u00e3o\",\"opini\u00e3o\"],\"inLanguage\":\"pt-BR\",\"potentialAction\":[{\"@type\":\"CommentAction\",\"name\":\"Comment\",\"target\":[\"https:\\\/\\\/blogdoprosperi.com\\\/?p=43041#respond\"]}]},{\"@type\":\"WebPage\",\"@id\":\"https:\\\/\\\/blogdoprosperi.com\\\/?p=43041\",\"url\":\"https:\\\/\\\/blogdoprosperi.com\\\/?p=43041\",\"name\":\"Tite e Abel cobram CBF por calend\u00e1rio mais justo no Brasileir\u00e3o 2024 - PR\u00d3SPERI NEWS\",\"isPartOf\":{\"@id\":\"https:\\\/\\\/blogdoprosperi.com\\\/#website\"},\"primaryImageOfPage\":{\"@id\":\"https:\\\/\\\/blogdoprosperi.com\\\/?p=43041#primaryimage\"},\"image\":{\"@id\":\"https:\\\/\\\/blogdoprosperi.com\\\/?p=43041#primaryimage\"},\"thumbnailUrl\":\"https:\\\/\\\/i0.wp.com\\\/blogdoprosperi.com\\\/wp-content\\\/uploads\\\/2024\\\/06\\\/download.jpg?fit=1600%2C1065&ssl=1\",\"datePublished\":\"2024-06-21T14:19:04+00:00\",\"dateModified\":\"2024-06-21T14:24:09+00:00\",\"breadcrumb\":{\"@id\":\"https:\\\/\\\/blogdoprosperi.com\\\/?p=43041#breadcrumb\"},\"inLanguage\":\"pt-BR\",\"potentialAction\":[{\"@type\":\"ReadAction\",\"target\":[\"https:\\\/\\\/blogdoprosperi.com\\\/?p=43041\"]}]},{\"@type\":\"ImageObject\",\"inLanguage\":\"pt-BR\",\"@id\":\"https:\\\/\\\/blogdoprosperi.com\\\/?p=43041#primaryimage\",\"url\":\"https:\\\/\\\/i0.wp.com\\\/blogdoprosperi.com\\\/wp-content\\\/uploads\\\/2024\\\/06\\\/download.jpg?fit=1600%2C1065&ssl=1\",\"contentUrl\":\"https:\\\/\\\/i0.wp.com\\\/blogdoprosperi.com\\\/wp-content\\\/uploads\\\/2024\\\/06\\\/download.jpg?fit=1600%2C1065&ssl=1\",\"width\":1600,\"height\":1065,\"caption\":\"David Luiz celebra gol da lideran\u00e7a do Flamengo \u2013 foto: CRF oficial\"},{\"@type\":\"BreadcrumbList\",\"@id\":\"https:\\\/\\\/blogdoprosperi.com\\\/?p=43041#breadcrumb\",\"itemListElement\":[{\"@type\":\"ListItem\",\"position\":1,\"name\":\"In\u00edcio\",\"item\":\"https:\\\/\\\/blogdoprosperi.com\\\/\"},{\"@type\":\"ListItem\",\"position\":2,\"name\":\"Tite e Abel cobram CBF por calend\u00e1rio mais justo no Brasileir\u00e3o 2024\"}]},{\"@type\":\"WebSite\",\"@id\":\"https:\\\/\\\/blogdoprosperi.com\\\/#website\",\"url\":\"https:\\\/\\\/blogdoprosperi.com\\\/\",\"name\":\"PR\u00d3SPERI NEWS\",\"description\":\"TUDO \u00c9  FUTEBOL\",\"publisher\":{\"@id\":\"https:\\\/\\\/blogdoprosperi.com\\\/#\\\/schema\\\/person\\\/38100755ce3601861ee4fab9b5aa78e9\"},\"alternateName\":\"blogdoprosperi.com\",\"potentialAction\":[{\"@type\":\"SearchAction\",\"target\":{\"@type\":\"EntryPoint\",\"urlTemplate\":\"https:\\\/\\\/blogdoprosperi.com\\\/?s={search_term_string}\"},\"query-input\":{\"@type\":\"PropertyValueSpecification\",\"valueRequired\":true,\"valueName\":\"search_term_string\"}}],\"inLanguage\":\"pt-BR\"},{\"@type\":[\"Person\",\"Organization\"],\"@id\":\"https:\\\/\\\/blogdoprosperi.com\\\/#\\\/schema\\\/person\\\/38100755ce3601861ee4fab9b5aa78e9\",\"name\":\"Luiz Ant\u00f4nio Pr\u00f3speri\",\"pronouns\":\"ele\",\"image\":{\"@type\":\"ImageObject\",\"inLanguage\":\"pt-BR\",\"@id\":\"https:\\\/\\\/i0.wp.com\\\/blogdoprosperi.com\\\/wp-content\\\/uploads\\\/2026\\\/05\\\/cropped-8059e613-6002-42fa-961e-8e275f575d71-2-5.jpg?fit=1360%2C931&ssl=1\",\"url\":\"https:\\\/\\\/i0.wp.com\\\/blogdoprosperi.com\\\/wp-content\\\/uploads\\\/2026\\\/05\\\/cropped-8059e613-6002-42fa-961e-8e275f575d71-2-5.jpg?fit=1360%2C931&ssl=1\",\"contentUrl\":\"https:\\\/\\\/i0.wp.com\\\/blogdoprosperi.com\\\/wp-content\\\/uploads\\\/2026\\\/05\\\/cropped-8059e613-6002-42fa-961e-8e275f575d71-2-5.jpg?fit=1360%2C931&ssl=1\",\"width\":1360,\"height\":931,\"caption\":\"Luiz Ant\u00f4nio Pr\u00f3speri\"},\"logo\":{\"@id\":\"https:\\\/\\\/i0.wp.com\\\/blogdoprosperi.com\\\/wp-content\\\/uploads\\\/2026\\\/05\\\/cropped-8059e613-6002-42fa-961e-8e275f575d71-2-5.jpg?fit=1360%2C931&ssl=1\"},\"description\":\"Jornalista com carreira dedicada ao esporte. Cobriu 9 Copas do Mundo in loco, 1990 na It\u00e1lia, 1994 nos EUA, 1998 na Fran\u00e7a, 2002 na Coreia do Sul e Jap\u00e3o, 2006 na Alemanha, 2010 na \u00c1frica do Sul, 2014 no Brasil, 2018 na R\u00fassia e 2022 no Qatar. Eurocopas, 1992 na Su\u00e9cia e 1996 na Inglaterra. Copa das Confedera\u00e7\u00f5es de 2005 na Alemanha e 2009 na \u00c1frica do Sul. Rep\u00f3rter e Editor, trabalhou no Jornal da Tarde e Estad\u00e3o, de 1984 a fevereiro de 2016. Colunista, blogueiro. E comentarista de futebol na R\u00e1dio Estad\u00e3o, de 2013 a fevereiro de 2016. Jornalista respons\u00e1vel do \\\"Pr\u00f3speri News\\\" (blogdoprosperi.com).\",\"sameAs\":[\"http:\\\/\\\/blogdoprosperi.com\",\"Luiz Pr\u00f3speri\",\"@luiz_prosperi\",\"https:\\\/\\\/x.com\\\/Luizprosperi\",\"@prosperinacopa\",\"luiz.prosperi@icloud.com\"],\"url\":\"https:\\\/\\\/blogdoprosperi.com\\\/?author=102107496\"}]}<\/script>\n<!-- \/ Yoast SEO plugin. -->","yoast_head_json":{"title":"Tite e Abel cobram CBF por calend\u00e1rio mais justo no Brasileir\u00e3o 2024 - PR\u00d3SPERI NEWS","robots":{"index":"index","follow":"follow","max-snippet":"max-snippet:-1","max-image-preview":"max-image-preview:large","max-video-preview":"max-video-preview:-1"},"canonical":"https:\/\/blogdoprosperi.com\/?p=43041","og_locale":"pt_BR","og_type":"article","og_title":"Tite e Abel cobram CBF por calend\u00e1rio mais justo no Brasileir\u00e3o 2024 - PR\u00d3SPERI NEWS","og_description":"Flamengo volta a liderar o Brasileir\u00e3o 2024 ao vencer o Bahia por 2 a 1 \u2013 gol de [&hellip;]","og_url":"https:\/\/blogdoprosperi.com\/?p=43041","og_site_name":"PR\u00d3SPERI NEWS","article_publisher":"Luiz Pr\u00f3speri","article_author":"Luiz Pr\u00f3speri","article_published_time":"2024-06-21T14:19:04+00:00","article_modified_time":"2024-06-21T14:24:09+00:00","og_image":[{"width":1600,"height":1065,"url":"https:\/\/i0.wp.com\/blogdoprosperi.com\/wp-content\/uploads\/2024\/06\/download.jpg?fit=1600%2C1065&ssl=1","type":"image\/jpeg"}],"author":"Luiz Ant\u00f4nio Pr\u00f3speri","twitter_card":"summary_large_image","twitter_creator":"@Luizprosperi","twitter_site":"@Luizprosperi","twitter_misc":{"Escrito por":"Luiz Ant\u00f4nio Pr\u00f3speri","Est. tempo de leitura":"3 minutos"},"schema":{"@context":"https:\/\/schema.org","@graph":[{"@type":"Article","@id":"https:\/\/blogdoprosperi.com\/?p=43041#article","isPartOf":{"@id":"https:\/\/blogdoprosperi.com\/?p=43041"},"author":{"name":"Luiz Ant\u00f4nio Pr\u00f3speri","@id":"https:\/\/blogdoprosperi.com\/#\/schema\/person\/38100755ce3601861ee4fab9b5aa78e9"},"headline":"Tite e Abel cobram CBF por calend\u00e1rio mais justo no Brasileir\u00e3o 2024","datePublished":"2024-06-21T14:19:04+00:00","dateModified":"2024-06-21T14:24:09+00:00","mainEntityOfPage":{"@id":"https:\/\/blogdoprosperi.com\/?p=43041"},"wordCount":584,"commentCount":2,"publisher":{"@id":"https:\/\/blogdoprosperi.com\/#\/schema\/person\/38100755ce3601861ee4fab9b5aa78e9"},"image":{"@id":"https:\/\/blogdoprosperi.com\/?p=43041#primaryimage"},"thumbnailUrl":"https:\/\/i0.wp.com\/blogdoprosperi.com\/wp-content\/uploads\/2024\/06\/download.jpg?fit=1600%2C1065&ssl=1","keywords":["0000ff","abel","brasileir\u00e3o 2024","CBF","Flamengo","futebol","Palmeiras"],"articleSection":["futebol","futebol 2024","informa\u00e7\u00e3o","opini\u00e3o"],"inLanguage":"pt-BR","potentialAction":[{"@type":"CommentAction","name":"Comment","target":["https:\/\/blogdoprosperi.com\/?p=43041#respond"]}]},{"@type":"WebPage","@id":"https:\/\/blogdoprosperi.com\/?p=43041","url":"https:\/\/blogdoprosperi.com\/?p=43041","name":"Tite e Abel cobram CBF por calend\u00e1rio mais justo no Brasileir\u00e3o 2024 - PR\u00d3SPERI NEWS","isPartOf":{"@id":"https:\/\/blogdoprosperi.com\/#website"},"primaryImageOfPage":{"@id":"https:\/\/blogdoprosperi.com\/?p=43041#primaryimage"},"image":{"@id":"https:\/\/blogdoprosperi.com\/?p=43041#primaryimage"},"thumbnailUrl":"https:\/\/i0.wp.com\/blogdoprosperi.com\/wp-content\/uploads\/2024\/06\/download.jpg?fit=1600%2C1065&ssl=1","datePublished":"2024-06-21T14:19:04+00:00","dateModified":"2024-06-21T14:24:09+00:00","breadcrumb":{"@id":"https:\/\/blogdoprosperi.com\/?p=43041#breadcrumb"},"inLanguage":"pt-BR","potentialAction":[{"@type":"ReadAction","target":["https:\/\/blogdoprosperi.com\/?p=43041"]}]},{"@type":"ImageObject","inLanguage":"pt-BR","@id":"https:\/\/blogdoprosperi.com\/?p=43041#primaryimage","url":"https:\/\/i0.wp.com\/blogdoprosperi.com\/wp-content\/uploads\/2024\/06\/download.jpg?fit=1600%2C1065&ssl=1","contentUrl":"https:\/\/i0.wp.com\/blogdoprosperi.com\/wp-content\/uploads\/2024\/06\/download.jpg?fit=1600%2C1065&ssl=1","width":1600,"height":1065,"caption":"David Luiz celebra gol da lideran\u00e7a do Flamengo \u2013 foto: CRF oficial"},{"@type":"BreadcrumbList","@id":"https:\/\/blogdoprosperi.com\/?p=43041#breadcrumb","itemListElement":[{"@type":"ListItem","position":1,"name":"In\u00edcio","item":"https:\/\/blogdoprosperi.com\/"},{"@type":"ListItem","position":2,"name":"Tite e Abel cobram CBF por calend\u00e1rio mais justo no Brasileir\u00e3o 2024"}]},{"@type":"WebSite","@id":"https:\/\/blogdoprosperi.com\/#website","url":"https:\/\/blogdoprosperi.com\/","name":"PR\u00d3SPERI NEWS","description":"TUDO \u00c9  FUTEBOL","publisher":{"@id":"https:\/\/blogdoprosperi.com\/#\/schema\/person\/38100755ce3601861ee4fab9b5aa78e9"},"alternateName":"blogdoprosperi.com","potentialAction":[{"@type":"SearchAction","target":{"@type":"EntryPoint","urlTemplate":"https:\/\/blogdoprosperi.com\/?s={search_term_string}"},"query-input":{"@type":"PropertyValueSpecification","valueRequired":true,"valueName":"search_term_string"}}],"inLanguage":"pt-BR"},{"@type":["Person","Organization"],"@id":"https:\/\/blogdoprosperi.com\/#\/schema\/person\/38100755ce3601861ee4fab9b5aa78e9","name":"Luiz Ant\u00f4nio Pr\u00f3speri","pronouns":"ele","image":{"@type":"ImageObject","inLanguage":"pt-BR","@id":"https:\/\/i0.wp.com\/blogdoprosperi.com\/wp-content\/uploads\/2026\/05\/cropped-8059e613-6002-42fa-961e-8e275f575d71-2-5.jpg?fit=1360%2C931&ssl=1","url":"https:\/\/i0.wp.com\/blogdoprosperi.com\/wp-content\/uploads\/2026\/05\/cropped-8059e613-6002-42fa-961e-8e275f575d71-2-5.jpg?fit=1360%2C931&ssl=1","contentUrl":"https:\/\/i0.wp.com\/blogdoprosperi.com\/wp-content\/uploads\/2026\/05\/cropped-8059e613-6002-42fa-961e-8e275f575d71-2-5.jpg?fit=1360%2C931&ssl=1","width":1360,"height":931,"caption":"Luiz Ant\u00f4nio Pr\u00f3speri"},"logo":{"@id":"https:\/\/i0.wp.com\/blogdoprosperi.com\/wp-content\/uploads\/2026\/05\/cropped-8059e613-6002-42fa-961e-8e275f575d71-2-5.jpg?fit=1360%2C931&ssl=1"},"description":"Jornalista com carreira dedicada ao esporte. Cobriu 9 Copas do Mundo in loco, 1990 na It\u00e1lia, 1994 nos EUA, 1998 na Fran\u00e7a, 2002 na Coreia do Sul e Jap\u00e3o, 2006 na Alemanha, 2010 na \u00c1frica do Sul, 2014 no Brasil, 2018 na R\u00fassia e 2022 no Qatar. Eurocopas, 1992 na Su\u00e9cia e 1996 na Inglaterra. Copa das Confedera\u00e7\u00f5es de 2005 na Alemanha e 2009 na \u00c1frica do Sul. Rep\u00f3rter e Editor, trabalhou no Jornal da Tarde e Estad\u00e3o, de 1984 a fevereiro de 2016. Colunista, blogueiro. E comentarista de futebol na R\u00e1dio Estad\u00e3o, de 2013 a fevereiro de 2016. Jornalista respons\u00e1vel do \"Pr\u00f3speri News\" (blogdoprosperi.com).","sameAs":["http:\/\/blogdoprosperi.com","Luiz Pr\u00f3speri","@luiz_prosperi","https:\/\/x.com\/Luizprosperi","@prosperinacopa","luiz.prosperi@icloud.com"],"url":"https:\/\/blogdoprosperi.com\/?author=102107496"}]}},"jetpack_publicize_connections":[],"jetpack_likes_enabled":false,"jetpack_sharing_enabled":true,"jetpack_shortlink":"https:\/\/wp.me\/p7jvdk-bcd","jetpack-related-posts":[{"id":45586,"url":"https:\/\/blogdoprosperi.com\/?p=45586","url_meta":{"origin":43041,"position":0},"title":"Tite Fora do Flamengo, Palmeiras Divertida Mente e Memphis Engana o Corinthians","author":"Luiz Ant\u00f4nio Pr\u00f3speri","date":"30 de setembro de 2024","format":false,"excerpt":"Luiz Ant\u00f4nio Pr\u00f3speri \u2013 30 setembro (13h15) Tite cai no Flamengo, demitido na madrugada de segunda-feira (30\/9). Abel Ferreira mostra como remonta o Palmeiras em busca do tri recorrendo ao filme \"Divertida Mente\" da Disney. Corinthians \u00e0 beira do abismo e sem ajuda de Memphis. E a crise sem fim\u2026","rel":"","context":"Em &quot;futebol&quot;","block_context":{"text":"futebol","link":"https:\/\/blogdoprosperi.com\/?cat=53870"},"img":{"alt_text":"Tite fora do Flamengo","src":"https:\/\/i0.wp.com\/blogdoprosperi.com\/wp-content\/uploads\/2024\/09\/b2-1.png?fit=1024%2C803&ssl=1&resize=350%2C200","width":350,"height":200,"srcset":"https:\/\/i0.wp.com\/blogdoprosperi.com\/wp-content\/uploads\/2024\/09\/b2-1.png?fit=1024%2C803&ssl=1&resize=350%2C200 1x, https:\/\/i0.wp.com\/blogdoprosperi.com\/wp-content\/uploads\/2024\/09\/b2-1.png?fit=1024%2C803&ssl=1&resize=525%2C300 1.5x, https:\/\/i0.wp.com\/blogdoprosperi.com\/wp-content\/uploads\/2024\/09\/b2-1.png?fit=1024%2C803&ssl=1&resize=700%2C400 2x"},"classes":[]},{"id":39075,"url":"https:\/\/blogdoprosperi.com\/?p=39075","url_meta":{"origin":43041,"position":1},"title":"Torcedor brasileiro rejeita t\u00e9cnico estrangeiro na Sele\u00e7\u00e3o, CBF est\u00e1 amarrada","author":"Luiz Ant\u00f4nio Pr\u00f3speri","date":"8 de agosto de 2022","format":false,"excerpt":"Pesquisa DataFolha indica rejei\u00e7\u00e3o da popula\u00e7\u00e3o brasileira a t\u00e9cnico estrangeiro na Sele\u00e7\u00e3o. CBF pode renovar com Tite at\u00e9 2026","rel":"","context":"Em &quot;copa do mundo catar 2022&quot;","block_context":{"text":"copa do mundo catar 2022","link":"https:\/\/blogdoprosperi.com\/?cat=301049609"},"img":{"alt_text":"","src":"https:\/\/i0.wp.com\/blogdoprosperi.com\/wp-content\/uploads\/2022\/08\/51845766440_143abb51a9_w-1.jpg?fit=400%2C267&ssl=1&resize=350%2C200","width":350,"height":200},"classes":[]},{"id":46700,"url":"https:\/\/blogdoprosperi.com\/?p=46700","url_meta":{"origin":43041,"position":2},"title":"John Textor | I Love Flamengo","author":"Luiz Ant\u00f4nio Pr\u00f3speri","date":"2 de dezembro de 2024","format":false,"excerpt":"Luiz Ant\u00f4nio Pr\u00f3speri \u2013 2 dezembro (10h35) \u2013 Praia de Botafogo abarrotada de torcedores, domingo (01\/12), \u00e0 noite. Tr\u00eas trios el\u00e9tricos embalando a massa. Do alto de um deles, o americano John Textor se esbalda na comemora\u00e7\u00e3o da conquista da Libertadores da Am\u00e9rica. Ao ser entrevistado por uma rep\u00f3rter do\u2026","rel":"","context":"Em &quot;futebol&quot;","block_context":{"text":"futebol","link":"https:\/\/blogdoprosperi.com\/?cat=53870"},"img":{"alt_text":"Textor repete gesto de Tulio Maravilha em 1995","src":"https:\/\/i0.wp.com\/blogdoprosperi.com\/wp-content\/uploads\/2024\/12\/john-textor-replica-tulio-maravilha-em-chegada-epica-do-botafogo-ao-rio2c-apos-titulo-da-libertadores.jpg.webp?fit=984%2C656&ssl=1&resize=350%2C200","width":350,"height":200,"srcset":"https:\/\/i0.wp.com\/blogdoprosperi.com\/wp-content\/uploads\/2024\/12\/john-textor-replica-tulio-maravilha-em-chegada-epica-do-botafogo-ao-rio2c-apos-titulo-da-libertadores.jpg.webp?fit=984%2C656&ssl=1&resize=350%2C200 1x, https:\/\/i0.wp.com\/blogdoprosperi.com\/wp-content\/uploads\/2024\/12\/john-textor-replica-tulio-maravilha-em-chegada-epica-do-botafogo-ao-rio2c-apos-titulo-da-libertadores.jpg.webp?fit=984%2C656&ssl=1&resize=525%2C300 1.5x, https:\/\/i0.wp.com\/blogdoprosperi.com\/wp-content\/uploads\/2024\/12\/john-textor-replica-tulio-maravilha-em-chegada-epica-do-botafogo-ao-rio2c-apos-titulo-da-libertadores.jpg.webp?fit=984%2C656&ssl=1&resize=700%2C400 2x"},"classes":[]},{"id":41366,"url":"https:\/\/blogdoprosperi.com\/?p=41366","url_meta":{"origin":43041,"position":3},"title":"Sele\u00e7\u00e3o Brasileira: Palmeiras pode ajudar CBF na escolha do sucessor de Tite","author":"Luiz Ant\u00f4nio Pr\u00f3speri","date":"2 de fevereiro de 2023","format":false,"excerpt":"CBF vive drama na escolha do novo t\u00e9cnico da Sele\u00e7\u00e3o Brasileira. Se Abel Ferreira n\u00e3o pode, por que n\u00e3o Paulo Victor, do Sub-20 do Palmeiras, campe\u00e3o de tudo? Mira exemplo da Argentina, campe\u00e3 da Copa 2022.","rel":"","context":"Em &quot;Campeonato Brasileiro&quot;","block_context":{"text":"Campeonato Brasileiro","link":"https:\/\/blogdoprosperi.com\/?cat=355071"},"img":{"alt_text":"","src":"https:\/\/i0.wp.com\/blogdoprosperi.com\/wp-content\/uploads\/2023\/02\/pv-trabalhou-na-selecao-de-2017-a-2021.jpg?fit=1200%2C800&ssl=1&resize=350%2C200","width":350,"height":200,"srcset":"https:\/\/i0.wp.com\/blogdoprosperi.com\/wp-content\/uploads\/2023\/02\/pv-trabalhou-na-selecao-de-2017-a-2021.jpg?fit=1200%2C800&ssl=1&resize=350%2C200 1x, https:\/\/i0.wp.com\/blogdoprosperi.com\/wp-content\/uploads\/2023\/02\/pv-trabalhou-na-selecao-de-2017-a-2021.jpg?fit=1200%2C800&ssl=1&resize=525%2C300 1.5x, https:\/\/i0.wp.com\/blogdoprosperi.com\/wp-content\/uploads\/2023\/02\/pv-trabalhou-na-selecao-de-2017-a-2021.jpg?fit=1200%2C800&ssl=1&resize=700%2C400 2x, https:\/\/i0.wp.com\/blogdoprosperi.com\/wp-content\/uploads\/2023\/02\/pv-trabalhou-na-selecao-de-2017-a-2021.jpg?fit=1200%2C800&ssl=1&resize=1050%2C600 3x"},"classes":[]},{"id":43889,"url":"https:\/\/blogdoprosperi.com\/?p=43889","url_meta":{"origin":43041,"position":4},"title":"Futebol brasileiro muito al\u00e9m dos &#8220;\u00edndios&#8221; de Abel Ferreira","author":"Luiz Ant\u00f4nio Pr\u00f3speri","date":"12 de julho de 2024","format":false,"excerpt":"Policial armado atira no goleiro Ramon, do Gr\u00eamio An\u00e1polis (GO), quase \u00e0 queima-roupa. A bala de borracha atinge a coxa do jogador e abre um buraco nos m\u00fasculos da perna. Tudo isso dentro de campo, ap\u00f3s confus\u00e3o no jogo Gr\u00eamio An\u00e1polis x Centro Oeste, quarta-feira (10\/7), na 12.a rodada da\u2026","rel":"","context":"Em &quot;Campeonato Brasileiro&quot;","block_context":{"text":"Campeonato Brasileiro","link":"https:\/\/blogdoprosperi.com\/?cat=355071"},"img":{"alt_text":"","src":"https:\/\/i0.wp.com\/blogdoprosperi.com\/wp-content\/uploads\/2024\/07\/zubeldia-sao-paulo-x-talleres-libertadores-scaled-aspect-ratio-512-320.webp?fit=1200%2C750&ssl=1&resize=350%2C200","width":350,"height":200,"srcset":"https:\/\/i0.wp.com\/blogdoprosperi.com\/wp-content\/uploads\/2024\/07\/zubeldia-sao-paulo-x-talleres-libertadores-scaled-aspect-ratio-512-320.webp?fit=1200%2C750&ssl=1&resize=350%2C200 1x, https:\/\/i0.wp.com\/blogdoprosperi.com\/wp-content\/uploads\/2024\/07\/zubeldia-sao-paulo-x-talleres-libertadores-scaled-aspect-ratio-512-320.webp?fit=1200%2C750&ssl=1&resize=525%2C300 1.5x, https:\/\/i0.wp.com\/blogdoprosperi.com\/wp-content\/uploads\/2024\/07\/zubeldia-sao-paulo-x-talleres-libertadores-scaled-aspect-ratio-512-320.webp?fit=1200%2C750&ssl=1&resize=700%2C400 2x, https:\/\/i0.wp.com\/blogdoprosperi.com\/wp-content\/uploads\/2024\/07\/zubeldia-sao-paulo-x-talleres-libertadores-scaled-aspect-ratio-512-320.webp?fit=1200%2C750&ssl=1&resize=1050%2C600 3x"},"classes":[]},{"id":41504,"url":"https:\/\/blogdoprosperi.com\/?p=41504","url_meta":{"origin":43041,"position":5},"title":"Piada de portugu\u00eas: Vamos ensinar futebol aos brasileiros","author":"Luiz Ant\u00f4nio Pr\u00f3speri","date":"10 de mar\u00e7o de 2023","format":false,"excerpt":"Da revoada de t\u00e9cnicos portugueses em alta no Brasil desde 2019, apenas Jorge Jesus e Abel Ferreira podem estufar o peito: Sim, ensinamos futebol aos brasileiros","rel":"","context":"Em &quot;Campeonato Brasileiro&quot;","block_context":{"text":"Campeonato Brasileiro","link":"https:\/\/blogdoprosperi.com\/?cat=355071"},"img":{"alt_text":"","src":"https:\/\/i0.wp.com\/blogdoprosperi.com\/wp-content\/uploads\/2023\/03\/1024.jpg?fit=1024%2C576&ssl=1&resize=350%2C200","width":350,"height":200,"srcset":"https:\/\/i0.wp.com\/blogdoprosperi.com\/wp-content\/uploads\/2023\/03\/1024.jpg?fit=1024%2C576&ssl=1&resize=350%2C200 1x, https:\/\/i0.wp.com\/blogdoprosperi.com\/wp-content\/uploads\/2023\/03\/1024.jpg?fit=1024%2C576&ssl=1&resize=525%2C300 1.5x, https:\/\/i0.wp.com\/blogdoprosperi.com\/wp-content\/uploads\/2023\/03\/1024.jpg?fit=1024%2C576&ssl=1&resize=700%2C400 2x"},"classes":[]}],"jetpack_featured_media_url":"https:\/\/i0.wp.com\/blogdoprosperi.com\/wp-content\/uploads\/2024\/06\/download.jpg?fit=1600%2C1065&ssl=1","_links":{"self":[{"href":"https:\/\/blogdoprosperi.com\/index.php?rest_route=\/wp\/v2\/posts\/43041","targetHints":{"allow":["GET"]}}],"collection":[{"href":"https:\/\/blogdoprosperi.com\/index.php?rest_route=\/wp\/v2\/posts"}],"about":[{"href":"https:\/\/blogdoprosperi.com\/index.php?rest_route=\/wp\/v2\/types\/post"}],"author":[{"embeddable":true,"href":"https:\/\/blogdoprosperi.com\/index.php?rest_route=\/wp\/v2\/users\/102107496"}],"replies":[{"embeddable":true,"href":"https:\/\/blogdoprosperi.com\/index.php?rest_route=%2Fwp%2Fv2%2Fcomments&post=43041"}],"version-history":[{"count":14,"href":"https:\/\/blogdoprosperi.com\/index.php?rest_route=\/wp\/v2\/posts\/43041\/revisions"}],"predecessor-version":[{"id":43061,"href":"https:\/\/blogdoprosperi.com\/index.php?rest_route=\/wp\/v2\/posts\/43041\/revisions\/43061"}],"wp:featuredmedia":[{"embeddable":true,"href":"https:\/\/blogdoprosperi.com\/index.php?rest_route=\/wp\/v2\/media\/43056"}],"wp:attachment":[{"href":"https:\/\/blogdoprosperi.com\/index.php?rest_route=%2Fwp%2Fv2%2Fmedia&parent=43041"}],"wp:term":[{"taxonomy":"category","embeddable":true,"href":"https:\/\/blogdoprosperi.com\/index.php?rest_route=%2Fwp%2Fv2%2Fcategories&post=43041"},{"taxonomy":"post_tag","embeddable":true,"href":"https:\/\/blogdoprosperi.com\/index.php?rest_route=%2Fwp%2Fv2%2Ftags&post=43041"}],"curies":[{"name":"wp","href":"https:\/\/api.w.org\/{rel}","templated":true}]}}