{"id":43064,"date":"2024-06-21T11:57:28","date_gmt":"2024-06-21T14:57:28","guid":{"rendered":"https:\/\/blogdoprosperi.com\/?p=43064"},"modified":"2024-06-21T12:01:15","modified_gmt":"2024-06-21T15:01:15","slug":"jogos-da-euro-2024-na-tv-franca-vs-holanda-mbappe-usa-mascara-e-fica-no-banco-de-reservas","status":"publish","type":"post","link":"https:\/\/blogdoprosperi.com\/?p=43064","title":{"rendered":"Jogos da Euro 2024 na TV: Fran\u00e7a vs Holanda, Mbapp\u00e9 usa m\u00e1scara e fica no banco de reservas"},"content":{"rendered":"\n<p class=\"wp-block-paragraph\">Mbapp\u00e9 n\u00e3o sai jogando na partida da Fran\u00e7a contra Holanda nessa tarde de sexta-feira (21\/6), no Grupo D. Craque sofreu fratura no nariz logo na estreia diante da Pol\u00f4nia e n\u00e3o passou por cirurgia. M\u00e9dicos da sele\u00e7\u00e3o francesa vetaram a participa\u00e7\u00e3o do atacante desde o in\u00edcio do jogo. Mbapp\u00e9 se adapta \u00e0 m\u00e1scara personalizada durante os treinamentos.<\/p>\n\n\n\n<p class=\"wp-block-paragraph\"><strong><em>Confira transmiss\u00e3o dos jogos na TV nessa sexta-feira (21) e s\u00e1bado (22):<\/em><\/strong><\/p>\n\n\n\n<p class=\"wp-block-paragraph\"><strong>21 de junho, sexta-feira<\/strong><\/p>\n\n\n\n<p class=\"wp-block-paragraph\">10h \u2013 <strong>Eslov\u00e1quia 1 x 2 Ucr\u00e2nia <\/strong>\u2013 Sportv e Globoplay<br>13h \u2013 Pol\u00f4nia x \u00c1ustria \u2013 YouTube Caz\u00e9TV<br>16h \u2013 Holanda x Fran\u00e7a \u2013 YouTube Caz\u00e9TV<\/p>\n\n\n\n<p class=\"wp-block-paragraph\"><strong>22 de junho, s\u00e1bado<\/strong><\/p>\n\n\n\n<p class=\"wp-block-paragraph\">10h \u2013 Ge\u00f3rgia x Tch\u00e9quia \u2013 Sportv e Globoplay<br>13h \u2013 Turquia x Portugal \u2013 YouTube Caz\u00e9TV<br>16h \u2013 B\u00e9lgica x Rom\u00eania \u2013 YouTube Caz\u00e9TV<\/p>\n\n\n\n<p class=\"wp-block-paragraph\"><strong>Confira classifica\u00e7\u00e3o dos grupos da Euro 2024 no link:<\/strong><\/p>\n\n\n\n<p class=\"wp-block-paragraph\"><a href=\"https:\/\/www.uefa.com\/euro2024\/standings\/\" rel=\"nofollow\">https:\/\/www.uefa.com\/euro2024\/standings\/<\/a><\/p>\n","protected":false},"excerpt":{"rendered":"<p>Mbapp\u00e9 n\u00e3o sai jogando na partida da Fran\u00e7a contra Holanda nessa tarde de sexta-feira (21\/6), no Grupo D. [&hellip;]<\/p>\n","protected":false},"author":102107496,"featured_media":43069,"comment_status":"open","ping_status":"open","sticky":false,"template":"","format":"standard","meta":{"_coblocks_attr":"","_coblocks_dimensions":"","_coblocks_responsive_height":"","_coblocks_accordion_ie_support":"","_jetpack_newsletter_access":"","_jetpack_dont_email_post_to_subs":false,"_jetpack_newsletter_tier_id":0,"_jetpack_memberships_contains_paywalled_content":false,"_wpcom_ai_launchpad_first_post":false,"_jetpack_feature_clip_id":0,"_jetpack_memberships_contains_paid_content":false,"footnotes":"","jetpack_publicize_message":"","jetpack_publicize_feature_enabled":true,"jetpack_social_post_already_shared":false,"jetpack_social_options":{"image_generator_settings":{"template":"highway","default_image_id":0,"font":"","enabled":false},"version":2},"jetpack_post_was_ever_published":false},"categories":[53870],"tags":[789560560],"class_list":["post-43064","post","type-post","status-publish","format-standard","has-post-thumbnail","hentry","category-futebol","tag-futebol"],"yoast_head":"<!-- This site is optimized with the Yoast SEO plugin v28.4 - https:\/\/yoast.com\/product\/yoast-seo-wordpress\/ -->\n<title>Jogos da Euro 2024 na TV: Fran\u00e7a vs Holanda, Mbapp\u00e9 usa m\u00e1scara e fica no banco de reservas - PR\u00d3SPERI NEWS<\/title>\n<meta name=\"robots\" content=\"index, follow, max-snippet:-1, max-image-preview:large, max-video-preview:-1\" \/>\n<link rel=\"canonical\" href=\"https:\/\/blogdoprosperi.com\/?p=43064\" \/>\n<meta property=\"og:locale\" content=\"pt_BR\" \/>\n<meta property=\"og:type\" content=\"article\" \/>\n<meta property=\"og:title\" content=\"Jogos da Euro 2024 na TV: Fran\u00e7a vs Holanda, Mbapp\u00e9 usa m\u00e1scara e fica no banco de reservas - PR\u00d3SPERI NEWS\" \/>\n<meta property=\"og:description\" content=\"Mbapp\u00e9 n\u00e3o sai jogando na partida da Fran\u00e7a contra Holanda nessa tarde de sexta-feira (21\/6), no Grupo D. [&hellip;]\" \/>\n<meta property=\"og:url\" content=\"https:\/\/blogdoprosperi.com\/?p=43064\" \/>\n<meta property=\"og:site_name\" content=\"PR\u00d3SPERI NEWS\" \/>\n<meta property=\"article:publisher\" content=\"Luiz Pr\u00f3speri\" \/>\n<meta property=\"article:author\" content=\"Luiz Pr\u00f3speri\" \/>\n<meta property=\"article:published_time\" content=\"2024-06-21T14:57:28+00:00\" \/>\n<meta property=\"article:modified_time\" content=\"2024-06-21T15:01:15+00:00\" \/>\n<meta property=\"og:image\" content=\"https:\/\/i0.wp.com\/blogdoprosperi.com\/wp-content\/uploads\/2024\/06\/mascara-1.jpg?fit=900%2C600&ssl=1\" \/>\n\t<meta property=\"og:image:width\" content=\"900\" \/>\n\t<meta property=\"og:image:height\" content=\"600\" \/>\n\t<meta property=\"og:image:type\" content=\"image\/jpeg\" \/>\n<meta name=\"author\" content=\"Luiz Ant\u00f4nio Pr\u00f3speri\" \/>\n<meta name=\"twitter:card\" content=\"summary_large_image\" \/>\n<meta name=\"twitter:creator\" content=\"@Luizprosperi\" \/>\n<meta name=\"twitter:site\" content=\"@Luizprosperi\" \/>\n<meta name=\"twitter:label1\" content=\"Escrito por\" \/>\n\t<meta name=\"twitter:data1\" content=\"Luiz Ant\u00f4nio Pr\u00f3speri\" \/>\n\t<meta name=\"twitter:label2\" content=\"Est. tempo de leitura\" \/>\n\t<meta name=\"twitter:data2\" content=\"1 minuto\" \/>\n<script type=\"application\/ld+json\" class=\"yoast-schema-graph\">{\"@context\":\"https:\\\/\\\/schema.org\",\"@graph\":[{\"@type\":\"Article\",\"@id\":\"https:\\\/\\\/blogdoprosperi.com\\\/?p=43064#article\",\"isPartOf\":{\"@id\":\"https:\\\/\\\/blogdoprosperi.com\\\/?p=43064\"},\"author\":{\"name\":\"Luiz Ant\u00f4nio Pr\u00f3speri\",\"@id\":\"https:\\\/\\\/blogdoprosperi.com\\\/#\\\/schema\\\/person\\\/38100755ce3601861ee4fab9b5aa78e9\"},\"headline\":\"Jogos da Euro 2024 na TV: Fran\u00e7a vs Holanda, Mbapp\u00e9 usa m\u00e1scara e fica no banco de reservas\",\"datePublished\":\"2024-06-21T14:57:28+00:00\",\"dateModified\":\"2024-06-21T15:01:15+00:00\",\"mainEntityOfPage\":{\"@id\":\"https:\\\/\\\/blogdoprosperi.com\\\/?p=43064\"},\"wordCount\":167,\"commentCount\":0,\"publisher\":{\"@id\":\"https:\\\/\\\/blogdoprosperi.com\\\/#\\\/schema\\\/person\\\/38100755ce3601861ee4fab9b5aa78e9\"},\"image\":{\"@id\":\"https:\\\/\\\/blogdoprosperi.com\\\/?p=43064#primaryimage\"},\"thumbnailUrl\":\"https:\\\/\\\/i0.wp.com\\\/blogdoprosperi.com\\\/wp-content\\\/uploads\\\/2024\\\/06\\\/mascara-1.jpg?fit=900%2C600&ssl=1\",\"keywords\":[\"futebol\"],\"articleSection\":[\"futebol\"],\"inLanguage\":\"pt-BR\",\"potentialAction\":[{\"@type\":\"CommentAction\",\"name\":\"Comment\",\"target\":[\"https:\\\/\\\/blogdoprosperi.com\\\/?p=43064#respond\"]}]},{\"@type\":\"WebPage\",\"@id\":\"https:\\\/\\\/blogdoprosperi.com\\\/?p=43064\",\"url\":\"https:\\\/\\\/blogdoprosperi.com\\\/?p=43064\",\"name\":\"Jogos da Euro 2024 na TV: Fran\u00e7a vs Holanda, Mbapp\u00e9 usa m\u00e1scara e fica no banco de reservas - PR\u00d3SPERI NEWS\",\"isPartOf\":{\"@id\":\"https:\\\/\\\/blogdoprosperi.com\\\/#website\"},\"primaryImageOfPage\":{\"@id\":\"https:\\\/\\\/blogdoprosperi.com\\\/?p=43064#primaryimage\"},\"image\":{\"@id\":\"https:\\\/\\\/blogdoprosperi.com\\\/?p=43064#primaryimage\"},\"thumbnailUrl\":\"https:\\\/\\\/i0.wp.com\\\/blogdoprosperi.com\\\/wp-content\\\/uploads\\\/2024\\\/06\\\/mascara-1.jpg?fit=900%2C600&ssl=1\",\"datePublished\":\"2024-06-21T14:57:28+00:00\",\"dateModified\":\"2024-06-21T15:01:15+00:00\",\"breadcrumb\":{\"@id\":\"https:\\\/\\\/blogdoprosperi.com\\\/?p=43064#breadcrumb\"},\"inLanguage\":\"pt-BR\",\"potentialAction\":[{\"@type\":\"ReadAction\",\"target\":[\"https:\\\/\\\/blogdoprosperi.com\\\/?p=43064\"]}]},{\"@type\":\"ImageObject\",\"inLanguage\":\"pt-BR\",\"@id\":\"https:\\\/\\\/blogdoprosperi.com\\\/?p=43064#primaryimage\",\"url\":\"https:\\\/\\\/i0.wp.com\\\/blogdoprosperi.com\\\/wp-content\\\/uploads\\\/2024\\\/06\\\/mascara-1.jpg?fit=900%2C600&ssl=1\",\"contentUrl\":\"https:\\\/\\\/i0.wp.com\\\/blogdoprosperi.com\\\/wp-content\\\/uploads\\\/2024\\\/06\\\/mascara-1.jpg?fit=900%2C600&ssl=1\",\"width\":900,\"height\":600,\"caption\":\"Mbapp\u00e9 treina de m\u00e1scara ap\u00f3s fratura no nariz e vai ficar no banco contra Holanda \u2013 foto: Uefa oficial\"},{\"@type\":\"BreadcrumbList\",\"@id\":\"https:\\\/\\\/blogdoprosperi.com\\\/?p=43064#breadcrumb\",\"itemListElement\":[{\"@type\":\"ListItem\",\"position\":1,\"name\":\"In\u00edcio\",\"item\":\"https:\\\/\\\/blogdoprosperi.com\\\/\"},{\"@type\":\"ListItem\",\"position\":2,\"name\":\"Jogos da Euro 2024 na TV: Fran\u00e7a vs Holanda, Mbapp\u00e9 usa m\u00e1scara e fica no banco de reservas\"}]},{\"@type\":\"WebSite\",\"@id\":\"https:\\\/\\\/blogdoprosperi.com\\\/#website\",\"url\":\"https:\\\/\\\/blogdoprosperi.com\\\/\",\"name\":\"PR\u00d3SPERI NEWS\",\"description\":\"TUDO \u00c9  FUTEBOL\",\"publisher\":{\"@id\":\"https:\\\/\\\/blogdoprosperi.com\\\/#\\\/schema\\\/person\\\/38100755ce3601861ee4fab9b5aa78e9\"},\"alternateName\":\"blogdoprosperi.com\",\"potentialAction\":[{\"@type\":\"SearchAction\",\"target\":{\"@type\":\"EntryPoint\",\"urlTemplate\":\"https:\\\/\\\/blogdoprosperi.com\\\/?s={search_term_string}\"},\"query-input\":{\"@type\":\"PropertyValueSpecification\",\"valueRequired\":true,\"valueName\":\"search_term_string\"}}],\"inLanguage\":\"pt-BR\"},{\"@type\":[\"Person\",\"Organization\"],\"@id\":\"https:\\\/\\\/blogdoprosperi.com\\\/#\\\/schema\\\/person\\\/38100755ce3601861ee4fab9b5aa78e9\",\"name\":\"Luiz Ant\u00f4nio Pr\u00f3speri\",\"pronouns\":\"ele\",\"image\":{\"@type\":\"ImageObject\",\"inLanguage\":\"pt-BR\",\"@id\":\"https:\\\/\\\/i0.wp.com\\\/blogdoprosperi.com\\\/wp-content\\\/uploads\\\/2026\\\/05\\\/cropped-8059e613-6002-42fa-961e-8e275f575d71-2-5.jpg?fit=1360%2C931&ssl=1\",\"url\":\"https:\\\/\\\/i0.wp.com\\\/blogdoprosperi.com\\\/wp-content\\\/uploads\\\/2026\\\/05\\\/cropped-8059e613-6002-42fa-961e-8e275f575d71-2-5.jpg?fit=1360%2C931&ssl=1\",\"contentUrl\":\"https:\\\/\\\/i0.wp.com\\\/blogdoprosperi.com\\\/wp-content\\\/uploads\\\/2026\\\/05\\\/cropped-8059e613-6002-42fa-961e-8e275f575d71-2-5.jpg?fit=1360%2C931&ssl=1\",\"width\":1360,\"height\":931,\"caption\":\"Luiz Ant\u00f4nio Pr\u00f3speri\"},\"logo\":{\"@id\":\"https:\\\/\\\/i0.wp.com\\\/blogdoprosperi.com\\\/wp-content\\\/uploads\\\/2026\\\/05\\\/cropped-8059e613-6002-42fa-961e-8e275f575d71-2-5.jpg?fit=1360%2C931&ssl=1\"},\"description\":\"Jornalista com carreira dedicada ao esporte. Cobriu 9 Copas do Mundo in loco, 1990 na It\u00e1lia, 1994 nos EUA, 1998 na Fran\u00e7a, 2002 na Coreia do Sul e Jap\u00e3o, 2006 na Alemanha, 2010 na \u00c1frica do Sul, 2014 no Brasil, 2018 na R\u00fassia e 2022 no Qatar. Eurocopas, 1992 na Su\u00e9cia e 1996 na Inglaterra. Copa das Confedera\u00e7\u00f5es de 2005 na Alemanha e 2009 na \u00c1frica do Sul. Rep\u00f3rter e Editor, trabalhou no Jornal da Tarde e Estad\u00e3o, de 1984 a fevereiro de 2016. Colunista, blogueiro. E comentarista de futebol na R\u00e1dio Estad\u00e3o, de 2013 a fevereiro de 2016. Jornalista respons\u00e1vel do \\\"Pr\u00f3speri News\\\" (blogdoprosperi.com).\",\"sameAs\":[\"http:\\\/\\\/blogdoprosperi.com\",\"Luiz Pr\u00f3speri\",\"@luiz_prosperi\",\"https:\\\/\\\/x.com\\\/Luizprosperi\",\"@prosperinacopa\",\"luiz.prosperi@icloud.com\"],\"url\":\"https:\\\/\\\/blogdoprosperi.com\\\/?author=102107496\"}]}<\/script>\n<!-- \/ Yoast SEO plugin. -->","yoast_head_json":{"title":"Jogos da Euro 2024 na TV: Fran\u00e7a vs Holanda, Mbapp\u00e9 usa m\u00e1scara e fica no banco de reservas - PR\u00d3SPERI NEWS","robots":{"index":"index","follow":"follow","max-snippet":"max-snippet:-1","max-image-preview":"max-image-preview:large","max-video-preview":"max-video-preview:-1"},"canonical":"https:\/\/blogdoprosperi.com\/?p=43064","og_locale":"pt_BR","og_type":"article","og_title":"Jogos da Euro 2024 na TV: Fran\u00e7a vs Holanda, Mbapp\u00e9 usa m\u00e1scara e fica no banco de reservas - PR\u00d3SPERI NEWS","og_description":"Mbapp\u00e9 n\u00e3o sai jogando na partida da Fran\u00e7a contra Holanda nessa tarde de sexta-feira (21\/6), no Grupo D. [&hellip;]","og_url":"https:\/\/blogdoprosperi.com\/?p=43064","og_site_name":"PR\u00d3SPERI NEWS","article_publisher":"Luiz Pr\u00f3speri","article_author":"Luiz Pr\u00f3speri","article_published_time":"2024-06-21T14:57:28+00:00","article_modified_time":"2024-06-21T15:01:15+00:00","og_image":[{"width":900,"height":600,"url":"https:\/\/i0.wp.com\/blogdoprosperi.com\/wp-content\/uploads\/2024\/06\/mascara-1.jpg?fit=900%2C600&ssl=1","type":"image\/jpeg"}],"author":"Luiz Ant\u00f4nio Pr\u00f3speri","twitter_card":"summary_large_image","twitter_creator":"@Luizprosperi","twitter_site":"@Luizprosperi","twitter_misc":{"Escrito por":"Luiz Ant\u00f4nio Pr\u00f3speri","Est. tempo de leitura":"1 minuto"},"schema":{"@context":"https:\/\/schema.org","@graph":[{"@type":"Article","@id":"https:\/\/blogdoprosperi.com\/?p=43064#article","isPartOf":{"@id":"https:\/\/blogdoprosperi.com\/?p=43064"},"author":{"name":"Luiz Ant\u00f4nio Pr\u00f3speri","@id":"https:\/\/blogdoprosperi.com\/#\/schema\/person\/38100755ce3601861ee4fab9b5aa78e9"},"headline":"Jogos da Euro 2024 na TV: Fran\u00e7a vs Holanda, Mbapp\u00e9 usa m\u00e1scara e fica no banco de reservas","datePublished":"2024-06-21T14:57:28+00:00","dateModified":"2024-06-21T15:01:15+00:00","mainEntityOfPage":{"@id":"https:\/\/blogdoprosperi.com\/?p=43064"},"wordCount":167,"commentCount":0,"publisher":{"@id":"https:\/\/blogdoprosperi.com\/#\/schema\/person\/38100755ce3601861ee4fab9b5aa78e9"},"image":{"@id":"https:\/\/blogdoprosperi.com\/?p=43064#primaryimage"},"thumbnailUrl":"https:\/\/i0.wp.com\/blogdoprosperi.com\/wp-content\/uploads\/2024\/06\/mascara-1.jpg?fit=900%2C600&ssl=1","keywords":["futebol"],"articleSection":["futebol"],"inLanguage":"pt-BR","potentialAction":[{"@type":"CommentAction","name":"Comment","target":["https:\/\/blogdoprosperi.com\/?p=43064#respond"]}]},{"@type":"WebPage","@id":"https:\/\/blogdoprosperi.com\/?p=43064","url":"https:\/\/blogdoprosperi.com\/?p=43064","name":"Jogos da Euro 2024 na TV: Fran\u00e7a vs Holanda, Mbapp\u00e9 usa m\u00e1scara e fica no banco de reservas - PR\u00d3SPERI NEWS","isPartOf":{"@id":"https:\/\/blogdoprosperi.com\/#website"},"primaryImageOfPage":{"@id":"https:\/\/blogdoprosperi.com\/?p=43064#primaryimage"},"image":{"@id":"https:\/\/blogdoprosperi.com\/?p=43064#primaryimage"},"thumbnailUrl":"https:\/\/i0.wp.com\/blogdoprosperi.com\/wp-content\/uploads\/2024\/06\/mascara-1.jpg?fit=900%2C600&ssl=1","datePublished":"2024-06-21T14:57:28+00:00","dateModified":"2024-06-21T15:01:15+00:00","breadcrumb":{"@id":"https:\/\/blogdoprosperi.com\/?p=43064#breadcrumb"},"inLanguage":"pt-BR","potentialAction":[{"@type":"ReadAction","target":["https:\/\/blogdoprosperi.com\/?p=43064"]}]},{"@type":"ImageObject","inLanguage":"pt-BR","@id":"https:\/\/blogdoprosperi.com\/?p=43064#primaryimage","url":"https:\/\/i0.wp.com\/blogdoprosperi.com\/wp-content\/uploads\/2024\/06\/mascara-1.jpg?fit=900%2C600&ssl=1","contentUrl":"https:\/\/i0.wp.com\/blogdoprosperi.com\/wp-content\/uploads\/2024\/06\/mascara-1.jpg?fit=900%2C600&ssl=1","width":900,"height":600,"caption":"Mbapp\u00e9 treina de m\u00e1scara ap\u00f3s fratura no nariz e vai ficar no banco contra Holanda \u2013 foto: Uefa oficial"},{"@type":"BreadcrumbList","@id":"https:\/\/blogdoprosperi.com\/?p=43064#breadcrumb","itemListElement":[{"@type":"ListItem","position":1,"name":"In\u00edcio","item":"https:\/\/blogdoprosperi.com\/"},{"@type":"ListItem","position":2,"name":"Jogos da Euro 2024 na TV: Fran\u00e7a vs Holanda, Mbapp\u00e9 usa m\u00e1scara e fica no banco de reservas"}]},{"@type":"WebSite","@id":"https:\/\/blogdoprosperi.com\/#website","url":"https:\/\/blogdoprosperi.com\/","name":"PR\u00d3SPERI NEWS","description":"TUDO \u00c9  FUTEBOL","publisher":{"@id":"https:\/\/blogdoprosperi.com\/#\/schema\/person\/38100755ce3601861ee4fab9b5aa78e9"},"alternateName":"blogdoprosperi.com","potentialAction":[{"@type":"SearchAction","target":{"@type":"EntryPoint","urlTemplate":"https:\/\/blogdoprosperi.com\/?s={search_term_string}"},"query-input":{"@type":"PropertyValueSpecification","valueRequired":true,"valueName":"search_term_string"}}],"inLanguage":"pt-BR"},{"@type":["Person","Organization"],"@id":"https:\/\/blogdoprosperi.com\/#\/schema\/person\/38100755ce3601861ee4fab9b5aa78e9","name":"Luiz Ant\u00f4nio Pr\u00f3speri","pronouns":"ele","image":{"@type":"ImageObject","inLanguage":"pt-BR","@id":"https:\/\/i0.wp.com\/blogdoprosperi.com\/wp-content\/uploads\/2026\/05\/cropped-8059e613-6002-42fa-961e-8e275f575d71-2-5.jpg?fit=1360%2C931&ssl=1","url":"https:\/\/i0.wp.com\/blogdoprosperi.com\/wp-content\/uploads\/2026\/05\/cropped-8059e613-6002-42fa-961e-8e275f575d71-2-5.jpg?fit=1360%2C931&ssl=1","contentUrl":"https:\/\/i0.wp.com\/blogdoprosperi.com\/wp-content\/uploads\/2026\/05\/cropped-8059e613-6002-42fa-961e-8e275f575d71-2-5.jpg?fit=1360%2C931&ssl=1","width":1360,"height":931,"caption":"Luiz Ant\u00f4nio Pr\u00f3speri"},"logo":{"@id":"https:\/\/i0.wp.com\/blogdoprosperi.com\/wp-content\/uploads\/2026\/05\/cropped-8059e613-6002-42fa-961e-8e275f575d71-2-5.jpg?fit=1360%2C931&ssl=1"},"description":"Jornalista com carreira dedicada ao esporte. Cobriu 9 Copas do Mundo in loco, 1990 na It\u00e1lia, 1994 nos EUA, 1998 na Fran\u00e7a, 2002 na Coreia do Sul e Jap\u00e3o, 2006 na Alemanha, 2010 na \u00c1frica do Sul, 2014 no Brasil, 2018 na R\u00fassia e 2022 no Qatar. Eurocopas, 1992 na Su\u00e9cia e 1996 na Inglaterra. Copa das Confedera\u00e7\u00f5es de 2005 na Alemanha e 2009 na \u00c1frica do Sul. Rep\u00f3rter e Editor, trabalhou no Jornal da Tarde e Estad\u00e3o, de 1984 a fevereiro de 2016. Colunista, blogueiro. E comentarista de futebol na R\u00e1dio Estad\u00e3o, de 2013 a fevereiro de 2016. Jornalista respons\u00e1vel do \"Pr\u00f3speri News\" (blogdoprosperi.com).","sameAs":["http:\/\/blogdoprosperi.com","Luiz Pr\u00f3speri","@luiz_prosperi","https:\/\/x.com\/Luizprosperi","@prosperinacopa","luiz.prosperi@icloud.com"],"url":"https:\/\/blogdoprosperi.com\/?author=102107496"}]}},"jetpack_publicize_connections":[],"jetpack_likes_enabled":false,"jetpack_sharing_enabled":true,"jetpack_shortlink":"https:\/\/wp.me\/p7jvdk-bcA","jetpack-related-posts":[{"id":42902,"url":"https:\/\/blogdoprosperi.com\/?p=42902","url_meta":{"origin":43064,"position":0},"title":"Programa\u00e7\u00e3o TV: ao vivo estreia de Cristiano Ronaldo na Euro 2024","author":"Luiz Ant\u00f4nio Pr\u00f3speri","date":"18 de junho de 2024","format":false,"excerpt":"Cristiano Ronaldo estreia na Euro 2024 nessa ter\u00e7a-feira (17\/6) no jogo Portugal x Tch\u00e9quia, \u00e0s 16h, com transmiss\u00e3o ao vivo no SporTV e Globoplay, direto de Leipzig. Ser\u00e1 a sexta Eurocopa, e talvez a \u00faltima, na carreira de CR7. Sele\u00e7\u00e3o portuguesa \u00e9 uma das favoritas ao t\u00edtulo. Confira programa\u00e7\u00e3o da\u2026","rel":"","context":"Em &quot;futebol&quot;","block_context":{"text":"futebol","link":"https:\/\/blogdoprosperi.com\/?cat=53870"},"img":{"alt_text":"Cristiano Ronaldo estreia na Euro 2024","src":"https:\/\/i0.wp.com\/blogdoprosperi.com\/wp-content\/uploads\/2024\/06\/captura-de-tela-2024-06-18-as-10.33.54.png?fit=910%2C782&ssl=1&resize=350%2C200","width":350,"height":200,"srcset":"https:\/\/i0.wp.com\/blogdoprosperi.com\/wp-content\/uploads\/2024\/06\/captura-de-tela-2024-06-18-as-10.33.54.png?fit=910%2C782&ssl=1&resize=350%2C200 1x, https:\/\/i0.wp.com\/blogdoprosperi.com\/wp-content\/uploads\/2024\/06\/captura-de-tela-2024-06-18-as-10.33.54.png?fit=910%2C782&ssl=1&resize=525%2C300 1.5x, https:\/\/i0.wp.com\/blogdoprosperi.com\/wp-content\/uploads\/2024\/06\/captura-de-tela-2024-06-18-as-10.33.54.png?fit=910%2C782&ssl=1&resize=700%2C400 2x"},"classes":[]},{"id":42971,"url":"https:\/\/blogdoprosperi.com\/?p=42971","url_meta":{"origin":43064,"position":1},"title":"Jogos Euro 2024 na TV: cl\u00e1ssico Espanha vs It\u00e1lia; Dinamarca vs Inglaterra","author":"Luiz Ant\u00f4nio Pr\u00f3speri","date":"20 de junho de 2024","format":false,"excerpt":"Espanha vs It\u00e1lia \u00e9 o destaque da Euro nessa quinta-feira (20\/6) em Gelsenkirchen. Jogo do Grupo B vale classifica\u00e7\u00e3o \u00e0s oitavas. Na primeira rodada, os espanh\u00f3is venceram a Cro\u00e1cia por 3 a 0 e os italianos derrotaram Alb\u00e2nia por 2 a 1. Outro confronto de muitas atra\u00e7\u00f5es: Dinamarca vs Inglaterra\u2026","rel":"","context":"Em &quot;futebol&quot;","block_context":{"text":"futebol","link":"https:\/\/blogdoprosperi.com\/?cat=53870"},"img":{"alt_text":"","src":"https:\/\/i0.wp.com\/blogdoprosperi.com\/wp-content\/uploads\/2024\/06\/captura-de-tela-2024-06-20-as-00.10.53.png?fit=1200%2C667&ssl=1&resize=350%2C200","width":350,"height":200,"srcset":"https:\/\/i0.wp.com\/blogdoprosperi.com\/wp-content\/uploads\/2024\/06\/captura-de-tela-2024-06-20-as-00.10.53.png?fit=1200%2C667&ssl=1&resize=350%2C200 1x, https:\/\/i0.wp.com\/blogdoprosperi.com\/wp-content\/uploads\/2024\/06\/captura-de-tela-2024-06-20-as-00.10.53.png?fit=1200%2C667&ssl=1&resize=525%2C300 1.5x, https:\/\/i0.wp.com\/blogdoprosperi.com\/wp-content\/uploads\/2024\/06\/captura-de-tela-2024-06-20-as-00.10.53.png?fit=1200%2C667&ssl=1&resize=700%2C400 2x, https:\/\/i0.wp.com\/blogdoprosperi.com\/wp-content\/uploads\/2024\/06\/captura-de-tela-2024-06-20-as-00.10.53.png?fit=1200%2C667&ssl=1&resize=1050%2C600 3x"},"classes":[]},{"id":42933,"url":"https:\/\/blogdoprosperi.com\/?p=42933","url_meta":{"origin":43064,"position":2},"title":"Euro 2024 TV ao vivo: Alemanha rumo \u00e0s oitavas e agonia de Cro\u00e1cia e Alb\u00e2nia","author":"Luiz Ant\u00f4nio Pr\u00f3speri","date":"19 de junho de 2024","format":false,"excerpt":"Alemanha entra na segunda rodada pronta a confirmar classifica\u00e7\u00e3o \u00e0s oitavas de final. Enfrenta a fraca Hungria, no Grupo A, nessa quarta-feira, \u00e0s 13h, em Stuttgart, depois de golear a Esc\u00f3cia por 5 a 1 na abertura da Euro 2024. Uma vit\u00f3ria leva os alem\u00e3es \u00e0 segunda fase. Jogo pesado\u2026","rel":"","context":"Em &quot;futebol&quot;","block_context":{"text":"futebol","link":"https:\/\/blogdoprosperi.com\/?cat=53870"},"img":{"alt_text":"Segunda rodada da Euro com Modric (Cro\u00e1cia), Wirtz (Alemanha) e Saka (Su\u00ed\u00e7a)","src":"https:\/\/i0.wp.com\/blogdoprosperi.com\/wp-content\/uploads\/2024\/06\/euro_24_-_3_players_country_-_facebook_2_.webp?fit=988%2C556&ssl=1&resize=350%2C200","width":350,"height":200,"srcset":"https:\/\/i0.wp.com\/blogdoprosperi.com\/wp-content\/uploads\/2024\/06\/euro_24_-_3_players_country_-_facebook_2_.webp?fit=988%2C556&ssl=1&resize=350%2C200 1x, https:\/\/i0.wp.com\/blogdoprosperi.com\/wp-content\/uploads\/2024\/06\/euro_24_-_3_players_country_-_facebook_2_.webp?fit=988%2C556&ssl=1&resize=525%2C300 1.5x, https:\/\/i0.wp.com\/blogdoprosperi.com\/wp-content\/uploads\/2024\/06\/euro_24_-_3_players_country_-_facebook_2_.webp?fit=988%2C556&ssl=1&resize=700%2C400 2x"},"classes":[]},{"id":43177,"url":"https:\/\/blogdoprosperi.com\/?p=43177","url_meta":{"origin":43064,"position":3},"title":"Euro 2024 na TV: Inglaterra enfrenta crise e busca reden\u00e7\u00e3o em jogo decisivo contra Eslov\u00eania","author":"Luiz Ant\u00f4nio Pr\u00f3speri","date":"25 de junho de 2024","format":false,"excerpt":"Euro 2024 conhece nessa ter\u00e7a--feira (25\/6) os quatro classificados nos Grupos C e D. Holanda, Fran\u00e7a e Inglaterra entram em campo j\u00e1 garantidas pelo menos entre as melhores colocadas no terceiro lugar. A briga das tr\u00eas pot\u00eancias \u00e9 por uma melhor posi\u00e7\u00e3o em seus grupos. Grande enigma nessa rodada: a\u2026","rel":"","context":"Em &quot;futebol&quot;","block_context":{"text":"futebol","link":"https:\/\/blogdoprosperi.com\/?cat=53870"},"img":{"alt_text":"","src":"https:\/\/i0.wp.com\/blogdoprosperi.com\/wp-content\/uploads\/2024\/06\/euro_24_-_4_players_-_facebook_20240622191940.jpg?fit=556%2C313&ssl=1&resize=350%2C200","width":350,"height":200,"srcset":"https:\/\/i0.wp.com\/blogdoprosperi.com\/wp-content\/uploads\/2024\/06\/euro_24_-_4_players_-_facebook_20240622191940.jpg?fit=556%2C313&ssl=1&resize=350%2C200 1x, https:\/\/i0.wp.com\/blogdoprosperi.com\/wp-content\/uploads\/2024\/06\/euro_24_-_4_players_-_facebook_20240622191940.jpg?fit=556%2C313&ssl=1&resize=525%2C300 1.5x"},"classes":[]},{"id":43556,"url":"https:\/\/blogdoprosperi.com\/?p=43556","url_meta":{"origin":43064,"position":4},"title":"Euro 2024 na TV: Espanha x Alemanha, a final antecipada; Portugal x Fran\u00e7a ou Cristiano x Mbapp\u00e9","author":"Luiz Ant\u00f4nio Pr\u00f3speri","date":"5 de julho de 2024","format":false,"excerpt":"Espanha e Alemanha decidem uma vaga \u00e0 semifinal da Euro 2024, nessa sexta-feira, \u00e0s 13h (hor\u00e1rio de Bras\u00edlia), em Stuttgart. Quem acompanha o torneio de olho no bom futebol pode apontar esse jogo como uma final antecipada da Eurocopa. As duas sele\u00e7\u00f5es s\u00e3o as que mais gols marcaram (19) e\u2026","rel":"","context":"Em &quot;futebol&quot;","block_context":{"text":"futebol","link":"https:\/\/blogdoprosperi.com\/?cat=53870"},"img":{"alt_text":"","src":"https:\/\/i0.wp.com\/blogdoprosperi.com\/wp-content\/uploads\/2024\/07\/euro_24_-_2_players_h2h_-_facebook.jpg?fit=988%2C556&ssl=1&resize=350%2C200","width":350,"height":200,"srcset":"https:\/\/i0.wp.com\/blogdoprosperi.com\/wp-content\/uploads\/2024\/07\/euro_24_-_2_players_h2h_-_facebook.jpg?fit=988%2C556&ssl=1&resize=350%2C200 1x, https:\/\/i0.wp.com\/blogdoprosperi.com\/wp-content\/uploads\/2024\/07\/euro_24_-_2_players_h2h_-_facebook.jpg?fit=988%2C556&ssl=1&resize=525%2C300 1.5x, https:\/\/i0.wp.com\/blogdoprosperi.com\/wp-content\/uploads\/2024\/07\/euro_24_-_2_players_h2h_-_facebook.jpg?fit=988%2C556&ssl=1&resize=700%2C400 2x"},"classes":[]},{"id":43604,"url":"https:\/\/blogdoprosperi.com\/?p=43604","url_meta":{"origin":43064,"position":5},"title":"Euro 2024 na TV \u2013 sexta-feira: Portugal x Fran\u00e7a ou Cristiano x Mbapp\u00e9","author":"Luiz Ant\u00f4nio Pr\u00f3speri","date":"5 de julho de 2024","format":false,"excerpt":"Portugal e Fran\u00e7a se enfrentam \u00e0s 16h em Hamburgo. O vencedor do confronto vai \u00e0 semifinal contra o vencedor de Espanha x Alemanha. Portugal vs Fran\u00e7a \u2013 16h \u2013 transmiss\u00e3o YouTube Caz\u00e9TV e PrimeVideo Nem Portugal e muitos menos a Fran\u00e7a mostraram grande futebol at\u00e9 aqui. Decep\u00e7\u00e3o resume bem o\u2026","rel":"","context":"Em &quot;futebol&quot;","block_context":{"text":"futebol","link":"https:\/\/blogdoprosperi.com\/?cat=53870"},"img":{"alt_text":"","src":"https:\/\/i0.wp.com\/blogdoprosperi.com\/wp-content\/uploads\/2024\/07\/euro_24_-_2_players_h2h_-_facebook_15_.jpg?fit=988%2C556&ssl=1&resize=350%2C200","width":350,"height":200,"srcset":"https:\/\/i0.wp.com\/blogdoprosperi.com\/wp-content\/uploads\/2024\/07\/euro_24_-_2_players_h2h_-_facebook_15_.jpg?fit=988%2C556&ssl=1&resize=350%2C200 1x, https:\/\/i0.wp.com\/blogdoprosperi.com\/wp-content\/uploads\/2024\/07\/euro_24_-_2_players_h2h_-_facebook_15_.jpg?fit=988%2C556&ssl=1&resize=525%2C300 1.5x, https:\/\/i0.wp.com\/blogdoprosperi.com\/wp-content\/uploads\/2024\/07\/euro_24_-_2_players_h2h_-_facebook_15_.jpg?fit=988%2C556&ssl=1&resize=700%2C400 2x"},"classes":[]}],"jetpack_featured_media_url":"https:\/\/i0.wp.com\/blogdoprosperi.com\/wp-content\/uploads\/2024\/06\/mascara-1.jpg?fit=900%2C600&ssl=1","_links":{"self":[{"href":"https:\/\/blogdoprosperi.com\/index.php?rest_route=\/wp\/v2\/posts\/43064","targetHints":{"allow":["GET"]}}],"collection":[{"href":"https:\/\/blogdoprosperi.com\/index.php?rest_route=\/wp\/v2\/posts"}],"about":[{"href":"https:\/\/blogdoprosperi.com\/index.php?rest_route=\/wp\/v2\/types\/post"}],"author":[{"embeddable":true,"href":"https:\/\/blogdoprosperi.com\/index.php?rest_route=\/wp\/v2\/users\/102107496"}],"replies":[{"embeddable":true,"href":"https:\/\/blogdoprosperi.com\/index.php?rest_route=%2Fwp%2Fv2%2Fcomments&post=43064"}],"version-history":[{"count":5,"href":"https:\/\/blogdoprosperi.com\/index.php?rest_route=\/wp\/v2\/posts\/43064\/revisions"}],"predecessor-version":[{"id":43072,"href":"https:\/\/blogdoprosperi.com\/index.php?rest_route=\/wp\/v2\/posts\/43064\/revisions\/43072"}],"wp:featuredmedia":[{"embeddable":true,"href":"https:\/\/blogdoprosperi.com\/index.php?rest_route=\/wp\/v2\/media\/43069"}],"wp:attachment":[{"href":"https:\/\/blogdoprosperi.com\/index.php?rest_route=%2Fwp%2Fv2%2Fmedia&parent=43064"}],"wp:term":[{"taxonomy":"category","embeddable":true,"href":"https:\/\/blogdoprosperi.com\/index.php?rest_route=%2Fwp%2Fv2%2Fcategories&post=43064"},{"taxonomy":"post_tag","embeddable":true,"href":"https:\/\/blogdoprosperi.com\/index.php?rest_route=%2Fwp%2Fv2%2Ftags&post=43064"}],"curies":[{"name":"wp","href":"https:\/\/api.w.org\/{rel}","templated":true}]}}