{"id":43154,"date":"2024-06-25T01:07:53","date_gmt":"2024-06-25T04:07:53","guid":{"rendered":"https:\/\/blogdoprosperi.com\/?p=43154"},"modified":"2024-06-25T01:54:59","modified_gmt":"2024-06-25T04:54:59","slug":"selecao-brasileira-empata-sem-gols-contra-costa-rica-atuacao-fraca-e-confusa","status":"publish","type":"post","link":"https:\/\/blogdoprosperi.com\/?p=43154","title":{"rendered":"Copa Am\u00e9rica 2024: Sele\u00e7\u00e3o Brasileira empata sem gols contra Costa Rica, atua\u00e7\u00e3o fraca e confusa na estreia"},"content":{"rendered":"<p>Sele\u00e7\u00e3o Brasileira frustra todas expectativas no empate sem gols contra Costa Rica na estreia na Copa Am\u00e9rica 2024. Atua\u00e7\u00e3o fraca, sem a menor inspira\u00e7\u00e3o e, pior, com p\u00e9ssimas escolhas de Dorival J\u00fanior.<\/p>\n<p>Onde j\u00e1 se viu um treinador de Sele\u00e7\u00e3o substituir seu principal jogador, falamos de Vini Jr, quando o jogo se apresentava complicado para o Brasil?<\/p>\n<p>Pois bem, Dorival sacou Vini aos 25 minutos do segundo tempo para dar lugar a Endrick.<\/p>\n<p>Naquele momento da troca, n\u00e3o havia menor necessidade de a Sele\u00e7\u00e3o atuar com dois volantes (Bruno Guimar\u00e3es e Jo\u00e3o Gomes) um do lado do outro diante de uma Costa Rica, formada na sua maioria por jovens, entrincheirada com seus dez jogadores de linha quase todos na grande \u00e1rea.<\/p>\n<p>Nos Mandamentos do futebol, a l\u00f3gica seria sacar um dos volantes e dar lugar a um meia de cria\u00e7\u00e3o.<\/p>\n<p>E ainda em um campo de dimens\u00f5es reduzidas (100 m de comprimento por 64 m de largura \u2013 oficial \u00e9 de 105 m por 68 m). Perfeito para o futebol society que a Sele\u00e7\u00e3o praticava nessa estreia na Copa Am\u00e9rica.<\/p>\n<p>Mesmo assim, Dorival opta pela sa\u00edda de Vini, candidato a Melhor Jogador do Mundo na elei\u00e7\u00e3o da Fifa nessa temporada. Endrick entra na vaga de Vini e fica enjaulado entre uma por\u00e7\u00e3o de zagueiros. Detalhe: <span><strong><a style=\"color: #0000ff\" href=\"https:\/\/blogdoprosperi.com\/2024\/05\/10\/endrick-e-vini-jr-resgate-da-selecao-aos-pes-dos-meninos\/\">Endrick<\/a><\/strong><\/span><span><strong> <\/strong><\/span>n\u00e3o recebe uma bola, ningu\u00e9m serve o menino de ouro.<\/p>\n<p>Na outra troca, Dorival aplica o seis por meia-d\u00fazia. Savinho no lugar de Raphinha. Savinho se mostra mais atrevido que Raphinha, mas sem capacidade de mudar o curso do rio.<\/p>\n<p>As substitui\u00e7\u00f5es demoraram a acontecer. N\u00e3o era o ataque o problema e sim o setor de cria\u00e7\u00e3o.<\/p>\n<p>E a\u00ed vamos ressaltar a op\u00e7\u00e3o equivocada por Lucas Paquet\u00e1, apontado por analistas e cr\u00edticos de futebol como jogador din\u00e2mico, criativo, capaz de encontrar solu\u00e7\u00f5es.<\/p>\n<p>Dif\u00edcil concordar com essas teses. Paquet\u00e1 \u00e9 t\u00e3o comum como Jo\u00e3o Gomes e Bruno Guimar\u00e3es, todos no m\u00e1ximo coadjuvantes. Todos atuando em times pequenos da Premier League, times moldados mais a defender do que atacar.<\/p>\n<p>Contra a Costa Rica, usar os tr\u00eas no meio-campo desde o in\u00edcio do jogo e insistir assim at\u00e9 os 30 minutos do segundo tempo, soa uma provoca\u00e7\u00e3o de Dorival.<\/p>\n<p>Nesse sistema, a \u00fanica luz vem de Rodrygo, com m\u00faltiplas tarefas na cria\u00e7\u00e3o e chegada na \u00e1rea. N\u00e3o por acaso tem sido o destaque desse in\u00edcio pobre de trabalho de Dorival.<\/p>\n<p>Dif\u00edcil acreditar que nessa altura de sua carreira, <span><a style=\"color: #0000ff\" href=\"https:\/\/blogdoprosperi.com\/2024\/06\/24\/copa-america-2024-selecao-brasileira-parte-em-busca-do-tempo-perdido\/\">Dorival possa rever alguns de seus conceitos de futebol.<\/a><\/span> Sele\u00e7\u00e3o Brasileira \u00e9 outra hist\u00f3ria. N\u00e3o \u00e9 clube.<\/p>\n<p>A estreia fraqu\u00edssima do Brasil na Copa Am\u00e9rica obriga Dorival a repensar algumas de suas verdades. Precisa de um plano B, subverter a l\u00f3gica do time com trocas de esquemas e posi\u00e7\u00e3o de jogadores. Deixar de seguir tudo dentro do quadradinho.<\/p>\n<p>Neymar, afastado da Sele\u00e7\u00e3o por grave les\u00e3o no joelho, s\u00f3 voltar\u00e1 a jogar em setembro. Nas tribunas do est\u00e1dio SoFi Stadium de Los Angeles, acompanhando a estreia do Brasil na Copa Am\u00e9rica 2024, Neymar, incr\u00e9dulo, fez gestos de estranheza quando Dorival tirou Vini Jr do jogo. Isso diz muito do futuro da Sele\u00e7\u00e3o.<\/p>\n","protected":false},"excerpt":{"rendered":"<p>Sele\u00e7\u00e3o Brasileira frustra todas expectativas no empate sem gols contra Costa Rica na estreia na Copa Am\u00e9rica 2024. [&hellip;]<\/p>\n","protected":false},"author":102107496,"featured_media":43167,"comment_status":"open","ping_status":"open","sticky":false,"template":"","format":"standard","meta":{"_coblocks_attr":"","_coblocks_dimensions":"","_coblocks_responsive_height":"","_coblocks_accordion_ie_support":"","_jetpack_newsletter_access":"","_jetpack_dont_email_post_to_subs":false,"_jetpack_newsletter_tier_id":0,"_jetpack_memberships_contains_paywalled_content":false,"_wpcom_ai_launchpad_first_post":false,"_jetpack_feature_clip_id":0,"_jetpack_memberships_contains_paid_content":false,"footnotes":"","jetpack_publicize_message":"Sele\u00e7\u00e3o Brasileira sem inspira\u00e7\u00e3o e alternativas estreia com empate na Copa Am\u00e9rica. Frustrante.","jetpack_publicize_feature_enabled":true,"jetpack_social_post_already_shared":false,"jetpack_social_options":{"image_generator_settings":{"template":"highway","default_image_id":0,"font":"","enabled":false},"version":2},"jetpack_post_was_ever_published":false},"categories":[570700,53870,768932782,20384,3919,174694],"tags":[10668348,772489761,789560569,701438958,1192751,25607665,789560560,1192834,66705201,646227778],"class_list":["post-43154","post","type-post","status-publish","format-standard","has-post-thumbnail","hentry","category-cbf","category-futebol","category-futebol-2024","category-informacao","category-opiniao","category-selecao-brasileira","tag-0000ff","tag-brasil-0-a-0-costa-rica","tag-cbf","tag-copa-america-2024","tag-dorival-jr","tag-endrick","tag-futebol","tag-paqueta","tag-rodrygo","tag-vini-jr"],"yoast_head":"<!-- This site is optimized with the Yoast SEO plugin v28.3 - https:\/\/yoast.com\/product\/yoast-seo-wordpress\/ -->\n<title>Copa Am\u00e9rica 2024: Sele\u00e7\u00e3o Brasileira empata sem gols contra Costa Rica, atua\u00e7\u00e3o fraca e confusa na estreia - PR\u00d3SPERI NEWS<\/title>\n<meta name=\"robots\" content=\"index, follow, max-snippet:-1, max-image-preview:large, max-video-preview:-1\" \/>\n<link rel=\"canonical\" href=\"https:\/\/blogdoprosperi.com\/?p=43154\" \/>\n<meta property=\"og:locale\" content=\"pt_BR\" \/>\n<meta property=\"og:type\" content=\"article\" \/>\n<meta property=\"og:title\" content=\"Copa Am\u00e9rica 2024: Sele\u00e7\u00e3o Brasileira empata sem gols contra Costa Rica, atua\u00e7\u00e3o fraca e confusa na estreia - PR\u00d3SPERI NEWS\" \/>\n<meta property=\"og:description\" content=\"Sele\u00e7\u00e3o Brasileira frustra todas expectativas no empate sem gols contra Costa Rica na estreia na Copa Am\u00e9rica 2024. [&hellip;]\" \/>\n<meta property=\"og:url\" content=\"https:\/\/blogdoprosperi.com\/?p=43154\" \/>\n<meta property=\"og:site_name\" content=\"PR\u00d3SPERI NEWS\" \/>\n<meta property=\"article:publisher\" content=\"Luiz Pr\u00f3speri\" \/>\n<meta property=\"article:author\" content=\"Luiz Pr\u00f3speri\" \/>\n<meta property=\"article:published_time\" content=\"2024-06-25T04:07:53+00:00\" \/>\n<meta property=\"article:modified_time\" content=\"2024-06-25T04:54:59+00:00\" \/>\n<meta property=\"og:image\" content=\"https:\/\/i0.wp.com\/blogdoprosperi.com\/wp-content\/uploads\/2024\/06\/image-1.webp?fit=1920%2C1280&ssl=1\" \/>\n\t<meta property=\"og:image:width\" content=\"1920\" \/>\n\t<meta property=\"og:image:height\" content=\"1280\" \/>\n\t<meta property=\"og:image:type\" content=\"image\/webp\" \/>\n<meta name=\"author\" content=\"Luiz Ant\u00f4nio Pr\u00f3speri\" \/>\n<meta name=\"twitter:card\" content=\"summary_large_image\" \/>\n<meta name=\"twitter:creator\" content=\"@Luizprosperi\" \/>\n<meta name=\"twitter:site\" content=\"@Luizprosperi\" \/>\n<meta name=\"twitter:label1\" content=\"Escrito por\" \/>\n\t<meta name=\"twitter:data1\" content=\"Luiz Ant\u00f4nio Pr\u00f3speri\" \/>\n\t<meta name=\"twitter:label2\" content=\"Est. tempo de leitura\" \/>\n\t<meta name=\"twitter:data2\" content=\"3 minutos\" \/>\n<script type=\"application\/ld+json\" class=\"yoast-schema-graph\">{\"@context\":\"https:\\\/\\\/schema.org\",\"@graph\":[{\"@type\":\"Article\",\"@id\":\"https:\\\/\\\/blogdoprosperi.com\\\/?p=43154#article\",\"isPartOf\":{\"@id\":\"https:\\\/\\\/blogdoprosperi.com\\\/?p=43154\"},\"author\":{\"name\":\"Luiz Ant\u00f4nio Pr\u00f3speri\",\"@id\":\"https:\\\/\\\/blogdoprosperi.com\\\/#\\\/schema\\\/person\\\/38100755ce3601861ee4fab9b5aa78e9\"},\"headline\":\"Copa Am\u00e9rica 2024: Sele\u00e7\u00e3o Brasileira empata sem gols contra Costa Rica, atua\u00e7\u00e3o fraca e confusa na estreia\",\"datePublished\":\"2024-06-25T04:07:53+00:00\",\"dateModified\":\"2024-06-25T04:54:59+00:00\",\"mainEntityOfPage\":{\"@id\":\"https:\\\/\\\/blogdoprosperi.com\\\/?p=43154\"},\"wordCount\":573,\"commentCount\":0,\"publisher\":{\"@id\":\"https:\\\/\\\/blogdoprosperi.com\\\/#\\\/schema\\\/person\\\/38100755ce3601861ee4fab9b5aa78e9\"},\"image\":{\"@id\":\"https:\\\/\\\/blogdoprosperi.com\\\/?p=43154#primaryimage\"},\"thumbnailUrl\":\"https:\\\/\\\/i0.wp.com\\\/blogdoprosperi.com\\\/wp-content\\\/uploads\\\/2024\\\/06\\\/image-1.webp?fit=1920%2C1280&ssl=1\",\"keywords\":[\"0000ff\",\"brasil 0 a 0 costa rica\",\"CBF\",\"copa am\u00e9rica 2024\",\"Dorival jr\",\"endrick\",\"futebol\",\"paquet\u00e1\",\"rodrygo\",\"Vini Jr\"],\"articleSection\":[\"CBF\",\"futebol\",\"futebol 2024\",\"informa\u00e7\u00e3o\",\"opini\u00e3o\",\"Sele\u00e7\u00e3o Brasileira\"],\"inLanguage\":\"pt-BR\",\"potentialAction\":[{\"@type\":\"CommentAction\",\"name\":\"Comment\",\"target\":[\"https:\\\/\\\/blogdoprosperi.com\\\/?p=43154#respond\"]}]},{\"@type\":\"WebPage\",\"@id\":\"https:\\\/\\\/blogdoprosperi.com\\\/?p=43154\",\"url\":\"https:\\\/\\\/blogdoprosperi.com\\\/?p=43154\",\"name\":\"Copa Am\u00e9rica 2024: Sele\u00e7\u00e3o Brasileira empata sem gols contra Costa Rica, atua\u00e7\u00e3o fraca e confusa na estreia - PR\u00d3SPERI NEWS\",\"isPartOf\":{\"@id\":\"https:\\\/\\\/blogdoprosperi.com\\\/#website\"},\"primaryImageOfPage\":{\"@id\":\"https:\\\/\\\/blogdoprosperi.com\\\/?p=43154#primaryimage\"},\"image\":{\"@id\":\"https:\\\/\\\/blogdoprosperi.com\\\/?p=43154#primaryimage\"},\"thumbnailUrl\":\"https:\\\/\\\/i0.wp.com\\\/blogdoprosperi.com\\\/wp-content\\\/uploads\\\/2024\\\/06\\\/image-1.webp?fit=1920%2C1280&ssl=1\",\"datePublished\":\"2024-06-25T04:07:53+00:00\",\"dateModified\":\"2024-06-25T04:54:59+00:00\",\"breadcrumb\":{\"@id\":\"https:\\\/\\\/blogdoprosperi.com\\\/?p=43154#breadcrumb\"},\"inLanguage\":\"pt-BR\",\"potentialAction\":[{\"@type\":\"ReadAction\",\"target\":[\"https:\\\/\\\/blogdoprosperi.com\\\/?p=43154\"]}]},{\"@type\":\"ImageObject\",\"inLanguage\":\"pt-BR\",\"@id\":\"https:\\\/\\\/blogdoprosperi.com\\\/?p=43154#primaryimage\",\"url\":\"https:\\\/\\\/i0.wp.com\\\/blogdoprosperi.com\\\/wp-content\\\/uploads\\\/2024\\\/06\\\/image-1.webp?fit=1920%2C1280&ssl=1\",\"contentUrl\":\"https:\\\/\\\/i0.wp.com\\\/blogdoprosperi.com\\\/wp-content\\\/uploads\\\/2024\\\/06\\\/image-1.webp?fit=1920%2C1280&ssl=1\",\"width\":1920,\"height\":1280,\"caption\":\"Rodrygo, \u00fanica boa not\u00edcia na estreia da Sele\u00e7\u00e3o \u2013 foto: Conmebol oficial\"},{\"@type\":\"BreadcrumbList\",\"@id\":\"https:\\\/\\\/blogdoprosperi.com\\\/?p=43154#breadcrumb\",\"itemListElement\":[{\"@type\":\"ListItem\",\"position\":1,\"name\":\"In\u00edcio\",\"item\":\"https:\\\/\\\/blogdoprosperi.com\\\/\"},{\"@type\":\"ListItem\",\"position\":2,\"name\":\"Copa Am\u00e9rica 2024: Sele\u00e7\u00e3o Brasileira empata sem gols contra Costa Rica, atua\u00e7\u00e3o fraca e confusa na estreia\"}]},{\"@type\":\"WebSite\",\"@id\":\"https:\\\/\\\/blogdoprosperi.com\\\/#website\",\"url\":\"https:\\\/\\\/blogdoprosperi.com\\\/\",\"name\":\"PR\u00d3SPERI NEWS\",\"description\":\"TUDO \u00c9  FUTEBOL\",\"publisher\":{\"@id\":\"https:\\\/\\\/blogdoprosperi.com\\\/#\\\/schema\\\/person\\\/38100755ce3601861ee4fab9b5aa78e9\"},\"alternateName\":\"blogdoprosperi.com\",\"potentialAction\":[{\"@type\":\"SearchAction\",\"target\":{\"@type\":\"EntryPoint\",\"urlTemplate\":\"https:\\\/\\\/blogdoprosperi.com\\\/?s={search_term_string}\"},\"query-input\":{\"@type\":\"PropertyValueSpecification\",\"valueRequired\":true,\"valueName\":\"search_term_string\"}}],\"inLanguage\":\"pt-BR\"},{\"@type\":[\"Person\",\"Organization\"],\"@id\":\"https:\\\/\\\/blogdoprosperi.com\\\/#\\\/schema\\\/person\\\/38100755ce3601861ee4fab9b5aa78e9\",\"name\":\"Luiz Ant\u00f4nio Pr\u00f3speri\",\"pronouns\":\"ele\",\"image\":{\"@type\":\"ImageObject\",\"inLanguage\":\"pt-BR\",\"@id\":\"https:\\\/\\\/i0.wp.com\\\/blogdoprosperi.com\\\/wp-content\\\/uploads\\\/2026\\\/05\\\/cropped-8059e613-6002-42fa-961e-8e275f575d71-2-5.jpg?fit=1360%2C931&ssl=1\",\"url\":\"https:\\\/\\\/i0.wp.com\\\/blogdoprosperi.com\\\/wp-content\\\/uploads\\\/2026\\\/05\\\/cropped-8059e613-6002-42fa-961e-8e275f575d71-2-5.jpg?fit=1360%2C931&ssl=1\",\"contentUrl\":\"https:\\\/\\\/i0.wp.com\\\/blogdoprosperi.com\\\/wp-content\\\/uploads\\\/2026\\\/05\\\/cropped-8059e613-6002-42fa-961e-8e275f575d71-2-5.jpg?fit=1360%2C931&ssl=1\",\"width\":1360,\"height\":931,\"caption\":\"Luiz Ant\u00f4nio Pr\u00f3speri\"},\"logo\":{\"@id\":\"https:\\\/\\\/i0.wp.com\\\/blogdoprosperi.com\\\/wp-content\\\/uploads\\\/2026\\\/05\\\/cropped-8059e613-6002-42fa-961e-8e275f575d71-2-5.jpg?fit=1360%2C931&ssl=1\"},\"description\":\"Jornalista com carreira dedicada ao esporte. Cobriu 9 Copas do Mundo in loco, 1990 na It\u00e1lia, 1994 nos EUA, 1998 na Fran\u00e7a, 2002 na Coreia do Sul e Jap\u00e3o, 2006 na Alemanha, 2010 na \u00c1frica do Sul, 2014 no Brasil, 2018 na R\u00fassia e 2022 no Qatar. Eurocopas, 1992 na Su\u00e9cia e 1996 na Inglaterra. Copa das Confedera\u00e7\u00f5es de 2005 na Alemanha e 2009 na \u00c1frica do Sul. Rep\u00f3rter e Editor, trabalhou no Jornal da Tarde e Estad\u00e3o, de 1984 a fevereiro de 2016. Colunista, blogueiro. E comentarista de futebol na R\u00e1dio Estad\u00e3o, de 2013 a fevereiro de 2016. Jornalista respons\u00e1vel do \\\"Pr\u00f3speri News\\\" (blogdoprosperi.com).\",\"sameAs\":[\"http:\\\/\\\/blogdoprosperi.com\",\"Luiz Pr\u00f3speri\",\"@luiz_prosperi\",\"https:\\\/\\\/x.com\\\/Luizprosperi\",\"@prosperinacopa\",\"luiz.prosperi@icloud.com\"],\"url\":\"https:\\\/\\\/blogdoprosperi.com\\\/?author=102107496\"}]}<\/script>\n<!-- \/ Yoast SEO plugin. -->","yoast_head_json":{"title":"Copa Am\u00e9rica 2024: Sele\u00e7\u00e3o Brasileira empata sem gols contra Costa Rica, atua\u00e7\u00e3o fraca e confusa na estreia - PR\u00d3SPERI NEWS","robots":{"index":"index","follow":"follow","max-snippet":"max-snippet:-1","max-image-preview":"max-image-preview:large","max-video-preview":"max-video-preview:-1"},"canonical":"https:\/\/blogdoprosperi.com\/?p=43154","og_locale":"pt_BR","og_type":"article","og_title":"Copa Am\u00e9rica 2024: Sele\u00e7\u00e3o Brasileira empata sem gols contra Costa Rica, atua\u00e7\u00e3o fraca e confusa na estreia - PR\u00d3SPERI NEWS","og_description":"Sele\u00e7\u00e3o Brasileira frustra todas expectativas no empate sem gols contra Costa Rica na estreia na Copa Am\u00e9rica 2024. [&hellip;]","og_url":"https:\/\/blogdoprosperi.com\/?p=43154","og_site_name":"PR\u00d3SPERI NEWS","article_publisher":"Luiz Pr\u00f3speri","article_author":"Luiz Pr\u00f3speri","article_published_time":"2024-06-25T04:07:53+00:00","article_modified_time":"2024-06-25T04:54:59+00:00","og_image":[{"width":1920,"height":1280,"url":"https:\/\/i0.wp.com\/blogdoprosperi.com\/wp-content\/uploads\/2024\/06\/image-1.webp?fit=1920%2C1280&ssl=1","type":"image\/webp"}],"author":"Luiz Ant\u00f4nio Pr\u00f3speri","twitter_card":"summary_large_image","twitter_creator":"@Luizprosperi","twitter_site":"@Luizprosperi","twitter_misc":{"Escrito por":"Luiz Ant\u00f4nio Pr\u00f3speri","Est. tempo de leitura":"3 minutos"},"schema":{"@context":"https:\/\/schema.org","@graph":[{"@type":"Article","@id":"https:\/\/blogdoprosperi.com\/?p=43154#article","isPartOf":{"@id":"https:\/\/blogdoprosperi.com\/?p=43154"},"author":{"name":"Luiz Ant\u00f4nio Pr\u00f3speri","@id":"https:\/\/blogdoprosperi.com\/#\/schema\/person\/38100755ce3601861ee4fab9b5aa78e9"},"headline":"Copa Am\u00e9rica 2024: Sele\u00e7\u00e3o Brasileira empata sem gols contra Costa Rica, atua\u00e7\u00e3o fraca e confusa na estreia","datePublished":"2024-06-25T04:07:53+00:00","dateModified":"2024-06-25T04:54:59+00:00","mainEntityOfPage":{"@id":"https:\/\/blogdoprosperi.com\/?p=43154"},"wordCount":573,"commentCount":0,"publisher":{"@id":"https:\/\/blogdoprosperi.com\/#\/schema\/person\/38100755ce3601861ee4fab9b5aa78e9"},"image":{"@id":"https:\/\/blogdoprosperi.com\/?p=43154#primaryimage"},"thumbnailUrl":"https:\/\/i0.wp.com\/blogdoprosperi.com\/wp-content\/uploads\/2024\/06\/image-1.webp?fit=1920%2C1280&ssl=1","keywords":["0000ff","brasil 0 a 0 costa rica","CBF","copa am\u00e9rica 2024","Dorival jr","endrick","futebol","paquet\u00e1","rodrygo","Vini Jr"],"articleSection":["CBF","futebol","futebol 2024","informa\u00e7\u00e3o","opini\u00e3o","Sele\u00e7\u00e3o Brasileira"],"inLanguage":"pt-BR","potentialAction":[{"@type":"CommentAction","name":"Comment","target":["https:\/\/blogdoprosperi.com\/?p=43154#respond"]}]},{"@type":"WebPage","@id":"https:\/\/blogdoprosperi.com\/?p=43154","url":"https:\/\/blogdoprosperi.com\/?p=43154","name":"Copa Am\u00e9rica 2024: Sele\u00e7\u00e3o Brasileira empata sem gols contra Costa Rica, atua\u00e7\u00e3o fraca e confusa na estreia - PR\u00d3SPERI NEWS","isPartOf":{"@id":"https:\/\/blogdoprosperi.com\/#website"},"primaryImageOfPage":{"@id":"https:\/\/blogdoprosperi.com\/?p=43154#primaryimage"},"image":{"@id":"https:\/\/blogdoprosperi.com\/?p=43154#primaryimage"},"thumbnailUrl":"https:\/\/i0.wp.com\/blogdoprosperi.com\/wp-content\/uploads\/2024\/06\/image-1.webp?fit=1920%2C1280&ssl=1","datePublished":"2024-06-25T04:07:53+00:00","dateModified":"2024-06-25T04:54:59+00:00","breadcrumb":{"@id":"https:\/\/blogdoprosperi.com\/?p=43154#breadcrumb"},"inLanguage":"pt-BR","potentialAction":[{"@type":"ReadAction","target":["https:\/\/blogdoprosperi.com\/?p=43154"]}]},{"@type":"ImageObject","inLanguage":"pt-BR","@id":"https:\/\/blogdoprosperi.com\/?p=43154#primaryimage","url":"https:\/\/i0.wp.com\/blogdoprosperi.com\/wp-content\/uploads\/2024\/06\/image-1.webp?fit=1920%2C1280&ssl=1","contentUrl":"https:\/\/i0.wp.com\/blogdoprosperi.com\/wp-content\/uploads\/2024\/06\/image-1.webp?fit=1920%2C1280&ssl=1","width":1920,"height":1280,"caption":"Rodrygo, \u00fanica boa not\u00edcia na estreia da Sele\u00e7\u00e3o \u2013 foto: Conmebol oficial"},{"@type":"BreadcrumbList","@id":"https:\/\/blogdoprosperi.com\/?p=43154#breadcrumb","itemListElement":[{"@type":"ListItem","position":1,"name":"In\u00edcio","item":"https:\/\/blogdoprosperi.com\/"},{"@type":"ListItem","position":2,"name":"Copa Am\u00e9rica 2024: Sele\u00e7\u00e3o Brasileira empata sem gols contra Costa Rica, atua\u00e7\u00e3o fraca e confusa na estreia"}]},{"@type":"WebSite","@id":"https:\/\/blogdoprosperi.com\/#website","url":"https:\/\/blogdoprosperi.com\/","name":"PR\u00d3SPERI NEWS","description":"TUDO \u00c9  FUTEBOL","publisher":{"@id":"https:\/\/blogdoprosperi.com\/#\/schema\/person\/38100755ce3601861ee4fab9b5aa78e9"},"alternateName":"blogdoprosperi.com","potentialAction":[{"@type":"SearchAction","target":{"@type":"EntryPoint","urlTemplate":"https:\/\/blogdoprosperi.com\/?s={search_term_string}"},"query-input":{"@type":"PropertyValueSpecification","valueRequired":true,"valueName":"search_term_string"}}],"inLanguage":"pt-BR"},{"@type":["Person","Organization"],"@id":"https:\/\/blogdoprosperi.com\/#\/schema\/person\/38100755ce3601861ee4fab9b5aa78e9","name":"Luiz Ant\u00f4nio Pr\u00f3speri","pronouns":"ele","image":{"@type":"ImageObject","inLanguage":"pt-BR","@id":"https:\/\/i0.wp.com\/blogdoprosperi.com\/wp-content\/uploads\/2026\/05\/cropped-8059e613-6002-42fa-961e-8e275f575d71-2-5.jpg?fit=1360%2C931&ssl=1","url":"https:\/\/i0.wp.com\/blogdoprosperi.com\/wp-content\/uploads\/2026\/05\/cropped-8059e613-6002-42fa-961e-8e275f575d71-2-5.jpg?fit=1360%2C931&ssl=1","contentUrl":"https:\/\/i0.wp.com\/blogdoprosperi.com\/wp-content\/uploads\/2026\/05\/cropped-8059e613-6002-42fa-961e-8e275f575d71-2-5.jpg?fit=1360%2C931&ssl=1","width":1360,"height":931,"caption":"Luiz Ant\u00f4nio Pr\u00f3speri"},"logo":{"@id":"https:\/\/i0.wp.com\/blogdoprosperi.com\/wp-content\/uploads\/2026\/05\/cropped-8059e613-6002-42fa-961e-8e275f575d71-2-5.jpg?fit=1360%2C931&ssl=1"},"description":"Jornalista com carreira dedicada ao esporte. Cobriu 9 Copas do Mundo in loco, 1990 na It\u00e1lia, 1994 nos EUA, 1998 na Fran\u00e7a, 2002 na Coreia do Sul e Jap\u00e3o, 2006 na Alemanha, 2010 na \u00c1frica do Sul, 2014 no Brasil, 2018 na R\u00fassia e 2022 no Qatar. Eurocopas, 1992 na Su\u00e9cia e 1996 na Inglaterra. Copa das Confedera\u00e7\u00f5es de 2005 na Alemanha e 2009 na \u00c1frica do Sul. Rep\u00f3rter e Editor, trabalhou no Jornal da Tarde e Estad\u00e3o, de 1984 a fevereiro de 2016. Colunista, blogueiro. E comentarista de futebol na R\u00e1dio Estad\u00e3o, de 2013 a fevereiro de 2016. Jornalista respons\u00e1vel do \"Pr\u00f3speri News\" (blogdoprosperi.com).","sameAs":["http:\/\/blogdoprosperi.com","Luiz Pr\u00f3speri","@luiz_prosperi","https:\/\/x.com\/Luizprosperi","@prosperinacopa","luiz.prosperi@icloud.com"],"url":"https:\/\/blogdoprosperi.com\/?author=102107496"}]}},"jetpack_publicize_connections":[],"jetpack_likes_enabled":false,"jetpack_sharing_enabled":true,"jetpack_shortlink":"https:\/\/wp.me\/p7jvdk-be2","jetpack-related-posts":[{"id":43119,"url":"https:\/\/blogdoprosperi.com\/?p=43119","url_meta":{"origin":43154,"position":0},"title":"Copa Am\u00e9rica 2024: Sele\u00e7\u00e3o Brasileira parte em busca do tempo perdido","author":"Luiz Ant\u00f4nio Pr\u00f3speri","date":"24 de junho de 2024","format":false,"excerpt":"Sele\u00e7\u00e3o Brasileira estreia na Copa Am\u00e9rica 2024 contra a Costa Rica, 22h, nessa segunda-feira (24\/6), em busca do tempo perdido. \u00c9 a procura de um novo caminho desde a sa\u00edda tardia de Tite em dezembro de 2022, a espera frustrada por Carlo Ancelotti ao longo de 2023, a queda abrupta\u2026","rel":"","context":"Em &quot;CBF&quot;","block_context":{"text":"CBF","link":"https:\/\/blogdoprosperi.com\/?cat=570700"},"img":{"alt_text":"Sele\u00e7\u00e3o Brasileira em busca de tempo perdido","src":"https:\/\/i0.wp.com\/blogdoprosperi.com\/wp-content\/uploads\/2024\/06\/53809785043_5b08b5d186_c.jpg?fit=800%2C555&ssl=1&resize=350%2C200","width":350,"height":200,"srcset":"https:\/\/i0.wp.com\/blogdoprosperi.com\/wp-content\/uploads\/2024\/06\/53809785043_5b08b5d186_c.jpg?fit=800%2C555&ssl=1&resize=350%2C200 1x, https:\/\/i0.wp.com\/blogdoprosperi.com\/wp-content\/uploads\/2024\/06\/53809785043_5b08b5d186_c.jpg?fit=800%2C555&ssl=1&resize=525%2C300 1.5x, https:\/\/i0.wp.com\/blogdoprosperi.com\/wp-content\/uploads\/2024\/06\/53809785043_5b08b5d186_c.jpg?fit=800%2C555&ssl=1&resize=700%2C400 2x"},"classes":[]},{"id":42555,"url":"https:\/\/blogdoprosperi.com\/?p=42555","url_meta":{"origin":43154,"position":1},"title":"An\u00e1lise: Empate do Brasil contra os EUA exp\u00f5e fragilidades antes da Copa Am\u00e9rica","author":"Luiz Ant\u00f4nio Pr\u00f3speri","date":"12 de junho de 2024","format":false,"excerpt":"Sele\u00e7\u00e3o Brasileira baixa guarda contra os Estados Unidos no \u00faltimo amistoso antes da estreia na Copa Am\u00e9rica. Empate por 1 a 1 na Fl\u00f3rida resume a exibi\u00e7\u00e3o esqu\u00e1lida do time de Dorival J\u00fanior. E dessa vez nem o precoce Endrick nem o endiabrado Vini Jr iluminaram o Brasil. Fraco \u00e9\u2026","rel":"","context":"Em &quot;CBF&quot;","block_context":{"text":"CBF","link":"https:\/\/blogdoprosperi.com\/?cat=570700"},"img":{"alt_text":"Brasil baixa guarda diante dos EUA","src":"https:\/\/i0.wp.com\/blogdoprosperi.com\/wp-content\/uploads\/2024\/06\/53788106335_4bd94fb2d5_c.jpg?fit=800%2C543&ssl=1&resize=350%2C200","width":350,"height":200,"srcset":"https:\/\/i0.wp.com\/blogdoprosperi.com\/wp-content\/uploads\/2024\/06\/53788106335_4bd94fb2d5_c.jpg?fit=800%2C543&ssl=1&resize=350%2C200 1x, https:\/\/i0.wp.com\/blogdoprosperi.com\/wp-content\/uploads\/2024\/06\/53788106335_4bd94fb2d5_c.jpg?fit=800%2C543&ssl=1&resize=525%2C300 1.5x, https:\/\/i0.wp.com\/blogdoprosperi.com\/wp-content\/uploads\/2024\/06\/53788106335_4bd94fb2d5_c.jpg?fit=800%2C543&ssl=1&resize=700%2C400 2x"},"classes":[]},{"id":43474,"url":"https:\/\/blogdoprosperi.com\/?p=43474","url_meta":{"origin":43154,"position":2},"title":"Brasil 1 vs 1 Col\u00f4mbia: Dorival paga por seus erros, perde Vini e pega Uruguai no mata-mata","author":"Luiz Ant\u00f4nio Pr\u00f3speri","date":"3 de julho de 2024","format":false,"excerpt":"Por Luiz Ant\u00f4nio Pr\u00f3speri \u2013 3 de julho \u2013 00h32 Sele\u00e7\u00e3o Brasileira burocr\u00e1tica como seu treinador Dorival J\u00fanior n\u00e3o vai al\u00e9m do empate por 1 a 1 com a Col\u00f4mbia. Resultado deixa Brasil no segundo lugar do grupo obrigando ao confronto contra Uruguai nas quartas de final da Copa Am\u00e9rica\u2026","rel":"","context":"Em &quot;CBF&quot;","block_context":{"text":"CBF","link":"https:\/\/blogdoprosperi.com\/?cat=570700"},"img":{"alt_text":"Vini Jr sem a\u00e7\u00e3o contra Col\u00f4mbia","src":"https:\/\/i0.wp.com\/blogdoprosperi.com\/wp-content\/uploads\/2024\/07\/53832193695_b7ff9ba941_c.jpg?fit=799%2C528&ssl=1&resize=350%2C200","width":350,"height":200,"srcset":"https:\/\/i0.wp.com\/blogdoprosperi.com\/wp-content\/uploads\/2024\/07\/53832193695_b7ff9ba941_c.jpg?fit=799%2C528&ssl=1&resize=350%2C200 1x, https:\/\/i0.wp.com\/blogdoprosperi.com\/wp-content\/uploads\/2024\/07\/53832193695_b7ff9ba941_c.jpg?fit=799%2C528&ssl=1&resize=525%2C300 1.5x, https:\/\/i0.wp.com\/blogdoprosperi.com\/wp-content\/uploads\/2024\/07\/53832193695_b7ff9ba941_c.jpg?fit=799%2C528&ssl=1&resize=700%2C400 2x"},"classes":[]},{"id":43198,"url":"https:\/\/blogdoprosperi.com\/?p=43198","url_meta":{"origin":43154,"position":3},"title":"Vini Jr na Sele\u00e7\u00e3o Brasileira se sente pressionado a ser novo Neymar","author":"Luiz Ant\u00f4nio Pr\u00f3speri","date":"25 de junho de 2024","format":false,"excerpt":"Vini Jr joga pressionado na Sele\u00e7\u00e3o Brasileira a ser um novo Neymar. E n\u00e3o deslancha. Ao sair substitu\u00eddo no melanc\u00f3lico empate diante da Costa Rica, estreia na Copa Am\u00e9rica 2024, o mundo cai em cima de Dorival J\u00fanior. Com raz\u00e3o. N\u00e3o se troca um candidato a melhor jogador do mundo\u2026","rel":"","context":"Em &quot;CBF&quot;","block_context":{"text":"CBF","link":"https:\/\/blogdoprosperi.com\/?cat=570700"},"img":{"alt_text":"Vini Jr pensa que \u00e9 Neymar","src":"https:\/\/i0.wp.com\/blogdoprosperi.com\/wp-content\/uploads\/2024\/06\/gq41ognw8aaszg5.jpeg?fit=1199%2C632&ssl=1&resize=350%2C200","width":350,"height":200,"srcset":"https:\/\/i0.wp.com\/blogdoprosperi.com\/wp-content\/uploads\/2024\/06\/gq41ognw8aaszg5.jpeg?fit=1199%2C632&ssl=1&resize=350%2C200 1x, https:\/\/i0.wp.com\/blogdoprosperi.com\/wp-content\/uploads\/2024\/06\/gq41ognw8aaszg5.jpeg?fit=1199%2C632&ssl=1&resize=525%2C300 1.5x, https:\/\/i0.wp.com\/blogdoprosperi.com\/wp-content\/uploads\/2024\/06\/gq41ognw8aaszg5.jpeg?fit=1199%2C632&ssl=1&resize=700%2C400 2x, https:\/\/i0.wp.com\/blogdoprosperi.com\/wp-content\/uploads\/2024\/06\/gq41ognw8aaszg5.jpeg?fit=1199%2C632&ssl=1&resize=1050%2C600 3x"},"classes":[]},{"id":43725,"url":"https:\/\/blogdoprosperi.com\/?p=43725","url_meta":{"origin":43154,"position":4},"title":"Sele\u00e7\u00e3o Brasileira eliminada na Copa Am\u00e9rica 2024: muito obrigado Dorival J\u00fanior","author":"Luiz Ant\u00f4nio Pr\u00f3speri","date":"7 de julho de 2024","format":false,"excerpt":"Por Luiz Ant\u00f4nio Pr\u00f3speri - (07\/7) - 00h30 Sele\u00e7\u00e3o Brasileira est\u00e1 fora da Copa Am\u00e9rica 2024. Cai eliminada nos p\u00eanaltis para o Uruguai. \u00c9 a realidade do futebol do Brasil. Desbotado como o amarelo da nova camisa grife Nike. Opaco como a gola verde clara. Sem personalidade como a maioria\u2026","rel":"","context":"Em &quot;futebol&quot;","block_context":{"text":"futebol","link":"https:\/\/blogdoprosperi.com\/?cat=53870"},"img":{"alt_text":"Brasil fora da Copa Am\u00e9rica 2024","src":"https:\/\/i0.wp.com\/blogdoprosperi.com\/wp-content\/uploads\/2024\/07\/gr2kqrdxkaas3fo.jpeg?fit=1200%2C675&ssl=1&resize=350%2C200","width":350,"height":200,"srcset":"https:\/\/i0.wp.com\/blogdoprosperi.com\/wp-content\/uploads\/2024\/07\/gr2kqrdxkaas3fo.jpeg?fit=1200%2C675&ssl=1&resize=350%2C200 1x, https:\/\/i0.wp.com\/blogdoprosperi.com\/wp-content\/uploads\/2024\/07\/gr2kqrdxkaas3fo.jpeg?fit=1200%2C675&ssl=1&resize=525%2C300 1.5x, https:\/\/i0.wp.com\/blogdoprosperi.com\/wp-content\/uploads\/2024\/07\/gr2kqrdxkaas3fo.jpeg?fit=1200%2C675&ssl=1&resize=700%2C400 2x, https:\/\/i0.wp.com\/blogdoprosperi.com\/wp-content\/uploads\/2024\/07\/gr2kqrdxkaas3fo.jpeg?fit=1200%2C675&ssl=1&resize=1050%2C600 3x"},"classes":[]},{"id":44903,"url":"https:\/\/blogdoprosperi.com\/?p=44903","url_meta":{"origin":43154,"position":5},"title":"Sele\u00e7\u00e3o Brasileira: Pressionado, Dorival Poderia escalar Estev\u00e3o, Endrick e Vini Jr","author":"Luiz Ant\u00f4nio Pr\u00f3speri","date":"3 de setembro de 2024","format":false,"excerpt":"Luiz Antonio Pr\u00f3speri \u2013 3 setembro (20h50) Dorival J\u00fanior entra na semana decisiva nesse come\u00e7o de seu trabalho na Sele\u00e7\u00e3o Brasileira. N\u00e3o h\u00e1 mais tempo para experi\u00eancias. Cobran\u00e7a na CBF \u00e9 por resultados. Dorival sabe: \u00e9 uma obriga\u00e7\u00e3o vencer Equador (sexta-feira, dia 6) e Paraguai (ter\u00e7a-feira, dia 10), dois jogos\u2026","rel":"","context":"Em &quot;futebol&quot;","block_context":{"text":"futebol","link":"https:\/\/blogdoprosperi.com\/?cat=53870"},"img":{"alt_text":"Estev\u00e3o, Endrick e Vini Jr no ataque da Sele\u00e7\u00e3o","src":"https:\/\/i0.wp.com\/blogdoprosperi.com\/wp-content\/uploads\/2024\/09\/53968898203_0640da1fad_k.jpg?fit=1200%2C809&ssl=1&resize=350%2C200","width":350,"height":200,"srcset":"https:\/\/i0.wp.com\/blogdoprosperi.com\/wp-content\/uploads\/2024\/09\/53968898203_0640da1fad_k.jpg?fit=1200%2C809&ssl=1&resize=350%2C200 1x, https:\/\/i0.wp.com\/blogdoprosperi.com\/wp-content\/uploads\/2024\/09\/53968898203_0640da1fad_k.jpg?fit=1200%2C809&ssl=1&resize=525%2C300 1.5x, https:\/\/i0.wp.com\/blogdoprosperi.com\/wp-content\/uploads\/2024\/09\/53968898203_0640da1fad_k.jpg?fit=1200%2C809&ssl=1&resize=700%2C400 2x, https:\/\/i0.wp.com\/blogdoprosperi.com\/wp-content\/uploads\/2024\/09\/53968898203_0640da1fad_k.jpg?fit=1200%2C809&ssl=1&resize=1050%2C600 3x"},"classes":[]}],"jetpack_featured_media_url":"https:\/\/i0.wp.com\/blogdoprosperi.com\/wp-content\/uploads\/2024\/06\/image-1.webp?fit=1920%2C1280&ssl=1","_links":{"self":[{"href":"https:\/\/blogdoprosperi.com\/index.php?rest_route=\/wp\/v2\/posts\/43154","targetHints":{"allow":["GET"]}}],"collection":[{"href":"https:\/\/blogdoprosperi.com\/index.php?rest_route=\/wp\/v2\/posts"}],"about":[{"href":"https:\/\/blogdoprosperi.com\/index.php?rest_route=\/wp\/v2\/types\/post"}],"author":[{"embeddable":true,"href":"https:\/\/blogdoprosperi.com\/index.php?rest_route=\/wp\/v2\/users\/102107496"}],"replies":[{"embeddable":true,"href":"https:\/\/blogdoprosperi.com\/index.php?rest_route=%2Fwp%2Fv2%2Fcomments&post=43154"}],"version-history":[{"count":14,"href":"https:\/\/blogdoprosperi.com\/index.php?rest_route=\/wp\/v2\/posts\/43154\/revisions"}],"predecessor-version":[{"id":43176,"href":"https:\/\/blogdoprosperi.com\/index.php?rest_route=\/wp\/v2\/posts\/43154\/revisions\/43176"}],"wp:featuredmedia":[{"embeddable":true,"href":"https:\/\/blogdoprosperi.com\/index.php?rest_route=\/wp\/v2\/media\/43167"}],"wp:attachment":[{"href":"https:\/\/blogdoprosperi.com\/index.php?rest_route=%2Fwp%2Fv2%2Fmedia&parent=43154"}],"wp:term":[{"taxonomy":"category","embeddable":true,"href":"https:\/\/blogdoprosperi.com\/index.php?rest_route=%2Fwp%2Fv2%2Fcategories&post=43154"},{"taxonomy":"post_tag","embeddable":true,"href":"https:\/\/blogdoprosperi.com\/index.php?rest_route=%2Fwp%2Fv2%2Ftags&post=43154"}],"curies":[{"name":"wp","href":"https:\/\/api.w.org\/{rel}","templated":true}]}}