{"id":43318,"date":"2024-06-28T13:48:25","date_gmt":"2024-06-28T16:48:25","guid":{"rendered":"http:\/\/blogdoprosperi.com\/?p=43318"},"modified":"2024-06-28T14:53:28","modified_gmt":"2024-06-28T17:53:28","slug":"gavioes-da-fiel-decreta-corinthians-nao-tem-dono-corinthians-e-do-povo","status":"publish","type":"post","link":"https:\/\/blogdoprosperi.com\/?p=43318","title":{"rendered":"Gavi\u00f5es da Fiel assume poder e decreta: Corinthians n\u00e3o tem dono"},"content":{"rendered":"<p>&#8220;Corinthians n\u00e3o tem dono&#8221;. A senten\u00e7a proferida por um dos l\u00edderes da torcida Gavi\u00f5es da Fiel, olho no olho do assustado Marcelo Mariano, diretor administrativo do clube, explica o caos que vive o Corinthians. O l\u00edder da fac\u00e7\u00e3o organizada ao intimar o diretor estava cercado de seus pares da Gavi\u00f5es. Era o primeiro ato da invas\u00e3o \u00e0 sede do clube no Parque S\u00e3o Jorge nessa noite de quinta-feira (27\/6). Mote da invas\u00e3o: &#8220;Acabou a Paz&#8221;.<\/p>\n<p>Sim, a Gavi\u00f5es tem raz\u00e3o. O Corinthians n\u00e3o tem dono.<\/p>\n<p>Mesmo diante dessa verdade, a invas\u00e3o n\u00e3o \u00e9 um ato recomendado. Muito menos a reuni\u00e3o for\u00e7ada dos l\u00edderes com o atordoado presidente Augusto Melo na sala presidencial do clube, tudo sob escolta da Tropa de Choque da Pol\u00edcia Militar do Estado de S\u00e3o Paulo. Qual era miss\u00e3o dos policiais ali?<\/p>\n<p>Fatos que s\u00f3 refor\u00e7am a tese da Gavi\u00f5es: O Corinthians n\u00e3o tem dono. &#8220;Acabou a Paz&#8221;, &nbsp;pichado na sede invadida.<\/p>\n<p>Corinthians, na verdade, est\u00e1 sem comando. For\u00e7as pol\u00edticas de v\u00e1rios grupos do clube trabalham pela ren\u00fancia do <span><strong><a style=\"color: #0000ff\" href=\"https:\/\/blogdoprosperi.com\/2024\/06\/07\/corinthians-se-apequena\/\">presidente Augusto Melo, cumprindo apenas seis meses de mandato.<\/a><\/strong><\/span><\/p>\n<p>Reuni\u00e3o entre conselheiros e outros diretores pode definir o futuro de Melo, nessa tarde de sexta-feira (28\/6) no Parque S\u00e3o Jorge. Ren\u00fancia, parece, \u00e9 a \u00fanica sa\u00edda. Se Melo resistir, processo de impeachment deve ser encaminhado.<\/p>\n<p>A Gavi\u00f5es \u00e9 contra o impeachment e muito menos a ren\u00fancia do presidente Melo. T\u00e3o logo seus l\u00edderes deixaram o Parque S\u00e3o Jorge, a torcida organizada emitiu uma nota oficial. Veja trecho do comunicado:<\/p>\n<blockquote><p>&#8220;Reiteramos que n\u00e3o apoiamos nenhum tipo de golpe pol\u00edtico ou impeachment. Inclusive, os Gavi\u00f5es agir\u00e3o para responsabilizar pessoalmente as pessoas de gest\u00f5es anteriores que colocaram o clube nesta situa\u00e7\u00e3o financeira atual.<\/p>\n<p>Deixamos claro que continuaremos nos manifestando enquanto essa situa\u00e7\u00e3o dentro e fora de campo persistir.<\/p>\n<p>O Corinthians \u00e9 do povo!&#8221;<\/p>\n<\/blockquote>\n<p>Antes de intensificar os protestos e invadir o CT e a sede do clube, a Gavi\u00f5es havia lan\u00e7ado um projeto de <span><strong><a style=\"color: #0000ff\" href=\"https:\/\/blogdoprosperi.com\/2024\/06\/15\/gavioes-da-fiel-se-reune-com-caixa-para-quitar-divida-do-estadio\/\">quitar a d\u00edvida de R$ 700 milh\u00f5es do Corinthians<\/a><\/strong><\/span><span><strong> <\/strong><\/span>com a Caixa Econ\u00f4mica Federal na constru\u00e7\u00e3o da Arena em Itaquera. Integrantes da Gavi\u00f5es se reuniram com diretores da Caixa h\u00e1 menos de um m\u00eas. O financiamento coletivo deve ser anunciado em breve.<\/p>\n<p>Sem ironias, ao anunciar que o <strong>Corinthians n\u00e3o tem dono, a Gavi\u00f5es \u00e9 o \u00fanico poder de fato no clube<\/strong> nessa altura do campeonato.<\/p>\n<p>Cobra o presidente por uma gest\u00e3o decente das finan\u00e7as e melhorias no time, pressiona jogadores e comiss\u00e3o t\u00e9cnica por bom futebol, tem projeto para zerar a d\u00edvida do est\u00e1dio.<\/p>\n<p>E aguarda resultado do cl\u00e1ssico Palmeiras x Corinthians na segunda-feira (01\/7) para &#8220;tomar novas provid\u00eancias&#8221;.<\/p>\n<p><em>Veja como a Gavi\u00f5es trata a invas\u00e3o do CT e sede do Corinthians em nota divulgada logo ap\u00f3s \u00e0 tomada do Parque S\u00e3o Jorge:<\/em><\/p>\n<p><span class=\"alignnone\"><img data-recalc-dims=\"1\" loading=\"lazy\" decoding=\"async\" data-attachment-id=\"43324\" data-permalink=\"https:\/\/blogdoprosperi.com\/?attachment_id=43324\" data-orig-file=\"https:\/\/i0.wp.com\/blogdoprosperi.com\/wp-content\/uploads\/2024\/06\/245_1_1-1.jpg?fit=652%2C652&amp;ssl=1\" data-orig-size=\"652,652\" data-comments-opened=\"1\" data-image-meta=\"{&quot;aperture&quot;:&quot;0&quot;,&quot;credit&quot;:&quot;&quot;,&quot;camera&quot;:&quot;&quot;,&quot;caption&quot;:&quot;&quot;,&quot;created_timestamp&quot;:&quot;0&quot;,&quot;copyright&quot;:&quot;&quot;,&quot;focal_length&quot;:&quot;0&quot;,&quot;iso&quot;:&quot;0&quot;,&quot;shutter_speed&quot;:&quot;0&quot;,&quot;title&quot;:&quot;&quot;,&quot;orientation&quot;:&quot;0&quot;}\" data-image-title=\"245_1_1-1\" data-image-description=\"\" data-image-caption=\"\" data-large-file=\"https:\/\/i0.wp.com\/blogdoprosperi.com\/wp-content\/uploads\/2024\/06\/245_1_1-1.jpg?fit=652%2C652&amp;ssl=1\" src=\"https:\/\/i0.wp.com\/blogdoprosperi.com\/wp-content\/uploads\/2024\/06\/245_1_1-1.jpg?resize=546%2C546&#038;ssl=1\" class=\"alignnone wp-image-43324\" alt=\"\" width=\"546\" height=\"546\"><\/span><\/p>\n<p><em>&#8220;Na tarde desta quinta-feira (27), <strong>s\u00f3cios do Gavi\u00f5es foram ao CT Dr. Joaquim Grava para realizar uma conversa olho no olho com os jogadores e comiss\u00e3o t\u00e9cnica<\/strong> para falar do momento do elenco e sobre a import\u00e2ncia do cl\u00e1ssico contra os porco na pr\u00f3xima segunda-feira (1\/7).<\/em><\/p>\n<p><em>Por\u00e9m, ao chegarem no CT, foram informados que os jogadores n\u00e3o estavam treinando e que apenas fizeram uma atividade regenerativa e foram dispensados, deixando a Fiel Torcida descontente com a suposta folga dada ao elenco nas v\u00e9speras do nosso maior cl\u00e1ssico.<\/em><\/p>\n<p><em>J\u00e1 no Pq. S\u00e3o Jorge, <strong>os membros do Gavi\u00f5es foram at\u00e9 a sala do presidente Augusto Melo,<\/strong> que n\u00e3o se encontrava no local, por\u00e9m acabaram encontrando o diretor administrativo Marcelo Mariano (Marcelinho), onde foram exigidas explica\u00e7\u00f5es sobre v\u00e1rias noticias envolvendo o seu nome.&nbsp;<\/em><\/p>\n<p><em>Minutos depois, o <strong>presidente Augusto Melo chegou no local para reafirmar que cumprir\u00e1 com as promessas feitas em conversas anteriores, com destaque sobre os refor\u00e7os para o elenco.<\/strong> Na reuni\u00e3o, foi solicitada uma conversa com Fabinho Soldado para saber mais do planejamento do futebol.<\/em><\/p>\n<p><em>Vale destacar que o <strong>ato transcorreu sem nenhum tipo de agress\u00e3o ou atos contr\u00e1rios a lei, inclusive tendo sido acompanhado por policiais militares, que certificaram a idoneidade, n\u00e3o realizando qualquer tipo de pris\u00e3o.<\/strong><\/em><\/p>\n<p><em>Reiteramos que n\u00e3o apoiamos nenhum tipo de golpe pol\u00edtico ou impeachment. Inclusive, os <strong>Gavi\u00f5es agir\u00e3o para responsabilizar pessoalmente as pessoas de gest\u00f5es anteriores que colocaram o clube nesta situa\u00e7\u00e3o financeira atual.<\/strong><\/em><\/p>\n<p><em>Deixamos claro que continuaremos nos manifestando enquanto essa situa\u00e7\u00e3o dentro e fora de campo persistir.<\/em><\/p>\n<p><em>O Corinthians \u00e9 do povo!<\/em><\/p>\n","protected":false},"excerpt":{"rendered":"<p>&#8220;Corinthians n\u00e3o tem dono&#8221;. A senten\u00e7a proferida por um dos l\u00edderes da torcida Gavi\u00f5es da Fiel, olho no [&hellip;]<\/p>\n","protected":false},"author":102107496,"featured_media":43325,"comment_status":"open","ping_status":"open","sticky":false,"template":"","format":"standard","meta":{"_coblocks_attr":"","_coblocks_dimensions":"","_coblocks_responsive_height":"","_coblocks_accordion_ie_support":"","_jetpack_newsletter_access":"","_jetpack_dont_email_post_to_subs":false,"_jetpack_newsletter_tier_id":0,"_jetpack_memberships_contains_paywalled_content":false,"_wpcom_ai_launchpad_first_post":false,"_jetpack_feature_clip_id":0,"_jetpack_memberships_contains_paid_content":false,"footnotes":"","jetpack_publicize_message":"","jetpack_publicize_feature_enabled":true,"jetpack_social_post_already_shared":false,"jetpack_social_options":{"image_generator_settings":{"template":"highway","default_image_id":0,"font":"","enabled":false},"version":2},"jetpack_post_was_ever_published":false},"categories":[355071,53870,768932782,3919],"tags":[10668348,177066,789560560,2609006,185191971,6748545],"class_list":["post-43318","post","type-post","status-publish","format-standard","has-post-thumbnail","hentry","category-campeonato-brasileiro","category-futebol","category-futebol-2024","category-opiniao","tag-0000ff","tag-corinthians","tag-futebol","tag-gavioes-da-fiel","tag-invasao-corinthians","tag-palmeiras-x-corinthians"],"yoast_head":"<!-- This site is optimized with the Yoast SEO plugin v28.3 - https:\/\/yoast.com\/product\/yoast-seo-wordpress\/ -->\n<title>Gavi\u00f5es da Fiel assume poder e decreta: Corinthians n\u00e3o tem dono - PR\u00d3SPERI NEWS<\/title>\n<meta name=\"robots\" content=\"index, follow, max-snippet:-1, max-image-preview:large, max-video-preview:-1\" \/>\n<link rel=\"canonical\" href=\"https:\/\/blogdoprosperi.com\/?p=43318\" \/>\n<meta property=\"og:locale\" content=\"pt_BR\" \/>\n<meta property=\"og:type\" content=\"article\" \/>\n<meta property=\"og:title\" content=\"Gavi\u00f5es da Fiel assume poder e decreta: Corinthians n\u00e3o tem dono - PR\u00d3SPERI NEWS\" \/>\n<meta property=\"og:description\" content=\"&#8220;Corinthians n\u00e3o tem dono&#8221;. A senten\u00e7a proferida por um dos l\u00edderes da torcida Gavi\u00f5es da Fiel, olho no [&hellip;]\" \/>\n<meta property=\"og:url\" content=\"https:\/\/blogdoprosperi.com\/?p=43318\" \/>\n<meta property=\"og:site_name\" content=\"PR\u00d3SPERI NEWS\" \/>\n<meta property=\"article:publisher\" content=\"Luiz Pr\u00f3speri\" \/>\n<meta property=\"article:author\" content=\"Luiz Pr\u00f3speri\" \/>\n<meta property=\"article:published_time\" content=\"2024-06-28T16:48:25+00:00\" \/>\n<meta property=\"article:modified_time\" content=\"2024-06-28T17:53:28+00:00\" \/>\n<meta property=\"og:image\" content=\"https:\/\/i0.wp.com\/blogdoprosperi.com\/wp-content\/uploads\/2024\/06\/captura-de-tela-2024-06-28-as-13.33.01.png?fit=1054%2C740&ssl=1\" \/>\n\t<meta property=\"og:image:width\" content=\"1054\" \/>\n\t<meta property=\"og:image:height\" content=\"740\" \/>\n\t<meta property=\"og:image:type\" content=\"image\/png\" \/>\n<meta name=\"author\" content=\"Luiz Ant\u00f4nio Pr\u00f3speri\" \/>\n<meta name=\"twitter:card\" content=\"summary_large_image\" \/>\n<meta name=\"twitter:creator\" content=\"@Luizprosperi\" \/>\n<meta name=\"twitter:site\" content=\"@Luizprosperi\" \/>\n<meta name=\"twitter:label1\" content=\"Escrito por\" \/>\n\t<meta name=\"twitter:data1\" content=\"Luiz Ant\u00f4nio Pr\u00f3speri\" \/>\n\t<meta name=\"twitter:label2\" content=\"Est. tempo de leitura\" \/>\n\t<meta name=\"twitter:data2\" content=\"4 minutos\" \/>\n<script type=\"application\/ld+json\" class=\"yoast-schema-graph\">{\"@context\":\"https:\\\/\\\/schema.org\",\"@graph\":[{\"@type\":\"Article\",\"@id\":\"https:\\\/\\\/blogdoprosperi.com\\\/?p=43318#article\",\"isPartOf\":{\"@id\":\"https:\\\/\\\/blogdoprosperi.com\\\/?p=43318\"},\"author\":{\"name\":\"Luiz Ant\u00f4nio Pr\u00f3speri\",\"@id\":\"https:\\\/\\\/blogdoprosperi.com\\\/#\\\/schema\\\/person\\\/38100755ce3601861ee4fab9b5aa78e9\"},\"headline\":\"Gavi\u00f5es da Fiel assume poder e decreta: Corinthians n\u00e3o tem dono\",\"datePublished\":\"2024-06-28T16:48:25+00:00\",\"dateModified\":\"2024-06-28T17:53:28+00:00\",\"mainEntityOfPage\":{\"@id\":\"https:\\\/\\\/blogdoprosperi.com\\\/?p=43318\"},\"wordCount\":812,\"commentCount\":2,\"publisher\":{\"@id\":\"https:\\\/\\\/blogdoprosperi.com\\\/#\\\/schema\\\/person\\\/38100755ce3601861ee4fab9b5aa78e9\"},\"image\":{\"@id\":\"https:\\\/\\\/blogdoprosperi.com\\\/?p=43318#primaryimage\"},\"thumbnailUrl\":\"https:\\\/\\\/i0.wp.com\\\/blogdoprosperi.com\\\/wp-content\\\/uploads\\\/2024\\\/06\\\/captura-de-tela-2024-06-28-as-13.33.01.png?fit=1054%2C740&ssl=1\",\"keywords\":[\"0000ff\",\"Corinthians\",\"futebol\",\"Gavi\u00f5es da Fiel\",\"invas\u00e3o corinthians\",\"Palmeiras x Corinthians\"],\"articleSection\":[\"Campeonato Brasileiro\",\"futebol\",\"futebol 2024\",\"opini\u00e3o\"],\"inLanguage\":\"pt-BR\",\"potentialAction\":[{\"@type\":\"CommentAction\",\"name\":\"Comment\",\"target\":[\"https:\\\/\\\/blogdoprosperi.com\\\/?p=43318#respond\"]}]},{\"@type\":\"WebPage\",\"@id\":\"https:\\\/\\\/blogdoprosperi.com\\\/?p=43318\",\"url\":\"https:\\\/\\\/blogdoprosperi.com\\\/?p=43318\",\"name\":\"Gavi\u00f5es da Fiel assume poder e decreta: Corinthians n\u00e3o tem dono - PR\u00d3SPERI NEWS\",\"isPartOf\":{\"@id\":\"https:\\\/\\\/blogdoprosperi.com\\\/#website\"},\"primaryImageOfPage\":{\"@id\":\"https:\\\/\\\/blogdoprosperi.com\\\/?p=43318#primaryimage\"},\"image\":{\"@id\":\"https:\\\/\\\/blogdoprosperi.com\\\/?p=43318#primaryimage\"},\"thumbnailUrl\":\"https:\\\/\\\/i0.wp.com\\\/blogdoprosperi.com\\\/wp-content\\\/uploads\\\/2024\\\/06\\\/captura-de-tela-2024-06-28-as-13.33.01.png?fit=1054%2C740&ssl=1\",\"datePublished\":\"2024-06-28T16:48:25+00:00\",\"dateModified\":\"2024-06-28T17:53:28+00:00\",\"breadcrumb\":{\"@id\":\"https:\\\/\\\/blogdoprosperi.com\\\/?p=43318#breadcrumb\"},\"inLanguage\":\"pt-BR\",\"potentialAction\":[{\"@type\":\"ReadAction\",\"target\":[\"https:\\\/\\\/blogdoprosperi.com\\\/?p=43318\"]}]},{\"@type\":\"ImageObject\",\"inLanguage\":\"pt-BR\",\"@id\":\"https:\\\/\\\/blogdoprosperi.com\\\/?p=43318#primaryimage\",\"url\":\"https:\\\/\\\/i0.wp.com\\\/blogdoprosperi.com\\\/wp-content\\\/uploads\\\/2024\\\/06\\\/captura-de-tela-2024-06-28-as-13.33.01.png?fit=1054%2C740&ssl=1\",\"contentUrl\":\"https:\\\/\\\/i0.wp.com\\\/blogdoprosperi.com\\\/wp-content\\\/uploads\\\/2024\\\/06\\\/captura-de-tela-2024-06-28-as-13.33.01.png?fit=1054%2C740&ssl=1\",\"width\":1054,\"height\":740,\"caption\":\"Corinthians em crise \u2013 foto: reprodu\u00e7\u00e3o Instagram\"},{\"@type\":\"BreadcrumbList\",\"@id\":\"https:\\\/\\\/blogdoprosperi.com\\\/?p=43318#breadcrumb\",\"itemListElement\":[{\"@type\":\"ListItem\",\"position\":1,\"name\":\"In\u00edcio\",\"item\":\"https:\\\/\\\/blogdoprosperi.com\\\/\"},{\"@type\":\"ListItem\",\"position\":2,\"name\":\"Gavi\u00f5es da Fiel assume poder e decreta: Corinthians n\u00e3o tem dono\"}]},{\"@type\":\"WebSite\",\"@id\":\"https:\\\/\\\/blogdoprosperi.com\\\/#website\",\"url\":\"https:\\\/\\\/blogdoprosperi.com\\\/\",\"name\":\"PR\u00d3SPERI NEWS\",\"description\":\"TUDO \u00c9  FUTEBOL\",\"publisher\":{\"@id\":\"https:\\\/\\\/blogdoprosperi.com\\\/#\\\/schema\\\/person\\\/38100755ce3601861ee4fab9b5aa78e9\"},\"alternateName\":\"blogdoprosperi.com\",\"potentialAction\":[{\"@type\":\"SearchAction\",\"target\":{\"@type\":\"EntryPoint\",\"urlTemplate\":\"https:\\\/\\\/blogdoprosperi.com\\\/?s={search_term_string}\"},\"query-input\":{\"@type\":\"PropertyValueSpecification\",\"valueRequired\":true,\"valueName\":\"search_term_string\"}}],\"inLanguage\":\"pt-BR\"},{\"@type\":[\"Person\",\"Organization\"],\"@id\":\"https:\\\/\\\/blogdoprosperi.com\\\/#\\\/schema\\\/person\\\/38100755ce3601861ee4fab9b5aa78e9\",\"name\":\"Luiz Ant\u00f4nio Pr\u00f3speri\",\"pronouns\":\"ele\",\"image\":{\"@type\":\"ImageObject\",\"inLanguage\":\"pt-BR\",\"@id\":\"https:\\\/\\\/i0.wp.com\\\/blogdoprosperi.com\\\/wp-content\\\/uploads\\\/2026\\\/05\\\/cropped-8059e613-6002-42fa-961e-8e275f575d71-2-5.jpg?fit=1360%2C931&ssl=1\",\"url\":\"https:\\\/\\\/i0.wp.com\\\/blogdoprosperi.com\\\/wp-content\\\/uploads\\\/2026\\\/05\\\/cropped-8059e613-6002-42fa-961e-8e275f575d71-2-5.jpg?fit=1360%2C931&ssl=1\",\"contentUrl\":\"https:\\\/\\\/i0.wp.com\\\/blogdoprosperi.com\\\/wp-content\\\/uploads\\\/2026\\\/05\\\/cropped-8059e613-6002-42fa-961e-8e275f575d71-2-5.jpg?fit=1360%2C931&ssl=1\",\"width\":1360,\"height\":931,\"caption\":\"Luiz Ant\u00f4nio Pr\u00f3speri\"},\"logo\":{\"@id\":\"https:\\\/\\\/i0.wp.com\\\/blogdoprosperi.com\\\/wp-content\\\/uploads\\\/2026\\\/05\\\/cropped-8059e613-6002-42fa-961e-8e275f575d71-2-5.jpg?fit=1360%2C931&ssl=1\"},\"description\":\"Jornalista com carreira dedicada ao esporte. Cobriu 9 Copas do Mundo in loco, 1990 na It\u00e1lia, 1994 nos EUA, 1998 na Fran\u00e7a, 2002 na Coreia do Sul e Jap\u00e3o, 2006 na Alemanha, 2010 na \u00c1frica do Sul, 2014 no Brasil, 2018 na R\u00fassia e 2022 no Qatar. Eurocopas, 1992 na Su\u00e9cia e 1996 na Inglaterra. Copa das Confedera\u00e7\u00f5es de 2005 na Alemanha e 2009 na \u00c1frica do Sul. Rep\u00f3rter e Editor, trabalhou no Jornal da Tarde e Estad\u00e3o, de 1984 a fevereiro de 2016. Colunista, blogueiro. E comentarista de futebol na R\u00e1dio Estad\u00e3o, de 2013 a fevereiro de 2016. Jornalista respons\u00e1vel do \\\"Pr\u00f3speri News\\\" (blogdoprosperi.com).\",\"sameAs\":[\"http:\\\/\\\/blogdoprosperi.com\",\"Luiz Pr\u00f3speri\",\"@luiz_prosperi\",\"https:\\\/\\\/x.com\\\/Luizprosperi\",\"@prosperinacopa\",\"luiz.prosperi@icloud.com\"],\"url\":\"https:\\\/\\\/blogdoprosperi.com\\\/?author=102107496\"}]}<\/script>\n<!-- \/ Yoast SEO plugin. -->","yoast_head_json":{"title":"Gavi\u00f5es da Fiel assume poder e decreta: Corinthians n\u00e3o tem dono - PR\u00d3SPERI NEWS","robots":{"index":"index","follow":"follow","max-snippet":"max-snippet:-1","max-image-preview":"max-image-preview:large","max-video-preview":"max-video-preview:-1"},"canonical":"https:\/\/blogdoprosperi.com\/?p=43318","og_locale":"pt_BR","og_type":"article","og_title":"Gavi\u00f5es da Fiel assume poder e decreta: Corinthians n\u00e3o tem dono - PR\u00d3SPERI NEWS","og_description":"&#8220;Corinthians n\u00e3o tem dono&#8221;. A senten\u00e7a proferida por um dos l\u00edderes da torcida Gavi\u00f5es da Fiel, olho no [&hellip;]","og_url":"https:\/\/blogdoprosperi.com\/?p=43318","og_site_name":"PR\u00d3SPERI NEWS","article_publisher":"Luiz Pr\u00f3speri","article_author":"Luiz Pr\u00f3speri","article_published_time":"2024-06-28T16:48:25+00:00","article_modified_time":"2024-06-28T17:53:28+00:00","og_image":[{"width":1054,"height":740,"url":"https:\/\/i0.wp.com\/blogdoprosperi.com\/wp-content\/uploads\/2024\/06\/captura-de-tela-2024-06-28-as-13.33.01.png?fit=1054%2C740&ssl=1","type":"image\/png"}],"author":"Luiz Ant\u00f4nio Pr\u00f3speri","twitter_card":"summary_large_image","twitter_creator":"@Luizprosperi","twitter_site":"@Luizprosperi","twitter_misc":{"Escrito por":"Luiz Ant\u00f4nio Pr\u00f3speri","Est. tempo de leitura":"4 minutos"},"schema":{"@context":"https:\/\/schema.org","@graph":[{"@type":"Article","@id":"https:\/\/blogdoprosperi.com\/?p=43318#article","isPartOf":{"@id":"https:\/\/blogdoprosperi.com\/?p=43318"},"author":{"name":"Luiz Ant\u00f4nio Pr\u00f3speri","@id":"https:\/\/blogdoprosperi.com\/#\/schema\/person\/38100755ce3601861ee4fab9b5aa78e9"},"headline":"Gavi\u00f5es da Fiel assume poder e decreta: Corinthians n\u00e3o tem dono","datePublished":"2024-06-28T16:48:25+00:00","dateModified":"2024-06-28T17:53:28+00:00","mainEntityOfPage":{"@id":"https:\/\/blogdoprosperi.com\/?p=43318"},"wordCount":812,"commentCount":2,"publisher":{"@id":"https:\/\/blogdoprosperi.com\/#\/schema\/person\/38100755ce3601861ee4fab9b5aa78e9"},"image":{"@id":"https:\/\/blogdoprosperi.com\/?p=43318#primaryimage"},"thumbnailUrl":"https:\/\/i0.wp.com\/blogdoprosperi.com\/wp-content\/uploads\/2024\/06\/captura-de-tela-2024-06-28-as-13.33.01.png?fit=1054%2C740&ssl=1","keywords":["0000ff","Corinthians","futebol","Gavi\u00f5es da Fiel","invas\u00e3o corinthians","Palmeiras x Corinthians"],"articleSection":["Campeonato Brasileiro","futebol","futebol 2024","opini\u00e3o"],"inLanguage":"pt-BR","potentialAction":[{"@type":"CommentAction","name":"Comment","target":["https:\/\/blogdoprosperi.com\/?p=43318#respond"]}]},{"@type":"WebPage","@id":"https:\/\/blogdoprosperi.com\/?p=43318","url":"https:\/\/blogdoprosperi.com\/?p=43318","name":"Gavi\u00f5es da Fiel assume poder e decreta: Corinthians n\u00e3o tem dono - PR\u00d3SPERI NEWS","isPartOf":{"@id":"https:\/\/blogdoprosperi.com\/#website"},"primaryImageOfPage":{"@id":"https:\/\/blogdoprosperi.com\/?p=43318#primaryimage"},"image":{"@id":"https:\/\/blogdoprosperi.com\/?p=43318#primaryimage"},"thumbnailUrl":"https:\/\/i0.wp.com\/blogdoprosperi.com\/wp-content\/uploads\/2024\/06\/captura-de-tela-2024-06-28-as-13.33.01.png?fit=1054%2C740&ssl=1","datePublished":"2024-06-28T16:48:25+00:00","dateModified":"2024-06-28T17:53:28+00:00","breadcrumb":{"@id":"https:\/\/blogdoprosperi.com\/?p=43318#breadcrumb"},"inLanguage":"pt-BR","potentialAction":[{"@type":"ReadAction","target":["https:\/\/blogdoprosperi.com\/?p=43318"]}]},{"@type":"ImageObject","inLanguage":"pt-BR","@id":"https:\/\/blogdoprosperi.com\/?p=43318#primaryimage","url":"https:\/\/i0.wp.com\/blogdoprosperi.com\/wp-content\/uploads\/2024\/06\/captura-de-tela-2024-06-28-as-13.33.01.png?fit=1054%2C740&ssl=1","contentUrl":"https:\/\/i0.wp.com\/blogdoprosperi.com\/wp-content\/uploads\/2024\/06\/captura-de-tela-2024-06-28-as-13.33.01.png?fit=1054%2C740&ssl=1","width":1054,"height":740,"caption":"Corinthians em crise \u2013 foto: reprodu\u00e7\u00e3o Instagram"},{"@type":"BreadcrumbList","@id":"https:\/\/blogdoprosperi.com\/?p=43318#breadcrumb","itemListElement":[{"@type":"ListItem","position":1,"name":"In\u00edcio","item":"https:\/\/blogdoprosperi.com\/"},{"@type":"ListItem","position":2,"name":"Gavi\u00f5es da Fiel assume poder e decreta: Corinthians n\u00e3o tem dono"}]},{"@type":"WebSite","@id":"https:\/\/blogdoprosperi.com\/#website","url":"https:\/\/blogdoprosperi.com\/","name":"PR\u00d3SPERI NEWS","description":"TUDO \u00c9  FUTEBOL","publisher":{"@id":"https:\/\/blogdoprosperi.com\/#\/schema\/person\/38100755ce3601861ee4fab9b5aa78e9"},"alternateName":"blogdoprosperi.com","potentialAction":[{"@type":"SearchAction","target":{"@type":"EntryPoint","urlTemplate":"https:\/\/blogdoprosperi.com\/?s={search_term_string}"},"query-input":{"@type":"PropertyValueSpecification","valueRequired":true,"valueName":"search_term_string"}}],"inLanguage":"pt-BR"},{"@type":["Person","Organization"],"@id":"https:\/\/blogdoprosperi.com\/#\/schema\/person\/38100755ce3601861ee4fab9b5aa78e9","name":"Luiz Ant\u00f4nio Pr\u00f3speri","pronouns":"ele","image":{"@type":"ImageObject","inLanguage":"pt-BR","@id":"https:\/\/i0.wp.com\/blogdoprosperi.com\/wp-content\/uploads\/2026\/05\/cropped-8059e613-6002-42fa-961e-8e275f575d71-2-5.jpg?fit=1360%2C931&ssl=1","url":"https:\/\/i0.wp.com\/blogdoprosperi.com\/wp-content\/uploads\/2026\/05\/cropped-8059e613-6002-42fa-961e-8e275f575d71-2-5.jpg?fit=1360%2C931&ssl=1","contentUrl":"https:\/\/i0.wp.com\/blogdoprosperi.com\/wp-content\/uploads\/2026\/05\/cropped-8059e613-6002-42fa-961e-8e275f575d71-2-5.jpg?fit=1360%2C931&ssl=1","width":1360,"height":931,"caption":"Luiz Ant\u00f4nio Pr\u00f3speri"},"logo":{"@id":"https:\/\/i0.wp.com\/blogdoprosperi.com\/wp-content\/uploads\/2026\/05\/cropped-8059e613-6002-42fa-961e-8e275f575d71-2-5.jpg?fit=1360%2C931&ssl=1"},"description":"Jornalista com carreira dedicada ao esporte. Cobriu 9 Copas do Mundo in loco, 1990 na It\u00e1lia, 1994 nos EUA, 1998 na Fran\u00e7a, 2002 na Coreia do Sul e Jap\u00e3o, 2006 na Alemanha, 2010 na \u00c1frica do Sul, 2014 no Brasil, 2018 na R\u00fassia e 2022 no Qatar. Eurocopas, 1992 na Su\u00e9cia e 1996 na Inglaterra. Copa das Confedera\u00e7\u00f5es de 2005 na Alemanha e 2009 na \u00c1frica do Sul. Rep\u00f3rter e Editor, trabalhou no Jornal da Tarde e Estad\u00e3o, de 1984 a fevereiro de 2016. Colunista, blogueiro. E comentarista de futebol na R\u00e1dio Estad\u00e3o, de 2013 a fevereiro de 2016. Jornalista respons\u00e1vel do \"Pr\u00f3speri News\" (blogdoprosperi.com).","sameAs":["http:\/\/blogdoprosperi.com","Luiz Pr\u00f3speri","@luiz_prosperi","https:\/\/x.com\/Luizprosperi","@prosperinacopa","luiz.prosperi@icloud.com"],"url":"https:\/\/blogdoprosperi.com\/?author=102107496"}]}},"jetpack_publicize_connections":[],"jetpack_likes_enabled":false,"jetpack_sharing_enabled":true,"jetpack_shortlink":"https:\/\/wp.me\/p7jvdk-bgG","jetpack-related-posts":[{"id":50630,"url":"https:\/\/blogdoprosperi.com\/?p=50630","url_meta":{"origin":43318,"position":0},"title":"Corinthians em Transe | Torcida Invade e Lacra Sede do Clube por M\u00e1 Administra\u00e7\u00e3o","author":"Luiz Ant\u00f4nio Pr\u00f3speri","date":"3 de junho de 2025","format":false,"excerpt":"Luiz Ant\u00f4nio Pr\u00f3speri \u2013 3 junho (18h18) \u2013 Corinthians falido, presidente interino no lugar de presidente sofrendo processo de impeachment, d\u00edvida acima da casa dos R$ 2,8 bilh\u00f5es, amea\u00e7a de golpe e time sem bons resultados no campo. Tamanha desfa\u00e7atez leva torcidas organizadas a tomar uma provid\u00eancia radical: invadir o\u2026","rel":"","context":"Em &quot;futebol&quot;","block_context":{"text":"futebol","link":"https:\/\/blogdoprosperi.com\/?cat=53870"},"img":{"alt_text":"Torcida invade sede do Corinthians","src":"https:\/\/i0.wp.com\/blogdoprosperi.com\/wp-content\/uploads\/2025\/06\/whatsapp-image-2025-06-03-at-17.01.45-edited-1.jpg?fit=900%2C600&ssl=1&resize=350%2C200","width":350,"height":200,"srcset":"https:\/\/i0.wp.com\/blogdoprosperi.com\/wp-content\/uploads\/2025\/06\/whatsapp-image-2025-06-03-at-17.01.45-edited-1.jpg?fit=900%2C600&ssl=1&resize=350%2C200 1x, https:\/\/i0.wp.com\/blogdoprosperi.com\/wp-content\/uploads\/2025\/06\/whatsapp-image-2025-06-03-at-17.01.45-edited-1.jpg?fit=900%2C600&ssl=1&resize=525%2C300 1.5x, https:\/\/i0.wp.com\/blogdoprosperi.com\/wp-content\/uploads\/2025\/06\/whatsapp-image-2025-06-03-at-17.01.45-edited-1.jpg?fit=900%2C600&ssl=1&resize=700%2C400 2x"},"classes":[]},{"id":45928,"url":"https:\/\/blogdoprosperi.com\/?p=45928","url_meta":{"origin":43318,"position":1},"title":"Faz Um PiX, Corinthians | Gavi\u00f5es e Caixa Assinam Protocolo de Pagamento da D\u00edvida da Arena","author":"Luiz Ant\u00f4nio Pr\u00f3speri","date":"18 de outubro de 2024","format":false,"excerpt":"Luiz Ant\u00f4nio Pr\u00f3speri \u2013 18 outubro (20h25) Corintiano est\u00e1 convidado a fazer um PIX para quitar d\u00edvida da arena em Itaquera. A iniciativa \u00e9 da Gavi\u00f5es da Fiel, maior torcida organizada do Coritnhians, em parceria com a Caixa Econ\u00f4mica Federal, credora na constru\u00e7\u00e3o do est\u00e1dio em 2014. Gavi\u00f5es, Caixa e\u2026","rel":"","context":"Em &quot;futebol&quot;","block_context":{"text":"futebol","link":"https:\/\/blogdoprosperi.com\/?cat=53870"},"img":{"alt_text":"Gavi\u00f5es e Caixa assinam protocolo de inten\u00e7\u00f5es para pagar Arena no Mix","src":"https:\/\/i0.wp.com\/blogdoprosperi.com\/wp-content\/uploads\/2024\/10\/neo-quimica-arena-_01.jpg?fit=1200%2C856&ssl=1&resize=350%2C200","width":350,"height":200,"srcset":"https:\/\/i0.wp.com\/blogdoprosperi.com\/wp-content\/uploads\/2024\/10\/neo-quimica-arena-_01.jpg?fit=1200%2C856&ssl=1&resize=350%2C200 1x, https:\/\/i0.wp.com\/blogdoprosperi.com\/wp-content\/uploads\/2024\/10\/neo-quimica-arena-_01.jpg?fit=1200%2C856&ssl=1&resize=525%2C300 1.5x, https:\/\/i0.wp.com\/blogdoprosperi.com\/wp-content\/uploads\/2024\/10\/neo-quimica-arena-_01.jpg?fit=1200%2C856&ssl=1&resize=700%2C400 2x, https:\/\/i0.wp.com\/blogdoprosperi.com\/wp-content\/uploads\/2024\/10\/neo-quimica-arena-_01.jpg?fit=1200%2C856&ssl=1&resize=1050%2C600 3x"},"classes":[]},{"id":42700,"url":"https:\/\/blogdoprosperi.com\/?p=42700","url_meta":{"origin":43318,"position":2},"title":"Gavi\u00f5es da Fiel Abre Negocia\u00e7\u00f5es com a Caixa para Quitar D\u00edvida do Corinthians","author":"Luiz Ant\u00f4nio Pr\u00f3speri","date":"15 de junho de 2024","format":false,"excerpt":"Gavi\u00f5es da Fiel, maior torcida organizada do Corinthians, abre negocia\u00e7\u00f5es com a Caixa Econ\u00f4mica Federal para quitar a d\u00edvida do clube com a constru\u00e7\u00e3o do est\u00e1dio em Itaquera, a Neo Qu\u00edmica Arena. Primeiro encontro entre dirigentes da Gavi\u00f5es e Caixa se deu nessa sexta-feira (14\/6), informa site oficial da torcida.\u2026","rel":"","context":"Em &quot;futebol&quot;","block_context":{"text":"futebol","link":"https:\/\/blogdoprosperi.com\/?cat=53870"},"img":{"alt_text":"Gavi\u00f5es tem projeto para pagar arena do Corinthians","src":"https:\/\/i0.wp.com\/blogdoprosperi.com\/wp-content\/uploads\/2024\/06\/torcida-gaviocc83es-da-fiel.jpg?fit=711%2C400&ssl=1&resize=350%2C200","width":350,"height":200,"srcset":"https:\/\/i0.wp.com\/blogdoprosperi.com\/wp-content\/uploads\/2024\/06\/torcida-gaviocc83es-da-fiel.jpg?fit=711%2C400&ssl=1&resize=350%2C200 1x, https:\/\/i0.wp.com\/blogdoprosperi.com\/wp-content\/uploads\/2024\/06\/torcida-gaviocc83es-da-fiel.jpg?fit=711%2C400&ssl=1&resize=525%2C300 1.5x, https:\/\/i0.wp.com\/blogdoprosperi.com\/wp-content\/uploads\/2024\/06\/torcida-gaviocc83es-da-fiel.jpg?fit=711%2C400&ssl=1&resize=700%2C400 2x"},"classes":[]},{"id":44886,"url":"https:\/\/blogdoprosperi.com\/?p=44886","url_meta":{"origin":43318,"position":3},"title":"Corinthians 114 Anos: Vit\u00f3ria Emblem\u00e1tica, Crise Pol\u00edtica e Cresce Poder da Gavi\u00f5es","author":"Luiz Ant\u00f4nio Pr\u00f3speri","date":"2 de setembro de 2024","format":false,"excerpt":"Luiz Ant\u00f4nio Pr\u00f3speri \u2013 2 setembro (11h30) Corinthians comemora 114 anos de vida em meio a uma turbul\u00eancia pol\u00edtica e financeira, ultimato de sua maior torcida organizada e vit\u00f3ria emblem\u00e1tica em cima do Flamengo. Um caldeir\u00e3o fumegante. Antes de se impor diante do Flamengo e Tite na Arena Neo Qu\u00edmica,\u2026","rel":"","context":"Em &quot;futebol&quot;","block_context":{"text":"futebol","link":"https:\/\/blogdoprosperi.com\/?cat=53870"},"img":{"alt_text":"Cresce poder da Gavi\u00f5es no Corinthians","src":"https:\/\/i0.wp.com\/blogdoprosperi.com\/wp-content\/uploads\/2024\/09\/captura-de-tela-2024-09-02-as-11.55.12.png?fit=1142%2C1026&ssl=1&resize=350%2C200","width":350,"height":200,"srcset":"https:\/\/i0.wp.com\/blogdoprosperi.com\/wp-content\/uploads\/2024\/09\/captura-de-tela-2024-09-02-as-11.55.12.png?fit=1142%2C1026&ssl=1&resize=350%2C200 1x, https:\/\/i0.wp.com\/blogdoprosperi.com\/wp-content\/uploads\/2024\/09\/captura-de-tela-2024-09-02-as-11.55.12.png?fit=1142%2C1026&ssl=1&resize=525%2C300 1.5x, https:\/\/i0.wp.com\/blogdoprosperi.com\/wp-content\/uploads\/2024\/09\/captura-de-tela-2024-09-02-as-11.55.12.png?fit=1142%2C1026&ssl=1&resize=700%2C400 2x, https:\/\/i0.wp.com\/blogdoprosperi.com\/wp-content\/uploads\/2024\/09\/captura-de-tela-2024-09-02-as-11.55.12.png?fit=1142%2C1026&ssl=1&resize=1050%2C600 3x"},"classes":[]},{"id":7260,"url":"https:\/\/blogdoprosperi.com\/?p=7260","url_meta":{"origin":43318,"position":4},"title":"Tite pode deixar o Corinthians, se torcida organizada continuar com livre acesso para cobrar jogadores","author":"Luiz Ant\u00f4nio Pr\u00f3speri","date":"25 de maio de 2016","format":false,"excerpt":"Tite, constrangido, cedeu \u00e0 press\u00e3o da torcida e tirou Andr\u00e9 do time. O atacante era um dos jogadores mais contestados pelas fac\u00e7\u00f5es organizadas do Corinthians. Ele tinha cadeira cativa com o treinador, apesar de p\u00eanaltis perdidos e atua\u00e7\u00f5es deplor\u00e1veis. A sa\u00edda de Andr\u00e9 abre espa\u00e7o, mais uma vez, para Luciano,\u2026","rel":"","context":"Em &quot;Campeonato Brasileiro&quot;","block_context":{"text":"Campeonato Brasileiro","link":"https:\/\/blogdoprosperi.com\/?cat=355071"},"img":{"alt_text":"","src":"https:\/\/i0.wp.com\/blogdoprosperi.com\/wp-content\/uploads\/2016\/05\/torcedores-do-corinthians-cercam-e-apedrejam-onibus-em-que-estavam-os-jogadores-do-timefoto-marcos-alveso-globo.jpg?resize=350%2C200&ssl=1","width":350,"height":200,"srcset":"https:\/\/i0.wp.com\/blogdoprosperi.com\/wp-content\/uploads\/2016\/05\/torcedores-do-corinthians-cercam-e-apedrejam-onibus-em-que-estavam-os-jogadores-do-timefoto-marcos-alveso-globo.jpg?resize=350%2C200&ssl=1 1x, https:\/\/i0.wp.com\/blogdoprosperi.com\/wp-content\/uploads\/2016\/05\/torcedores-do-corinthians-cercam-e-apedrejam-onibus-em-que-estavam-os-jogadores-do-timefoto-marcos-alveso-globo.jpg?resize=525%2C300&ssl=1 1.5x, https:\/\/i0.wp.com\/blogdoprosperi.com\/wp-content\/uploads\/2016\/05\/torcedores-do-corinthians-cercam-e-apedrejam-onibus-em-que-estavam-os-jogadores-do-timefoto-marcos-alveso-globo.jpg?resize=700%2C400&ssl=1 2x, https:\/\/i0.wp.com\/blogdoprosperi.com\/wp-content\/uploads\/2016\/05\/torcedores-do-corinthians-cercam-e-apedrejam-onibus-em-que-estavam-os-jogadores-do-timefoto-marcos-alveso-globo.jpg?resize=1050%2C600&ssl=1 3x"},"classes":[]},{"id":1452,"url":"https:\/\/blogdoprosperi.com\/?p=1452","url_meta":{"origin":43318,"position":5},"title":"Gavi\u00f5es da Fiel n\u00e3o se intimida","author":"Luiz Ant\u00f4nio Pr\u00f3speri","date":"16 de abril de 2016","format":false,"excerpt":"A Gavi\u00f5es da Fiel, torcida organizada do Corinthians, protestou nesta sexta-feira contra a Secretaria de Seguran\u00e7a P\u00fablica de S\u00e3o Paulo (SSPSP), CBF, o deputado Fernando Capez, TV Globo e Federa\u00e7\u00e3o Paulista (FPF). Cerca de 2 mil pessoas participaram da manifesta\u00e7\u00e3o no in\u00edcio da noite no Vale Anhangaba\u00fa. A torcida promete\u2026","rel":"","context":"Em &quot;futebol&quot;","block_context":{"text":"futebol","link":"https:\/\/blogdoprosperi.com\/?cat=53870"},"img":{"alt_text":"","src":"https:\/\/i0.wp.com\/blogdoprosperi.com\/wp-content\/uploads\/2016\/04\/gavioes-02.jpg?resize=350%2C200&ssl=1","width":350,"height":200,"srcset":"https:\/\/i0.wp.com\/blogdoprosperi.com\/wp-content\/uploads\/2016\/04\/gavioes-02.jpg?resize=350%2C200&ssl=1 1x, https:\/\/i0.wp.com\/blogdoprosperi.com\/wp-content\/uploads\/2016\/04\/gavioes-02.jpg?resize=525%2C300&ssl=1 1.5x"},"classes":[]}],"jetpack_featured_media_url":"https:\/\/i0.wp.com\/blogdoprosperi.com\/wp-content\/uploads\/2024\/06\/captura-de-tela-2024-06-28-as-13.33.01.png?fit=1054%2C740&ssl=1","_links":{"self":[{"href":"https:\/\/blogdoprosperi.com\/index.php?rest_route=\/wp\/v2\/posts\/43318","targetHints":{"allow":["GET"]}}],"collection":[{"href":"https:\/\/blogdoprosperi.com\/index.php?rest_route=\/wp\/v2\/posts"}],"about":[{"href":"https:\/\/blogdoprosperi.com\/index.php?rest_route=\/wp\/v2\/types\/post"}],"author":[{"embeddable":true,"href":"https:\/\/blogdoprosperi.com\/index.php?rest_route=\/wp\/v2\/users\/102107496"}],"replies":[{"embeddable":true,"href":"https:\/\/blogdoprosperi.com\/index.php?rest_route=%2Fwp%2Fv2%2Fcomments&post=43318"}],"version-history":[{"count":11,"href":"https:\/\/blogdoprosperi.com\/index.php?rest_route=\/wp\/v2\/posts\/43318\/revisions"}],"predecessor-version":[{"id":43331,"href":"https:\/\/blogdoprosperi.com\/index.php?rest_route=\/wp\/v2\/posts\/43318\/revisions\/43331"}],"wp:featuredmedia":[{"embeddable":true,"href":"https:\/\/blogdoprosperi.com\/index.php?rest_route=\/wp\/v2\/media\/43325"}],"wp:attachment":[{"href":"https:\/\/blogdoprosperi.com\/index.php?rest_route=%2Fwp%2Fv2%2Fmedia&parent=43318"}],"wp:term":[{"taxonomy":"category","embeddable":true,"href":"https:\/\/blogdoprosperi.com\/index.php?rest_route=%2Fwp%2Fv2%2Fcategories&post=43318"},{"taxonomy":"post_tag","embeddable":true,"href":"https:\/\/blogdoprosperi.com\/index.php?rest_route=%2Fwp%2Fv2%2Ftags&post=43318"}],"curies":[{"name":"wp","href":"https:\/\/api.w.org\/{rel}","templated":true}]}}