{"id":43390,"date":"2024-07-01T19:06:24","date_gmt":"2024-07-01T22:06:24","guid":{"rendered":"https:\/\/blogdoprosperi.com\/?p=43390"},"modified":"2024-07-01T19:19:41","modified_gmt":"2024-07-01T22:19:41","slug":"cristiano-ronaldo-craques-tambem-choram-portugal-avanca-na-euro-2024","status":"publish","type":"post","link":"https:\/\/blogdoprosperi.com\/?p=43390","title":{"rendered":"Cristiano Ronaldo: Craques Tamb\u00e9m Choram, Portugal avan\u00e7a na Euro 2024"},"content":{"rendered":"\n<p class=\"wp-block-paragraph\">Cristiano Ronaldo perde p\u00eanalti no \u00faltimo minuto do primeiro tempo da prorroga\u00e7\u00e3o de Portugal vs Eslov\u00eania. Chora como nunca. Dor de craque. Momento raro na longa carreira de um jogador de uma fortaleza mental absurda. CR7 sabia que aquele gol levaria Portugal \u00e0s quartas de final da Euro 2024. A defesa de Oblak, o muro de lamenta\u00e7\u00e3o do jogador eleito cinco vezes o melhor do mundo, impede o sonho que estava nas m\u00e3os. Havia ainda mais 15 minutos. Gol n\u00e3o sai. A decis\u00e3o vai aos p\u00eanaltis e deu Portugal 3 a 0. <strong>Gra\u00e7as ao goleiro Diogo Costa, autor de tr\u00eas defesas de penalidades.<\/strong> Cristiano respira.<\/p>\n\n\n\n<figure class=\"wp-block-image size-large is-resized\"><img data-recalc-dims=\"1\" loading=\"lazy\" decoding=\"async\" width=\"940\" height=\"1175\" data-attachment-id=\"43399\" data-permalink=\"https:\/\/blogdoprosperi.com\/?attachment_id=43399\" data-orig-file=\"https:\/\/i0.wp.com\/blogdoprosperi.com\/wp-content\/uploads\/2024\/07\/grbm5cyxwaatif4.jpeg?fit=960%2C1200&amp;ssl=1\" data-orig-size=\"960,1200\" data-comments-opened=\"1\" data-image-meta=\"{&quot;aperture&quot;:&quot;0&quot;,&quot;credit&quot;:&quot;&quot;,&quot;camera&quot;:&quot;&quot;,&quot;caption&quot;:&quot;&quot;,&quot;created_timestamp&quot;:&quot;0&quot;,&quot;copyright&quot;:&quot;&quot;,&quot;focal_length&quot;:&quot;0&quot;,&quot;iso&quot;:&quot;0&quot;,&quot;shutter_speed&quot;:&quot;0&quot;,&quot;title&quot;:&quot;&quot;,&quot;orientation&quot;:&quot;0&quot;}\" data-image-title=\"Oblak barra CR7\" data-image-description=\"\" data-image-caption=\"&lt;p&gt;Oblak faz Cristiano chorar &amp;#8211; foto: Uefa oficial&lt;\/p&gt;\n\" data-large-file=\"https:\/\/i0.wp.com\/blogdoprosperi.com\/wp-content\/uploads\/2024\/07\/grbm5cyxwaatif4.jpeg?fit=819%2C1024&amp;ssl=1\" src=\"https:\/\/i0.wp.com\/blogdoprosperi.com\/wp-content\/uploads\/2024\/07\/grbm5cyxwaatif4.jpeg?resize=940%2C1175&#038;ssl=1\" alt=\"\" class=\"wp-image-43399\" style=\"width:482px;height:auto\" \/><figcaption class=\"wp-element-caption\"><em>Oblak faz Cristiano chorar &#8211; foto: Uefa oficial<\/em><\/figcaption><\/figure>\n\n\n\n<p class=\"wp-block-paragraph\">At\u00e9 se consumar a classifica\u00e7\u00e3o, a legi\u00e3o portuguesa lutara como nunca. Passou os 90 minutos habitando a \u00e1rea eslovena. Cristiano teve uma chance absurda, uns tr\u00eas anos atr\u00e1s seria fatal. Parou na defesa de Oblak. Cancelo, Bernardo Silva, Diogo Jota, e mais um punhado de camisas vermelhas, sufocaram a Eslov\u00eania. Todas tentativas em v\u00e3o. O advers\u00e1rio n\u00e3o cedeu.<\/p>\n\n\n\n<p class=\"wp-block-paragraph\">Incans\u00e1veis, seguros, verdadeiros gigantes, protegeram sua \u00e1rea como se fosse a \u00faltima trincheira da guerra. Sustentaram tudo at\u00e9 o p\u00eanalti em Diogo Jota clarear a escurid\u00e3o. Cristiano perdeu. E chorou.<\/p>\n\n\n\n<p class=\"wp-block-paragraph\">Na prorroga\u00e7\u00e3o, a melhor chance esteve nos p\u00e9s de Sesko ap\u00f3s falha de Pepe. Sesko erra o gol por ser portador de poucos recursos t\u00e9cnicos. No fim, a decis\u00e3o vai aos p\u00eanaltis. De um lado estava o intranspon\u00edvel Oblak. Do outro, CR7. <\/p>\n\n\n\n<p class=\"wp-block-paragraph\">Cristiano faz o gol na primeira cobran\u00e7a de Portugal. Pede desculpas por ter errado na prorroga\u00e7\u00e3o. Diogo Costa faz sua parte com duas defesas seguidas em cobran\u00e7as da Eslov\u00eania. Bruno Fernandes confere a favor dos portugueses. Diogo Costa faz a terceira defesa. Bernardo Silva bate, marca e confirma Portugal nas quartas de final.<\/p>\n\n\n\n<figure class=\"wp-block-image size-large\"><img data-recalc-dims=\"1\" loading=\"lazy\" decoding=\"async\" width=\"940\" height=\"627\" data-attachment-id=\"43400\" data-permalink=\"https:\/\/blogdoprosperi.com\/?attachment_id=43400\" data-orig-file=\"https:\/\/i0.wp.com\/blogdoprosperi.com\/wp-content\/uploads\/2024\/07\/grbu3icw4aalzwh.jpeg?fit=1199%2C800&amp;ssl=1\" data-orig-size=\"1199,800\" data-comments-opened=\"1\" data-image-meta=\"{&quot;aperture&quot;:&quot;0&quot;,&quot;credit&quot;:&quot;&quot;,&quot;camera&quot;:&quot;&quot;,&quot;caption&quot;:&quot;&quot;,&quot;created_timestamp&quot;:&quot;0&quot;,&quot;copyright&quot;:&quot;&quot;,&quot;focal_length&quot;:&quot;0&quot;,&quot;iso&quot;:&quot;0&quot;,&quot;shutter_speed&quot;:&quot;0&quot;,&quot;title&quot;:&quot;&quot;,&quot;orientation&quot;:&quot;0&quot;}\" data-image-title=\"Diogo Costa faz tr\u00eas defesas e leva Portugal as quartas da Euro 2024\" data-image-description=\"\" data-image-caption=\"&lt;p&gt;Diogo Costa garante Portugal na Euro 2024 \u2013 foto: Uefa oficial&lt;\/p&gt;\n\" data-large-file=\"https:\/\/i0.wp.com\/blogdoprosperi.com\/wp-content\/uploads\/2024\/07\/grbu3icw4aalzwh.jpeg?fit=940%2C627&amp;ssl=1\" src=\"https:\/\/i0.wp.com\/blogdoprosperi.com\/wp-content\/uploads\/2024\/07\/grbu3icw4aalzwh.jpeg?resize=940%2C627&#038;ssl=1\" alt=\"\" class=\"wp-image-43400\" \/><figcaption class=\"wp-element-caption\"><em>Diogo Costa garante Portugal na Euro 2024 \u2013 foto: Uefa oficial<\/em><\/figcaption><\/figure>\n\n\n\n<p class=\"wp-block-paragraph\">Diogo Costa faz hist\u00f3ria como primeiro goleiro a defender tr\u00eas p\u00eanaltis em uma decis\u00e3o na Eurocopa.<\/p>\n\n\n\n<p class=\"wp-block-paragraph\">Portugal agora vai medir for\u00e7as com a Fran\u00e7a de Mbapp\u00e9 de nariz quebrado nas quartas de final.<\/p>\n\n\n\n<p class=\"wp-block-paragraph\">Fran\u00e7a est\u00e1 nas quartas de final gra\u00e7as a um gol contra do zagueiro Vertongen, em chute de Kolo Muani aos 40 minutos do segundo tempo, na vit\u00f3ria em cima da B\u00e9lgica por 1 a 0. Castigo aos belgas e sorte dos franceses, at\u00e9 aqui com um ataque med\u00edocre \u2013 apenas 3 gols marcados em 4 jogos. Dos tr\u00eas gols, um foi de Mbapp\u00e9 e, os outros dois foram contra dos advers\u00e1rios. A B\u00e9lgica para mais uma vez no seu medo de fazer hist\u00f3ria.<\/p>\n","protected":false},"excerpt":{"rendered":"<p>Cristiano Ronaldo perde p\u00eanalti no \u00faltimo minuto do primeiro tempo da prorroga\u00e7\u00e3o de Portugal vs Eslov\u00eania. Chora como [&hellip;]<\/p>\n","protected":false},"author":102107496,"featured_media":43398,"comment_status":"open","ping_status":"open","sticky":false,"template":"","format":"standard","meta":{"_coblocks_attr":"","_coblocks_dimensions":"","_coblocks_responsive_height":"","_coblocks_accordion_ie_support":"","_jetpack_newsletter_access":"","_jetpack_dont_email_post_to_subs":false,"_jetpack_newsletter_tier_id":0,"_jetpack_memberships_contains_paywalled_content":false,"_wpcom_ai_launchpad_first_post":false,"_jetpack_feature_clip_id":0,"_jetpack_memberships_contains_paid_content":false,"footnotes":"","jetpack_publicize_message":"Portugal avan\u00e7a na Euro 2024 gra\u00e7as ao goleiro Diogo Costa. Cristiano Ronaldo vive drama.","jetpack_publicize_feature_enabled":true,"jetpack_social_post_already_shared":false,"jetpack_social_options":{"image_generator_settings":{"template":"highway","enabled":false},"version":2},"jetpack_post_was_ever_published":false},"categories":[53870,768932782],"tags":[66172,49326243,789560560,13946616,772623117],"class_list":["post-43390","post","type-post","status-publish","format-standard","has-post-thumbnail","hentry","category-futebol","category-futebol-2024","tag-cristiano-ronaldo","tag-euro-2024","tag-futebol","tag-oblak","tag-portugal-vs-eslovenia"],"yoast_head":"<!-- This site is optimized with the Yoast SEO plugin v28.3 - https:\/\/yoast.com\/product\/yoast-seo-wordpress\/ -->\n<title>Cristiano Ronaldo: Craques Tamb\u00e9m Choram, Portugal avan\u00e7a na Euro 2024 - PR\u00d3SPERI NEWS<\/title>\n<meta name=\"robots\" content=\"index, follow, max-snippet:-1, max-image-preview:large, max-video-preview:-1\" \/>\n<link rel=\"canonical\" href=\"https:\/\/blogdoprosperi.com\/?p=43390\" \/>\n<meta property=\"og:locale\" content=\"pt_BR\" \/>\n<meta property=\"og:type\" content=\"article\" \/>\n<meta property=\"og:title\" content=\"Cristiano Ronaldo: Craques Tamb\u00e9m Choram, Portugal avan\u00e7a na Euro 2024 - PR\u00d3SPERI NEWS\" \/>\n<meta property=\"og:description\" content=\"Cristiano Ronaldo perde p\u00eanalti no \u00faltimo minuto do primeiro tempo da prorroga\u00e7\u00e3o de Portugal vs Eslov\u00eania. Chora como [&hellip;]\" \/>\n<meta property=\"og:url\" content=\"https:\/\/blogdoprosperi.com\/?p=43390\" \/>\n<meta property=\"og:site_name\" content=\"PR\u00d3SPERI NEWS\" \/>\n<meta property=\"article:publisher\" content=\"Luiz Pr\u00f3speri\" \/>\n<meta property=\"article:author\" content=\"Luiz Pr\u00f3speri\" \/>\n<meta property=\"article:published_time\" content=\"2024-07-01T22:06:24+00:00\" \/>\n<meta property=\"article:modified_time\" content=\"2024-07-01T22:19:41+00:00\" \/>\n<meta property=\"og:image\" content=\"https:\/\/i0.wp.com\/blogdoprosperi.com\/wp-content\/uploads\/2024\/07\/captura-de-tela-2024-07-01-as-19.00.35.png?fit=804%2C552&ssl=1\" \/>\n\t<meta property=\"og:image:width\" content=\"804\" \/>\n\t<meta property=\"og:image:height\" content=\"552\" \/>\n\t<meta property=\"og:image:type\" content=\"image\/png\" \/>\n<meta name=\"author\" content=\"Luiz Ant\u00f4nio Pr\u00f3speri\" \/>\n<meta name=\"twitter:card\" content=\"summary_large_image\" \/>\n<meta name=\"twitter:creator\" content=\"@Luizprosperi\" \/>\n<meta name=\"twitter:site\" content=\"@Luizprosperi\" \/>\n<meta name=\"twitter:label1\" content=\"Escrito por\" \/>\n\t<meta name=\"twitter:data1\" content=\"Luiz Ant\u00f4nio Pr\u00f3speri\" \/>\n\t<meta name=\"twitter:label2\" content=\"Est. tempo de leitura\" \/>\n\t<meta name=\"twitter:data2\" content=\"2 minutos\" \/>\n<script type=\"application\/ld+json\" class=\"yoast-schema-graph\">{\"@context\":\"https:\\\/\\\/schema.org\",\"@graph\":[{\"@type\":\"Article\",\"@id\":\"https:\\\/\\\/blogdoprosperi.com\\\/?p=43390#article\",\"isPartOf\":{\"@id\":\"https:\\\/\\\/blogdoprosperi.com\\\/?p=43390\"},\"author\":{\"name\":\"Luiz Ant\u00f4nio Pr\u00f3speri\",\"@id\":\"https:\\\/\\\/blogdoprosperi.com\\\/#\\\/schema\\\/person\\\/38100755ce3601861ee4fab9b5aa78e9\"},\"headline\":\"Cristiano Ronaldo: Craques Tamb\u00e9m Choram, Portugal avan\u00e7a na Euro 2024\",\"datePublished\":\"2024-07-01T22:06:24+00:00\",\"dateModified\":\"2024-07-01T22:19:41+00:00\",\"mainEntityOfPage\":{\"@id\":\"https:\\\/\\\/blogdoprosperi.com\\\/?p=43390\"},\"wordCount\":468,\"commentCount\":3,\"publisher\":{\"@id\":\"https:\\\/\\\/blogdoprosperi.com\\\/#\\\/schema\\\/person\\\/38100755ce3601861ee4fab9b5aa78e9\"},\"image\":{\"@id\":\"https:\\\/\\\/blogdoprosperi.com\\\/?p=43390#primaryimage\"},\"thumbnailUrl\":\"https:\\\/\\\/i0.wp.com\\\/blogdoprosperi.com\\\/wp-content\\\/uploads\\\/2024\\\/07\\\/captura-de-tela-2024-07-01-as-19.00.35.png?fit=804%2C552&ssl=1\",\"keywords\":[\"Cristiano Ronaldo\",\"euro 2024\",\"futebol\",\"oblak\",\"Portugal vs eslov\u00eania\"],\"articleSection\":[\"futebol\",\"futebol 2024\"],\"inLanguage\":\"pt-BR\",\"potentialAction\":[{\"@type\":\"CommentAction\",\"name\":\"Comment\",\"target\":[\"https:\\\/\\\/blogdoprosperi.com\\\/?p=43390#respond\"]}]},{\"@type\":\"WebPage\",\"@id\":\"https:\\\/\\\/blogdoprosperi.com\\\/?p=43390\",\"url\":\"https:\\\/\\\/blogdoprosperi.com\\\/?p=43390\",\"name\":\"Cristiano Ronaldo: Craques Tamb\u00e9m Choram, Portugal avan\u00e7a na Euro 2024 - PR\u00d3SPERI NEWS\",\"isPartOf\":{\"@id\":\"https:\\\/\\\/blogdoprosperi.com\\\/#website\"},\"primaryImageOfPage\":{\"@id\":\"https:\\\/\\\/blogdoprosperi.com\\\/?p=43390#primaryimage\"},\"image\":{\"@id\":\"https:\\\/\\\/blogdoprosperi.com\\\/?p=43390#primaryimage\"},\"thumbnailUrl\":\"https:\\\/\\\/i0.wp.com\\\/blogdoprosperi.com\\\/wp-content\\\/uploads\\\/2024\\\/07\\\/captura-de-tela-2024-07-01-as-19.00.35.png?fit=804%2C552&ssl=1\",\"datePublished\":\"2024-07-01T22:06:24+00:00\",\"dateModified\":\"2024-07-01T22:19:41+00:00\",\"breadcrumb\":{\"@id\":\"https:\\\/\\\/blogdoprosperi.com\\\/?p=43390#breadcrumb\"},\"inLanguage\":\"pt-BR\",\"potentialAction\":[{\"@type\":\"ReadAction\",\"target\":[\"https:\\\/\\\/blogdoprosperi.com\\\/?p=43390\"]}]},{\"@type\":\"ImageObject\",\"inLanguage\":\"pt-BR\",\"@id\":\"https:\\\/\\\/blogdoprosperi.com\\\/?p=43390#primaryimage\",\"url\":\"https:\\\/\\\/i0.wp.com\\\/blogdoprosperi.com\\\/wp-content\\\/uploads\\\/2024\\\/07\\\/captura-de-tela-2024-07-01-as-19.00.35.png?fit=804%2C552&ssl=1\",\"contentUrl\":\"https:\\\/\\\/i0.wp.com\\\/blogdoprosperi.com\\\/wp-content\\\/uploads\\\/2024\\\/07\\\/captura-de-tela-2024-07-01-as-19.00.35.png?fit=804%2C552&ssl=1\",\"width\":804,\"height\":552,\"caption\":\"Cristiano Ronaldo chora e depois celebra classifica\u00e7\u00e3o de Portugal \u2013 foto: Uefa oficial\"},{\"@type\":\"BreadcrumbList\",\"@id\":\"https:\\\/\\\/blogdoprosperi.com\\\/?p=43390#breadcrumb\",\"itemListElement\":[{\"@type\":\"ListItem\",\"position\":1,\"name\":\"In\u00edcio\",\"item\":\"https:\\\/\\\/blogdoprosperi.com\\\/\"},{\"@type\":\"ListItem\",\"position\":2,\"name\":\"Cristiano Ronaldo: Craques Tamb\u00e9m Choram, Portugal avan\u00e7a na Euro 2024\"}]},{\"@type\":\"WebSite\",\"@id\":\"https:\\\/\\\/blogdoprosperi.com\\\/#website\",\"url\":\"https:\\\/\\\/blogdoprosperi.com\\\/\",\"name\":\"PR\u00d3SPERI NEWS\",\"description\":\"TUDO \u00c9  FUTEBOL\",\"publisher\":{\"@id\":\"https:\\\/\\\/blogdoprosperi.com\\\/#\\\/schema\\\/person\\\/38100755ce3601861ee4fab9b5aa78e9\"},\"alternateName\":\"blogdoprosperi.com\",\"potentialAction\":[{\"@type\":\"SearchAction\",\"target\":{\"@type\":\"EntryPoint\",\"urlTemplate\":\"https:\\\/\\\/blogdoprosperi.com\\\/?s={search_term_string}\"},\"query-input\":{\"@type\":\"PropertyValueSpecification\",\"valueRequired\":true,\"valueName\":\"search_term_string\"}}],\"inLanguage\":\"pt-BR\"},{\"@type\":[\"Person\",\"Organization\"],\"@id\":\"https:\\\/\\\/blogdoprosperi.com\\\/#\\\/schema\\\/person\\\/38100755ce3601861ee4fab9b5aa78e9\",\"name\":\"Luiz Ant\u00f4nio Pr\u00f3speri\",\"pronouns\":\"ele\",\"image\":{\"@type\":\"ImageObject\",\"inLanguage\":\"pt-BR\",\"@id\":\"https:\\\/\\\/i0.wp.com\\\/blogdoprosperi.com\\\/wp-content\\\/uploads\\\/2026\\\/05\\\/cropped-8059e613-6002-42fa-961e-8e275f575d71-2-5.jpg?fit=1360%2C931&ssl=1\",\"url\":\"https:\\\/\\\/i0.wp.com\\\/blogdoprosperi.com\\\/wp-content\\\/uploads\\\/2026\\\/05\\\/cropped-8059e613-6002-42fa-961e-8e275f575d71-2-5.jpg?fit=1360%2C931&ssl=1\",\"contentUrl\":\"https:\\\/\\\/i0.wp.com\\\/blogdoprosperi.com\\\/wp-content\\\/uploads\\\/2026\\\/05\\\/cropped-8059e613-6002-42fa-961e-8e275f575d71-2-5.jpg?fit=1360%2C931&ssl=1\",\"width\":1360,\"height\":931,\"caption\":\"Luiz Ant\u00f4nio Pr\u00f3speri\"},\"logo\":{\"@id\":\"https:\\\/\\\/i0.wp.com\\\/blogdoprosperi.com\\\/wp-content\\\/uploads\\\/2026\\\/05\\\/cropped-8059e613-6002-42fa-961e-8e275f575d71-2-5.jpg?fit=1360%2C931&ssl=1\"},\"description\":\"Jornalista com carreira dedicada ao esporte. Cobriu 9 Copas do Mundo in loco, 1990 na It\u00e1lia, 1994 nos EUA, 1998 na Fran\u00e7a, 2002 na Coreia do Sul e Jap\u00e3o, 2006 na Alemanha, 2010 na \u00c1frica do Sul, 2014 no Brasil, 2018 na R\u00fassia e 2022 no Qatar. Eurocopas, 1992 na Su\u00e9cia e 1996 na Inglaterra. Copa das Confedera\u00e7\u00f5es de 2005 na Alemanha e 2009 na \u00c1frica do Sul. Rep\u00f3rter e Editor, trabalhou no Jornal da Tarde e Estad\u00e3o, de 1984 a fevereiro de 2016. Colunista, blogueiro. E comentarista de futebol na R\u00e1dio Estad\u00e3o, de 2013 a fevereiro de 2016. Jornalista respons\u00e1vel do \\\"Pr\u00f3speri News\\\" (blogdoprosperi.com).\",\"sameAs\":[\"http:\\\/\\\/blogdoprosperi.com\",\"Luiz Pr\u00f3speri\",\"@luiz_prosperi\",\"https:\\\/\\\/x.com\\\/Luizprosperi\",\"@prosperinacopa\",\"luiz.prosperi@icloud.com\"],\"url\":\"https:\\\/\\\/blogdoprosperi.com\\\/?author=102107496\"}]}<\/script>\n<!-- \/ Yoast SEO plugin. -->","yoast_head_json":{"title":"Cristiano Ronaldo: Craques Tamb\u00e9m Choram, Portugal avan\u00e7a na Euro 2024 - PR\u00d3SPERI NEWS","robots":{"index":"index","follow":"follow","max-snippet":"max-snippet:-1","max-image-preview":"max-image-preview:large","max-video-preview":"max-video-preview:-1"},"canonical":"https:\/\/blogdoprosperi.com\/?p=43390","og_locale":"pt_BR","og_type":"article","og_title":"Cristiano Ronaldo: Craques Tamb\u00e9m Choram, Portugal avan\u00e7a na Euro 2024 - PR\u00d3SPERI NEWS","og_description":"Cristiano Ronaldo perde p\u00eanalti no \u00faltimo minuto do primeiro tempo da prorroga\u00e7\u00e3o de Portugal vs Eslov\u00eania. Chora como [&hellip;]","og_url":"https:\/\/blogdoprosperi.com\/?p=43390","og_site_name":"PR\u00d3SPERI NEWS","article_publisher":"Luiz Pr\u00f3speri","article_author":"Luiz Pr\u00f3speri","article_published_time":"2024-07-01T22:06:24+00:00","article_modified_time":"2024-07-01T22:19:41+00:00","og_image":[{"width":804,"height":552,"url":"https:\/\/i0.wp.com\/blogdoprosperi.com\/wp-content\/uploads\/2024\/07\/captura-de-tela-2024-07-01-as-19.00.35.png?fit=804%2C552&ssl=1","type":"image\/png"}],"author":"Luiz Ant\u00f4nio Pr\u00f3speri","twitter_card":"summary_large_image","twitter_creator":"@Luizprosperi","twitter_site":"@Luizprosperi","twitter_misc":{"Escrito por":"Luiz Ant\u00f4nio Pr\u00f3speri","Est. tempo de leitura":"2 minutos"},"schema":{"@context":"https:\/\/schema.org","@graph":[{"@type":"Article","@id":"https:\/\/blogdoprosperi.com\/?p=43390#article","isPartOf":{"@id":"https:\/\/blogdoprosperi.com\/?p=43390"},"author":{"name":"Luiz Ant\u00f4nio Pr\u00f3speri","@id":"https:\/\/blogdoprosperi.com\/#\/schema\/person\/38100755ce3601861ee4fab9b5aa78e9"},"headline":"Cristiano Ronaldo: Craques Tamb\u00e9m Choram, Portugal avan\u00e7a na Euro 2024","datePublished":"2024-07-01T22:06:24+00:00","dateModified":"2024-07-01T22:19:41+00:00","mainEntityOfPage":{"@id":"https:\/\/blogdoprosperi.com\/?p=43390"},"wordCount":468,"commentCount":3,"publisher":{"@id":"https:\/\/blogdoprosperi.com\/#\/schema\/person\/38100755ce3601861ee4fab9b5aa78e9"},"image":{"@id":"https:\/\/blogdoprosperi.com\/?p=43390#primaryimage"},"thumbnailUrl":"https:\/\/i0.wp.com\/blogdoprosperi.com\/wp-content\/uploads\/2024\/07\/captura-de-tela-2024-07-01-as-19.00.35.png?fit=804%2C552&ssl=1","keywords":["Cristiano Ronaldo","euro 2024","futebol","oblak","Portugal vs eslov\u00eania"],"articleSection":["futebol","futebol 2024"],"inLanguage":"pt-BR","potentialAction":[{"@type":"CommentAction","name":"Comment","target":["https:\/\/blogdoprosperi.com\/?p=43390#respond"]}]},{"@type":"WebPage","@id":"https:\/\/blogdoprosperi.com\/?p=43390","url":"https:\/\/blogdoprosperi.com\/?p=43390","name":"Cristiano Ronaldo: Craques Tamb\u00e9m Choram, Portugal avan\u00e7a na Euro 2024 - PR\u00d3SPERI NEWS","isPartOf":{"@id":"https:\/\/blogdoprosperi.com\/#website"},"primaryImageOfPage":{"@id":"https:\/\/blogdoprosperi.com\/?p=43390#primaryimage"},"image":{"@id":"https:\/\/blogdoprosperi.com\/?p=43390#primaryimage"},"thumbnailUrl":"https:\/\/i0.wp.com\/blogdoprosperi.com\/wp-content\/uploads\/2024\/07\/captura-de-tela-2024-07-01-as-19.00.35.png?fit=804%2C552&ssl=1","datePublished":"2024-07-01T22:06:24+00:00","dateModified":"2024-07-01T22:19:41+00:00","breadcrumb":{"@id":"https:\/\/blogdoprosperi.com\/?p=43390#breadcrumb"},"inLanguage":"pt-BR","potentialAction":[{"@type":"ReadAction","target":["https:\/\/blogdoprosperi.com\/?p=43390"]}]},{"@type":"ImageObject","inLanguage":"pt-BR","@id":"https:\/\/blogdoprosperi.com\/?p=43390#primaryimage","url":"https:\/\/i0.wp.com\/blogdoprosperi.com\/wp-content\/uploads\/2024\/07\/captura-de-tela-2024-07-01-as-19.00.35.png?fit=804%2C552&ssl=1","contentUrl":"https:\/\/i0.wp.com\/blogdoprosperi.com\/wp-content\/uploads\/2024\/07\/captura-de-tela-2024-07-01-as-19.00.35.png?fit=804%2C552&ssl=1","width":804,"height":552,"caption":"Cristiano Ronaldo chora e depois celebra classifica\u00e7\u00e3o de Portugal \u2013 foto: Uefa oficial"},{"@type":"BreadcrumbList","@id":"https:\/\/blogdoprosperi.com\/?p=43390#breadcrumb","itemListElement":[{"@type":"ListItem","position":1,"name":"In\u00edcio","item":"https:\/\/blogdoprosperi.com\/"},{"@type":"ListItem","position":2,"name":"Cristiano Ronaldo: Craques Tamb\u00e9m Choram, Portugal avan\u00e7a na Euro 2024"}]},{"@type":"WebSite","@id":"https:\/\/blogdoprosperi.com\/#website","url":"https:\/\/blogdoprosperi.com\/","name":"PR\u00d3SPERI NEWS","description":"TUDO \u00c9  FUTEBOL","publisher":{"@id":"https:\/\/blogdoprosperi.com\/#\/schema\/person\/38100755ce3601861ee4fab9b5aa78e9"},"alternateName":"blogdoprosperi.com","potentialAction":[{"@type":"SearchAction","target":{"@type":"EntryPoint","urlTemplate":"https:\/\/blogdoprosperi.com\/?s={search_term_string}"},"query-input":{"@type":"PropertyValueSpecification","valueRequired":true,"valueName":"search_term_string"}}],"inLanguage":"pt-BR"},{"@type":["Person","Organization"],"@id":"https:\/\/blogdoprosperi.com\/#\/schema\/person\/38100755ce3601861ee4fab9b5aa78e9","name":"Luiz Ant\u00f4nio Pr\u00f3speri","pronouns":"ele","image":{"@type":"ImageObject","inLanguage":"pt-BR","@id":"https:\/\/i0.wp.com\/blogdoprosperi.com\/wp-content\/uploads\/2026\/05\/cropped-8059e613-6002-42fa-961e-8e275f575d71-2-5.jpg?fit=1360%2C931&ssl=1","url":"https:\/\/i0.wp.com\/blogdoprosperi.com\/wp-content\/uploads\/2026\/05\/cropped-8059e613-6002-42fa-961e-8e275f575d71-2-5.jpg?fit=1360%2C931&ssl=1","contentUrl":"https:\/\/i0.wp.com\/blogdoprosperi.com\/wp-content\/uploads\/2026\/05\/cropped-8059e613-6002-42fa-961e-8e275f575d71-2-5.jpg?fit=1360%2C931&ssl=1","width":1360,"height":931,"caption":"Luiz Ant\u00f4nio Pr\u00f3speri"},"logo":{"@id":"https:\/\/i0.wp.com\/blogdoprosperi.com\/wp-content\/uploads\/2026\/05\/cropped-8059e613-6002-42fa-961e-8e275f575d71-2-5.jpg?fit=1360%2C931&ssl=1"},"description":"Jornalista com carreira dedicada ao esporte. Cobriu 9 Copas do Mundo in loco, 1990 na It\u00e1lia, 1994 nos EUA, 1998 na Fran\u00e7a, 2002 na Coreia do Sul e Jap\u00e3o, 2006 na Alemanha, 2010 na \u00c1frica do Sul, 2014 no Brasil, 2018 na R\u00fassia e 2022 no Qatar. Eurocopas, 1992 na Su\u00e9cia e 1996 na Inglaterra. Copa das Confedera\u00e7\u00f5es de 2005 na Alemanha e 2009 na \u00c1frica do Sul. Rep\u00f3rter e Editor, trabalhou no Jornal da Tarde e Estad\u00e3o, de 1984 a fevereiro de 2016. Colunista, blogueiro. E comentarista de futebol na R\u00e1dio Estad\u00e3o, de 2013 a fevereiro de 2016. Jornalista respons\u00e1vel do \"Pr\u00f3speri News\" (blogdoprosperi.com).","sameAs":["http:\/\/blogdoprosperi.com","Luiz Pr\u00f3speri","@luiz_prosperi","https:\/\/x.com\/Luizprosperi","@prosperinacopa","luiz.prosperi@icloud.com"],"url":"https:\/\/blogdoprosperi.com\/?author=102107496"}]}},"jetpack_publicize_connections":[],"jetpack_likes_enabled":false,"jetpack_sharing_enabled":true,"jetpack_shortlink":"https:\/\/wp.me\/p7jvdk-bhQ","jetpack-related-posts":[{"id":43604,"url":"https:\/\/blogdoprosperi.com\/?p=43604","url_meta":{"origin":43390,"position":0},"title":"Euro 2024 na TV \u2013 sexta-feira: Portugal x Fran\u00e7a ou Cristiano x Mbapp\u00e9","author":"Luiz Ant\u00f4nio Pr\u00f3speri","date":"5 de julho de 2024","format":false,"excerpt":"Portugal e Fran\u00e7a se enfrentam \u00e0s 16h em Hamburgo. O vencedor do confronto vai \u00e0 semifinal contra o vencedor de Espanha x Alemanha. Portugal vs Fran\u00e7a \u2013 16h \u2013 transmiss\u00e3o YouTube Caz\u00e9TV e PrimeVideo Nem Portugal e muitos menos a Fran\u00e7a mostraram grande futebol at\u00e9 aqui. Decep\u00e7\u00e3o resume bem o\u2026","rel":"","context":"Em &quot;futebol&quot;","block_context":{"text":"futebol","link":"https:\/\/blogdoprosperi.com\/?cat=53870"},"img":{"alt_text":"","src":"https:\/\/i0.wp.com\/blogdoprosperi.com\/wp-content\/uploads\/2024\/07\/euro_24_-_2_players_h2h_-_facebook_15_.jpg?fit=988%2C556&ssl=1&resize=350%2C200","width":350,"height":200,"srcset":"https:\/\/i0.wp.com\/blogdoprosperi.com\/wp-content\/uploads\/2024\/07\/euro_24_-_2_players_h2h_-_facebook_15_.jpg?fit=988%2C556&ssl=1&resize=350%2C200 1x, https:\/\/i0.wp.com\/blogdoprosperi.com\/wp-content\/uploads\/2024\/07\/euro_24_-_2_players_h2h_-_facebook_15_.jpg?fit=988%2C556&ssl=1&resize=525%2C300 1.5x, https:\/\/i0.wp.com\/blogdoprosperi.com\/wp-content\/uploads\/2024\/07\/euro_24_-_2_players_h2h_-_facebook_15_.jpg?fit=988%2C556&ssl=1&resize=700%2C400 2x"},"classes":[]},{"id":43634,"url":"https:\/\/blogdoprosperi.com\/?p=43634","url_meta":{"origin":43390,"position":1},"title":"Fran\u00e7a vence Portugal na Euro 2024: An\u00e1lise da partida e desempenho de Mbapp\u00e9 e Cristiano Ronaldo","author":"Luiz Ant\u00f4nio Pr\u00f3speri","date":"5 de julho de 2024","format":false,"excerpt":"Fran\u00e7a vence Portugal na decis\u00e3o por p\u00eanaltis (5 a 3) depois de empatar sem gols em 120 minutos \u2013 no tempo regular e prorroga\u00e7\u00e3o \u2013, em Hamburgo. Avan\u00e7a \u00e0 semifinal da Euro 2024 sem m\u00e9rito, apenas aben\u00e7oada pela sorte. Em cinco jogos no torneio, marcou apenas tr\u00eas gols \u2013 um\u2026","rel":"","context":"Em &quot;futebol&quot;","block_context":{"text":"futebol","link":"https:\/\/blogdoprosperi.com\/?cat=53870"},"img":{"alt_text":"Fran\u00e7a de Mbapp\u00e9 avanca \u00e0 semi da Euro 2024","src":"https:\/\/i0.wp.com\/blogdoprosperi.com\/wp-content\/uploads\/2024\/07\/captura-de-tela-2024-07-05-as-18.56.01.png?fit=814%2C588&ssl=1&resize=350%2C200","width":350,"height":200,"srcset":"https:\/\/i0.wp.com\/blogdoprosperi.com\/wp-content\/uploads\/2024\/07\/captura-de-tela-2024-07-05-as-18.56.01.png?fit=814%2C588&ssl=1&resize=350%2C200 1x, https:\/\/i0.wp.com\/blogdoprosperi.com\/wp-content\/uploads\/2024\/07\/captura-de-tela-2024-07-05-as-18.56.01.png?fit=814%2C588&ssl=1&resize=525%2C300 1.5x, https:\/\/i0.wp.com\/blogdoprosperi.com\/wp-content\/uploads\/2024\/07\/captura-de-tela-2024-07-05-as-18.56.01.png?fit=814%2C588&ssl=1&resize=700%2C400 2x"},"classes":[]},{"id":42902,"url":"https:\/\/blogdoprosperi.com\/?p=42902","url_meta":{"origin":43390,"position":2},"title":"Programa\u00e7\u00e3o TV: ao vivo estreia de Cristiano Ronaldo na Euro 2024","author":"Luiz Ant\u00f4nio Pr\u00f3speri","date":"18 de junho de 2024","format":false,"excerpt":"Cristiano Ronaldo estreia na Euro 2024 nessa ter\u00e7a-feira (17\/6) no jogo Portugal x Tch\u00e9quia, \u00e0s 16h, com transmiss\u00e3o ao vivo no SporTV e Globoplay, direto de Leipzig. Ser\u00e1 a sexta Eurocopa, e talvez a \u00faltima, na carreira de CR7. Sele\u00e7\u00e3o portuguesa \u00e9 uma das favoritas ao t\u00edtulo. Confira programa\u00e7\u00e3o da\u2026","rel":"","context":"Em &quot;futebol&quot;","block_context":{"text":"futebol","link":"https:\/\/blogdoprosperi.com\/?cat=53870"},"img":{"alt_text":"Cristiano Ronaldo estreia na Euro 2024","src":"https:\/\/i0.wp.com\/blogdoprosperi.com\/wp-content\/uploads\/2024\/06\/captura-de-tela-2024-06-18-as-10.33.54.png?fit=910%2C782&ssl=1&resize=350%2C200","width":350,"height":200,"srcset":"https:\/\/i0.wp.com\/blogdoprosperi.com\/wp-content\/uploads\/2024\/06\/captura-de-tela-2024-06-18-as-10.33.54.png?fit=910%2C782&ssl=1&resize=350%2C200 1x, https:\/\/i0.wp.com\/blogdoprosperi.com\/wp-content\/uploads\/2024\/06\/captura-de-tela-2024-06-18-as-10.33.54.png?fit=910%2C782&ssl=1&resize=525%2C300 1.5x, https:\/\/i0.wp.com\/blogdoprosperi.com\/wp-content\/uploads\/2024\/06\/captura-de-tela-2024-06-18-as-10.33.54.png?fit=910%2C782&ssl=1&resize=700%2C400 2x"},"classes":[]},{"id":43367,"url":"https:\/\/blogdoprosperi.com\/?p=43367","url_meta":{"origin":43390,"position":3},"title":"Portugal x Eslov\u00eania na Euro 2024: onde acompanhar na TV e streaming","author":"Luiz Ant\u00f4nio Pr\u00f3speri","date":"1 de julho de 2024","format":false,"excerpt":"Fran\u00e7a est\u00e1 nas quartas de final gra\u00e7as a um gol contra do zagueiro Vertongen, em chute de Kolo Muani aos 40 minutos do segundo tempo, na vit\u00f3ria em cima da B\u00e9lgica por 1 a 0. Castigo aos belgas e sorte dos franceses, at\u00e9 aqui com um ataque med\u00edocre \u2013 apenas\u2026","rel":"","context":"Em &quot;futebol&quot;","block_context":{"text":"futebol","link":"https:\/\/blogdoprosperi.com\/?cat=53870"},"img":{"alt_text":"Cristiano Ronaldo estreia na Euro 2024","src":"https:\/\/i0.wp.com\/blogdoprosperi.com\/wp-content\/uploads\/2024\/06\/captura-de-tela-2024-06-18-as-10.33.54.png?fit=910%2C782&ssl=1&resize=350%2C200","width":350,"height":200,"srcset":"https:\/\/i0.wp.com\/blogdoprosperi.com\/wp-content\/uploads\/2024\/06\/captura-de-tela-2024-06-18-as-10.33.54.png?fit=910%2C782&ssl=1&resize=350%2C200 1x, https:\/\/i0.wp.com\/blogdoprosperi.com\/wp-content\/uploads\/2024\/06\/captura-de-tela-2024-06-18-as-10.33.54.png?fit=910%2C782&ssl=1&resize=525%2C300 1.5x, https:\/\/i0.wp.com\/blogdoprosperi.com\/wp-content\/uploads\/2024\/06\/captura-de-tela-2024-06-18-as-10.33.54.png?fit=910%2C782&ssl=1&resize=700%2C400 2x"},"classes":[]},{"id":43556,"url":"https:\/\/blogdoprosperi.com\/?p=43556","url_meta":{"origin":43390,"position":4},"title":"Euro 2024 na TV: Espanha x Alemanha, a final antecipada; Portugal x Fran\u00e7a ou Cristiano x Mbapp\u00e9","author":"Luiz Ant\u00f4nio Pr\u00f3speri","date":"5 de julho de 2024","format":false,"excerpt":"Espanha e Alemanha decidem uma vaga \u00e0 semifinal da Euro 2024, nessa sexta-feira, \u00e0s 13h (hor\u00e1rio de Bras\u00edlia), em Stuttgart. Quem acompanha o torneio de olho no bom futebol pode apontar esse jogo como uma final antecipada da Eurocopa. As duas sele\u00e7\u00f5es s\u00e3o as que mais gols marcaram (19) e\u2026","rel":"","context":"Em &quot;futebol&quot;","block_context":{"text":"futebol","link":"https:\/\/blogdoprosperi.com\/?cat=53870"},"img":{"alt_text":"","src":"https:\/\/i0.wp.com\/blogdoprosperi.com\/wp-content\/uploads\/2024\/07\/euro_24_-_2_players_h2h_-_facebook.jpg?fit=988%2C556&ssl=1&resize=350%2C200","width":350,"height":200,"srcset":"https:\/\/i0.wp.com\/blogdoprosperi.com\/wp-content\/uploads\/2024\/07\/euro_24_-_2_players_h2h_-_facebook.jpg?fit=988%2C556&ssl=1&resize=350%2C200 1x, https:\/\/i0.wp.com\/blogdoprosperi.com\/wp-content\/uploads\/2024\/07\/euro_24_-_2_players_h2h_-_facebook.jpg?fit=988%2C556&ssl=1&resize=525%2C300 1.5x, https:\/\/i0.wp.com\/blogdoprosperi.com\/wp-content\/uploads\/2024\/07\/euro_24_-_2_players_h2h_-_facebook.jpg?fit=988%2C556&ssl=1&resize=700%2C400 2x"},"classes":[]},{"id":42919,"url":"https:\/\/blogdoprosperi.com\/?p=42919","url_meta":{"origin":43390,"position":5},"title":"Cristiano Ronaldo n\u00e3o empolga Portugal e Fran\u00e7a perde Mbapp\u00e9","author":"Luiz Ant\u00f4nio Pr\u00f3speri","date":"18 de junho de 2024","format":false,"excerpt":"Cristiano Ronaldo estreia na Eurocopa sob \u00edcone do craque dos craques. Sua sexta Euro. N\u00e3o \u00e9 para qualquer um. No fim das contas, esmorece. Cinco arremates sem lastro ao gol da Rep\u00fablica Checa. Uma agonia sem fim, compensada apenas nos acr\u00e9scimos do segundo tempo quando o suplente Francisco Concei\u00e7\u00e3o faz\u2026","rel":"","context":"Em &quot;catar 2022&quot;","block_context":{"text":"catar 2022","link":"https:\/\/blogdoprosperi.com\/?cat=47094043"},"img":{"alt_text":"Cristiano Ronaldo sem brilho na estreia de Portugal","src":"https:\/\/i0.wp.com\/blogdoprosperi.com\/wp-content\/uploads\/2024\/06\/captura-de-tela-2024-06-18-as-23.31.42.png?fit=1108%2C820&ssl=1&resize=350%2C200","width":350,"height":200,"srcset":"https:\/\/i0.wp.com\/blogdoprosperi.com\/wp-content\/uploads\/2024\/06\/captura-de-tela-2024-06-18-as-23.31.42.png?fit=1108%2C820&ssl=1&resize=350%2C200 1x, https:\/\/i0.wp.com\/blogdoprosperi.com\/wp-content\/uploads\/2024\/06\/captura-de-tela-2024-06-18-as-23.31.42.png?fit=1108%2C820&ssl=1&resize=525%2C300 1.5x, https:\/\/i0.wp.com\/blogdoprosperi.com\/wp-content\/uploads\/2024\/06\/captura-de-tela-2024-06-18-as-23.31.42.png?fit=1108%2C820&ssl=1&resize=700%2C400 2x, https:\/\/i0.wp.com\/blogdoprosperi.com\/wp-content\/uploads\/2024\/06\/captura-de-tela-2024-06-18-as-23.31.42.png?fit=1108%2C820&ssl=1&resize=1050%2C600 3x"},"classes":[]}],"jetpack_featured_media_url":"https:\/\/i0.wp.com\/blogdoprosperi.com\/wp-content\/uploads\/2024\/07\/captura-de-tela-2024-07-01-as-19.00.35.png?fit=804%2C552&ssl=1","_links":{"self":[{"href":"https:\/\/blogdoprosperi.com\/index.php?rest_route=\/wp\/v2\/posts\/43390","targetHints":{"allow":["GET"]}}],"collection":[{"href":"https:\/\/blogdoprosperi.com\/index.php?rest_route=\/wp\/v2\/posts"}],"about":[{"href":"https:\/\/blogdoprosperi.com\/index.php?rest_route=\/wp\/v2\/types\/post"}],"author":[{"embeddable":true,"href":"https:\/\/blogdoprosperi.com\/index.php?rest_route=\/wp\/v2\/users\/102107496"}],"replies":[{"embeddable":true,"href":"https:\/\/blogdoprosperi.com\/index.php?rest_route=%2Fwp%2Fv2%2Fcomments&post=43390"}],"version-history":[{"count":15,"href":"https:\/\/blogdoprosperi.com\/index.php?rest_route=\/wp\/v2\/posts\/43390\/revisions"}],"predecessor-version":[{"id":43409,"href":"https:\/\/blogdoprosperi.com\/index.php?rest_route=\/wp\/v2\/posts\/43390\/revisions\/43409"}],"wp:featuredmedia":[{"embeddable":true,"href":"https:\/\/blogdoprosperi.com\/index.php?rest_route=\/wp\/v2\/media\/43398"}],"wp:attachment":[{"href":"https:\/\/blogdoprosperi.com\/index.php?rest_route=%2Fwp%2Fv2%2Fmedia&parent=43390"}],"wp:term":[{"taxonomy":"category","embeddable":true,"href":"https:\/\/blogdoprosperi.com\/index.php?rest_route=%2Fwp%2Fv2%2Fcategories&post=43390"},{"taxonomy":"post_tag","embeddable":true,"href":"https:\/\/blogdoprosperi.com\/index.php?rest_route=%2Fwp%2Fv2%2Ftags&post=43390"}],"curies":[{"name":"wp","href":"https:\/\/api.w.org\/{rel}","templated":true}]}}