{"id":43410,"date":"2024-07-01T23:59:01","date_gmt":"2024-07-02T02:59:01","guid":{"rendered":"https:\/\/blogdoprosperi.com\/?p=43410"},"modified":"2024-07-02T01:55:12","modified_gmt":"2024-07-02T04:55:12","slug":"palmeiras-vence-corinthians-e-reafirma-a-forca-dos-meninos-da-base","status":"publish","type":"post","link":"https:\/\/blogdoprosperi.com\/?p=43410","title":{"rendered":"Palmeiras vence Corinthians e reafirma a for\u00e7a dos meninos da base"},"content":{"rendered":"<p><em>Por Luiz Ant\u00f4nio Pr\u00f3speri \u2013 1 de julho \u2013 23h45<\/em><\/p>\n<p>Palmeiras vence Corinthians por 2 a 0 sem muito esfor\u00e7o e requinte. Enquadra tradicional rival com oito jogadores formados nos canteiros da base, entre os 15 atletas que jogaram o cl\u00e1ssico. Um assombro. N\u00e3o se trata de algo comum no futebol brasileiro. Se diz respeito a um trabalho profissional moldado a vencer no campo e abastecer os cofres da entidade.<\/p>\n<p>Vitor Reis e Naves na zaga, Fabinho volante, Gabriel Menino na meia e Estev\u00e3o no ataque iniciam o cl\u00e1ssico. Mais tarde entra o meia John John. Depois saem Menino e Estev\u00e3o e entram os laterais Vanderlan e Garcia. Todos carimbados na base alviverde.<\/p>\n<p>&#8220;Quem \u00e9 que tem coragem para usar tantos mi\u00fados?&#8221;, pergunta o t\u00e9cnico <span><strong><a style=\"color: #0000ff\" href=\"https:\/\/blogdoprosperi.com\/2024\/06\/27\/abel-ferreira-nao-erra-ao-dobrar-laterais-no-palmeiras-mauricio-vem-ai\/\">Abel Ferreira<\/a><\/strong><\/span> na coletiva p\u00f3s-cl\u00e1ssico no Allianz Parque. Poucos.<\/p>\n<p>Abel avan\u00e7a: &#8220;Palmeiras n\u00e3o precisa mais de &#8216;olheiros&#8217; (<em>profissionais que procuram jogadores pa\u00eds afora para jogar no clube<\/em>). N\u00e3o precisamos procurar jogadores eles v\u00eam at\u00e9 n\u00f3s. Querem jogar aqui&#8221;.<\/p>\n<p>De fato, a engrenagem da base alimenta o time de cima. Dinheiro jorra. Apenas nas vendas do trio Endrick, Estev\u00e3o e Luis Guilherme, Palmeiras levantou cerca de R$ 1 bilh\u00e3o.<\/p>\n<p>Se a base entrega ao profissional jogadores promissores, Abel Ferreira e seu comissariado lapidam os diamantes. Efeito imediato s\u00e3o os t\u00edtulos conquistados e o lucro nas negocia\u00e7\u00f5es.<\/p>\n<p>At\u00e9 por isso, Palmeiras sempre tem caixa para contratar eventuais refor\u00e7os.<\/p>\n<p>Na janela de transfer\u00eancias, a ser aberta no pr\u00f3ximo 10 de julho, Palmeiras vai apresentar Felipe Anderson, 31 anos, (meia &#8211; ex-Lazio da It\u00e1lia), Mauricio, 23 anos, (meia &#8211; ex-Internacional) e Giay, 20 anos, (lateral &#8211; ex-San Lorenzo da Argentina). <strong><a href=\"https:\/\/blogdoprosperi.com\/2024\/06\/30\/flamengo-dispensa-gabigol-e-prepara-bomba-a-detonar-em-2025\/\">E negocia com Gabigol para tirar o atacante do Flamengo.<\/a><\/strong><\/p>\n<p>Time j\u00e1 responde bem em campo e tende a se encorpar ainda mais com a chegada dos tr\u00eas, quem sabe, quatro refor\u00e7os.<\/p>\n<p>At\u00e9 por isso bater o <span><strong><a style=\"color: #0000ff\" href=\"https:\/\/blogdoprosperi.com\/2024\/06\/28\/gavioes-da-fiel-decreta-corinthians-nao-tem-dono-corinthians-e-do-povo\/\">Corinthians, em processo adiantado rumo ao rebaixamento no Brasileir\u00e3o<\/a><\/strong><\/span>, n\u00e3o foi uma tarefa das mais \u00e1rduas. Em dois lances de bola parada, Veiga fez um gol e serviu o garoto Vitor Reis no segundo gol.<\/p>\n<p>Veiga foi expulso aos 18 minutos do segundo tempo ao defender Estev\u00e3o no entrevero com argentino Garro.<\/p>\n<p>E isso explica um pouco da decad\u00eancia do Corinthians. Com um jogador a mais n\u00e3o fez cosquinhas em Weverton. Chegou \u00e0 sexta derrota no Brasileir\u00e3o ocupando a vice&#8211;lanterna com 9 pontos em 13 jogos.<\/p>\n<p>Palmeiras reassume a vice-lideran\u00e7a com 26 pontos, um a menos que o l\u00edder Flamengo. Refor\u00e7a suas credencias de candidato ao tri seguido do Brasileir\u00e3o. N\u00e3o \u00e9 para qualquer um.<\/p>\n<div class=\"tiled-gallery type-rectangular tiled-gallery-unresized\" data-original-width=\"940\" data-carousel-extra='{&quot;blog_id&quot;:1,&quot;permalink&quot;:&quot;https:\\\/\\\/blogdoprosperi.com\\\/?p=43410&quot;,&quot;likes_blog_id&quot;:108082574}' itemscope itemtype=\"http:\/\/schema.org\/ImageGallery\" > <div class=\"gallery-row\" style=\"width: 940px; height: 266px;\" data-original-width=\"940\" data-original-height=\"266\" > <div class=\"gallery-group images-1\" style=\"width: 470px; height: 266px;\" data-original-width=\"470\" data-original-height=\"266\" > <div class=\"tiled-gallery-item tiled-gallery-item-large\" itemprop=\"associatedMedia\" itemscope itemtype=\"http:\/\/schema.org\/ImageObject\"> <a href=\"https:\/\/blogdoprosperi.com\/?attachment_id=43420\" border=\"0\" itemprop=\"url\"> <meta itemprop=\"width\" content=\"466\"> <meta itemprop=\"height\" content=\"262\"> <img decoding=\"async\" class=\"\" data-attachment-id=\"43420\" data-orig-file=\"https:\/\/blogdoprosperi.com\/wp-content\/uploads\/2024\/07\/53829321321_fe483327a1_c.jpg\" data-orig-size=\"800,450\" data-comments-opened=\"1\" data-image-meta=\"{&quot;aperture&quot;:&quot;0&quot;,&quot;credit&quot;:&quot;CESAR GRECO&quot;,&quot;camera&quot;:&quot;&quot;,&quot;caption&quot;:&quot;&quot;,&quot;created_timestamp&quot;:&quot;0&quot;,&quot;copyright&quot;:&quot;CESAR GRECO&quot;,&quot;focal_length&quot;:&quot;0&quot;,&quot;iso&quot;:&quot;0&quot;,&quot;shutter_speed&quot;:&quot;0&quot;,&quot;title&quot;:&quot;&quot;,&quot;orientation&quot;:&quot;0&quot;}\" data-image-title=\"53829321321_fe483327a1_c\" data-image-description=\"\" data-medium-file=\"https:\/\/i0.wp.com\/blogdoprosperi.com\/wp-content\/uploads\/2024\/07\/53829321321_fe483327a1_c.jpg?fit=650%2C366&#038;ssl=1\" data-large-file=\"https:\/\/i0.wp.com\/blogdoprosperi.com\/wp-content\/uploads\/2024\/07\/53829321321_fe483327a1_c.jpg?fit=800%2C450&#038;ssl=1\" src=\"https:\/\/i0.wp.com\/blogdoprosperi.com\/wp-content\/uploads\/2024\/07\/53829321321_fe483327a1_c.jpg?w=466&#038;h=262&#038;ssl=1\" width=\"466\" height=\"262\" loading=\"lazy\" data-original-width=\"466\" data-original-height=\"262\" itemprop=\"http:\/\/schema.org\/image\" title=\"53829321321_fe483327a1_c\" alt=\"53829321321_fe483327a1_c\" style=\"width: 466px; height: 262px;\" \/> <\/a> <\/div> <\/div> <!-- close group --> <div class=\"gallery-group images-1\" style=\"width: 470px; height: 266px;\" data-original-width=\"470\" data-original-height=\"266\" > <div class=\"tiled-gallery-item tiled-gallery-item-large\" itemprop=\"associatedMedia\" itemscope itemtype=\"http:\/\/schema.org\/ImageObject\"> <a href=\"https:\/\/blogdoprosperi.com\/?attachment_id=43419\" border=\"0\" itemprop=\"url\"> <meta itemprop=\"width\" content=\"466\"> <meta itemprop=\"height\" content=\"262\"> <img decoding=\"async\" class=\"\" data-attachment-id=\"43419\" data-orig-file=\"https:\/\/blogdoprosperi.com\/wp-content\/uploads\/2024\/07\/53829563458_aea67256be_c.jpg\" data-orig-size=\"800,450\" data-comments-opened=\"1\" data-image-meta=\"{&quot;aperture&quot;:&quot;0&quot;,&quot;credit&quot;:&quot;CESAR GRECO&quot;,&quot;camera&quot;:&quot;&quot;,&quot;caption&quot;:&quot;&quot;,&quot;created_timestamp&quot;:&quot;0&quot;,&quot;copyright&quot;:&quot;CESAR GRECO&quot;,&quot;focal_length&quot;:&quot;0&quot;,&quot;iso&quot;:&quot;0&quot;,&quot;shutter_speed&quot;:&quot;0&quot;,&quot;title&quot;:&quot;&quot;,&quot;orientation&quot;:&quot;0&quot;}\" data-image-title=\"53829563458_aea67256be_c\" data-image-description=\"\" data-medium-file=\"https:\/\/i0.wp.com\/blogdoprosperi.com\/wp-content\/uploads\/2024\/07\/53829563458_aea67256be_c.jpg?fit=650%2C366&#038;ssl=1\" data-large-file=\"https:\/\/i0.wp.com\/blogdoprosperi.com\/wp-content\/uploads\/2024\/07\/53829563458_aea67256be_c.jpg?fit=800%2C450&#038;ssl=1\" src=\"https:\/\/i0.wp.com\/blogdoprosperi.com\/wp-content\/uploads\/2024\/07\/53829563458_aea67256be_c.jpg?w=466&#038;h=262&#038;ssl=1\" width=\"466\" height=\"262\" loading=\"lazy\" data-original-width=\"466\" data-original-height=\"262\" itemprop=\"http:\/\/schema.org\/image\" title=\"53829563458_aea67256be_c\" alt=\"53829563458_aea67256be_c\" style=\"width: 466px; height: 262px;\" \/> <\/a> <\/div> <\/div> <!-- close group --> <\/div> <!-- close row --> <div class=\"gallery-row\" style=\"width: 940px; height: 266px;\" data-original-width=\"940\" data-original-height=\"266\" > <div class=\"gallery-group images-1\" style=\"width: 470px; height: 266px;\" data-original-width=\"470\" data-original-height=\"266\" > <div class=\"tiled-gallery-item tiled-gallery-item-large\" itemprop=\"associatedMedia\" itemscope itemtype=\"http:\/\/schema.org\/ImageObject\"> <a href=\"https:\/\/blogdoprosperi.com\/?attachment_id=43418\" border=\"0\" itemprop=\"url\"> <meta itemprop=\"width\" content=\"466\"> <meta itemprop=\"height\" content=\"262\"> <img decoding=\"async\" class=\"\" data-attachment-id=\"43418\" data-orig-file=\"https:\/\/blogdoprosperi.com\/wp-content\/uploads\/2024\/07\/53828407532_87c00c29bf_c.jpg\" data-orig-size=\"800,450\" data-comments-opened=\"1\" data-image-meta=\"{&quot;aperture&quot;:&quot;0&quot;,&quot;credit&quot;:&quot;CESAR GRECO&quot;,&quot;camera&quot;:&quot;&quot;,&quot;caption&quot;:&quot;&quot;,&quot;created_timestamp&quot;:&quot;0&quot;,&quot;copyright&quot;:&quot;CESAR GRECO&quot;,&quot;focal_length&quot;:&quot;0&quot;,&quot;iso&quot;:&quot;0&quot;,&quot;shutter_speed&quot;:&quot;0&quot;,&quot;title&quot;:&quot;&quot;,&quot;orientation&quot;:&quot;0&quot;}\" data-image-title=\"53828407532_87c00c29bf_c\" data-image-description=\"\" data-medium-file=\"https:\/\/i0.wp.com\/blogdoprosperi.com\/wp-content\/uploads\/2024\/07\/53828407532_87c00c29bf_c.jpg?fit=650%2C366&#038;ssl=1\" data-large-file=\"https:\/\/i0.wp.com\/blogdoprosperi.com\/wp-content\/uploads\/2024\/07\/53828407532_87c00c29bf_c.jpg?fit=800%2C450&#038;ssl=1\" src=\"https:\/\/i0.wp.com\/blogdoprosperi.com\/wp-content\/uploads\/2024\/07\/53828407532_87c00c29bf_c.jpg?w=466&#038;h=262&#038;ssl=1\" width=\"466\" height=\"262\" loading=\"lazy\" data-original-width=\"466\" data-original-height=\"262\" itemprop=\"http:\/\/schema.org\/image\" title=\"53828407532_87c00c29bf_c\" alt=\"53828407532_87c00c29bf_c\" style=\"width: 466px; height: 262px;\" \/> <\/a> <\/div> <\/div> <!-- close group --> <div class=\"gallery-group images-1\" style=\"width: 470px; height: 266px;\" data-original-width=\"470\" data-original-height=\"266\" > <div class=\"tiled-gallery-item tiled-gallery-item-large\" itemprop=\"associatedMedia\" itemscope itemtype=\"http:\/\/schema.org\/ImageObject\"> <a href=\"https:\/\/blogdoprosperi.com\/?attachment_id=43417\" border=\"0\" itemprop=\"url\"> <meta itemprop=\"width\" content=\"466\"> <meta itemprop=\"height\" content=\"262\"> <img decoding=\"async\" class=\"\" data-attachment-id=\"43417\" data-orig-file=\"https:\/\/blogdoprosperi.com\/wp-content\/uploads\/2024\/07\/53829321156_9a352581e6_c.jpg\" data-orig-size=\"800,450\" data-comments-opened=\"1\" data-image-meta=\"{&quot;aperture&quot;:&quot;0&quot;,&quot;credit&quot;:&quot;CESAR GRECO&quot;,&quot;camera&quot;:&quot;&quot;,&quot;caption&quot;:&quot;&quot;,&quot;created_timestamp&quot;:&quot;0&quot;,&quot;copyright&quot;:&quot;CESAR GRECO&quot;,&quot;focal_length&quot;:&quot;0&quot;,&quot;iso&quot;:&quot;0&quot;,&quot;shutter_speed&quot;:&quot;0&quot;,&quot;title&quot;:&quot;&quot;,&quot;orientation&quot;:&quot;0&quot;}\" data-image-title=\"53829321156_9a352581e6_c\" data-image-description=\"\" data-medium-file=\"https:\/\/i0.wp.com\/blogdoprosperi.com\/wp-content\/uploads\/2024\/07\/53829321156_9a352581e6_c.jpg?fit=650%2C366&#038;ssl=1\" data-large-file=\"https:\/\/i0.wp.com\/blogdoprosperi.com\/wp-content\/uploads\/2024\/07\/53829321156_9a352581e6_c.jpg?fit=800%2C450&#038;ssl=1\" src=\"https:\/\/i0.wp.com\/blogdoprosperi.com\/wp-content\/uploads\/2024\/07\/53829321156_9a352581e6_c.jpg?w=466&#038;h=262&#038;ssl=1\" width=\"466\" height=\"262\" loading=\"lazy\" data-original-width=\"466\" data-original-height=\"262\" itemprop=\"http:\/\/schema.org\/image\" title=\"53829321156_9a352581e6_c\" alt=\"Abel Ferreira, t\u00e9cnico do Palmeiras \u2013 foto: Palmeiras oficial\" style=\"width: 466px; height: 262px;\" \/> <\/a> <div class=\"tiled-gallery-caption\" itemprop=\"caption description\"> Abel Ferreira, t\u00e9cnico do Palmeiras \u2013 foto: Palmeiras oficial <\/div> <\/div> <\/div> <!-- close group --> <\/div> <!-- close row --> <div class=\"gallery-row\" style=\"width: 940px; height: 531px;\" data-original-width=\"940\" data-original-height=\"531\" > <div class=\"gallery-group images-1\" style=\"width: 940px; height: 531px;\" data-original-width=\"940\" data-original-height=\"531\" > <div class=\"tiled-gallery-item tiled-gallery-item-large\" itemprop=\"associatedMedia\" itemscope itemtype=\"http:\/\/schema.org\/ImageObject\"> <a href=\"https:\/\/blogdoprosperi.com\/?attachment_id=43431\" border=\"0\" itemprop=\"url\"> <meta itemprop=\"width\" content=\"936\"> <meta itemprop=\"height\" content=\"527\"> <img decoding=\"async\" class=\"\" data-attachment-id=\"43431\" data-orig-file=\"https:\/\/blogdoprosperi.com\/wp-content\/uploads\/2024\/07\/53828407492_9154cf578a_c.jpg\" data-orig-size=\"800,450\" data-comments-opened=\"1\" data-image-meta=\"{&quot;aperture&quot;:&quot;0&quot;,&quot;credit&quot;:&quot;CESAR GRECO&quot;,&quot;camera&quot;:&quot;&quot;,&quot;caption&quot;:&quot;&quot;,&quot;created_timestamp&quot;:&quot;0&quot;,&quot;copyright&quot;:&quot;CESAR GRECO&quot;,&quot;focal_length&quot;:&quot;0&quot;,&quot;iso&quot;:&quot;0&quot;,&quot;shutter_speed&quot;:&quot;0&quot;,&quot;title&quot;:&quot;&quot;,&quot;orientation&quot;:&quot;0&quot;}\" data-image-title=\"53828407492_9154cf578a_c\" data-image-description=\"\" data-medium-file=\"https:\/\/i0.wp.com\/blogdoprosperi.com\/wp-content\/uploads\/2024\/07\/53828407492_9154cf578a_c.jpg?fit=650%2C366&#038;ssl=1\" data-large-file=\"https:\/\/i0.wp.com\/blogdoprosperi.com\/wp-content\/uploads\/2024\/07\/53828407492_9154cf578a_c.jpg?fit=800%2C450&#038;ssl=1\" src=\"https:\/\/i0.wp.com\/blogdoprosperi.com\/wp-content\/uploads\/2024\/07\/53828407492_9154cf578a_c.jpg?w=936&#038;h=527&#038;ssl=1\" width=\"936\" height=\"527\" loading=\"lazy\" data-original-width=\"936\" data-original-height=\"527\" itemprop=\"http:\/\/schema.org\/image\" title=\"53828407492_9154cf578a_c\" alt=\"53828407492_9154cf578a_c\" style=\"width: 936px; height: 527px;\" \/> <\/a> <\/div> <\/div> <!-- close group --> <\/div> <!-- close row --> <\/div>\n","protected":false},"excerpt":{"rendered":"<p>Por Luiz Ant\u00f4nio Pr\u00f3speri \u2013 1 de julho \u2013 23h45 Palmeiras vence Corinthians por 2 a 0 sem [&hellip;]<\/p>\n","protected":false},"author":102107496,"featured_media":43433,"comment_status":"open","ping_status":"open","sticky":false,"template":"","format":"standard","meta":{"_coblocks_attr":"","_coblocks_dimensions":"","_coblocks_responsive_height":"","_coblocks_accordion_ie_support":"","_jetpack_newsletter_access":"","_jetpack_dont_email_post_to_subs":false,"_jetpack_newsletter_tier_id":0,"_jetpack_memberships_contains_paywalled_content":false,"_wpcom_ai_launchpad_first_post":false,"_jetpack_feature_clip_id":0,"_jetpack_memberships_contains_paid_content":false,"footnotes":"","jetpack_publicize_message":"Palmeiras vence Corinthians e reassume vice-lideran\u00e7a do Brasileir\u00e3o 2024","jetpack_publicize_feature_enabled":true,"jetpack_social_post_already_shared":false,"jetpack_social_options":{"image_generator_settings":{"template":"highway","enabled":false},"version":2},"jetpack_post_was_ever_published":false},"categories":[768932782,20384,3919],"tags":[10668348,4200771,10134588,770132430,772628028,733202,79943966],"class_list":["post-43410","post","type-post","status-publish","format-standard","has-post-thumbnail","hentry","category-futebol-2024","category-informacao","category-opiniao","tag-0000ff","tag-abel-ferreira","tag-antonio-oliveira","tag-brasileirao-2024","tag-palmeiras-2-vs-0-corinthians","tag-veiga","tag-vitor-reis"],"yoast_head":"<!-- This site is optimized with the Yoast SEO plugin v28.4 - https:\/\/yoast.com\/product\/yoast-seo-wordpress\/ -->\n<title>Palmeiras vence Corinthians e reafirma a for\u00e7a dos meninos da base - PR\u00d3SPERI NEWS<\/title>\n<meta name=\"robots\" content=\"index, follow, max-snippet:-1, max-image-preview:large, max-video-preview:-1\" \/>\n<link rel=\"canonical\" href=\"https:\/\/blogdoprosperi.com\/?p=43410\" \/>\n<meta property=\"og:locale\" content=\"pt_BR\" \/>\n<meta property=\"og:type\" content=\"article\" \/>\n<meta property=\"og:title\" content=\"Palmeiras vence Corinthians e reafirma a for\u00e7a dos meninos da base - PR\u00d3SPERI NEWS\" \/>\n<meta property=\"og:description\" content=\"Por Luiz Ant\u00f4nio Pr\u00f3speri \u2013 1 de julho \u2013 23h45 Palmeiras vence Corinthians por 2 a 0 sem [&hellip;]\" \/>\n<meta property=\"og:url\" content=\"https:\/\/blogdoprosperi.com\/?p=43410\" \/>\n<meta property=\"og:site_name\" content=\"PR\u00d3SPERI NEWS\" \/>\n<meta property=\"article:publisher\" content=\"Luiz Pr\u00f3speri\" \/>\n<meta property=\"article:author\" content=\"Luiz Pr\u00f3speri\" \/>\n<meta property=\"article:published_time\" content=\"2024-07-02T02:59:01+00:00\" \/>\n<meta property=\"article:modified_time\" content=\"2024-07-02T04:55:12+00:00\" \/>\n<meta property=\"og:image\" content=\"https:\/\/i0.wp.com\/blogdoprosperi.com\/wp-content\/uploads\/2024\/07\/53828407612_cb30651b20_o.jpg?fit=1500%2C844&ssl=1\" \/>\n\t<meta property=\"og:image:width\" content=\"1500\" \/>\n\t<meta property=\"og:image:height\" content=\"844\" \/>\n\t<meta property=\"og:image:type\" content=\"image\/jpeg\" \/>\n<meta name=\"author\" content=\"Luiz Ant\u00f4nio Pr\u00f3speri\" \/>\n<meta name=\"twitter:card\" content=\"summary_large_image\" \/>\n<meta name=\"twitter:creator\" content=\"@Luizprosperi\" \/>\n<meta name=\"twitter:site\" content=\"@Luizprosperi\" \/>\n<meta name=\"twitter:label1\" content=\"Escrito por\" \/>\n\t<meta name=\"twitter:data1\" content=\"Luiz Ant\u00f4nio Pr\u00f3speri\" \/>\n\t<meta name=\"twitter:label2\" content=\"Est. tempo de leitura\" \/>\n\t<meta name=\"twitter:data2\" content=\"2 minutos\" \/>\n<script type=\"application\/ld+json\" class=\"yoast-schema-graph\">{\"@context\":\"https:\\\/\\\/schema.org\",\"@graph\":[{\"@type\":\"Article\",\"@id\":\"https:\\\/\\\/blogdoprosperi.com\\\/?p=43410#article\",\"isPartOf\":{\"@id\":\"https:\\\/\\\/blogdoprosperi.com\\\/?p=43410\"},\"author\":{\"name\":\"Luiz Ant\u00f4nio Pr\u00f3speri\",\"@id\":\"https:\\\/\\\/blogdoprosperi.com\\\/#\\\/schema\\\/person\\\/38100755ce3601861ee4fab9b5aa78e9\"},\"headline\":\"Palmeiras vence Corinthians e reafirma a for\u00e7a dos meninos da base\",\"datePublished\":\"2024-07-02T02:59:01+00:00\",\"dateModified\":\"2024-07-02T04:55:12+00:00\",\"mainEntityOfPage\":{\"@id\":\"https:\\\/\\\/blogdoprosperi.com\\\/?p=43410\"},\"wordCount\":461,\"commentCount\":0,\"publisher\":{\"@id\":\"https:\\\/\\\/blogdoprosperi.com\\\/#\\\/schema\\\/person\\\/38100755ce3601861ee4fab9b5aa78e9\"},\"image\":{\"@id\":\"https:\\\/\\\/blogdoprosperi.com\\\/?p=43410#primaryimage\"},\"thumbnailUrl\":\"https:\\\/\\\/i0.wp.com\\\/blogdoprosperi.com\\\/wp-content\\\/uploads\\\/2024\\\/07\\\/53828407612_cb30651b20_o.jpg?fit=1500%2C844&ssl=1\",\"keywords\":[\"0000ff\",\"abel ferreira\",\"Antonio oliveira\",\"brasileir\u00e3o 2024\",\"palmeiras 2 vs 0 corinthians\",\"veiga\",\"vitor reis\"],\"articleSection\":[\"futebol 2024\",\"informa\u00e7\u00e3o\",\"opini\u00e3o\"],\"inLanguage\":\"pt-BR\",\"potentialAction\":[{\"@type\":\"CommentAction\",\"name\":\"Comment\",\"target\":[\"https:\\\/\\\/blogdoprosperi.com\\\/?p=43410#respond\"]}]},{\"@type\":\"WebPage\",\"@id\":\"https:\\\/\\\/blogdoprosperi.com\\\/?p=43410\",\"url\":\"https:\\\/\\\/blogdoprosperi.com\\\/?p=43410\",\"name\":\"Palmeiras vence Corinthians e reafirma a for\u00e7a dos meninos da base - PR\u00d3SPERI NEWS\",\"isPartOf\":{\"@id\":\"https:\\\/\\\/blogdoprosperi.com\\\/#website\"},\"primaryImageOfPage\":{\"@id\":\"https:\\\/\\\/blogdoprosperi.com\\\/?p=43410#primaryimage\"},\"image\":{\"@id\":\"https:\\\/\\\/blogdoprosperi.com\\\/?p=43410#primaryimage\"},\"thumbnailUrl\":\"https:\\\/\\\/i0.wp.com\\\/blogdoprosperi.com\\\/wp-content\\\/uploads\\\/2024\\\/07\\\/53828407612_cb30651b20_o.jpg?fit=1500%2C844&ssl=1\",\"datePublished\":\"2024-07-02T02:59:01+00:00\",\"dateModified\":\"2024-07-02T04:55:12+00:00\",\"breadcrumb\":{\"@id\":\"https:\\\/\\\/blogdoprosperi.com\\\/?p=43410#breadcrumb\"},\"inLanguage\":\"pt-BR\",\"potentialAction\":[{\"@type\":\"ReadAction\",\"target\":[\"https:\\\/\\\/blogdoprosperi.com\\\/?p=43410\"]}]},{\"@type\":\"ImageObject\",\"inLanguage\":\"pt-BR\",\"@id\":\"https:\\\/\\\/blogdoprosperi.com\\\/?p=43410#primaryimage\",\"url\":\"https:\\\/\\\/i0.wp.com\\\/blogdoprosperi.com\\\/wp-content\\\/uploads\\\/2024\\\/07\\\/53828407612_cb30651b20_o.jpg?fit=1500%2C844&ssl=1\",\"contentUrl\":\"https:\\\/\\\/i0.wp.com\\\/blogdoprosperi.com\\\/wp-content\\\/uploads\\\/2024\\\/07\\\/53828407612_cb30651b20_o.jpg?fit=1500%2C844&ssl=1\",\"width\":1500,\"height\":844,\"caption\":\"O jogador Vitor Reis, da SE Palmeiras, comemora seu gol contra a equipe do SC Corinthians P, durante partida v\u00e1lida pela d\u00e9cima terceira rodada, do Campeonato Brasileiro, S\u00e9rie A, na arena Allianz Parque. (Foto: Cesar Greco\\\/Palmeiras\\\/by Canon)\"},{\"@type\":\"BreadcrumbList\",\"@id\":\"https:\\\/\\\/blogdoprosperi.com\\\/?p=43410#breadcrumb\",\"itemListElement\":[{\"@type\":\"ListItem\",\"position\":1,\"name\":\"In\u00edcio\",\"item\":\"https:\\\/\\\/blogdoprosperi.com\\\/\"},{\"@type\":\"ListItem\",\"position\":2,\"name\":\"Palmeiras vence Corinthians e reafirma a for\u00e7a dos meninos da base\"}]},{\"@type\":\"WebSite\",\"@id\":\"https:\\\/\\\/blogdoprosperi.com\\\/#website\",\"url\":\"https:\\\/\\\/blogdoprosperi.com\\\/\",\"name\":\"PR\u00d3SPERI NEWS\",\"description\":\"TUDO \u00c9  FUTEBOL\",\"publisher\":{\"@id\":\"https:\\\/\\\/blogdoprosperi.com\\\/#\\\/schema\\\/person\\\/38100755ce3601861ee4fab9b5aa78e9\"},\"alternateName\":\"blogdoprosperi.com\",\"potentialAction\":[{\"@type\":\"SearchAction\",\"target\":{\"@type\":\"EntryPoint\",\"urlTemplate\":\"https:\\\/\\\/blogdoprosperi.com\\\/?s={search_term_string}\"},\"query-input\":{\"@type\":\"PropertyValueSpecification\",\"valueRequired\":true,\"valueName\":\"search_term_string\"}}],\"inLanguage\":\"pt-BR\"},{\"@type\":[\"Person\",\"Organization\"],\"@id\":\"https:\\\/\\\/blogdoprosperi.com\\\/#\\\/schema\\\/person\\\/38100755ce3601861ee4fab9b5aa78e9\",\"name\":\"Luiz Ant\u00f4nio Pr\u00f3speri\",\"pronouns\":\"ele\",\"image\":{\"@type\":\"ImageObject\",\"inLanguage\":\"pt-BR\",\"@id\":\"https:\\\/\\\/i0.wp.com\\\/blogdoprosperi.com\\\/wp-content\\\/uploads\\\/2026\\\/05\\\/cropped-8059e613-6002-42fa-961e-8e275f575d71-2-5.jpg?fit=1360%2C931&ssl=1\",\"url\":\"https:\\\/\\\/i0.wp.com\\\/blogdoprosperi.com\\\/wp-content\\\/uploads\\\/2026\\\/05\\\/cropped-8059e613-6002-42fa-961e-8e275f575d71-2-5.jpg?fit=1360%2C931&ssl=1\",\"contentUrl\":\"https:\\\/\\\/i0.wp.com\\\/blogdoprosperi.com\\\/wp-content\\\/uploads\\\/2026\\\/05\\\/cropped-8059e613-6002-42fa-961e-8e275f575d71-2-5.jpg?fit=1360%2C931&ssl=1\",\"width\":1360,\"height\":931,\"caption\":\"Luiz Ant\u00f4nio Pr\u00f3speri\"},\"logo\":{\"@id\":\"https:\\\/\\\/i0.wp.com\\\/blogdoprosperi.com\\\/wp-content\\\/uploads\\\/2026\\\/05\\\/cropped-8059e613-6002-42fa-961e-8e275f575d71-2-5.jpg?fit=1360%2C931&ssl=1\"},\"description\":\"Jornalista com carreira dedicada ao esporte. Cobriu 9 Copas do Mundo in loco, 1990 na It\u00e1lia, 1994 nos EUA, 1998 na Fran\u00e7a, 2002 na Coreia do Sul e Jap\u00e3o, 2006 na Alemanha, 2010 na \u00c1frica do Sul, 2014 no Brasil, 2018 na R\u00fassia e 2022 no Qatar. Eurocopas, 1992 na Su\u00e9cia e 1996 na Inglaterra. Copa das Confedera\u00e7\u00f5es de 2005 na Alemanha e 2009 na \u00c1frica do Sul. Rep\u00f3rter e Editor, trabalhou no Jornal da Tarde e Estad\u00e3o, de 1984 a fevereiro de 2016. Colunista, blogueiro. E comentarista de futebol na R\u00e1dio Estad\u00e3o, de 2013 a fevereiro de 2016. Jornalista respons\u00e1vel do \\\"Pr\u00f3speri News\\\" (blogdoprosperi.com).\",\"sameAs\":[\"http:\\\/\\\/blogdoprosperi.com\",\"Luiz Pr\u00f3speri\",\"@luiz_prosperi\",\"https:\\\/\\\/x.com\\\/Luizprosperi\",\"@prosperinacopa\",\"luiz.prosperi@icloud.com\"],\"url\":\"https:\\\/\\\/blogdoprosperi.com\\\/?author=102107496\"}]}<\/script>\n<!-- \/ Yoast SEO plugin. -->","yoast_head_json":{"title":"Palmeiras vence Corinthians e reafirma a for\u00e7a dos meninos da base - PR\u00d3SPERI NEWS","robots":{"index":"index","follow":"follow","max-snippet":"max-snippet:-1","max-image-preview":"max-image-preview:large","max-video-preview":"max-video-preview:-1"},"canonical":"https:\/\/blogdoprosperi.com\/?p=43410","og_locale":"pt_BR","og_type":"article","og_title":"Palmeiras vence Corinthians e reafirma a for\u00e7a dos meninos da base - PR\u00d3SPERI NEWS","og_description":"Por Luiz Ant\u00f4nio Pr\u00f3speri \u2013 1 de julho \u2013 23h45 Palmeiras vence Corinthians por 2 a 0 sem [&hellip;]","og_url":"https:\/\/blogdoprosperi.com\/?p=43410","og_site_name":"PR\u00d3SPERI NEWS","article_publisher":"Luiz Pr\u00f3speri","article_author":"Luiz Pr\u00f3speri","article_published_time":"2024-07-02T02:59:01+00:00","article_modified_time":"2024-07-02T04:55:12+00:00","og_image":[{"width":1500,"height":844,"url":"https:\/\/i0.wp.com\/blogdoprosperi.com\/wp-content\/uploads\/2024\/07\/53828407612_cb30651b20_o.jpg?fit=1500%2C844&ssl=1","type":"image\/jpeg"}],"author":"Luiz Ant\u00f4nio Pr\u00f3speri","twitter_card":"summary_large_image","twitter_creator":"@Luizprosperi","twitter_site":"@Luizprosperi","twitter_misc":{"Escrito por":"Luiz Ant\u00f4nio Pr\u00f3speri","Est. tempo de leitura":"2 minutos"},"schema":{"@context":"https:\/\/schema.org","@graph":[{"@type":"Article","@id":"https:\/\/blogdoprosperi.com\/?p=43410#article","isPartOf":{"@id":"https:\/\/blogdoprosperi.com\/?p=43410"},"author":{"name":"Luiz Ant\u00f4nio Pr\u00f3speri","@id":"https:\/\/blogdoprosperi.com\/#\/schema\/person\/38100755ce3601861ee4fab9b5aa78e9"},"headline":"Palmeiras vence Corinthians e reafirma a for\u00e7a dos meninos da base","datePublished":"2024-07-02T02:59:01+00:00","dateModified":"2024-07-02T04:55:12+00:00","mainEntityOfPage":{"@id":"https:\/\/blogdoprosperi.com\/?p=43410"},"wordCount":461,"commentCount":0,"publisher":{"@id":"https:\/\/blogdoprosperi.com\/#\/schema\/person\/38100755ce3601861ee4fab9b5aa78e9"},"image":{"@id":"https:\/\/blogdoprosperi.com\/?p=43410#primaryimage"},"thumbnailUrl":"https:\/\/i0.wp.com\/blogdoprosperi.com\/wp-content\/uploads\/2024\/07\/53828407612_cb30651b20_o.jpg?fit=1500%2C844&ssl=1","keywords":["0000ff","abel ferreira","Antonio oliveira","brasileir\u00e3o 2024","palmeiras 2 vs 0 corinthians","veiga","vitor reis"],"articleSection":["futebol 2024","informa\u00e7\u00e3o","opini\u00e3o"],"inLanguage":"pt-BR","potentialAction":[{"@type":"CommentAction","name":"Comment","target":["https:\/\/blogdoprosperi.com\/?p=43410#respond"]}]},{"@type":"WebPage","@id":"https:\/\/blogdoprosperi.com\/?p=43410","url":"https:\/\/blogdoprosperi.com\/?p=43410","name":"Palmeiras vence Corinthians e reafirma a for\u00e7a dos meninos da base - PR\u00d3SPERI NEWS","isPartOf":{"@id":"https:\/\/blogdoprosperi.com\/#website"},"primaryImageOfPage":{"@id":"https:\/\/blogdoprosperi.com\/?p=43410#primaryimage"},"image":{"@id":"https:\/\/blogdoprosperi.com\/?p=43410#primaryimage"},"thumbnailUrl":"https:\/\/i0.wp.com\/blogdoprosperi.com\/wp-content\/uploads\/2024\/07\/53828407612_cb30651b20_o.jpg?fit=1500%2C844&ssl=1","datePublished":"2024-07-02T02:59:01+00:00","dateModified":"2024-07-02T04:55:12+00:00","breadcrumb":{"@id":"https:\/\/blogdoprosperi.com\/?p=43410#breadcrumb"},"inLanguage":"pt-BR","potentialAction":[{"@type":"ReadAction","target":["https:\/\/blogdoprosperi.com\/?p=43410"]}]},{"@type":"ImageObject","inLanguage":"pt-BR","@id":"https:\/\/blogdoprosperi.com\/?p=43410#primaryimage","url":"https:\/\/i0.wp.com\/blogdoprosperi.com\/wp-content\/uploads\/2024\/07\/53828407612_cb30651b20_o.jpg?fit=1500%2C844&ssl=1","contentUrl":"https:\/\/i0.wp.com\/blogdoprosperi.com\/wp-content\/uploads\/2024\/07\/53828407612_cb30651b20_o.jpg?fit=1500%2C844&ssl=1","width":1500,"height":844,"caption":"O jogador Vitor Reis, da SE Palmeiras, comemora seu gol contra a equipe do SC Corinthians P, durante partida v\u00e1lida pela d\u00e9cima terceira rodada, do Campeonato Brasileiro, S\u00e9rie A, na arena Allianz Parque. (Foto: Cesar Greco\/Palmeiras\/by Canon)"},{"@type":"BreadcrumbList","@id":"https:\/\/blogdoprosperi.com\/?p=43410#breadcrumb","itemListElement":[{"@type":"ListItem","position":1,"name":"In\u00edcio","item":"https:\/\/blogdoprosperi.com\/"},{"@type":"ListItem","position":2,"name":"Palmeiras vence Corinthians e reafirma a for\u00e7a dos meninos da base"}]},{"@type":"WebSite","@id":"https:\/\/blogdoprosperi.com\/#website","url":"https:\/\/blogdoprosperi.com\/","name":"PR\u00d3SPERI NEWS","description":"TUDO \u00c9  FUTEBOL","publisher":{"@id":"https:\/\/blogdoprosperi.com\/#\/schema\/person\/38100755ce3601861ee4fab9b5aa78e9"},"alternateName":"blogdoprosperi.com","potentialAction":[{"@type":"SearchAction","target":{"@type":"EntryPoint","urlTemplate":"https:\/\/blogdoprosperi.com\/?s={search_term_string}"},"query-input":{"@type":"PropertyValueSpecification","valueRequired":true,"valueName":"search_term_string"}}],"inLanguage":"pt-BR"},{"@type":["Person","Organization"],"@id":"https:\/\/blogdoprosperi.com\/#\/schema\/person\/38100755ce3601861ee4fab9b5aa78e9","name":"Luiz Ant\u00f4nio Pr\u00f3speri","pronouns":"ele","image":{"@type":"ImageObject","inLanguage":"pt-BR","@id":"https:\/\/i0.wp.com\/blogdoprosperi.com\/wp-content\/uploads\/2026\/05\/cropped-8059e613-6002-42fa-961e-8e275f575d71-2-5.jpg?fit=1360%2C931&ssl=1","url":"https:\/\/i0.wp.com\/blogdoprosperi.com\/wp-content\/uploads\/2026\/05\/cropped-8059e613-6002-42fa-961e-8e275f575d71-2-5.jpg?fit=1360%2C931&ssl=1","contentUrl":"https:\/\/i0.wp.com\/blogdoprosperi.com\/wp-content\/uploads\/2026\/05\/cropped-8059e613-6002-42fa-961e-8e275f575d71-2-5.jpg?fit=1360%2C931&ssl=1","width":1360,"height":931,"caption":"Luiz Ant\u00f4nio Pr\u00f3speri"},"logo":{"@id":"https:\/\/i0.wp.com\/blogdoprosperi.com\/wp-content\/uploads\/2026\/05\/cropped-8059e613-6002-42fa-961e-8e275f575d71-2-5.jpg?fit=1360%2C931&ssl=1"},"description":"Jornalista com carreira dedicada ao esporte. Cobriu 9 Copas do Mundo in loco, 1990 na It\u00e1lia, 1994 nos EUA, 1998 na Fran\u00e7a, 2002 na Coreia do Sul e Jap\u00e3o, 2006 na Alemanha, 2010 na \u00c1frica do Sul, 2014 no Brasil, 2018 na R\u00fassia e 2022 no Qatar. Eurocopas, 1992 na Su\u00e9cia e 1996 na Inglaterra. Copa das Confedera\u00e7\u00f5es de 2005 na Alemanha e 2009 na \u00c1frica do Sul. Rep\u00f3rter e Editor, trabalhou no Jornal da Tarde e Estad\u00e3o, de 1984 a fevereiro de 2016. Colunista, blogueiro. E comentarista de futebol na R\u00e1dio Estad\u00e3o, de 2013 a fevereiro de 2016. Jornalista respons\u00e1vel do \"Pr\u00f3speri News\" (blogdoprosperi.com).","sameAs":["http:\/\/blogdoprosperi.com","Luiz Pr\u00f3speri","@luiz_prosperi","https:\/\/x.com\/Luizprosperi","@prosperinacopa","luiz.prosperi@icloud.com"],"url":"https:\/\/blogdoprosperi.com\/?author=102107496"}]}},"jetpack_publicize_connections":[],"jetpack_likes_enabled":false,"jetpack_sharing_enabled":true,"jetpack_shortlink":"https:\/\/wp.me\/p7jvdk-bia","jetpack-related-posts":[{"id":53422,"url":"https:\/\/blogdoprosperi.com\/?p=53422","url_meta":{"origin":43410,"position":0},"title":"Palmeiras | Entenda a Quarta Remontada de Abel Ferreira em 2025","author":"Luiz Ant\u00f4nio Pr\u00f3speri","date":"15 de julho de 2025","format":false,"excerpt":"Luiz Ant\u00f4nio Pr\u00f3speri \u2013 15 julho (12h21) \u2013 Ram\u00f3n Sosa, 25 anos, contratado a R$ 80 milh\u00f5es do Nottingham Forest, chega para preencher uma vaga no ataque do Palmeiras. Apresentado segunda-feira (14\/7), o paraguaio seria o substituto de Estev\u00e3o, hoje no Chelsea. N\u00e3o \u00e9 bem assim. Sosa vai entrar no\u2026","rel":"","context":"Em &quot;brasileir\u00e3o 2025&quot;","block_context":{"text":"brasileir\u00e3o 2025","link":"https:\/\/blogdoprosperi.com\/?cat=775970846"},"img":{"alt_text":"Ram\u00f3n Sosa, novo refor\u00e7o do Palmeiras","src":"https:\/\/i0.wp.com\/blogdoprosperi.com\/wp-content\/uploads\/2025\/07\/54653699472_b35428751b_c.jpg?fit=800%2C450&ssl=1&resize=350%2C200","width":350,"height":200,"srcset":"https:\/\/i0.wp.com\/blogdoprosperi.com\/wp-content\/uploads\/2025\/07\/54653699472_b35428751b_c.jpg?fit=800%2C450&ssl=1&resize=350%2C200 1x, https:\/\/i0.wp.com\/blogdoprosperi.com\/wp-content\/uploads\/2025\/07\/54653699472_b35428751b_c.jpg?fit=800%2C450&ssl=1&resize=525%2C300 1.5x, https:\/\/i0.wp.com\/blogdoprosperi.com\/wp-content\/uploads\/2025\/07\/54653699472_b35428751b_c.jpg?fit=800%2C450&ssl=1&resize=700%2C400 2x"},"classes":[]},{"id":46855,"url":"https:\/\/blogdoprosperi.com\/?p=46855","url_meta":{"origin":43410,"position":1},"title":"Os C\u00e3es Magros de Abel Ferreira no Palmeiras","author":"Luiz Ant\u00f4nio Pr\u00f3speri","date":"9 de dezembro de 2024","format":false,"excerpt":"Luiz Ant\u00f4nio Pr\u00f3speri \u2013 9 dezembro (10h45) \u2013 \"Gosto de jogadores c\u00e3es magros, ele (Tel\u00ea Santana) gostava de c\u00e3es magros\". A dica \u00e9 de Abel Ferreira e diz muito a respeito dos refor\u00e7os do Palmeiras para 2025. Torcedor n\u00e3o deve esperar por nomes midi\u00e1ticos. A rota a seguir \u00e9 a\u2026","rel":"","context":"Em &quot;futebol&quot;","block_context":{"text":"futebol","link":"https:\/\/blogdoprosperi.com\/?cat=53870"},"img":{"alt_text":"Abel Ferreira pede c\u00e3es magros no Palmeiras","src":"https:\/\/i0.wp.com\/blogdoprosperi.com\/wp-content\/uploads\/2024\/06\/53790453970_e1b87e1498_c.jpg?fit=800%2C450&ssl=1&resize=350%2C200","width":350,"height":200,"srcset":"https:\/\/i0.wp.com\/blogdoprosperi.com\/wp-content\/uploads\/2024\/06\/53790453970_e1b87e1498_c.jpg?fit=800%2C450&ssl=1&resize=350%2C200 1x, https:\/\/i0.wp.com\/blogdoprosperi.com\/wp-content\/uploads\/2024\/06\/53790453970_e1b87e1498_c.jpg?fit=800%2C450&ssl=1&resize=525%2C300 1.5x, https:\/\/i0.wp.com\/blogdoprosperi.com\/wp-content\/uploads\/2024\/06\/53790453970_e1b87e1498_c.jpg?fit=800%2C450&ssl=1&resize=700%2C400 2x"},"classes":[]},{"id":48780,"url":"https:\/\/blogdoprosperi.com\/?p=48780","url_meta":{"origin":43410,"position":2},"title":"Palmeiras vs S\u00e3o Paulo: O P\u00eanalti que Decide o Cl\u00e1ssico","author":"Luiz Ant\u00f4nio Pr\u00f3speri","date":"11 de mar\u00e7o de 2025","format":false,"excerpt":"Luiz Ant\u00f4nio Pr\u00f3speri \u2013 11 mar\u00e7o (13h35) \u2013 P\u00eanalti de Arboleda em Vitor Roque a favor do Palmeiras ou n\u00e3o p\u00eanalti de Arboleda em Vitor Roque a favor do S\u00e3o Paulo. Cl\u00e1ssico valendo vaga na final do Paulist\u00e3o se resume a esse lance capital. E n\u00e3o se fala mais do\u2026","rel":"","context":"Em &quot;futebol&quot;","block_context":{"text":"futebol","link":"https:\/\/blogdoprosperi.com\/?cat=53870"},"img":{"alt_text":"\u00c1rbitro Flavio Rodrigues, o pol\u00eamico","src":"https:\/\/i0.wp.com\/blogdoprosperi.com\/wp-content\/uploads\/2025\/03\/54379104646_65fbf1747d_c.jpg?fit=800%2C450&ssl=1&resize=350%2C200","width":350,"height":200,"srcset":"https:\/\/i0.wp.com\/blogdoprosperi.com\/wp-content\/uploads\/2025\/03\/54379104646_65fbf1747d_c.jpg?fit=800%2C450&ssl=1&resize=350%2C200 1x, https:\/\/i0.wp.com\/blogdoprosperi.com\/wp-content\/uploads\/2025\/03\/54379104646_65fbf1747d_c.jpg?fit=800%2C450&ssl=1&resize=525%2C300 1.5x, https:\/\/i0.wp.com\/blogdoprosperi.com\/wp-content\/uploads\/2025\/03\/54379104646_65fbf1747d_c.jpg?fit=800%2C450&ssl=1&resize=700%2C400 2x"},"classes":[]},{"id":48936,"url":"https:\/\/blogdoprosperi.com\/?p=48936","url_meta":{"origin":43410,"position":3},"title":"Paulist\u00e3o | Corinthians Responde com Patente de sua Hist\u00f3ria, Palmeiras Precisa Acelerar as Obras","author":"Luiz Ant\u00f4nio Pr\u00f3speri","date":"17 de mar\u00e7o de 2025","format":false,"excerpt":"A ta\u00e7a na m\u00e3o do Corinthians. Em casa, com mais de 45 mil torcedores \u00e1vidos por um t\u00edtulo que n\u00e3o vem desde 2019, a hora \u00e9 de gritar campe\u00e3o Do lado do Palmeiras, a derrota mostra problemas pontuais de um time em reconstru\u00e7\u00e3o Luiz Ant\u00f4nio Pr\u00f3speri \u2013 17 mar\u00e7o (14h15)\u2026","rel":"","context":"Em &quot;futebol&quot;","block_context":{"text":"futebol","link":"https:\/\/blogdoprosperi.com\/?cat=53870"},"img":{"alt_text":"Yuri Alberto e Memphis, Arco e Flecha do Corinthians","src":"https:\/\/i0.wp.com\/blogdoprosperi.com\/wp-content\/uploads\/2025\/03\/484088853_1228045492018146_9134755333483632067_n-1.jpg?fit=1080%2C1181&ssl=1&resize=350%2C200","width":350,"height":200,"srcset":"https:\/\/i0.wp.com\/blogdoprosperi.com\/wp-content\/uploads\/2025\/03\/484088853_1228045492018146_9134755333483632067_n-1.jpg?fit=1080%2C1181&ssl=1&resize=350%2C200 1x, https:\/\/i0.wp.com\/blogdoprosperi.com\/wp-content\/uploads\/2025\/03\/484088853_1228045492018146_9134755333483632067_n-1.jpg?fit=1080%2C1181&ssl=1&resize=525%2C300 1.5x, https:\/\/i0.wp.com\/blogdoprosperi.com\/wp-content\/uploads\/2025\/03\/484088853_1228045492018146_9134755333483632067_n-1.jpg?fit=1080%2C1181&ssl=1&resize=700%2C400 2x, https:\/\/i0.wp.com\/blogdoprosperi.com\/wp-content\/uploads\/2025\/03\/484088853_1228045492018146_9134755333483632067_n-1.jpg?fit=1080%2C1181&ssl=1&resize=1050%2C600 3x"},"classes":[]},{"id":44516,"url":"https:\/\/blogdoprosperi.com\/?p=44516","url_meta":{"origin":43410,"position":4},"title":"Galeria &#8211; fotos: Palmeiras 0 x 2 Vit\u00f3ria","author":"Luiz Ant\u00f4nio Pr\u00f3speri","date":"27 de julho de 2024","format":false,"excerpt":"Mauricio - fotos: Palmeiras oficial Achei um cart\u00e3o Menino Felipe Anderson Lomba malabarista Rony enroscado Rony marcado Rios Estev\u00e3o Vitor Reis An\u00edbal Menino e Rios Maur\u00edcio Abel Giay","rel":"","context":"Em &quot;futebol&quot;","block_context":{"text":"futebol","link":"https:\/\/blogdoprosperi.com\/?cat=53870"},"img":{"alt_text":"","src":"https:\/\/i0.wp.com\/blogdoprosperi.com\/wp-content\/uploads\/2024\/07\/53885776923_8bce2c4d61_h.jpg?fit=1200%2C1200&ssl=1&resize=350%2C200","width":350,"height":200,"srcset":"https:\/\/i0.wp.com\/blogdoprosperi.com\/wp-content\/uploads\/2024\/07\/53885776923_8bce2c4d61_h.jpg?fit=1200%2C1200&ssl=1&resize=350%2C200 1x, https:\/\/i0.wp.com\/blogdoprosperi.com\/wp-content\/uploads\/2024\/07\/53885776923_8bce2c4d61_h.jpg?fit=1200%2C1200&ssl=1&resize=525%2C300 1.5x, https:\/\/i0.wp.com\/blogdoprosperi.com\/wp-content\/uploads\/2024\/07\/53885776923_8bce2c4d61_h.jpg?fit=1200%2C1200&ssl=1&resize=700%2C400 2x, https:\/\/i0.wp.com\/blogdoprosperi.com\/wp-content\/uploads\/2024\/07\/53885776923_8bce2c4d61_h.jpg?fit=1200%2C1200&ssl=1&resize=1050%2C600 3x"},"classes":[]},{"id":47095,"url":"https:\/\/blogdoprosperi.com\/?p=47095","url_meta":{"origin":43410,"position":5},"title":"#Cr\u00f4nicaSab\u00e1tica #9 | A Hist\u00f3ria dos Tr\u00eas Porquinhos","author":"Luiz Ant\u00f4nio Pr\u00f3speri","date":"21 de dezembro de 2024","format":false,"excerpt":"Luiz Ant\u00f4nio Pr\u00f3speri \u2013 21 dezembro (11h57) Era uma vez tr\u00eas porquinhos. Jovens, se encontram nos canteiros da Academia de Futebol. Um vem da Bahia, outro da favela do Rio e outro do interior de S\u00e3o Paulo. Os tr\u00eas, saindo da adolesc\u00eancia, arrebatam t\u00edtulos entre os rivais de suas idades.\u2026","rel":"","context":"Em &quot;futebol&quot;","block_context":{"text":"futebol","link":"https:\/\/blogdoprosperi.com\/?cat=53870"},"img":{"alt_text":"Tr\u00eas Porquinhos do Palmeiras","src":"https:\/\/i0.wp.com\/blogdoprosperi.com\/wp-content\/uploads\/2024\/12\/captura-de-tela-2024-12-21-as-11.53.38.png?fit=1200%2C591&ssl=1&resize=350%2C200","width":350,"height":200,"srcset":"https:\/\/i0.wp.com\/blogdoprosperi.com\/wp-content\/uploads\/2024\/12\/captura-de-tela-2024-12-21-as-11.53.38.png?fit=1200%2C591&ssl=1&resize=350%2C200 1x, https:\/\/i0.wp.com\/blogdoprosperi.com\/wp-content\/uploads\/2024\/12\/captura-de-tela-2024-12-21-as-11.53.38.png?fit=1200%2C591&ssl=1&resize=525%2C300 1.5x, https:\/\/i0.wp.com\/blogdoprosperi.com\/wp-content\/uploads\/2024\/12\/captura-de-tela-2024-12-21-as-11.53.38.png?fit=1200%2C591&ssl=1&resize=700%2C400 2x, https:\/\/i0.wp.com\/blogdoprosperi.com\/wp-content\/uploads\/2024\/12\/captura-de-tela-2024-12-21-as-11.53.38.png?fit=1200%2C591&ssl=1&resize=1050%2C600 3x"},"classes":[]}],"jetpack_featured_media_url":"https:\/\/i0.wp.com\/blogdoprosperi.com\/wp-content\/uploads\/2024\/07\/53828407612_cb30651b20_o.jpg?fit=1500%2C844&ssl=1","_links":{"self":[{"href":"https:\/\/blogdoprosperi.com\/index.php?rest_route=\/wp\/v2\/posts\/43410","targetHints":{"allow":["GET"]}}],"collection":[{"href":"https:\/\/blogdoprosperi.com\/index.php?rest_route=\/wp\/v2\/posts"}],"about":[{"href":"https:\/\/blogdoprosperi.com\/index.php?rest_route=\/wp\/v2\/types\/post"}],"author":[{"embeddable":true,"href":"https:\/\/blogdoprosperi.com\/index.php?rest_route=\/wp\/v2\/users\/102107496"}],"replies":[{"embeddable":true,"href":"https:\/\/blogdoprosperi.com\/index.php?rest_route=%2Fwp%2Fv2%2Fcomments&post=43410"}],"version-history":[{"count":15,"href":"https:\/\/blogdoprosperi.com\/index.php?rest_route=\/wp\/v2\/posts\/43410\/revisions"}],"predecessor-version":[{"id":43439,"href":"https:\/\/blogdoprosperi.com\/index.php?rest_route=\/wp\/v2\/posts\/43410\/revisions\/43439"}],"wp:featuredmedia":[{"embeddable":true,"href":"https:\/\/blogdoprosperi.com\/index.php?rest_route=\/wp\/v2\/media\/43433"}],"wp:attachment":[{"href":"https:\/\/blogdoprosperi.com\/index.php?rest_route=%2Fwp%2Fv2%2Fmedia&parent=43410"}],"wp:term":[{"taxonomy":"category","embeddable":true,"href":"https:\/\/blogdoprosperi.com\/index.php?rest_route=%2Fwp%2Fv2%2Fcategories&post=43410"},{"taxonomy":"post_tag","embeddable":true,"href":"https:\/\/blogdoprosperi.com\/index.php?rest_route=%2Fwp%2Fv2%2Ftags&post=43410"}],"curies":[{"name":"wp","href":"https:\/\/api.w.org\/{rel}","templated":true}]}}