{"id":43556,"date":"2024-07-05T10:38:46","date_gmt":"2024-07-05T13:38:46","guid":{"rendered":"https:\/\/blogdoprosperi.com\/?p=43556"},"modified":"2024-07-05T10:53:59","modified_gmt":"2024-07-05T13:53:59","slug":"euro-2024-sexta-feira-na-tv-espanha-vs-alemanha-final-antecipada-portugal-vs-franca-ou-cristiano-ronaldo-x-mbappe","status":"publish","type":"post","link":"https:\/\/blogdoprosperi.com\/?p=43556","title":{"rendered":"Euro 2024 na TV: Espanha x Alemanha, a final antecipada; Portugal x Fran\u00e7a ou Cristiano x Mbapp\u00e9"},"content":{"rendered":"<p>Espanha e Alemanha decidem uma vaga \u00e0 semifinal da Euro 2024, nessa sexta-feira, \u00e0s 13h (hor\u00e1rio de Bras\u00edlia), em Stuttgart. Quem acompanha o torneio de olho no bom futebol pode apontar esse jogo como uma final antecipada da Eurocopa. As duas sele\u00e7\u00f5es s\u00e3o as que mais gols marcaram (19) e menos sofreram (3). Fomentam o ataque por princ\u00edpio, apostam em jovens talentos e apresentam dois regentes no meio-campo.<\/p>\n<h5><strong>Acompanhe na TV jogos das quartas de final nessa sexta-feira (05\/7)<\/strong><\/h5>\n<h5><strong>Espanha vs Alemanha \u2013 13h \u2013 Globo e SporTV<\/strong><\/h5>\n<h5><strong>Portugal vs Fran\u00e7a \u2013 16h \u2013 YouTube Caz\u00e9TV e Prime Video\u00a0<\/strong><\/h5>\n<p>Da gosto ver a Espanha jogar. Vive da alegria dos garotos Yamal e Nico Williams, dois pontas de \u00f3timo drible, insinuantes e muita velocidade. Se na frente, a farra est\u00e1 garantida com os meninos, no meio-campo a conversa \u00e9 com o volante Rodri, perfei\u00e7\u00e3o no passe e comandante supremo do time.<\/p>\n<p>Na fase de grupos e oitavas, a <strong><a style=\"color: #0000ff\" href=\"https:\/\/blogdoprosperi.com\/2024\/06\/20\/espanha-vence-italia-e-avanca-na-euro-2024-inglaterra-abraca-a-decepcao\/\">Espanha<\/a><\/strong> venceu os quatro jogos, marcou 9 gols e sofreu apenas um.<\/p>\n<p>Alemanha n\u00e3o deixa por menos. Tem a leveza e agilidade dos meninos Musiala e Wirtz, atacantes e meias ao mesmo tempo. Gostam de rabiscar defesas advers\u00e1rias e ainda t\u00eam suporte do experiente Gundogan a coordenar a\u00e7\u00f5es ofensivas. L\u00e1 atr\u00e1s, como um farol, est\u00e1 Toni Kross, que n\u00e3o erra um passe e alimenta seus jogadores de frente.<\/p>\n<p>Na fase de grupos e oitavas, <strong><a style=\"color: #0000ff\" href=\"https:\/\/blogdoprosperi.com\/2024\/06\/19\/alemanha-classificada-albania-respira-na-euro-2024\/\">Alemanha<\/a><\/strong> venceu tr\u00eas jogos e empatou um, marcou dez gols e sofreu dois.<\/p>\n<figure id=\"attachment_43566\" aria-describedby=\"caption-attachment-43566\" style=\"width: 575px\" class=\"wp-caption alignnone\"><img data-recalc-dims=\"1\" loading=\"lazy\" decoding=\"async\" data-attachment-id=\"43566\" data-permalink=\"https:\/\/blogdoprosperi.com\/?attachment_id=43566\" data-orig-file=\"https:\/\/i0.wp.com\/blogdoprosperi.com\/wp-content\/uploads\/2024\/07\/grtrlpywkaaapha.jpeg?fit=960%2C1200&amp;ssl=1\" data-orig-size=\"960,1200\" data-comments-opened=\"1\" data-image-meta=\"{&quot;aperture&quot;:&quot;0&quot;,&quot;credit&quot;:&quot;&quot;,&quot;camera&quot;:&quot;&quot;,&quot;caption&quot;:&quot;&quot;,&quot;created_timestamp&quot;:&quot;0&quot;,&quot;copyright&quot;:&quot;&quot;,&quot;focal_length&quot;:&quot;0&quot;,&quot;iso&quot;:&quot;0&quot;,&quot;shutter_speed&quot;:&quot;0&quot;,&quot;title&quot;:&quot;&quot;,&quot;orientation&quot;:&quot;0&quot;}\" data-image-title=\"GRtrLpyWkAAAPHa\" data-image-description=\"\" data-image-caption=\"\" data-large-file=\"https:\/\/i0.wp.com\/blogdoprosperi.com\/wp-content\/uploads\/2024\/07\/grtrlpywkaaapha.jpeg?fit=819%2C1024&amp;ssl=1\" class=\"wp-image-43566\" src=\"https:\/\/i0.wp.com\/blogdoprosperi.com\/wp-content\/uploads\/2024\/07\/grtrlpywkaaapha.jpeg?resize=575%2C719&#038;ssl=1\" alt=\"\" width=\"575\" height=\"719\" \/><figcaption id=\"caption-attachment-43566\" class=\"wp-caption-text\"><em>Meninada: Musiala e Wirtz da Alemanha e Yamal e Williams da Espanha &#8211; foto: Uefa<\/em><\/figcaption><\/figure>\n<h4><\/h4>\n<h4><strong>Portugal vs Fran\u00e7a<\/strong><\/h4>\n<p>Portugal e Fran\u00e7a se enfrentam \u00e0s 16h em Hamburgo. O vencedor do confronto vai \u00e0 semifinal contra o vencedor de Espanha x Alemanha.<\/p>\n<p>Nem Portugal e muitos menos a Fran\u00e7a mostraram grande futebol at\u00e9 aqui. Decep\u00e7\u00e3o resume bem o desempenho das duas sele\u00e7\u00f5es.<\/p>\n<p>Fran\u00e7a, atual vice-campe\u00e3 do mundo, nem de longe lembra a sele\u00e7\u00e3o que encarou Argentina na final da Copa do Mundo Qatar 2022 \u2013 derrotada nos p\u00eanaltis. Vive ainda de rompantes de Mbapp\u00e9, de nariz quebrado e mascarado nos dois sentidos. Em quatro jogos na fase de grupos e oitavas, venceu dois e empatou dois \u2013 marcou tr\u00eas gols (um de Mbapp\u00e9 e dois contra dos advers\u00e1rios) e sofreu um gol.<\/p>\n<p>Portugal tamb\u00e9m n\u00e3o emplacou uma grande jornada, apesar de chegar com uma gera\u00e7\u00e3o talentosa. <strong><a style=\"color: #0000ff\" href=\"https:\/\/blogdoprosperi.com\/2024\/07\/01\/cristiano-ronaldo-craques-tambem-choram-portugal-avanca-na-euro-2024\/\">Cristiano Ronaldo,<\/a><\/strong> expoente do time, carrega nas costas o peso da decad\u00eancia t\u00e9cnica e f\u00edsica. N\u00e3o fez nenhum gol na Euro 2024 e se contenta at\u00e9 aqui com uma assist\u00eancia. Lamenta p\u00eanalti perdido na prorroga\u00e7\u00e3o contra Eslov\u00eania. Em quatro jogos, tem duas vit\u00f3rias, um empate e uma derrota. Marcou cinco gols e sofreu tr\u00eas.<\/p>\n","protected":false},"excerpt":{"rendered":"<p>Espanha e Alemanha decidem uma vaga \u00e0 semifinal da Euro 2024, nessa sexta-feira, \u00e0s 13h (hor\u00e1rio de Bras\u00edlia), [&hellip;]<\/p>\n","protected":false},"author":102107496,"featured_media":43564,"comment_status":"open","ping_status":"open","sticky":false,"template":"","format":"standard","meta":{"_coblocks_attr":"","_coblocks_dimensions":"","_coblocks_responsive_height":"","_coblocks_accordion_ie_support":"","_jetpack_newsletter_access":"","_jetpack_dont_email_post_to_subs":false,"_jetpack_newsletter_tier_id":0,"_jetpack_memberships_contains_paywalled_content":false,"_wpcom_ai_launchpad_first_post":false,"_jetpack_feature_clip_id":0,"_jetpack_memberships_contains_paid_content":false,"footnotes":"","jetpack_publicize_message":"","jetpack_publicize_feature_enabled":true,"jetpack_social_post_already_shared":false,"jetpack_social_options":{"image_generator_settings":{"template":"highway","default_image_id":0,"font":"","enabled":false},"version":2},"jetpack_post_was_ever_published":false},"categories":[53870,768932782,20384],"tags":[10668348,66172,772159660,772701485,789560560,24279794,62789909],"class_list":["post-43556","post","type-post","status-publish","format-standard","has-post-thumbnail","hentry","category-futebol","category-futebol-2024","category-informacao","tag-0000ff","tag-cristiano-ronaldo","tag-espanha-vs-alemanha","tag-euro-2024-quartas-de-final","tag-futebol","tag-mbappe","tag-portugal-x-franca"],"yoast_head":"<!-- This site is optimized with the Yoast SEO plugin v28.4 - https:\/\/yoast.com\/product\/yoast-seo-wordpress\/ -->\n<title>Euro 2024 na TV: Espanha x Alemanha, a final antecipada; Portugal x Fran\u00e7a ou Cristiano x Mbapp\u00e9 - PR\u00d3SPERI NEWS<\/title>\n<meta name=\"robots\" content=\"index, follow, max-snippet:-1, max-image-preview:large, max-video-preview:-1\" \/>\n<link rel=\"canonical\" href=\"https:\/\/blogdoprosperi.com\/?p=43556\" \/>\n<meta property=\"og:locale\" content=\"pt_BR\" \/>\n<meta property=\"og:type\" content=\"article\" \/>\n<meta property=\"og:title\" content=\"Euro 2024 na TV: Espanha x Alemanha, a final antecipada; Portugal x Fran\u00e7a ou Cristiano x Mbapp\u00e9 - PR\u00d3SPERI NEWS\" \/>\n<meta property=\"og:description\" content=\"Espanha e Alemanha decidem uma vaga \u00e0 semifinal da Euro 2024, nessa sexta-feira, \u00e0s 13h (hor\u00e1rio de Bras\u00edlia), [&hellip;]\" \/>\n<meta property=\"og:url\" content=\"https:\/\/blogdoprosperi.com\/?p=43556\" \/>\n<meta property=\"og:site_name\" content=\"PR\u00d3SPERI NEWS\" \/>\n<meta property=\"article:publisher\" content=\"Luiz Pr\u00f3speri\" \/>\n<meta property=\"article:author\" content=\"Luiz Pr\u00f3speri\" \/>\n<meta property=\"article:published_time\" content=\"2024-07-05T13:38:46+00:00\" \/>\n<meta property=\"article:modified_time\" content=\"2024-07-05T13:53:59+00:00\" \/>\n<meta property=\"og:image\" content=\"https:\/\/i0.wp.com\/blogdoprosperi.com\/wp-content\/uploads\/2024\/07\/euro_24_-_2_players_h2h_-_facebook.jpg?fit=988%2C556&ssl=1\" \/>\n\t<meta property=\"og:image:width\" content=\"988\" \/>\n\t<meta property=\"og:image:height\" content=\"556\" \/>\n\t<meta property=\"og:image:type\" content=\"image\/jpeg\" \/>\n<meta name=\"author\" content=\"Luiz Ant\u00f4nio Pr\u00f3speri\" \/>\n<meta name=\"twitter:card\" content=\"summary_large_image\" \/>\n<meta name=\"twitter:creator\" content=\"@Luizprosperi\" \/>\n<meta name=\"twitter:site\" content=\"@Luizprosperi\" \/>\n<meta name=\"twitter:label1\" content=\"Escrito por\" \/>\n\t<meta name=\"twitter:data1\" content=\"Luiz Ant\u00f4nio Pr\u00f3speri\" \/>\n\t<meta name=\"twitter:label2\" content=\"Est. tempo de leitura\" \/>\n\t<meta name=\"twitter:data2\" content=\"2 minutos\" \/>\n<script type=\"application\/ld+json\" class=\"yoast-schema-graph\">{\"@context\":\"https:\\\/\\\/schema.org\",\"@graph\":[{\"@type\":\"Article\",\"@id\":\"https:\\\/\\\/blogdoprosperi.com\\\/?p=43556#article\",\"isPartOf\":{\"@id\":\"https:\\\/\\\/blogdoprosperi.com\\\/?p=43556\"},\"author\":{\"name\":\"Luiz Ant\u00f4nio Pr\u00f3speri\",\"@id\":\"https:\\\/\\\/blogdoprosperi.com\\\/#\\\/schema\\\/person\\\/38100755ce3601861ee4fab9b5aa78e9\"},\"headline\":\"Euro 2024 na TV: Espanha x Alemanha, a final antecipada; Portugal x Fran\u00e7a ou Cristiano x Mbapp\u00e9\",\"datePublished\":\"2024-07-05T13:38:46+00:00\",\"dateModified\":\"2024-07-05T13:53:59+00:00\",\"mainEntityOfPage\":{\"@id\":\"https:\\\/\\\/blogdoprosperi.com\\\/?p=43556\"},\"wordCount\":489,\"commentCount\":0,\"publisher\":{\"@id\":\"https:\\\/\\\/blogdoprosperi.com\\\/#\\\/schema\\\/person\\\/38100755ce3601861ee4fab9b5aa78e9\"},\"image\":{\"@id\":\"https:\\\/\\\/blogdoprosperi.com\\\/?p=43556#primaryimage\"},\"thumbnailUrl\":\"https:\\\/\\\/i0.wp.com\\\/blogdoprosperi.com\\\/wp-content\\\/uploads\\\/2024\\\/07\\\/euro_24_-_2_players_h2h_-_facebook.jpg?fit=988%2C556&ssl=1\",\"keywords\":[\"0000ff\",\"Cristiano Ronaldo\",\"espanha vs alemanha\",\"euro 2024 quartas de final\",\"futebol\",\"mbapp\u00e9\",\"portugal x fran\u00e7a\"],\"articleSection\":[\"futebol\",\"futebol 2024\",\"informa\u00e7\u00e3o\"],\"inLanguage\":\"pt-BR\",\"potentialAction\":[{\"@type\":\"CommentAction\",\"name\":\"Comment\",\"target\":[\"https:\\\/\\\/blogdoprosperi.com\\\/?p=43556#respond\"]}]},{\"@type\":\"WebPage\",\"@id\":\"https:\\\/\\\/blogdoprosperi.com\\\/?p=43556\",\"url\":\"https:\\\/\\\/blogdoprosperi.com\\\/?p=43556\",\"name\":\"Euro 2024 na TV: Espanha x Alemanha, a final antecipada; Portugal x Fran\u00e7a ou Cristiano x Mbapp\u00e9 - PR\u00d3SPERI NEWS\",\"isPartOf\":{\"@id\":\"https:\\\/\\\/blogdoprosperi.com\\\/#website\"},\"primaryImageOfPage\":{\"@id\":\"https:\\\/\\\/blogdoprosperi.com\\\/?p=43556#primaryimage\"},\"image\":{\"@id\":\"https:\\\/\\\/blogdoprosperi.com\\\/?p=43556#primaryimage\"},\"thumbnailUrl\":\"https:\\\/\\\/i0.wp.com\\\/blogdoprosperi.com\\\/wp-content\\\/uploads\\\/2024\\\/07\\\/euro_24_-_2_players_h2h_-_facebook.jpg?fit=988%2C556&ssl=1\",\"datePublished\":\"2024-07-05T13:38:46+00:00\",\"dateModified\":\"2024-07-05T13:53:59+00:00\",\"breadcrumb\":{\"@id\":\"https:\\\/\\\/blogdoprosperi.com\\\/?p=43556#breadcrumb\"},\"inLanguage\":\"pt-BR\",\"potentialAction\":[{\"@type\":\"ReadAction\",\"target\":[\"https:\\\/\\\/blogdoprosperi.com\\\/?p=43556\"]}]},{\"@type\":\"ImageObject\",\"inLanguage\":\"pt-BR\",\"@id\":\"https:\\\/\\\/blogdoprosperi.com\\\/?p=43556#primaryimage\",\"url\":\"https:\\\/\\\/i0.wp.com\\\/blogdoprosperi.com\\\/wp-content\\\/uploads\\\/2024\\\/07\\\/euro_24_-_2_players_h2h_-_facebook.jpg?fit=988%2C556&ssl=1\",\"contentUrl\":\"https:\\\/\\\/i0.wp.com\\\/blogdoprosperi.com\\\/wp-content\\\/uploads\\\/2024\\\/07\\\/euro_24_-_2_players_h2h_-_facebook.jpg?fit=988%2C556&ssl=1\",\"width\":988,\"height\":556},{\"@type\":\"BreadcrumbList\",\"@id\":\"https:\\\/\\\/blogdoprosperi.com\\\/?p=43556#breadcrumb\",\"itemListElement\":[{\"@type\":\"ListItem\",\"position\":1,\"name\":\"In\u00edcio\",\"item\":\"https:\\\/\\\/blogdoprosperi.com\\\/\"},{\"@type\":\"ListItem\",\"position\":2,\"name\":\"Euro 2024 na TV: Espanha x Alemanha, a final antecipada; Portugal x Fran\u00e7a ou Cristiano x Mbapp\u00e9\"}]},{\"@type\":\"WebSite\",\"@id\":\"https:\\\/\\\/blogdoprosperi.com\\\/#website\",\"url\":\"https:\\\/\\\/blogdoprosperi.com\\\/\",\"name\":\"PR\u00d3SPERI NEWS\",\"description\":\"TUDO \u00c9  FUTEBOL\",\"publisher\":{\"@id\":\"https:\\\/\\\/blogdoprosperi.com\\\/#\\\/schema\\\/person\\\/38100755ce3601861ee4fab9b5aa78e9\"},\"alternateName\":\"blogdoprosperi.com\",\"potentialAction\":[{\"@type\":\"SearchAction\",\"target\":{\"@type\":\"EntryPoint\",\"urlTemplate\":\"https:\\\/\\\/blogdoprosperi.com\\\/?s={search_term_string}\"},\"query-input\":{\"@type\":\"PropertyValueSpecification\",\"valueRequired\":true,\"valueName\":\"search_term_string\"}}],\"inLanguage\":\"pt-BR\"},{\"@type\":[\"Person\",\"Organization\"],\"@id\":\"https:\\\/\\\/blogdoprosperi.com\\\/#\\\/schema\\\/person\\\/38100755ce3601861ee4fab9b5aa78e9\",\"name\":\"Luiz Ant\u00f4nio Pr\u00f3speri\",\"pronouns\":\"ele\",\"image\":{\"@type\":\"ImageObject\",\"inLanguage\":\"pt-BR\",\"@id\":\"https:\\\/\\\/i0.wp.com\\\/blogdoprosperi.com\\\/wp-content\\\/uploads\\\/2026\\\/05\\\/cropped-8059e613-6002-42fa-961e-8e275f575d71-2-5.jpg?fit=1360%2C931&ssl=1\",\"url\":\"https:\\\/\\\/i0.wp.com\\\/blogdoprosperi.com\\\/wp-content\\\/uploads\\\/2026\\\/05\\\/cropped-8059e613-6002-42fa-961e-8e275f575d71-2-5.jpg?fit=1360%2C931&ssl=1\",\"contentUrl\":\"https:\\\/\\\/i0.wp.com\\\/blogdoprosperi.com\\\/wp-content\\\/uploads\\\/2026\\\/05\\\/cropped-8059e613-6002-42fa-961e-8e275f575d71-2-5.jpg?fit=1360%2C931&ssl=1\",\"width\":1360,\"height\":931,\"caption\":\"Luiz Ant\u00f4nio Pr\u00f3speri\"},\"logo\":{\"@id\":\"https:\\\/\\\/i0.wp.com\\\/blogdoprosperi.com\\\/wp-content\\\/uploads\\\/2026\\\/05\\\/cropped-8059e613-6002-42fa-961e-8e275f575d71-2-5.jpg?fit=1360%2C931&ssl=1\"},\"description\":\"Jornalista com carreira dedicada ao esporte. Cobriu 9 Copas do Mundo in loco, 1990 na It\u00e1lia, 1994 nos EUA, 1998 na Fran\u00e7a, 2002 na Coreia do Sul e Jap\u00e3o, 2006 na Alemanha, 2010 na \u00c1frica do Sul, 2014 no Brasil, 2018 na R\u00fassia e 2022 no Qatar. Eurocopas, 1992 na Su\u00e9cia e 1996 na Inglaterra. Copa das Confedera\u00e7\u00f5es de 2005 na Alemanha e 2009 na \u00c1frica do Sul. Rep\u00f3rter e Editor, trabalhou no Jornal da Tarde e Estad\u00e3o, de 1984 a fevereiro de 2016. Colunista, blogueiro. E comentarista de futebol na R\u00e1dio Estad\u00e3o, de 2013 a fevereiro de 2016. Jornalista respons\u00e1vel do \\\"Pr\u00f3speri News\\\" (blogdoprosperi.com).\",\"sameAs\":[\"http:\\\/\\\/blogdoprosperi.com\",\"Luiz Pr\u00f3speri\",\"@luiz_prosperi\",\"https:\\\/\\\/x.com\\\/Luizprosperi\",\"@prosperinacopa\",\"luiz.prosperi@icloud.com\"],\"url\":\"https:\\\/\\\/blogdoprosperi.com\\\/?author=102107496\"}]}<\/script>\n<!-- \/ Yoast SEO plugin. -->","yoast_head_json":{"title":"Euro 2024 na TV: Espanha x Alemanha, a final antecipada; Portugal x Fran\u00e7a ou Cristiano x Mbapp\u00e9 - PR\u00d3SPERI NEWS","robots":{"index":"index","follow":"follow","max-snippet":"max-snippet:-1","max-image-preview":"max-image-preview:large","max-video-preview":"max-video-preview:-1"},"canonical":"https:\/\/blogdoprosperi.com\/?p=43556","og_locale":"pt_BR","og_type":"article","og_title":"Euro 2024 na TV: Espanha x Alemanha, a final antecipada; Portugal x Fran\u00e7a ou Cristiano x Mbapp\u00e9 - PR\u00d3SPERI NEWS","og_description":"Espanha e Alemanha decidem uma vaga \u00e0 semifinal da Euro 2024, nessa sexta-feira, \u00e0s 13h (hor\u00e1rio de Bras\u00edlia), [&hellip;]","og_url":"https:\/\/blogdoprosperi.com\/?p=43556","og_site_name":"PR\u00d3SPERI NEWS","article_publisher":"Luiz Pr\u00f3speri","article_author":"Luiz Pr\u00f3speri","article_published_time":"2024-07-05T13:38:46+00:00","article_modified_time":"2024-07-05T13:53:59+00:00","og_image":[{"width":988,"height":556,"url":"https:\/\/i0.wp.com\/blogdoprosperi.com\/wp-content\/uploads\/2024\/07\/euro_24_-_2_players_h2h_-_facebook.jpg?fit=988%2C556&ssl=1","type":"image\/jpeg"}],"author":"Luiz Ant\u00f4nio Pr\u00f3speri","twitter_card":"summary_large_image","twitter_creator":"@Luizprosperi","twitter_site":"@Luizprosperi","twitter_misc":{"Escrito por":"Luiz Ant\u00f4nio Pr\u00f3speri","Est. tempo de leitura":"2 minutos"},"schema":{"@context":"https:\/\/schema.org","@graph":[{"@type":"Article","@id":"https:\/\/blogdoprosperi.com\/?p=43556#article","isPartOf":{"@id":"https:\/\/blogdoprosperi.com\/?p=43556"},"author":{"name":"Luiz Ant\u00f4nio Pr\u00f3speri","@id":"https:\/\/blogdoprosperi.com\/#\/schema\/person\/38100755ce3601861ee4fab9b5aa78e9"},"headline":"Euro 2024 na TV: Espanha x Alemanha, a final antecipada; Portugal x Fran\u00e7a ou Cristiano x Mbapp\u00e9","datePublished":"2024-07-05T13:38:46+00:00","dateModified":"2024-07-05T13:53:59+00:00","mainEntityOfPage":{"@id":"https:\/\/blogdoprosperi.com\/?p=43556"},"wordCount":489,"commentCount":0,"publisher":{"@id":"https:\/\/blogdoprosperi.com\/#\/schema\/person\/38100755ce3601861ee4fab9b5aa78e9"},"image":{"@id":"https:\/\/blogdoprosperi.com\/?p=43556#primaryimage"},"thumbnailUrl":"https:\/\/i0.wp.com\/blogdoprosperi.com\/wp-content\/uploads\/2024\/07\/euro_24_-_2_players_h2h_-_facebook.jpg?fit=988%2C556&ssl=1","keywords":["0000ff","Cristiano Ronaldo","espanha vs alemanha","euro 2024 quartas de final","futebol","mbapp\u00e9","portugal x fran\u00e7a"],"articleSection":["futebol","futebol 2024","informa\u00e7\u00e3o"],"inLanguage":"pt-BR","potentialAction":[{"@type":"CommentAction","name":"Comment","target":["https:\/\/blogdoprosperi.com\/?p=43556#respond"]}]},{"@type":"WebPage","@id":"https:\/\/blogdoprosperi.com\/?p=43556","url":"https:\/\/blogdoprosperi.com\/?p=43556","name":"Euro 2024 na TV: Espanha x Alemanha, a final antecipada; Portugal x Fran\u00e7a ou Cristiano x Mbapp\u00e9 - PR\u00d3SPERI NEWS","isPartOf":{"@id":"https:\/\/blogdoprosperi.com\/#website"},"primaryImageOfPage":{"@id":"https:\/\/blogdoprosperi.com\/?p=43556#primaryimage"},"image":{"@id":"https:\/\/blogdoprosperi.com\/?p=43556#primaryimage"},"thumbnailUrl":"https:\/\/i0.wp.com\/blogdoprosperi.com\/wp-content\/uploads\/2024\/07\/euro_24_-_2_players_h2h_-_facebook.jpg?fit=988%2C556&ssl=1","datePublished":"2024-07-05T13:38:46+00:00","dateModified":"2024-07-05T13:53:59+00:00","breadcrumb":{"@id":"https:\/\/blogdoprosperi.com\/?p=43556#breadcrumb"},"inLanguage":"pt-BR","potentialAction":[{"@type":"ReadAction","target":["https:\/\/blogdoprosperi.com\/?p=43556"]}]},{"@type":"ImageObject","inLanguage":"pt-BR","@id":"https:\/\/blogdoprosperi.com\/?p=43556#primaryimage","url":"https:\/\/i0.wp.com\/blogdoprosperi.com\/wp-content\/uploads\/2024\/07\/euro_24_-_2_players_h2h_-_facebook.jpg?fit=988%2C556&ssl=1","contentUrl":"https:\/\/i0.wp.com\/blogdoprosperi.com\/wp-content\/uploads\/2024\/07\/euro_24_-_2_players_h2h_-_facebook.jpg?fit=988%2C556&ssl=1","width":988,"height":556},{"@type":"BreadcrumbList","@id":"https:\/\/blogdoprosperi.com\/?p=43556#breadcrumb","itemListElement":[{"@type":"ListItem","position":1,"name":"In\u00edcio","item":"https:\/\/blogdoprosperi.com\/"},{"@type":"ListItem","position":2,"name":"Euro 2024 na TV: Espanha x Alemanha, a final antecipada; Portugal x Fran\u00e7a ou Cristiano x Mbapp\u00e9"}]},{"@type":"WebSite","@id":"https:\/\/blogdoprosperi.com\/#website","url":"https:\/\/blogdoprosperi.com\/","name":"PR\u00d3SPERI NEWS","description":"TUDO \u00c9  FUTEBOL","publisher":{"@id":"https:\/\/blogdoprosperi.com\/#\/schema\/person\/38100755ce3601861ee4fab9b5aa78e9"},"alternateName":"blogdoprosperi.com","potentialAction":[{"@type":"SearchAction","target":{"@type":"EntryPoint","urlTemplate":"https:\/\/blogdoprosperi.com\/?s={search_term_string}"},"query-input":{"@type":"PropertyValueSpecification","valueRequired":true,"valueName":"search_term_string"}}],"inLanguage":"pt-BR"},{"@type":["Person","Organization"],"@id":"https:\/\/blogdoprosperi.com\/#\/schema\/person\/38100755ce3601861ee4fab9b5aa78e9","name":"Luiz Ant\u00f4nio Pr\u00f3speri","pronouns":"ele","image":{"@type":"ImageObject","inLanguage":"pt-BR","@id":"https:\/\/i0.wp.com\/blogdoprosperi.com\/wp-content\/uploads\/2026\/05\/cropped-8059e613-6002-42fa-961e-8e275f575d71-2-5.jpg?fit=1360%2C931&ssl=1","url":"https:\/\/i0.wp.com\/blogdoprosperi.com\/wp-content\/uploads\/2026\/05\/cropped-8059e613-6002-42fa-961e-8e275f575d71-2-5.jpg?fit=1360%2C931&ssl=1","contentUrl":"https:\/\/i0.wp.com\/blogdoprosperi.com\/wp-content\/uploads\/2026\/05\/cropped-8059e613-6002-42fa-961e-8e275f575d71-2-5.jpg?fit=1360%2C931&ssl=1","width":1360,"height":931,"caption":"Luiz Ant\u00f4nio Pr\u00f3speri"},"logo":{"@id":"https:\/\/i0.wp.com\/blogdoprosperi.com\/wp-content\/uploads\/2026\/05\/cropped-8059e613-6002-42fa-961e-8e275f575d71-2-5.jpg?fit=1360%2C931&ssl=1"},"description":"Jornalista com carreira dedicada ao esporte. Cobriu 9 Copas do Mundo in loco, 1990 na It\u00e1lia, 1994 nos EUA, 1998 na Fran\u00e7a, 2002 na Coreia do Sul e Jap\u00e3o, 2006 na Alemanha, 2010 na \u00c1frica do Sul, 2014 no Brasil, 2018 na R\u00fassia e 2022 no Qatar. Eurocopas, 1992 na Su\u00e9cia e 1996 na Inglaterra. Copa das Confedera\u00e7\u00f5es de 2005 na Alemanha e 2009 na \u00c1frica do Sul. Rep\u00f3rter e Editor, trabalhou no Jornal da Tarde e Estad\u00e3o, de 1984 a fevereiro de 2016. Colunista, blogueiro. E comentarista de futebol na R\u00e1dio Estad\u00e3o, de 2013 a fevereiro de 2016. Jornalista respons\u00e1vel do \"Pr\u00f3speri News\" (blogdoprosperi.com).","sameAs":["http:\/\/blogdoprosperi.com","Luiz Pr\u00f3speri","@luiz_prosperi","https:\/\/x.com\/Luizprosperi","@prosperinacopa","luiz.prosperi@icloud.com"],"url":"https:\/\/blogdoprosperi.com\/?author=102107496"}]}},"jetpack_publicize_connections":[],"jetpack_likes_enabled":false,"jetpack_sharing_enabled":true,"jetpack_shortlink":"https:\/\/wp.me\/p7jvdk-bkw","jetpack-related-posts":[{"id":43367,"url":"https:\/\/blogdoprosperi.com\/?p=43367","url_meta":{"origin":43556,"position":0},"title":"Portugal x Eslov\u00eania na Euro 2024: onde acompanhar na TV e streaming","author":"Luiz Ant\u00f4nio Pr\u00f3speri","date":"1 de julho de 2024","format":false,"excerpt":"Fran\u00e7a est\u00e1 nas quartas de final gra\u00e7as a um gol contra do zagueiro Vertongen, em chute de Kolo Muani aos 40 minutos do segundo tempo, na vit\u00f3ria em cima da B\u00e9lgica por 1 a 0. Castigo aos belgas e sorte dos franceses, at\u00e9 aqui com um ataque med\u00edocre \u2013 apenas\u2026","rel":"","context":"Em &quot;futebol&quot;","block_context":{"text":"futebol","link":"https:\/\/blogdoprosperi.com\/?cat=53870"},"img":{"alt_text":"Cristiano Ronaldo estreia na Euro 2024","src":"https:\/\/i0.wp.com\/blogdoprosperi.com\/wp-content\/uploads\/2024\/06\/captura-de-tela-2024-06-18-as-10.33.54.png?fit=910%2C782&ssl=1&resize=350%2C200","width":350,"height":200,"srcset":"https:\/\/i0.wp.com\/blogdoprosperi.com\/wp-content\/uploads\/2024\/06\/captura-de-tela-2024-06-18-as-10.33.54.png?fit=910%2C782&ssl=1&resize=350%2C200 1x, https:\/\/i0.wp.com\/blogdoprosperi.com\/wp-content\/uploads\/2024\/06\/captura-de-tela-2024-06-18-as-10.33.54.png?fit=910%2C782&ssl=1&resize=525%2C300 1.5x, https:\/\/i0.wp.com\/blogdoprosperi.com\/wp-content\/uploads\/2024\/06\/captura-de-tela-2024-06-18-as-10.33.54.png?fit=910%2C782&ssl=1&resize=700%2C400 2x"},"classes":[]},{"id":43604,"url":"https:\/\/blogdoprosperi.com\/?p=43604","url_meta":{"origin":43556,"position":1},"title":"Euro 2024 na TV \u2013 sexta-feira: Portugal x Fran\u00e7a ou Cristiano x Mbapp\u00e9","author":"Luiz Ant\u00f4nio Pr\u00f3speri","date":"5 de julho de 2024","format":false,"excerpt":"Portugal e Fran\u00e7a se enfrentam \u00e0s 16h em Hamburgo. O vencedor do confronto vai \u00e0 semifinal contra o vencedor de Espanha x Alemanha. Portugal vs Fran\u00e7a \u2013 16h \u2013 transmiss\u00e3o YouTube Caz\u00e9TV e PrimeVideo Nem Portugal e muitos menos a Fran\u00e7a mostraram grande futebol at\u00e9 aqui. Decep\u00e7\u00e3o resume bem o\u2026","rel":"","context":"Em &quot;futebol&quot;","block_context":{"text":"futebol","link":"https:\/\/blogdoprosperi.com\/?cat=53870"},"img":{"alt_text":"","src":"https:\/\/i0.wp.com\/blogdoprosperi.com\/wp-content\/uploads\/2024\/07\/euro_24_-_2_players_h2h_-_facebook_15_.jpg?fit=988%2C556&ssl=1&resize=350%2C200","width":350,"height":200,"srcset":"https:\/\/i0.wp.com\/blogdoprosperi.com\/wp-content\/uploads\/2024\/07\/euro_24_-_2_players_h2h_-_facebook_15_.jpg?fit=988%2C556&ssl=1&resize=350%2C200 1x, https:\/\/i0.wp.com\/blogdoprosperi.com\/wp-content\/uploads\/2024\/07\/euro_24_-_2_players_h2h_-_facebook_15_.jpg?fit=988%2C556&ssl=1&resize=525%2C300 1.5x, https:\/\/i0.wp.com\/blogdoprosperi.com\/wp-content\/uploads\/2024\/07\/euro_24_-_2_players_h2h_-_facebook_15_.jpg?fit=988%2C556&ssl=1&resize=700%2C400 2x"},"classes":[]},{"id":42902,"url":"https:\/\/blogdoprosperi.com\/?p=42902","url_meta":{"origin":43556,"position":2},"title":"Programa\u00e7\u00e3o TV: ao vivo estreia de Cristiano Ronaldo na Euro 2024","author":"Luiz Ant\u00f4nio Pr\u00f3speri","date":"18 de junho de 2024","format":false,"excerpt":"Cristiano Ronaldo estreia na Euro 2024 nessa ter\u00e7a-feira (17\/6) no jogo Portugal x Tch\u00e9quia, \u00e0s 16h, com transmiss\u00e3o ao vivo no SporTV e Globoplay, direto de Leipzig. Ser\u00e1 a sexta Eurocopa, e talvez a \u00faltima, na carreira de CR7. Sele\u00e7\u00e3o portuguesa \u00e9 uma das favoritas ao t\u00edtulo. Confira programa\u00e7\u00e3o da\u2026","rel":"","context":"Em &quot;futebol&quot;","block_context":{"text":"futebol","link":"https:\/\/blogdoprosperi.com\/?cat=53870"},"img":{"alt_text":"Cristiano Ronaldo estreia na Euro 2024","src":"https:\/\/i0.wp.com\/blogdoprosperi.com\/wp-content\/uploads\/2024\/06\/captura-de-tela-2024-06-18-as-10.33.54.png?fit=910%2C782&ssl=1&resize=350%2C200","width":350,"height":200,"srcset":"https:\/\/i0.wp.com\/blogdoprosperi.com\/wp-content\/uploads\/2024\/06\/captura-de-tela-2024-06-18-as-10.33.54.png?fit=910%2C782&ssl=1&resize=350%2C200 1x, https:\/\/i0.wp.com\/blogdoprosperi.com\/wp-content\/uploads\/2024\/06\/captura-de-tela-2024-06-18-as-10.33.54.png?fit=910%2C782&ssl=1&resize=525%2C300 1.5x, https:\/\/i0.wp.com\/blogdoprosperi.com\/wp-content\/uploads\/2024\/06\/captura-de-tela-2024-06-18-as-10.33.54.png?fit=910%2C782&ssl=1&resize=700%2C400 2x"},"classes":[]},{"id":42933,"url":"https:\/\/blogdoprosperi.com\/?p=42933","url_meta":{"origin":43556,"position":3},"title":"Euro 2024 TV ao vivo: Alemanha rumo \u00e0s oitavas e agonia de Cro\u00e1cia e Alb\u00e2nia","author":"Luiz Ant\u00f4nio Pr\u00f3speri","date":"19 de junho de 2024","format":false,"excerpt":"Alemanha entra na segunda rodada pronta a confirmar classifica\u00e7\u00e3o \u00e0s oitavas de final. Enfrenta a fraca Hungria, no Grupo A, nessa quarta-feira, \u00e0s 13h, em Stuttgart, depois de golear a Esc\u00f3cia por 5 a 1 na abertura da Euro 2024. Uma vit\u00f3ria leva os alem\u00e3es \u00e0 segunda fase. Jogo pesado\u2026","rel":"","context":"Em &quot;futebol&quot;","block_context":{"text":"futebol","link":"https:\/\/blogdoprosperi.com\/?cat=53870"},"img":{"alt_text":"Segunda rodada da Euro com Modric (Cro\u00e1cia), Wirtz (Alemanha) e Saka (Su\u00ed\u00e7a)","src":"https:\/\/i0.wp.com\/blogdoprosperi.com\/wp-content\/uploads\/2024\/06\/euro_24_-_3_players_country_-_facebook_2_.webp?fit=988%2C556&ssl=1&resize=350%2C200","width":350,"height":200,"srcset":"https:\/\/i0.wp.com\/blogdoprosperi.com\/wp-content\/uploads\/2024\/06\/euro_24_-_3_players_country_-_facebook_2_.webp?fit=988%2C556&ssl=1&resize=350%2C200 1x, https:\/\/i0.wp.com\/blogdoprosperi.com\/wp-content\/uploads\/2024\/06\/euro_24_-_3_players_country_-_facebook_2_.webp?fit=988%2C556&ssl=1&resize=525%2C300 1.5x, https:\/\/i0.wp.com\/blogdoprosperi.com\/wp-content\/uploads\/2024\/06\/euro_24_-_3_players_country_-_facebook_2_.webp?fit=988%2C556&ssl=1&resize=700%2C400 2x"},"classes":[]},{"id":42971,"url":"https:\/\/blogdoprosperi.com\/?p=42971","url_meta":{"origin":43556,"position":4},"title":"Jogos Euro 2024 na TV: cl\u00e1ssico Espanha vs It\u00e1lia; Dinamarca vs Inglaterra","author":"Luiz Ant\u00f4nio Pr\u00f3speri","date":"20 de junho de 2024","format":false,"excerpt":"Espanha vs It\u00e1lia \u00e9 o destaque da Euro nessa quinta-feira (20\/6) em Gelsenkirchen. Jogo do Grupo B vale classifica\u00e7\u00e3o \u00e0s oitavas. Na primeira rodada, os espanh\u00f3is venceram a Cro\u00e1cia por 3 a 0 e os italianos derrotaram Alb\u00e2nia por 2 a 1. Outro confronto de muitas atra\u00e7\u00f5es: Dinamarca vs Inglaterra\u2026","rel":"","context":"Em &quot;futebol&quot;","block_context":{"text":"futebol","link":"https:\/\/blogdoprosperi.com\/?cat=53870"},"img":{"alt_text":"","src":"https:\/\/i0.wp.com\/blogdoprosperi.com\/wp-content\/uploads\/2024\/06\/captura-de-tela-2024-06-20-as-00.10.53.png?fit=1200%2C667&ssl=1&resize=350%2C200","width":350,"height":200,"srcset":"https:\/\/i0.wp.com\/blogdoprosperi.com\/wp-content\/uploads\/2024\/06\/captura-de-tela-2024-06-20-as-00.10.53.png?fit=1200%2C667&ssl=1&resize=350%2C200 1x, https:\/\/i0.wp.com\/blogdoprosperi.com\/wp-content\/uploads\/2024\/06\/captura-de-tela-2024-06-20-as-00.10.53.png?fit=1200%2C667&ssl=1&resize=525%2C300 1.5x, https:\/\/i0.wp.com\/blogdoprosperi.com\/wp-content\/uploads\/2024\/06\/captura-de-tela-2024-06-20-as-00.10.53.png?fit=1200%2C667&ssl=1&resize=700%2C400 2x, https:\/\/i0.wp.com\/blogdoprosperi.com\/wp-content\/uploads\/2024\/06\/captura-de-tela-2024-06-20-as-00.10.53.png?fit=1200%2C667&ssl=1&resize=1050%2C600 3x"},"classes":[]},{"id":42919,"url":"https:\/\/blogdoprosperi.com\/?p=42919","url_meta":{"origin":43556,"position":5},"title":"Cristiano Ronaldo n\u00e3o empolga Portugal e Fran\u00e7a perde Mbapp\u00e9","author":"Luiz Ant\u00f4nio Pr\u00f3speri","date":"18 de junho de 2024","format":false,"excerpt":"Cristiano Ronaldo estreia na Eurocopa sob \u00edcone do craque dos craques. Sua sexta Euro. N\u00e3o \u00e9 para qualquer um. No fim das contas, esmorece. Cinco arremates sem lastro ao gol da Rep\u00fablica Checa. Uma agonia sem fim, compensada apenas nos acr\u00e9scimos do segundo tempo quando o suplente Francisco Concei\u00e7\u00e3o faz\u2026","rel":"","context":"Em &quot;catar 2022&quot;","block_context":{"text":"catar 2022","link":"https:\/\/blogdoprosperi.com\/?cat=47094043"},"img":{"alt_text":"Cristiano Ronaldo sem brilho na estreia de Portugal","src":"https:\/\/i0.wp.com\/blogdoprosperi.com\/wp-content\/uploads\/2024\/06\/captura-de-tela-2024-06-18-as-23.31.42.png?fit=1108%2C820&ssl=1&resize=350%2C200","width":350,"height":200,"srcset":"https:\/\/i0.wp.com\/blogdoprosperi.com\/wp-content\/uploads\/2024\/06\/captura-de-tela-2024-06-18-as-23.31.42.png?fit=1108%2C820&ssl=1&resize=350%2C200 1x, https:\/\/i0.wp.com\/blogdoprosperi.com\/wp-content\/uploads\/2024\/06\/captura-de-tela-2024-06-18-as-23.31.42.png?fit=1108%2C820&ssl=1&resize=525%2C300 1.5x, https:\/\/i0.wp.com\/blogdoprosperi.com\/wp-content\/uploads\/2024\/06\/captura-de-tela-2024-06-18-as-23.31.42.png?fit=1108%2C820&ssl=1&resize=700%2C400 2x, https:\/\/i0.wp.com\/blogdoprosperi.com\/wp-content\/uploads\/2024\/06\/captura-de-tela-2024-06-18-as-23.31.42.png?fit=1108%2C820&ssl=1&resize=1050%2C600 3x"},"classes":[]}],"jetpack_featured_media_url":"https:\/\/i0.wp.com\/blogdoprosperi.com\/wp-content\/uploads\/2024\/07\/euro_24_-_2_players_h2h_-_facebook.jpg?fit=988%2C556&ssl=1","_links":{"self":[{"href":"https:\/\/blogdoprosperi.com\/index.php?rest_route=\/wp\/v2\/posts\/43556","targetHints":{"allow":["GET"]}}],"collection":[{"href":"https:\/\/blogdoprosperi.com\/index.php?rest_route=\/wp\/v2\/posts"}],"about":[{"href":"https:\/\/blogdoprosperi.com\/index.php?rest_route=\/wp\/v2\/types\/post"}],"author":[{"embeddable":true,"href":"https:\/\/blogdoprosperi.com\/index.php?rest_route=\/wp\/v2\/users\/102107496"}],"replies":[{"embeddable":true,"href":"https:\/\/blogdoprosperi.com\/index.php?rest_route=%2Fwp%2Fv2%2Fcomments&post=43556"}],"version-history":[{"count":18,"href":"https:\/\/blogdoprosperi.com\/index.php?rest_route=\/wp\/v2\/posts\/43556\/revisions"}],"predecessor-version":[{"id":43579,"href":"https:\/\/blogdoprosperi.com\/index.php?rest_route=\/wp\/v2\/posts\/43556\/revisions\/43579"}],"wp:featuredmedia":[{"embeddable":true,"href":"https:\/\/blogdoprosperi.com\/index.php?rest_route=\/wp\/v2\/media\/43564"}],"wp:attachment":[{"href":"https:\/\/blogdoprosperi.com\/index.php?rest_route=%2Fwp%2Fv2%2Fmedia&parent=43556"}],"wp:term":[{"taxonomy":"category","embeddable":true,"href":"https:\/\/blogdoprosperi.com\/index.php?rest_route=%2Fwp%2Fv2%2Fcategories&post=43556"},{"taxonomy":"post_tag","embeddable":true,"href":"https:\/\/blogdoprosperi.com\/index.php?rest_route=%2Fwp%2Fv2%2Ftags&post=43556"}],"curies":[{"name":"wp","href":"https:\/\/api.w.org\/{rel}","templated":true}]}}