{"id":43671,"date":"2024-07-06T12:51:23","date_gmt":"2024-07-06T15:51:23","guid":{"rendered":"https:\/\/blogdoprosperi.com\/?p=43671"},"modified":"2024-07-06T12:51:23","modified_gmt":"2024-07-06T15:51:23","slug":"marcelo-bielsa-e-um-caso-serio-o-que-aconteceu-com-o-pobre-futebol-sul-americano","status":"publish","type":"post","link":"https:\/\/blogdoprosperi.com\/?p=43671","title":{"rendered":"Marcelo Bielsa \u00e9 um caso s\u00e9rio: &#8220;O que aconteceu com o pobre futebol sul-americano?&#8221;"},"content":{"rendered":"<p>Marcelo Bielsa, t\u00e9cnico do Uruguai, questiona empobrecimento do futebol sul-americano. Um petardo:<\/p>\n<p><span style=\"color: #0000ff\"><strong><a style=\"color: #0000ff\" href=\"https:\/\/x.com\/trivela\/status\/1809407842396381265\">https:\/\/x.com\/trivela\/status\/1809407842396381265<\/a><\/strong><\/span><\/p>\n<p><strong>Acompanhe coletiva de Bielsa:<\/strong><\/p>\n<div class=\"jetpack-video-wrapper\"><span class=\"embed-youtube\" style=\"text-align:center; display: block;\"><iframe loading=\"lazy\" class=\"youtube-player\" width=\"560\" height=\"315\" src=\"https:\/\/www.youtube.com\/embed\/uKg-s_EI9lE?version=3&#038;rel=1&#038;showsearch=0&#038;showinfo=1&#038;iv_load_policy=1&#038;fs=1&#038;hl=pt-BR&#038;autohide=2&#038;wmode=transparent\" allowfullscreen=\"true\" style=\"border:0;\" sandbox=\"allow-scripts allow-same-origin allow-popups allow-presentation allow-popups-to-escape-sandbox\"><\/iframe><\/span><\/div>\n<p>&nbsp;<\/p>\n<p>&nbsp;<\/p>\n<p>&nbsp;<\/p>\n","protected":false},"excerpt":{"rendered":"<p>Marcelo Bielsa, t\u00e9cnico do Uruguai, questiona empobrecimento do futebol sul-americano. Um petardo: <a href=\"https:\/\/x.com\/trivela\/status\/1809407842396381265\" rel=\"nofollow\">https:\/\/x.com\/trivela\/status\/1809407842396381265<\/a> Acompanhe coletiva de Bielsa: &nbsp; [&hellip;]<\/p>\n","protected":false},"author":102107496,"featured_media":43683,"comment_status":"open","ping_status":"open","sticky":false,"template":"","format":"standard","meta":{"_coblocks_attr":"","_coblocks_dimensions":"","_coblocks_responsive_height":"","_coblocks_accordion_ie_support":"","_jetpack_newsletter_access":"","_jetpack_dont_email_post_to_subs":false,"_jetpack_newsletter_tier_id":0,"_jetpack_memberships_contains_paywalled_content":false,"_wpcom_ai_launchpad_first_post":false,"_jetpack_feature_clip_id":0,"_jetpack_memberships_contains_paid_content":false,"footnotes":"","jetpack_publicize_message":"","jetpack_publicize_feature_enabled":true,"jetpack_social_post_already_shared":false,"jetpack_social_options":{"image_generator_settings":{"template":"highway","default_image_id":0,"font":"","enabled":false},"version":2},"jetpack_post_was_ever_published":false},"categories":[53870],"tags":[10668348,701438958,789560560,1812710,16195213],"class_list":["post-43671","post","type-post","status-publish","format-standard","has-post-thumbnail","hentry","category-futebol","tag-0000ff","tag-copa-america-2024","tag-futebol","tag-marcelo-bielsa","tag-uruguai-x-brasil"],"yoast_head":"<!-- This site is optimized with the Yoast SEO plugin v28.3 - https:\/\/yoast.com\/product\/yoast-seo-wordpress\/ -->\n<title>Marcelo Bielsa \u00e9 um caso s\u00e9rio: &quot;O que aconteceu com o pobre futebol sul-americano?&quot; - PR\u00d3SPERI NEWS<\/title>\n<meta name=\"robots\" content=\"index, follow, max-snippet:-1, max-image-preview:large, max-video-preview:-1\" \/>\n<link rel=\"canonical\" href=\"https:\/\/blogdoprosperi.com\/?p=43671\" \/>\n<meta property=\"og:locale\" content=\"pt_BR\" \/>\n<meta property=\"og:type\" content=\"article\" \/>\n<meta property=\"og:title\" content=\"Marcelo Bielsa \u00e9 um caso s\u00e9rio: &quot;O que aconteceu com o pobre futebol sul-americano?&quot; - PR\u00d3SPERI NEWS\" \/>\n<meta property=\"og:description\" content=\"Marcelo Bielsa, t\u00e9cnico do Uruguai, questiona empobrecimento do futebol sul-americano. Um petardo: https:\/\/x.com\/trivela\/status\/1809407842396381265 Acompanhe coletiva de Bielsa: &nbsp; [&hellip;]\" \/>\n<meta property=\"og:url\" content=\"https:\/\/blogdoprosperi.com\/?p=43671\" \/>\n<meta property=\"og:site_name\" content=\"PR\u00d3SPERI NEWS\" \/>\n<meta property=\"article:publisher\" content=\"Luiz Pr\u00f3speri\" \/>\n<meta property=\"article:author\" content=\"Luiz Pr\u00f3speri\" \/>\n<meta property=\"article:published_time\" content=\"2024-07-06T15:51:23+00:00\" \/>\n<meta property=\"og:image\" content=\"https:\/\/i0.wp.com\/blogdoprosperi.com\/wp-content\/uploads\/2024\/07\/r3j_1751.jpg?fit=869%2C570&ssl=1\" \/>\n\t<meta property=\"og:image:width\" content=\"869\" \/>\n\t<meta property=\"og:image:height\" content=\"570\" \/>\n\t<meta property=\"og:image:type\" content=\"image\/jpeg\" \/>\n<meta name=\"author\" content=\"Luiz Ant\u00f4nio Pr\u00f3speri\" \/>\n<meta name=\"twitter:card\" content=\"summary_large_image\" \/>\n<meta name=\"twitter:creator\" content=\"@Luizprosperi\" \/>\n<meta name=\"twitter:site\" content=\"@Luizprosperi\" \/>\n<meta name=\"twitter:label1\" content=\"Escrito por\" \/>\n\t<meta name=\"twitter:data1\" content=\"Luiz Ant\u00f4nio Pr\u00f3speri\" \/>\n<script type=\"application\/ld+json\" class=\"yoast-schema-graph\">{\"@context\":\"https:\\\/\\\/schema.org\",\"@graph\":[{\"@type\":\"Article\",\"@id\":\"https:\\\/\\\/blogdoprosperi.com\\\/?p=43671#article\",\"isPartOf\":{\"@id\":\"https:\\\/\\\/blogdoprosperi.com\\\/?p=43671\"},\"author\":{\"name\":\"Luiz Ant\u00f4nio Pr\u00f3speri\",\"@id\":\"https:\\\/\\\/blogdoprosperi.com\\\/#\\\/schema\\\/person\\\/38100755ce3601861ee4fab9b5aa78e9\"},\"headline\":\"Marcelo Bielsa \u00e9 um caso s\u00e9rio: &#8220;O que aconteceu com o pobre futebol sul-americano?&#8221;\",\"datePublished\":\"2024-07-06T15:51:23+00:00\",\"mainEntityOfPage\":{\"@id\":\"https:\\\/\\\/blogdoprosperi.com\\\/?p=43671\"},\"wordCount\":55,\"commentCount\":1,\"publisher\":{\"@id\":\"https:\\\/\\\/blogdoprosperi.com\\\/#\\\/schema\\\/person\\\/38100755ce3601861ee4fab9b5aa78e9\"},\"image\":{\"@id\":\"https:\\\/\\\/blogdoprosperi.com\\\/?p=43671#primaryimage\"},\"thumbnailUrl\":\"https:\\\/\\\/i0.wp.com\\\/blogdoprosperi.com\\\/wp-content\\\/uploads\\\/2024\\\/07\\\/r3j_1751.jpg?fit=869%2C570&ssl=1\",\"keywords\":[\"0000ff\",\"copa am\u00e9rica 2024\",\"futebol\",\"Marcelo Bielsa\",\"Uruguai x brasil\"],\"articleSection\":[\"futebol\"],\"inLanguage\":\"pt-BR\",\"potentialAction\":[{\"@type\":\"CommentAction\",\"name\":\"Comment\",\"target\":[\"https:\\\/\\\/blogdoprosperi.com\\\/?p=43671#respond\"]}]},{\"@type\":\"WebPage\",\"@id\":\"https:\\\/\\\/blogdoprosperi.com\\\/?p=43671\",\"url\":\"https:\\\/\\\/blogdoprosperi.com\\\/?p=43671\",\"name\":\"Marcelo Bielsa \u00e9 um caso s\u00e9rio: \\\"O que aconteceu com o pobre futebol sul-americano?\\\" - PR\u00d3SPERI NEWS\",\"isPartOf\":{\"@id\":\"https:\\\/\\\/blogdoprosperi.com\\\/#website\"},\"primaryImageOfPage\":{\"@id\":\"https:\\\/\\\/blogdoprosperi.com\\\/?p=43671#primaryimage\"},\"image\":{\"@id\":\"https:\\\/\\\/blogdoprosperi.com\\\/?p=43671#primaryimage\"},\"thumbnailUrl\":\"https:\\\/\\\/i0.wp.com\\\/blogdoprosperi.com\\\/wp-content\\\/uploads\\\/2024\\\/07\\\/r3j_1751.jpg?fit=869%2C570&ssl=1\",\"datePublished\":\"2024-07-06T15:51:23+00:00\",\"breadcrumb\":{\"@id\":\"https:\\\/\\\/blogdoprosperi.com\\\/?p=43671#breadcrumb\"},\"inLanguage\":\"pt-BR\",\"potentialAction\":[{\"@type\":\"ReadAction\",\"target\":[\"https:\\\/\\\/blogdoprosperi.com\\\/?p=43671\"]}]},{\"@type\":\"ImageObject\",\"inLanguage\":\"pt-BR\",\"@id\":\"https:\\\/\\\/blogdoprosperi.com\\\/?p=43671#primaryimage\",\"url\":\"https:\\\/\\\/i0.wp.com\\\/blogdoprosperi.com\\\/wp-content\\\/uploads\\\/2024\\\/07\\\/r3j_1751.jpg?fit=869%2C570&ssl=1\",\"contentUrl\":\"https:\\\/\\\/i0.wp.com\\\/blogdoprosperi.com\\\/wp-content\\\/uploads\\\/2024\\\/07\\\/r3j_1751.jpg?fit=869%2C570&ssl=1\",\"width\":869,\"height\":570,\"caption\":\"Bielsa exp\u00f5e mazelas do nosso futebol \u2013 foto: AUF oficial\"},{\"@type\":\"BreadcrumbList\",\"@id\":\"https:\\\/\\\/blogdoprosperi.com\\\/?p=43671#breadcrumb\",\"itemListElement\":[{\"@type\":\"ListItem\",\"position\":1,\"name\":\"In\u00edcio\",\"item\":\"https:\\\/\\\/blogdoprosperi.com\\\/\"},{\"@type\":\"ListItem\",\"position\":2,\"name\":\"Marcelo Bielsa \u00e9 um caso s\u00e9rio: &#8220;O que aconteceu com o pobre futebol sul-americano?&#8221;\"}]},{\"@type\":\"WebSite\",\"@id\":\"https:\\\/\\\/blogdoprosperi.com\\\/#website\",\"url\":\"https:\\\/\\\/blogdoprosperi.com\\\/\",\"name\":\"PR\u00d3SPERI NEWS\",\"description\":\"TUDO \u00c9  FUTEBOL\",\"publisher\":{\"@id\":\"https:\\\/\\\/blogdoprosperi.com\\\/#\\\/schema\\\/person\\\/38100755ce3601861ee4fab9b5aa78e9\"},\"alternateName\":\"blogdoprosperi.com\",\"potentialAction\":[{\"@type\":\"SearchAction\",\"target\":{\"@type\":\"EntryPoint\",\"urlTemplate\":\"https:\\\/\\\/blogdoprosperi.com\\\/?s={search_term_string}\"},\"query-input\":{\"@type\":\"PropertyValueSpecification\",\"valueRequired\":true,\"valueName\":\"search_term_string\"}}],\"inLanguage\":\"pt-BR\"},{\"@type\":[\"Person\",\"Organization\"],\"@id\":\"https:\\\/\\\/blogdoprosperi.com\\\/#\\\/schema\\\/person\\\/38100755ce3601861ee4fab9b5aa78e9\",\"name\":\"Luiz Ant\u00f4nio Pr\u00f3speri\",\"pronouns\":\"ele\",\"image\":{\"@type\":\"ImageObject\",\"inLanguage\":\"pt-BR\",\"@id\":\"https:\\\/\\\/i0.wp.com\\\/blogdoprosperi.com\\\/wp-content\\\/uploads\\\/2026\\\/05\\\/cropped-8059e613-6002-42fa-961e-8e275f575d71-2-5.jpg?fit=1360%2C931&ssl=1\",\"url\":\"https:\\\/\\\/i0.wp.com\\\/blogdoprosperi.com\\\/wp-content\\\/uploads\\\/2026\\\/05\\\/cropped-8059e613-6002-42fa-961e-8e275f575d71-2-5.jpg?fit=1360%2C931&ssl=1\",\"contentUrl\":\"https:\\\/\\\/i0.wp.com\\\/blogdoprosperi.com\\\/wp-content\\\/uploads\\\/2026\\\/05\\\/cropped-8059e613-6002-42fa-961e-8e275f575d71-2-5.jpg?fit=1360%2C931&ssl=1\",\"width\":1360,\"height\":931,\"caption\":\"Luiz Ant\u00f4nio Pr\u00f3speri\"},\"logo\":{\"@id\":\"https:\\\/\\\/i0.wp.com\\\/blogdoprosperi.com\\\/wp-content\\\/uploads\\\/2026\\\/05\\\/cropped-8059e613-6002-42fa-961e-8e275f575d71-2-5.jpg?fit=1360%2C931&ssl=1\"},\"description\":\"Jornalista com carreira dedicada ao esporte. Cobriu 9 Copas do Mundo in loco, 1990 na It\u00e1lia, 1994 nos EUA, 1998 na Fran\u00e7a, 2002 na Coreia do Sul e Jap\u00e3o, 2006 na Alemanha, 2010 na \u00c1frica do Sul, 2014 no Brasil, 2018 na R\u00fassia e 2022 no Qatar. Eurocopas, 1992 na Su\u00e9cia e 1996 na Inglaterra. Copa das Confedera\u00e7\u00f5es de 2005 na Alemanha e 2009 na \u00c1frica do Sul. Rep\u00f3rter e Editor, trabalhou no Jornal da Tarde e Estad\u00e3o, de 1984 a fevereiro de 2016. Colunista, blogueiro. E comentarista de futebol na R\u00e1dio Estad\u00e3o, de 2013 a fevereiro de 2016. Jornalista respons\u00e1vel do \\\"Pr\u00f3speri News\\\" (blogdoprosperi.com).\",\"sameAs\":[\"http:\\\/\\\/blogdoprosperi.com\",\"Luiz Pr\u00f3speri\",\"@luiz_prosperi\",\"https:\\\/\\\/x.com\\\/Luizprosperi\",\"@prosperinacopa\",\"luiz.prosperi@icloud.com\"],\"url\":\"https:\\\/\\\/blogdoprosperi.com\\\/?author=102107496\"}]}<\/script>\n<!-- \/ Yoast SEO plugin. -->","yoast_head_json":{"title":"Marcelo Bielsa \u00e9 um caso s\u00e9rio: \"O que aconteceu com o pobre futebol sul-americano?\" - PR\u00d3SPERI NEWS","robots":{"index":"index","follow":"follow","max-snippet":"max-snippet:-1","max-image-preview":"max-image-preview:large","max-video-preview":"max-video-preview:-1"},"canonical":"https:\/\/blogdoprosperi.com\/?p=43671","og_locale":"pt_BR","og_type":"article","og_title":"Marcelo Bielsa \u00e9 um caso s\u00e9rio: \"O que aconteceu com o pobre futebol sul-americano?\" - PR\u00d3SPERI NEWS","og_description":"Marcelo Bielsa, t\u00e9cnico do Uruguai, questiona empobrecimento do futebol sul-americano. Um petardo: https:\/\/x.com\/trivela\/status\/1809407842396381265 Acompanhe coletiva de Bielsa: &nbsp; [&hellip;]","og_url":"https:\/\/blogdoprosperi.com\/?p=43671","og_site_name":"PR\u00d3SPERI NEWS","article_publisher":"Luiz Pr\u00f3speri","article_author":"Luiz Pr\u00f3speri","article_published_time":"2024-07-06T15:51:23+00:00","og_image":[{"width":869,"height":570,"url":"https:\/\/i0.wp.com\/blogdoprosperi.com\/wp-content\/uploads\/2024\/07\/r3j_1751.jpg?fit=869%2C570&ssl=1","type":"image\/jpeg"}],"author":"Luiz Ant\u00f4nio Pr\u00f3speri","twitter_card":"summary_large_image","twitter_creator":"@Luizprosperi","twitter_site":"@Luizprosperi","twitter_misc":{"Escrito por":"Luiz Ant\u00f4nio Pr\u00f3speri"},"schema":{"@context":"https:\/\/schema.org","@graph":[{"@type":"Article","@id":"https:\/\/blogdoprosperi.com\/?p=43671#article","isPartOf":{"@id":"https:\/\/blogdoprosperi.com\/?p=43671"},"author":{"name":"Luiz Ant\u00f4nio Pr\u00f3speri","@id":"https:\/\/blogdoprosperi.com\/#\/schema\/person\/38100755ce3601861ee4fab9b5aa78e9"},"headline":"Marcelo Bielsa \u00e9 um caso s\u00e9rio: &#8220;O que aconteceu com o pobre futebol sul-americano?&#8221;","datePublished":"2024-07-06T15:51:23+00:00","mainEntityOfPage":{"@id":"https:\/\/blogdoprosperi.com\/?p=43671"},"wordCount":55,"commentCount":1,"publisher":{"@id":"https:\/\/blogdoprosperi.com\/#\/schema\/person\/38100755ce3601861ee4fab9b5aa78e9"},"image":{"@id":"https:\/\/blogdoprosperi.com\/?p=43671#primaryimage"},"thumbnailUrl":"https:\/\/i0.wp.com\/blogdoprosperi.com\/wp-content\/uploads\/2024\/07\/r3j_1751.jpg?fit=869%2C570&ssl=1","keywords":["0000ff","copa am\u00e9rica 2024","futebol","Marcelo Bielsa","Uruguai x brasil"],"articleSection":["futebol"],"inLanguage":"pt-BR","potentialAction":[{"@type":"CommentAction","name":"Comment","target":["https:\/\/blogdoprosperi.com\/?p=43671#respond"]}]},{"@type":"WebPage","@id":"https:\/\/blogdoprosperi.com\/?p=43671","url":"https:\/\/blogdoprosperi.com\/?p=43671","name":"Marcelo Bielsa \u00e9 um caso s\u00e9rio: \"O que aconteceu com o pobre futebol sul-americano?\" - PR\u00d3SPERI NEWS","isPartOf":{"@id":"https:\/\/blogdoprosperi.com\/#website"},"primaryImageOfPage":{"@id":"https:\/\/blogdoprosperi.com\/?p=43671#primaryimage"},"image":{"@id":"https:\/\/blogdoprosperi.com\/?p=43671#primaryimage"},"thumbnailUrl":"https:\/\/i0.wp.com\/blogdoprosperi.com\/wp-content\/uploads\/2024\/07\/r3j_1751.jpg?fit=869%2C570&ssl=1","datePublished":"2024-07-06T15:51:23+00:00","breadcrumb":{"@id":"https:\/\/blogdoprosperi.com\/?p=43671#breadcrumb"},"inLanguage":"pt-BR","potentialAction":[{"@type":"ReadAction","target":["https:\/\/blogdoprosperi.com\/?p=43671"]}]},{"@type":"ImageObject","inLanguage":"pt-BR","@id":"https:\/\/blogdoprosperi.com\/?p=43671#primaryimage","url":"https:\/\/i0.wp.com\/blogdoprosperi.com\/wp-content\/uploads\/2024\/07\/r3j_1751.jpg?fit=869%2C570&ssl=1","contentUrl":"https:\/\/i0.wp.com\/blogdoprosperi.com\/wp-content\/uploads\/2024\/07\/r3j_1751.jpg?fit=869%2C570&ssl=1","width":869,"height":570,"caption":"Bielsa exp\u00f5e mazelas do nosso futebol \u2013 foto: AUF oficial"},{"@type":"BreadcrumbList","@id":"https:\/\/blogdoprosperi.com\/?p=43671#breadcrumb","itemListElement":[{"@type":"ListItem","position":1,"name":"In\u00edcio","item":"https:\/\/blogdoprosperi.com\/"},{"@type":"ListItem","position":2,"name":"Marcelo Bielsa \u00e9 um caso s\u00e9rio: &#8220;O que aconteceu com o pobre futebol sul-americano?&#8221;"}]},{"@type":"WebSite","@id":"https:\/\/blogdoprosperi.com\/#website","url":"https:\/\/blogdoprosperi.com\/","name":"PR\u00d3SPERI NEWS","description":"TUDO \u00c9  FUTEBOL","publisher":{"@id":"https:\/\/blogdoprosperi.com\/#\/schema\/person\/38100755ce3601861ee4fab9b5aa78e9"},"alternateName":"blogdoprosperi.com","potentialAction":[{"@type":"SearchAction","target":{"@type":"EntryPoint","urlTemplate":"https:\/\/blogdoprosperi.com\/?s={search_term_string}"},"query-input":{"@type":"PropertyValueSpecification","valueRequired":true,"valueName":"search_term_string"}}],"inLanguage":"pt-BR"},{"@type":["Person","Organization"],"@id":"https:\/\/blogdoprosperi.com\/#\/schema\/person\/38100755ce3601861ee4fab9b5aa78e9","name":"Luiz Ant\u00f4nio Pr\u00f3speri","pronouns":"ele","image":{"@type":"ImageObject","inLanguage":"pt-BR","@id":"https:\/\/i0.wp.com\/blogdoprosperi.com\/wp-content\/uploads\/2026\/05\/cropped-8059e613-6002-42fa-961e-8e275f575d71-2-5.jpg?fit=1360%2C931&ssl=1","url":"https:\/\/i0.wp.com\/blogdoprosperi.com\/wp-content\/uploads\/2026\/05\/cropped-8059e613-6002-42fa-961e-8e275f575d71-2-5.jpg?fit=1360%2C931&ssl=1","contentUrl":"https:\/\/i0.wp.com\/blogdoprosperi.com\/wp-content\/uploads\/2026\/05\/cropped-8059e613-6002-42fa-961e-8e275f575d71-2-5.jpg?fit=1360%2C931&ssl=1","width":1360,"height":931,"caption":"Luiz Ant\u00f4nio Pr\u00f3speri"},"logo":{"@id":"https:\/\/i0.wp.com\/blogdoprosperi.com\/wp-content\/uploads\/2026\/05\/cropped-8059e613-6002-42fa-961e-8e275f575d71-2-5.jpg?fit=1360%2C931&ssl=1"},"description":"Jornalista com carreira dedicada ao esporte. Cobriu 9 Copas do Mundo in loco, 1990 na It\u00e1lia, 1994 nos EUA, 1998 na Fran\u00e7a, 2002 na Coreia do Sul e Jap\u00e3o, 2006 na Alemanha, 2010 na \u00c1frica do Sul, 2014 no Brasil, 2018 na R\u00fassia e 2022 no Qatar. Eurocopas, 1992 na Su\u00e9cia e 1996 na Inglaterra. Copa das Confedera\u00e7\u00f5es de 2005 na Alemanha e 2009 na \u00c1frica do Sul. Rep\u00f3rter e Editor, trabalhou no Jornal da Tarde e Estad\u00e3o, de 1984 a fevereiro de 2016. Colunista, blogueiro. E comentarista de futebol na R\u00e1dio Estad\u00e3o, de 2013 a fevereiro de 2016. Jornalista respons\u00e1vel do \"Pr\u00f3speri News\" (blogdoprosperi.com).","sameAs":["http:\/\/blogdoprosperi.com","Luiz Pr\u00f3speri","@luiz_prosperi","https:\/\/x.com\/Luizprosperi","@prosperinacopa","luiz.prosperi@icloud.com"],"url":"https:\/\/blogdoprosperi.com\/?author=102107496"}]}},"jetpack_publicize_connections":[],"jetpack_likes_enabled":false,"jetpack_sharing_enabled":true,"jetpack_shortlink":"https:\/\/wp.me\/p7jvdk-bmn","jetpack-related-posts":[{"id":43971,"url":"https:\/\/blogdoprosperi.com\/?p=43971","url_meta":{"origin":43671,"position":0},"title":"Bielsa arrebenta organiza\u00e7\u00e3o da Copa Am\u00e9rica e faz duras cr\u00edticas aos EUA","author":"Luiz Ant\u00f4nio Pr\u00f3speri","date":"13 de julho de 2024","format":false,"excerpt":"Marcelo Bielsa, t\u00e9cnico argentino no comando da Sele\u00e7\u00e3o do Uruguai, bate forte nos organizadores da Copa Am\u00e9rica 2024. Sai em defesa de Lionel Scaloni, t\u00e9cnico da Argentina, e Vini Jr, advertidos por criticarem os gramados. E diz que os Estados Unidos s\u00f3 investigaram e denunciaram corrup\u00e7\u00e3o na Fifa e confedera\u00e7\u00f5es,\u2026","rel":"","context":"Em &quot;futebol&quot;","block_context":{"text":"futebol","link":"https:\/\/blogdoprosperi.com\/?cat=53870"},"img":{"alt_text":"Bielsa detona organiza\u00e7\u00e3o da Copa Am\u00e9rica 2024","src":"https:\/\/i0.wp.com\/blogdoprosperi.com\/wp-content\/uploads\/2024\/07\/thumbs.web_.sapo_.webp?fit=1200%2C801&ssl=1&resize=350%2C200","width":350,"height":200,"srcset":"https:\/\/i0.wp.com\/blogdoprosperi.com\/wp-content\/uploads\/2024\/07\/thumbs.web_.sapo_.webp?fit=1200%2C801&ssl=1&resize=350%2C200 1x, https:\/\/i0.wp.com\/blogdoprosperi.com\/wp-content\/uploads\/2024\/07\/thumbs.web_.sapo_.webp?fit=1200%2C801&ssl=1&resize=525%2C300 1.5x, https:\/\/i0.wp.com\/blogdoprosperi.com\/wp-content\/uploads\/2024\/07\/thumbs.web_.sapo_.webp?fit=1200%2C801&ssl=1&resize=700%2C400 2x, https:\/\/i0.wp.com\/blogdoprosperi.com\/wp-content\/uploads\/2024\/07\/thumbs.web_.sapo_.webp?fit=1200%2C801&ssl=1&resize=1050%2C600 3x"},"classes":[]},{"id":15504,"url":"https:\/\/blogdoprosperi.com\/?p=15504","url_meta":{"origin":43671,"position":1},"title":"Sa\u00edda de Bielsa da Lazio deixa futuro de Pato indefinido","author":"Luiz Ant\u00f4nio Pr\u00f3speri","date":"8 de julho de 2016","format":false,"excerpt":"Alexandre Pato continua nos planos da Lazio, mesmo com a desist\u00eancia de Marcelo Bielsa de dirigir o time - uma bomba que sacudiu o futebol italiano nesta sexta-feira (08\/7) de manh\u00e3 em Roma. A proposta inicial de 5 milh\u00f5es de euros (R$ 18,2 milh\u00f5es) passou para 2 milh\u00f5es (R$ 7\u2026","rel":"","context":"Em &quot;futebol&quot;","block_context":{"text":"futebol","link":"https:\/\/blogdoprosperi.com\/?cat=53870"},"img":{"alt_text":"","src":"https:\/\/i0.wp.com\/blogdoprosperi.com\/wp-content\/uploads\/2016\/07\/alx_esporte-alexandre-pato-corinthians-20160705-001_original.jpeg?resize=350%2C200&ssl=1","width":350,"height":200,"srcset":"https:\/\/i0.wp.com\/blogdoprosperi.com\/wp-content\/uploads\/2016\/07\/alx_esporte-alexandre-pato-corinthians-20160705-001_original.jpeg?resize=350%2C200&ssl=1 1x, https:\/\/i0.wp.com\/blogdoprosperi.com\/wp-content\/uploads\/2016\/07\/alx_esporte-alexandre-pato-corinthians-20160705-001_original.jpeg?resize=525%2C300&ssl=1 1.5x"},"classes":[]},{"id":15538,"url":"https:\/\/blogdoprosperi.com\/?p=15538","url_meta":{"origin":43671,"position":2},"title":"Pato diz n\u00e3o \u00e0 Lazio e garante que vai jogar no Corinthians at\u00e9 dezembro","author":"Luiz Ant\u00f4nio Pr\u00f3speri","date":"9 de julho de 2016","format":false,"excerpt":"Corinthians vai ser obrigado a ficar com Alexandre Pato at\u00e9 dezembro. E bancando R$ 800 mil mensais de sal\u00e1rios. A decis\u00e3o n\u00e3o partiu dos dirigentes do clube paulista e sim do pr\u00f3prio jogador. Pato, segundo o diretor da Lazio, Igle Tare, rejeitou a proposta do time italiano e ainda deixou\u2026","rel":"","context":"Em &quot;futebol&quot;","block_context":{"text":"futebol","link":"https:\/\/blogdoprosperi.com\/?cat=53870"},"img":{"alt_text":"","src":"https:\/\/i0.wp.com\/blogdoprosperi.com\/wp-content\/uploads\/2016\/07\/corinthians-pato-treino-sorriso-640x480-agencia-corinthians.jpg?resize=350%2C200&ssl=1","width":350,"height":200,"srcset":"https:\/\/i0.wp.com\/blogdoprosperi.com\/wp-content\/uploads\/2016\/07\/corinthians-pato-treino-sorriso-640x480-agencia-corinthians.jpg?resize=350%2C200&ssl=1 1x, https:\/\/i0.wp.com\/blogdoprosperi.com\/wp-content\/uploads\/2016\/07\/corinthians-pato-treino-sorriso-640x480-agencia-corinthians.jpg?resize=525%2C300&ssl=1 1.5x"},"classes":[]},{"id":36228,"url":"https:\/\/blogdoprosperi.com\/?p=36228","url_meta":{"origin":43671,"position":3},"title":"Lucas Pratto manda um recado. Para Rogerio Ceni?","author":"Luiz Ant\u00f4nio Pr\u00f3speri","date":"23 de junho de 2017","format":false,"excerpt":"Lucas Pratto \u00e9 um dos jogadores mais caros e com mais recursos t\u00e9cnicos nesse grupo de atletas do S\u00e3o Paulo. N\u00e3o se omite e sempre que \u00e9 chamado a dizer o que pensa, fala com sinceridade. Nesses dias de incertezas no Morumbi, Pratto parece que perdeu a paci\u00eancia. Contratado por\u2026","rel":"","context":"Em &quot;Campeonato Brasileiro&quot;","block_context":{"text":"Campeonato Brasileiro","link":"https:\/\/blogdoprosperi.com\/?cat=355071"},"img":{"alt_text":"","src":"https:\/\/i0.wp.com\/blogdoprosperi.com\/wp-content\/uploads\/2017\/06\/pro14-3.jpg?fit=1200%2C800&ssl=1&resize=350%2C200","width":350,"height":200,"srcset":"https:\/\/i0.wp.com\/blogdoprosperi.com\/wp-content\/uploads\/2017\/06\/pro14-3.jpg?fit=1200%2C800&ssl=1&resize=350%2C200 1x, https:\/\/i0.wp.com\/blogdoprosperi.com\/wp-content\/uploads\/2017\/06\/pro14-3.jpg?fit=1200%2C800&ssl=1&resize=525%2C300 1.5x, https:\/\/i0.wp.com\/blogdoprosperi.com\/wp-content\/uploads\/2017\/06\/pro14-3.jpg?fit=1200%2C800&ssl=1&resize=700%2C400 2x, https:\/\/i0.wp.com\/blogdoprosperi.com\/wp-content\/uploads\/2017\/06\/pro14-3.jpg?fit=1200%2C800&ssl=1&resize=1050%2C600 3x"},"classes":[]},{"id":15026,"url":"https:\/\/blogdoprosperi.com\/?p=15026","url_meta":{"origin":43671,"position":4},"title":"Alexandre Pato e Rodrigo Caio est\u00e3o perto da  Lazio","author":"Luiz Ant\u00f4nio Pr\u00f3speri","date":"6 de julho de 2016","format":false,"excerpt":"Lazio tem como certa a transfer\u00eancia de Alexandre Pato, do Corinthians, por cerca de 5 milh\u00f5es de euros (R$ 18,2 milh\u00f5es) e tamb\u00e9m de Rodrigo Caio, do S\u00e3o Paulo, por 10 milh\u00f5es de euros (R$ 36,4 milh\u00f5es) mais 2 milh\u00f5es de euros (R$ 7,2 milh\u00f5es) de b\u00f4nus. As duas negocia\u00e7\u00f5es\u2026","rel":"","context":"Em &quot;futebol&quot;","block_context":{"text":"futebol","link":"https:\/\/blogdoprosperi.com\/?cat=53870"},"img":{"alt_text":"","src":"https:\/\/i0.wp.com\/blogdoprosperi.com\/wp-content\/uploads\/2016\/07\/2c385ddc00000578-0-image-a-58_1450278648907.jpg?resize=350%2C200&ssl=1","width":350,"height":200,"srcset":"https:\/\/i0.wp.com\/blogdoprosperi.com\/wp-content\/uploads\/2016\/07\/2c385ddc00000578-0-image-a-58_1450278648907.jpg?resize=350%2C200&ssl=1 1x, https:\/\/i0.wp.com\/blogdoprosperi.com\/wp-content\/uploads\/2016\/07\/2c385ddc00000578-0-image-a-58_1450278648907.jpg?resize=525%2C300&ssl=1 1.5x"},"classes":[]},{"id":43135,"url":"https:\/\/blogdoprosperi.com\/?p=43135","url_meta":{"origin":43671,"position":5},"title":"Modric conhece lado cruel do futebol, It\u00e1lia avan\u00e7a ao mata-mata","author":"Luiz Ant\u00f4nio Pr\u00f3speri","date":"24 de junho de 2024","format":false,"excerpt":"Modric estava muito perto de alcan\u00e7ar o topo da montanha dos glorificados. Perde um p\u00eanalti, aos 9 minutos do segundo tempo, e, no minuto seguinte, faz o gol no rebote do gigante goleiro Donnarumma. Gol a levar a Cro\u00e1cia \u00e0s oitavas de final da Euro 2024. Coroa\u00e7\u00e3o de um \u00edcone\u2026","rel":"","context":"Em &quot;futebol&quot;","block_context":{"text":"futebol","link":"https:\/\/blogdoprosperi.com\/?cat=53870"},"img":{"alt_text":"Modric sofre com lado mais cruel do futebol","src":"https:\/\/i0.wp.com\/blogdoprosperi.com\/wp-content\/uploads\/2024\/06\/captura-de-tela-2024-06-24-as-19.59.48.png?fit=1144%2C742&ssl=1&resize=350%2C200","width":350,"height":200,"srcset":"https:\/\/i0.wp.com\/blogdoprosperi.com\/wp-content\/uploads\/2024\/06\/captura-de-tela-2024-06-24-as-19.59.48.png?fit=1144%2C742&ssl=1&resize=350%2C200 1x, https:\/\/i0.wp.com\/blogdoprosperi.com\/wp-content\/uploads\/2024\/06\/captura-de-tela-2024-06-24-as-19.59.48.png?fit=1144%2C742&ssl=1&resize=525%2C300 1.5x, https:\/\/i0.wp.com\/blogdoprosperi.com\/wp-content\/uploads\/2024\/06\/captura-de-tela-2024-06-24-as-19.59.48.png?fit=1144%2C742&ssl=1&resize=700%2C400 2x, https:\/\/i0.wp.com\/blogdoprosperi.com\/wp-content\/uploads\/2024\/06\/captura-de-tela-2024-06-24-as-19.59.48.png?fit=1144%2C742&ssl=1&resize=1050%2C600 3x"},"classes":[]}],"jetpack_featured_media_url":"https:\/\/i0.wp.com\/blogdoprosperi.com\/wp-content\/uploads\/2024\/07\/r3j_1751.jpg?fit=869%2C570&ssl=1","_links":{"self":[{"href":"https:\/\/blogdoprosperi.com\/index.php?rest_route=\/wp\/v2\/posts\/43671","targetHints":{"allow":["GET"]}}],"collection":[{"href":"https:\/\/blogdoprosperi.com\/index.php?rest_route=\/wp\/v2\/posts"}],"about":[{"href":"https:\/\/blogdoprosperi.com\/index.php?rest_route=\/wp\/v2\/types\/post"}],"author":[{"embeddable":true,"href":"https:\/\/blogdoprosperi.com\/index.php?rest_route=\/wp\/v2\/users\/102107496"}],"replies":[{"embeddable":true,"href":"https:\/\/blogdoprosperi.com\/index.php?rest_route=%2Fwp%2Fv2%2Fcomments&post=43671"}],"version-history":[{"count":9,"href":"https:\/\/blogdoprosperi.com\/index.php?rest_route=\/wp\/v2\/posts\/43671\/revisions"}],"predecessor-version":[{"id":43682,"href":"https:\/\/blogdoprosperi.com\/index.php?rest_route=\/wp\/v2\/posts\/43671\/revisions\/43682"}],"wp:featuredmedia":[{"embeddable":true,"href":"https:\/\/blogdoprosperi.com\/index.php?rest_route=\/wp\/v2\/media\/43683"}],"wp:attachment":[{"href":"https:\/\/blogdoprosperi.com\/index.php?rest_route=%2Fwp%2Fv2%2Fmedia&parent=43671"}],"wp:term":[{"taxonomy":"category","embeddable":true,"href":"https:\/\/blogdoprosperi.com\/index.php?rest_route=%2Fwp%2Fv2%2Fcategories&post=43671"},{"taxonomy":"post_tag","embeddable":true,"href":"https:\/\/blogdoprosperi.com\/index.php?rest_route=%2Fwp%2Fv2%2Ftags&post=43671"}],"curies":[{"name":"wp","href":"https:\/\/api.w.org\/{rel}","templated":true}]}}