{"id":43676,"date":"2024-07-06T13:17:32","date_gmt":"2024-07-06T16:17:32","guid":{"rendered":"https:\/\/blogdoprosperi.com\/?p=43676"},"modified":"2024-07-06T15:45:57","modified_gmt":"2024-07-06T18:45:57","slug":"euro-2024-na-tv-sabado-turquia-x-holanda-tensao-politica-em-berlim","status":"publish","type":"post","link":"https:\/\/blogdoprosperi.com\/?p=43676","title":{"rendered":"Euro 2024 na TV  \u2013 s\u00e1bado: Turquia x Holanda, tens\u00e3o pol\u00edtica em Berlim"},"content":{"rendered":"\n<p class=\"wp-block-paragraph\"><strong>Holanda e Turquia se enfrentam \u00e0s 16h nesse s\u00e1bado, em Berlim \u2013 transmiss\u00e3o no YouTube Caz\u00e9TV e PrimeVideo \u2013 Vencedor vai \u00e0 semifinal contra Inglaterra que eliminou a Su\u00ed\u00e7a na decis\u00e3o por p\u00eanaltis<\/strong>.<\/p>\n\n\n\n<p class=\"wp-block-paragraph\">Confronto tenso dentro e fora de campo. Holandeses prometem jogo ofensivo embalados por uma torcida festiva e fren\u00e9tica, em especial nas ruas antes da partida. Do lado turco, a expectativa \u00e9 por um futebol aguerrido de entrega total pela vit\u00f3ria, tamb\u00e9m sob intensa participa\u00e7\u00e3o de seus torcedores at\u00e9 aqui os mais fan\u00e1ticos na Euro 2024.<\/p>\n\n\n\n<p class=\"wp-block-paragraph\">Desde a vit\u00f3ria em cima da \u00c1ustria, na ter\u00e7a-feira (02\/7), o clima pol\u00edtico esquentou na Turquia. Demiral, autor dos gols, foi suspenso por ter feito gestos pol\u00edticos na celebra\u00e7\u00e3o. O ato provocou problemas diplom\u00e1ticos entre Alemanha e Turquia.<\/p>\n\n\n\n<p class=\"wp-block-paragraph\"><em><strong>Acompanhe relato do <a href=\"https:\/\/www.theguardian.com\/world\/article\/2024\/jul\/04\/germany-summons-turkish-ambassador-wolf-goal-celebration\">The Guardian <\/a>a respeito da crise pol\u00edtica ap\u00f3s gesto de Demiral: <\/strong><\/em><\/p>\n\n\n\n<p class=\"wp-block-paragraph\">A Uefa puniu Merih Demiral, zagueirol da Turquia, por duas partidas por uma <a href=\"https:\/\/www.theguardian.com\/football\/article\/2024\/jul\/03\/turkeys-merih-demiral-facing-ban-over-wolf-celebration-in-win-over-austria\">celebra\u00e7\u00e3o politicamente carregada de \u201clobo\u201d<\/a>&nbsp;. Demiral imitou o formato da cabe\u00e7a de um lobo com os dedos ap\u00f3s seu segundo gol na vit\u00f3ria da Turquia nas oitavas de final sobre a \u00c1ustria. O gesto \u00e9 associado ao grupo nacionalista extremista de direita Grey Wolves.<\/p>\n\n\n\n<p class=\"wp-block-paragraph\">A Uefa disse que ele estava sendo punido \u201cpor n\u00e3o cumprir os princ\u00edpios gerais de conduta, por violar as regras b\u00e1sicas de conduta decente, por usar eventos esportivos para manifesta\u00e7\u00f5es de natureza n\u00e3o esportiva e por desacreditar o esporte do futebol\u201d.<\/p>\n\n\n\n<p class=\"wp-block-paragraph\">Demiral e o governo da Turquia defenderam o gesto como uma express\u00e3o normal de orgulho patri\u00f3tico. O embaixador da Turquia na Alemanha foi&nbsp;convocado ao Minist\u00e9rio das Rela\u00e7\u00f5es Exteriores&nbsp;em Berlim por causa da sauda\u00e7\u00e3o.<\/p>\n\n\n\n<p class=\"wp-block-paragraph\">O embaixador da Turquia na Alemanha foi convocado ao Minist\u00e9rio das Rela\u00e7\u00f5es Exteriores em Berlim por causa da &#8220;sauda\u00e7\u00e3o do lobo&#8221; extremista de direita exibida pelo jogador de futebol turco Merih Demiral, j\u00e1 que sua comemora\u00e7\u00e3o de gol na&nbsp;Eurocopa&nbsp;se tornou assunto de troca diplom\u00e1tica.<\/p>\n\n\n\n<p class=\"wp-block-paragraph\">Ahmet Ba\u015far \u015een foi instado a explicar o gesto e tomar medidas para impedir seu uso futuro, disse um porta-voz do minist\u00e9rio, um dia ap\u00f3s o embaixador da Alemanha na Turquia ter sido convocado ao Minist\u00e9rio das Rela\u00e7\u00f5es Exteriores em Ancara, enquanto o governo turco acusava Berlim de &#8220;xenofobia&#8221; por suas cr\u00edticas ao s\u00edmbolo associado ao grupo Lobos Cinzentos.<\/p>\n\n\n\n<p class=\"wp-block-paragraph\">No entanto, nem o grupo nem o s\u00edmbolo s\u00e3o proibidos na Alemanha, ao contr\u00e1rio dos pa\u00edses vizinhos \u00c1ustria e Fran\u00e7a, apesar de anos de debate sobre isso.<\/p>\n\n\n\n<p class=\"wp-block-paragraph\">Demiral fez a sauda\u00e7\u00e3o do lobo ap\u00f3s marcar um gol na partida das oitavas de final da Turquia contra a \u00c1ustria, que seu time venceu por 2 a 1.<\/p>\n\n\n\n<p class=\"wp-block-paragraph\">Os turcos constituem a maior minoria \u00e9tnica \u00fanica na Alemanha \u2013 1,54 milh\u00f5es, al\u00e9m de 1,4 milh\u00f5es de cidad\u00e3os alem\u00e3es de ascend\u00eancia turca \u2013 a maior&nbsp;<a href=\"https:\/\/www.theguardian.com\/football\/article\/2024\/jun\/17\/turkey-euro-2024-reception-diaspora-germany\">di\u00e1spora turca<\/a>&nbsp;\u00fanica . O sucesso da sele\u00e7\u00e3o nacional na Eurocopa desencadeou uma resposta arrebatadora dos turcos em todo o pa\u00eds.<\/p>\n\n\n\n<p class=\"wp-block-paragraph\">A ministra do Interior da Alemanha, Nancy Faeser, condenou o gesto, escrevendo no X: \u201cUsar os campeonatos de futebol como plataforma para o racismo \u00e9 completamente inaceit\u00e1vel\u201d.<\/p>\n\n\n\n<p class=\"wp-block-paragraph\">Ela pediu ao \u00f3rg\u00e3o dirigente do futebol europeu, a Uefa, que investigasse e considerasse impor san\u00e7\u00f5es \u00e0 equipe turca.&nbsp;A Uefa disse que est\u00e1 investigando,&nbsp;mas at\u00e9 a tarde de quinta-feira ainda n\u00e3o havia tomado uma decis\u00e3o.<\/p>\n\n\n\n<p class=\"wp-block-paragraph\">De acordo com relatos na quinta-feira na hora do almo\u00e7o na m\u00eddia alem\u00e3 e turca, o presidente da Turquia,&nbsp;Recep Tayyip Erdo\u011fan&nbsp;, fez um ajuste de \u00faltima hora em seus planos de viagem para permitir que ele voasse para Berlim a caminho do Azerbaij\u00e3o, para assistir \u00e0s quartas de final da sele\u00e7\u00e3o nacional contra a Holanda na noite de s\u00e1bado. Fontes internas disseram que Erdo\u011fan tomou a decis\u00e3o em rea\u00e7\u00e3o \u00e0s consequ\u00eancias da sauda\u00e7\u00e3o a Demiral, dizendo a seus assessores que queria dar seu apoio \u00e0 sele\u00e7\u00e3o.<\/p>\n\n\n\n<p class=\"wp-block-paragraph\">A sauda\u00e7\u00e3o do lobo \u00e9 o s\u00edmbolo e logotipo de identifica\u00e7\u00e3o dos Lobos Cinzentos, representando a cabe\u00e7a de um lobo: o indicador e o mindinho formando as orelhas, o polegar, o dedo m\u00e9dio e o anelar formando o focinho.<\/p>\n\n\n\n<p class=\"wp-block-paragraph\">Especialistas em extremismo dizem que a vis\u00e3o de mundo dos Lobos Cinzentos \u00e9 nacionalista linha-dura e islamista, com \u00f3dio demonstrado a curdos, judeus, crist\u00e3os, arm\u00eanios, gregos, UE e EUA. O grupo, que tem uma longa hist\u00f3ria de terrorismo que remonta \u00e0 d\u00e9cada de 1970, foi responsabilizado por ataques a bomba em Paris e Bangkok e pela tentativa de assassinato do Papa Jo\u00e3o Paulo II em 1981.<\/p>\n\n\n\n<p class=\"wp-block-paragraph\">Os Lobos Cinzentos s\u00e3o classificados como um grupo extremista de direita com 18.500 a 20.000 membros na Alemanha, tornando-se a segunda maior organiza\u00e7\u00e3o extremista de direita depois da Alternative f\u00fcr Deutschland, de acordo com a ag\u00eancia de intelig\u00eancia dom\u00e9stica, o escrit\u00f3rio federal para a prote\u00e7\u00e3o da constitui\u00e7\u00e3o (BfV).<\/p>\n\n\n\n<p class=\"wp-block-paragraph\">Seu fundador, Alparslan T\u00fcrkes, disse sobre a sauda\u00e7\u00e3o: \u201cO dedo mindinho simboliza os turcos, o dedo indicador simboliza o islamismo, o anel \u2013 ou focinho \u2013 simboliza o mundo. O ponto onde os tr\u00eas dedos restantes se juntam \u00e9 um carimbo. Isso significa: colocaremos o carimbo turco-isl\u00e2mico no mundo.\u201d<\/p>\n\n\n\n<p class=\"wp-block-paragraph\">T\u00fcrkes fundou o partido Movimento Nacionalista&nbsp;, que governa a Turquia com o partido Justi\u00e7a e Desenvolvimento de Erdo\u011fan.<\/p>\n\n\n\n<p class=\"wp-block-paragraph\">Demiral disse sobre o gesto: \u201cClaro que fiquei muito feliz por ter marcado dois gols. Como comemorei tem algo a ver com minha identidade turca. Eu tinha visto membros da plateia fazendo esse gesto. Somos todos turcos. Tenho muito orgulho de ser turco. Esse \u00e9 o significado do gesto.<\/p>\n\n\n\n<p class=\"wp-block-paragraph\">\u201cEspero ter mais oportunidades de fazer esse gesto. N\u00e3o h\u00e1 nenhuma mensagem escondida nele, eu simplesmente queria mostrar o qu\u00e3o alegre eu estava e o qu\u00e3o feliz eu sou.\u201d<\/p>\n\n\n\n<p class=\"wp-block-paragraph\"><\/p>\n","protected":false},"excerpt":{"rendered":"<p>Holanda e Turquia se enfrentam \u00e0s 16h nesse s\u00e1bado, em Berlim \u2013 transmiss\u00e3o no YouTube Caz\u00e9TV e PrimeVideo [&hellip;]<\/p>\n","protected":false},"author":102107496,"featured_media":43686,"comment_status":"open","ping_status":"open","sticky":false,"template":"","format":"standard","meta":{"_coblocks_attr":"","_coblocks_dimensions":"","_coblocks_responsive_height":"","_coblocks_accordion_ie_support":"","_jetpack_newsletter_access":"","_jetpack_dont_email_post_to_subs":false,"_jetpack_newsletter_tier_id":0,"_jetpack_memberships_contains_paywalled_content":false,"_wpcom_ai_launchpad_first_post":false,"_jetpack_feature_clip_id":0,"_jetpack_memberships_contains_paid_content":false,"footnotes":"","jetpack_publicize_message":"","jetpack_publicize_feature_enabled":true,"jetpack_social_post_already_shared":false,"jetpack_social_options":{"image_generator_settings":{"template":"highway","default_image_id":0,"font":"","enabled":false},"version":2},"jetpack_post_was_ever_published":false},"categories":[53870],"tags":[789560560],"class_list":["post-43676","post","type-post","status-publish","format-standard","has-post-thumbnail","hentry","category-futebol","tag-futebol"],"yoast_head":"<!-- This site is optimized with the Yoast SEO plugin v28.3 - https:\/\/yoast.com\/product\/yoast-seo-wordpress\/ -->\n<title>Euro 2024 na TV \u2013 s\u00e1bado: Turquia x Holanda, tens\u00e3o pol\u00edtica em Berlim - PR\u00d3SPERI NEWS<\/title>\n<meta name=\"robots\" content=\"index, follow, max-snippet:-1, max-image-preview:large, max-video-preview:-1\" \/>\n<link rel=\"canonical\" href=\"https:\/\/blogdoprosperi.com\/?p=43676\" \/>\n<meta property=\"og:locale\" content=\"pt_BR\" \/>\n<meta property=\"og:type\" content=\"article\" \/>\n<meta property=\"og:title\" content=\"Euro 2024 na TV \u2013 s\u00e1bado: Turquia x Holanda, tens\u00e3o pol\u00edtica em Berlim - PR\u00d3SPERI NEWS\" \/>\n<meta property=\"og:description\" content=\"Holanda e Turquia se enfrentam \u00e0s 16h nesse s\u00e1bado, em Berlim \u2013 transmiss\u00e3o no YouTube Caz\u00e9TV e PrimeVideo [&hellip;]\" \/>\n<meta property=\"og:url\" content=\"https:\/\/blogdoprosperi.com\/?p=43676\" \/>\n<meta property=\"og:site_name\" content=\"PR\u00d3SPERI NEWS\" \/>\n<meta property=\"article:publisher\" content=\"Luiz Pr\u00f3speri\" \/>\n<meta property=\"article:author\" content=\"Luiz Pr\u00f3speri\" \/>\n<meta property=\"article:published_time\" content=\"2024-07-06T16:17:32+00:00\" \/>\n<meta property=\"article:modified_time\" content=\"2024-07-06T18:45:57+00:00\" \/>\n<meta property=\"og:image\" content=\"https:\/\/i0.wp.com\/blogdoprosperi.com\/wp-content\/uploads\/2024\/07\/euro_24_-_2_players_h2h_-_facebook_20240703124243.jpg?fit=988%2C556&ssl=1\" \/>\n\t<meta property=\"og:image:width\" content=\"988\" \/>\n\t<meta property=\"og:image:height\" content=\"556\" \/>\n\t<meta property=\"og:image:type\" content=\"image\/jpeg\" \/>\n<meta name=\"author\" content=\"Luiz Ant\u00f4nio Pr\u00f3speri\" \/>\n<meta name=\"twitter:card\" content=\"summary_large_image\" \/>\n<meta name=\"twitter:creator\" content=\"@Luizprosperi\" \/>\n<meta name=\"twitter:site\" content=\"@Luizprosperi\" \/>\n<meta name=\"twitter:label1\" content=\"Escrito por\" \/>\n\t<meta name=\"twitter:data1\" content=\"Luiz Ant\u00f4nio Pr\u00f3speri\" \/>\n\t<meta name=\"twitter:label2\" content=\"Est. tempo de leitura\" \/>\n\t<meta name=\"twitter:data2\" content=\"5 minutos\" \/>\n<script type=\"application\/ld+json\" class=\"yoast-schema-graph\">{\"@context\":\"https:\\\/\\\/schema.org\",\"@graph\":[{\"@type\":\"Article\",\"@id\":\"https:\\\/\\\/blogdoprosperi.com\\\/?p=43676#article\",\"isPartOf\":{\"@id\":\"https:\\\/\\\/blogdoprosperi.com\\\/?p=43676\"},\"author\":{\"name\":\"Luiz Ant\u00f4nio Pr\u00f3speri\",\"@id\":\"https:\\\/\\\/blogdoprosperi.com\\\/#\\\/schema\\\/person\\\/38100755ce3601861ee4fab9b5aa78e9\"},\"headline\":\"Euro 2024 na TV \u2013 s\u00e1bado: Turquia x Holanda, tens\u00e3o pol\u00edtica em Berlim\",\"datePublished\":\"2024-07-06T16:17:32+00:00\",\"dateModified\":\"2024-07-06T18:45:57+00:00\",\"mainEntityOfPage\":{\"@id\":\"https:\\\/\\\/blogdoprosperi.com\\\/?p=43676\"},\"wordCount\":1036,\"commentCount\":1,\"publisher\":{\"@id\":\"https:\\\/\\\/blogdoprosperi.com\\\/#\\\/schema\\\/person\\\/38100755ce3601861ee4fab9b5aa78e9\"},\"image\":{\"@id\":\"https:\\\/\\\/blogdoprosperi.com\\\/?p=43676#primaryimage\"},\"thumbnailUrl\":\"https:\\\/\\\/i0.wp.com\\\/blogdoprosperi.com\\\/wp-content\\\/uploads\\\/2024\\\/07\\\/euro_24_-_2_players_h2h_-_facebook_20240703124243.jpg?fit=988%2C556&ssl=1\",\"keywords\":[\"futebol\"],\"articleSection\":[\"futebol\"],\"inLanguage\":\"pt-BR\",\"potentialAction\":[{\"@type\":\"CommentAction\",\"name\":\"Comment\",\"target\":[\"https:\\\/\\\/blogdoprosperi.com\\\/?p=43676#respond\"]}]},{\"@type\":\"WebPage\",\"@id\":\"https:\\\/\\\/blogdoprosperi.com\\\/?p=43676\",\"url\":\"https:\\\/\\\/blogdoprosperi.com\\\/?p=43676\",\"name\":\"Euro 2024 na TV \u2013 s\u00e1bado: Turquia x Holanda, tens\u00e3o pol\u00edtica em Berlim - PR\u00d3SPERI NEWS\",\"isPartOf\":{\"@id\":\"https:\\\/\\\/blogdoprosperi.com\\\/#website\"},\"primaryImageOfPage\":{\"@id\":\"https:\\\/\\\/blogdoprosperi.com\\\/?p=43676#primaryimage\"},\"image\":{\"@id\":\"https:\\\/\\\/blogdoprosperi.com\\\/?p=43676#primaryimage\"},\"thumbnailUrl\":\"https:\\\/\\\/i0.wp.com\\\/blogdoprosperi.com\\\/wp-content\\\/uploads\\\/2024\\\/07\\\/euro_24_-_2_players_h2h_-_facebook_20240703124243.jpg?fit=988%2C556&ssl=1\",\"datePublished\":\"2024-07-06T16:17:32+00:00\",\"dateModified\":\"2024-07-06T18:45:57+00:00\",\"breadcrumb\":{\"@id\":\"https:\\\/\\\/blogdoprosperi.com\\\/?p=43676#breadcrumb\"},\"inLanguage\":\"pt-BR\",\"potentialAction\":[{\"@type\":\"ReadAction\",\"target\":[\"https:\\\/\\\/blogdoprosperi.com\\\/?p=43676\"]}]},{\"@type\":\"ImageObject\",\"inLanguage\":\"pt-BR\",\"@id\":\"https:\\\/\\\/blogdoprosperi.com\\\/?p=43676#primaryimage\",\"url\":\"https:\\\/\\\/i0.wp.com\\\/blogdoprosperi.com\\\/wp-content\\\/uploads\\\/2024\\\/07\\\/euro_24_-_2_players_h2h_-_facebook_20240703124243.jpg?fit=988%2C556&ssl=1\",\"contentUrl\":\"https:\\\/\\\/i0.wp.com\\\/blogdoprosperi.com\\\/wp-content\\\/uploads\\\/2024\\\/07\\\/euro_24_-_2_players_h2h_-_facebook_20240703124243.jpg?fit=988%2C556&ssl=1\",\"width\":988,\"height\":556},{\"@type\":\"BreadcrumbList\",\"@id\":\"https:\\\/\\\/blogdoprosperi.com\\\/?p=43676#breadcrumb\",\"itemListElement\":[{\"@type\":\"ListItem\",\"position\":1,\"name\":\"In\u00edcio\",\"item\":\"https:\\\/\\\/blogdoprosperi.com\\\/\"},{\"@type\":\"ListItem\",\"position\":2,\"name\":\"Euro 2024 na TV \u2013 s\u00e1bado: Turquia x Holanda, tens\u00e3o pol\u00edtica em Berlim\"}]},{\"@type\":\"WebSite\",\"@id\":\"https:\\\/\\\/blogdoprosperi.com\\\/#website\",\"url\":\"https:\\\/\\\/blogdoprosperi.com\\\/\",\"name\":\"PR\u00d3SPERI NEWS\",\"description\":\"TUDO \u00c9  FUTEBOL\",\"publisher\":{\"@id\":\"https:\\\/\\\/blogdoprosperi.com\\\/#\\\/schema\\\/person\\\/38100755ce3601861ee4fab9b5aa78e9\"},\"alternateName\":\"blogdoprosperi.com\",\"potentialAction\":[{\"@type\":\"SearchAction\",\"target\":{\"@type\":\"EntryPoint\",\"urlTemplate\":\"https:\\\/\\\/blogdoprosperi.com\\\/?s={search_term_string}\"},\"query-input\":{\"@type\":\"PropertyValueSpecification\",\"valueRequired\":true,\"valueName\":\"search_term_string\"}}],\"inLanguage\":\"pt-BR\"},{\"@type\":[\"Person\",\"Organization\"],\"@id\":\"https:\\\/\\\/blogdoprosperi.com\\\/#\\\/schema\\\/person\\\/38100755ce3601861ee4fab9b5aa78e9\",\"name\":\"Luiz Ant\u00f4nio Pr\u00f3speri\",\"pronouns\":\"ele\",\"image\":{\"@type\":\"ImageObject\",\"inLanguage\":\"pt-BR\",\"@id\":\"https:\\\/\\\/i0.wp.com\\\/blogdoprosperi.com\\\/wp-content\\\/uploads\\\/2026\\\/05\\\/cropped-8059e613-6002-42fa-961e-8e275f575d71-2-5.jpg?fit=1360%2C931&ssl=1\",\"url\":\"https:\\\/\\\/i0.wp.com\\\/blogdoprosperi.com\\\/wp-content\\\/uploads\\\/2026\\\/05\\\/cropped-8059e613-6002-42fa-961e-8e275f575d71-2-5.jpg?fit=1360%2C931&ssl=1\",\"contentUrl\":\"https:\\\/\\\/i0.wp.com\\\/blogdoprosperi.com\\\/wp-content\\\/uploads\\\/2026\\\/05\\\/cropped-8059e613-6002-42fa-961e-8e275f575d71-2-5.jpg?fit=1360%2C931&ssl=1\",\"width\":1360,\"height\":931,\"caption\":\"Luiz Ant\u00f4nio Pr\u00f3speri\"},\"logo\":{\"@id\":\"https:\\\/\\\/i0.wp.com\\\/blogdoprosperi.com\\\/wp-content\\\/uploads\\\/2026\\\/05\\\/cropped-8059e613-6002-42fa-961e-8e275f575d71-2-5.jpg?fit=1360%2C931&ssl=1\"},\"description\":\"Jornalista com carreira dedicada ao esporte. Cobriu 9 Copas do Mundo in loco, 1990 na It\u00e1lia, 1994 nos EUA, 1998 na Fran\u00e7a, 2002 na Coreia do Sul e Jap\u00e3o, 2006 na Alemanha, 2010 na \u00c1frica do Sul, 2014 no Brasil, 2018 na R\u00fassia e 2022 no Qatar. Eurocopas, 1992 na Su\u00e9cia e 1996 na Inglaterra. Copa das Confedera\u00e7\u00f5es de 2005 na Alemanha e 2009 na \u00c1frica do Sul. Rep\u00f3rter e Editor, trabalhou no Jornal da Tarde e Estad\u00e3o, de 1984 a fevereiro de 2016. Colunista, blogueiro. E comentarista de futebol na R\u00e1dio Estad\u00e3o, de 2013 a fevereiro de 2016. Jornalista respons\u00e1vel do \\\"Pr\u00f3speri News\\\" (blogdoprosperi.com).\",\"sameAs\":[\"http:\\\/\\\/blogdoprosperi.com\",\"Luiz Pr\u00f3speri\",\"@luiz_prosperi\",\"https:\\\/\\\/x.com\\\/Luizprosperi\",\"@prosperinacopa\",\"luiz.prosperi@icloud.com\"],\"url\":\"https:\\\/\\\/blogdoprosperi.com\\\/?author=102107496\"}]}<\/script>\n<!-- \/ Yoast SEO plugin. -->","yoast_head_json":{"title":"Euro 2024 na TV \u2013 s\u00e1bado: Turquia x Holanda, tens\u00e3o pol\u00edtica em Berlim - PR\u00d3SPERI NEWS","robots":{"index":"index","follow":"follow","max-snippet":"max-snippet:-1","max-image-preview":"max-image-preview:large","max-video-preview":"max-video-preview:-1"},"canonical":"https:\/\/blogdoprosperi.com\/?p=43676","og_locale":"pt_BR","og_type":"article","og_title":"Euro 2024 na TV \u2013 s\u00e1bado: Turquia x Holanda, tens\u00e3o pol\u00edtica em Berlim - PR\u00d3SPERI NEWS","og_description":"Holanda e Turquia se enfrentam \u00e0s 16h nesse s\u00e1bado, em Berlim \u2013 transmiss\u00e3o no YouTube Caz\u00e9TV e PrimeVideo [&hellip;]","og_url":"https:\/\/blogdoprosperi.com\/?p=43676","og_site_name":"PR\u00d3SPERI NEWS","article_publisher":"Luiz Pr\u00f3speri","article_author":"Luiz Pr\u00f3speri","article_published_time":"2024-07-06T16:17:32+00:00","article_modified_time":"2024-07-06T18:45:57+00:00","og_image":[{"width":988,"height":556,"url":"https:\/\/i0.wp.com\/blogdoprosperi.com\/wp-content\/uploads\/2024\/07\/euro_24_-_2_players_h2h_-_facebook_20240703124243.jpg?fit=988%2C556&ssl=1","type":"image\/jpeg"}],"author":"Luiz Ant\u00f4nio Pr\u00f3speri","twitter_card":"summary_large_image","twitter_creator":"@Luizprosperi","twitter_site":"@Luizprosperi","twitter_misc":{"Escrito por":"Luiz Ant\u00f4nio Pr\u00f3speri","Est. tempo de leitura":"5 minutos"},"schema":{"@context":"https:\/\/schema.org","@graph":[{"@type":"Article","@id":"https:\/\/blogdoprosperi.com\/?p=43676#article","isPartOf":{"@id":"https:\/\/blogdoprosperi.com\/?p=43676"},"author":{"name":"Luiz Ant\u00f4nio Pr\u00f3speri","@id":"https:\/\/blogdoprosperi.com\/#\/schema\/person\/38100755ce3601861ee4fab9b5aa78e9"},"headline":"Euro 2024 na TV \u2013 s\u00e1bado: Turquia x Holanda, tens\u00e3o pol\u00edtica em Berlim","datePublished":"2024-07-06T16:17:32+00:00","dateModified":"2024-07-06T18:45:57+00:00","mainEntityOfPage":{"@id":"https:\/\/blogdoprosperi.com\/?p=43676"},"wordCount":1036,"commentCount":1,"publisher":{"@id":"https:\/\/blogdoprosperi.com\/#\/schema\/person\/38100755ce3601861ee4fab9b5aa78e9"},"image":{"@id":"https:\/\/blogdoprosperi.com\/?p=43676#primaryimage"},"thumbnailUrl":"https:\/\/i0.wp.com\/blogdoprosperi.com\/wp-content\/uploads\/2024\/07\/euro_24_-_2_players_h2h_-_facebook_20240703124243.jpg?fit=988%2C556&ssl=1","keywords":["futebol"],"articleSection":["futebol"],"inLanguage":"pt-BR","potentialAction":[{"@type":"CommentAction","name":"Comment","target":["https:\/\/blogdoprosperi.com\/?p=43676#respond"]}]},{"@type":"WebPage","@id":"https:\/\/blogdoprosperi.com\/?p=43676","url":"https:\/\/blogdoprosperi.com\/?p=43676","name":"Euro 2024 na TV \u2013 s\u00e1bado: Turquia x Holanda, tens\u00e3o pol\u00edtica em Berlim - PR\u00d3SPERI NEWS","isPartOf":{"@id":"https:\/\/blogdoprosperi.com\/#website"},"primaryImageOfPage":{"@id":"https:\/\/blogdoprosperi.com\/?p=43676#primaryimage"},"image":{"@id":"https:\/\/blogdoprosperi.com\/?p=43676#primaryimage"},"thumbnailUrl":"https:\/\/i0.wp.com\/blogdoprosperi.com\/wp-content\/uploads\/2024\/07\/euro_24_-_2_players_h2h_-_facebook_20240703124243.jpg?fit=988%2C556&ssl=1","datePublished":"2024-07-06T16:17:32+00:00","dateModified":"2024-07-06T18:45:57+00:00","breadcrumb":{"@id":"https:\/\/blogdoprosperi.com\/?p=43676#breadcrumb"},"inLanguage":"pt-BR","potentialAction":[{"@type":"ReadAction","target":["https:\/\/blogdoprosperi.com\/?p=43676"]}]},{"@type":"ImageObject","inLanguage":"pt-BR","@id":"https:\/\/blogdoprosperi.com\/?p=43676#primaryimage","url":"https:\/\/i0.wp.com\/blogdoprosperi.com\/wp-content\/uploads\/2024\/07\/euro_24_-_2_players_h2h_-_facebook_20240703124243.jpg?fit=988%2C556&ssl=1","contentUrl":"https:\/\/i0.wp.com\/blogdoprosperi.com\/wp-content\/uploads\/2024\/07\/euro_24_-_2_players_h2h_-_facebook_20240703124243.jpg?fit=988%2C556&ssl=1","width":988,"height":556},{"@type":"BreadcrumbList","@id":"https:\/\/blogdoprosperi.com\/?p=43676#breadcrumb","itemListElement":[{"@type":"ListItem","position":1,"name":"In\u00edcio","item":"https:\/\/blogdoprosperi.com\/"},{"@type":"ListItem","position":2,"name":"Euro 2024 na TV \u2013 s\u00e1bado: Turquia x Holanda, tens\u00e3o pol\u00edtica em Berlim"}]},{"@type":"WebSite","@id":"https:\/\/blogdoprosperi.com\/#website","url":"https:\/\/blogdoprosperi.com\/","name":"PR\u00d3SPERI NEWS","description":"TUDO \u00c9  FUTEBOL","publisher":{"@id":"https:\/\/blogdoprosperi.com\/#\/schema\/person\/38100755ce3601861ee4fab9b5aa78e9"},"alternateName":"blogdoprosperi.com","potentialAction":[{"@type":"SearchAction","target":{"@type":"EntryPoint","urlTemplate":"https:\/\/blogdoprosperi.com\/?s={search_term_string}"},"query-input":{"@type":"PropertyValueSpecification","valueRequired":true,"valueName":"search_term_string"}}],"inLanguage":"pt-BR"},{"@type":["Person","Organization"],"@id":"https:\/\/blogdoprosperi.com\/#\/schema\/person\/38100755ce3601861ee4fab9b5aa78e9","name":"Luiz Ant\u00f4nio Pr\u00f3speri","pronouns":"ele","image":{"@type":"ImageObject","inLanguage":"pt-BR","@id":"https:\/\/i0.wp.com\/blogdoprosperi.com\/wp-content\/uploads\/2026\/05\/cropped-8059e613-6002-42fa-961e-8e275f575d71-2-5.jpg?fit=1360%2C931&ssl=1","url":"https:\/\/i0.wp.com\/blogdoprosperi.com\/wp-content\/uploads\/2026\/05\/cropped-8059e613-6002-42fa-961e-8e275f575d71-2-5.jpg?fit=1360%2C931&ssl=1","contentUrl":"https:\/\/i0.wp.com\/blogdoprosperi.com\/wp-content\/uploads\/2026\/05\/cropped-8059e613-6002-42fa-961e-8e275f575d71-2-5.jpg?fit=1360%2C931&ssl=1","width":1360,"height":931,"caption":"Luiz Ant\u00f4nio Pr\u00f3speri"},"logo":{"@id":"https:\/\/i0.wp.com\/blogdoprosperi.com\/wp-content\/uploads\/2026\/05\/cropped-8059e613-6002-42fa-961e-8e275f575d71-2-5.jpg?fit=1360%2C931&ssl=1"},"description":"Jornalista com carreira dedicada ao esporte. Cobriu 9 Copas do Mundo in loco, 1990 na It\u00e1lia, 1994 nos EUA, 1998 na Fran\u00e7a, 2002 na Coreia do Sul e Jap\u00e3o, 2006 na Alemanha, 2010 na \u00c1frica do Sul, 2014 no Brasil, 2018 na R\u00fassia e 2022 no Qatar. Eurocopas, 1992 na Su\u00e9cia e 1996 na Inglaterra. Copa das Confedera\u00e7\u00f5es de 2005 na Alemanha e 2009 na \u00c1frica do Sul. Rep\u00f3rter e Editor, trabalhou no Jornal da Tarde e Estad\u00e3o, de 1984 a fevereiro de 2016. Colunista, blogueiro. E comentarista de futebol na R\u00e1dio Estad\u00e3o, de 2013 a fevereiro de 2016. Jornalista respons\u00e1vel do \"Pr\u00f3speri News\" (blogdoprosperi.com).","sameAs":["http:\/\/blogdoprosperi.com","Luiz Pr\u00f3speri","@luiz_prosperi","https:\/\/x.com\/Luizprosperi","@prosperinacopa","luiz.prosperi@icloud.com"],"url":"https:\/\/blogdoprosperi.com\/?author=102107496"}]}},"jetpack_publicize_connections":[],"jetpack_likes_enabled":false,"jetpack_sharing_enabled":true,"jetpack_shortlink":"https:\/\/wp.me\/p7jvdk-bms","jetpack-related-posts":[{"id":43691,"url":"https:\/\/blogdoprosperi.com\/?p=43691","url_meta":{"origin":43676,"position":0},"title":"Inglaterra e Holanda avan\u00e7am \u00e0s semifinais da Euro 2024","author":"Luiz Ant\u00f4nio Pr\u00f3speri","date":"6 de julho de 2024","format":false,"excerpt":"Holanda e Inglaterra est\u00e3o nas semifinais da Euro 2024. De bom nessa hist\u00f3ria \u00e9 que n\u00e3o tivemos at\u00e9 aqui nenhuma partida daquelas de dar sono ou acabar com a paci\u00eancia do espectador. Na vit\u00f3ria da Holanda contra Turquia, torcedores holandeses ficaram em segundo plano. Turcos fizeram est\u00e1dio de Berlim tremer.\u2026","rel":"","context":"Em &quot;futebol&quot;","block_context":{"text":"futebol","link":"https:\/\/blogdoprosperi.com\/?cat=53870"},"img":{"alt_text":"Holanda elimina Turquia e avan\u00e7a \u00e0s semifinais","src":"https:\/\/i0.wp.com\/blogdoprosperi.com\/wp-content\/uploads\/2024\/07\/captura-de-tela-2024-07-06-as-20.13.25.png?fit=1018%2C814&ssl=1&resize=350%2C200","width":350,"height":200,"srcset":"https:\/\/i0.wp.com\/blogdoprosperi.com\/wp-content\/uploads\/2024\/07\/captura-de-tela-2024-07-06-as-20.13.25.png?fit=1018%2C814&ssl=1&resize=350%2C200 1x, https:\/\/i0.wp.com\/blogdoprosperi.com\/wp-content\/uploads\/2024\/07\/captura-de-tela-2024-07-06-as-20.13.25.png?fit=1018%2C814&ssl=1&resize=525%2C300 1.5x, https:\/\/i0.wp.com\/blogdoprosperi.com\/wp-content\/uploads\/2024\/07\/captura-de-tela-2024-07-06-as-20.13.25.png?fit=1018%2C814&ssl=1&resize=700%2C400 2x"},"classes":[]},{"id":43520,"url":"https:\/\/blogdoprosperi.com\/?p=43520","url_meta":{"origin":43676,"position":1},"title":"URGENTE: Demiral da Turquia Pode Ser Punido Por Comemora\u00e7\u00e3o Pol\u00edtica de Extrema Direita na Euro 2024","author":"Luiz Ant\u00f4nio Pr\u00f3speri","date":"3 de julho de 2024","format":false,"excerpt":"Not\u00edcia do The Guardian \u2013 3 julho (11h20\/hor\u00e1rio de Londres) Merih Demiral, artilheiro da Turquia na\u00a0vit\u00f3ria sobre a \u00c1ustria nas oitavas de final, pode ser suspenso das quartas de final contra a Holanda no s\u00e1bado, depois que a Uefa abriu uma investiga\u00e7\u00e3o sobre um gesto com aparentes conota\u00e7\u00f5es de extrema\u2026","rel":"","context":"Em &quot;futebol&quot;","block_context":{"text":"futebol","link":"https:\/\/blogdoprosperi.com\/?cat=53870"},"img":{"alt_text":"","src":"https:\/\/i0.wp.com\/blogdoprosperi.com\/wp-content\/uploads\/2024\/07\/kwopbcux.jpeg?fit=1200%2C600&ssl=1&resize=350%2C200","width":350,"height":200,"srcset":"https:\/\/i0.wp.com\/blogdoprosperi.com\/wp-content\/uploads\/2024\/07\/kwopbcux.jpeg?fit=1200%2C600&ssl=1&resize=350%2C200 1x, https:\/\/i0.wp.com\/blogdoprosperi.com\/wp-content\/uploads\/2024\/07\/kwopbcux.jpeg?fit=1200%2C600&ssl=1&resize=525%2C300 1.5x, https:\/\/i0.wp.com\/blogdoprosperi.com\/wp-content\/uploads\/2024\/07\/kwopbcux.jpeg?fit=1200%2C600&ssl=1&resize=700%2C400 2x, https:\/\/i0.wp.com\/blogdoprosperi.com\/wp-content\/uploads\/2024\/07\/kwopbcux.jpeg?fit=1200%2C600&ssl=1&resize=1050%2C600 3x"},"classes":[]},{"id":43985,"url":"https:\/\/blogdoprosperi.com\/?p=43985","url_meta":{"origin":43676,"position":2},"title":"Final da Euro 2024 na TV: Espanha Tetracampe\u00e3 ou Inglaterra Surpreende? Descubra Agora!","author":"Luiz Ant\u00f4nio Pr\u00f3speri","date":"13 de julho de 2024","format":false,"excerpt":"Espanha e Inglaterra decidem a final da Euro 2024, domingo (14\/7), em Berlim. \u00daltimo cap\u00edtulo de um torneio carimbado pela nova gera\u00e7\u00e3o, despedida de \u00edcones, muita festa nas ruas da Alemanha, tens\u00e3o pol\u00edtica, pouca viol\u00eancia, problemas nos est\u00e1dios e jogos memor\u00e1veis. Coube tudo na Eurocopa. At\u00e9 mesmo a decis\u00e3o entre\u2026","rel":"","context":"Em &quot;futebol&quot;","block_context":{"text":"futebol","link":"https:\/\/blogdoprosperi.com\/?cat=53870"},"img":{"alt_text":"Euro 2024 - final: Espanha x Inglaterra","src":"https:\/\/i0.wp.com\/blogdoprosperi.com\/wp-content\/uploads\/2024\/07\/captura-de-tela-2024-07-13-as-18.03.00.png?fit=1200%2C690&ssl=1&resize=350%2C200","width":350,"height":200,"srcset":"https:\/\/i0.wp.com\/blogdoprosperi.com\/wp-content\/uploads\/2024\/07\/captura-de-tela-2024-07-13-as-18.03.00.png?fit=1200%2C690&ssl=1&resize=350%2C200 1x, https:\/\/i0.wp.com\/blogdoprosperi.com\/wp-content\/uploads\/2024\/07\/captura-de-tela-2024-07-13-as-18.03.00.png?fit=1200%2C690&ssl=1&resize=525%2C300 1.5x, https:\/\/i0.wp.com\/blogdoprosperi.com\/wp-content\/uploads\/2024\/07\/captura-de-tela-2024-07-13-as-18.03.00.png?fit=1200%2C690&ssl=1&resize=700%2C400 2x, https:\/\/i0.wp.com\/blogdoprosperi.com\/wp-content\/uploads\/2024\/07\/captura-de-tela-2024-07-13-as-18.03.00.png?fit=1200%2C690&ssl=1&resize=1050%2C600 3x"},"classes":[]},{"id":43473,"url":"https:\/\/blogdoprosperi.com\/?p=43473","url_meta":{"origin":43676,"position":3},"title":"O Milagre de Gunok: Turquia vence \u00c1ustria e avan\u00e7a na Euro 2024","author":"Luiz Ant\u00f4nio Pr\u00f3speri","date":"3 de julho de 2024","format":false,"excerpt":"N\u00e3o tem jogo feio, ruim, na Euro 2024. Ningu\u00e9m entrega nada de gra\u00e7a. Turquia e \u00c1ustria ilustram essa verdade na \u00e9pica partida disputada sob chuva, suor e paix\u00e3o intensos por uma causa. No caso, uma vaga \u00e0s quartas de final. No fim de 94 minutos, os turcos sustentam a vit\u00f3ria\u2026","rel":"","context":"Em &quot;futebol&quot;","block_context":{"text":"futebol","link":"https:\/\/blogdoprosperi.com\/?cat=53870"},"img":{"alt_text":"Turquia celebra classifica\u00e7\u00e3o na Euro 2024","src":"https:\/\/i0.wp.com\/blogdoprosperi.com\/wp-content\/uploads\/2024\/07\/austria_v_turkiye_round_of_16_-_uefa_euro_2024-1.webp?fit=988%2C556&ssl=1&resize=350%2C200","width":350,"height":200,"srcset":"https:\/\/i0.wp.com\/blogdoprosperi.com\/wp-content\/uploads\/2024\/07\/austria_v_turkiye_round_of_16_-_uefa_euro_2024-1.webp?fit=988%2C556&ssl=1&resize=350%2C200 1x, https:\/\/i0.wp.com\/blogdoprosperi.com\/wp-content\/uploads\/2024\/07\/austria_v_turkiye_round_of_16_-_uefa_euro_2024-1.webp?fit=988%2C556&ssl=1&resize=525%2C300 1.5x, https:\/\/i0.wp.com\/blogdoprosperi.com\/wp-content\/uploads\/2024\/07\/austria_v_turkiye_round_of_16_-_uefa_euro_2024-1.webp?fit=988%2C556&ssl=1&resize=700%2C400 2x"},"classes":[]},{"id":43064,"url":"https:\/\/blogdoprosperi.com\/?p=43064","url_meta":{"origin":43676,"position":4},"title":"Jogos da Euro 2024 na TV: Fran\u00e7a vs Holanda, Mbapp\u00e9 usa m\u00e1scara e fica no banco de reservas","author":"Luiz Ant\u00f4nio Pr\u00f3speri","date":"21 de junho de 2024","format":false,"excerpt":"Mbapp\u00e9 n\u00e3o sai jogando na partida da Fran\u00e7a contra Holanda nessa tarde de sexta-feira (21\/6), no Grupo D. Craque sofreu fratura no nariz logo na estreia diante da Pol\u00f4nia e n\u00e3o passou por cirurgia. M\u00e9dicos da sele\u00e7\u00e3o francesa vetaram a participa\u00e7\u00e3o do atacante desde o in\u00edcio do jogo. Mbapp\u00e9 se\u2026","rel":"","context":"Em &quot;futebol&quot;","block_context":{"text":"futebol","link":"https:\/\/blogdoprosperi.com\/?cat=53870"},"img":{"alt_text":"","src":"https:\/\/i0.wp.com\/blogdoprosperi.com\/wp-content\/uploads\/2024\/06\/mascara-1.jpg?fit=900%2C600&ssl=1&resize=350%2C200","width":350,"height":200,"srcset":"https:\/\/i0.wp.com\/blogdoprosperi.com\/wp-content\/uploads\/2024\/06\/mascara-1.jpg?fit=900%2C600&ssl=1&resize=350%2C200 1x, https:\/\/i0.wp.com\/blogdoprosperi.com\/wp-content\/uploads\/2024\/06\/mascara-1.jpg?fit=900%2C600&ssl=1&resize=525%2C300 1.5x, https:\/\/i0.wp.com\/blogdoprosperi.com\/wp-content\/uploads\/2024\/06\/mascara-1.jpg?fit=900%2C600&ssl=1&resize=700%2C400 2x"},"classes":[]},{"id":42933,"url":"https:\/\/blogdoprosperi.com\/?p=42933","url_meta":{"origin":43676,"position":5},"title":"Euro 2024 TV ao vivo: Alemanha rumo \u00e0s oitavas e agonia de Cro\u00e1cia e Alb\u00e2nia","author":"Luiz Ant\u00f4nio Pr\u00f3speri","date":"19 de junho de 2024","format":false,"excerpt":"Alemanha entra na segunda rodada pronta a confirmar classifica\u00e7\u00e3o \u00e0s oitavas de final. Enfrenta a fraca Hungria, no Grupo A, nessa quarta-feira, \u00e0s 13h, em Stuttgart, depois de golear a Esc\u00f3cia por 5 a 1 na abertura da Euro 2024. Uma vit\u00f3ria leva os alem\u00e3es \u00e0 segunda fase. Jogo pesado\u2026","rel":"","context":"Em &quot;futebol&quot;","block_context":{"text":"futebol","link":"https:\/\/blogdoprosperi.com\/?cat=53870"},"img":{"alt_text":"Segunda rodada da Euro com Modric (Cro\u00e1cia), Wirtz (Alemanha) e Saka (Su\u00ed\u00e7a)","src":"https:\/\/i0.wp.com\/blogdoprosperi.com\/wp-content\/uploads\/2024\/06\/euro_24_-_3_players_country_-_facebook_2_.webp?fit=988%2C556&ssl=1&resize=350%2C200","width":350,"height":200,"srcset":"https:\/\/i0.wp.com\/blogdoprosperi.com\/wp-content\/uploads\/2024\/06\/euro_24_-_3_players_country_-_facebook_2_.webp?fit=988%2C556&ssl=1&resize=350%2C200 1x, https:\/\/i0.wp.com\/blogdoprosperi.com\/wp-content\/uploads\/2024\/06\/euro_24_-_3_players_country_-_facebook_2_.webp?fit=988%2C556&ssl=1&resize=525%2C300 1.5x, https:\/\/i0.wp.com\/blogdoprosperi.com\/wp-content\/uploads\/2024\/06\/euro_24_-_3_players_country_-_facebook_2_.webp?fit=988%2C556&ssl=1&resize=700%2C400 2x"},"classes":[]}],"jetpack_featured_media_url":"https:\/\/i0.wp.com\/blogdoprosperi.com\/wp-content\/uploads\/2024\/07\/euro_24_-_2_players_h2h_-_facebook_20240703124243.jpg?fit=988%2C556&ssl=1","_links":{"self":[{"href":"https:\/\/blogdoprosperi.com\/index.php?rest_route=\/wp\/v2\/posts\/43676","targetHints":{"allow":["GET"]}}],"collection":[{"href":"https:\/\/blogdoprosperi.com\/index.php?rest_route=\/wp\/v2\/posts"}],"about":[{"href":"https:\/\/blogdoprosperi.com\/index.php?rest_route=\/wp\/v2\/types\/post"}],"author":[{"embeddable":true,"href":"https:\/\/blogdoprosperi.com\/index.php?rest_route=\/wp\/v2\/users\/102107496"}],"replies":[{"embeddable":true,"href":"https:\/\/blogdoprosperi.com\/index.php?rest_route=%2Fwp%2Fv2%2Fcomments&post=43676"}],"version-history":[{"count":6,"href":"https:\/\/blogdoprosperi.com\/index.php?rest_route=\/wp\/v2\/posts\/43676\/revisions"}],"predecessor-version":[{"id":43689,"href":"https:\/\/blogdoprosperi.com\/index.php?rest_route=\/wp\/v2\/posts\/43676\/revisions\/43689"}],"wp:featuredmedia":[{"embeddable":true,"href":"https:\/\/blogdoprosperi.com\/index.php?rest_route=\/wp\/v2\/media\/43686"}],"wp:attachment":[{"href":"https:\/\/blogdoprosperi.com\/index.php?rest_route=%2Fwp%2Fv2%2Fmedia&parent=43676"}],"wp:term":[{"taxonomy":"category","embeddable":true,"href":"https:\/\/blogdoprosperi.com\/index.php?rest_route=%2Fwp%2Fv2%2Fcategories&post=43676"},{"taxonomy":"post_tag","embeddable":true,"href":"https:\/\/blogdoprosperi.com\/index.php?rest_route=%2Fwp%2Fv2%2Ftags&post=43676"}],"curies":[{"name":"wp","href":"https:\/\/api.w.org\/{rel}","templated":true}]}}