{"id":43756,"date":"2024-07-08T17:36:19","date_gmt":"2024-07-08T20:36:19","guid":{"rendered":"https:\/\/blogdoprosperi.com\/?p=43756"},"modified":"2024-07-11T15:05:21","modified_gmt":"2024-07-11T18:05:21","slug":"dez-anos-do-7-a-1-acompanhe-depoimento-do-reporter-presente-na-tragedia","status":"publish","type":"post","link":"https:\/\/blogdoprosperi.com\/?p=43756","title":{"rendered":"Dez anos do 7 a 1: acompanhe depoimento do rep\u00f3rter presente na trag\u00e9dia"},"content":{"rendered":"<p>Eu estava nas tribunas de imprensa do Mineir\u00e3o naquela tarde de 8 de julho de 2014. Acompanhei incr\u00e9dulo, como a maioria de meus colegas jornalistas, a sucess\u00e3o de gols da Alemanha at\u00e9 os 34 minutos do segundo tempo quando Klose marcou s\u00e9timo gol deles. Na minha longa carreira de mais de 30 anos de rep\u00f3rter esportivo nunca havia presenciado nada que chegasse perto daquele 7 a 1, por tudo que envolvia o jogo. Semifinal de Copa do Mundo, Brasil jogando sua segunda Copa em casa ainda com trauma do Maracanzao em 1950. Brasil estava a um jogo de ser finalista. Neymar fora (quase tetrapl\u00e9gico com a les\u00e3o nas costas), jogadores da Sele\u00e7\u00e3o \u00e0 beira de um stress emocional sem precedentes, tens\u00e3o pol\u00edtica no pa\u00eds ainda sob efeito das manifesta\u00e7\u00f5es de junho de 2013 e processo eleitoral de presidente da Rep\u00fablica. Dois t\u00e9cnicos campe\u00f5es do mundo, Parreira (1994) e Felip\u00e3o (2002), no comando da Sele\u00e7\u00e3o e a CBF presidida por dois cartolas que seriam banidos do futebol no caso Fifagate um ano depois do 7 a 1.<\/p>\n<p>Apresento aqui a minha percep\u00e7\u00e3o do 7 a 1 e o longo processo que consumou a trag\u00e9dia. Se voc\u00ea, raro leitor, tiver paci\u00eancia para me acompanhar, aqui vai meu depoimento:<\/p>\n<p><em>Estamos em junho de 2013. Ruas das principais cidades do pa\u00eds se incendiavam com as manifesta\u00e7\u00f5es pol\u00edticas at\u00e9 ent\u00e3o sem um norte. Contra tudo e contra todos. Exigiam &#8220;N\u00e3o vai ter Copa&#8221;, &#8220;Fora Padr\u00e3o Fifa&#8221;, entre dezenas de slogans criados no calor dos protestos. Dilma Roussef (PT) era a presidenta do Brasil e muita gente n\u00e3o engolia o fato de o pa\u00eds sediar a Copa sob governo do PT.<\/em><\/p>\n<p><em>Enquanto as ruas pegavam fogo, com milhares de pessoas nas manifesta\u00e7\u00f5es, os bastidores da CBF tamb\u00e9m eram um caldeir\u00e3o borbulhante. Presidente Ricardo Teixeira, encastelado no poder desde 1989, sa\u00eda de cena em 2012 ap\u00f3s sucessivos esc\u00e2ndalos na gest\u00e3o da CBF. A dupla de vices, Jos\u00e9 Maria Marin e Marco Polo Del Nero, de longa atua\u00e7\u00e3o na pol\u00edtica no futebol paulista, assume o comando da CBF a um ano da Copa de 2014.<\/em><\/p>\n<p><em>Sele\u00e7\u00e3o Brasileira era dirigida por Mano Menezes, nomeado por Teixeira em 2011 diante do fracasso de Dunga na Copa de 2010 na \u00c1frica do Sul. Bra\u00e7o direito de Mano na Sele\u00e7\u00e3o era Andr\u00e9s Sanchez, presidente do Corinthians e ligado ao PT.<\/em><\/p>\n<p><em>Marin e Del Nero, conservadores e malufistas de carteirinha, agiram r\u00e1pido demitindo Sanchez, ent\u00e3o diretor de Sele\u00e7\u00f5es da CBF. Pr\u00f3ximo a cair seria Mano Menezes, derrotado na final ol\u00edmpica de Londres em agosto de 2012.<\/em><\/p>\n<p><em>Mano caiu no dia 23 de novembro de 2012. Seis dias depois, 29 de novembro, Marin e Del Nero entregam a Sele\u00e7\u00e3o a Luiz Felipe Scolari na fun\u00e7\u00e3o de t\u00e9cnico e a Carlos Alberto Parreira, coordenador. Sele\u00e7\u00e3o passa a ter os dois \u00faltimos treinadores campe\u00f5es mundiais. Felip\u00e3o em 2002 e Parreira em 1994. Marketing puro da CBF.<\/em><\/p>\n<p><em>Respeitosos entre si, os dois tinham vis\u00f5es distintas do futebol. Felip\u00e3o, muito pr\u00e1tico, simples e paiz\u00e3o dos jogadores, e Parreira, mais pragm\u00e1tico e catedr\u00e1tico.<\/em><\/p>\n<p><em>Detalhe, fui o primeiro jornalista a dar a not\u00edcia de que Felip\u00e3o seria o sucessor de Mano.<\/em><\/p>\n<p><em>Felip\u00e3o e Parreira, mesmo sem falar a mesma l\u00edngua do futebol, assumiram a Sele\u00e7\u00e3o em 2013 dizendo que o Brasil era favorito a conquistar a Copa de 2104. Jogadores teriam de acreditar nesse mantra e jogar pela na\u00e7\u00e3o que pegava fogo nas ruas.<\/em><\/p>\n<p><em>O ensaio desse lema se fez presente na Copa das Confedera\u00e7\u00f5es em 2013 com a conquista da ta\u00e7a no Maracan\u00e3 em julho daquele ano contra a Espanha, ent\u00e3o atual campe\u00e3 do mundo. A cada jogo do Brasil na Copa das Confedera\u00e7\u00f5es, o Hino Nacional era cantado \u00e0 capela pela torcida amarela que lotava os est\u00e1dios. E os jogadores perfilados estufavam as veias para cantar mais alto ainda. P\u00e1tria em primeiro lugar, bola em segundo.<\/em><\/p>\n<figure id=\"attachment_43767\" aria-describedby=\"caption-attachment-43767\" style=\"width: 720px\" class=\"wp-caption alignnone\"><img data-recalc-dims=\"1\" loading=\"lazy\" decoding=\"async\" data-attachment-id=\"43767\" data-permalink=\"https:\/\/blogdoprosperi.com\/?attachment_id=43767\" data-orig-file=\"https:\/\/i0.wp.com\/blogdoprosperi.com\/wp-content\/uploads\/2024\/07\/morgana-e-tati-4.jpg?fit=900%2C600&amp;ssl=1\" data-orig-size=\"900,600\" data-comments-opened=\"1\" data-image-meta=\"{&quot;aperture&quot;:&quot;3.5&quot;,&quot;credit&quot;:&quot;&quot;,&quot;camera&quot;:&quot;Canon EOS REBEL T2i&quot;,&quot;caption&quot;:&quot;&quot;,&quot;created_timestamp&quot;:&quot;1394656652&quot;,&quot;copyright&quot;:&quot;&quot;,&quot;focal_length&quot;:&quot;18&quot;,&quot;iso&quot;:&quot;6400&quot;,&quot;shutter_speed&quot;:&quot;0.04&quot;,&quot;title&quot;:&quot;&quot;,&quot;orientation&quot;:&quot;0&quot;}\" data-image-title=\"Manifesta\u00e7\u00f5es em junho de 2013\" data-image-description=\"\" data-image-caption=\"&lt;p&gt;Manifestantes protestam: N\u00e3o vai ter Copa \u2013foto: CMI-Rio&lt;\/p&gt;\n\" data-large-file=\"https:\/\/i0.wp.com\/blogdoprosperi.com\/wp-content\/uploads\/2024\/07\/morgana-e-tati-4.jpg?fit=900%2C600&amp;ssl=1\" class=\"size-large wp-image-43767\" src=\"https:\/\/i0.wp.com\/blogdoprosperi.com\/wp-content\/uploads\/2024\/07\/morgana-e-tati-4.jpg?resize=720%2C480&#038;ssl=1\" alt=\"\" width=\"720\" height=\"480\" \/><figcaption id=\"caption-attachment-43767\" class=\"wp-caption-text\"><em>Manifestantes protestam: N\u00e3o vai ter Copa \u2013foto: CMI-Rio<\/em><\/figcaption><\/figure>\n<p><em>Com esse esp\u00edrito embutido em cada jogador e agu\u00e7ando a comiss\u00e3o t\u00e9cnica, a Sele\u00e7\u00e3o chega \u00e0 Copa de 2014 com a maioria dos jogadores campe\u00f5es da Copa das Confedera\u00e7\u00f5es em 2013. Muitos deles j\u00e1 n\u00e3o viviam uma boa fase t\u00e9cnica e alguns tinham problemas f\u00edsicos. Mas Neymar estava bem, e isso era o que mais importava.<\/em><\/p>\n<p><em>Primeiro problema grave: Felip\u00e3o pediu a Marin e Del Nero um local mais reservado para preparar a Sele\u00e7\u00e3o antes e durante a Copa. Gostaria de levar o escrete para o CT de Cotia do S\u00e3o Paulo FC onde o acesso de imprensa, empres\u00e1rios, tietes de jogadores e oportunistas seria mais restrito. Marin n\u00e3o aceitou. Obrigou a Sele\u00e7\u00e3o se hospedar na Granja Comary em Teres\u00f3polis, regi\u00e3o serrana do Rio. CBF armou l\u00e1, anexo aos campos de treinamentos, uma tenda para atender mais de mil jornalistas credenciados e um setor especial para pelo menos 200 convidados da CBF por sess\u00e3o de treinamentos.<\/em><\/p>\n<p><em>Felip\u00e3o e Parreira foram obrigados a engolir. Acabava privacidade da Sele\u00e7\u00e3o.<\/em><\/p>\n<p><em>Come\u00e7a a Copa na Arena do Corinthians incendiada contra a presen\u00e7a da presidenta Dilma nas tribunas. Est\u00e1dio inteiro grita uma s\u00f3 voz: &#8220;Dilma, vai tomar no c&#8221;, antes e durante o jogo. No hino nacional, jogadores se esgoelam a cantar no tom da torcida. Brasil sofre e vence a Cro\u00e1cia: 3 a 1.<\/em><\/p>\n<p><em>No segundo jogo, Brasil empata sem gols contra o M\u00e9xico em Fortaleza sob intenso patriotismo nas tribunas e press\u00e3o no time. E garante classifica\u00e7\u00e3o em Bras\u00edlia ao vencer Camar\u00f5es por 4 a 1, no mesmo clima dos outros jogos.<\/em><\/p>\n<p><em>Vem as oitavas de final e o Brasil empata por 1 a 1 contra o Chile. Por um fio n\u00e3o eliminado na prorroga\u00e7\u00e3o. E na disputa por p\u00eanalti, vence por 3 a 2. Sentado na bola, \u00e0 beira do campo, o capit\u00e3o Thiago Silva, que havia sido substitu\u00eddo, chora sem cerim\u00f4nia. Esse jogo escancara o stress emocional dos jogadores e a falta de solu\u00e7\u00f5es de Parreira e Felip\u00e3o para fazer o time andar.<\/em><\/p>\n<figure id=\"attachment_43768\" aria-describedby=\"caption-attachment-43768\" style=\"width: 720px\" class=\"wp-caption alignnone\"><img data-recalc-dims=\"1\" loading=\"lazy\" decoding=\"async\" data-attachment-id=\"43768\" data-permalink=\"https:\/\/blogdoprosperi.com\/?attachment_id=43768\" data-orig-file=\"https:\/\/i0.wp.com\/blogdoprosperi.com\/wp-content\/uploads\/2024\/07\/3461630_x720.jpg?fit=1280%2C720&amp;ssl=1\" data-orig-size=\"1280,720\" data-comments-opened=\"1\" data-image-meta=\"{&quot;aperture&quot;:&quot;0&quot;,&quot;credit&quot;:&quot;&quot;,&quot;camera&quot;:&quot;&quot;,&quot;caption&quot;:&quot;&quot;,&quot;created_timestamp&quot;:&quot;0&quot;,&quot;copyright&quot;:&quot;&quot;,&quot;focal_length&quot;:&quot;0&quot;,&quot;iso&quot;:&quot;0&quot;,&quot;shutter_speed&quot;:&quot;0&quot;,&quot;title&quot;:&quot;&quot;,&quot;orientation&quot;:&quot;0&quot;}\" data-image-title=\"Thiago Silva chora na Copa 2014\" data-image-description=\"\" data-image-caption=\"&lt;p&gt;Thiago Silva chora na cobran\u00e7a de p\u00eanaltis contra o Chile &amp;#8211; foto: reprodu\u00e7\u00e3o TV&lt;\/p&gt;\n\" data-large-file=\"https:\/\/i0.wp.com\/blogdoprosperi.com\/wp-content\/uploads\/2024\/07\/3461630_x720.jpg?fit=940%2C529&amp;ssl=1\" class=\"size-large wp-image-43768\" src=\"https:\/\/i0.wp.com\/blogdoprosperi.com\/wp-content\/uploads\/2024\/07\/3461630_x720.jpg?resize=720%2C405&#038;ssl=1\" alt=\"\" width=\"720\" height=\"405\" \/><figcaption id=\"caption-attachment-43768\" class=\"wp-caption-text\"><em>Thiago Silva chora na cobran\u00e7a de p\u00eanaltis contra o Chile &#8211; foto: reprodu\u00e7\u00e3o TV<\/em><\/figcaption><\/figure>\n<p><em>Dia seguinte a essa tensa partida, Felip\u00e3o e Parreira resolvem convocar seis jornalistas de diferentes ve\u00edculos de comunica\u00e7\u00e3o para uma conversa reservada em uma tenda anexa onde mais de mil jornalistas do Brasil e do mundo trabalhavam diariamente.<\/em><\/p>\n<p><em>Eu, na \u00e9poca trabalhando no Estad\u00e3o, fui um dos seis convidados. <\/em><\/p>\n<p><em>No bate-papo, Felip\u00e3o e Parreira disseram que estavam preocupados com stress emocional dos jogadores, enxergavam tamb\u00e9m um suposto compl\u00f4 da Fifa manipulando a arbitragem para n\u00e3o deixar o Brasil ser campe\u00e3o e consolidar uma hegemonia com seis conquistas de Copas do Mundo. Revelaram que se arrependiam de n\u00e3o ter chamado um jogador, entre os 23 convocados, que poderia fazer a diferen\u00e7a \u2013 n\u00e3o abriram o nome. E, detalhe importante, estavam convocando a psic\u00f3loga Regina Brand\u00e3o, muito bem avaliada na psicologia esportiva, para uma conversa com os jogadores em Teres\u00f3polis. Conversa seria entre Regina e os jogadores, mais ningu\u00e9m.<\/em><\/p>\n<p><em>Os mais de mil jornalistas privados da conversa reservada com os seis eleitos por Felip\u00e3o e Parreira, fizeram duras cr\u00edticas aos dois e, por tabela, cobraram a CBF. Marin e Del Nero n\u00e3o aprovaram atitude \u00a0da comiss\u00e3o t\u00e9cnica e exigiram explica\u00e7\u00f5es de Felip\u00e3o e Parreira. Aumentava a tens\u00e3o.<\/em><\/p>\n<p><em>Jogo seguinte a tudo isso seria contra a Col\u00f4mbia, novamente em Fortaleza. Brasil vence por 2 a 1 num clima de muitas incertezas, emocional l\u00e1 em cima, hino \u00e0 capela saltando nas veias e o golpe de miseric\u00f3rdia: Neymar leva uma joelhada nas costas de um infeliz colombiano e est\u00e1 fora da Copa.<\/em><\/p>\n<div class=\"jetpack-video-wrapper\"><span class=\"embed-youtube\" style=\"text-align:center; display: block;\"><iframe loading=\"lazy\" class=\"youtube-player\" width=\"560\" height=\"315\" src=\"https:\/\/www.youtube.com\/embed\/Clai7U-iEJw?version=3&#038;rel=1&#038;showsearch=0&#038;showinfo=1&#038;iv_load_policy=1&#038;fs=1&#038;hl=pt-BR&#038;autohide=2&#038;wmode=transparent\" allowfullscreen=\"true\" style=\"border:0;\" sandbox=\"allow-scripts allow-same-origin allow-popups allow-presentation allow-popups-to-escape-sandbox\"><\/iframe><\/span><\/div>\n<p><em>Se o nervos dos jogadores estavam esgar\u00e7ados, depois da les\u00e3o de Neymar se tornou imposs\u00edvel aliviar a tens\u00e3o.<\/em><\/p>\n<p><em>A psic\u00f3loga Regina Brand\u00e3o me contou que ap\u00f3s vit\u00f3ria nos p\u00eanaltis contra o Chile e a classifica\u00e7\u00e3o \u00e0 semifinal diante da Col\u00f4mbia, seguida do epis\u00f3dio Neymar fora da Copa, seu WhatsApp virou um div\u00e3 dos jogadores da Sele\u00e7\u00e3o. Caixinha de mensagens da psic\u00f3loga entupiu, tamanha procura por conselhos. P\u00e2nico entre os atletas. \u00a0<\/em><\/p>\n<p><em>A cena de Neymar deixando a Granja Comary de helic\u00f3ptero deitado em uma maca comove a todos \u2013 jogadores, jornalistas, torcedores, comiss\u00e3o t\u00e9cnica. Era mais um epis\u00f3dio de alta tens\u00e3o emotiva que a Sele\u00e7\u00e3o enfrentava.<\/em><\/p>\n<figure id=\"attachment_43763\" aria-describedby=\"caption-attachment-43763\" style=\"width: 720px\" class=\"wp-caption alignnone\"><img data-recalc-dims=\"1\" loading=\"lazy\" decoding=\"async\" data-attachment-id=\"43763\" data-permalink=\"https:\/\/blogdoprosperi.com\/?attachment_id=43763\" data-orig-file=\"https:\/\/i0.wp.com\/blogdoprosperi.com\/wp-content\/uploads\/2024\/07\/size_960_16_9_neymar-helicoptero2.webp?fit=750%2C500&amp;ssl=1\" data-orig-size=\"750,500\" data-comments-opened=\"1\" data-image-meta=\"{&quot;aperture&quot;:&quot;0&quot;,&quot;credit&quot;:&quot;&quot;,&quot;camera&quot;:&quot;&quot;,&quot;caption&quot;:&quot;&quot;,&quot;created_timestamp&quot;:&quot;0&quot;,&quot;copyright&quot;:&quot;&quot;,&quot;focal_length&quot;:&quot;0&quot;,&quot;iso&quot;:&quot;0&quot;,&quot;shutter_speed&quot;:&quot;0&quot;,&quot;title&quot;:&quot;&quot;,&quot;orientation&quot;:&quot;0&quot;}\" data-image-title=\"Neymar fora da Copa 2014\" data-image-description=\"\" data-image-caption=\"&lt;p&gt;Neymar deixa Granja Comary \u2013 foto: CBF oficial&lt;\/p&gt;\n\" data-large-file=\"https:\/\/i0.wp.com\/blogdoprosperi.com\/wp-content\/uploads\/2024\/07\/size_960_16_9_neymar-helicoptero2.webp?fit=750%2C500&amp;ssl=1\" class=\"size-large wp-image-43763\" src=\"https:\/\/i0.wp.com\/blogdoprosperi.com\/wp-content\/uploads\/2024\/07\/size_960_16_9_neymar-helicoptero2.webp?resize=720%2C480&#038;ssl=1\" alt=\"\" width=\"720\" height=\"480\" \/><figcaption id=\"caption-attachment-43763\" class=\"wp-caption-text\"><em>Neymar deixa Granja Comary em Teres\u00f3polis \u2013 foto: CBF oficial<\/em><\/figcaption><\/figure>\n<p><em>Sem Neymar, por pouco um tetrapl\u00e9gico com a fratura em uma das v\u00e9rtebras, jogadores no \u00faltimo grau do stress emocional e Felip\u00e3o sem privacidade para escolher quem jogaria no lugar de Neymar, Brasil encerra prepara\u00e7\u00e3o ao jogo contra Alemanha na semifinal da Copa.<\/em><\/p>\n<p><em>Enquanto a Sele\u00e7\u00e3o vivia todo esse drama, os alem\u00e3es treinavam em Porto Seguro, na Bahia, ao lado de ind\u00edgenas e habitantes daquele para\u00edso tropical brasileiro. Uma pajelan\u00e7a e tanto e com direito a banhos de mar. E ainda jogariam contra o Brasil vestindo um uniforme inspirado na camisa do Flamengo.<\/em><\/p>\n<p><em>Felip\u00e3o e Parreira elegem Bernard, &#8220;alegria nas pernas&#8221;, para jogar no lugar de Neymar. N\u00e3o acreditavam que era preciso mudar o esquema de jogo do Brasil, refor\u00e7ar o meio-campo diante desse setor mais forte da Alemanha. Sele\u00e7\u00e3o deveria jogar como vinha jogando na Copa, apenas Bernard no lugar de Neymar, imaginavam os dois.<\/em><\/p>\n<p><em>Jogadores entram em campo no Mineir\u00e3o com David Luiz exibindo a camisa 10 de Neymar, como se fosse um fantasma. Disseram que a Sele\u00e7\u00e3o jogaria por Neymar. Se esgoelam pela sexta vez durante Hino Nacional no Mineir\u00e3o patri\u00f3tico e com a presen\u00e7a de Aecio Neves (PSDB), principal candidato de oposi\u00e7\u00e3o a Dilma Roussef. Brasil, Brasil, gritam torcedores.<\/em><\/p>\n<p><em>Come\u00e7a o jogo e meu depoimento chega ao fim. Gol da Alemanha, gol da da Alemanha, gol&#8230; gol&#8230;gol da Alemanha. Acaba primeiro tempo. Se inicia o segundo tempo, gol da Alemanha&#8230; gol da Alemanha. Quase no finalzinho&#8230; gol do Brasil, Oscar.<\/em><\/p>\n<p><em>Dia seguinte ao Tsunami, Felip\u00e3o e Parreira sentam \u00e0 mesa de entrevistas na tenda de mil jornalistas na Granja Comary em Teres\u00f3polis. Perfilam todo o comissariado da Sele\u00e7\u00e3o ao lado, uns 20 profissionais vestidos de verde oliva grife Nike.<\/em><\/p>\n<p><em>Antes da primeira pergunta dos jornalistas, Felip\u00e3o come\u00e7a a falar, Parreira interrompe e tira um papel do bolso: &#8220;Vou ler para voc\u00eas uma carta das centenas que recebemos. \u00c9 da dona Lucia, que n\u00e3o conhecemos&#8221;. \u00a0Parreira toma f\u00f4lego e inicia a leitura:<\/em><\/p>\n<p><em>&#8220;Professor Felip\u00e3o&#8230;&#8221;<\/em><\/p>\n<div class=\"jetpack-video-wrapper\"><span class=\"embed-youtube\" style=\"text-align:center; display: block;\"><iframe loading=\"lazy\" class=\"youtube-player\" width=\"560\" height=\"315\" src=\"https:\/\/www.youtube.com\/embed\/8XtSs3BBEtU?version=3&#038;rel=1&#038;showsearch=0&#038;showinfo=1&#038;iv_load_policy=1&#038;fs=1&#038;hl=pt-BR&#038;autohide=2&#038;wmode=transparent\" allowfullscreen=\"true\" style=\"border:0;\" sandbox=\"allow-scripts allow-same-origin allow-popups allow-presentation allow-popups-to-escape-sandbox\"><\/iframe><\/span><\/div>\n","protected":false},"excerpt":{"rendered":"<p>Eu estava nas tribunas de imprensa do Mineir\u00e3o naquela tarde de 8 de julho de 2014. Acompanhei incr\u00e9dulo, [&hellip;]<\/p>\n","protected":false},"author":102107496,"featured_media":43771,"comment_status":"open","ping_status":"open","sticky":false,"template":"","format":"standard","meta":{"_coblocks_attr":"","_coblocks_dimensions":"","_coblocks_responsive_height":"","_coblocks_accordion_ie_support":"","_jetpack_newsletter_access":"","_jetpack_dont_email_post_to_subs":false,"_jetpack_newsletter_tier_id":0,"_jetpack_memberships_contains_paywalled_content":false,"_wpcom_ai_launchpad_first_post":false,"_jetpack_feature_clip_id":0,"_jetpack_memberships_contains_paid_content":false,"footnotes":"","jetpack_publicize_message":"","jetpack_publicize_feature_enabled":true,"jetpack_social_post_already_shared":false,"jetpack_social_options":{"image_generator_settings":{"template":"highway","default_image_id":0,"font":"","enabled":false},"version":2},"jetpack_post_was_ever_published":false},"categories":[570700,53870,3919,174694],"tags":[9257569,789560569,2352364,104071,789560560,250340251,789560573,4112146,4353713],"class_list":["post-43756","post","type-post","status-publish","format-standard","has-post-thumbnail","hentry","category-cbf","category-futebol","category-opiniao","category-selecao-brasileira","tag-7-a-1","tag-cbf","tag-copa-2014","tag-felipao","tag-futebol","tag-gol-da-alemanha","tag-luiz-antonio-prosperi","tag-neymar","tag-parreira"],"yoast_head":"<!-- This site is optimized with the Yoast SEO plugin v28.3 - https:\/\/yoast.com\/product\/yoast-seo-wordpress\/ -->\n<title>Dez anos do 7 a 1: acompanhe depoimento do rep\u00f3rter presente na trag\u00e9dia - PR\u00d3SPERI NEWS<\/title>\n<meta name=\"robots\" content=\"index, follow, max-snippet:-1, max-image-preview:large, max-video-preview:-1\" \/>\n<link rel=\"canonical\" href=\"https:\/\/blogdoprosperi.com\/?p=43756\" \/>\n<meta property=\"og:locale\" content=\"pt_BR\" \/>\n<meta property=\"og:type\" content=\"article\" \/>\n<meta property=\"og:title\" content=\"Dez anos do 7 a 1: acompanhe depoimento do rep\u00f3rter presente na trag\u00e9dia - PR\u00d3SPERI NEWS\" \/>\n<meta property=\"og:description\" content=\"Eu estava nas tribunas de imprensa do Mineir\u00e3o naquela tarde de 8 de julho de 2014. Acompanhei incr\u00e9dulo, [&hellip;]\" \/>\n<meta property=\"og:url\" content=\"https:\/\/blogdoprosperi.com\/?p=43756\" \/>\n<meta property=\"og:site_name\" content=\"PR\u00d3SPERI NEWS\" \/>\n<meta property=\"article:publisher\" content=\"Luiz Pr\u00f3speri\" \/>\n<meta property=\"article:author\" content=\"Luiz Pr\u00f3speri\" \/>\n<meta property=\"article:published_time\" content=\"2024-07-08T20:36:19+00:00\" \/>\n<meta property=\"article:modified_time\" content=\"2024-07-11T18:05:21+00:00\" \/>\n<meta property=\"og:image\" content=\"https:\/\/i0.wp.com\/blogdoprosperi.com\/wp-content\/uploads\/2024\/07\/6daa68c1-bd5d-466d-9aed-855a0783bf78.jpg?fit=900%2C600&ssl=1\" \/>\n\t<meta property=\"og:image:width\" content=\"900\" \/>\n\t<meta property=\"og:image:height\" content=\"600\" \/>\n\t<meta property=\"og:image:type\" content=\"image\/jpeg\" \/>\n<meta name=\"author\" content=\"Luiz Ant\u00f4nio Pr\u00f3speri\" \/>\n<meta name=\"twitter:card\" content=\"summary_large_image\" \/>\n<meta name=\"twitter:creator\" content=\"@Luizprosperi\" \/>\n<meta name=\"twitter:site\" content=\"@Luizprosperi\" \/>\n<meta name=\"twitter:label1\" content=\"Escrito por\" \/>\n\t<meta name=\"twitter:data1\" content=\"Luiz Ant\u00f4nio Pr\u00f3speri\" \/>\n\t<meta name=\"twitter:label2\" content=\"Est. tempo de leitura\" \/>\n\t<meta name=\"twitter:data2\" content=\"9 minutos\" \/>\n<script type=\"application\/ld+json\" class=\"yoast-schema-graph\">{\"@context\":\"https:\\\/\\\/schema.org\",\"@graph\":[{\"@type\":\"Article\",\"@id\":\"https:\\\/\\\/blogdoprosperi.com\\\/?p=43756#article\",\"isPartOf\":{\"@id\":\"https:\\\/\\\/blogdoprosperi.com\\\/?p=43756\"},\"author\":{\"name\":\"Luiz Ant\u00f4nio Pr\u00f3speri\",\"@id\":\"https:\\\/\\\/blogdoprosperi.com\\\/#\\\/schema\\\/person\\\/38100755ce3601861ee4fab9b5aa78e9\"},\"headline\":\"Dez anos do 7 a 1: acompanhe depoimento do rep\u00f3rter presente na trag\u00e9dia\",\"datePublished\":\"2024-07-08T20:36:19+00:00\",\"dateModified\":\"2024-07-11T18:05:21+00:00\",\"mainEntityOfPage\":{\"@id\":\"https:\\\/\\\/blogdoprosperi.com\\\/?p=43756\"},\"wordCount\":1883,\"commentCount\":0,\"publisher\":{\"@id\":\"https:\\\/\\\/blogdoprosperi.com\\\/#\\\/schema\\\/person\\\/38100755ce3601861ee4fab9b5aa78e9\"},\"image\":{\"@id\":\"https:\\\/\\\/blogdoprosperi.com\\\/?p=43756#primaryimage\"},\"thumbnailUrl\":\"https:\\\/\\\/i0.wp.com\\\/blogdoprosperi.com\\\/wp-content\\\/uploads\\\/2024\\\/07\\\/6daa68c1-bd5d-466d-9aed-855a0783bf78.jpg?fit=900%2C600&ssl=1\",\"keywords\":[\"7 a 1\",\"CBF\",\"Copa 2014\",\"Felip\u00e3o\",\"futebol\",\"gol da alemanha\",\"Luiz Ant\u00f4nio Pr\u00f3speri\",\"Neymar\",\"Parreira\"],\"articleSection\":[\"CBF\",\"futebol\",\"opini\u00e3o\",\"Sele\u00e7\u00e3o Brasileira\"],\"inLanguage\":\"pt-BR\",\"potentialAction\":[{\"@type\":\"CommentAction\",\"name\":\"Comment\",\"target\":[\"https:\\\/\\\/blogdoprosperi.com\\\/?p=43756#respond\"]}]},{\"@type\":\"WebPage\",\"@id\":\"https:\\\/\\\/blogdoprosperi.com\\\/?p=43756\",\"url\":\"https:\\\/\\\/blogdoprosperi.com\\\/?p=43756\",\"name\":\"Dez anos do 7 a 1: acompanhe depoimento do rep\u00f3rter presente na trag\u00e9dia - PR\u00d3SPERI NEWS\",\"isPartOf\":{\"@id\":\"https:\\\/\\\/blogdoprosperi.com\\\/#website\"},\"primaryImageOfPage\":{\"@id\":\"https:\\\/\\\/blogdoprosperi.com\\\/?p=43756#primaryimage\"},\"image\":{\"@id\":\"https:\\\/\\\/blogdoprosperi.com\\\/?p=43756#primaryimage\"},\"thumbnailUrl\":\"https:\\\/\\\/i0.wp.com\\\/blogdoprosperi.com\\\/wp-content\\\/uploads\\\/2024\\\/07\\\/6daa68c1-bd5d-466d-9aed-855a0783bf78.jpg?fit=900%2C600&ssl=1\",\"datePublished\":\"2024-07-08T20:36:19+00:00\",\"dateModified\":\"2024-07-11T18:05:21+00:00\",\"breadcrumb\":{\"@id\":\"https:\\\/\\\/blogdoprosperi.com\\\/?p=43756#breadcrumb\"},\"inLanguage\":\"pt-BR\",\"potentialAction\":[{\"@type\":\"ReadAction\",\"target\":[\"https:\\\/\\\/blogdoprosperi.com\\\/?p=43756\"]}]},{\"@type\":\"ImageObject\",\"inLanguage\":\"pt-BR\",\"@id\":\"https:\\\/\\\/blogdoprosperi.com\\\/?p=43756#primaryimage\",\"url\":\"https:\\\/\\\/i0.wp.com\\\/blogdoprosperi.com\\\/wp-content\\\/uploads\\\/2024\\\/07\\\/6daa68c1-bd5d-466d-9aed-855a0783bf78.jpg?fit=900%2C600&ssl=1\",\"contentUrl\":\"https:\\\/\\\/i0.wp.com\\\/blogdoprosperi.com\\\/wp-content\\\/uploads\\\/2024\\\/07\\\/6daa68c1-bd5d-466d-9aed-855a0783bf78.jpg?fit=900%2C600&ssl=1\",\"width\":900,\"height\":600,\"caption\":\"Sele\u00e7\u00e3o minutos antes do jogo com Alemanha \u2013 foto: CBF oficial\"},{\"@type\":\"BreadcrumbList\",\"@id\":\"https:\\\/\\\/blogdoprosperi.com\\\/?p=43756#breadcrumb\",\"itemListElement\":[{\"@type\":\"ListItem\",\"position\":1,\"name\":\"In\u00edcio\",\"item\":\"https:\\\/\\\/blogdoprosperi.com\\\/\"},{\"@type\":\"ListItem\",\"position\":2,\"name\":\"Dez anos do 7 a 1: acompanhe depoimento do rep\u00f3rter presente na trag\u00e9dia\"}]},{\"@type\":\"WebSite\",\"@id\":\"https:\\\/\\\/blogdoprosperi.com\\\/#website\",\"url\":\"https:\\\/\\\/blogdoprosperi.com\\\/\",\"name\":\"PR\u00d3SPERI NEWS\",\"description\":\"TUDO \u00c9  FUTEBOL\",\"publisher\":{\"@id\":\"https:\\\/\\\/blogdoprosperi.com\\\/#\\\/schema\\\/person\\\/38100755ce3601861ee4fab9b5aa78e9\"},\"alternateName\":\"blogdoprosperi.com\",\"potentialAction\":[{\"@type\":\"SearchAction\",\"target\":{\"@type\":\"EntryPoint\",\"urlTemplate\":\"https:\\\/\\\/blogdoprosperi.com\\\/?s={search_term_string}\"},\"query-input\":{\"@type\":\"PropertyValueSpecification\",\"valueRequired\":true,\"valueName\":\"search_term_string\"}}],\"inLanguage\":\"pt-BR\"},{\"@type\":[\"Person\",\"Organization\"],\"@id\":\"https:\\\/\\\/blogdoprosperi.com\\\/#\\\/schema\\\/person\\\/38100755ce3601861ee4fab9b5aa78e9\",\"name\":\"Luiz Ant\u00f4nio Pr\u00f3speri\",\"pronouns\":\"ele\",\"image\":{\"@type\":\"ImageObject\",\"inLanguage\":\"pt-BR\",\"@id\":\"https:\\\/\\\/i0.wp.com\\\/blogdoprosperi.com\\\/wp-content\\\/uploads\\\/2026\\\/05\\\/cropped-8059e613-6002-42fa-961e-8e275f575d71-2-5.jpg?fit=1360%2C931&ssl=1\",\"url\":\"https:\\\/\\\/i0.wp.com\\\/blogdoprosperi.com\\\/wp-content\\\/uploads\\\/2026\\\/05\\\/cropped-8059e613-6002-42fa-961e-8e275f575d71-2-5.jpg?fit=1360%2C931&ssl=1\",\"contentUrl\":\"https:\\\/\\\/i0.wp.com\\\/blogdoprosperi.com\\\/wp-content\\\/uploads\\\/2026\\\/05\\\/cropped-8059e613-6002-42fa-961e-8e275f575d71-2-5.jpg?fit=1360%2C931&ssl=1\",\"width\":1360,\"height\":931,\"caption\":\"Luiz Ant\u00f4nio Pr\u00f3speri\"},\"logo\":{\"@id\":\"https:\\\/\\\/i0.wp.com\\\/blogdoprosperi.com\\\/wp-content\\\/uploads\\\/2026\\\/05\\\/cropped-8059e613-6002-42fa-961e-8e275f575d71-2-5.jpg?fit=1360%2C931&ssl=1\"},\"description\":\"Jornalista com carreira dedicada ao esporte. Cobriu 9 Copas do Mundo in loco, 1990 na It\u00e1lia, 1994 nos EUA, 1998 na Fran\u00e7a, 2002 na Coreia do Sul e Jap\u00e3o, 2006 na Alemanha, 2010 na \u00c1frica do Sul, 2014 no Brasil, 2018 na R\u00fassia e 2022 no Qatar. Eurocopas, 1992 na Su\u00e9cia e 1996 na Inglaterra. Copa das Confedera\u00e7\u00f5es de 2005 na Alemanha e 2009 na \u00c1frica do Sul. Rep\u00f3rter e Editor, trabalhou no Jornal da Tarde e Estad\u00e3o, de 1984 a fevereiro de 2016. Colunista, blogueiro. E comentarista de futebol na R\u00e1dio Estad\u00e3o, de 2013 a fevereiro de 2016. Jornalista respons\u00e1vel do \\\"Pr\u00f3speri News\\\" (blogdoprosperi.com).\",\"sameAs\":[\"http:\\\/\\\/blogdoprosperi.com\",\"Luiz Pr\u00f3speri\",\"@luiz_prosperi\",\"https:\\\/\\\/x.com\\\/Luizprosperi\",\"@prosperinacopa\",\"luiz.prosperi@icloud.com\"],\"url\":\"https:\\\/\\\/blogdoprosperi.com\\\/?author=102107496\"}]}<\/script>\n<!-- \/ Yoast SEO plugin. -->","yoast_head_json":{"title":"Dez anos do 7 a 1: acompanhe depoimento do rep\u00f3rter presente na trag\u00e9dia - PR\u00d3SPERI NEWS","robots":{"index":"index","follow":"follow","max-snippet":"max-snippet:-1","max-image-preview":"max-image-preview:large","max-video-preview":"max-video-preview:-1"},"canonical":"https:\/\/blogdoprosperi.com\/?p=43756","og_locale":"pt_BR","og_type":"article","og_title":"Dez anos do 7 a 1: acompanhe depoimento do rep\u00f3rter presente na trag\u00e9dia - PR\u00d3SPERI NEWS","og_description":"Eu estava nas tribunas de imprensa do Mineir\u00e3o naquela tarde de 8 de julho de 2014. Acompanhei incr\u00e9dulo, [&hellip;]","og_url":"https:\/\/blogdoprosperi.com\/?p=43756","og_site_name":"PR\u00d3SPERI NEWS","article_publisher":"Luiz Pr\u00f3speri","article_author":"Luiz Pr\u00f3speri","article_published_time":"2024-07-08T20:36:19+00:00","article_modified_time":"2024-07-11T18:05:21+00:00","og_image":[{"width":900,"height":600,"url":"https:\/\/i0.wp.com\/blogdoprosperi.com\/wp-content\/uploads\/2024\/07\/6daa68c1-bd5d-466d-9aed-855a0783bf78.jpg?fit=900%2C600&ssl=1","type":"image\/jpeg"}],"author":"Luiz Ant\u00f4nio Pr\u00f3speri","twitter_card":"summary_large_image","twitter_creator":"@Luizprosperi","twitter_site":"@Luizprosperi","twitter_misc":{"Escrito por":"Luiz Ant\u00f4nio Pr\u00f3speri","Est. tempo de leitura":"9 minutos"},"schema":{"@context":"https:\/\/schema.org","@graph":[{"@type":"Article","@id":"https:\/\/blogdoprosperi.com\/?p=43756#article","isPartOf":{"@id":"https:\/\/blogdoprosperi.com\/?p=43756"},"author":{"name":"Luiz Ant\u00f4nio Pr\u00f3speri","@id":"https:\/\/blogdoprosperi.com\/#\/schema\/person\/38100755ce3601861ee4fab9b5aa78e9"},"headline":"Dez anos do 7 a 1: acompanhe depoimento do rep\u00f3rter presente na trag\u00e9dia","datePublished":"2024-07-08T20:36:19+00:00","dateModified":"2024-07-11T18:05:21+00:00","mainEntityOfPage":{"@id":"https:\/\/blogdoprosperi.com\/?p=43756"},"wordCount":1883,"commentCount":0,"publisher":{"@id":"https:\/\/blogdoprosperi.com\/#\/schema\/person\/38100755ce3601861ee4fab9b5aa78e9"},"image":{"@id":"https:\/\/blogdoprosperi.com\/?p=43756#primaryimage"},"thumbnailUrl":"https:\/\/i0.wp.com\/blogdoprosperi.com\/wp-content\/uploads\/2024\/07\/6daa68c1-bd5d-466d-9aed-855a0783bf78.jpg?fit=900%2C600&ssl=1","keywords":["7 a 1","CBF","Copa 2014","Felip\u00e3o","futebol","gol da alemanha","Luiz Ant\u00f4nio Pr\u00f3speri","Neymar","Parreira"],"articleSection":["CBF","futebol","opini\u00e3o","Sele\u00e7\u00e3o Brasileira"],"inLanguage":"pt-BR","potentialAction":[{"@type":"CommentAction","name":"Comment","target":["https:\/\/blogdoprosperi.com\/?p=43756#respond"]}]},{"@type":"WebPage","@id":"https:\/\/blogdoprosperi.com\/?p=43756","url":"https:\/\/blogdoprosperi.com\/?p=43756","name":"Dez anos do 7 a 1: acompanhe depoimento do rep\u00f3rter presente na trag\u00e9dia - PR\u00d3SPERI NEWS","isPartOf":{"@id":"https:\/\/blogdoprosperi.com\/#website"},"primaryImageOfPage":{"@id":"https:\/\/blogdoprosperi.com\/?p=43756#primaryimage"},"image":{"@id":"https:\/\/blogdoprosperi.com\/?p=43756#primaryimage"},"thumbnailUrl":"https:\/\/i0.wp.com\/blogdoprosperi.com\/wp-content\/uploads\/2024\/07\/6daa68c1-bd5d-466d-9aed-855a0783bf78.jpg?fit=900%2C600&ssl=1","datePublished":"2024-07-08T20:36:19+00:00","dateModified":"2024-07-11T18:05:21+00:00","breadcrumb":{"@id":"https:\/\/blogdoprosperi.com\/?p=43756#breadcrumb"},"inLanguage":"pt-BR","potentialAction":[{"@type":"ReadAction","target":["https:\/\/blogdoprosperi.com\/?p=43756"]}]},{"@type":"ImageObject","inLanguage":"pt-BR","@id":"https:\/\/blogdoprosperi.com\/?p=43756#primaryimage","url":"https:\/\/i0.wp.com\/blogdoprosperi.com\/wp-content\/uploads\/2024\/07\/6daa68c1-bd5d-466d-9aed-855a0783bf78.jpg?fit=900%2C600&ssl=1","contentUrl":"https:\/\/i0.wp.com\/blogdoprosperi.com\/wp-content\/uploads\/2024\/07\/6daa68c1-bd5d-466d-9aed-855a0783bf78.jpg?fit=900%2C600&ssl=1","width":900,"height":600,"caption":"Sele\u00e7\u00e3o minutos antes do jogo com Alemanha \u2013 foto: CBF oficial"},{"@type":"BreadcrumbList","@id":"https:\/\/blogdoprosperi.com\/?p=43756#breadcrumb","itemListElement":[{"@type":"ListItem","position":1,"name":"In\u00edcio","item":"https:\/\/blogdoprosperi.com\/"},{"@type":"ListItem","position":2,"name":"Dez anos do 7 a 1: acompanhe depoimento do rep\u00f3rter presente na trag\u00e9dia"}]},{"@type":"WebSite","@id":"https:\/\/blogdoprosperi.com\/#website","url":"https:\/\/blogdoprosperi.com\/","name":"PR\u00d3SPERI NEWS","description":"TUDO \u00c9  FUTEBOL","publisher":{"@id":"https:\/\/blogdoprosperi.com\/#\/schema\/person\/38100755ce3601861ee4fab9b5aa78e9"},"alternateName":"blogdoprosperi.com","potentialAction":[{"@type":"SearchAction","target":{"@type":"EntryPoint","urlTemplate":"https:\/\/blogdoprosperi.com\/?s={search_term_string}"},"query-input":{"@type":"PropertyValueSpecification","valueRequired":true,"valueName":"search_term_string"}}],"inLanguage":"pt-BR"},{"@type":["Person","Organization"],"@id":"https:\/\/blogdoprosperi.com\/#\/schema\/person\/38100755ce3601861ee4fab9b5aa78e9","name":"Luiz Ant\u00f4nio Pr\u00f3speri","pronouns":"ele","image":{"@type":"ImageObject","inLanguage":"pt-BR","@id":"https:\/\/i0.wp.com\/blogdoprosperi.com\/wp-content\/uploads\/2026\/05\/cropped-8059e613-6002-42fa-961e-8e275f575d71-2-5.jpg?fit=1360%2C931&ssl=1","url":"https:\/\/i0.wp.com\/blogdoprosperi.com\/wp-content\/uploads\/2026\/05\/cropped-8059e613-6002-42fa-961e-8e275f575d71-2-5.jpg?fit=1360%2C931&ssl=1","contentUrl":"https:\/\/i0.wp.com\/blogdoprosperi.com\/wp-content\/uploads\/2026\/05\/cropped-8059e613-6002-42fa-961e-8e275f575d71-2-5.jpg?fit=1360%2C931&ssl=1","width":1360,"height":931,"caption":"Luiz Ant\u00f4nio Pr\u00f3speri"},"logo":{"@id":"https:\/\/i0.wp.com\/blogdoprosperi.com\/wp-content\/uploads\/2026\/05\/cropped-8059e613-6002-42fa-961e-8e275f575d71-2-5.jpg?fit=1360%2C931&ssl=1"},"description":"Jornalista com carreira dedicada ao esporte. Cobriu 9 Copas do Mundo in loco, 1990 na It\u00e1lia, 1994 nos EUA, 1998 na Fran\u00e7a, 2002 na Coreia do Sul e Jap\u00e3o, 2006 na Alemanha, 2010 na \u00c1frica do Sul, 2014 no Brasil, 2018 na R\u00fassia e 2022 no Qatar. Eurocopas, 1992 na Su\u00e9cia e 1996 na Inglaterra. Copa das Confedera\u00e7\u00f5es de 2005 na Alemanha e 2009 na \u00c1frica do Sul. Rep\u00f3rter e Editor, trabalhou no Jornal da Tarde e Estad\u00e3o, de 1984 a fevereiro de 2016. Colunista, blogueiro. E comentarista de futebol na R\u00e1dio Estad\u00e3o, de 2013 a fevereiro de 2016. Jornalista respons\u00e1vel do \"Pr\u00f3speri News\" (blogdoprosperi.com).","sameAs":["http:\/\/blogdoprosperi.com","Luiz Pr\u00f3speri","@luiz_prosperi","https:\/\/x.com\/Luizprosperi","@prosperinacopa","luiz.prosperi@icloud.com"],"url":"https:\/\/blogdoprosperi.com\/?author=102107496"}]}},"jetpack_publicize_connections":[],"jetpack_likes_enabled":false,"jetpack_sharing_enabled":true,"jetpack_shortlink":"https:\/\/wp.me\/p7jvdk-bnK","jetpack-related-posts":[{"id":38636,"url":"https:\/\/blogdoprosperi.com\/?p=38636","url_meta":{"origin":43756,"position":0},"title":"Neymar reaparece na hora mais in\u00fatil","author":"Luiz Ant\u00f4nio Pr\u00f3speri","date":"15 de junho de 2021","format":false,"excerpt":"Neymar aumenta sua cole\u00e7\u00e3o de gols e se amea\u00e7a Pel\u00e9. Reaparece na hora mais in\u00fatil.","rel":"","context":"Em &quot;copa do mundo catar 2022&quot;","block_context":{"text":"copa do mundo catar 2022","link":"https:\/\/blogdoprosperi.com\/?cat=301049609"},"img":{"alt_text":"Neymar nas pegadas de Pel\u00e9","src":"https:\/\/i0.wp.com\/blogdoprosperi.com\/wp-content\/uploads\/2021\/06\/51245390873_a8c7734b13_c.jpg?fit=799%2C533&ssl=1&resize=350%2C200","width":350,"height":200,"srcset":"https:\/\/i0.wp.com\/blogdoprosperi.com\/wp-content\/uploads\/2021\/06\/51245390873_a8c7734b13_c.jpg?fit=799%2C533&ssl=1&resize=350%2C200 1x, https:\/\/i0.wp.com\/blogdoprosperi.com\/wp-content\/uploads\/2021\/06\/51245390873_a8c7734b13_c.jpg?fit=799%2C533&ssl=1&resize=525%2C300 1.5x, https:\/\/i0.wp.com\/blogdoprosperi.com\/wp-content\/uploads\/2021\/06\/51245390873_a8c7734b13_c.jpg?fit=799%2C533&ssl=1&resize=700%2C400 2x"},"classes":[]},{"id":10200,"url":"https:\/\/blogdoprosperi.com\/?p=10200","url_meta":{"origin":43756,"position":1},"title":"Dunga confirma o retrocesso do retrocesso no comando da Sele\u00e7\u00e3o Brasileira","author":"Luiz Ant\u00f4nio Pr\u00f3speri","date":"13 de junho de 2016","format":false,"excerpt":"Dois anos ap\u00f3s o 7 a 1 da Alemanha, Brasil coleciona outro fracasso ao ser eliminado na primeira fase da Copa Am\u00e9rica Centen\u00e1rio. N\u00e3o ser\u00e1 surpresa se for demitido ainda esta semana pelo invis\u00edvel presidente da CBF Acabou o segundo reinado de Dunga no comando da Sele\u00e7\u00e3o Brasileira. Se n\u00e3o\u2026","rel":"","context":"Em &quot;futebol&quot;","block_context":{"text":"futebol","link":"https:\/\/blogdoprosperi.com\/?cat=53870"},"img":{"alt_text":"","src":"https:\/\/i0.wp.com\/blogdoprosperi.com\/wp-content\/uploads\/2016\/06\/615528-400x600-1.jpeg?resize=350%2C200&ssl=1","width":350,"height":200},"classes":[]},{"id":37488,"url":"https:\/\/blogdoprosperi.com\/?p=37488","url_meta":{"origin":43756,"position":2},"title":"Invent\u00e1rio da derrota (2): A Copa deslumbrada de Tite","author":"Luiz Ant\u00f4nio Pr\u00f3speri","date":"13 de julho de 2018","format":false,"excerpt":"Luiz Ant\u00f4nio Pr\u00f3speri, de Moscou \/ R\u00fassia Tite desembarcou na R\u00fassia uma unanimidade no Brasil. Nunca um treinador brasileiro, na hist\u00f3ria recente do futebol, chegava ao Mundial t\u00e3o senhor de si. Escorado nos gritos dos est\u00e1dios brasileiros na campanha das Eliminat\u00f3rias \u201cTite, Tite, Tite\u201d, mais que \u201cNeymar, Neymar\u201d, e at\u00e9\u2026","rel":"","context":"Em &quot;Copa do Mundo 2018&quot;","block_context":{"text":"Copa do Mundo 2018","link":"https:\/\/blogdoprosperi.com\/?cat=43723753"},"img":{"alt_text":"","src":"https:\/\/i0.wp.com\/blogdoprosperi.com\/wp-content\/uploads\/2018\/07\/24159119.jpg?fit=700%2C466&ssl=1&resize=350%2C200","width":350,"height":200,"srcset":"https:\/\/i0.wp.com\/blogdoprosperi.com\/wp-content\/uploads\/2018\/07\/24159119.jpg?fit=700%2C466&ssl=1&resize=350%2C200 1x, https:\/\/i0.wp.com\/blogdoprosperi.com\/wp-content\/uploads\/2018\/07\/24159119.jpg?fit=700%2C466&ssl=1&resize=525%2C300 1.5x, https:\/\/i0.wp.com\/blogdoprosperi.com\/wp-content\/uploads\/2018\/07\/24159119.jpg?fit=700%2C466&ssl=1&resize=700%2C400 2x"},"classes":[]},{"id":21654,"url":"https:\/\/blogdoprosperi.com\/?p=21654","url_meta":{"origin":43756,"position":3},"title":"Brasil n\u00e3o pode pensar em devolver 7 a 1 na decis\u00e3o do ouro contra Alemanha","author":"Luiz Ant\u00f4nio Pr\u00f3speri","date":"17 de agosto de 2016","format":false,"excerpt":"Inebriado com os 6 a 0 em cima da modesta Honduras nas semifinais, Brasil dos meninos tem direito a pensar em devolver o 7 a 1 da Alemanha, de tr\u00e1gica lembran\u00e7a da Copa de 2014, na decis\u00e3o da medalha de ouro no s\u00e1bado (20\/8), 17h, no Maracan\u00e3, na Olimp\u00edada do\u2026","rel":"","context":"Em &quot;futebol&quot;","block_context":{"text":"futebol","link":"https:\/\/blogdoprosperi.com\/?cat=53870"},"img":{"alt_text":"","src":"https:\/\/i0.wp.com\/blogdoprosperi.com\/wp-content\/uploads\/2016\/08\/pro3-13.jpg?resize=350%2C200","width":350,"height":200,"srcset":"https:\/\/i0.wp.com\/blogdoprosperi.com\/wp-content\/uploads\/2016\/08\/pro3-13.jpg?resize=350%2C200 1x, https:\/\/i0.wp.com\/blogdoprosperi.com\/wp-content\/uploads\/2016\/08\/pro3-13.jpg?resize=525%2C300 1.5x, https:\/\/i0.wp.com\/blogdoprosperi.com\/wp-content\/uploads\/2016\/08\/pro3-13.jpg?resize=700%2C400 2x, https:\/\/i0.wp.com\/blogdoprosperi.com\/wp-content\/uploads\/2016\/08\/pro3-13.jpg?resize=1050%2C600 3x, https:\/\/i0.wp.com\/blogdoprosperi.com\/wp-content\/uploads\/2016\/08\/pro3-13.jpg?resize=1400%2C800 4x"},"classes":[]},{"id":45764,"url":"https:\/\/blogdoprosperi.com\/?p=45764","url_meta":{"origin":43756,"position":4},"title":"Chile x Brasil | Tramas e Dramas no Bord\u00e3o de Galv\u00e3o Bueno","author":"Luiz Ant\u00f4nio Pr\u00f3speri","date":"10 de outubro de 2024","format":false,"excerpt":"Galv\u00e3o Bueno costumava exaltar nas transmiss\u00f5es da Globo: \"Sele\u00e7\u00e3o Brasileira, est\u00e1 com problema? Chama o Chile\". Narrador criou esse bord\u00e3o em cima de um advers\u00e1rio f\u00e1cil de ser vencido quando as coisas n\u00e3o andavam bem na Sele\u00e7\u00e3o. \u00c0s v\u00e9speras de um Chile x Brasil l\u00e1 vinha Galv\u00e3o com a mesma\u2026","rel":"","context":"Em &quot;futebol&quot;","block_context":{"text":"futebol","link":"https:\/\/blogdoprosperi.com\/?cat=53870"},"img":{"alt_text":"Dorival Junior escala Paquet\u00e1 de segundo volante","src":"https:\/\/i0.wp.com\/blogdoprosperi.com\/wp-content\/uploads\/2024\/10\/54055166924_b83db61304_c.jpg?fit=800%2C530&ssl=1&resize=350%2C200","width":350,"height":200,"srcset":"https:\/\/i0.wp.com\/blogdoprosperi.com\/wp-content\/uploads\/2024\/10\/54055166924_b83db61304_c.jpg?fit=800%2C530&ssl=1&resize=350%2C200 1x, https:\/\/i0.wp.com\/blogdoprosperi.com\/wp-content\/uploads\/2024\/10\/54055166924_b83db61304_c.jpg?fit=800%2C530&ssl=1&resize=525%2C300 1.5x, https:\/\/i0.wp.com\/blogdoprosperi.com\/wp-content\/uploads\/2024\/10\/54055166924_b83db61304_c.jpg?fit=800%2C530&ssl=1&resize=700%2C400 2x"},"classes":[]},{"id":20184,"url":"https:\/\/blogdoprosperi.com\/?p=20184","url_meta":{"origin":43756,"position":5},"title":"Neymar n\u00e3o \u00e9 o culpado","author":"Luiz Ant\u00f4nio Pr\u00f3speri","date":"9 de agosto de 2016","format":false,"excerpt":"Futebol brasileiro corre risco enorme de cair na primeira fase da Olimp\u00edada nesta quarta-feira no jogo contra a Dinamarca. Seria um desastre do tamanho do 7 a 1. Devastador. Um tiro no cora\u00e7\u00e3o da institui\u00e7\u00e3o Sele\u00e7\u00e3o Brasileira, sem credibilidade e em crise permanente desde o fracasso na Copa do Mundo\u2026","rel":"","context":"Em &quot;futebol&quot;","block_context":{"text":"futebol","link":"https:\/\/blogdoprosperi.com\/?cat=53870"},"img":{"alt_text":"","src":"https:\/\/i0.wp.com\/blogdoprosperi.com\/wp-content\/uploads\/2016\/08\/pro2-9.jpg?resize=350%2C200&ssl=1","width":350,"height":200,"srcset":"https:\/\/i0.wp.com\/blogdoprosperi.com\/wp-content\/uploads\/2016\/08\/pro2-9.jpg?resize=350%2C200&ssl=1 1x, https:\/\/i0.wp.com\/blogdoprosperi.com\/wp-content\/uploads\/2016\/08\/pro2-9.jpg?resize=525%2C300&ssl=1 1.5x, https:\/\/i0.wp.com\/blogdoprosperi.com\/wp-content\/uploads\/2016\/08\/pro2-9.jpg?resize=700%2C400&ssl=1 2x, https:\/\/i0.wp.com\/blogdoprosperi.com\/wp-content\/uploads\/2016\/08\/pro2-9.jpg?resize=1050%2C600&ssl=1 3x, https:\/\/i0.wp.com\/blogdoprosperi.com\/wp-content\/uploads\/2016\/08\/pro2-9.jpg?resize=1400%2C800&ssl=1 4x"},"classes":[]}],"jetpack_featured_media_url":"https:\/\/i0.wp.com\/blogdoprosperi.com\/wp-content\/uploads\/2024\/07\/6daa68c1-bd5d-466d-9aed-855a0783bf78.jpg?fit=900%2C600&ssl=1","_links":{"self":[{"href":"https:\/\/blogdoprosperi.com\/index.php?rest_route=\/wp\/v2\/posts\/43756","targetHints":{"allow":["GET"]}}],"collection":[{"href":"https:\/\/blogdoprosperi.com\/index.php?rest_route=\/wp\/v2\/posts"}],"about":[{"href":"https:\/\/blogdoprosperi.com\/index.php?rest_route=\/wp\/v2\/types\/post"}],"author":[{"embeddable":true,"href":"https:\/\/blogdoprosperi.com\/index.php?rest_route=\/wp\/v2\/users\/102107496"}],"replies":[{"embeddable":true,"href":"https:\/\/blogdoprosperi.com\/index.php?rest_route=%2Fwp%2Fv2%2Fcomments&post=43756"}],"version-history":[{"count":19,"href":"https:\/\/blogdoprosperi.com\/index.php?rest_route=\/wp\/v2\/posts\/43756\/revisions"}],"predecessor-version":[{"id":43888,"href":"https:\/\/blogdoprosperi.com\/index.php?rest_route=\/wp\/v2\/posts\/43756\/revisions\/43888"}],"wp:featuredmedia":[{"embeddable":true,"href":"https:\/\/blogdoprosperi.com\/index.php?rest_route=\/wp\/v2\/media\/43771"}],"wp:attachment":[{"href":"https:\/\/blogdoprosperi.com\/index.php?rest_route=%2Fwp%2Fv2%2Fmedia&parent=43756"}],"wp:term":[{"taxonomy":"category","embeddable":true,"href":"https:\/\/blogdoprosperi.com\/index.php?rest_route=%2Fwp%2Fv2%2Fcategories&post=43756"},{"taxonomy":"post_tag","embeddable":true,"href":"https:\/\/blogdoprosperi.com\/index.php?rest_route=%2Fwp%2Fv2%2Ftags&post=43756"}],"curies":[{"name":"wp","href":"https:\/\/api.w.org\/{rel}","templated":true}]}}