{"id":43971,"date":"2024-07-13T12:18:28","date_gmt":"2024-07-13T15:18:28","guid":{"rendered":"https:\/\/blogdoprosperi.com\/?p=43971"},"modified":"2024-07-13T12:18:28","modified_gmt":"2024-07-13T15:18:28","slug":"bielsa-arrebenta-organizacao-da-copa-america-e-faz-duras-criticas-aos-eua","status":"publish","type":"post","link":"https:\/\/blogdoprosperi.com\/?p=43971","title":{"rendered":"Bielsa arrebenta organiza\u00e7\u00e3o da Copa Am\u00e9rica e faz duras cr\u00edticas aos EUA"},"content":{"rendered":"<p>Marcelo Bielsa, t\u00e9cnico argentino no comando da Sele\u00e7\u00e3o do Uruguai, bate forte nos organizadores da Copa Am\u00e9rica 2024. Sai em defesa de Lionel Scaloni, t\u00e9cnico da Argentina, e Vini Jr, advertidos por criticarem os gramados. E diz que os Estados Unidos s\u00f3 investigaram e denunciaram corrup\u00e7\u00e3o na Fifa e confedera\u00e7\u00f5es, o Fifa Gate, quando tiveram seus interesses contrariados.<\/p>\n<p>&#8220;V\u00e3o me tirar a raz\u00e3o. \u00c9 um energ\u00fameno, um louco&#8221;. Acompanhe o petardo de <strong><a href=\"https:\/\/blogdoprosperi.com\/2024\/07\/06\/marcelo-bielsa-e-um-caso-serio-o-que-aconteceu-com-o-pobre-futebol-sul-americano\/\">Bielsa \u00a0<\/a><\/strong>na entrevista coletiva, sexta-feira (12\/7), pr\u00e9-decis\u00e3o do terceiro lugar da Copa Am\u00e9rica entre Uruguai e Canad\u00e1:<\/p>\n<p>&#8220;Para que voc\u00eas recordem, os Estados Unidos, quando sentiu que seus interesses estavam sendo atacados, criou o &#8216;Fifa Gate&#8217; \u00a0(2015) com o FBI. Fizeram o que fizeram, mas era s\u00f3 por interesse pr\u00f3prio. Aqui (<em>Copa Am\u00e9rica<\/em>) n\u00e3o aconteceu nada. Foi uma festa extraordin\u00e1ria: est\u00e1dios cheios, equipes competitivas, arbitragem que permitia jogar&#8230; N\u00e3o h\u00e1 nada do que se queixar, mas n\u00e3o pode seguir enganando que os campos est\u00e3o perfeitos!&#8221;<\/p>\n<p>&#8220;Fazem uma coletiva de imprensa para mentir explicitamente. A chefe dos campos de jogo, que sei quem \u00e9, a conhe\u00e7o perfeitamente assim como o mal que faz, d\u00e1 uma entrevista para dizer que \u00e9 uma quest\u00e3o visual. Que Vinicius (Jr.) n\u00e3o v\u00ea, que Scaloni n\u00e3o tem que falar, que os campos de treinamento est\u00e3o perfeitos. Eu tenho uma cole\u00e7\u00e3o de fotos que mostram que a grama n\u00e3o est\u00e1 unida&#8221;.<\/p>\n<p>&#8220;Deveriam ter ido aos campos de treinamento e nos dizer: &#8216;Desculpem, rapazes, isso n\u00e3o est\u00e1 apresent\u00e1vel, n\u00e3o se pode treinar aqui e entendemos&#8217;. Como isso afeta os organizadores, n\u00e3o se pode dizer uma palavra, sen\u00e3o nos amea\u00e7am. A Scaloni disseram: &#8216;j\u00e1 falou uma vez, n\u00e3o fale mais&#8217;, porque sen\u00e3o vamos pagar as consequ\u00eancias.&#8221;<\/p>\n<p>&#8220;Um pa\u00eds que foi capaz do <span style=\"color: #0000ff\"><strong><a style=\"color: #0000ff\" href=\"https:\/\/blogdoprosperi.com\/2017\/01\/10\/fifa-supera-crise-de-corrupcao-expande-copa-do-mundo-e-seus-negocios-bilionarios\/\">Fifa Gate<\/a> <\/strong><\/span>e hoje p\u00f5e a culpa nos jogadores, onde j\u00e1 se viu. Nunca disse nada, mas j\u00e1 passei por situa\u00e7\u00f5es que s\u00e3o muit\u00edssimo mais graves que essa. Trabalhei seis anos na Argentina. Isso que aconteceu n\u00e3o \u00e9 nenhum problema. O que n\u00e3o \u00e9 certo \u00e9 condenar os jogadores&#8230; E eu sei de uma coisa: quando me virem exaltado assim, v\u00e3o me tirar a raz\u00e3o. \u00c9 um energ\u00fameno, um louco.&#8221;<\/p>\n<p><em><strong>Veja v\u00eddeo completo da entrevista coletiva de Marcelo Bielsa:<\/strong><\/em><\/p>\n<div class=\"jetpack-video-wrapper\"><span class=\"embed-youtube\" style=\"text-align:center; display: block;\"><iframe loading=\"lazy\" class=\"youtube-player\" width=\"560\" height=\"315\" src=\"https:\/\/www.youtube.com\/embed\/2G3LsEjO7CE?version=3&#038;rel=1&#038;showsearch=0&#038;showinfo=1&#038;iv_load_policy=1&#038;fs=1&#038;hl=pt-BR&#038;autohide=2&#038;wmode=transparent\" allowfullscreen=\"true\" style=\"border:0;\" sandbox=\"allow-scripts allow-same-origin allow-popups allow-presentation allow-popups-to-escape-sandbox\"><\/iframe><\/span><\/div>\n","protected":false},"excerpt":{"rendered":"<p>Marcelo Bielsa, t\u00e9cnico argentino no comando da Sele\u00e7\u00e3o do Uruguai, bate forte nos organizadores da Copa Am\u00e9rica 2024. [&hellip;]<\/p>\n","protected":false},"author":102107496,"featured_media":43982,"comment_status":"open","ping_status":"open","sticky":false,"template":"","format":"standard","meta":{"_coblocks_attr":"","_coblocks_dimensions":"","_coblocks_responsive_height":"","_coblocks_accordion_ie_support":"","_jetpack_newsletter_access":"","_jetpack_dont_email_post_to_subs":false,"_jetpack_newsletter_tier_id":0,"_jetpack_memberships_contains_paywalled_content":false,"_wpcom_ai_launchpad_first_post":false,"_jetpack_feature_clip_id":0,"_jetpack_memberships_contains_paid_content":false,"footnotes":"","jetpack_publicize_message":"","jetpack_publicize_feature_enabled":true,"jetpack_social_post_already_shared":false,"jetpack_social_options":{"image_generator_settings":{"template":"highway","default_image_id":0,"font":"","enabled":false},"version":2},"jetpack_post_was_ever_published":false},"categories":[53870],"tags":[10668348,701438958,359532671,789560560,789560573,1812710,987618],"class_list":["post-43971","post","type-post","status-publish","format-standard","has-post-thumbnail","hentry","category-futebol","tag-0000ff","tag-copa-america-2024","tag-fifagate","tag-futebol","tag-luiz-antonio-prosperi","tag-marcelo-bielsa","tag-uruguai"],"yoast_head":"<!-- This site is optimized with the Yoast SEO plugin v28.4 - https:\/\/yoast.com\/product\/yoast-seo-wordpress\/ -->\n<title>Bielsa arrebenta organiza\u00e7\u00e3o da Copa Am\u00e9rica e faz duras cr\u00edticas aos EUA - PR\u00d3SPERI NEWS<\/title>\n<meta name=\"robots\" content=\"index, follow, max-snippet:-1, max-image-preview:large, max-video-preview:-1\" \/>\n<link rel=\"canonical\" href=\"https:\/\/blogdoprosperi.com\/?p=43971\" \/>\n<meta property=\"og:locale\" content=\"pt_BR\" \/>\n<meta property=\"og:type\" content=\"article\" \/>\n<meta property=\"og:title\" content=\"Bielsa arrebenta organiza\u00e7\u00e3o da Copa Am\u00e9rica e faz duras cr\u00edticas aos EUA - PR\u00d3SPERI NEWS\" \/>\n<meta property=\"og:description\" content=\"Marcelo Bielsa, t\u00e9cnico argentino no comando da Sele\u00e7\u00e3o do Uruguai, bate forte nos organizadores da Copa Am\u00e9rica 2024. [&hellip;]\" \/>\n<meta property=\"og:url\" content=\"https:\/\/blogdoprosperi.com\/?p=43971\" \/>\n<meta property=\"og:site_name\" content=\"PR\u00d3SPERI NEWS\" \/>\n<meta property=\"article:publisher\" content=\"Luiz Pr\u00f3speri\" \/>\n<meta property=\"article:author\" content=\"Luiz Pr\u00f3speri\" \/>\n<meta property=\"article:published_time\" content=\"2024-07-13T15:18:28+00:00\" \/>\n<meta property=\"og:image\" content=\"https:\/\/i0.wp.com\/blogdoprosperi.com\/wp-content\/uploads\/2024\/07\/thumbs.web_.sapo_.webp?fit=1550%2C1034&ssl=1\" \/>\n\t<meta property=\"og:image:width\" content=\"1550\" \/>\n\t<meta property=\"og:image:height\" content=\"1034\" \/>\n\t<meta property=\"og:image:type\" content=\"image\/webp\" \/>\n<meta name=\"author\" content=\"Luiz Ant\u00f4nio Pr\u00f3speri\" \/>\n<meta name=\"twitter:card\" content=\"summary_large_image\" \/>\n<meta name=\"twitter:creator\" content=\"@Luizprosperi\" \/>\n<meta name=\"twitter:site\" content=\"@Luizprosperi\" \/>\n<meta name=\"twitter:label1\" content=\"Escrito por\" \/>\n\t<meta name=\"twitter:data1\" content=\"Luiz Ant\u00f4nio Pr\u00f3speri\" \/>\n\t<meta name=\"twitter:label2\" content=\"Est. tempo de leitura\" \/>\n\t<meta name=\"twitter:data2\" content=\"2 minutos\" \/>\n<script type=\"application\/ld+json\" class=\"yoast-schema-graph\">{\"@context\":\"https:\\\/\\\/schema.org\",\"@graph\":[{\"@type\":\"Article\",\"@id\":\"https:\\\/\\\/blogdoprosperi.com\\\/?p=43971#article\",\"isPartOf\":{\"@id\":\"https:\\\/\\\/blogdoprosperi.com\\\/?p=43971\"},\"author\":{\"name\":\"Luiz Ant\u00f4nio Pr\u00f3speri\",\"@id\":\"https:\\\/\\\/blogdoprosperi.com\\\/#\\\/schema\\\/person\\\/38100755ce3601861ee4fab9b5aa78e9\"},\"headline\":\"Bielsa arrebenta organiza\u00e7\u00e3o da Copa Am\u00e9rica e faz duras cr\u00edticas aos EUA\",\"datePublished\":\"2024-07-13T15:18:28+00:00\",\"mainEntityOfPage\":{\"@id\":\"https:\\\/\\\/blogdoprosperi.com\\\/?p=43971\"},\"wordCount\":435,\"commentCount\":0,\"publisher\":{\"@id\":\"https:\\\/\\\/blogdoprosperi.com\\\/#\\\/schema\\\/person\\\/38100755ce3601861ee4fab9b5aa78e9\"},\"image\":{\"@id\":\"https:\\\/\\\/blogdoprosperi.com\\\/?p=43971#primaryimage\"},\"thumbnailUrl\":\"https:\\\/\\\/i0.wp.com\\\/blogdoprosperi.com\\\/wp-content\\\/uploads\\\/2024\\\/07\\\/thumbs.web_.sapo_.webp?fit=1550%2C1034&ssl=1\",\"keywords\":[\"0000ff\",\"copa am\u00e9rica 2024\",\"fifagate\",\"futebol\",\"Luiz Ant\u00f4nio Pr\u00f3speri\",\"Marcelo Bielsa\",\"Uruguai\"],\"articleSection\":[\"futebol\"],\"inLanguage\":\"pt-BR\",\"potentialAction\":[{\"@type\":\"CommentAction\",\"name\":\"Comment\",\"target\":[\"https:\\\/\\\/blogdoprosperi.com\\\/?p=43971#respond\"]}]},{\"@type\":\"WebPage\",\"@id\":\"https:\\\/\\\/blogdoprosperi.com\\\/?p=43971\",\"url\":\"https:\\\/\\\/blogdoprosperi.com\\\/?p=43971\",\"name\":\"Bielsa arrebenta organiza\u00e7\u00e3o da Copa Am\u00e9rica e faz duras cr\u00edticas aos EUA - PR\u00d3SPERI NEWS\",\"isPartOf\":{\"@id\":\"https:\\\/\\\/blogdoprosperi.com\\\/#website\"},\"primaryImageOfPage\":{\"@id\":\"https:\\\/\\\/blogdoprosperi.com\\\/?p=43971#primaryimage\"},\"image\":{\"@id\":\"https:\\\/\\\/blogdoprosperi.com\\\/?p=43971#primaryimage\"},\"thumbnailUrl\":\"https:\\\/\\\/i0.wp.com\\\/blogdoprosperi.com\\\/wp-content\\\/uploads\\\/2024\\\/07\\\/thumbs.web_.sapo_.webp?fit=1550%2C1034&ssl=1\",\"datePublished\":\"2024-07-13T15:18:28+00:00\",\"breadcrumb\":{\"@id\":\"https:\\\/\\\/blogdoprosperi.com\\\/?p=43971#breadcrumb\"},\"inLanguage\":\"pt-BR\",\"potentialAction\":[{\"@type\":\"ReadAction\",\"target\":[\"https:\\\/\\\/blogdoprosperi.com\\\/?p=43971\"]}]},{\"@type\":\"ImageObject\",\"inLanguage\":\"pt-BR\",\"@id\":\"https:\\\/\\\/blogdoprosperi.com\\\/?p=43971#primaryimage\",\"url\":\"https:\\\/\\\/i0.wp.com\\\/blogdoprosperi.com\\\/wp-content\\\/uploads\\\/2024\\\/07\\\/thumbs.web_.sapo_.webp?fit=1550%2C1034&ssl=1\",\"contentUrl\":\"https:\\\/\\\/i0.wp.com\\\/blogdoprosperi.com\\\/wp-content\\\/uploads\\\/2024\\\/07\\\/thumbs.web_.sapo_.webp?fit=1550%2C1034&ssl=1\",\"width\":1550,\"height\":1034,\"caption\":\"Bielsa bate pesado na organiza\u00e7\u00e3o da Copa Am\u00e9rica \u2013 foto: reprodu\u00e7\u00e3o Twitter\"},{\"@type\":\"BreadcrumbList\",\"@id\":\"https:\\\/\\\/blogdoprosperi.com\\\/?p=43971#breadcrumb\",\"itemListElement\":[{\"@type\":\"ListItem\",\"position\":1,\"name\":\"In\u00edcio\",\"item\":\"https:\\\/\\\/blogdoprosperi.com\\\/\"},{\"@type\":\"ListItem\",\"position\":2,\"name\":\"Bielsa arrebenta organiza\u00e7\u00e3o da Copa Am\u00e9rica e faz duras cr\u00edticas aos EUA\"}]},{\"@type\":\"WebSite\",\"@id\":\"https:\\\/\\\/blogdoprosperi.com\\\/#website\",\"url\":\"https:\\\/\\\/blogdoprosperi.com\\\/\",\"name\":\"PR\u00d3SPERI NEWS\",\"description\":\"TUDO \u00c9  FUTEBOL\",\"publisher\":{\"@id\":\"https:\\\/\\\/blogdoprosperi.com\\\/#\\\/schema\\\/person\\\/38100755ce3601861ee4fab9b5aa78e9\"},\"alternateName\":\"blogdoprosperi.com\",\"potentialAction\":[{\"@type\":\"SearchAction\",\"target\":{\"@type\":\"EntryPoint\",\"urlTemplate\":\"https:\\\/\\\/blogdoprosperi.com\\\/?s={search_term_string}\"},\"query-input\":{\"@type\":\"PropertyValueSpecification\",\"valueRequired\":true,\"valueName\":\"search_term_string\"}}],\"inLanguage\":\"pt-BR\"},{\"@type\":[\"Person\",\"Organization\"],\"@id\":\"https:\\\/\\\/blogdoprosperi.com\\\/#\\\/schema\\\/person\\\/38100755ce3601861ee4fab9b5aa78e9\",\"name\":\"Luiz Ant\u00f4nio Pr\u00f3speri\",\"pronouns\":\"ele\",\"image\":{\"@type\":\"ImageObject\",\"inLanguage\":\"pt-BR\",\"@id\":\"https:\\\/\\\/i0.wp.com\\\/blogdoprosperi.com\\\/wp-content\\\/uploads\\\/2026\\\/05\\\/cropped-8059e613-6002-42fa-961e-8e275f575d71-2-5.jpg?fit=1360%2C931&ssl=1\",\"url\":\"https:\\\/\\\/i0.wp.com\\\/blogdoprosperi.com\\\/wp-content\\\/uploads\\\/2026\\\/05\\\/cropped-8059e613-6002-42fa-961e-8e275f575d71-2-5.jpg?fit=1360%2C931&ssl=1\",\"contentUrl\":\"https:\\\/\\\/i0.wp.com\\\/blogdoprosperi.com\\\/wp-content\\\/uploads\\\/2026\\\/05\\\/cropped-8059e613-6002-42fa-961e-8e275f575d71-2-5.jpg?fit=1360%2C931&ssl=1\",\"width\":1360,\"height\":931,\"caption\":\"Luiz Ant\u00f4nio Pr\u00f3speri\"},\"logo\":{\"@id\":\"https:\\\/\\\/i0.wp.com\\\/blogdoprosperi.com\\\/wp-content\\\/uploads\\\/2026\\\/05\\\/cropped-8059e613-6002-42fa-961e-8e275f575d71-2-5.jpg?fit=1360%2C931&ssl=1\"},\"description\":\"Jornalista com carreira dedicada ao esporte. Cobriu 9 Copas do Mundo in loco, 1990 na It\u00e1lia, 1994 nos EUA, 1998 na Fran\u00e7a, 2002 na Coreia do Sul e Jap\u00e3o, 2006 na Alemanha, 2010 na \u00c1frica do Sul, 2014 no Brasil, 2018 na R\u00fassia e 2022 no Qatar. Eurocopas, 1992 na Su\u00e9cia e 1996 na Inglaterra. Copa das Confedera\u00e7\u00f5es de 2005 na Alemanha e 2009 na \u00c1frica do Sul. Rep\u00f3rter e Editor, trabalhou no Jornal da Tarde e Estad\u00e3o, de 1984 a fevereiro de 2016. Colunista, blogueiro. E comentarista de futebol na R\u00e1dio Estad\u00e3o, de 2013 a fevereiro de 2016. Jornalista respons\u00e1vel do \\\"Pr\u00f3speri News\\\" (blogdoprosperi.com).\",\"sameAs\":[\"http:\\\/\\\/blogdoprosperi.com\",\"Luiz Pr\u00f3speri\",\"@luiz_prosperi\",\"https:\\\/\\\/x.com\\\/Luizprosperi\",\"@prosperinacopa\",\"luiz.prosperi@icloud.com\"],\"url\":\"https:\\\/\\\/blogdoprosperi.com\\\/?author=102107496\"}]}<\/script>\n<!-- \/ Yoast SEO plugin. -->","yoast_head_json":{"title":"Bielsa arrebenta organiza\u00e7\u00e3o da Copa Am\u00e9rica e faz duras cr\u00edticas aos EUA - PR\u00d3SPERI NEWS","robots":{"index":"index","follow":"follow","max-snippet":"max-snippet:-1","max-image-preview":"max-image-preview:large","max-video-preview":"max-video-preview:-1"},"canonical":"https:\/\/blogdoprosperi.com\/?p=43971","og_locale":"pt_BR","og_type":"article","og_title":"Bielsa arrebenta organiza\u00e7\u00e3o da Copa Am\u00e9rica e faz duras cr\u00edticas aos EUA - PR\u00d3SPERI NEWS","og_description":"Marcelo Bielsa, t\u00e9cnico argentino no comando da Sele\u00e7\u00e3o do Uruguai, bate forte nos organizadores da Copa Am\u00e9rica 2024. [&hellip;]","og_url":"https:\/\/blogdoprosperi.com\/?p=43971","og_site_name":"PR\u00d3SPERI NEWS","article_publisher":"Luiz Pr\u00f3speri","article_author":"Luiz Pr\u00f3speri","article_published_time":"2024-07-13T15:18:28+00:00","og_image":[{"width":1550,"height":1034,"url":"https:\/\/i0.wp.com\/blogdoprosperi.com\/wp-content\/uploads\/2024\/07\/thumbs.web_.sapo_.webp?fit=1550%2C1034&ssl=1","type":"image\/webp"}],"author":"Luiz Ant\u00f4nio Pr\u00f3speri","twitter_card":"summary_large_image","twitter_creator":"@Luizprosperi","twitter_site":"@Luizprosperi","twitter_misc":{"Escrito por":"Luiz Ant\u00f4nio Pr\u00f3speri","Est. tempo de leitura":"2 minutos"},"schema":{"@context":"https:\/\/schema.org","@graph":[{"@type":"Article","@id":"https:\/\/blogdoprosperi.com\/?p=43971#article","isPartOf":{"@id":"https:\/\/blogdoprosperi.com\/?p=43971"},"author":{"name":"Luiz Ant\u00f4nio Pr\u00f3speri","@id":"https:\/\/blogdoprosperi.com\/#\/schema\/person\/38100755ce3601861ee4fab9b5aa78e9"},"headline":"Bielsa arrebenta organiza\u00e7\u00e3o da Copa Am\u00e9rica e faz duras cr\u00edticas aos EUA","datePublished":"2024-07-13T15:18:28+00:00","mainEntityOfPage":{"@id":"https:\/\/blogdoprosperi.com\/?p=43971"},"wordCount":435,"commentCount":0,"publisher":{"@id":"https:\/\/blogdoprosperi.com\/#\/schema\/person\/38100755ce3601861ee4fab9b5aa78e9"},"image":{"@id":"https:\/\/blogdoprosperi.com\/?p=43971#primaryimage"},"thumbnailUrl":"https:\/\/i0.wp.com\/blogdoprosperi.com\/wp-content\/uploads\/2024\/07\/thumbs.web_.sapo_.webp?fit=1550%2C1034&ssl=1","keywords":["0000ff","copa am\u00e9rica 2024","fifagate","futebol","Luiz Ant\u00f4nio Pr\u00f3speri","Marcelo Bielsa","Uruguai"],"articleSection":["futebol"],"inLanguage":"pt-BR","potentialAction":[{"@type":"CommentAction","name":"Comment","target":["https:\/\/blogdoprosperi.com\/?p=43971#respond"]}]},{"@type":"WebPage","@id":"https:\/\/blogdoprosperi.com\/?p=43971","url":"https:\/\/blogdoprosperi.com\/?p=43971","name":"Bielsa arrebenta organiza\u00e7\u00e3o da Copa Am\u00e9rica e faz duras cr\u00edticas aos EUA - PR\u00d3SPERI NEWS","isPartOf":{"@id":"https:\/\/blogdoprosperi.com\/#website"},"primaryImageOfPage":{"@id":"https:\/\/blogdoprosperi.com\/?p=43971#primaryimage"},"image":{"@id":"https:\/\/blogdoprosperi.com\/?p=43971#primaryimage"},"thumbnailUrl":"https:\/\/i0.wp.com\/blogdoprosperi.com\/wp-content\/uploads\/2024\/07\/thumbs.web_.sapo_.webp?fit=1550%2C1034&ssl=1","datePublished":"2024-07-13T15:18:28+00:00","breadcrumb":{"@id":"https:\/\/blogdoprosperi.com\/?p=43971#breadcrumb"},"inLanguage":"pt-BR","potentialAction":[{"@type":"ReadAction","target":["https:\/\/blogdoprosperi.com\/?p=43971"]}]},{"@type":"ImageObject","inLanguage":"pt-BR","@id":"https:\/\/blogdoprosperi.com\/?p=43971#primaryimage","url":"https:\/\/i0.wp.com\/blogdoprosperi.com\/wp-content\/uploads\/2024\/07\/thumbs.web_.sapo_.webp?fit=1550%2C1034&ssl=1","contentUrl":"https:\/\/i0.wp.com\/blogdoprosperi.com\/wp-content\/uploads\/2024\/07\/thumbs.web_.sapo_.webp?fit=1550%2C1034&ssl=1","width":1550,"height":1034,"caption":"Bielsa bate pesado na organiza\u00e7\u00e3o da Copa Am\u00e9rica \u2013 foto: reprodu\u00e7\u00e3o Twitter"},{"@type":"BreadcrumbList","@id":"https:\/\/blogdoprosperi.com\/?p=43971#breadcrumb","itemListElement":[{"@type":"ListItem","position":1,"name":"In\u00edcio","item":"https:\/\/blogdoprosperi.com\/"},{"@type":"ListItem","position":2,"name":"Bielsa arrebenta organiza\u00e7\u00e3o da Copa Am\u00e9rica e faz duras cr\u00edticas aos EUA"}]},{"@type":"WebSite","@id":"https:\/\/blogdoprosperi.com\/#website","url":"https:\/\/blogdoprosperi.com\/","name":"PR\u00d3SPERI NEWS","description":"TUDO \u00c9  FUTEBOL","publisher":{"@id":"https:\/\/blogdoprosperi.com\/#\/schema\/person\/38100755ce3601861ee4fab9b5aa78e9"},"alternateName":"blogdoprosperi.com","potentialAction":[{"@type":"SearchAction","target":{"@type":"EntryPoint","urlTemplate":"https:\/\/blogdoprosperi.com\/?s={search_term_string}"},"query-input":{"@type":"PropertyValueSpecification","valueRequired":true,"valueName":"search_term_string"}}],"inLanguage":"pt-BR"},{"@type":["Person","Organization"],"@id":"https:\/\/blogdoprosperi.com\/#\/schema\/person\/38100755ce3601861ee4fab9b5aa78e9","name":"Luiz Ant\u00f4nio Pr\u00f3speri","pronouns":"ele","image":{"@type":"ImageObject","inLanguage":"pt-BR","@id":"https:\/\/i0.wp.com\/blogdoprosperi.com\/wp-content\/uploads\/2026\/05\/cropped-8059e613-6002-42fa-961e-8e275f575d71-2-5.jpg?fit=1360%2C931&ssl=1","url":"https:\/\/i0.wp.com\/blogdoprosperi.com\/wp-content\/uploads\/2026\/05\/cropped-8059e613-6002-42fa-961e-8e275f575d71-2-5.jpg?fit=1360%2C931&ssl=1","contentUrl":"https:\/\/i0.wp.com\/blogdoprosperi.com\/wp-content\/uploads\/2026\/05\/cropped-8059e613-6002-42fa-961e-8e275f575d71-2-5.jpg?fit=1360%2C931&ssl=1","width":1360,"height":931,"caption":"Luiz Ant\u00f4nio Pr\u00f3speri"},"logo":{"@id":"https:\/\/i0.wp.com\/blogdoprosperi.com\/wp-content\/uploads\/2026\/05\/cropped-8059e613-6002-42fa-961e-8e275f575d71-2-5.jpg?fit=1360%2C931&ssl=1"},"description":"Jornalista com carreira dedicada ao esporte. Cobriu 9 Copas do Mundo in loco, 1990 na It\u00e1lia, 1994 nos EUA, 1998 na Fran\u00e7a, 2002 na Coreia do Sul e Jap\u00e3o, 2006 na Alemanha, 2010 na \u00c1frica do Sul, 2014 no Brasil, 2018 na R\u00fassia e 2022 no Qatar. Eurocopas, 1992 na Su\u00e9cia e 1996 na Inglaterra. Copa das Confedera\u00e7\u00f5es de 2005 na Alemanha e 2009 na \u00c1frica do Sul. Rep\u00f3rter e Editor, trabalhou no Jornal da Tarde e Estad\u00e3o, de 1984 a fevereiro de 2016. Colunista, blogueiro. E comentarista de futebol na R\u00e1dio Estad\u00e3o, de 2013 a fevereiro de 2016. Jornalista respons\u00e1vel do \"Pr\u00f3speri News\" (blogdoprosperi.com).","sameAs":["http:\/\/blogdoprosperi.com","Luiz Pr\u00f3speri","@luiz_prosperi","https:\/\/x.com\/Luizprosperi","@prosperinacopa","luiz.prosperi@icloud.com"],"url":"https:\/\/blogdoprosperi.com\/?author=102107496"}]}},"jetpack_publicize_connections":[],"jetpack_likes_enabled":false,"jetpack_sharing_enabled":true,"jetpack_shortlink":"https:\/\/wp.me\/p7jvdk-brd","jetpack-related-posts":[{"id":43671,"url":"https:\/\/blogdoprosperi.com\/?p=43671","url_meta":{"origin":43971,"position":0},"title":"Marcelo Bielsa \u00e9 um caso s\u00e9rio: &#8220;O que aconteceu com o pobre futebol sul-americano?&#8221;","author":"Luiz Ant\u00f4nio Pr\u00f3speri","date":"6 de julho de 2024","format":false,"excerpt":"Marcelo Bielsa, t\u00e9cnico do Uruguai, questiona empobrecimento do futebol sul-americano. Um petardo: https:\/\/x.com\/trivela\/status\/1809407842396381265 Acompanhe coletiva de Bielsa: \u00a0 \u00a0 \u00a0","rel":"","context":"Em &quot;futebol&quot;","block_context":{"text":"futebol","link":"https:\/\/blogdoprosperi.com\/?cat=53870"},"img":{"alt_text":"Marcelo Bielsa fala do empobrecimento do futebol sul-americano","src":"https:\/\/i0.wp.com\/blogdoprosperi.com\/wp-content\/uploads\/2024\/07\/r3j_1751.jpg?fit=869%2C570&ssl=1&resize=350%2C200","width":350,"height":200,"srcset":"https:\/\/i0.wp.com\/blogdoprosperi.com\/wp-content\/uploads\/2024\/07\/r3j_1751.jpg?fit=869%2C570&ssl=1&resize=350%2C200 1x, https:\/\/i0.wp.com\/blogdoprosperi.com\/wp-content\/uploads\/2024\/07\/r3j_1751.jpg?fit=869%2C570&ssl=1&resize=525%2C300 1.5x, https:\/\/i0.wp.com\/blogdoprosperi.com\/wp-content\/uploads\/2024\/07\/r3j_1751.jpg?fit=869%2C570&ssl=1&resize=700%2C400 2x"},"classes":[]},{"id":47565,"url":"https:\/\/blogdoprosperi.com\/?p=47565","url_meta":{"origin":43971,"position":1},"title":"Posse de Trump | Fifa Se Rende ao Presidente dos Estados Unidos","author":"Luiz Ant\u00f4nio Pr\u00f3speri","date":"21 de janeiro de 2025","format":false,"excerpt":"Luiz Ant\u00f4nio Pr\u00f3speri \u2013 21 janeiro (9h35) \u2013 Futebol e pol\u00edtica se completam. Ainda mais quando se tem no comando da Fifa dirigentes preocupados com a grana e pouco ligados \u00e0s quest\u00f5es internas de pa\u00edses escolhidos sede de grandes eventos. Veja o caso dos Estados Unidos, anfitri\u00f5es do Mundial de\u2026","rel":"","context":"Em &quot;Fifa&quot;","block_context":{"text":"Fifa","link":"https:\/\/blogdoprosperi.com\/?cat=187969"},"img":{"alt_text":"Fifa vai onde est\u00e1 o dinheiro","src":"https:\/\/i0.wp.com\/blogdoprosperi.com\/wp-content\/uploads\/2025\/01\/captura-de-tela-2025-01-21-as-08.38.37.jpg?fit=1200%2C608&ssl=1&resize=350%2C200","width":350,"height":200,"srcset":"https:\/\/i0.wp.com\/blogdoprosperi.com\/wp-content\/uploads\/2025\/01\/captura-de-tela-2025-01-21-as-08.38.37.jpg?fit=1200%2C608&ssl=1&resize=350%2C200 1x, https:\/\/i0.wp.com\/blogdoprosperi.com\/wp-content\/uploads\/2025\/01\/captura-de-tela-2025-01-21-as-08.38.37.jpg?fit=1200%2C608&ssl=1&resize=525%2C300 1.5x, https:\/\/i0.wp.com\/blogdoprosperi.com\/wp-content\/uploads\/2025\/01\/captura-de-tela-2025-01-21-as-08.38.37.jpg?fit=1200%2C608&ssl=1&resize=700%2C400 2x, https:\/\/i0.wp.com\/blogdoprosperi.com\/wp-content\/uploads\/2025\/01\/captura-de-tela-2025-01-21-as-08.38.37.jpg?fit=1200%2C608&ssl=1&resize=1050%2C600 3x"},"classes":[]},{"id":8315,"url":"https:\/\/blogdoprosperi.com\/?p=8315","url_meta":{"origin":43971,"position":2},"title":"Come\u00e7a a Copa Am\u00e9rica dos craques e das propinas","author":"Luiz Ant\u00f4nio Pr\u00f3speri","date":"3 de junho de 2016","format":false,"excerpt":"\u00a0 Estados Unidos e Col\u00f4mbia abrem nesta sexta-feira, \u00e0s 23h (de Bras\u00edlia), a Copa Am\u00e9rica Centen\u00e1rio, torneio marcado por um fabuloso esc\u00e2ndalo de corrup\u00e7\u00e3o que levou \u00e0 pris\u00e3o a maioria dos dirigentes sul-americanos e agentes de marketing. Entre eles, Jos\u00e9 Maria Marin, ex-presidente da CBF (2012 a 2015), preso em\u2026","rel":"","context":"Em &quot;futebol&quot;","block_context":{"text":"futebol","link":"https:\/\/blogdoprosperi.com\/?cat=53870"},"img":{"alt_text":"","src":"https:\/\/i0.wp.com\/blogdoprosperi.com\/wp-content\/uploads\/2016\/06\/3f6u5e5j5u_8y18v5vbzg_file.jpg?resize=350%2C200&ssl=1","width":350,"height":200,"srcset":"https:\/\/i0.wp.com\/blogdoprosperi.com\/wp-content\/uploads\/2016\/06\/3f6u5e5j5u_8y18v5vbzg_file.jpg?resize=350%2C200&ssl=1 1x, https:\/\/i0.wp.com\/blogdoprosperi.com\/wp-content\/uploads\/2016\/06\/3f6u5e5j5u_8y18v5vbzg_file.jpg?resize=525%2C300&ssl=1 1.5x, https:\/\/i0.wp.com\/blogdoprosperi.com\/wp-content\/uploads\/2016\/06\/3f6u5e5j5u_8y18v5vbzg_file.jpg?resize=700%2C400&ssl=1 2x"},"classes":[]},{"id":43135,"url":"https:\/\/blogdoprosperi.com\/?p=43135","url_meta":{"origin":43971,"position":3},"title":"Modric conhece lado cruel do futebol, It\u00e1lia avan\u00e7a ao mata-mata","author":"Luiz Ant\u00f4nio Pr\u00f3speri","date":"24 de junho de 2024","format":false,"excerpt":"Modric estava muito perto de alcan\u00e7ar o topo da montanha dos glorificados. Perde um p\u00eanalti, aos 9 minutos do segundo tempo, e, no minuto seguinte, faz o gol no rebote do gigante goleiro Donnarumma. Gol a levar a Cro\u00e1cia \u00e0s oitavas de final da Euro 2024. Coroa\u00e7\u00e3o de um \u00edcone\u2026","rel":"","context":"Em &quot;futebol&quot;","block_context":{"text":"futebol","link":"https:\/\/blogdoprosperi.com\/?cat=53870"},"img":{"alt_text":"Modric sofre com lado mais cruel do futebol","src":"https:\/\/i0.wp.com\/blogdoprosperi.com\/wp-content\/uploads\/2024\/06\/captura-de-tela-2024-06-24-as-19.59.48.png?fit=1144%2C742&ssl=1&resize=350%2C200","width":350,"height":200,"srcset":"https:\/\/i0.wp.com\/blogdoprosperi.com\/wp-content\/uploads\/2024\/06\/captura-de-tela-2024-06-24-as-19.59.48.png?fit=1144%2C742&ssl=1&resize=350%2C200 1x, https:\/\/i0.wp.com\/blogdoprosperi.com\/wp-content\/uploads\/2024\/06\/captura-de-tela-2024-06-24-as-19.59.48.png?fit=1144%2C742&ssl=1&resize=525%2C300 1.5x, https:\/\/i0.wp.com\/blogdoprosperi.com\/wp-content\/uploads\/2024\/06\/captura-de-tela-2024-06-24-as-19.59.48.png?fit=1144%2C742&ssl=1&resize=700%2C400 2x, https:\/\/i0.wp.com\/blogdoprosperi.com\/wp-content\/uploads\/2024\/06\/captura-de-tela-2024-06-24-as-19.59.48.png?fit=1144%2C742&ssl=1&resize=1050%2C600 3x"},"classes":[]},{"id":15504,"url":"https:\/\/blogdoprosperi.com\/?p=15504","url_meta":{"origin":43971,"position":4},"title":"Sa\u00edda de Bielsa da Lazio deixa futuro de Pato indefinido","author":"Luiz Ant\u00f4nio Pr\u00f3speri","date":"8 de julho de 2016","format":false,"excerpt":"Alexandre Pato continua nos planos da Lazio, mesmo com a desist\u00eancia de Marcelo Bielsa de dirigir o time - uma bomba que sacudiu o futebol italiano nesta sexta-feira (08\/7) de manh\u00e3 em Roma. A proposta inicial de 5 milh\u00f5es de euros (R$ 18,2 milh\u00f5es) passou para 2 milh\u00f5es (R$ 7\u2026","rel":"","context":"Em &quot;futebol&quot;","block_context":{"text":"futebol","link":"https:\/\/blogdoprosperi.com\/?cat=53870"},"img":{"alt_text":"","src":"https:\/\/i0.wp.com\/blogdoprosperi.com\/wp-content\/uploads\/2016\/07\/alx_esporte-alexandre-pato-corinthians-20160705-001_original.jpeg?resize=350%2C200&ssl=1","width":350,"height":200,"srcset":"https:\/\/i0.wp.com\/blogdoprosperi.com\/wp-content\/uploads\/2016\/07\/alx_esporte-alexandre-pato-corinthians-20160705-001_original.jpeg?resize=350%2C200&ssl=1 1x, https:\/\/i0.wp.com\/blogdoprosperi.com\/wp-content\/uploads\/2016\/07\/alx_esporte-alexandre-pato-corinthians-20160705-001_original.jpeg?resize=525%2C300&ssl=1 1.5x"},"classes":[]},{"id":35433,"url":"https:\/\/blogdoprosperi.com\/?p=35433","url_meta":{"origin":43971,"position":5},"title":"M\u00e9xico, Estados Unidos e Canad\u00e1 lan\u00e7am candidatura \u00e0 sede da Copa 2026. E Trump?","author":"Luiz Ant\u00f4nio Pr\u00f3speri","date":"7 de abril de 2017","format":false,"excerpt":"A nova Copa do Mundo com 48 sele\u00e7\u00f5es, formatada pelo presidente da Fifa Gianni Infantino, vai ganhar vida em 2026. Ao acrescentar mais 16 pa\u00edses aos 32 participantes do Mundial, a Fifa precisava de atrair candidatos de peso para sediar o evento. Coincid\u00eancia ou n\u00e3o, uma candidatura tripla ganhou for\u00e7a\u2026","rel":"","context":"Em &quot;futebol&quot;","block_context":{"text":"futebol","link":"https:\/\/blogdoprosperi.com\/?cat=53870"},"img":{"alt_text":"estadio-rose-bowl","src":"https:\/\/i0.wp.com\/www.chuteirafc.com.br\/wp-content\/uploads\/2017\/04\/Estadio-Rose-Bowl.jpg?resize=350%2C200","width":350,"height":200,"srcset":"https:\/\/i0.wp.com\/www.chuteirafc.com.br\/wp-content\/uploads\/2017\/04\/Estadio-Rose-Bowl.jpg?resize=350%2C200 1x, https:\/\/i0.wp.com\/www.chuteirafc.com.br\/wp-content\/uploads\/2017\/04\/Estadio-Rose-Bowl.jpg?resize=525%2C300 1.5x, https:\/\/i0.wp.com\/www.chuteirafc.com.br\/wp-content\/uploads\/2017\/04\/Estadio-Rose-Bowl.jpg?resize=700%2C400 2x"},"classes":[]}],"jetpack_featured_media_url":"https:\/\/i0.wp.com\/blogdoprosperi.com\/wp-content\/uploads\/2024\/07\/thumbs.web_.sapo_.webp?fit=1550%2C1034&ssl=1","_links":{"self":[{"href":"https:\/\/blogdoprosperi.com\/index.php?rest_route=\/wp\/v2\/posts\/43971","targetHints":{"allow":["GET"]}}],"collection":[{"href":"https:\/\/blogdoprosperi.com\/index.php?rest_route=\/wp\/v2\/posts"}],"about":[{"href":"https:\/\/blogdoprosperi.com\/index.php?rest_route=\/wp\/v2\/types\/post"}],"author":[{"embeddable":true,"href":"https:\/\/blogdoprosperi.com\/index.php?rest_route=\/wp\/v2\/users\/102107496"}],"replies":[{"embeddable":true,"href":"https:\/\/blogdoprosperi.com\/index.php?rest_route=%2Fwp%2Fv2%2Fcomments&post=43971"}],"version-history":[{"count":12,"href":"https:\/\/blogdoprosperi.com\/index.php?rest_route=\/wp\/v2\/posts\/43971\/revisions"}],"predecessor-version":[{"id":43984,"href":"https:\/\/blogdoprosperi.com\/index.php?rest_route=\/wp\/v2\/posts\/43971\/revisions\/43984"}],"wp:featuredmedia":[{"embeddable":true,"href":"https:\/\/blogdoprosperi.com\/index.php?rest_route=\/wp\/v2\/media\/43982"}],"wp:attachment":[{"href":"https:\/\/blogdoprosperi.com\/index.php?rest_route=%2Fwp%2Fv2%2Fmedia&parent=43971"}],"wp:term":[{"taxonomy":"category","embeddable":true,"href":"https:\/\/blogdoprosperi.com\/index.php?rest_route=%2Fwp%2Fv2%2Fcategories&post=43971"},{"taxonomy":"post_tag","embeddable":true,"href":"https:\/\/blogdoprosperi.com\/index.php?rest_route=%2Fwp%2Fv2%2Ftags&post=43971"}],"curies":[{"name":"wp","href":"https:\/\/api.w.org\/{rel}","templated":true}]}}