{"id":44121,"date":"2024-07-15T01:42:51","date_gmt":"2024-07-15T04:42:51","guid":{"rendered":"https:\/\/blogdoprosperi.com\/?p=44121"},"modified":"2024-07-15T12:16:14","modified_gmt":"2024-07-15T15:16:14","slug":"galeria-fotos-copa-america-2024-argentina-2-x-1-colombia","status":"publish","type":"post","link":"https:\/\/blogdoprosperi.com\/?p=44121","title":{"rendered":"Galeria \u2013 fotos: Copa Am\u00e9rica 2024 &#8211; Argentina 1 x 0 Col\u00f4mbia"},"content":{"rendered":"\r\n<figure class=\"wp-block-gallery has-nested-images columns-default is-cropped wp-block-gallery-1 is-layout-flex wp-block-gallery-is-layout-flex\">\r\n<figure class=\"wp-block-image size-large\">\r\n<figure id=\"attachment_44134\" aria-describedby=\"caption-attachment-44134\" style=\"width: 720px\" class=\"wp-caption alignnone\"><img data-recalc-dims=\"1\" loading=\"lazy\" decoding=\"async\" data-attachment-id=\"44111\" data-permalink=\"https:\/\/blogdoprosperi.com\/?attachment_id=44111\" data-orig-file=\"https:\/\/i0.wp.com\/blogdoprosperi.com\/wp-content\/uploads\/2024\/07\/gsgchkuxoaactyk.jpeg?fit=959%2C1199&amp;ssl=1\" data-orig-size=\"959,1199\" data-comments-opened=\"1\" data-image-meta=\"{&quot;aperture&quot;:&quot;0&quot;,&quot;credit&quot;:&quot;&quot;,&quot;camera&quot;:&quot;&quot;,&quot;caption&quot;:&quot;&quot;,&quot;created_timestamp&quot;:&quot;0&quot;,&quot;copyright&quot;:&quot;&quot;,&quot;focal_length&quot;:&quot;0&quot;,&quot;iso&quot;:&quot;0&quot;,&quot;shutter_speed&quot;:&quot;0&quot;,&quot;title&quot;:&quot;&quot;,&quot;orientation&quot;:&quot;0&quot;}\" data-image-title=\"Campe\u00f5es de tudo, Argentina\" data-image-description=\"\" data-image-caption=\"&lt;p&gt;Cole\u00e7\u00e3o de ta\u00e7as da Argentina \u2013 reprodu\u00e7\u00e3o: Twitter&lt;\/p&gt;\n\" data-large-file=\"https:\/\/i0.wp.com\/blogdoprosperi.com\/wp-content\/uploads\/2024\/07\/gsgchkuxoaactyk.jpeg?fit=819%2C1024&amp;ssl=1\" data-id=\"44111\" class=\"wp-image-44134 size-large\" src=\"https:\/\/i0.wp.com\/blogdoprosperi.com\/wp-content\/uploads\/2024\/07\/gsgvjm4waaexr8q.jpeg?resize=720%2C900&#038;ssl=1\" alt=\"\" width=\"720\" height=\"900\" \/><figcaption id=\"caption-attachment-44134\" class=\"wp-caption-text\">James Rodriguez, eleito melhor jogador da Copa Am\u00e9rica \u2013 foto: Conmebol oficial<\/figcaption><\/figure>\r\n<figure id=\"attachment_44133\" aria-describedby=\"caption-attachment-44133\" style=\"width: 100px\" class=\"wp-caption alignnone\"><img data-recalc-dims=\"1\" loading=\"lazy\" decoding=\"async\" data-attachment-id=\"44133\" data-permalink=\"https:\/\/blogdoprosperi.com\/?attachment_id=44133\" data-orig-file=\"https:\/\/i0.wp.com\/blogdoprosperi.com\/wp-content\/uploads\/2024\/07\/gsgt7zgwsaavdmu-1.jpeg?fit=600%2C900&amp;ssl=1\" data-orig-size=\"600,900\" data-comments-opened=\"1\" data-image-meta=\"{&quot;aperture&quot;:&quot;0&quot;,&quot;credit&quot;:&quot;&quot;,&quot;camera&quot;:&quot;&quot;,&quot;caption&quot;:&quot;&quot;,&quot;created_timestamp&quot;:&quot;0&quot;,&quot;copyright&quot;:&quot;&quot;,&quot;focal_length&quot;:&quot;0&quot;,&quot;iso&quot;:&quot;0&quot;,&quot;shutter_speed&quot;:&quot;0&quot;,&quot;title&quot;:&quot;&quot;,&quot;orientation&quot;:&quot;0&quot;}\" data-image-title=\"GSgT7ZGWsAAVDmU-1\" data-image-description=\"\" data-image-caption=\"\" data-large-file=\"https:\/\/i0.wp.com\/blogdoprosperi.com\/wp-content\/uploads\/2024\/07\/gsgt7zgwsaavdmu-1.jpeg?fit=600%2C900&amp;ssl=1\" class=\"wp-image-44133 size-thumbnail\" src=\"https:\/\/i0.wp.com\/blogdoprosperi.com\/wp-content\/uploads\/2024\/07\/gsgt7zgwsaavdmu-1.jpeg?resize=100%2C150&#038;ssl=1\" alt=\"Di Mar\u00eda se despede da Argentina \" width=\"100\" height=\"150\" \/><figcaption id=\"caption-attachment-44133\" class=\"wp-caption-text\">Di Mar\u00eda se despede da Sele\u00e7\u00e3o Argentina \u2013 foto: Conmebol oficial<\/figcaption><\/figure>\r\n<figure id=\"attachment_44131\" aria-describedby=\"caption-attachment-44131\" style=\"width: 720px\" class=\"wp-caption alignnone\"><img data-recalc-dims=\"1\" loading=\"lazy\" decoding=\"async\" data-attachment-id=\"44131\" data-permalink=\"https:\/\/blogdoprosperi.com\/?attachment_id=44131\" data-orig-file=\"https:\/\/i0.wp.com\/blogdoprosperi.com\/wp-content\/uploads\/2024\/07\/gsgxcpkwaaapxjv.jpeg?fit=960%2C1200&amp;ssl=1\" data-orig-size=\"960,1200\" data-comments-opened=\"1\" data-image-meta=\"{&quot;aperture&quot;:&quot;0&quot;,&quot;credit&quot;:&quot;&quot;,&quot;camera&quot;:&quot;&quot;,&quot;caption&quot;:&quot;&quot;,&quot;created_timestamp&quot;:&quot;0&quot;,&quot;copyright&quot;:&quot;&quot;,&quot;focal_length&quot;:&quot;0&quot;,&quot;iso&quot;:&quot;0&quot;,&quot;shutter_speed&quot;:&quot;0&quot;,&quot;title&quot;:&quot;&quot;,&quot;orientation&quot;:&quot;0&quot;}\" data-image-title=\"GSgXcpKWAAApXjV\" data-image-description=\"\" data-image-caption=\"\" data-large-file=\"https:\/\/i0.wp.com\/blogdoprosperi.com\/wp-content\/uploads\/2024\/07\/gsgxcpkwaaapxjv.jpeg?fit=819%2C1024&amp;ssl=1\" class=\"wp-image-44131 size-large\" src=\"https:\/\/i0.wp.com\/blogdoprosperi.com\/wp-content\/uploads\/2024\/07\/gsgxcpkwaaapxjv.jpeg?resize=720%2C900&#038;ssl=1\" alt=\"\" width=\"720\" height=\"900\" \/><figcaption id=\"caption-attachment-44131\" class=\"wp-caption-text\">16 vezes Argentina, maior campe\u00e3 da Copa Am\u00e9rica \u2013 ilustra\u00e7\u00e3o Conmebol oficial<\/figcaption><\/figure>\r\n<figure id=\"attachment_44130\" aria-describedby=\"caption-attachment-44130\" style=\"width: 720px\" class=\"wp-caption alignnone\"><img data-recalc-dims=\"1\" loading=\"lazy\" decoding=\"async\" data-attachment-id=\"44130\" data-permalink=\"https:\/\/blogdoprosperi.com\/?attachment_id=44130\" data-orig-file=\"https:\/\/i0.wp.com\/blogdoprosperi.com\/wp-content\/uploads\/2024\/07\/gsgkrlmweaaa-nx.jpeg?fit=1200%2C800&amp;ssl=1\" data-orig-size=\"1200,800\" data-comments-opened=\"1\" data-image-meta=\"{&quot;aperture&quot;:&quot;0&quot;,&quot;credit&quot;:&quot;&quot;,&quot;camera&quot;:&quot;&quot;,&quot;caption&quot;:&quot;&quot;,&quot;created_timestamp&quot;:&quot;0&quot;,&quot;copyright&quot;:&quot;&quot;,&quot;focal_length&quot;:&quot;0&quot;,&quot;iso&quot;:&quot;0&quot;,&quot;shutter_speed&quot;:&quot;0&quot;,&quot;title&quot;:&quot;&quot;,&quot;orientation&quot;:&quot;0&quot;}\" data-image-title=\"Argentina celebra 16a Copa Am\u00e9rica\" data-image-description=\"\" data-image-caption=\"&lt;p&gt;Jogadores da Argentina levantam ta\u00e7a da Copa Am\u00e9rica 2024 &amp;#8211; foto: Conmebol oficial&lt;\/p&gt;\n\" data-large-file=\"https:\/\/i0.wp.com\/blogdoprosperi.com\/wp-content\/uploads\/2024\/07\/gsgkrlmweaaa-nx.jpeg?fit=940%2C627&amp;ssl=1\" class=\"size-large wp-image-44130\" src=\"https:\/\/i0.wp.com\/blogdoprosperi.com\/wp-content\/uploads\/2024\/07\/gsgkrlmweaaa-nx.jpeg?resize=720%2C480&#038;ssl=1\" alt=\"\" width=\"720\" height=\"480\" \/><figcaption id=\"caption-attachment-44130\" class=\"wp-caption-text\">Jogadores da Argentina levantam ta\u00e7a da Copa Am\u00e9rica 2024 &#8211; foto: Conmebol oficial<\/figcaption><\/figure>\r\n<figure id=\"attachment_44111\" aria-describedby=\"caption-attachment-44111\" style=\"width: 819px\" class=\"wp-caption alignnone\"><img data-recalc-dims=\"1\" loading=\"lazy\" decoding=\"async\" data-attachment-id=\"44111\" data-permalink=\"https:\/\/blogdoprosperi.com\/?attachment_id=44111\" data-orig-file=\"https:\/\/i0.wp.com\/blogdoprosperi.com\/wp-content\/uploads\/2024\/07\/gsgchkuxoaactyk.jpeg?fit=959%2C1199&amp;ssl=1\" data-orig-size=\"959,1199\" data-comments-opened=\"1\" data-image-meta=\"{&quot;aperture&quot;:&quot;0&quot;,&quot;credit&quot;:&quot;&quot;,&quot;camera&quot;:&quot;&quot;,&quot;caption&quot;:&quot;&quot;,&quot;created_timestamp&quot;:&quot;0&quot;,&quot;copyright&quot;:&quot;&quot;,&quot;focal_length&quot;:&quot;0&quot;,&quot;iso&quot;:&quot;0&quot;,&quot;shutter_speed&quot;:&quot;0&quot;,&quot;title&quot;:&quot;&quot;,&quot;orientation&quot;:&quot;0&quot;}\" data-image-title=\"Campe\u00f5es de tudo, Argentina\" data-image-description=\"\" data-image-caption=\"&lt;p&gt;Cole\u00e7\u00e3o de ta\u00e7as da Argentina \u2013 reprodu\u00e7\u00e3o: Twitter&lt;\/p&gt;\n\" data-large-file=\"https:\/\/i0.wp.com\/blogdoprosperi.com\/wp-content\/uploads\/2024\/07\/gsgchkuxoaactyk.jpeg?fit=819%2C1024&amp;ssl=1\" class=\"wp-image-44111\" src=\"https:\/\/i0.wp.com\/blogdoprosperi.com\/wp-content\/uploads\/2024\/07\/gsgchkuxoaactyk.jpeg?resize=819%2C1023&#038;ssl=1\" alt=\"\" width=\"819\" height=\"1023\" \/><figcaption id=\"caption-attachment-44111\" class=\"wp-caption-text\">Duas Copas Am\u00e9rica da Argentina 2021. e 2024 \u2013 ilustra\u00e7\u00e3o Conmebol<\/figcaption><\/figure>\r\n<figcaption class=\"wp-element-caption\">Cole\u00e7\u00e3o de ta\u00e7as da Argentina \u2013 reprodu\u00e7\u00e3o: Twitter<\/figcaption>\r\n<\/figure>\r\n\r\n\r\n\r\n\r\n\r\n<figure class=\"wp-block-image size-large\">\r\n<figure id=\"attachment_44103\" aria-describedby=\"caption-attachment-44103\" style=\"width: 819px\" class=\"wp-caption alignnone\"><img data-recalc-dims=\"1\" loading=\"lazy\" decoding=\"async\" data-attachment-id=\"44103\" data-permalink=\"https:\/\/blogdoprosperi.com\/?attachment_id=44103\" data-orig-file=\"https:\/\/i0.wp.com\/blogdoprosperi.com\/wp-content\/uploads\/2024\/07\/gsfj_4-wgae0dow.jpeg?fit=960%2C1200&amp;ssl=1\" data-orig-size=\"960,1200\" data-comments-opened=\"1\" data-image-meta=\"{&quot;aperture&quot;:&quot;0&quot;,&quot;credit&quot;:&quot;&quot;,&quot;camera&quot;:&quot;&quot;,&quot;caption&quot;:&quot;&quot;,&quot;created_timestamp&quot;:&quot;0&quot;,&quot;copyright&quot;:&quot;&quot;,&quot;focal_length&quot;:&quot;0&quot;,&quot;iso&quot;:&quot;0&quot;,&quot;shutter_speed&quot;:&quot;0&quot;,&quot;title&quot;:&quot;&quot;,&quot;orientation&quot;:&quot;0&quot;}\" data-image-title=\"Copa Am\u00e9rica final\" data-image-description=\"\" data-image-caption=\"&lt;p&gt;Mac Alistter e Luiz Diaz &amp;#8211; foto: Conmebol oficial&lt;\/p&gt;\n\" data-large-file=\"https:\/\/i0.wp.com\/blogdoprosperi.com\/wp-content\/uploads\/2024\/07\/gsfj_4-wgae0dow.jpeg?fit=819%2C1024&amp;ssl=1\" data-id=\"44103\" class=\"wp-image-44103\" src=\"https:\/\/i0.wp.com\/blogdoprosperi.com\/wp-content\/uploads\/2024\/07\/gsfj_4-wgae0dow.jpeg?resize=819%2C1023&#038;ssl=1\" alt=\"\" width=\"819\" height=\"1023\" \/><figcaption id=\"caption-attachment-44103\" class=\"wp-caption-text\">Mac Allister e Luiz Diaz &#8211; foto: Conmebol oficial<\/figcaption><\/figure>\r\n<img data-recalc-dims=\"1\" loading=\"lazy\" decoding=\"async\" data-attachment-id=\"44135\" data-permalink=\"https:\/\/blogdoprosperi.com\/?attachment_id=44135\" data-orig-file=\"https:\/\/i0.wp.com\/blogdoprosperi.com\/wp-content\/uploads\/2024\/07\/gsgvv7oxuaevqb3.jpeg?fit=960%2C1200&amp;ssl=1\" data-orig-size=\"960,1200\" data-comments-opened=\"1\" data-image-meta=\"{&quot;aperture&quot;:&quot;0&quot;,&quot;credit&quot;:&quot;&quot;,&quot;camera&quot;:&quot;&quot;,&quot;caption&quot;:&quot;&quot;,&quot;created_timestamp&quot;:&quot;0&quot;,&quot;copyright&quot;:&quot;&quot;,&quot;focal_length&quot;:&quot;0&quot;,&quot;iso&quot;:&quot;0&quot;,&quot;shutter_speed&quot;:&quot;0&quot;,&quot;title&quot;:&quot;&quot;,&quot;orientation&quot;:&quot;0&quot;}\" data-image-title=\"Di Mar\u00eda se despede da Argentina\" data-image-description=\"\" data-image-caption=\"&lt;p&gt;Di Mar\u00eda deixa de jogar na Sele\u00e7\u00e3o Argentina &amp;#8211; foto: Conmebol oficial&lt;\/p&gt;\n\" data-large-file=\"https:\/\/i0.wp.com\/blogdoprosperi.com\/wp-content\/uploads\/2024\/07\/gsgvv7oxuaevqb3.jpeg?fit=819%2C1024&amp;ssl=1\" class=\"size-large wp-image-44135\" src=\"https:\/\/i0.wp.com\/blogdoprosperi.com\/wp-content\/uploads\/2024\/07\/gsgvv7oxuaevqb3.jpeg?resize=720%2C900&#038;ssl=1\" alt=\"\" width=\"720\" height=\"900\" \/> Di Mar\u00eda deixa de jogar na Sele\u00e7\u00e3o Argentina &#8211; foto: Conmebol ofin&#8221;><\/figcaption>\r\n<\/figure>\r\n\r\n\r\n\r\n<figure class=\"wp-block-image size-large\"><img data-recalc-dims=\"1\" loading=\"lazy\" decoding=\"async\" width=\"940\" height=\"1175\" data-attachment-id=\"44115\" data-permalink=\"https:\/\/blogdoprosperi.com\/?attachment_id=44115\" data-orig-file=\"https:\/\/i0.wp.com\/blogdoprosperi.com\/wp-content\/uploads\/2024\/07\/gsgafpewcaawqdw.jpeg?fit=960%2C1200&amp;ssl=1\" data-orig-size=\"960,1200\" data-comments-opened=\"1\" data-image-meta=\"{&quot;aperture&quot;:&quot;0&quot;,&quot;credit&quot;:&quot;&quot;,&quot;camera&quot;:&quot;&quot;,&quot;caption&quot;:&quot;&quot;,&quot;created_timestamp&quot;:&quot;0&quot;,&quot;copyright&quot;:&quot;&quot;,&quot;focal_length&quot;:&quot;0&quot;,&quot;iso&quot;:&quot;0&quot;,&quot;shutter_speed&quot;:&quot;0&quot;,&quot;title&quot;:&quot;&quot;,&quot;orientation&quot;:&quot;0&quot;}\" data-image-title=\"Gol de Lautaro\" data-image-description=\"\" data-image-caption=\"&lt;p&gt;foto: Comebol oficial&lt;\/p&gt;\n\" data-large-file=\"https:\/\/i0.wp.com\/blogdoprosperi.com\/wp-content\/uploads\/2024\/07\/gsgafpewcaawqdw.jpeg?fit=819%2C1024&amp;ssl=1\" data-id=\"44115\" class=\"wp-image-44115\" src=\"https:\/\/i0.wp.com\/blogdoprosperi.com\/wp-content\/uploads\/2024\/07\/gsgafpewcaawqdw.jpeg?resize=940%2C1175&#038;ssl=1\" alt=\"\" \/>\r\n<figcaption class=\"wp-element-caption\">Lautaro Martinez faz gol do. t\u00edtulo \u2013 foto: Commebol oficial<\/figcaption>\r\n<\/figure>\r\n\r\n\r\n\r\n<figure class=\"wp-block-image size-large\"><img data-recalc-dims=\"1\" loading=\"lazy\" decoding=\"async\" width=\"940\" height=\"1175\" data-attachment-id=\"44113\" data-permalink=\"https:\/\/blogdoprosperi.com\/?attachment_id=44113\" data-orig-file=\"https:\/\/i0.wp.com\/blogdoprosperi.com\/wp-content\/uploads\/2024\/07\/gsgcjbnxsaa1k7i.jpeg?fit=960%2C1200&amp;ssl=1\" data-orig-size=\"960,1200\" data-comments-opened=\"1\" data-image-meta=\"{&quot;aperture&quot;:&quot;0&quot;,&quot;credit&quot;:&quot;&quot;,&quot;camera&quot;:&quot;&quot;,&quot;caption&quot;:&quot;&quot;,&quot;created_timestamp&quot;:&quot;0&quot;,&quot;copyright&quot;:&quot;&quot;,&quot;focal_length&quot;:&quot;0&quot;,&quot;iso&quot;:&quot;0&quot;,&quot;shutter_speed&quot;:&quot;0&quot;,&quot;title&quot;:&quot;&quot;,&quot;orientation&quot;:&quot;0&quot;}\" data-image-title=\"Lautaro Martinez faz gol do t\u00edtulo\" data-image-description=\"\" data-image-caption=\"&lt;p&gt;Lautaro Martinez faz gol do t\u00edtulo \u2013 foto: Conmebol oficial&lt;\/p&gt;\n\" data-large-file=\"https:\/\/i0.wp.com\/blogdoprosperi.com\/wp-content\/uploads\/2024\/07\/gsgcjbnxsaa1k7i.jpeg?fit=819%2C1024&amp;ssl=1\" data-id=\"44113\" class=\"wp-image-44113\" src=\"https:\/\/i0.wp.com\/blogdoprosperi.com\/wp-content\/uploads\/2024\/07\/gsgcjbnxsaa1k7i.jpeg?resize=940%2C1175&#038;ssl=1\" alt=\"\" \/>\r\n<figcaption class=\"wp-element-caption\">Lautaro Martinez \u2013 foto: Conmebol oficial<\/figcaption>\r\n<\/figure>\r\n\r\n\r\n\r\n<figure class=\"wp-block-image size-large\"><img data-recalc-dims=\"1\" loading=\"lazy\" decoding=\"async\" width=\"786\" height=\"702\" data-attachment-id=\"44118\" data-permalink=\"https:\/\/blogdoprosperi.com\/?attachment_id=44118\" data-orig-file=\"https:\/\/i0.wp.com\/blogdoprosperi.com\/wp-content\/uploads\/2024\/07\/captura-de-tela-2024-07-15-as-01.19.36.png?fit=786%2C702&amp;ssl=1\" data-orig-size=\"786,702\" data-comments-opened=\"1\" data-image-meta=\"{&quot;aperture&quot;:&quot;0&quot;,&quot;credit&quot;:&quot;&quot;,&quot;camera&quot;:&quot;&quot;,&quot;caption&quot;:&quot;&quot;,&quot;created_timestamp&quot;:&quot;0&quot;,&quot;copyright&quot;:&quot;&quot;,&quot;focal_length&quot;:&quot;0&quot;,&quot;iso&quot;:&quot;0&quot;,&quot;shutter_speed&quot;:&quot;0&quot;,&quot;title&quot;:&quot;&quot;,&quot;orientation&quot;:&quot;0&quot;}\" data-image-title=\"Di Mar\u00eda se despede da Argentina\" data-image-description=\"\" data-image-caption=\"&lt;p&gt;foto: Conmebol oficial&lt;\/p&gt;\n\" data-large-file=\"https:\/\/i0.wp.com\/blogdoprosperi.com\/wp-content\/uploads\/2024\/07\/captura-de-tela-2024-07-15-as-01.19.36.png?fit=786%2C702&amp;ssl=1\" data-id=\"44118\" class=\"wp-image-44118\" src=\"https:\/\/i0.wp.com\/blogdoprosperi.com\/wp-content\/uploads\/2024\/07\/captura-de-tela-2024-07-15-as-01.19.36.png?resize=786%2C702&#038;ssl=1\" alt=\"\" \/>\r\n<figcaption class=\"wp-element-caption\">Di Mar\u00eda, \u00faltimos momentos na Argentina \u2013 foto: Conmebol oficial<\/figcaption>\r\n<\/figure>\r\n\r\n\r\n\r\n<figure class=\"wp-block-image size-large\"><img data-recalc-dims=\"1\" loading=\"lazy\" decoding=\"async\" width=\"940\" height=\"1175\" data-attachment-id=\"44104\" data-permalink=\"https:\/\/blogdoprosperi.com\/?attachment_id=44104\" data-orig-file=\"https:\/\/i0.wp.com\/blogdoprosperi.com\/wp-content\/uploads\/2024\/07\/gsfg2_txkaahu4j.jpeg?fit=960%2C1200&amp;ssl=1\" data-orig-size=\"960,1200\" data-comments-opened=\"1\" data-image-meta=\"{&quot;aperture&quot;:&quot;0&quot;,&quot;credit&quot;:&quot;&quot;,&quot;camera&quot;:&quot;&quot;,&quot;caption&quot;:&quot;&quot;,&quot;created_timestamp&quot;:&quot;0&quot;,&quot;copyright&quot;:&quot;&quot;,&quot;focal_length&quot;:&quot;0&quot;,&quot;iso&quot;:&quot;0&quot;,&quot;shutter_speed&quot;:&quot;0&quot;,&quot;title&quot;:&quot;&quot;,&quot;orientation&quot;:&quot;0&quot;}\" data-image-title=\"Messi e James Rodriguez, respeito\" data-image-description=\"\" data-image-caption=\"&lt;p&gt;foto: Conmebol oficial&lt;\/p&gt;\n\" data-large-file=\"https:\/\/i0.wp.com\/blogdoprosperi.com\/wp-content\/uploads\/2024\/07\/gsfg2_txkaahu4j.jpeg?fit=819%2C1024&amp;ssl=1\" data-id=\"44104\" class=\"wp-image-44104\" src=\"https:\/\/i0.wp.com\/blogdoprosperi.com\/wp-content\/uploads\/2024\/07\/gsfg2_txkaahu4j.jpeg?resize=940%2C1175&#038;ssl=1\" alt=\"\" \/>\r\n<figcaption class=\"wp-element-caption\">Obrigado, Messi. Obrigado, James \u2013 foto: Conmebol oficial<\/figcaption>\r\n<\/figure>\r\n\r\n\r\n\r\n<figure class=\"wp-block-image size-large\"><img data-recalc-dims=\"1\" loading=\"lazy\" decoding=\"async\" width=\"940\" height=\"1175\" data-attachment-id=\"44114\" data-permalink=\"https:\/\/blogdoprosperi.com\/?attachment_id=44114\" data-orig-file=\"https:\/\/i0.wp.com\/blogdoprosperi.com\/wp-content\/uploads\/2024\/07\/gsgboasxyaafzc5.jpeg?fit=960%2C1200&amp;ssl=1\" data-orig-size=\"960,1200\" data-comments-opened=\"1\" data-image-meta=\"{&quot;aperture&quot;:&quot;0&quot;,&quot;credit&quot;:&quot;&quot;,&quot;camera&quot;:&quot;&quot;,&quot;caption&quot;:&quot;&quot;,&quot;created_timestamp&quot;:&quot;0&quot;,&quot;copyright&quot;:&quot;&quot;,&quot;focal_length&quot;:&quot;0&quot;,&quot;iso&quot;:&quot;0&quot;,&quot;shutter_speed&quot;:&quot;0&quot;,&quot;title&quot;:&quot;&quot;,&quot;orientation&quot;:&quot;0&quot;}\" data-image-title=\"Campe\u00f5es da Copa America 2024\" data-image-description=\"\" data-image-caption=\"&lt;p&gt;Campe\u00f5es da Copa Am\u00e9rica 2024 \u2013 foto: Conmebol oficial&lt;\/p&gt;\n\" data-large-file=\"https:\/\/i0.wp.com\/blogdoprosperi.com\/wp-content\/uploads\/2024\/07\/gsgboasxyaafzc5.jpeg?fit=819%2C1024&amp;ssl=1\" data-id=\"44114\" class=\"wp-image-44114\" src=\"https:\/\/i0.wp.com\/blogdoprosperi.com\/wp-content\/uploads\/2024\/07\/gsgboasxyaafzc5.jpeg?resize=940%2C1175&#038;ssl=1\" alt=\"Argentina bicampe\u00e3 da Copa Am\u00e9rica\" \/>\r\n<figcaption class=\"wp-element-caption\">Campe\u00f5es da Copa Am\u00e9rica 2024 \u2013 foto: Conmebol oficial<\/figcaption>\r\n<\/figure>\r\n\r\n\r\n\r\n<figure class=\"wp-block-image size-large\"><img data-recalc-dims=\"1\" loading=\"lazy\" decoding=\"async\" width=\"940\" height=\"940\" data-attachment-id=\"44101\" data-permalink=\"https:\/\/blogdoprosperi.com\/?attachment_id=44101\" data-orig-file=\"https:\/\/i0.wp.com\/blogdoprosperi.com\/wp-content\/uploads\/2024\/07\/gsf5mehwqaa0eo-.jpeg?fit=1200%2C1200&amp;ssl=1\" data-orig-size=\"1200,1200\" data-comments-opened=\"1\" data-image-meta=\"{&quot;aperture&quot;:&quot;0&quot;,&quot;credit&quot;:&quot;&quot;,&quot;camera&quot;:&quot;&quot;,&quot;caption&quot;:&quot;&quot;,&quot;created_timestamp&quot;:&quot;0&quot;,&quot;copyright&quot;:&quot;&quot;,&quot;focal_length&quot;:&quot;0&quot;,&quot;iso&quot;:&quot;0&quot;,&quot;shutter_speed&quot;:&quot;0&quot;,&quot;title&quot;:&quot;&quot;,&quot;orientation&quot;:&quot;0&quot;}\" data-image-title=\"Messi tem bola no tornozelo\" data-image-description=\"\" data-image-caption=\"&lt;p&gt;Tornozelo de Messi \u2013 foto: Twitter Ol\u00e9&lt;\/p&gt;\n\" data-large-file=\"https:\/\/i0.wp.com\/blogdoprosperi.com\/wp-content\/uploads\/2024\/07\/gsf5mehwqaa0eo-.jpeg?fit=940%2C940&amp;ssl=1\" data-id=\"44101\" class=\"wp-image-44101\" src=\"https:\/\/i0.wp.com\/blogdoprosperi.com\/wp-content\/uploads\/2024\/07\/gsf5mehwqaa0eo-.jpeg?resize=940%2C940&#038;ssl=1\" alt=\"Tornozelo bola de Messi\" \/>\r\n<figcaption class=\"wp-element-caption\">Tornozelo de Messi \u2013 foto: Twitter Ol\u00e9<\/figcaption>\r\n<\/figure>\r\n\r\n\r\n\r\n<figure class=\"wp-block-image size-large\"><img data-recalc-dims=\"1\" loading=\"lazy\" decoding=\"async\" width=\"940\" height=\"940\" data-attachment-id=\"44102\" data-permalink=\"https:\/\/blogdoprosperi.com\/?attachment_id=44102\" data-orig-file=\"https:\/\/i0.wp.com\/blogdoprosperi.com\/wp-content\/uploads\/2024\/07\/gsfxjeywmaaqy3u.jpeg?fit=1200%2C1200&amp;ssl=1\" data-orig-size=\"1200,1200\" data-comments-opened=\"1\" data-image-meta=\"{&quot;aperture&quot;:&quot;0&quot;,&quot;credit&quot;:&quot;&quot;,&quot;camera&quot;:&quot;&quot;,&quot;caption&quot;:&quot;&quot;,&quot;created_timestamp&quot;:&quot;0&quot;,&quot;copyright&quot;:&quot;&quot;,&quot;focal_length&quot;:&quot;0&quot;,&quot;iso&quot;:&quot;0&quot;,&quot;shutter_speed&quot;:&quot;0&quot;,&quot;title&quot;:&quot;&quot;,&quot;orientation&quot;:&quot;0&quot;}\" data-image-title=\"Messi chora na Copa Am\u00e9rica\" data-image-description=\"\" data-image-caption=\"&lt;p&gt;Messi machuca tornozelo e sai chorando da final \u2013 foto: Twitter Ol\u00e9&lt;\/p&gt;\n\" data-large-file=\"https:\/\/i0.wp.com\/blogdoprosperi.com\/wp-content\/uploads\/2024\/07\/gsfxjeywmaaqy3u.jpeg?fit=940%2C940&amp;ssl=1\" data-id=\"44102\" class=\"wp-image-44102\" src=\"https:\/\/i0.wp.com\/blogdoprosperi.com\/wp-content\/uploads\/2024\/07\/gsfxjeywmaaqy3u.jpeg?resize=940%2C940&#038;ssl=1\" alt=\"L\u00e1grimas do craque\" \/>\r\n<figcaption class=\"wp-element-caption\">Messi machuca tornozelo e sai chorando da final \u2013 foto: Twitter Ol\u00e9<\/figcaption>\r\n<\/figure>\r\n<\/figure>\r\n","protected":false},"excerpt":{"rendered":"","protected":false},"author":102107496,"featured_media":44113,"comment_status":"open","ping_status":"open","sticky":false,"template":"","format":"gallery","meta":{"_coblocks_attr":"","_coblocks_dimensions":"","_coblocks_responsive_height":"","_coblocks_accordion_ie_support":"","_jetpack_newsletter_access":"","_jetpack_dont_email_post_to_subs":false,"_jetpack_newsletter_tier_id":0,"_jetpack_memberships_contains_paywalled_content":false,"_wpcom_ai_launchpad_first_post":false,"_jetpack_feature_clip_id":0,"_jetpack_memberships_contains_paid_content":false,"footnotes":"","jetpack_publicize_message":"","jetpack_publicize_feature_enabled":true,"jetpack_social_post_already_shared":false,"jetpack_social_options":{"image_generator_settings":{"template":"highway","default_image_id":0,"font":"","enabled":false},"version":2},"jetpack_post_was_ever_published":false},"categories":[53870],"tags":[789560560],"class_list":["post-44121","post","type-post","status-publish","format-gallery","has-post-thumbnail","hentry","category-futebol","tag-futebol","post_format-post-format-gallery"],"yoast_head":"<!-- This site is optimized with the Yoast SEO plugin v28.4 - https:\/\/yoast.com\/product\/yoast-seo-wordpress\/ -->\n<title>Galeria \u2013 fotos: Copa Am\u00e9rica 2024 - Argentina 1 x 0 Col\u00f4mbia - PR\u00d3SPERI NEWS<\/title>\n<meta name=\"robots\" content=\"index, follow, max-snippet:-1, max-image-preview:large, max-video-preview:-1\" \/>\n<link rel=\"canonical\" href=\"https:\/\/blogdoprosperi.com\/?p=44121\" \/>\n<meta property=\"og:locale\" content=\"pt_BR\" \/>\n<meta property=\"og:type\" content=\"article\" \/>\n<meta property=\"og:title\" content=\"Galeria \u2013 fotos: Copa Am\u00e9rica 2024 - Argentina 1 x 0 Col\u00f4mbia - PR\u00d3SPERI NEWS\" \/>\n<meta property=\"og:url\" content=\"https:\/\/blogdoprosperi.com\/?p=44121\" \/>\n<meta property=\"og:site_name\" content=\"PR\u00d3SPERI NEWS\" \/>\n<meta property=\"article:publisher\" content=\"Luiz Pr\u00f3speri\" \/>\n<meta property=\"article:author\" content=\"Luiz Pr\u00f3speri\" \/>\n<meta property=\"article:published_time\" content=\"2024-07-15T04:42:51+00:00\" \/>\n<meta property=\"article:modified_time\" content=\"2024-07-15T15:16:14+00:00\" \/>\n<meta property=\"og:image\" content=\"https:\/\/i0.wp.com\/blogdoprosperi.com\/wp-content\/uploads\/2024\/07\/gsgcjbnxsaa1k7i.jpeg?fit=960%2C1200&ssl=1\" \/>\n\t<meta property=\"og:image:width\" content=\"960\" \/>\n\t<meta property=\"og:image:height\" content=\"1200\" \/>\n\t<meta property=\"og:image:type\" content=\"image\/jpeg\" \/>\n<meta name=\"author\" content=\"Luiz Ant\u00f4nio Pr\u00f3speri\" \/>\n<meta name=\"twitter:card\" content=\"summary_large_image\" \/>\n<meta name=\"twitter:creator\" content=\"@Luizprosperi\" \/>\n<meta name=\"twitter:site\" content=\"@Luizprosperi\" \/>\n<meta name=\"twitter:label1\" content=\"Escrito por\" \/>\n\t<meta name=\"twitter:data1\" content=\"Luiz Ant\u00f4nio Pr\u00f3speri\" \/>\n\t<meta name=\"twitter:label2\" content=\"Est. tempo de leitura\" \/>\n\t<meta name=\"twitter:data2\" content=\"1 minuto\" \/>\n<script type=\"application\/ld+json\" class=\"yoast-schema-graph\">{\"@context\":\"https:\\\/\\\/schema.org\",\"@graph\":[{\"@type\":\"Article\",\"@id\":\"https:\\\/\\\/blogdoprosperi.com\\\/?p=44121#article\",\"isPartOf\":{\"@id\":\"https:\\\/\\\/blogdoprosperi.com\\\/?p=44121\"},\"author\":{\"name\":\"Luiz Ant\u00f4nio Pr\u00f3speri\",\"@id\":\"https:\\\/\\\/blogdoprosperi.com\\\/#\\\/schema\\\/person\\\/38100755ce3601861ee4fab9b5aa78e9\"},\"headline\":\"Galeria \u2013 fotos: Copa Am\u00e9rica 2024 &#8211; Argentina 1 x 0 Col\u00f4mbia\",\"datePublished\":\"2024-07-15T04:42:51+00:00\",\"dateModified\":\"2024-07-15T15:16:14+00:00\",\"mainEntityOfPage\":{\"@id\":\"https:\\\/\\\/blogdoprosperi.com\\\/?p=44121\"},\"wordCount\":210,\"commentCount\":0,\"publisher\":{\"@id\":\"https:\\\/\\\/blogdoprosperi.com\\\/#\\\/schema\\\/person\\\/38100755ce3601861ee4fab9b5aa78e9\"},\"image\":{\"@id\":\"https:\\\/\\\/blogdoprosperi.com\\\/?p=44121#primaryimage\"},\"thumbnailUrl\":\"https:\\\/\\\/i0.wp.com\\\/blogdoprosperi.com\\\/wp-content\\\/uploads\\\/2024\\\/07\\\/gsgcjbnxsaa1k7i.jpeg?fit=960%2C1200&ssl=1\",\"keywords\":[\"futebol\"],\"articleSection\":[\"futebol\"],\"inLanguage\":\"pt-BR\",\"potentialAction\":[{\"@type\":\"CommentAction\",\"name\":\"Comment\",\"target\":[\"https:\\\/\\\/blogdoprosperi.com\\\/?p=44121#respond\"]}]},{\"@type\":\"WebPage\",\"@id\":\"https:\\\/\\\/blogdoprosperi.com\\\/?p=44121\",\"url\":\"https:\\\/\\\/blogdoprosperi.com\\\/?p=44121\",\"name\":\"Galeria \u2013 fotos: Copa Am\u00e9rica 2024 - Argentina 1 x 0 Col\u00f4mbia - PR\u00d3SPERI NEWS\",\"isPartOf\":{\"@id\":\"https:\\\/\\\/blogdoprosperi.com\\\/#website\"},\"primaryImageOfPage\":{\"@id\":\"https:\\\/\\\/blogdoprosperi.com\\\/?p=44121#primaryimage\"},\"image\":{\"@id\":\"https:\\\/\\\/blogdoprosperi.com\\\/?p=44121#primaryimage\"},\"thumbnailUrl\":\"https:\\\/\\\/i0.wp.com\\\/blogdoprosperi.com\\\/wp-content\\\/uploads\\\/2024\\\/07\\\/gsgcjbnxsaa1k7i.jpeg?fit=960%2C1200&ssl=1\",\"datePublished\":\"2024-07-15T04:42:51+00:00\",\"dateModified\":\"2024-07-15T15:16:14+00:00\",\"breadcrumb\":{\"@id\":\"https:\\\/\\\/blogdoprosperi.com\\\/?p=44121#breadcrumb\"},\"inLanguage\":\"pt-BR\",\"potentialAction\":[{\"@type\":\"ReadAction\",\"target\":[\"https:\\\/\\\/blogdoprosperi.com\\\/?p=44121\"]}]},{\"@type\":\"ImageObject\",\"inLanguage\":\"pt-BR\",\"@id\":\"https:\\\/\\\/blogdoprosperi.com\\\/?p=44121#primaryimage\",\"url\":\"https:\\\/\\\/i0.wp.com\\\/blogdoprosperi.com\\\/wp-content\\\/uploads\\\/2024\\\/07\\\/gsgcjbnxsaa1k7i.jpeg?fit=960%2C1200&ssl=1\",\"contentUrl\":\"https:\\\/\\\/i0.wp.com\\\/blogdoprosperi.com\\\/wp-content\\\/uploads\\\/2024\\\/07\\\/gsgcjbnxsaa1k7i.jpeg?fit=960%2C1200&ssl=1\",\"width\":960,\"height\":1200,\"caption\":\"Lautaro Martinez faz gol do t\u00edtulo \u2013 foto: Conmebol oficial\"},{\"@type\":\"BreadcrumbList\",\"@id\":\"https:\\\/\\\/blogdoprosperi.com\\\/?p=44121#breadcrumb\",\"itemListElement\":[{\"@type\":\"ListItem\",\"position\":1,\"name\":\"In\u00edcio\",\"item\":\"https:\\\/\\\/blogdoprosperi.com\\\/\"},{\"@type\":\"ListItem\",\"position\":2,\"name\":\"Galeria \u2013 fotos: Copa Am\u00e9rica 2024 &#8211; Argentina 1 x 0 Col\u00f4mbia\"}]},{\"@type\":\"WebSite\",\"@id\":\"https:\\\/\\\/blogdoprosperi.com\\\/#website\",\"url\":\"https:\\\/\\\/blogdoprosperi.com\\\/\",\"name\":\"PR\u00d3SPERI NEWS\",\"description\":\"TUDO \u00c9  FUTEBOL\",\"publisher\":{\"@id\":\"https:\\\/\\\/blogdoprosperi.com\\\/#\\\/schema\\\/person\\\/38100755ce3601861ee4fab9b5aa78e9\"},\"alternateName\":\"blogdoprosperi.com\",\"potentialAction\":[{\"@type\":\"SearchAction\",\"target\":{\"@type\":\"EntryPoint\",\"urlTemplate\":\"https:\\\/\\\/blogdoprosperi.com\\\/?s={search_term_string}\"},\"query-input\":{\"@type\":\"PropertyValueSpecification\",\"valueRequired\":true,\"valueName\":\"search_term_string\"}}],\"inLanguage\":\"pt-BR\"},{\"@type\":[\"Person\",\"Organization\"],\"@id\":\"https:\\\/\\\/blogdoprosperi.com\\\/#\\\/schema\\\/person\\\/38100755ce3601861ee4fab9b5aa78e9\",\"name\":\"Luiz Ant\u00f4nio Pr\u00f3speri\",\"pronouns\":\"ele\",\"image\":{\"@type\":\"ImageObject\",\"inLanguage\":\"pt-BR\",\"@id\":\"https:\\\/\\\/i0.wp.com\\\/blogdoprosperi.com\\\/wp-content\\\/uploads\\\/2026\\\/05\\\/cropped-8059e613-6002-42fa-961e-8e275f575d71-2-5.jpg?fit=1360%2C931&ssl=1\",\"url\":\"https:\\\/\\\/i0.wp.com\\\/blogdoprosperi.com\\\/wp-content\\\/uploads\\\/2026\\\/05\\\/cropped-8059e613-6002-42fa-961e-8e275f575d71-2-5.jpg?fit=1360%2C931&ssl=1\",\"contentUrl\":\"https:\\\/\\\/i0.wp.com\\\/blogdoprosperi.com\\\/wp-content\\\/uploads\\\/2026\\\/05\\\/cropped-8059e613-6002-42fa-961e-8e275f575d71-2-5.jpg?fit=1360%2C931&ssl=1\",\"width\":1360,\"height\":931,\"caption\":\"Luiz Ant\u00f4nio Pr\u00f3speri\"},\"logo\":{\"@id\":\"https:\\\/\\\/i0.wp.com\\\/blogdoprosperi.com\\\/wp-content\\\/uploads\\\/2026\\\/05\\\/cropped-8059e613-6002-42fa-961e-8e275f575d71-2-5.jpg?fit=1360%2C931&ssl=1\"},\"description\":\"Jornalista com carreira dedicada ao esporte. Cobriu 9 Copas do Mundo in loco, 1990 na It\u00e1lia, 1994 nos EUA, 1998 na Fran\u00e7a, 2002 na Coreia do Sul e Jap\u00e3o, 2006 na Alemanha, 2010 na \u00c1frica do Sul, 2014 no Brasil, 2018 na R\u00fassia e 2022 no Qatar. Eurocopas, 1992 na Su\u00e9cia e 1996 na Inglaterra. Copa das Confedera\u00e7\u00f5es de 2005 na Alemanha e 2009 na \u00c1frica do Sul. Rep\u00f3rter e Editor, trabalhou no Jornal da Tarde e Estad\u00e3o, de 1984 a fevereiro de 2016. Colunista, blogueiro. E comentarista de futebol na R\u00e1dio Estad\u00e3o, de 2013 a fevereiro de 2016. Jornalista respons\u00e1vel do \\\"Pr\u00f3speri News\\\" (blogdoprosperi.com).\",\"sameAs\":[\"http:\\\/\\\/blogdoprosperi.com\",\"Luiz Pr\u00f3speri\",\"@luiz_prosperi\",\"https:\\\/\\\/x.com\\\/Luizprosperi\",\"@prosperinacopa\",\"luiz.prosperi@icloud.com\"],\"url\":\"https:\\\/\\\/blogdoprosperi.com\\\/?author=102107496\"}]}<\/script>\n<!-- \/ Yoast SEO plugin. -->","yoast_head_json":{"title":"Galeria \u2013 fotos: Copa Am\u00e9rica 2024 - Argentina 1 x 0 Col\u00f4mbia - PR\u00d3SPERI NEWS","robots":{"index":"index","follow":"follow","max-snippet":"max-snippet:-1","max-image-preview":"max-image-preview:large","max-video-preview":"max-video-preview:-1"},"canonical":"https:\/\/blogdoprosperi.com\/?p=44121","og_locale":"pt_BR","og_type":"article","og_title":"Galeria \u2013 fotos: Copa Am\u00e9rica 2024 - Argentina 1 x 0 Col\u00f4mbia - PR\u00d3SPERI NEWS","og_url":"https:\/\/blogdoprosperi.com\/?p=44121","og_site_name":"PR\u00d3SPERI NEWS","article_publisher":"Luiz Pr\u00f3speri","article_author":"Luiz Pr\u00f3speri","article_published_time":"2024-07-15T04:42:51+00:00","article_modified_time":"2024-07-15T15:16:14+00:00","og_image":[{"width":960,"height":1200,"url":"https:\/\/i0.wp.com\/blogdoprosperi.com\/wp-content\/uploads\/2024\/07\/gsgcjbnxsaa1k7i.jpeg?fit=960%2C1200&ssl=1","type":"image\/jpeg"}],"author":"Luiz Ant\u00f4nio Pr\u00f3speri","twitter_card":"summary_large_image","twitter_creator":"@Luizprosperi","twitter_site":"@Luizprosperi","twitter_misc":{"Escrito por":"Luiz Ant\u00f4nio Pr\u00f3speri","Est. tempo de leitura":"1 minuto"},"schema":{"@context":"https:\/\/schema.org","@graph":[{"@type":"Article","@id":"https:\/\/blogdoprosperi.com\/?p=44121#article","isPartOf":{"@id":"https:\/\/blogdoprosperi.com\/?p=44121"},"author":{"name":"Luiz Ant\u00f4nio Pr\u00f3speri","@id":"https:\/\/blogdoprosperi.com\/#\/schema\/person\/38100755ce3601861ee4fab9b5aa78e9"},"headline":"Galeria \u2013 fotos: Copa Am\u00e9rica 2024 &#8211; Argentina 1 x 0 Col\u00f4mbia","datePublished":"2024-07-15T04:42:51+00:00","dateModified":"2024-07-15T15:16:14+00:00","mainEntityOfPage":{"@id":"https:\/\/blogdoprosperi.com\/?p=44121"},"wordCount":210,"commentCount":0,"publisher":{"@id":"https:\/\/blogdoprosperi.com\/#\/schema\/person\/38100755ce3601861ee4fab9b5aa78e9"},"image":{"@id":"https:\/\/blogdoprosperi.com\/?p=44121#primaryimage"},"thumbnailUrl":"https:\/\/i0.wp.com\/blogdoprosperi.com\/wp-content\/uploads\/2024\/07\/gsgcjbnxsaa1k7i.jpeg?fit=960%2C1200&ssl=1","keywords":["futebol"],"articleSection":["futebol"],"inLanguage":"pt-BR","potentialAction":[{"@type":"CommentAction","name":"Comment","target":["https:\/\/blogdoprosperi.com\/?p=44121#respond"]}]},{"@type":"WebPage","@id":"https:\/\/blogdoprosperi.com\/?p=44121","url":"https:\/\/blogdoprosperi.com\/?p=44121","name":"Galeria \u2013 fotos: Copa Am\u00e9rica 2024 - Argentina 1 x 0 Col\u00f4mbia - PR\u00d3SPERI NEWS","isPartOf":{"@id":"https:\/\/blogdoprosperi.com\/#website"},"primaryImageOfPage":{"@id":"https:\/\/blogdoprosperi.com\/?p=44121#primaryimage"},"image":{"@id":"https:\/\/blogdoprosperi.com\/?p=44121#primaryimage"},"thumbnailUrl":"https:\/\/i0.wp.com\/blogdoprosperi.com\/wp-content\/uploads\/2024\/07\/gsgcjbnxsaa1k7i.jpeg?fit=960%2C1200&ssl=1","datePublished":"2024-07-15T04:42:51+00:00","dateModified":"2024-07-15T15:16:14+00:00","breadcrumb":{"@id":"https:\/\/blogdoprosperi.com\/?p=44121#breadcrumb"},"inLanguage":"pt-BR","potentialAction":[{"@type":"ReadAction","target":["https:\/\/blogdoprosperi.com\/?p=44121"]}]},{"@type":"ImageObject","inLanguage":"pt-BR","@id":"https:\/\/blogdoprosperi.com\/?p=44121#primaryimage","url":"https:\/\/i0.wp.com\/blogdoprosperi.com\/wp-content\/uploads\/2024\/07\/gsgcjbnxsaa1k7i.jpeg?fit=960%2C1200&ssl=1","contentUrl":"https:\/\/i0.wp.com\/blogdoprosperi.com\/wp-content\/uploads\/2024\/07\/gsgcjbnxsaa1k7i.jpeg?fit=960%2C1200&ssl=1","width":960,"height":1200,"caption":"Lautaro Martinez faz gol do t\u00edtulo \u2013 foto: Conmebol oficial"},{"@type":"BreadcrumbList","@id":"https:\/\/blogdoprosperi.com\/?p=44121#breadcrumb","itemListElement":[{"@type":"ListItem","position":1,"name":"In\u00edcio","item":"https:\/\/blogdoprosperi.com\/"},{"@type":"ListItem","position":2,"name":"Galeria \u2013 fotos: Copa Am\u00e9rica 2024 &#8211; Argentina 1 x 0 Col\u00f4mbia"}]},{"@type":"WebSite","@id":"https:\/\/blogdoprosperi.com\/#website","url":"https:\/\/blogdoprosperi.com\/","name":"PR\u00d3SPERI NEWS","description":"TUDO \u00c9  FUTEBOL","publisher":{"@id":"https:\/\/blogdoprosperi.com\/#\/schema\/person\/38100755ce3601861ee4fab9b5aa78e9"},"alternateName":"blogdoprosperi.com","potentialAction":[{"@type":"SearchAction","target":{"@type":"EntryPoint","urlTemplate":"https:\/\/blogdoprosperi.com\/?s={search_term_string}"},"query-input":{"@type":"PropertyValueSpecification","valueRequired":true,"valueName":"search_term_string"}}],"inLanguage":"pt-BR"},{"@type":["Person","Organization"],"@id":"https:\/\/blogdoprosperi.com\/#\/schema\/person\/38100755ce3601861ee4fab9b5aa78e9","name":"Luiz Ant\u00f4nio Pr\u00f3speri","pronouns":"ele","image":{"@type":"ImageObject","inLanguage":"pt-BR","@id":"https:\/\/i0.wp.com\/blogdoprosperi.com\/wp-content\/uploads\/2026\/05\/cropped-8059e613-6002-42fa-961e-8e275f575d71-2-5.jpg?fit=1360%2C931&ssl=1","url":"https:\/\/i0.wp.com\/blogdoprosperi.com\/wp-content\/uploads\/2026\/05\/cropped-8059e613-6002-42fa-961e-8e275f575d71-2-5.jpg?fit=1360%2C931&ssl=1","contentUrl":"https:\/\/i0.wp.com\/blogdoprosperi.com\/wp-content\/uploads\/2026\/05\/cropped-8059e613-6002-42fa-961e-8e275f575d71-2-5.jpg?fit=1360%2C931&ssl=1","width":1360,"height":931,"caption":"Luiz Ant\u00f4nio Pr\u00f3speri"},"logo":{"@id":"https:\/\/i0.wp.com\/blogdoprosperi.com\/wp-content\/uploads\/2026\/05\/cropped-8059e613-6002-42fa-961e-8e275f575d71-2-5.jpg?fit=1360%2C931&ssl=1"},"description":"Jornalista com carreira dedicada ao esporte. Cobriu 9 Copas do Mundo in loco, 1990 na It\u00e1lia, 1994 nos EUA, 1998 na Fran\u00e7a, 2002 na Coreia do Sul e Jap\u00e3o, 2006 na Alemanha, 2010 na \u00c1frica do Sul, 2014 no Brasil, 2018 na R\u00fassia e 2022 no Qatar. Eurocopas, 1992 na Su\u00e9cia e 1996 na Inglaterra. Copa das Confedera\u00e7\u00f5es de 2005 na Alemanha e 2009 na \u00c1frica do Sul. Rep\u00f3rter e Editor, trabalhou no Jornal da Tarde e Estad\u00e3o, de 1984 a fevereiro de 2016. Colunista, blogueiro. E comentarista de futebol na R\u00e1dio Estad\u00e3o, de 2013 a fevereiro de 2016. Jornalista respons\u00e1vel do \"Pr\u00f3speri News\" (blogdoprosperi.com).","sameAs":["http:\/\/blogdoprosperi.com","Luiz Pr\u00f3speri","@luiz_prosperi","https:\/\/x.com\/Luizprosperi","@prosperinacopa","luiz.prosperi@icloud.com"],"url":"https:\/\/blogdoprosperi.com\/?author=102107496"}]}},"jetpack_publicize_connections":[],"jetpack_likes_enabled":false,"jetpack_sharing_enabled":true,"jetpack_shortlink":"https:\/\/wp.me\/p7jvdk-btD","jetpack-related-posts":[{"id":61565,"url":"https:\/\/blogdoprosperi.com\/?p=61565","url_meta":{"origin":44121,"position":0},"title":"Copa do Mundo \u00e0 venda (epis\u00f3dio 2): CBF e Conmebol permanecem caladas","author":"Luiz Ant\u00f4nio Pr\u00f3speri","date":"31 de julho de 2026","format":false,"excerpt":"Assim como a Conmebol, as federa\u00e7\u00f5es brasileira (CBF) e argentina (AFA) tamb\u00e9m se mantiveram distantes da pol\u00eamica. Acompanhe o #epis\u00f3dio2:\u00a0 Andr\u00e9s Burgo, do El Pa\u00eds em Buenos Aires \u2013 31 julho 2026 A partir de sua sede em Assun\u00e7\u00e3o, capital do Paraguai, a dire\u00e7\u00e3o da Confedera\u00e7\u00e3o Sul-Americana de Futebol (Conmebol)\u2026","rel":"","context":"Em &quot;futebol&quot;","block_context":{"text":"futebol","link":"https:\/\/blogdoprosperi.com\/?cat=53870"},"img":{"alt_text":"","src":"https:\/\/i0.wp.com\/blogdoprosperi.com\/wp-content\/uploads\/2026\/07\/Captura-de-Tela-2026-07-31-as-15.55.32.png?fit=1132%2C770&ssl=1&resize=350%2C200","width":350,"height":200,"srcset":"https:\/\/i0.wp.com\/blogdoprosperi.com\/wp-content\/uploads\/2026\/07\/Captura-de-Tela-2026-07-31-as-15.55.32.png?fit=1132%2C770&ssl=1&resize=350%2C200 1x, https:\/\/i0.wp.com\/blogdoprosperi.com\/wp-content\/uploads\/2026\/07\/Captura-de-Tela-2026-07-31-as-15.55.32.png?fit=1132%2C770&ssl=1&resize=525%2C300 1.5x, https:\/\/i0.wp.com\/blogdoprosperi.com\/wp-content\/uploads\/2026\/07\/Captura-de-Tela-2026-07-31-as-15.55.32.png?fit=1132%2C770&ssl=1&resize=700%2C400 2x, https:\/\/i0.wp.com\/blogdoprosperi.com\/wp-content\/uploads\/2026\/07\/Captura-de-Tela-2026-07-31-as-15.55.32.png?fit=1132%2C770&ssl=1&resize=1050%2C600 3x"},"classes":[]},{"id":38658,"url":"https:\/\/blogdoprosperi.com\/?p=38658","url_meta":{"origin":44121,"position":1},"title":"Messi desafia Neymar na Copa &#8220;Covid&#8221; Am\u00e9rica 2021","author":"Luiz Ant\u00f4nio Pr\u00f3speri","date":"29 de junho de 2021","format":false,"excerpt":"Lionel Messi n\u00e3o est\u00e1 disposto a ver recital solo de Neymar na Copa Covid Am\u00e9rica 2021","rel":"","context":"Em &quot;futebol&quot;","block_context":{"text":"futebol","link":"https:\/\/blogdoprosperi.com\/?cat=53870"},"img":{"alt_text":"Neymar e Messi","src":"https:\/\/i0.wp.com\/blogdoprosperi.com\/wp-content\/uploads\/2021\/06\/captura-de-tela-2021-06-29-as-17.07.14.png?fit=1200%2C674&ssl=1&resize=350%2C200","width":350,"height":200,"srcset":"https:\/\/i0.wp.com\/blogdoprosperi.com\/wp-content\/uploads\/2021\/06\/captura-de-tela-2021-06-29-as-17.07.14.png?fit=1200%2C674&ssl=1&resize=350%2C200 1x, https:\/\/i0.wp.com\/blogdoprosperi.com\/wp-content\/uploads\/2021\/06\/captura-de-tela-2021-06-29-as-17.07.14.png?fit=1200%2C674&ssl=1&resize=525%2C300 1.5x, https:\/\/i0.wp.com\/blogdoprosperi.com\/wp-content\/uploads\/2021\/06\/captura-de-tela-2021-06-29-as-17.07.14.png?fit=1200%2C674&ssl=1&resize=700%2C400 2x, https:\/\/i0.wp.com\/blogdoprosperi.com\/wp-content\/uploads\/2021\/06\/captura-de-tela-2021-06-29-as-17.07.14.png?fit=1200%2C674&ssl=1&resize=1050%2C600 3x"},"classes":[]},{"id":43868,"url":"https:\/\/blogdoprosperi.com\/?p=43868","url_meta":{"origin":44121,"position":2},"title":"Galeria \u2013 Copa Am\u00e9rica 2024: Col\u00f4mbia 1 x 0 Uruguai","author":"Luiz Ant\u00f4nio Pr\u00f3speri","date":"10 de julho de 2024","format":"gallery","excerpt":"Momentos da vit\u00f3ria da Col\u00f4mbia contra Uruguai na semi da Copa Am\u00e9rica \u2013 fotos; Conmebol oficial","rel":"","context":"Em &quot;futebol&quot;","block_context":{"text":"futebol","link":"https:\/\/blogdoprosperi.com\/?cat=53870"},"img":{"alt_text":"","src":"https:\/\/i0.wp.com\/blogdoprosperi.com\/wp-content\/uploads\/2024\/07\/gsk92t3xyaafuke.jpeg?fit=960%2C1200&ssl=1&resize=350%2C200","width":350,"height":200,"srcset":"https:\/\/i0.wp.com\/blogdoprosperi.com\/wp-content\/uploads\/2024\/07\/gsk92t3xyaafuke.jpeg?fit=960%2C1200&ssl=1&resize=350%2C200 1x, https:\/\/i0.wp.com\/blogdoprosperi.com\/wp-content\/uploads\/2024\/07\/gsk92t3xyaafuke.jpeg?fit=960%2C1200&ssl=1&resize=525%2C300 1.5x, https:\/\/i0.wp.com\/blogdoprosperi.com\/wp-content\/uploads\/2024\/07\/gsk92t3xyaafuke.jpeg?fit=960%2C1200&ssl=1&resize=700%2C400 2x"},"classes":[]},{"id":35890,"url":"https:\/\/blogdoprosperi.com\/?p=35890","url_meta":{"origin":44121,"position":3},"title":"CBF se omite e Palmeiras \u00e9 castigado pela Conmebol na Copa Libertadores","author":"Luiz Ant\u00f4nio Pr\u00f3speri","date":"20 de maio de 2017","format":false,"excerpt":"CBF n\u00e3o defendeu o Palmeiras no Comit\u00ea Disciplinar da Confedera\u00e7\u00e3o Sul-Americana de Futebol (Conmebol) e o clube paulista sofreu uma puni\u00e7\u00e3o mais pesada que o Pe\u00f1arol nos incidentes da batalha campal em Montevid\u00e9u. A senten\u00e7a determina que o Palmeiras n\u00e3o poder\u00e1 contar com seus torcedores em tr\u00eas jogos como visitante\u2026","rel":"","context":"Em &quot;Copa Libertadores&quot;","block_context":{"text":"Copa Libertadores","link":"https:\/\/blogdoprosperi.com\/?cat=270704"},"img":{"alt_text":"","src":"https:\/\/i0.wp.com\/blogdoprosperi.com\/wp-content\/uploads\/2017\/05\/pelea-penarol-palmeiras-copa-libertadores-sf-reuters-3-copia.jpg?fit=1200%2C851&ssl=1&resize=350%2C200","width":350,"height":200,"srcset":"https:\/\/i0.wp.com\/blogdoprosperi.com\/wp-content\/uploads\/2017\/05\/pelea-penarol-palmeiras-copa-libertadores-sf-reuters-3-copia.jpg?fit=1200%2C851&ssl=1&resize=350%2C200 1x, https:\/\/i0.wp.com\/blogdoprosperi.com\/wp-content\/uploads\/2017\/05\/pelea-penarol-palmeiras-copa-libertadores-sf-reuters-3-copia.jpg?fit=1200%2C851&ssl=1&resize=525%2C300 1.5x, https:\/\/i0.wp.com\/blogdoprosperi.com\/wp-content\/uploads\/2017\/05\/pelea-penarol-palmeiras-copa-libertadores-sf-reuters-3-copia.jpg?fit=1200%2C851&ssl=1&resize=700%2C400 2x, https:\/\/i0.wp.com\/blogdoprosperi.com\/wp-content\/uploads\/2017\/05\/pelea-penarol-palmeiras-copa-libertadores-sf-reuters-3-copia.jpg?fit=1200%2C851&ssl=1&resize=1050%2C600 3x"},"classes":[]},{"id":49061,"url":"https:\/\/blogdoprosperi.com\/?p=49061","url_meta":{"origin":44121,"position":4},"title":"Libertadores: Racismo e Xenofobia | Vem A\u00ed a Batalha entre Brasileiros e Vizinhos de Am\u00e9rica do Sul","author":"Luiz Ant\u00f4nio Pr\u00f3speri","date":"19 de mar\u00e7o de 2025","format":false,"excerpt":"O que acontece \u00e9 que eles (os brasileiros) te matam, espancam, fazem o que querem, a\u00ed um torcedor faz gesto racista, o que \u00e9 errado, e vira um drama Presidenta do Palmeiras sugere que clubes brasileiros deixem a Conmebol e se filiem \u00e0 Concacaf Luiz Ant\u00f4nio Pr\u00f3speri \u2013 19 mar\u00e7o\u2026","rel":"","context":"Em &quot;futebol&quot;","block_context":{"text":"futebol","link":"https:\/\/blogdoprosperi.com\/?cat=53870"},"img":{"alt_text":"racismo vs xenofobia no futebol da Am\u00e9rica do Sul","src":"https:\/\/i0.wp.com\/blogdoprosperi.com\/wp-content\/uploads\/2025\/03\/captura-de-tela-2025-03-19-as-11.52.32.png?fit=1200%2C940&ssl=1&resize=350%2C200","width":350,"height":200,"srcset":"https:\/\/i0.wp.com\/blogdoprosperi.com\/wp-content\/uploads\/2025\/03\/captura-de-tela-2025-03-19-as-11.52.32.png?fit=1200%2C940&ssl=1&resize=350%2C200 1x, https:\/\/i0.wp.com\/blogdoprosperi.com\/wp-content\/uploads\/2025\/03\/captura-de-tela-2025-03-19-as-11.52.32.png?fit=1200%2C940&ssl=1&resize=525%2C300 1.5x, https:\/\/i0.wp.com\/blogdoprosperi.com\/wp-content\/uploads\/2025\/03\/captura-de-tela-2025-03-19-as-11.52.32.png?fit=1200%2C940&ssl=1&resize=700%2C400 2x, https:\/\/i0.wp.com\/blogdoprosperi.com\/wp-content\/uploads\/2025\/03\/captura-de-tela-2025-03-19-as-11.52.32.png?fit=1200%2C940&ssl=1&resize=1050%2C600 3x"},"classes":[]},{"id":49186,"url":"https:\/\/blogdoprosperi.com\/?p=49186","url_meta":{"origin":44121,"position":5},"title":"Argentina x Brasil | \u00daltima Chance de a Sele\u00e7\u00e3o Brasileira Mostrar que Est\u00e1 Viva","author":"Luiz Ant\u00f4nio Pr\u00f3speri","date":"25 de mar\u00e7o de 2025","format":false,"excerpt":"Futuro de Dorival Junior na Sele\u00e7\u00e3o em jogo no cl\u00e1ssico dos cl\u00e1ssicos Argentina em busca de consolidar hegemonia dos \u00faltimos seis anos em cima do Brasil Luiz Ant\u00f4nio Pr\u00f3speri \u2013 25 mar\u00e7o (12h15) \u2013 Brasil tem medo da Argentina. Argentina tem medo do Brasil. Sele\u00e7\u00e3o Brasileira n\u00e3o vence em Buenos\u2026","rel":"","context":"Em &quot;futebol&quot;","block_context":{"text":"futebol","link":"https:\/\/blogdoprosperi.com\/?cat=53870"},"img":{"alt_text":"","src":"https:\/\/i0.wp.com\/blogdoprosperi.com\/wp-content\/uploads\/2025\/03\/54406351662_d5fe40a91b_c.jpg?fit=799%2C536&ssl=1&resize=350%2C200","width":350,"height":200,"srcset":"https:\/\/i0.wp.com\/blogdoprosperi.com\/wp-content\/uploads\/2025\/03\/54406351662_d5fe40a91b_c.jpg?fit=799%2C536&ssl=1&resize=350%2C200 1x, https:\/\/i0.wp.com\/blogdoprosperi.com\/wp-content\/uploads\/2025\/03\/54406351662_d5fe40a91b_c.jpg?fit=799%2C536&ssl=1&resize=525%2C300 1.5x, https:\/\/i0.wp.com\/blogdoprosperi.com\/wp-content\/uploads\/2025\/03\/54406351662_d5fe40a91b_c.jpg?fit=799%2C536&ssl=1&resize=700%2C400 2x"},"classes":[]}],"jetpack_featured_media_url":"https:\/\/i0.wp.com\/blogdoprosperi.com\/wp-content\/uploads\/2024\/07\/gsgcjbnxsaa1k7i.jpeg?fit=960%2C1200&ssl=1","_links":{"self":[{"href":"https:\/\/blogdoprosperi.com\/index.php?rest_route=\/wp\/v2\/posts\/44121","targetHints":{"allow":["GET"]}}],"collection":[{"href":"https:\/\/blogdoprosperi.com\/index.php?rest_route=\/wp\/v2\/posts"}],"about":[{"href":"https:\/\/blogdoprosperi.com\/index.php?rest_route=\/wp\/v2\/types\/post"}],"author":[{"embeddable":true,"href":"https:\/\/blogdoprosperi.com\/index.php?rest_route=\/wp\/v2\/users\/102107496"}],"replies":[{"embeddable":true,"href":"https:\/\/blogdoprosperi.com\/index.php?rest_route=%2Fwp%2Fv2%2Fcomments&post=44121"}],"version-history":[{"count":12,"href":"https:\/\/blogdoprosperi.com\/index.php?rest_route=\/wp\/v2\/posts\/44121\/revisions"}],"predecessor-version":[{"id":44159,"href":"https:\/\/blogdoprosperi.com\/index.php?rest_route=\/wp\/v2\/posts\/44121\/revisions\/44159"}],"wp:featuredmedia":[{"embeddable":true,"href":"https:\/\/blogdoprosperi.com\/index.php?rest_route=\/wp\/v2\/media\/44113"}],"wp:attachment":[{"href":"https:\/\/blogdoprosperi.com\/index.php?rest_route=%2Fwp%2Fv2%2Fmedia&parent=44121"}],"wp:term":[{"taxonomy":"category","embeddable":true,"href":"https:\/\/blogdoprosperi.com\/index.php?rest_route=%2Fwp%2Fv2%2Fcategories&post=44121"},{"taxonomy":"post_tag","embeddable":true,"href":"https:\/\/blogdoprosperi.com\/index.php?rest_route=%2Fwp%2Fv2%2Ftags&post=44121"}],"curies":[{"name":"wp","href":"https:\/\/api.w.org\/{rel}","templated":true}]}}