{"id":4413,"date":"2016-05-08T17:33:29","date_gmt":"2016-05-08T17:33:29","guid":{"rendered":"http:\/\/blogdoprosperi.com\/?p=4413"},"modified":"2016-05-08T17:33:29","modified_gmt":"2016-05-08T17:33:29","slug":"real-madrid-adia-festa-do-barcelona-no-campeonato-espanhol","status":"publish","type":"post","link":"https:\/\/blogdoprosperi.com\/?p=4413","title":{"rendered":"Real Madrid adia festa do Barcelona no Campeonato Espanhol"},"content":{"rendered":"<p><img data-recalc-dims=\"1\" loading=\"lazy\" decoding=\"async\" data-attachment-id=\"4483\" data-permalink=\"https:\/\/blogdoprosperi.com\/?attachment_id=4483\" data-orig-file=\"https:\/\/i0.wp.com\/blogdoprosperi.com\/wp-content\/uploads\/2016\/05\/images2.jpeg?fit=319%2C158&amp;ssl=1\" data-orig-size=\"319,158\" data-comments-opened=\"1\" data-image-meta=\"{&quot;aperture&quot;:&quot;0&quot;,&quot;credit&quot;:&quot;&quot;,&quot;camera&quot;:&quot;&quot;,&quot;caption&quot;:&quot;&quot;,&quot;created_timestamp&quot;:&quot;0&quot;,&quot;copyright&quot;:&quot;&quot;,&quot;focal_length&quot;:&quot;0&quot;,&quot;iso&quot;:&quot;0&quot;,&quot;shutter_speed&quot;:&quot;0&quot;,&quot;title&quot;:&quot;&quot;,&quot;orientation&quot;:&quot;0&quot;}\" data-image-title=\"images\" data-image-description=\"\" data-image-caption=\"\" data-large-file=\"https:\/\/i0.wp.com\/blogdoprosperi.com\/wp-content\/uploads\/2016\/05\/images2.jpeg?fit=319%2C158&amp;ssl=1\" class=\"  wp-image-4483 alignright\" src=\"https:\/\/i0.wp.com\/blogdoprosperi.com\/wp-content\/uploads\/2016\/05\/images2.jpeg?resize=361%2C179&#038;ssl=1\" alt=\"images\" width=\"361\" height=\"179\" \/>O Barcelona dos dribles e da solidariedade ressurgiu neste domingo na vit\u00f3ria por 5 a 0 contra o Espa\u00f1ol, no cl\u00e1ssico da Catalunha. Messi, Su\u00e1rez e Neymar combinaram boas jogadas e tiraram os beques do advers\u00e1rio para dan\u00e7ar. O resultado ainda n\u00e3o garante ao Bar\u00e7a o t\u00edtulo do Campeonato Espanhol, a uma rodada do fim da liga.<\/p>\n<p>Nos \u00faltimos quatro jogos no campeonato, o Barcelona marcou 21 gols e n\u00e3o sofreu nenhum. Se for campe\u00e3o domingo, ser\u00e1 o sexto t\u00edtulo em oito anos.<\/p>\n<p>Para ser campe\u00e3o neste domingo, o Atl\u00e9tico de Madrid teria de ser derrotado pelo lanterna Levante (acabou perdendo por 2 a 1). E o Real Madrid n\u00e3o poderia vencer o Valencia &#8211; ganhou por 3 a 2, no sufoco.<\/p>\n<p>Na \u00faltima rodada, no pr\u00f3ximo domingo, basta ao Barcelona a vit\u00f3ria contra o Granada, na rabeira da tabela, para ser o campe\u00e3o, sem se preocupar com o resultado do rival de Madri, que enfrenta o La Coru\u00f1a fora de casa.<\/p>\n<p>Com o Atl\u00e9tico fora da disputa, a conversa ficou entre Bar\u00e7a e Real. E a hist\u00f3ria \u00e9 essa: 88 pontos a 87; 28 vit\u00f3rias a 27; 105 gols marcados a 107; 29 a 32 no saldo de gols.<\/p>\n<p>Enquanto n\u00e3o chega a hora de levantar a ta\u00e7a, vamos voltar ao cl\u00e1ssico (?) contra o Espa\u00f1ol no Camp Nou, com pouco mais de 90 mil torcedores. Desde o in\u00edcio do jogo, o Bar\u00e7a se imp\u00f4s com intensa atividade, escorado nas a\u00e7\u00f5es do trio MSN. Contra os tr\u00eas infernais e mais Iniesta, Rakitic e Daniel Alves rondando sua \u00e1rea, os defensores bateram pesado.<\/p>\n<p><span class=\"alignnone\"><img data-recalc-dims=\"1\" loading=\"lazy\" decoding=\"async\" data-attachment-id=\"4488\" data-permalink=\"https:\/\/blogdoprosperi.com\/?attachment_id=4488\" data-orig-file=\"https:\/\/i0.wp.com\/blogdoprosperi.com\/wp-content\/uploads\/2016\/05\/unknown-12.jpeg?fit=300%2C168&amp;ssl=1\" data-orig-size=\"300,168\" data-comments-opened=\"1\" data-image-meta=\"{&quot;aperture&quot;:&quot;0&quot;,&quot;credit&quot;:&quot;&quot;,&quot;camera&quot;:&quot;&quot;,&quot;caption&quot;:&quot;&quot;,&quot;created_timestamp&quot;:&quot;0&quot;,&quot;copyright&quot;:&quot;&quot;,&quot;focal_length&quot;:&quot;0&quot;,&quot;iso&quot;:&quot;0&quot;,&quot;shutter_speed&quot;:&quot;0&quot;,&quot;title&quot;:&quot;&quot;,&quot;orientation&quot;:&quot;0&quot;}\" data-image-title=\"Unknown-1\" data-image-description=\"\" data-image-caption=\"\" data-large-file=\"https:\/\/i0.wp.com\/blogdoprosperi.com\/wp-content\/uploads\/2016\/05\/unknown-12.jpeg?fit=300%2C168&amp;ssl=1\" class=\"alignnone  wp-image-4488 alignleft\" src=\"https:\/\/i0.wp.com\/blogdoprosperi.com\/wp-content\/uploads\/2016\/05\/unknown-12.jpeg?resize=302%2C169&#038;ssl=1\" alt=\"Unknown-1\" width=\"302\" height=\"169\" \/><\/span>De uma dessas faltas, Messi, com maestria e precis\u00e3o, fez 1 a 0. A cole\u00e7\u00e3o de gols s\u00f3 n\u00e3o aumentou por falta de pontaria dos avantes do Barcelona. Para se ter uma ideia do desespero do Espa\u00f1ol, seus defensores cometeram 14 faltas, a maioria perto da grande \u00e1rea. No ataque deram apenas um chute ao gol Ter Stegen.<\/p>\n<p>No segundo tempo, n\u00e3o deu tempo de o advers\u00e1rio bater mais. Com 7 minutos, Luis Su\u00e1rez, em passe de Messi, fez o segundo gol do Bar\u00e7a. Era o 36.\u00ba gol de Su\u00e1rez, em 37 jogos do Campeonato Espanhol.<\/p>\n<p>Com 2 a 0, o jogo se transformou de uma vez por todas em um recital do time de Luis Enrique. Em Madri, o Real n\u00e3o deixava por menos. Cristiano Ronaldo (2 gols) e Benzema (1) impunham 3 a 1 no Valencia.<\/p>\n<p>A cada gol de Cristiano, Su\u00e1rez respondia na mesma moeda. Aos 15, da cobran\u00e7a de escanteio de Neymar, o uruguaio espetou seu segundo gol &#8211; 37.\u00ba em 37 jogos na liga -, Bar\u00e7a 3 a 0. Rafinha ampliou, em falha do goleiro Pau Lopes. E, enfim, Neymar marcou o seu em passe de Su\u00e1rez, 5 a 0.<\/p>\n<p>Tranquilidade no Camp Nou e tens\u00e3o em Madri com o segundo gol do Valencia. O Atletico j\u00e1 estava fora do p\u00e1reo, com a virada do Levante. No fim, o Real venceu e adiou a festa do Barcelona para a \u00faltima rodada.<\/p>\n<p>Virtual campe\u00e3o espanhol, o Bar\u00e7a precisa de oxig\u00eanio na temporada 2016\/2017. N\u00e3o pode perder Neymar, cobi\u00e7ado por PSG e Manchester City, contratar dois atacantes de peso para a reserva do trio MSN, muito exigido e sem g\u00e1s nos jogos decisivos da Champions League, e mais um zagueiro de nome.<\/p>\n","protected":false},"excerpt":{"rendered":"<p>O Barcelona dos dribles e da solidariedade ressurgiu neste domingo na vit\u00f3ria por 5 a 0 contra o [&hellip;]<\/p>\n","protected":false},"author":102107496,"featured_media":0,"comment_status":"open","ping_status":"open","sticky":false,"template":"","format":"standard","meta":{"_coblocks_attr":"","_coblocks_dimensions":"","_coblocks_responsive_height":"","_coblocks_accordion_ie_support":"","_jetpack_newsletter_access":"","_jetpack_dont_email_post_to_subs":false,"_jetpack_newsletter_tier_id":0,"_jetpack_memberships_contains_paywalled_content":false,"_wpcom_ai_launchpad_first_post":false,"_jetpack_feature_clip_id":0,"_jetpack_memberships_contains_paid_content":false,"footnotes":"","jetpack_publicize_message":"","jetpack_publicize_feature_enabled":true,"jetpack_social_post_already_shared":false,"jetpack_social_options":{"image_generator_settings":{"template":"highway","default_image_id":0,"font":"","enabled":false},"version":2},"jetpack_post_was_ever_published":false},"categories":[53870],"tags":[626745,4104609,224693,789560560,4112146,78820,1955030],"class_list":["post-4413","post","type-post","status-publish","format-standard","hentry","category-futebol","tag-atletico-de-madrid","tag-campeonato-espanhol","tag-fcbarcelona","tag-futebol","tag-neymar","tag-real-madrid","tag-suarez"],"yoast_head":"<!-- This site is optimized with the Yoast SEO plugin v28.4 - https:\/\/yoast.com\/product\/yoast-seo-wordpress\/ -->\n<title>Real Madrid adia festa do Barcelona no Campeonato Espanhol - PR\u00d3SPERI NEWS<\/title>\n<meta name=\"robots\" content=\"index, follow, max-snippet:-1, max-image-preview:large, max-video-preview:-1\" \/>\n<link rel=\"canonical\" href=\"https:\/\/blogdoprosperi.com\/?p=4413\" \/>\n<meta property=\"og:locale\" content=\"pt_BR\" \/>\n<meta property=\"og:type\" content=\"article\" \/>\n<meta property=\"og:title\" content=\"Real Madrid adia festa do Barcelona no Campeonato Espanhol - PR\u00d3SPERI NEWS\" \/>\n<meta property=\"og:description\" content=\"O Barcelona dos dribles e da solidariedade ressurgiu neste domingo na vit\u00f3ria por 5 a 0 contra o [&hellip;]\" \/>\n<meta property=\"og:url\" content=\"https:\/\/blogdoprosperi.com\/?p=4413\" \/>\n<meta property=\"og:site_name\" content=\"PR\u00d3SPERI NEWS\" \/>\n<meta property=\"article:publisher\" content=\"Luiz Pr\u00f3speri\" \/>\n<meta property=\"article:author\" content=\"Luiz Pr\u00f3speri\" \/>\n<meta property=\"article:published_time\" content=\"2016-05-08T17:33:29+00:00\" \/>\n<meta property=\"og:image\" content=\"https:\/\/blogdoprosperi.com\/wp-content\/uploads\/2016\/05\/images2.jpeg\" \/>\n<meta name=\"author\" content=\"Luiz Ant\u00f4nio Pr\u00f3speri\" \/>\n<meta name=\"twitter:card\" content=\"summary_large_image\" \/>\n<meta name=\"twitter:creator\" content=\"@Luizprosperi\" \/>\n<meta name=\"twitter:site\" content=\"@Luizprosperi\" \/>\n<meta name=\"twitter:label1\" content=\"Escrito por\" \/>\n\t<meta name=\"twitter:data1\" content=\"Luiz Ant\u00f4nio Pr\u00f3speri\" \/>\n\t<meta name=\"twitter:label2\" content=\"Est. tempo de leitura\" \/>\n\t<meta name=\"twitter:data2\" content=\"3 minutos\" \/>\n<script type=\"application\/ld+json\" class=\"yoast-schema-graph\">{\"@context\":\"https:\\\/\\\/schema.org\",\"@graph\":[{\"@type\":\"Article\",\"@id\":\"https:\\\/\\\/blogdoprosperi.com\\\/?p=4413#article\",\"isPartOf\":{\"@id\":\"https:\\\/\\\/blogdoprosperi.com\\\/?p=4413\"},\"author\":{\"name\":\"Luiz Ant\u00f4nio Pr\u00f3speri\",\"@id\":\"https:\\\/\\\/blogdoprosperi.com\\\/#\\\/schema\\\/person\\\/38100755ce3601861ee4fab9b5aa78e9\"},\"headline\":\"Real Madrid adia festa do Barcelona no Campeonato Espanhol\",\"datePublished\":\"2016-05-08T17:33:29+00:00\",\"mainEntityOfPage\":{\"@id\":\"https:\\\/\\\/blogdoprosperi.com\\\/?p=4413\"},\"wordCount\":573,\"commentCount\":2,\"publisher\":{\"@id\":\"https:\\\/\\\/blogdoprosperi.com\\\/#\\\/schema\\\/person\\\/38100755ce3601861ee4fab9b5aa78e9\"},\"image\":{\"@id\":\"https:\\\/\\\/blogdoprosperi.com\\\/?p=4413#primaryimage\"},\"thumbnailUrl\":\"https:\\\/\\\/blogdoprosperi.com\\\/wp-content\\\/uploads\\\/2016\\\/05\\\/images2.jpeg\",\"keywords\":[\"Atl\u00e9tico de Madrid\",\"Campeonato Espanhol\",\"FCBarcelona\",\"futebol\",\"Neymar\",\"Real Madrid\",\"Su\u00e1rez\"],\"articleSection\":[\"futebol\"],\"inLanguage\":\"pt-BR\",\"potentialAction\":[{\"@type\":\"CommentAction\",\"name\":\"Comment\",\"target\":[\"https:\\\/\\\/blogdoprosperi.com\\\/?p=4413#respond\"]}]},{\"@type\":\"WebPage\",\"@id\":\"https:\\\/\\\/blogdoprosperi.com\\\/?p=4413\",\"url\":\"https:\\\/\\\/blogdoprosperi.com\\\/?p=4413\",\"name\":\"Real Madrid adia festa do Barcelona no Campeonato Espanhol - PR\u00d3SPERI NEWS\",\"isPartOf\":{\"@id\":\"https:\\\/\\\/blogdoprosperi.com\\\/#website\"},\"primaryImageOfPage\":{\"@id\":\"https:\\\/\\\/blogdoprosperi.com\\\/?p=4413#primaryimage\"},\"image\":{\"@id\":\"https:\\\/\\\/blogdoprosperi.com\\\/?p=4413#primaryimage\"},\"thumbnailUrl\":\"https:\\\/\\\/blogdoprosperi.com\\\/wp-content\\\/uploads\\\/2016\\\/05\\\/images2.jpeg\",\"datePublished\":\"2016-05-08T17:33:29+00:00\",\"breadcrumb\":{\"@id\":\"https:\\\/\\\/blogdoprosperi.com\\\/?p=4413#breadcrumb\"},\"inLanguage\":\"pt-BR\",\"potentialAction\":[{\"@type\":\"ReadAction\",\"target\":[\"https:\\\/\\\/blogdoprosperi.com\\\/?p=4413\"]}]},{\"@type\":\"ImageObject\",\"inLanguage\":\"pt-BR\",\"@id\":\"https:\\\/\\\/blogdoprosperi.com\\\/?p=4413#primaryimage\",\"url\":\"https:\\\/\\\/i0.wp.com\\\/blogdoprosperi.com\\\/wp-content\\\/uploads\\\/2016\\\/05\\\/images2.jpeg?fit=319%2C158&ssl=1\",\"contentUrl\":\"https:\\\/\\\/i0.wp.com\\\/blogdoprosperi.com\\\/wp-content\\\/uploads\\\/2016\\\/05\\\/images2.jpeg?fit=319%2C158&ssl=1\",\"width\":319,\"height\":158},{\"@type\":\"BreadcrumbList\",\"@id\":\"https:\\\/\\\/blogdoprosperi.com\\\/?p=4413#breadcrumb\",\"itemListElement\":[{\"@type\":\"ListItem\",\"position\":1,\"name\":\"In\u00edcio\",\"item\":\"https:\\\/\\\/blogdoprosperi.com\\\/\"},{\"@type\":\"ListItem\",\"position\":2,\"name\":\"Real Madrid adia festa do Barcelona no Campeonato Espanhol\"}]},{\"@type\":\"WebSite\",\"@id\":\"https:\\\/\\\/blogdoprosperi.com\\\/#website\",\"url\":\"https:\\\/\\\/blogdoprosperi.com\\\/\",\"name\":\"PR\u00d3SPERI NEWS\",\"description\":\"TUDO \u00c9  FUTEBOL\",\"publisher\":{\"@id\":\"https:\\\/\\\/blogdoprosperi.com\\\/#\\\/schema\\\/person\\\/38100755ce3601861ee4fab9b5aa78e9\"},\"alternateName\":\"blogdoprosperi.com\",\"potentialAction\":[{\"@type\":\"SearchAction\",\"target\":{\"@type\":\"EntryPoint\",\"urlTemplate\":\"https:\\\/\\\/blogdoprosperi.com\\\/?s={search_term_string}\"},\"query-input\":{\"@type\":\"PropertyValueSpecification\",\"valueRequired\":true,\"valueName\":\"search_term_string\"}}],\"inLanguage\":\"pt-BR\"},{\"@type\":[\"Person\",\"Organization\"],\"@id\":\"https:\\\/\\\/blogdoprosperi.com\\\/#\\\/schema\\\/person\\\/38100755ce3601861ee4fab9b5aa78e9\",\"name\":\"Luiz Ant\u00f4nio Pr\u00f3speri\",\"pronouns\":\"ele\",\"image\":{\"@type\":\"ImageObject\",\"inLanguage\":\"pt-BR\",\"@id\":\"https:\\\/\\\/i0.wp.com\\\/blogdoprosperi.com\\\/wp-content\\\/uploads\\\/2026\\\/05\\\/cropped-8059e613-6002-42fa-961e-8e275f575d71-2-5.jpg?fit=1360%2C931&ssl=1\",\"url\":\"https:\\\/\\\/i0.wp.com\\\/blogdoprosperi.com\\\/wp-content\\\/uploads\\\/2026\\\/05\\\/cropped-8059e613-6002-42fa-961e-8e275f575d71-2-5.jpg?fit=1360%2C931&ssl=1\",\"contentUrl\":\"https:\\\/\\\/i0.wp.com\\\/blogdoprosperi.com\\\/wp-content\\\/uploads\\\/2026\\\/05\\\/cropped-8059e613-6002-42fa-961e-8e275f575d71-2-5.jpg?fit=1360%2C931&ssl=1\",\"width\":1360,\"height\":931,\"caption\":\"Luiz Ant\u00f4nio Pr\u00f3speri\"},\"logo\":{\"@id\":\"https:\\\/\\\/i0.wp.com\\\/blogdoprosperi.com\\\/wp-content\\\/uploads\\\/2026\\\/05\\\/cropped-8059e613-6002-42fa-961e-8e275f575d71-2-5.jpg?fit=1360%2C931&ssl=1\"},\"description\":\"Jornalista com carreira dedicada ao esporte. Cobriu 9 Copas do Mundo in loco, 1990 na It\u00e1lia, 1994 nos EUA, 1998 na Fran\u00e7a, 2002 na Coreia do Sul e Jap\u00e3o, 2006 na Alemanha, 2010 na \u00c1frica do Sul, 2014 no Brasil, 2018 na R\u00fassia e 2022 no Qatar. Eurocopas, 1992 na Su\u00e9cia e 1996 na Inglaterra. Copa das Confedera\u00e7\u00f5es de 2005 na Alemanha e 2009 na \u00c1frica do Sul. Rep\u00f3rter e Editor, trabalhou no Jornal da Tarde e Estad\u00e3o, de 1984 a fevereiro de 2016. Colunista, blogueiro. E comentarista de futebol na R\u00e1dio Estad\u00e3o, de 2013 a fevereiro de 2016. Jornalista respons\u00e1vel do \\\"Pr\u00f3speri News\\\" (blogdoprosperi.com).\",\"sameAs\":[\"http:\\\/\\\/blogdoprosperi.com\",\"Luiz Pr\u00f3speri\",\"@luiz_prosperi\",\"https:\\\/\\\/x.com\\\/Luizprosperi\",\"@prosperinacopa\",\"luiz.prosperi@icloud.com\"],\"url\":\"https:\\\/\\\/blogdoprosperi.com\\\/?author=102107496\"}]}<\/script>\n<!-- \/ Yoast SEO plugin. -->","yoast_head_json":{"title":"Real Madrid adia festa do Barcelona no Campeonato Espanhol - PR\u00d3SPERI NEWS","robots":{"index":"index","follow":"follow","max-snippet":"max-snippet:-1","max-image-preview":"max-image-preview:large","max-video-preview":"max-video-preview:-1"},"canonical":"https:\/\/blogdoprosperi.com\/?p=4413","og_locale":"pt_BR","og_type":"article","og_title":"Real Madrid adia festa do Barcelona no Campeonato Espanhol - PR\u00d3SPERI NEWS","og_description":"O Barcelona dos dribles e da solidariedade ressurgiu neste domingo na vit\u00f3ria por 5 a 0 contra o [&hellip;]","og_url":"https:\/\/blogdoprosperi.com\/?p=4413","og_site_name":"PR\u00d3SPERI NEWS","article_publisher":"Luiz Pr\u00f3speri","article_author":"Luiz Pr\u00f3speri","article_published_time":"2016-05-08T17:33:29+00:00","og_image":[{"url":"https:\/\/blogdoprosperi.com\/wp-content\/uploads\/2016\/05\/images2.jpeg","type":"","width":"","height":""}],"author":"Luiz Ant\u00f4nio Pr\u00f3speri","twitter_card":"summary_large_image","twitter_creator":"@Luizprosperi","twitter_site":"@Luizprosperi","twitter_misc":{"Escrito por":"Luiz Ant\u00f4nio Pr\u00f3speri","Est. tempo de leitura":"3 minutos"},"schema":{"@context":"https:\/\/schema.org","@graph":[{"@type":"Article","@id":"https:\/\/blogdoprosperi.com\/?p=4413#article","isPartOf":{"@id":"https:\/\/blogdoprosperi.com\/?p=4413"},"author":{"name":"Luiz Ant\u00f4nio Pr\u00f3speri","@id":"https:\/\/blogdoprosperi.com\/#\/schema\/person\/38100755ce3601861ee4fab9b5aa78e9"},"headline":"Real Madrid adia festa do Barcelona no Campeonato Espanhol","datePublished":"2016-05-08T17:33:29+00:00","mainEntityOfPage":{"@id":"https:\/\/blogdoprosperi.com\/?p=4413"},"wordCount":573,"commentCount":2,"publisher":{"@id":"https:\/\/blogdoprosperi.com\/#\/schema\/person\/38100755ce3601861ee4fab9b5aa78e9"},"image":{"@id":"https:\/\/blogdoprosperi.com\/?p=4413#primaryimage"},"thumbnailUrl":"https:\/\/blogdoprosperi.com\/wp-content\/uploads\/2016\/05\/images2.jpeg","keywords":["Atl\u00e9tico de Madrid","Campeonato Espanhol","FCBarcelona","futebol","Neymar","Real Madrid","Su\u00e1rez"],"articleSection":["futebol"],"inLanguage":"pt-BR","potentialAction":[{"@type":"CommentAction","name":"Comment","target":["https:\/\/blogdoprosperi.com\/?p=4413#respond"]}]},{"@type":"WebPage","@id":"https:\/\/blogdoprosperi.com\/?p=4413","url":"https:\/\/blogdoprosperi.com\/?p=4413","name":"Real Madrid adia festa do Barcelona no Campeonato Espanhol - PR\u00d3SPERI NEWS","isPartOf":{"@id":"https:\/\/blogdoprosperi.com\/#website"},"primaryImageOfPage":{"@id":"https:\/\/blogdoprosperi.com\/?p=4413#primaryimage"},"image":{"@id":"https:\/\/blogdoprosperi.com\/?p=4413#primaryimage"},"thumbnailUrl":"https:\/\/blogdoprosperi.com\/wp-content\/uploads\/2016\/05\/images2.jpeg","datePublished":"2016-05-08T17:33:29+00:00","breadcrumb":{"@id":"https:\/\/blogdoprosperi.com\/?p=4413#breadcrumb"},"inLanguage":"pt-BR","potentialAction":[{"@type":"ReadAction","target":["https:\/\/blogdoprosperi.com\/?p=4413"]}]},{"@type":"ImageObject","inLanguage":"pt-BR","@id":"https:\/\/blogdoprosperi.com\/?p=4413#primaryimage","url":"https:\/\/i0.wp.com\/blogdoprosperi.com\/wp-content\/uploads\/2016\/05\/images2.jpeg?fit=319%2C158&ssl=1","contentUrl":"https:\/\/i0.wp.com\/blogdoprosperi.com\/wp-content\/uploads\/2016\/05\/images2.jpeg?fit=319%2C158&ssl=1","width":319,"height":158},{"@type":"BreadcrumbList","@id":"https:\/\/blogdoprosperi.com\/?p=4413#breadcrumb","itemListElement":[{"@type":"ListItem","position":1,"name":"In\u00edcio","item":"https:\/\/blogdoprosperi.com\/"},{"@type":"ListItem","position":2,"name":"Real Madrid adia festa do Barcelona no Campeonato Espanhol"}]},{"@type":"WebSite","@id":"https:\/\/blogdoprosperi.com\/#website","url":"https:\/\/blogdoprosperi.com\/","name":"PR\u00d3SPERI NEWS","description":"TUDO \u00c9  FUTEBOL","publisher":{"@id":"https:\/\/blogdoprosperi.com\/#\/schema\/person\/38100755ce3601861ee4fab9b5aa78e9"},"alternateName":"blogdoprosperi.com","potentialAction":[{"@type":"SearchAction","target":{"@type":"EntryPoint","urlTemplate":"https:\/\/blogdoprosperi.com\/?s={search_term_string}"},"query-input":{"@type":"PropertyValueSpecification","valueRequired":true,"valueName":"search_term_string"}}],"inLanguage":"pt-BR"},{"@type":["Person","Organization"],"@id":"https:\/\/blogdoprosperi.com\/#\/schema\/person\/38100755ce3601861ee4fab9b5aa78e9","name":"Luiz Ant\u00f4nio Pr\u00f3speri","pronouns":"ele","image":{"@type":"ImageObject","inLanguage":"pt-BR","@id":"https:\/\/i0.wp.com\/blogdoprosperi.com\/wp-content\/uploads\/2026\/05\/cropped-8059e613-6002-42fa-961e-8e275f575d71-2-5.jpg?fit=1360%2C931&ssl=1","url":"https:\/\/i0.wp.com\/blogdoprosperi.com\/wp-content\/uploads\/2026\/05\/cropped-8059e613-6002-42fa-961e-8e275f575d71-2-5.jpg?fit=1360%2C931&ssl=1","contentUrl":"https:\/\/i0.wp.com\/blogdoprosperi.com\/wp-content\/uploads\/2026\/05\/cropped-8059e613-6002-42fa-961e-8e275f575d71-2-5.jpg?fit=1360%2C931&ssl=1","width":1360,"height":931,"caption":"Luiz Ant\u00f4nio Pr\u00f3speri"},"logo":{"@id":"https:\/\/i0.wp.com\/blogdoprosperi.com\/wp-content\/uploads\/2026\/05\/cropped-8059e613-6002-42fa-961e-8e275f575d71-2-5.jpg?fit=1360%2C931&ssl=1"},"description":"Jornalista com carreira dedicada ao esporte. Cobriu 9 Copas do Mundo in loco, 1990 na It\u00e1lia, 1994 nos EUA, 1998 na Fran\u00e7a, 2002 na Coreia do Sul e Jap\u00e3o, 2006 na Alemanha, 2010 na \u00c1frica do Sul, 2014 no Brasil, 2018 na R\u00fassia e 2022 no Qatar. Eurocopas, 1992 na Su\u00e9cia e 1996 na Inglaterra. Copa das Confedera\u00e7\u00f5es de 2005 na Alemanha e 2009 na \u00c1frica do Sul. Rep\u00f3rter e Editor, trabalhou no Jornal da Tarde e Estad\u00e3o, de 1984 a fevereiro de 2016. Colunista, blogueiro. E comentarista de futebol na R\u00e1dio Estad\u00e3o, de 2013 a fevereiro de 2016. Jornalista respons\u00e1vel do \"Pr\u00f3speri News\" (blogdoprosperi.com).","sameAs":["http:\/\/blogdoprosperi.com","Luiz Pr\u00f3speri","@luiz_prosperi","https:\/\/x.com\/Luizprosperi","@prosperinacopa","luiz.prosperi@icloud.com"],"url":"https:\/\/blogdoprosperi.com\/?author=102107496"}]}},"jetpack_publicize_connections":[],"jetpack_likes_enabled":false,"jetpack_sharing_enabled":true,"jetpack_shortlink":"https:\/\/wp.me\/p7jvdk-19b","jetpack-related-posts":[{"id":4338,"url":"https:\/\/blogdoprosperi.com\/?p=4338","url_meta":{"origin":4413,"position":0},"title":"Cinco an\u00e1lises de futebol para voc\u00ea ler neste domingo (08\/5) ao despertar","author":"Luiz Ant\u00f4nio Pr\u00f3speri","date":"8 de maio de 2016","format":false,"excerpt":"O domingo \u00e9 de decis\u00e3o dos Estaduais. Na Vila Belmiro, o corajoso Osasco Audax desafia o Santos na final do Paulist\u00e3o-2016. Destaque tamb\u00e9m para o Pernambucano com o jogo Sport x Santa Cruz. Na Espanha, o Barcelona pode conquistar o t\u00edtulo da liga no cl\u00e1ssico contra o Espa\u00f1ol. E quem\u2026","rel":"","context":"Em &quot;futebol&quot;","block_context":{"text":"futebol","link":"https:\/\/blogdoprosperi.com\/?cat=53870"},"img":{"alt_text":"","src":"https:\/\/i0.wp.com\/blogdoprosperi.com\/wp-content\/uploads\/2016\/05\/santos_audax-622x356.png?resize=350%2C200&ssl=1","width":350,"height":200,"srcset":"https:\/\/i0.wp.com\/blogdoprosperi.com\/wp-content\/uploads\/2016\/05\/santos_audax-622x356.png?resize=350%2C200&ssl=1 1x, https:\/\/i0.wp.com\/blogdoprosperi.com\/wp-content\/uploads\/2016\/05\/santos_audax-622x356.png?resize=525%2C300&ssl=1 1.5x"},"classes":[]},{"id":2719,"url":"https:\/\/blogdoprosperi.com\/?p=2719","url_meta":{"origin":4413,"position":1},"title":"Barcelona continua soberano no Campeonato Espanhol","author":"Luiz Ant\u00f4nio Pr\u00f3speri","date":"30 de abril de 2016","format":false,"excerpt":"Quando o jogo com o Betis come\u00e7ou, o Barcelona, com 82 pontos, ocupava a terceira coloca\u00e7\u00e3o do Campeonato Espanhol, a duas rodadas do encerramento da temporada. O Atl\u00e9tico era o l\u00edder (85 pontos), ao derrotar a Real Sociedad por 1 a 0 (gol de Griezmann) e o Real Madrid, o\u2026","rel":"","context":"Em &quot;futebol&quot;","block_context":{"text":"futebol","link":"https:\/\/blogdoprosperi.com\/?cat=53870"},"img":{"alt_text":"","src":"https:\/\/i0.wp.com\/blogdoprosperi.com\/wp-content\/uploads\/2016\/04\/luis-suarez-barcelona-eibar-la-liga_187hts71kdj7z15x1acqcvztno.jpg?resize=350%2C200&ssl=1","width":350,"height":200,"srcset":"https:\/\/i0.wp.com\/blogdoprosperi.com\/wp-content\/uploads\/2016\/04\/luis-suarez-barcelona-eibar-la-liga_187hts71kdj7z15x1acqcvztno.jpg?resize=350%2C200&ssl=1 1x, https:\/\/i0.wp.com\/blogdoprosperi.com\/wp-content\/uploads\/2016\/04\/luis-suarez-barcelona-eibar-la-liga_187hts71kdj7z15x1acqcvztno.jpg?resize=525%2C300&ssl=1 1.5x"},"classes":[]},{"id":3839,"url":"https:\/\/blogdoprosperi.com\/?p=3839","url_meta":{"origin":4413,"position":2},"title":"Cinco an\u00e1lises de futebol para voc\u00ea ler neste s\u00e1bado (07\/5) ao despertar","author":"Luiz Ant\u00f4nio Pr\u00f3speri","date":"7 de maio de 2016","format":false,"excerpt":"O s\u00e1bado promete emo\u00e7\u00f5es no futebol internacional. Na \u00a0Alemanha, o Bayern de Munique, depois de cair nas semifinais da Champions League e Guardiola ser contestado, pode conquistar o t\u00edtulo alem\u00e3o. Na Inglaterra tem a entrega da ta\u00e7a e festa ao surpreendente Leicester, campe\u00e3o da temporada 2015\/2016. Na Espanha, a contus\u00e3o\u2026","rel":"","context":"Em &quot;futebol&quot;","block_context":{"text":"futebol","link":"https:\/\/blogdoprosperi.com\/?cat=53870"},"img":{"alt_text":"2352897_w2","src":"https:\/\/i0.wp.com\/blogdoprosperi.com\/wp-content\/uploads\/2016\/04\/2352897_w2.jpg?resize=350%2C200&ssl=1","width":350,"height":200},"classes":[]},{"id":29569,"url":"https:\/\/blogdoprosperi.com\/?p=29569","url_meta":{"origin":4413,"position":3},"title":"Messi restabelece hierarquia do Bar\u00e7a no Campeonato Espanhol","author":"Luiz Ant\u00f4nio Pr\u00f3speri","date":"22 de outubro de 2016","format":false,"excerpt":"Avaliado em R$ 2,6 bilh\u00f5es, tridente Messi-Neymar-Su\u00e1rez se imp\u00f5e ao Valencia Neymar renovou contrato com Barcelona por 12 milh\u00f5es de euros (R$ 41 milh\u00f5es) por ano at\u00e9 2021. Luis Su\u00e1rez \u00e9 o pr\u00f3ximo da fila. Messi j\u00e1 havia renovado. Os tr\u00eas valem o quanto pesam, cerca de R$ 2,6 bilh\u00f5es.\u2026","rel":"","context":"Em &quot;futebol&quot;","block_context":{"text":"futebol","link":"https:\/\/blogdoprosperi.com\/?cat=53870"},"img":{"alt_text":"","src":"https:\/\/i0.wp.com\/blogdoprosperi.com\/wp-content\/uploads\/2016\/10\/5815.jpg?resize=350%2C200&ssl=1","width":350,"height":200,"srcset":"https:\/\/i0.wp.com\/blogdoprosperi.com\/wp-content\/uploads\/2016\/10\/5815.jpg?resize=350%2C200&ssl=1 1x, https:\/\/i0.wp.com\/blogdoprosperi.com\/wp-content\/uploads\/2016\/10\/5815.jpg?resize=525%2C300&ssl=1 1.5x, https:\/\/i0.wp.com\/blogdoprosperi.com\/wp-content\/uploads\/2016\/10\/5815.jpg?resize=700%2C400&ssl=1 2x, https:\/\/i0.wp.com\/blogdoprosperi.com\/wp-content\/uploads\/2016\/10\/5815.jpg?resize=1050%2C600&ssl=1 3x, https:\/\/i0.wp.com\/blogdoprosperi.com\/wp-content\/uploads\/2016\/10\/5815.jpg?resize=1400%2C800&ssl=1 4x"},"classes":[]},{"id":35620,"url":"https:\/\/blogdoprosperi.com\/?p=35620","url_meta":{"origin":4413,"position":4},"title":"Juventus derrete Barcelona e faz Neymar chorar","author":"Luiz Ant\u00f4nio Pr\u00f3speri","date":"20 de abril de 2017","format":false,"excerpt":"O milagre da repeti\u00e7\u00e3o dos gols n\u00e3o se repetiu no Camp Nou. Do outro lado n\u00e3o estava o PSG. Era a Juventus, um time de verdade, a quem o Barcelona teria de vencer por quatro gols de diferen\u00e7a. N\u00e3o deu. Fortalecida com a vit\u00f3ria por 3 a 0 no jogo\u2026","rel":"","context":"Em &quot;futebol&quot;","block_context":{"text":"futebol","link":"https:\/\/blogdoprosperi.com\/?cat=53870"},"img":{"alt_text":"","src":"https:\/\/i0.wp.com\/blogdoprosperi.com\/wp-content\/uploads\/2017\/04\/622_c6cea576-f2ea-3833-a869-440abd742b2b.jpg?fit=622%2C350&ssl=1&resize=350%2C200","width":350,"height":200,"srcset":"https:\/\/i0.wp.com\/blogdoprosperi.com\/wp-content\/uploads\/2017\/04\/622_c6cea576-f2ea-3833-a869-440abd742b2b.jpg?fit=622%2C350&ssl=1&resize=350%2C200 1x, https:\/\/i0.wp.com\/blogdoprosperi.com\/wp-content\/uploads\/2017\/04\/622_c6cea576-f2ea-3833-a869-440abd742b2b.jpg?fit=622%2C350&ssl=1&resize=525%2C300 1.5x"},"classes":[]},{"id":16405,"url":"https:\/\/blogdoprosperi.com\/?p=16405","url_meta":{"origin":4413,"position":5},"title":"Barcelona aperta passo e manda diretor ao Brasil para ver Gabriel, Lucas Lima e Gabriel Jesus","author":"Luiz Ant\u00f4nio Pr\u00f3speri","date":"17 de julho de 2016","format":false,"excerpt":"Barcelona est\u00e1 preocupado com o cerco do Real Madrid a Gabriel Jesus e de outros concorrentes da Europa a Gabriel e Lucas Lima. Por isso, o secret\u00e1rio t\u00e9cnico Robert Fern\u00e1ndez, o homem encarregado de fechar as contrata\u00e7\u00f5es do Bar\u00e7a, esteve neste s\u00e1bado (16\/7) na Vila Belmiro acompanhando a vit\u00f3ria do\u2026","rel":"","context":"Em &quot;futebol&quot;","block_context":{"text":"futebol","link":"https:\/\/blogdoprosperi.com\/?cat=53870"},"img":{"alt_text":"","src":"https:\/\/i0.wp.com\/blogdoprosperi.com\/wp-content\/uploads\/2016\/07\/622_014f1c8a-7c1e-3594-994c-a70a8592ef46.jpg?resize=350%2C200","width":350,"height":200,"srcset":"https:\/\/i0.wp.com\/blogdoprosperi.com\/wp-content\/uploads\/2016\/07\/622_014f1c8a-7c1e-3594-994c-a70a8592ef46.jpg?resize=350%2C200 1x, https:\/\/i0.wp.com\/blogdoprosperi.com\/wp-content\/uploads\/2016\/07\/622_014f1c8a-7c1e-3594-994c-a70a8592ef46.jpg?resize=525%2C300 1.5x"},"classes":[]}],"jetpack_featured_media_url":"","_links":{"self":[{"href":"https:\/\/blogdoprosperi.com\/index.php?rest_route=\/wp\/v2\/posts\/4413","targetHints":{"allow":["GET"]}}],"collection":[{"href":"https:\/\/blogdoprosperi.com\/index.php?rest_route=\/wp\/v2\/posts"}],"about":[{"href":"https:\/\/blogdoprosperi.com\/index.php?rest_route=\/wp\/v2\/types\/post"}],"author":[{"embeddable":true,"href":"https:\/\/blogdoprosperi.com\/index.php?rest_route=\/wp\/v2\/users\/102107496"}],"replies":[{"embeddable":true,"href":"https:\/\/blogdoprosperi.com\/index.php?rest_route=%2Fwp%2Fv2%2Fcomments&post=4413"}],"version-history":[{"count":25,"href":"https:\/\/blogdoprosperi.com\/index.php?rest_route=\/wp\/v2\/posts\/4413\/revisions"}],"predecessor-version":[{"id":4491,"href":"https:\/\/blogdoprosperi.com\/index.php?rest_route=\/wp\/v2\/posts\/4413\/revisions\/4491"}],"wp:attachment":[{"href":"https:\/\/blogdoprosperi.com\/index.php?rest_route=%2Fwp%2Fv2%2Fmedia&parent=4413"}],"wp:term":[{"taxonomy":"category","embeddable":true,"href":"https:\/\/blogdoprosperi.com\/index.php?rest_route=%2Fwp%2Fv2%2Fcategories&post=4413"},{"taxonomy":"post_tag","embeddable":true,"href":"https:\/\/blogdoprosperi.com\/index.php?rest_route=%2Fwp%2Fv2%2Ftags&post=4413"}],"curies":[{"name":"wp","href":"https:\/\/api.w.org\/{rel}","templated":true}]}}