{"id":44190,"date":"2024-07-15T20:14:23","date_gmt":"2024-07-15T23:14:23","guid":{"rendered":"https:\/\/blogdoprosperi.com\/?p=44190"},"modified":"2024-07-15T20:28:20","modified_gmt":"2024-07-15T23:28:20","slug":"brasileirao-2024-reforcos-e-retornos-da-copa-america-mudam-rumo-do-campeonato","status":"publish","type":"post","link":"https:\/\/blogdoprosperi.com\/?p=44190","title":{"rendered":"Brasileir\u00e3o 2024: refor\u00e7os e retornos da Copa Am\u00e9rica mudam rumo do campeonato"},"content":{"rendered":"<p>Brasileir\u00e3o 2024 come\u00e7a para valer a partir de ter\u00e7a-feira (16\/7), mesmo j\u00e1 avan\u00e7ando na sua 17.a rodada. Enfim, entram em campo os refor\u00e7os liberados na abertura da janela de transfer\u00eancia, dia 10 \u00faltimo, e os que retornam da Copa Am\u00e9rica. Nos tablets, t\u00e9cnicos rabiscam estrat\u00e9gias diversas diante da proximidade das fases de mata-mata da Copa do Brasil e Libertadores. Briga acirrada no topo da tabela e dentes cerrados na corrida contra rebaixamento. \u00c9 para apertar os cintos, o piloto sumiu.<\/p>\n<p>Esque\u00e7a as posi\u00e7\u00f5es dos times na tabela de classifica\u00e7\u00e3o. A tend\u00eancia \u00e9 de muito equil\u00edbrio e dist\u00e2ncias reduzidas entre as grandes for\u00e7as. Palmeiras, Flamengo e Botafogo continuam na dianteira, mas ser\u00e3o perseguidos de perto por Cruzeiro, S\u00e3o Paulo, Bahia, Atl\u00e9tico-MG, Internacional. Sem falar nos que est\u00e3o l\u00e1 embaixo e podem surpreender como Vasco, Fluminense, Corinthians e Gr\u00eamio. A conferir.<\/p>\n<p>Verdadeira sele\u00e7\u00e3o de bons jogadores est\u00e1 liberada. \u00c9 muita gente boa.<\/p>\n<p><strong><em>Veja esse time de novidades:<\/em><\/strong><\/p>\n<p>Cassio (Cruzeiro), Giay (Palmeiras), Lyanco (Atl\u00e9tico-MG), Thiago Silva (Fluminense), Allan (Vasco), Matheus Henrique (Cruzeiro), Almada (Botafogo), Phillippe Coutinho (Vasco), <span><strong><a style=\"color: #0000ff\" href=\"https:\/\/blogdoprosperi.com\/blog\/canalverdejante\/\">Felipe Anderson (Palmeiras),<\/a><\/strong><\/span> Bernard (Atl\u00e9tico-MG), Mauricio (Palmeiras), Wallace (Cruzeiro)<\/p>\n<figure id=\"attachment_44196\" aria-describedby=\"caption-attachment-44196\" style=\"width: 577px\" class=\"wp-caption alignnone\"><img data-recalc-dims=\"1\" loading=\"lazy\" decoding=\"async\" data-attachment-id=\"44196\" data-permalink=\"https:\/\/blogdoprosperi.com\/?attachment_id=44196\" data-orig-file=\"https:\/\/i0.wp.com\/blogdoprosperi.com\/wp-content\/uploads\/2024\/07\/cassio-cruzeiro.webp?fit=1220%2C674&amp;ssl=1\" data-orig-size=\"1220,674\" data-comments-opened=\"1\" data-image-meta=\"{&quot;aperture&quot;:&quot;0&quot;,&quot;credit&quot;:&quot;&quot;,&quot;camera&quot;:&quot;&quot;,&quot;caption&quot;:&quot;&quot;,&quot;created_timestamp&quot;:&quot;0&quot;,&quot;copyright&quot;:&quot;&quot;,&quot;focal_length&quot;:&quot;0&quot;,&quot;iso&quot;:&quot;0&quot;,&quot;shutter_speed&quot;:&quot;0&quot;,&quot;title&quot;:&quot;&quot;,&quot;orientation&quot;:&quot;0&quot;}\" data-image-title=\"Cassio refor\u00e7a Cruzeiro\" data-image-description=\"\" data-image-caption=\"&lt;p&gt;Cassio, ex-Corinthians, fortalece Cruzeiro \u2013 foto: Cruzeiro oficial&lt;\/p&gt;\n\" data-large-file=\"https:\/\/i0.wp.com\/blogdoprosperi.com\/wp-content\/uploads\/2024\/07\/cassio-cruzeiro.webp?fit=940%2C519&amp;ssl=1\" src=\"https:\/\/i0.wp.com\/blogdoprosperi.com\/wp-content\/uploads\/2024\/07\/cassio-cruzeiro.webp?resize=577%2C318&#038;ssl=1\" class=\"wp-image-44196\" alt=\"Tem gigante no Cruzeiro\" width=\"577\" height=\"318\"><figcaption id=\"caption-attachment-44196\" class=\"wp-caption-text\"><em>Cassio, ex-Corinthians, fortalece Cruzeiro \u2013 foto: Cruzeiro oficial<\/em><\/figcaption><\/figure>\n<p><strong><em>E mais os retornos da Copa Am\u00e9rica \u2013alguns j\u00e1 voltaram e defenderam seus clubes na 16.a rodada:<\/em><\/strong><\/p>\n<p><strong>Uruguai<\/strong> devolve Rochet (Internacional), Varela, Vi\u00f1a, De La Cruz e Arrascaeta (Flamengo), Canobbio (Athletico-PR).<\/p>\n<p><strong>Col\u00f4mbia<\/strong> entrega James Rodrigues (S\u00e3o Paulo), Richard Rios (Palmeiras), John Arias (Fluminense), Santiago Arias (Bahia), Borr\u00e9 (Internacional).<\/p>\n<p><strong>Equador<\/strong> repassa Alan Franco (Atl\u00e9tico-MG) Andr\u00e9s Hurtado (Bragantino), F\u00e9lix Torres (Corinthians), Cifuentes (Cruzeiro) e Enner Valencia (Internacional).<\/p>\n<p><strong>Venezuela<\/strong> devolve Savarino, (Botafogo), Wilker \u00c1ngel (Crici\u00fama), Kervin Andrade (Fortaleza), Soteldo (Gr\u00eamio) e Ferraresi (S\u00e3o Paulo).<\/p>\n<figure id=\"attachment_44134\" aria-describedby=\"caption-attachment-44134\" style=\"width: 516px\" class=\"wp-caption alignnone\"><img data-recalc-dims=\"1\" loading=\"lazy\" decoding=\"async\" data-attachment-id=\"44134\" data-permalink=\"https:\/\/blogdoprosperi.com\/?attachment_id=44134\" data-orig-file=\"https:\/\/i0.wp.com\/blogdoprosperi.com\/wp-content\/uploads\/2024\/07\/gsgvjm4waaexr8q.jpeg?fit=960%2C1200&amp;ssl=1\" data-orig-size=\"960,1200\" data-comments-opened=\"1\" data-image-meta=\"{&quot;aperture&quot;:&quot;0&quot;,&quot;credit&quot;:&quot;&quot;,&quot;camera&quot;:&quot;&quot;,&quot;caption&quot;:&quot;&quot;,&quot;created_timestamp&quot;:&quot;0&quot;,&quot;copyright&quot;:&quot;&quot;,&quot;focal_length&quot;:&quot;0&quot;,&quot;iso&quot;:&quot;0&quot;,&quot;shutter_speed&quot;:&quot;0&quot;,&quot;title&quot;:&quot;&quot;,&quot;orientation&quot;:&quot;0&quot;}\" data-image-title=\"James Rodriguez volta ao S\u00e3o Paulo\" data-image-description=\"\" data-image-caption=\"&lt;p&gt;James Rodriguez volta ao S\u00e3o Paulo \u2013 foto: Conmebol oficial&lt;\/p&gt;\n\" data-large-file=\"https:\/\/i0.wp.com\/blogdoprosperi.com\/wp-content\/uploads\/2024\/07\/gsgvjm4waaexr8q.jpeg?fit=819%2C1024&amp;ssl=1\" src=\"https:\/\/i0.wp.com\/blogdoprosperi.com\/wp-content\/uploads\/2024\/07\/gsgvjm4waaexr8q.jpeg?resize=516%2C645&#038;ssl=1\" class=\"wp-image-44134\" alt=\"\" width=\"516\" height=\"645\"><figcaption id=\"caption-attachment-44134\" class=\"wp-caption-text\"><em>James volta ao Tricolor \u2013 foto: Conmebol oficial<\/em><\/figcaption><\/figure>\n<p><strong>Chile<\/strong> entrega Vargas (Atl\u00e9tico-MG) e Pulgar (Flamengo).<\/p>\n<p><strong>Paraguai<\/strong> despacha Gustavo Gomez (Palmeiras), Bobadilla (S\u00e3o Paulo), Romero (Corinthians), Villasanti (Gr\u00eamio).<\/p>\n<p><strong>Sele\u00e7\u00e3o Brasileira<\/strong> ja entregou Bento (Atletico-PR), Arana (Atl\u00e9tico-MG), Rafael (S\u00e3o Paulo).<\/p>\n<p><strong><em>Juntam-se \u00e0s devolu\u00e7\u00f5es da Copa Am\u00e9rica e novos refor\u00e7os, os que ja estavam aqui e se destacam em seus clubes:<\/em><\/strong><\/p>\n<p>Pedro (Flamengo), <strong><a href=\"https:\/\/blogdoprosperi.com\/2024\/07\/12\/palmeiras-botafogo-e-flamengo-candidatos-ao-titulo-mas-so-um-tem-estevao\/\">Estev\u00e3o<\/a><\/strong> (Palmeiras), Matheus Pereira (Cruzeiro), Garro (Corinthians), Calleri (S\u00e3o Paulo), Fernandinho (Atletico-PR), Raphael Veiga (Palmeiras), Everton Ribeiro (Bahia), Lucero (Fortaleza), Paulinho (Atl\u00e9tico-MG).<\/p>\n<p>Tem jogador bom de bola \u00e0 be\u00e7a para revirar o Brasileir\u00e3o 2024 de ponta cabe\u00e7a a partir dessa 17.a rodada.<\/p>\n<figure id=\"attachment_44197\" aria-describedby=\"caption-attachment-44197\" style=\"width: 556px\" class=\"wp-caption alignnone\"><img data-recalc-dims=\"1\" loading=\"lazy\" decoding=\"async\" data-attachment-id=\"44197\" data-permalink=\"https:\/\/blogdoprosperi.com\/?attachment_id=44197\" data-orig-file=\"https:\/\/i0.wp.com\/blogdoprosperi.com\/wp-content\/uploads\/2024\/07\/philippe-coutinho-apresentacao-vasco-e1720987989737.webp?fit=1220%2C674&amp;ssl=1\" data-orig-size=\"1220,674\" data-comments-opened=\"1\" data-image-meta=\"{&quot;aperture&quot;:&quot;0&quot;,&quot;credit&quot;:&quot;&quot;,&quot;camera&quot;:&quot;&quot;,&quot;caption&quot;:&quot;&quot;,&quot;created_timestamp&quot;:&quot;0&quot;,&quot;copyright&quot;:&quot;&quot;,&quot;focal_length&quot;:&quot;0&quot;,&quot;iso&quot;:&quot;0&quot;,&quot;shutter_speed&quot;:&quot;0&quot;,&quot;title&quot;:&quot;&quot;,&quot;orientation&quot;:&quot;0&quot;}\" data-image-title=\"Philippe Coutinho refor\u00e7a Vasco\" data-image-description=\"\" data-image-caption=\"&lt;p&gt;Coutinho pronto para estrear no Vasco \u2013 foto: Vasco oficial&lt;\/p&gt;\n\" data-large-file=\"https:\/\/i0.wp.com\/blogdoprosperi.com\/wp-content\/uploads\/2024\/07\/philippe-coutinho-apresentacao-vasco-e1720987989737.webp?fit=940%2C519&amp;ssl=1\" src=\"https:\/\/i0.wp.com\/blogdoprosperi.com\/wp-content\/uploads\/2024\/07\/philippe-coutinho-apresentacao-vasco-e1720987989737.webp?resize=556%2C307&#038;ssl=1\" class=\"wp-image-44197\" alt=\"Vasco mais forte\" width=\"556\" height=\"307\"><figcaption id=\"caption-attachment-44197\" class=\"wp-caption-text\"><em>Coutinho pronto para estrear \u2013 foto: Vasco oficial<\/em><\/figcaption><\/figure>\n<p>Clubes que brigam na parte de cima da tabela se refor\u00e7aram bem. Os que est\u00e3o mergulhados no fundo do po\u00e7o contrataram de baciada. E n\u00e3o h\u00e1 tempo a perder. Daqui a duas rodadas se fecha o primeiro turno.<\/p>\n<p>At\u00e9 mesmo bons trios de arbitragem que estavam servindo na Copa Am\u00e9rica voltam ao Brasileir\u00e3o.<\/p>\n<p>A lamentar o de sempre: p\u00e9ssimos gramados, tabela apertada do calend\u00e1rio, tecnologia defasada do VAR e operadores intervencionistas na arbitragem de campo.<\/p>\n<p>Brasileir\u00e3o 2024 tem tudo para ganhar um novo rumo. Sem falar na interfer\u00eancia direta da fase mata-mata da Copa do Brasil e Libertadores a partir de agosto. Fa\u00e7am suas apostas.<\/p>\n","protected":false},"excerpt":{"rendered":"<p>Brasileir\u00e3o 2024 come\u00e7a para valer a partir de ter\u00e7a-feira (16\/7), mesmo j\u00e1 avan\u00e7ando na sua 17.a rodada. Enfim, [&hellip;]<\/p>\n","protected":false},"author":102107496,"featured_media":44195,"comment_status":"open","ping_status":"open","sticky":false,"template":"","format":"standard","meta":{"_coblocks_attr":"","_coblocks_dimensions":"","_coblocks_responsive_height":"","_coblocks_accordion_ie_support":"","_jetpack_newsletter_access":"","_jetpack_dont_email_post_to_subs":false,"_jetpack_newsletter_tier_id":0,"_jetpack_memberships_contains_paywalled_content":false,"_wpcom_ai_launchpad_first_post":false,"_jetpack_feature_clip_id":0,"_jetpack_memberships_contains_paid_content":false,"footnotes":"","jetpack_publicize_message":"","jetpack_publicize_feature_enabled":true,"jetpack_social_post_already_shared":false,"jetpack_social_options":{"image_generator_settings":{"template":"highway","default_image_id":0,"font":"","enabled":false},"version":2},"jetpack_post_was_ever_published":false},"categories":[53870,3919],"tags":[10668348,770132430,1058722,51149102,789560560,246600906,789560573,772911728],"class_list":["post-44190","post","type-post","status-publish","format-standard","has-post-thumbnail","hentry","category-futebol","category-opiniao","tag-0000ff","tag-brasileirao-2024","tag-cassio","tag-felipe-anderson","tag-futebol","tag-james-rodirguez","tag-luiz-antonio-prosperi","tag-phillippae-coutinho"],"yoast_head":"<!-- This site is optimized with the Yoast SEO plugin v28.4 - https:\/\/yoast.com\/product\/yoast-seo-wordpress\/ -->\n<title>Brasileir\u00e3o 2024: refor\u00e7os e retornos da Copa Am\u00e9rica mudam rumo do campeonato - PR\u00d3SPERI NEWS<\/title>\n<meta name=\"robots\" content=\"index, follow, max-snippet:-1, max-image-preview:large, max-video-preview:-1\" \/>\n<link rel=\"canonical\" href=\"https:\/\/blogdoprosperi.com\/?p=44190\" \/>\n<meta property=\"og:locale\" content=\"pt_BR\" \/>\n<meta property=\"og:type\" content=\"article\" \/>\n<meta property=\"og:title\" content=\"Brasileir\u00e3o 2024: refor\u00e7os e retornos da Copa Am\u00e9rica mudam rumo do campeonato - PR\u00d3SPERI NEWS\" \/>\n<meta property=\"og:description\" content=\"Brasileir\u00e3o 2024 come\u00e7a para valer a partir de ter\u00e7a-feira (16\/7), mesmo j\u00e1 avan\u00e7ando na sua 17.a rodada. Enfim, [&hellip;]\" \/>\n<meta property=\"og:url\" content=\"https:\/\/blogdoprosperi.com\/?p=44190\" \/>\n<meta property=\"og:site_name\" content=\"PR\u00d3SPERI NEWS\" \/>\n<meta property=\"article:publisher\" content=\"Luiz Pr\u00f3speri\" \/>\n<meta property=\"article:author\" content=\"Luiz Pr\u00f3speri\" \/>\n<meta property=\"article:published_time\" content=\"2024-07-15T23:14:23+00:00\" \/>\n<meta property=\"article:modified_time\" content=\"2024-07-15T23:28:20+00:00\" \/>\n<meta property=\"og:image\" content=\"https:\/\/i0.wp.com\/blogdoprosperi.com\/wp-content\/uploads\/2024\/07\/53859015863_7ac9fcb0ba_h.jpg?fit=1500%2C844&ssl=1\" \/>\n\t<meta property=\"og:image:width\" content=\"1500\" \/>\n\t<meta property=\"og:image:height\" content=\"844\" \/>\n\t<meta property=\"og:image:type\" content=\"image\/jpeg\" \/>\n<meta name=\"author\" content=\"Luiz Ant\u00f4nio Pr\u00f3speri\" \/>\n<meta name=\"twitter:card\" content=\"summary_large_image\" \/>\n<meta name=\"twitter:creator\" content=\"@Luizprosperi\" \/>\n<meta name=\"twitter:site\" content=\"@Luizprosperi\" \/>\n<meta name=\"twitter:label1\" content=\"Escrito por\" \/>\n\t<meta name=\"twitter:data1\" content=\"Luiz Ant\u00f4nio Pr\u00f3speri\" \/>\n\t<meta name=\"twitter:label2\" content=\"Est. tempo de leitura\" \/>\n\t<meta name=\"twitter:data2\" content=\"3 minutos\" \/>\n<script type=\"application\/ld+json\" class=\"yoast-schema-graph\">{\"@context\":\"https:\\\/\\\/schema.org\",\"@graph\":[{\"@type\":\"Article\",\"@id\":\"https:\\\/\\\/blogdoprosperi.com\\\/?p=44190#article\",\"isPartOf\":{\"@id\":\"https:\\\/\\\/blogdoprosperi.com\\\/?p=44190\"},\"author\":{\"name\":\"Luiz Ant\u00f4nio Pr\u00f3speri\",\"@id\":\"https:\\\/\\\/blogdoprosperi.com\\\/#\\\/schema\\\/person\\\/38100755ce3601861ee4fab9b5aa78e9\"},\"headline\":\"Brasileir\u00e3o 2024: refor\u00e7os e retornos da Copa Am\u00e9rica mudam rumo do campeonato\",\"datePublished\":\"2024-07-15T23:14:23+00:00\",\"dateModified\":\"2024-07-15T23:28:20+00:00\",\"mainEntityOfPage\":{\"@id\":\"https:\\\/\\\/blogdoprosperi.com\\\/?p=44190\"},\"wordCount\":583,\"commentCount\":0,\"publisher\":{\"@id\":\"https:\\\/\\\/blogdoprosperi.com\\\/#\\\/schema\\\/person\\\/38100755ce3601861ee4fab9b5aa78e9\"},\"image\":{\"@id\":\"https:\\\/\\\/blogdoprosperi.com\\\/?p=44190#primaryimage\"},\"thumbnailUrl\":\"https:\\\/\\\/i0.wp.com\\\/blogdoprosperi.com\\\/wp-content\\\/uploads\\\/2024\\\/07\\\/53859015863_7ac9fcb0ba_h.jpg?fit=1500%2C844&ssl=1\",\"keywords\":[\"0000ff\",\"brasileir\u00e3o 2024\",\"Cassio\",\"felipe anderson\",\"futebol\",\"james rodirguez\",\"Luiz Ant\u00f4nio Pr\u00f3speri\",\"phillipp\u00e0e coutinho\"],\"articleSection\":[\"futebol\",\"opini\u00e3o\"],\"inLanguage\":\"pt-BR\",\"potentialAction\":[{\"@type\":\"CommentAction\",\"name\":\"Comment\",\"target\":[\"https:\\\/\\\/blogdoprosperi.com\\\/?p=44190#respond\"]}]},{\"@type\":\"WebPage\",\"@id\":\"https:\\\/\\\/blogdoprosperi.com\\\/?p=44190\",\"url\":\"https:\\\/\\\/blogdoprosperi.com\\\/?p=44190\",\"name\":\"Brasileir\u00e3o 2024: refor\u00e7os e retornos da Copa Am\u00e9rica mudam rumo do campeonato - PR\u00d3SPERI NEWS\",\"isPartOf\":{\"@id\":\"https:\\\/\\\/blogdoprosperi.com\\\/#website\"},\"primaryImageOfPage\":{\"@id\":\"https:\\\/\\\/blogdoprosperi.com\\\/?p=44190#primaryimage\"},\"image\":{\"@id\":\"https:\\\/\\\/blogdoprosperi.com\\\/?p=44190#primaryimage\"},\"thumbnailUrl\":\"https:\\\/\\\/i0.wp.com\\\/blogdoprosperi.com\\\/wp-content\\\/uploads\\\/2024\\\/07\\\/53859015863_7ac9fcb0ba_h.jpg?fit=1500%2C844&ssl=1\",\"datePublished\":\"2024-07-15T23:14:23+00:00\",\"dateModified\":\"2024-07-15T23:28:20+00:00\",\"breadcrumb\":{\"@id\":\"https:\\\/\\\/blogdoprosperi.com\\\/?p=44190#breadcrumb\"},\"inLanguage\":\"pt-BR\",\"potentialAction\":[{\"@type\":\"ReadAction\",\"target\":[\"https:\\\/\\\/blogdoprosperi.com\\\/?p=44190\"]}]},{\"@type\":\"ImageObject\",\"inLanguage\":\"pt-BR\",\"@id\":\"https:\\\/\\\/blogdoprosperi.com\\\/?p=44190#primaryimage\",\"url\":\"https:\\\/\\\/i0.wp.com\\\/blogdoprosperi.com\\\/wp-content\\\/uploads\\\/2024\\\/07\\\/53859015863_7ac9fcb0ba_h.jpg?fit=1500%2C844&ssl=1\",\"contentUrl\":\"https:\\\/\\\/i0.wp.com\\\/blogdoprosperi.com\\\/wp-content\\\/uploads\\\/2024\\\/07\\\/53859015863_7ac9fcb0ba_h.jpg?fit=1500%2C844&ssl=1\",\"width\":1500,\"height\":844,\"caption\":\"Felipe Anderson pronto para refor\u00e7ar Palmeiras \u2013 foto: Palmeiras oficial\"},{\"@type\":\"BreadcrumbList\",\"@id\":\"https:\\\/\\\/blogdoprosperi.com\\\/?p=44190#breadcrumb\",\"itemListElement\":[{\"@type\":\"ListItem\",\"position\":1,\"name\":\"In\u00edcio\",\"item\":\"https:\\\/\\\/blogdoprosperi.com\\\/\"},{\"@type\":\"ListItem\",\"position\":2,\"name\":\"Brasileir\u00e3o 2024: refor\u00e7os e retornos da Copa Am\u00e9rica mudam rumo do campeonato\"}]},{\"@type\":\"WebSite\",\"@id\":\"https:\\\/\\\/blogdoprosperi.com\\\/#website\",\"url\":\"https:\\\/\\\/blogdoprosperi.com\\\/\",\"name\":\"PR\u00d3SPERI NEWS\",\"description\":\"TUDO \u00c9  FUTEBOL\",\"publisher\":{\"@id\":\"https:\\\/\\\/blogdoprosperi.com\\\/#\\\/schema\\\/person\\\/38100755ce3601861ee4fab9b5aa78e9\"},\"alternateName\":\"blogdoprosperi.com\",\"potentialAction\":[{\"@type\":\"SearchAction\",\"target\":{\"@type\":\"EntryPoint\",\"urlTemplate\":\"https:\\\/\\\/blogdoprosperi.com\\\/?s={search_term_string}\"},\"query-input\":{\"@type\":\"PropertyValueSpecification\",\"valueRequired\":true,\"valueName\":\"search_term_string\"}}],\"inLanguage\":\"pt-BR\"},{\"@type\":[\"Person\",\"Organization\"],\"@id\":\"https:\\\/\\\/blogdoprosperi.com\\\/#\\\/schema\\\/person\\\/38100755ce3601861ee4fab9b5aa78e9\",\"name\":\"Luiz Ant\u00f4nio Pr\u00f3speri\",\"pronouns\":\"ele\",\"image\":{\"@type\":\"ImageObject\",\"inLanguage\":\"pt-BR\",\"@id\":\"https:\\\/\\\/i0.wp.com\\\/blogdoprosperi.com\\\/wp-content\\\/uploads\\\/2026\\\/05\\\/cropped-8059e613-6002-42fa-961e-8e275f575d71-2-5.jpg?fit=1360%2C931&ssl=1\",\"url\":\"https:\\\/\\\/i0.wp.com\\\/blogdoprosperi.com\\\/wp-content\\\/uploads\\\/2026\\\/05\\\/cropped-8059e613-6002-42fa-961e-8e275f575d71-2-5.jpg?fit=1360%2C931&ssl=1\",\"contentUrl\":\"https:\\\/\\\/i0.wp.com\\\/blogdoprosperi.com\\\/wp-content\\\/uploads\\\/2026\\\/05\\\/cropped-8059e613-6002-42fa-961e-8e275f575d71-2-5.jpg?fit=1360%2C931&ssl=1\",\"width\":1360,\"height\":931,\"caption\":\"Luiz Ant\u00f4nio Pr\u00f3speri\"},\"logo\":{\"@id\":\"https:\\\/\\\/i0.wp.com\\\/blogdoprosperi.com\\\/wp-content\\\/uploads\\\/2026\\\/05\\\/cropped-8059e613-6002-42fa-961e-8e275f575d71-2-5.jpg?fit=1360%2C931&ssl=1\"},\"description\":\"Jornalista com carreira dedicada ao esporte. Cobriu 9 Copas do Mundo in loco, 1990 na It\u00e1lia, 1994 nos EUA, 1998 na Fran\u00e7a, 2002 na Coreia do Sul e Jap\u00e3o, 2006 na Alemanha, 2010 na \u00c1frica do Sul, 2014 no Brasil, 2018 na R\u00fassia e 2022 no Qatar. Eurocopas, 1992 na Su\u00e9cia e 1996 na Inglaterra. Copa das Confedera\u00e7\u00f5es de 2005 na Alemanha e 2009 na \u00c1frica do Sul. Rep\u00f3rter e Editor, trabalhou no Jornal da Tarde e Estad\u00e3o, de 1984 a fevereiro de 2016. Colunista, blogueiro. E comentarista de futebol na R\u00e1dio Estad\u00e3o, de 2013 a fevereiro de 2016. Jornalista respons\u00e1vel do \\\"Pr\u00f3speri News\\\" (blogdoprosperi.com).\",\"sameAs\":[\"http:\\\/\\\/blogdoprosperi.com\",\"Luiz Pr\u00f3speri\",\"@luiz_prosperi\",\"https:\\\/\\\/x.com\\\/Luizprosperi\",\"@prosperinacopa\",\"luiz.prosperi@icloud.com\"],\"url\":\"https:\\\/\\\/blogdoprosperi.com\\\/?author=102107496\"}]}<\/script>\n<!-- \/ Yoast SEO plugin. -->","yoast_head_json":{"title":"Brasileir\u00e3o 2024: refor\u00e7os e retornos da Copa Am\u00e9rica mudam rumo do campeonato - PR\u00d3SPERI NEWS","robots":{"index":"index","follow":"follow","max-snippet":"max-snippet:-1","max-image-preview":"max-image-preview:large","max-video-preview":"max-video-preview:-1"},"canonical":"https:\/\/blogdoprosperi.com\/?p=44190","og_locale":"pt_BR","og_type":"article","og_title":"Brasileir\u00e3o 2024: refor\u00e7os e retornos da Copa Am\u00e9rica mudam rumo do campeonato - PR\u00d3SPERI NEWS","og_description":"Brasileir\u00e3o 2024 come\u00e7a para valer a partir de ter\u00e7a-feira (16\/7), mesmo j\u00e1 avan\u00e7ando na sua 17.a rodada. Enfim, [&hellip;]","og_url":"https:\/\/blogdoprosperi.com\/?p=44190","og_site_name":"PR\u00d3SPERI NEWS","article_publisher":"Luiz Pr\u00f3speri","article_author":"Luiz Pr\u00f3speri","article_published_time":"2024-07-15T23:14:23+00:00","article_modified_time":"2024-07-15T23:28:20+00:00","og_image":[{"width":1500,"height":844,"url":"https:\/\/i0.wp.com\/blogdoprosperi.com\/wp-content\/uploads\/2024\/07\/53859015863_7ac9fcb0ba_h.jpg?fit=1500%2C844&ssl=1","type":"image\/jpeg"}],"author":"Luiz Ant\u00f4nio Pr\u00f3speri","twitter_card":"summary_large_image","twitter_creator":"@Luizprosperi","twitter_site":"@Luizprosperi","twitter_misc":{"Escrito por":"Luiz Ant\u00f4nio Pr\u00f3speri","Est. tempo de leitura":"3 minutos"},"schema":{"@context":"https:\/\/schema.org","@graph":[{"@type":"Article","@id":"https:\/\/blogdoprosperi.com\/?p=44190#article","isPartOf":{"@id":"https:\/\/blogdoprosperi.com\/?p=44190"},"author":{"name":"Luiz Ant\u00f4nio Pr\u00f3speri","@id":"https:\/\/blogdoprosperi.com\/#\/schema\/person\/38100755ce3601861ee4fab9b5aa78e9"},"headline":"Brasileir\u00e3o 2024: refor\u00e7os e retornos da Copa Am\u00e9rica mudam rumo do campeonato","datePublished":"2024-07-15T23:14:23+00:00","dateModified":"2024-07-15T23:28:20+00:00","mainEntityOfPage":{"@id":"https:\/\/blogdoprosperi.com\/?p=44190"},"wordCount":583,"commentCount":0,"publisher":{"@id":"https:\/\/blogdoprosperi.com\/#\/schema\/person\/38100755ce3601861ee4fab9b5aa78e9"},"image":{"@id":"https:\/\/blogdoprosperi.com\/?p=44190#primaryimage"},"thumbnailUrl":"https:\/\/i0.wp.com\/blogdoprosperi.com\/wp-content\/uploads\/2024\/07\/53859015863_7ac9fcb0ba_h.jpg?fit=1500%2C844&ssl=1","keywords":["0000ff","brasileir\u00e3o 2024","Cassio","felipe anderson","futebol","james rodirguez","Luiz Ant\u00f4nio Pr\u00f3speri","phillipp\u00e0e coutinho"],"articleSection":["futebol","opini\u00e3o"],"inLanguage":"pt-BR","potentialAction":[{"@type":"CommentAction","name":"Comment","target":["https:\/\/blogdoprosperi.com\/?p=44190#respond"]}]},{"@type":"WebPage","@id":"https:\/\/blogdoprosperi.com\/?p=44190","url":"https:\/\/blogdoprosperi.com\/?p=44190","name":"Brasileir\u00e3o 2024: refor\u00e7os e retornos da Copa Am\u00e9rica mudam rumo do campeonato - PR\u00d3SPERI NEWS","isPartOf":{"@id":"https:\/\/blogdoprosperi.com\/#website"},"primaryImageOfPage":{"@id":"https:\/\/blogdoprosperi.com\/?p=44190#primaryimage"},"image":{"@id":"https:\/\/blogdoprosperi.com\/?p=44190#primaryimage"},"thumbnailUrl":"https:\/\/i0.wp.com\/blogdoprosperi.com\/wp-content\/uploads\/2024\/07\/53859015863_7ac9fcb0ba_h.jpg?fit=1500%2C844&ssl=1","datePublished":"2024-07-15T23:14:23+00:00","dateModified":"2024-07-15T23:28:20+00:00","breadcrumb":{"@id":"https:\/\/blogdoprosperi.com\/?p=44190#breadcrumb"},"inLanguage":"pt-BR","potentialAction":[{"@type":"ReadAction","target":["https:\/\/blogdoprosperi.com\/?p=44190"]}]},{"@type":"ImageObject","inLanguage":"pt-BR","@id":"https:\/\/blogdoprosperi.com\/?p=44190#primaryimage","url":"https:\/\/i0.wp.com\/blogdoprosperi.com\/wp-content\/uploads\/2024\/07\/53859015863_7ac9fcb0ba_h.jpg?fit=1500%2C844&ssl=1","contentUrl":"https:\/\/i0.wp.com\/blogdoprosperi.com\/wp-content\/uploads\/2024\/07\/53859015863_7ac9fcb0ba_h.jpg?fit=1500%2C844&ssl=1","width":1500,"height":844,"caption":"Felipe Anderson pronto para refor\u00e7ar Palmeiras \u2013 foto: Palmeiras oficial"},{"@type":"BreadcrumbList","@id":"https:\/\/blogdoprosperi.com\/?p=44190#breadcrumb","itemListElement":[{"@type":"ListItem","position":1,"name":"In\u00edcio","item":"https:\/\/blogdoprosperi.com\/"},{"@type":"ListItem","position":2,"name":"Brasileir\u00e3o 2024: refor\u00e7os e retornos da Copa Am\u00e9rica mudam rumo do campeonato"}]},{"@type":"WebSite","@id":"https:\/\/blogdoprosperi.com\/#website","url":"https:\/\/blogdoprosperi.com\/","name":"PR\u00d3SPERI NEWS","description":"TUDO \u00c9  FUTEBOL","publisher":{"@id":"https:\/\/blogdoprosperi.com\/#\/schema\/person\/38100755ce3601861ee4fab9b5aa78e9"},"alternateName":"blogdoprosperi.com","potentialAction":[{"@type":"SearchAction","target":{"@type":"EntryPoint","urlTemplate":"https:\/\/blogdoprosperi.com\/?s={search_term_string}"},"query-input":{"@type":"PropertyValueSpecification","valueRequired":true,"valueName":"search_term_string"}}],"inLanguage":"pt-BR"},{"@type":["Person","Organization"],"@id":"https:\/\/blogdoprosperi.com\/#\/schema\/person\/38100755ce3601861ee4fab9b5aa78e9","name":"Luiz Ant\u00f4nio Pr\u00f3speri","pronouns":"ele","image":{"@type":"ImageObject","inLanguage":"pt-BR","@id":"https:\/\/i0.wp.com\/blogdoprosperi.com\/wp-content\/uploads\/2026\/05\/cropped-8059e613-6002-42fa-961e-8e275f575d71-2-5.jpg?fit=1360%2C931&ssl=1","url":"https:\/\/i0.wp.com\/blogdoprosperi.com\/wp-content\/uploads\/2026\/05\/cropped-8059e613-6002-42fa-961e-8e275f575d71-2-5.jpg?fit=1360%2C931&ssl=1","contentUrl":"https:\/\/i0.wp.com\/blogdoprosperi.com\/wp-content\/uploads\/2026\/05\/cropped-8059e613-6002-42fa-961e-8e275f575d71-2-5.jpg?fit=1360%2C931&ssl=1","width":1360,"height":931,"caption":"Luiz Ant\u00f4nio Pr\u00f3speri"},"logo":{"@id":"https:\/\/i0.wp.com\/blogdoprosperi.com\/wp-content\/uploads\/2026\/05\/cropped-8059e613-6002-42fa-961e-8e275f575d71-2-5.jpg?fit=1360%2C931&ssl=1"},"description":"Jornalista com carreira dedicada ao esporte. Cobriu 9 Copas do Mundo in loco, 1990 na It\u00e1lia, 1994 nos EUA, 1998 na Fran\u00e7a, 2002 na Coreia do Sul e Jap\u00e3o, 2006 na Alemanha, 2010 na \u00c1frica do Sul, 2014 no Brasil, 2018 na R\u00fassia e 2022 no Qatar. Eurocopas, 1992 na Su\u00e9cia e 1996 na Inglaterra. Copa das Confedera\u00e7\u00f5es de 2005 na Alemanha e 2009 na \u00c1frica do Sul. Rep\u00f3rter e Editor, trabalhou no Jornal da Tarde e Estad\u00e3o, de 1984 a fevereiro de 2016. Colunista, blogueiro. E comentarista de futebol na R\u00e1dio Estad\u00e3o, de 2013 a fevereiro de 2016. Jornalista respons\u00e1vel do \"Pr\u00f3speri News\" (blogdoprosperi.com).","sameAs":["http:\/\/blogdoprosperi.com","Luiz Pr\u00f3speri","@luiz_prosperi","https:\/\/x.com\/Luizprosperi","@prosperinacopa","luiz.prosperi@icloud.com"],"url":"https:\/\/blogdoprosperi.com\/?author=102107496"}]}},"jetpack_publicize_connections":[],"jetpack_likes_enabled":false,"jetpack_sharing_enabled":true,"jetpack_shortlink":"https:\/\/wp.me\/p7jvdk-buK","jetpack-related-posts":[{"id":45251,"url":"https:\/\/blogdoprosperi.com\/?p=45251","url_meta":{"origin":44190,"position":0},"title":"An\u00e1lise: Copa do Brasil Sem Favoritos nas Semifinais Vasco x Atl\u00e9tico e Flamengo x Corinthians","author":"Luiz Ant\u00f4nio Pr\u00f3speri","date":"13 de setembro de 2024","format":false,"excerpt":"Luiz Ant\u00f4nio Pr\u00f3speri \u2013 13 setembro (01h15) Flamengo vence Bahia por 1 a 0 e avan\u00e7a \u00e0s semifinais da Copa do Brasil 2024. Curso do rio segue seu normal. Atl\u00e9tico-MG sustenta empate sem gols diante do S\u00e3o Paulo e tamb\u00e9m est\u00e1 na semi. Nada a contestar. Classificados na quinta-feira enfrentam\u2026","rel":"","context":"Em &quot;futebol&quot;","block_context":{"text":"futebol","link":"https:\/\/blogdoprosperi.com\/?cat=53870"},"img":{"alt_text":"CBF aumenta premia\u00e7\u00e3o da Copa do Brasil","src":"https:\/\/i0.wp.com\/blogdoprosperi.com\/wp-content\/uploads\/2024\/09\/captura-de-tela-2024-09-13-as-01.19.22.png?fit=1200%2C778&ssl=1&resize=350%2C200","width":350,"height":200,"srcset":"https:\/\/i0.wp.com\/blogdoprosperi.com\/wp-content\/uploads\/2024\/09\/captura-de-tela-2024-09-13-as-01.19.22.png?fit=1200%2C778&ssl=1&resize=350%2C200 1x, https:\/\/i0.wp.com\/blogdoprosperi.com\/wp-content\/uploads\/2024\/09\/captura-de-tela-2024-09-13-as-01.19.22.png?fit=1200%2C778&ssl=1&resize=525%2C300 1.5x, https:\/\/i0.wp.com\/blogdoprosperi.com\/wp-content\/uploads\/2024\/09\/captura-de-tela-2024-09-13-as-01.19.22.png?fit=1200%2C778&ssl=1&resize=700%2C400 2x, https:\/\/i0.wp.com\/blogdoprosperi.com\/wp-content\/uploads\/2024\/09\/captura-de-tela-2024-09-13-as-01.19.22.png?fit=1200%2C778&ssl=1&resize=1050%2C600 3x"},"classes":[]},{"id":44333,"url":"https:\/\/blogdoprosperi.com\/?p=44333","url_meta":{"origin":44190,"position":1},"title":"Copa do Brasil \u2013 Flamengo x Palmeiras: a dura caminhada de Abel Ferreira at\u00e9 o topo da montanha","author":"Luiz Ant\u00f4nio Pr\u00f3speri","date":"18 de julho de 2024","format":false,"excerpt":"Sorteio da Copa do Brasil tem confronto Palmeiras x Flamengo nas oitavas de final. Um deles, apontados como os mais poderosos clubes brasileiros, vai ficar no meio do caminho. E perder a oportunidade de embolsar cerca de 94 milh\u00f5es na soma da premia\u00e7\u00e3o total da CB. Palmeiras decide a vaga\u2026","rel":"","context":"Em &quot;futebol&quot;","block_context":{"text":"futebol","link":"https:\/\/blogdoprosperi.com\/?cat=53870"},"img":{"alt_text":"","src":"https:\/\/i0.wp.com\/blogdoprosperi.com\/wp-content\/uploads\/2024\/07\/zyqmery5.jpeg?fit=600%2C375&ssl=1&resize=350%2C200","width":350,"height":200,"srcset":"https:\/\/i0.wp.com\/blogdoprosperi.com\/wp-content\/uploads\/2024\/07\/zyqmery5.jpeg?fit=600%2C375&ssl=1&resize=350%2C200 1x, https:\/\/i0.wp.com\/blogdoprosperi.com\/wp-content\/uploads\/2024\/07\/zyqmery5.jpeg?fit=600%2C375&ssl=1&resize=525%2C300 1.5x"},"classes":[]},{"id":31254,"url":"https:\/\/blogdoprosperi.com\/?p=31254","url_meta":{"origin":44190,"position":2},"title":"Entenda como Palmeiras supera concorr\u00eancia na briga pela ta\u00e7a","author":"Luiz Ant\u00f4nio Pr\u00f3speri","date":"7 de novembro de 2016","format":false,"excerpt":"Palmeiras est\u00e1 no centro da discuss\u00e3o nesta reta final do Brasileir\u00e3o. Alvo preferido da pol\u00eamica de que vai ser campe\u00e3o, apesar de n\u00e3o jogar um futebol empolgante, bonito de se ver. Ou n\u00e3o tem sido t\u00e3o brilhante como o Corinthians, dono inconteste da ta\u00e7a em 2015. Alguns colegas jornalistas t\u00eam\u2026","rel":"","context":"Em &quot;Campeonato Brasileiro&quot;","block_context":{"text":"Campeonato Brasileiro","link":"https:\/\/blogdoprosperi.com\/?cat=355071"},"img":{"alt_text":"","src":"https:\/\/i0.wp.com\/blogdoprosperi.com\/wp-content\/uploads\/2016\/11\/26411418633_7a2551a277_o.jpg?resize=350%2C200&ssl=1","width":350,"height":200,"srcset":"https:\/\/i0.wp.com\/blogdoprosperi.com\/wp-content\/uploads\/2016\/11\/26411418633_7a2551a277_o.jpg?resize=350%2C200&ssl=1 1x, https:\/\/i0.wp.com\/blogdoprosperi.com\/wp-content\/uploads\/2016\/11\/26411418633_7a2551a277_o.jpg?resize=525%2C300&ssl=1 1.5x, https:\/\/i0.wp.com\/blogdoprosperi.com\/wp-content\/uploads\/2016\/11\/26411418633_7a2551a277_o.jpg?resize=700%2C400&ssl=1 2x"},"classes":[]},{"id":26621,"url":"https:\/\/blogdoprosperi.com\/?p=26621","url_meta":{"origin":44190,"position":3},"title":"Flamengo sai da Sul-Americana e leva vantagem contra Palmeiras no Brasileir\u00e3o","author":"Luiz Ant\u00f4nio Pr\u00f3speri","date":"29 de setembro de 2016","format":false,"excerpt":"Flamengo eliminado em casa diante do modesto Palestino do Chile e Palmeiras com chance de avan\u00e7ar \u00e0 semifinal da Copa do Brasil contra Corinthians ou Cruzeiro. Quem leva vantagem entre os dois mais fortes concorrentes ao t\u00edtulo do Brasileir\u00e3o? Evidente que \u00e9 o Flamengo. O time carioca n\u00e3o ter\u00e1 de\u2026","rel":"","context":"Em &quot;Campeonato Brasileiro&quot;","block_context":{"text":"Campeonato Brasileiro","link":"https:\/\/blogdoprosperi.com\/?cat=355071"},"img":{"alt_text":"","src":"https:\/\/i0.wp.com\/blogdoprosperi.com\/wp-content\/uploads\/2016\/09\/29883808522_ccdcfe1cbd_o.jpg?resize=350%2C200&ssl=1","width":350,"height":200,"srcset":"https:\/\/i0.wp.com\/blogdoprosperi.com\/wp-content\/uploads\/2016\/09\/29883808522_ccdcfe1cbd_o.jpg?resize=350%2C200&ssl=1 1x, https:\/\/i0.wp.com\/blogdoprosperi.com\/wp-content\/uploads\/2016\/09\/29883808522_ccdcfe1cbd_o.jpg?resize=525%2C300&ssl=1 1.5x, https:\/\/i0.wp.com\/blogdoprosperi.com\/wp-content\/uploads\/2016\/09\/29883808522_ccdcfe1cbd_o.jpg?resize=700%2C400&ssl=1 2x"},"classes":[]},{"id":44747,"url":"https:\/\/blogdoprosperi.com\/?p=44747","url_meta":{"origin":44190,"position":4},"title":"Palmeiras Est\u00e1 Vivo, Tem Repert\u00f3rio e Pede Passagem no Brasileir\u00e3o","author":"Luiz Ant\u00f4nio Pr\u00f3speri","date":"22 de agosto de 2024","format":false,"excerpt":"Luiz Ant\u00f4nio Pr\u00f3speri \u2013 22 agosto (12h03) Palmeiras est\u00e1 vivo na temporada 2024. Fora das Copas do Brasil e Libertadores, tem o Brasileir\u00e3o ainda como a \u00faltima cartada. E avisa aos rivais: vem forte em busca do tricampeonato. Restam 15 jogos. Time do Abel Ferreira \u00e9 o terceiro colocado, a\u2026","rel":"","context":"Em &quot;futebol&quot;","block_context":{"text":"futebol","link":"https:\/\/blogdoprosperi.com\/?cat=53870"},"img":{"alt_text":"Palmeiras est\u00e1 vivo","src":"https:\/\/i0.wp.com\/blogdoprosperi.com\/wp-content\/uploads\/2024\/08\/53939304276_6f86a87335_h.jpg?fit=1200%2C675&ssl=1&resize=350%2C200","width":350,"height":200,"srcset":"https:\/\/i0.wp.com\/blogdoprosperi.com\/wp-content\/uploads\/2024\/08\/53939304276_6f86a87335_h.jpg?fit=1200%2C675&ssl=1&resize=350%2C200 1x, https:\/\/i0.wp.com\/blogdoprosperi.com\/wp-content\/uploads\/2024\/08\/53939304276_6f86a87335_h.jpg?fit=1200%2C675&ssl=1&resize=525%2C300 1.5x, https:\/\/i0.wp.com\/blogdoprosperi.com\/wp-content\/uploads\/2024\/08\/53939304276_6f86a87335_h.jpg?fit=1200%2C675&ssl=1&resize=700%2C400 2x, https:\/\/i0.wp.com\/blogdoprosperi.com\/wp-content\/uploads\/2024\/08\/53939304276_6f86a87335_h.jpg?fit=1200%2C675&ssl=1&resize=1050%2C600 3x"},"classes":[]},{"id":27229,"url":"https:\/\/blogdoprosperi.com\/?p=27229","url_meta":{"origin":44190,"position":5},"title":"Copa Libertadores muda e vira Brasileir\u00e3o do avesso","author":"Luiz Ant\u00f4nio Pr\u00f3speri","date":"3 de outubro de 2016","format":false,"excerpt":"Decis\u00e3o da Confedera\u00e7\u00e3o Sul-Americana de Futebol (Conmebol) de aumentar o n\u00fameros de clubes brasileiros na\u00a0Copa Libertadores de 2017,\u00a0de 5 para 7, interfere diretamente no atual Brasileir\u00e3o. O G-4 passa a ser G-6 e vira do avesso o campeonato nacional. Clubes que lutavam para n\u00e3o cair t\u00eam agora chance de conquistar\u2026","rel":"","context":"Em &quot;Campeonato Brasileiro&quot;","block_context":{"text":"Campeonato Brasileiro","link":"https:\/\/blogdoprosperi.com\/?cat=355071"},"img":{"alt_text":"","src":"https:\/\/i0.wp.com\/blogdoprosperi.com\/wp-content\/uploads\/2016\/10\/medellin1.jpg?resize=350%2C200&ssl=1","width":350,"height":200,"srcset":"https:\/\/i0.wp.com\/blogdoprosperi.com\/wp-content\/uploads\/2016\/10\/medellin1.jpg?resize=350%2C200&ssl=1 1x, https:\/\/i0.wp.com\/blogdoprosperi.com\/wp-content\/uploads\/2016\/10\/medellin1.jpg?resize=525%2C300&ssl=1 1.5x, https:\/\/i0.wp.com\/blogdoprosperi.com\/wp-content\/uploads\/2016\/10\/medellin1.jpg?resize=700%2C400&ssl=1 2x"},"classes":[]}],"jetpack_featured_media_url":"https:\/\/i0.wp.com\/blogdoprosperi.com\/wp-content\/uploads\/2024\/07\/53859015863_7ac9fcb0ba_h.jpg?fit=1500%2C844&ssl=1","_links":{"self":[{"href":"https:\/\/blogdoprosperi.com\/index.php?rest_route=\/wp\/v2\/posts\/44190","targetHints":{"allow":["GET"]}}],"collection":[{"href":"https:\/\/blogdoprosperi.com\/index.php?rest_route=\/wp\/v2\/posts"}],"about":[{"href":"https:\/\/blogdoprosperi.com\/index.php?rest_route=\/wp\/v2\/types\/post"}],"author":[{"embeddable":true,"href":"https:\/\/blogdoprosperi.com\/index.php?rest_route=\/wp\/v2\/users\/102107496"}],"replies":[{"embeddable":true,"href":"https:\/\/blogdoprosperi.com\/index.php?rest_route=%2Fwp%2Fv2%2Fcomments&post=44190"}],"version-history":[{"count":14,"href":"https:\/\/blogdoprosperi.com\/index.php?rest_route=\/wp\/v2\/posts\/44190\/revisions"}],"predecessor-version":[{"id":44208,"href":"https:\/\/blogdoprosperi.com\/index.php?rest_route=\/wp\/v2\/posts\/44190\/revisions\/44208"}],"wp:featuredmedia":[{"embeddable":true,"href":"https:\/\/blogdoprosperi.com\/index.php?rest_route=\/wp\/v2\/media\/44195"}],"wp:attachment":[{"href":"https:\/\/blogdoprosperi.com\/index.php?rest_route=%2Fwp%2Fv2%2Fmedia&parent=44190"}],"wp:term":[{"taxonomy":"category","embeddable":true,"href":"https:\/\/blogdoprosperi.com\/index.php?rest_route=%2Fwp%2Fv2%2Fcategories&post=44190"},{"taxonomy":"post_tag","embeddable":true,"href":"https:\/\/blogdoprosperi.com\/index.php?rest_route=%2Fwp%2Fv2%2Ftags&post=44190"}],"curies":[{"name":"wp","href":"https:\/\/api.w.org\/{rel}","templated":true}]}}