{"id":44212,"date":"2024-07-16T13:27:43","date_gmt":"2024-07-16T16:27:43","guid":{"rendered":"https:\/\/blogdoprosperi.com\/?p=44212"},"modified":"2024-07-16T14:34:28","modified_gmt":"2024-07-16T17:34:28","slug":"mbappe-chega-ao-real-madrid-elogia-vini-jr-e-se-diz-pronto-a-ajudar-endrick","status":"publish","type":"post","link":"https:\/\/blogdoprosperi.com\/?p=44212","title":{"rendered":"Apresenta\u00e7\u00e3o de Mbapp\u00e9 no Real Madrid: entenda parceria com Vini Jr e destino de Endrick"},"content":{"rendered":"<p>Mbapp\u00e9 come\u00e7a sua hist\u00f3ria no Real Madrid diante de 80 mil pessoas no est\u00e1dio Santiago Bernab\u00e9u, nesse 16 de julho de 2024. Atacante franc\u00eas conta que esperava por esse dia desde os 13 anos quando revelou pela primeira vez o sonho de jogar no clube espanhol. <strong>&#8220;Sou jogador do Real Madrid, \u00e9 o meu sonho de crian\u00e7a. Um sonho n\u00e3o se paga&#8221;, <\/strong>disse Mbapp\u00e9 no in\u00edcio da estrondosa cerim\u00f4nia de sua apresenta\u00e7\u00e3o. A expectativa \u00e9: em que posi\u00e7\u00e3o do ataque ele vai jogar? Dupla com Vini Jr? Endrick vai sobrar?<\/p>\n<p><strong>\u201cVou jogar onde o treinador quiser, posso jogar nas tr\u00eas primeiras posi\u00e7\u00f5es&#8221;,<\/strong> disse aos torcedores, vestindo a camisa 9, ali\u00e1s esgotada na loja do clube anexa ao est\u00e1dio. Mbapp\u00e9 teve uma r\u00e1pida conversa com Carlo Ancelotti antes de se apresentar ao torcedor e se colocou \u00e0 disposi\u00e7\u00e3o para jogar de imediato.<\/p>\n<p>\u00c9 bem prov\u00e1vel que atuar\u00e1 ao lado de Vini Jr na dupla de ataque ou um trio com os dois e mais Rodrygo .<\/p>\n<p>&#8220;Os jogadores franceses (<em>do Real<\/em>) me contaram muitas coisas. Vinicius tamb\u00e9m me mandou mensagens, <strong>&#8216;venha para Madrid, vamos fazer gols juntos&#8217;.<\/strong> N\u00e3o preciso dessas mensagens para saber que eles s\u00e3o o melhor time do mundo, mas \u00e9 um prazer poder sentir amado.&#8221;<\/p>\n<p>&#8220;Vinicius \u00e9 um grande jogador e estou muito feliz por jogar com ele. Tamb\u00e9m com Rodrygo e com todos. Grandes jogadores s\u00e3o feitos para jogar juntos. <strong>N\u00e3o terei problemas em jogar com Vinicius.<\/strong> Ele teve temporadas perfeitas nas \u00faltimas temporadas. <strong>Agora tenho que adaptar-me ao Vinicius, ao Rodrygo e a todos para ajud\u00e1-los.&#8221;<\/strong><\/p>\n<p>Anote a\u00ed: Vini Jr camisa 7, Mbapp\u00e9 9 e Rodrygo 11. E a camisa 10?<\/p>\n<p><strong>&#8220;Temos o n\u00famero 10, \u00e9 Luka Modric.<\/strong> Tenho orgulho de estar perto dele no vesti\u00e1rio. O importante para mim \u00e9 o que est\u00e1 na frente, o gol. O n\u00famero, que est\u00e1 atr\u00e1s, n\u00e3o importa para mim . Se for o n\u00famero 9 ou 48. <strong>O n\u00famero 9 \u00e9 importante, mas para mim o n\u00famero n\u00e3o \u00e9 o mais importante\u201d, disse Mbapp\u00e9.<\/strong><\/p>\n<p>Quem deve sobrar nessa hist\u00f3ria \u00e9 Endrick. Contratado antes de Mbapp\u00e9, o menino prod\u00edgio do Palmeiras vivia a expectativa de ser ele o camisa 9 do Real Madrid. Vai ter de esperar na fila ou ganhar um outro n\u00famero.<\/p>\n<p><strong>\u201cConhe\u00e7o a reputa\u00e7\u00e3o do Endrick e as pessoas falam muito bem dele<\/strong>. N\u00e3o o vejo muito, vi ele fazer gols pela Sele\u00e7\u00e3o Brasileira, mas tenho certeza que ele tem muito talento para aprender. <strong>Pode funcionar no in\u00edcio ou n\u00e3o, mas ele me tem aqui para qualquer conselho.<\/strong> Tamb\u00e9m comecei aos 16 anos e sei o que significa. Ele marcar\u00e1 gols pelo Real Madrid, com certeza&#8221; &#8211; avalia, Mbapp\u00e9.<\/p>\n<p>Endrick aguarda sua apresenta\u00e7\u00e3o no Real Madrid e qual ser\u00e1 seu destino depois da chegada de Mbapp\u00e9. Pode aparecer na reserva do astro franc\u00eas ou tamb\u00e9m ser emprestado a um outro time para ganhar quilometragem no futebol europeu. No site oficial do clube ele aparece no setor do ataque, ainda sem n\u00famero da camisa.<\/p>\n<p>A palavra final \u00e9 de Carlo Ancelotti. Destino de Endrick deve ser anunciado ainda essa semana.<\/p>\n<figure id=\"attachment_44230\" aria-describedby=\"caption-attachment-44230\" style=\"width: 720px\" class=\"wp-caption alignnone\"><img data-recalc-dims=\"1\" loading=\"lazy\" decoding=\"async\" data-attachment-id=\"44230\" data-permalink=\"https:\/\/blogdoprosperi.com\/?attachment_id=44230\" data-orig-file=\"https:\/\/i0.wp.com\/blogdoprosperi.com\/wp-content\/uploads\/2024\/07\/captura-de-tela-2024-07-16-as-13.23.07.png?fit=2472%2C774&amp;ssl=1\" data-orig-size=\"2472,774\" data-comments-opened=\"1\" data-image-meta=\"{&quot;aperture&quot;:&quot;0&quot;,&quot;credit&quot;:&quot;&quot;,&quot;camera&quot;:&quot;&quot;,&quot;caption&quot;:&quot;&quot;,&quot;created_timestamp&quot;:&quot;0&quot;,&quot;copyright&quot;:&quot;&quot;,&quot;focal_length&quot;:&quot;0&quot;,&quot;iso&quot;:&quot;0&quot;,&quot;shutter_speed&quot;:&quot;0&quot;,&quot;title&quot;:&quot;&quot;,&quot;orientation&quot;:&quot;0&quot;}\" data-image-title=\"Ataque do Real Madrid\" data-image-description=\"\" data-image-caption=\"&lt;p&gt;Ataque do Real \u2013 reprodu\u00e7\u00e3o site Real Madrid&lt;\/p&gt;\n\" data-large-file=\"https:\/\/i0.wp.com\/blogdoprosperi.com\/wp-content\/uploads\/2024\/07\/captura-de-tela-2024-07-16-as-13.23.07.png?fit=940%2C294&amp;ssl=1\" src=\"https:\/\/i0.wp.com\/blogdoprosperi.com\/wp-content\/uploads\/2024\/07\/captura-de-tela-2024-07-16-as-13.23.07.png?resize=720%2C225&#038;ssl=1\" class=\"size-large wp-image-44230\" width=\"720\" height=\"225\" alt=\"\"><figcaption id=\"caption-attachment-44230\" class=\"wp-caption-text\"><em>Ataque do Real \u2013 reprodu\u00e7\u00e3o site Real Madrid<\/em><\/figcaption><\/figure>\n","protected":false},"excerpt":{"rendered":"<p>Mbapp\u00e9 come\u00e7a sua hist\u00f3ria no Real Madrid diante de 80 mil pessoas no est\u00e1dio Santiago Bernab\u00e9u, nesse 16 [&hellip;]<\/p>\n","protected":false},"author":102107496,"featured_media":44225,"comment_status":"open","ping_status":"open","sticky":false,"template":"","format":"standard","meta":{"_coblocks_attr":"","_coblocks_dimensions":"","_coblocks_responsive_height":"","_coblocks_accordion_ie_support":"","_jetpack_newsletter_access":"","_jetpack_dont_email_post_to_subs":false,"_jetpack_newsletter_tier_id":0,"_jetpack_memberships_contains_paywalled_content":false,"_wpcom_ai_launchpad_first_post":false,"_jetpack_feature_clip_id":0,"_jetpack_memberships_contains_paid_content":false,"footnotes":"","jetpack_publicize_message":"","jetpack_publicize_feature_enabled":true,"jetpack_social_post_already_shared":false,"jetpack_social_options":{"image_generator_settings":{"template":"highway","default_image_id":0,"font":"","enabled":false},"version":2},"jetpack_post_was_ever_published":false},"categories":[53870,20384],"tags":[1078882,1016127,25607665,789560560,789560573,24279794,287104,78820,646227778],"class_list":["post-44212","post","type-post","status-publish","format-standard","has-post-thumbnail","hentry","category-futebol","category-informacao","tag-1078882","tag-ancelotti","tag-endrick","tag-futebol","tag-luiz-antonio-prosperi","tag-mbappe","tag-palmeiras","tag-real-madrid","tag-vini-jr"],"yoast_head":"<!-- This site is optimized with the Yoast SEO plugin v28.3 - https:\/\/yoast.com\/product\/yoast-seo-wordpress\/ -->\n<title>Apresenta\u00e7\u00e3o de Mbapp\u00e9 no Real Madrid: entenda parceria com Vini Jr e destino de Endrick - PR\u00d3SPERI NEWS<\/title>\n<meta name=\"robots\" content=\"index, follow, max-snippet:-1, max-image-preview:large, max-video-preview:-1\" \/>\n<link rel=\"canonical\" href=\"https:\/\/blogdoprosperi.com\/?p=44212\" \/>\n<meta property=\"og:locale\" content=\"pt_BR\" \/>\n<meta property=\"og:type\" content=\"article\" \/>\n<meta property=\"og:title\" content=\"Apresenta\u00e7\u00e3o de Mbapp\u00e9 no Real Madrid: entenda parceria com Vini Jr e destino de Endrick - PR\u00d3SPERI NEWS\" \/>\n<meta property=\"og:description\" content=\"Mbapp\u00e9 come\u00e7a sua hist\u00f3ria no Real Madrid diante de 80 mil pessoas no est\u00e1dio Santiago Bernab\u00e9u, nesse 16 [&hellip;]\" \/>\n<meta property=\"og:url\" content=\"https:\/\/blogdoprosperi.com\/?p=44212\" \/>\n<meta property=\"og:site_name\" content=\"PR\u00d3SPERI NEWS\" \/>\n<meta property=\"article:publisher\" content=\"Luiz Pr\u00f3speri\" \/>\n<meta property=\"article:author\" content=\"Luiz Pr\u00f3speri\" \/>\n<meta property=\"article:published_time\" content=\"2024-07-16T16:27:43+00:00\" \/>\n<meta property=\"article:modified_time\" content=\"2024-07-16T17:34:28+00:00\" \/>\n<meta property=\"og:image\" content=\"https:\/\/i0.wp.com\/blogdoprosperi.com\/wp-content\/uploads\/2024\/07\/nd_madridismo_con_mbappe_01_1pc9302.webp?fit=1440%2C810&ssl=1\" \/>\n\t<meta property=\"og:image:width\" content=\"1440\" \/>\n\t<meta property=\"og:image:height\" content=\"810\" \/>\n\t<meta property=\"og:image:type\" content=\"image\/webp\" \/>\n<meta name=\"author\" content=\"Luiz Ant\u00f4nio Pr\u00f3speri\" \/>\n<meta name=\"twitter:card\" content=\"summary_large_image\" \/>\n<meta name=\"twitter:creator\" content=\"@Luizprosperi\" \/>\n<meta name=\"twitter:site\" content=\"@Luizprosperi\" \/>\n<meta name=\"twitter:label1\" content=\"Escrito por\" \/>\n\t<meta name=\"twitter:data1\" content=\"Luiz Ant\u00f4nio Pr\u00f3speri\" \/>\n\t<meta name=\"twitter:label2\" content=\"Est. tempo de leitura\" \/>\n\t<meta name=\"twitter:data2\" content=\"3 minutos\" \/>\n<script type=\"application\/ld+json\" class=\"yoast-schema-graph\">{\"@context\":\"https:\\\/\\\/schema.org\",\"@graph\":[{\"@type\":\"Article\",\"@id\":\"https:\\\/\\\/blogdoprosperi.com\\\/?p=44212#article\",\"isPartOf\":{\"@id\":\"https:\\\/\\\/blogdoprosperi.com\\\/?p=44212\"},\"author\":{\"name\":\"Luiz Ant\u00f4nio Pr\u00f3speri\",\"@id\":\"https:\\\/\\\/blogdoprosperi.com\\\/#\\\/schema\\\/person\\\/38100755ce3601861ee4fab9b5aa78e9\"},\"headline\":\"Apresenta\u00e7\u00e3o de Mbapp\u00e9 no Real Madrid: entenda parceria com Vini Jr e destino de Endrick\",\"datePublished\":\"2024-07-16T16:27:43+00:00\",\"dateModified\":\"2024-07-16T17:34:28+00:00\",\"mainEntityOfPage\":{\"@id\":\"https:\\\/\\\/blogdoprosperi.com\\\/?p=44212\"},\"wordCount\":565,\"commentCount\":2,\"publisher\":{\"@id\":\"https:\\\/\\\/blogdoprosperi.com\\\/#\\\/schema\\\/person\\\/38100755ce3601861ee4fab9b5aa78e9\"},\"image\":{\"@id\":\"https:\\\/\\\/blogdoprosperi.com\\\/?p=44212#primaryimage\"},\"thumbnailUrl\":\"https:\\\/\\\/i0.wp.com\\\/blogdoprosperi.com\\\/wp-content\\\/uploads\\\/2024\\\/07\\\/nd_madridismo_con_mbappe_01_1pc9302.webp?fit=1440%2C810&ssl=1\",\"keywords\":[\"333333\",\"Ancelotti\",\"endrick\",\"futebol\",\"Luiz Ant\u00f4nio Pr\u00f3speri\",\"mbapp\u00e9\",\"Palmeiras\",\"Real Madrid\",\"Vini Jr\"],\"articleSection\":[\"futebol\",\"informa\u00e7\u00e3o\"],\"inLanguage\":\"pt-BR\",\"potentialAction\":[{\"@type\":\"CommentAction\",\"name\":\"Comment\",\"target\":[\"https:\\\/\\\/blogdoprosperi.com\\\/?p=44212#respond\"]}]},{\"@type\":\"WebPage\",\"@id\":\"https:\\\/\\\/blogdoprosperi.com\\\/?p=44212\",\"url\":\"https:\\\/\\\/blogdoprosperi.com\\\/?p=44212\",\"name\":\"Apresenta\u00e7\u00e3o de Mbapp\u00e9 no Real Madrid: entenda parceria com Vini Jr e destino de Endrick - PR\u00d3SPERI NEWS\",\"isPartOf\":{\"@id\":\"https:\\\/\\\/blogdoprosperi.com\\\/#website\"},\"primaryImageOfPage\":{\"@id\":\"https:\\\/\\\/blogdoprosperi.com\\\/?p=44212#primaryimage\"},\"image\":{\"@id\":\"https:\\\/\\\/blogdoprosperi.com\\\/?p=44212#primaryimage\"},\"thumbnailUrl\":\"https:\\\/\\\/i0.wp.com\\\/blogdoprosperi.com\\\/wp-content\\\/uploads\\\/2024\\\/07\\\/nd_madridismo_con_mbappe_01_1pc9302.webp?fit=1440%2C810&ssl=1\",\"datePublished\":\"2024-07-16T16:27:43+00:00\",\"dateModified\":\"2024-07-16T17:34:28+00:00\",\"breadcrumb\":{\"@id\":\"https:\\\/\\\/blogdoprosperi.com\\\/?p=44212#breadcrumb\"},\"inLanguage\":\"pt-BR\",\"potentialAction\":[{\"@type\":\"ReadAction\",\"target\":[\"https:\\\/\\\/blogdoprosperi.com\\\/?p=44212\"]}]},{\"@type\":\"ImageObject\",\"inLanguage\":\"pt-BR\",\"@id\":\"https:\\\/\\\/blogdoprosperi.com\\\/?p=44212#primaryimage\",\"url\":\"https:\\\/\\\/i0.wp.com\\\/blogdoprosperi.com\\\/wp-content\\\/uploads\\\/2024\\\/07\\\/nd_madridismo_con_mbappe_01_1pc9302.webp?fit=1440%2C810&ssl=1\",\"contentUrl\":\"https:\\\/\\\/i0.wp.com\\\/blogdoprosperi.com\\\/wp-content\\\/uploads\\\/2024\\\/07\\\/nd_madridismo_con_mbappe_01_1pc9302.webp?fit=1440%2C810&ssl=1\",\"width\":1440,\"height\":810,\"caption\":\"Mbapp\u00e9 quer Vini Jer a seu lado no Real \u2013 foto: Real Madrid oficial\"},{\"@type\":\"BreadcrumbList\",\"@id\":\"https:\\\/\\\/blogdoprosperi.com\\\/?p=44212#breadcrumb\",\"itemListElement\":[{\"@type\":\"ListItem\",\"position\":1,\"name\":\"In\u00edcio\",\"item\":\"https:\\\/\\\/blogdoprosperi.com\\\/\"},{\"@type\":\"ListItem\",\"position\":2,\"name\":\"Apresenta\u00e7\u00e3o de Mbapp\u00e9 no Real Madrid: entenda parceria com Vini Jr e destino de Endrick\"}]},{\"@type\":\"WebSite\",\"@id\":\"https:\\\/\\\/blogdoprosperi.com\\\/#website\",\"url\":\"https:\\\/\\\/blogdoprosperi.com\\\/\",\"name\":\"PR\u00d3SPERI NEWS\",\"description\":\"TUDO \u00c9  FUTEBOL\",\"publisher\":{\"@id\":\"https:\\\/\\\/blogdoprosperi.com\\\/#\\\/schema\\\/person\\\/38100755ce3601861ee4fab9b5aa78e9\"},\"alternateName\":\"blogdoprosperi.com\",\"potentialAction\":[{\"@type\":\"SearchAction\",\"target\":{\"@type\":\"EntryPoint\",\"urlTemplate\":\"https:\\\/\\\/blogdoprosperi.com\\\/?s={search_term_string}\"},\"query-input\":{\"@type\":\"PropertyValueSpecification\",\"valueRequired\":true,\"valueName\":\"search_term_string\"}}],\"inLanguage\":\"pt-BR\"},{\"@type\":[\"Person\",\"Organization\"],\"@id\":\"https:\\\/\\\/blogdoprosperi.com\\\/#\\\/schema\\\/person\\\/38100755ce3601861ee4fab9b5aa78e9\",\"name\":\"Luiz Ant\u00f4nio Pr\u00f3speri\",\"pronouns\":\"ele\",\"image\":{\"@type\":\"ImageObject\",\"inLanguage\":\"pt-BR\",\"@id\":\"https:\\\/\\\/i0.wp.com\\\/blogdoprosperi.com\\\/wp-content\\\/uploads\\\/2026\\\/05\\\/cropped-8059e613-6002-42fa-961e-8e275f575d71-2-5.jpg?fit=1360%2C931&ssl=1\",\"url\":\"https:\\\/\\\/i0.wp.com\\\/blogdoprosperi.com\\\/wp-content\\\/uploads\\\/2026\\\/05\\\/cropped-8059e613-6002-42fa-961e-8e275f575d71-2-5.jpg?fit=1360%2C931&ssl=1\",\"contentUrl\":\"https:\\\/\\\/i0.wp.com\\\/blogdoprosperi.com\\\/wp-content\\\/uploads\\\/2026\\\/05\\\/cropped-8059e613-6002-42fa-961e-8e275f575d71-2-5.jpg?fit=1360%2C931&ssl=1\",\"width\":1360,\"height\":931,\"caption\":\"Luiz Ant\u00f4nio Pr\u00f3speri\"},\"logo\":{\"@id\":\"https:\\\/\\\/i0.wp.com\\\/blogdoprosperi.com\\\/wp-content\\\/uploads\\\/2026\\\/05\\\/cropped-8059e613-6002-42fa-961e-8e275f575d71-2-5.jpg?fit=1360%2C931&ssl=1\"},\"description\":\"Jornalista com carreira dedicada ao esporte. Cobriu 9 Copas do Mundo in loco, 1990 na It\u00e1lia, 1994 nos EUA, 1998 na Fran\u00e7a, 2002 na Coreia do Sul e Jap\u00e3o, 2006 na Alemanha, 2010 na \u00c1frica do Sul, 2014 no Brasil, 2018 na R\u00fassia e 2022 no Qatar. Eurocopas, 1992 na Su\u00e9cia e 1996 na Inglaterra. Copa das Confedera\u00e7\u00f5es de 2005 na Alemanha e 2009 na \u00c1frica do Sul. Rep\u00f3rter e Editor, trabalhou no Jornal da Tarde e Estad\u00e3o, de 1984 a fevereiro de 2016. Colunista, blogueiro. E comentarista de futebol na R\u00e1dio Estad\u00e3o, de 2013 a fevereiro de 2016. Jornalista respons\u00e1vel do \\\"Pr\u00f3speri News\\\" (blogdoprosperi.com).\",\"sameAs\":[\"http:\\\/\\\/blogdoprosperi.com\",\"Luiz Pr\u00f3speri\",\"@luiz_prosperi\",\"https:\\\/\\\/x.com\\\/Luizprosperi\",\"@prosperinacopa\",\"luiz.prosperi@icloud.com\"],\"url\":\"https:\\\/\\\/blogdoprosperi.com\\\/?author=102107496\"}]}<\/script>\n<!-- \/ Yoast SEO plugin. -->","yoast_head_json":{"title":"Apresenta\u00e7\u00e3o de Mbapp\u00e9 no Real Madrid: entenda parceria com Vini Jr e destino de Endrick - PR\u00d3SPERI NEWS","robots":{"index":"index","follow":"follow","max-snippet":"max-snippet:-1","max-image-preview":"max-image-preview:large","max-video-preview":"max-video-preview:-1"},"canonical":"https:\/\/blogdoprosperi.com\/?p=44212","og_locale":"pt_BR","og_type":"article","og_title":"Apresenta\u00e7\u00e3o de Mbapp\u00e9 no Real Madrid: entenda parceria com Vini Jr e destino de Endrick - PR\u00d3SPERI NEWS","og_description":"Mbapp\u00e9 come\u00e7a sua hist\u00f3ria no Real Madrid diante de 80 mil pessoas no est\u00e1dio Santiago Bernab\u00e9u, nesse 16 [&hellip;]","og_url":"https:\/\/blogdoprosperi.com\/?p=44212","og_site_name":"PR\u00d3SPERI NEWS","article_publisher":"Luiz Pr\u00f3speri","article_author":"Luiz Pr\u00f3speri","article_published_time":"2024-07-16T16:27:43+00:00","article_modified_time":"2024-07-16T17:34:28+00:00","og_image":[{"width":1440,"height":810,"url":"https:\/\/i0.wp.com\/blogdoprosperi.com\/wp-content\/uploads\/2024\/07\/nd_madridismo_con_mbappe_01_1pc9302.webp?fit=1440%2C810&ssl=1","type":"image\/webp"}],"author":"Luiz Ant\u00f4nio Pr\u00f3speri","twitter_card":"summary_large_image","twitter_creator":"@Luizprosperi","twitter_site":"@Luizprosperi","twitter_misc":{"Escrito por":"Luiz Ant\u00f4nio Pr\u00f3speri","Est. tempo de leitura":"3 minutos"},"schema":{"@context":"https:\/\/schema.org","@graph":[{"@type":"Article","@id":"https:\/\/blogdoprosperi.com\/?p=44212#article","isPartOf":{"@id":"https:\/\/blogdoprosperi.com\/?p=44212"},"author":{"name":"Luiz Ant\u00f4nio Pr\u00f3speri","@id":"https:\/\/blogdoprosperi.com\/#\/schema\/person\/38100755ce3601861ee4fab9b5aa78e9"},"headline":"Apresenta\u00e7\u00e3o de Mbapp\u00e9 no Real Madrid: entenda parceria com Vini Jr e destino de Endrick","datePublished":"2024-07-16T16:27:43+00:00","dateModified":"2024-07-16T17:34:28+00:00","mainEntityOfPage":{"@id":"https:\/\/blogdoprosperi.com\/?p=44212"},"wordCount":565,"commentCount":2,"publisher":{"@id":"https:\/\/blogdoprosperi.com\/#\/schema\/person\/38100755ce3601861ee4fab9b5aa78e9"},"image":{"@id":"https:\/\/blogdoprosperi.com\/?p=44212#primaryimage"},"thumbnailUrl":"https:\/\/i0.wp.com\/blogdoprosperi.com\/wp-content\/uploads\/2024\/07\/nd_madridismo_con_mbappe_01_1pc9302.webp?fit=1440%2C810&ssl=1","keywords":["333333","Ancelotti","endrick","futebol","Luiz Ant\u00f4nio Pr\u00f3speri","mbapp\u00e9","Palmeiras","Real Madrid","Vini Jr"],"articleSection":["futebol","informa\u00e7\u00e3o"],"inLanguage":"pt-BR","potentialAction":[{"@type":"CommentAction","name":"Comment","target":["https:\/\/blogdoprosperi.com\/?p=44212#respond"]}]},{"@type":"WebPage","@id":"https:\/\/blogdoprosperi.com\/?p=44212","url":"https:\/\/blogdoprosperi.com\/?p=44212","name":"Apresenta\u00e7\u00e3o de Mbapp\u00e9 no Real Madrid: entenda parceria com Vini Jr e destino de Endrick - PR\u00d3SPERI NEWS","isPartOf":{"@id":"https:\/\/blogdoprosperi.com\/#website"},"primaryImageOfPage":{"@id":"https:\/\/blogdoprosperi.com\/?p=44212#primaryimage"},"image":{"@id":"https:\/\/blogdoprosperi.com\/?p=44212#primaryimage"},"thumbnailUrl":"https:\/\/i0.wp.com\/blogdoprosperi.com\/wp-content\/uploads\/2024\/07\/nd_madridismo_con_mbappe_01_1pc9302.webp?fit=1440%2C810&ssl=1","datePublished":"2024-07-16T16:27:43+00:00","dateModified":"2024-07-16T17:34:28+00:00","breadcrumb":{"@id":"https:\/\/blogdoprosperi.com\/?p=44212#breadcrumb"},"inLanguage":"pt-BR","potentialAction":[{"@type":"ReadAction","target":["https:\/\/blogdoprosperi.com\/?p=44212"]}]},{"@type":"ImageObject","inLanguage":"pt-BR","@id":"https:\/\/blogdoprosperi.com\/?p=44212#primaryimage","url":"https:\/\/i0.wp.com\/blogdoprosperi.com\/wp-content\/uploads\/2024\/07\/nd_madridismo_con_mbappe_01_1pc9302.webp?fit=1440%2C810&ssl=1","contentUrl":"https:\/\/i0.wp.com\/blogdoprosperi.com\/wp-content\/uploads\/2024\/07\/nd_madridismo_con_mbappe_01_1pc9302.webp?fit=1440%2C810&ssl=1","width":1440,"height":810,"caption":"Mbapp\u00e9 quer Vini Jer a seu lado no Real \u2013 foto: Real Madrid oficial"},{"@type":"BreadcrumbList","@id":"https:\/\/blogdoprosperi.com\/?p=44212#breadcrumb","itemListElement":[{"@type":"ListItem","position":1,"name":"In\u00edcio","item":"https:\/\/blogdoprosperi.com\/"},{"@type":"ListItem","position":2,"name":"Apresenta\u00e7\u00e3o de Mbapp\u00e9 no Real Madrid: entenda parceria com Vini Jr e destino de Endrick"}]},{"@type":"WebSite","@id":"https:\/\/blogdoprosperi.com\/#website","url":"https:\/\/blogdoprosperi.com\/","name":"PR\u00d3SPERI NEWS","description":"TUDO \u00c9  FUTEBOL","publisher":{"@id":"https:\/\/blogdoprosperi.com\/#\/schema\/person\/38100755ce3601861ee4fab9b5aa78e9"},"alternateName":"blogdoprosperi.com","potentialAction":[{"@type":"SearchAction","target":{"@type":"EntryPoint","urlTemplate":"https:\/\/blogdoprosperi.com\/?s={search_term_string}"},"query-input":{"@type":"PropertyValueSpecification","valueRequired":true,"valueName":"search_term_string"}}],"inLanguage":"pt-BR"},{"@type":["Person","Organization"],"@id":"https:\/\/blogdoprosperi.com\/#\/schema\/person\/38100755ce3601861ee4fab9b5aa78e9","name":"Luiz Ant\u00f4nio Pr\u00f3speri","pronouns":"ele","image":{"@type":"ImageObject","inLanguage":"pt-BR","@id":"https:\/\/i0.wp.com\/blogdoprosperi.com\/wp-content\/uploads\/2026\/05\/cropped-8059e613-6002-42fa-961e-8e275f575d71-2-5.jpg?fit=1360%2C931&ssl=1","url":"https:\/\/i0.wp.com\/blogdoprosperi.com\/wp-content\/uploads\/2026\/05\/cropped-8059e613-6002-42fa-961e-8e275f575d71-2-5.jpg?fit=1360%2C931&ssl=1","contentUrl":"https:\/\/i0.wp.com\/blogdoprosperi.com\/wp-content\/uploads\/2026\/05\/cropped-8059e613-6002-42fa-961e-8e275f575d71-2-5.jpg?fit=1360%2C931&ssl=1","width":1360,"height":931,"caption":"Luiz Ant\u00f4nio Pr\u00f3speri"},"logo":{"@id":"https:\/\/i0.wp.com\/blogdoprosperi.com\/wp-content\/uploads\/2026\/05\/cropped-8059e613-6002-42fa-961e-8e275f575d71-2-5.jpg?fit=1360%2C931&ssl=1"},"description":"Jornalista com carreira dedicada ao esporte. Cobriu 9 Copas do Mundo in loco, 1990 na It\u00e1lia, 1994 nos EUA, 1998 na Fran\u00e7a, 2002 na Coreia do Sul e Jap\u00e3o, 2006 na Alemanha, 2010 na \u00c1frica do Sul, 2014 no Brasil, 2018 na R\u00fassia e 2022 no Qatar. Eurocopas, 1992 na Su\u00e9cia e 1996 na Inglaterra. Copa das Confedera\u00e7\u00f5es de 2005 na Alemanha e 2009 na \u00c1frica do Sul. Rep\u00f3rter e Editor, trabalhou no Jornal da Tarde e Estad\u00e3o, de 1984 a fevereiro de 2016. Colunista, blogueiro. E comentarista de futebol na R\u00e1dio Estad\u00e3o, de 2013 a fevereiro de 2016. Jornalista respons\u00e1vel do \"Pr\u00f3speri News\" (blogdoprosperi.com).","sameAs":["http:\/\/blogdoprosperi.com","Luiz Pr\u00f3speri","@luiz_prosperi","https:\/\/x.com\/Luizprosperi","@prosperinacopa","luiz.prosperi@icloud.com"],"url":"https:\/\/blogdoprosperi.com\/?author=102107496"}]}},"jetpack_publicize_connections":[],"jetpack_likes_enabled":false,"jetpack_sharing_enabled":true,"jetpack_shortlink":"https:\/\/wp.me\/p7jvdk-bv6","jetpack-related-posts":[{"id":61771,"url":"https:\/\/blogdoprosperi.com\/?p=61771","url_meta":{"origin":44212,"position":0},"title":"Real Madrid anuncia Diomande | Contrata\u00e7\u00e3o mais cara da hist\u00f3ria do clube espanhol","author":"Luiz Ant\u00f4nio Pr\u00f3speri","date":"6 de agosto de 2026","format":false,"excerpt":"Real Madrid anuncia contrata\u00e7\u00e3o do marfinense Yan Diomande, 19 anos, por 125 milh\u00f5es de euros (R$ 737,5 milh\u00f5es). Atacante que joga pelas pontas, de prefer\u00eancia no setor direito, Diomande chega para ocupar um espa\u00e7o na linha de frente do Real ao lado de Mbapp\u00e9, Vini Jr, Rodrygo, Endrick e\u00a0Esp\u00ed (contratado\u2026","rel":"","context":"Em &quot;\u00daltimas&quot;","block_context":{"text":"\u00daltimas","link":"https:\/\/blogdoprosperi.com\/?cat=283656"},"img":{"alt_text":"","src":"https:\/\/i0.wp.com\/blogdoprosperi.com\/wp-content\/uploads\/2026\/08\/image_89d714c4.png?fit=1200%2C655&ssl=1&resize=350%2C200","width":350,"height":200,"srcset":"https:\/\/i0.wp.com\/blogdoprosperi.com\/wp-content\/uploads\/2026\/08\/image_89d714c4.png?fit=1200%2C655&ssl=1&resize=350%2C200 1x, https:\/\/i0.wp.com\/blogdoprosperi.com\/wp-content\/uploads\/2026\/08\/image_89d714c4.png?fit=1200%2C655&ssl=1&resize=525%2C300 1.5x, https:\/\/i0.wp.com\/blogdoprosperi.com\/wp-content\/uploads\/2026\/08\/image_89d714c4.png?fit=1200%2C655&ssl=1&resize=700%2C400 2x, https:\/\/i0.wp.com\/blogdoprosperi.com\/wp-content\/uploads\/2026\/08\/image_89d714c4.png?fit=1200%2C655&ssl=1&resize=1050%2C600 3x"},"classes":[]},{"id":45312,"url":"https:\/\/blogdoprosperi.com\/?p=45312","url_meta":{"origin":44212,"position":1},"title":"Endrick, O Corajoso","author":"Luiz Ant\u00f4nio Pr\u00f3speri","date":"18 de setembro de 2024","format":false,"excerpt":"Endrick provoca terremoto em Madri. Lua de Mel de seu casamento tem gol de estreia na Champions e b\u00f4nus ao Palmeiras.","rel":"","context":"Em &quot;futebol&quot;","block_context":{"text":"futebol","link":"https:\/\/blogdoprosperi.com\/?cat=53870"},"img":{"alt_text":"Endrick celebra seu gol de estreia na Champions League","src":"https:\/\/i0.wp.com\/blogdoprosperi.com\/wp-content\/uploads\/2024\/09\/captura-de-tela-2024-09-18-as-12.49.29.png?fit=1200%2C783&ssl=1&resize=350%2C200","width":350,"height":200,"srcset":"https:\/\/i0.wp.com\/blogdoprosperi.com\/wp-content\/uploads\/2024\/09\/captura-de-tela-2024-09-18-as-12.49.29.png?fit=1200%2C783&ssl=1&resize=350%2C200 1x, https:\/\/i0.wp.com\/blogdoprosperi.com\/wp-content\/uploads\/2024\/09\/captura-de-tela-2024-09-18-as-12.49.29.png?fit=1200%2C783&ssl=1&resize=525%2C300 1.5x, https:\/\/i0.wp.com\/blogdoprosperi.com\/wp-content\/uploads\/2024\/09\/captura-de-tela-2024-09-18-as-12.49.29.png?fit=1200%2C783&ssl=1&resize=700%2C400 2x, https:\/\/i0.wp.com\/blogdoprosperi.com\/wp-content\/uploads\/2024\/09\/captura-de-tela-2024-09-18-as-12.49.29.png?fit=1200%2C783&ssl=1&resize=1050%2C600 3x"},"classes":[]},{"id":56328,"url":"https:\/\/blogdoprosperi.com\/?p=56328","url_meta":{"origin":44212,"position":2},"title":"Vini Jr | O Cavaleiro Solit\u00e1rio Ganha Um Aliado de Respeito","author":"Luiz Ant\u00f4nio Pr\u00f3speri","date":"18 de fevereiro de 2026","format":false,"excerpt":"Luiz Ant\u00f4nio Pr\u00f3speri \u2013 18 fevereiro 2026 (12h12) \u2013 Roger Milla faz seu primeiro gol na Copa do Mundo de 1990 na It\u00e1lia e vai at\u00e9 a bandeirinha de escanteio comemorar com uma dancinha. O m\u00edtico jogador de Camar\u00f5es me disse em entrevista naquela ocasi\u00e3o, Copa de 1990, que havia\u2026","rel":"","context":"Em &quot;futebol&quot;","block_context":{"text":"futebol","link":"https:\/\/blogdoprosperi.com\/?cat=53870"},"img":{"alt_text":"","src":"https:\/\/i0.wp.com\/blogdoprosperi.com\/wp-content\/uploads\/2026\/02\/hbzmzgtb0aa3zam.jpeg?fit=624%2C624&ssl=1&resize=350%2C200","width":350,"height":200,"srcset":"https:\/\/i0.wp.com\/blogdoprosperi.com\/wp-content\/uploads\/2026\/02\/hbzmzgtb0aa3zam.jpeg?fit=624%2C624&ssl=1&resize=350%2C200 1x, https:\/\/i0.wp.com\/blogdoprosperi.com\/wp-content\/uploads\/2026\/02\/hbzmzgtb0aa3zam.jpeg?fit=624%2C624&ssl=1&resize=525%2C300 1.5x"},"classes":[]},{"id":61226,"url":"https:\/\/blogdoprosperi.com\/?p=61226","url_meta":{"origin":44212,"position":3},"title":"Vini Jr e Endrick de sa\u00edda? Real Madrid promove nova revolu\u00e7\u00e3o na contrata\u00e7\u00e3o de refor\u00e7os","author":"Luiz Ant\u00f4nio Pr\u00f3speri","date":"25 de julho de 2026","format":false,"excerpt":"Luiz Ant\u00f4nio Pr\u00f3speri \u2013 25 julho 2026 (14h47) Real Madrid promove outra revolu\u00e7\u00e3o no mercado da bola neste ver\u00e3o t\u00f3rrido na Europa. A cada semana enfileira um novo jogador. Diomande, 19 anos, \u00e9 a pr\u00f3xima tacada. O jovem atacante da Costa do Marfim vinculado ao Red Bull Leipzig est\u00e1 perto\u2026","rel":"","context":"Em &quot;futebol&quot;","block_context":{"text":"futebol","link":"https:\/\/blogdoprosperi.com\/?cat=53870"},"img":{"alt_text":"Vini Jr show","src":"https:\/\/i0.wp.com\/blogdoprosperi.com\/wp-content\/uploads\/2025\/06\/captura-de-tela-2025-06-27-as-06.50.48.png?fit=1200%2C716&ssl=1&resize=350%2C200","width":350,"height":200,"srcset":"https:\/\/i0.wp.com\/blogdoprosperi.com\/wp-content\/uploads\/2025\/06\/captura-de-tela-2025-06-27-as-06.50.48.png?fit=1200%2C716&ssl=1&resize=350%2C200 1x, https:\/\/i0.wp.com\/blogdoprosperi.com\/wp-content\/uploads\/2025\/06\/captura-de-tela-2025-06-27-as-06.50.48.png?fit=1200%2C716&ssl=1&resize=525%2C300 1.5x, https:\/\/i0.wp.com\/blogdoprosperi.com\/wp-content\/uploads\/2025\/06\/captura-de-tela-2025-06-27-as-06.50.48.png?fit=1200%2C716&ssl=1&resize=700%2C400 2x, https:\/\/i0.wp.com\/blogdoprosperi.com\/wp-content\/uploads\/2025\/06\/captura-de-tela-2025-06-27-as-06.50.48.png?fit=1200%2C716&ssl=1&resize=1050%2C600 3x"},"classes":[]},{"id":44675,"url":"https:\/\/blogdoprosperi.com\/?p=44675","url_meta":{"origin":44212,"position":4},"title":"Futebol Europeu abre Nova Temporada Investindo R$ 24 bilh\u00f5es em Transfer\u00eancia de Jogadores","author":"Luiz Ant\u00f4nio Pr\u00f3speri","date":"16 de agosto de 2024","format":false,"excerpt":"Futebol europeu abre temporada 2024\/2025 nesse fim de semana (16 a 18\/8) movimentando perto de R$ 24 bilh\u00f5es em transfer\u00eancias de jogadores nas cinco principais ligas \u2013 Espanha, Inglaterra, It\u00e1lia, Alemanha e Fran\u00e7a. Mercado continua aberto at\u00e9 a \u00faltima semana de agosto. Expectativa \u00e9 de se alcan\u00e7ar os R$ 25\u2026","rel":"","context":"Em &quot;futebol&quot;","block_context":{"text":"futebol","link":"https:\/\/blogdoprosperi.com\/?cat=53870"},"img":{"alt_text":"Quem vai parar Real Madrid?","src":"https:\/\/i0.wp.com\/blogdoprosperi.com\/wp-content\/uploads\/2024\/08\/nd_supercopa_foto_campeones_grupo_2pc7868-1.webp?fit=1200%2C675&ssl=1&resize=350%2C200","width":350,"height":200,"srcset":"https:\/\/i0.wp.com\/blogdoprosperi.com\/wp-content\/uploads\/2024\/08\/nd_supercopa_foto_campeones_grupo_2pc7868-1.webp?fit=1200%2C675&ssl=1&resize=350%2C200 1x, https:\/\/i0.wp.com\/blogdoprosperi.com\/wp-content\/uploads\/2024\/08\/nd_supercopa_foto_campeones_grupo_2pc7868-1.webp?fit=1200%2C675&ssl=1&resize=525%2C300 1.5x, https:\/\/i0.wp.com\/blogdoprosperi.com\/wp-content\/uploads\/2024\/08\/nd_supercopa_foto_campeones_grupo_2pc7868-1.webp?fit=1200%2C675&ssl=1&resize=700%2C400 2x, https:\/\/i0.wp.com\/blogdoprosperi.com\/wp-content\/uploads\/2024\/08\/nd_supercopa_foto_campeones_grupo_2pc7868-1.webp?fit=1200%2C675&ssl=1&resize=1050%2C600 3x"},"classes":[]},{"id":42256,"url":"https:\/\/blogdoprosperi.com\/?p=42256","url_meta":{"origin":44212,"position":5},"title":"Daniel Alves livre, Vinicius Jr preso","author":"Luiz Ant\u00f4nio Pr\u00f3speri","date":"25 de mar\u00e7o de 2024","format":false,"excerpt":"Daniel Alves saiu da pris\u00e3o no Centro Penitenci\u00e1rio Brians 2, Barcelona, na manh\u00e3 dessa segunda-feira (25\/3). Liberdade provis\u00f3ria ao custo de 1 milh\u00e3o de euros (R$ 5,4 milh\u00f5es), ap\u00f3s condena\u00e7\u00e3o por estupro. Quase no mesmo hor\u00e1rio da soltura de Dani, Vini Jr chorava em Madri durante entrevista coletiva da Sele\u00e7\u00e3o\u2026","rel":"","context":"Em &quot;CBF&quot;","block_context":{"text":"CBF","link":"https:\/\/blogdoprosperi.com\/?cat=570700"},"img":{"alt_text":"","src":"https:\/\/i0.wp.com\/blogdoprosperi.com\/wp-content\/uploads\/2024\/03\/53609537277_2a12e3cc4a_c.jpg?fit=799%2C533&ssl=1&resize=350%2C200","width":350,"height":200,"srcset":"https:\/\/i0.wp.com\/blogdoprosperi.com\/wp-content\/uploads\/2024\/03\/53609537277_2a12e3cc4a_c.jpg?fit=799%2C533&ssl=1&resize=350%2C200 1x, https:\/\/i0.wp.com\/blogdoprosperi.com\/wp-content\/uploads\/2024\/03\/53609537277_2a12e3cc4a_c.jpg?fit=799%2C533&ssl=1&resize=525%2C300 1.5x, https:\/\/i0.wp.com\/blogdoprosperi.com\/wp-content\/uploads\/2024\/03\/53609537277_2a12e3cc4a_c.jpg?fit=799%2C533&ssl=1&resize=700%2C400 2x"},"classes":[]}],"jetpack_featured_media_url":"https:\/\/i0.wp.com\/blogdoprosperi.com\/wp-content\/uploads\/2024\/07\/nd_madridismo_con_mbappe_01_1pc9302.webp?fit=1440%2C810&ssl=1","_links":{"self":[{"href":"https:\/\/blogdoprosperi.com\/index.php?rest_route=\/wp\/v2\/posts\/44212","targetHints":{"allow":["GET"]}}],"collection":[{"href":"https:\/\/blogdoprosperi.com\/index.php?rest_route=\/wp\/v2\/posts"}],"about":[{"href":"https:\/\/blogdoprosperi.com\/index.php?rest_route=\/wp\/v2\/types\/post"}],"author":[{"embeddable":true,"href":"https:\/\/blogdoprosperi.com\/index.php?rest_route=\/wp\/v2\/users\/102107496"}],"replies":[{"embeddable":true,"href":"https:\/\/blogdoprosperi.com\/index.php?rest_route=%2Fwp%2Fv2%2Fcomments&post=44212"}],"version-history":[{"count":22,"href":"https:\/\/blogdoprosperi.com\/index.php?rest_route=\/wp\/v2\/posts\/44212\/revisions"}],"predecessor-version":[{"id":44238,"href":"https:\/\/blogdoprosperi.com\/index.php?rest_route=\/wp\/v2\/posts\/44212\/revisions\/44238"}],"wp:featuredmedia":[{"embeddable":true,"href":"https:\/\/blogdoprosperi.com\/index.php?rest_route=\/wp\/v2\/media\/44225"}],"wp:attachment":[{"href":"https:\/\/blogdoprosperi.com\/index.php?rest_route=%2Fwp%2Fv2%2Fmedia&parent=44212"}],"wp:term":[{"taxonomy":"category","embeddable":true,"href":"https:\/\/blogdoprosperi.com\/index.php?rest_route=%2Fwp%2Fv2%2Fcategories&post=44212"},{"taxonomy":"post_tag","embeddable":true,"href":"https:\/\/blogdoprosperi.com\/index.php?rest_route=%2Fwp%2Fv2%2Ftags&post=44212"}],"curies":[{"name":"wp","href":"https:\/\/api.w.org\/{rel}","templated":true}]}}