{"id":44288,"date":"2024-07-17T20:28:08","date_gmt":"2024-07-17T23:28:08","guid":{"rendered":"https:\/\/blogdoprosperi.com\/?p=44288"},"modified":"2024-07-17T21:06:06","modified_gmt":"2024-07-18T00:06:06","slug":"torcedores-do-botafogo-enforcam-bonecos-de-leila-pereira-e-presidente-da-cbf","status":"publish","type":"post","link":"https:\/\/blogdoprosperi.com\/?p=44288","title":{"rendered":"Torcedores do Botafogo Enforcam Bonecos de Leila Pereira e Presidente da CBF"},"content":{"rendered":"<p><em>Luiz Ant\u00f4nio Pr\u00f3speri \u2013 17 julho 2024 \u2013 (20h30)<\/em><\/p>\n<p>Leila Pereira e John Textor ganham destaque em dois grandes portais da internet brasileira nessa quarta-feira (17\/7). Leila entrevistada no UOL e Textor no ge (globo esporte). As mat\u00e9rias foram ao ar a pelo menos nove horas antes do jogo Botafogo x Palmeiras a ser disputado \u00e0s 21h30 no Nilton Santos, Rio. E no fim da tarde, dois bonecos aparecem enforcados em uma passarela de acesso ao est\u00e1dio botafoguense. Um tem o rosto de Leila Pereira e um cartaz &#8220;Corrupta&#8221;. O outro tem rosto de Ednaldo Rodrigues, presidente da CBF. Torcedores do Botafogo ainda deixaram um recado no setor de visitantes do est\u00e1dio: &#8220;Voc\u00eas n\u00e3o s\u00e3o bem-vindos ao RJ&#8221;.<\/p>\n<p>Botafogo, por meio de suas redes sociais, se manifestou no in\u00edcio da noite repudiando comportamento de parte de sua torcida. E acionou a pol\u00edcia para retirar os bonecos enforcados.<\/p>\n<p>Quem acompanha futebol de perto sabe muito bem que n\u00e3o h\u00e1 na hist\u00f3ria centen\u00e1ria de Botafogo e Palmeiras uma rivalidade t\u00e3o acirrada a ponto de se enforcar bonecos com o rosto da presidenta do Palmeiras.<\/p>\n<p>A bronca dos botafoguenses vem da <strong><a style=\"color: #0000ff\" href=\"https:\/\/blogdoprosperi.com\/2024\/07\/12\/palmeiras-botafogo-e-flamengo-candidatos-ao-titulo-mas-so-um-tem-estevao\/\">virada do Palmeiras por 4 a 3<\/a><\/strong> no Brasileir\u00e3o de 2023, jogo que encaminhou a conquista do clube paulista e afastou o Botafogo da briga pelo t\u00edtulo.<\/p>\n<p>Muito da raiva dos torcedores do Botafogo est\u00e1 associada \u00e0s bravatas do businessman americano Jonh Textor, que comprou o clube carioca. Desde a virada \u00e9pica do Palmeiras ano passado, Textor vem acusando manipula\u00e7\u00e3o de jogos no Brasileir\u00e3o a favor do Palmeiras. Insiste nessa tese com base em an\u00e1lises de Intelig\u00eancia Artificial (IA), tecnologia que \u00e9 uma B\u00edblia para Textor.<\/p>\n<p>Nas entrevistas ao UOL e ge, os dois mandat\u00e1rios trataram de futebol por vi\u00e9s diferentes.<\/p>\n<figure id=\"attachment_41192\" aria-describedby=\"caption-attachment-41192\" style=\"width: 720px\" class=\"wp-caption alignnone\"><img data-recalc-dims=\"1\" loading=\"lazy\" decoding=\"async\" data-attachment-id=\"41192\" data-permalink=\"https:\/\/blogdoprosperi.com\/?attachment_id=41192\" data-orig-file=\"https:\/\/i0.wp.com\/blogdoprosperi.com\/wp-content\/uploads\/2023\/01\/52499028142_4b0d1c3e97_h.webp?fit=1280%2C720&amp;ssl=1\" data-orig-size=\"1280,720\" data-comments-opened=\"1\" data-image-meta=\"{&quot;aperture&quot;:&quot;0&quot;,&quot;credit&quot;:&quot;&quot;,&quot;camera&quot;:&quot;&quot;,&quot;caption&quot;:&quot;&quot;,&quot;created_timestamp&quot;:&quot;0&quot;,&quot;copyright&quot;:&quot;&quot;,&quot;focal_length&quot;:&quot;0&quot;,&quot;iso&quot;:&quot;0&quot;,&quot;shutter_speed&quot;:&quot;0&quot;,&quot;title&quot;:&quot;&quot;,&quot;orientation&quot;:&quot;0&quot;}\" data-image-title=\"Leila Pereira promete refor\u00e7a Palmeiras\" data-image-description=\"\" data-image-caption=\"&lt;p&gt;Leila n\u00e3o promete refor\u00e7os de peso \u2013 foto: Ag Palmeiras oficial&lt;\/p&gt;\n\" data-large-file=\"https:\/\/i0.wp.com\/blogdoprosperi.com\/wp-content\/uploads\/2023\/01\/52499028142_4b0d1c3e97_h.webp?fit=940%2C529&amp;ssl=1\" class=\"size-large wp-image-41192\" src=\"https:\/\/i0.wp.com\/blogdoprosperi.com\/wp-content\/uploads\/2023\/01\/52499028142_4b0d1c3e97_h.webp?resize=720%2C405&#038;ssl=1\" alt=\"\" width=\"720\" height=\"405\" \/><figcaption id=\"caption-attachment-41192\" class=\"wp-caption-text\">L<em>eila Pereira presidenta do Palmeiras \u2013 foto: Ag Palmeiras oficial<\/em><\/figcaption><\/figure>\n<p>Leila foi instigada a falar de sua trajet\u00f3ria no mundo da bola e como se comporta na gest\u00e3o vitoriosa do Palmeiras, al\u00e9m de detalhes de sua vida particular. Na entrevista se cogita <strong><a style=\"color: #0000ff\" href=\"https:\/\/blogdoprosperi.com\/2021\/03\/10\/dona-da-crefisa-vai-assumir-comando-do-palmeiras-em-dezembro-2021\/\">Leila a ser presidenta da CBF em breve.<\/a><\/strong><\/p>\n<p>Textor ao longo da entrevista ao ge passa a maior parte do tempo explicando como funciona Intelig\u00eancia Artificial na an\u00e1lise do comportamento dos jogadores durante um jogo de futebol. Bateu na tecla de &#8220;desvio de comportamento&#8221; de jogadores, como alguns do S\u00e3o Paulo, na goleada de 5 a 0 que levou do Palmeiras. E outras lorotas mais.<\/p>\n<figure id=\"attachment_42433\" aria-describedby=\"caption-attachment-42433\" style=\"width: 720px\" class=\"wp-caption alignnone\"><img data-recalc-dims=\"1\" loading=\"lazy\" decoding=\"async\" data-attachment-id=\"42433\" data-permalink=\"https:\/\/blogdoprosperi.com\/?attachment_id=42433\" data-orig-file=\"https:\/\/i0.wp.com\/blogdoprosperi.com\/wp-content\/uploads\/2024\/06\/palmeiras-aciona-justica-contra-john-textor-por-alegacoes-de-manipulacao-de-arbitragem-1.webp?fit=1024%2C576&amp;ssl=1\" data-orig-size=\"1024,576\" data-comments-opened=\"1\" data-image-meta=\"{&quot;aperture&quot;:&quot;0&quot;,&quot;credit&quot;:&quot;&quot;,&quot;camera&quot;:&quot;&quot;,&quot;caption&quot;:&quot;&quot;,&quot;created_timestamp&quot;:&quot;0&quot;,&quot;copyright&quot;:&quot;&quot;,&quot;focal_length&quot;:&quot;0&quot;,&quot;iso&quot;:&quot;0&quot;,&quot;shutter_speed&quot;:&quot;0&quot;,&quot;title&quot;:&quot;&quot;,&quot;orientation&quot;:&quot;0&quot;}\" data-image-title=\"Textor e a realidade virtual\" data-image-description=\"\" data-image-caption=\"&lt;p&gt;Textor compra briga com Palmeiras \u2013 foto: Botafogo oficial&lt;\/p&gt;\n\" data-large-file=\"https:\/\/i0.wp.com\/blogdoprosperi.com\/wp-content\/uploads\/2024\/06\/palmeiras-aciona-justica-contra-john-textor-por-alegacoes-de-manipulacao-de-arbitragem-1.webp?fit=940%2C529&amp;ssl=1\" class=\"size-large wp-image-42433\" src=\"https:\/\/i0.wp.com\/blogdoprosperi.com\/wp-content\/uploads\/2024\/06\/palmeiras-aciona-justica-contra-john-textor-por-alegacoes-de-manipulacao-de-arbitragem-1.webp?resize=720%2C405&#038;ssl=1\" alt=\"John Textor e a paix\u00e3o por Intelig\u00eancia Artificial\" width=\"720\" height=\"405\" \/><figcaption id=\"caption-attachment-42433\" class=\"wp-caption-text\"><em>Textor compra briga com Palmeiras \u2013 foto: Botafogo oficial<\/em><\/figcaption><\/figure>\n<p>Alertou ainda para o risco do futebol brasileiro ser dominado pelo Bahia, vendido ao Grupo City que pertence a um grupo estatal dos Emirados \u00c1rabes Unidos.<\/p>\n<p>&#8220;O Brasil trouxe dinheiro do petr\u00f3leo (dos \u00e1rabes) para casa. Se n\u00e3o fizermos nada, se n\u00e3o criarmos um teto salarial, o Bahia vai ganhar todos os campeonatos por 20 anos consecutivos&#8221;, disse <strong><a style=\"color: #0000ff\" href=\"https:\/\/blogdoprosperi.com\/2024\/06\/06\/entenda-interesse-financeiro-de-john-textor-e-inteligencia-artificial\/\">Textor, que faz fortuna com neg\u00f3cios nos Estados Unidos e Fran\u00e7a.<\/a><\/strong> Seria c\u00f4mico se n\u00e3o fosse rid\u00edculo.<\/p>\n<p>Textor ocuparia seu lugar nas tribunas do est\u00e1dio Nilton Santos \u00e0s 21h30 para acompanhar Botafogo e Palmeiras. Leila ficaria em seu apartamento em S\u00e3o Paulo. Preferiu permanecer em casa a bater de frente com Textor no jogo apontado como o mais esperado nesse primeiro turno do Brasileir\u00e3o 2024.<\/p>\n<blockquote><p>Tomei a decis\u00e3o de n\u00e3o ir ao jogo desta noite porque entendo que o foco precisa estar no campo. Afinal, a partida \u00e9 entre Botafogo e Palmeiras, e os jogadores s\u00e3o os astros do espet\u00e1culo. Infelizmente, ao ver estas imagens assustadoras, concluo que a decis\u00e3o de n\u00e3o comparecer ao est\u00e1dio foi correta &#8211; Leila Pereira em suas redes sociais 21h.<\/p><\/blockquote>\n<p>Assim caminha o futebol brasileiro. E La Nave Va.<\/p>\n","protected":false},"excerpt":{"rendered":"<p>Luiz Ant\u00f4nio Pr\u00f3speri \u2013 17 julho 2024 \u2013 (20h30) Leila Pereira e John Textor ganham destaque em dois [&hellip;]<\/p>\n","protected":false},"author":102107496,"featured_media":44293,"comment_status":"open","ping_status":"open","sticky":false,"template":"","format":"standard","meta":{"_coblocks_attr":"","_coblocks_dimensions":"","_coblocks_responsive_height":"","_coblocks_accordion_ie_support":"","_jetpack_newsletter_access":"","_jetpack_dont_email_post_to_subs":false,"_jetpack_newsletter_tier_id":0,"_jetpack_memberships_contains_paywalled_content":false,"_wpcom_ai_launchpad_first_post":false,"_jetpack_feature_clip_id":0,"_jetpack_memberships_contains_paid_content":false,"footnotes":"","jetpack_publicize_message":"","jetpack_publicize_feature_enabled":true,"jetpack_social_post_already_shared":false,"jetpack_social_options":{"image_generator_settings":{"template":"highway","default_image_id":0,"font":"","enabled":false},"version":2},"jetpack_post_was_ever_published":false},"categories":[53870],"tags":[10668348,342801,770132430,213405497,789560560,12355,33140672,57784134,789560573,287104],"class_list":["post-44288","post","type-post","status-publish","format-standard","has-post-thumbnail","hentry","category-futebol","tag-0000ff","tag-botafogo","tag-brasileirao-2024","tag-ednaldo-rodrigues","tag-futebol","tag-ia","tag-john-textor","tag-leila-pereira","tag-luiz-antonio-prosperi","tag-palmeiras"],"yoast_head":"<!-- This site is optimized with the Yoast SEO plugin v28.3 - https:\/\/yoast.com\/product\/yoast-seo-wordpress\/ -->\n<title>Torcedores do Botafogo Enforcam Bonecos de Leila Pereira e Presidente da CBF - PR\u00d3SPERI NEWS<\/title>\n<meta name=\"robots\" content=\"index, follow, max-snippet:-1, max-image-preview:large, max-video-preview:-1\" \/>\n<link rel=\"canonical\" href=\"https:\/\/blogdoprosperi.com\/?p=44288\" \/>\n<meta property=\"og:locale\" content=\"pt_BR\" \/>\n<meta property=\"og:type\" content=\"article\" \/>\n<meta property=\"og:title\" content=\"Torcedores do Botafogo Enforcam Bonecos de Leila Pereira e Presidente da CBF - PR\u00d3SPERI NEWS\" \/>\n<meta property=\"og:description\" content=\"Luiz Ant\u00f4nio Pr\u00f3speri \u2013 17 julho 2024 \u2013 (20h30) Leila Pereira e John Textor ganham destaque em dois [&hellip;]\" \/>\n<meta property=\"og:url\" content=\"https:\/\/blogdoprosperi.com\/?p=44288\" \/>\n<meta property=\"og:site_name\" content=\"PR\u00d3SPERI NEWS\" \/>\n<meta property=\"article:publisher\" content=\"Luiz Pr\u00f3speri\" \/>\n<meta property=\"article:author\" content=\"Luiz Pr\u00f3speri\" \/>\n<meta property=\"article:published_time\" content=\"2024-07-17T23:28:08+00:00\" \/>\n<meta property=\"article:modified_time\" content=\"2024-07-18T00:06:06+00:00\" \/>\n<meta property=\"og:image\" content=\"https:\/\/i0.wp.com\/blogdoprosperi.com\/wp-content\/uploads\/2024\/07\/leila-pereira-ednaldo-rodrigues-botafogo-645x362-1.jpg?fit=645%2C362&ssl=1\" \/>\n\t<meta property=\"og:image:width\" content=\"645\" \/>\n\t<meta property=\"og:image:height\" content=\"362\" \/>\n\t<meta property=\"og:image:type\" content=\"image\/jpeg\" \/>\n<meta name=\"author\" content=\"Luiz Ant\u00f4nio Pr\u00f3speri\" \/>\n<meta name=\"twitter:card\" content=\"summary_large_image\" \/>\n<meta name=\"twitter:creator\" content=\"@Luizprosperi\" \/>\n<meta name=\"twitter:site\" content=\"@Luizprosperi\" \/>\n<meta name=\"twitter:label1\" content=\"Escrito por\" \/>\n\t<meta name=\"twitter:data1\" content=\"Luiz Ant\u00f4nio Pr\u00f3speri\" \/>\n\t<meta name=\"twitter:label2\" content=\"Est. tempo de leitura\" \/>\n\t<meta name=\"twitter:data2\" content=\"3 minutos\" \/>\n<script type=\"application\/ld+json\" class=\"yoast-schema-graph\">{\"@context\":\"https:\\\/\\\/schema.org\",\"@graph\":[{\"@type\":\"Article\",\"@id\":\"https:\\\/\\\/blogdoprosperi.com\\\/?p=44288#article\",\"isPartOf\":{\"@id\":\"https:\\\/\\\/blogdoprosperi.com\\\/?p=44288\"},\"author\":{\"name\":\"Luiz Ant\u00f4nio Pr\u00f3speri\",\"@id\":\"https:\\\/\\\/blogdoprosperi.com\\\/#\\\/schema\\\/person\\\/38100755ce3601861ee4fab9b5aa78e9\"},\"headline\":\"Torcedores do Botafogo Enforcam Bonecos de Leila Pereira e Presidente da CBF\",\"datePublished\":\"2024-07-17T23:28:08+00:00\",\"dateModified\":\"2024-07-18T00:06:06+00:00\",\"mainEntityOfPage\":{\"@id\":\"https:\\\/\\\/blogdoprosperi.com\\\/?p=44288\"},\"wordCount\":654,\"commentCount\":1,\"publisher\":{\"@id\":\"https:\\\/\\\/blogdoprosperi.com\\\/#\\\/schema\\\/person\\\/38100755ce3601861ee4fab9b5aa78e9\"},\"image\":{\"@id\":\"https:\\\/\\\/blogdoprosperi.com\\\/?p=44288#primaryimage\"},\"thumbnailUrl\":\"https:\\\/\\\/i0.wp.com\\\/blogdoprosperi.com\\\/wp-content\\\/uploads\\\/2024\\\/07\\\/leila-pereira-ednaldo-rodrigues-botafogo-645x362-1.jpg?fit=645%2C362&ssl=1\",\"keywords\":[\"0000ff\",\"Botafogo\",\"brasileir\u00e3o 2024\",\"Ednaldo Rodrigues\",\"futebol\",\"IA\",\"john textor\",\"Leila Pereira\",\"Luiz Ant\u00f4nio Pr\u00f3speri\",\"Palmeiras\"],\"articleSection\":[\"futebol\"],\"inLanguage\":\"pt-BR\",\"potentialAction\":[{\"@type\":\"CommentAction\",\"name\":\"Comment\",\"target\":[\"https:\\\/\\\/blogdoprosperi.com\\\/?p=44288#respond\"]}]},{\"@type\":\"WebPage\",\"@id\":\"https:\\\/\\\/blogdoprosperi.com\\\/?p=44288\",\"url\":\"https:\\\/\\\/blogdoprosperi.com\\\/?p=44288\",\"name\":\"Torcedores do Botafogo Enforcam Bonecos de Leila Pereira e Presidente da CBF - PR\u00d3SPERI NEWS\",\"isPartOf\":{\"@id\":\"https:\\\/\\\/blogdoprosperi.com\\\/#website\"},\"primaryImageOfPage\":{\"@id\":\"https:\\\/\\\/blogdoprosperi.com\\\/?p=44288#primaryimage\"},\"image\":{\"@id\":\"https:\\\/\\\/blogdoprosperi.com\\\/?p=44288#primaryimage\"},\"thumbnailUrl\":\"https:\\\/\\\/i0.wp.com\\\/blogdoprosperi.com\\\/wp-content\\\/uploads\\\/2024\\\/07\\\/leila-pereira-ednaldo-rodrigues-botafogo-645x362-1.jpg?fit=645%2C362&ssl=1\",\"datePublished\":\"2024-07-17T23:28:08+00:00\",\"dateModified\":\"2024-07-18T00:06:06+00:00\",\"breadcrumb\":{\"@id\":\"https:\\\/\\\/blogdoprosperi.com\\\/?p=44288#breadcrumb\"},\"inLanguage\":\"pt-BR\",\"potentialAction\":[{\"@type\":\"ReadAction\",\"target\":[\"https:\\\/\\\/blogdoprosperi.com\\\/?p=44288\"]}]},{\"@type\":\"ImageObject\",\"inLanguage\":\"pt-BR\",\"@id\":\"https:\\\/\\\/blogdoprosperi.com\\\/?p=44288#primaryimage\",\"url\":\"https:\\\/\\\/i0.wp.com\\\/blogdoprosperi.com\\\/wp-content\\\/uploads\\\/2024\\\/07\\\/leila-pereira-ednaldo-rodrigues-botafogo-645x362-1.jpg?fit=645%2C362&ssl=1\",\"contentUrl\":\"https:\\\/\\\/i0.wp.com\\\/blogdoprosperi.com\\\/wp-content\\\/uploads\\\/2024\\\/07\\\/leila-pereira-ednaldo-rodrigues-botafogo-645x362-1.jpg?fit=645%2C362&ssl=1\",\"width\":645,\"height\":362,\"caption\":\"Bonecos de Leila e Ednaldo enforcados por torcedores do Botafogo \u2013 foto: autor desconhecido\"},{\"@type\":\"BreadcrumbList\",\"@id\":\"https:\\\/\\\/blogdoprosperi.com\\\/?p=44288#breadcrumb\",\"itemListElement\":[{\"@type\":\"ListItem\",\"position\":1,\"name\":\"In\u00edcio\",\"item\":\"https:\\\/\\\/blogdoprosperi.com\\\/\"},{\"@type\":\"ListItem\",\"position\":2,\"name\":\"Torcedores do Botafogo Enforcam Bonecos de Leila Pereira e Presidente da CBF\"}]},{\"@type\":\"WebSite\",\"@id\":\"https:\\\/\\\/blogdoprosperi.com\\\/#website\",\"url\":\"https:\\\/\\\/blogdoprosperi.com\\\/\",\"name\":\"PR\u00d3SPERI NEWS\",\"description\":\"TUDO \u00c9  FUTEBOL\",\"publisher\":{\"@id\":\"https:\\\/\\\/blogdoprosperi.com\\\/#\\\/schema\\\/person\\\/38100755ce3601861ee4fab9b5aa78e9\"},\"alternateName\":\"blogdoprosperi.com\",\"potentialAction\":[{\"@type\":\"SearchAction\",\"target\":{\"@type\":\"EntryPoint\",\"urlTemplate\":\"https:\\\/\\\/blogdoprosperi.com\\\/?s={search_term_string}\"},\"query-input\":{\"@type\":\"PropertyValueSpecification\",\"valueRequired\":true,\"valueName\":\"search_term_string\"}}],\"inLanguage\":\"pt-BR\"},{\"@type\":[\"Person\",\"Organization\"],\"@id\":\"https:\\\/\\\/blogdoprosperi.com\\\/#\\\/schema\\\/person\\\/38100755ce3601861ee4fab9b5aa78e9\",\"name\":\"Luiz Ant\u00f4nio Pr\u00f3speri\",\"pronouns\":\"ele\",\"image\":{\"@type\":\"ImageObject\",\"inLanguage\":\"pt-BR\",\"@id\":\"https:\\\/\\\/i0.wp.com\\\/blogdoprosperi.com\\\/wp-content\\\/uploads\\\/2026\\\/05\\\/cropped-8059e613-6002-42fa-961e-8e275f575d71-2-5.jpg?fit=1360%2C931&ssl=1\",\"url\":\"https:\\\/\\\/i0.wp.com\\\/blogdoprosperi.com\\\/wp-content\\\/uploads\\\/2026\\\/05\\\/cropped-8059e613-6002-42fa-961e-8e275f575d71-2-5.jpg?fit=1360%2C931&ssl=1\",\"contentUrl\":\"https:\\\/\\\/i0.wp.com\\\/blogdoprosperi.com\\\/wp-content\\\/uploads\\\/2026\\\/05\\\/cropped-8059e613-6002-42fa-961e-8e275f575d71-2-5.jpg?fit=1360%2C931&ssl=1\",\"width\":1360,\"height\":931,\"caption\":\"Luiz Ant\u00f4nio Pr\u00f3speri\"},\"logo\":{\"@id\":\"https:\\\/\\\/i0.wp.com\\\/blogdoprosperi.com\\\/wp-content\\\/uploads\\\/2026\\\/05\\\/cropped-8059e613-6002-42fa-961e-8e275f575d71-2-5.jpg?fit=1360%2C931&ssl=1\"},\"description\":\"Jornalista com carreira dedicada ao esporte. Cobriu 9 Copas do Mundo in loco, 1990 na It\u00e1lia, 1994 nos EUA, 1998 na Fran\u00e7a, 2002 na Coreia do Sul e Jap\u00e3o, 2006 na Alemanha, 2010 na \u00c1frica do Sul, 2014 no Brasil, 2018 na R\u00fassia e 2022 no Qatar. Eurocopas, 1992 na Su\u00e9cia e 1996 na Inglaterra. Copa das Confedera\u00e7\u00f5es de 2005 na Alemanha e 2009 na \u00c1frica do Sul. Rep\u00f3rter e Editor, trabalhou no Jornal da Tarde e Estad\u00e3o, de 1984 a fevereiro de 2016. Colunista, blogueiro. E comentarista de futebol na R\u00e1dio Estad\u00e3o, de 2013 a fevereiro de 2016. Jornalista respons\u00e1vel do \\\"Pr\u00f3speri News\\\" (blogdoprosperi.com).\",\"sameAs\":[\"http:\\\/\\\/blogdoprosperi.com\",\"Luiz Pr\u00f3speri\",\"@luiz_prosperi\",\"https:\\\/\\\/x.com\\\/Luizprosperi\",\"@prosperinacopa\",\"luiz.prosperi@icloud.com\"],\"url\":\"https:\\\/\\\/blogdoprosperi.com\\\/?author=102107496\"}]}<\/script>\n<!-- \/ Yoast SEO plugin. -->","yoast_head_json":{"title":"Torcedores do Botafogo Enforcam Bonecos de Leila Pereira e Presidente da CBF - PR\u00d3SPERI NEWS","robots":{"index":"index","follow":"follow","max-snippet":"max-snippet:-1","max-image-preview":"max-image-preview:large","max-video-preview":"max-video-preview:-1"},"canonical":"https:\/\/blogdoprosperi.com\/?p=44288","og_locale":"pt_BR","og_type":"article","og_title":"Torcedores do Botafogo Enforcam Bonecos de Leila Pereira e Presidente da CBF - PR\u00d3SPERI NEWS","og_description":"Luiz Ant\u00f4nio Pr\u00f3speri \u2013 17 julho 2024 \u2013 (20h30) Leila Pereira e John Textor ganham destaque em dois [&hellip;]","og_url":"https:\/\/blogdoprosperi.com\/?p=44288","og_site_name":"PR\u00d3SPERI NEWS","article_publisher":"Luiz Pr\u00f3speri","article_author":"Luiz Pr\u00f3speri","article_published_time":"2024-07-17T23:28:08+00:00","article_modified_time":"2024-07-18T00:06:06+00:00","og_image":[{"width":645,"height":362,"url":"https:\/\/i0.wp.com\/blogdoprosperi.com\/wp-content\/uploads\/2024\/07\/leila-pereira-ednaldo-rodrigues-botafogo-645x362-1.jpg?fit=645%2C362&ssl=1","type":"image\/jpeg"}],"author":"Luiz Ant\u00f4nio Pr\u00f3speri","twitter_card":"summary_large_image","twitter_creator":"@Luizprosperi","twitter_site":"@Luizprosperi","twitter_misc":{"Escrito por":"Luiz Ant\u00f4nio Pr\u00f3speri","Est. tempo de leitura":"3 minutos"},"schema":{"@context":"https:\/\/schema.org","@graph":[{"@type":"Article","@id":"https:\/\/blogdoprosperi.com\/?p=44288#article","isPartOf":{"@id":"https:\/\/blogdoprosperi.com\/?p=44288"},"author":{"name":"Luiz Ant\u00f4nio Pr\u00f3speri","@id":"https:\/\/blogdoprosperi.com\/#\/schema\/person\/38100755ce3601861ee4fab9b5aa78e9"},"headline":"Torcedores do Botafogo Enforcam Bonecos de Leila Pereira e Presidente da CBF","datePublished":"2024-07-17T23:28:08+00:00","dateModified":"2024-07-18T00:06:06+00:00","mainEntityOfPage":{"@id":"https:\/\/blogdoprosperi.com\/?p=44288"},"wordCount":654,"commentCount":1,"publisher":{"@id":"https:\/\/blogdoprosperi.com\/#\/schema\/person\/38100755ce3601861ee4fab9b5aa78e9"},"image":{"@id":"https:\/\/blogdoprosperi.com\/?p=44288#primaryimage"},"thumbnailUrl":"https:\/\/i0.wp.com\/blogdoprosperi.com\/wp-content\/uploads\/2024\/07\/leila-pereira-ednaldo-rodrigues-botafogo-645x362-1.jpg?fit=645%2C362&ssl=1","keywords":["0000ff","Botafogo","brasileir\u00e3o 2024","Ednaldo Rodrigues","futebol","IA","john textor","Leila Pereira","Luiz Ant\u00f4nio Pr\u00f3speri","Palmeiras"],"articleSection":["futebol"],"inLanguage":"pt-BR","potentialAction":[{"@type":"CommentAction","name":"Comment","target":["https:\/\/blogdoprosperi.com\/?p=44288#respond"]}]},{"@type":"WebPage","@id":"https:\/\/blogdoprosperi.com\/?p=44288","url":"https:\/\/blogdoprosperi.com\/?p=44288","name":"Torcedores do Botafogo Enforcam Bonecos de Leila Pereira e Presidente da CBF - PR\u00d3SPERI NEWS","isPartOf":{"@id":"https:\/\/blogdoprosperi.com\/#website"},"primaryImageOfPage":{"@id":"https:\/\/blogdoprosperi.com\/?p=44288#primaryimage"},"image":{"@id":"https:\/\/blogdoprosperi.com\/?p=44288#primaryimage"},"thumbnailUrl":"https:\/\/i0.wp.com\/blogdoprosperi.com\/wp-content\/uploads\/2024\/07\/leila-pereira-ednaldo-rodrigues-botafogo-645x362-1.jpg?fit=645%2C362&ssl=1","datePublished":"2024-07-17T23:28:08+00:00","dateModified":"2024-07-18T00:06:06+00:00","breadcrumb":{"@id":"https:\/\/blogdoprosperi.com\/?p=44288#breadcrumb"},"inLanguage":"pt-BR","potentialAction":[{"@type":"ReadAction","target":["https:\/\/blogdoprosperi.com\/?p=44288"]}]},{"@type":"ImageObject","inLanguage":"pt-BR","@id":"https:\/\/blogdoprosperi.com\/?p=44288#primaryimage","url":"https:\/\/i0.wp.com\/blogdoprosperi.com\/wp-content\/uploads\/2024\/07\/leila-pereira-ednaldo-rodrigues-botafogo-645x362-1.jpg?fit=645%2C362&ssl=1","contentUrl":"https:\/\/i0.wp.com\/blogdoprosperi.com\/wp-content\/uploads\/2024\/07\/leila-pereira-ednaldo-rodrigues-botafogo-645x362-1.jpg?fit=645%2C362&ssl=1","width":645,"height":362,"caption":"Bonecos de Leila e Ednaldo enforcados por torcedores do Botafogo \u2013 foto: autor desconhecido"},{"@type":"BreadcrumbList","@id":"https:\/\/blogdoprosperi.com\/?p=44288#breadcrumb","itemListElement":[{"@type":"ListItem","position":1,"name":"In\u00edcio","item":"https:\/\/blogdoprosperi.com\/"},{"@type":"ListItem","position":2,"name":"Torcedores do Botafogo Enforcam Bonecos de Leila Pereira e Presidente da CBF"}]},{"@type":"WebSite","@id":"https:\/\/blogdoprosperi.com\/#website","url":"https:\/\/blogdoprosperi.com\/","name":"PR\u00d3SPERI NEWS","description":"TUDO \u00c9  FUTEBOL","publisher":{"@id":"https:\/\/blogdoprosperi.com\/#\/schema\/person\/38100755ce3601861ee4fab9b5aa78e9"},"alternateName":"blogdoprosperi.com","potentialAction":[{"@type":"SearchAction","target":{"@type":"EntryPoint","urlTemplate":"https:\/\/blogdoprosperi.com\/?s={search_term_string}"},"query-input":{"@type":"PropertyValueSpecification","valueRequired":true,"valueName":"search_term_string"}}],"inLanguage":"pt-BR"},{"@type":["Person","Organization"],"@id":"https:\/\/blogdoprosperi.com\/#\/schema\/person\/38100755ce3601861ee4fab9b5aa78e9","name":"Luiz Ant\u00f4nio Pr\u00f3speri","pronouns":"ele","image":{"@type":"ImageObject","inLanguage":"pt-BR","@id":"https:\/\/i0.wp.com\/blogdoprosperi.com\/wp-content\/uploads\/2026\/05\/cropped-8059e613-6002-42fa-961e-8e275f575d71-2-5.jpg?fit=1360%2C931&ssl=1","url":"https:\/\/i0.wp.com\/blogdoprosperi.com\/wp-content\/uploads\/2026\/05\/cropped-8059e613-6002-42fa-961e-8e275f575d71-2-5.jpg?fit=1360%2C931&ssl=1","contentUrl":"https:\/\/i0.wp.com\/blogdoprosperi.com\/wp-content\/uploads\/2026\/05\/cropped-8059e613-6002-42fa-961e-8e275f575d71-2-5.jpg?fit=1360%2C931&ssl=1","width":1360,"height":931,"caption":"Luiz Ant\u00f4nio Pr\u00f3speri"},"logo":{"@id":"https:\/\/i0.wp.com\/blogdoprosperi.com\/wp-content\/uploads\/2026\/05\/cropped-8059e613-6002-42fa-961e-8e275f575d71-2-5.jpg?fit=1360%2C931&ssl=1"},"description":"Jornalista com carreira dedicada ao esporte. Cobriu 9 Copas do Mundo in loco, 1990 na It\u00e1lia, 1994 nos EUA, 1998 na Fran\u00e7a, 2002 na Coreia do Sul e Jap\u00e3o, 2006 na Alemanha, 2010 na \u00c1frica do Sul, 2014 no Brasil, 2018 na R\u00fassia e 2022 no Qatar. Eurocopas, 1992 na Su\u00e9cia e 1996 na Inglaterra. Copa das Confedera\u00e7\u00f5es de 2005 na Alemanha e 2009 na \u00c1frica do Sul. Rep\u00f3rter e Editor, trabalhou no Jornal da Tarde e Estad\u00e3o, de 1984 a fevereiro de 2016. Colunista, blogueiro. E comentarista de futebol na R\u00e1dio Estad\u00e3o, de 2013 a fevereiro de 2016. Jornalista respons\u00e1vel do \"Pr\u00f3speri News\" (blogdoprosperi.com).","sameAs":["http:\/\/blogdoprosperi.com","Luiz Pr\u00f3speri","@luiz_prosperi","https:\/\/x.com\/Luizprosperi","@prosperinacopa","luiz.prosperi@icloud.com"],"url":"https:\/\/blogdoprosperi.com\/?author=102107496"}]}},"jetpack_publicize_connections":[],"jetpack_likes_enabled":false,"jetpack_sharing_enabled":true,"jetpack_shortlink":"https:\/\/wp.me\/p7jvdk-bwk","jetpack-related-posts":[{"id":44306,"url":"https:\/\/blogdoprosperi.com\/?p=44306","url_meta":{"origin":44288,"position":0},"title":"Enzo Fernandez, Textor e Cac\u00e1: Pedidos de Desculpas e o Mundo \u00e0 Parte do Futebol","author":"Luiz Ant\u00f4nio Pr\u00f3speri","date":"18 de julho de 2024","format":false,"excerpt":"Luiz Ant\u00f4nio Pr\u00f3speri \u2013 18 julho 2024 (12h30) Futebol faz de tudo para se dissociar de um mundo normal. Como se fosse de outro planeta onde a lei civilizat\u00f3ria se resume a pedidos de desculpas por trangress\u00f5es ou falta de car\u00e1ter. Acompanhe tr\u00eas casos que aconteceram ao longo dessa semana\u2026","rel":"","context":"Em &quot;futebol&quot;","block_context":{"text":"futebol","link":"https:\/\/blogdoprosperi.com\/?cat=53870"},"img":{"alt_text":"","src":"https:\/\/i0.wp.com\/blogdoprosperi.com\/wp-content\/uploads\/2024\/07\/dqt7yvdf3vqxwcf7xqsc.webp?fit=1200%2C675&ssl=1&resize=350%2C200","width":350,"height":200,"srcset":"https:\/\/i0.wp.com\/blogdoprosperi.com\/wp-content\/uploads\/2024\/07\/dqt7yvdf3vqxwcf7xqsc.webp?fit=1200%2C675&ssl=1&resize=350%2C200 1x, https:\/\/i0.wp.com\/blogdoprosperi.com\/wp-content\/uploads\/2024\/07\/dqt7yvdf3vqxwcf7xqsc.webp?fit=1200%2C675&ssl=1&resize=525%2C300 1.5x, https:\/\/i0.wp.com\/blogdoprosperi.com\/wp-content\/uploads\/2024\/07\/dqt7yvdf3vqxwcf7xqsc.webp?fit=1200%2C675&ssl=1&resize=700%2C400 2x, https:\/\/i0.wp.com\/blogdoprosperi.com\/wp-content\/uploads\/2024\/07\/dqt7yvdf3vqxwcf7xqsc.webp?fit=1200%2C675&ssl=1&resize=1050%2C600 3x"},"classes":[]},{"id":44239,"url":"https:\/\/blogdoprosperi.com\/?p=44239","url_meta":{"origin":44288,"position":1},"title":"Botafogo x Palmeiras: Expectativa e Tens\u00e3o no Confronto Decisivo","author":"Luiz Ant\u00f4nio Pr\u00f3speri","date":"16 de julho de 2024","format":false,"excerpt":"Luiz Ant\u00f4nio Pr\u00f3speri - 16 julho - (17h50) Palmeiras enfrenta Botafogo no jogo que pode encaminhar o campe\u00e3o simb\u00f3lico do primeiro turno do Brasileir\u00e3o 2024. Confronto n\u00e3o \u00e9 uma simples disputa pelo topo da tabela de classifica\u00e7\u00e3o. H\u00e1 muito o que se discutir nessa quarta-feira (17\/7) no est\u00e1dio Nilton Santos.\u2026","rel":"","context":"Em &quot;futebol&quot;","block_context":{"text":"futebol","link":"https:\/\/blogdoprosperi.com\/?cat=53870"},"img":{"alt_text":"Botafogo x Palmeiras, muito al\u00e9m de um jogo de futebol","src":"https:\/\/i0.wp.com\/blogdoprosperi.com\/wp-content\/uploads\/2024\/07\/53851354464_6b927c5674_h.jpg?fit=1200%2C675&ssl=1&resize=350%2C200","width":350,"height":200,"srcset":"https:\/\/i0.wp.com\/blogdoprosperi.com\/wp-content\/uploads\/2024\/07\/53851354464_6b927c5674_h.jpg?fit=1200%2C675&ssl=1&resize=350%2C200 1x, https:\/\/i0.wp.com\/blogdoprosperi.com\/wp-content\/uploads\/2024\/07\/53851354464_6b927c5674_h.jpg?fit=1200%2C675&ssl=1&resize=525%2C300 1.5x, https:\/\/i0.wp.com\/blogdoprosperi.com\/wp-content\/uploads\/2024\/07\/53851354464_6b927c5674_h.jpg?fit=1200%2C675&ssl=1&resize=700%2C400 2x, https:\/\/i0.wp.com\/blogdoprosperi.com\/wp-content\/uploads\/2024\/07\/53851354464_6b927c5674_h.jpg?fit=1200%2C675&ssl=1&resize=1050%2C600 3x"},"classes":[]},{"id":50257,"url":"https:\/\/blogdoprosperi.com\/?p=50257","url_meta":{"origin":44288,"position":2},"title":"Leila Pereira Isola Palmeiras do Movimento dos Clubes | Candidata a Presidente da CBF em 2029?","author":"Luiz Ant\u00f4nio Pr\u00f3speri","date":"20 de maio de 2025","format":false,"excerpt":"Luiz Ant\u00f4nio Pr\u00f3speri \u2013 20 maio (13h45) \u2013 Leila Pereira continua fiel ao novo comando da CBF. No primeiro ato, a presidenta do Palmeiras apoia em car\u00e1ter oficial a candidatura de Samir Xaud contrariando posi\u00e7\u00e3o da maioria dos clubes da S\u00e9rie A. No segundo ato, n\u00e3o assina manifesto dos clubes\u2026","rel":"","context":"Em &quot;CBF&quot;","block_context":{"text":"CBF","link":"https:\/\/blogdoprosperi.com\/?cat=570700"},"img":{"alt_text":"","src":"https:\/\/i0.wp.com\/blogdoprosperi.com\/wp-content\/uploads\/2025\/05\/captura-de-tela-2025-05-20-as-13.56.19.png?fit=1200%2C650&ssl=1&resize=350%2C200","width":350,"height":200,"srcset":"https:\/\/i0.wp.com\/blogdoprosperi.com\/wp-content\/uploads\/2025\/05\/captura-de-tela-2025-05-20-as-13.56.19.png?fit=1200%2C650&ssl=1&resize=350%2C200 1x, https:\/\/i0.wp.com\/blogdoprosperi.com\/wp-content\/uploads\/2025\/05\/captura-de-tela-2025-05-20-as-13.56.19.png?fit=1200%2C650&ssl=1&resize=525%2C300 1.5x, https:\/\/i0.wp.com\/blogdoprosperi.com\/wp-content\/uploads\/2025\/05\/captura-de-tela-2025-05-20-as-13.56.19.png?fit=1200%2C650&ssl=1&resize=700%2C400 2x, https:\/\/i0.wp.com\/blogdoprosperi.com\/wp-content\/uploads\/2025\/05\/captura-de-tela-2025-05-20-as-13.56.19.png?fit=1200%2C650&ssl=1&resize=1050%2C600 3x"},"classes":[]},{"id":42163,"url":"https:\/\/blogdoprosperi.com\/?p=42163","url_meta":{"origin":44288,"position":3},"title":"Palmeiras incomoda Botafogo, S\u00e3o Paulo &#8230;","author":"Luiz Ant\u00f4nio Pr\u00f3speri","date":"11 de mar\u00e7o de 2024","format":false,"excerpt":"Palmeiras tem sido alvo de tiroteios de rivais. Saraivada de balas mais recente remete a um suposto esquema de arbitragem favor\u00e1vel ao clube presidido por Leila Pereira. Primeiro disparo vem do S\u00e3o Paulo. Segundo, de grosso calibre, parte Botafogo sob dire\u00e7\u00e3o do businessman americano John Textor. Quantos mais est\u00e3o por\u2026","rel":"","context":"Em &quot;CBF&quot;","block_context":{"text":"CBF","link":"https:\/\/blogdoprosperi.com\/?cat=570700"},"img":{"alt_text":"","src":"https:\/\/i0.wp.com\/blogdoprosperi.com\/wp-content\/uploads\/2024\/03\/53576798302_848ae64d5f_c.jpg?fit=800%2C640&ssl=1&resize=350%2C200","width":350,"height":200,"srcset":"https:\/\/i0.wp.com\/blogdoprosperi.com\/wp-content\/uploads\/2024\/03\/53576798302_848ae64d5f_c.jpg?fit=800%2C640&ssl=1&resize=350%2C200 1x, https:\/\/i0.wp.com\/blogdoprosperi.com\/wp-content\/uploads\/2024\/03\/53576798302_848ae64d5f_c.jpg?fit=800%2C640&ssl=1&resize=525%2C300 1.5x, https:\/\/i0.wp.com\/blogdoprosperi.com\/wp-content\/uploads\/2024\/03\/53576798302_848ae64d5f_c.jpg?fit=800%2C640&ssl=1&resize=700%2C400 2x"},"classes":[]},{"id":48344,"url":"https:\/\/blogdoprosperi.com\/?p=48344","url_meta":{"origin":44288,"position":4},"title":"Cinco Toques do Fim de Semana | Gol Ol\u00edmpico de Neymar, Palmeiras Calmo e Botafogo Espera o Caub\u00f3i","author":"Luiz Ant\u00f4nio Pr\u00f3speri","date":"24 de fevereiro de 2025","format":false,"excerpt":"Luiz Ant\u00f4nio Pr\u00f3speri \u2013 24 fevereiro (14h15) \u2013 1 NEYMAR, QUEM VAIA TAMB\u00c9M APLAUDE Neymar aparece no est\u00e1dio Major Levy Sobrinho em Limeira \u2013 capacidade para 18 mil torcedores \u2013, gramado razo\u00e1vel e ilumina\u00e7\u00e3o fraca. Joga como se estivesse no Camp Nou do Barcelona ou em Paris no Parque dos\u2026","rel":"","context":"Em &quot;futebol&quot;","block_context":{"text":"futebol","link":"https:\/\/blogdoprosperi.com\/?cat=53870"},"img":{"alt_text":"Neymar, quem vai tamb\u00e9m aplaude","src":"https:\/\/i0.wp.com\/blogdoprosperi.com\/wp-content\/uploads\/2025\/02\/neymar-santos-4-scaled-aspect-ratio-512-320.webp?fit=1200%2C750&ssl=1&resize=350%2C200","width":350,"height":200,"srcset":"https:\/\/i0.wp.com\/blogdoprosperi.com\/wp-content\/uploads\/2025\/02\/neymar-santos-4-scaled-aspect-ratio-512-320.webp?fit=1200%2C750&ssl=1&resize=350%2C200 1x, https:\/\/i0.wp.com\/blogdoprosperi.com\/wp-content\/uploads\/2025\/02\/neymar-santos-4-scaled-aspect-ratio-512-320.webp?fit=1200%2C750&ssl=1&resize=525%2C300 1.5x, https:\/\/i0.wp.com\/blogdoprosperi.com\/wp-content\/uploads\/2025\/02\/neymar-santos-4-scaled-aspect-ratio-512-320.webp?fit=1200%2C750&ssl=1&resize=700%2C400 2x, https:\/\/i0.wp.com\/blogdoprosperi.com\/wp-content\/uploads\/2025\/02\/neymar-santos-4-scaled-aspect-ratio-512-320.webp?fit=1200%2C750&ssl=1&resize=1050%2C600 3x"},"classes":[]},{"id":46525,"url":"https:\/\/blogdoprosperi.com\/?p=46525","url_meta":{"origin":44288,"position":5},"title":"Palmeiras e Botafogo \u2013 Decis\u00e3o | Time de Abel Larga na Pole, Artur Acusa Golpe","author":"Luiz Ant\u00f4nio Pr\u00f3speri","date":"25 de novembro de 2024","format":false,"excerpt":"Luiz Ant\u00f4nio Pr\u00f3speri \u2013 25 novembro \u2013 atualizado 26 novembro (12h40) \u2013 Palmeiras e Botafogo decidem Brasileir\u00e3o 2024 ter\u00e7a-feira (26\/11) na casa alviverde. Iguais no n\u00famero de pontos (70 a 70), time paulista tem vantagem no crit\u00e9rio de desempate com uma vit\u00f3ria a mais (21 a 20). Matem\u00e1ticos e analistas\u2026","rel":"","context":"Em &quot;futebol&quot;","block_context":{"text":"futebol","link":"https:\/\/blogdoprosperi.com\/?cat=53870"},"img":{"alt_text":"Time de Abel Ferreira larga na frente contra Botafogo","src":"https:\/\/i0.wp.com\/blogdoprosperi.com\/wp-content\/uploads\/2024\/11\/54160663650_ea2b7b6b97_h.jpg?fit=1200%2C675&ssl=1&resize=350%2C200","width":350,"height":200,"srcset":"https:\/\/i0.wp.com\/blogdoprosperi.com\/wp-content\/uploads\/2024\/11\/54160663650_ea2b7b6b97_h.jpg?fit=1200%2C675&ssl=1&resize=350%2C200 1x, https:\/\/i0.wp.com\/blogdoprosperi.com\/wp-content\/uploads\/2024\/11\/54160663650_ea2b7b6b97_h.jpg?fit=1200%2C675&ssl=1&resize=525%2C300 1.5x, https:\/\/i0.wp.com\/blogdoprosperi.com\/wp-content\/uploads\/2024\/11\/54160663650_ea2b7b6b97_h.jpg?fit=1200%2C675&ssl=1&resize=700%2C400 2x, https:\/\/i0.wp.com\/blogdoprosperi.com\/wp-content\/uploads\/2024\/11\/54160663650_ea2b7b6b97_h.jpg?fit=1200%2C675&ssl=1&resize=1050%2C600 3x"},"classes":[]}],"jetpack_featured_media_url":"https:\/\/i0.wp.com\/blogdoprosperi.com\/wp-content\/uploads\/2024\/07\/leila-pereira-ednaldo-rodrigues-botafogo-645x362-1.jpg?fit=645%2C362&ssl=1","_links":{"self":[{"href":"https:\/\/blogdoprosperi.com\/index.php?rest_route=\/wp\/v2\/posts\/44288","targetHints":{"allow":["GET"]}}],"collection":[{"href":"https:\/\/blogdoprosperi.com\/index.php?rest_route=\/wp\/v2\/posts"}],"about":[{"href":"https:\/\/blogdoprosperi.com\/index.php?rest_route=\/wp\/v2\/types\/post"}],"author":[{"embeddable":true,"href":"https:\/\/blogdoprosperi.com\/index.php?rest_route=\/wp\/v2\/users\/102107496"}],"replies":[{"embeddable":true,"href":"https:\/\/blogdoprosperi.com\/index.php?rest_route=%2Fwp%2Fv2%2Fcomments&post=44288"}],"version-history":[{"count":14,"href":"https:\/\/blogdoprosperi.com\/index.php?rest_route=\/wp\/v2\/posts\/44288\/revisions"}],"predecessor-version":[{"id":44303,"href":"https:\/\/blogdoprosperi.com\/index.php?rest_route=\/wp\/v2\/posts\/44288\/revisions\/44303"}],"wp:featuredmedia":[{"embeddable":true,"href":"https:\/\/blogdoprosperi.com\/index.php?rest_route=\/wp\/v2\/media\/44293"}],"wp:attachment":[{"href":"https:\/\/blogdoprosperi.com\/index.php?rest_route=%2Fwp%2Fv2%2Fmedia&parent=44288"}],"wp:term":[{"taxonomy":"category","embeddable":true,"href":"https:\/\/blogdoprosperi.com\/index.php?rest_route=%2Fwp%2Fv2%2Fcategories&post=44288"},{"taxonomy":"post_tag","embeddable":true,"href":"https:\/\/blogdoprosperi.com\/index.php?rest_route=%2Fwp%2Fv2%2Ftags&post=44288"}],"curies":[{"name":"wp","href":"https:\/\/api.w.org\/{rel}","templated":true}]}}