{"id":44306,"date":"2024-07-18T12:23:33","date_gmt":"2024-07-18T15:23:33","guid":{"rendered":"https:\/\/blogdoprosperi.com\/?p=44306"},"modified":"2024-07-18T21:23:49","modified_gmt":"2024-07-19T00:23:49","slug":"enzo-fernandez-textor-e-caca-pedidos-de-desculpas-e-o-mundo-a-parte-do-futebol","status":"publish","type":"post","link":"https:\/\/blogdoprosperi.com\/?p=44306","title":{"rendered":"Enzo Fernandez, Textor e Cac\u00e1: Pedidos de Desculpas e o Mundo \u00e0 Parte do Futebol"},"content":{"rendered":"<p><em>Luiz Ant\u00f4nio Pr\u00f3speri \u2013 18 julho 2024 (12h30)<\/em><\/p>\n<p>Futebol faz de tudo para se dissociar de um mundo normal. Como se fosse de outro planeta onde a lei civilizat\u00f3ria se resume a pedidos de desculpas por trangress\u00f5es ou falta de car\u00e1ter.<\/p>\n<p>Acompanhe tr\u00eas casos que aconteceram ao longo dessa semana e os pedidos de desculpas dos envolvidos em racismo, homofobia, crime e \u00f3dio:<\/p>\n<p><strong>1 \u2013 Quarta-feira (17\/7) \u2013 John Textor, dono do Botafogo,<\/strong> fala em amor depois da vit\u00f3ria do Botafogo por 1 a 0 contra o Palmeiras. Pouco antes da partida, bonecos de Leila Pereira (presidente do Palmeiras) e de Ednaldo Rodrigues (presidente da CBF) s\u00e3o enforcados em uma passarela de acesso ao est\u00e1dio Nilton Santos no Rio.<\/p>\n<p>Rea\u00e7\u00e3o de parte de torcedores, que enforcaram os bonecos, \u00e9 efeito imediato das bravatas de Textor contra o Palmeiras e a suspeita de manipula\u00e7\u00e3o do Brasileir\u00e3o de 2023 favor\u00e1vel ao Palmeiras.<\/p>\n<p><strong>Textor pede desculpas:<\/strong><\/p>\n<blockquote><p>Uma garotinha me deu uma pulseira, na minha volta ao est\u00e1dio, com a palavra &#8220;amor&#8221;. Isso \u00e9 importante, todos n\u00f3s sempre dizemos que os campeonatos s\u00e3o feitos de amor e n\u00e3o de \u00f3dio. E o que isso representou hoje era \u00f3dio. Aquilo n\u00e3o \u00e9 o Botafogo, n\u00e3o nos ajuda a vencer e nem ajuda o time. <strong>Ent\u00e3o, quero pedir desculpas \u00e0 Leila e ao Ednaldo por isso. Tudo \u00e9 sobre amor, essa \u00e9 a mensagem<\/strong>&#8220;, disse Textor ao final do jogo.<\/p>\n<\/blockquote>\n<figure id=\"attachment_44293\" aria-describedby=\"caption-attachment-44293\" style=\"width: 645px\" class=\"wp-caption alignnone\"><img data-recalc-dims=\"1\" loading=\"lazy\" decoding=\"async\" data-attachment-id=\"44293\" data-permalink=\"https:\/\/blogdoprosperi.com\/?attachment_id=44293\" data-orig-file=\"https:\/\/i0.wp.com\/blogdoprosperi.com\/wp-content\/uploads\/2024\/07\/leila-pereira-ednaldo-rodrigues-botafogo-645x362-1.jpg?fit=645%2C362&amp;ssl=1\" data-orig-size=\"645,362\" data-comments-opened=\"1\" data-image-meta=\"{&quot;aperture&quot;:&quot;0&quot;,&quot;credit&quot;:&quot;&quot;,&quot;camera&quot;:&quot;&quot;,&quot;caption&quot;:&quot;&quot;,&quot;created_timestamp&quot;:&quot;0&quot;,&quot;copyright&quot;:&quot;&quot;,&quot;focal_length&quot;:&quot;0&quot;,&quot;iso&quot;:&quot;0&quot;,&quot;shutter_speed&quot;:&quot;0&quot;,&quot;title&quot;:&quot;&quot;,&quot;orientation&quot;:&quot;0&quot;}\" data-image-title=\"Bonecos de Leila Pereira e Ednaldo Rodrigues enforcados\" data-image-description=\"\" data-image-caption=\"&lt;p&gt;Bonecos de Leila e Ednaldo enforcados por torcedores do Botafogo \u2013 foto: autor desconhecido&lt;\/p&gt;\n\" data-large-file=\"https:\/\/i0.wp.com\/blogdoprosperi.com\/wp-content\/uploads\/2024\/07\/leila-pereira-ednaldo-rodrigues-botafogo-645x362-1.jpg?fit=645%2C362&amp;ssl=1\" src=\"https:\/\/i0.wp.com\/blogdoprosperi.com\/wp-content\/uploads\/2024\/07\/leila-pereira-ednaldo-rodrigues-botafogo-645x362-1.jpg?resize=645%2C362&#038;ssl=1\" class=\"size-full wp-image-44293\" alt=\"\" width=\"645\" height=\"362\"><figcaption id=\"caption-attachment-44293\" class=\"wp-caption-text\"><em>Bonecos de Leila e Ednaldo enforcados por torcedores do Botafogo \u2013 foto: autor desconhecido<\/em><\/figcaption><\/figure>\n<p><strong>2 \u2013 Segunda-feira (15\/7) \u2013 Enzo Fernandez<\/strong>, jogador da Sele\u00e7\u00e3o Argentina e do Chelsea, pede desculpas por c\u00e2ntico racista e homof\u00f3bicos contra jogadores franceses da sele\u00e7\u00e3o. A can\u00e7\u00e3o ganhou repercuss\u00e3o na transmiss\u00e3o ao vivo no Instagram feita por Enzo no \u00f4nibus da Sele\u00e7\u00e3o Argentina ap\u00f3s conquista da Copa Am\u00e9rica em Miami domingo.<\/p>\n<p>Veja a letra da m\u00fasica:<\/p>\n<p><strong><em>&#8220;Eles jogam pela Fran\u00e7a<\/em><\/strong><br \/>\n<strong><em>mas s\u00e3o de Angola<\/em><\/strong><br \/>\n<strong><em>que bom que eles v\u00e3o correr<\/em><\/strong><br \/>\n<strong><em>se relacionam com transexuais<\/em><\/strong><br \/>\n<strong><em>a m\u00e3e deles \u00e9 nigeriana<\/em><\/strong><br \/>\n<strong><em>o pai deles cambojano<\/em><\/strong><br \/>\n<strong><em>mas no passaporte: franc\u00eas&#8221;&nbsp;<\/em><\/strong><\/p>\n<p>Federa\u00e7\u00e3o Francesa de Futebol aciona a Fifa que promete investigar o caso e punir os respons\u00e1veis.<\/p>\n<figure id=\"attachment_44322\" aria-describedby=\"caption-attachment-44322\" style=\"width: 648px\" class=\"wp-caption alignnone\"><img data-recalc-dims=\"1\" loading=\"lazy\" decoding=\"async\" data-attachment-id=\"44322\" data-permalink=\"https:\/\/blogdoprosperi.com\/?attachment_id=44322\" data-orig-file=\"https:\/\/i0.wp.com\/blogdoprosperi.com\/wp-content\/uploads\/2024\/07\/enzo-fernandez-gravou-canto-preconceituoso-da-selecao-da-argentina-05221_800x450.webp?fit=800%2C450&amp;ssl=1\" data-orig-size=\"800,450\" data-comments-opened=\"1\" data-image-meta=\"{&quot;aperture&quot;:&quot;0&quot;,&quot;credit&quot;:&quot;&quot;,&quot;camera&quot;:&quot;&quot;,&quot;caption&quot;:&quot;&quot;,&quot;created_timestamp&quot;:&quot;0&quot;,&quot;copyright&quot;:&quot;&quot;,&quot;focal_length&quot;:&quot;0&quot;,&quot;iso&quot;:&quot;0&quot;,&quot;shutter_speed&quot;:&quot;0&quot;,&quot;title&quot;:&quot;&quot;,&quot;orientation&quot;:&quot;0&quot;}\" data-image-title=\"Enzo Fernandez da Argentina\" data-image-description=\"\" data-image-caption=\"&lt;p&gt;Enzo e os cantos racistas \u2013 reprodu\u00e7\u00e3o v\u00eddeo&lt;\/p&gt;\n\" data-large-file=\"https:\/\/i0.wp.com\/blogdoprosperi.com\/wp-content\/uploads\/2024\/07\/enzo-fernandez-gravou-canto-preconceituoso-da-selecao-da-argentina-05221_800x450.webp?fit=800%2C450&amp;ssl=1\" src=\"https:\/\/i0.wp.com\/blogdoprosperi.com\/wp-content\/uploads\/2024\/07\/enzo-fernandez-gravou-canto-preconceituoso-da-selecao-da-argentina-05221_800x450.webp?resize=648%2C365&#038;ssl=1\" class=\"wp-image-44322\" alt=\"\" width=\"648\" height=\"365\"><figcaption id=\"caption-attachment-44322\" class=\"wp-caption-text\"><em>Enzo e os cantos racistas \u2013 reprodu\u00e7\u00e3o v\u00eddeo<\/em><\/figcaption><\/figure>\n<p><strong>Enzo Fernandez pede desculpas<\/strong>:<\/p>\n<blockquote><p>Quero sinceramente pedir desculpas pelo v\u00eddeo que postei no Instagram durante as comemora\u00e7\u00f5es com a sele\u00e7\u00e3o. A m\u00fasica inclui linguagem extremamente ofensiva e n\u00e3o h\u00e1 qualquer desculpa para essas palavras&#8221;<\/p>\n<\/blockquote>\n<p>Julio Garro, Secret\u00e1rio de Esportes do governo da Argentina, pediu a Lionel Messi, capit\u00e3o da sele\u00e7\u00e3o, e ao presidente da AFA, Claudio Tapia, que se retratassem pela m\u00fasica racista.<\/p>\n<p>&#8220;O capit\u00e3o da sele\u00e7\u00e3o nacional deve pedir desculpas. O mesmo que o presidente da AFA. Isso nos deixa, como pa\u00eds, em uma situa\u00e7\u00e3o ruim depois de tantas gl\u00f3rias&#8221; .<\/p>\n<p>Javier Milei, presidente da Argentina, reagiu de imediato e, pasmem, demitiu o Secret\u00e1rio de Esportes.<\/p>\n<figure id=\"attachment_44311\" aria-describedby=\"caption-attachment-44311\" style=\"width: 510px\" class=\"wp-caption alignnone\"><img data-recalc-dims=\"1\" loading=\"lazy\" decoding=\"async\" data-attachment-id=\"44311\" data-permalink=\"https:\/\/blogdoprosperi.com\/?attachment_id=44311\" data-orig-file=\"https:\/\/i0.wp.com\/blogdoprosperi.com\/wp-content\/uploads\/2024\/07\/javier_milei_x-1.jpg?fit=752%2C828&amp;ssl=1\" data-orig-size=\"752,828\" data-comments-opened=\"1\" data-image-meta=\"{&quot;aperture&quot;:&quot;0&quot;,&quot;credit&quot;:&quot;&quot;,&quot;camera&quot;:&quot;&quot;,&quot;caption&quot;:&quot;&quot;,&quot;created_timestamp&quot;:&quot;0&quot;,&quot;copyright&quot;:&quot;&quot;,&quot;focal_length&quot;:&quot;0&quot;,&quot;iso&quot;:&quot;0&quot;,&quot;shutter_speed&quot;:&quot;0&quot;,&quot;title&quot;:&quot;&quot;,&quot;orientation&quot;:&quot;1&quot;}\" data-image-title=\"Milei demite Ministro\" data-image-description=\"\" data-image-caption=\"&lt;p&gt;Milei demite ministro que cobrou Messi por um pedido de desculpa no caso dos c\u00e2nticos racistas da sele\u00e7\u00e3o \u2013 reprodu\u00e7\u00e3o Twitter&lt;\/p&gt;\n\" data-large-file=\"https:\/\/i0.wp.com\/blogdoprosperi.com\/wp-content\/uploads\/2024\/07\/javier_milei_x-1.jpg?fit=752%2C828&amp;ssl=1\" src=\"https:\/\/i0.wp.com\/blogdoprosperi.com\/wp-content\/uploads\/2024\/07\/javier_milei_x-1.jpg?resize=510%2C561&#038;ssl=1\" class=\"wp-image-44311\" alt=\"\" width=\"510\" height=\"561\"><figcaption id=\"caption-attachment-44311\" class=\"wp-caption-text\"><em>Milei demite ministro que cobrou Messi por pedido de desculpa no caso dos c\u00e2nticos racistas da sele\u00e7\u00e3o \u2013 reprodu\u00e7\u00e3o Twitter<\/em><\/figcaption><\/figure>\n<p><strong>3 \u2013 Ter\u00e7a-feira (16\/7) \u2013 Cac\u00e1, zagueiro do Corinthians<\/strong>, xinga rep\u00f3rteres ap\u00f3s vit\u00f3ria de seu time por 2 a 1 contra Crici\u00fama na Neo Qu\u00edmica Arena em S\u00e3o Paulo. O jogador havia sido levado pela assessoria do clube \u00e0 zona de entrevistas do est\u00e1dio para falar sobre o jogo. Cac\u00e1 se recusou a falar e disse apenas uma frase:<\/p>\n<p><strong>&#8220;Hoje \u00e9 poucas, nem vou render muito, n\u00e3o. Pau no c&#8230; da m\u00eddia, e Vai, Corinthians&#8221;.<\/strong><\/p>\n<figure id=\"attachment_44324\" aria-describedby=\"caption-attachment-44324\" style=\"width: 512px\" class=\"wp-caption alignnone\"><img data-recalc-dims=\"1\" loading=\"lazy\" decoding=\"async\" data-attachment-id=\"44324\" data-permalink=\"https:\/\/blogdoprosperi.com\/?attachment_id=44324\" data-orig-file=\"https:\/\/i0.wp.com\/blogdoprosperi.com\/wp-content\/uploads\/2024\/07\/caca.png_423682103.webp?fit=1200%2C1200&amp;ssl=1\" data-orig-size=\"1200,1200\" data-comments-opened=\"1\" data-image-meta=\"{&quot;aperture&quot;:&quot;0&quot;,&quot;credit&quot;:&quot;&quot;,&quot;camera&quot;:&quot;&quot;,&quot;caption&quot;:&quot;&quot;,&quot;created_timestamp&quot;:&quot;0&quot;,&quot;copyright&quot;:&quot;&quot;,&quot;focal_length&quot;:&quot;0&quot;,&quot;iso&quot;:&quot;0&quot;,&quot;shutter_speed&quot;:&quot;0&quot;,&quot;title&quot;:&quot;&quot;,&quot;orientation&quot;:&quot;0&quot;}\" data-image-title=\"Cac\u00e1 xinga jornalistas\" data-image-description=\"\" data-image-caption=\"&lt;p&gt;Cac\u00e1 xinga jornalista e pede desculpas \u2013 reprodu\u00e7\u00e3o TV&lt;\/p&gt;\n\" data-large-file=\"https:\/\/i0.wp.com\/blogdoprosperi.com\/wp-content\/uploads\/2024\/07\/caca.png_423682103.webp?fit=940%2C940&amp;ssl=1\" src=\"https:\/\/i0.wp.com\/blogdoprosperi.com\/wp-content\/uploads\/2024\/07\/caca.png_423682103.webp?resize=512%2C512&#038;ssl=1\" class=\"wp-image-44324\" alt=\"\" width=\"512\" height=\"512\"><figcaption id=\"caption-attachment-44324\" class=\"wp-caption-text\"><em>Cac\u00e1 xinga jornalista e pede desculpas \u2013 reprodu\u00e7\u00e3o TV<\/em><\/figcaption><\/figure>\n<p>Pouco depois da meia-noite de ter\u00e7a-feira entrando na madrugada de quarta-feira, Cac\u00e1 se retrata.<\/p>\n<p><strong>Cac\u00e1 pede desculpas:<\/strong><\/p>\n<blockquote><p>Pessoal, gostaria de me desculpar pela minha atitude na zona mista. <strong>Estava de cabe\u00e7a quente por alguns coment\u00e1rios que vi sobre o time mesmo com a vit\u00f3ria e tive um comportamento ruim<\/strong>. Quero valorizar a vit\u00f3ria do grupo e dizer ao torcedor que seguimos juntos. Respeito muito o papel e trabalho dos jornalistas. P\u00e1gina virada e seguimos em busca do melhor para o Corinthians&#8221;.<\/p>\n<\/blockquote>\n<p>Assim caminha o futebol. E La Nave Va.<\/p>\n","protected":false},"excerpt":{"rendered":"<p>Luiz Ant\u00f4nio Pr\u00f3speri \u2013 18 julho 2024 (12h30) Futebol faz de tudo para se dissociar de um mundo [&hellip;]<\/p>\n","protected":false},"author":102107496,"featured_media":44330,"comment_status":"open","ping_status":"open","sticky":false,"template":"","format":"standard","meta":{"_coblocks_attr":"","_coblocks_dimensions":"","_coblocks_responsive_height":"","_coblocks_accordion_ie_support":"","_jetpack_newsletter_access":"","_jetpack_dont_email_post_to_subs":false,"_jetpack_newsletter_tier_id":0,"_jetpack_memberships_contains_paywalled_content":false,"_wpcom_ai_launchpad_first_post":false,"_jetpack_feature_clip_id":0,"_jetpack_memberships_contains_paid_content":false,"footnotes":"","jetpack_publicize_message":"","jetpack_publicize_feature_enabled":true,"jetpack_social_post_already_shared":false,"jetpack_social_options":{"image_generator_settings":{"template":"highway","default_image_id":0,"font":"","enabled":false},"version":2},"jetpack_post_was_ever_published":false},"categories":[53870,3919],"tags":[342801,772973155,18263099,789560560,33140672,57784134,789560573,81750,4600373],"class_list":["post-44306","post","type-post","status-publish","format-standard","has-post-thumbnail","hentry","category-futebol","category-opiniao","tag-botafogo","tag-caca-corinthians","tag-enzo-fernandez","tag-futebol","tag-john-textor","tag-leila-pereira","tag-luiz-antonio-prosperi","tag-messi","tag-selecao-argentina"],"yoast_head":"<!-- This site is optimized with the Yoast SEO plugin v28.3 - https:\/\/yoast.com\/product\/yoast-seo-wordpress\/ -->\n<title>Enzo Fernandez, Textor e Cac\u00e1: Pedidos de Desculpas e o Mundo \u00e0 Parte do Futebol - PR\u00d3SPERI NEWS<\/title>\n<meta name=\"robots\" content=\"index, follow, max-snippet:-1, max-image-preview:large, max-video-preview:-1\" \/>\n<link rel=\"canonical\" href=\"https:\/\/blogdoprosperi.com\/?p=44306\" \/>\n<meta property=\"og:locale\" content=\"pt_BR\" \/>\n<meta property=\"og:type\" content=\"article\" \/>\n<meta property=\"og:title\" content=\"Enzo Fernandez, Textor e Cac\u00e1: Pedidos de Desculpas e o Mundo \u00e0 Parte do Futebol - PR\u00d3SPERI NEWS\" \/>\n<meta property=\"og:description\" content=\"Luiz Ant\u00f4nio Pr\u00f3speri \u2013 18 julho 2024 (12h30) Futebol faz de tudo para se dissociar de um mundo [&hellip;]\" \/>\n<meta property=\"og:url\" content=\"https:\/\/blogdoprosperi.com\/?p=44306\" \/>\n<meta property=\"og:site_name\" content=\"PR\u00d3SPERI NEWS\" \/>\n<meta property=\"article:publisher\" content=\"Luiz Pr\u00f3speri\" \/>\n<meta property=\"article:author\" content=\"Luiz Pr\u00f3speri\" \/>\n<meta property=\"article:published_time\" content=\"2024-07-18T15:23:33+00:00\" \/>\n<meta property=\"article:modified_time\" content=\"2024-07-19T00:23:49+00:00\" \/>\n<meta property=\"og:image\" content=\"https:\/\/i0.wp.com\/blogdoprosperi.com\/wp-content\/uploads\/2024\/07\/dqt7yvdf3vqxwcf7xqsc.webp?fit=1200%2C675&ssl=1\" \/>\n\t<meta property=\"og:image:width\" content=\"1200\" \/>\n\t<meta property=\"og:image:height\" content=\"675\" \/>\n\t<meta property=\"og:image:type\" content=\"image\/webp\" \/>\n<meta name=\"author\" content=\"Luiz Ant\u00f4nio Pr\u00f3speri\" \/>\n<meta name=\"twitter:card\" content=\"summary_large_image\" \/>\n<meta name=\"twitter:creator\" content=\"@Luizprosperi\" \/>\n<meta name=\"twitter:site\" content=\"@Luizprosperi\" \/>\n<meta name=\"twitter:label1\" content=\"Escrito por\" \/>\n\t<meta name=\"twitter:data1\" content=\"Luiz Ant\u00f4nio Pr\u00f3speri\" \/>\n\t<meta name=\"twitter:label2\" content=\"Est. tempo de leitura\" \/>\n\t<meta name=\"twitter:data2\" content=\"4 minutos\" \/>\n<script type=\"application\/ld+json\" class=\"yoast-schema-graph\">{\"@context\":\"https:\\\/\\\/schema.org\",\"@graph\":[{\"@type\":\"Article\",\"@id\":\"https:\\\/\\\/blogdoprosperi.com\\\/?p=44306#article\",\"isPartOf\":{\"@id\":\"https:\\\/\\\/blogdoprosperi.com\\\/?p=44306\"},\"author\":{\"name\":\"Luiz Ant\u00f4nio Pr\u00f3speri\",\"@id\":\"https:\\\/\\\/blogdoprosperi.com\\\/#\\\/schema\\\/person\\\/38100755ce3601861ee4fab9b5aa78e9\"},\"headline\":\"Enzo Fernandez, Textor e Cac\u00e1: Pedidos de Desculpas e o Mundo \u00e0 Parte do Futebol\",\"datePublished\":\"2024-07-18T15:23:33+00:00\",\"dateModified\":\"2024-07-19T00:23:49+00:00\",\"mainEntityOfPage\":{\"@id\":\"https:\\\/\\\/blogdoprosperi.com\\\/?p=44306\"},\"wordCount\":752,\"commentCount\":0,\"publisher\":{\"@id\":\"https:\\\/\\\/blogdoprosperi.com\\\/#\\\/schema\\\/person\\\/38100755ce3601861ee4fab9b5aa78e9\"},\"image\":{\"@id\":\"https:\\\/\\\/blogdoprosperi.com\\\/?p=44306#primaryimage\"},\"thumbnailUrl\":\"https:\\\/\\\/i0.wp.com\\\/blogdoprosperi.com\\\/wp-content\\\/uploads\\\/2024\\\/07\\\/dqt7yvdf3vqxwcf7xqsc.webp?fit=1200%2C675&ssl=1\",\"keywords\":[\"Botafogo\",\"Cac\u00e1 Corinthians\",\"Enzo Fernandez\",\"futebol\",\"john textor\",\"Leila Pereira\",\"Luiz Ant\u00f4nio Pr\u00f3speri\",\"Messi\",\"Sele\u00e7\u00e3o Argentina\"],\"articleSection\":[\"futebol\",\"opini\u00e3o\"],\"inLanguage\":\"pt-BR\",\"potentialAction\":[{\"@type\":\"CommentAction\",\"name\":\"Comment\",\"target\":[\"https:\\\/\\\/blogdoprosperi.com\\\/?p=44306#respond\"]}]},{\"@type\":\"WebPage\",\"@id\":\"https:\\\/\\\/blogdoprosperi.com\\\/?p=44306\",\"url\":\"https:\\\/\\\/blogdoprosperi.com\\\/?p=44306\",\"name\":\"Enzo Fernandez, Textor e Cac\u00e1: Pedidos de Desculpas e o Mundo \u00e0 Parte do Futebol - PR\u00d3SPERI NEWS\",\"isPartOf\":{\"@id\":\"https:\\\/\\\/blogdoprosperi.com\\\/#website\"},\"primaryImageOfPage\":{\"@id\":\"https:\\\/\\\/blogdoprosperi.com\\\/?p=44306#primaryimage\"},\"image\":{\"@id\":\"https:\\\/\\\/blogdoprosperi.com\\\/?p=44306#primaryimage\"},\"thumbnailUrl\":\"https:\\\/\\\/i0.wp.com\\\/blogdoprosperi.com\\\/wp-content\\\/uploads\\\/2024\\\/07\\\/dqt7yvdf3vqxwcf7xqsc.webp?fit=1200%2C675&ssl=1\",\"datePublished\":\"2024-07-18T15:23:33+00:00\",\"dateModified\":\"2024-07-19T00:23:49+00:00\",\"breadcrumb\":{\"@id\":\"https:\\\/\\\/blogdoprosperi.com\\\/?p=44306#breadcrumb\"},\"inLanguage\":\"pt-BR\",\"potentialAction\":[{\"@type\":\"ReadAction\",\"target\":[\"https:\\\/\\\/blogdoprosperi.com\\\/?p=44306\"]}]},{\"@type\":\"ImageObject\",\"inLanguage\":\"pt-BR\",\"@id\":\"https:\\\/\\\/blogdoprosperi.com\\\/?p=44306#primaryimage\",\"url\":\"https:\\\/\\\/i0.wp.com\\\/blogdoprosperi.com\\\/wp-content\\\/uploads\\\/2024\\\/07\\\/dqt7yvdf3vqxwcf7xqsc.webp?fit=1200%2C675&ssl=1\",\"contentUrl\":\"https:\\\/\\\/i0.wp.com\\\/blogdoprosperi.com\\\/wp-content\\\/uploads\\\/2024\\\/07\\\/dqt7yvdf3vqxwcf7xqsc.webp?fit=1200%2C675&ssl=1\",\"width\":1200,\"height\":675,\"caption\":\"Enzo Fernandez, da Argentina, pede desculpas por c\u00e2nticos racistas contra franceses \u2013 foto: ProShots\"},{\"@type\":\"BreadcrumbList\",\"@id\":\"https:\\\/\\\/blogdoprosperi.com\\\/?p=44306#breadcrumb\",\"itemListElement\":[{\"@type\":\"ListItem\",\"position\":1,\"name\":\"In\u00edcio\",\"item\":\"https:\\\/\\\/blogdoprosperi.com\\\/\"},{\"@type\":\"ListItem\",\"position\":2,\"name\":\"Enzo Fernandez, Textor e Cac\u00e1: Pedidos de Desculpas e o Mundo \u00e0 Parte do Futebol\"}]},{\"@type\":\"WebSite\",\"@id\":\"https:\\\/\\\/blogdoprosperi.com\\\/#website\",\"url\":\"https:\\\/\\\/blogdoprosperi.com\\\/\",\"name\":\"PR\u00d3SPERI NEWS\",\"description\":\"TUDO \u00c9  FUTEBOL\",\"publisher\":{\"@id\":\"https:\\\/\\\/blogdoprosperi.com\\\/#\\\/schema\\\/person\\\/38100755ce3601861ee4fab9b5aa78e9\"},\"alternateName\":\"blogdoprosperi.com\",\"potentialAction\":[{\"@type\":\"SearchAction\",\"target\":{\"@type\":\"EntryPoint\",\"urlTemplate\":\"https:\\\/\\\/blogdoprosperi.com\\\/?s={search_term_string}\"},\"query-input\":{\"@type\":\"PropertyValueSpecification\",\"valueRequired\":true,\"valueName\":\"search_term_string\"}}],\"inLanguage\":\"pt-BR\"},{\"@type\":[\"Person\",\"Organization\"],\"@id\":\"https:\\\/\\\/blogdoprosperi.com\\\/#\\\/schema\\\/person\\\/38100755ce3601861ee4fab9b5aa78e9\",\"name\":\"Luiz Ant\u00f4nio Pr\u00f3speri\",\"pronouns\":\"ele\",\"image\":{\"@type\":\"ImageObject\",\"inLanguage\":\"pt-BR\",\"@id\":\"https:\\\/\\\/i0.wp.com\\\/blogdoprosperi.com\\\/wp-content\\\/uploads\\\/2026\\\/05\\\/cropped-8059e613-6002-42fa-961e-8e275f575d71-2-5.jpg?fit=1360%2C931&ssl=1\",\"url\":\"https:\\\/\\\/i0.wp.com\\\/blogdoprosperi.com\\\/wp-content\\\/uploads\\\/2026\\\/05\\\/cropped-8059e613-6002-42fa-961e-8e275f575d71-2-5.jpg?fit=1360%2C931&ssl=1\",\"contentUrl\":\"https:\\\/\\\/i0.wp.com\\\/blogdoprosperi.com\\\/wp-content\\\/uploads\\\/2026\\\/05\\\/cropped-8059e613-6002-42fa-961e-8e275f575d71-2-5.jpg?fit=1360%2C931&ssl=1\",\"width\":1360,\"height\":931,\"caption\":\"Luiz Ant\u00f4nio Pr\u00f3speri\"},\"logo\":{\"@id\":\"https:\\\/\\\/i0.wp.com\\\/blogdoprosperi.com\\\/wp-content\\\/uploads\\\/2026\\\/05\\\/cropped-8059e613-6002-42fa-961e-8e275f575d71-2-5.jpg?fit=1360%2C931&ssl=1\"},\"description\":\"Jornalista com carreira dedicada ao esporte. Cobriu 9 Copas do Mundo in loco, 1990 na It\u00e1lia, 1994 nos EUA, 1998 na Fran\u00e7a, 2002 na Coreia do Sul e Jap\u00e3o, 2006 na Alemanha, 2010 na \u00c1frica do Sul, 2014 no Brasil, 2018 na R\u00fassia e 2022 no Qatar. Eurocopas, 1992 na Su\u00e9cia e 1996 na Inglaterra. Copa das Confedera\u00e7\u00f5es de 2005 na Alemanha e 2009 na \u00c1frica do Sul. Rep\u00f3rter e Editor, trabalhou no Jornal da Tarde e Estad\u00e3o, de 1984 a fevereiro de 2016. Colunista, blogueiro. E comentarista de futebol na R\u00e1dio Estad\u00e3o, de 2013 a fevereiro de 2016. Jornalista respons\u00e1vel do \\\"Pr\u00f3speri News\\\" (blogdoprosperi.com).\",\"sameAs\":[\"http:\\\/\\\/blogdoprosperi.com\",\"Luiz Pr\u00f3speri\",\"@luiz_prosperi\",\"https:\\\/\\\/x.com\\\/Luizprosperi\",\"@prosperinacopa\",\"luiz.prosperi@icloud.com\"],\"url\":\"https:\\\/\\\/blogdoprosperi.com\\\/?author=102107496\"}]}<\/script>\n<!-- \/ Yoast SEO plugin. -->","yoast_head_json":{"title":"Enzo Fernandez, Textor e Cac\u00e1: Pedidos de Desculpas e o Mundo \u00e0 Parte do Futebol - PR\u00d3SPERI NEWS","robots":{"index":"index","follow":"follow","max-snippet":"max-snippet:-1","max-image-preview":"max-image-preview:large","max-video-preview":"max-video-preview:-1"},"canonical":"https:\/\/blogdoprosperi.com\/?p=44306","og_locale":"pt_BR","og_type":"article","og_title":"Enzo Fernandez, Textor e Cac\u00e1: Pedidos de Desculpas e o Mundo \u00e0 Parte do Futebol - PR\u00d3SPERI NEWS","og_description":"Luiz Ant\u00f4nio Pr\u00f3speri \u2013 18 julho 2024 (12h30) Futebol faz de tudo para se dissociar de um mundo [&hellip;]","og_url":"https:\/\/blogdoprosperi.com\/?p=44306","og_site_name":"PR\u00d3SPERI NEWS","article_publisher":"Luiz Pr\u00f3speri","article_author":"Luiz Pr\u00f3speri","article_published_time":"2024-07-18T15:23:33+00:00","article_modified_time":"2024-07-19T00:23:49+00:00","og_image":[{"width":1200,"height":675,"url":"https:\/\/i0.wp.com\/blogdoprosperi.com\/wp-content\/uploads\/2024\/07\/dqt7yvdf3vqxwcf7xqsc.webp?fit=1200%2C675&ssl=1","type":"image\/webp"}],"author":"Luiz Ant\u00f4nio Pr\u00f3speri","twitter_card":"summary_large_image","twitter_creator":"@Luizprosperi","twitter_site":"@Luizprosperi","twitter_misc":{"Escrito por":"Luiz Ant\u00f4nio Pr\u00f3speri","Est. tempo de leitura":"4 minutos"},"schema":{"@context":"https:\/\/schema.org","@graph":[{"@type":"Article","@id":"https:\/\/blogdoprosperi.com\/?p=44306#article","isPartOf":{"@id":"https:\/\/blogdoprosperi.com\/?p=44306"},"author":{"name":"Luiz Ant\u00f4nio Pr\u00f3speri","@id":"https:\/\/blogdoprosperi.com\/#\/schema\/person\/38100755ce3601861ee4fab9b5aa78e9"},"headline":"Enzo Fernandez, Textor e Cac\u00e1: Pedidos de Desculpas e o Mundo \u00e0 Parte do Futebol","datePublished":"2024-07-18T15:23:33+00:00","dateModified":"2024-07-19T00:23:49+00:00","mainEntityOfPage":{"@id":"https:\/\/blogdoprosperi.com\/?p=44306"},"wordCount":752,"commentCount":0,"publisher":{"@id":"https:\/\/blogdoprosperi.com\/#\/schema\/person\/38100755ce3601861ee4fab9b5aa78e9"},"image":{"@id":"https:\/\/blogdoprosperi.com\/?p=44306#primaryimage"},"thumbnailUrl":"https:\/\/i0.wp.com\/blogdoprosperi.com\/wp-content\/uploads\/2024\/07\/dqt7yvdf3vqxwcf7xqsc.webp?fit=1200%2C675&ssl=1","keywords":["Botafogo","Cac\u00e1 Corinthians","Enzo Fernandez","futebol","john textor","Leila Pereira","Luiz Ant\u00f4nio Pr\u00f3speri","Messi","Sele\u00e7\u00e3o Argentina"],"articleSection":["futebol","opini\u00e3o"],"inLanguage":"pt-BR","potentialAction":[{"@type":"CommentAction","name":"Comment","target":["https:\/\/blogdoprosperi.com\/?p=44306#respond"]}]},{"@type":"WebPage","@id":"https:\/\/blogdoprosperi.com\/?p=44306","url":"https:\/\/blogdoprosperi.com\/?p=44306","name":"Enzo Fernandez, Textor e Cac\u00e1: Pedidos de Desculpas e o Mundo \u00e0 Parte do Futebol - PR\u00d3SPERI NEWS","isPartOf":{"@id":"https:\/\/blogdoprosperi.com\/#website"},"primaryImageOfPage":{"@id":"https:\/\/blogdoprosperi.com\/?p=44306#primaryimage"},"image":{"@id":"https:\/\/blogdoprosperi.com\/?p=44306#primaryimage"},"thumbnailUrl":"https:\/\/i0.wp.com\/blogdoprosperi.com\/wp-content\/uploads\/2024\/07\/dqt7yvdf3vqxwcf7xqsc.webp?fit=1200%2C675&ssl=1","datePublished":"2024-07-18T15:23:33+00:00","dateModified":"2024-07-19T00:23:49+00:00","breadcrumb":{"@id":"https:\/\/blogdoprosperi.com\/?p=44306#breadcrumb"},"inLanguage":"pt-BR","potentialAction":[{"@type":"ReadAction","target":["https:\/\/blogdoprosperi.com\/?p=44306"]}]},{"@type":"ImageObject","inLanguage":"pt-BR","@id":"https:\/\/blogdoprosperi.com\/?p=44306#primaryimage","url":"https:\/\/i0.wp.com\/blogdoprosperi.com\/wp-content\/uploads\/2024\/07\/dqt7yvdf3vqxwcf7xqsc.webp?fit=1200%2C675&ssl=1","contentUrl":"https:\/\/i0.wp.com\/blogdoprosperi.com\/wp-content\/uploads\/2024\/07\/dqt7yvdf3vqxwcf7xqsc.webp?fit=1200%2C675&ssl=1","width":1200,"height":675,"caption":"Enzo Fernandez, da Argentina, pede desculpas por c\u00e2nticos racistas contra franceses \u2013 foto: ProShots"},{"@type":"BreadcrumbList","@id":"https:\/\/blogdoprosperi.com\/?p=44306#breadcrumb","itemListElement":[{"@type":"ListItem","position":1,"name":"In\u00edcio","item":"https:\/\/blogdoprosperi.com\/"},{"@type":"ListItem","position":2,"name":"Enzo Fernandez, Textor e Cac\u00e1: Pedidos de Desculpas e o Mundo \u00e0 Parte do Futebol"}]},{"@type":"WebSite","@id":"https:\/\/blogdoprosperi.com\/#website","url":"https:\/\/blogdoprosperi.com\/","name":"PR\u00d3SPERI NEWS","description":"TUDO \u00c9  FUTEBOL","publisher":{"@id":"https:\/\/blogdoprosperi.com\/#\/schema\/person\/38100755ce3601861ee4fab9b5aa78e9"},"alternateName":"blogdoprosperi.com","potentialAction":[{"@type":"SearchAction","target":{"@type":"EntryPoint","urlTemplate":"https:\/\/blogdoprosperi.com\/?s={search_term_string}"},"query-input":{"@type":"PropertyValueSpecification","valueRequired":true,"valueName":"search_term_string"}}],"inLanguage":"pt-BR"},{"@type":["Person","Organization"],"@id":"https:\/\/blogdoprosperi.com\/#\/schema\/person\/38100755ce3601861ee4fab9b5aa78e9","name":"Luiz Ant\u00f4nio Pr\u00f3speri","pronouns":"ele","image":{"@type":"ImageObject","inLanguage":"pt-BR","@id":"https:\/\/i0.wp.com\/blogdoprosperi.com\/wp-content\/uploads\/2026\/05\/cropped-8059e613-6002-42fa-961e-8e275f575d71-2-5.jpg?fit=1360%2C931&ssl=1","url":"https:\/\/i0.wp.com\/blogdoprosperi.com\/wp-content\/uploads\/2026\/05\/cropped-8059e613-6002-42fa-961e-8e275f575d71-2-5.jpg?fit=1360%2C931&ssl=1","contentUrl":"https:\/\/i0.wp.com\/blogdoprosperi.com\/wp-content\/uploads\/2026\/05\/cropped-8059e613-6002-42fa-961e-8e275f575d71-2-5.jpg?fit=1360%2C931&ssl=1","width":1360,"height":931,"caption":"Luiz Ant\u00f4nio Pr\u00f3speri"},"logo":{"@id":"https:\/\/i0.wp.com\/blogdoprosperi.com\/wp-content\/uploads\/2026\/05\/cropped-8059e613-6002-42fa-961e-8e275f575d71-2-5.jpg?fit=1360%2C931&ssl=1"},"description":"Jornalista com carreira dedicada ao esporte. Cobriu 9 Copas do Mundo in loco, 1990 na It\u00e1lia, 1994 nos EUA, 1998 na Fran\u00e7a, 2002 na Coreia do Sul e Jap\u00e3o, 2006 na Alemanha, 2010 na \u00c1frica do Sul, 2014 no Brasil, 2018 na R\u00fassia e 2022 no Qatar. Eurocopas, 1992 na Su\u00e9cia e 1996 na Inglaterra. Copa das Confedera\u00e7\u00f5es de 2005 na Alemanha e 2009 na \u00c1frica do Sul. Rep\u00f3rter e Editor, trabalhou no Jornal da Tarde e Estad\u00e3o, de 1984 a fevereiro de 2016. Colunista, blogueiro. E comentarista de futebol na R\u00e1dio Estad\u00e3o, de 2013 a fevereiro de 2016. Jornalista respons\u00e1vel do \"Pr\u00f3speri News\" (blogdoprosperi.com).","sameAs":["http:\/\/blogdoprosperi.com","Luiz Pr\u00f3speri","@luiz_prosperi","https:\/\/x.com\/Luizprosperi","@prosperinacopa","luiz.prosperi@icloud.com"],"url":"https:\/\/blogdoprosperi.com\/?author=102107496"}]}},"jetpack_publicize_connections":[],"jetpack_likes_enabled":false,"jetpack_sharing_enabled":true,"jetpack_shortlink":"https:\/\/wp.me\/p7jvdk-bwC","jetpack-related-posts":[{"id":44288,"url":"https:\/\/blogdoprosperi.com\/?p=44288","url_meta":{"origin":44306,"position":0},"title":"Torcedores do Botafogo Enforcam Bonecos de Leila Pereira e Presidente da CBF","author":"Luiz Ant\u00f4nio Pr\u00f3speri","date":"17 de julho de 2024","format":false,"excerpt":"Luiz Ant\u00f4nio Pr\u00f3speri \u2013 17 julho 2024 \u2013 (20h30) Leila Pereira e John Textor ganham destaque em dois grandes portais da internet brasileira nessa quarta-feira (17\/7). Leila entrevistada no UOL e Textor no ge (globo esporte). As mat\u00e9rias foram ao ar a pelo menos nove horas antes do jogo Botafogo\u2026","rel":"","context":"Em &quot;futebol&quot;","block_context":{"text":"futebol","link":"https:\/\/blogdoprosperi.com\/?cat=53870"},"img":{"alt_text":"","src":"https:\/\/i0.wp.com\/blogdoprosperi.com\/wp-content\/uploads\/2024\/07\/leila-pereira-ednaldo-rodrigues-botafogo-645x362-1.jpg?fit=645%2C362&ssl=1&resize=350%2C200","width":350,"height":200,"srcset":"https:\/\/i0.wp.com\/blogdoprosperi.com\/wp-content\/uploads\/2024\/07\/leila-pereira-ednaldo-rodrigues-botafogo-645x362-1.jpg?fit=645%2C362&ssl=1&resize=350%2C200 1x, https:\/\/i0.wp.com\/blogdoprosperi.com\/wp-content\/uploads\/2024\/07\/leila-pereira-ednaldo-rodrigues-botafogo-645x362-1.jpg?fit=645%2C362&ssl=1&resize=525%2C300 1.5x"},"classes":[]},{"id":44239,"url":"https:\/\/blogdoprosperi.com\/?p=44239","url_meta":{"origin":44306,"position":1},"title":"Botafogo x Palmeiras: Expectativa e Tens\u00e3o no Confronto Decisivo","author":"Luiz Ant\u00f4nio Pr\u00f3speri","date":"16 de julho de 2024","format":false,"excerpt":"Luiz Ant\u00f4nio Pr\u00f3speri - 16 julho - (17h50) Palmeiras enfrenta Botafogo no jogo que pode encaminhar o campe\u00e3o simb\u00f3lico do primeiro turno do Brasileir\u00e3o 2024. Confronto n\u00e3o \u00e9 uma simples disputa pelo topo da tabela de classifica\u00e7\u00e3o. H\u00e1 muito o que se discutir nessa quarta-feira (17\/7) no est\u00e1dio Nilton Santos.\u2026","rel":"","context":"Em &quot;futebol&quot;","block_context":{"text":"futebol","link":"https:\/\/blogdoprosperi.com\/?cat=53870"},"img":{"alt_text":"Botafogo x Palmeiras, muito al\u00e9m de um jogo de futebol","src":"https:\/\/i0.wp.com\/blogdoprosperi.com\/wp-content\/uploads\/2024\/07\/53851354464_6b927c5674_h.jpg?fit=1200%2C675&ssl=1&resize=350%2C200","width":350,"height":200,"srcset":"https:\/\/i0.wp.com\/blogdoprosperi.com\/wp-content\/uploads\/2024\/07\/53851354464_6b927c5674_h.jpg?fit=1200%2C675&ssl=1&resize=350%2C200 1x, https:\/\/i0.wp.com\/blogdoprosperi.com\/wp-content\/uploads\/2024\/07\/53851354464_6b927c5674_h.jpg?fit=1200%2C675&ssl=1&resize=525%2C300 1.5x, https:\/\/i0.wp.com\/blogdoprosperi.com\/wp-content\/uploads\/2024\/07\/53851354464_6b927c5674_h.jpg?fit=1200%2C675&ssl=1&resize=700%2C400 2x, https:\/\/i0.wp.com\/blogdoprosperi.com\/wp-content\/uploads\/2024\/07\/53851354464_6b927c5674_h.jpg?fit=1200%2C675&ssl=1&resize=1050%2C600 3x"},"classes":[]},{"id":46230,"url":"https:\/\/blogdoprosperi.com\/?p=46230","url_meta":{"origin":44306,"position":2},"title":"Trump e Textor de M\u00e3os Dadas Se Esquecem da Conspira\u00e7\u00e3o","author":"Luiz Ant\u00f4nio Pr\u00f3speri","date":"6 de novembro de 2024","format":false,"excerpt":"Luiz Ant\u00f4nio Pr\u00f3speri \u2013 6 novembro (12h19) \u2013 John Textor, parece, n\u00e3o v\u00ea mais manipula\u00e7\u00e3o da arbitragem a favor do Palmeiras. N\u00e3o divulga relat\u00f3rios de auditoria da Intelig\u00eancia Artificial que apontavam o clube paulista favorecido pelos senhores do apito, em conspira\u00e7\u00e3o da CBF. Seu Botafogo, bem perto de ser campe\u00e3o\u2026","rel":"","context":"Em &quot;futebol&quot;","block_context":{"text":"futebol","link":"https:\/\/blogdoprosperi.com\/?cat=53870"},"img":{"alt_text":"Textor enrolado nos neg\u00f3cios e amea\u00e7as ao Botafogo","src":"https:\/\/i0.wp.com\/blogdoprosperi.com\/wp-content\/uploads\/2024\/11\/john-textor-dono-da-saf-do-botafogo-durante-jogo-contra-o-vasco-1730858344353_v2_900x506.jpg?fit=900%2C506&ssl=1&resize=350%2C200","width":350,"height":200,"srcset":"https:\/\/i0.wp.com\/blogdoprosperi.com\/wp-content\/uploads\/2024\/11\/john-textor-dono-da-saf-do-botafogo-durante-jogo-contra-o-vasco-1730858344353_v2_900x506.jpg?fit=900%2C506&ssl=1&resize=350%2C200 1x, https:\/\/i0.wp.com\/blogdoprosperi.com\/wp-content\/uploads\/2024\/11\/john-textor-dono-da-saf-do-botafogo-durante-jogo-contra-o-vasco-1730858344353_v2_900x506.jpg?fit=900%2C506&ssl=1&resize=525%2C300 1.5x, https:\/\/i0.wp.com\/blogdoprosperi.com\/wp-content\/uploads\/2024\/11\/john-textor-dono-da-saf-do-botafogo-durante-jogo-contra-o-vasco-1730858344353_v2_900x506.jpg?fit=900%2C506&ssl=1&resize=700%2C400 2x"},"classes":[]},{"id":42163,"url":"https:\/\/blogdoprosperi.com\/?p=42163","url_meta":{"origin":44306,"position":3},"title":"Palmeiras incomoda Botafogo, S\u00e3o Paulo &#8230;","author":"Luiz Ant\u00f4nio Pr\u00f3speri","date":"11 de mar\u00e7o de 2024","format":false,"excerpt":"Palmeiras tem sido alvo de tiroteios de rivais. Saraivada de balas mais recente remete a um suposto esquema de arbitragem favor\u00e1vel ao clube presidido por Leila Pereira. Primeiro disparo vem do S\u00e3o Paulo. Segundo, de grosso calibre, parte Botafogo sob dire\u00e7\u00e3o do businessman americano John Textor. Quantos mais est\u00e3o por\u2026","rel":"","context":"Em &quot;CBF&quot;","block_context":{"text":"CBF","link":"https:\/\/blogdoprosperi.com\/?cat=570700"},"img":{"alt_text":"","src":"https:\/\/i0.wp.com\/blogdoprosperi.com\/wp-content\/uploads\/2024\/03\/53576798302_848ae64d5f_c.jpg?fit=800%2C640&ssl=1&resize=350%2C200","width":350,"height":200,"srcset":"https:\/\/i0.wp.com\/blogdoprosperi.com\/wp-content\/uploads\/2024\/03\/53576798302_848ae64d5f_c.jpg?fit=800%2C640&ssl=1&resize=350%2C200 1x, https:\/\/i0.wp.com\/blogdoprosperi.com\/wp-content\/uploads\/2024\/03\/53576798302_848ae64d5f_c.jpg?fit=800%2C640&ssl=1&resize=525%2C300 1.5x, https:\/\/i0.wp.com\/blogdoprosperi.com\/wp-content\/uploads\/2024\/03\/53576798302_848ae64d5f_c.jpg?fit=800%2C640&ssl=1&resize=700%2C400 2x"},"classes":[]},{"id":46525,"url":"https:\/\/blogdoprosperi.com\/?p=46525","url_meta":{"origin":44306,"position":4},"title":"Palmeiras e Botafogo \u2013 Decis\u00e3o | Time de Abel Larga na Pole, Artur Acusa Golpe","author":"Luiz Ant\u00f4nio Pr\u00f3speri","date":"25 de novembro de 2024","format":false,"excerpt":"Luiz Ant\u00f4nio Pr\u00f3speri \u2013 25 novembro \u2013 atualizado 26 novembro (12h40) \u2013 Palmeiras e Botafogo decidem Brasileir\u00e3o 2024 ter\u00e7a-feira (26\/11) na casa alviverde. Iguais no n\u00famero de pontos (70 a 70), time paulista tem vantagem no crit\u00e9rio de desempate com uma vit\u00f3ria a mais (21 a 20). Matem\u00e1ticos e analistas\u2026","rel":"","context":"Em &quot;futebol&quot;","block_context":{"text":"futebol","link":"https:\/\/blogdoprosperi.com\/?cat=53870"},"img":{"alt_text":"Time de Abel Ferreira larga na frente contra Botafogo","src":"https:\/\/i0.wp.com\/blogdoprosperi.com\/wp-content\/uploads\/2024\/11\/54160663650_ea2b7b6b97_h.jpg?fit=1200%2C675&ssl=1&resize=350%2C200","width":350,"height":200,"srcset":"https:\/\/i0.wp.com\/blogdoprosperi.com\/wp-content\/uploads\/2024\/11\/54160663650_ea2b7b6b97_h.jpg?fit=1200%2C675&ssl=1&resize=350%2C200 1x, https:\/\/i0.wp.com\/blogdoprosperi.com\/wp-content\/uploads\/2024\/11\/54160663650_ea2b7b6b97_h.jpg?fit=1200%2C675&ssl=1&resize=525%2C300 1.5x, https:\/\/i0.wp.com\/blogdoprosperi.com\/wp-content\/uploads\/2024\/11\/54160663650_ea2b7b6b97_h.jpg?fit=1200%2C675&ssl=1&resize=700%2C400 2x, https:\/\/i0.wp.com\/blogdoprosperi.com\/wp-content\/uploads\/2024\/11\/54160663650_ea2b7b6b97_h.jpg?fit=1200%2C675&ssl=1&resize=1050%2C600 3x"},"classes":[]},{"id":48344,"url":"https:\/\/blogdoprosperi.com\/?p=48344","url_meta":{"origin":44306,"position":5},"title":"Cinco Toques do Fim de Semana | Gol Ol\u00edmpico de Neymar, Palmeiras Calmo e Botafogo Espera o Caub\u00f3i","author":"Luiz Ant\u00f4nio Pr\u00f3speri","date":"24 de fevereiro de 2025","format":false,"excerpt":"Luiz Ant\u00f4nio Pr\u00f3speri \u2013 24 fevereiro (14h15) \u2013 1 NEYMAR, QUEM VAIA TAMB\u00c9M APLAUDE Neymar aparece no est\u00e1dio Major Levy Sobrinho em Limeira \u2013 capacidade para 18 mil torcedores \u2013, gramado razo\u00e1vel e ilumina\u00e7\u00e3o fraca. Joga como se estivesse no Camp Nou do Barcelona ou em Paris no Parque dos\u2026","rel":"","context":"Em &quot;futebol&quot;","block_context":{"text":"futebol","link":"https:\/\/blogdoprosperi.com\/?cat=53870"},"img":{"alt_text":"Neymar, quem vai tamb\u00e9m aplaude","src":"https:\/\/i0.wp.com\/blogdoprosperi.com\/wp-content\/uploads\/2025\/02\/neymar-santos-4-scaled-aspect-ratio-512-320.webp?fit=1200%2C750&ssl=1&resize=350%2C200","width":350,"height":200,"srcset":"https:\/\/i0.wp.com\/blogdoprosperi.com\/wp-content\/uploads\/2025\/02\/neymar-santos-4-scaled-aspect-ratio-512-320.webp?fit=1200%2C750&ssl=1&resize=350%2C200 1x, https:\/\/i0.wp.com\/blogdoprosperi.com\/wp-content\/uploads\/2025\/02\/neymar-santos-4-scaled-aspect-ratio-512-320.webp?fit=1200%2C750&ssl=1&resize=525%2C300 1.5x, https:\/\/i0.wp.com\/blogdoprosperi.com\/wp-content\/uploads\/2025\/02\/neymar-santos-4-scaled-aspect-ratio-512-320.webp?fit=1200%2C750&ssl=1&resize=700%2C400 2x, https:\/\/i0.wp.com\/blogdoprosperi.com\/wp-content\/uploads\/2025\/02\/neymar-santos-4-scaled-aspect-ratio-512-320.webp?fit=1200%2C750&ssl=1&resize=1050%2C600 3x"},"classes":[]}],"jetpack_featured_media_url":"https:\/\/i0.wp.com\/blogdoprosperi.com\/wp-content\/uploads\/2024\/07\/dqt7yvdf3vqxwcf7xqsc.webp?fit=1200%2C675&ssl=1","_links":{"self":[{"href":"https:\/\/blogdoprosperi.com\/index.php?rest_route=\/wp\/v2\/posts\/44306","targetHints":{"allow":["GET"]}}],"collection":[{"href":"https:\/\/blogdoprosperi.com\/index.php?rest_route=\/wp\/v2\/posts"}],"about":[{"href":"https:\/\/blogdoprosperi.com\/index.php?rest_route=\/wp\/v2\/types\/post"}],"author":[{"embeddable":true,"href":"https:\/\/blogdoprosperi.com\/index.php?rest_route=\/wp\/v2\/users\/102107496"}],"replies":[{"embeddable":true,"href":"https:\/\/blogdoprosperi.com\/index.php?rest_route=%2Fwp%2Fv2%2Fcomments&post=44306"}],"version-history":[{"count":23,"href":"https:\/\/blogdoprosperi.com\/index.php?rest_route=\/wp\/v2\/posts\/44306\/revisions"}],"predecessor-version":[{"id":44347,"href":"https:\/\/blogdoprosperi.com\/index.php?rest_route=\/wp\/v2\/posts\/44306\/revisions\/44347"}],"wp:featuredmedia":[{"embeddable":true,"href":"https:\/\/blogdoprosperi.com\/index.php?rest_route=\/wp\/v2\/media\/44330"}],"wp:attachment":[{"href":"https:\/\/blogdoprosperi.com\/index.php?rest_route=%2Fwp%2Fv2%2Fmedia&parent=44306"}],"wp:term":[{"taxonomy":"category","embeddable":true,"href":"https:\/\/blogdoprosperi.com\/index.php?rest_route=%2Fwp%2Fv2%2Fcategories&post=44306"},{"taxonomy":"post_tag","embeddable":true,"href":"https:\/\/blogdoprosperi.com\/index.php?rest_route=%2Fwp%2Fv2%2Ftags&post=44306"}],"curies":[{"name":"wp","href":"https:\/\/api.w.org\/{rel}","templated":true}]}}