{"id":44356,"date":"2024-07-21T23:08:15","date_gmt":"2024-07-22T02:08:15","guid":{"rendered":"https:\/\/blogdoprosperi.com\/?p=44356"},"modified":"2024-07-21T23:08:15","modified_gmt":"2024-07-22T02:08:15","slug":"brasileirao-2024-analise-pastos-em-vez-de-grama-arbitragem-pre-historica-e-remanescentes-do-7-a-1-dominam-18a-rodada","status":"publish","type":"post","link":"https:\/\/blogdoprosperi.com\/?p=44356","title":{"rendered":"Brasileir\u00e3o 2024 \u2013 An\u00e1lise: pastos em vez de grama, arbitragem pr\u00e9-hist\u00f3rica e remanescentes do 7 a 1 dominam 18a rodada"},"content":{"rendered":"<p>Brasileir\u00e3o 2024 alcan\u00e7a a 18.a rodada com o que o futebol brasileiro tem de pior. Antes de enumerar as mazelas do campeonato nacional, n\u00e3o custa alertar que 11, dos 20 clubes participantes, n\u00e3o completaram ainda 18 jogos por sucessivos adiamentos de partidas. Nesse cen\u00e1rio, Botafogo \u00e9 l\u00edder; Palmeiras, segundo; Flamengo, terceiro; e Fortaleza, quarto colocado.<\/p>\n<p>Vamos \u00e0s desgra\u00e7as do Brasileir\u00e3o. N\u00e3o se assuste. Estamos quase na metade do torneio e os gramados, na sua maioria, continuam inadequados a um jogo de futebol.<\/p>\n<p>Crici\u00fama 1 x 2 Flamengo e Juventude 0 x 0 S\u00e3o Paulo, os dois com mando de jogo dos times do Sul, foram disputados no Est\u00e1dio Man\u00e9 Garrincha, em Bras\u00edlia. Um no s\u00e1bado (20\/7) e outro no domingo (21\/7). O gramado (?) pode ser comparado a um pasto. Ali\u00e1s, muitos pastos superam o campo do est\u00e1dio no Distrito Federal. Buracos, tufos de grama seca, terreno irregular. Seria uma vergonha, se n\u00e3o fosse tr\u00e1gico. No intervalo do jogo, um funcion\u00e1rio (?) teve de tapar buracos apertando tufos de mato com a sola de seus sapatos.<\/p>\n<p>No Sul, Gr\u00eamio 2 x 0 Vit\u00f3ria disputado no Est\u00e1dio Centen\u00e1rio em Caxias. Grama n\u00e3o havia. Em Salvador, Bahia 0 x 1 Corinthians, outro horror. Grama, rala, terra e areia, buracos no campo da Fonte Nova. N\u00e3o \u00e9 de se lamentar, \u00e9 de se interditar.<\/p>\n<p>Cuiab\u00e1 0 x 1 Fluminense, mais problemas. Campo da Arena Pantanal muito irregular e nacos de grama se soltando por falta de cuidados. Uma l\u00e1stima. Tamb\u00e9m no Castel\u00e3o, para Fortaleza 3 x 1 Atl\u00e9tico-GO. Gramado? Nada disso, apenas algumas ilhas de grama.<\/p>\n<p>Em Minas, mais desgra\u00e7as. Na Arena MRV, Atl\u00e9tico-MG 2 x 0 Vasco, grama rala, ch\u00e3o \u00e1rido, terra e pouco verde.<\/p>\n<p>Est\u00e1dios Man\u00e9 Garrincha, Castel\u00e3o, Fonte Nova e Arena Pantanal abrigaram jogos importantes da Copa do Mundo de 2014 \u2013 naquela ocasi\u00e3o os gramados estavam impec\u00e1veis. E Arena MRV foi inaugurada na temporada 2023.<\/p>\n<p>Arbitragem de campo e do VAR exibiram sua face da incompet\u00eancia em lances que definiram os jogos importantes.<\/p>\n<p>Crici\u00fama x Flamengo \u2013 p\u00eanalti inusitado com bola atirada da arquibancada e chutada na bola do jogo por Barreto, zagueiro do Crici\u00fama \u2013 \u00e1rbitro deveria paralisar o jogo quando a bola foi lan\u00e7ada ao campo.<\/p>\n<p>Palmeiras 2 x 0 Cruzeiro \u2013 gol anulado do time mineiro por falta em Z\u00e9 Rafael na origem do lance \u00e9 para l\u00e1 de question\u00e1vel. \u00c1rbitro de campo mandou seguir o jogo. VAR anulou o gol.<\/p>\n<p>Gol anulado do Juventude em cima do S\u00e3o Paulo, outra barbaridade. Wilton Sampaio deu o gol e teve de anular depois da interven\u00e7\u00e3o do VAR alegando que a bola havia batido no bra\u00e7o do jogador do Juventude \u2013 imagens mostram a bola no ombro.<\/p>\n<p>Diante dessas mazelas dos campos e erros rudimentares de arbitragem, algo de curioso tamb\u00e9m se notou nessa 18.a rodada: a estreia de Thiago Silva no Fluminense.<\/p>\n<p>Thiago Silva \u00e9 o s\u00e9timo jogador remanescente da Copa do Mundo de 2014 \u2013 portanto atores do 7 a 1, presente ou n\u00e3o naquela trag\u00e9dia diante da Alemanha \u2013 a atuar no Brasileir\u00e3o 2014.<\/p>\n<p>Anote a\u00ed, dez anos depois do 7 a 1, temos: Thiago Silva e Marcelo (Fluminense), Luiz Gustavo (S\u00e3o Paulo), Fernandinho (Athletico-PR), Hulk e Bernard (Atl\u00e9tico-MG), David Luiz (Flamengo) e ainda tem J\u00f4 (Amazonas na S\u00e9rie B). Paulinho deixou o Corinthians h\u00e1 pouco mais de um m\u00eas.<\/p>\n<p>Assim caminha o futebol brasileiro. E La Nave Va.<\/p>\n","protected":false},"excerpt":{"rendered":"<p>Brasileir\u00e3o 2024 alcan\u00e7a a 18.a rodada com o que o futebol brasileiro tem de pior. Antes de enumerar [&hellip;]<\/p>\n","protected":false},"author":102107496,"featured_media":44403,"comment_status":"open","ping_status":"open","sticky":false,"template":"","format":"standard","meta":{"_coblocks_attr":"","_coblocks_dimensions":"","_coblocks_responsive_height":"","_coblocks_accordion_ie_support":"","_jetpack_newsletter_access":"","_jetpack_dont_email_post_to_subs":false,"_jetpack_newsletter_tier_id":0,"_jetpack_memberships_contains_paywalled_content":false,"_wpcom_ai_launchpad_first_post":false,"_jetpack_feature_clip_id":0,"_jetpack_memberships_contains_paid_content":false,"footnotes":"","jetpack_publicize_message":"","jetpack_publicize_feature_enabled":true,"jetpack_social_post_already_shared":false,"jetpack_social_options":{"image_generator_settings":{"template":"highway","default_image_id":0,"font":"","enabled":false},"version":2},"jetpack_post_was_ever_published":false},"categories":[53870,3919],"tags":[399472898,789560560,773073788,789560573,1176446],"class_list":["post-44356","post","type-post","status-publish","format-standard","has-post-thumbnail","hentry","category-futebol","category-opiniao","tag-arbitragem-cbf","tag-futebol","tag-gramados-brasileirao-2014","tag-luiz-antonio-prosperi","tag-thiago-silva"],"yoast_head":"<!-- This site is optimized with the Yoast SEO plugin v28.3 - https:\/\/yoast.com\/product\/yoast-seo-wordpress\/ -->\n<title>Brasileir\u00e3o 2024 \u2013 An\u00e1lise: pastos em vez de grama, arbitragem pr\u00e9-hist\u00f3rica e remanescentes do 7 a 1 dominam 18a rodada - PR\u00d3SPERI NEWS<\/title>\n<meta name=\"robots\" content=\"index, follow, max-snippet:-1, max-image-preview:large, max-video-preview:-1\" \/>\n<link rel=\"canonical\" href=\"https:\/\/blogdoprosperi.com\/?p=44356\" \/>\n<meta property=\"og:locale\" content=\"pt_BR\" \/>\n<meta property=\"og:type\" content=\"article\" \/>\n<meta property=\"og:title\" content=\"Brasileir\u00e3o 2024 \u2013 An\u00e1lise: pastos em vez de grama, arbitragem pr\u00e9-hist\u00f3rica e remanescentes do 7 a 1 dominam 18a rodada - PR\u00d3SPERI NEWS\" \/>\n<meta property=\"og:description\" content=\"Brasileir\u00e3o 2024 alcan\u00e7a a 18.a rodada com o que o futebol brasileiro tem de pior. Antes de enumerar [&hellip;]\" \/>\n<meta property=\"og:url\" content=\"https:\/\/blogdoprosperi.com\/?p=44356\" \/>\n<meta property=\"og:site_name\" content=\"PR\u00d3SPERI NEWS\" \/>\n<meta property=\"article:publisher\" content=\"Luiz Pr\u00f3speri\" \/>\n<meta property=\"article:author\" content=\"Luiz Pr\u00f3speri\" \/>\n<meta property=\"article:published_time\" content=\"2024-07-22T02:08:15+00:00\" \/>\n<meta property=\"og:image\" content=\"https:\/\/i0.wp.com\/blogdoprosperi.com\/wp-content\/uploads\/2024\/07\/20240718170351_329.jpg?fit=910%2C607&ssl=1\" \/>\n\t<meta property=\"og:image:width\" content=\"910\" \/>\n\t<meta property=\"og:image:height\" content=\"607\" \/>\n\t<meta property=\"og:image:type\" content=\"image\/jpeg\" \/>\n<meta name=\"author\" content=\"Luiz Ant\u00f4nio Pr\u00f3speri\" \/>\n<meta name=\"twitter:card\" content=\"summary_large_image\" \/>\n<meta name=\"twitter:creator\" content=\"@Luizprosperi\" \/>\n<meta name=\"twitter:site\" content=\"@Luizprosperi\" \/>\n<meta name=\"twitter:label1\" content=\"Escrito por\" \/>\n\t<meta name=\"twitter:data1\" content=\"Luiz Ant\u00f4nio Pr\u00f3speri\" \/>\n\t<meta name=\"twitter:label2\" content=\"Est. tempo de leitura\" \/>\n\t<meta name=\"twitter:data2\" content=\"3 minutos\" \/>\n<script type=\"application\/ld+json\" class=\"yoast-schema-graph\">{\"@context\":\"https:\\\/\\\/schema.org\",\"@graph\":[{\"@type\":\"Article\",\"@id\":\"https:\\\/\\\/blogdoprosperi.com\\\/?p=44356#article\",\"isPartOf\":{\"@id\":\"https:\\\/\\\/blogdoprosperi.com\\\/?p=44356\"},\"author\":{\"name\":\"Luiz Ant\u00f4nio Pr\u00f3speri\",\"@id\":\"https:\\\/\\\/blogdoprosperi.com\\\/#\\\/schema\\\/person\\\/38100755ce3601861ee4fab9b5aa78e9\"},\"headline\":\"Brasileir\u00e3o 2024 \u2013 An\u00e1lise: pastos em vez de grama, arbitragem pr\u00e9-hist\u00f3rica e remanescentes do 7 a 1 dominam 18a rodada\",\"datePublished\":\"2024-07-22T02:08:15+00:00\",\"mainEntityOfPage\":{\"@id\":\"https:\\\/\\\/blogdoprosperi.com\\\/?p=44356\"},\"wordCount\":594,\"commentCount\":0,\"publisher\":{\"@id\":\"https:\\\/\\\/blogdoprosperi.com\\\/#\\\/schema\\\/person\\\/38100755ce3601861ee4fab9b5aa78e9\"},\"image\":{\"@id\":\"https:\\\/\\\/blogdoprosperi.com\\\/?p=44356#primaryimage\"},\"thumbnailUrl\":\"https:\\\/\\\/i0.wp.com\\\/blogdoprosperi.com\\\/wp-content\\\/uploads\\\/2024\\\/07\\\/20240718170351_329.jpg?fit=910%2C607&ssl=1\",\"keywords\":[\"arbitragem CBF\",\"futebol\",\"gramados Brasileir\u00e3o 2014\",\"Luiz Ant\u00f4nio Pr\u00f3speri\",\"Thiago Silva\"],\"articleSection\":[\"futebol\",\"opini\u00e3o\"],\"inLanguage\":\"pt-BR\",\"potentialAction\":[{\"@type\":\"CommentAction\",\"name\":\"Comment\",\"target\":[\"https:\\\/\\\/blogdoprosperi.com\\\/?p=44356#respond\"]}]},{\"@type\":\"WebPage\",\"@id\":\"https:\\\/\\\/blogdoprosperi.com\\\/?p=44356\",\"url\":\"https:\\\/\\\/blogdoprosperi.com\\\/?p=44356\",\"name\":\"Brasileir\u00e3o 2024 \u2013 An\u00e1lise: pastos em vez de grama, arbitragem pr\u00e9-hist\u00f3rica e remanescentes do 7 a 1 dominam 18a rodada - PR\u00d3SPERI NEWS\",\"isPartOf\":{\"@id\":\"https:\\\/\\\/blogdoprosperi.com\\\/#website\"},\"primaryImageOfPage\":{\"@id\":\"https:\\\/\\\/blogdoprosperi.com\\\/?p=44356#primaryimage\"},\"image\":{\"@id\":\"https:\\\/\\\/blogdoprosperi.com\\\/?p=44356#primaryimage\"},\"thumbnailUrl\":\"https:\\\/\\\/i0.wp.com\\\/blogdoprosperi.com\\\/wp-content\\\/uploads\\\/2024\\\/07\\\/20240718170351_329.jpg?fit=910%2C607&ssl=1\",\"datePublished\":\"2024-07-22T02:08:15+00:00\",\"breadcrumb\":{\"@id\":\"https:\\\/\\\/blogdoprosperi.com\\\/?p=44356#breadcrumb\"},\"inLanguage\":\"pt-BR\",\"potentialAction\":[{\"@type\":\"ReadAction\",\"target\":[\"https:\\\/\\\/blogdoprosperi.com\\\/?p=44356\"]}]},{\"@type\":\"ImageObject\",\"inLanguage\":\"pt-BR\",\"@id\":\"https:\\\/\\\/blogdoprosperi.com\\\/?p=44356#primaryimage\",\"url\":\"https:\\\/\\\/i0.wp.com\\\/blogdoprosperi.com\\\/wp-content\\\/uploads\\\/2024\\\/07\\\/20240718170351_329.jpg?fit=910%2C607&ssl=1\",\"contentUrl\":\"https:\\\/\\\/i0.wp.com\\\/blogdoprosperi.com\\\/wp-content\\\/uploads\\\/2024\\\/07\\\/20240718170351_329.jpg?fit=910%2C607&ssl=1\",\"width\":910,\"height\":607,\"caption\":\"John do l\u00edder Botafogo \u2013 foto: Botafogo oficial\"},{\"@type\":\"BreadcrumbList\",\"@id\":\"https:\\\/\\\/blogdoprosperi.com\\\/?p=44356#breadcrumb\",\"itemListElement\":[{\"@type\":\"ListItem\",\"position\":1,\"name\":\"In\u00edcio\",\"item\":\"https:\\\/\\\/blogdoprosperi.com\\\/\"},{\"@type\":\"ListItem\",\"position\":2,\"name\":\"Brasileir\u00e3o 2024 \u2013 An\u00e1lise: pastos em vez de grama, arbitragem pr\u00e9-hist\u00f3rica e remanescentes do 7 a 1 dominam 18a rodada\"}]},{\"@type\":\"WebSite\",\"@id\":\"https:\\\/\\\/blogdoprosperi.com\\\/#website\",\"url\":\"https:\\\/\\\/blogdoprosperi.com\\\/\",\"name\":\"PR\u00d3SPERI NEWS\",\"description\":\"TUDO \u00c9  FUTEBOL\",\"publisher\":{\"@id\":\"https:\\\/\\\/blogdoprosperi.com\\\/#\\\/schema\\\/person\\\/38100755ce3601861ee4fab9b5aa78e9\"},\"alternateName\":\"blogdoprosperi.com\",\"potentialAction\":[{\"@type\":\"SearchAction\",\"target\":{\"@type\":\"EntryPoint\",\"urlTemplate\":\"https:\\\/\\\/blogdoprosperi.com\\\/?s={search_term_string}\"},\"query-input\":{\"@type\":\"PropertyValueSpecification\",\"valueRequired\":true,\"valueName\":\"search_term_string\"}}],\"inLanguage\":\"pt-BR\"},{\"@type\":[\"Person\",\"Organization\"],\"@id\":\"https:\\\/\\\/blogdoprosperi.com\\\/#\\\/schema\\\/person\\\/38100755ce3601861ee4fab9b5aa78e9\",\"name\":\"Luiz Ant\u00f4nio Pr\u00f3speri\",\"pronouns\":\"ele\",\"image\":{\"@type\":\"ImageObject\",\"inLanguage\":\"pt-BR\",\"@id\":\"https:\\\/\\\/i0.wp.com\\\/blogdoprosperi.com\\\/wp-content\\\/uploads\\\/2026\\\/05\\\/cropped-8059e613-6002-42fa-961e-8e275f575d71-2-5.jpg?fit=1360%2C931&ssl=1\",\"url\":\"https:\\\/\\\/i0.wp.com\\\/blogdoprosperi.com\\\/wp-content\\\/uploads\\\/2026\\\/05\\\/cropped-8059e613-6002-42fa-961e-8e275f575d71-2-5.jpg?fit=1360%2C931&ssl=1\",\"contentUrl\":\"https:\\\/\\\/i0.wp.com\\\/blogdoprosperi.com\\\/wp-content\\\/uploads\\\/2026\\\/05\\\/cropped-8059e613-6002-42fa-961e-8e275f575d71-2-5.jpg?fit=1360%2C931&ssl=1\",\"width\":1360,\"height\":931,\"caption\":\"Luiz Ant\u00f4nio Pr\u00f3speri\"},\"logo\":{\"@id\":\"https:\\\/\\\/i0.wp.com\\\/blogdoprosperi.com\\\/wp-content\\\/uploads\\\/2026\\\/05\\\/cropped-8059e613-6002-42fa-961e-8e275f575d71-2-5.jpg?fit=1360%2C931&ssl=1\"},\"description\":\"Jornalista com carreira dedicada ao esporte. Cobriu 9 Copas do Mundo in loco, 1990 na It\u00e1lia, 1994 nos EUA, 1998 na Fran\u00e7a, 2002 na Coreia do Sul e Jap\u00e3o, 2006 na Alemanha, 2010 na \u00c1frica do Sul, 2014 no Brasil, 2018 na R\u00fassia e 2022 no Qatar. Eurocopas, 1992 na Su\u00e9cia e 1996 na Inglaterra. Copa das Confedera\u00e7\u00f5es de 2005 na Alemanha e 2009 na \u00c1frica do Sul. Rep\u00f3rter e Editor, trabalhou no Jornal da Tarde e Estad\u00e3o, de 1984 a fevereiro de 2016. Colunista, blogueiro. E comentarista de futebol na R\u00e1dio Estad\u00e3o, de 2013 a fevereiro de 2016. Jornalista respons\u00e1vel do \\\"Pr\u00f3speri News\\\" (blogdoprosperi.com).\",\"sameAs\":[\"http:\\\/\\\/blogdoprosperi.com\",\"Luiz Pr\u00f3speri\",\"@luiz_prosperi\",\"https:\\\/\\\/x.com\\\/Luizprosperi\",\"@prosperinacopa\",\"luiz.prosperi@icloud.com\"],\"url\":\"https:\\\/\\\/blogdoprosperi.com\\\/?author=102107496\"}]}<\/script>\n<!-- \/ Yoast SEO plugin. -->","yoast_head_json":{"title":"Brasileir\u00e3o 2024 \u2013 An\u00e1lise: pastos em vez de grama, arbitragem pr\u00e9-hist\u00f3rica e remanescentes do 7 a 1 dominam 18a rodada - PR\u00d3SPERI NEWS","robots":{"index":"index","follow":"follow","max-snippet":"max-snippet:-1","max-image-preview":"max-image-preview:large","max-video-preview":"max-video-preview:-1"},"canonical":"https:\/\/blogdoprosperi.com\/?p=44356","og_locale":"pt_BR","og_type":"article","og_title":"Brasileir\u00e3o 2024 \u2013 An\u00e1lise: pastos em vez de grama, arbitragem pr\u00e9-hist\u00f3rica e remanescentes do 7 a 1 dominam 18a rodada - PR\u00d3SPERI NEWS","og_description":"Brasileir\u00e3o 2024 alcan\u00e7a a 18.a rodada com o que o futebol brasileiro tem de pior. Antes de enumerar [&hellip;]","og_url":"https:\/\/blogdoprosperi.com\/?p=44356","og_site_name":"PR\u00d3SPERI NEWS","article_publisher":"Luiz Pr\u00f3speri","article_author":"Luiz Pr\u00f3speri","article_published_time":"2024-07-22T02:08:15+00:00","og_image":[{"width":910,"height":607,"url":"https:\/\/i0.wp.com\/blogdoprosperi.com\/wp-content\/uploads\/2024\/07\/20240718170351_329.jpg?fit=910%2C607&ssl=1","type":"image\/jpeg"}],"author":"Luiz Ant\u00f4nio Pr\u00f3speri","twitter_card":"summary_large_image","twitter_creator":"@Luizprosperi","twitter_site":"@Luizprosperi","twitter_misc":{"Escrito por":"Luiz Ant\u00f4nio Pr\u00f3speri","Est. tempo de leitura":"3 minutos"},"schema":{"@context":"https:\/\/schema.org","@graph":[{"@type":"Article","@id":"https:\/\/blogdoprosperi.com\/?p=44356#article","isPartOf":{"@id":"https:\/\/blogdoprosperi.com\/?p=44356"},"author":{"name":"Luiz Ant\u00f4nio Pr\u00f3speri","@id":"https:\/\/blogdoprosperi.com\/#\/schema\/person\/38100755ce3601861ee4fab9b5aa78e9"},"headline":"Brasileir\u00e3o 2024 \u2013 An\u00e1lise: pastos em vez de grama, arbitragem pr\u00e9-hist\u00f3rica e remanescentes do 7 a 1 dominam 18a rodada","datePublished":"2024-07-22T02:08:15+00:00","mainEntityOfPage":{"@id":"https:\/\/blogdoprosperi.com\/?p=44356"},"wordCount":594,"commentCount":0,"publisher":{"@id":"https:\/\/blogdoprosperi.com\/#\/schema\/person\/38100755ce3601861ee4fab9b5aa78e9"},"image":{"@id":"https:\/\/blogdoprosperi.com\/?p=44356#primaryimage"},"thumbnailUrl":"https:\/\/i0.wp.com\/blogdoprosperi.com\/wp-content\/uploads\/2024\/07\/20240718170351_329.jpg?fit=910%2C607&ssl=1","keywords":["arbitragem CBF","futebol","gramados Brasileir\u00e3o 2014","Luiz Ant\u00f4nio Pr\u00f3speri","Thiago Silva"],"articleSection":["futebol","opini\u00e3o"],"inLanguage":"pt-BR","potentialAction":[{"@type":"CommentAction","name":"Comment","target":["https:\/\/blogdoprosperi.com\/?p=44356#respond"]}]},{"@type":"WebPage","@id":"https:\/\/blogdoprosperi.com\/?p=44356","url":"https:\/\/blogdoprosperi.com\/?p=44356","name":"Brasileir\u00e3o 2024 \u2013 An\u00e1lise: pastos em vez de grama, arbitragem pr\u00e9-hist\u00f3rica e remanescentes do 7 a 1 dominam 18a rodada - PR\u00d3SPERI NEWS","isPartOf":{"@id":"https:\/\/blogdoprosperi.com\/#website"},"primaryImageOfPage":{"@id":"https:\/\/blogdoprosperi.com\/?p=44356#primaryimage"},"image":{"@id":"https:\/\/blogdoprosperi.com\/?p=44356#primaryimage"},"thumbnailUrl":"https:\/\/i0.wp.com\/blogdoprosperi.com\/wp-content\/uploads\/2024\/07\/20240718170351_329.jpg?fit=910%2C607&ssl=1","datePublished":"2024-07-22T02:08:15+00:00","breadcrumb":{"@id":"https:\/\/blogdoprosperi.com\/?p=44356#breadcrumb"},"inLanguage":"pt-BR","potentialAction":[{"@type":"ReadAction","target":["https:\/\/blogdoprosperi.com\/?p=44356"]}]},{"@type":"ImageObject","inLanguage":"pt-BR","@id":"https:\/\/blogdoprosperi.com\/?p=44356#primaryimage","url":"https:\/\/i0.wp.com\/blogdoprosperi.com\/wp-content\/uploads\/2024\/07\/20240718170351_329.jpg?fit=910%2C607&ssl=1","contentUrl":"https:\/\/i0.wp.com\/blogdoprosperi.com\/wp-content\/uploads\/2024\/07\/20240718170351_329.jpg?fit=910%2C607&ssl=1","width":910,"height":607,"caption":"John do l\u00edder Botafogo \u2013 foto: Botafogo oficial"},{"@type":"BreadcrumbList","@id":"https:\/\/blogdoprosperi.com\/?p=44356#breadcrumb","itemListElement":[{"@type":"ListItem","position":1,"name":"In\u00edcio","item":"https:\/\/blogdoprosperi.com\/"},{"@type":"ListItem","position":2,"name":"Brasileir\u00e3o 2024 \u2013 An\u00e1lise: pastos em vez de grama, arbitragem pr\u00e9-hist\u00f3rica e remanescentes do 7 a 1 dominam 18a rodada"}]},{"@type":"WebSite","@id":"https:\/\/blogdoprosperi.com\/#website","url":"https:\/\/blogdoprosperi.com\/","name":"PR\u00d3SPERI NEWS","description":"TUDO \u00c9  FUTEBOL","publisher":{"@id":"https:\/\/blogdoprosperi.com\/#\/schema\/person\/38100755ce3601861ee4fab9b5aa78e9"},"alternateName":"blogdoprosperi.com","potentialAction":[{"@type":"SearchAction","target":{"@type":"EntryPoint","urlTemplate":"https:\/\/blogdoprosperi.com\/?s={search_term_string}"},"query-input":{"@type":"PropertyValueSpecification","valueRequired":true,"valueName":"search_term_string"}}],"inLanguage":"pt-BR"},{"@type":["Person","Organization"],"@id":"https:\/\/blogdoprosperi.com\/#\/schema\/person\/38100755ce3601861ee4fab9b5aa78e9","name":"Luiz Ant\u00f4nio Pr\u00f3speri","pronouns":"ele","image":{"@type":"ImageObject","inLanguage":"pt-BR","@id":"https:\/\/i0.wp.com\/blogdoprosperi.com\/wp-content\/uploads\/2026\/05\/cropped-8059e613-6002-42fa-961e-8e275f575d71-2-5.jpg?fit=1360%2C931&ssl=1","url":"https:\/\/i0.wp.com\/blogdoprosperi.com\/wp-content\/uploads\/2026\/05\/cropped-8059e613-6002-42fa-961e-8e275f575d71-2-5.jpg?fit=1360%2C931&ssl=1","contentUrl":"https:\/\/i0.wp.com\/blogdoprosperi.com\/wp-content\/uploads\/2026\/05\/cropped-8059e613-6002-42fa-961e-8e275f575d71-2-5.jpg?fit=1360%2C931&ssl=1","width":1360,"height":931,"caption":"Luiz Ant\u00f4nio Pr\u00f3speri"},"logo":{"@id":"https:\/\/i0.wp.com\/blogdoprosperi.com\/wp-content\/uploads\/2026\/05\/cropped-8059e613-6002-42fa-961e-8e275f575d71-2-5.jpg?fit=1360%2C931&ssl=1"},"description":"Jornalista com carreira dedicada ao esporte. Cobriu 9 Copas do Mundo in loco, 1990 na It\u00e1lia, 1994 nos EUA, 1998 na Fran\u00e7a, 2002 na Coreia do Sul e Jap\u00e3o, 2006 na Alemanha, 2010 na \u00c1frica do Sul, 2014 no Brasil, 2018 na R\u00fassia e 2022 no Qatar. Eurocopas, 1992 na Su\u00e9cia e 1996 na Inglaterra. Copa das Confedera\u00e7\u00f5es de 2005 na Alemanha e 2009 na \u00c1frica do Sul. Rep\u00f3rter e Editor, trabalhou no Jornal da Tarde e Estad\u00e3o, de 1984 a fevereiro de 2016. Colunista, blogueiro. E comentarista de futebol na R\u00e1dio Estad\u00e3o, de 2013 a fevereiro de 2016. Jornalista respons\u00e1vel do \"Pr\u00f3speri News\" (blogdoprosperi.com).","sameAs":["http:\/\/blogdoprosperi.com","Luiz Pr\u00f3speri","@luiz_prosperi","https:\/\/x.com\/Luizprosperi","@prosperinacopa","luiz.prosperi@icloud.com"],"url":"https:\/\/blogdoprosperi.com\/?author=102107496"}]}},"jetpack_publicize_connections":[],"jetpack_likes_enabled":false,"jetpack_sharing_enabled":true,"jetpack_shortlink":"https:\/\/wp.me\/p7jvdk-bxq","jetpack-related-posts":[{"id":44486,"url":"https:\/\/blogdoprosperi.com\/?p=44486","url_meta":{"origin":44356,"position":0},"title":"Paralisar o Brasileir\u00e3o 2024, \u00fanica sa\u00edda aos clubes contra suspeitas de ladr\u00f5es do apito e VAR","author":"Luiz Ant\u00f4nio Pr\u00f3speri","date":"26 de julho de 2024","format":false,"excerpt":"Luiz Ant\u00f4nio Pr\u00f3speri - 26 julho (10h58) Clubes da S\u00e9rie A do Brasileir\u00e3o 2024 est\u00e3o em uma enrascada por culpa pr\u00f3pria nesse in\u00edcio de segundo turno do campeonato. V\u00edtimas de erros do VAR e da arbitragem de campo, clubes se revoltam e notificam a CBF a cada derrota ou derrapada\u2026","rel":"","context":"Em &quot;futebol&quot;","block_context":{"text":"futebol","link":"https:\/\/blogdoprosperi.com\/?cat=53870"},"img":{"alt_text":"","src":"https:\/\/i0.wp.com\/blogdoprosperi.com\/wp-content\/uploads\/2024\/07\/img_6228-1.jpg?fit=795%2C448&ssl=1&resize=350%2C200","width":350,"height":200,"srcset":"https:\/\/i0.wp.com\/blogdoprosperi.com\/wp-content\/uploads\/2024\/07\/img_6228-1.jpg?fit=795%2C448&ssl=1&resize=350%2C200 1x, https:\/\/i0.wp.com\/blogdoprosperi.com\/wp-content\/uploads\/2024\/07\/img_6228-1.jpg?fit=795%2C448&ssl=1&resize=525%2C300 1.5x, https:\/\/i0.wp.com\/blogdoprosperi.com\/wp-content\/uploads\/2024\/07\/img_6228-1.jpg?fit=795%2C448&ssl=1&resize=700%2C400 2x"},"classes":[]},{"id":43889,"url":"https:\/\/blogdoprosperi.com\/?p=43889","url_meta":{"origin":44356,"position":1},"title":"Futebol brasileiro muito al\u00e9m dos &#8220;\u00edndios&#8221; de Abel Ferreira","author":"Luiz Ant\u00f4nio Pr\u00f3speri","date":"12 de julho de 2024","format":false,"excerpt":"Policial armado atira no goleiro Ramon, do Gr\u00eamio An\u00e1polis (GO), quase \u00e0 queima-roupa. A bala de borracha atinge a coxa do jogador e abre um buraco nos m\u00fasculos da perna. Tudo isso dentro de campo, ap\u00f3s confus\u00e3o no jogo Gr\u00eamio An\u00e1polis x Centro Oeste, quarta-feira (10\/7), na 12.a rodada da\u2026","rel":"","context":"Em &quot;Campeonato Brasileiro&quot;","block_context":{"text":"Campeonato Brasileiro","link":"https:\/\/blogdoprosperi.com\/?cat=355071"},"img":{"alt_text":"","src":"https:\/\/i0.wp.com\/blogdoprosperi.com\/wp-content\/uploads\/2024\/07\/zubeldia-sao-paulo-x-talleres-libertadores-scaled-aspect-ratio-512-320.webp?fit=1200%2C750&ssl=1&resize=350%2C200","width":350,"height":200,"srcset":"https:\/\/i0.wp.com\/blogdoprosperi.com\/wp-content\/uploads\/2024\/07\/zubeldia-sao-paulo-x-talleres-libertadores-scaled-aspect-ratio-512-320.webp?fit=1200%2C750&ssl=1&resize=350%2C200 1x, https:\/\/i0.wp.com\/blogdoprosperi.com\/wp-content\/uploads\/2024\/07\/zubeldia-sao-paulo-x-talleres-libertadores-scaled-aspect-ratio-512-320.webp?fit=1200%2C750&ssl=1&resize=525%2C300 1.5x, https:\/\/i0.wp.com\/blogdoprosperi.com\/wp-content\/uploads\/2024\/07\/zubeldia-sao-paulo-x-talleres-libertadores-scaled-aspect-ratio-512-320.webp?fit=1200%2C750&ssl=1&resize=700%2C400 2x, https:\/\/i0.wp.com\/blogdoprosperi.com\/wp-content\/uploads\/2024\/07\/zubeldia-sao-paulo-x-talleres-libertadores-scaled-aspect-ratio-512-320.webp?fit=1200%2C750&ssl=1&resize=1050%2C600 3x"},"classes":[]},{"id":53374,"url":"https:\/\/blogdoprosperi.com\/?p=53374","url_meta":{"origin":44356,"position":2},"title":"Brasileir\u00e3o 2025, De Volta \u00e0 Terra Batida | Entenda a 13.\u00aa Rodada","author":"Luiz Ant\u00f4nio Pr\u00f3speri","date":"14 de julho de 2025","format":false,"excerpt":"\u2295 Gramados entupidos de areia, t\u00e9cnico demitido, arbitragens de baixa qualidade e gols espetaculares \u2295 Crise interna de t\u00e9cnico x \u00eddolo, chilique de estrangeiro, treinador dando gra\u00e7as a Deus depois de derrota Luiz Ant\u00f4nio Pr\u00f3speri \u2013 14 julho (18h10) Brasileir\u00e3o 2025 n\u00e3o muda absolutamente nada depois de 30 dias paralisado\u2026","rel":"","context":"Em &quot;brasileir\u00e3o 2025&quot;","block_context":{"text":"brasileir\u00e3o 2025","link":"https:\/\/blogdoprosperi.com\/?cat=775970846"},"img":{"alt_text":"Vojvoda cai o t\u00e9cnico longevo no Fortaleza","src":"https:\/\/i0.wp.com\/blogdoprosperi.com\/wp-content\/uploads\/2024\/09\/captura-de-tela-2024-09-19-as-12.50.08.png?fit=992%2C846&ssl=1&resize=350%2C200","width":350,"height":200,"srcset":"https:\/\/i0.wp.com\/blogdoprosperi.com\/wp-content\/uploads\/2024\/09\/captura-de-tela-2024-09-19-as-12.50.08.png?fit=992%2C846&ssl=1&resize=350%2C200 1x, https:\/\/i0.wp.com\/blogdoprosperi.com\/wp-content\/uploads\/2024\/09\/captura-de-tela-2024-09-19-as-12.50.08.png?fit=992%2C846&ssl=1&resize=525%2C300 1.5x, https:\/\/i0.wp.com\/blogdoprosperi.com\/wp-content\/uploads\/2024\/09\/captura-de-tela-2024-09-19-as-12.50.08.png?fit=992%2C846&ssl=1&resize=700%2C400 2x"},"classes":[]},{"id":61468,"url":"https:\/\/blogdoprosperi.com\/?p=61468","url_meta":{"origin":44356,"position":3},"title":"Brasileir\u00e3o 2026 | Palmeiras dispara na lideran\u00e7a e a torcida grita &#8220;ladr\u00e3o&#8221;","author":"Luiz Ant\u00f4nio Pr\u00f3speri","date":"30 de julho de 2026","format":false,"excerpt":"Luiz Ant\u00f4nio Pr\u00f3speri \u2013 30 julho 2026 (11h13)\u00a0 \"Ladr\u00e3o, ladr\u00e3o, ladr\u00e3o\". \"Expulsa, expulsa, expulsa\". \"\u00c9 campe\u00e3o! \u00c9 campe\u00e3o!\". \u00a0Essas foram as manifesta\u00e7\u00f5es da torcida do Vit\u00f3ria ap\u00f3s as expuls\u00f5es de Cac\u00e1 e Luan C\u00e2ndido no primeiro tempo do jogo Vit\u00f3ria 0 x 4 Palmeiras, quarta-feira (29\/7), no est\u00e1dio Barrad\u00e3o, Salvador.\u2026","rel":"","context":"Em &quot;brasileir\u00e3o 2026&quot;","block_context":{"text":"brasileir\u00e3o 2026","link":"https:\/\/blogdoprosperi.com\/?cat=786956679"},"img":{"alt_text":"","src":"https:\/\/i0.wp.com\/blogdoprosperi.com\/wp-content\/uploads\/2026\/07\/Captura-de-Tela-2026-07-30-as-11.29.08.png?fit=1200%2C641&ssl=1&resize=350%2C200","width":350,"height":200,"srcset":"https:\/\/i0.wp.com\/blogdoprosperi.com\/wp-content\/uploads\/2026\/07\/Captura-de-Tela-2026-07-30-as-11.29.08.png?fit=1200%2C641&ssl=1&resize=350%2C200 1x, https:\/\/i0.wp.com\/blogdoprosperi.com\/wp-content\/uploads\/2026\/07\/Captura-de-Tela-2026-07-30-as-11.29.08.png?fit=1200%2C641&ssl=1&resize=525%2C300 1.5x, https:\/\/i0.wp.com\/blogdoprosperi.com\/wp-content\/uploads\/2026\/07\/Captura-de-Tela-2026-07-30-as-11.29.08.png?fit=1200%2C641&ssl=1&resize=700%2C400 2x, https:\/\/i0.wp.com\/blogdoprosperi.com\/wp-content\/uploads\/2026\/07\/Captura-de-Tela-2026-07-30-as-11.29.08.png?fit=1200%2C641&ssl=1&resize=1050%2C600 3x"},"classes":[]},{"id":53084,"url":"https:\/\/blogdoprosperi.com\/?p=53084","url_meta":{"origin":44356,"position":4},"title":"Entenda Como Brasileir\u00e3o Volta Depois do Mundial de Clubes","author":"Luiz Ant\u00f4nio Pr\u00f3speri","date":"11 de julho de 2025","format":false,"excerpt":"\u2295 Campeonato nacional volta com quatro novos treinadores, entrada e sa\u00edda de jogadores e as mazelas de sempre \u2295 Expectativa \u00e9 por um efeito positivo do Mundial de Clubes ap\u00f3s elogios \u00e0 participa\u00e7\u00e3o dos clubes brasileiros na Copa Luiz Ant\u00f4nio Pr\u00f3speri \u2013 11 julho (13h25) \u2013 Brasileir\u00e3o volta aos jogos\u2026","rel":"","context":"Em &quot;futebol&quot;","block_context":{"text":"futebol","link":"https:\/\/blogdoprosperi.com\/?cat=53870"},"img":{"alt_text":"Entenda como Brasileir\u00e3o volta ap\u00f3s Mundial de Clubes","src":"https:\/\/i0.wp.com\/blogdoprosperi.com\/wp-content\/uploads\/2025\/07\/post.webp?fit=1200%2C751&ssl=1&resize=350%2C200","width":350,"height":200,"srcset":"https:\/\/i0.wp.com\/blogdoprosperi.com\/wp-content\/uploads\/2025\/07\/post.webp?fit=1200%2C751&ssl=1&resize=350%2C200 1x, https:\/\/i0.wp.com\/blogdoprosperi.com\/wp-content\/uploads\/2025\/07\/post.webp?fit=1200%2C751&ssl=1&resize=525%2C300 1.5x, https:\/\/i0.wp.com\/blogdoprosperi.com\/wp-content\/uploads\/2025\/07\/post.webp?fit=1200%2C751&ssl=1&resize=700%2C400 2x, https:\/\/i0.wp.com\/blogdoprosperi.com\/wp-content\/uploads\/2025\/07\/post.webp?fit=1200%2C751&ssl=1&resize=1050%2C600 3x"},"classes":[]},{"id":44190,"url":"https:\/\/blogdoprosperi.com\/?p=44190","url_meta":{"origin":44356,"position":5},"title":"Brasileir\u00e3o 2024: refor\u00e7os e retornos da Copa Am\u00e9rica mudam rumo do campeonato","author":"Luiz Ant\u00f4nio Pr\u00f3speri","date":"15 de julho de 2024","format":false,"excerpt":"Brasileir\u00e3o 2024 come\u00e7a para valer a partir de ter\u00e7a-feira (16\/7), mesmo j\u00e1 avan\u00e7ando na sua 17.a rodada. Enfim, entram em campo os refor\u00e7os liberados na abertura da janela de transfer\u00eancia, dia 10 \u00faltimo, e os que retornam da Copa Am\u00e9rica. Nos tablets, t\u00e9cnicos rabiscam estrat\u00e9gias diversas diante da proximidade das\u2026","rel":"","context":"Em &quot;futebol&quot;","block_context":{"text":"futebol","link":"https:\/\/blogdoprosperi.com\/?cat=53870"},"img":{"alt_text":"Felipe Anderson refor\u00e7a Palmeiras","src":"https:\/\/i0.wp.com\/blogdoprosperi.com\/wp-content\/uploads\/2024\/07\/53859015863_7ac9fcb0ba_h.jpg?fit=1200%2C675&ssl=1&resize=350%2C200","width":350,"height":200,"srcset":"https:\/\/i0.wp.com\/blogdoprosperi.com\/wp-content\/uploads\/2024\/07\/53859015863_7ac9fcb0ba_h.jpg?fit=1200%2C675&ssl=1&resize=350%2C200 1x, https:\/\/i0.wp.com\/blogdoprosperi.com\/wp-content\/uploads\/2024\/07\/53859015863_7ac9fcb0ba_h.jpg?fit=1200%2C675&ssl=1&resize=525%2C300 1.5x, https:\/\/i0.wp.com\/blogdoprosperi.com\/wp-content\/uploads\/2024\/07\/53859015863_7ac9fcb0ba_h.jpg?fit=1200%2C675&ssl=1&resize=700%2C400 2x, https:\/\/i0.wp.com\/blogdoprosperi.com\/wp-content\/uploads\/2024\/07\/53859015863_7ac9fcb0ba_h.jpg?fit=1200%2C675&ssl=1&resize=1050%2C600 3x"},"classes":[]}],"jetpack_featured_media_url":"https:\/\/i0.wp.com\/blogdoprosperi.com\/wp-content\/uploads\/2024\/07\/20240718170351_329.jpg?fit=910%2C607&ssl=1","_links":{"self":[{"href":"https:\/\/blogdoprosperi.com\/index.php?rest_route=\/wp\/v2\/posts\/44356","targetHints":{"allow":["GET"]}}],"collection":[{"href":"https:\/\/blogdoprosperi.com\/index.php?rest_route=\/wp\/v2\/posts"}],"about":[{"href":"https:\/\/blogdoprosperi.com\/index.php?rest_route=\/wp\/v2\/types\/post"}],"author":[{"embeddable":true,"href":"https:\/\/blogdoprosperi.com\/index.php?rest_route=\/wp\/v2\/users\/102107496"}],"replies":[{"embeddable":true,"href":"https:\/\/blogdoprosperi.com\/index.php?rest_route=%2Fwp%2Fv2%2Fcomments&post=44356"}],"version-history":[{"count":10,"href":"https:\/\/blogdoprosperi.com\/index.php?rest_route=\/wp\/v2\/posts\/44356\/revisions"}],"predecessor-version":[{"id":44406,"href":"https:\/\/blogdoprosperi.com\/index.php?rest_route=\/wp\/v2\/posts\/44356\/revisions\/44406"}],"wp:featuredmedia":[{"embeddable":true,"href":"https:\/\/blogdoprosperi.com\/index.php?rest_route=\/wp\/v2\/media\/44403"}],"wp:attachment":[{"href":"https:\/\/blogdoprosperi.com\/index.php?rest_route=%2Fwp%2Fv2%2Fmedia&parent=44356"}],"wp:term":[{"taxonomy":"category","embeddable":true,"href":"https:\/\/blogdoprosperi.com\/index.php?rest_route=%2Fwp%2Fv2%2Fcategories&post=44356"},{"taxonomy":"post_tag","embeddable":true,"href":"https:\/\/blogdoprosperi.com\/index.php?rest_route=%2Fwp%2Fv2%2Ftags&post=44356"}],"curies":[{"name":"wp","href":"https:\/\/api.w.org\/{rel}","templated":true}]}}