{"id":44408,"date":"2024-07-22T18:22:26","date_gmt":"2024-07-22T21:22:26","guid":{"rendered":"https:\/\/blogdoprosperi.com\/?p=44408"},"modified":"2024-07-22T19:12:32","modified_gmt":"2024-07-22T22:12:32","slug":"james-rodriguez-gabigol-e-dudu-indesejados-queridos","status":"publish","type":"post","link":"https:\/\/blogdoprosperi.com\/?p=44408","title":{"rendered":"James Rodriguez, Gabigol e Dudu, indesejados queridos"},"content":{"rendered":"<p><em>Luiz Ant\u00f4nio Pr\u00f3speri \u2013 22 julho (18h20)<\/em><\/p>\n<p>James Rodriguez n\u00e3o joga mais no S\u00e3o Paulo. Clube e jogador tratam da rescis\u00e3o do contrato, v\u00e1lido at\u00e9 2025. Gabigol tem prazo estipulado para deixar o Flamengo, dezembro de 2024. E Dudu espera jogar no Palmeiras pelo menos at\u00e9 o fim de 2025. Tr\u00eas astros. Indesejados por seus patr\u00f5es e queridos por suas torcidas.<\/p>\n<p>A situa\u00e7\u00e3o de James parece mais simples. Contratado em julho de 2023, o meia colombiano nunca acertou o passo no S\u00e3o Paulo. Para o tamanho de sua fama, pouco produziu: 22 jogos (a maioria saindo do banco de reservas), dois gols marcados e quatro assist\u00eancias, entre 2023 e 2024. E pediu o bon\u00e9.<\/p>\n<p>Eleito melhor jogador na Copa Am\u00e9rica, encerrada h\u00e1 uma semana,<span><strong> <\/strong><\/span><span><strong><a style=\"color: #0000ff\" href=\"https:\/\/blogdoprosperi.com\/2024\/07\/10\/copa-america-2024-colombia-vence-uruguai-e-chega-a-final-contra-argentina\/\">James avisa da Col\u00f4mbia<\/a><\/strong><\/span> que n\u00e3o vestir\u00e1 a camisa do S\u00e3o Paulo. Gesto frustrante aos torcedores, at\u00e9 ent\u00e3o animados com o excelente desempenho do meia na sele\u00e7\u00e3o colombiana. T\u00e9cnico Luiz Zubeldia n\u00e3o conta mais, nem queria contar, com James. &#8220;\u00c9 um problema institucional (<em>do clube<\/em>), n\u00e3o meu&#8221;, disse o treinador ap\u00f3s empate (0 a 0) contra Juventude no domingo.<\/p>\n<p>A conta quem vai pagar \u00e9 o S\u00e3o Paulo. James estaria disposto a renunciar ao que tem de direito entre sal\u00e1rios e luvas at\u00e9 o fim do contrato. \u00c9 mais um jogador que vai receber do clube paulista sem jogar \u2013 mesma situa\u00e7\u00e3o de <span><strong><a style=\"color: #0000ff\" href=\"https:\/\/blogdoprosperi.com\/2024\/03\/22\/robinho-e-daniel-alves-tapa-na-cara-do-futebol-brasileiro\/\">Daniel Alves.<\/a><\/strong><\/span><\/p>\n<figure id=\"attachment_43302\" aria-describedby=\"caption-attachment-43302\" style=\"width: 593px\" class=\"wp-caption alignnone\"><img data-recalc-dims=\"1\" loading=\"lazy\" decoding=\"async\" data-attachment-id=\"43302\" data-permalink=\"https:\/\/blogdoprosperi.com\/?attachment_id=43302\" data-orig-file=\"https:\/\/i0.wp.com\/blogdoprosperi.com\/wp-content\/uploads\/2024\/06\/image-2.webp?fit=740%2C416&amp;ssl=1\" data-orig-size=\"740,416\" data-comments-opened=\"1\" data-image-meta=\"{&quot;aperture&quot;:&quot;0&quot;,&quot;credit&quot;:&quot;&quot;,&quot;camera&quot;:&quot;&quot;,&quot;caption&quot;:&quot;&quot;,&quot;created_timestamp&quot;:&quot;0&quot;,&quot;copyright&quot;:&quot;&quot;,&quot;focal_length&quot;:&quot;0&quot;,&quot;iso&quot;:&quot;0&quot;,&quot;shutter_speed&quot;:&quot;0&quot;,&quot;title&quot;:&quot;&quot;,&quot;orientation&quot;:&quot;0&quot;}\" data-image-title=\"Abel e Gabigol, tudo a ver\" data-image-description=\"\" data-image-caption=\"&lt;p&gt;Abel conversa com Gabigol \u2013 foto: reprodu\u00e7\u00e3o TV&lt;\/p&gt;\n\" data-large-file=\"https:\/\/i0.wp.com\/blogdoprosperi.com\/wp-content\/uploads\/2024\/06\/image-2.webp?fit=740%2C416&amp;ssl=1\" src=\"https:\/\/i0.wp.com\/blogdoprosperi.com\/wp-content\/uploads\/2024\/06\/image-2.webp?resize=593%2C333&#038;ssl=1\" class=\"wp-image-43302\" alt=\"\" width=\"593\" height=\"333\"><figcaption id=\"caption-attachment-43302\" class=\"wp-caption-text\"><em>Abel conversa com Gabigol \u2013 foto: reprodu\u00e7\u00e3o TV<\/em><\/figcaption><\/figure>\n<p><strong>Gabigol \u00e9 outra encrenca dos famosos amados malditos.<\/strong> \u00cddolo da torcida do Flamengo, j\u00e1 anunciou a sa\u00edda prevista para dezembro de 2024. Alega que os patr\u00f5es n\u00e3o cumpriram com acordos estabelecidos por uma renova\u00e7\u00e3o contratual. Seu compromisso com o clube carioca se encerra no fim do ano.<\/p>\n<p>&#8220;O Gabriel \u00e9 um jogador que j\u00e1 tem seu nome marcado na hist\u00f3ria do Flamengo por tudo o que fez. O problema \u00e9 que ele, hoje, deixou claro que est\u00e1 buscando um contrato de longo prazo (<em>cinco anos<\/em>). Ele quer um contrato longo, e vamos ser bem francos, fruto do que aconteceu ao longo de 2023 e 2024, independentemente do passado dele, um contrato longo desse tipo o Flamengo n\u00e3o est\u00e1 disposto a oferecer&#8221;, disse Rodolpho Landin, presidente do Flamengo nessa segunda-feira (22\/7).<\/p>\n<p>Landin n\u00e3o vai ceder. Gabigol j\u00e1 foi avisado. <span><strong><a style=\"color: #0000ff\" href=\"https:\/\/blogdoprosperi.com\/2024\/04\/15\/felipe-anderson-chapeu-do-palmeiras-na-juventus-da-italia\/\">Nos bastidores do clube carioca se tem como certo um acordo entre Gabigol e Palmeiras<\/a><\/strong><\/span> \u2013 pr\u00e9-contrato fechado com validade de janeiro 2025 a dezembro 2027. A conferir.<\/p>\n<p>Sonho de Landin, ali\u00e1s, um grande projeto do presidente do Flamengo, \u00e9 anunciar Neymar antes do fim desse ano.<\/p>\n<blockquote><p>N\u00e3o custa sonhar, n\u00e9. Eu acho o <strong>Neymar um jogador totalmente fora de s\u00e9rie,<\/strong> top no mundo. Eu acho que ele vai se recuperar bem dessa les\u00e3o, porque ele \u00e9 um jogador leve. Eu encontrei com ele no vesti\u00e1rio h\u00e1 um tempo atr\u00e1s, bati um papo com ele. Ele me disse que acha que volta em plenas condi\u00e7\u00f5es em meados de setembro&#8221;, avisa Landin.<\/p>\n<\/blockquote>\n<p><span><strong><a style=\"color: #0000ff\" href=\"https:\/\/blogdoprosperi.com\/2024\/06\/30\/flamengo-dispensa-gabigol-e-prepara-bomba-a-detonar-em-2025\/\">Neymar \u00e9 um trunfo para Landin<\/a><\/strong><\/span><span><strong> <\/strong><\/span>eleger seu sucessor no clube e assumir cargo de CEO de uma eventual SAF do Flamengo.<\/p>\n<p>Dudu tamb\u00e9m cabe nessa hist\u00f3ria de indesejados queridos. \u00cddolo inconteste da reconstru\u00e7\u00e3o do Palmeiras a partir de 2015, o atacante sentiu que o clube poderia negociar-lo t\u00e3o logo voltasse de sua grave les\u00e3o no joelho \u2013 processo de quase um ano entre cirurgia e tempo de recupera\u00e7\u00e3o. Por isso seu estafe procurou o Cruzeiro.<\/p>\n<p>O neg\u00f3cio com o clube mineiro estava fechado, <span><strong><a style=\"color: #0000ff\" href=\"https:\/\/blogdoprosperi.com\/2024\/06\/17\/leila-pereira-chegou-ao-fim-o-ciclo-de-dudu-no-palmeiras\/\">Dudu recuou e levou a presidenta Leia Pereira \u00e0 f\u00faria dos Deuses.<\/a><\/strong><\/span> Leila n\u00e3o quer mais Dudu no Palmeiras. Abel n\u00e3o admite perder um jogador precioso nessa reta decisiva entre Copa do Brasil, Libertadores e Brasileir\u00e3o.<\/p>\n<p>Abel insiste pela perman\u00eancia do atacante no m\u00ednimo at\u00e9 o fim desse ano de 2024.<\/p>\n<figure id=\"attachment_44419\" aria-describedby=\"caption-attachment-44419\" style=\"width: 720px\" class=\"wp-caption alignnone\"><img data-recalc-dims=\"1\" loading=\"lazy\" decoding=\"async\" data-attachment-id=\"44419\" data-permalink=\"https:\/\/blogdoprosperi.com\/?attachment_id=44419\" data-orig-file=\"https:\/\/i0.wp.com\/blogdoprosperi.com\/wp-content\/uploads\/2024\/07\/53870420063_36a0602ed1_h.jpg?fit=1500%2C844&amp;ssl=1\" data-orig-size=\"1500,844\" data-comments-opened=\"1\" data-image-meta=\"{&quot;aperture&quot;:&quot;0&quot;,&quot;credit&quot;:&quot;CESAR GRECO&quot;,&quot;camera&quot;:&quot;&quot;,&quot;caption&quot;:&quot;&quot;,&quot;created_timestamp&quot;:&quot;0&quot;,&quot;copyright&quot;:&quot;CESAR GRECO&quot;,&quot;focal_length&quot;:&quot;0&quot;,&quot;iso&quot;:&quot;0&quot;,&quot;shutter_speed&quot;:&quot;0&quot;,&quot;title&quot;:&quot;&quot;,&quot;orientation&quot;:&quot;0&quot;}\" data-image-title=\"Dudu volta de titular\" data-image-description=\"\" data-image-caption=\"&lt;p&gt;Dudu volta e joga bem \u2013 foto: Palmeiras oficial&lt;\/p&gt;\n\" data-large-file=\"https:\/\/i0.wp.com\/blogdoprosperi.com\/wp-content\/uploads\/2024\/07\/53870420063_36a0602ed1_h.jpg?fit=940%2C529&amp;ssl=1\" src=\"https:\/\/i0.wp.com\/blogdoprosperi.com\/wp-content\/uploads\/2024\/07\/53870420063_36a0602ed1_h.jpg?resize=720%2C405&#038;ssl=1\" class=\"size-large wp-image-44419\" width=\"720\" height=\"405\" alt=\"\"><figcaption id=\"caption-attachment-44419\" class=\"wp-caption-text\"><em>Dudu volta e joga bem \u2013 foto: Palmeiras oficial<\/em><\/figcaption><\/figure>\n<p>\u201cMuito feliz (<em>com a chance de jogar<\/em>), \u00e9 muito gratificante. Quando eu ponho a camisa do Palmeiras, me sinto leve, solto. Infelizmente tive essa contus\u00e3o, dei um passo para tr\u00e1s no n\u00famero de jogos e na minha vida aqui dentro do Palmeiras. Mas pude voltar e agora jogar de titular (<em>contra o Cruzeiro, s\u00e1bado)<\/em>. Agrade\u00e7o o carinho da torcida neste meu retorno&#8230;\u201d, disse Dudu na TV Palmeiras. Ele completou 200 jogos no Allianz Parque.<\/p>\n<p><span><strong><em><a style=\"color: #008000\" href=\"https:\/\/blogdoprosperi.com\/blog\/canalverdejante\/\">leia mais do Palmeiras no CanalVerdejante<\/a><\/em><\/strong><\/span><\/p>\n<p>Aos 33 anos, <strong>Dudu est\u00e1 a um jogo de completar a marca de 450 partidas pelo Palmeiras<\/strong> \u2013 tem 449 jogos (413 como titular), 88 gols e 102 assist\u00eancias.<\/p>\n<blockquote><p>\u00c9 muito importante um jogador poder fazer hist\u00f3ria dentro do clube. Nesses 450 jogos, s\u00e3o 12 t\u00edtulos e estou conseguindo fazer isso aqui no Palmeiras. Fico muito feliz por ter a confian\u00e7a do Palmeiras, do torcedor. Sem eles, n\u00e3o seria capaz de completar esses recordes&#8221;.<\/p>\n<\/blockquote>\n<p>Resta saber at\u00e9 quando Leila Pereira vai permitir a perman\u00eancia de Dudu no Palmeiras. Mesma hist\u00f3ria de Gabigol em desaven\u00e7a com Rodolpho Landin no Flamengo e a barca furada que o S\u00e3o Paulo entrou ao apostar alto de James Rodriguez.<\/p>\n<p>Futebol tem seus indesejados queridos, os amados malditos. James, Gabigol e Dudu cabem nessas p\u00e1ginas da hist\u00f3ria.<\/p>\n","protected":false},"excerpt":{"rendered":"<p>Luiz Ant\u00f4nio Pr\u00f3speri \u2013 22 julho (18h20) James Rodriguez n\u00e3o joga mais no S\u00e3o Paulo. Clube e jogador [&hellip;]<\/p>\n","protected":false},"author":102107496,"featured_media":44432,"comment_status":"open","ping_status":"open","sticky":false,"template":"","format":"standard","meta":{"_coblocks_attr":"","_coblocks_dimensions":"","_coblocks_responsive_height":"","_coblocks_accordion_ie_support":"","_jetpack_newsletter_access":"","_jetpack_dont_email_post_to_subs":false,"_jetpack_newsletter_tier_id":0,"_jetpack_memberships_contains_paywalled_content":false,"_wpcom_ai_launchpad_first_post":false,"_jetpack_feature_clip_id":0,"_jetpack_memberships_contains_paid_content":false,"footnotes":"","jetpack_publicize_message":"","jetpack_publicize_feature_enabled":true,"jetpack_social_post_already_shared":false,"jetpack_social_options":{"image_generator_settings":{"template":"highway","default_image_id":0,"font":"","enabled":false},"version":2},"jetpack_post_was_ever_published":false},"categories":[53870,3919],"tags":[10668348,83048612,4200771,1249177,449299,789560560,52406516,13441585,2742988,57784134,789560573,4112146,287104,27782,9124083],"class_list":["post-44408","post","type-post","status-publish","format-standard","has-post-thumbnail","hentry","category-futebol","category-opiniao","tag-0000ff","tag-83048612","tag-abel-ferreira","tag-dudu","tag-flamengo","tag-futebol","tag-gabigol","tag-james-rodriguez","tag-landin","tag-leila-pereira","tag-luiz-antonio-prosperi","tag-neymar","tag-palmeiras","tag-sao-paulo","tag-zubeldia"],"yoast_head":"<!-- This site is optimized with the Yoast SEO plugin v28.3 - https:\/\/yoast.com\/product\/yoast-seo-wordpress\/ -->\n<title>James Rodriguez, Gabigol e Dudu, indesejados queridos - PR\u00d3SPERI NEWS<\/title>\n<meta name=\"robots\" content=\"index, follow, max-snippet:-1, max-image-preview:large, max-video-preview:-1\" \/>\n<link rel=\"canonical\" href=\"https:\/\/blogdoprosperi.com\/?p=44408\" \/>\n<meta property=\"og:locale\" content=\"pt_BR\" \/>\n<meta property=\"og:type\" content=\"article\" \/>\n<meta property=\"og:title\" content=\"James Rodriguez, Gabigol e Dudu, indesejados queridos - PR\u00d3SPERI NEWS\" \/>\n<meta property=\"og:description\" content=\"Luiz Ant\u00f4nio Pr\u00f3speri \u2013 22 julho (18h20) James Rodriguez n\u00e3o joga mais no S\u00e3o Paulo. Clube e jogador [&hellip;]\" \/>\n<meta property=\"og:url\" content=\"https:\/\/blogdoprosperi.com\/?p=44408\" \/>\n<meta property=\"og:site_name\" content=\"PR\u00d3SPERI NEWS\" \/>\n<meta property=\"article:publisher\" content=\"Luiz Pr\u00f3speri\" \/>\n<meta property=\"article:author\" content=\"Luiz Pr\u00f3speri\" \/>\n<meta property=\"article:published_time\" content=\"2024-07-22T21:22:26+00:00\" \/>\n<meta property=\"article:modified_time\" content=\"2024-07-22T22:12:32+00:00\" \/>\n<meta property=\"og:image\" content=\"https:\/\/i0.wp.com\/blogdoprosperi.com\/wp-content\/uploads\/2024\/07\/jamez-rodriguez_sao-paulo_bid_es-brasil.jpg?fit=1068%2C668&ssl=1\" \/>\n\t<meta property=\"og:image:width\" content=\"1068\" \/>\n\t<meta property=\"og:image:height\" content=\"668\" \/>\n\t<meta property=\"og:image:type\" content=\"image\/jpeg\" \/>\n<meta name=\"author\" content=\"Luiz Ant\u00f4nio Pr\u00f3speri\" \/>\n<meta name=\"twitter:card\" content=\"summary_large_image\" \/>\n<meta name=\"twitter:creator\" content=\"@Luizprosperi\" \/>\n<meta name=\"twitter:site\" content=\"@Luizprosperi\" \/>\n<meta name=\"twitter:label1\" content=\"Escrito por\" \/>\n\t<meta name=\"twitter:data1\" content=\"Luiz Ant\u00f4nio Pr\u00f3speri\" \/>\n\t<meta name=\"twitter:label2\" content=\"Est. tempo de leitura\" \/>\n\t<meta name=\"twitter:data2\" content=\"4 minutos\" \/>\n<script type=\"application\/ld+json\" class=\"yoast-schema-graph\">{\"@context\":\"https:\\\/\\\/schema.org\",\"@graph\":[{\"@type\":\"Article\",\"@id\":\"https:\\\/\\\/blogdoprosperi.com\\\/?p=44408#article\",\"isPartOf\":{\"@id\":\"https:\\\/\\\/blogdoprosperi.com\\\/?p=44408\"},\"author\":{\"name\":\"Luiz Ant\u00f4nio Pr\u00f3speri\",\"@id\":\"https:\\\/\\\/blogdoprosperi.com\\\/#\\\/schema\\\/person\\\/38100755ce3601861ee4fab9b5aa78e9\"},\"headline\":\"James Rodriguez, Gabigol e Dudu, indesejados queridos\",\"datePublished\":\"2024-07-22T21:22:26+00:00\",\"dateModified\":\"2024-07-22T22:12:32+00:00\",\"mainEntityOfPage\":{\"@id\":\"https:\\\/\\\/blogdoprosperi.com\\\/?p=44408\"},\"wordCount\":890,\"commentCount\":0,\"publisher\":{\"@id\":\"https:\\\/\\\/blogdoprosperi.com\\\/#\\\/schema\\\/person\\\/38100755ce3601861ee4fab9b5aa78e9\"},\"image\":{\"@id\":\"https:\\\/\\\/blogdoprosperi.com\\\/?p=44408#primaryimage\"},\"thumbnailUrl\":\"https:\\\/\\\/i0.wp.com\\\/blogdoprosperi.com\\\/wp-content\\\/uploads\\\/2024\\\/07\\\/jamez-rodriguez_sao-paulo_bid_es-brasil.jpg?fit=1068%2C668&ssl=1\",\"keywords\":[\"0000ff\",\"008000\",\"abel ferreira\",\"Dudu\",\"Flamengo\",\"futebol\",\"Gabigol\",\"James Rodriguez\",\"landin\",\"Leila Pereira\",\"Luiz Ant\u00f4nio Pr\u00f3speri\",\"Neymar\",\"Palmeiras\",\"S\u00e3o Paulo\",\"zubeldia\"],\"articleSection\":[\"futebol\",\"opini\u00e3o\"],\"inLanguage\":\"pt-BR\",\"potentialAction\":[{\"@type\":\"CommentAction\",\"name\":\"Comment\",\"target\":[\"https:\\\/\\\/blogdoprosperi.com\\\/?p=44408#respond\"]}]},{\"@type\":\"WebPage\",\"@id\":\"https:\\\/\\\/blogdoprosperi.com\\\/?p=44408\",\"url\":\"https:\\\/\\\/blogdoprosperi.com\\\/?p=44408\",\"name\":\"James Rodriguez, Gabigol e Dudu, indesejados queridos - PR\u00d3SPERI NEWS\",\"isPartOf\":{\"@id\":\"https:\\\/\\\/blogdoprosperi.com\\\/#website\"},\"primaryImageOfPage\":{\"@id\":\"https:\\\/\\\/blogdoprosperi.com\\\/?p=44408#primaryimage\"},\"image\":{\"@id\":\"https:\\\/\\\/blogdoprosperi.com\\\/?p=44408#primaryimage\"},\"thumbnailUrl\":\"https:\\\/\\\/i0.wp.com\\\/blogdoprosperi.com\\\/wp-content\\\/uploads\\\/2024\\\/07\\\/jamez-rodriguez_sao-paulo_bid_es-brasil.jpg?fit=1068%2C668&ssl=1\",\"datePublished\":\"2024-07-22T21:22:26+00:00\",\"dateModified\":\"2024-07-22T22:12:32+00:00\",\"breadcrumb\":{\"@id\":\"https:\\\/\\\/blogdoprosperi.com\\\/?p=44408#breadcrumb\"},\"inLanguage\":\"pt-BR\",\"potentialAction\":[{\"@type\":\"ReadAction\",\"target\":[\"https:\\\/\\\/blogdoprosperi.com\\\/?p=44408\"]}]},{\"@type\":\"ImageObject\",\"inLanguage\":\"pt-BR\",\"@id\":\"https:\\\/\\\/blogdoprosperi.com\\\/?p=44408#primaryimage\",\"url\":\"https:\\\/\\\/i0.wp.com\\\/blogdoprosperi.com\\\/wp-content\\\/uploads\\\/2024\\\/07\\\/jamez-rodriguez_sao-paulo_bid_es-brasil.jpg?fit=1068%2C668&ssl=1\",\"contentUrl\":\"https:\\\/\\\/i0.wp.com\\\/blogdoprosperi.com\\\/wp-content\\\/uploads\\\/2024\\\/07\\\/jamez-rodriguez_sao-paulo_bid_es-brasil.jpg?fit=1068%2C668&ssl=1\",\"width\":1068,\"height\":668,\"caption\":\"James Rodriguez negocia rescis\u00e3o de contrato \u2013 foto: S\u00e3o Paulo FC\"},{\"@type\":\"BreadcrumbList\",\"@id\":\"https:\\\/\\\/blogdoprosperi.com\\\/?p=44408#breadcrumb\",\"itemListElement\":[{\"@type\":\"ListItem\",\"position\":1,\"name\":\"In\u00edcio\",\"item\":\"https:\\\/\\\/blogdoprosperi.com\\\/\"},{\"@type\":\"ListItem\",\"position\":2,\"name\":\"James Rodriguez, Gabigol e Dudu, indesejados queridos\"}]},{\"@type\":\"WebSite\",\"@id\":\"https:\\\/\\\/blogdoprosperi.com\\\/#website\",\"url\":\"https:\\\/\\\/blogdoprosperi.com\\\/\",\"name\":\"PR\u00d3SPERI NEWS\",\"description\":\"TUDO \u00c9  FUTEBOL\",\"publisher\":{\"@id\":\"https:\\\/\\\/blogdoprosperi.com\\\/#\\\/schema\\\/person\\\/38100755ce3601861ee4fab9b5aa78e9\"},\"alternateName\":\"blogdoprosperi.com\",\"potentialAction\":[{\"@type\":\"SearchAction\",\"target\":{\"@type\":\"EntryPoint\",\"urlTemplate\":\"https:\\\/\\\/blogdoprosperi.com\\\/?s={search_term_string}\"},\"query-input\":{\"@type\":\"PropertyValueSpecification\",\"valueRequired\":true,\"valueName\":\"search_term_string\"}}],\"inLanguage\":\"pt-BR\"},{\"@type\":[\"Person\",\"Organization\"],\"@id\":\"https:\\\/\\\/blogdoprosperi.com\\\/#\\\/schema\\\/person\\\/38100755ce3601861ee4fab9b5aa78e9\",\"name\":\"Luiz Ant\u00f4nio Pr\u00f3speri\",\"pronouns\":\"ele\",\"image\":{\"@type\":\"ImageObject\",\"inLanguage\":\"pt-BR\",\"@id\":\"https:\\\/\\\/i0.wp.com\\\/blogdoprosperi.com\\\/wp-content\\\/uploads\\\/2026\\\/05\\\/cropped-8059e613-6002-42fa-961e-8e275f575d71-2-5.jpg?fit=1360%2C931&ssl=1\",\"url\":\"https:\\\/\\\/i0.wp.com\\\/blogdoprosperi.com\\\/wp-content\\\/uploads\\\/2026\\\/05\\\/cropped-8059e613-6002-42fa-961e-8e275f575d71-2-5.jpg?fit=1360%2C931&ssl=1\",\"contentUrl\":\"https:\\\/\\\/i0.wp.com\\\/blogdoprosperi.com\\\/wp-content\\\/uploads\\\/2026\\\/05\\\/cropped-8059e613-6002-42fa-961e-8e275f575d71-2-5.jpg?fit=1360%2C931&ssl=1\",\"width\":1360,\"height\":931,\"caption\":\"Luiz Ant\u00f4nio Pr\u00f3speri\"},\"logo\":{\"@id\":\"https:\\\/\\\/i0.wp.com\\\/blogdoprosperi.com\\\/wp-content\\\/uploads\\\/2026\\\/05\\\/cropped-8059e613-6002-42fa-961e-8e275f575d71-2-5.jpg?fit=1360%2C931&ssl=1\"},\"description\":\"Jornalista com carreira dedicada ao esporte. Cobriu 9 Copas do Mundo in loco, 1990 na It\u00e1lia, 1994 nos EUA, 1998 na Fran\u00e7a, 2002 na Coreia do Sul e Jap\u00e3o, 2006 na Alemanha, 2010 na \u00c1frica do Sul, 2014 no Brasil, 2018 na R\u00fassia e 2022 no Qatar. Eurocopas, 1992 na Su\u00e9cia e 1996 na Inglaterra. Copa das Confedera\u00e7\u00f5es de 2005 na Alemanha e 2009 na \u00c1frica do Sul. Rep\u00f3rter e Editor, trabalhou no Jornal da Tarde e Estad\u00e3o, de 1984 a fevereiro de 2016. Colunista, blogueiro. E comentarista de futebol na R\u00e1dio Estad\u00e3o, de 2013 a fevereiro de 2016. Jornalista respons\u00e1vel do \\\"Pr\u00f3speri News\\\" (blogdoprosperi.com).\",\"sameAs\":[\"http:\\\/\\\/blogdoprosperi.com\",\"Luiz Pr\u00f3speri\",\"@luiz_prosperi\",\"https:\\\/\\\/x.com\\\/Luizprosperi\",\"@prosperinacopa\",\"luiz.prosperi@icloud.com\"],\"url\":\"https:\\\/\\\/blogdoprosperi.com\\\/?author=102107496\"}]}<\/script>\n<!-- \/ Yoast SEO plugin. -->","yoast_head_json":{"title":"James Rodriguez, Gabigol e Dudu, indesejados queridos - PR\u00d3SPERI NEWS","robots":{"index":"index","follow":"follow","max-snippet":"max-snippet:-1","max-image-preview":"max-image-preview:large","max-video-preview":"max-video-preview:-1"},"canonical":"https:\/\/blogdoprosperi.com\/?p=44408","og_locale":"pt_BR","og_type":"article","og_title":"James Rodriguez, Gabigol e Dudu, indesejados queridos - PR\u00d3SPERI NEWS","og_description":"Luiz Ant\u00f4nio Pr\u00f3speri \u2013 22 julho (18h20) James Rodriguez n\u00e3o joga mais no S\u00e3o Paulo. Clube e jogador [&hellip;]","og_url":"https:\/\/blogdoprosperi.com\/?p=44408","og_site_name":"PR\u00d3SPERI NEWS","article_publisher":"Luiz Pr\u00f3speri","article_author":"Luiz Pr\u00f3speri","article_published_time":"2024-07-22T21:22:26+00:00","article_modified_time":"2024-07-22T22:12:32+00:00","og_image":[{"width":1068,"height":668,"url":"https:\/\/i0.wp.com\/blogdoprosperi.com\/wp-content\/uploads\/2024\/07\/jamez-rodriguez_sao-paulo_bid_es-brasil.jpg?fit=1068%2C668&ssl=1","type":"image\/jpeg"}],"author":"Luiz Ant\u00f4nio Pr\u00f3speri","twitter_card":"summary_large_image","twitter_creator":"@Luizprosperi","twitter_site":"@Luizprosperi","twitter_misc":{"Escrito por":"Luiz Ant\u00f4nio Pr\u00f3speri","Est. tempo de leitura":"4 minutos"},"schema":{"@context":"https:\/\/schema.org","@graph":[{"@type":"Article","@id":"https:\/\/blogdoprosperi.com\/?p=44408#article","isPartOf":{"@id":"https:\/\/blogdoprosperi.com\/?p=44408"},"author":{"name":"Luiz Ant\u00f4nio Pr\u00f3speri","@id":"https:\/\/blogdoprosperi.com\/#\/schema\/person\/38100755ce3601861ee4fab9b5aa78e9"},"headline":"James Rodriguez, Gabigol e Dudu, indesejados queridos","datePublished":"2024-07-22T21:22:26+00:00","dateModified":"2024-07-22T22:12:32+00:00","mainEntityOfPage":{"@id":"https:\/\/blogdoprosperi.com\/?p=44408"},"wordCount":890,"commentCount":0,"publisher":{"@id":"https:\/\/blogdoprosperi.com\/#\/schema\/person\/38100755ce3601861ee4fab9b5aa78e9"},"image":{"@id":"https:\/\/blogdoprosperi.com\/?p=44408#primaryimage"},"thumbnailUrl":"https:\/\/i0.wp.com\/blogdoprosperi.com\/wp-content\/uploads\/2024\/07\/jamez-rodriguez_sao-paulo_bid_es-brasil.jpg?fit=1068%2C668&ssl=1","keywords":["0000ff","008000","abel ferreira","Dudu","Flamengo","futebol","Gabigol","James Rodriguez","landin","Leila Pereira","Luiz Ant\u00f4nio Pr\u00f3speri","Neymar","Palmeiras","S\u00e3o Paulo","zubeldia"],"articleSection":["futebol","opini\u00e3o"],"inLanguage":"pt-BR","potentialAction":[{"@type":"CommentAction","name":"Comment","target":["https:\/\/blogdoprosperi.com\/?p=44408#respond"]}]},{"@type":"WebPage","@id":"https:\/\/blogdoprosperi.com\/?p=44408","url":"https:\/\/blogdoprosperi.com\/?p=44408","name":"James Rodriguez, Gabigol e Dudu, indesejados queridos - PR\u00d3SPERI NEWS","isPartOf":{"@id":"https:\/\/blogdoprosperi.com\/#website"},"primaryImageOfPage":{"@id":"https:\/\/blogdoprosperi.com\/?p=44408#primaryimage"},"image":{"@id":"https:\/\/blogdoprosperi.com\/?p=44408#primaryimage"},"thumbnailUrl":"https:\/\/i0.wp.com\/blogdoprosperi.com\/wp-content\/uploads\/2024\/07\/jamez-rodriguez_sao-paulo_bid_es-brasil.jpg?fit=1068%2C668&ssl=1","datePublished":"2024-07-22T21:22:26+00:00","dateModified":"2024-07-22T22:12:32+00:00","breadcrumb":{"@id":"https:\/\/blogdoprosperi.com\/?p=44408#breadcrumb"},"inLanguage":"pt-BR","potentialAction":[{"@type":"ReadAction","target":["https:\/\/blogdoprosperi.com\/?p=44408"]}]},{"@type":"ImageObject","inLanguage":"pt-BR","@id":"https:\/\/blogdoprosperi.com\/?p=44408#primaryimage","url":"https:\/\/i0.wp.com\/blogdoprosperi.com\/wp-content\/uploads\/2024\/07\/jamez-rodriguez_sao-paulo_bid_es-brasil.jpg?fit=1068%2C668&ssl=1","contentUrl":"https:\/\/i0.wp.com\/blogdoprosperi.com\/wp-content\/uploads\/2024\/07\/jamez-rodriguez_sao-paulo_bid_es-brasil.jpg?fit=1068%2C668&ssl=1","width":1068,"height":668,"caption":"James Rodriguez negocia rescis\u00e3o de contrato \u2013 foto: S\u00e3o Paulo FC"},{"@type":"BreadcrumbList","@id":"https:\/\/blogdoprosperi.com\/?p=44408#breadcrumb","itemListElement":[{"@type":"ListItem","position":1,"name":"In\u00edcio","item":"https:\/\/blogdoprosperi.com\/"},{"@type":"ListItem","position":2,"name":"James Rodriguez, Gabigol e Dudu, indesejados queridos"}]},{"@type":"WebSite","@id":"https:\/\/blogdoprosperi.com\/#website","url":"https:\/\/blogdoprosperi.com\/","name":"PR\u00d3SPERI NEWS","description":"TUDO \u00c9  FUTEBOL","publisher":{"@id":"https:\/\/blogdoprosperi.com\/#\/schema\/person\/38100755ce3601861ee4fab9b5aa78e9"},"alternateName":"blogdoprosperi.com","potentialAction":[{"@type":"SearchAction","target":{"@type":"EntryPoint","urlTemplate":"https:\/\/blogdoprosperi.com\/?s={search_term_string}"},"query-input":{"@type":"PropertyValueSpecification","valueRequired":true,"valueName":"search_term_string"}}],"inLanguage":"pt-BR"},{"@type":["Person","Organization"],"@id":"https:\/\/blogdoprosperi.com\/#\/schema\/person\/38100755ce3601861ee4fab9b5aa78e9","name":"Luiz Ant\u00f4nio Pr\u00f3speri","pronouns":"ele","image":{"@type":"ImageObject","inLanguage":"pt-BR","@id":"https:\/\/i0.wp.com\/blogdoprosperi.com\/wp-content\/uploads\/2026\/05\/cropped-8059e613-6002-42fa-961e-8e275f575d71-2-5.jpg?fit=1360%2C931&ssl=1","url":"https:\/\/i0.wp.com\/blogdoprosperi.com\/wp-content\/uploads\/2026\/05\/cropped-8059e613-6002-42fa-961e-8e275f575d71-2-5.jpg?fit=1360%2C931&ssl=1","contentUrl":"https:\/\/i0.wp.com\/blogdoprosperi.com\/wp-content\/uploads\/2026\/05\/cropped-8059e613-6002-42fa-961e-8e275f575d71-2-5.jpg?fit=1360%2C931&ssl=1","width":1360,"height":931,"caption":"Luiz Ant\u00f4nio Pr\u00f3speri"},"logo":{"@id":"https:\/\/i0.wp.com\/blogdoprosperi.com\/wp-content\/uploads\/2026\/05\/cropped-8059e613-6002-42fa-961e-8e275f575d71-2-5.jpg?fit=1360%2C931&ssl=1"},"description":"Jornalista com carreira dedicada ao esporte. Cobriu 9 Copas do Mundo in loco, 1990 na It\u00e1lia, 1994 nos EUA, 1998 na Fran\u00e7a, 2002 na Coreia do Sul e Jap\u00e3o, 2006 na Alemanha, 2010 na \u00c1frica do Sul, 2014 no Brasil, 2018 na R\u00fassia e 2022 no Qatar. Eurocopas, 1992 na Su\u00e9cia e 1996 na Inglaterra. Copa das Confedera\u00e7\u00f5es de 2005 na Alemanha e 2009 na \u00c1frica do Sul. Rep\u00f3rter e Editor, trabalhou no Jornal da Tarde e Estad\u00e3o, de 1984 a fevereiro de 2016. Colunista, blogueiro. E comentarista de futebol na R\u00e1dio Estad\u00e3o, de 2013 a fevereiro de 2016. Jornalista respons\u00e1vel do \"Pr\u00f3speri News\" (blogdoprosperi.com).","sameAs":["http:\/\/blogdoprosperi.com","Luiz Pr\u00f3speri","@luiz_prosperi","https:\/\/x.com\/Luizprosperi","@prosperinacopa","luiz.prosperi@icloud.com"],"url":"https:\/\/blogdoprosperi.com\/?author=102107496"}]}},"jetpack_publicize_connections":[],"jetpack_likes_enabled":false,"jetpack_sharing_enabled":true,"jetpack_shortlink":"https:\/\/wp.me\/p7jvdk-byg","jetpack-related-posts":[{"id":46987,"url":"https:\/\/blogdoprosperi.com\/?p=46987","url_meta":{"origin":44408,"position":0},"title":"#Cr\u00f4nicasSab\u00e1tica #9 | \u00cddolos Desaparecem do Futebol Brasileiro","author":"Luiz Ant\u00f4nio Pr\u00f3speri","date":"14 de dezembro de 2024","format":false,"excerpt":"Luiz Ant\u00f4nio Pr\u00f3speri \u2013 14 dezembro (11h10) \u2013 Dudu deixa Palmeiras e coloca fim em dez anos de reinado, idolatria pura. Arrasta uma multid\u00e3o de f\u00e3s incondicionais a protestar, lamentar e a chorar por sua sa\u00edda do Alviverde. Companheiros de time se pronunciam emocionados em agradecimento ao atacante e seus\u2026","rel":"","context":"Em &quot;opini\u00e3o&quot;","block_context":{"text":"opini\u00e3o","link":"https:\/\/blogdoprosperi.com\/?cat=3919"},"img":{"alt_text":"","src":"https:\/\/i0.wp.com\/blogdoprosperi.com\/wp-content\/uploads\/2024\/12\/1_sem_titulo_1_copiar-33355817.jpg?fit=1200%2C750&ssl=1&resize=350%2C200","width":350,"height":200,"srcset":"https:\/\/i0.wp.com\/blogdoprosperi.com\/wp-content\/uploads\/2024\/12\/1_sem_titulo_1_copiar-33355817.jpg?fit=1200%2C750&ssl=1&resize=350%2C200 1x, https:\/\/i0.wp.com\/blogdoprosperi.com\/wp-content\/uploads\/2024\/12\/1_sem_titulo_1_copiar-33355817.jpg?fit=1200%2C750&ssl=1&resize=525%2C300 1.5x, https:\/\/i0.wp.com\/blogdoprosperi.com\/wp-content\/uploads\/2024\/12\/1_sem_titulo_1_copiar-33355817.jpg?fit=1200%2C750&ssl=1&resize=700%2C400 2x, https:\/\/i0.wp.com\/blogdoprosperi.com\/wp-content\/uploads\/2024\/12\/1_sem_titulo_1_copiar-33355817.jpg?fit=1200%2C750&ssl=1&resize=1050%2C600 3x"},"classes":[]},{"id":44333,"url":"https:\/\/blogdoprosperi.com\/?p=44333","url_meta":{"origin":44408,"position":1},"title":"Copa do Brasil \u2013 Flamengo x Palmeiras: a dura caminhada de Abel Ferreira at\u00e9 o topo da montanha","author":"Luiz Ant\u00f4nio Pr\u00f3speri","date":"18 de julho de 2024","format":false,"excerpt":"Sorteio da Copa do Brasil tem confronto Palmeiras x Flamengo nas oitavas de final. Um deles, apontados como os mais poderosos clubes brasileiros, vai ficar no meio do caminho. E perder a oportunidade de embolsar cerca de 94 milh\u00f5es na soma da premia\u00e7\u00e3o total da CB. Palmeiras decide a vaga\u2026","rel":"","context":"Em &quot;futebol&quot;","block_context":{"text":"futebol","link":"https:\/\/blogdoprosperi.com\/?cat=53870"},"img":{"alt_text":"","src":"https:\/\/i0.wp.com\/blogdoprosperi.com\/wp-content\/uploads\/2024\/07\/zyqmery5.jpeg?fit=600%2C375&ssl=1&resize=350%2C200","width":350,"height":200,"srcset":"https:\/\/i0.wp.com\/blogdoprosperi.com\/wp-content\/uploads\/2024\/07\/zyqmery5.jpeg?fit=600%2C375&ssl=1&resize=350%2C200 1x, https:\/\/i0.wp.com\/blogdoprosperi.com\/wp-content\/uploads\/2024\/07\/zyqmery5.jpeg?fit=600%2C375&ssl=1&resize=525%2C300 1.5x"},"classes":[]},{"id":42318,"url":"https:\/\/blogdoprosperi.com\/?p=42318","url_meta":{"origin":44408,"position":2},"title":"Felipe Anderson, Gabigol e Dudu, ataque do Palmeiras no Mundial 2025","author":"Luiz Ant\u00f4nio Pr\u00f3speri","date":"15 de abril de 2024","format":false,"excerpt":"Palmeiras projeta ataque com Felipe Anderson, Gabigol e Dudu no Mundial de Clubes Fifa 2025.","rel":"","context":"Em &quot;futebol 2024&quot;","block_context":{"text":"futebol 2024","link":"https:\/\/blogdoprosperi.com\/?cat=768932782"},"img":{"alt_text":"","src":"https:\/\/i0.wp.com\/blogdoprosperi.com\/wp-content\/uploads\/2024\/04\/img_5788.png?resize=350%2C200&ssl=1","width":350,"height":200,"srcset":"https:\/\/i0.wp.com\/blogdoprosperi.com\/wp-content\/uploads\/2024\/04\/img_5788.png?resize=350%2C200&ssl=1 1x, https:\/\/i0.wp.com\/blogdoprosperi.com\/wp-content\/uploads\/2024\/04\/img_5788.png?resize=525%2C300&ssl=1 1.5x, https:\/\/i0.wp.com\/blogdoprosperi.com\/wp-content\/uploads\/2024\/04\/img_5788.png?resize=700%2C400&ssl=1 2x"},"classes":[]},{"id":46873,"url":"https:\/\/blogdoprosperi.com\/?p=46873","url_meta":{"origin":44408,"position":3},"title":"Mercado Futebol | Santos Contrata Z\u00e9 Rafael e Ver\u00f3n, Cruzeiro Rifa Diniz e Fecha com Renato Ga\u00facho","author":"Luiz Ant\u00f4nio Pr\u00f3speri","date":"27 de janeiro de 2025","format":false,"excerpt":"Luiz Ant\u00f4nio Pr\u00f3speri \u2013 27 janeiro (20h25) \u2013 Confira aqui principais negocia\u00e7\u00f5es no mercado do futebol brasileiro temporada 2025. P\u00e1gina ser\u00e1 atualizada com novas transfer\u00eancias de jogadores e treinadores. E mais: an\u00e1lise de cada transa\u00e7\u00e3o. Segunda-feira \u2013 27 janeiro \u2013 20h15 SANTOS FILIAL DO PALMEIRAS? Santos anuncia contrata\u00e7\u00e3o do volante\u2026","rel":"","context":"Em &quot;futebol&quot;","block_context":{"text":"futebol","link":"https:\/\/blogdoprosperi.com\/?cat=53870"},"img":{"alt_text":"","src":"https:\/\/i0.wp.com\/blogdoprosperi.com\/wp-content\/uploads\/2024\/11\/54160663755_bfe3e8aaca_c.jpg?fit=800%2C450&ssl=1&resize=350%2C200","width":350,"height":200,"srcset":"https:\/\/i0.wp.com\/blogdoprosperi.com\/wp-content\/uploads\/2024\/11\/54160663755_bfe3e8aaca_c.jpg?fit=800%2C450&ssl=1&resize=350%2C200 1x, https:\/\/i0.wp.com\/blogdoprosperi.com\/wp-content\/uploads\/2024\/11\/54160663755_bfe3e8aaca_c.jpg?fit=800%2C450&ssl=1&resize=525%2C300 1.5x, https:\/\/i0.wp.com\/blogdoprosperi.com\/wp-content\/uploads\/2024\/11\/54160663755_bfe3e8aaca_c.jpg?fit=800%2C450&ssl=1&resize=700%2C400 2x"},"classes":[]},{"id":46777,"url":"https:\/\/blogdoprosperi.com\/?p=46777","url_meta":{"origin":44408,"position":4},"title":"Brasileir\u00e3o 2024 | Ta\u00e7a, Dramas, Rebaixamento e Despedidas na \u00daltima Rodada","author":"Luiz Ant\u00f4nio Pr\u00f3speri","date":"7 de dezembro de 2024","format":false,"excerpt":"Luiz Ant\u00f4nio Pr\u00f3speri \u2013 7 dezembro (11h05) \u2013 Brasileir\u00e3o 2024 chega \u00e0 \u00faltima rodada (38.\u00aa) com disputa de t\u00edtulo, pavor do rebaixamento, dramas, despedidas, derrota do futebol para a viol\u00eancia, sucessos e fracassos da SAF e graves problemas de gest\u00e3o da CBF. Muitas hist\u00f3rias ser\u00e3o contadas nesse domingo (08\/12) a\u2026","rel":"","context":"Em &quot;futebol&quot;","block_context":{"text":"futebol","link":"https:\/\/blogdoprosperi.com\/?cat=53870"},"img":{"alt_text":"","src":"https:\/\/i0.wp.com\/blogdoprosperi.com\/wp-content\/uploads\/2024\/12\/trofeu-brasileirao-trivela-scaled-1.jpg?fit=1200%2C675&ssl=1&resize=350%2C200","width":350,"height":200,"srcset":"https:\/\/i0.wp.com\/blogdoprosperi.com\/wp-content\/uploads\/2024\/12\/trofeu-brasileirao-trivela-scaled-1.jpg?fit=1200%2C675&ssl=1&resize=350%2C200 1x, https:\/\/i0.wp.com\/blogdoprosperi.com\/wp-content\/uploads\/2024\/12\/trofeu-brasileirao-trivela-scaled-1.jpg?fit=1200%2C675&ssl=1&resize=525%2C300 1.5x, https:\/\/i0.wp.com\/blogdoprosperi.com\/wp-content\/uploads\/2024\/12\/trofeu-brasileirao-trivela-scaled-1.jpg?fit=1200%2C675&ssl=1&resize=700%2C400 2x, https:\/\/i0.wp.com\/blogdoprosperi.com\/wp-content\/uploads\/2024\/12\/trofeu-brasileirao-trivela-scaled-1.jpg?fit=1200%2C675&ssl=1&resize=1050%2C600 3x"},"classes":[]},{"id":40854,"url":"https:\/\/blogdoprosperi.com\/?p=40854","url_meta":{"origin":44408,"position":5},"title":"Dudu renova e caminha para ser maior jogador da hist\u00f3ria do Palmeiras","author":"Luiz Ant\u00f4nio Pr\u00f3speri","date":"23 de dezembro de 2022","format":false,"excerpt":"Dudu entra na rota que o levar\u00e1 ao posto de maior jogador da hist\u00f3ria do Palmeiras ao renovar contrato at\u00e9 fim 2025.","rel":"","context":"Em &quot;futebol&quot;","block_context":{"text":"futebol","link":"https:\/\/blogdoprosperi.com\/?cat=53870"},"img":{"alt_text":"","src":"https:\/\/i0.wp.com\/blogdoprosperi.com\/wp-content\/uploads\/2022\/12\/52474273725_835056a182_c.jpg?fit=800%2C450&ssl=1&resize=350%2C200","width":350,"height":200,"srcset":"https:\/\/i0.wp.com\/blogdoprosperi.com\/wp-content\/uploads\/2022\/12\/52474273725_835056a182_c.jpg?fit=800%2C450&ssl=1&resize=350%2C200 1x, https:\/\/i0.wp.com\/blogdoprosperi.com\/wp-content\/uploads\/2022\/12\/52474273725_835056a182_c.jpg?fit=800%2C450&ssl=1&resize=525%2C300 1.5x, https:\/\/i0.wp.com\/blogdoprosperi.com\/wp-content\/uploads\/2022\/12\/52474273725_835056a182_c.jpg?fit=800%2C450&ssl=1&resize=700%2C400 2x"},"classes":[]}],"jetpack_featured_media_url":"https:\/\/i0.wp.com\/blogdoprosperi.com\/wp-content\/uploads\/2024\/07\/jamez-rodriguez_sao-paulo_bid_es-brasil.jpg?fit=1068%2C668&ssl=1","_links":{"self":[{"href":"https:\/\/blogdoprosperi.com\/index.php?rest_route=\/wp\/v2\/posts\/44408","targetHints":{"allow":["GET"]}}],"collection":[{"href":"https:\/\/blogdoprosperi.com\/index.php?rest_route=\/wp\/v2\/posts"}],"about":[{"href":"https:\/\/blogdoprosperi.com\/index.php?rest_route=\/wp\/v2\/types\/post"}],"author":[{"embeddable":true,"href":"https:\/\/blogdoprosperi.com\/index.php?rest_route=\/wp\/v2\/users\/102107496"}],"replies":[{"embeddable":true,"href":"https:\/\/blogdoprosperi.com\/index.php?rest_route=%2Fwp%2Fv2%2Fcomments&post=44408"}],"version-history":[{"count":17,"href":"https:\/\/blogdoprosperi.com\/index.php?rest_route=\/wp\/v2\/posts\/44408\/revisions"}],"predecessor-version":[{"id":44441,"href":"https:\/\/blogdoprosperi.com\/index.php?rest_route=\/wp\/v2\/posts\/44408\/revisions\/44441"}],"wp:featuredmedia":[{"embeddable":true,"href":"https:\/\/blogdoprosperi.com\/index.php?rest_route=\/wp\/v2\/media\/44432"}],"wp:attachment":[{"href":"https:\/\/blogdoprosperi.com\/index.php?rest_route=%2Fwp%2Fv2%2Fmedia&parent=44408"}],"wp:term":[{"taxonomy":"category","embeddable":true,"href":"https:\/\/blogdoprosperi.com\/index.php?rest_route=%2Fwp%2Fv2%2Fcategories&post=44408"},{"taxonomy":"post_tag","embeddable":true,"href":"https:\/\/blogdoprosperi.com\/index.php?rest_route=%2Fwp%2Fv2%2Ftags&post=44408"}],"curies":[{"name":"wp","href":"https:\/\/api.w.org\/{rel}","templated":true}]}}