{"id":44457,"date":"2024-07-24T11:52:59","date_gmt":"2024-07-24T14:52:59","guid":{"rendered":"https:\/\/blogdoprosperi.com\/?p=44457"},"modified":"2024-07-30T11:26:34","modified_gmt":"2024-07-30T14:26:34","slug":"olimpiada-paris-2024-ausencia-do-futebol-masculino-do-brasil-prejudica-geracao-de-endrick","status":"publish","type":"post","link":"https:\/\/blogdoprosperi.com\/?p=44457","title":{"rendered":"Olimp\u00edada Paris 2024: aus\u00eancia do futebol masculino do Brasil prejudica gera\u00e7\u00e3o de Endrick"},"content":{"rendered":"<p>Bicampe\u00e3o ol\u00edmpico nas duas \u00faltimas Olimp\u00edadas, 2016 no Brasil e 2021 no Jap\u00e3o, futebol brasileiro masculino est\u00e1 fora da Olimp\u00edada Paris 2024. Argentina e Espanha, atuais detentoras da Copa Am\u00e9rica e da Euro, entraram em campo com suas sele\u00e7\u00f5es Sub-23 na abertura do futebol nos Jogos da Fran\u00e7a, nessa quarta-feira (24\/7). Aus\u00eancia da sele\u00e7\u00e3o brasileira dos garotos atrasa processo de evolu\u00e7\u00e3o de uma gera\u00e7\u00e3o das mais promissoras do nosso futebol. Preju\u00edzo certo para o Brasil na Copa do Mundo de 2026.<\/p>\n<p>Antes de entrar na discuss\u00e3o da aus\u00eancia sele\u00e7\u00e3o brasileira, a primeira rodada teve derrota da Argentina por 2 a 1 para Marrocos. Acr\u00e9scimos de 16 minutos, gol argentino anulado no VAR ap\u00f3s reviravoltas na marca\u00e7\u00e3o, invas\u00e3o de campo, jogo paralisado e retomado quando o est\u00e1dio estava vazio. E o Paraguai, que levou a vaga no Pr\u00e9-Ol\u00edmpico deixando Brasil fora de Paris 2024, tomou uma sova de 5 a 0 do Jap\u00e3o na estreia.<\/p>\n<p><strong>GERA\u00c7\u00c3O PREJUDICADA<\/strong><\/p>\n<p>Endrick (Real Madrid), Rodrygo (Real Madrid), Victor Roque (Barcelona), Marcos Leonardo (ex-Santos hoje no Benfica), Danilo (ex-Palmeiras hoje no Notthingham Forest), Murilo (ex-Corinthians hoje no Nottingham Forest), Jo\u00e3o Gomes (sele\u00e7\u00e3o principal e Wolverhampton), Savinho (Manchester City), <strong><a style=\"color: #0000ff\" href=\"https:\/\/blogdoprosperi.com\/2024\/06\/22\/estevao-vendido-entenda-pressa-do-palmeiras-na-negociacao-com-chelsea\/\">Estev\u00e3o (Palmeiras)<\/a><\/strong>, Luiz Guilherme (ex-Palmeiras hoje no West Ham).<\/p>\n<p>Meninos na lista acima est\u00e3o na faixa de idade at\u00e9 23 anos, todos em condi\u00e7\u00f5es legais de disputar uma Olimp\u00edada que n\u00e3o admite atletas de futebol masculino acima de 23 anos \u2013 cada sele\u00e7\u00e3o s\u00f3 pode inscrever tr\u00eas jogadores com mais de 23 anos.<\/p>\n<p>\u00c9 f\u00e1cil concluir que vamos atrasar processo de forma\u00e7\u00e3o desse garotos na Sele\u00e7\u00e3o Brasileira.<\/p>\n<p>Analistas e torcedores mais c\u00e9ticos podem dizer que uma Sele\u00e7\u00e3o Brasileira Ol\u00edmpica n\u00e3o tem rela\u00e7\u00e3o direta com uma Sele\u00e7\u00e3o Brasileira principal na Copa do Mundo. O que n\u00e3o \u00e9 verdade. Sempre \u00e9 bom lembrar que a Olimp\u00edada \u00e9 disputada dois anos antes de uma Copa do Mundo.<\/p>\n<p>E a\u00ed recorremos ao exemplo de uma sele\u00e7\u00e3o vencedora, a Espanha, que acaba de conquistar a Eurocopa 2024.<\/p>\n<p>No grupo de 26 jogadores espanh\u00f3is campe\u00f5es na Euro, sete disputaram a Olimp\u00edada de 2021 no Jap\u00e3o \u2013 sem falar no t\u00e9cnico Luiz de la Fuentes. Espanha ficou com a medalha de prata e o Brasil levou o ouro.<\/p>\n<p>Brasil levou quatro jogadores medalha de ouro na Olimp\u00edada 2021 para <strong><a style=\"color: #0000ff\" href=\"https:\/\/blogdoprosperi.com\/2024\/07\/07\/selecao-brasileira-eliminada-na-copa-america-2024-muito-obrigado-dorival-junior\/\">Copa Am\u00e9rica 2024 nos EUA<\/a><\/strong>: Arana, Douglas Luiz, Bruno Guimar\u00e3es e Gabriel Martinelli.<\/p>\n<p>Sele\u00e7\u00e3o Ol\u00edmpica cria casca, serve de lastro aos meninos que dois anos depois ter\u00e3o pela frente uma Copa do Mundo.<\/p>\n<p>Mesmo com exemplos hist\u00f3ricos da import\u00e2ncia da sele\u00e7\u00e3o ol\u00edmpica \u00e0 sele\u00e7\u00e3o principal, a CBF, com raras exce\u00e7\u00f5es, nunca atendeu a esse processo natural.<\/p>\n<p>Escolhas de treinadores das sele\u00e7\u00f5es de base n\u00e3o t\u00eam nenhuma liga\u00e7\u00e3o com os t\u00e9cnicos da sele\u00e7\u00e3o principal.<\/p>\n<p>Veja o exemplo: Ramon Meneses comandou a Sele\u00e7\u00e3o Brasileira Sub-20 no Mundial da categoria na Argentina. Caiu eliminado por Israel nas quartas de final. E no Pr\u00e9-Ol\u00edmpico, valendo vaga na Olimp\u00edada Paris 2024, n\u00e3o conseguiu a vaga. Ataque do Brasil tinha Endrick e John Kennedy.<\/p>\n<p>Ramon Meneses n\u00e3o tinha trabalho consolidado nas categorias de base de grandes clubes brasileiros. Chegou a ser interino na Sele\u00e7\u00e3o principal no per\u00edodo que a CBF aguardava por Carlo Ancelotti.<\/p>\n<p><span style=\"color: #0000ff\"><strong><a style=\"color: #0000ff\" href=\"https:\/\/blogdoprosperi.com\/2016\/08\/20\/futebol-brasileiro-se-ajoelha-aos-pes-de-neymar-e-chora-a-conquista-do-ouro\/\">Rogerio Micale,<\/a><\/strong><\/span> campe\u00e3o ol\u00edmpico comandando a Sele\u00e7\u00e3o na Olimp\u00edada 2016 no Brasil, dirige a sele\u00e7\u00e3o do Egito na Olimp\u00edada Paris 2024.<\/p>\n<p>Andr\u00e9 Jardine, campe\u00e3o ol\u00edmpico dirigindo a Sele\u00e7\u00e3o na Olimp\u00edada de 2021 no Jap\u00e3o, faz sucesso hoje no futebol mexicano no comando do Am\u00e9rica, principal clube do pa\u00eds.<\/p>\n<p>CBF precisa entender a l\u00f3gica dos ciclos ol\u00edmpicos e Copas do Mundo. E ligar uma ponta a outra.<\/p>\n<p>Enquanto isso, gera\u00e7\u00f5es promissoras perdem tempo precioso na sua evolu\u00e7\u00e3o natural.<\/p>\n","protected":false},"excerpt":{"rendered":"<p>Bicampe\u00e3o ol\u00edmpico nas duas \u00faltimas Olimp\u00edadas, 2016 no Brasil e 2021 no Jap\u00e3o, futebol brasileiro masculino est\u00e1 fora [&hellip;]<\/p>\n","protected":false},"author":102107496,"featured_media":44480,"comment_status":"open","ping_status":"open","sticky":false,"template":"","format":"standard","meta":{"_coblocks_attr":"","_coblocks_dimensions":"","_coblocks_responsive_height":"","_coblocks_accordion_ie_support":"","_jetpack_newsletter_access":"","_jetpack_dont_email_post_to_subs":false,"_jetpack_newsletter_tier_id":0,"_jetpack_memberships_contains_paywalled_content":false,"_wpcom_ai_launchpad_first_post":false,"_jetpack_feature_clip_id":0,"_jetpack_memberships_contains_paid_content":false,"footnotes":"","jetpack_publicize_message":"","jetpack_publicize_feature_enabled":true,"jetpack_social_post_already_shared":false,"jetpack_social_options":{"image_generator_settings":{"template":"highway","default_image_id":0,"font":"","enabled":false},"version":2},"jetpack_post_was_ever_published":false},"categories":[53870,3919],"tags":[10668348,789560569,25607665,3151783,789560560,789560573,98119233,426247352,100365353],"class_list":["post-44457","post","type-post","status-publish","format-standard","has-post-thumbnail","hentry","category-futebol","category-opiniao","tag-0000ff","tag-cbf","tag-endrick","tag-estevao","tag-futebol","tag-luiz-antonio-prosperi","tag-paris-2024","tag-ramon-meneses","tag-selecao-brasileira-olimpica"],"yoast_head":"<!-- This site is optimized with the Yoast SEO plugin v28.3 - https:\/\/yoast.com\/product\/yoast-seo-wordpress\/ -->\n<title>Olimp\u00edada Paris 2024: aus\u00eancia do futebol masculino do Brasil prejudica gera\u00e7\u00e3o de Endrick - PR\u00d3SPERI NEWS<\/title>\n<meta name=\"robots\" content=\"index, follow, max-snippet:-1, max-image-preview:large, max-video-preview:-1\" \/>\n<link rel=\"canonical\" href=\"https:\/\/blogdoprosperi.com\/?p=44457\" \/>\n<meta property=\"og:locale\" content=\"pt_BR\" \/>\n<meta property=\"og:type\" content=\"article\" \/>\n<meta property=\"og:title\" content=\"Olimp\u00edada Paris 2024: aus\u00eancia do futebol masculino do Brasil prejudica gera\u00e7\u00e3o de Endrick - PR\u00d3SPERI NEWS\" \/>\n<meta property=\"og:description\" content=\"Bicampe\u00e3o ol\u00edmpico nas duas \u00faltimas Olimp\u00edadas, 2016 no Brasil e 2021 no Jap\u00e3o, futebol brasileiro masculino est\u00e1 fora [&hellip;]\" \/>\n<meta property=\"og:url\" content=\"https:\/\/blogdoprosperi.com\/?p=44457\" \/>\n<meta property=\"og:site_name\" content=\"PR\u00d3SPERI NEWS\" \/>\n<meta property=\"article:publisher\" content=\"Luiz Pr\u00f3speri\" \/>\n<meta property=\"article:author\" content=\"Luiz Pr\u00f3speri\" \/>\n<meta property=\"article:published_time\" content=\"2024-07-24T14:52:59+00:00\" \/>\n<meta property=\"article:modified_time\" content=\"2024-07-30T14:26:34+00:00\" \/>\n<meta property=\"og:image\" content=\"https:\/\/i0.wp.com\/blogdoprosperi.com\/wp-content\/uploads\/2024\/07\/endrick-rodrygo-disney-e1718374528292.webp?fit=1220%2C674&ssl=1\" \/>\n\t<meta property=\"og:image:width\" content=\"1220\" \/>\n\t<meta property=\"og:image:height\" content=\"674\" \/>\n\t<meta property=\"og:image:type\" content=\"image\/webp\" \/>\n<meta name=\"author\" content=\"Luiz Ant\u00f4nio Pr\u00f3speri\" \/>\n<meta name=\"twitter:card\" content=\"summary_large_image\" \/>\n<meta name=\"twitter:creator\" content=\"@Luizprosperi\" \/>\n<meta name=\"twitter:site\" content=\"@Luizprosperi\" \/>\n<meta name=\"twitter:label1\" content=\"Escrito por\" \/>\n\t<meta name=\"twitter:data1\" content=\"Luiz Ant\u00f4nio Pr\u00f3speri\" \/>\n\t<meta name=\"twitter:label2\" content=\"Est. tempo de leitura\" \/>\n\t<meta name=\"twitter:data2\" content=\"3 minutos\" \/>\n<script type=\"application\/ld+json\" class=\"yoast-schema-graph\">{\"@context\":\"https:\\\/\\\/schema.org\",\"@graph\":[{\"@type\":\"Article\",\"@id\":\"https:\\\/\\\/blogdoprosperi.com\\\/?p=44457#article\",\"isPartOf\":{\"@id\":\"https:\\\/\\\/blogdoprosperi.com\\\/?p=44457\"},\"author\":{\"name\":\"Luiz Ant\u00f4nio Pr\u00f3speri\",\"@id\":\"https:\\\/\\\/blogdoprosperi.com\\\/#\\\/schema\\\/person\\\/38100755ce3601861ee4fab9b5aa78e9\"},\"headline\":\"Olimp\u00edada Paris 2024: aus\u00eancia do futebol masculino do Brasil prejudica gera\u00e7\u00e3o de Endrick\",\"datePublished\":\"2024-07-24T14:52:59+00:00\",\"dateModified\":\"2024-07-30T14:26:34+00:00\",\"mainEntityOfPage\":{\"@id\":\"https:\\\/\\\/blogdoprosperi.com\\\/?p=44457\"},\"wordCount\":678,\"commentCount\":0,\"publisher\":{\"@id\":\"https:\\\/\\\/blogdoprosperi.com\\\/#\\\/schema\\\/person\\\/38100755ce3601861ee4fab9b5aa78e9\"},\"image\":{\"@id\":\"https:\\\/\\\/blogdoprosperi.com\\\/?p=44457#primaryimage\"},\"thumbnailUrl\":\"https:\\\/\\\/i0.wp.com\\\/blogdoprosperi.com\\\/wp-content\\\/uploads\\\/2024\\\/07\\\/endrick-rodrygo-disney-e1718374528292.webp?fit=1220%2C674&ssl=1\",\"keywords\":[\"0000ff\",\"CBF\",\"endrick\",\"Estev\u00e3o\",\"futebol\",\"Luiz Ant\u00f4nio Pr\u00f3speri\",\"paris 2024\",\"Ramon meneses\",\"Sele\u00e7\u00e3o Brasileira Ol\u00edmpica\"],\"articleSection\":[\"futebol\",\"opini\u00e3o\"],\"inLanguage\":\"pt-BR\",\"potentialAction\":[{\"@type\":\"CommentAction\",\"name\":\"Comment\",\"target\":[\"https:\\\/\\\/blogdoprosperi.com\\\/?p=44457#respond\"]}]},{\"@type\":\"WebPage\",\"@id\":\"https:\\\/\\\/blogdoprosperi.com\\\/?p=44457\",\"url\":\"https:\\\/\\\/blogdoprosperi.com\\\/?p=44457\",\"name\":\"Olimp\u00edada Paris 2024: aus\u00eancia do futebol masculino do Brasil prejudica gera\u00e7\u00e3o de Endrick - PR\u00d3SPERI NEWS\",\"isPartOf\":{\"@id\":\"https:\\\/\\\/blogdoprosperi.com\\\/#website\"},\"primaryImageOfPage\":{\"@id\":\"https:\\\/\\\/blogdoprosperi.com\\\/?p=44457#primaryimage\"},\"image\":{\"@id\":\"https:\\\/\\\/blogdoprosperi.com\\\/?p=44457#primaryimage\"},\"thumbnailUrl\":\"https:\\\/\\\/i0.wp.com\\\/blogdoprosperi.com\\\/wp-content\\\/uploads\\\/2024\\\/07\\\/endrick-rodrygo-disney-e1718374528292.webp?fit=1220%2C674&ssl=1\",\"datePublished\":\"2024-07-24T14:52:59+00:00\",\"dateModified\":\"2024-07-30T14:26:34+00:00\",\"breadcrumb\":{\"@id\":\"https:\\\/\\\/blogdoprosperi.com\\\/?p=44457#breadcrumb\"},\"inLanguage\":\"pt-BR\",\"potentialAction\":[{\"@type\":\"ReadAction\",\"target\":[\"https:\\\/\\\/blogdoprosperi.com\\\/?p=44457\"]}]},{\"@type\":\"ImageObject\",\"inLanguage\":\"pt-BR\",\"@id\":\"https:\\\/\\\/blogdoprosperi.com\\\/?p=44457#primaryimage\",\"url\":\"https:\\\/\\\/i0.wp.com\\\/blogdoprosperi.com\\\/wp-content\\\/uploads\\\/2024\\\/07\\\/endrick-rodrygo-disney-e1718374528292.webp?fit=1220%2C674&ssl=1\",\"contentUrl\":\"https:\\\/\\\/i0.wp.com\\\/blogdoprosperi.com\\\/wp-content\\\/uploads\\\/2024\\\/07\\\/endrick-rodrygo-disney-e1718374528292.webp?fit=1220%2C674&ssl=1\",\"width\":1220,\"height\":674,\"caption\":\"Endrick e Rodrygo no parque Magic Kingdom Disney \u2013 foto: Reprodu\u00e7\u00e3o\\\/Instagram\"},{\"@type\":\"BreadcrumbList\",\"@id\":\"https:\\\/\\\/blogdoprosperi.com\\\/?p=44457#breadcrumb\",\"itemListElement\":[{\"@type\":\"ListItem\",\"position\":1,\"name\":\"In\u00edcio\",\"item\":\"https:\\\/\\\/blogdoprosperi.com\\\/\"},{\"@type\":\"ListItem\",\"position\":2,\"name\":\"Olimp\u00edada Paris 2024: aus\u00eancia do futebol masculino do Brasil prejudica gera\u00e7\u00e3o de Endrick\"}]},{\"@type\":\"WebSite\",\"@id\":\"https:\\\/\\\/blogdoprosperi.com\\\/#website\",\"url\":\"https:\\\/\\\/blogdoprosperi.com\\\/\",\"name\":\"PR\u00d3SPERI NEWS\",\"description\":\"TUDO \u00c9  FUTEBOL\",\"publisher\":{\"@id\":\"https:\\\/\\\/blogdoprosperi.com\\\/#\\\/schema\\\/person\\\/38100755ce3601861ee4fab9b5aa78e9\"},\"alternateName\":\"blogdoprosperi.com\",\"potentialAction\":[{\"@type\":\"SearchAction\",\"target\":{\"@type\":\"EntryPoint\",\"urlTemplate\":\"https:\\\/\\\/blogdoprosperi.com\\\/?s={search_term_string}\"},\"query-input\":{\"@type\":\"PropertyValueSpecification\",\"valueRequired\":true,\"valueName\":\"search_term_string\"}}],\"inLanguage\":\"pt-BR\"},{\"@type\":[\"Person\",\"Organization\"],\"@id\":\"https:\\\/\\\/blogdoprosperi.com\\\/#\\\/schema\\\/person\\\/38100755ce3601861ee4fab9b5aa78e9\",\"name\":\"Luiz Ant\u00f4nio Pr\u00f3speri\",\"pronouns\":\"ele\",\"image\":{\"@type\":\"ImageObject\",\"inLanguage\":\"pt-BR\",\"@id\":\"https:\\\/\\\/i0.wp.com\\\/blogdoprosperi.com\\\/wp-content\\\/uploads\\\/2026\\\/05\\\/cropped-8059e613-6002-42fa-961e-8e275f575d71-2-5.jpg?fit=1360%2C931&ssl=1\",\"url\":\"https:\\\/\\\/i0.wp.com\\\/blogdoprosperi.com\\\/wp-content\\\/uploads\\\/2026\\\/05\\\/cropped-8059e613-6002-42fa-961e-8e275f575d71-2-5.jpg?fit=1360%2C931&ssl=1\",\"contentUrl\":\"https:\\\/\\\/i0.wp.com\\\/blogdoprosperi.com\\\/wp-content\\\/uploads\\\/2026\\\/05\\\/cropped-8059e613-6002-42fa-961e-8e275f575d71-2-5.jpg?fit=1360%2C931&ssl=1\",\"width\":1360,\"height\":931,\"caption\":\"Luiz Ant\u00f4nio Pr\u00f3speri\"},\"logo\":{\"@id\":\"https:\\\/\\\/i0.wp.com\\\/blogdoprosperi.com\\\/wp-content\\\/uploads\\\/2026\\\/05\\\/cropped-8059e613-6002-42fa-961e-8e275f575d71-2-5.jpg?fit=1360%2C931&ssl=1\"},\"description\":\"Jornalista com carreira dedicada ao esporte. Cobriu 9 Copas do Mundo in loco, 1990 na It\u00e1lia, 1994 nos EUA, 1998 na Fran\u00e7a, 2002 na Coreia do Sul e Jap\u00e3o, 2006 na Alemanha, 2010 na \u00c1frica do Sul, 2014 no Brasil, 2018 na R\u00fassia e 2022 no Qatar. Eurocopas, 1992 na Su\u00e9cia e 1996 na Inglaterra. Copa das Confedera\u00e7\u00f5es de 2005 na Alemanha e 2009 na \u00c1frica do Sul. Rep\u00f3rter e Editor, trabalhou no Jornal da Tarde e Estad\u00e3o, de 1984 a fevereiro de 2016. Colunista, blogueiro. E comentarista de futebol na R\u00e1dio Estad\u00e3o, de 2013 a fevereiro de 2016. Jornalista respons\u00e1vel do \\\"Pr\u00f3speri News\\\" (blogdoprosperi.com).\",\"sameAs\":[\"http:\\\/\\\/blogdoprosperi.com\",\"Luiz Pr\u00f3speri\",\"@luiz_prosperi\",\"https:\\\/\\\/x.com\\\/Luizprosperi\",\"@prosperinacopa\",\"luiz.prosperi@icloud.com\"],\"url\":\"https:\\\/\\\/blogdoprosperi.com\\\/?author=102107496\"}]}<\/script>\n<!-- \/ Yoast SEO plugin. -->","yoast_head_json":{"title":"Olimp\u00edada Paris 2024: aus\u00eancia do futebol masculino do Brasil prejudica gera\u00e7\u00e3o de Endrick - PR\u00d3SPERI NEWS","robots":{"index":"index","follow":"follow","max-snippet":"max-snippet:-1","max-image-preview":"max-image-preview:large","max-video-preview":"max-video-preview:-1"},"canonical":"https:\/\/blogdoprosperi.com\/?p=44457","og_locale":"pt_BR","og_type":"article","og_title":"Olimp\u00edada Paris 2024: aus\u00eancia do futebol masculino do Brasil prejudica gera\u00e7\u00e3o de Endrick - PR\u00d3SPERI NEWS","og_description":"Bicampe\u00e3o ol\u00edmpico nas duas \u00faltimas Olimp\u00edadas, 2016 no Brasil e 2021 no Jap\u00e3o, futebol brasileiro masculino est\u00e1 fora [&hellip;]","og_url":"https:\/\/blogdoprosperi.com\/?p=44457","og_site_name":"PR\u00d3SPERI NEWS","article_publisher":"Luiz Pr\u00f3speri","article_author":"Luiz Pr\u00f3speri","article_published_time":"2024-07-24T14:52:59+00:00","article_modified_time":"2024-07-30T14:26:34+00:00","og_image":[{"width":1220,"height":674,"url":"https:\/\/i0.wp.com\/blogdoprosperi.com\/wp-content\/uploads\/2024\/07\/endrick-rodrygo-disney-e1718374528292.webp?fit=1220%2C674&ssl=1","type":"image\/webp"}],"author":"Luiz Ant\u00f4nio Pr\u00f3speri","twitter_card":"summary_large_image","twitter_creator":"@Luizprosperi","twitter_site":"@Luizprosperi","twitter_misc":{"Escrito por":"Luiz Ant\u00f4nio Pr\u00f3speri","Est. tempo de leitura":"3 minutos"},"schema":{"@context":"https:\/\/schema.org","@graph":[{"@type":"Article","@id":"https:\/\/blogdoprosperi.com\/?p=44457#article","isPartOf":{"@id":"https:\/\/blogdoprosperi.com\/?p=44457"},"author":{"name":"Luiz Ant\u00f4nio Pr\u00f3speri","@id":"https:\/\/blogdoprosperi.com\/#\/schema\/person\/38100755ce3601861ee4fab9b5aa78e9"},"headline":"Olimp\u00edada Paris 2024: aus\u00eancia do futebol masculino do Brasil prejudica gera\u00e7\u00e3o de Endrick","datePublished":"2024-07-24T14:52:59+00:00","dateModified":"2024-07-30T14:26:34+00:00","mainEntityOfPage":{"@id":"https:\/\/blogdoprosperi.com\/?p=44457"},"wordCount":678,"commentCount":0,"publisher":{"@id":"https:\/\/blogdoprosperi.com\/#\/schema\/person\/38100755ce3601861ee4fab9b5aa78e9"},"image":{"@id":"https:\/\/blogdoprosperi.com\/?p=44457#primaryimage"},"thumbnailUrl":"https:\/\/i0.wp.com\/blogdoprosperi.com\/wp-content\/uploads\/2024\/07\/endrick-rodrygo-disney-e1718374528292.webp?fit=1220%2C674&ssl=1","keywords":["0000ff","CBF","endrick","Estev\u00e3o","futebol","Luiz Ant\u00f4nio Pr\u00f3speri","paris 2024","Ramon meneses","Sele\u00e7\u00e3o Brasileira Ol\u00edmpica"],"articleSection":["futebol","opini\u00e3o"],"inLanguage":"pt-BR","potentialAction":[{"@type":"CommentAction","name":"Comment","target":["https:\/\/blogdoprosperi.com\/?p=44457#respond"]}]},{"@type":"WebPage","@id":"https:\/\/blogdoprosperi.com\/?p=44457","url":"https:\/\/blogdoprosperi.com\/?p=44457","name":"Olimp\u00edada Paris 2024: aus\u00eancia do futebol masculino do Brasil prejudica gera\u00e7\u00e3o de Endrick - PR\u00d3SPERI NEWS","isPartOf":{"@id":"https:\/\/blogdoprosperi.com\/#website"},"primaryImageOfPage":{"@id":"https:\/\/blogdoprosperi.com\/?p=44457#primaryimage"},"image":{"@id":"https:\/\/blogdoprosperi.com\/?p=44457#primaryimage"},"thumbnailUrl":"https:\/\/i0.wp.com\/blogdoprosperi.com\/wp-content\/uploads\/2024\/07\/endrick-rodrygo-disney-e1718374528292.webp?fit=1220%2C674&ssl=1","datePublished":"2024-07-24T14:52:59+00:00","dateModified":"2024-07-30T14:26:34+00:00","breadcrumb":{"@id":"https:\/\/blogdoprosperi.com\/?p=44457#breadcrumb"},"inLanguage":"pt-BR","potentialAction":[{"@type":"ReadAction","target":["https:\/\/blogdoprosperi.com\/?p=44457"]}]},{"@type":"ImageObject","inLanguage":"pt-BR","@id":"https:\/\/blogdoprosperi.com\/?p=44457#primaryimage","url":"https:\/\/i0.wp.com\/blogdoprosperi.com\/wp-content\/uploads\/2024\/07\/endrick-rodrygo-disney-e1718374528292.webp?fit=1220%2C674&ssl=1","contentUrl":"https:\/\/i0.wp.com\/blogdoprosperi.com\/wp-content\/uploads\/2024\/07\/endrick-rodrygo-disney-e1718374528292.webp?fit=1220%2C674&ssl=1","width":1220,"height":674,"caption":"Endrick e Rodrygo no parque Magic Kingdom Disney \u2013 foto: Reprodu\u00e7\u00e3o\/Instagram"},{"@type":"BreadcrumbList","@id":"https:\/\/blogdoprosperi.com\/?p=44457#breadcrumb","itemListElement":[{"@type":"ListItem","position":1,"name":"In\u00edcio","item":"https:\/\/blogdoprosperi.com\/"},{"@type":"ListItem","position":2,"name":"Olimp\u00edada Paris 2024: aus\u00eancia do futebol masculino do Brasil prejudica gera\u00e7\u00e3o de Endrick"}]},{"@type":"WebSite","@id":"https:\/\/blogdoprosperi.com\/#website","url":"https:\/\/blogdoprosperi.com\/","name":"PR\u00d3SPERI NEWS","description":"TUDO \u00c9  FUTEBOL","publisher":{"@id":"https:\/\/blogdoprosperi.com\/#\/schema\/person\/38100755ce3601861ee4fab9b5aa78e9"},"alternateName":"blogdoprosperi.com","potentialAction":[{"@type":"SearchAction","target":{"@type":"EntryPoint","urlTemplate":"https:\/\/blogdoprosperi.com\/?s={search_term_string}"},"query-input":{"@type":"PropertyValueSpecification","valueRequired":true,"valueName":"search_term_string"}}],"inLanguage":"pt-BR"},{"@type":["Person","Organization"],"@id":"https:\/\/blogdoprosperi.com\/#\/schema\/person\/38100755ce3601861ee4fab9b5aa78e9","name":"Luiz Ant\u00f4nio Pr\u00f3speri","pronouns":"ele","image":{"@type":"ImageObject","inLanguage":"pt-BR","@id":"https:\/\/i0.wp.com\/blogdoprosperi.com\/wp-content\/uploads\/2026\/05\/cropped-8059e613-6002-42fa-961e-8e275f575d71-2-5.jpg?fit=1360%2C931&ssl=1","url":"https:\/\/i0.wp.com\/blogdoprosperi.com\/wp-content\/uploads\/2026\/05\/cropped-8059e613-6002-42fa-961e-8e275f575d71-2-5.jpg?fit=1360%2C931&ssl=1","contentUrl":"https:\/\/i0.wp.com\/blogdoprosperi.com\/wp-content\/uploads\/2026\/05\/cropped-8059e613-6002-42fa-961e-8e275f575d71-2-5.jpg?fit=1360%2C931&ssl=1","width":1360,"height":931,"caption":"Luiz Ant\u00f4nio Pr\u00f3speri"},"logo":{"@id":"https:\/\/i0.wp.com\/blogdoprosperi.com\/wp-content\/uploads\/2026\/05\/cropped-8059e613-6002-42fa-961e-8e275f575d71-2-5.jpg?fit=1360%2C931&ssl=1"},"description":"Jornalista com carreira dedicada ao esporte. Cobriu 9 Copas do Mundo in loco, 1990 na It\u00e1lia, 1994 nos EUA, 1998 na Fran\u00e7a, 2002 na Coreia do Sul e Jap\u00e3o, 2006 na Alemanha, 2010 na \u00c1frica do Sul, 2014 no Brasil, 2018 na R\u00fassia e 2022 no Qatar. Eurocopas, 1992 na Su\u00e9cia e 1996 na Inglaterra. Copa das Confedera\u00e7\u00f5es de 2005 na Alemanha e 2009 na \u00c1frica do Sul. Rep\u00f3rter e Editor, trabalhou no Jornal da Tarde e Estad\u00e3o, de 1984 a fevereiro de 2016. Colunista, blogueiro. E comentarista de futebol na R\u00e1dio Estad\u00e3o, de 2013 a fevereiro de 2016. Jornalista respons\u00e1vel do \"Pr\u00f3speri News\" (blogdoprosperi.com).","sameAs":["http:\/\/blogdoprosperi.com","Luiz Pr\u00f3speri","@luiz_prosperi","https:\/\/x.com\/Luizprosperi","@prosperinacopa","luiz.prosperi@icloud.com"],"url":"https:\/\/blogdoprosperi.com\/?author=102107496"}]}},"jetpack_publicize_connections":[],"jetpack_likes_enabled":false,"jetpack_sharing_enabled":true,"jetpack_shortlink":"https:\/\/wp.me\/p7jvdk-bz3","jetpack-related-posts":[{"id":44164,"url":"https:\/\/blogdoprosperi.com\/?p=44164","url_meta":{"origin":44457,"position":0},"title":"CBF Procura Sucessor de Dorival Junior | Que Tal Andr\u00e9 Jardine at\u00e9 2030?","author":"Luiz Ant\u00f4nio Pr\u00f3speri","date":"26 de mar\u00e7o de 2025","format":false,"excerpt":"Luiz Ant\u00f4nio Pr\u00f3speri \u2013 26 mar\u00e7o (00h51) \u2013 Sele\u00e7\u00e3o Brasileira procura um treinador com a queda anunciada de Dorival Junior, ainda sem confirma\u00e7\u00e3o oficial at\u00e9 a manh\u00e3 dessa quarta-feira (26\/03). Futuro de Dorival ser\u00e1 conhecido na sexta-feira (28\/3) em reuni\u00e3o na CBF. Em julho de 2024, esse blog Pr\u00f3speri News\u2026","rel":"","context":"Em &quot;futebol&quot;","block_context":{"text":"futebol","link":"https:\/\/blogdoprosperi.com\/?cat=53870"},"img":{"alt_text":"","src":"https:\/\/i0.wp.com\/blogdoprosperi.com\/wp-content\/uploads\/2024\/03\/cbf_futebol_copa_brasil.jpg?fit=800%2C503&ssl=1&resize=350%2C200","width":350,"height":200,"srcset":"https:\/\/i0.wp.com\/blogdoprosperi.com\/wp-content\/uploads\/2024\/03\/cbf_futebol_copa_brasil.jpg?fit=800%2C503&ssl=1&resize=350%2C200 1x, https:\/\/i0.wp.com\/blogdoprosperi.com\/wp-content\/uploads\/2024\/03\/cbf_futebol_copa_brasil.jpg?fit=800%2C503&ssl=1&resize=525%2C300 1.5x, https:\/\/i0.wp.com\/blogdoprosperi.com\/wp-content\/uploads\/2024\/03\/cbf_futebol_copa_brasil.jpg?fit=800%2C503&ssl=1&resize=700%2C400 2x"},"classes":[]},{"id":48064,"url":"https:\/\/blogdoprosperi.com\/?p=48064","url_meta":{"origin":44457,"position":1},"title":"An\u00e1lise do Futebol Rude da Sele\u00e7\u00e3o Brasileira Sub-20","author":"Luiz Ant\u00f4nio Pr\u00f3speri","date":"14 de fevereiro de 2025","format":false,"excerpt":"Luiz Ant\u00f4nio Pr\u00f3speri \u2013 14 fevereiro (17h05) \u2013 Sele\u00e7\u00e3o Brasileira Sub-20 pode levantar a ta\u00e7a de campe\u00e3 do Sul-Americano, domingo, na Venezuela. T\u00edtulo a ser comemorado por Ramon Menezes, presidente da CBF e os garotos desse time do Brasil. E paramos por a\u00ed. CBF e o t\u00e9cnico Ramon, mesmo com\u2026","rel":"","context":"Em &quot;futebol&quot;","block_context":{"text":"futebol","link":"https:\/\/blogdoprosperi.com\/?cat=53870"},"img":{"alt_text":"Sele\u00e7\u00e3o Brasileira Sub-20, for\u00e7a f\u00edsica e pouco futebol","src":"https:\/\/i0.wp.com\/blogdoprosperi.com\/wp-content\/uploads\/2025\/02\/54326845381_f9c91923e4_c.jpg?fit=799%2C554&ssl=1&resize=350%2C200","width":350,"height":200,"srcset":"https:\/\/i0.wp.com\/blogdoprosperi.com\/wp-content\/uploads\/2025\/02\/54326845381_f9c91923e4_c.jpg?fit=799%2C554&ssl=1&resize=350%2C200 1x, https:\/\/i0.wp.com\/blogdoprosperi.com\/wp-content\/uploads\/2025\/02\/54326845381_f9c91923e4_c.jpg?fit=799%2C554&ssl=1&resize=525%2C300 1.5x, https:\/\/i0.wp.com\/blogdoprosperi.com\/wp-content\/uploads\/2025\/02\/54326845381_f9c91923e4_c.jpg?fit=799%2C554&ssl=1&resize=700%2C400 2x"},"classes":[]},{"id":44548,"url":"https:\/\/blogdoprosperi.com\/?p=44548","url_meta":{"origin":44457,"position":2},"title":"Paris 2024: Sele\u00e7\u00e3o Feminina na Final e Chega de Coitadismo, Brasil","author":"Luiz Ant\u00f4nio Pr\u00f3speri","date":"6 de agosto de 2024","format":false,"excerpt":"Luiz Ant\u00f4nio Pr\u00f3speri \u2013 6 julho (23h21) Sele\u00e7\u00e3o Brasileira feminina vai decidir com os Estados Unidos a medalha de Ouro na Olimp\u00edada Paris 2024. Classifica\u00e7\u00e3o \u00e9pica \u00e0 final ol\u00edmpica ao vencer atual campe\u00e3 do mundo Espanha por 4 a 2, nessa ter\u00e7a-feira (06\/8). M\u00e9rito de mulheres talentosas, compet\u00eancia da comiss\u00e3o\u2026","rel":"","context":"Em &quot;futebol&quot;","block_context":{"text":"futebol","link":"https:\/\/blogdoprosperi.com\/?cat=53870"},"img":{"alt_text":"Brasil vence Espanha e vai \u00e0 final da Paris 2024","src":"https:\/\/i0.wp.com\/blogdoprosperi.com\/wp-content\/uploads\/2024\/08\/53907104590_f82aed4acb_k.jpg?fit=1200%2C816&ssl=1&resize=350%2C200","width":350,"height":200,"srcset":"https:\/\/i0.wp.com\/blogdoprosperi.com\/wp-content\/uploads\/2024\/08\/53907104590_f82aed4acb_k.jpg?fit=1200%2C816&ssl=1&resize=350%2C200 1x, https:\/\/i0.wp.com\/blogdoprosperi.com\/wp-content\/uploads\/2024\/08\/53907104590_f82aed4acb_k.jpg?fit=1200%2C816&ssl=1&resize=525%2C300 1.5x, https:\/\/i0.wp.com\/blogdoprosperi.com\/wp-content\/uploads\/2024\/08\/53907104590_f82aed4acb_k.jpg?fit=1200%2C816&ssl=1&resize=700%2C400 2x, https:\/\/i0.wp.com\/blogdoprosperi.com\/wp-content\/uploads\/2024\/08\/53907104590_f82aed4acb_k.jpg?fit=1200%2C816&ssl=1&resize=1050%2C600 3x"},"classes":[]},{"id":38941,"url":"https:\/\/blogdoprosperi.com\/?p=38941","url_meta":{"origin":44457,"position":3},"title":"Endrick do Palmeiras e a travessia da Copa Catar 2022","author":"Luiz Ant\u00f4nio Pr\u00f3speri","date":"13 de julho de 2022","format":false,"excerpt":"Sele\u00e7\u00e3o Brasileira tem pressa. O futebol brasileiro \u00e9 apressado por natureza. Chega a Copa do Mundo e come\u00e7a a busca nos confins por um novo fen\u00f4meno \u2013 \u00e9 da cultura do pa\u00eds metido a ter os mais talentosos jogadores da Terra. Por isso, anotem a\u00ed, Endrick, do Palmeiras, ser\u00e1 o\u2026","rel":"","context":"Em &quot;futebol&quot;","block_context":{"text":"futebol","link":"https:\/\/blogdoprosperi.com\/?cat=53870"},"img":{"alt_text":"","src":"https:\/\/i0.wp.com\/blogdoprosperi.com\/wp-content\/uploads\/2022\/07\/endrick-20042022110424799.jpg?fit=771%2C420&ssl=1&resize=350%2C200","width":350,"height":200,"srcset":"https:\/\/i0.wp.com\/blogdoprosperi.com\/wp-content\/uploads\/2022\/07\/endrick-20042022110424799.jpg?fit=771%2C420&ssl=1&resize=350%2C200 1x, https:\/\/i0.wp.com\/blogdoprosperi.com\/wp-content\/uploads\/2022\/07\/endrick-20042022110424799.jpg?fit=771%2C420&ssl=1&resize=525%2C300 1.5x, https:\/\/i0.wp.com\/blogdoprosperi.com\/wp-content\/uploads\/2022\/07\/endrick-20042022110424799.jpg?fit=771%2C420&ssl=1&resize=700%2C400 2x"},"classes":[]},{"id":20184,"url":"https:\/\/blogdoprosperi.com\/?p=20184","url_meta":{"origin":44457,"position":4},"title":"Neymar n\u00e3o \u00e9 o culpado","author":"Luiz Ant\u00f4nio Pr\u00f3speri","date":"9 de agosto de 2016","format":false,"excerpt":"Futebol brasileiro corre risco enorme de cair na primeira fase da Olimp\u00edada nesta quarta-feira no jogo contra a Dinamarca. Seria um desastre do tamanho do 7 a 1. Devastador. Um tiro no cora\u00e7\u00e3o da institui\u00e7\u00e3o Sele\u00e7\u00e3o Brasileira, sem credibilidade e em crise permanente desde o fracasso na Copa do Mundo\u2026","rel":"","context":"Em &quot;futebol&quot;","block_context":{"text":"futebol","link":"https:\/\/blogdoprosperi.com\/?cat=53870"},"img":{"alt_text":"","src":"https:\/\/i0.wp.com\/blogdoprosperi.com\/wp-content\/uploads\/2016\/08\/pro2-9.jpg?resize=350%2C200&ssl=1","width":350,"height":200,"srcset":"https:\/\/i0.wp.com\/blogdoprosperi.com\/wp-content\/uploads\/2016\/08\/pro2-9.jpg?resize=350%2C200&ssl=1 1x, https:\/\/i0.wp.com\/blogdoprosperi.com\/wp-content\/uploads\/2016\/08\/pro2-9.jpg?resize=525%2C300&ssl=1 1.5x, https:\/\/i0.wp.com\/blogdoprosperi.com\/wp-content\/uploads\/2016\/08\/pro2-9.jpg?resize=700%2C400&ssl=1 2x, https:\/\/i0.wp.com\/blogdoprosperi.com\/wp-content\/uploads\/2016\/08\/pro2-9.jpg?resize=1050%2C600&ssl=1 3x, https:\/\/i0.wp.com\/blogdoprosperi.com\/wp-content\/uploads\/2016\/08\/pro2-9.jpg?resize=1400%2C800&ssl=1 4x"},"classes":[]},{"id":57771,"url":"https:\/\/blogdoprosperi.com\/?p=57771","url_meta":{"origin":44457,"position":5},"title":"Estev\u00e3o Fora da Copa? | A Pior Not\u00edcia que Ancelotti Poderia Receber","author":"Luiz Ant\u00f4nio Pr\u00f3speri","date":"22 de abril de 2026","format":false,"excerpt":"Luiz Ant\u00f4nio Pr\u00f3speri \u2013 22 abril 2026 (12h36) \u2013 Aten\u00e7\u00e3o. Estev\u00e3o pode ficar fora da Copa do Mundo 2026. Not\u00edcias que chegam de Londres atestam uma les\u00e3o grave na coxa direita de Estev\u00e3o, um dos titulares absolutos da Sele\u00e7\u00e3o Brasileira projetada por Carlo Ancelotti. Exames divulgados nesta quarta-feira (22\/4) apontam\u2026","rel":"","context":"Em &quot;copa 2026&quot;","block_context":{"text":"copa 2026","link":"https:\/\/blogdoprosperi.com\/?cat=36820279"},"img":{"alt_text":"","src":"https:\/\/i0.wp.com\/blogdoprosperi.com\/wp-content\/uploads\/2026\/04\/lhvtlvp5v2mokrafvzv4jmjlm4.jpg?fit=920%2C615&ssl=1&resize=350%2C200","width":350,"height":200,"srcset":"https:\/\/i0.wp.com\/blogdoprosperi.com\/wp-content\/uploads\/2026\/04\/lhvtlvp5v2mokrafvzv4jmjlm4.jpg?fit=920%2C615&ssl=1&resize=350%2C200 1x, https:\/\/i0.wp.com\/blogdoprosperi.com\/wp-content\/uploads\/2026\/04\/lhvtlvp5v2mokrafvzv4jmjlm4.jpg?fit=920%2C615&ssl=1&resize=525%2C300 1.5x, https:\/\/i0.wp.com\/blogdoprosperi.com\/wp-content\/uploads\/2026\/04\/lhvtlvp5v2mokrafvzv4jmjlm4.jpg?fit=920%2C615&ssl=1&resize=700%2C400 2x"},"classes":[]}],"jetpack_featured_media_url":"https:\/\/i0.wp.com\/blogdoprosperi.com\/wp-content\/uploads\/2024\/07\/endrick-rodrygo-disney-e1718374528292.webp?fit=1220%2C674&ssl=1","_links":{"self":[{"href":"https:\/\/blogdoprosperi.com\/index.php?rest_route=\/wp\/v2\/posts\/44457","targetHints":{"allow":["GET"]}}],"collection":[{"href":"https:\/\/blogdoprosperi.com\/index.php?rest_route=\/wp\/v2\/posts"}],"about":[{"href":"https:\/\/blogdoprosperi.com\/index.php?rest_route=\/wp\/v2\/types\/post"}],"author":[{"embeddable":true,"href":"https:\/\/blogdoprosperi.com\/index.php?rest_route=\/wp\/v2\/users\/102107496"}],"replies":[{"embeddable":true,"href":"https:\/\/blogdoprosperi.com\/index.php?rest_route=%2Fwp%2Fv2%2Fcomments&post=44457"}],"version-history":[{"count":10,"href":"https:\/\/blogdoprosperi.com\/index.php?rest_route=\/wp\/v2\/posts\/44457\/revisions"}],"predecessor-version":[{"id":44534,"href":"https:\/\/blogdoprosperi.com\/index.php?rest_route=\/wp\/v2\/posts\/44457\/revisions\/44534"}],"wp:featuredmedia":[{"embeddable":true,"href":"https:\/\/blogdoprosperi.com\/index.php?rest_route=\/wp\/v2\/media\/44480"}],"wp:attachment":[{"href":"https:\/\/blogdoprosperi.com\/index.php?rest_route=%2Fwp%2Fv2%2Fmedia&parent=44457"}],"wp:term":[{"taxonomy":"category","embeddable":true,"href":"https:\/\/blogdoprosperi.com\/index.php?rest_route=%2Fwp%2Fv2%2Fcategories&post=44457"},{"taxonomy":"post_tag","embeddable":true,"href":"https:\/\/blogdoprosperi.com\/index.php?rest_route=%2Fwp%2Fv2%2Ftags&post=44457"}],"curies":[{"name":"wp","href":"https:\/\/api.w.org\/{rel}","templated":true}]}}