{"id":44486,"date":"2024-07-26T11:30:04","date_gmt":"2024-07-26T14:30:04","guid":{"rendered":"http:\/\/blogdoprosperi.com\/?p=44486"},"modified":"2024-07-26T11:30:04","modified_gmt":"2024-07-26T14:30:04","slug":"paralisar-o-brasileirao-2024-unica-saida-aos-clubes-contra-suspeitas-de-ladroes-do-apito-e-var","status":"publish","type":"post","link":"https:\/\/blogdoprosperi.com\/?p=44486","title":{"rendered":"Paralisar o Brasileir\u00e3o 2024, \u00fanica sa\u00edda aos clubes contra suspeitas de ladr\u00f5es do apito e VAR"},"content":{"rendered":"\n<p class=\"wp-block-paragraph\"><em>Luiz Ant\u00f4nio Pr\u00f3speri &#8211; 26 julho (10h58)<\/em><\/p>\n\n\n\n<p class=\"wp-block-paragraph\">Clubes da S\u00e9rie A do Brasileir\u00e3o 2024 est\u00e3o em uma enrascada por culpa pr\u00f3pria nesse in\u00edcio de segundo turno do campeonato. V\u00edtimas de erros do VAR e da arbitragem de campo, clubes se revoltam e notificam a CBF a cada derrota ou derrapada dos senhores do apito. Quando os times apresentam fraco desempenho t\u00e9cnico e n\u00e3o vencem os jogos, apelam \u00e0s prec\u00e1rias condi\u00e7\u00f5es dos gramados e o absurdo calend\u00e1rio do futebol brasileiro. E ningu\u00e9m aponta uma sa\u00edda digna para esse impasse.<\/p>\n\n\n\n<p class=\"wp-block-paragraph\">Dif\u00edcil aceitar essa s\u00e9rie de desculpas e jogar pedra na Geni, dita CBF. Ali\u00e1s se avolumam na CBF as notifica\u00e7\u00f5es da maioria dos 20 clubes contra erros do VAR e da arbitragem. <\/p>\n\n\n\n<p class=\"wp-block-paragraph\">A cada rodada, dirigentes aparecem esbravejando contra Comiss\u00e3o de Arbitragem repetindo o bord\u00e3o: <\/p>\n\n\n\n<p class=\"wp-block-paragraph\">\u201cVamos entrar com uma representa\u00e7\u00e3o na CBF cobrando arbitragem e o VAR pelos erros cometidos contra nossa institui\u00e7\u00e3o (caro leitor, troque institui\u00e7\u00e3o por nome de um clube de sua prefer\u00eancia) e preju\u00edzos causados no jogo\u2026.\u201d<\/p>\n\n\n\n<p class=\"wp-block-paragraph\">\u00c9 a reclama\u00e7\u00e3o padr\u00e3o ou satisfa\u00e7\u00e3o ao torcedor. <\/p>\n\n\n\n<p class=\"wp-block-paragraph\">\u201cN\u00e3o vamos admitir mais que a nossa \u2018institui\u00e7\u00e3o\u2019 seja prejudicada pela arbitragem\u201d. E tome nota oficial.<\/p>\n\n\n\n<p class=\"wp-block-paragraph\"><strong>Almoxarifado da CBF deve estar lotado com pilhas de papel of\u00edcio com as notas oficiais dos clubes<\/strong> e a mem\u00f3ria dos servi\u00e7os on-line no limite da sobrecarga.<\/p>\n\n\n\n<p class=\"wp-block-paragraph\">Tudo em v\u00e3o. N\u00e3o h\u00e1 menor unidade entre os clubes para se buscar uma solu\u00e7\u00e3o. Cada um fala por conta pr\u00f3pria e ainda espalha uma <strong>inver\u00eddica teoria da conspira\u00e7\u00e3o contra seu clube em benef\u00edcio do outro<\/strong>. <\/p>\n\n\n\n<p class=\"wp-block-paragraph\">Quando arbitragem escapa ilesa, a culpa pela derrota \u00e9 do p\u00e9ssimo gramado natural ou sint\u00e9tico tanto faz.<\/p>\n\n\n\n<p class=\"wp-block-paragraph\">E outro vil\u00e3o que come\u00e7a a ganhar corpo \u00e9 o calend\u00e1rio a sobrecarregar os jogadores e comiss\u00f5es t\u00e9cnicas. N\u00e3o h\u00e1 intervalo m\u00ednimo entre um jogo e outro para recupera\u00e7\u00e3o dos atletas. E o desperd\u00edcio de datas sem devido ajustes entre uma competi\u00e7\u00e3o e outra.<\/p>\n\n\n\n<p class=\"wp-block-paragraph\">Todas as cr\u00edticas e cobran\u00e7as contra a arbitragem de campo e VAR &#8211; ainda em fase pr\u00e9-hist\u00f3rica de atua\u00e7\u00e3o -, condi\u00e7\u00f5es dos gramados e o abjeto calend\u00e1rio se justificam. <\/p>\n\n\n\n<p class=\"wp-block-paragraph\">O que \u00e9 de dif\u00edcil compreens\u00e3o se resume a uma pergunta: <\/p>\n\n\n\n<p class=\"wp-block-paragraph\">Por que os clubes n\u00e3o se unem e d\u00e3o um basta nessa rid\u00edcula gest\u00e3o do futebol brasileiro que tem assinatura deles pr\u00f3prios?<\/p>\n\n\n\n<p class=\"wp-block-paragraph\">Jogar pedra na Geni, dita CBF, \u00e9 apenas uma resposta banal ao torcedor. E n\u00e3o acaba com a cretinice de todos dirigentes, seja l\u00e1 de clubes, federa\u00e7\u00f5es, arbitragem e CBF.<\/p>\n\n\n\n<p class=\"wp-block-paragraph\">Se arbitragem \u00e9 tendenciosa, se os gramados continuam prec\u00e1rios e se o calend\u00e1rio \u00e9 uma porcaria, <strong>que os clubes paralisem o Brasileir\u00e3o 2024<\/strong> e entrem em regime de urg\u00eancia para acabar com essa palha\u00e7ada.<\/p>\n\n\n\n<p class=\"wp-block-paragraph\">Ou ent\u00e3o vamos dar raz\u00e3o ao fanfarr\u00e3o virtual do futebol, o businessman americano <strong>John Textor, dono do Botafogo, que a tudo enxerga manipula\u00e7\u00e3o do campeonato<\/strong>. Alias o Botafogo \u00e9 o l\u00edder do Brasileir\u00e3o. <\/p>\n\n\n\n<p class=\"wp-block-paragraph\">Assim caminha o nosso futebol. E La Nave V\u00e1.<\/p>\n\n\n\n<figure class=\"wp-block-image size-large\"><img data-recalc-dims=\"1\" loading=\"lazy\" decoding=\"async\" width=\"795\" height=\"448\" data-attachment-id=\"44488\" data-permalink=\"https:\/\/blogdoprosperi.com\/?attachment_id=44488\" data-orig-file=\"https:\/\/i0.wp.com\/blogdoprosperi.com\/wp-content\/uploads\/2024\/07\/img_6228-1.jpg?fit=795%2C448&amp;ssl=1\" data-orig-size=\"795,448\" data-comments-opened=\"1\" data-image-meta=\"{&quot;aperture&quot;:&quot;0&quot;,&quot;credit&quot;:&quot;&quot;,&quot;camera&quot;:&quot;&quot;,&quot;caption&quot;:&quot;&quot;,&quot;created_timestamp&quot;:&quot;0&quot;,&quot;copyright&quot;:&quot;&quot;,&quot;focal_length&quot;:&quot;0&quot;,&quot;iso&quot;:&quot;0&quot;,&quot;shutter_speed&quot;:&quot;0&quot;,&quot;title&quot;:&quot;&quot;,&quot;orientation&quot;:&quot;1&quot;}\" data-image-title=\"img_6228-1\" data-image-description=\"\" data-image-caption=\"\" data-large-file=\"https:\/\/i0.wp.com\/blogdoprosperi.com\/wp-content\/uploads\/2024\/07\/img_6228-1.jpg?fit=795%2C448&amp;ssl=1\" src=\"https:\/\/i0.wp.com\/blogdoprosperi.com\/wp-content\/uploads\/2024\/07\/img_6228-1.jpg?resize=795%2C448&#038;ssl=1\" alt=\"\" class=\"wp-image-44488\" \/><\/figure>\n","protected":false},"excerpt":{"rendered":"<p>Luiz Ant\u00f4nio Pr\u00f3speri &#8211; 26 julho (10h58) Clubes da S\u00e9rie A do Brasileir\u00e3o 2024 est\u00e3o em uma enrascada [&hellip;]<\/p>\n","protected":false},"author":102107496,"featured_media":44488,"comment_status":"open","ping_status":"open","sticky":false,"template":"","format":"standard","meta":{"_coblocks_attr":"","_coblocks_dimensions":"","_coblocks_responsive_height":"","_coblocks_accordion_ie_support":"","_jetpack_newsletter_access":"","_jetpack_dont_email_post_to_subs":false,"_jetpack_newsletter_tier_id":0,"_jetpack_memberships_contains_paywalled_content":false,"_wpcom_ai_launchpad_first_post":false,"_jetpack_feature_clip_id":0,"_jetpack_memberships_contains_paid_content":false,"footnotes":"","jetpack_publicize_message":"","jetpack_publicize_feature_enabled":true,"jetpack_social_post_already_shared":false,"jetpack_social_options":{"image_generator_settings":{"template":"highway","default_image_id":0,"font":"","enabled":false},"version":2},"jetpack_post_was_ever_published":false},"categories":[53870],"tags":[789560560],"class_list":["post-44486","post","type-post","status-publish","format-standard","has-post-thumbnail","hentry","category-futebol","tag-futebol"],"yoast_head":"<!-- This site is optimized with the Yoast SEO plugin v28.4 - https:\/\/yoast.com\/product\/yoast-seo-wordpress\/ -->\n<title>Paralisar o Brasileir\u00e3o 2024, \u00fanica sa\u00edda aos clubes contra suspeitas de ladr\u00f5es do apito e VAR - PR\u00d3SPERI NEWS<\/title>\n<meta name=\"robots\" content=\"index, follow, max-snippet:-1, max-image-preview:large, max-video-preview:-1\" \/>\n<link rel=\"canonical\" href=\"https:\/\/blogdoprosperi.com\/?p=44486\" \/>\n<meta property=\"og:locale\" content=\"pt_BR\" \/>\n<meta property=\"og:type\" content=\"article\" \/>\n<meta property=\"og:title\" content=\"Paralisar o Brasileir\u00e3o 2024, \u00fanica sa\u00edda aos clubes contra suspeitas de ladr\u00f5es do apito e VAR - PR\u00d3SPERI NEWS\" \/>\n<meta property=\"og:description\" content=\"Luiz Ant\u00f4nio Pr\u00f3speri &#8211; 26 julho (10h58) Clubes da S\u00e9rie A do Brasileir\u00e3o 2024 est\u00e3o em uma enrascada [&hellip;]\" \/>\n<meta property=\"og:url\" content=\"https:\/\/blogdoprosperi.com\/?p=44486\" \/>\n<meta property=\"og:site_name\" content=\"PR\u00d3SPERI NEWS\" \/>\n<meta property=\"article:publisher\" content=\"Luiz Pr\u00f3speri\" \/>\n<meta property=\"article:author\" content=\"Luiz Pr\u00f3speri\" \/>\n<meta property=\"article:published_time\" content=\"2024-07-26T14:30:04+00:00\" \/>\n<meta property=\"og:image\" content=\"https:\/\/i0.wp.com\/blogdoprosperi.com\/wp-content\/uploads\/2024\/07\/img_6228-1.jpg?fit=795%2C448&ssl=1\" \/>\n\t<meta property=\"og:image:width\" content=\"795\" \/>\n\t<meta property=\"og:image:height\" content=\"448\" \/>\n\t<meta property=\"og:image:type\" content=\"image\/jpeg\" \/>\n<meta name=\"author\" content=\"Luiz Ant\u00f4nio Pr\u00f3speri\" \/>\n<meta name=\"twitter:card\" content=\"summary_large_image\" \/>\n<meta name=\"twitter:creator\" content=\"@Luizprosperi\" \/>\n<meta name=\"twitter:site\" content=\"@Luizprosperi\" \/>\n<meta name=\"twitter:label1\" content=\"Escrito por\" \/>\n\t<meta name=\"twitter:data1\" content=\"Luiz Ant\u00f4nio Pr\u00f3speri\" \/>\n\t<meta name=\"twitter:label2\" content=\"Est. tempo de leitura\" \/>\n\t<meta name=\"twitter:data2\" content=\"3 minutos\" \/>\n<script type=\"application\/ld+json\" class=\"yoast-schema-graph\">{\"@context\":\"https:\\\/\\\/schema.org\",\"@graph\":[{\"@type\":\"Article\",\"@id\":\"https:\\\/\\\/blogdoprosperi.com\\\/?p=44486#article\",\"isPartOf\":{\"@id\":\"https:\\\/\\\/blogdoprosperi.com\\\/?p=44486\"},\"author\":{\"name\":\"Luiz Ant\u00f4nio Pr\u00f3speri\",\"@id\":\"https:\\\/\\\/blogdoprosperi.com\\\/#\\\/schema\\\/person\\\/38100755ce3601861ee4fab9b5aa78e9\"},\"headline\":\"Paralisar o Brasileir\u00e3o 2024, \u00fanica sa\u00edda aos clubes contra suspeitas de ladr\u00f5es do apito e VAR\",\"datePublished\":\"2024-07-26T14:30:04+00:00\",\"mainEntityOfPage\":{\"@id\":\"https:\\\/\\\/blogdoprosperi.com\\\/?p=44486\"},\"wordCount\":570,\"commentCount\":1,\"publisher\":{\"@id\":\"https:\\\/\\\/blogdoprosperi.com\\\/#\\\/schema\\\/person\\\/38100755ce3601861ee4fab9b5aa78e9\"},\"image\":{\"@id\":\"https:\\\/\\\/blogdoprosperi.com\\\/?p=44486#primaryimage\"},\"thumbnailUrl\":\"https:\\\/\\\/i0.wp.com\\\/blogdoprosperi.com\\\/wp-content\\\/uploads\\\/2024\\\/07\\\/img_6228-1.jpg?fit=795%2C448&ssl=1\",\"keywords\":[\"futebol\"],\"articleSection\":[\"futebol\"],\"inLanguage\":\"pt-BR\",\"potentialAction\":[{\"@type\":\"CommentAction\",\"name\":\"Comment\",\"target\":[\"https:\\\/\\\/blogdoprosperi.com\\\/?p=44486#respond\"]}]},{\"@type\":\"WebPage\",\"@id\":\"https:\\\/\\\/blogdoprosperi.com\\\/?p=44486\",\"url\":\"https:\\\/\\\/blogdoprosperi.com\\\/?p=44486\",\"name\":\"Paralisar o Brasileir\u00e3o 2024, \u00fanica sa\u00edda aos clubes contra suspeitas de ladr\u00f5es do apito e VAR - PR\u00d3SPERI NEWS\",\"isPartOf\":{\"@id\":\"https:\\\/\\\/blogdoprosperi.com\\\/#website\"},\"primaryImageOfPage\":{\"@id\":\"https:\\\/\\\/blogdoprosperi.com\\\/?p=44486#primaryimage\"},\"image\":{\"@id\":\"https:\\\/\\\/blogdoprosperi.com\\\/?p=44486#primaryimage\"},\"thumbnailUrl\":\"https:\\\/\\\/i0.wp.com\\\/blogdoprosperi.com\\\/wp-content\\\/uploads\\\/2024\\\/07\\\/img_6228-1.jpg?fit=795%2C448&ssl=1\",\"datePublished\":\"2024-07-26T14:30:04+00:00\",\"breadcrumb\":{\"@id\":\"https:\\\/\\\/blogdoprosperi.com\\\/?p=44486#breadcrumb\"},\"inLanguage\":\"pt-BR\",\"potentialAction\":[{\"@type\":\"ReadAction\",\"target\":[\"https:\\\/\\\/blogdoprosperi.com\\\/?p=44486\"]}]},{\"@type\":\"ImageObject\",\"inLanguage\":\"pt-BR\",\"@id\":\"https:\\\/\\\/blogdoprosperi.com\\\/?p=44486#primaryimage\",\"url\":\"https:\\\/\\\/i0.wp.com\\\/blogdoprosperi.com\\\/wp-content\\\/uploads\\\/2024\\\/07\\\/img_6228-1.jpg?fit=795%2C448&ssl=1\",\"contentUrl\":\"https:\\\/\\\/i0.wp.com\\\/blogdoprosperi.com\\\/wp-content\\\/uploads\\\/2024\\\/07\\\/img_6228-1.jpg?fit=795%2C448&ssl=1\",\"width\":795,\"height\":448},{\"@type\":\"BreadcrumbList\",\"@id\":\"https:\\\/\\\/blogdoprosperi.com\\\/?p=44486#breadcrumb\",\"itemListElement\":[{\"@type\":\"ListItem\",\"position\":1,\"name\":\"In\u00edcio\",\"item\":\"https:\\\/\\\/blogdoprosperi.com\\\/\"},{\"@type\":\"ListItem\",\"position\":2,\"name\":\"Paralisar o Brasileir\u00e3o 2024, \u00fanica sa\u00edda aos clubes contra suspeitas de ladr\u00f5es do apito e VAR\"}]},{\"@type\":\"WebSite\",\"@id\":\"https:\\\/\\\/blogdoprosperi.com\\\/#website\",\"url\":\"https:\\\/\\\/blogdoprosperi.com\\\/\",\"name\":\"PR\u00d3SPERI NEWS\",\"description\":\"TUDO \u00c9  FUTEBOL\",\"publisher\":{\"@id\":\"https:\\\/\\\/blogdoprosperi.com\\\/#\\\/schema\\\/person\\\/38100755ce3601861ee4fab9b5aa78e9\"},\"alternateName\":\"blogdoprosperi.com\",\"potentialAction\":[{\"@type\":\"SearchAction\",\"target\":{\"@type\":\"EntryPoint\",\"urlTemplate\":\"https:\\\/\\\/blogdoprosperi.com\\\/?s={search_term_string}\"},\"query-input\":{\"@type\":\"PropertyValueSpecification\",\"valueRequired\":true,\"valueName\":\"search_term_string\"}}],\"inLanguage\":\"pt-BR\"},{\"@type\":[\"Person\",\"Organization\"],\"@id\":\"https:\\\/\\\/blogdoprosperi.com\\\/#\\\/schema\\\/person\\\/38100755ce3601861ee4fab9b5aa78e9\",\"name\":\"Luiz Ant\u00f4nio Pr\u00f3speri\",\"pronouns\":\"ele\",\"image\":{\"@type\":\"ImageObject\",\"inLanguage\":\"pt-BR\",\"@id\":\"https:\\\/\\\/i0.wp.com\\\/blogdoprosperi.com\\\/wp-content\\\/uploads\\\/2026\\\/05\\\/cropped-8059e613-6002-42fa-961e-8e275f575d71-2-5.jpg?fit=1360%2C931&ssl=1\",\"url\":\"https:\\\/\\\/i0.wp.com\\\/blogdoprosperi.com\\\/wp-content\\\/uploads\\\/2026\\\/05\\\/cropped-8059e613-6002-42fa-961e-8e275f575d71-2-5.jpg?fit=1360%2C931&ssl=1\",\"contentUrl\":\"https:\\\/\\\/i0.wp.com\\\/blogdoprosperi.com\\\/wp-content\\\/uploads\\\/2026\\\/05\\\/cropped-8059e613-6002-42fa-961e-8e275f575d71-2-5.jpg?fit=1360%2C931&ssl=1\",\"width\":1360,\"height\":931,\"caption\":\"Luiz Ant\u00f4nio Pr\u00f3speri\"},\"logo\":{\"@id\":\"https:\\\/\\\/i0.wp.com\\\/blogdoprosperi.com\\\/wp-content\\\/uploads\\\/2026\\\/05\\\/cropped-8059e613-6002-42fa-961e-8e275f575d71-2-5.jpg?fit=1360%2C931&ssl=1\"},\"description\":\"Jornalista com carreira dedicada ao esporte. Cobriu 9 Copas do Mundo in loco, 1990 na It\u00e1lia, 1994 nos EUA, 1998 na Fran\u00e7a, 2002 na Coreia do Sul e Jap\u00e3o, 2006 na Alemanha, 2010 na \u00c1frica do Sul, 2014 no Brasil, 2018 na R\u00fassia e 2022 no Qatar. Eurocopas, 1992 na Su\u00e9cia e 1996 na Inglaterra. Copa das Confedera\u00e7\u00f5es de 2005 na Alemanha e 2009 na \u00c1frica do Sul. Rep\u00f3rter e Editor, trabalhou no Jornal da Tarde e Estad\u00e3o, de 1984 a fevereiro de 2016. Colunista, blogueiro. E comentarista de futebol na R\u00e1dio Estad\u00e3o, de 2013 a fevereiro de 2016. Jornalista respons\u00e1vel do \\\"Pr\u00f3speri News\\\" (blogdoprosperi.com).\",\"sameAs\":[\"http:\\\/\\\/blogdoprosperi.com\",\"Luiz Pr\u00f3speri\",\"@luiz_prosperi\",\"https:\\\/\\\/x.com\\\/Luizprosperi\",\"@prosperinacopa\",\"luiz.prosperi@icloud.com\"],\"url\":\"https:\\\/\\\/blogdoprosperi.com\\\/?author=102107496\"}]}<\/script>\n<!-- \/ Yoast SEO plugin. -->","yoast_head_json":{"title":"Paralisar o Brasileir\u00e3o 2024, \u00fanica sa\u00edda aos clubes contra suspeitas de ladr\u00f5es do apito e VAR - PR\u00d3SPERI NEWS","robots":{"index":"index","follow":"follow","max-snippet":"max-snippet:-1","max-image-preview":"max-image-preview:large","max-video-preview":"max-video-preview:-1"},"canonical":"https:\/\/blogdoprosperi.com\/?p=44486","og_locale":"pt_BR","og_type":"article","og_title":"Paralisar o Brasileir\u00e3o 2024, \u00fanica sa\u00edda aos clubes contra suspeitas de ladr\u00f5es do apito e VAR - PR\u00d3SPERI NEWS","og_description":"Luiz Ant\u00f4nio Pr\u00f3speri &#8211; 26 julho (10h58) Clubes da S\u00e9rie A do Brasileir\u00e3o 2024 est\u00e3o em uma enrascada [&hellip;]","og_url":"https:\/\/blogdoprosperi.com\/?p=44486","og_site_name":"PR\u00d3SPERI NEWS","article_publisher":"Luiz Pr\u00f3speri","article_author":"Luiz Pr\u00f3speri","article_published_time":"2024-07-26T14:30:04+00:00","og_image":[{"width":795,"height":448,"url":"https:\/\/i0.wp.com\/blogdoprosperi.com\/wp-content\/uploads\/2024\/07\/img_6228-1.jpg?fit=795%2C448&ssl=1","type":"image\/jpeg"}],"author":"Luiz Ant\u00f4nio Pr\u00f3speri","twitter_card":"summary_large_image","twitter_creator":"@Luizprosperi","twitter_site":"@Luizprosperi","twitter_misc":{"Escrito por":"Luiz Ant\u00f4nio Pr\u00f3speri","Est. tempo de leitura":"3 minutos"},"schema":{"@context":"https:\/\/schema.org","@graph":[{"@type":"Article","@id":"https:\/\/blogdoprosperi.com\/?p=44486#article","isPartOf":{"@id":"https:\/\/blogdoprosperi.com\/?p=44486"},"author":{"name":"Luiz Ant\u00f4nio Pr\u00f3speri","@id":"https:\/\/blogdoprosperi.com\/#\/schema\/person\/38100755ce3601861ee4fab9b5aa78e9"},"headline":"Paralisar o Brasileir\u00e3o 2024, \u00fanica sa\u00edda aos clubes contra suspeitas de ladr\u00f5es do apito e VAR","datePublished":"2024-07-26T14:30:04+00:00","mainEntityOfPage":{"@id":"https:\/\/blogdoprosperi.com\/?p=44486"},"wordCount":570,"commentCount":1,"publisher":{"@id":"https:\/\/blogdoprosperi.com\/#\/schema\/person\/38100755ce3601861ee4fab9b5aa78e9"},"image":{"@id":"https:\/\/blogdoprosperi.com\/?p=44486#primaryimage"},"thumbnailUrl":"https:\/\/i0.wp.com\/blogdoprosperi.com\/wp-content\/uploads\/2024\/07\/img_6228-1.jpg?fit=795%2C448&ssl=1","keywords":["futebol"],"articleSection":["futebol"],"inLanguage":"pt-BR","potentialAction":[{"@type":"CommentAction","name":"Comment","target":["https:\/\/blogdoprosperi.com\/?p=44486#respond"]}]},{"@type":"WebPage","@id":"https:\/\/blogdoprosperi.com\/?p=44486","url":"https:\/\/blogdoprosperi.com\/?p=44486","name":"Paralisar o Brasileir\u00e3o 2024, \u00fanica sa\u00edda aos clubes contra suspeitas de ladr\u00f5es do apito e VAR - PR\u00d3SPERI NEWS","isPartOf":{"@id":"https:\/\/blogdoprosperi.com\/#website"},"primaryImageOfPage":{"@id":"https:\/\/blogdoprosperi.com\/?p=44486#primaryimage"},"image":{"@id":"https:\/\/blogdoprosperi.com\/?p=44486#primaryimage"},"thumbnailUrl":"https:\/\/i0.wp.com\/blogdoprosperi.com\/wp-content\/uploads\/2024\/07\/img_6228-1.jpg?fit=795%2C448&ssl=1","datePublished":"2024-07-26T14:30:04+00:00","breadcrumb":{"@id":"https:\/\/blogdoprosperi.com\/?p=44486#breadcrumb"},"inLanguage":"pt-BR","potentialAction":[{"@type":"ReadAction","target":["https:\/\/blogdoprosperi.com\/?p=44486"]}]},{"@type":"ImageObject","inLanguage":"pt-BR","@id":"https:\/\/blogdoprosperi.com\/?p=44486#primaryimage","url":"https:\/\/i0.wp.com\/blogdoprosperi.com\/wp-content\/uploads\/2024\/07\/img_6228-1.jpg?fit=795%2C448&ssl=1","contentUrl":"https:\/\/i0.wp.com\/blogdoprosperi.com\/wp-content\/uploads\/2024\/07\/img_6228-1.jpg?fit=795%2C448&ssl=1","width":795,"height":448},{"@type":"BreadcrumbList","@id":"https:\/\/blogdoprosperi.com\/?p=44486#breadcrumb","itemListElement":[{"@type":"ListItem","position":1,"name":"In\u00edcio","item":"https:\/\/blogdoprosperi.com\/"},{"@type":"ListItem","position":2,"name":"Paralisar o Brasileir\u00e3o 2024, \u00fanica sa\u00edda aos clubes contra suspeitas de ladr\u00f5es do apito e VAR"}]},{"@type":"WebSite","@id":"https:\/\/blogdoprosperi.com\/#website","url":"https:\/\/blogdoprosperi.com\/","name":"PR\u00d3SPERI NEWS","description":"TUDO \u00c9  FUTEBOL","publisher":{"@id":"https:\/\/blogdoprosperi.com\/#\/schema\/person\/38100755ce3601861ee4fab9b5aa78e9"},"alternateName":"blogdoprosperi.com","potentialAction":[{"@type":"SearchAction","target":{"@type":"EntryPoint","urlTemplate":"https:\/\/blogdoprosperi.com\/?s={search_term_string}"},"query-input":{"@type":"PropertyValueSpecification","valueRequired":true,"valueName":"search_term_string"}}],"inLanguage":"pt-BR"},{"@type":["Person","Organization"],"@id":"https:\/\/blogdoprosperi.com\/#\/schema\/person\/38100755ce3601861ee4fab9b5aa78e9","name":"Luiz Ant\u00f4nio Pr\u00f3speri","pronouns":"ele","image":{"@type":"ImageObject","inLanguage":"pt-BR","@id":"https:\/\/i0.wp.com\/blogdoprosperi.com\/wp-content\/uploads\/2026\/05\/cropped-8059e613-6002-42fa-961e-8e275f575d71-2-5.jpg?fit=1360%2C931&ssl=1","url":"https:\/\/i0.wp.com\/blogdoprosperi.com\/wp-content\/uploads\/2026\/05\/cropped-8059e613-6002-42fa-961e-8e275f575d71-2-5.jpg?fit=1360%2C931&ssl=1","contentUrl":"https:\/\/i0.wp.com\/blogdoprosperi.com\/wp-content\/uploads\/2026\/05\/cropped-8059e613-6002-42fa-961e-8e275f575d71-2-5.jpg?fit=1360%2C931&ssl=1","width":1360,"height":931,"caption":"Luiz Ant\u00f4nio Pr\u00f3speri"},"logo":{"@id":"https:\/\/i0.wp.com\/blogdoprosperi.com\/wp-content\/uploads\/2026\/05\/cropped-8059e613-6002-42fa-961e-8e275f575d71-2-5.jpg?fit=1360%2C931&ssl=1"},"description":"Jornalista com carreira dedicada ao esporte. Cobriu 9 Copas do Mundo in loco, 1990 na It\u00e1lia, 1994 nos EUA, 1998 na Fran\u00e7a, 2002 na Coreia do Sul e Jap\u00e3o, 2006 na Alemanha, 2010 na \u00c1frica do Sul, 2014 no Brasil, 2018 na R\u00fassia e 2022 no Qatar. Eurocopas, 1992 na Su\u00e9cia e 1996 na Inglaterra. Copa das Confedera\u00e7\u00f5es de 2005 na Alemanha e 2009 na \u00c1frica do Sul. Rep\u00f3rter e Editor, trabalhou no Jornal da Tarde e Estad\u00e3o, de 1984 a fevereiro de 2016. Colunista, blogueiro. E comentarista de futebol na R\u00e1dio Estad\u00e3o, de 2013 a fevereiro de 2016. Jornalista respons\u00e1vel do \"Pr\u00f3speri News\" (blogdoprosperi.com).","sameAs":["http:\/\/blogdoprosperi.com","Luiz Pr\u00f3speri","@luiz_prosperi","https:\/\/x.com\/Luizprosperi","@prosperinacopa","luiz.prosperi@icloud.com"],"url":"https:\/\/blogdoprosperi.com\/?author=102107496"}]}},"jetpack_publicize_connections":[],"jetpack_likes_enabled":false,"jetpack_sharing_enabled":true,"jetpack_shortlink":"https:\/\/wp.me\/p7jvdk-bzw","jetpack-related-posts":[{"id":49603,"url":"https:\/\/blogdoprosperi.com\/?p=49603","url_meta":{"origin":44486,"position":0},"title":"Futebol Brasileiro Entra no Labirinto da CBF e N\u00e3o Encontra Rota de Sa\u00edda","author":"Luiz Ant\u00f4nio Pr\u00f3speri","date":"7 de abril de 2025","format":false,"excerpt":"Luiz Ant\u00f4nio Pr\u00f3speri \u2013 7 abril (22h31) \u2013 Futebol brasileiro entra no seu labirinto e n\u00e3o tem a m\u00ednima ideia de como sair dessa enrascada. Estamos em abril, na teoria seria o terceiro m\u00eas da temporada 2025 n\u00e3o fosse entupir m\u00eas de janeiro com jogos e mais jogos. Portanto, quatro\u2026","rel":"","context":"Em &quot;CBF&quot;","block_context":{"text":"CBF","link":"https:\/\/blogdoprosperi.com\/?cat=570700"},"img":{"alt_text":"","src":"https:\/\/i0.wp.com\/blogdoprosperi.com\/wp-content\/uploads\/2025\/04\/image-4.png?fit=1024%2C768&ssl=1&resize=350%2C200","width":350,"height":200,"srcset":"https:\/\/i0.wp.com\/blogdoprosperi.com\/wp-content\/uploads\/2025\/04\/image-4.png?fit=1024%2C768&ssl=1&resize=350%2C200 1x, https:\/\/i0.wp.com\/blogdoprosperi.com\/wp-content\/uploads\/2025\/04\/image-4.png?fit=1024%2C768&ssl=1&resize=525%2C300 1.5x, https:\/\/i0.wp.com\/blogdoprosperi.com\/wp-content\/uploads\/2025\/04\/image-4.png?fit=1024%2C768&ssl=1&resize=700%2C400 2x"},"classes":[]},{"id":49585,"url":"https:\/\/blogdoprosperi.com\/?p=49585","url_meta":{"origin":44486,"position":1},"title":"Arbitragem e VAR, Trag\u00e9dia Anunciada no Brasileir\u00e3o 2025","author":"Luiz Ant\u00f4nio Pr\u00f3speri","date":"7 de abril de 2025","format":false,"excerpt":"\u2666 CBF n\u00e3o revela os custos para bancar novo comit\u00ea de arbitragem composto por dez ex-\u00e1rbitros \u2666 Segunda rodada do Brasileir\u00e3o \u00e9 dominada por pol\u00eamicas e erros grosseiros de arbitragem e VAR Luiz Ant\u00f4nio Pr\u00f3speri \u2013 7 abril (12h33) \u2013 Revista piau\u00ed, edi\u00e7\u00e3o de abril, escancara os podres da CBF\u2026","rel":"","context":"Em &quot;futebol&quot;","block_context":{"text":"futebol","link":"https:\/\/blogdoprosperi.com\/?cat=53870"},"img":{"alt_text":"","src":"https:\/\/i0.wp.com\/blogdoprosperi.com\/wp-content\/uploads\/2025\/04\/capture_2020-09-06-10-47-421.png?fit=720%2C470&ssl=1&resize=350%2C200","width":350,"height":200,"srcset":"https:\/\/i0.wp.com\/blogdoprosperi.com\/wp-content\/uploads\/2025\/04\/capture_2020-09-06-10-47-421.png?fit=720%2C470&ssl=1&resize=350%2C200 1x, https:\/\/i0.wp.com\/blogdoprosperi.com\/wp-content\/uploads\/2025\/04\/capture_2020-09-06-10-47-421.png?fit=720%2C470&ssl=1&resize=525%2C300 1.5x, https:\/\/i0.wp.com\/blogdoprosperi.com\/wp-content\/uploads\/2025\/04\/capture_2020-09-06-10-47-421.png?fit=720%2C470&ssl=1&resize=700%2C400 2x"},"classes":[]},{"id":56164,"url":"https:\/\/blogdoprosperi.com\/?p=56164","url_meta":{"origin":44486,"position":2},"title":"Carnaval Antecipado no Futebol | Na Avenida: Gastos Exorbitantes, Treinadores na Forca, Arbitragem Profissional e Outros Adere\u00e7os","author":"Luiz Ant\u00f4nio Pr\u00f3speri","date":"6 de fevereiro de 2026","format":false,"excerpt":"Luiz Ant\u00f4nio Pr\u00f3speri \u2013 6 fevereiro 2026 (17h55) \u2013 Futebol brasileiro n\u00e3o tem tempo a perder. Nem entra naquela hist\u00f3ria de que o ano come\u00e7a s\u00f3 depois do carnaval. Ali\u00e1s, o nosso mundo da bola vive o seu pr\u00f3prio carnaval de emo\u00e7\u00f5es, destemperos, gastos exorbitantes, cabe\u00e7as de treinadores servidas na\u2026","rel":"","context":"Em &quot;futebol&quot;","block_context":{"text":"futebol","link":"https:\/\/blogdoprosperi.com\/?cat=53870"},"img":{"alt_text":"Tite sofre vaias na derrota do Cruzeiro contra Coritiba","src":"https:\/\/i0.wp.com\/blogdoprosperi.com\/wp-content\/uploads\/2026\/02\/captura-de-tela-2026-02-06-as-17.57.36.png?fit=1200%2C703&ssl=1&resize=350%2C200","width":350,"height":200,"srcset":"https:\/\/i0.wp.com\/blogdoprosperi.com\/wp-content\/uploads\/2026\/02\/captura-de-tela-2026-02-06-as-17.57.36.png?fit=1200%2C703&ssl=1&resize=350%2C200 1x, https:\/\/i0.wp.com\/blogdoprosperi.com\/wp-content\/uploads\/2026\/02\/captura-de-tela-2026-02-06-as-17.57.36.png?fit=1200%2C703&ssl=1&resize=525%2C300 1.5x, https:\/\/i0.wp.com\/blogdoprosperi.com\/wp-content\/uploads\/2026\/02\/captura-de-tela-2026-02-06-as-17.57.36.png?fit=1200%2C703&ssl=1&resize=700%2C400 2x, https:\/\/i0.wp.com\/blogdoprosperi.com\/wp-content\/uploads\/2026\/02\/captura-de-tela-2026-02-06-as-17.57.36.png?fit=1200%2C703&ssl=1&resize=1050%2C600 3x"},"classes":[]},{"id":61965,"url":"https:\/\/blogdoprosperi.com\/?p=61965","url_meta":{"origin":44486,"position":3},"title":"CBF e clubes aprovam ado\u00e7\u00e3o das novas regras no futebol brasileiro","author":"Luiz Ant\u00f4nio Pr\u00f3speri","date":"10 de agosto de 2026","format":false,"excerpt":"CBF e clubes aprovam ado\u00e7\u00e3o de imediato novas regras do futebol usadas na Copa do Mundo 2026. A maioria delas \u00e9 para coibir a \"cera\" e ganhar mais tempo de bola rolando.","rel":"","context":"Em &quot;futebol&quot;","block_context":{"text":"futebol","link":"https:\/\/blogdoprosperi.com\/?cat=53870"},"img":{"alt_text":"","src":"https:\/\/i0.wp.com\/blogdoprosperi.com\/wp-content\/uploads\/2026\/08\/CBF_e_clubes_novas_regras_29_c7cd13e366.webp?fit=1200%2C800&ssl=1&resize=350%2C200","width":350,"height":200,"srcset":"https:\/\/i0.wp.com\/blogdoprosperi.com\/wp-content\/uploads\/2026\/08\/CBF_e_clubes_novas_regras_29_c7cd13e366.webp?fit=1200%2C800&ssl=1&resize=350%2C200 1x, https:\/\/i0.wp.com\/blogdoprosperi.com\/wp-content\/uploads\/2026\/08\/CBF_e_clubes_novas_regras_29_c7cd13e366.webp?fit=1200%2C800&ssl=1&resize=525%2C300 1.5x, https:\/\/i0.wp.com\/blogdoprosperi.com\/wp-content\/uploads\/2026\/08\/CBF_e_clubes_novas_regras_29_c7cd13e366.webp?fit=1200%2C800&ssl=1&resize=700%2C400 2x, https:\/\/i0.wp.com\/blogdoprosperi.com\/wp-content\/uploads\/2026\/08\/CBF_e_clubes_novas_regras_29_c7cd13e366.webp?fit=1200%2C800&ssl=1&resize=1050%2C600 3x"},"classes":[]},{"id":26535,"url":"https:\/\/blogdoprosperi.com\/?p=26535","url_meta":{"origin":44486,"position":4},"title":"Arbitragem do Brasileir\u00e3o sob suspeita, admitem dirigentes de clubes","author":"Luiz Ant\u00f4nio Pr\u00f3speri","date":"24 de setembro de 2016","format":false,"excerpt":"CBF n\u00e3o reage \u00e0 a\u00e7\u00e3o de dirigentes de clubes que pedem a cabe\u00e7a de S\u00e9rgio Correia, presidente da Comiss\u00e3o Nacional de Arbitragem. Cartolas est\u00e3o indignados com as atua\u00e7\u00f5es dos \u00e1rbitros no Campeonato Brasileiro e Copa do Brasil. E prometem olhar com uma lupa as atitudes dos ju\u00edzes na 27.\u00aa rodada\u2026","rel":"","context":"Em &quot;Campeonato Brasileiro&quot;","block_context":{"text":"Campeonato Brasileiro","link":"https:\/\/blogdoprosperi.com\/?cat=355071"},"img":{"alt_text":"","src":"https:\/\/i0.wp.com\/blogdoprosperi.com\/wp-content\/uploads\/2016\/09\/2015052906003-gu227kjcd-1.jpg?resize=350%2C200&ssl=1","width":350,"height":200,"srcset":"https:\/\/i0.wp.com\/blogdoprosperi.com\/wp-content\/uploads\/2016\/09\/2015052906003-gu227kjcd-1.jpg?resize=350%2C200&ssl=1 1x, https:\/\/i0.wp.com\/blogdoprosperi.com\/wp-content\/uploads\/2016\/09\/2015052906003-gu227kjcd-1.jpg?resize=525%2C300&ssl=1 1.5x"},"classes":[]},{"id":55064,"url":"https:\/\/blogdoprosperi.com\/?p=55064","url_meta":{"origin":44486,"position":5},"title":"Arbitragem na Libertadores | Conmebol Anula Expuls\u00e3o de Plata e Libera Atacante para Jogo da Volta Contra Estudiantes","author":"Luiz Ant\u00f4nio Pr\u00f3speri","date":"19 de setembro de 2025","format":false,"excerpt":"Luiz Ant\u00f4nio Pr\u00f3speri \u2013 19 setembro 2025 (12h45) \u2013 atualizado \u00e0s 15h38 Conmebol reconhece erro da arbitragem e anula expuls\u00e3o do atacante Gonzalo Plata liberando o jogador a atuar pelo Flamengo contra o Estudiantes no jogo de volta das quartas de final da Libertadores, dia 25, em Buenos Aires. \"Por\u2026","rel":"","context":"Em &quot;futebol&quot;","block_context":{"text":"futebol","link":"https:\/\/blogdoprosperi.com\/?cat=53870"},"img":{"alt_text":"Arbitragem na Libertadores | Clubes brasileiros passivos na Conmebol","src":"https:\/\/i0.wp.com\/blogdoprosperi.com\/wp-content\/uploads\/2025\/09\/54797212534_3ae8497e39_c.jpg?fit=799%2C533&ssl=1&resize=350%2C200","width":350,"height":200,"srcset":"https:\/\/i0.wp.com\/blogdoprosperi.com\/wp-content\/uploads\/2025\/09\/54797212534_3ae8497e39_c.jpg?fit=799%2C533&ssl=1&resize=350%2C200 1x, https:\/\/i0.wp.com\/blogdoprosperi.com\/wp-content\/uploads\/2025\/09\/54797212534_3ae8497e39_c.jpg?fit=799%2C533&ssl=1&resize=525%2C300 1.5x, https:\/\/i0.wp.com\/blogdoprosperi.com\/wp-content\/uploads\/2025\/09\/54797212534_3ae8497e39_c.jpg?fit=799%2C533&ssl=1&resize=700%2C400 2x"},"classes":[]}],"jetpack_featured_media_url":"https:\/\/i0.wp.com\/blogdoprosperi.com\/wp-content\/uploads\/2024\/07\/img_6228-1.jpg?fit=795%2C448&ssl=1","_links":{"self":[{"href":"https:\/\/blogdoprosperi.com\/index.php?rest_route=\/wp\/v2\/posts\/44486","targetHints":{"allow":["GET"]}}],"collection":[{"href":"https:\/\/blogdoprosperi.com\/index.php?rest_route=\/wp\/v2\/posts"}],"about":[{"href":"https:\/\/blogdoprosperi.com\/index.php?rest_route=\/wp\/v2\/types\/post"}],"author":[{"embeddable":true,"href":"https:\/\/blogdoprosperi.com\/index.php?rest_route=\/wp\/v2\/users\/102107496"}],"replies":[{"embeddable":true,"href":"https:\/\/blogdoprosperi.com\/index.php?rest_route=%2Fwp%2Fv2%2Fcomments&post=44486"}],"version-history":[{"count":3,"href":"https:\/\/blogdoprosperi.com\/index.php?rest_route=\/wp\/v2\/posts\/44486\/revisions"}],"predecessor-version":[{"id":44490,"href":"https:\/\/blogdoprosperi.com\/index.php?rest_route=\/wp\/v2\/posts\/44486\/revisions\/44490"}],"wp:featuredmedia":[{"embeddable":true,"href":"https:\/\/blogdoprosperi.com\/index.php?rest_route=\/wp\/v2\/media\/44488"}],"wp:attachment":[{"href":"https:\/\/blogdoprosperi.com\/index.php?rest_route=%2Fwp%2Fv2%2Fmedia&parent=44486"}],"wp:term":[{"taxonomy":"category","embeddable":true,"href":"https:\/\/blogdoprosperi.com\/index.php?rest_route=%2Fwp%2Fv2%2Fcategories&post=44486"},{"taxonomy":"post_tag","embeddable":true,"href":"https:\/\/blogdoprosperi.com\/index.php?rest_route=%2Fwp%2Fv2%2Ftags&post=44486"}],"curies":[{"name":"wp","href":"https:\/\/api.w.org\/{rel}","templated":true}]}}