{"id":44537,"date":"2024-08-20T12:47:45","date_gmt":"2024-08-20T15:47:45","guid":{"rendered":"https:\/\/blogdoprosperi.com\/?p=44537"},"modified":"2024-08-20T15:19:49","modified_gmt":"2024-08-20T18:19:49","slug":"bobby-endrick-isso-aqui-e-real-madrid","status":"publish","type":"post","link":"https:\/\/blogdoprosperi.com\/?p=44537","title":{"rendered":"&#8216;Bobby&#8217; Endrick: Da Promessa \u00e0 Poss\u00edvel Sa\u00edda do Real Madrid"},"content":{"rendered":"<p>Luiz Ant\u00f4nio Pr\u00f3speri \u2013 20 agosto (12h50)<\/p>\n<p><em>&#8220;J\u00e1 fazia muito tempo que o Real Madrid n\u00e3o tinha um centroavante como Endrick. Um jogador que <strong>incomoda os rivais, que vira e encara, que encontra espa\u00e7os<\/strong>. Depois de perfis como Benzema, Joselu ou at\u00e9 falsos &#8216;9&#8217; como Bellingham,\u00a0<strong>o Real Madrid encontrou em Endrick um atacante que h\u00e1 muito n\u00e3o se via no Bernab\u00e9u<\/strong>. <\/em><\/p>\n<p><em>Endrick chega ao Real Madrid com a promessa de trazer frescura e dinamismo ao ataque. Sua capacidade de se libertar e encontrar espa\u00e7o atr\u00e1s das defesas advers\u00e1rias \u00e9 algo que a equipe precisa h\u00e1 muito tempo. <\/em><\/p>\n<p><em>O jovem brasileiro j\u00e1 mostrou que <strong>n\u00e3o s\u00f3 tem grande poder, mas tamb\u00e9m uma mentalidade agressiva<\/strong>\u00a0que mant\u00e9m a defesa rival alerta. Por\u00e9m,\u00a0<strong>n\u00e3o ser\u00e1 f\u00e1cil para ele,<\/strong> pois ter\u00e1 de <strong>disputar uma vaga entre os onze titulares<\/strong>\u00a0com estrelas como\u00a0<strong>Mbapp\u00e9, Vinicius Jr.&#8221;<\/strong><\/em><\/p>\n<p>Atestado acima \u00e9 do jornal <strong><em>Marca<\/em><\/strong> \u2013 di\u00e1rio esportivo dos mais influentes da Espanha, em especial no Real Madrid \u2013 quando Endrick jogou pela primeira vez com a camisa 16 do Real Madrid no amistoso contra o Milan, no in\u00edcio de agosto, nos Estados Unidos.<\/p>\n<p>Quase um m\u00eas depois a hist\u00f3ria \u00e9 outra. <strong><em>Di\u00e1rio AS<\/em><\/strong>, quase um ve\u00edculo oficial do Real Madrid, informa que <strong>Endrick pode deixar o Real no fim do ano<\/strong>, caso continue apenas esquentando o banco de reservas de Carlo Ancelotti. Acompanhe:<\/p>\n<blockquote>\n<p class=\"\"><em><b>Nem Endrick (18 anos) nem a equipe que gere os seus neg\u00f3cios pensavam que estes primeiros meses no Real Madrid seriam f\u00e1ceis. A competi\u00e7\u00e3o \u00e9 extrema.<\/b> Claro, com alguns pontos que nos permitem ser otimistas e que favorecem o brasileiro, como o fato de ser o \u00fanico 9 puro de um elenco em que n\u00e3o h\u00e1 espa\u00e7o para todos no 11 (Mbapp\u00e9, Vinicius, Rodrygo, Brahim, G\u00fcler&#8230; e ele mesmo). <b>\u00c9 por isso que j\u00e1 existe um plano previamente tra\u00e7ado que o Di\u00e1rio AS pode dar conta: <a style=\"color: #0000ff\" href=\"https:\/\/blogdoprosperi.com\/2024\/07\/16\/mbappe-chega-ao-real-madrid-elogia-vini-jr-e-se-diz-pronto-a-ajudar-endrick\/\">Endrick n\u00e3o descarta um empr\u00e9stimo na janela de transfer\u00eancias de inverno se at\u00e9 l\u00e1 tiver uma presen\u00e7a meramente residual nos jogos.<\/a><\/b> \u00a0N\u00e3o \u00e9 o seu objetivo, claro&#8230; <b>uma primeira avalia\u00e7\u00e3o da sua situa\u00e7\u00e3o ser\u00e1 feita no Natal e uma segunda no ver\u00e3o de 2025<\/b><\/em>.<\/p>\n<\/blockquote>\n<p class=\"\">&#8220;Este assunto (<em>plano B de eventual sa\u00edda do Real Madrid<\/em>) n\u00e3o est\u00e1 em pauta. N\u00e3o passa na cabe\u00e7a do jogador\u201d, disse \u00e0 ESPN Frederico Pena, CEO da<span class=\"Apple-converted-space\">\u00a0<\/span><em>Roc Nation Sports<span class=\"Apple-converted-space\">\u00a0<\/span><\/em>no Brasil, empresa que cuida da carreira de Endrick.<\/p>\n<p>Endrick, na decis\u00e3o da Supercopa da Europa contra Atalanta e na estreia de LaLiga (Campeonato Espanhol) contra o Mallorca, n\u00e3o saiu do banco de reservas. Zero minuto no campo nos dois jogos oficiais da temporada. Nesse momento, parece ser a \u00faltima op\u00e7\u00e3o de Ancelotti no ataque.<\/p>\n<p>A expectativa de se acompanhar dois dos mais promissores jogadores do futebol brasileiro nos poderosos Real Madrid e Barcelona se esvai. <strong>Endrick j\u00e1 tem plano B em outro clube e Victor Roque acaba de ser emprestado pelo Bar\u00e7a ao Betis.<\/strong><\/p>\n<p><strong>&#8216;BOBBY&#8217; ENDRICK E OS MEMES<\/strong><\/p>\n<p>Endrick ainda tem algo mais a superar depois de virar meme no mundo online diante da bizarrice de se espelhar em jogadores dos anos 1950 e 1960, como o ingl\u00eas Bobby Charlton e Di Stefano, Puskas.<\/p>\n<p>Bellingham, seu companheiro de Real Madrid, brincou com Endrick no Instagram ap\u00f3s conquista da Supercopa: &#8220;Vamos, Bobby&#8221;.<\/p>\n<p>N\u00e3o se sabe o que leva Endrick, 18 anos, a mencionar \u00edcones do futebol rom\u00e2ntico de d\u00e9cadas passadas, quando nem seu pai era nascido, como suas refer\u00eancias ou \u00eddolos ainda hoje.<\/p>\n<p>Equipe respons\u00e1vel pela carreira do garoto, por enquanto, n\u00e3o se manifesta.<\/p>\n<p>Enquanto isso, Endrick \u00e9 ridicularizado nas redes sociais.<\/p>\n<div class=\"jetpack-video-wrapper\"><span class=\"embed-youtube\" style=\"text-align:center; display: block;\"><iframe loading=\"lazy\" class=\"youtube-player\" width=\"560\" height=\"315\" src=\"https:\/\/www.youtube.com\/embed\/THas5rXP11A?version=3&#038;rel=1&#038;showsearch=0&#038;showinfo=1&#038;iv_load_policy=1&#038;fs=1&#038;hl=pt-BR&#038;autohide=2&#038;wmode=transparent\" allowfullscreen=\"true\" style=\"border:0;\" sandbox=\"allow-scripts allow-same-origin allow-popups allow-presentation allow-popups-to-escape-sandbox\"><\/iframe><\/span><\/div>\n","protected":false},"excerpt":{"rendered":"<p>Luiz Ant\u00f4nio Pr\u00f3speri \u2013 20 agosto (12h50) &#8220;J\u00e1 fazia muito tempo que o Real Madrid n\u00e3o tinha um [&hellip;]<\/p>\n","protected":false},"author":102107496,"featured_media":44698,"comment_status":"open","ping_status":"open","sticky":false,"template":"","format":"standard","meta":{"_coblocks_attr":"","_coblocks_dimensions":"","_coblocks_responsive_height":"","_coblocks_accordion_ie_support":"","_jetpack_newsletter_access":"","_jetpack_dont_email_post_to_subs":false,"_jetpack_newsletter_tier_id":0,"_jetpack_memberships_contains_paywalled_content":false,"_wpcom_ai_launchpad_first_post":false,"_jetpack_feature_clip_id":0,"_jetpack_memberships_contains_paid_content":false,"footnotes":"","jetpack_publicize_message":"","jetpack_publicize_feature_enabled":true,"jetpack_social_post_already_shared":false,"jetpack_social_options":{"image_generator_settings":{"template":"highway","default_image_id":0,"font":"","enabled":false},"version":2},"jetpack_post_was_ever_published":false},"categories":[53870,3919],"tags":[10668348,2047843,773807748,25607665,789560560,789560573,78820],"class_list":["post-44537","post","type-post","status-publish","format-standard","has-post-thumbnail","hentry","category-futebol","category-opiniao","tag-0000ff","tag-bobby-charlton","tag-bobby-endrick","tag-endrick","tag-futebol","tag-luiz-antonio-prosperi","tag-real-madrid"],"yoast_head":"<!-- This site is optimized with the Yoast SEO plugin v28.3 - https:\/\/yoast.com\/product\/yoast-seo-wordpress\/ -->\n<title>&#039;Bobby&#039; Endrick: Da Promessa \u00e0 Poss\u00edvel Sa\u00edda do Real Madrid - PR\u00d3SPERI NEWS<\/title>\n<meta name=\"robots\" content=\"index, follow, max-snippet:-1, max-image-preview:large, max-video-preview:-1\" \/>\n<link rel=\"canonical\" href=\"https:\/\/blogdoprosperi.com\/?p=44537\" \/>\n<meta property=\"og:locale\" content=\"pt_BR\" \/>\n<meta property=\"og:type\" content=\"article\" \/>\n<meta property=\"og:title\" content=\"&#039;Bobby&#039; Endrick: Da Promessa \u00e0 Poss\u00edvel Sa\u00edda do Real Madrid - PR\u00d3SPERI NEWS\" \/>\n<meta property=\"og:description\" content=\"Luiz Ant\u00f4nio Pr\u00f3speri \u2013 20 agosto (12h50) &#8220;J\u00e1 fazia muito tempo que o Real Madrid n\u00e3o tinha um [&hellip;]\" \/>\n<meta property=\"og:url\" content=\"https:\/\/blogdoprosperi.com\/?p=44537\" \/>\n<meta property=\"og:site_name\" content=\"PR\u00d3SPERI NEWS\" \/>\n<meta property=\"article:publisher\" content=\"Luiz Pr\u00f3speri\" \/>\n<meta property=\"article:author\" content=\"Luiz Pr\u00f3speri\" \/>\n<meta property=\"article:published_time\" content=\"2024-08-20T15:47:45+00:00\" \/>\n<meta property=\"article:modified_time\" content=\"2024-08-20T18:19:49+00:00\" \/>\n<meta property=\"og:image\" content=\"https:\/\/i0.wp.com\/blogdoprosperi.com\/wp-content\/uploads\/2024\/08\/endrick-ja-pensa-em-emprestimo-no-real-madrid-diz-_00871992_0_-3.webp?fit=760%2C430&ssl=1\" \/>\n\t<meta property=\"og:image:width\" content=\"760\" \/>\n\t<meta property=\"og:image:height\" content=\"430\" \/>\n\t<meta property=\"og:image:type\" content=\"image\/webp\" \/>\n<meta name=\"author\" content=\"Luiz Ant\u00f4nio Pr\u00f3speri\" \/>\n<meta name=\"twitter:card\" content=\"summary_large_image\" \/>\n<meta name=\"twitter:creator\" content=\"@Luizprosperi\" \/>\n<meta name=\"twitter:site\" content=\"@Luizprosperi\" \/>\n<meta name=\"twitter:label1\" content=\"Escrito por\" \/>\n\t<meta name=\"twitter:data1\" content=\"Luiz Ant\u00f4nio Pr\u00f3speri\" \/>\n\t<meta name=\"twitter:label2\" content=\"Est. tempo de leitura\" \/>\n\t<meta name=\"twitter:data2\" content=\"3 minutos\" \/>\n<script type=\"application\/ld+json\" class=\"yoast-schema-graph\">{\"@context\":\"https:\\\/\\\/schema.org\",\"@graph\":[{\"@type\":\"Article\",\"@id\":\"https:\\\/\\\/blogdoprosperi.com\\\/?p=44537#article\",\"isPartOf\":{\"@id\":\"https:\\\/\\\/blogdoprosperi.com\\\/?p=44537\"},\"author\":{\"name\":\"Luiz Ant\u00f4nio Pr\u00f3speri\",\"@id\":\"https:\\\/\\\/blogdoprosperi.com\\\/#\\\/schema\\\/person\\\/38100755ce3601861ee4fab9b5aa78e9\"},\"headline\":\"&#8216;Bobby&#8217; Endrick: Da Promessa \u00e0 Poss\u00edvel Sa\u00edda do Real Madrid\",\"datePublished\":\"2024-08-20T15:47:45+00:00\",\"dateModified\":\"2024-08-20T18:19:49+00:00\",\"mainEntityOfPage\":{\"@id\":\"https:\\\/\\\/blogdoprosperi.com\\\/?p=44537\"},\"wordCount\":651,\"commentCount\":0,\"publisher\":{\"@id\":\"https:\\\/\\\/blogdoprosperi.com\\\/#\\\/schema\\\/person\\\/38100755ce3601861ee4fab9b5aa78e9\"},\"image\":{\"@id\":\"https:\\\/\\\/blogdoprosperi.com\\\/?p=44537#primaryimage\"},\"thumbnailUrl\":\"https:\\\/\\\/i0.wp.com\\\/blogdoprosperi.com\\\/wp-content\\\/uploads\\\/2024\\\/08\\\/endrick-ja-pensa-em-emprestimo-no-real-madrid-diz-_00871992_0_-3.webp?fit=760%2C430&ssl=1\",\"keywords\":[\"0000ff\",\"bobby charlton\",\"bobby endrick\",\"endrick\",\"futebol\",\"Luiz Ant\u00f4nio Pr\u00f3speri\",\"Real Madrid\"],\"articleSection\":[\"futebol\",\"opini\u00e3o\"],\"inLanguage\":\"pt-BR\",\"potentialAction\":[{\"@type\":\"CommentAction\",\"name\":\"Comment\",\"target\":[\"https:\\\/\\\/blogdoprosperi.com\\\/?p=44537#respond\"]}]},{\"@type\":\"WebPage\",\"@id\":\"https:\\\/\\\/blogdoprosperi.com\\\/?p=44537\",\"url\":\"https:\\\/\\\/blogdoprosperi.com\\\/?p=44537\",\"name\":\"'Bobby' Endrick: Da Promessa \u00e0 Poss\u00edvel Sa\u00edda do Real Madrid - PR\u00d3SPERI NEWS\",\"isPartOf\":{\"@id\":\"https:\\\/\\\/blogdoprosperi.com\\\/#website\"},\"primaryImageOfPage\":{\"@id\":\"https:\\\/\\\/blogdoprosperi.com\\\/?p=44537#primaryimage\"},\"image\":{\"@id\":\"https:\\\/\\\/blogdoprosperi.com\\\/?p=44537#primaryimage\"},\"thumbnailUrl\":\"https:\\\/\\\/i0.wp.com\\\/blogdoprosperi.com\\\/wp-content\\\/uploads\\\/2024\\\/08\\\/endrick-ja-pensa-em-emprestimo-no-real-madrid-diz-_00871992_0_-3.webp?fit=760%2C430&ssl=1\",\"datePublished\":\"2024-08-20T15:47:45+00:00\",\"dateModified\":\"2024-08-20T18:19:49+00:00\",\"breadcrumb\":{\"@id\":\"https:\\\/\\\/blogdoprosperi.com\\\/?p=44537#breadcrumb\"},\"inLanguage\":\"pt-BR\",\"potentialAction\":[{\"@type\":\"ReadAction\",\"target\":[\"https:\\\/\\\/blogdoprosperi.com\\\/?p=44537\"]}]},{\"@type\":\"ImageObject\",\"inLanguage\":\"pt-BR\",\"@id\":\"https:\\\/\\\/blogdoprosperi.com\\\/?p=44537#primaryimage\",\"url\":\"https:\\\/\\\/i0.wp.com\\\/blogdoprosperi.com\\\/wp-content\\\/uploads\\\/2024\\\/08\\\/endrick-ja-pensa-em-emprestimo-no-real-madrid-diz-_00871992_0_-3.webp?fit=760%2C430&ssl=1\",\"contentUrl\":\"https:\\\/\\\/i0.wp.com\\\/blogdoprosperi.com\\\/wp-content\\\/uploads\\\/2024\\\/08\\\/endrick-ja-pensa-em-emprestimo-no-real-madrid-diz-_00871992_0_-3.webp?fit=760%2C430&ssl=1\",\"width\":760,\"height\":430,\"caption\":\"Endrick tem plano B para deixar Real Madrid no Natal \u2013 foto: Instagram\"},{\"@type\":\"BreadcrumbList\",\"@id\":\"https:\\\/\\\/blogdoprosperi.com\\\/?p=44537#breadcrumb\",\"itemListElement\":[{\"@type\":\"ListItem\",\"position\":1,\"name\":\"In\u00edcio\",\"item\":\"https:\\\/\\\/blogdoprosperi.com\\\/\"},{\"@type\":\"ListItem\",\"position\":2,\"name\":\"&#8216;Bobby&#8217; Endrick: Da Promessa \u00e0 Poss\u00edvel Sa\u00edda do Real Madrid\"}]},{\"@type\":\"WebSite\",\"@id\":\"https:\\\/\\\/blogdoprosperi.com\\\/#website\",\"url\":\"https:\\\/\\\/blogdoprosperi.com\\\/\",\"name\":\"PR\u00d3SPERI NEWS\",\"description\":\"TUDO \u00c9  FUTEBOL\",\"publisher\":{\"@id\":\"https:\\\/\\\/blogdoprosperi.com\\\/#\\\/schema\\\/person\\\/38100755ce3601861ee4fab9b5aa78e9\"},\"alternateName\":\"blogdoprosperi.com\",\"potentialAction\":[{\"@type\":\"SearchAction\",\"target\":{\"@type\":\"EntryPoint\",\"urlTemplate\":\"https:\\\/\\\/blogdoprosperi.com\\\/?s={search_term_string}\"},\"query-input\":{\"@type\":\"PropertyValueSpecification\",\"valueRequired\":true,\"valueName\":\"search_term_string\"}}],\"inLanguage\":\"pt-BR\"},{\"@type\":[\"Person\",\"Organization\"],\"@id\":\"https:\\\/\\\/blogdoprosperi.com\\\/#\\\/schema\\\/person\\\/38100755ce3601861ee4fab9b5aa78e9\",\"name\":\"Luiz Ant\u00f4nio Pr\u00f3speri\",\"pronouns\":\"ele\",\"image\":{\"@type\":\"ImageObject\",\"inLanguage\":\"pt-BR\",\"@id\":\"https:\\\/\\\/i0.wp.com\\\/blogdoprosperi.com\\\/wp-content\\\/uploads\\\/2026\\\/05\\\/cropped-8059e613-6002-42fa-961e-8e275f575d71-2-5.jpg?fit=1360%2C931&ssl=1\",\"url\":\"https:\\\/\\\/i0.wp.com\\\/blogdoprosperi.com\\\/wp-content\\\/uploads\\\/2026\\\/05\\\/cropped-8059e613-6002-42fa-961e-8e275f575d71-2-5.jpg?fit=1360%2C931&ssl=1\",\"contentUrl\":\"https:\\\/\\\/i0.wp.com\\\/blogdoprosperi.com\\\/wp-content\\\/uploads\\\/2026\\\/05\\\/cropped-8059e613-6002-42fa-961e-8e275f575d71-2-5.jpg?fit=1360%2C931&ssl=1\",\"width\":1360,\"height\":931,\"caption\":\"Luiz Ant\u00f4nio Pr\u00f3speri\"},\"logo\":{\"@id\":\"https:\\\/\\\/i0.wp.com\\\/blogdoprosperi.com\\\/wp-content\\\/uploads\\\/2026\\\/05\\\/cropped-8059e613-6002-42fa-961e-8e275f575d71-2-5.jpg?fit=1360%2C931&ssl=1\"},\"description\":\"Jornalista com carreira dedicada ao esporte. Cobriu 9 Copas do Mundo in loco, 1990 na It\u00e1lia, 1994 nos EUA, 1998 na Fran\u00e7a, 2002 na Coreia do Sul e Jap\u00e3o, 2006 na Alemanha, 2010 na \u00c1frica do Sul, 2014 no Brasil, 2018 na R\u00fassia e 2022 no Qatar. Eurocopas, 1992 na Su\u00e9cia e 1996 na Inglaterra. Copa das Confedera\u00e7\u00f5es de 2005 na Alemanha e 2009 na \u00c1frica do Sul. Rep\u00f3rter e Editor, trabalhou no Jornal da Tarde e Estad\u00e3o, de 1984 a fevereiro de 2016. Colunista, blogueiro. E comentarista de futebol na R\u00e1dio Estad\u00e3o, de 2013 a fevereiro de 2016. Jornalista respons\u00e1vel do \\\"Pr\u00f3speri News\\\" (blogdoprosperi.com).\",\"sameAs\":[\"http:\\\/\\\/blogdoprosperi.com\",\"Luiz Pr\u00f3speri\",\"@luiz_prosperi\",\"https:\\\/\\\/x.com\\\/Luizprosperi\",\"@prosperinacopa\",\"luiz.prosperi@icloud.com\"],\"url\":\"https:\\\/\\\/blogdoprosperi.com\\\/?author=102107496\"}]}<\/script>\n<!-- \/ Yoast SEO plugin. -->","yoast_head_json":{"title":"'Bobby' Endrick: Da Promessa \u00e0 Poss\u00edvel Sa\u00edda do Real Madrid - PR\u00d3SPERI NEWS","robots":{"index":"index","follow":"follow","max-snippet":"max-snippet:-1","max-image-preview":"max-image-preview:large","max-video-preview":"max-video-preview:-1"},"canonical":"https:\/\/blogdoprosperi.com\/?p=44537","og_locale":"pt_BR","og_type":"article","og_title":"'Bobby' Endrick: Da Promessa \u00e0 Poss\u00edvel Sa\u00edda do Real Madrid - PR\u00d3SPERI NEWS","og_description":"Luiz Ant\u00f4nio Pr\u00f3speri \u2013 20 agosto (12h50) &#8220;J\u00e1 fazia muito tempo que o Real Madrid n\u00e3o tinha um [&hellip;]","og_url":"https:\/\/blogdoprosperi.com\/?p=44537","og_site_name":"PR\u00d3SPERI NEWS","article_publisher":"Luiz Pr\u00f3speri","article_author":"Luiz Pr\u00f3speri","article_published_time":"2024-08-20T15:47:45+00:00","article_modified_time":"2024-08-20T18:19:49+00:00","og_image":[{"width":760,"height":430,"url":"https:\/\/i0.wp.com\/blogdoprosperi.com\/wp-content\/uploads\/2024\/08\/endrick-ja-pensa-em-emprestimo-no-real-madrid-diz-_00871992_0_-3.webp?fit=760%2C430&ssl=1","type":"image\/webp"}],"author":"Luiz Ant\u00f4nio Pr\u00f3speri","twitter_card":"summary_large_image","twitter_creator":"@Luizprosperi","twitter_site":"@Luizprosperi","twitter_misc":{"Escrito por":"Luiz Ant\u00f4nio Pr\u00f3speri","Est. tempo de leitura":"3 minutos"},"schema":{"@context":"https:\/\/schema.org","@graph":[{"@type":"Article","@id":"https:\/\/blogdoprosperi.com\/?p=44537#article","isPartOf":{"@id":"https:\/\/blogdoprosperi.com\/?p=44537"},"author":{"name":"Luiz Ant\u00f4nio Pr\u00f3speri","@id":"https:\/\/blogdoprosperi.com\/#\/schema\/person\/38100755ce3601861ee4fab9b5aa78e9"},"headline":"&#8216;Bobby&#8217; Endrick: Da Promessa \u00e0 Poss\u00edvel Sa\u00edda do Real Madrid","datePublished":"2024-08-20T15:47:45+00:00","dateModified":"2024-08-20T18:19:49+00:00","mainEntityOfPage":{"@id":"https:\/\/blogdoprosperi.com\/?p=44537"},"wordCount":651,"commentCount":0,"publisher":{"@id":"https:\/\/blogdoprosperi.com\/#\/schema\/person\/38100755ce3601861ee4fab9b5aa78e9"},"image":{"@id":"https:\/\/blogdoprosperi.com\/?p=44537#primaryimage"},"thumbnailUrl":"https:\/\/i0.wp.com\/blogdoprosperi.com\/wp-content\/uploads\/2024\/08\/endrick-ja-pensa-em-emprestimo-no-real-madrid-diz-_00871992_0_-3.webp?fit=760%2C430&ssl=1","keywords":["0000ff","bobby charlton","bobby endrick","endrick","futebol","Luiz Ant\u00f4nio Pr\u00f3speri","Real Madrid"],"articleSection":["futebol","opini\u00e3o"],"inLanguage":"pt-BR","potentialAction":[{"@type":"CommentAction","name":"Comment","target":["https:\/\/blogdoprosperi.com\/?p=44537#respond"]}]},{"@type":"WebPage","@id":"https:\/\/blogdoprosperi.com\/?p=44537","url":"https:\/\/blogdoprosperi.com\/?p=44537","name":"'Bobby' Endrick: Da Promessa \u00e0 Poss\u00edvel Sa\u00edda do Real Madrid - PR\u00d3SPERI NEWS","isPartOf":{"@id":"https:\/\/blogdoprosperi.com\/#website"},"primaryImageOfPage":{"@id":"https:\/\/blogdoprosperi.com\/?p=44537#primaryimage"},"image":{"@id":"https:\/\/blogdoprosperi.com\/?p=44537#primaryimage"},"thumbnailUrl":"https:\/\/i0.wp.com\/blogdoprosperi.com\/wp-content\/uploads\/2024\/08\/endrick-ja-pensa-em-emprestimo-no-real-madrid-diz-_00871992_0_-3.webp?fit=760%2C430&ssl=1","datePublished":"2024-08-20T15:47:45+00:00","dateModified":"2024-08-20T18:19:49+00:00","breadcrumb":{"@id":"https:\/\/blogdoprosperi.com\/?p=44537#breadcrumb"},"inLanguage":"pt-BR","potentialAction":[{"@type":"ReadAction","target":["https:\/\/blogdoprosperi.com\/?p=44537"]}]},{"@type":"ImageObject","inLanguage":"pt-BR","@id":"https:\/\/blogdoprosperi.com\/?p=44537#primaryimage","url":"https:\/\/i0.wp.com\/blogdoprosperi.com\/wp-content\/uploads\/2024\/08\/endrick-ja-pensa-em-emprestimo-no-real-madrid-diz-_00871992_0_-3.webp?fit=760%2C430&ssl=1","contentUrl":"https:\/\/i0.wp.com\/blogdoprosperi.com\/wp-content\/uploads\/2024\/08\/endrick-ja-pensa-em-emprestimo-no-real-madrid-diz-_00871992_0_-3.webp?fit=760%2C430&ssl=1","width":760,"height":430,"caption":"Endrick tem plano B para deixar Real Madrid no Natal \u2013 foto: Instagram"},{"@type":"BreadcrumbList","@id":"https:\/\/blogdoprosperi.com\/?p=44537#breadcrumb","itemListElement":[{"@type":"ListItem","position":1,"name":"In\u00edcio","item":"https:\/\/blogdoprosperi.com\/"},{"@type":"ListItem","position":2,"name":"&#8216;Bobby&#8217; Endrick: Da Promessa \u00e0 Poss\u00edvel Sa\u00edda do Real Madrid"}]},{"@type":"WebSite","@id":"https:\/\/blogdoprosperi.com\/#website","url":"https:\/\/blogdoprosperi.com\/","name":"PR\u00d3SPERI NEWS","description":"TUDO \u00c9  FUTEBOL","publisher":{"@id":"https:\/\/blogdoprosperi.com\/#\/schema\/person\/38100755ce3601861ee4fab9b5aa78e9"},"alternateName":"blogdoprosperi.com","potentialAction":[{"@type":"SearchAction","target":{"@type":"EntryPoint","urlTemplate":"https:\/\/blogdoprosperi.com\/?s={search_term_string}"},"query-input":{"@type":"PropertyValueSpecification","valueRequired":true,"valueName":"search_term_string"}}],"inLanguage":"pt-BR"},{"@type":["Person","Organization"],"@id":"https:\/\/blogdoprosperi.com\/#\/schema\/person\/38100755ce3601861ee4fab9b5aa78e9","name":"Luiz Ant\u00f4nio Pr\u00f3speri","pronouns":"ele","image":{"@type":"ImageObject","inLanguage":"pt-BR","@id":"https:\/\/i0.wp.com\/blogdoprosperi.com\/wp-content\/uploads\/2026\/05\/cropped-8059e613-6002-42fa-961e-8e275f575d71-2-5.jpg?fit=1360%2C931&ssl=1","url":"https:\/\/i0.wp.com\/blogdoprosperi.com\/wp-content\/uploads\/2026\/05\/cropped-8059e613-6002-42fa-961e-8e275f575d71-2-5.jpg?fit=1360%2C931&ssl=1","contentUrl":"https:\/\/i0.wp.com\/blogdoprosperi.com\/wp-content\/uploads\/2026\/05\/cropped-8059e613-6002-42fa-961e-8e275f575d71-2-5.jpg?fit=1360%2C931&ssl=1","width":1360,"height":931,"caption":"Luiz Ant\u00f4nio Pr\u00f3speri"},"logo":{"@id":"https:\/\/i0.wp.com\/blogdoprosperi.com\/wp-content\/uploads\/2026\/05\/cropped-8059e613-6002-42fa-961e-8e275f575d71-2-5.jpg?fit=1360%2C931&ssl=1"},"description":"Jornalista com carreira dedicada ao esporte. Cobriu 9 Copas do Mundo in loco, 1990 na It\u00e1lia, 1994 nos EUA, 1998 na Fran\u00e7a, 2002 na Coreia do Sul e Jap\u00e3o, 2006 na Alemanha, 2010 na \u00c1frica do Sul, 2014 no Brasil, 2018 na R\u00fassia e 2022 no Qatar. Eurocopas, 1992 na Su\u00e9cia e 1996 na Inglaterra. Copa das Confedera\u00e7\u00f5es de 2005 na Alemanha e 2009 na \u00c1frica do Sul. Rep\u00f3rter e Editor, trabalhou no Jornal da Tarde e Estad\u00e3o, de 1984 a fevereiro de 2016. Colunista, blogueiro. E comentarista de futebol na R\u00e1dio Estad\u00e3o, de 2013 a fevereiro de 2016. Jornalista respons\u00e1vel do \"Pr\u00f3speri News\" (blogdoprosperi.com).","sameAs":["http:\/\/blogdoprosperi.com","Luiz Pr\u00f3speri","@luiz_prosperi","https:\/\/x.com\/Luizprosperi","@prosperinacopa","luiz.prosperi@icloud.com"],"url":"https:\/\/blogdoprosperi.com\/?author=102107496"}]}},"jetpack_publicize_connections":[],"jetpack_likes_enabled":false,"jetpack_sharing_enabled":true,"jetpack_shortlink":"https:\/\/wp.me\/p7jvdk-bAl","jetpack-related-posts":[{"id":45312,"url":"https:\/\/blogdoprosperi.com\/?p=45312","url_meta":{"origin":44537,"position":0},"title":"Endrick, O Corajoso","author":"Luiz Ant\u00f4nio Pr\u00f3speri","date":"18 de setembro de 2024","format":false,"excerpt":"Endrick provoca terremoto em Madri. Lua de Mel de seu casamento tem gol de estreia na Champions e b\u00f4nus ao Palmeiras.","rel":"","context":"Em &quot;futebol&quot;","block_context":{"text":"futebol","link":"https:\/\/blogdoprosperi.com\/?cat=53870"},"img":{"alt_text":"Endrick celebra seu gol de estreia na Champions League","src":"https:\/\/i0.wp.com\/blogdoprosperi.com\/wp-content\/uploads\/2024\/09\/captura-de-tela-2024-09-18-as-12.49.29.png?fit=1200%2C783&ssl=1&resize=350%2C200","width":350,"height":200,"srcset":"https:\/\/i0.wp.com\/blogdoprosperi.com\/wp-content\/uploads\/2024\/09\/captura-de-tela-2024-09-18-as-12.49.29.png?fit=1200%2C783&ssl=1&resize=350%2C200 1x, https:\/\/i0.wp.com\/blogdoprosperi.com\/wp-content\/uploads\/2024\/09\/captura-de-tela-2024-09-18-as-12.49.29.png?fit=1200%2C783&ssl=1&resize=525%2C300 1.5x, https:\/\/i0.wp.com\/blogdoprosperi.com\/wp-content\/uploads\/2024\/09\/captura-de-tela-2024-09-18-as-12.49.29.png?fit=1200%2C783&ssl=1&resize=700%2C400 2x, https:\/\/i0.wp.com\/blogdoprosperi.com\/wp-content\/uploads\/2024\/09\/captura-de-tela-2024-09-18-as-12.49.29.png?fit=1200%2C783&ssl=1&resize=1050%2C600 3x"},"classes":[]},{"id":55321,"url":"https:\/\/blogdoprosperi.com\/?p=55321","url_meta":{"origin":44537,"position":1},"title":"#Cr\u00f4nicaSab\u00e1tica #33 | N\u00e3o Me Venham Com Quarteto M\u00e1gico de Ancelotti","author":"Luiz Ant\u00f4nio Pr\u00f3speri","date":"11 de outubro de 2025","format":false,"excerpt":"Luiz Ant\u00f4nio Pr\u00f3speri \u2013 11 outubro 2025 (16h07) \u2013 Come\u00e7ou. Brasil enfia 5 a 0 na Coreia do Sul, 23.\u00aa do ranking na Fifa, no amistoso em Seul, sexta-feira (10\/10). Dois gols de Estev\u00e3o, dois de Rodrygo e um de Vini Jr. Imprensa espanhola alardeia em manchetes o \"Trio Letal\u2026","rel":"","context":"Em &quot;cr\u00f4nica&quot;","block_context":{"text":"cr\u00f4nica","link":"https:\/\/blogdoprosperi.com\/?cat=23339"},"img":{"alt_text":"Novo trio letal da Sele\u00e7\u00e3o Brasileira","src":"https:\/\/i0.wp.com\/blogdoprosperi.com\/wp-content\/uploads\/2025\/10\/captura-de-tela-2025-10-11-as-16.04.28.png?fit=792%2C528&ssl=1&resize=350%2C200","width":350,"height":200,"srcset":"https:\/\/i0.wp.com\/blogdoprosperi.com\/wp-content\/uploads\/2025\/10\/captura-de-tela-2025-10-11-as-16.04.28.png?fit=792%2C528&ssl=1&resize=350%2C200 1x, https:\/\/i0.wp.com\/blogdoprosperi.com\/wp-content\/uploads\/2025\/10\/captura-de-tela-2025-10-11-as-16.04.28.png?fit=792%2C528&ssl=1&resize=525%2C300 1.5x, https:\/\/i0.wp.com\/blogdoprosperi.com\/wp-content\/uploads\/2025\/10\/captura-de-tela-2025-10-11-as-16.04.28.png?fit=792%2C528&ssl=1&resize=700%2C400 2x"},"classes":[]},{"id":44212,"url":"https:\/\/blogdoprosperi.com\/?p=44212","url_meta":{"origin":44537,"position":2},"title":"Apresenta\u00e7\u00e3o de Mbapp\u00e9 no Real Madrid: entenda parceria com Vini Jr e destino de Endrick","author":"Luiz Ant\u00f4nio Pr\u00f3speri","date":"16 de julho de 2024","format":false,"excerpt":"Mbapp\u00e9 come\u00e7a sua hist\u00f3ria no Real Madrid diante de 80 mil pessoas no est\u00e1dio Santiago Bernab\u00e9u, nesse 16 de julho de 2024. Atacante franc\u00eas conta que esperava por esse dia desde os 13 anos quando revelou pela primeira vez o sonho de jogar no clube espanhol. \"Sou jogador do Real\u2026","rel":"","context":"Em &quot;futebol&quot;","block_context":{"text":"futebol","link":"https:\/\/blogdoprosperi.com\/?cat=53870"},"img":{"alt_text":"Mbapp\u00e9 se apresenta ao Real Madrid","src":"https:\/\/i0.wp.com\/blogdoprosperi.com\/wp-content\/uploads\/2024\/07\/nd_madridismo_con_mbappe_01_1pc9302.webp?fit=1200%2C675&ssl=1&resize=350%2C200","width":350,"height":200,"srcset":"https:\/\/i0.wp.com\/blogdoprosperi.com\/wp-content\/uploads\/2024\/07\/nd_madridismo_con_mbappe_01_1pc9302.webp?fit=1200%2C675&ssl=1&resize=350%2C200 1x, https:\/\/i0.wp.com\/blogdoprosperi.com\/wp-content\/uploads\/2024\/07\/nd_madridismo_con_mbappe_01_1pc9302.webp?fit=1200%2C675&ssl=1&resize=525%2C300 1.5x, https:\/\/i0.wp.com\/blogdoprosperi.com\/wp-content\/uploads\/2024\/07\/nd_madridismo_con_mbappe_01_1pc9302.webp?fit=1200%2C675&ssl=1&resize=700%2C400 2x, https:\/\/i0.wp.com\/blogdoprosperi.com\/wp-content\/uploads\/2024\/07\/nd_madridismo_con_mbappe_01_1pc9302.webp?fit=1200%2C675&ssl=1&resize=1050%2C600 3x"},"classes":[]},{"id":48241,"url":"https:\/\/blogdoprosperi.com\/?p=48241","url_meta":{"origin":44537,"position":3},"title":"#Cr\u00f4nicaSab\u00e1tica #14 | Endrick &amp; Vitor, Dois Meninos Sem Rumo na Europa","author":"Luiz Ant\u00f4nio Pr\u00f3speri","date":"22 de fevereiro de 2025","format":false,"excerpt":"Luiz Ant\u00f4nio Pr\u00f3speri \u2013 22 fevereiro (09h45) \u2013 Endrick e Vitor Roque viviam a certeza de jogar na Europa ao completarem a maioridade. Vitor, um ano mais velho, chega em 2023 no Barcelona. Endrick, um ano depois, desembarca no Real Madrid. Seriam astros precoces nos lend\u00e1rios clubes espanh\u00f3is. Um desafiando\u2026","rel":"","context":"Em &quot;futebol&quot;","block_context":{"text":"futebol","link":"https:\/\/blogdoprosperi.com\/?cat=53870"},"img":{"alt_text":"Endrick e Vitor Roque, sem rumo na Europa","src":"https:\/\/i0.wp.com\/blogdoprosperi.com\/wp-content\/uploads\/2025\/02\/captura-de-tela-2025-02-21-as-16.54.45.png?fit=1174%2C642&ssl=1&resize=350%2C200","width":350,"height":200,"srcset":"https:\/\/i0.wp.com\/blogdoprosperi.com\/wp-content\/uploads\/2025\/02\/captura-de-tela-2025-02-21-as-16.54.45.png?fit=1174%2C642&ssl=1&resize=350%2C200 1x, https:\/\/i0.wp.com\/blogdoprosperi.com\/wp-content\/uploads\/2025\/02\/captura-de-tela-2025-02-21-as-16.54.45.png?fit=1174%2C642&ssl=1&resize=525%2C300 1.5x, https:\/\/i0.wp.com\/blogdoprosperi.com\/wp-content\/uploads\/2025\/02\/captura-de-tela-2025-02-21-as-16.54.45.png?fit=1174%2C642&ssl=1&resize=700%2C400 2x, https:\/\/i0.wp.com\/blogdoprosperi.com\/wp-content\/uploads\/2025\/02\/captura-de-tela-2025-02-21-as-16.54.45.png?fit=1174%2C642&ssl=1&resize=1050%2C600 3x"},"classes":[]},{"id":44829,"url":"https:\/\/blogdoprosperi.com\/?p=44829","url_meta":{"origin":44537,"position":4},"title":"URGENTE FUTEBOL","author":"Luiz Ant\u00f4nio Pr\u00f3speri","date":"26 de agosto de 2024","format":false,"excerpt":"26 agosto \u2013 Futebol brasileiro exalta for\u00e7a financeira do Flamengo. Or\u00e7amento acima de R$ 1,3 bilh\u00e3o por ano. Dinheiro sobrando para refor\u00e7ar o time de Tite, ajudar a fazer sucessor do presidente Rodolfo Landim nas elei\u00e7\u00f5es em dezembro e embalar campanha do diretor Marcos Braz \u00e0 reelei\u00e7\u00e3o na C\u00e2mara de\u2026","rel":"","context":"Em &quot;futebol&quot;","block_context":{"text":"futebol","link":"https:\/\/blogdoprosperi.com\/?cat=53870"},"img":{"alt_text":"Alcaraz no Flamengo","src":"https:\/\/i0.wp.com\/blogdoprosperi.com\/wp-content\/uploads\/2024\/08\/calros-alcaraz-flamengo-southampton-860x484-1.webp?fit=860%2C484&ssl=1&resize=350%2C200","width":350,"height":200,"srcset":"https:\/\/i0.wp.com\/blogdoprosperi.com\/wp-content\/uploads\/2024\/08\/calros-alcaraz-flamengo-southampton-860x484-1.webp?fit=860%2C484&ssl=1&resize=350%2C200 1x, https:\/\/i0.wp.com\/blogdoprosperi.com\/wp-content\/uploads\/2024\/08\/calros-alcaraz-flamengo-southampton-860x484-1.webp?fit=860%2C484&ssl=1&resize=525%2C300 1.5x, https:\/\/i0.wp.com\/blogdoprosperi.com\/wp-content\/uploads\/2024\/08\/calros-alcaraz-flamengo-southampton-860x484-1.webp?fit=860%2C484&ssl=1&resize=700%2C400 2x"},"classes":[]},{"id":41659,"url":"https:\/\/blogdoprosperi.com\/?p=41659","url_meta":{"origin":44537,"position":5},"title":"Endrick e Estev\u00e3o rendem R$ 700 milh\u00f5es ao Palmeiras","author":"Luiz Ant\u00f4nio Pr\u00f3speri","date":"24 de abril de 2023","format":false,"excerpt":"PSG, de Neymar, Mbapp\u00e9 e Messi, ofereceu R$ 323 milh\u00f5es por Endrick e R$ 195 milh\u00f5es por Estev\u00e3o, dois garotos de 16 anos das crias do Palmeiras, informa jornalista italiano","rel":"","context":"Em &quot;futebol&quot;","block_context":{"text":"futebol","link":"https:\/\/blogdoprosperi.com\/?cat=53870"},"img":{"alt_text":"","src":"https:\/\/i0.wp.com\/blogdoprosperi.com\/wp-content\/uploads\/2023\/04\/52842863487_371e6ce18d_c.jpg?fit=800%2C450&ssl=1&resize=350%2C200","width":350,"height":200,"srcset":"https:\/\/i0.wp.com\/blogdoprosperi.com\/wp-content\/uploads\/2023\/04\/52842863487_371e6ce18d_c.jpg?fit=800%2C450&ssl=1&resize=350%2C200 1x, https:\/\/i0.wp.com\/blogdoprosperi.com\/wp-content\/uploads\/2023\/04\/52842863487_371e6ce18d_c.jpg?fit=800%2C450&ssl=1&resize=525%2C300 1.5x, https:\/\/i0.wp.com\/blogdoprosperi.com\/wp-content\/uploads\/2023\/04\/52842863487_371e6ce18d_c.jpg?fit=800%2C450&ssl=1&resize=700%2C400 2x"},"classes":[]}],"jetpack_featured_media_url":"https:\/\/i0.wp.com\/blogdoprosperi.com\/wp-content\/uploads\/2024\/08\/endrick-ja-pensa-em-emprestimo-no-real-madrid-diz-_00871992_0_-3.webp?fit=760%2C430&ssl=1","_links":{"self":[{"href":"https:\/\/blogdoprosperi.com\/index.php?rest_route=\/wp\/v2\/posts\/44537","targetHints":{"allow":["GET"]}}],"collection":[{"href":"https:\/\/blogdoprosperi.com\/index.php?rest_route=\/wp\/v2\/posts"}],"about":[{"href":"https:\/\/blogdoprosperi.com\/index.php?rest_route=\/wp\/v2\/types\/post"}],"author":[{"embeddable":true,"href":"https:\/\/blogdoprosperi.com\/index.php?rest_route=\/wp\/v2\/users\/102107496"}],"replies":[{"embeddable":true,"href":"https:\/\/blogdoprosperi.com\/index.php?rest_route=%2Fwp%2Fv2%2Fcomments&post=44537"}],"version-history":[{"count":22,"href":"https:\/\/blogdoprosperi.com\/index.php?rest_route=\/wp\/v2\/posts\/44537\/revisions"}],"predecessor-version":[{"id":44713,"href":"https:\/\/blogdoprosperi.com\/index.php?rest_route=\/wp\/v2\/posts\/44537\/revisions\/44713"}],"wp:featuredmedia":[{"embeddable":true,"href":"https:\/\/blogdoprosperi.com\/index.php?rest_route=\/wp\/v2\/media\/44698"}],"wp:attachment":[{"href":"https:\/\/blogdoprosperi.com\/index.php?rest_route=%2Fwp%2Fv2%2Fmedia&parent=44537"}],"wp:term":[{"taxonomy":"category","embeddable":true,"href":"https:\/\/blogdoprosperi.com\/index.php?rest_route=%2Fwp%2Fv2%2Fcategories&post=44537"},{"taxonomy":"post_tag","embeddable":true,"href":"https:\/\/blogdoprosperi.com\/index.php?rest_route=%2Fwp%2Fv2%2Ftags&post=44537"}],"curies":[{"name":"wp","href":"https:\/\/api.w.org\/{rel}","templated":true}]}}