{"id":44546,"date":"2024-08-08T16:46:37","date_gmt":"2024-08-08T19:46:37","guid":{"rendered":"https:\/\/blogdoprosperi.com\/?p=44546"},"modified":"2024-08-08T16:47:30","modified_gmt":"2024-08-08T19:47:30","slug":"palmeiras-flamengo-e-botafogo-cobram-cbf-por-arbitro-gordo-arbitragem-na-uti-e-var-assustador","status":"publish","type":"post","link":"https:\/\/blogdoprosperi.com\/?p=44546","title":{"rendered":"Palmeiras, Flamengo e Botafogo cobram CBF por \u00c1rbitro gordo, Arbitragem na UTI e VAR assustador"},"content":{"rendered":"<p><em>Luiz Antonio Pr\u00f3speri \u2013 8 agosto (16h30)<\/em><\/p>\n<p>Palmeiras, Flamengo e Botafogo esquecem futebol e batem pesado na arbitragem da CBF ap\u00f3s rodada da Copa do Brasil. CBF n\u00e3o responde. Aguarda protesto oficial dos clubes. Nada de novo futebol brasileiro. &#8220;Arbitragem na UTI&#8221; (Botafogo). &#8220;Obscena foi a arbitragem&#8221; \u00a0(Palmeiras). &#8220;N\u00e3o sabemos onde vai parar arbitragem do Brasil&#8221; (Flamengo).<\/p>\n<p><em>Acompanhe as queixas dos tr\u00eas clubes no muro das lamenta\u00e7\u00f5es:<\/em><\/p>\n<p>Thairo Arruda, CEO do Botafogo, diz que o clube vai na CBF reclamar da arbitragem comandada por Rafael Rodrigo Klein no jogo contra Bahia. Gregore, volante do time carioca, saiu expulso. Botafogo foi eliminado na Copa do Brasil.<\/p>\n<p>&#8220;Amanh\u00e3 (08\/8) faremos nova representa\u00e7\u00e3o na CBF contra esse absurdo presenciado na Fonte Nova. Mas assim como nas ultimas tr\u00eas vezes, n\u00e3o ir\u00e3o responder e v\u00e3o passar pano para mais uma p\u00e9ssima arbitragem. <strong>As suas competi\u00e7\u00f5es (<em>Copa do Brasil e Brasileir\u00e3o<\/em>) est\u00e3o na UTI, CBF. Parab\u00e9ns&#8221;<\/strong>, ironiza o CEO do clube carioca.<\/p>\n<p><strong>Marcos Braz, diretor de futebol do Flamengo,<\/strong> bate no VAR da CBF, ap\u00f3s derrota do Flamengo (1 a 0) para o Palmeiras e classifica\u00e7\u00e3o \u00e0s oitavas de final da Copa do Brasil.<\/p>\n<p>&#8220;N\u00e3o adianta mais reclamar, mas gra\u00e7as a Deus estamos reclamando em cima de vit\u00f3rias e classifica\u00e7\u00f5es, porque se o Flamengo n\u00e3o estivesse classificado, n\u00e3o iria reclamar em p\u00fablico. Iria fazer o <span style=\"color: #0000ff\"><strong><a style=\"color: #0000ff\" href=\"https:\/\/blogdoprosperi.com\/2024\/07\/26\/paralisar-o-brasileirao-2024-unica-saida-aos-clubes-contra-suspeitas-de-ladroes-do-apito-e-var\/\">processo interno de clube \u00e0 CBF<\/a><\/strong><\/span>, mas como continuamos a ganhar os jogos, ou como hoje que perdemos e classificamos, me deixa tranquilo de reclamar mais uma vez&#8221;.<\/p>\n<p>&#8220;N\u00e3o sei onde vai parar, ali\u00e1s, n\u00e3o sei onde vai parar a arbitragem&#8230;<strong> Mais uma vez, o que me assusta \u00e9 o VAR, n\u00e3o \u00e9 nem o juiz<\/strong>. Porque ele (<em>\u00e1rbitro<\/em>) pode estar com vis\u00e3o coberta, mas nas imagens \u00e9 a coisa mas f\u00e1cil do mundo&#8221;.<\/p>\n<p><strong>Leila Pereira, presidenta do Palmeiras<\/strong>, a respeito da expuls\u00e3o de Abel Ferreira, denunciado no VAR, por gestos obscenos na vit\u00f3ria contra o Flamengo e queda na Copa do Brasil.<\/p>\n<p>&#8220;Eu achei que foi uma atitude muito exagerada, e o que n\u00f3s temos que fazer \u00e9 nos conformar e tocar a bola para frente. <strong>Obsceno foi a paci\u00eancia do \u00e1rbitro nas paralisa\u00e7\u00f5es, nas ceras, isso eu achei obsceno,<\/strong> o pouco acr\u00e9scimo que se deu, mas eu n\u00e3o gosto de reclamar de arbitragem, pois parece que estou me lamentando, bola para frente, respeito as decis\u00f5es, mas no caso do Abel achei muito rigoroso&#8221;.<\/p>\n<p><strong>Jo\u00e3o Martins, auxiliar de Abel Ferreira,<\/strong> na coletiva de imprensa p\u00f3s-jogo contra Flamengo. \u00c1rbitro Anderson Daronco est\u00e1 gordo?<\/p>\n<p class=\"mb-[20px] md:mb-[30px]\">\u201cEst\u00e1vamos preparados. Quando saiu a nomea\u00e7\u00e3o (<em>do \u00e1rbitro<\/em>), virei para o Barros (<em>Anderson, diretor do Palmeiras<\/em>) e perguntei <strong>\u2018mais uma vez esse senhor (<em>Daronco<\/em>)?\u2019 <\/strong>Parece um padr\u00e3o. H\u00e1 dois anos era Wilton Pereira Sampaio. N\u00e3o tem mais \u00e1rbitros no Brasil? \u00c1rbitros jovens, com qualidade?\u201d.<\/p>\n<p class=\"mb-[20px] md:mb-[30px]\">\u201cEle (<em>Daronco<\/em>) tem um comportamento padr\u00e3o e n\u00e3o deixa o futebol evoluir<strong>. Se n\u00e3o consegue e n\u00e3o tem compet\u00eancia, aposenta. N\u00e3o consegue emagrecer? Aposenta!\u201d<\/strong><\/p>\n<p>Assim caminha o futebol brasileiro. E La Na Va.<\/p>\n","protected":false},"excerpt":{"rendered":"<p>Luiz Antonio Pr\u00f3speri \u2013 8 agosto (16h30) Palmeiras, Flamengo e Botafogo esquecem futebol e batem pesado na arbitragem [&hellip;]<\/p>\n","protected":false},"author":102107496,"featured_media":44593,"comment_status":"open","ping_status":"open","sticky":false,"template":"","format":"standard","meta":{"_coblocks_attr":"","_coblocks_dimensions":"","_coblocks_responsive_height":"","_coblocks_accordion_ie_support":"","_jetpack_newsletter_access":"","_jetpack_dont_email_post_to_subs":false,"_jetpack_newsletter_tier_id":0,"_jetpack_memberships_contains_paywalled_content":false,"_wpcom_ai_launchpad_first_post":false,"_jetpack_feature_clip_id":0,"_jetpack_memberships_contains_paid_content":false,"footnotes":"","jetpack_publicize_message":"","jetpack_publicize_feature_enabled":true,"jetpack_social_post_already_shared":false,"jetpack_social_options":{"image_generator_settings":{"template":"highway","default_image_id":0,"font":"","enabled":false},"version":2},"jetpack_post_was_ever_published":false},"categories":[20384],"tags":[10668348,399472898,764558224,789560570,449299,57784134,789560573,3195371,287104],"class_list":["post-44546","post","type-post","status-publish","format-standard","has-post-thumbnail","hentry","category-informacao","tag-0000ff","tag-arbitragem-cbf","tag-bitafogo","tag-copa-do-brasil","tag-flamengo","tag-leila-pereira","tag-luiz-antonio-prosperi","tag-marcos-braz","tag-palmeiras"],"yoast_head":"<!-- This site is optimized with the Yoast SEO plugin v28.4 - https:\/\/yoast.com\/product\/yoast-seo-wordpress\/ -->\n<title>Palmeiras, Flamengo e Botafogo cobram CBF por \u00c1rbitro gordo, Arbitragem na UTI e VAR assustador - PR\u00d3SPERI NEWS<\/title>\n<meta name=\"robots\" content=\"index, follow, max-snippet:-1, max-image-preview:large, max-video-preview:-1\" \/>\n<link rel=\"canonical\" href=\"https:\/\/blogdoprosperi.com\/?p=44546\" \/>\n<meta property=\"og:locale\" content=\"pt_BR\" \/>\n<meta property=\"og:type\" content=\"article\" \/>\n<meta property=\"og:title\" content=\"Palmeiras, Flamengo e Botafogo cobram CBF por \u00c1rbitro gordo, Arbitragem na UTI e VAR assustador - PR\u00d3SPERI NEWS\" \/>\n<meta property=\"og:description\" content=\"Luiz Antonio Pr\u00f3speri \u2013 8 agosto (16h30) Palmeiras, Flamengo e Botafogo esquecem futebol e batem pesado na arbitragem [&hellip;]\" \/>\n<meta property=\"og:url\" content=\"https:\/\/blogdoprosperi.com\/?p=44546\" \/>\n<meta property=\"og:site_name\" content=\"PR\u00d3SPERI NEWS\" \/>\n<meta property=\"article:publisher\" content=\"Luiz Pr\u00f3speri\" \/>\n<meta property=\"article:author\" content=\"Luiz Pr\u00f3speri\" \/>\n<meta property=\"article:published_time\" content=\"2024-08-08T19:46:37+00:00\" \/>\n<meta property=\"article:modified_time\" content=\"2024-08-08T19:47:30+00:00\" \/>\n<meta property=\"og:image\" content=\"https:\/\/i0.wp.com\/blogdoprosperi.com\/wp-content\/uploads\/2024\/08\/53909469583_17d2461935_h.jpg?fit=1500%2C844&ssl=1\" \/>\n\t<meta property=\"og:image:width\" content=\"1500\" \/>\n\t<meta property=\"og:image:height\" content=\"844\" \/>\n\t<meta property=\"og:image:type\" content=\"image\/jpeg\" \/>\n<meta name=\"author\" content=\"Luiz Ant\u00f4nio Pr\u00f3speri\" \/>\n<meta name=\"twitter:card\" content=\"summary_large_image\" \/>\n<meta name=\"twitter:creator\" content=\"@Luizprosperi\" \/>\n<meta name=\"twitter:site\" content=\"@Luizprosperi\" \/>\n<meta name=\"twitter:label1\" content=\"Escrito por\" \/>\n\t<meta name=\"twitter:data1\" content=\"Luiz Ant\u00f4nio Pr\u00f3speri\" \/>\n\t<meta name=\"twitter:label2\" content=\"Est. tempo de leitura\" \/>\n\t<meta name=\"twitter:data2\" content=\"3 minutos\" \/>\n<script type=\"application\/ld+json\" class=\"yoast-schema-graph\">{\"@context\":\"https:\\\/\\\/schema.org\",\"@graph\":[{\"@type\":\"Article\",\"@id\":\"https:\\\/\\\/blogdoprosperi.com\\\/?p=44546#article\",\"isPartOf\":{\"@id\":\"https:\\\/\\\/blogdoprosperi.com\\\/?p=44546\"},\"author\":{\"name\":\"Luiz Ant\u00f4nio Pr\u00f3speri\",\"@id\":\"https:\\\/\\\/blogdoprosperi.com\\\/#\\\/schema\\\/person\\\/38100755ce3601861ee4fab9b5aa78e9\"},\"headline\":\"Palmeiras, Flamengo e Botafogo cobram CBF por \u00c1rbitro gordo, Arbitragem na UTI e VAR assustador\",\"datePublished\":\"2024-08-08T19:46:37+00:00\",\"dateModified\":\"2024-08-08T19:47:30+00:00\",\"mainEntityOfPage\":{\"@id\":\"https:\\\/\\\/blogdoprosperi.com\\\/?p=44546\"},\"wordCount\":546,\"commentCount\":0,\"publisher\":{\"@id\":\"https:\\\/\\\/blogdoprosperi.com\\\/#\\\/schema\\\/person\\\/38100755ce3601861ee4fab9b5aa78e9\"},\"image\":{\"@id\":\"https:\\\/\\\/blogdoprosperi.com\\\/?p=44546#primaryimage\"},\"thumbnailUrl\":\"https:\\\/\\\/i0.wp.com\\\/blogdoprosperi.com\\\/wp-content\\\/uploads\\\/2024\\\/08\\\/53909469583_17d2461935_h.jpg?fit=1500%2C844&ssl=1\",\"keywords\":[\"0000ff\",\"arbitragem CBF\",\"bitafogo\",\"Copa do Brasil\",\"Flamengo\",\"Leila Pereira\",\"Luiz Ant\u00f4nio Pr\u00f3speri\",\"marcos braz\",\"Palmeiras\"],\"articleSection\":[\"informa\u00e7\u00e3o\"],\"inLanguage\":\"pt-BR\",\"potentialAction\":[{\"@type\":\"CommentAction\",\"name\":\"Comment\",\"target\":[\"https:\\\/\\\/blogdoprosperi.com\\\/?p=44546#respond\"]}]},{\"@type\":\"WebPage\",\"@id\":\"https:\\\/\\\/blogdoprosperi.com\\\/?p=44546\",\"url\":\"https:\\\/\\\/blogdoprosperi.com\\\/?p=44546\",\"name\":\"Palmeiras, Flamengo e Botafogo cobram CBF por \u00c1rbitro gordo, Arbitragem na UTI e VAR assustador - PR\u00d3SPERI NEWS\",\"isPartOf\":{\"@id\":\"https:\\\/\\\/blogdoprosperi.com\\\/#website\"},\"primaryImageOfPage\":{\"@id\":\"https:\\\/\\\/blogdoprosperi.com\\\/?p=44546#primaryimage\"},\"image\":{\"@id\":\"https:\\\/\\\/blogdoprosperi.com\\\/?p=44546#primaryimage\"},\"thumbnailUrl\":\"https:\\\/\\\/i0.wp.com\\\/blogdoprosperi.com\\\/wp-content\\\/uploads\\\/2024\\\/08\\\/53909469583_17d2461935_h.jpg?fit=1500%2C844&ssl=1\",\"datePublished\":\"2024-08-08T19:46:37+00:00\",\"dateModified\":\"2024-08-08T19:47:30+00:00\",\"breadcrumb\":{\"@id\":\"https:\\\/\\\/blogdoprosperi.com\\\/?p=44546#breadcrumb\"},\"inLanguage\":\"pt-BR\",\"potentialAction\":[{\"@type\":\"ReadAction\",\"target\":[\"https:\\\/\\\/blogdoprosperi.com\\\/?p=44546\"]}]},{\"@type\":\"ImageObject\",\"inLanguage\":\"pt-BR\",\"@id\":\"https:\\\/\\\/blogdoprosperi.com\\\/?p=44546#primaryimage\",\"url\":\"https:\\\/\\\/i0.wp.com\\\/blogdoprosperi.com\\\/wp-content\\\/uploads\\\/2024\\\/08\\\/53909469583_17d2461935_h.jpg?fit=1500%2C844&ssl=1\",\"contentUrl\":\"https:\\\/\\\/i0.wp.com\\\/blogdoprosperi.com\\\/wp-content\\\/uploads\\\/2024\\\/08\\\/53909469583_17d2461935_h.jpg?fit=1500%2C844&ssl=1\",\"width\":1500,\"height\":844,\"caption\":\"Daronco aposenta, pede auxiliar de Abel \u2013 foto: Palmeiras oficial\"},{\"@type\":\"BreadcrumbList\",\"@id\":\"https:\\\/\\\/blogdoprosperi.com\\\/?p=44546#breadcrumb\",\"itemListElement\":[{\"@type\":\"ListItem\",\"position\":1,\"name\":\"In\u00edcio\",\"item\":\"https:\\\/\\\/blogdoprosperi.com\\\/\"},{\"@type\":\"ListItem\",\"position\":2,\"name\":\"Palmeiras, Flamengo e Botafogo cobram CBF por \u00c1rbitro gordo, Arbitragem na UTI e VAR assustador\"}]},{\"@type\":\"WebSite\",\"@id\":\"https:\\\/\\\/blogdoprosperi.com\\\/#website\",\"url\":\"https:\\\/\\\/blogdoprosperi.com\\\/\",\"name\":\"PR\u00d3SPERI NEWS\",\"description\":\"TUDO \u00c9  FUTEBOL\",\"publisher\":{\"@id\":\"https:\\\/\\\/blogdoprosperi.com\\\/#\\\/schema\\\/person\\\/38100755ce3601861ee4fab9b5aa78e9\"},\"alternateName\":\"blogdoprosperi.com\",\"potentialAction\":[{\"@type\":\"SearchAction\",\"target\":{\"@type\":\"EntryPoint\",\"urlTemplate\":\"https:\\\/\\\/blogdoprosperi.com\\\/?s={search_term_string}\"},\"query-input\":{\"@type\":\"PropertyValueSpecification\",\"valueRequired\":true,\"valueName\":\"search_term_string\"}}],\"inLanguage\":\"pt-BR\"},{\"@type\":[\"Person\",\"Organization\"],\"@id\":\"https:\\\/\\\/blogdoprosperi.com\\\/#\\\/schema\\\/person\\\/38100755ce3601861ee4fab9b5aa78e9\",\"name\":\"Luiz Ant\u00f4nio Pr\u00f3speri\",\"pronouns\":\"ele\",\"image\":{\"@type\":\"ImageObject\",\"inLanguage\":\"pt-BR\",\"@id\":\"https:\\\/\\\/i0.wp.com\\\/blogdoprosperi.com\\\/wp-content\\\/uploads\\\/2026\\\/05\\\/cropped-8059e613-6002-42fa-961e-8e275f575d71-2-5.jpg?fit=1360%2C931&ssl=1\",\"url\":\"https:\\\/\\\/i0.wp.com\\\/blogdoprosperi.com\\\/wp-content\\\/uploads\\\/2026\\\/05\\\/cropped-8059e613-6002-42fa-961e-8e275f575d71-2-5.jpg?fit=1360%2C931&ssl=1\",\"contentUrl\":\"https:\\\/\\\/i0.wp.com\\\/blogdoprosperi.com\\\/wp-content\\\/uploads\\\/2026\\\/05\\\/cropped-8059e613-6002-42fa-961e-8e275f575d71-2-5.jpg?fit=1360%2C931&ssl=1\",\"width\":1360,\"height\":931,\"caption\":\"Luiz Ant\u00f4nio Pr\u00f3speri\"},\"logo\":{\"@id\":\"https:\\\/\\\/i0.wp.com\\\/blogdoprosperi.com\\\/wp-content\\\/uploads\\\/2026\\\/05\\\/cropped-8059e613-6002-42fa-961e-8e275f575d71-2-5.jpg?fit=1360%2C931&ssl=1\"},\"description\":\"Jornalista com carreira dedicada ao esporte. Cobriu 9 Copas do Mundo in loco, 1990 na It\u00e1lia, 1994 nos EUA, 1998 na Fran\u00e7a, 2002 na Coreia do Sul e Jap\u00e3o, 2006 na Alemanha, 2010 na \u00c1frica do Sul, 2014 no Brasil, 2018 na R\u00fassia e 2022 no Qatar. Eurocopas, 1992 na Su\u00e9cia e 1996 na Inglaterra. Copa das Confedera\u00e7\u00f5es de 2005 na Alemanha e 2009 na \u00c1frica do Sul. Rep\u00f3rter e Editor, trabalhou no Jornal da Tarde e Estad\u00e3o, de 1984 a fevereiro de 2016. Colunista, blogueiro. E comentarista de futebol na R\u00e1dio Estad\u00e3o, de 2013 a fevereiro de 2016. Jornalista respons\u00e1vel do \\\"Pr\u00f3speri News\\\" (blogdoprosperi.com).\",\"sameAs\":[\"http:\\\/\\\/blogdoprosperi.com\",\"Luiz Pr\u00f3speri\",\"@luiz_prosperi\",\"https:\\\/\\\/x.com\\\/Luizprosperi\",\"@prosperinacopa\",\"luiz.prosperi@icloud.com\"],\"url\":\"https:\\\/\\\/blogdoprosperi.com\\\/?author=102107496\"}]}<\/script>\n<!-- \/ Yoast SEO plugin. -->","yoast_head_json":{"title":"Palmeiras, Flamengo e Botafogo cobram CBF por \u00c1rbitro gordo, Arbitragem na UTI e VAR assustador - PR\u00d3SPERI NEWS","robots":{"index":"index","follow":"follow","max-snippet":"max-snippet:-1","max-image-preview":"max-image-preview:large","max-video-preview":"max-video-preview:-1"},"canonical":"https:\/\/blogdoprosperi.com\/?p=44546","og_locale":"pt_BR","og_type":"article","og_title":"Palmeiras, Flamengo e Botafogo cobram CBF por \u00c1rbitro gordo, Arbitragem na UTI e VAR assustador - PR\u00d3SPERI NEWS","og_description":"Luiz Antonio Pr\u00f3speri \u2013 8 agosto (16h30) Palmeiras, Flamengo e Botafogo esquecem futebol e batem pesado na arbitragem [&hellip;]","og_url":"https:\/\/blogdoprosperi.com\/?p=44546","og_site_name":"PR\u00d3SPERI NEWS","article_publisher":"Luiz Pr\u00f3speri","article_author":"Luiz Pr\u00f3speri","article_published_time":"2024-08-08T19:46:37+00:00","article_modified_time":"2024-08-08T19:47:30+00:00","og_image":[{"width":1500,"height":844,"url":"https:\/\/i0.wp.com\/blogdoprosperi.com\/wp-content\/uploads\/2024\/08\/53909469583_17d2461935_h.jpg?fit=1500%2C844&ssl=1","type":"image\/jpeg"}],"author":"Luiz Ant\u00f4nio Pr\u00f3speri","twitter_card":"summary_large_image","twitter_creator":"@Luizprosperi","twitter_site":"@Luizprosperi","twitter_misc":{"Escrito por":"Luiz Ant\u00f4nio Pr\u00f3speri","Est. tempo de leitura":"3 minutos"},"schema":{"@context":"https:\/\/schema.org","@graph":[{"@type":"Article","@id":"https:\/\/blogdoprosperi.com\/?p=44546#article","isPartOf":{"@id":"https:\/\/blogdoprosperi.com\/?p=44546"},"author":{"name":"Luiz Ant\u00f4nio Pr\u00f3speri","@id":"https:\/\/blogdoprosperi.com\/#\/schema\/person\/38100755ce3601861ee4fab9b5aa78e9"},"headline":"Palmeiras, Flamengo e Botafogo cobram CBF por \u00c1rbitro gordo, Arbitragem na UTI e VAR assustador","datePublished":"2024-08-08T19:46:37+00:00","dateModified":"2024-08-08T19:47:30+00:00","mainEntityOfPage":{"@id":"https:\/\/blogdoprosperi.com\/?p=44546"},"wordCount":546,"commentCount":0,"publisher":{"@id":"https:\/\/blogdoprosperi.com\/#\/schema\/person\/38100755ce3601861ee4fab9b5aa78e9"},"image":{"@id":"https:\/\/blogdoprosperi.com\/?p=44546#primaryimage"},"thumbnailUrl":"https:\/\/i0.wp.com\/blogdoprosperi.com\/wp-content\/uploads\/2024\/08\/53909469583_17d2461935_h.jpg?fit=1500%2C844&ssl=1","keywords":["0000ff","arbitragem CBF","bitafogo","Copa do Brasil","Flamengo","Leila Pereira","Luiz Ant\u00f4nio Pr\u00f3speri","marcos braz","Palmeiras"],"articleSection":["informa\u00e7\u00e3o"],"inLanguage":"pt-BR","potentialAction":[{"@type":"CommentAction","name":"Comment","target":["https:\/\/blogdoprosperi.com\/?p=44546#respond"]}]},{"@type":"WebPage","@id":"https:\/\/blogdoprosperi.com\/?p=44546","url":"https:\/\/blogdoprosperi.com\/?p=44546","name":"Palmeiras, Flamengo e Botafogo cobram CBF por \u00c1rbitro gordo, Arbitragem na UTI e VAR assustador - PR\u00d3SPERI NEWS","isPartOf":{"@id":"https:\/\/blogdoprosperi.com\/#website"},"primaryImageOfPage":{"@id":"https:\/\/blogdoprosperi.com\/?p=44546#primaryimage"},"image":{"@id":"https:\/\/blogdoprosperi.com\/?p=44546#primaryimage"},"thumbnailUrl":"https:\/\/i0.wp.com\/blogdoprosperi.com\/wp-content\/uploads\/2024\/08\/53909469583_17d2461935_h.jpg?fit=1500%2C844&ssl=1","datePublished":"2024-08-08T19:46:37+00:00","dateModified":"2024-08-08T19:47:30+00:00","breadcrumb":{"@id":"https:\/\/blogdoprosperi.com\/?p=44546#breadcrumb"},"inLanguage":"pt-BR","potentialAction":[{"@type":"ReadAction","target":["https:\/\/blogdoprosperi.com\/?p=44546"]}]},{"@type":"ImageObject","inLanguage":"pt-BR","@id":"https:\/\/blogdoprosperi.com\/?p=44546#primaryimage","url":"https:\/\/i0.wp.com\/blogdoprosperi.com\/wp-content\/uploads\/2024\/08\/53909469583_17d2461935_h.jpg?fit=1500%2C844&ssl=1","contentUrl":"https:\/\/i0.wp.com\/blogdoprosperi.com\/wp-content\/uploads\/2024\/08\/53909469583_17d2461935_h.jpg?fit=1500%2C844&ssl=1","width":1500,"height":844,"caption":"Daronco aposenta, pede auxiliar de Abel \u2013 foto: Palmeiras oficial"},{"@type":"BreadcrumbList","@id":"https:\/\/blogdoprosperi.com\/?p=44546#breadcrumb","itemListElement":[{"@type":"ListItem","position":1,"name":"In\u00edcio","item":"https:\/\/blogdoprosperi.com\/"},{"@type":"ListItem","position":2,"name":"Palmeiras, Flamengo e Botafogo cobram CBF por \u00c1rbitro gordo, Arbitragem na UTI e VAR assustador"}]},{"@type":"WebSite","@id":"https:\/\/blogdoprosperi.com\/#website","url":"https:\/\/blogdoprosperi.com\/","name":"PR\u00d3SPERI NEWS","description":"TUDO \u00c9  FUTEBOL","publisher":{"@id":"https:\/\/blogdoprosperi.com\/#\/schema\/person\/38100755ce3601861ee4fab9b5aa78e9"},"alternateName":"blogdoprosperi.com","potentialAction":[{"@type":"SearchAction","target":{"@type":"EntryPoint","urlTemplate":"https:\/\/blogdoprosperi.com\/?s={search_term_string}"},"query-input":{"@type":"PropertyValueSpecification","valueRequired":true,"valueName":"search_term_string"}}],"inLanguage":"pt-BR"},{"@type":["Person","Organization"],"@id":"https:\/\/blogdoprosperi.com\/#\/schema\/person\/38100755ce3601861ee4fab9b5aa78e9","name":"Luiz Ant\u00f4nio Pr\u00f3speri","pronouns":"ele","image":{"@type":"ImageObject","inLanguage":"pt-BR","@id":"https:\/\/i0.wp.com\/blogdoprosperi.com\/wp-content\/uploads\/2026\/05\/cropped-8059e613-6002-42fa-961e-8e275f575d71-2-5.jpg?fit=1360%2C931&ssl=1","url":"https:\/\/i0.wp.com\/blogdoprosperi.com\/wp-content\/uploads\/2026\/05\/cropped-8059e613-6002-42fa-961e-8e275f575d71-2-5.jpg?fit=1360%2C931&ssl=1","contentUrl":"https:\/\/i0.wp.com\/blogdoprosperi.com\/wp-content\/uploads\/2026\/05\/cropped-8059e613-6002-42fa-961e-8e275f575d71-2-5.jpg?fit=1360%2C931&ssl=1","width":1360,"height":931,"caption":"Luiz Ant\u00f4nio Pr\u00f3speri"},"logo":{"@id":"https:\/\/i0.wp.com\/blogdoprosperi.com\/wp-content\/uploads\/2026\/05\/cropped-8059e613-6002-42fa-961e-8e275f575d71-2-5.jpg?fit=1360%2C931&ssl=1"},"description":"Jornalista com carreira dedicada ao esporte. Cobriu 9 Copas do Mundo in loco, 1990 na It\u00e1lia, 1994 nos EUA, 1998 na Fran\u00e7a, 2002 na Coreia do Sul e Jap\u00e3o, 2006 na Alemanha, 2010 na \u00c1frica do Sul, 2014 no Brasil, 2018 na R\u00fassia e 2022 no Qatar. Eurocopas, 1992 na Su\u00e9cia e 1996 na Inglaterra. Copa das Confedera\u00e7\u00f5es de 2005 na Alemanha e 2009 na \u00c1frica do Sul. Rep\u00f3rter e Editor, trabalhou no Jornal da Tarde e Estad\u00e3o, de 1984 a fevereiro de 2016. Colunista, blogueiro. E comentarista de futebol na R\u00e1dio Estad\u00e3o, de 2013 a fevereiro de 2016. Jornalista respons\u00e1vel do \"Pr\u00f3speri News\" (blogdoprosperi.com).","sameAs":["http:\/\/blogdoprosperi.com","Luiz Pr\u00f3speri","@luiz_prosperi","https:\/\/x.com\/Luizprosperi","@prosperinacopa","luiz.prosperi@icloud.com"],"url":"https:\/\/blogdoprosperi.com\/?author=102107496"}]}},"jetpack_publicize_connections":[],"jetpack_likes_enabled":false,"jetpack_sharing_enabled":true,"jetpack_shortlink":"https:\/\/wp.me\/p7jvdk-bAu","jetpack-related-posts":[{"id":28992,"url":"https:\/\/blogdoprosperi.com\/?p=28992","url_meta":{"origin":44546,"position":0},"title":"Brasileir\u00e3o 2016 da &#8216;m\u00e3o grande&#8217; e vergonha","author":"Luiz Ant\u00f4nio Pr\u00f3speri","date":"17 de outubro de 2016","format":false,"excerpt":"An\u00e1lise da 32.\u00aa rodada em cinco temas n\u00e3o pode fugir da pol\u00eamica da arbitragem. Cr\u00edticas de todos os lados e o que mais se ouviu neste domingo foi \"juiz ladr\u00e3o\" Palmeiras teve a rodada perfeita. Venceu o Figueirense e viu seus concorrentes ca\u00edrem um a um com as derrotas do\u2026","rel":"","context":"Em &quot;Campeonato Brasileiro&quot;","block_context":{"text":"Campeonato Brasileiro","link":"https:\/\/blogdoprosperi.com\/?cat=355071"},"img":{"alt_text":"","src":"https:\/\/i0.wp.com\/blogdoprosperi.com\/wp-content\/uploads\/2016\/10\/g_p17r7het2i100g1iv717mo1o9qnfl4.jpg?resize=350%2C200","width":350,"height":200,"srcset":"https:\/\/i0.wp.com\/blogdoprosperi.com\/wp-content\/uploads\/2016\/10\/g_p17r7het2i100g1iv717mo1o9qnfl4.jpg?resize=350%2C200 1x, https:\/\/i0.wp.com\/blogdoprosperi.com\/wp-content\/uploads\/2016\/10\/g_p17r7het2i100g1iv717mo1o9qnfl4.jpg?resize=525%2C300 1.5x, https:\/\/i0.wp.com\/blogdoprosperi.com\/wp-content\/uploads\/2016\/10\/g_p17r7het2i100g1iv717mo1o9qnfl4.jpg?resize=700%2C400 2x, https:\/\/i0.wp.com\/blogdoprosperi.com\/wp-content\/uploads\/2016\/10\/g_p17r7het2i100g1iv717mo1o9qnfl4.jpg?resize=1050%2C600 3x, https:\/\/i0.wp.com\/blogdoprosperi.com\/wp-content\/uploads\/2016\/10\/g_p17r7het2i100g1iv717mo1o9qnfl4.jpg?resize=1400%2C800 4x"},"classes":[]},{"id":55286,"url":"https:\/\/blogdoprosperi.com\/?p=55286","url_meta":{"origin":44546,"position":1},"title":"ARBITRAGEM SUSPEITA | O RETROCESSO DO RETROCESSO","author":"Luiz Ant\u00f4nio Pr\u00f3speri","date":"6 de outubro de 2025","format":false,"excerpt":"Luiz Ant\u00f4nio Pr\u00f3speri \u2013 6 outubro 2025 (18h05) \u2013 Futebol brasileiro volta ao esgoto depois da rodada do Brasileir\u00e3o nesse fim de semana (04 e 05\/10). Arbitragens ruins, uma patente do campeonato nacional n\u00e3o \u00e9 de hoje, inflamam debates na m\u00eddia esportiva, botecos e at\u00e9 na granfinagem de dirigentes de\u2026","rel":"","context":"Em &quot;brasileir\u00e3o 2025&quot;","block_context":{"text":"brasileir\u00e3o 2025","link":"https:\/\/blogdoprosperi.com\/?cat=775970846"},"img":{"alt_text":"Arbitragem no Brasil, o retrocesso do retrocesso","src":"https:\/\/i0.wp.com\/blogdoprosperi.com\/wp-content\/uploads\/2025\/10\/g2hs3qzwiaa982f.jpeg?fit=438%2C547&ssl=1&resize=350%2C200","width":350,"height":200},"classes":[]},{"id":43889,"url":"https:\/\/blogdoprosperi.com\/?p=43889","url_meta":{"origin":44546,"position":2},"title":"Futebol brasileiro muito al\u00e9m dos &#8220;\u00edndios&#8221; de Abel Ferreira","author":"Luiz Ant\u00f4nio Pr\u00f3speri","date":"12 de julho de 2024","format":false,"excerpt":"Policial armado atira no goleiro Ramon, do Gr\u00eamio An\u00e1polis (GO), quase \u00e0 queima-roupa. A bala de borracha atinge a coxa do jogador e abre um buraco nos m\u00fasculos da perna. Tudo isso dentro de campo, ap\u00f3s confus\u00e3o no jogo Gr\u00eamio An\u00e1polis x Centro Oeste, quarta-feira (10\/7), na 12.a rodada da\u2026","rel":"","context":"Em &quot;Campeonato Brasileiro&quot;","block_context":{"text":"Campeonato Brasileiro","link":"https:\/\/blogdoprosperi.com\/?cat=355071"},"img":{"alt_text":"","src":"https:\/\/i0.wp.com\/blogdoprosperi.com\/wp-content\/uploads\/2024\/07\/zubeldia-sao-paulo-x-talleres-libertadores-scaled-aspect-ratio-512-320.webp?fit=1200%2C750&ssl=1&resize=350%2C200","width":350,"height":200,"srcset":"https:\/\/i0.wp.com\/blogdoprosperi.com\/wp-content\/uploads\/2024\/07\/zubeldia-sao-paulo-x-talleres-libertadores-scaled-aspect-ratio-512-320.webp?fit=1200%2C750&ssl=1&resize=350%2C200 1x, https:\/\/i0.wp.com\/blogdoprosperi.com\/wp-content\/uploads\/2024\/07\/zubeldia-sao-paulo-x-talleres-libertadores-scaled-aspect-ratio-512-320.webp?fit=1200%2C750&ssl=1&resize=525%2C300 1.5x, https:\/\/i0.wp.com\/blogdoprosperi.com\/wp-content\/uploads\/2024\/07\/zubeldia-sao-paulo-x-talleres-libertadores-scaled-aspect-ratio-512-320.webp?fit=1200%2C750&ssl=1&resize=700%2C400 2x, https:\/\/i0.wp.com\/blogdoprosperi.com\/wp-content\/uploads\/2024\/07\/zubeldia-sao-paulo-x-talleres-libertadores-scaled-aspect-ratio-512-320.webp?fit=1200%2C750&ssl=1&resize=1050%2C600 3x"},"classes":[]},{"id":50581,"url":"https:\/\/blogdoprosperi.com\/?p=50581","url_meta":{"origin":44546,"position":3},"title":"Copa do Brasil Sorteio |Palmeiras Decide Vaga Em Casa Contra Corinthians nas Oitavas","author":"Luiz Ant\u00f4nio Pr\u00f3speri","date":"2 de junho de 2025","format":false,"excerpt":"Palmeiras e Corinthians se enfrentam nas oitavas de final da Copa do Brasil. Sorteio da CBF aponta cl\u00e1ssico paulista como o \u00fanico estadual dessa fase. Outros confrontos de S\u00e9rie A: Atl\u00e9tico-MG e Flamengo, Internacional e Fluminense, Botafogo e Red Bull Bragantino. Jogos acontecem apenas em 30 de julho e 6\u2026","rel":"","context":"Em &quot;CBF&quot;","block_context":{"text":"CBF","link":"https:\/\/blogdoprosperi.com\/?cat=570700"},"img":{"alt_text":"CBF aumenta premia\u00e7\u00e3o da Copa do Brasil","src":"https:\/\/i0.wp.com\/blogdoprosperi.com\/wp-content\/uploads\/2024\/09\/captura-de-tela-2024-09-13-as-01.19.22.png?fit=1200%2C778&ssl=1&resize=350%2C200","width":350,"height":200,"srcset":"https:\/\/i0.wp.com\/blogdoprosperi.com\/wp-content\/uploads\/2024\/09\/captura-de-tela-2024-09-13-as-01.19.22.png?fit=1200%2C778&ssl=1&resize=350%2C200 1x, https:\/\/i0.wp.com\/blogdoprosperi.com\/wp-content\/uploads\/2024\/09\/captura-de-tela-2024-09-13-as-01.19.22.png?fit=1200%2C778&ssl=1&resize=525%2C300 1.5x, https:\/\/i0.wp.com\/blogdoprosperi.com\/wp-content\/uploads\/2024\/09\/captura-de-tela-2024-09-13-as-01.19.22.png?fit=1200%2C778&ssl=1&resize=700%2C400 2x, https:\/\/i0.wp.com\/blogdoprosperi.com\/wp-content\/uploads\/2024\/09\/captura-de-tela-2024-09-13-as-01.19.22.png?fit=1200%2C778&ssl=1&resize=1050%2C600 3x"},"classes":[]},{"id":55064,"url":"https:\/\/blogdoprosperi.com\/?p=55064","url_meta":{"origin":44546,"position":4},"title":"Arbitragem na Libertadores | Conmebol Anula Expuls\u00e3o de Plata e Libera Atacante para Jogo da Volta Contra Estudiantes","author":"Luiz Ant\u00f4nio Pr\u00f3speri","date":"19 de setembro de 2025","format":false,"excerpt":"Luiz Ant\u00f4nio Pr\u00f3speri \u2013 19 setembro 2025 (12h45) \u2013 atualizado \u00e0s 15h38 Conmebol reconhece erro da arbitragem e anula expuls\u00e3o do atacante Gonzalo Plata liberando o jogador a atuar pelo Flamengo contra o Estudiantes no jogo de volta das quartas de final da Libertadores, dia 25, em Buenos Aires. \"Por\u2026","rel":"","context":"Em &quot;futebol&quot;","block_context":{"text":"futebol","link":"https:\/\/blogdoprosperi.com\/?cat=53870"},"img":{"alt_text":"Arbitragem na Libertadores | Clubes brasileiros passivos na Conmebol","src":"https:\/\/i0.wp.com\/blogdoprosperi.com\/wp-content\/uploads\/2025\/09\/54797212534_3ae8497e39_c.jpg?fit=799%2C533&ssl=1&resize=350%2C200","width":350,"height":200,"srcset":"https:\/\/i0.wp.com\/blogdoprosperi.com\/wp-content\/uploads\/2025\/09\/54797212534_3ae8497e39_c.jpg?fit=799%2C533&ssl=1&resize=350%2C200 1x, https:\/\/i0.wp.com\/blogdoprosperi.com\/wp-content\/uploads\/2025\/09\/54797212534_3ae8497e39_c.jpg?fit=799%2C533&ssl=1&resize=525%2C300 1.5x, https:\/\/i0.wp.com\/blogdoprosperi.com\/wp-content\/uploads\/2025\/09\/54797212534_3ae8497e39_c.jpg?fit=799%2C533&ssl=1&resize=700%2C400 2x"},"classes":[]},{"id":45813,"url":"https:\/\/blogdoprosperi.com\/?p=45813","url_meta":{"origin":44546,"position":5},"title":"Brasil Precisa de Mais Brasil nas Eliminat\u00f3rias Sul-Americanas da Copa 2026","author":"Luiz Ant\u00f4nio Pr\u00f3speri","date":"11 de outubro de 2024","format":false,"excerpt":"Luiz Ant\u00f4nio Pr\u00f3speri \u2013 11 outubro (12h00) Botafogo empresta tr\u00eas jogadores \u00e0 Sele\u00e7\u00e3o Brasileira de Dorival Junior. Dois deles \u2013 Ygor Jesus e Luiz Henrique \u2013 convertem os gols da vit\u00f3ria (2 a 1) contra o Chile na quinta-feira (10\/10). O gol dos chilenos foi de Vargas, atacante reserva do\u2026","rel":"","context":"Em &quot;futebol&quot;","block_context":{"text":"futebol","link":"https:\/\/blogdoprosperi.com\/?cat=53870"},"img":{"alt_text":"Brasil precisa de mais Brasil nas Eliminat\u00f3rias","src":"https:\/\/i0.wp.com\/blogdoprosperi.com\/wp-content\/uploads\/2024\/10\/54058732893_a40e895ecc_k.jpg?fit=1200%2C819&ssl=1&resize=350%2C200","width":350,"height":200,"srcset":"https:\/\/i0.wp.com\/blogdoprosperi.com\/wp-content\/uploads\/2024\/10\/54058732893_a40e895ecc_k.jpg?fit=1200%2C819&ssl=1&resize=350%2C200 1x, https:\/\/i0.wp.com\/blogdoprosperi.com\/wp-content\/uploads\/2024\/10\/54058732893_a40e895ecc_k.jpg?fit=1200%2C819&ssl=1&resize=525%2C300 1.5x, https:\/\/i0.wp.com\/blogdoprosperi.com\/wp-content\/uploads\/2024\/10\/54058732893_a40e895ecc_k.jpg?fit=1200%2C819&ssl=1&resize=700%2C400 2x, https:\/\/i0.wp.com\/blogdoprosperi.com\/wp-content\/uploads\/2024\/10\/54058732893_a40e895ecc_k.jpg?fit=1200%2C819&ssl=1&resize=1050%2C600 3x"},"classes":[]}],"jetpack_featured_media_url":"https:\/\/i0.wp.com\/blogdoprosperi.com\/wp-content\/uploads\/2024\/08\/53909469583_17d2461935_h.jpg?fit=1500%2C844&ssl=1","_links":{"self":[{"href":"https:\/\/blogdoprosperi.com\/index.php?rest_route=\/wp\/v2\/posts\/44546","targetHints":{"allow":["GET"]}}],"collection":[{"href":"https:\/\/blogdoprosperi.com\/index.php?rest_route=\/wp\/v2\/posts"}],"about":[{"href":"https:\/\/blogdoprosperi.com\/index.php?rest_route=\/wp\/v2\/types\/post"}],"author":[{"embeddable":true,"href":"https:\/\/blogdoprosperi.com\/index.php?rest_route=\/wp\/v2\/users\/102107496"}],"replies":[{"embeddable":true,"href":"https:\/\/blogdoprosperi.com\/index.php?rest_route=%2Fwp%2Fv2%2Fcomments&post=44546"}],"version-history":[{"count":12,"href":"https:\/\/blogdoprosperi.com\/index.php?rest_route=\/wp\/v2\/posts\/44546\/revisions"}],"predecessor-version":[{"id":44595,"href":"https:\/\/blogdoprosperi.com\/index.php?rest_route=\/wp\/v2\/posts\/44546\/revisions\/44595"}],"wp:featuredmedia":[{"embeddable":true,"href":"https:\/\/blogdoprosperi.com\/index.php?rest_route=\/wp\/v2\/media\/44593"}],"wp:attachment":[{"href":"https:\/\/blogdoprosperi.com\/index.php?rest_route=%2Fwp%2Fv2%2Fmedia&parent=44546"}],"wp:term":[{"taxonomy":"category","embeddable":true,"href":"https:\/\/blogdoprosperi.com\/index.php?rest_route=%2Fwp%2Fv2%2Fcategories&post=44546"},{"taxonomy":"post_tag","embeddable":true,"href":"https:\/\/blogdoprosperi.com\/index.php?rest_route=%2Fwp%2Fv2%2Ftags&post=44546"}],"curies":[{"name":"wp","href":"https:\/\/api.w.org\/{rel}","templated":true}]}}