{"id":44714,"date":"2024-08-20T18:06:41","date_gmt":"2024-08-20T21:06:41","guid":{"rendered":"https:\/\/blogdoprosperi.com\/?p=44714"},"modified":"2024-08-21T11:56:11","modified_gmt":"2024-08-21T14:56:11","slug":"flamengo-entra-no-labirinto-sem-dia-para-sair","status":"publish","type":"post","link":"https:\/\/blogdoprosperi.com\/?p=44714","title":{"rendered":"Flamengo Entra no Labirinto e Sa\u00edda Passa por La Paz"},"content":{"rendered":"<p><em>Luiz Antonio Pr\u00f3speri \u2013 20 agosto (18h06)<\/em><\/p>\n<p>Flamengo chega na encruzilhada da temporada com uma penca de not\u00edcias ruins. Nem \u00e9 uma op\u00e7\u00e3o a que caminho seguir. Trata-se de um labirinto onde a sa\u00edda passa por um t\u00fanel escuro.<\/p>\n<p>Acompanhe como a situa\u00e7\u00e3o est\u00e1 cr\u00edtica a dois dias de decidir em La Paz, Bol\u00edvia, a vaga nas quartas de final da Libertadores.<\/p>\n<p>Estamos ainda na ter\u00e7a-feira (20\/8) e o <strong>Flamengo acaba de perder 20 milh\u00f5es de euros (cerca de R$ 120 milh\u00f5es) <\/strong>com a desist\u00eancia de o Atalanta, da It\u00e1lia, contratar o lateral Wesley. Clube, informa imprensa italiana, queria o jogador j\u00e1 e n\u00e3o apenas depois do dia 26, prazo estipulado pelo Fla para liberar o atleta.<\/p>\n<p>&#8220;Flamengo n\u00e3o \u00e9 v\u00e1rzea. N\u00e3o libera jogador a outro clube sem contrato assinado&#8221;, diz Bruno Spindel, diretor do Rubro-Negro.<\/p>\n<p>V\u00e1rzea ou n\u00e3o,<strong> Fla deixa de faturar perto de R$ 120 milh\u00f5es na venda de um jogador pouco cobi\u00e7ado no mercado europeu.<\/strong><\/p>\n<p>Ainda nessa ter\u00e7a-feira, m\u00e9dicos confirmam que <strong>Arrascaeta sofreu uma les\u00e3o no m\u00fasculo da coxa esquerda<\/strong>, mesmo problema enfrentado por Pedro e Gabigol. E quarta-feira (21\/8) perde Wesley, tamb\u00e9m com les\u00e3o muscular<\/p>\n<p>Arrascaeta, Pedro e Gabigol n\u00e3o t\u00eam prazo estipulado para voltarem a jogar. Cebolinha e Matias Vi\u00f1a passaram por cirurgia e est\u00e3o fora da atual temporada.<\/p>\n<p>Nos bastidores do clube, campanha eleitoral esquenta a cada dia. Troca de acusa\u00e7\u00f5es entre candidatos se acirra. Elei\u00e7\u00f5es acontecem dia 9 de dezembro. Quatro pr\u00e9-candidatos \u00e0 presid\u00eancia disputam o pleito.<\/p>\n<p><strong>Terreno comprado por R186 milh\u00f5es na regi\u00e3o central do Rio, onde se pretende construir o est\u00e1dio do clube,<\/strong> est\u00e1 no centro do debate eleitoral<strong>.<\/strong> E pode definir o rumo das elei\u00e7\u00f5es.<\/p>\n<p>Por falar em disputa de votos, Marcos Braz, principal dirigente de futebol do Fla, se dedica \u00e0 campanha de reelei\u00e7\u00e3o na C\u00e2mara de Vereadores do Rio. <strong>Opositores acusam Braz de usar o Flamengo na sua campanha pol\u00edtica.<\/strong><\/p>\n<p>Braz nega. E corre para anunciar refor\u00e7os. <strong>Atacante Michael est\u00e1 contratado<\/strong>. Troca o bilion\u00e1rio futebol da Ar\u00e1bia Saudita para retornar ao Flamengo.<\/p>\n<p>Enquanto isso, <strong>aumenta a ala dos descontentes com Tite.<\/strong> Depois de levar uma esfrega (4 a 1) do Botafogo e dar uma entrevista falando em <strong><a style=\"color: #0000ff\" href=\"https:\/\/blogdoprosperi.com\/2024\/06\/21\/tite-e-abel-cobram-cbf-por-calendario-mais-justo-no-brasileirao-2024\/\">cansa\u00e7o de seu time,<\/a><\/strong> torcedores bateram pesado nas redes sociais contra o treinador.<\/p>\n<p><strong>Tite est\u00e1 no labirinto, assim como o clube, e pode subir no telhado se o Flamengo n\u00e3o passar pelo Bolivar, <\/strong>quinta-feira (24\/8), na altitude de 3.400 metros em La Paz valendo vaga \u00e0s quartas de final da Libertadores. Arrascaeta, Pedro, Gabigol e Wesley est\u00e3o fora do jogo.<\/p>\n<p>H\u00e1 quem diga no Flamengo que Fernando Diniz est\u00e1 de sobreaviso em caso de Tite cair. A conferir.<\/p>\n","protected":false},"excerpt":{"rendered":"<p>Luiz Antonio Pr\u00f3speri \u2013 20 agosto (18h06) Flamengo chega na encruzilhada da temporada com uma penca de not\u00edcias [&hellip;]<\/p>\n","protected":false},"author":102107496,"featured_media":44725,"comment_status":"open","ping_status":"open","sticky":false,"template":"","format":"standard","meta":{"_coblocks_attr":"","_coblocks_dimensions":"","_coblocks_responsive_height":"","_coblocks_accordion_ie_support":"","_jetpack_newsletter_access":"","_jetpack_dont_email_post_to_subs":false,"_jetpack_newsletter_tier_id":0,"_jetpack_memberships_contains_paywalled_content":false,"_wpcom_ai_launchpad_first_post":false,"_jetpack_feature_clip_id":0,"_jetpack_memberships_contains_paid_content":false,"footnotes":"","jetpack_publicize_message":"","jetpack_publicize_feature_enabled":true,"jetpack_social_post_already_shared":false,"jetpack_social_options":{"image_generator_settings":{"template":"highway","default_image_id":0,"font":"","enabled":false},"version":2},"jetpack_post_was_ever_published":false},"categories":[53870,20384],"tags":[10668348,721481,449299,789560560,117496,789560573,3195371,35228,1814220,299929],"class_list":["post-44714","post","type-post","status-publish","format-standard","has-post-thumbnail","hentry","category-futebol","category-informacao","tag-0000ff","tag-atalanta","tag-flamengo","tag-futebol","tag-libertadores","tag-luiz-antonio-prosperi","tag-marcos-braz","tag-michael","tag-tite","tag-wesley"],"yoast_head":"<!-- This site is optimized with the Yoast SEO plugin v28.4 - https:\/\/yoast.com\/product\/yoast-seo-wordpress\/ -->\n<title>Flamengo Entra no Labirinto e Sa\u00edda Passa por La Paz - PR\u00d3SPERI NEWS<\/title>\n<meta name=\"robots\" content=\"index, follow, max-snippet:-1, max-image-preview:large, max-video-preview:-1\" \/>\n<link rel=\"canonical\" href=\"https:\/\/blogdoprosperi.com\/?p=44714\" \/>\n<meta property=\"og:locale\" content=\"pt_BR\" \/>\n<meta property=\"og:type\" content=\"article\" \/>\n<meta property=\"og:title\" content=\"Flamengo Entra no Labirinto e Sa\u00edda Passa por La Paz - PR\u00d3SPERI NEWS\" \/>\n<meta property=\"og:description\" content=\"Luiz Antonio Pr\u00f3speri \u2013 20 agosto (18h06) Flamengo chega na encruzilhada da temporada com uma penca de not\u00edcias [&hellip;]\" \/>\n<meta property=\"og:url\" content=\"https:\/\/blogdoprosperi.com\/?p=44714\" \/>\n<meta property=\"og:site_name\" content=\"PR\u00d3SPERI NEWS\" \/>\n<meta property=\"article:publisher\" content=\"Luiz Pr\u00f3speri\" \/>\n<meta property=\"article:author\" content=\"Luiz Pr\u00f3speri\" \/>\n<meta property=\"article:published_time\" content=\"2024-08-20T21:06:41+00:00\" \/>\n<meta property=\"article:modified_time\" content=\"2024-08-21T14:56:11+00:00\" \/>\n<meta property=\"og:image\" content=\"https:\/\/i0.wp.com\/blogdoprosperi.com\/wp-content\/uploads\/2024\/08\/1724024101094.jpg?fit=940%2C627&ssl=1\" \/>\n\t<meta property=\"og:image:width\" content=\"940\" \/>\n\t<meta property=\"og:image:height\" content=\"627\" \/>\n\t<meta property=\"og:image:type\" content=\"image\/jpeg\" \/>\n<meta name=\"author\" content=\"Luiz Ant\u00f4nio Pr\u00f3speri\" \/>\n<meta name=\"twitter:card\" content=\"summary_large_image\" \/>\n<meta name=\"twitter:creator\" content=\"@Luizprosperi\" \/>\n<meta name=\"twitter:site\" content=\"@Luizprosperi\" \/>\n<meta name=\"twitter:label1\" content=\"Escrito por\" \/>\n\t<meta name=\"twitter:data1\" content=\"Luiz Ant\u00f4nio Pr\u00f3speri\" \/>\n\t<meta name=\"twitter:label2\" content=\"Est. tempo de leitura\" \/>\n\t<meta name=\"twitter:data2\" content=\"2 minutos\" \/>\n<script type=\"application\/ld+json\" class=\"yoast-schema-graph\">{\"@context\":\"https:\\\/\\\/schema.org\",\"@graph\":[{\"@type\":\"Article\",\"@id\":\"https:\\\/\\\/blogdoprosperi.com\\\/?p=44714#article\",\"isPartOf\":{\"@id\":\"https:\\\/\\\/blogdoprosperi.com\\\/?p=44714\"},\"author\":{\"name\":\"Luiz Ant\u00f4nio Pr\u00f3speri\",\"@id\":\"https:\\\/\\\/blogdoprosperi.com\\\/#\\\/schema\\\/person\\\/38100755ce3601861ee4fab9b5aa78e9\"},\"headline\":\"Flamengo Entra no Labirinto e Sa\u00edda Passa por La Paz\",\"datePublished\":\"2024-08-20T21:06:41+00:00\",\"dateModified\":\"2024-08-21T14:56:11+00:00\",\"mainEntityOfPage\":{\"@id\":\"https:\\\/\\\/blogdoprosperi.com\\\/?p=44714\"},\"wordCount\":479,\"commentCount\":0,\"publisher\":{\"@id\":\"https:\\\/\\\/blogdoprosperi.com\\\/#\\\/schema\\\/person\\\/38100755ce3601861ee4fab9b5aa78e9\"},\"image\":{\"@id\":\"https:\\\/\\\/blogdoprosperi.com\\\/?p=44714#primaryimage\"},\"thumbnailUrl\":\"https:\\\/\\\/i0.wp.com\\\/blogdoprosperi.com\\\/wp-content\\\/uploads\\\/2024\\\/08\\\/1724024101094.jpg?fit=5068%2C3383&ssl=1\",\"keywords\":[\"0000ff\",\"Atalanta\",\"Flamengo\",\"futebol\",\"Libertadores\",\"Luiz Ant\u00f4nio Pr\u00f3speri\",\"marcos braz\",\"Michael\",\"Tite\",\"Wesley\"],\"articleSection\":[\"futebol\",\"informa\u00e7\u00e3o\"],\"inLanguage\":\"pt-BR\",\"potentialAction\":[{\"@type\":\"CommentAction\",\"name\":\"Comment\",\"target\":[\"https:\\\/\\\/blogdoprosperi.com\\\/?p=44714#respond\"]}]},{\"@type\":\"WebPage\",\"@id\":\"https:\\\/\\\/blogdoprosperi.com\\\/?p=44714\",\"url\":\"https:\\\/\\\/blogdoprosperi.com\\\/?p=44714\",\"name\":\"Flamengo Entra no Labirinto e Sa\u00edda Passa por La Paz - PR\u00d3SPERI NEWS\",\"isPartOf\":{\"@id\":\"https:\\\/\\\/blogdoprosperi.com\\\/#website\"},\"primaryImageOfPage\":{\"@id\":\"https:\\\/\\\/blogdoprosperi.com\\\/?p=44714#primaryimage\"},\"image\":{\"@id\":\"https:\\\/\\\/blogdoprosperi.com\\\/?p=44714#primaryimage\"},\"thumbnailUrl\":\"https:\\\/\\\/i0.wp.com\\\/blogdoprosperi.com\\\/wp-content\\\/uploads\\\/2024\\\/08\\\/1724024101094.jpg?fit=5068%2C3383&ssl=1\",\"datePublished\":\"2024-08-20T21:06:41+00:00\",\"dateModified\":\"2024-08-21T14:56:11+00:00\",\"breadcrumb\":{\"@id\":\"https:\\\/\\\/blogdoprosperi.com\\\/?p=44714#breadcrumb\"},\"inLanguage\":\"pt-BR\",\"potentialAction\":[{\"@type\":\"ReadAction\",\"target\":[\"https:\\\/\\\/blogdoprosperi.com\\\/?p=44714\"]}]},{\"@type\":\"ImageObject\",\"inLanguage\":\"pt-BR\",\"@id\":\"https:\\\/\\\/blogdoprosperi.com\\\/?p=44714#primaryimage\",\"url\":\"https:\\\/\\\/i0.wp.com\\\/blogdoprosperi.com\\\/wp-content\\\/uploads\\\/2024\\\/08\\\/1724024101094.jpg?fit=5068%2C3383&ssl=1\",\"contentUrl\":\"https:\\\/\\\/i0.wp.com\\\/blogdoprosperi.com\\\/wp-content\\\/uploads\\\/2024\\\/08\\\/1724024101094.jpg?fit=5068%2C3383&ssl=1\",\"width\":5068,\"height\":3383,\"caption\":\"Flamengo tem semana dif\u00edcil e decis\u00e3o do futuro na Libertadores \u2013 foto: Flamengo oficial\"},{\"@type\":\"BreadcrumbList\",\"@id\":\"https:\\\/\\\/blogdoprosperi.com\\\/?p=44714#breadcrumb\",\"itemListElement\":[{\"@type\":\"ListItem\",\"position\":1,\"name\":\"In\u00edcio\",\"item\":\"https:\\\/\\\/blogdoprosperi.com\\\/\"},{\"@type\":\"ListItem\",\"position\":2,\"name\":\"Flamengo Entra no Labirinto e Sa\u00edda Passa por La Paz\"}]},{\"@type\":\"WebSite\",\"@id\":\"https:\\\/\\\/blogdoprosperi.com\\\/#website\",\"url\":\"https:\\\/\\\/blogdoprosperi.com\\\/\",\"name\":\"PR\u00d3SPERI NEWS\",\"description\":\"TUDO \u00c9  FUTEBOL\",\"publisher\":{\"@id\":\"https:\\\/\\\/blogdoprosperi.com\\\/#\\\/schema\\\/person\\\/38100755ce3601861ee4fab9b5aa78e9\"},\"alternateName\":\"blogdoprosperi.com\",\"potentialAction\":[{\"@type\":\"SearchAction\",\"target\":{\"@type\":\"EntryPoint\",\"urlTemplate\":\"https:\\\/\\\/blogdoprosperi.com\\\/?s={search_term_string}\"},\"query-input\":{\"@type\":\"PropertyValueSpecification\",\"valueRequired\":true,\"valueName\":\"search_term_string\"}}],\"inLanguage\":\"pt-BR\"},{\"@type\":[\"Person\",\"Organization\"],\"@id\":\"https:\\\/\\\/blogdoprosperi.com\\\/#\\\/schema\\\/person\\\/38100755ce3601861ee4fab9b5aa78e9\",\"name\":\"Luiz Ant\u00f4nio Pr\u00f3speri\",\"pronouns\":\"ele\",\"image\":{\"@type\":\"ImageObject\",\"inLanguage\":\"pt-BR\",\"@id\":\"https:\\\/\\\/i0.wp.com\\\/blogdoprosperi.com\\\/wp-content\\\/uploads\\\/2026\\\/05\\\/cropped-8059e613-6002-42fa-961e-8e275f575d71-2-5.jpg?fit=1360%2C931&ssl=1\",\"url\":\"https:\\\/\\\/i0.wp.com\\\/blogdoprosperi.com\\\/wp-content\\\/uploads\\\/2026\\\/05\\\/cropped-8059e613-6002-42fa-961e-8e275f575d71-2-5.jpg?fit=1360%2C931&ssl=1\",\"contentUrl\":\"https:\\\/\\\/i0.wp.com\\\/blogdoprosperi.com\\\/wp-content\\\/uploads\\\/2026\\\/05\\\/cropped-8059e613-6002-42fa-961e-8e275f575d71-2-5.jpg?fit=1360%2C931&ssl=1\",\"width\":1360,\"height\":931,\"caption\":\"Luiz Ant\u00f4nio Pr\u00f3speri\"},\"logo\":{\"@id\":\"https:\\\/\\\/i0.wp.com\\\/blogdoprosperi.com\\\/wp-content\\\/uploads\\\/2026\\\/05\\\/cropped-8059e613-6002-42fa-961e-8e275f575d71-2-5.jpg?fit=1360%2C931&ssl=1\"},\"description\":\"Jornalista com carreira dedicada ao esporte. Cobriu 9 Copas do Mundo in loco, 1990 na It\u00e1lia, 1994 nos EUA, 1998 na Fran\u00e7a, 2002 na Coreia do Sul e Jap\u00e3o, 2006 na Alemanha, 2010 na \u00c1frica do Sul, 2014 no Brasil, 2018 na R\u00fassia e 2022 no Qatar. Eurocopas, 1992 na Su\u00e9cia e 1996 na Inglaterra. Copa das Confedera\u00e7\u00f5es de 2005 na Alemanha e 2009 na \u00c1frica do Sul. Rep\u00f3rter e Editor, trabalhou no Jornal da Tarde e Estad\u00e3o, de 1984 a fevereiro de 2016. Colunista, blogueiro. E comentarista de futebol na R\u00e1dio Estad\u00e3o, de 2013 a fevereiro de 2016. Jornalista respons\u00e1vel do \\\"Pr\u00f3speri News\\\" (blogdoprosperi.com).\",\"sameAs\":[\"http:\\\/\\\/blogdoprosperi.com\",\"Luiz Pr\u00f3speri\",\"@luiz_prosperi\",\"https:\\\/\\\/x.com\\\/Luizprosperi\",\"@prosperinacopa\",\"luiz.prosperi@icloud.com\"],\"url\":\"https:\\\/\\\/blogdoprosperi.com\\\/?author=102107496\"}]}<\/script>\n<!-- \/ Yoast SEO plugin. -->","yoast_head_json":{"title":"Flamengo Entra no Labirinto e Sa\u00edda Passa por La Paz - PR\u00d3SPERI NEWS","robots":{"index":"index","follow":"follow","max-snippet":"max-snippet:-1","max-image-preview":"max-image-preview:large","max-video-preview":"max-video-preview:-1"},"canonical":"https:\/\/blogdoprosperi.com\/?p=44714","og_locale":"pt_BR","og_type":"article","og_title":"Flamengo Entra no Labirinto e Sa\u00edda Passa por La Paz - PR\u00d3SPERI NEWS","og_description":"Luiz Antonio Pr\u00f3speri \u2013 20 agosto (18h06) Flamengo chega na encruzilhada da temporada com uma penca de not\u00edcias [&hellip;]","og_url":"https:\/\/blogdoprosperi.com\/?p=44714","og_site_name":"PR\u00d3SPERI NEWS","article_publisher":"Luiz Pr\u00f3speri","article_author":"Luiz Pr\u00f3speri","article_published_time":"2024-08-20T21:06:41+00:00","article_modified_time":"2024-08-21T14:56:11+00:00","og_image":[{"url":"https:\/\/i0.wp.com\/blogdoprosperi.com\/wp-content\/uploads\/2024\/08\/1724024101094.jpg?fit=940%2C627&ssl=1","width":940,"height":627,"type":"image\/jpeg"}],"author":"Luiz Ant\u00f4nio Pr\u00f3speri","twitter_card":"summary_large_image","twitter_creator":"@Luizprosperi","twitter_site":"@Luizprosperi","twitter_misc":{"Escrito por":"Luiz Ant\u00f4nio Pr\u00f3speri","Est. tempo de leitura":"2 minutos"},"schema":{"@context":"https:\/\/schema.org","@graph":[{"@type":"Article","@id":"https:\/\/blogdoprosperi.com\/?p=44714#article","isPartOf":{"@id":"https:\/\/blogdoprosperi.com\/?p=44714"},"author":{"name":"Luiz Ant\u00f4nio Pr\u00f3speri","@id":"https:\/\/blogdoprosperi.com\/#\/schema\/person\/38100755ce3601861ee4fab9b5aa78e9"},"headline":"Flamengo Entra no Labirinto e Sa\u00edda Passa por La Paz","datePublished":"2024-08-20T21:06:41+00:00","dateModified":"2024-08-21T14:56:11+00:00","mainEntityOfPage":{"@id":"https:\/\/blogdoprosperi.com\/?p=44714"},"wordCount":479,"commentCount":0,"publisher":{"@id":"https:\/\/blogdoprosperi.com\/#\/schema\/person\/38100755ce3601861ee4fab9b5aa78e9"},"image":{"@id":"https:\/\/blogdoprosperi.com\/?p=44714#primaryimage"},"thumbnailUrl":"https:\/\/i0.wp.com\/blogdoprosperi.com\/wp-content\/uploads\/2024\/08\/1724024101094.jpg?fit=5068%2C3383&ssl=1","keywords":["0000ff","Atalanta","Flamengo","futebol","Libertadores","Luiz Ant\u00f4nio Pr\u00f3speri","marcos braz","Michael","Tite","Wesley"],"articleSection":["futebol","informa\u00e7\u00e3o"],"inLanguage":"pt-BR","potentialAction":[{"@type":"CommentAction","name":"Comment","target":["https:\/\/blogdoprosperi.com\/?p=44714#respond"]}]},{"@type":"WebPage","@id":"https:\/\/blogdoprosperi.com\/?p=44714","url":"https:\/\/blogdoprosperi.com\/?p=44714","name":"Flamengo Entra no Labirinto e Sa\u00edda Passa por La Paz - PR\u00d3SPERI NEWS","isPartOf":{"@id":"https:\/\/blogdoprosperi.com\/#website"},"primaryImageOfPage":{"@id":"https:\/\/blogdoprosperi.com\/?p=44714#primaryimage"},"image":{"@id":"https:\/\/blogdoprosperi.com\/?p=44714#primaryimage"},"thumbnailUrl":"https:\/\/i0.wp.com\/blogdoprosperi.com\/wp-content\/uploads\/2024\/08\/1724024101094.jpg?fit=5068%2C3383&ssl=1","datePublished":"2024-08-20T21:06:41+00:00","dateModified":"2024-08-21T14:56:11+00:00","breadcrumb":{"@id":"https:\/\/blogdoprosperi.com\/?p=44714#breadcrumb"},"inLanguage":"pt-BR","potentialAction":[{"@type":"ReadAction","target":["https:\/\/blogdoprosperi.com\/?p=44714"]}]},{"@type":"ImageObject","inLanguage":"pt-BR","@id":"https:\/\/blogdoprosperi.com\/?p=44714#primaryimage","url":"https:\/\/i0.wp.com\/blogdoprosperi.com\/wp-content\/uploads\/2024\/08\/1724024101094.jpg?fit=5068%2C3383&ssl=1","contentUrl":"https:\/\/i0.wp.com\/blogdoprosperi.com\/wp-content\/uploads\/2024\/08\/1724024101094.jpg?fit=5068%2C3383&ssl=1","width":5068,"height":3383,"caption":"Flamengo tem semana dif\u00edcil e decis\u00e3o do futuro na Libertadores \u2013 foto: Flamengo oficial"},{"@type":"BreadcrumbList","@id":"https:\/\/blogdoprosperi.com\/?p=44714#breadcrumb","itemListElement":[{"@type":"ListItem","position":1,"name":"In\u00edcio","item":"https:\/\/blogdoprosperi.com\/"},{"@type":"ListItem","position":2,"name":"Flamengo Entra no Labirinto e Sa\u00edda Passa por La Paz"}]},{"@type":"WebSite","@id":"https:\/\/blogdoprosperi.com\/#website","url":"https:\/\/blogdoprosperi.com\/","name":"PR\u00d3SPERI NEWS","description":"TUDO \u00c9  FUTEBOL","publisher":{"@id":"https:\/\/blogdoprosperi.com\/#\/schema\/person\/38100755ce3601861ee4fab9b5aa78e9"},"alternateName":"blogdoprosperi.com","potentialAction":[{"@type":"SearchAction","target":{"@type":"EntryPoint","urlTemplate":"https:\/\/blogdoprosperi.com\/?s={search_term_string}"},"query-input":{"@type":"PropertyValueSpecification","valueRequired":true,"valueName":"search_term_string"}}],"inLanguage":"pt-BR"},{"@type":["Person","Organization"],"@id":"https:\/\/blogdoprosperi.com\/#\/schema\/person\/38100755ce3601861ee4fab9b5aa78e9","name":"Luiz Ant\u00f4nio Pr\u00f3speri","pronouns":"ele","image":{"@type":"ImageObject","inLanguage":"pt-BR","@id":"https:\/\/i0.wp.com\/blogdoprosperi.com\/wp-content\/uploads\/2026\/05\/cropped-8059e613-6002-42fa-961e-8e275f575d71-2-5.jpg?fit=1360%2C931&ssl=1","url":"https:\/\/i0.wp.com\/blogdoprosperi.com\/wp-content\/uploads\/2026\/05\/cropped-8059e613-6002-42fa-961e-8e275f575d71-2-5.jpg?fit=1360%2C931&ssl=1","contentUrl":"https:\/\/i0.wp.com\/blogdoprosperi.com\/wp-content\/uploads\/2026\/05\/cropped-8059e613-6002-42fa-961e-8e275f575d71-2-5.jpg?fit=1360%2C931&ssl=1","width":1360,"height":931,"caption":"Luiz Ant\u00f4nio Pr\u00f3speri"},"logo":{"@id":"https:\/\/i0.wp.com\/blogdoprosperi.com\/wp-content\/uploads\/2026\/05\/cropped-8059e613-6002-42fa-961e-8e275f575d71-2-5.jpg?fit=1360%2C931&ssl=1"},"description":"Jornalista com carreira dedicada ao esporte. Cobriu 9 Copas do Mundo in loco, 1990 na It\u00e1lia, 1994 nos EUA, 1998 na Fran\u00e7a, 2002 na Coreia do Sul e Jap\u00e3o, 2006 na Alemanha, 2010 na \u00c1frica do Sul, 2014 no Brasil, 2018 na R\u00fassia e 2022 no Qatar. Eurocopas, 1992 na Su\u00e9cia e 1996 na Inglaterra. Copa das Confedera\u00e7\u00f5es de 2005 na Alemanha e 2009 na \u00c1frica do Sul. Rep\u00f3rter e Editor, trabalhou no Jornal da Tarde e Estad\u00e3o, de 1984 a fevereiro de 2016. Colunista, blogueiro. E comentarista de futebol na R\u00e1dio Estad\u00e3o, de 2013 a fevereiro de 2016. Jornalista respons\u00e1vel do \"Pr\u00f3speri News\" (blogdoprosperi.com).","sameAs":["http:\/\/blogdoprosperi.com","Luiz Pr\u00f3speri","@luiz_prosperi","https:\/\/x.com\/Luizprosperi","@prosperinacopa","luiz.prosperi@icloud.com"],"url":"https:\/\/blogdoprosperi.com\/?author=102107496"}]}},"jetpack_publicize_connections":[],"jetpack_likes_enabled":false,"jetpack_sharing_enabled":true,"jetpack_shortlink":"https:\/\/wp.me\/p7jvdk-bDc","jetpack-related-posts":[{"id":37736,"url":"https:\/\/blogdoprosperi.com\/?p=37736","url_meta":{"origin":44714,"position":0},"title":"Flamengo entra no labirinto e s\u00f3 Mickey pode salvar","author":"Luiz Ant\u00f4nio Pr\u00f3speri","date":"23 de maio de 2019","format":false,"excerpt":"Flamengo desbrava janeiro de 2019 com novas ideias. Or\u00e7amento a perder de vista com cacife a formar um esquadr\u00e3o. De cara, torra pouco mais de R$ 100 milh\u00f5es em refor\u00e7os, pregando um susto na concorr\u00eancia. Era preciso ganhar campeonatos importantes a patentear a reestrutura\u00e7\u00e3o do clube iniciada h\u00e1 mais de\u2026","rel":"","context":"Em &quot;futebol&quot;","block_context":{"text":"futebol","link":"https:\/\/blogdoprosperi.com\/?cat=53870"},"img":{"alt_text":"","src":"https:\/\/i0.wp.com\/blogdoprosperi.com\/wp-content\/uploads\/2019\/05\/download.jpg?fit=239%2C211&ssl=1&resize=350%2C200","width":350,"height":200},"classes":[]},{"id":6350,"url":"https:\/\/blogdoprosperi.com\/?p=6350","url_meta":{"origin":44714,"position":1},"title":"Flamengo e Atl\u00e9tico-MG, dois gigantes nas cordas","author":"Luiz Ant\u00f4nio Pr\u00f3speri","date":"19 de maio de 2016","format":false,"excerpt":"\u00a0 Flamengo e Atl\u00e9tico-MG t\u00eam pouco tempo para se reinventar, sob pena de jogar fora a temporada de 2016 antes mesmo de encerrar o primeiro semestre. A queda do time mineiro na Copa Libertadores custou a sa\u00edda do t\u00e9cnico Diego Aguirre e a elimina\u00e7\u00e3o do Flamengo na Copa do Brasil,\u2026","rel":"","context":"Em &quot;Campeonato Brasileiro&quot;","block_context":{"text":"Campeonato Brasileiro","link":"https:\/\/blogdoprosperi.com\/?cat=355071"},"img":{"alt_text":"","src":"https:\/\/i0.wp.com\/blogdoprosperi.com\/wp-content\/uploads\/2016\/05\/27114817065_0657eff2bf_o-600x400.jpg?resize=350%2C200&ssl=1","width":350,"height":200,"srcset":"https:\/\/i0.wp.com\/blogdoprosperi.com\/wp-content\/uploads\/2016\/05\/27114817065_0657eff2bf_o-600x400.jpg?resize=350%2C200&ssl=1 1x, https:\/\/i0.wp.com\/blogdoprosperi.com\/wp-content\/uploads\/2016\/05\/27114817065_0657eff2bf_o-600x400.jpg?resize=525%2C300&ssl=1 1.5x"},"classes":[]},{"id":44829,"url":"https:\/\/blogdoprosperi.com\/?p=44829","url_meta":{"origin":44714,"position":2},"title":"URGENTE FUTEBOL","author":"Luiz Ant\u00f4nio Pr\u00f3speri","date":"26 de agosto de 2024","format":false,"excerpt":"26 agosto \u2013 Futebol brasileiro exalta for\u00e7a financeira do Flamengo. Or\u00e7amento acima de R$ 1,3 bilh\u00e3o por ano. Dinheiro sobrando para refor\u00e7ar o time de Tite, ajudar a fazer sucessor do presidente Rodolfo Landim nas elei\u00e7\u00f5es em dezembro e embalar campanha do diretor Marcos Braz \u00e0 reelei\u00e7\u00e3o na C\u00e2mara de\u2026","rel":"","context":"Em &quot;futebol&quot;","block_context":{"text":"futebol","link":"https:\/\/blogdoprosperi.com\/?cat=53870"},"img":{"alt_text":"Alcaraz no Flamengo","src":"https:\/\/i0.wp.com\/blogdoprosperi.com\/wp-content\/uploads\/2024\/08\/calros-alcaraz-flamengo-southampton-860x484-1.webp?fit=860%2C484&ssl=1&resize=350%2C200","width":350,"height":200,"srcset":"https:\/\/i0.wp.com\/blogdoprosperi.com\/wp-content\/uploads\/2024\/08\/calros-alcaraz-flamengo-southampton-860x484-1.webp?fit=860%2C484&ssl=1&resize=350%2C200 1x, https:\/\/i0.wp.com\/blogdoprosperi.com\/wp-content\/uploads\/2024\/08\/calros-alcaraz-flamengo-southampton-860x484-1.webp?fit=860%2C484&ssl=1&resize=525%2C300 1.5x, https:\/\/i0.wp.com\/blogdoprosperi.com\/wp-content\/uploads\/2024\/08\/calros-alcaraz-flamengo-southampton-860x484-1.webp?fit=860%2C484&ssl=1&resize=700%2C400 2x"},"classes":[]},{"id":29520,"url":"https:\/\/blogdoprosperi.com\/?p=29520","url_meta":{"origin":44714,"position":3},"title":"Bernard n\u00e3o vai voltar ao Brasil e frustra S\u00e3o Paulo, Palmeiras e Flamengo","author":"Luiz Ant\u00f4nio Pr\u00f3speri","date":"21 de outubro de 2016","format":false,"excerpt":"Assediado por S\u00e3o Paulo, Palmeiras e Flamengo, atacante Bernard n\u00e3o vai trocar o Shakhtar Donetsk, da Ucr\u00e2nia, por nenhum desses tr\u00eas clubes. A chance de o atacante voltar ao Brasil \u00e9 zero. Aclamado por Felip\u00e3o na Copa do Mundo de 2014, como jogador que tem \"alegria nas pernas\", a prioridade\u2026","rel":"","context":"Em &quot;Campeonato Brasileiro&quot;","block_context":{"text":"Campeonato Brasileiro","link":"https:\/\/blogdoprosperi.com\/?cat=355071"},"img":{"alt_text":"","src":"https:\/\/i0.wp.com\/blogdoprosperi.com\/wp-content\/uploads\/2016\/10\/207416__max_news.jpg?resize=350%2C200","width":350,"height":200,"srcset":"https:\/\/i0.wp.com\/blogdoprosperi.com\/wp-content\/uploads\/2016\/10\/207416__max_news.jpg?resize=350%2C200 1x, https:\/\/i0.wp.com\/blogdoprosperi.com\/wp-content\/uploads\/2016\/10\/207416__max_news.jpg?resize=525%2C300 1.5x"},"classes":[]},{"id":41399,"url":"https:\/\/blogdoprosperi.com\/?p=41399","url_meta":{"origin":44714,"position":4},"title":"Flamengo cai no Mundial de Clubes e se perde no labirinto","author":"Luiz Ant\u00f4nio Pr\u00f3speri","date":"7 de fevereiro de 2023","format":false,"excerpt":"Flamengo cai no Mundial de Clubes eliminado pelo Al Hilal, da Ar\u00e1bia Saudita, na semifinal. Desculpa de sempre: culpa da arbitragem.","rel":"","context":"Em &quot;catar 2022&quot;","block_context":{"text":"catar 2022","link":"https:\/\/blogdoprosperi.com\/?cat=47094043"},"img":{"alt_text":"","src":"https:\/\/i0.wp.com\/blogdoprosperi.com\/wp-content\/uploads\/2023\/02\/montagens-gerais-2023-02-07t091543.174-960x540-1.jpg?fit=960%2C540&ssl=1&resize=350%2C200","width":350,"height":200,"srcset":"https:\/\/i0.wp.com\/blogdoprosperi.com\/wp-content\/uploads\/2023\/02\/montagens-gerais-2023-02-07t091543.174-960x540-1.jpg?fit=960%2C540&ssl=1&resize=350%2C200 1x, https:\/\/i0.wp.com\/blogdoprosperi.com\/wp-content\/uploads\/2023\/02\/montagens-gerais-2023-02-07t091543.174-960x540-1.jpg?fit=960%2C540&ssl=1&resize=525%2C300 1.5x, https:\/\/i0.wp.com\/blogdoprosperi.com\/wp-content\/uploads\/2023\/02\/montagens-gerais-2023-02-07t091543.174-960x540-1.jpg?fit=960%2C540&ssl=1&resize=700%2C400 2x"},"classes":[]},{"id":52457,"url":"https:\/\/blogdoprosperi.com\/?p=52457","url_meta":{"origin":44714,"position":5},"title":"PROS NEWS | URGENTE: as \u00faltimas de quarta-feira (02\/7)","author":"Luiz Ant\u00f4nio Pr\u00f3speri","date":"2 de julho de 2025","format":false,"excerpt":"\u2295 Fifa divulga sele\u00e7\u00e3o da rodada nas oitavas de final do Mundial de Clubes. \u2295 Pedro de sa\u00edda do Flamengo \u2295 Paulinho treina no campo e anima palmeirenses \u2295 Tem novo Quarterback na \u00e1rea confira 5 not\u00edcias mais saborosas desta quarta-feira at\u00e9 as 18h: Thiago Silva e Richard Rios na\u2026","rel":"","context":"Em &quot;futebol&quot;","block_context":{"text":"futebol","link":"https:\/\/blogdoprosperi.com\/?cat=53870"},"img":{"alt_text":"Pedro de sa\u00edda do Flamengo","src":"https:\/\/i0.wp.com\/blogdoprosperi.com\/wp-content\/uploads\/2025\/07\/gu4ebf5xqaa2ihy.jpeg?fit=1199%2C800&ssl=1&resize=350%2C200","width":350,"height":200,"srcset":"https:\/\/i0.wp.com\/blogdoprosperi.com\/wp-content\/uploads\/2025\/07\/gu4ebf5xqaa2ihy.jpeg?fit=1199%2C800&ssl=1&resize=350%2C200 1x, https:\/\/i0.wp.com\/blogdoprosperi.com\/wp-content\/uploads\/2025\/07\/gu4ebf5xqaa2ihy.jpeg?fit=1199%2C800&ssl=1&resize=525%2C300 1.5x, https:\/\/i0.wp.com\/blogdoprosperi.com\/wp-content\/uploads\/2025\/07\/gu4ebf5xqaa2ihy.jpeg?fit=1199%2C800&ssl=1&resize=700%2C400 2x, https:\/\/i0.wp.com\/blogdoprosperi.com\/wp-content\/uploads\/2025\/07\/gu4ebf5xqaa2ihy.jpeg?fit=1199%2C800&ssl=1&resize=1050%2C600 3x"},"classes":[]}],"jetpack_featured_media_url":"https:\/\/i0.wp.com\/blogdoprosperi.com\/wp-content\/uploads\/2024\/08\/1724024101094.jpg?fit=5068%2C3383&ssl=1","_links":{"self":[{"href":"https:\/\/blogdoprosperi.com\/index.php?rest_route=\/wp\/v2\/posts\/44714","targetHints":{"allow":["GET"]}}],"collection":[{"href":"https:\/\/blogdoprosperi.com\/index.php?rest_route=\/wp\/v2\/posts"}],"about":[{"href":"https:\/\/blogdoprosperi.com\/index.php?rest_route=\/wp\/v2\/types\/post"}],"author":[{"embeddable":true,"href":"https:\/\/blogdoprosperi.com\/index.php?rest_route=\/wp\/v2\/users\/102107496"}],"replies":[{"embeddable":true,"href":"https:\/\/blogdoprosperi.com\/index.php?rest_route=%2Fwp%2Fv2%2Fcomments&post=44714"}],"version-history":[{"count":13,"href":"https:\/\/blogdoprosperi.com\/index.php?rest_route=\/wp\/v2\/posts\/44714\/revisions"}],"predecessor-version":[{"id":44730,"href":"https:\/\/blogdoprosperi.com\/index.php?rest_route=\/wp\/v2\/posts\/44714\/revisions\/44730"}],"wp:featuredmedia":[{"embeddable":true,"href":"https:\/\/blogdoprosperi.com\/index.php?rest_route=\/wp\/v2\/media\/44725"}],"wp:attachment":[{"href":"https:\/\/blogdoprosperi.com\/index.php?rest_route=%2Fwp%2Fv2%2Fmedia&parent=44714"}],"wp:term":[{"taxonomy":"category","embeddable":true,"href":"https:\/\/blogdoprosperi.com\/index.php?rest_route=%2Fwp%2Fv2%2Fcategories&post=44714"},{"taxonomy":"post_tag","embeddable":true,"href":"https:\/\/blogdoprosperi.com\/index.php?rest_route=%2Fwp%2Fv2%2Ftags&post=44714"}],"curies":[{"name":"wp","href":"https:\/\/api.w.org\/{rel}","templated":true}]}}