{"id":44791,"date":"2024-08-23T12:40:34","date_gmt":"2024-08-23T15:40:34","guid":{"rendered":"https:\/\/blogdoprosperi.com\/?p=44791"},"modified":"2024-08-23T15:03:49","modified_gmt":"2024-08-23T18:03:49","slug":"estevao-17-anos-e-novidade-da-selecao-brasileira-de-dorival-junior","status":"publish","type":"post","link":"https:\/\/blogdoprosperi.com\/?p=44791","title":{"rendered":"Estev\u00e3o, 17 anos, \u00e9 Novidade da Sele\u00e7\u00e3o Brasileira de Dorival J\u00fanior"},"content":{"rendered":"<p><em>Luiz Antonio Pr\u00f3speri \u2013 23 agosto (12h40)<\/em><\/p>\n<p>Estev\u00e3o (Palmeiras), Luiz Henrique (Botafogo), Pedro e Gerson (Flamengo), as novidades de Dorival J\u00fanior na Sele\u00e7\u00e3o Brasileira. Faltou o meia Matheus Pereira, do Cruzeiro, na lista. A convoca\u00e7\u00e3o \u00e9 para jogos das <strong>Eliminat\u00f3rias da Copa do Mundo 2026<\/strong> contra <strong>Equador, <\/strong>dia 6 de setembro, est\u00e1dio Couto Pereira, em Curitiba,<strong> e Paraguai, <\/strong>dia 10, em Assun\u00e7\u00e3o.<strong> Brasil ocupa o inc\u00f4modo sexto lugar<\/strong>, com sete pontos, na tabela de classifica\u00e7\u00e3o. Seis pa\u00edses primeiros colocados garantem vaga na Copa. O s\u00e9timo tem direito a disputar uma repescagem.<\/p>\n<p>Dorival abre suas explica\u00e7\u00f5es a respeito da convoca\u00e7\u00e3o com uma mensagem aos torcedores nesse momento de crise t\u00e9cnica e de identidade da Sele\u00e7\u00e3o.<\/p>\n<p>&#8220;Que n\u00f3s possamos cativar o nosso torcedor novamente. \u00c9 natural que seja um trabalho delicado. S\u00f3 para terem uma ideia, todas as abordagens que nos fazem, em qualquer cidade, \u00e9 que &#8216;n\u00e3o tirem os jogadores das nossas equipes&#8217;. E temos que come\u00e7ar a pensar de outra forma. A Sele\u00e7\u00e3o \u00e9 importante. \u00c9 muito mais importante do que qualquer situa\u00e7\u00e3o. <strong>N\u00e3o podemos ficar pisando no produto que n\u00f3s vendemos. Sinto muito isso<\/strong>&#8230; Teremos o torcedor novamente ao nosso lado. Sinto que isso j\u00e1 come\u00e7ou a alterar&#8221;.<\/p>\n<p>Mudar o pensamento do torcedor brasileiro n\u00e3o \u00e9 uma tarefa das mais f\u00e1ceis. Sentimento que se observa quando a Sele\u00e7\u00e3o est\u00e1 em campo nem \u00e9 o preju\u00edzo aos clubes de cora\u00e7\u00e3o do torcedor com os desfalques e sim o fraco futebol do escrete.<\/p>\n<p>Se o Brasil emplacar duas boas vit\u00f3rias com os <strong>meninos Endrick, Estev\u00e3o, Vini Jr, Rodrygo e Luiz Enrique<\/strong> como protagonistas \u00e9 bem prov\u00e1vel que a torcida possa dar um voto de confian\u00e7a \u00e0 Sele\u00e7\u00e3o. E aceitar as pondera\u00e7\u00f5es do t\u00e9cnico Dorival J\u00fanior.<\/p>\n<p>Torcida do Palmeiras, por exemplo, se manifesta nas redes sociais esperando <strong>Endrick e Estev\u00e3o juntos no ataque titular da Sele\u00e7\u00e3o.<\/strong><\/p>\n<p><em>Acompanhe emo\u00e7\u00e3o de Estev\u00e3o no momento de sua convoca\u00e7\u00e3o:<\/em><\/p>\n<p><strong><a href=\"https:\/\/x.com\/Infos_palestra\/status\/1827005074880553464\">https:\/\/x.com\/Infos_palestra\/status\/1827005074880553464<\/a><\/strong><\/p>\n<p><em>Acompanhe emo\u00e7\u00e3o de Luiz Enrique no ato da convoca\u00e7\u00e3o:<\/em><\/p>\n<p><span><strong><a href=\"https:\/\/x.com\/vcanedo\/status\/1827007901698789739\" rel=\"nofollow\">https:\/\/x.com\/vcanedo\/status\/1827007901698789739<\/a><\/strong><\/span><\/p>\n<p><span style=\"font-size: revert\"><strong>&#8220;Precisamos recuperar auto-estima da Sele\u00e7\u00e3o Brasileira&#8221;,<\/strong><\/span><span style=\"font-size: revert\"> diz Rodrigo Caetano, diretor de Sele\u00e7\u00f5es da CBF.<\/span><\/p>\n<p>Da convoca\u00e7\u00e3o, \u00e9 de se destacar a presen\u00e7a de um novo ataque sem Raphinha, Evan\u00edlson, Pep\u00ea e Gabriel Martinelli, que estiveram com Dorival na Copa Am\u00e9rica. E a chegada de Estev\u00e3o, Luiz Enrique e Pedro.<\/p>\n<p>Ponto nevr\u00e1lgico do time, o meio-campo, mudou pouco. <strong>A novidade \u00e9 Gerson do Flamengo no lugar de Andreas Pereira (Fulham)<\/strong>. Sa\u00edram Ederson (Atalanta), ali\u00e1s uma aposta equivocada de Dorival na Copa Am\u00e9rica, e Douglas Luiz (Juventus).<\/p>\n<p><strong>Lucas Paquet\u00e1, de baixo rendimento na Sele\u00e7\u00e3o<\/strong> desde que surgiram suspeitas de se envolver com apostas esportivas, continua prestigiado no escrete. Dif\u00edcil entender essa <span><strong><a style=\"color: #0000ff\" href=\"https:\/\/blogdoprosperi.com\/2024\/07\/07\/selecao-brasileira-eliminada-na-copa-america-2024-muito-obrigado-dorival-junior\/\">obsess\u00e3o dos t\u00e9cnicos por Paquet\u00e1.<\/a><\/strong><\/span><\/p>\n<p>Por que n\u00e3o <strong>Matheus Pereira, meia do Cruzeiro?<\/strong> Apontado como craque do Brasileir\u00e3o 2024 nesse momento, poderia arejar e muito o meio-campo da Sele\u00e7\u00e3o.<\/p>\n<p>Dorival tamb\u00e9m insiste em <strong>Jo\u00e3o Gomes (Wolverhampton)<\/strong>, com fraco desempenho na Copa Am\u00e9rica. E resgata Andr\u00e9, do Fluminense.<\/p>\n<figure id=\"attachment_44813\" aria-describedby=\"caption-attachment-44813\" style=\"width: 720px\" class=\"wp-caption alignnone\"><img data-recalc-dims=\"1\" loading=\"lazy\" decoding=\"async\" data-attachment-id=\"44813\" data-permalink=\"https:\/\/blogdoprosperi.com\/?attachment_id=44813\" data-orig-file=\"https:\/\/i0.wp.com\/blogdoprosperi.com\/wp-content\/uploads\/2024\/08\/matheus-pereira-730x487-1.webp?fit=730%2C487&amp;ssl=1\" data-orig-size=\"730,487\" data-comments-opened=\"1\" data-image-meta=\"{&quot;aperture&quot;:&quot;0&quot;,&quot;credit&quot;:&quot;&quot;,&quot;camera&quot;:&quot;&quot;,&quot;caption&quot;:&quot;&quot;,&quot;created_timestamp&quot;:&quot;0&quot;,&quot;copyright&quot;:&quot;&quot;,&quot;focal_length&quot;:&quot;0&quot;,&quot;iso&quot;:&quot;0&quot;,&quot;shutter_speed&quot;:&quot;0&quot;,&quot;title&quot;:&quot;&quot;,&quot;orientation&quot;:&quot;0&quot;}\" data-image-title=\"Matheus Pereira do Cruzeiro\" data-image-description=\"\" data-image-caption=\"&lt;p&gt;Matheus Pereira, ausente da convoca\u00e7\u00e3o da Sele\u00e7\u00e3o \u2013 foto: Cruzeiro oficial&lt;\/p&gt;\n\" data-large-file=\"https:\/\/i0.wp.com\/blogdoprosperi.com\/wp-content\/uploads\/2024\/08\/matheus-pereira-730x487-1.webp?fit=730%2C487&amp;ssl=1\" src=\"https:\/\/i0.wp.com\/blogdoprosperi.com\/wp-content\/uploads\/2024\/08\/matheus-pereira-730x487-1.webp?resize=720%2C480&#038;ssl=1\" class=\"size-large wp-image-44813\" width=\"720\" height=\"480\" alt=\"Mateus Pereira ca\u00eda bem na vaga de Paquet\u00e1 na Sele\u00e7\u00e3o\"><figcaption id=\"caption-attachment-44813\" class=\"wp-caption-text\"><em>Matheus Pereira, ausente da convoca\u00e7\u00e3o da Sele\u00e7\u00e3o \u2013 foto: Cruzeiro oficial<\/em><\/figcaption><\/figure>\n<p><strong><em>Confira lista dos convocados:<\/em><\/strong><\/p>\n<p><strong>GOLEIROS<\/strong><\/p>\n<p>Alisson \u2013 Liverpool<\/p>\n<p>Bento &#8211; Al-Nassr<\/p>\n<p>Ederson &#8211; Manchester City<\/p>\n<p><strong>LATERAIS<\/strong><\/p>\n<p>Danilo &#8211; Juventus<\/p>\n<p>Yan Couto &#8211; Borussia Dortmund<\/p>\n<p>Guilherme Arana &#8211; Atl\u00e9tico-MG<\/p>\n<p>Wendell &#8211; Porto<\/p>\n<p><strong>ZAGUEIROS<\/strong><\/p>\n<p>Beraldo &#8211; Paris Saint-Germain<\/p>\n<p>\u00c9der Milit\u00e3o &#8211; Real Madrid<\/p>\n<p>Gabriel Magalh\u00e3es &#8211; Arsenal<\/p>\n<p>Marquinhos &#8211; Paris Saint-Germain<\/p>\n<p><strong>MEIO-CAMPISTAS<\/strong><\/p>\n<p>Andr\u00e9 &#8211; Fluminense<\/p>\n<p>Bruno Guimar\u00e3es &#8211; Newcastle<\/p>\n<p>Gerson &#8211; Flamengo<\/p>\n<p>Joao Gomes &#8211; Wolverhampton City<\/p>\n<p>Lucas Paquet\u00e1 &#8211; West Ham<\/p>\n<p>Rodrygo &#8211; Real Madrid<\/p>\n<p><strong>ATACANTES<\/strong><\/p>\n<p>Endrick &#8211; Real Madrid<\/p>\n<p>Estev\u00e3o &#8211; Palmeiras<\/p>\n<p>Luiz Henrique &#8211; Botafogo<\/p>\n<p>Pedro &#8211; Flamengo<\/p>\n<p>Savinho &#8211; Manchester City<\/p>\n<p>Vinicius J\u00fanior&nbsp;&#8211; Real Madrid<\/p>\n<p><strong><em>Confira classifica\u00e7\u00e3o das Eliminat\u00f3rias Copa 2026:<\/em><\/strong><\/p>\n<p><span class=\"alignnone\"><img data-recalc-dims=\"1\" loading=\"lazy\" decoding=\"async\" data-attachment-id=\"44793\" data-permalink=\"https:\/\/blogdoprosperi.com\/?attachment_id=44793\" data-orig-file=\"https:\/\/i0.wp.com\/blogdoprosperi.com\/wp-content\/uploads\/2024\/08\/captura-de-tela-2024-08-23-as-11.38.21.png?fit=1426%2C784&amp;ssl=1\" data-orig-size=\"1426,784\" data-comments-opened=\"1\" data-image-meta=\"{&quot;aperture&quot;:&quot;0&quot;,&quot;credit&quot;:&quot;&quot;,&quot;camera&quot;:&quot;&quot;,&quot;caption&quot;:&quot;&quot;,&quot;created_timestamp&quot;:&quot;0&quot;,&quot;copyright&quot;:&quot;&quot;,&quot;focal_length&quot;:&quot;0&quot;,&quot;iso&quot;:&quot;0&quot;,&quot;shutter_speed&quot;:&quot;0&quot;,&quot;title&quot;:&quot;&quot;,&quot;orientation&quot;:&quot;0&quot;}\" data-image-title=\"Tabela Eliminat\u00f3rias Copa do Mundo 2026\" data-image-description=\"\" data-image-caption=\"\" data-large-file=\"https:\/\/i0.wp.com\/blogdoprosperi.com\/wp-content\/uploads\/2024\/08\/captura-de-tela-2024-08-23-as-11.38.21.png?fit=940%2C517&amp;ssl=1\" src=\"https:\/\/i0.wp.com\/blogdoprosperi.com\/wp-content\/uploads\/2024\/08\/captura-de-tela-2024-08-23-as-11.38.21.png?resize=611%2C336&#038;ssl=1\" class=\"alignnone wp-image-44793\" alt=\"\" width=\"611\" height=\"336\"><\/span>.<\/p>\n","protected":false},"excerpt":{"rendered":"<p>Luiz Antonio Pr\u00f3speri \u2013 23 agosto (12h40) Estev\u00e3o (Palmeiras), Luiz Henrique (Botafogo), Pedro e Gerson (Flamengo), as novidades [&hellip;]<\/p>\n","protected":false},"author":102107496,"featured_media":44800,"comment_status":"open","ping_status":"open","sticky":false,"template":"","format":"standard","meta":{"_coblocks_attr":"","_coblocks_dimensions":"","_coblocks_responsive_height":"","_coblocks_accordion_ie_support":"","_jetpack_newsletter_access":"","_jetpack_dont_email_post_to_subs":false,"_jetpack_newsletter_tier_id":0,"_jetpack_memberships_contains_paywalled_content":false,"_wpcom_ai_launchpad_first_post":false,"_jetpack_feature_clip_id":0,"_jetpack_memberships_contains_paid_content":false,"footnotes":"","jetpack_publicize_message":"","jetpack_publicize_feature_enabled":true,"jetpack_social_post_already_shared":false,"jetpack_social_options":{"image_generator_settings":{"template":"highway","default_image_id":0,"font":"","enabled":false},"version":2},"jetpack_post_was_ever_published":false},"categories":[53870,3919],"tags":[10668348,789560569,63558320,773883589,25607665,3151783,789560560,789560573,29352812,287104,789560562],"class_list":["post-44791","post","type-post","status-publish","format-standard","has-post-thumbnail","hentry","category-futebol","category-opiniao","tag-0000ff","tag-cbf","tag-dorival-junior-2","tag-eliminatorias-copa-2026","tag-endrick","tag-estevao","tag-futebol","tag-luiz-antonio-prosperi","tag-luiz-enrique","tag-palmeiras","tag-selecao-brasileira"],"yoast_head":"<!-- This site is optimized with the Yoast SEO plugin v28.3 - https:\/\/yoast.com\/product\/yoast-seo-wordpress\/ -->\n<title>Estev\u00e3o, 17 anos, \u00e9 Novidade da Sele\u00e7\u00e3o Brasileira de Dorival J\u00fanior - PR\u00d3SPERI NEWS<\/title>\n<meta name=\"robots\" content=\"index, follow, max-snippet:-1, max-image-preview:large, max-video-preview:-1\" \/>\n<link rel=\"canonical\" href=\"https:\/\/blogdoprosperi.com\/?p=44791\" \/>\n<meta property=\"og:locale\" content=\"pt_BR\" \/>\n<meta property=\"og:type\" content=\"article\" \/>\n<meta property=\"og:title\" content=\"Estev\u00e3o, 17 anos, \u00e9 Novidade da Sele\u00e7\u00e3o Brasileira de Dorival J\u00fanior - PR\u00d3SPERI NEWS\" \/>\n<meta property=\"og:description\" content=\"Luiz Antonio Pr\u00f3speri \u2013 23 agosto (12h40) Estev\u00e3o (Palmeiras), Luiz Henrique (Botafogo), Pedro e Gerson (Flamengo), as novidades [&hellip;]\" \/>\n<meta property=\"og:url\" content=\"https:\/\/blogdoprosperi.com\/?p=44791\" \/>\n<meta property=\"og:site_name\" content=\"PR\u00d3SPERI NEWS\" \/>\n<meta property=\"article:publisher\" content=\"Luiz Pr\u00f3speri\" \/>\n<meta property=\"article:author\" content=\"Luiz Pr\u00f3speri\" \/>\n<meta property=\"article:published_time\" content=\"2024-08-23T15:40:34+00:00\" \/>\n<meta property=\"article:modified_time\" content=\"2024-08-23T18:03:49+00:00\" \/>\n<meta property=\"og:image\" content=\"https:\/\/i0.wp.com\/blogdoprosperi.com\/wp-content\/uploads\/2024\/08\/gvrk0eywyaah4s1.png?fit=774%2C516&ssl=1\" \/>\n\t<meta property=\"og:image:width\" content=\"774\" \/>\n\t<meta property=\"og:image:height\" content=\"516\" \/>\n\t<meta property=\"og:image:type\" content=\"image\/png\" \/>\n<meta name=\"author\" content=\"Luiz Ant\u00f4nio Pr\u00f3speri\" \/>\n<meta name=\"twitter:card\" content=\"summary_large_image\" \/>\n<meta name=\"twitter:creator\" content=\"@Luizprosperi\" \/>\n<meta name=\"twitter:site\" content=\"@Luizprosperi\" \/>\n<meta name=\"twitter:label1\" content=\"Escrito por\" \/>\n\t<meta name=\"twitter:data1\" content=\"Luiz Ant\u00f4nio Pr\u00f3speri\" \/>\n\t<meta name=\"twitter:label2\" content=\"Est. tempo de leitura\" \/>\n\t<meta name=\"twitter:data2\" content=\"3 minutos\" \/>\n<script type=\"application\/ld+json\" class=\"yoast-schema-graph\">{\"@context\":\"https:\\\/\\\/schema.org\",\"@graph\":[{\"@type\":\"Article\",\"@id\":\"https:\\\/\\\/blogdoprosperi.com\\\/?p=44791#article\",\"isPartOf\":{\"@id\":\"https:\\\/\\\/blogdoprosperi.com\\\/?p=44791\"},\"author\":{\"name\":\"Luiz Ant\u00f4nio Pr\u00f3speri\",\"@id\":\"https:\\\/\\\/blogdoprosperi.com\\\/#\\\/schema\\\/person\\\/38100755ce3601861ee4fab9b5aa78e9\"},\"headline\":\"Estev\u00e3o, 17 anos, \u00e9 Novidade da Sele\u00e7\u00e3o Brasileira de Dorival J\u00fanior\",\"datePublished\":\"2024-08-23T15:40:34+00:00\",\"dateModified\":\"2024-08-23T18:03:49+00:00\",\"mainEntityOfPage\":{\"@id\":\"https:\\\/\\\/blogdoprosperi.com\\\/?p=44791\"},\"wordCount\":693,\"commentCount\":0,\"publisher\":{\"@id\":\"https:\\\/\\\/blogdoprosperi.com\\\/#\\\/schema\\\/person\\\/38100755ce3601861ee4fab9b5aa78e9\"},\"image\":{\"@id\":\"https:\\\/\\\/blogdoprosperi.com\\\/?p=44791#primaryimage\"},\"thumbnailUrl\":\"https:\\\/\\\/i0.wp.com\\\/blogdoprosperi.com\\\/wp-content\\\/uploads\\\/2024\\\/08\\\/gvrk0eywyaah4s1.png?fit=774%2C516&ssl=1\",\"keywords\":[\"0000ff\",\"CBF\",\"Dorival Junior\",\"eliminat\u00f3rias copa 2026\",\"endrick\",\"Estev\u00e3o\",\"futebol\",\"Luiz Ant\u00f4nio Pr\u00f3speri\",\"luiz enrique\",\"Palmeiras\",\"Sele\u00e7\u00e3o Brasileira\"],\"articleSection\":[\"futebol\",\"opini\u00e3o\"],\"inLanguage\":\"pt-BR\",\"potentialAction\":[{\"@type\":\"CommentAction\",\"name\":\"Comment\",\"target\":[\"https:\\\/\\\/blogdoprosperi.com\\\/?p=44791#respond\"]}]},{\"@type\":\"WebPage\",\"@id\":\"https:\\\/\\\/blogdoprosperi.com\\\/?p=44791\",\"url\":\"https:\\\/\\\/blogdoprosperi.com\\\/?p=44791\",\"name\":\"Estev\u00e3o, 17 anos, \u00e9 Novidade da Sele\u00e7\u00e3o Brasileira de Dorival J\u00fanior - PR\u00d3SPERI NEWS\",\"isPartOf\":{\"@id\":\"https:\\\/\\\/blogdoprosperi.com\\\/#website\"},\"primaryImageOfPage\":{\"@id\":\"https:\\\/\\\/blogdoprosperi.com\\\/?p=44791#primaryimage\"},\"image\":{\"@id\":\"https:\\\/\\\/blogdoprosperi.com\\\/?p=44791#primaryimage\"},\"thumbnailUrl\":\"https:\\\/\\\/i0.wp.com\\\/blogdoprosperi.com\\\/wp-content\\\/uploads\\\/2024\\\/08\\\/gvrk0eywyaah4s1.png?fit=774%2C516&ssl=1\",\"datePublished\":\"2024-08-23T15:40:34+00:00\",\"dateModified\":\"2024-08-23T18:03:49+00:00\",\"breadcrumb\":{\"@id\":\"https:\\\/\\\/blogdoprosperi.com\\\/?p=44791#breadcrumb\"},\"inLanguage\":\"pt-BR\",\"potentialAction\":[{\"@type\":\"ReadAction\",\"target\":[\"https:\\\/\\\/blogdoprosperi.com\\\/?p=44791\"]}]},{\"@type\":\"ImageObject\",\"inLanguage\":\"pt-BR\",\"@id\":\"https:\\\/\\\/blogdoprosperi.com\\\/?p=44791#primaryimage\",\"url\":\"https:\\\/\\\/i0.wp.com\\\/blogdoprosperi.com\\\/wp-content\\\/uploads\\\/2024\\\/08\\\/gvrk0eywyaah4s1.png?fit=774%2C516&ssl=1\",\"contentUrl\":\"https:\\\/\\\/i0.wp.com\\\/blogdoprosperi.com\\\/wp-content\\\/uploads\\\/2024\\\/08\\\/gvrk0eywyaah4s1.png?fit=774%2C516&ssl=1\",\"width\":774,\"height\":516,\"caption\":\"Estev\u00e3o do Palmeiras convocado para Sele\u00e7\u00e3o \u2013 foto: CBF oficial\"},{\"@type\":\"BreadcrumbList\",\"@id\":\"https:\\\/\\\/blogdoprosperi.com\\\/?p=44791#breadcrumb\",\"itemListElement\":[{\"@type\":\"ListItem\",\"position\":1,\"name\":\"In\u00edcio\",\"item\":\"https:\\\/\\\/blogdoprosperi.com\\\/\"},{\"@type\":\"ListItem\",\"position\":2,\"name\":\"Estev\u00e3o, 17 anos, \u00e9 Novidade da Sele\u00e7\u00e3o Brasileira de Dorival J\u00fanior\"}]},{\"@type\":\"WebSite\",\"@id\":\"https:\\\/\\\/blogdoprosperi.com\\\/#website\",\"url\":\"https:\\\/\\\/blogdoprosperi.com\\\/\",\"name\":\"PR\u00d3SPERI NEWS\",\"description\":\"TUDO \u00c9  FUTEBOL\",\"publisher\":{\"@id\":\"https:\\\/\\\/blogdoprosperi.com\\\/#\\\/schema\\\/person\\\/38100755ce3601861ee4fab9b5aa78e9\"},\"alternateName\":\"blogdoprosperi.com\",\"potentialAction\":[{\"@type\":\"SearchAction\",\"target\":{\"@type\":\"EntryPoint\",\"urlTemplate\":\"https:\\\/\\\/blogdoprosperi.com\\\/?s={search_term_string}\"},\"query-input\":{\"@type\":\"PropertyValueSpecification\",\"valueRequired\":true,\"valueName\":\"search_term_string\"}}],\"inLanguage\":\"pt-BR\"},{\"@type\":[\"Person\",\"Organization\"],\"@id\":\"https:\\\/\\\/blogdoprosperi.com\\\/#\\\/schema\\\/person\\\/38100755ce3601861ee4fab9b5aa78e9\",\"name\":\"Luiz Ant\u00f4nio Pr\u00f3speri\",\"pronouns\":\"ele\",\"image\":{\"@type\":\"ImageObject\",\"inLanguage\":\"pt-BR\",\"@id\":\"https:\\\/\\\/i0.wp.com\\\/blogdoprosperi.com\\\/wp-content\\\/uploads\\\/2026\\\/05\\\/cropped-8059e613-6002-42fa-961e-8e275f575d71-2-5.jpg?fit=1360%2C931&ssl=1\",\"url\":\"https:\\\/\\\/i0.wp.com\\\/blogdoprosperi.com\\\/wp-content\\\/uploads\\\/2026\\\/05\\\/cropped-8059e613-6002-42fa-961e-8e275f575d71-2-5.jpg?fit=1360%2C931&ssl=1\",\"contentUrl\":\"https:\\\/\\\/i0.wp.com\\\/blogdoprosperi.com\\\/wp-content\\\/uploads\\\/2026\\\/05\\\/cropped-8059e613-6002-42fa-961e-8e275f575d71-2-5.jpg?fit=1360%2C931&ssl=1\",\"width\":1360,\"height\":931,\"caption\":\"Luiz Ant\u00f4nio Pr\u00f3speri\"},\"logo\":{\"@id\":\"https:\\\/\\\/i0.wp.com\\\/blogdoprosperi.com\\\/wp-content\\\/uploads\\\/2026\\\/05\\\/cropped-8059e613-6002-42fa-961e-8e275f575d71-2-5.jpg?fit=1360%2C931&ssl=1\"},\"description\":\"Jornalista com carreira dedicada ao esporte. Cobriu 9 Copas do Mundo in loco, 1990 na It\u00e1lia, 1994 nos EUA, 1998 na Fran\u00e7a, 2002 na Coreia do Sul e Jap\u00e3o, 2006 na Alemanha, 2010 na \u00c1frica do Sul, 2014 no Brasil, 2018 na R\u00fassia e 2022 no Qatar. Eurocopas, 1992 na Su\u00e9cia e 1996 na Inglaterra. Copa das Confedera\u00e7\u00f5es de 2005 na Alemanha e 2009 na \u00c1frica do Sul. Rep\u00f3rter e Editor, trabalhou no Jornal da Tarde e Estad\u00e3o, de 1984 a fevereiro de 2016. Colunista, blogueiro. E comentarista de futebol na R\u00e1dio Estad\u00e3o, de 2013 a fevereiro de 2016. Jornalista respons\u00e1vel do \\\"Pr\u00f3speri News\\\" (blogdoprosperi.com).\",\"sameAs\":[\"http:\\\/\\\/blogdoprosperi.com\",\"Luiz Pr\u00f3speri\",\"@luiz_prosperi\",\"https:\\\/\\\/x.com\\\/Luizprosperi\",\"@prosperinacopa\",\"luiz.prosperi@icloud.com\"],\"url\":\"https:\\\/\\\/blogdoprosperi.com\\\/?author=102107496\"}]}<\/script>\n<!-- \/ Yoast SEO plugin. -->","yoast_head_json":{"title":"Estev\u00e3o, 17 anos, \u00e9 Novidade da Sele\u00e7\u00e3o Brasileira de Dorival J\u00fanior - PR\u00d3SPERI NEWS","robots":{"index":"index","follow":"follow","max-snippet":"max-snippet:-1","max-image-preview":"max-image-preview:large","max-video-preview":"max-video-preview:-1"},"canonical":"https:\/\/blogdoprosperi.com\/?p=44791","og_locale":"pt_BR","og_type":"article","og_title":"Estev\u00e3o, 17 anos, \u00e9 Novidade da Sele\u00e7\u00e3o Brasileira de Dorival J\u00fanior - PR\u00d3SPERI NEWS","og_description":"Luiz Antonio Pr\u00f3speri \u2013 23 agosto (12h40) Estev\u00e3o (Palmeiras), Luiz Henrique (Botafogo), Pedro e Gerson (Flamengo), as novidades [&hellip;]","og_url":"https:\/\/blogdoprosperi.com\/?p=44791","og_site_name":"PR\u00d3SPERI NEWS","article_publisher":"Luiz Pr\u00f3speri","article_author":"Luiz Pr\u00f3speri","article_published_time":"2024-08-23T15:40:34+00:00","article_modified_time":"2024-08-23T18:03:49+00:00","og_image":[{"width":774,"height":516,"url":"https:\/\/i0.wp.com\/blogdoprosperi.com\/wp-content\/uploads\/2024\/08\/gvrk0eywyaah4s1.png?fit=774%2C516&ssl=1","type":"image\/png"}],"author":"Luiz Ant\u00f4nio Pr\u00f3speri","twitter_card":"summary_large_image","twitter_creator":"@Luizprosperi","twitter_site":"@Luizprosperi","twitter_misc":{"Escrito por":"Luiz Ant\u00f4nio Pr\u00f3speri","Est. tempo de leitura":"3 minutos"},"schema":{"@context":"https:\/\/schema.org","@graph":[{"@type":"Article","@id":"https:\/\/blogdoprosperi.com\/?p=44791#article","isPartOf":{"@id":"https:\/\/blogdoprosperi.com\/?p=44791"},"author":{"name":"Luiz Ant\u00f4nio Pr\u00f3speri","@id":"https:\/\/blogdoprosperi.com\/#\/schema\/person\/38100755ce3601861ee4fab9b5aa78e9"},"headline":"Estev\u00e3o, 17 anos, \u00e9 Novidade da Sele\u00e7\u00e3o Brasileira de Dorival J\u00fanior","datePublished":"2024-08-23T15:40:34+00:00","dateModified":"2024-08-23T18:03:49+00:00","mainEntityOfPage":{"@id":"https:\/\/blogdoprosperi.com\/?p=44791"},"wordCount":693,"commentCount":0,"publisher":{"@id":"https:\/\/blogdoprosperi.com\/#\/schema\/person\/38100755ce3601861ee4fab9b5aa78e9"},"image":{"@id":"https:\/\/blogdoprosperi.com\/?p=44791#primaryimage"},"thumbnailUrl":"https:\/\/i0.wp.com\/blogdoprosperi.com\/wp-content\/uploads\/2024\/08\/gvrk0eywyaah4s1.png?fit=774%2C516&ssl=1","keywords":["0000ff","CBF","Dorival Junior","eliminat\u00f3rias copa 2026","endrick","Estev\u00e3o","futebol","Luiz Ant\u00f4nio Pr\u00f3speri","luiz enrique","Palmeiras","Sele\u00e7\u00e3o Brasileira"],"articleSection":["futebol","opini\u00e3o"],"inLanguage":"pt-BR","potentialAction":[{"@type":"CommentAction","name":"Comment","target":["https:\/\/blogdoprosperi.com\/?p=44791#respond"]}]},{"@type":"WebPage","@id":"https:\/\/blogdoprosperi.com\/?p=44791","url":"https:\/\/blogdoprosperi.com\/?p=44791","name":"Estev\u00e3o, 17 anos, \u00e9 Novidade da Sele\u00e7\u00e3o Brasileira de Dorival J\u00fanior - PR\u00d3SPERI NEWS","isPartOf":{"@id":"https:\/\/blogdoprosperi.com\/#website"},"primaryImageOfPage":{"@id":"https:\/\/blogdoprosperi.com\/?p=44791#primaryimage"},"image":{"@id":"https:\/\/blogdoprosperi.com\/?p=44791#primaryimage"},"thumbnailUrl":"https:\/\/i0.wp.com\/blogdoprosperi.com\/wp-content\/uploads\/2024\/08\/gvrk0eywyaah4s1.png?fit=774%2C516&ssl=1","datePublished":"2024-08-23T15:40:34+00:00","dateModified":"2024-08-23T18:03:49+00:00","breadcrumb":{"@id":"https:\/\/blogdoprosperi.com\/?p=44791#breadcrumb"},"inLanguage":"pt-BR","potentialAction":[{"@type":"ReadAction","target":["https:\/\/blogdoprosperi.com\/?p=44791"]}]},{"@type":"ImageObject","inLanguage":"pt-BR","@id":"https:\/\/blogdoprosperi.com\/?p=44791#primaryimage","url":"https:\/\/i0.wp.com\/blogdoprosperi.com\/wp-content\/uploads\/2024\/08\/gvrk0eywyaah4s1.png?fit=774%2C516&ssl=1","contentUrl":"https:\/\/i0.wp.com\/blogdoprosperi.com\/wp-content\/uploads\/2024\/08\/gvrk0eywyaah4s1.png?fit=774%2C516&ssl=1","width":774,"height":516,"caption":"Estev\u00e3o do Palmeiras convocado para Sele\u00e7\u00e3o \u2013 foto: CBF oficial"},{"@type":"BreadcrumbList","@id":"https:\/\/blogdoprosperi.com\/?p=44791#breadcrumb","itemListElement":[{"@type":"ListItem","position":1,"name":"In\u00edcio","item":"https:\/\/blogdoprosperi.com\/"},{"@type":"ListItem","position":2,"name":"Estev\u00e3o, 17 anos, \u00e9 Novidade da Sele\u00e7\u00e3o Brasileira de Dorival J\u00fanior"}]},{"@type":"WebSite","@id":"https:\/\/blogdoprosperi.com\/#website","url":"https:\/\/blogdoprosperi.com\/","name":"PR\u00d3SPERI NEWS","description":"TUDO \u00c9  FUTEBOL","publisher":{"@id":"https:\/\/blogdoprosperi.com\/#\/schema\/person\/38100755ce3601861ee4fab9b5aa78e9"},"alternateName":"blogdoprosperi.com","potentialAction":[{"@type":"SearchAction","target":{"@type":"EntryPoint","urlTemplate":"https:\/\/blogdoprosperi.com\/?s={search_term_string}"},"query-input":{"@type":"PropertyValueSpecification","valueRequired":true,"valueName":"search_term_string"}}],"inLanguage":"pt-BR"},{"@type":["Person","Organization"],"@id":"https:\/\/blogdoprosperi.com\/#\/schema\/person\/38100755ce3601861ee4fab9b5aa78e9","name":"Luiz Ant\u00f4nio Pr\u00f3speri","pronouns":"ele","image":{"@type":"ImageObject","inLanguage":"pt-BR","@id":"https:\/\/i0.wp.com\/blogdoprosperi.com\/wp-content\/uploads\/2026\/05\/cropped-8059e613-6002-42fa-961e-8e275f575d71-2-5.jpg?fit=1360%2C931&ssl=1","url":"https:\/\/i0.wp.com\/blogdoprosperi.com\/wp-content\/uploads\/2026\/05\/cropped-8059e613-6002-42fa-961e-8e275f575d71-2-5.jpg?fit=1360%2C931&ssl=1","contentUrl":"https:\/\/i0.wp.com\/blogdoprosperi.com\/wp-content\/uploads\/2026\/05\/cropped-8059e613-6002-42fa-961e-8e275f575d71-2-5.jpg?fit=1360%2C931&ssl=1","width":1360,"height":931,"caption":"Luiz Ant\u00f4nio Pr\u00f3speri"},"logo":{"@id":"https:\/\/i0.wp.com\/blogdoprosperi.com\/wp-content\/uploads\/2026\/05\/cropped-8059e613-6002-42fa-961e-8e275f575d71-2-5.jpg?fit=1360%2C931&ssl=1"},"description":"Jornalista com carreira dedicada ao esporte. Cobriu 9 Copas do Mundo in loco, 1990 na It\u00e1lia, 1994 nos EUA, 1998 na Fran\u00e7a, 2002 na Coreia do Sul e Jap\u00e3o, 2006 na Alemanha, 2010 na \u00c1frica do Sul, 2014 no Brasil, 2018 na R\u00fassia e 2022 no Qatar. Eurocopas, 1992 na Su\u00e9cia e 1996 na Inglaterra. Copa das Confedera\u00e7\u00f5es de 2005 na Alemanha e 2009 na \u00c1frica do Sul. Rep\u00f3rter e Editor, trabalhou no Jornal da Tarde e Estad\u00e3o, de 1984 a fevereiro de 2016. Colunista, blogueiro. E comentarista de futebol na R\u00e1dio Estad\u00e3o, de 2013 a fevereiro de 2016. Jornalista respons\u00e1vel do \"Pr\u00f3speri News\" (blogdoprosperi.com).","sameAs":["http:\/\/blogdoprosperi.com","Luiz Pr\u00f3speri","@luiz_prosperi","https:\/\/x.com\/Luizprosperi","@prosperinacopa","luiz.prosperi@icloud.com"],"url":"https:\/\/blogdoprosperi.com\/?author=102107496"}]}},"jetpack_publicize_connections":[],"jetpack_likes_enabled":false,"jetpack_sharing_enabled":true,"jetpack_shortlink":"https:\/\/wp.me\/p7jvdk-bEr","jetpack-related-posts":[{"id":44903,"url":"https:\/\/blogdoprosperi.com\/?p=44903","url_meta":{"origin":44791,"position":0},"title":"Sele\u00e7\u00e3o Brasileira: Pressionado, Dorival Poderia escalar Estev\u00e3o, Endrick e Vini Jr","author":"Luiz Ant\u00f4nio Pr\u00f3speri","date":"3 de setembro de 2024","format":false,"excerpt":"Luiz Antonio Pr\u00f3speri \u2013 3 setembro (20h50) Dorival J\u00fanior entra na semana decisiva nesse come\u00e7o de seu trabalho na Sele\u00e7\u00e3o Brasileira. N\u00e3o h\u00e1 mais tempo para experi\u00eancias. Cobran\u00e7a na CBF \u00e9 por resultados. Dorival sabe: \u00e9 uma obriga\u00e7\u00e3o vencer Equador (sexta-feira, dia 6) e Paraguai (ter\u00e7a-feira, dia 10), dois jogos\u2026","rel":"","context":"Em &quot;futebol&quot;","block_context":{"text":"futebol","link":"https:\/\/blogdoprosperi.com\/?cat=53870"},"img":{"alt_text":"Estev\u00e3o, Endrick e Vini Jr no ataque da Sele\u00e7\u00e3o","src":"https:\/\/i0.wp.com\/blogdoprosperi.com\/wp-content\/uploads\/2024\/09\/53968898203_0640da1fad_k.jpg?fit=1200%2C809&ssl=1&resize=350%2C200","width":350,"height":200,"srcset":"https:\/\/i0.wp.com\/blogdoprosperi.com\/wp-content\/uploads\/2024\/09\/53968898203_0640da1fad_k.jpg?fit=1200%2C809&ssl=1&resize=350%2C200 1x, https:\/\/i0.wp.com\/blogdoprosperi.com\/wp-content\/uploads\/2024\/09\/53968898203_0640da1fad_k.jpg?fit=1200%2C809&ssl=1&resize=525%2C300 1.5x, https:\/\/i0.wp.com\/blogdoprosperi.com\/wp-content\/uploads\/2024\/09\/53968898203_0640da1fad_k.jpg?fit=1200%2C809&ssl=1&resize=700%2C400 2x, https:\/\/i0.wp.com\/blogdoprosperi.com\/wp-content\/uploads\/2024\/09\/53968898203_0640da1fad_k.jpg?fit=1200%2C809&ssl=1&resize=1050%2C600 3x"},"classes":[]},{"id":45574,"url":"https:\/\/blogdoprosperi.com\/?p=45574","url_meta":{"origin":44791,"position":1},"title":"Dorival Repete Lista de Convocados dos \u00daltimos Fracassos da Sele\u00e7\u00e3o Brasileira","author":"Luiz Ant\u00f4nio Pr\u00f3speri","date":"27 de setembro de 2024","format":false,"excerpt":"Jogadores que atuam em clubes brasileiros continuam fora da Sele\u00e7\u00e3o Brasileira sob comando do t\u00e9cnico Dorival J\u00fanior. Na convoca\u00e7\u00e3o dos 23 para os jogos contra Chile e Peru, em outubro, apenas quatro jogam no Brasil. CBF vai submeter os nossos \u201ceuropeus\u201d a um sacrif\u00edcio desnecess\u00e1rio que pode comprometer desempenho da\u2026","rel":"","context":"Em &quot;futebol&quot;","block_context":{"text":"futebol","link":"https:\/\/blogdoprosperi.com\/?cat=53870"},"img":{"alt_text":"","src":"https:\/\/i0.wp.com\/blogdoprosperi.com\/wp-content\/uploads\/2024\/09\/img_6572-1.jpg?fit=1200%2C800&ssl=1&resize=350%2C200","width":350,"height":200,"srcset":"https:\/\/i0.wp.com\/blogdoprosperi.com\/wp-content\/uploads\/2024\/09\/img_6572-1.jpg?fit=1200%2C800&ssl=1&resize=350%2C200 1x, https:\/\/i0.wp.com\/blogdoprosperi.com\/wp-content\/uploads\/2024\/09\/img_6572-1.jpg?fit=1200%2C800&ssl=1&resize=525%2C300 1.5x, https:\/\/i0.wp.com\/blogdoprosperi.com\/wp-content\/uploads\/2024\/09\/img_6572-1.jpg?fit=1200%2C800&ssl=1&resize=700%2C400 2x, https:\/\/i0.wp.com\/blogdoprosperi.com\/wp-content\/uploads\/2024\/09\/img_6572-1.jpg?fit=1200%2C800&ssl=1&resize=1050%2C600 3x"},"classes":[]},{"id":48525,"url":"https:\/\/blogdoprosperi.com\/?p=48525","url_meta":{"origin":44791,"position":2},"title":"Sele\u00e7\u00e3o Brasileira | Dorival Junior Aposta em Neymar Salvador da P\u00e1tria","author":"Luiz Ant\u00f4nio Pr\u00f3speri","date":"6 de mar\u00e7o de 2025","format":false,"excerpt":"Dorival joga todas fichas na volta de Neymar no momento mais cr\u00edtico da Sele\u00e7\u00e3o Brasileira nas Eliminat\u00f3rias da Copa do Mundo 2026. Treinador aposta no meio campo com jogadores esfor\u00e7ados de times coadjuvantes da Premier League, a principal Liga do futebol internacional. Luiz Ant\u00f4nio Pr\u00f3speri \u2013 6 mar\u00e7o (13h05) \u2013\u2026","rel":"","context":"Em &quot;futebol&quot;","block_context":{"text":"futebol","link":"https:\/\/blogdoprosperi.com\/?cat=53870"},"img":{"alt_text":"Dorival Junior espera Neymar salvar a p\u00e1tria","src":"https:\/\/i0.wp.com\/blogdoprosperi.com\/wp-content\/uploads\/2025\/03\/54369216068_619c5f2bc6_c.jpg?fit=800%2C534&ssl=1&resize=350%2C200","width":350,"height":200,"srcset":"https:\/\/i0.wp.com\/blogdoprosperi.com\/wp-content\/uploads\/2025\/03\/54369216068_619c5f2bc6_c.jpg?fit=800%2C534&ssl=1&resize=350%2C200 1x, https:\/\/i0.wp.com\/blogdoprosperi.com\/wp-content\/uploads\/2025\/03\/54369216068_619c5f2bc6_c.jpg?fit=800%2C534&ssl=1&resize=525%2C300 1.5x, https:\/\/i0.wp.com\/blogdoprosperi.com\/wp-content\/uploads\/2025\/03\/54369216068_619c5f2bc6_c.jpg?fit=800%2C534&ssl=1&resize=700%2C400 2x"},"classes":[]},{"id":45040,"url":"https:\/\/blogdoprosperi.com\/?p=45040","url_meta":{"origin":44791,"position":3},"title":"Brasil x Equador: Sele\u00e7\u00e3o no Div\u00e3 em D\u00edvida com Torcedor","author":"Luiz Ant\u00f4nio Pr\u00f3speri","date":"6 de setembro de 2024","format":false,"excerpt":"Luiz Ant\u00f4nio Pr\u00f3speri \u2013 6 setembro (11h31) Hoje \u00e9 dia de se deitar no div\u00e3 e ouvir milh\u00f5es de psicanalistas diante da televis\u00e3o com uma d\u00favida cruel: a Sele\u00e7\u00e3o Brasileira vai voltar a jogar bem? Mais: Teremos o prazer de ver Estev\u00e3o e Endrick juntos no ataque? A partir das\u2026","rel":"","context":"Em &quot;futebol&quot;","block_context":{"text":"futebol","link":"https:\/\/blogdoprosperi.com\/?cat=53870"},"img":{"alt_text":"Brasil precisa vencer Equador","src":"https:\/\/i0.wp.com\/blogdoprosperi.com\/wp-content\/uploads\/2024\/09\/53974563095_84a88359ca_c.jpg?fit=799%2C536&ssl=1&resize=350%2C200","width":350,"height":200,"srcset":"https:\/\/i0.wp.com\/blogdoprosperi.com\/wp-content\/uploads\/2024\/09\/53974563095_84a88359ca_c.jpg?fit=799%2C536&ssl=1&resize=350%2C200 1x, https:\/\/i0.wp.com\/blogdoprosperi.com\/wp-content\/uploads\/2024\/09\/53974563095_84a88359ca_c.jpg?fit=799%2C536&ssl=1&resize=525%2C300 1.5x, https:\/\/i0.wp.com\/blogdoprosperi.com\/wp-content\/uploads\/2024\/09\/53974563095_84a88359ca_c.jpg?fit=799%2C536&ssl=1&resize=700%2C400 2x"},"classes":[]},{"id":45073,"url":"https:\/\/blogdoprosperi.com\/?p=45073","url_meta":{"origin":44791,"position":4},"title":"Sele\u00e7\u00e3o Brasileira Continua Adormecida no Ber\u00e7o Espl\u00eandido","author":"Luiz Ant\u00f4nio Pr\u00f3speri","date":"7 de setembro de 2024","format":false,"excerpt":"Luiz Ant\u00f4nio Pr\u00f3speri \u2013 7 setembro (13h45) Sele\u00e7\u00e3o Brasileira continua no div\u00e3 sem resolver suas contradi\u00e7\u00f5es. A vit\u00f3ria por 1 a 0 contra o Equador, sexta-feira (06\/9), escancara as evid\u00eancias de que n\u00e3o evolu\u00edmos. Futebol opaco prevalece. Nem \u00e9 por falta de bons jogadores, talentosos. \u00c9 quest\u00e3o de conceito, jeito\u2026","rel":"","context":"Em &quot;futebol&quot;","block_context":{"text":"futebol","link":"https:\/\/blogdoprosperi.com\/?cat=53870"},"img":{"alt_text":"Sele\u00e7\u00e3o adormecida em. ber\u00e7o espl\u00eandido","src":"https:\/\/i0.wp.com\/blogdoprosperi.com\/wp-content\/uploads\/2024\/09\/53977648069_845d151815_c.jpg?fit=800%2C529&ssl=1&resize=350%2C200","width":350,"height":200,"srcset":"https:\/\/i0.wp.com\/blogdoprosperi.com\/wp-content\/uploads\/2024\/09\/53977648069_845d151815_c.jpg?fit=800%2C529&ssl=1&resize=350%2C200 1x, https:\/\/i0.wp.com\/blogdoprosperi.com\/wp-content\/uploads\/2024\/09\/53977648069_845d151815_c.jpg?fit=800%2C529&ssl=1&resize=525%2C300 1.5x, https:\/\/i0.wp.com\/blogdoprosperi.com\/wp-content\/uploads\/2024\/09\/53977648069_845d151815_c.jpg?fit=800%2C529&ssl=1&resize=700%2C400 2x"},"classes":[]},{"id":45813,"url":"https:\/\/blogdoprosperi.com\/?p=45813","url_meta":{"origin":44791,"position":5},"title":"Brasil Precisa de Mais Brasil nas Eliminat\u00f3rias Sul-Americanas da Copa 2026","author":"Luiz Ant\u00f4nio Pr\u00f3speri","date":"11 de outubro de 2024","format":false,"excerpt":"Luiz Ant\u00f4nio Pr\u00f3speri \u2013 11 outubro (12h00) Botafogo empresta tr\u00eas jogadores \u00e0 Sele\u00e7\u00e3o Brasileira de Dorival Junior. Dois deles \u2013 Ygor Jesus e Luiz Henrique \u2013 convertem os gols da vit\u00f3ria (2 a 1) contra o Chile na quinta-feira (10\/10). O gol dos chilenos foi de Vargas, atacante reserva do\u2026","rel":"","context":"Em &quot;futebol&quot;","block_context":{"text":"futebol","link":"https:\/\/blogdoprosperi.com\/?cat=53870"},"img":{"alt_text":"Brasil precisa de mais Brasil nas Eliminat\u00f3rias","src":"https:\/\/i0.wp.com\/blogdoprosperi.com\/wp-content\/uploads\/2024\/10\/54058732893_a40e895ecc_k.jpg?fit=1200%2C819&ssl=1&resize=350%2C200","width":350,"height":200,"srcset":"https:\/\/i0.wp.com\/blogdoprosperi.com\/wp-content\/uploads\/2024\/10\/54058732893_a40e895ecc_k.jpg?fit=1200%2C819&ssl=1&resize=350%2C200 1x, https:\/\/i0.wp.com\/blogdoprosperi.com\/wp-content\/uploads\/2024\/10\/54058732893_a40e895ecc_k.jpg?fit=1200%2C819&ssl=1&resize=525%2C300 1.5x, https:\/\/i0.wp.com\/blogdoprosperi.com\/wp-content\/uploads\/2024\/10\/54058732893_a40e895ecc_k.jpg?fit=1200%2C819&ssl=1&resize=700%2C400 2x, https:\/\/i0.wp.com\/blogdoprosperi.com\/wp-content\/uploads\/2024\/10\/54058732893_a40e895ecc_k.jpg?fit=1200%2C819&ssl=1&resize=1050%2C600 3x"},"classes":[]}],"jetpack_featured_media_url":"https:\/\/i0.wp.com\/blogdoprosperi.com\/wp-content\/uploads\/2024\/08\/gvrk0eywyaah4s1.png?fit=774%2C516&ssl=1","_links":{"self":[{"href":"https:\/\/blogdoprosperi.com\/index.php?rest_route=\/wp\/v2\/posts\/44791","targetHints":{"allow":["GET"]}}],"collection":[{"href":"https:\/\/blogdoprosperi.com\/index.php?rest_route=\/wp\/v2\/posts"}],"about":[{"href":"https:\/\/blogdoprosperi.com\/index.php?rest_route=\/wp\/v2\/types\/post"}],"author":[{"embeddable":true,"href":"https:\/\/blogdoprosperi.com\/index.php?rest_route=\/wp\/v2\/users\/102107496"}],"replies":[{"embeddable":true,"href":"https:\/\/blogdoprosperi.com\/index.php?rest_route=%2Fwp%2Fv2%2Fcomments&post=44791"}],"version-history":[{"count":20,"href":"https:\/\/blogdoprosperi.com\/index.php?rest_route=\/wp\/v2\/posts\/44791\/revisions"}],"predecessor-version":[{"id":44819,"href":"https:\/\/blogdoprosperi.com\/index.php?rest_route=\/wp\/v2\/posts\/44791\/revisions\/44819"}],"wp:featuredmedia":[{"embeddable":true,"href":"https:\/\/blogdoprosperi.com\/index.php?rest_route=\/wp\/v2\/media\/44800"}],"wp:attachment":[{"href":"https:\/\/blogdoprosperi.com\/index.php?rest_route=%2Fwp%2Fv2%2Fmedia&parent=44791"}],"wp:term":[{"taxonomy":"category","embeddable":true,"href":"https:\/\/blogdoprosperi.com\/index.php?rest_route=%2Fwp%2Fv2%2Fcategories&post=44791"},{"taxonomy":"post_tag","embeddable":true,"href":"https:\/\/blogdoprosperi.com\/index.php?rest_route=%2Fwp%2Fv2%2Ftags&post=44791"}],"curies":[{"name":"wp","href":"https:\/\/api.w.org\/{rel}","templated":true}]}}