{"id":44955,"date":"2024-09-04T23:54:30","date_gmt":"2024-09-05T02:54:30","guid":{"rendered":"https:\/\/blogdoprosperi.com\/?p=44955"},"modified":"2024-09-05T13:32:29","modified_gmt":"2024-09-05T16:32:29","slug":"pedro-fora-da-selecao-a-face-cruel-do-futebol","status":"publish","type":"post","link":"https:\/\/blogdoprosperi.com\/?p=44955","title":{"rendered":"Pedro Fora da Sele\u00e7\u00e3o: A Face Cruel do Futebol"},"content":{"rendered":"<p><em>Luiz Ant\u00f4nio Pr\u00f3speri \u2013 4 setembro (23h55)<\/em><\/p>\n<p>Pedro est\u00e1 fora da Sele\u00e7\u00e3o Brasileira, v\u00edtima de uma grave les\u00e3o no joelho esquerdo. No melhor momento de sua carreira, artilheiro do Flamengo e do Brasileir\u00e3o 2024, atacante deve ficar longe da bola por estimados 11 meses. \u00c9 a face cruel do futebol.<\/p>\n<p>Dorival Junior perde Pedro e convoca Jo\u00e3o Pedro, cria do Fluminense e hoje desfilando seus gols no modesto Brighton da Premier League. Atacante vem em socorro \u00e0 Sele\u00e7\u00e3o Brasileira que ter\u00e1 pela frente dois jogos duros contra Equador, sexta-feira em Curitiba, e Paraguai, dia 10 em Assun\u00e7\u00e3o, valendo pontos nas Eliminat\u00f3rias da Copa do Mundo de 2026.<\/p>\n<p><strong>Sa\u00edda lament\u00e1vel de Pedro abre caminho a Endrick, enfim, virar titular do escrete.<\/strong> Garoto do Real Madrid pede passagem na Sele\u00e7\u00e3o desde o in\u00edcio do trabalho de Dorival J\u00fanior, em mar\u00e7o.<\/p>\n<p>Pedro sofreu uma ruptura do ligamento cruzado anterior do joelho esquerdo, em lance sozinho durante treinamento da Sele\u00e7\u00e3o no CT do Athletico Paranaense nessa tarde de quarta-feira (04\/9).<\/p>\n<blockquote><p>&#8220;\u00c9 muito dif\u00edcil se falar alguma coisa. Nos solidarizamos com o atleta, sua fam\u00edlia. Talvez, seja o segundo momento em que o Pedro esteja muito pr\u00f3ximo e acontece o mesmo fato. Nossa torcida para que se recupere rapidamente, a sele\u00e7\u00e3o est\u00e1 de portas abertas.\u00a0Sentimos muito, principalmente por ele, pelo ser humano, pela figura que vinha se comportando, mesmo que conheci alguns anos atr\u00e1s no Flamengo \u2013 DORIVAL JUNIOR&#8221;<\/p><\/blockquote>\n<p><strong>Em 2018, Pedro sofreu ruptura do ligamento cruzado anterior do joelho direito quando atuava no Fluminense.<\/strong> O atacante, naquela ocasi\u00e3o, estava muito perto de ser contratado pelo Real Madrid.<\/p>\n<blockquote><p>Acho que foi doloroso para todos. Para mim, tamb\u00e9m. Pedro meu amigo desde os sete anos de idade. Sei o quanto trabalhou para estar aqui. Aconteceu naquela vez no Fluminense (<em>em 2018<\/em>), agora quando teria oportunidade de come\u00e7ar a partida. Fico triste pelo momento maravilhoso que estava vivendo no Flamengo. Um cara que tem o cheiro do gol. Desejar for\u00e7a, aproveitar que virou pai agora, as filhas dele, que v\u00e3o precisar dele \u2013 BRUNO GUIMAR\u00c3ES, volante da Sele\u00e7\u00e3o.<\/p><\/blockquote>\n<p><strong>DRAMA IGUAL A NEYMAR<\/strong><\/p>\n<p>\u00c9 a mesma les\u00e3o sofrida por Neymar, tamb\u00e9m a servi\u00e7o da Sele\u00e7\u00e3o, h\u00e1 quase um ano.<\/p>\n<p><strong>Neymar ainda n\u00e3o voltou a jogar<\/strong>. Prepara sua volta para outubro e projeta um bom recondicionamento f\u00edsico apenas na temporada 2025.<\/p>\n<p>Les\u00e3o de Pedro provoca enorme preju\u00edzo n\u00e3o apenas \u00e0 Sele\u00e7\u00e3o, mas sobretudo ao Flamengo. Na reta final em tr\u00eas frentes \u2013 Libertadores, Brasileir\u00e3o e Copa do Brasil \u2013, clube carioca n\u00e3o ter\u00e1 seu principal atacante.<\/p>\n<p><strong>FLAMENGO VAI RECORRER \u00c0 FIFA<\/strong><\/p>\n<p>Se na parte t\u00e9cnica n\u00e3o h\u00e1 um substituto do n\u00edvel de Pedro no time, na quest\u00e3o financeira o Flamengo vai acionar a Fifa para ser ressarcido.<\/p>\n<p>Trata-se de uma indeniza\u00e7\u00e3o com base no Programa da Fifa de Prote\u00e7\u00e3o aos Clubes. De acordo com apura\u00e7\u00e3o do site <em>globo esporte (ge)<\/em>, a indeniza\u00e7\u00e3o tem como base o sal\u00e1rio atual de Pedro. <strong>O limite de pagamento da Fifa \u00e9 de 7,5 milh\u00f5es de euros (R$ 46,77 milh\u00f5es<\/strong> na cota\u00e7\u00e3o de hoje, 04\/9). E o per\u00edodo m\u00e1ximo de cobertura \u00e9 de 365 dias, informa o<em> ge.<\/em><\/p>\n<p><strong>Em 2018, Pedro sofreu ruptura do ligamento cruzado anterior do joelho direito quando atuava no Fluminense.<\/strong> O atacante, naquela ocasi\u00e3o, estava muito perto de ser contratado pelo Real Madrid.<\/p>\n<p><strong>INCOER\u00caNCIAS DE DORIVAL<\/strong><\/p>\n<p>Sem Pedro, Dorival convoca Jo\u00e3o Pedro e deixa Evan\u00edlson fora do barco.<\/p>\n<p>Na Copa Am\u00e9rica, disputada em julho nos EUA, o t\u00e9cnico da Sele\u00e7\u00e3o levou Evan\u00edlson para fun\u00e7\u00e3o de centroavante. Jogador pertencia ao Porto e teve poucos minutos com a camisa amarela.<\/p>\n<p><strong>Depois do torneio, Evan\u00edlson foi vendido ao Bournemouth da Premier League por 35 milh\u00f5es de euros<\/strong>.<\/p>\n<p>O meia Pep\u00ea, tamb\u00e9m do Porto, esteve na Copa Am\u00e9rica convocado por Dorival. Jogou m\u00edseros minutos. E foi abandonado por Dorival.<\/p>\n<p>Quando Savinho se machucou na v\u00e9spera de se apresentar \u00e0 Sele\u00e7\u00e3o, na segunda-feira, Dorival optou por um meia na vaga do ponta Savinho. Quem \u00e9 esse meia? Pep\u00ea? N\u00e3o. O eleito foi <strong>Lucas Moura por quem Dorival tem gratid\u00e3o na conquista da Copa do Brasil com o S\u00e3o Paulo.<\/strong><\/p>\n<p>E La Nave Va.<\/p>\n<p>&nbsp;<\/p>\n<p>&nbsp;<\/p>\n","protected":false},"excerpt":{"rendered":"<p>Luiz Ant\u00f4nio Pr\u00f3speri \u2013 4 setembro (23h55) Pedro est\u00e1 fora da Sele\u00e7\u00e3o Brasileira, v\u00edtima de uma grave les\u00e3o [&hellip;]<\/p>\n","protected":false},"author":102107496,"featured_media":44962,"comment_status":"open","ping_status":"open","sticky":false,"template":"","format":"standard","meta":{"_coblocks_attr":"","_coblocks_dimensions":"","_coblocks_responsive_height":"","_coblocks_accordion_ie_support":"","_jetpack_newsletter_access":"","_jetpack_dont_email_post_to_subs":false,"_jetpack_newsletter_tier_id":0,"_jetpack_memberships_contains_paywalled_content":false,"_wpcom_ai_launchpad_first_post":false,"_jetpack_feature_clip_id":0,"_jetpack_memberships_contains_paid_content":false,"footnotes":"","jetpack_publicize_message":"","jetpack_publicize_feature_enabled":true,"jetpack_social_post_already_shared":false,"jetpack_social_options":{"image_generator_settings":{"template":"highway","default_image_id":0,"font":"","enabled":false},"version":2},"jetpack_post_was_ever_published":false},"categories":[53870,3919],"tags":[789560569,773883589,25607665,789560563,449299,789560560,1509512,789560573,62512,789560562],"class_list":["post-44955","post","type-post","status-publish","format-standard","has-post-thumbnail","hentry","category-futebol","category-opiniao","tag-cbf","tag-eliminatorias-copa-2026","tag-endrick","tag-fifa","tag-flamengo","tag-futebol","tag-joao-pedro","tag-luiz-antonio-prosperi","tag-pedro","tag-selecao-brasileira"],"yoast_head":"<!-- This site is optimized with the Yoast SEO plugin v28.4 - https:\/\/yoast.com\/product\/yoast-seo-wordpress\/ -->\n<title>Pedro Fora da Sele\u00e7\u00e3o: A Face Cruel do Futebol - PR\u00d3SPERI NEWS<\/title>\n<meta name=\"robots\" content=\"index, follow, max-snippet:-1, max-image-preview:large, max-video-preview:-1\" \/>\n<link rel=\"canonical\" href=\"https:\/\/blogdoprosperi.com\/?p=44955\" \/>\n<meta property=\"og:locale\" content=\"pt_BR\" \/>\n<meta property=\"og:type\" content=\"article\" \/>\n<meta property=\"og:title\" content=\"Pedro Fora da Sele\u00e7\u00e3o: A Face Cruel do Futebol - PR\u00d3SPERI NEWS\" \/>\n<meta property=\"og:description\" content=\"Luiz Ant\u00f4nio Pr\u00f3speri \u2013 4 setembro (23h55) Pedro est\u00e1 fora da Sele\u00e7\u00e3o Brasileira, v\u00edtima de uma grave les\u00e3o [&hellip;]\" \/>\n<meta property=\"og:url\" content=\"https:\/\/blogdoprosperi.com\/?p=44955\" \/>\n<meta property=\"og:site_name\" content=\"PR\u00d3SPERI NEWS\" \/>\n<meta property=\"article:publisher\" content=\"Luiz Pr\u00f3speri\" \/>\n<meta property=\"article:author\" content=\"Luiz Pr\u00f3speri\" \/>\n<meta property=\"article:published_time\" content=\"2024-09-05T02:54:30+00:00\" \/>\n<meta property=\"article:modified_time\" content=\"2024-09-05T16:32:29+00:00\" \/>\n<meta property=\"og:image\" content=\"https:\/\/i0.wp.com\/blogdoprosperi.com\/wp-content\/uploads\/2024\/09\/53967770542_4f13417a06_k.jpg?fit=2048%2C1366&ssl=1\" \/>\n\t<meta property=\"og:image:width\" content=\"2048\" \/>\n\t<meta property=\"og:image:height\" content=\"1366\" \/>\n\t<meta property=\"og:image:type\" content=\"image\/jpeg\" \/>\n<meta name=\"author\" content=\"Luiz Ant\u00f4nio Pr\u00f3speri\" \/>\n<meta name=\"twitter:card\" content=\"summary_large_image\" \/>\n<meta name=\"twitter:creator\" content=\"@Luizprosperi\" \/>\n<meta name=\"twitter:site\" content=\"@Luizprosperi\" \/>\n<meta name=\"twitter:label1\" content=\"Escrito por\" \/>\n\t<meta name=\"twitter:data1\" content=\"Luiz Ant\u00f4nio Pr\u00f3speri\" \/>\n\t<meta name=\"twitter:label2\" content=\"Est. tempo de leitura\" \/>\n\t<meta name=\"twitter:data2\" content=\"4 minutos\" \/>\n<script type=\"application\/ld+json\" class=\"yoast-schema-graph\">{\"@context\":\"https:\\\/\\\/schema.org\",\"@graph\":[{\"@type\":\"Article\",\"@id\":\"https:\\\/\\\/blogdoprosperi.com\\\/?p=44955#article\",\"isPartOf\":{\"@id\":\"https:\\\/\\\/blogdoprosperi.com\\\/?p=44955\"},\"author\":{\"name\":\"Luiz Ant\u00f4nio Pr\u00f3speri\",\"@id\":\"https:\\\/\\\/blogdoprosperi.com\\\/#\\\/schema\\\/person\\\/38100755ce3601861ee4fab9b5aa78e9\"},\"headline\":\"Pedro Fora da Sele\u00e7\u00e3o: A Face Cruel do Futebol\",\"datePublished\":\"2024-09-05T02:54:30+00:00\",\"dateModified\":\"2024-09-05T16:32:29+00:00\",\"mainEntityOfPage\":{\"@id\":\"https:\\\/\\\/blogdoprosperi.com\\\/?p=44955\"},\"wordCount\":736,\"commentCount\":0,\"publisher\":{\"@id\":\"https:\\\/\\\/blogdoprosperi.com\\\/#\\\/schema\\\/person\\\/38100755ce3601861ee4fab9b5aa78e9\"},\"image\":{\"@id\":\"https:\\\/\\\/blogdoprosperi.com\\\/?p=44955#primaryimage\"},\"thumbnailUrl\":\"https:\\\/\\\/i0.wp.com\\\/blogdoprosperi.com\\\/wp-content\\\/uploads\\\/2024\\\/09\\\/53967770542_4f13417a06_k.jpg?fit=2048%2C1366&ssl=1\",\"keywords\":[\"CBF\",\"eliminat\u00f3rias copa 2026\",\"endrick\",\"Fifa\",\"Flamengo\",\"futebol\",\"Jo\u00e3o Pedro\",\"Luiz Ant\u00f4nio Pr\u00f3speri\",\"pedro\",\"Sele\u00e7\u00e3o Brasileira\"],\"articleSection\":[\"futebol\",\"opini\u00e3o\"],\"inLanguage\":\"pt-BR\",\"potentialAction\":[{\"@type\":\"CommentAction\",\"name\":\"Comment\",\"target\":[\"https:\\\/\\\/blogdoprosperi.com\\\/?p=44955#respond\"]}]},{\"@type\":\"WebPage\",\"@id\":\"https:\\\/\\\/blogdoprosperi.com\\\/?p=44955\",\"url\":\"https:\\\/\\\/blogdoprosperi.com\\\/?p=44955\",\"name\":\"Pedro Fora da Sele\u00e7\u00e3o: A Face Cruel do Futebol - PR\u00d3SPERI NEWS\",\"isPartOf\":{\"@id\":\"https:\\\/\\\/blogdoprosperi.com\\\/#website\"},\"primaryImageOfPage\":{\"@id\":\"https:\\\/\\\/blogdoprosperi.com\\\/?p=44955#primaryimage\"},\"image\":{\"@id\":\"https:\\\/\\\/blogdoprosperi.com\\\/?p=44955#primaryimage\"},\"thumbnailUrl\":\"https:\\\/\\\/i0.wp.com\\\/blogdoprosperi.com\\\/wp-content\\\/uploads\\\/2024\\\/09\\\/53967770542_4f13417a06_k.jpg?fit=2048%2C1366&ssl=1\",\"datePublished\":\"2024-09-05T02:54:30+00:00\",\"dateModified\":\"2024-09-05T16:32:29+00:00\",\"breadcrumb\":{\"@id\":\"https:\\\/\\\/blogdoprosperi.com\\\/?p=44955#breadcrumb\"},\"inLanguage\":\"pt-BR\",\"potentialAction\":[{\"@type\":\"ReadAction\",\"target\":[\"https:\\\/\\\/blogdoprosperi.com\\\/?p=44955\"]}]},{\"@type\":\"ImageObject\",\"inLanguage\":\"pt-BR\",\"@id\":\"https:\\\/\\\/blogdoprosperi.com\\\/?p=44955#primaryimage\",\"url\":\"https:\\\/\\\/i0.wp.com\\\/blogdoprosperi.com\\\/wp-content\\\/uploads\\\/2024\\\/09\\\/53967770542_4f13417a06_k.jpg?fit=2048%2C1366&ssl=1\",\"contentUrl\":\"https:\\\/\\\/i0.wp.com\\\/blogdoprosperi.com\\\/wp-content\\\/uploads\\\/2024\\\/09\\\/53967770542_4f13417a06_k.jpg?fit=2048%2C1366&ssl=1\",\"width\":2048,\"height\":1366,\"caption\":\"Pedro sofre les\u00e3o no joelho e est\u00e1 fora da Sele\u00e7\u00e3o \u2013 foto: CBF oficial\"},{\"@type\":\"BreadcrumbList\",\"@id\":\"https:\\\/\\\/blogdoprosperi.com\\\/?p=44955#breadcrumb\",\"itemListElement\":[{\"@type\":\"ListItem\",\"position\":1,\"name\":\"In\u00edcio\",\"item\":\"https:\\\/\\\/blogdoprosperi.com\\\/\"},{\"@type\":\"ListItem\",\"position\":2,\"name\":\"Pedro Fora da Sele\u00e7\u00e3o: A Face Cruel do Futebol\"}]},{\"@type\":\"WebSite\",\"@id\":\"https:\\\/\\\/blogdoprosperi.com\\\/#website\",\"url\":\"https:\\\/\\\/blogdoprosperi.com\\\/\",\"name\":\"PR\u00d3SPERI NEWS\",\"description\":\"TUDO \u00c9  FUTEBOL\",\"publisher\":{\"@id\":\"https:\\\/\\\/blogdoprosperi.com\\\/#\\\/schema\\\/person\\\/38100755ce3601861ee4fab9b5aa78e9\"},\"alternateName\":\"blogdoprosperi.com\",\"potentialAction\":[{\"@type\":\"SearchAction\",\"target\":{\"@type\":\"EntryPoint\",\"urlTemplate\":\"https:\\\/\\\/blogdoprosperi.com\\\/?s={search_term_string}\"},\"query-input\":{\"@type\":\"PropertyValueSpecification\",\"valueRequired\":true,\"valueName\":\"search_term_string\"}}],\"inLanguage\":\"pt-BR\"},{\"@type\":[\"Person\",\"Organization\"],\"@id\":\"https:\\\/\\\/blogdoprosperi.com\\\/#\\\/schema\\\/person\\\/38100755ce3601861ee4fab9b5aa78e9\",\"name\":\"Luiz Ant\u00f4nio Pr\u00f3speri\",\"pronouns\":\"ele\",\"image\":{\"@type\":\"ImageObject\",\"inLanguage\":\"pt-BR\",\"@id\":\"https:\\\/\\\/i0.wp.com\\\/blogdoprosperi.com\\\/wp-content\\\/uploads\\\/2026\\\/05\\\/cropped-8059e613-6002-42fa-961e-8e275f575d71-2-5.jpg?fit=1360%2C931&ssl=1\",\"url\":\"https:\\\/\\\/i0.wp.com\\\/blogdoprosperi.com\\\/wp-content\\\/uploads\\\/2026\\\/05\\\/cropped-8059e613-6002-42fa-961e-8e275f575d71-2-5.jpg?fit=1360%2C931&ssl=1\",\"contentUrl\":\"https:\\\/\\\/i0.wp.com\\\/blogdoprosperi.com\\\/wp-content\\\/uploads\\\/2026\\\/05\\\/cropped-8059e613-6002-42fa-961e-8e275f575d71-2-5.jpg?fit=1360%2C931&ssl=1\",\"width\":1360,\"height\":931,\"caption\":\"Luiz Ant\u00f4nio Pr\u00f3speri\"},\"logo\":{\"@id\":\"https:\\\/\\\/i0.wp.com\\\/blogdoprosperi.com\\\/wp-content\\\/uploads\\\/2026\\\/05\\\/cropped-8059e613-6002-42fa-961e-8e275f575d71-2-5.jpg?fit=1360%2C931&ssl=1\"},\"description\":\"Jornalista com carreira dedicada ao esporte. Cobriu 9 Copas do Mundo in loco, 1990 na It\u00e1lia, 1994 nos EUA, 1998 na Fran\u00e7a, 2002 na Coreia do Sul e Jap\u00e3o, 2006 na Alemanha, 2010 na \u00c1frica do Sul, 2014 no Brasil, 2018 na R\u00fassia e 2022 no Qatar. Eurocopas, 1992 na Su\u00e9cia e 1996 na Inglaterra. Copa das Confedera\u00e7\u00f5es de 2005 na Alemanha e 2009 na \u00c1frica do Sul. Rep\u00f3rter e Editor, trabalhou no Jornal da Tarde e Estad\u00e3o, de 1984 a fevereiro de 2016. Colunista, blogueiro. E comentarista de futebol na R\u00e1dio Estad\u00e3o, de 2013 a fevereiro de 2016. Jornalista respons\u00e1vel do \\\"Pr\u00f3speri News\\\" (blogdoprosperi.com).\",\"sameAs\":[\"http:\\\/\\\/blogdoprosperi.com\",\"Luiz Pr\u00f3speri\",\"@luiz_prosperi\",\"https:\\\/\\\/x.com\\\/Luizprosperi\",\"@prosperinacopa\",\"luiz.prosperi@icloud.com\"],\"url\":\"https:\\\/\\\/blogdoprosperi.com\\\/?author=102107496\"}]}<\/script>\n<!-- \/ Yoast SEO plugin. -->","yoast_head_json":{"title":"Pedro Fora da Sele\u00e7\u00e3o: A Face Cruel do Futebol - PR\u00d3SPERI NEWS","robots":{"index":"index","follow":"follow","max-snippet":"max-snippet:-1","max-image-preview":"max-image-preview:large","max-video-preview":"max-video-preview:-1"},"canonical":"https:\/\/blogdoprosperi.com\/?p=44955","og_locale":"pt_BR","og_type":"article","og_title":"Pedro Fora da Sele\u00e7\u00e3o: A Face Cruel do Futebol - PR\u00d3SPERI NEWS","og_description":"Luiz Ant\u00f4nio Pr\u00f3speri \u2013 4 setembro (23h55) Pedro est\u00e1 fora da Sele\u00e7\u00e3o Brasileira, v\u00edtima de uma grave les\u00e3o [&hellip;]","og_url":"https:\/\/blogdoprosperi.com\/?p=44955","og_site_name":"PR\u00d3SPERI NEWS","article_publisher":"Luiz Pr\u00f3speri","article_author":"Luiz Pr\u00f3speri","article_published_time":"2024-09-05T02:54:30+00:00","article_modified_time":"2024-09-05T16:32:29+00:00","og_image":[{"width":2048,"height":1366,"url":"https:\/\/i0.wp.com\/blogdoprosperi.com\/wp-content\/uploads\/2024\/09\/53967770542_4f13417a06_k.jpg?fit=2048%2C1366&ssl=1","type":"image\/jpeg"}],"author":"Luiz Ant\u00f4nio Pr\u00f3speri","twitter_card":"summary_large_image","twitter_creator":"@Luizprosperi","twitter_site":"@Luizprosperi","twitter_misc":{"Escrito por":"Luiz Ant\u00f4nio Pr\u00f3speri","Est. tempo de leitura":"4 minutos"},"schema":{"@context":"https:\/\/schema.org","@graph":[{"@type":"Article","@id":"https:\/\/blogdoprosperi.com\/?p=44955#article","isPartOf":{"@id":"https:\/\/blogdoprosperi.com\/?p=44955"},"author":{"name":"Luiz Ant\u00f4nio Pr\u00f3speri","@id":"https:\/\/blogdoprosperi.com\/#\/schema\/person\/38100755ce3601861ee4fab9b5aa78e9"},"headline":"Pedro Fora da Sele\u00e7\u00e3o: A Face Cruel do Futebol","datePublished":"2024-09-05T02:54:30+00:00","dateModified":"2024-09-05T16:32:29+00:00","mainEntityOfPage":{"@id":"https:\/\/blogdoprosperi.com\/?p=44955"},"wordCount":736,"commentCount":0,"publisher":{"@id":"https:\/\/blogdoprosperi.com\/#\/schema\/person\/38100755ce3601861ee4fab9b5aa78e9"},"image":{"@id":"https:\/\/blogdoprosperi.com\/?p=44955#primaryimage"},"thumbnailUrl":"https:\/\/i0.wp.com\/blogdoprosperi.com\/wp-content\/uploads\/2024\/09\/53967770542_4f13417a06_k.jpg?fit=2048%2C1366&ssl=1","keywords":["CBF","eliminat\u00f3rias copa 2026","endrick","Fifa","Flamengo","futebol","Jo\u00e3o Pedro","Luiz Ant\u00f4nio Pr\u00f3speri","pedro","Sele\u00e7\u00e3o Brasileira"],"articleSection":["futebol","opini\u00e3o"],"inLanguage":"pt-BR","potentialAction":[{"@type":"CommentAction","name":"Comment","target":["https:\/\/blogdoprosperi.com\/?p=44955#respond"]}]},{"@type":"WebPage","@id":"https:\/\/blogdoprosperi.com\/?p=44955","url":"https:\/\/blogdoprosperi.com\/?p=44955","name":"Pedro Fora da Sele\u00e7\u00e3o: A Face Cruel do Futebol - PR\u00d3SPERI NEWS","isPartOf":{"@id":"https:\/\/blogdoprosperi.com\/#website"},"primaryImageOfPage":{"@id":"https:\/\/blogdoprosperi.com\/?p=44955#primaryimage"},"image":{"@id":"https:\/\/blogdoprosperi.com\/?p=44955#primaryimage"},"thumbnailUrl":"https:\/\/i0.wp.com\/blogdoprosperi.com\/wp-content\/uploads\/2024\/09\/53967770542_4f13417a06_k.jpg?fit=2048%2C1366&ssl=1","datePublished":"2024-09-05T02:54:30+00:00","dateModified":"2024-09-05T16:32:29+00:00","breadcrumb":{"@id":"https:\/\/blogdoprosperi.com\/?p=44955#breadcrumb"},"inLanguage":"pt-BR","potentialAction":[{"@type":"ReadAction","target":["https:\/\/blogdoprosperi.com\/?p=44955"]}]},{"@type":"ImageObject","inLanguage":"pt-BR","@id":"https:\/\/blogdoprosperi.com\/?p=44955#primaryimage","url":"https:\/\/i0.wp.com\/blogdoprosperi.com\/wp-content\/uploads\/2024\/09\/53967770542_4f13417a06_k.jpg?fit=2048%2C1366&ssl=1","contentUrl":"https:\/\/i0.wp.com\/blogdoprosperi.com\/wp-content\/uploads\/2024\/09\/53967770542_4f13417a06_k.jpg?fit=2048%2C1366&ssl=1","width":2048,"height":1366,"caption":"Pedro sofre les\u00e3o no joelho e est\u00e1 fora da Sele\u00e7\u00e3o \u2013 foto: CBF oficial"},{"@type":"BreadcrumbList","@id":"https:\/\/blogdoprosperi.com\/?p=44955#breadcrumb","itemListElement":[{"@type":"ListItem","position":1,"name":"In\u00edcio","item":"https:\/\/blogdoprosperi.com\/"},{"@type":"ListItem","position":2,"name":"Pedro Fora da Sele\u00e7\u00e3o: A Face Cruel do Futebol"}]},{"@type":"WebSite","@id":"https:\/\/blogdoprosperi.com\/#website","url":"https:\/\/blogdoprosperi.com\/","name":"PR\u00d3SPERI NEWS","description":"TUDO \u00c9  FUTEBOL","publisher":{"@id":"https:\/\/blogdoprosperi.com\/#\/schema\/person\/38100755ce3601861ee4fab9b5aa78e9"},"alternateName":"blogdoprosperi.com","potentialAction":[{"@type":"SearchAction","target":{"@type":"EntryPoint","urlTemplate":"https:\/\/blogdoprosperi.com\/?s={search_term_string}"},"query-input":{"@type":"PropertyValueSpecification","valueRequired":true,"valueName":"search_term_string"}}],"inLanguage":"pt-BR"},{"@type":["Person","Organization"],"@id":"https:\/\/blogdoprosperi.com\/#\/schema\/person\/38100755ce3601861ee4fab9b5aa78e9","name":"Luiz Ant\u00f4nio Pr\u00f3speri","pronouns":"ele","image":{"@type":"ImageObject","inLanguage":"pt-BR","@id":"https:\/\/i0.wp.com\/blogdoprosperi.com\/wp-content\/uploads\/2026\/05\/cropped-8059e613-6002-42fa-961e-8e275f575d71-2-5.jpg?fit=1360%2C931&ssl=1","url":"https:\/\/i0.wp.com\/blogdoprosperi.com\/wp-content\/uploads\/2026\/05\/cropped-8059e613-6002-42fa-961e-8e275f575d71-2-5.jpg?fit=1360%2C931&ssl=1","contentUrl":"https:\/\/i0.wp.com\/blogdoprosperi.com\/wp-content\/uploads\/2026\/05\/cropped-8059e613-6002-42fa-961e-8e275f575d71-2-5.jpg?fit=1360%2C931&ssl=1","width":1360,"height":931,"caption":"Luiz Ant\u00f4nio Pr\u00f3speri"},"logo":{"@id":"https:\/\/i0.wp.com\/blogdoprosperi.com\/wp-content\/uploads\/2026\/05\/cropped-8059e613-6002-42fa-961e-8e275f575d71-2-5.jpg?fit=1360%2C931&ssl=1"},"description":"Jornalista com carreira dedicada ao esporte. Cobriu 9 Copas do Mundo in loco, 1990 na It\u00e1lia, 1994 nos EUA, 1998 na Fran\u00e7a, 2002 na Coreia do Sul e Jap\u00e3o, 2006 na Alemanha, 2010 na \u00c1frica do Sul, 2014 no Brasil, 2018 na R\u00fassia e 2022 no Qatar. Eurocopas, 1992 na Su\u00e9cia e 1996 na Inglaterra. Copa das Confedera\u00e7\u00f5es de 2005 na Alemanha e 2009 na \u00c1frica do Sul. Rep\u00f3rter e Editor, trabalhou no Jornal da Tarde e Estad\u00e3o, de 1984 a fevereiro de 2016. Colunista, blogueiro. E comentarista de futebol na R\u00e1dio Estad\u00e3o, de 2013 a fevereiro de 2016. Jornalista respons\u00e1vel do \"Pr\u00f3speri News\" (blogdoprosperi.com).","sameAs":["http:\/\/blogdoprosperi.com","Luiz Pr\u00f3speri","@luiz_prosperi","https:\/\/x.com\/Luizprosperi","@prosperinacopa","luiz.prosperi@icloud.com"],"url":"https:\/\/blogdoprosperi.com\/?author=102107496"}]}},"jetpack_publicize_connections":[],"jetpack_likes_enabled":false,"jetpack_sharing_enabled":true,"jetpack_shortlink":"https:\/\/wp.me\/p7jvdk-bH5","jetpack-related-posts":[{"id":44791,"url":"https:\/\/blogdoprosperi.com\/?p=44791","url_meta":{"origin":44955,"position":0},"title":"Estev\u00e3o, 17 anos, \u00e9 Novidade da Sele\u00e7\u00e3o Brasileira de Dorival J\u00fanior","author":"Luiz Ant\u00f4nio Pr\u00f3speri","date":"23 de agosto de 2024","format":false,"excerpt":"Luiz Antonio Pr\u00f3speri \u2013 23 agosto (12h40) Estev\u00e3o (Palmeiras), Luiz Henrique (Botafogo), Pedro e Gerson (Flamengo), as novidades de Dorival J\u00fanior na Sele\u00e7\u00e3o Brasileira. Faltou o meia Matheus Pereira, do Cruzeiro, na lista. A convoca\u00e7\u00e3o \u00e9 para jogos das Eliminat\u00f3rias da Copa do Mundo 2026 contra Equador, dia 6 de\u2026","rel":"","context":"Em &quot;futebol&quot;","block_context":{"text":"futebol","link":"https:\/\/blogdoprosperi.com\/?cat=53870"},"img":{"alt_text":"Estev\u00e3o \u00e9 a novidade na Sele\u00e7\u00e3o Brasileira","src":"https:\/\/i0.wp.com\/blogdoprosperi.com\/wp-content\/uploads\/2024\/08\/gvrk0eywyaah4s1.png?fit=774%2C516&ssl=1&resize=350%2C200","width":350,"height":200,"srcset":"https:\/\/i0.wp.com\/blogdoprosperi.com\/wp-content\/uploads\/2024\/08\/gvrk0eywyaah4s1.png?fit=774%2C516&ssl=1&resize=350%2C200 1x, https:\/\/i0.wp.com\/blogdoprosperi.com\/wp-content\/uploads\/2024\/08\/gvrk0eywyaah4s1.png?fit=774%2C516&ssl=1&resize=525%2C300 1.5x, https:\/\/i0.wp.com\/blogdoprosperi.com\/wp-content\/uploads\/2024\/08\/gvrk0eywyaah4s1.png?fit=774%2C516&ssl=1&resize=700%2C400 2x"},"classes":[]},{"id":48525,"url":"https:\/\/blogdoprosperi.com\/?p=48525","url_meta":{"origin":44955,"position":1},"title":"Sele\u00e7\u00e3o Brasileira | Dorival Junior Aposta em Neymar Salvador da P\u00e1tria","author":"Luiz Ant\u00f4nio Pr\u00f3speri","date":"6 de mar\u00e7o de 2025","format":false,"excerpt":"Dorival joga todas fichas na volta de Neymar no momento mais cr\u00edtico da Sele\u00e7\u00e3o Brasileira nas Eliminat\u00f3rias da Copa do Mundo 2026. Treinador aposta no meio campo com jogadores esfor\u00e7ados de times coadjuvantes da Premier League, a principal Liga do futebol internacional. Luiz Ant\u00f4nio Pr\u00f3speri \u2013 6 mar\u00e7o (13h05) \u2013\u2026","rel":"","context":"Em &quot;futebol&quot;","block_context":{"text":"futebol","link":"https:\/\/blogdoprosperi.com\/?cat=53870"},"img":{"alt_text":"Dorival Junior espera Neymar salvar a p\u00e1tria","src":"https:\/\/i0.wp.com\/blogdoprosperi.com\/wp-content\/uploads\/2025\/03\/54369216068_619c5f2bc6_c.jpg?fit=800%2C534&ssl=1&resize=350%2C200","width":350,"height":200,"srcset":"https:\/\/i0.wp.com\/blogdoprosperi.com\/wp-content\/uploads\/2025\/03\/54369216068_619c5f2bc6_c.jpg?fit=800%2C534&ssl=1&resize=350%2C200 1x, https:\/\/i0.wp.com\/blogdoprosperi.com\/wp-content\/uploads\/2025\/03\/54369216068_619c5f2bc6_c.jpg?fit=800%2C534&ssl=1&resize=525%2C300 1.5x, https:\/\/i0.wp.com\/blogdoprosperi.com\/wp-content\/uploads\/2025\/03\/54369216068_619c5f2bc6_c.jpg?fit=800%2C534&ssl=1&resize=700%2C400 2x"},"classes":[]},{"id":44903,"url":"https:\/\/blogdoprosperi.com\/?p=44903","url_meta":{"origin":44955,"position":2},"title":"Sele\u00e7\u00e3o Brasileira: Pressionado, Dorival Poderia escalar Estev\u00e3o, Endrick e Vini Jr","author":"Luiz Ant\u00f4nio Pr\u00f3speri","date":"3 de setembro de 2024","format":false,"excerpt":"Luiz Antonio Pr\u00f3speri \u2013 3 setembro (20h50) Dorival J\u00fanior entra na semana decisiva nesse come\u00e7o de seu trabalho na Sele\u00e7\u00e3o Brasileira. N\u00e3o h\u00e1 mais tempo para experi\u00eancias. Cobran\u00e7a na CBF \u00e9 por resultados. Dorival sabe: \u00e9 uma obriga\u00e7\u00e3o vencer Equador (sexta-feira, dia 6) e Paraguai (ter\u00e7a-feira, dia 10), dois jogos\u2026","rel":"","context":"Em &quot;futebol&quot;","block_context":{"text":"futebol","link":"https:\/\/blogdoprosperi.com\/?cat=53870"},"img":{"alt_text":"Estev\u00e3o, Endrick e Vini Jr no ataque da Sele\u00e7\u00e3o","src":"https:\/\/i0.wp.com\/blogdoprosperi.com\/wp-content\/uploads\/2024\/09\/53968898203_0640da1fad_k.jpg?fit=1200%2C809&ssl=1&resize=350%2C200","width":350,"height":200,"srcset":"https:\/\/i0.wp.com\/blogdoprosperi.com\/wp-content\/uploads\/2024\/09\/53968898203_0640da1fad_k.jpg?fit=1200%2C809&ssl=1&resize=350%2C200 1x, https:\/\/i0.wp.com\/blogdoprosperi.com\/wp-content\/uploads\/2024\/09\/53968898203_0640da1fad_k.jpg?fit=1200%2C809&ssl=1&resize=525%2C300 1.5x, https:\/\/i0.wp.com\/blogdoprosperi.com\/wp-content\/uploads\/2024\/09\/53968898203_0640da1fad_k.jpg?fit=1200%2C809&ssl=1&resize=700%2C400 2x, https:\/\/i0.wp.com\/blogdoprosperi.com\/wp-content\/uploads\/2024\/09\/53968898203_0640da1fad_k.jpg?fit=1200%2C809&ssl=1&resize=1050%2C600 3x"},"classes":[]},{"id":45532,"url":"https:\/\/blogdoprosperi.com\/?p=45532","url_meta":{"origin":44955,"position":3},"title":"Sele\u00e7\u00e3o Brasileira: Hora de Apostar em Jogadores Dom\u00e9sticos e Largar os &#8220;Europeus&#8221;","author":"Luiz Ant\u00f4nio Pr\u00f3speri","date":"26 de setembro de 2024","format":false,"excerpt":"Sele\u00e7\u00e3o Brasileira submete jogadores \"europeus\" ao sacrif\u00edcio nas Eliminat\u00f3rias da Copa 2026. A hora \u00e9 dos \"dom\u00e9sticos\".","rel":"","context":"Em &quot;futebol&quot;","block_context":{"text":"futebol","link":"https:\/\/blogdoprosperi.com\/?cat=53870"},"img":{"alt_text":"Sele\u00e7\u00e3o: Hora de apostar no \"dom\u00e9sticos\"","src":"https:\/\/i0.wp.com\/blogdoprosperi.com\/wp-content\/uploads\/2024\/09\/53254740463_137ad4910b_k-aspect-ratio-512-320-4.webp?fit=1200%2C750&ssl=1&resize=350%2C200","width":350,"height":200,"srcset":"https:\/\/i0.wp.com\/blogdoprosperi.com\/wp-content\/uploads\/2024\/09\/53254740463_137ad4910b_k-aspect-ratio-512-320-4.webp?fit=1200%2C750&ssl=1&resize=350%2C200 1x, https:\/\/i0.wp.com\/blogdoprosperi.com\/wp-content\/uploads\/2024\/09\/53254740463_137ad4910b_k-aspect-ratio-512-320-4.webp?fit=1200%2C750&ssl=1&resize=525%2C300 1.5x, https:\/\/i0.wp.com\/blogdoprosperi.com\/wp-content\/uploads\/2024\/09\/53254740463_137ad4910b_k-aspect-ratio-512-320-4.webp?fit=1200%2C750&ssl=1&resize=700%2C400 2x, https:\/\/i0.wp.com\/blogdoprosperi.com\/wp-content\/uploads\/2024\/09\/53254740463_137ad4910b_k-aspect-ratio-512-320-4.webp?fit=1200%2C750&ssl=1&resize=1050%2C600 3x"},"classes":[]},{"id":52736,"url":"https:\/\/blogdoprosperi.com\/?p=52736","url_meta":{"origin":44955,"position":4},"title":"Mundial de Clubes e a Mentira no Embate entre Brasileiros e Europeus","author":"Luiz Ant\u00f4nio Pr\u00f3speri","date":"8 de julho de 2025","format":false,"excerpt":"Luiz Ant\u00f4nio Pr\u00f3speri \u2013 8 julho (13h05) \u2013 Fluminense x Chelsea fecham hoje (08\/7) o \u00faltimo embate entre europeus e brasileiros no Mundial de Clubes, isso se o clube ingl\u00eas vencer. No caso de vit\u00f3ria do time de Renato Ga\u00facho, o cap\u00edtulo final ser\u00e1 na decis\u00e3o do Mundial, domingo (13\/7).\u2026","rel":"","context":"Em &quot;futebol&quot;","block_context":{"text":"futebol","link":"https:\/\/blogdoprosperi.com\/?cat=53870"},"img":{"alt_text":"","src":"https:\/\/i0.wp.com\/blogdoprosperi.com\/wp-content\/uploads\/2025\/06\/captura-de-tela-2025-06-27-as-11.32.00-1.png?fit=1200%2C1036&ssl=1&resize=350%2C200","width":350,"height":200,"srcset":"https:\/\/i0.wp.com\/blogdoprosperi.com\/wp-content\/uploads\/2025\/06\/captura-de-tela-2025-06-27-as-11.32.00-1.png?fit=1200%2C1036&ssl=1&resize=350%2C200 1x, https:\/\/i0.wp.com\/blogdoprosperi.com\/wp-content\/uploads\/2025\/06\/captura-de-tela-2025-06-27-as-11.32.00-1.png?fit=1200%2C1036&ssl=1&resize=525%2C300 1.5x, https:\/\/i0.wp.com\/blogdoprosperi.com\/wp-content\/uploads\/2025\/06\/captura-de-tela-2025-06-27-as-11.32.00-1.png?fit=1200%2C1036&ssl=1&resize=700%2C400 2x, https:\/\/i0.wp.com\/blogdoprosperi.com\/wp-content\/uploads\/2025\/06\/captura-de-tela-2025-06-27-as-11.32.00-1.png?fit=1200%2C1036&ssl=1&resize=1050%2C600 3x"},"classes":[]},{"id":45574,"url":"https:\/\/blogdoprosperi.com\/?p=45574","url_meta":{"origin":44955,"position":5},"title":"Dorival Repete Lista de Convocados dos \u00daltimos Fracassos da Sele\u00e7\u00e3o Brasileira","author":"Luiz Ant\u00f4nio Pr\u00f3speri","date":"27 de setembro de 2024","format":false,"excerpt":"Jogadores que atuam em clubes brasileiros continuam fora da Sele\u00e7\u00e3o Brasileira sob comando do t\u00e9cnico Dorival J\u00fanior. Na convoca\u00e7\u00e3o dos 23 para os jogos contra Chile e Peru, em outubro, apenas quatro jogam no Brasil. CBF vai submeter os nossos \u201ceuropeus\u201d a um sacrif\u00edcio desnecess\u00e1rio que pode comprometer desempenho da\u2026","rel":"","context":"Em &quot;futebol&quot;","block_context":{"text":"futebol","link":"https:\/\/blogdoprosperi.com\/?cat=53870"},"img":{"alt_text":"","src":"https:\/\/i0.wp.com\/blogdoprosperi.com\/wp-content\/uploads\/2024\/09\/img_6572-1.jpg?fit=1200%2C800&ssl=1&resize=350%2C200","width":350,"height":200,"srcset":"https:\/\/i0.wp.com\/blogdoprosperi.com\/wp-content\/uploads\/2024\/09\/img_6572-1.jpg?fit=1200%2C800&ssl=1&resize=350%2C200 1x, https:\/\/i0.wp.com\/blogdoprosperi.com\/wp-content\/uploads\/2024\/09\/img_6572-1.jpg?fit=1200%2C800&ssl=1&resize=525%2C300 1.5x, https:\/\/i0.wp.com\/blogdoprosperi.com\/wp-content\/uploads\/2024\/09\/img_6572-1.jpg?fit=1200%2C800&ssl=1&resize=700%2C400 2x, https:\/\/i0.wp.com\/blogdoprosperi.com\/wp-content\/uploads\/2024\/09\/img_6572-1.jpg?fit=1200%2C800&ssl=1&resize=1050%2C600 3x"},"classes":[]}],"jetpack_featured_media_url":"https:\/\/i0.wp.com\/blogdoprosperi.com\/wp-content\/uploads\/2024\/09\/53967770542_4f13417a06_k.jpg?fit=2048%2C1366&ssl=1","_links":{"self":[{"href":"https:\/\/blogdoprosperi.com\/index.php?rest_route=\/wp\/v2\/posts\/44955","targetHints":{"allow":["GET"]}}],"collection":[{"href":"https:\/\/blogdoprosperi.com\/index.php?rest_route=\/wp\/v2\/posts"}],"about":[{"href":"https:\/\/blogdoprosperi.com\/index.php?rest_route=\/wp\/v2\/types\/post"}],"author":[{"embeddable":true,"href":"https:\/\/blogdoprosperi.com\/index.php?rest_route=\/wp\/v2\/users\/102107496"}],"replies":[{"embeddable":true,"href":"https:\/\/blogdoprosperi.com\/index.php?rest_route=%2Fwp%2Fv2%2Fcomments&post=44955"}],"version-history":[{"count":13,"href":"https:\/\/blogdoprosperi.com\/index.php?rest_route=\/wp\/v2\/posts\/44955\/revisions"}],"predecessor-version":[{"id":45004,"href":"https:\/\/blogdoprosperi.com\/index.php?rest_route=\/wp\/v2\/posts\/44955\/revisions\/45004"}],"wp:featuredmedia":[{"embeddable":true,"href":"https:\/\/blogdoprosperi.com\/index.php?rest_route=\/wp\/v2\/media\/44962"}],"wp:attachment":[{"href":"https:\/\/blogdoprosperi.com\/index.php?rest_route=%2Fwp%2Fv2%2Fmedia&parent=44955"}],"wp:term":[{"taxonomy":"category","embeddable":true,"href":"https:\/\/blogdoprosperi.com\/index.php?rest_route=%2Fwp%2Fv2%2Fcategories&post=44955"},{"taxonomy":"post_tag","embeddable":true,"href":"https:\/\/blogdoprosperi.com\/index.php?rest_route=%2Fwp%2Fv2%2Ftags&post=44955"}],"curies":[{"name":"wp","href":"https:\/\/api.w.org\/{rel}","templated":true}]}}