{"id":44966,"date":"2024-09-05T12:57:35","date_gmt":"2024-09-05T15:57:35","guid":{"rendered":"https:\/\/blogdoprosperi.com\/?p=44966"},"modified":"2024-10-28T18:51:50","modified_gmt":"2024-10-28T21:51:50","slug":"racismo-vini-jr-corre-risco-de-nao-ganhar-bola-de-ouro-de-melhor-do-mundo","status":"publish","type":"post","link":"https:\/\/blogdoprosperi.com\/?p=44966","title":{"rendered":"Racismo: Vini Jr Corre Risco de N\u00e3o Levar a Bola de Ouro"},"content":{"rendered":"<p><em>Luiz Ant\u00f4nio Pr\u00f3speri \u2013 publicado em 5 setembro (13h00)<\/em><\/p>\n<p>Vini Jr est\u00e1 entre os 30 candidatos a levar a Bola de Ouro de melhor jogador do mundo na temporada 2023\/2024. A lista dos indicados pela revista <em>France Football<\/em>, organizadora da elei\u00e7\u00e3o, saiu nessa quarta-feira (04\/9). Vini Jr \u00e9 o favorito. Quer dizer, era. Uma entrevista do jogador \u00e0 rede CNN, em que refor\u00e7a sua luta contra o racismo, pode contribuir para tirar de Vini a Bola de Ouro.<\/p>\n<p>Vini Jr \u00e9 o \u00fanico brasileiro entre os 30 concorrentes. Vencedor da Bola de Ouro ser\u00e1 anunciado na cerim\u00f4nia no Th\u00e9\u00e2tre du Ch\u00e2telet, em Paris, dia 28 de outubro.<\/p>\n<p><em>Confira os 30 indicados:<\/em><\/p>\n<p><a href=\"https:\/\/youtube.com\/shorts\/0_amzHdQgX8?si=iaE_VLfwedSUcYCT\">https:\/\/youtube.com\/shorts\/0_amzHdQgX8?si=iaE_VLfwedSUcYC<\/a><span><strong><a style=\"color: #0000ff\" href=\"https:\/\/ge.globo.com\/video\/bola-de-ouro-2024-vini-jr-haaland-e-mais-28-nomes-indicados-veja-lista-12890421.ghtml\">T<\/a><\/strong><\/span><\/p>\n<p><em>Entenda como \u00e9 feita elei\u00e7\u00e3o da Bola de Ouro:<\/em><\/p>\n<p>Revista<em> France Football<\/em> indica 30 jogadores candidatos e envia para um jornalista selecionado de cada pa\u00eds entre os 100 primeiros do ranking da FIFA. E cada jornalista escala seu top 5 \u2013 na ordem do primeiro ao quinto \u2013 &nbsp;e a revista soma as pontua\u00e7\u00f5es para definir o <b>vencedor da Bola de Ouro<\/b>. No Brasil, <strong>jornalista Cleber Machado, ex-Globo,<\/strong> \u00e9 o \u00fanico credenciado com direito a voto.<\/p>\n<p><em>Acompanhe a declara\u00e7\u00e3o de Vini Jr \u00e0 rede CNN que pode influir na elei\u00e7\u00e3o do jogador Bola de Ouro, o que seria um absurdo. <\/em><\/p>\n<p><em>Vini sugere que a Espanha possa perder o direito de ser uma das sedes da Copa do Mundo de 2030 se n\u00e3o evoluir na luta contra o racismo:<\/em><\/p>\n<p>\u201cAt\u00e9 2030 h\u00e1 uma margem muito grande para evolu\u00e7\u00e3o. Espero que a Espanha possa evoluir e compreender a gravidade de insultar uma pessoa por causa da cor da sua pele. <strong>Porque se as coisas n\u00e3o evolu\u00edrem at\u00e9 2030, acho que o local (<em>da Copa do Mundo<\/em>) deveria ser mudado<\/strong>. Porque se um jogador n\u00e3o se sente confort\u00e1vel e n\u00e3o se sente seguro jogando num pa\u00eds onde pode sofrer racismo, \u00e9 muito complicado. Mas quero fazer todo o poss\u00edvel para que as coisas possam mudar. <strong>Porque h\u00e1 muitas pessoas na Espanha, ou a maioria, que n\u00e3o s\u00e3o racistas.<\/strong> Mas h\u00e1 um pequeno grupo que acaba por afetar a imagem de um pa\u00eds onde \u00e9 bom viver, onde adoro viver.\u201d<\/p>\n<p>Essa declara\u00e7\u00e3o de <span><strong><a style=\"color: #0000ff\" href=\"https:\/\/blogdoprosperi.com\/2024\/06\/25\/vini-jr-nao-queira-ser-neymar-faca-o-simples\/\">Vini Jr repercute entre os jogadores<\/a><\/strong><\/span><span><strong> <\/strong><\/span>e t\u00e9cnico da sele\u00e7\u00e3o da Espanha, reunidos para disputar jogos da Nations League na data Fifa, e n\u00e3o s\u00f3 no futebol. Prefeito de Madrid e ministros do governo espanhol tamb\u00e9m se mostraram indignados com a manifesta\u00e7\u00e3o de Vini.<\/p>\n<p><strong>CARVAJAL \u2013 lateral do Real Madrid e capit\u00e3o da Sele\u00e7\u00e3o da Espanha:<\/strong><\/p>\n<blockquote><p>N\u00e3o h\u00e1 d\u00favidas de que a Espanha n\u00e3o \u00e9 um pa\u00eds racista. Desde pequeno cresci com v\u00e1rias nacionalidades no meu bairro, em Legan\u00e9s. <strong>S\u00f3 quero lembrar que somos totalmente contra qualquer situa\u00e7\u00e3o racista nos est\u00e1dios. Sei o que o Vini sofre e o apoiamos interna e publicamente.<\/strong>&nbsp;Creio que a La Liga est\u00e1 melhorando e criando protocolos para que esses energ\u00famenos n\u00e3o possam voltar a eventos esportivos.<strong> Com exce\u00e7\u00e3o dessas pessoas, n\u00e3o acho que a Espanha n\u00e3o mere\u00e7a organizar uma Copa&#8221;<\/strong><\/p>\n<\/blockquote>\n<p><strong><span class=\"alignnone\"><img data-recalc-dims=\"1\" loading=\"lazy\" decoding=\"async\" data-attachment-id=\"44978\" data-permalink=\"https:\/\/blogdoprosperi.com\/?attachment_id=44978\" data-orig-file=\"https:\/\/i0.wp.com\/blogdoprosperi.com\/wp-content\/uploads\/2024\/09\/g0509.1710138e1e002b76b544d0d440ed8109.jpg?fit=600%2C820&amp;ssl=1\" data-orig-size=\"600,820\" data-comments-opened=\"1\" data-image-meta=\"{&quot;aperture&quot;:&quot;0&quot;,&quot;credit&quot;:&quot;&quot;,&quot;camera&quot;:&quot;&quot;,&quot;caption&quot;:&quot;&quot;,&quot;created_timestamp&quot;:&quot;0&quot;,&quot;copyright&quot;:&quot;&quot;,&quot;focal_length&quot;:&quot;0&quot;,&quot;iso&quot;:&quot;0&quot;,&quot;shutter_speed&quot;:&quot;0&quot;,&quot;title&quot;:&quot;&quot;,&quot;orientation&quot;:&quot;0&quot;}\" data-image-title=\"Jornal Marca 05\/9\" data-image-description=\"\" data-image-caption=\"\" data-large-file=\"https:\/\/i0.wp.com\/blogdoprosperi.com\/wp-content\/uploads\/2024\/09\/g0509.1710138e1e002b76b544d0d440ed8109.jpg?fit=600%2C820&amp;ssl=1\" src=\"https:\/\/i0.wp.com\/blogdoprosperi.com\/wp-content\/uploads\/2024\/09\/g0509.1710138e1e002b76b544d0d440ed8109.jpg?resize=491%2C671&#038;ssl=1\" class=\"alignnone wp-image-44978\" alt=\"Capa do jornal Marca 05\/9\" width=\"491\" height=\"671\"><\/span><\/strong><\/p>\n<p class=\"ue-c-article--first-letter-highlighted\"><strong>MINISTRO DO INTERIOR DA ESPANHA \u2013 Fernando Marlaska:<\/strong><\/p>\n<p>\u201cA \u00fanica coisa que tenho a dizer \u00e9 que o nosso pa\u00eds \u00e9&nbsp;<strong>um pa\u00eds onde o respeito pela diversidade faz parte do nosso DNA<\/strong> e, portanto, do nosso combate eficaz e direto a todos os comportamentos discriminat\u00f3rios.\u201d<\/p>\n<p><strong>PREFEITO DE MADRID \u2013 &nbsp;<span class=\"ue-c-article__blockquote-author\">Jos\u00e9 Luis Mart\u00ednez-Almeida:<\/span><\/strong><\/p>\n<p>\u201cTodos sabemos que existem epis\u00f3dios racistas na sociedade e que temos de trabalhar arduamente para eliminar esses epis\u00f3dios racistas.&nbsp;<strong>Mas \u00e9 profundamente injusto para Espanha e, particularmente, para Madrid, dizer que somos uma sociedade racista<\/strong> e, al\u00e9m disso, para colocar a celebra\u00e7\u00e3o da Copa do Mundo de 2030 em perigo, pe\u00e7o que voc\u00ea (<em>Vini Jr<\/em>) retifique<strong>, voc\u00ea tem que se desculpar<\/strong>, saiba que quando houver um epis\u00f3dio racista voc\u00ea &nbsp;(<em>Vini Jr<\/em>) ter\u00e1 todos n\u00f3s ao seu lado, mas n\u00e3o ter\u00e1 todos n\u00f3s ao seu lado <strong>quando voc\u00ea diz que somos racistas porque isso n\u00e3o \u00e9 verdade. <\/strong>N\u00e3o posso aceitar isso&#8221;.<\/p>\n<blockquote><p>O fato de ele (<em>Vini Jr<\/em>) ter passado por certos epis\u00f3dios lament\u00e1veis n\u00e3o justifica que ele chame praticamente toda a sociedade espanhola de racista e diga que a Copa do Mundo de 2030 n\u00e3o deveria ser realizada.&#8221;<\/p>\n<\/blockquote>\n<div class=\"midwidget-taboola\">\n<div id=\"taboola-mid-article-mca-oc-1725546566899\" class=\"taboola-mid-article-widget trc_related_container trc_spotlight_widget tbl-trecs-container trc_elastic trc_elastic_organic-thumbnails-d-2x1\">\n<div class=\"trc_rbox_container\">\n<div>\n<div id=\"trc_wrapper_7045362074\" class=\"trc_rbox organic-thumbnails-d-2x1 trc-content-organic\">\n<div id=\"outer_7045362074\" class=\"trc_rbox_outer\">\n<div id=\"rbox-t2m\" class=\"trc_rbox_div trc_rbox_border_elm\">\n<div id=\"internal_trc_7045362074\">\n<div class=\"videoCube trc_spotlight_item origin-default textItem thumbnail_start videoCube_1_child trc-first-recommendation trc-spotlight-first-recommendation trc_excludable\">&nbsp;<strong>VINI JR<\/strong><\/div>\n<\/div>\n<\/div>\n<\/div>\n<\/div>\n<\/div>\n<\/div>\n<\/div>\n<\/div>\n<blockquote>\n<figure id=\"attachment_44990\" aria-describedby=\"caption-attachment-44990\" style=\"width: 494px\" class=\"wp-caption alignnone\"><img data-recalc-dims=\"1\" loading=\"lazy\" decoding=\"async\" data-attachment-id=\"44990\" data-permalink=\"https:\/\/blogdoprosperi.com\/?attachment_id=44990\" data-orig-file=\"https:\/\/i0.wp.com\/blogdoprosperi.com\/wp-content\/uploads\/2024\/09\/captura-de-tela-2024-09-05-as-12.36.27.png?fit=798%2C694&amp;ssl=1\" data-orig-size=\"798,694\" data-comments-opened=\"1\" data-image-meta=\"{&quot;aperture&quot;:&quot;0&quot;,&quot;credit&quot;:&quot;&quot;,&quot;camera&quot;:&quot;&quot;,&quot;caption&quot;:&quot;&quot;,&quot;created_timestamp&quot;:&quot;0&quot;,&quot;copyright&quot;:&quot;&quot;,&quot;focal_length&quot;:&quot;0&quot;,&quot;iso&quot;:&quot;0&quot;,&quot;shutter_speed&quot;:&quot;0&quot;,&quot;title&quot;:&quot;&quot;,&quot;orientation&quot;:&quot;0&quot;}\" data-image-title=\"Vini Jr contra Racismo\" data-image-description=\"\" data-image-caption=\"&lt;p&gt;foto: reprodu\u00e7\u00e3o Instagram&lt;\/p&gt;\n\" data-large-file=\"https:\/\/i0.wp.com\/blogdoprosperi.com\/wp-content\/uploads\/2024\/09\/captura-de-tela-2024-09-05-as-12.36.27.png?fit=798%2C694&amp;ssl=1\" src=\"https:\/\/i0.wp.com\/blogdoprosperi.com\/wp-content\/uploads\/2024\/09\/captura-de-tela-2024-09-05-as-12.36.27.png?resize=494%2C430&#038;ssl=1\" class=\"wp-image-44990\" alt=\"\" width=\"494\" height=\"430\"><figcaption id=\"caption-attachment-44990\" class=\"wp-caption-text\"><em>foto: reprodu\u00e7\u00e3o Instagram<\/em><\/figcaption><\/figure>\n<p>\u201cFalar sobre racismo \u00e9 sempre muito dif\u00edcil porque muita coisa aconteceu comigo na temporada passada aqui em Madrid, e <strong>n\u00e3o chega nem perto do que as pessoas normais sofrem nas ruas.<\/strong> Sempre penso nisso.Estou feliz por poder mudar a mentalidade da Espanha.&#8221;<\/p>\n<\/blockquote>\n","protected":false},"excerpt":{"rendered":"<p>Luiz Ant\u00f4nio Pr\u00f3speri \u2013 publicado em 5 setembro (13h00) Vini Jr est\u00e1 entre os 30 candidatos a levar [&hellip;]<\/p>\n","protected":false},"author":102107496,"featured_media":44988,"comment_status":"open","ping_status":"open","sticky":false,"template":"","format":"standard","meta":{"_coblocks_attr":"","_coblocks_dimensions":"","_coblocks_responsive_height":"","_coblocks_accordion_ie_support":"","_jetpack_newsletter_access":"","_jetpack_dont_email_post_to_subs":false,"_jetpack_newsletter_tier_id":0,"_jetpack_memberships_contains_paywalled_content":false,"_wpcom_ai_launchpad_first_post":false,"_jetpack_feature_clip_id":0,"_jetpack_memberships_contains_paid_content":false,"footnotes":"","jetpack_publicize_message":"","jetpack_publicize_feature_enabled":true,"jetpack_social_post_already_shared":false,"jetpack_social_options":{"image_generator_settings":{"template":"highway","default_image_id":0,"font":"","enabled":false},"version":2},"jetpack_post_was_ever_published":false},"categories":[53870,20384],"tags":[10668348,3757554,78703360,1452011,789560560,789560573,789560561,759217284,78820,646227778],"class_list":["post-44966","post","type-post","status-publish","format-standard","has-post-thumbnail","hentry","category-futebol","category-informacao","tag-0000ff","tag-carvajal","tag-copa-do-mundo-2030","tag-france-football","tag-futebol","tag-luiz-antonio-prosperi","tag-racismo","tag-racismo-espanha","tag-real-madrid","tag-vini-jr"],"yoast_head":"<!-- This site is optimized with the Yoast SEO plugin v28.4 - https:\/\/yoast.com\/product\/yoast-seo-wordpress\/ -->\n<title>Racismo: Vini Jr Corre Risco de N\u00e3o Levar a Bola de Ouro - PR\u00d3SPERI NEWS<\/title>\n<meta name=\"robots\" content=\"index, follow, max-snippet:-1, max-image-preview:large, max-video-preview:-1\" \/>\n<link rel=\"canonical\" href=\"https:\/\/blogdoprosperi.com\/?p=44966\" \/>\n<meta property=\"og:locale\" content=\"pt_BR\" \/>\n<meta property=\"og:type\" content=\"article\" \/>\n<meta property=\"og:title\" content=\"Racismo: Vini Jr Corre Risco de N\u00e3o Levar a Bola de Ouro - PR\u00d3SPERI NEWS\" \/>\n<meta property=\"og:description\" content=\"Luiz Ant\u00f4nio Pr\u00f3speri \u2013 publicado em 5 setembro (13h00) Vini Jr est\u00e1 entre os 30 candidatos a levar [&hellip;]\" \/>\n<meta property=\"og:url\" content=\"https:\/\/blogdoprosperi.com\/?p=44966\" \/>\n<meta property=\"og:site_name\" content=\"PR\u00d3SPERI NEWS\" \/>\n<meta property=\"article:publisher\" content=\"Luiz Pr\u00f3speri\" \/>\n<meta property=\"article:author\" content=\"Luiz Pr\u00f3speri\" \/>\n<meta property=\"article:published_time\" content=\"2024-09-05T15:57:35+00:00\" \/>\n<meta property=\"article:modified_time\" content=\"2024-10-28T21:51:50+00:00\" \/>\n<meta property=\"og:image\" content=\"https:\/\/i0.wp.com\/blogdoprosperi.com\/wp-content\/uploads\/2024\/09\/captura-de-tela-2024-09-04-153349.webp?fit=984%2C1157&ssl=1\" \/>\n\t<meta property=\"og:image:width\" content=\"984\" \/>\n\t<meta property=\"og:image:height\" content=\"1157\" \/>\n\t<meta property=\"og:image:type\" content=\"image\/webp\" \/>\n<meta name=\"author\" content=\"Luiz Ant\u00f4nio Pr\u00f3speri\" \/>\n<meta name=\"twitter:card\" content=\"summary_large_image\" \/>\n<meta name=\"twitter:creator\" content=\"@Luizprosperi\" \/>\n<meta name=\"twitter:site\" content=\"@Luizprosperi\" \/>\n<meta name=\"twitter:label1\" content=\"Escrito por\" \/>\n\t<meta name=\"twitter:data1\" content=\"Luiz Ant\u00f4nio Pr\u00f3speri\" \/>\n\t<meta name=\"twitter:label2\" content=\"Est. tempo de leitura\" \/>\n\t<meta name=\"twitter:data2\" content=\"4 minutos\" \/>\n<script type=\"application\/ld+json\" class=\"yoast-schema-graph\">{\"@context\":\"https:\\\/\\\/schema.org\",\"@graph\":[{\"@type\":\"Article\",\"@id\":\"https:\\\/\\\/blogdoprosperi.com\\\/?p=44966#article\",\"isPartOf\":{\"@id\":\"https:\\\/\\\/blogdoprosperi.com\\\/?p=44966\"},\"author\":{\"name\":\"Luiz Ant\u00f4nio Pr\u00f3speri\",\"@id\":\"https:\\\/\\\/blogdoprosperi.com\\\/#\\\/schema\\\/person\\\/38100755ce3601861ee4fab9b5aa78e9\"},\"headline\":\"Racismo: Vini Jr Corre Risco de N\u00e3o Levar a Bola de Ouro\",\"datePublished\":\"2024-09-05T15:57:35+00:00\",\"dateModified\":\"2024-10-28T21:51:50+00:00\",\"mainEntityOfPage\":{\"@id\":\"https:\\\/\\\/blogdoprosperi.com\\\/?p=44966\"},\"wordCount\":806,\"commentCount\":1,\"publisher\":{\"@id\":\"https:\\\/\\\/blogdoprosperi.com\\\/#\\\/schema\\\/person\\\/38100755ce3601861ee4fab9b5aa78e9\"},\"image\":{\"@id\":\"https:\\\/\\\/blogdoprosperi.com\\\/?p=44966#primaryimage\"},\"thumbnailUrl\":\"https:\\\/\\\/i0.wp.com\\\/blogdoprosperi.com\\\/wp-content\\\/uploads\\\/2024\\\/09\\\/captura-de-tela-2024-09-04-153349.webp?fit=984%2C1157&ssl=1\",\"keywords\":[\"0000ff\",\"carvajal\",\"copa do mundo 2030\",\"France Football\",\"futebol\",\"Luiz Ant\u00f4nio Pr\u00f3speri\",\"racismo\",\"racismo espanha\",\"Real Madrid\",\"Vini Jr\"],\"articleSection\":[\"futebol\",\"informa\u00e7\u00e3o\"],\"inLanguage\":\"pt-BR\",\"potentialAction\":[{\"@type\":\"CommentAction\",\"name\":\"Comment\",\"target\":[\"https:\\\/\\\/blogdoprosperi.com\\\/?p=44966#respond\"]}]},{\"@type\":\"WebPage\",\"@id\":\"https:\\\/\\\/blogdoprosperi.com\\\/?p=44966\",\"url\":\"https:\\\/\\\/blogdoprosperi.com\\\/?p=44966\",\"name\":\"Racismo: Vini Jr Corre Risco de N\u00e3o Levar a Bola de Ouro - PR\u00d3SPERI NEWS\",\"isPartOf\":{\"@id\":\"https:\\\/\\\/blogdoprosperi.com\\\/#website\"},\"primaryImageOfPage\":{\"@id\":\"https:\\\/\\\/blogdoprosperi.com\\\/?p=44966#primaryimage\"},\"image\":{\"@id\":\"https:\\\/\\\/blogdoprosperi.com\\\/?p=44966#primaryimage\"},\"thumbnailUrl\":\"https:\\\/\\\/i0.wp.com\\\/blogdoprosperi.com\\\/wp-content\\\/uploads\\\/2024\\\/09\\\/captura-de-tela-2024-09-04-153349.webp?fit=984%2C1157&ssl=1\",\"datePublished\":\"2024-09-05T15:57:35+00:00\",\"dateModified\":\"2024-10-28T21:51:50+00:00\",\"breadcrumb\":{\"@id\":\"https:\\\/\\\/blogdoprosperi.com\\\/?p=44966#breadcrumb\"},\"inLanguage\":\"pt-BR\",\"potentialAction\":[{\"@type\":\"ReadAction\",\"target\":[\"https:\\\/\\\/blogdoprosperi.com\\\/?p=44966\"]}]},{\"@type\":\"ImageObject\",\"inLanguage\":\"pt-BR\",\"@id\":\"https:\\\/\\\/blogdoprosperi.com\\\/?p=44966#primaryimage\",\"url\":\"https:\\\/\\\/i0.wp.com\\\/blogdoprosperi.com\\\/wp-content\\\/uploads\\\/2024\\\/09\\\/captura-de-tela-2024-09-04-153349.webp?fit=984%2C1157&ssl=1\",\"contentUrl\":\"https:\\\/\\\/i0.wp.com\\\/blogdoprosperi.com\\\/wp-content\\\/uploads\\\/2024\\\/09\\\/captura-de-tela-2024-09-04-153349.webp?fit=984%2C1157&ssl=1\",\"width\":984,\"height\":1157},{\"@type\":\"BreadcrumbList\",\"@id\":\"https:\\\/\\\/blogdoprosperi.com\\\/?p=44966#breadcrumb\",\"itemListElement\":[{\"@type\":\"ListItem\",\"position\":1,\"name\":\"In\u00edcio\",\"item\":\"https:\\\/\\\/blogdoprosperi.com\\\/\"},{\"@type\":\"ListItem\",\"position\":2,\"name\":\"Racismo: Vini Jr Corre Risco de N\u00e3o Levar a Bola de Ouro\"}]},{\"@type\":\"WebSite\",\"@id\":\"https:\\\/\\\/blogdoprosperi.com\\\/#website\",\"url\":\"https:\\\/\\\/blogdoprosperi.com\\\/\",\"name\":\"PR\u00d3SPERI NEWS\",\"description\":\"TUDO \u00c9  FUTEBOL\",\"publisher\":{\"@id\":\"https:\\\/\\\/blogdoprosperi.com\\\/#\\\/schema\\\/person\\\/38100755ce3601861ee4fab9b5aa78e9\"},\"alternateName\":\"blogdoprosperi.com\",\"potentialAction\":[{\"@type\":\"SearchAction\",\"target\":{\"@type\":\"EntryPoint\",\"urlTemplate\":\"https:\\\/\\\/blogdoprosperi.com\\\/?s={search_term_string}\"},\"query-input\":{\"@type\":\"PropertyValueSpecification\",\"valueRequired\":true,\"valueName\":\"search_term_string\"}}],\"inLanguage\":\"pt-BR\"},{\"@type\":[\"Person\",\"Organization\"],\"@id\":\"https:\\\/\\\/blogdoprosperi.com\\\/#\\\/schema\\\/person\\\/38100755ce3601861ee4fab9b5aa78e9\",\"name\":\"Luiz Ant\u00f4nio Pr\u00f3speri\",\"pronouns\":\"ele\",\"image\":{\"@type\":\"ImageObject\",\"inLanguage\":\"pt-BR\",\"@id\":\"https:\\\/\\\/i0.wp.com\\\/blogdoprosperi.com\\\/wp-content\\\/uploads\\\/2026\\\/05\\\/cropped-8059e613-6002-42fa-961e-8e275f575d71-2-5.jpg?fit=1360%2C931&ssl=1\",\"url\":\"https:\\\/\\\/i0.wp.com\\\/blogdoprosperi.com\\\/wp-content\\\/uploads\\\/2026\\\/05\\\/cropped-8059e613-6002-42fa-961e-8e275f575d71-2-5.jpg?fit=1360%2C931&ssl=1\",\"contentUrl\":\"https:\\\/\\\/i0.wp.com\\\/blogdoprosperi.com\\\/wp-content\\\/uploads\\\/2026\\\/05\\\/cropped-8059e613-6002-42fa-961e-8e275f575d71-2-5.jpg?fit=1360%2C931&ssl=1\",\"width\":1360,\"height\":931,\"caption\":\"Luiz Ant\u00f4nio Pr\u00f3speri\"},\"logo\":{\"@id\":\"https:\\\/\\\/i0.wp.com\\\/blogdoprosperi.com\\\/wp-content\\\/uploads\\\/2026\\\/05\\\/cropped-8059e613-6002-42fa-961e-8e275f575d71-2-5.jpg?fit=1360%2C931&ssl=1\"},\"description\":\"Jornalista com carreira dedicada ao esporte. Cobriu 9 Copas do Mundo in loco, 1990 na It\u00e1lia, 1994 nos EUA, 1998 na Fran\u00e7a, 2002 na Coreia do Sul e Jap\u00e3o, 2006 na Alemanha, 2010 na \u00c1frica do Sul, 2014 no Brasil, 2018 na R\u00fassia e 2022 no Qatar. Eurocopas, 1992 na Su\u00e9cia e 1996 na Inglaterra. Copa das Confedera\u00e7\u00f5es de 2005 na Alemanha e 2009 na \u00c1frica do Sul. Rep\u00f3rter e Editor, trabalhou no Jornal da Tarde e Estad\u00e3o, de 1984 a fevereiro de 2016. Colunista, blogueiro. E comentarista de futebol na R\u00e1dio Estad\u00e3o, de 2013 a fevereiro de 2016. Jornalista respons\u00e1vel do \\\"Pr\u00f3speri News\\\" (blogdoprosperi.com).\",\"sameAs\":[\"http:\\\/\\\/blogdoprosperi.com\",\"Luiz Pr\u00f3speri\",\"@luiz_prosperi\",\"https:\\\/\\\/x.com\\\/Luizprosperi\",\"@prosperinacopa\",\"luiz.prosperi@icloud.com\"],\"url\":\"https:\\\/\\\/blogdoprosperi.com\\\/?author=102107496\"}]}<\/script>\n<!-- \/ Yoast SEO plugin. -->","yoast_head_json":{"title":"Racismo: Vini Jr Corre Risco de N\u00e3o Levar a Bola de Ouro - PR\u00d3SPERI NEWS","robots":{"index":"index","follow":"follow","max-snippet":"max-snippet:-1","max-image-preview":"max-image-preview:large","max-video-preview":"max-video-preview:-1"},"canonical":"https:\/\/blogdoprosperi.com\/?p=44966","og_locale":"pt_BR","og_type":"article","og_title":"Racismo: Vini Jr Corre Risco de N\u00e3o Levar a Bola de Ouro - PR\u00d3SPERI NEWS","og_description":"Luiz Ant\u00f4nio Pr\u00f3speri \u2013 publicado em 5 setembro (13h00) Vini Jr est\u00e1 entre os 30 candidatos a levar [&hellip;]","og_url":"https:\/\/blogdoprosperi.com\/?p=44966","og_site_name":"PR\u00d3SPERI NEWS","article_publisher":"Luiz Pr\u00f3speri","article_author":"Luiz Pr\u00f3speri","article_published_time":"2024-09-05T15:57:35+00:00","article_modified_time":"2024-10-28T21:51:50+00:00","og_image":[{"width":984,"height":1157,"url":"https:\/\/i0.wp.com\/blogdoprosperi.com\/wp-content\/uploads\/2024\/09\/captura-de-tela-2024-09-04-153349.webp?fit=984%2C1157&ssl=1","type":"image\/webp"}],"author":"Luiz Ant\u00f4nio Pr\u00f3speri","twitter_card":"summary_large_image","twitter_creator":"@Luizprosperi","twitter_site":"@Luizprosperi","twitter_misc":{"Escrito por":"Luiz Ant\u00f4nio Pr\u00f3speri","Est. tempo de leitura":"4 minutos"},"schema":{"@context":"https:\/\/schema.org","@graph":[{"@type":"Article","@id":"https:\/\/blogdoprosperi.com\/?p=44966#article","isPartOf":{"@id":"https:\/\/blogdoprosperi.com\/?p=44966"},"author":{"name":"Luiz Ant\u00f4nio Pr\u00f3speri","@id":"https:\/\/blogdoprosperi.com\/#\/schema\/person\/38100755ce3601861ee4fab9b5aa78e9"},"headline":"Racismo: Vini Jr Corre Risco de N\u00e3o Levar a Bola de Ouro","datePublished":"2024-09-05T15:57:35+00:00","dateModified":"2024-10-28T21:51:50+00:00","mainEntityOfPage":{"@id":"https:\/\/blogdoprosperi.com\/?p=44966"},"wordCount":806,"commentCount":1,"publisher":{"@id":"https:\/\/blogdoprosperi.com\/#\/schema\/person\/38100755ce3601861ee4fab9b5aa78e9"},"image":{"@id":"https:\/\/blogdoprosperi.com\/?p=44966#primaryimage"},"thumbnailUrl":"https:\/\/i0.wp.com\/blogdoprosperi.com\/wp-content\/uploads\/2024\/09\/captura-de-tela-2024-09-04-153349.webp?fit=984%2C1157&ssl=1","keywords":["0000ff","carvajal","copa do mundo 2030","France Football","futebol","Luiz Ant\u00f4nio Pr\u00f3speri","racismo","racismo espanha","Real Madrid","Vini Jr"],"articleSection":["futebol","informa\u00e7\u00e3o"],"inLanguage":"pt-BR","potentialAction":[{"@type":"CommentAction","name":"Comment","target":["https:\/\/blogdoprosperi.com\/?p=44966#respond"]}]},{"@type":"WebPage","@id":"https:\/\/blogdoprosperi.com\/?p=44966","url":"https:\/\/blogdoprosperi.com\/?p=44966","name":"Racismo: Vini Jr Corre Risco de N\u00e3o Levar a Bola de Ouro - PR\u00d3SPERI NEWS","isPartOf":{"@id":"https:\/\/blogdoprosperi.com\/#website"},"primaryImageOfPage":{"@id":"https:\/\/blogdoprosperi.com\/?p=44966#primaryimage"},"image":{"@id":"https:\/\/blogdoprosperi.com\/?p=44966#primaryimage"},"thumbnailUrl":"https:\/\/i0.wp.com\/blogdoprosperi.com\/wp-content\/uploads\/2024\/09\/captura-de-tela-2024-09-04-153349.webp?fit=984%2C1157&ssl=1","datePublished":"2024-09-05T15:57:35+00:00","dateModified":"2024-10-28T21:51:50+00:00","breadcrumb":{"@id":"https:\/\/blogdoprosperi.com\/?p=44966#breadcrumb"},"inLanguage":"pt-BR","potentialAction":[{"@type":"ReadAction","target":["https:\/\/blogdoprosperi.com\/?p=44966"]}]},{"@type":"ImageObject","inLanguage":"pt-BR","@id":"https:\/\/blogdoprosperi.com\/?p=44966#primaryimage","url":"https:\/\/i0.wp.com\/blogdoprosperi.com\/wp-content\/uploads\/2024\/09\/captura-de-tela-2024-09-04-153349.webp?fit=984%2C1157&ssl=1","contentUrl":"https:\/\/i0.wp.com\/blogdoprosperi.com\/wp-content\/uploads\/2024\/09\/captura-de-tela-2024-09-04-153349.webp?fit=984%2C1157&ssl=1","width":984,"height":1157},{"@type":"BreadcrumbList","@id":"https:\/\/blogdoprosperi.com\/?p=44966#breadcrumb","itemListElement":[{"@type":"ListItem","position":1,"name":"In\u00edcio","item":"https:\/\/blogdoprosperi.com\/"},{"@type":"ListItem","position":2,"name":"Racismo: Vini Jr Corre Risco de N\u00e3o Levar a Bola de Ouro"}]},{"@type":"WebSite","@id":"https:\/\/blogdoprosperi.com\/#website","url":"https:\/\/blogdoprosperi.com\/","name":"PR\u00d3SPERI NEWS","description":"TUDO \u00c9  FUTEBOL","publisher":{"@id":"https:\/\/blogdoprosperi.com\/#\/schema\/person\/38100755ce3601861ee4fab9b5aa78e9"},"alternateName":"blogdoprosperi.com","potentialAction":[{"@type":"SearchAction","target":{"@type":"EntryPoint","urlTemplate":"https:\/\/blogdoprosperi.com\/?s={search_term_string}"},"query-input":{"@type":"PropertyValueSpecification","valueRequired":true,"valueName":"search_term_string"}}],"inLanguage":"pt-BR"},{"@type":["Person","Organization"],"@id":"https:\/\/blogdoprosperi.com\/#\/schema\/person\/38100755ce3601861ee4fab9b5aa78e9","name":"Luiz Ant\u00f4nio Pr\u00f3speri","pronouns":"ele","image":{"@type":"ImageObject","inLanguage":"pt-BR","@id":"https:\/\/i0.wp.com\/blogdoprosperi.com\/wp-content\/uploads\/2026\/05\/cropped-8059e613-6002-42fa-961e-8e275f575d71-2-5.jpg?fit=1360%2C931&ssl=1","url":"https:\/\/i0.wp.com\/blogdoprosperi.com\/wp-content\/uploads\/2026\/05\/cropped-8059e613-6002-42fa-961e-8e275f575d71-2-5.jpg?fit=1360%2C931&ssl=1","contentUrl":"https:\/\/i0.wp.com\/blogdoprosperi.com\/wp-content\/uploads\/2026\/05\/cropped-8059e613-6002-42fa-961e-8e275f575d71-2-5.jpg?fit=1360%2C931&ssl=1","width":1360,"height":931,"caption":"Luiz Ant\u00f4nio Pr\u00f3speri"},"logo":{"@id":"https:\/\/i0.wp.com\/blogdoprosperi.com\/wp-content\/uploads\/2026\/05\/cropped-8059e613-6002-42fa-961e-8e275f575d71-2-5.jpg?fit=1360%2C931&ssl=1"},"description":"Jornalista com carreira dedicada ao esporte. Cobriu 9 Copas do Mundo in loco, 1990 na It\u00e1lia, 1994 nos EUA, 1998 na Fran\u00e7a, 2002 na Coreia do Sul e Jap\u00e3o, 2006 na Alemanha, 2010 na \u00c1frica do Sul, 2014 no Brasil, 2018 na R\u00fassia e 2022 no Qatar. Eurocopas, 1992 na Su\u00e9cia e 1996 na Inglaterra. Copa das Confedera\u00e7\u00f5es de 2005 na Alemanha e 2009 na \u00c1frica do Sul. Rep\u00f3rter e Editor, trabalhou no Jornal da Tarde e Estad\u00e3o, de 1984 a fevereiro de 2016. Colunista, blogueiro. E comentarista de futebol na R\u00e1dio Estad\u00e3o, de 2013 a fevereiro de 2016. Jornalista respons\u00e1vel do \"Pr\u00f3speri News\" (blogdoprosperi.com).","sameAs":["http:\/\/blogdoprosperi.com","Luiz Pr\u00f3speri","@luiz_prosperi","https:\/\/x.com\/Luizprosperi","@prosperinacopa","luiz.prosperi@icloud.com"],"url":"https:\/\/blogdoprosperi.com\/?author=102107496"}]}},"jetpack_publicize_connections":[],"jetpack_likes_enabled":false,"jetpack_sharing_enabled":true,"jetpack_shortlink":"https:\/\/wp.me\/p7jvdk-bHg","jetpack-related-posts":[{"id":46111,"url":"https:\/\/blogdoprosperi.com\/?p=46111","url_meta":{"origin":44966,"position":0},"title":"Bola de Ouro | Vini Jr Derrotado por Rodri e Racismo","author":"Luiz Ant\u00f4nio Pr\u00f3speri","date":"28 de outubro de 2024","format":false,"excerpt":"Rodri, volante do Manchester City e da sele\u00e7\u00e3o da Espanha, desbanca Vini Jr e leva Bola de Ouro 2023\/2024. Favorito, o atacante brasileiro perde a elei\u00e7\u00e3o muito por sua atitude contra o racismo e cr\u00edticas \u00e0 governan\u00e7a do futebol na Espanha e Europa. O pr\u00eamio \u00e9 concedido pela revista France\u2026","rel":"","context":"Em &quot;futebol&quot;","block_context":{"text":"futebol","link":"https:\/\/blogdoprosperi.com\/?cat=53870"},"img":{"alt_text":"Rodri e Racismo vencem Vini Jr","src":"https:\/\/i0.wp.com\/blogdoprosperi.com\/wp-content\/uploads\/2024\/10\/captura-de-tela-2024-10-28-as-20.13.22.png?fit=1200%2C920&ssl=1&resize=350%2C200","width":350,"height":200,"srcset":"https:\/\/i0.wp.com\/blogdoprosperi.com\/wp-content\/uploads\/2024\/10\/captura-de-tela-2024-10-28-as-20.13.22.png?fit=1200%2C920&ssl=1&resize=350%2C200 1x, https:\/\/i0.wp.com\/blogdoprosperi.com\/wp-content\/uploads\/2024\/10\/captura-de-tela-2024-10-28-as-20.13.22.png?fit=1200%2C920&ssl=1&resize=525%2C300 1.5x, https:\/\/i0.wp.com\/blogdoprosperi.com\/wp-content\/uploads\/2024\/10\/captura-de-tela-2024-10-28-as-20.13.22.png?fit=1200%2C920&ssl=1&resize=700%2C400 2x, https:\/\/i0.wp.com\/blogdoprosperi.com\/wp-content\/uploads\/2024\/10\/captura-de-tela-2024-10-28-as-20.13.22.png?fit=1200%2C920&ssl=1&resize=1050%2C600 3x"},"classes":[]},{"id":47031,"url":"https:\/\/blogdoprosperi.com\/?p=47031","url_meta":{"origin":44966,"position":1},"title":"Vini Jr, The Best |  Brasil tem o Melhor do Mundo ap\u00f3s 17 Anos","author":"Luiz Ant\u00f4nio Pr\u00f3speri","date":"17 de dezembro de 2024","format":false,"excerpt":"Vini Jr eleito com justi\u00e7a melhor jogador do mundo temporada 2023\/2024. Desde 2007, quando Kak\u00e1 subiu ao p\u00f3dio, Brasil n\u00e3o emplacava um The Best. Que seja uma nova era do nosso futebol. \"Tenho de agradecer a todo mundo que votou em mim, todos os jogadores, treinadores, jornalistas e meus f\u00e3s.\u2026","rel":"","context":"Em &quot;futebol&quot;","block_context":{"text":"futebol","link":"https:\/\/blogdoprosperi.com\/?cat=53870"},"img":{"alt_text":"","src":"https:\/\/i0.wp.com\/blogdoprosperi.com\/wp-content\/uploads\/2024\/12\/captura-de-tela-2024-12-18-as-11.00.18.png?fit=1200%2C923&ssl=1&resize=350%2C200","width":350,"height":200,"srcset":"https:\/\/i0.wp.com\/blogdoprosperi.com\/wp-content\/uploads\/2024\/12\/captura-de-tela-2024-12-18-as-11.00.18.png?fit=1200%2C923&ssl=1&resize=350%2C200 1x, https:\/\/i0.wp.com\/blogdoprosperi.com\/wp-content\/uploads\/2024\/12\/captura-de-tela-2024-12-18-as-11.00.18.png?fit=1200%2C923&ssl=1&resize=525%2C300 1.5x, https:\/\/i0.wp.com\/blogdoprosperi.com\/wp-content\/uploads\/2024\/12\/captura-de-tela-2024-12-18-as-11.00.18.png?fit=1200%2C923&ssl=1&resize=700%2C400 2x, https:\/\/i0.wp.com\/blogdoprosperi.com\/wp-content\/uploads\/2024\/12\/captura-de-tela-2024-12-18-as-11.00.18.png?fit=1200%2C923&ssl=1&resize=1050%2C600 3x"},"classes":[]},{"id":46130,"url":"https:\/\/blogdoprosperi.com\/?p=46130","url_meta":{"origin":44966,"position":2},"title":"Galeria | Vini Jr Sem Bola de Ouro","author":"Luiz Ant\u00f4nio Pr\u00f3speri","date":"29 de outubro de 2024","format":false,"excerpt":"Vini Jr e os gols: https:\/\/x.com\/B24PT\/status\/1851017734101901736","rel":"","context":"Em &quot;futebol&quot;","block_context":{"text":"futebol","link":"https:\/\/blogdoprosperi.com\/?cat=53870"},"img":{"alt_text":"","src":"https:\/\/i0.wp.com\/blogdoprosperi.com\/wp-content\/uploads\/2024\/10\/gbbiaqexoaavvwi.jpeg?fit=1043%2C1200&ssl=1&resize=350%2C200","width":350,"height":200,"srcset":"https:\/\/i0.wp.com\/blogdoprosperi.com\/wp-content\/uploads\/2024\/10\/gbbiaqexoaavvwi.jpeg?fit=1043%2C1200&ssl=1&resize=350%2C200 1x, https:\/\/i0.wp.com\/blogdoprosperi.com\/wp-content\/uploads\/2024\/10\/gbbiaqexoaavvwi.jpeg?fit=1043%2C1200&ssl=1&resize=525%2C300 1.5x, https:\/\/i0.wp.com\/blogdoprosperi.com\/wp-content\/uploads\/2024\/10\/gbbiaqexoaavvwi.jpeg?fit=1043%2C1200&ssl=1&resize=700%2C400 2x"},"classes":[]},{"id":41716,"url":"https:\/\/blogdoprosperi.com\/?p=41716","url_meta":{"origin":44966,"position":3},"title":"Vini Jr, O Cavaleiro Solit\u00e1rio","author":"Luiz Ant\u00f4nio Pr\u00f3speri","date":"28 de dezembro de 2024","format":false,"excerpt":"Vini Jr j\u00e1 n\u00e3o \u00e9 apenas mais um craque a desfilar na corte do Real Madrid e levar quase todos os pr\u00eamios de melhor do mundo. Assume em 2024 a sina de s\u00edmbolo contra o preconceito.","rel":"","context":"Em &quot;futebol&quot;","block_context":{"text":"futebol","link":"https:\/\/blogdoprosperi.com\/?cat=53870"},"img":{"alt_text":"Vini, o. cavaleiro solit\u00e1rio","src":"https:\/\/i0.wp.com\/blogdoprosperi.com\/wp-content\/uploads\/2023\/05\/vini-jr-e-eleito-o-melhor-jogador-do-mundo-pela-globe-soccer-awards-1130x580-1.webp?fit=1130%2C580&ssl=1&resize=350%2C200","width":350,"height":200,"srcset":"https:\/\/i0.wp.com\/blogdoprosperi.com\/wp-content\/uploads\/2023\/05\/vini-jr-e-eleito-o-melhor-jogador-do-mundo-pela-globe-soccer-awards-1130x580-1.webp?fit=1130%2C580&ssl=1&resize=350%2C200 1x, https:\/\/i0.wp.com\/blogdoprosperi.com\/wp-content\/uploads\/2023\/05\/vini-jr-e-eleito-o-melhor-jogador-do-mundo-pela-globe-soccer-awards-1130x580-1.webp?fit=1130%2C580&ssl=1&resize=525%2C300 1.5x, https:\/\/i0.wp.com\/blogdoprosperi.com\/wp-content\/uploads\/2023\/05\/vini-jr-e-eleito-o-melhor-jogador-do-mundo-pela-globe-soccer-awards-1130x580-1.webp?fit=1130%2C580&ssl=1&resize=700%2C400 2x, https:\/\/i0.wp.com\/blogdoprosperi.com\/wp-content\/uploads\/2023\/05\/vini-jr-e-eleito-o-melhor-jogador-do-mundo-pela-globe-soccer-awards-1130x580-1.webp?fit=1130%2C580&ssl=1&resize=1050%2C600 3x"},"classes":[]},{"id":40928,"url":"https:\/\/blogdoprosperi.com\/?p=40928","url_meta":{"origin":44966,"position":4},"title":"Vini Jr sofre racismo dois dias ap\u00f3s morte de Pel\u00e9","author":"Luiz Ant\u00f4nio Pr\u00f3speri","date":"31 de dezembro de 2022","format":false,"excerpt":"Vini Jr sofre racismo de torcedores espanh\u00f3is, dois dias ap\u00f3s a morte de Pel\u00e9, no jogo Valladolid x Real Madrid. Antes de o jogo come\u00e7ar, torcedores respeitaram um minuto de sil\u00eancio e aplausos ao Rei.","rel":"","context":"Em &quot;futebol&quot;","block_context":{"text":"futebol","link":"https:\/\/blogdoprosperi.com\/?cat=53870"},"img":{"alt_text":"","src":"https:\/\/i0.wp.com\/blogdoprosperi.com\/wp-content\/uploads\/2022\/12\/images-4.jpg?fit=238%2C212&ssl=1&resize=350%2C200","width":350,"height":200},"classes":[]},{"id":61792,"url":"https:\/\/blogdoprosperi.com\/?p=61792","url_meta":{"origin":44966,"position":5},"title":"Vini Jr renova com Real Madrid at\u00e9 2032","author":"Luiz Ant\u00f4nio Pr\u00f3speri","date":"6 de agosto de 2026","format":false,"excerpt":"Luiz Ant\u00f4nio Pr\u00f3speri \u2013 6 agosto 2026 (15h37)\u00a0 Real Madrid anuncia a renova\u00e7\u00e3o de contrato de Vini Jr at\u00e9 2032. O v\u00ednculo atual se encerraria em junho de 2027. A negocia\u00e7\u00e3o se arrastava h\u00e1 um ano. Vini queria sal\u00e1rios de 30 milh\u00f5es de euros por ano, informa imprensa madrilenha. Real\u2026","rel":"","context":"Em &quot;futebol&quot;","block_context":{"text":"futebol","link":"https:\/\/blogdoprosperi.com\/?cat=53870"},"img":{"alt_text":"","src":"https:\/\/i0.wp.com\/blogdoprosperi.com\/wp-content\/uploads\/2026\/08\/Captura-de-Tela-2026-08-06-as-15.19.48.png?fit=1058%2C726&ssl=1&resize=350%2C200","width":350,"height":200,"srcset":"https:\/\/i0.wp.com\/blogdoprosperi.com\/wp-content\/uploads\/2026\/08\/Captura-de-Tela-2026-08-06-as-15.19.48.png?fit=1058%2C726&ssl=1&resize=350%2C200 1x, https:\/\/i0.wp.com\/blogdoprosperi.com\/wp-content\/uploads\/2026\/08\/Captura-de-Tela-2026-08-06-as-15.19.48.png?fit=1058%2C726&ssl=1&resize=525%2C300 1.5x, https:\/\/i0.wp.com\/blogdoprosperi.com\/wp-content\/uploads\/2026\/08\/Captura-de-Tela-2026-08-06-as-15.19.48.png?fit=1058%2C726&ssl=1&resize=700%2C400 2x, https:\/\/i0.wp.com\/blogdoprosperi.com\/wp-content\/uploads\/2026\/08\/Captura-de-Tela-2026-08-06-as-15.19.48.png?fit=1058%2C726&ssl=1&resize=1050%2C600 3x"},"classes":[]}],"jetpack_featured_media_url":"https:\/\/i0.wp.com\/blogdoprosperi.com\/wp-content\/uploads\/2024\/09\/captura-de-tela-2024-09-04-153349.webp?fit=984%2C1157&ssl=1","_links":{"self":[{"href":"https:\/\/blogdoprosperi.com\/index.php?rest_route=\/wp\/v2\/posts\/44966","targetHints":{"allow":["GET"]}}],"collection":[{"href":"https:\/\/blogdoprosperi.com\/index.php?rest_route=\/wp\/v2\/posts"}],"about":[{"href":"https:\/\/blogdoprosperi.com\/index.php?rest_route=\/wp\/v2\/types\/post"}],"author":[{"embeddable":true,"href":"https:\/\/blogdoprosperi.com\/index.php?rest_route=\/wp\/v2\/users\/102107496"}],"replies":[{"embeddable":true,"href":"https:\/\/blogdoprosperi.com\/index.php?rest_route=%2Fwp%2Fv2%2Fcomments&post=44966"}],"version-history":[{"count":25,"href":"https:\/\/blogdoprosperi.com\/index.php?rest_route=\/wp\/v2\/posts\/44966\/revisions"}],"predecessor-version":[{"id":46117,"href":"https:\/\/blogdoprosperi.com\/index.php?rest_route=\/wp\/v2\/posts\/44966\/revisions\/46117"}],"wp:featuredmedia":[{"embeddable":true,"href":"https:\/\/blogdoprosperi.com\/index.php?rest_route=\/wp\/v2\/media\/44988"}],"wp:attachment":[{"href":"https:\/\/blogdoprosperi.com\/index.php?rest_route=%2Fwp%2Fv2%2Fmedia&parent=44966"}],"wp:term":[{"taxonomy":"category","embeddable":true,"href":"https:\/\/blogdoprosperi.com\/index.php?rest_route=%2Fwp%2Fv2%2Fcategories&post=44966"},{"taxonomy":"post_tag","embeddable":true,"href":"https:\/\/blogdoprosperi.com\/index.php?rest_route=%2Fwp%2Fv2%2Ftags&post=44966"}],"curies":[{"name":"wp","href":"https:\/\/api.w.org\/{rel}","templated":true}]}}