{"id":45140,"date":"2024-09-11T03:01:32","date_gmt":"2024-09-11T06:01:32","guid":{"rendered":"http:\/\/blogdoprosperi.com\/2024\/09\/11\/selecao-brasileira-perde-do-paraguai-era-o-que-faltava\/"},"modified":"2024-09-11T19:33:13","modified_gmt":"2024-09-11T22:33:13","slug":"selecao-brasileira-perde-do-paraguai-era-o-que-faltava","status":"publish","type":"post","link":"https:\/\/blogdoprosperi.com\/?p=45140","title":{"rendered":"Sele\u00e7\u00e3o Brasileira Perde do Paraguai: Culpa do Presidente da CBF. Camisas Amarelas ao Vento"},"content":{"rendered":"\r\n<p class=\"wp-block-paragraph\"><em>Luiz Antonio Pr\u00f3speri \u2013 11 setembro (atualizado 10h30)<\/em><\/p>\r\n\r\n\r\n\r\n<p class=\"wp-block-paragraph\">CBF est\u00e1 sem sa\u00edda diante de mais um fracasso rotundo da Sele\u00e7\u00e3o Brasileira &#8211; derrota constrangedora para o Paraguai nas Eliminat\u00f3rias da Copa 2026. Presidente Ednaldo Rodrigues, centralizador como ele s\u00f3, n\u00e3o tem um colegiado a ouvir ou ajud\u00e1-lo a tomar decis\u00f5es pelo menos razo\u00e1veis. No caso urgente, demitir Dorival J\u00fanior. A culpa \u00e9 do Ednaldo.<\/p>\r\n<p>Passados dez jogos, entre amistosos, fraco desempenho na Copa Am\u00e9rica e Eliminat\u00f3rias da Copa, a Sele\u00e7\u00e3o sob as ordens de Dorival n\u00e3o subiu um degrau. N\u00e3o avan\u00e7ou uma quadra. Continua amorfa. Sem ideias, sem nexo.<\/p>\r\n\r\n\r\n\r\n<p class=\"wp-block-paragraph\">Escolhas equivocadas de jogadores que j\u00e1 provaram incompententes tamb\u00e9m s\u00e3o imperdo\u00e1veis.<\/p>\r\n\r\n\r\n\r\n<p class=\"wp-block-paragraph\">Anote a\u00ed: goleiro Alisson, lateral Danilo, zagueiro Marquinhos, volante Bruno Guimar\u00e3es e, em especial, Lucas Paquet\u00e1, o querido de nove entre dez analistas de futebol, n\u00e3o cabem mais na Sele\u00e7\u00e3o. E j\u00e1 faz tempo. Gabriel Magalh\u00e3es, Lucas Moura, Jo\u00e3o Gomes, Beraldo\u2026<\/p>\r\n\r\n\r\n\r\n<p class=\"wp-block-paragraph\">Dorival vai naufragar abra\u00e7ado a esses jogadores. N\u00e3o tem coragem para deix\u00e1-los de lado, fora do escrete, e arriscar com novos nomes em alta no futebol brasileiro e nos clubes europeus.<\/p>\r\n<p><strong><a href=\"http:\/\/blogdoprosperi.com\">siga Luiz Pr\u00f3speri blogdoprosperi.com<\/a><\/strong><\/p>\r\n\r\n\r\n\r\n<p class=\"wp-block-paragraph\">Dorival tamb\u00e9m soa ultrapassado. Sua marca registrada nos clubes \u00e9 de trabalhos normais. Nada fora da curva. \u00c9 um bom sujeito, leal, trabalhador. Mas na Sele\u00e7\u00e3o a conversa tem de ser outra. \u00c9 preciso uma vis\u00e3o ampla, se libertar de ideias que funcionam em clubes. Se cercar de uma comiss\u00e3o t\u00e9cnica de alto n\u00edvel e n\u00e3o apenas de profissionais amigos e leais. Escrete \u00e9 para os ousados.<\/p>\r\n\r\n\r\n\r\n<p class=\"wp-block-paragraph\">Paraguai, nosso advers\u00e1rio no jogo das Eliminat\u00f3rias na ter\u00e7a-feira (10\/9) que venceu por 1 a 0: Gatito, goleiro reserva do Botafogo, Balbuena, ex-Corinthians e perto da aposentadoria, J\u00fanior Alonso, zagueiro do Atl\u00e9tico MG improvisado de lateral-esquerdo, Bobadilla, volante do S\u00e3o Paulo, Villasanti, volante do Gr\u00eamio, e Izidro Pitta, centroavante do Cuiab\u00e1.<\/p>\r\n<figure id=\"attachment_45144\" aria-describedby=\"caption-attachment-45144\" style=\"width: 720px\" class=\"wp-caption alignnone\"><img data-recalc-dims=\"1\" loading=\"lazy\" decoding=\"async\" data-attachment-id=\"45144\" data-permalink=\"https:\/\/blogdoprosperi.com\/?attachment_id=45144\" data-orig-file=\"https:\/\/i0.wp.com\/blogdoprosperi.com\/wp-content\/uploads\/2024\/09\/53985848247_4bc423ccba_c.jpg?fit=800%2C539&amp;ssl=1\" data-orig-size=\"800,539\" data-comments-opened=\"1\" data-image-meta=\"{&quot;aperture&quot;:&quot;0&quot;,&quot;credit&quot;:&quot;RAFAEL RIBEIRO\/CBFrrrr&quot;,&quot;camera&quot;:&quot;&quot;,&quot;caption&quot;:&quot;&quot;,&quot;created_timestamp&quot;:&quot;0&quot;,&quot;copyright&quot;:&quot;RAFAEL RIBEIRO\/CBF&quot;,&quot;focal_length&quot;:&quot;0&quot;,&quot;iso&quot;:&quot;0&quot;,&quot;shutter_speed&quot;:&quot;0&quot;,&quot;title&quot;:&quot;&quot;,&quot;orientation&quot;:&quot;0&quot;}\" data-image-title=\"Sele\u00e7\u00e3o Brasileira perde do Uruguai\" data-image-description=\"\" data-image-caption=\"&lt;p&gt;Dorival perdido no labirinto da Sele\u00e7\u00e3o \u2013 foto: CBF oficial&lt;\/p&gt;\n\" data-large-file=\"https:\/\/i0.wp.com\/blogdoprosperi.com\/wp-content\/uploads\/2024\/09\/53985848247_4bc423ccba_c.jpg?fit=800%2C539&amp;ssl=1\" class=\"size-large wp-image-45144\" src=\"https:\/\/i0.wp.com\/blogdoprosperi.com\/wp-content\/uploads\/2024\/09\/53985848247_4bc423ccba_c.jpg?resize=720%2C485&#038;ssl=1\" alt=\"Sele\u00e7\u00e3o Brasileira \u00e0 espera de um t\u00e9cnico\" width=\"720\" height=\"485\" \/><figcaption id=\"caption-attachment-45144\" class=\"wp-caption-text\"><em>Dorival perdido no labirinto da Sele\u00e7\u00e3o \u2013 foto: CBF oficial<\/em><\/figcaption><\/figure>\r\n\r\n\r\n\r\n<p class=\"wp-block-paragraph\"><strong>A CULPA \u00c9 DO EDNALDO<\/strong><\/p>\r\n<p>E voltamos ao presidente Ednaldo, respons\u00e1vel direto por n\u00e3o levar a Sele\u00e7\u00e3o a s\u00e9rio. Instalar o caos.<\/p>\r\n\r\n\r\n\r\n<p class=\"wp-block-paragraph\">Ednaldo passou um ano esperando Ancelotti. Entregou a Sele\u00e7\u00e3o pentacampe\u00e3 do mundo ao interino sem no\u00e7\u00e3o Ramon Meneses. Depois sacrificou Fernando Diniz preso ao Fluminense e Sele\u00e7\u00e3o ao mesmo tempo, e, por fim, chegou a Dorival Junior com a promessa de ir at\u00e9 a Copa 2026 com ele.<\/p>\r\n\r\n\r\n\r\n<p class=\"wp-block-paragraph\">Escorado em uma liminar concedida por Gilmar Mendes no STF, Ednaldo Rodrigues se sustenta no comando da CBF desde janeiro de 2024. T\u00e3o firme como prego na areia.<\/p>\r\n\r\n\r\n\r\n<p class=\"wp-block-paragraph\">E brinca com os destinos da Sele\u00e7\u00e3o. Quer tomar conta de tudo. N\u00e3o d\u00e1 autonomia aos diretores executivos da Sele\u00e7\u00e3o e vive grudado \u00e0 comiss\u00e3o t\u00e9cnica e jogadores frequentando os vesti\u00e1rios, templo sagrado dos boleiros e treinadores.<\/p>\r\n<p>Ednaldo desconfia de todo mundo na CBF, em especial daqueles de bom relacionamento com o mundo do futebol e m\u00eddia.\u00a0<\/p>\r\n\r\n\r\n\r\n<p class=\"wp-block-paragraph\">Sorte do presidente da CBF que a maioria esmagadora da torcida brasileira n\u00e3o est\u00e1 nem a\u00ed com o escrete. At\u00e9 aqui apenas um po\u00e7o de aborrecimento.<\/p>\r\n\r\n\r\n\r\n<p class=\"wp-block-paragraph\">Torcedor quer mesmo \u00e9 saber de seu time. A\u00ed sim o presidente da CBF pode se estrepar se n\u00e3o cuidar bem do Brasileir\u00e3o, modernizar o VAR, melhorar a arbitragem, exigir dos clubes gramados impec\u00e1veis, refazer o calend\u00e1rio do futebol e, por fim, entregar a Sele\u00e7\u00e3o a um t\u00e9cnico competente e ousado.<\/p>\r\n\r\n\r\n\r\n<p class=\"wp-block-paragraph\">Por enquanto, La Nave Va. Vem Tsunami a\u00ed.<\/p>\r\n\r\n\r\n\r\n<figure class=\"wp-block-image size-large\"><img data-recalc-dims=\"1\" loading=\"lazy\" decoding=\"async\" width=\"675\" height=\"454\" data-attachment-id=\"43733\" data-permalink=\"https:\/\/blogdoprosperi.com\/?attachment_id=43733\" data-orig-file=\"https:\/\/i0.wp.com\/blogdoprosperi.com\/wp-content\/uploads\/2024\/07\/gr2pla8agaar3cd.jpeg?fit=675%2C454&amp;ssl=1\" data-orig-size=\"675,454\" data-comments-opened=\"1\" data-image-meta=\"{&quot;aperture&quot;:&quot;0&quot;,&quot;credit&quot;:&quot;&quot;,&quot;camera&quot;:&quot;&quot;,&quot;caption&quot;:&quot;&quot;,&quot;created_timestamp&quot;:&quot;0&quot;,&quot;copyright&quot;:&quot;&quot;,&quot;focal_length&quot;:&quot;0&quot;,&quot;iso&quot;:&quot;0&quot;,&quot;shutter_speed&quot;:&quot;0&quot;,&quot;title&quot;:&quot;&quot;,&quot;orientation&quot;:&quot;0&quot;}\" data-image-title=\"Ednaldo Rodrigues aposta em Dorival Junior\" data-image-description=\"\" data-image-caption=\"&lt;p&gt;Ednaldo Rodrigues, presidente da CBF, aposta em Dorival \u2013 foto: Twitter&lt;\/p&gt;\n\" data-large-file=\"https:\/\/i0.wp.com\/blogdoprosperi.com\/wp-content\/uploads\/2024\/07\/gr2pla8agaar3cd.jpeg?fit=675%2C454&amp;ssl=1\" class=\"wp-image-43733\" src=\"https:\/\/i0.wp.com\/blogdoprosperi.com\/wp-content\/uploads\/2024\/07\/gr2pla8agaar3cd.jpeg?resize=675%2C454&#038;ssl=1\" alt=\"\" \/>\r\n<figcaption class=\"wp-element-caption\">Ednaldo Rodrigues, presidente da CBF, aposta em Dorival \u2013 foto: Twitter<\/figcaption>\r\n<\/figure>\r\n","protected":false},"excerpt":{"rendered":"<p>Luiz Antonio Pr\u00f3speri \u2013 11 setembro (atualizado 10h30) CBF est\u00e1 sem sa\u00edda diante de mais um fracasso rotundo [&hellip;]<\/p>\n","protected":false},"author":102107496,"featured_media":45149,"comment_status":"open","ping_status":"open","sticky":false,"template":"","format":"standard","meta":{"_coblocks_attr":"","_coblocks_dimensions":"","_coblocks_responsive_height":"","_coblocks_accordion_ie_support":"","_jetpack_newsletter_access":"","_jetpack_dont_email_post_to_subs":false,"_jetpack_newsletter_tier_id":0,"_jetpack_memberships_contains_paywalled_content":false,"_wpcom_ai_launchpad_first_post":false,"_jetpack_feature_clip_id":0,"_jetpack_memberships_contains_paid_content":false,"footnotes":"","jetpack_publicize_message":"Sorte do presidente da CBF que a maioria esmagadora da torcida brasileira n\u00e3o est\u00e1 nem a\u00ed com a Sele\u00e7\u00e3o Brasileira. At\u00e9 aqui apenas um po\u00e7o de aborrecimento.","jetpack_publicize_feature_enabled":true,"jetpack_social_post_already_shared":false,"jetpack_social_options":{"image_generator_settings":{"template":"highway","enabled":false},"version":2},"jetpack_post_was_ever_published":false},"categories":[53870,3919],"tags":[789560569,63558320,213405497,773883589,789560560,789560573,1192834,774426826,646227778],"class_list":["post-45140","post","type-post","status-publish","format-standard","has-post-thumbnail","hentry","category-futebol","category-opiniao","tag-cbf","tag-dorival-junior-2","tag-ednaldo-rodrigues","tag-eliminatorias-copa-2026","tag-futebol","tag-luiz-antonio-prosperi","tag-paqueta","tag-paraguai-0-x-1-brasil","tag-vini-jr"],"yoast_head":"<!-- This site is optimized with the Yoast SEO plugin v28.4 - https:\/\/yoast.com\/product\/yoast-seo-wordpress\/ -->\n<title>Sele\u00e7\u00e3o Brasileira Perde do Paraguai: Culpa do Presidente da CBF. Camisas Amarelas ao Vento - PR\u00d3SPERI NEWS<\/title>\n<meta name=\"robots\" content=\"index, follow, max-snippet:-1, max-image-preview:large, max-video-preview:-1\" \/>\n<link rel=\"canonical\" href=\"https:\/\/blogdoprosperi.com\/?p=45140\" \/>\n<meta property=\"og:locale\" content=\"pt_BR\" \/>\n<meta property=\"og:type\" content=\"article\" \/>\n<meta property=\"og:title\" content=\"Sele\u00e7\u00e3o Brasileira Perde do Paraguai: Culpa do Presidente da CBF. Camisas Amarelas ao Vento - PR\u00d3SPERI NEWS\" \/>\n<meta property=\"og:description\" content=\"Luiz Antonio Pr\u00f3speri \u2013 11 setembro (atualizado 10h30) CBF est\u00e1 sem sa\u00edda diante de mais um fracasso rotundo [&hellip;]\" \/>\n<meta property=\"og:url\" content=\"https:\/\/blogdoprosperi.com\/?p=45140\" \/>\n<meta property=\"og:site_name\" content=\"PR\u00d3SPERI NEWS\" \/>\n<meta property=\"article:publisher\" content=\"Luiz Pr\u00f3speri\" \/>\n<meta property=\"article:author\" content=\"Luiz Pr\u00f3speri\" \/>\n<meta property=\"article:published_time\" content=\"2024-09-11T06:01:32+00:00\" \/>\n<meta property=\"article:modified_time\" content=\"2024-09-11T22:33:13+00:00\" \/>\n<meta property=\"og:image\" content=\"https:\/\/i0.wp.com\/blogdoprosperi.com\/wp-content\/uploads\/2024\/09\/53987038463_1c33dba7d8_k.jpg?fit=2048%2C1366&ssl=1\" \/>\n\t<meta property=\"og:image:width\" content=\"2048\" \/>\n\t<meta property=\"og:image:height\" content=\"1366\" \/>\n\t<meta property=\"og:image:type\" content=\"image\/jpeg\" \/>\n<meta name=\"author\" content=\"Luiz Ant\u00f4nio Pr\u00f3speri\" \/>\n<meta name=\"twitter:card\" content=\"summary_large_image\" \/>\n<meta name=\"twitter:creator\" content=\"@Luizprosperi\" \/>\n<meta name=\"twitter:site\" content=\"@Luizprosperi\" \/>\n<meta name=\"twitter:label1\" content=\"Escrito por\" \/>\n\t<meta name=\"twitter:data1\" content=\"Luiz Ant\u00f4nio Pr\u00f3speri\" \/>\n\t<meta name=\"twitter:label2\" content=\"Est. tempo de leitura\" \/>\n\t<meta name=\"twitter:data2\" content=\"3 minutos\" \/>\n<script type=\"application\/ld+json\" class=\"yoast-schema-graph\">{\"@context\":\"https:\\\/\\\/schema.org\",\"@graph\":[{\"@type\":\"Article\",\"@id\":\"https:\\\/\\\/blogdoprosperi.com\\\/?p=45140#article\",\"isPartOf\":{\"@id\":\"https:\\\/\\\/blogdoprosperi.com\\\/?p=45140\"},\"author\":{\"name\":\"Luiz Ant\u00f4nio Pr\u00f3speri\",\"@id\":\"https:\\\/\\\/blogdoprosperi.com\\\/#\\\/schema\\\/person\\\/38100755ce3601861ee4fab9b5aa78e9\"},\"headline\":\"Sele\u00e7\u00e3o Brasileira Perde do Paraguai: Culpa do Presidente da CBF. Camisas Amarelas ao Vento\",\"datePublished\":\"2024-09-11T06:01:32+00:00\",\"dateModified\":\"2024-09-11T22:33:13+00:00\",\"mainEntityOfPage\":{\"@id\":\"https:\\\/\\\/blogdoprosperi.com\\\/?p=45140\"},\"wordCount\":635,\"commentCount\":2,\"publisher\":{\"@id\":\"https:\\\/\\\/blogdoprosperi.com\\\/#\\\/schema\\\/person\\\/38100755ce3601861ee4fab9b5aa78e9\"},\"image\":{\"@id\":\"https:\\\/\\\/blogdoprosperi.com\\\/?p=45140#primaryimage\"},\"thumbnailUrl\":\"https:\\\/\\\/i0.wp.com\\\/blogdoprosperi.com\\\/wp-content\\\/uploads\\\/2024\\\/09\\\/53987038463_1c33dba7d8_k.jpg?fit=2048%2C1366&ssl=1\",\"keywords\":[\"CBF\",\"Dorival Junior\",\"Ednaldo Rodrigues\",\"eliminat\u00f3rias copa 2026\",\"futebol\",\"Luiz Ant\u00f4nio Pr\u00f3speri\",\"paquet\u00e1\",\"paraguai 0 x 1 brasil\",\"Vini Jr\"],\"articleSection\":[\"futebol\",\"opini\u00e3o\"],\"inLanguage\":\"pt-BR\",\"potentialAction\":[{\"@type\":\"CommentAction\",\"name\":\"Comment\",\"target\":[\"https:\\\/\\\/blogdoprosperi.com\\\/?p=45140#respond\"]}]},{\"@type\":\"WebPage\",\"@id\":\"https:\\\/\\\/blogdoprosperi.com\\\/?p=45140\",\"url\":\"https:\\\/\\\/blogdoprosperi.com\\\/?p=45140\",\"name\":\"Sele\u00e7\u00e3o Brasileira Perde do Paraguai: Culpa do Presidente da CBF. Camisas Amarelas ao Vento - PR\u00d3SPERI NEWS\",\"isPartOf\":{\"@id\":\"https:\\\/\\\/blogdoprosperi.com\\\/#website\"},\"primaryImageOfPage\":{\"@id\":\"https:\\\/\\\/blogdoprosperi.com\\\/?p=45140#primaryimage\"},\"image\":{\"@id\":\"https:\\\/\\\/blogdoprosperi.com\\\/?p=45140#primaryimage\"},\"thumbnailUrl\":\"https:\\\/\\\/i0.wp.com\\\/blogdoprosperi.com\\\/wp-content\\\/uploads\\\/2024\\\/09\\\/53987038463_1c33dba7d8_k.jpg?fit=2048%2C1366&ssl=1\",\"datePublished\":\"2024-09-11T06:01:32+00:00\",\"dateModified\":\"2024-09-11T22:33:13+00:00\",\"breadcrumb\":{\"@id\":\"https:\\\/\\\/blogdoprosperi.com\\\/?p=45140#breadcrumb\"},\"inLanguage\":\"pt-BR\",\"potentialAction\":[{\"@type\":\"ReadAction\",\"target\":[\"https:\\\/\\\/blogdoprosperi.com\\\/?p=45140\"]}]},{\"@type\":\"ImageObject\",\"inLanguage\":\"pt-BR\",\"@id\":\"https:\\\/\\\/blogdoprosperi.com\\\/?p=45140#primaryimage\",\"url\":\"https:\\\/\\\/i0.wp.com\\\/blogdoprosperi.com\\\/wp-content\\\/uploads\\\/2024\\\/09\\\/53987038463_1c33dba7d8_k.jpg?fit=2048%2C1366&ssl=1\",\"contentUrl\":\"https:\\\/\\\/i0.wp.com\\\/blogdoprosperi.com\\\/wp-content\\\/uploads\\\/2024\\\/09\\\/53987038463_1c33dba7d8_k.jpg?fit=2048%2C1366&ssl=1\",\"width\":2048,\"height\":1366,\"caption\":\"Camisas da Sele\u00e7\u00e3o ao vento \u2013 foto: CBF oficial\"},{\"@type\":\"BreadcrumbList\",\"@id\":\"https:\\\/\\\/blogdoprosperi.com\\\/?p=45140#breadcrumb\",\"itemListElement\":[{\"@type\":\"ListItem\",\"position\":1,\"name\":\"In\u00edcio\",\"item\":\"https:\\\/\\\/blogdoprosperi.com\\\/\"},{\"@type\":\"ListItem\",\"position\":2,\"name\":\"Sele\u00e7\u00e3o Brasileira Perde do Paraguai: Culpa do Presidente da CBF. Camisas Amarelas ao Vento\"}]},{\"@type\":\"WebSite\",\"@id\":\"https:\\\/\\\/blogdoprosperi.com\\\/#website\",\"url\":\"https:\\\/\\\/blogdoprosperi.com\\\/\",\"name\":\"PR\u00d3SPERI NEWS\",\"description\":\"TUDO \u00c9  FUTEBOL\",\"publisher\":{\"@id\":\"https:\\\/\\\/blogdoprosperi.com\\\/#\\\/schema\\\/person\\\/38100755ce3601861ee4fab9b5aa78e9\"},\"alternateName\":\"blogdoprosperi.com\",\"potentialAction\":[{\"@type\":\"SearchAction\",\"target\":{\"@type\":\"EntryPoint\",\"urlTemplate\":\"https:\\\/\\\/blogdoprosperi.com\\\/?s={search_term_string}\"},\"query-input\":{\"@type\":\"PropertyValueSpecification\",\"valueRequired\":true,\"valueName\":\"search_term_string\"}}],\"inLanguage\":\"pt-BR\"},{\"@type\":[\"Person\",\"Organization\"],\"@id\":\"https:\\\/\\\/blogdoprosperi.com\\\/#\\\/schema\\\/person\\\/38100755ce3601861ee4fab9b5aa78e9\",\"name\":\"Luiz Ant\u00f4nio Pr\u00f3speri\",\"pronouns\":\"ele\",\"image\":{\"@type\":\"ImageObject\",\"inLanguage\":\"pt-BR\",\"@id\":\"https:\\\/\\\/i0.wp.com\\\/blogdoprosperi.com\\\/wp-content\\\/uploads\\\/2026\\\/05\\\/cropped-8059e613-6002-42fa-961e-8e275f575d71-2-5.jpg?fit=1360%2C931&ssl=1\",\"url\":\"https:\\\/\\\/i0.wp.com\\\/blogdoprosperi.com\\\/wp-content\\\/uploads\\\/2026\\\/05\\\/cropped-8059e613-6002-42fa-961e-8e275f575d71-2-5.jpg?fit=1360%2C931&ssl=1\",\"contentUrl\":\"https:\\\/\\\/i0.wp.com\\\/blogdoprosperi.com\\\/wp-content\\\/uploads\\\/2026\\\/05\\\/cropped-8059e613-6002-42fa-961e-8e275f575d71-2-5.jpg?fit=1360%2C931&ssl=1\",\"width\":1360,\"height\":931,\"caption\":\"Luiz Ant\u00f4nio Pr\u00f3speri\"},\"logo\":{\"@id\":\"https:\\\/\\\/i0.wp.com\\\/blogdoprosperi.com\\\/wp-content\\\/uploads\\\/2026\\\/05\\\/cropped-8059e613-6002-42fa-961e-8e275f575d71-2-5.jpg?fit=1360%2C931&ssl=1\"},\"description\":\"Jornalista com carreira dedicada ao esporte. Cobriu 9 Copas do Mundo in loco, 1990 na It\u00e1lia, 1994 nos EUA, 1998 na Fran\u00e7a, 2002 na Coreia do Sul e Jap\u00e3o, 2006 na Alemanha, 2010 na \u00c1frica do Sul, 2014 no Brasil, 2018 na R\u00fassia e 2022 no Qatar. Eurocopas, 1992 na Su\u00e9cia e 1996 na Inglaterra. Copa das Confedera\u00e7\u00f5es de 2005 na Alemanha e 2009 na \u00c1frica do Sul. Rep\u00f3rter e Editor, trabalhou no Jornal da Tarde e Estad\u00e3o, de 1984 a fevereiro de 2016. Colunista, blogueiro. E comentarista de futebol na R\u00e1dio Estad\u00e3o, de 2013 a fevereiro de 2016. Jornalista respons\u00e1vel do \\\"Pr\u00f3speri News\\\" (blogdoprosperi.com).\",\"sameAs\":[\"http:\\\/\\\/blogdoprosperi.com\",\"Luiz Pr\u00f3speri\",\"@luiz_prosperi\",\"https:\\\/\\\/x.com\\\/Luizprosperi\",\"@prosperinacopa\",\"luiz.prosperi@icloud.com\"],\"url\":\"https:\\\/\\\/blogdoprosperi.com\\\/?author=102107496\"}]}<\/script>\n<!-- \/ Yoast SEO plugin. -->","yoast_head_json":{"title":"Sele\u00e7\u00e3o Brasileira Perde do Paraguai: Culpa do Presidente da CBF. Camisas Amarelas ao Vento - PR\u00d3SPERI NEWS","robots":{"index":"index","follow":"follow","max-snippet":"max-snippet:-1","max-image-preview":"max-image-preview:large","max-video-preview":"max-video-preview:-1"},"canonical":"https:\/\/blogdoprosperi.com\/?p=45140","og_locale":"pt_BR","og_type":"article","og_title":"Sele\u00e7\u00e3o Brasileira Perde do Paraguai: Culpa do Presidente da CBF. Camisas Amarelas ao Vento - PR\u00d3SPERI NEWS","og_description":"Luiz Antonio Pr\u00f3speri \u2013 11 setembro (atualizado 10h30) CBF est\u00e1 sem sa\u00edda diante de mais um fracasso rotundo [&hellip;]","og_url":"https:\/\/blogdoprosperi.com\/?p=45140","og_site_name":"PR\u00d3SPERI NEWS","article_publisher":"Luiz Pr\u00f3speri","article_author":"Luiz Pr\u00f3speri","article_published_time":"2024-09-11T06:01:32+00:00","article_modified_time":"2024-09-11T22:33:13+00:00","og_image":[{"width":2048,"height":1366,"url":"https:\/\/i0.wp.com\/blogdoprosperi.com\/wp-content\/uploads\/2024\/09\/53987038463_1c33dba7d8_k.jpg?fit=2048%2C1366&ssl=1","type":"image\/jpeg"}],"author":"Luiz Ant\u00f4nio Pr\u00f3speri","twitter_card":"summary_large_image","twitter_creator":"@Luizprosperi","twitter_site":"@Luizprosperi","twitter_misc":{"Escrito por":"Luiz Ant\u00f4nio Pr\u00f3speri","Est. tempo de leitura":"3 minutos"},"schema":{"@context":"https:\/\/schema.org","@graph":[{"@type":"Article","@id":"https:\/\/blogdoprosperi.com\/?p=45140#article","isPartOf":{"@id":"https:\/\/blogdoprosperi.com\/?p=45140"},"author":{"name":"Luiz Ant\u00f4nio Pr\u00f3speri","@id":"https:\/\/blogdoprosperi.com\/#\/schema\/person\/38100755ce3601861ee4fab9b5aa78e9"},"headline":"Sele\u00e7\u00e3o Brasileira Perde do Paraguai: Culpa do Presidente da CBF. Camisas Amarelas ao Vento","datePublished":"2024-09-11T06:01:32+00:00","dateModified":"2024-09-11T22:33:13+00:00","mainEntityOfPage":{"@id":"https:\/\/blogdoprosperi.com\/?p=45140"},"wordCount":635,"commentCount":2,"publisher":{"@id":"https:\/\/blogdoprosperi.com\/#\/schema\/person\/38100755ce3601861ee4fab9b5aa78e9"},"image":{"@id":"https:\/\/blogdoprosperi.com\/?p=45140#primaryimage"},"thumbnailUrl":"https:\/\/i0.wp.com\/blogdoprosperi.com\/wp-content\/uploads\/2024\/09\/53987038463_1c33dba7d8_k.jpg?fit=2048%2C1366&ssl=1","keywords":["CBF","Dorival Junior","Ednaldo Rodrigues","eliminat\u00f3rias copa 2026","futebol","Luiz Ant\u00f4nio Pr\u00f3speri","paquet\u00e1","paraguai 0 x 1 brasil","Vini Jr"],"articleSection":["futebol","opini\u00e3o"],"inLanguage":"pt-BR","potentialAction":[{"@type":"CommentAction","name":"Comment","target":["https:\/\/blogdoprosperi.com\/?p=45140#respond"]}]},{"@type":"WebPage","@id":"https:\/\/blogdoprosperi.com\/?p=45140","url":"https:\/\/blogdoprosperi.com\/?p=45140","name":"Sele\u00e7\u00e3o Brasileira Perde do Paraguai: Culpa do Presidente da CBF. Camisas Amarelas ao Vento - PR\u00d3SPERI NEWS","isPartOf":{"@id":"https:\/\/blogdoprosperi.com\/#website"},"primaryImageOfPage":{"@id":"https:\/\/blogdoprosperi.com\/?p=45140#primaryimage"},"image":{"@id":"https:\/\/blogdoprosperi.com\/?p=45140#primaryimage"},"thumbnailUrl":"https:\/\/i0.wp.com\/blogdoprosperi.com\/wp-content\/uploads\/2024\/09\/53987038463_1c33dba7d8_k.jpg?fit=2048%2C1366&ssl=1","datePublished":"2024-09-11T06:01:32+00:00","dateModified":"2024-09-11T22:33:13+00:00","breadcrumb":{"@id":"https:\/\/blogdoprosperi.com\/?p=45140#breadcrumb"},"inLanguage":"pt-BR","potentialAction":[{"@type":"ReadAction","target":["https:\/\/blogdoprosperi.com\/?p=45140"]}]},{"@type":"ImageObject","inLanguage":"pt-BR","@id":"https:\/\/blogdoprosperi.com\/?p=45140#primaryimage","url":"https:\/\/i0.wp.com\/blogdoprosperi.com\/wp-content\/uploads\/2024\/09\/53987038463_1c33dba7d8_k.jpg?fit=2048%2C1366&ssl=1","contentUrl":"https:\/\/i0.wp.com\/blogdoprosperi.com\/wp-content\/uploads\/2024\/09\/53987038463_1c33dba7d8_k.jpg?fit=2048%2C1366&ssl=1","width":2048,"height":1366,"caption":"Camisas da Sele\u00e7\u00e3o ao vento \u2013 foto: CBF oficial"},{"@type":"BreadcrumbList","@id":"https:\/\/blogdoprosperi.com\/?p=45140#breadcrumb","itemListElement":[{"@type":"ListItem","position":1,"name":"In\u00edcio","item":"https:\/\/blogdoprosperi.com\/"},{"@type":"ListItem","position":2,"name":"Sele\u00e7\u00e3o Brasileira Perde do Paraguai: Culpa do Presidente da CBF. Camisas Amarelas ao Vento"}]},{"@type":"WebSite","@id":"https:\/\/blogdoprosperi.com\/#website","url":"https:\/\/blogdoprosperi.com\/","name":"PR\u00d3SPERI NEWS","description":"TUDO \u00c9  FUTEBOL","publisher":{"@id":"https:\/\/blogdoprosperi.com\/#\/schema\/person\/38100755ce3601861ee4fab9b5aa78e9"},"alternateName":"blogdoprosperi.com","potentialAction":[{"@type":"SearchAction","target":{"@type":"EntryPoint","urlTemplate":"https:\/\/blogdoprosperi.com\/?s={search_term_string}"},"query-input":{"@type":"PropertyValueSpecification","valueRequired":true,"valueName":"search_term_string"}}],"inLanguage":"pt-BR"},{"@type":["Person","Organization"],"@id":"https:\/\/blogdoprosperi.com\/#\/schema\/person\/38100755ce3601861ee4fab9b5aa78e9","name":"Luiz Ant\u00f4nio Pr\u00f3speri","pronouns":"ele","image":{"@type":"ImageObject","inLanguage":"pt-BR","@id":"https:\/\/i0.wp.com\/blogdoprosperi.com\/wp-content\/uploads\/2026\/05\/cropped-8059e613-6002-42fa-961e-8e275f575d71-2-5.jpg?fit=1360%2C931&ssl=1","url":"https:\/\/i0.wp.com\/blogdoprosperi.com\/wp-content\/uploads\/2026\/05\/cropped-8059e613-6002-42fa-961e-8e275f575d71-2-5.jpg?fit=1360%2C931&ssl=1","contentUrl":"https:\/\/i0.wp.com\/blogdoprosperi.com\/wp-content\/uploads\/2026\/05\/cropped-8059e613-6002-42fa-961e-8e275f575d71-2-5.jpg?fit=1360%2C931&ssl=1","width":1360,"height":931,"caption":"Luiz Ant\u00f4nio Pr\u00f3speri"},"logo":{"@id":"https:\/\/i0.wp.com\/blogdoprosperi.com\/wp-content\/uploads\/2026\/05\/cropped-8059e613-6002-42fa-961e-8e275f575d71-2-5.jpg?fit=1360%2C931&ssl=1"},"description":"Jornalista com carreira dedicada ao esporte. Cobriu 9 Copas do Mundo in loco, 1990 na It\u00e1lia, 1994 nos EUA, 1998 na Fran\u00e7a, 2002 na Coreia do Sul e Jap\u00e3o, 2006 na Alemanha, 2010 na \u00c1frica do Sul, 2014 no Brasil, 2018 na R\u00fassia e 2022 no Qatar. Eurocopas, 1992 na Su\u00e9cia e 1996 na Inglaterra. Copa das Confedera\u00e7\u00f5es de 2005 na Alemanha e 2009 na \u00c1frica do Sul. Rep\u00f3rter e Editor, trabalhou no Jornal da Tarde e Estad\u00e3o, de 1984 a fevereiro de 2016. Colunista, blogueiro. E comentarista de futebol na R\u00e1dio Estad\u00e3o, de 2013 a fevereiro de 2016. Jornalista respons\u00e1vel do \"Pr\u00f3speri News\" (blogdoprosperi.com).","sameAs":["http:\/\/blogdoprosperi.com","Luiz Pr\u00f3speri","@luiz_prosperi","https:\/\/x.com\/Luizprosperi","@prosperinacopa","luiz.prosperi@icloud.com"],"url":"https:\/\/blogdoprosperi.com\/?author=102107496"}]}},"jetpack_publicize_connections":[],"jetpack_likes_enabled":false,"jetpack_sharing_enabled":true,"jetpack_shortlink":"https:\/\/wp.me\/p7jvdk-bK4","jetpack-related-posts":[{"id":45707,"url":"https:\/\/blogdoprosperi.com\/?p=45707","url_meta":{"origin":45140,"position":0},"title":"Sele\u00e7\u00e3o Brasileira | Dorival Junior Cai na Cilada da CBF e Presidente Aguarda Julgamento do STF","author":"Luiz Ant\u00f4nio Pr\u00f3speri","date":"9 de outubro de 2024","format":false,"excerpt":"Luiz Ant\u00f4nio Pr\u00f3speri \u2013 9 outubro (00h10) Dorival Junior est\u00e1 por um fio no comando da Sele\u00e7\u00e3o Brasileira. Ednaldo Rodrigues tamb\u00e9m vive mesma situa\u00e7\u00e3o na presid\u00eancia da CBF. Dorival, o t\u00e9cnico, depende de uma vit\u00f3ria contra o Chile, jogo das Eliminat\u00f3rias da Copa 2026, quinta-feira (10\/10), em Santiago. Ednaldo, o\u2026","rel":"","context":"Em &quot;futebol&quot;","block_context":{"text":"futebol","link":"https:\/\/blogdoprosperi.com\/?cat=53870"},"img":{"alt_text":"Dorival por um fio na Sele\u00e7\u00e3o Brasileira","src":"https:\/\/i0.wp.com\/blogdoprosperi.com\/wp-content\/uploads\/2024\/10\/54052520387_3484cb21ae_k.jpg?fit=1200%2C776&ssl=1&resize=350%2C200","width":350,"height":200,"srcset":"https:\/\/i0.wp.com\/blogdoprosperi.com\/wp-content\/uploads\/2024\/10\/54052520387_3484cb21ae_k.jpg?fit=1200%2C776&ssl=1&resize=350%2C200 1x, https:\/\/i0.wp.com\/blogdoprosperi.com\/wp-content\/uploads\/2024\/10\/54052520387_3484cb21ae_k.jpg?fit=1200%2C776&ssl=1&resize=525%2C300 1.5x, https:\/\/i0.wp.com\/blogdoprosperi.com\/wp-content\/uploads\/2024\/10\/54052520387_3484cb21ae_k.jpg?fit=1200%2C776&ssl=1&resize=700%2C400 2x, https:\/\/i0.wp.com\/blogdoprosperi.com\/wp-content\/uploads\/2024\/10\/54052520387_3484cb21ae_k.jpg?fit=1200%2C776&ssl=1&resize=1050%2C600 3x"},"classes":[]},{"id":46440,"url":"https:\/\/blogdoprosperi.com\/?p=46440","url_meta":{"origin":45140,"position":1},"title":"Brasil 1 x 1 Uruguai | Dorival J\u00e1 Pode Pegar o Bon\u00e9 e a CBF Assumir a Culpa","author":"Luiz Ant\u00f4nio Pr\u00f3speri","date":"19 de novembro de 2024","format":false,"excerpt":"Luiz Ant\u00f4nio Pr\u00f3speri \u2013 19 novembro (23h50) \u2013 Voc\u00ea ficou acordado at\u00e9 o fim do jogo do Brasil contra o Uruguai nessa v\u00e9spera de feriado? Se sim, gostou do que viu? Penso que n\u00e3o. Sele\u00e7\u00e3o Brasileira n\u00e3o agrada a mais ningu\u00e9m. CBF tem culpa nesse processo negativo. Aposta em Dorival\u2026","rel":"","context":"Em &quot;futebol&quot;","block_context":{"text":"futebol","link":"https:\/\/blogdoprosperi.com\/?cat=53870"},"img":{"alt_text":"Dorival j\u00e1 pode pegar o bon\u00e9, Brasil 1 x 1 Uruguai","src":"https:\/\/i0.wp.com\/blogdoprosperi.com\/wp-content\/uploads\/2024\/11\/54152431679_b12f641edf_c.jpg?fit=800%2C516&ssl=1&resize=350%2C200","width":350,"height":200,"srcset":"https:\/\/i0.wp.com\/blogdoprosperi.com\/wp-content\/uploads\/2024\/11\/54152431679_b12f641edf_c.jpg?fit=800%2C516&ssl=1&resize=350%2C200 1x, https:\/\/i0.wp.com\/blogdoprosperi.com\/wp-content\/uploads\/2024\/11\/54152431679_b12f641edf_c.jpg?fit=800%2C516&ssl=1&resize=525%2C300 1.5x, https:\/\/i0.wp.com\/blogdoprosperi.com\/wp-content\/uploads\/2024\/11\/54152431679_b12f641edf_c.jpg?fit=800%2C516&ssl=1&resize=700%2C400 2x"},"classes":[]},{"id":46425,"url":"https:\/\/blogdoprosperi.com\/?p=46425","url_meta":{"origin":45140,"position":2},"title":"Sele\u00e7\u00e3o Brasileira | \u00daltima Cartada de Dorival e Ronaldo Fen\u00f4meno Vem A\u00ed","author":"Luiz Ant\u00f4nio Pr\u00f3speri","date":"19 de novembro de 2024","format":false,"excerpt":"Luiz Ant\u00f4nio Pr\u00f3speri \u2013 19 novembro (13h45) \u2013 Sele\u00e7\u00e3o Brasileira enfrenta Uruguai, \u00e0s 21h45, hoje (19\/11), em Salvador. Trata-se da \u00faltima rodada das Eliminat\u00f3rias da Copa 2026 na temporada. Est\u00e1 em jogo tamb\u00e9m o futuro de Dorival J\u00fanior no comando do escrete, trabalho mal avaliado por analistas e torcedores. O\u2026","rel":"","context":"Em &quot;futebol&quot;","block_context":{"text":"futebol","link":"https:\/\/blogdoprosperi.com\/?cat=53870"},"img":{"alt_text":"Futuro de Dorival J\u00fanior no jogo Brasil x Uruguai","src":"https:\/\/i0.wp.com\/blogdoprosperi.com\/wp-content\/uploads\/2024\/11\/54146546787_180e3c16b9_c.jpg?fit=800%2C532&ssl=1&resize=350%2C200","width":350,"height":200,"srcset":"https:\/\/i0.wp.com\/blogdoprosperi.com\/wp-content\/uploads\/2024\/11\/54146546787_180e3c16b9_c.jpg?fit=800%2C532&ssl=1&resize=350%2C200 1x, https:\/\/i0.wp.com\/blogdoprosperi.com\/wp-content\/uploads\/2024\/11\/54146546787_180e3c16b9_c.jpg?fit=800%2C532&ssl=1&resize=525%2C300 1.5x, https:\/\/i0.wp.com\/blogdoprosperi.com\/wp-content\/uploads\/2024\/11\/54146546787_180e3c16b9_c.jpg?fit=800%2C532&ssl=1&resize=700%2C400 2x"},"classes":[]},{"id":45900,"url":"https:\/\/blogdoprosperi.com\/?p=45900","url_meta":{"origin":45140,"position":3},"title":"Brasil vence Peru | Dorival Junior Respira e CBF Faz a Festa","author":"Luiz Ant\u00f4nio Pr\u00f3speri","date":"16 de outubro de 2024","format":false,"excerpt":"Luiz Ant\u00f4nio Pr\u00f3speri - 16 outubro (10h09) Sele\u00e7\u00e3o Brasileira vence Peru por 4 a 0 e se acalma. Diminui a tens\u00e3o. A vit\u00f3ria contra um dos mais fracos times das Eliminat\u00f3rias da Copa 2026 cabe bem no discurso do t\u00e9cnico Dorival Junior e, ao mesmo tempo, atende ao projeto pol\u00edtico\u2026","rel":"","context":"Em &quot;futebol&quot;","block_context":{"text":"futebol","link":"https:\/\/blogdoprosperi.com\/?cat=53870"},"img":{"alt_text":"","src":"https:\/\/i0.wp.com\/blogdoprosperi.com\/wp-content\/uploads\/2024\/10\/54070811890_98fe48c973_c.jpg?fit=800%2C516&ssl=1&resize=350%2C200","width":350,"height":200,"srcset":"https:\/\/i0.wp.com\/blogdoprosperi.com\/wp-content\/uploads\/2024\/10\/54070811890_98fe48c973_c.jpg?fit=800%2C516&ssl=1&resize=350%2C200 1x, https:\/\/i0.wp.com\/blogdoprosperi.com\/wp-content\/uploads\/2024\/10\/54070811890_98fe48c973_c.jpg?fit=800%2C516&ssl=1&resize=525%2C300 1.5x, https:\/\/i0.wp.com\/blogdoprosperi.com\/wp-content\/uploads\/2024\/10\/54070811890_98fe48c973_c.jpg?fit=800%2C516&ssl=1&resize=700%2C400 2x"},"classes":[]},{"id":43744,"url":"https:\/\/blogdoprosperi.com\/?p=43744","url_meta":{"origin":45140,"position":4},"title":"CBF banca Dorival Jr at\u00e9 a Copa do Mundo 2026, a conferir","author":"Luiz Ant\u00f4nio Pr\u00f3speri","date":"8 de julho de 2024","format":false,"excerpt":"CBF n\u00e3o projeta mudan\u00e7as t\u00e3o cedo no comando da Sele\u00e7\u00e3o Brasileira, mesmo ap\u00f3s fiasco na Copa Am\u00e9rica 2024 nos EUA. Presidente Ednaldo Rodrigues garante a perman\u00eancia do treinador com argumento de que se est\u00e1 em in\u00edcio de um trabalho. E adianta que vai com Dorival at\u00e9 a Copa 2026. A\u2026","rel":"","context":"Em &quot;futebol&quot;","block_context":{"text":"futebol","link":"https:\/\/blogdoprosperi.com\/?cat=53870"},"img":{"alt_text":"","src":"https:\/\/i0.wp.com\/blogdoprosperi.com\/wp-content\/uploads\/2024\/07\/gr2pla8agaar3cd.jpeg?fit=675%2C454&ssl=1&resize=350%2C200","width":350,"height":200,"srcset":"https:\/\/i0.wp.com\/blogdoprosperi.com\/wp-content\/uploads\/2024\/07\/gr2pla8agaar3cd.jpeg?fit=675%2C454&ssl=1&resize=350%2C200 1x, https:\/\/i0.wp.com\/blogdoprosperi.com\/wp-content\/uploads\/2024\/07\/gr2pla8agaar3cd.jpeg?fit=675%2C454&ssl=1&resize=525%2C300 1.5x"},"classes":[]},{"id":49330,"url":"https:\/\/blogdoprosperi.com\/?p=49330","url_meta":{"origin":45140,"position":5},"title":"Dorival J\u00fanior Demitido | Sem Atropelos, CBF Corre Atr\u00e1s de Novo Treinador","author":"Luiz Ant\u00f4nio Pr\u00f3speri","date":"28 de mar\u00e7o de 2025","format":false,"excerpt":"Luiz Ant\u00f4nio Pr\u00f3speri \u2013 28 mar\u00e7o (19h05) \u2013 Sele\u00e7\u00e3o Brasileira est\u00e1 sem treinador desde \u00e0s 18h desta sexta-feira (28\/3) quando a CBF anuncia de forma oficial a demiss\u00e3o de Dorival J\u00fanior. Presidente Ednaldo Rodrigues adianta que s\u00f3 agora, com o cargo vago, vai em busca de um novo t\u00e9cnico. Analistas\u2026","rel":"","context":"Em &quot;informa\u00e7\u00e3o&quot;","block_context":{"text":"informa\u00e7\u00e3o","link":"https:\/\/blogdoprosperi.com\/?cat=20384"},"img":{"alt_text":"Jesus e Filipe, juntos na Sele\u00e7\u00e3o ?","src":"https:\/\/i0.wp.com\/blogdoprosperi.com\/wp-content\/uploads\/2025\/03\/captura-de-tela-2025-03-28-as-18.57.54.png?fit=1200%2C642&ssl=1&resize=350%2C200","width":350,"height":200,"srcset":"https:\/\/i0.wp.com\/blogdoprosperi.com\/wp-content\/uploads\/2025\/03\/captura-de-tela-2025-03-28-as-18.57.54.png?fit=1200%2C642&ssl=1&resize=350%2C200 1x, https:\/\/i0.wp.com\/blogdoprosperi.com\/wp-content\/uploads\/2025\/03\/captura-de-tela-2025-03-28-as-18.57.54.png?fit=1200%2C642&ssl=1&resize=525%2C300 1.5x, https:\/\/i0.wp.com\/blogdoprosperi.com\/wp-content\/uploads\/2025\/03\/captura-de-tela-2025-03-28-as-18.57.54.png?fit=1200%2C642&ssl=1&resize=700%2C400 2x, https:\/\/i0.wp.com\/blogdoprosperi.com\/wp-content\/uploads\/2025\/03\/captura-de-tela-2025-03-28-as-18.57.54.png?fit=1200%2C642&ssl=1&resize=1050%2C600 3x"},"classes":[]}],"jetpack_featured_media_url":"https:\/\/i0.wp.com\/blogdoprosperi.com\/wp-content\/uploads\/2024\/09\/53987038463_1c33dba7d8_k.jpg?fit=2048%2C1366&ssl=1","_links":{"self":[{"href":"https:\/\/blogdoprosperi.com\/index.php?rest_route=\/wp\/v2\/posts\/45140","targetHints":{"allow":["GET"]}}],"collection":[{"href":"https:\/\/blogdoprosperi.com\/index.php?rest_route=\/wp\/v2\/posts"}],"about":[{"href":"https:\/\/blogdoprosperi.com\/index.php?rest_route=\/wp\/v2\/types\/post"}],"author":[{"embeddable":true,"href":"https:\/\/blogdoprosperi.com\/index.php?rest_route=\/wp\/v2\/users\/102107496"}],"replies":[{"embeddable":true,"href":"https:\/\/blogdoprosperi.com\/index.php?rest_route=%2Fwp%2Fv2%2Fcomments&post=45140"}],"version-history":[{"count":16,"href":"https:\/\/blogdoprosperi.com\/index.php?rest_route=\/wp\/v2\/posts\/45140\/revisions"}],"predecessor-version":[{"id":45167,"href":"https:\/\/blogdoprosperi.com\/index.php?rest_route=\/wp\/v2\/posts\/45140\/revisions\/45167"}],"wp:featuredmedia":[{"embeddable":true,"href":"https:\/\/blogdoprosperi.com\/index.php?rest_route=\/wp\/v2\/media\/45149"}],"wp:attachment":[{"href":"https:\/\/blogdoprosperi.com\/index.php?rest_route=%2Fwp%2Fv2%2Fmedia&parent=45140"}],"wp:term":[{"taxonomy":"category","embeddable":true,"href":"https:\/\/blogdoprosperi.com\/index.php?rest_route=%2Fwp%2Fv2%2Fcategories&post=45140"},{"taxonomy":"post_tag","embeddable":true,"href":"https:\/\/blogdoprosperi.com\/index.php?rest_route=%2Fwp%2Fv2%2Ftags&post=45140"}],"curies":[{"name":"wp","href":"https:\/\/api.w.org\/{rel}","templated":true}]}}