{"id":45180,"date":"2024-09-12T14:53:31","date_gmt":"2024-09-12T17:53:31","guid":{"rendered":"https:\/\/blogdoprosperi.com\/?p=45180"},"modified":"2024-09-12T14:57:54","modified_gmt":"2024-09-12T17:57:54","slug":"memphis-do-corinthians-minha-razao-de-estar-aqui-e-maior-do-que-o-futebol","status":"publish","type":"post","link":"https:\/\/blogdoprosperi.com\/?p=45180","title":{"rendered":"Memphis do Corinthians: &#8220;Minha Raz\u00e3o de Estar Aqui \u00e9 Maior do que o Futebol&#8221;"},"content":{"rendered":"<p aria-hidden=\"false\"><em>Luiz Ant\u00f4nio Pr\u00f3speri \u2013 12 setembro (14h20)<\/em><\/p>\n<p aria-hidden=\"false\">&#8220;N\u00f3s precisamos reconhecer de onde vem o futebol aut\u00eantico. Muitas estrelas do mundo v\u00eam do Brasil, conhecemos grandes jogadores brasileiros. Aqui \u00e9 a Meca do futebol, o jogo bonito est\u00e1 aqui. As crian\u00e7as na Europa buscam por jogadores daqui, at\u00e9 pela forma como abra\u00e7am a vida, porque n\u00e3o \u00e9 s\u00f3 futebol. Minha raz\u00e3o de estar aqui \u00e9 maior do que o futebol&#8221;.<\/p>\n<p aria-hidden=\"false\">A declara\u00e7\u00e3o de Memphis Depay resume os motivos que o levaram a trocar o futebol europeu pela aventura no Brasil.<\/p>\n<p aria-hidden=\"false\">Aos 30 anos, fama internacional, jogador de destaque na sele\u00e7\u00e3o da Holanda em com passagens no Barcelona e Atl\u00e9tico de Madrid, Memphis, como gosta de ser chamado, \u00e9 apresentado pelo Corinthians. Contrato vai at\u00e9 julho de 2026 ao custo de R$ 70 milh\u00f5es entre sal\u00e1rios, luvas e b\u00f4nus.<\/p>\n<p aria-hidden=\"false\"><em>Acompanhe coletiva de apresenta\u00e7\u00e3o de Memphis no Corinthians, (12\/9):<\/em><\/p>\n<h5><strong>Por que jogar no Brasil?<\/strong><\/h5>\n<p aria-hidden=\"false\">&#8220;\u00c9 uma pergunta interessante porque cruzei o mundo para jogar futebol em um pa\u00eds em que n\u00e3o sabemos muito sobre a competitividade. Para mim \u00e9 simples: eu cresci na Holanda, eu sei da competitividade na Europa e joguei em muitos clubes, eu competi. Estou com 30 anos e disse o que poderia fazer para ser feliz, por alguma raz\u00e3o eu est\u00e3o aqui hoje. Acredito que tudo na minha vida tem um prop\u00f3sito&#8221;.<\/p>\n<h5 aria-hidden=\"false\"><strong>Conhece situa\u00e7\u00e3o dif\u00edcil do Corinthians no Brasileir\u00e3o?<\/strong><\/h5>\n<p aria-hidden=\"false\">Sei da situa\u00e7\u00e3o, mas acredito que noites como as de ontem <span style=\"color: #0000ff\"><strong><a style=\"color: #0000ff\" href=\"https:\/\/blogdoprosperi.com\/2024\/09\/12\/eis-o-corinthians\/\">(Corinthians 3 x 1 Juventude)<\/a> <\/strong><\/span>demonstram que a equipe tem a habilidade de lutar. \u00c9 um time de lutadores. No dia de ontem, por exemplo, olhando o jogo vi o que significa jogar pelo Corinthians. Embora eu n\u00e3o tenha colocado a camisa, eu senti a energia, o esp\u00edrito de luta.<\/p>\n<h5><strong>Recep\u00e7\u00e3o da torcida<\/strong><\/h5>\n<p>&#8220;Foi uma experi\u00eancia incr\u00edvel. N\u00e3o esperava, n\u00e3o tinha expectativas em vir para c\u00e1. Foi algo \u00fanico para mim vir para a liga brasileira com 30 anos. Para um jogador como eu, isso n\u00e3o acontece sempre. Quando cheguei ao Brasil e vi os torcedores, aquilo aqueceu meu cora\u00e7\u00e3o. Compreendi o que significava para aquelas pessoas eu estar aqui. Mais uma vez, agrade\u00e7o ao Fabinho (<em>diretor do Corinthians<\/em>) pelos esfor\u00e7os necess\u00e1rios. Quando cheguei, me senti em casa.<\/p>\n<blockquote><p>A cultura brasileira \u00e9 bastante conhecida, muito parecida com as culturas africanas. Meu pai \u00e9 de Gana e senti essa similaridade. Assim que entrei no est\u00e1dio, nunca tinha experimentado aquilo na vida, algo completamente diferente. Eu n\u00e3o tinha percebido, estou aqui tem 30 horas, est\u00e1 passando r\u00e1pido. Quero aproveitar, isso vai me levar adiante, quero colocar meu cora\u00e7\u00e3o nesse campo.<\/p>\n<figure id=\"attachment_45204\" aria-describedby=\"caption-attachment-45204\" style=\"width: 577px\" class=\"wp-caption alignnone\"><img data-recalc-dims=\"1\" loading=\"lazy\" decoding=\"async\" data-attachment-id=\"45204\" data-permalink=\"https:\/\/blogdoprosperi.com\/?attachment_id=45204\" data-orig-file=\"https:\/\/i0.wp.com\/blogdoprosperi.com\/wp-content\/uploads\/2024\/09\/459209750_1099598388196191_5762781153090090163_n.jpg?fit=1440%2C1095&amp;ssl=1\" data-orig-size=\"1440,1095\" data-comments-opened=\"1\" data-image-meta=\"{&quot;aperture&quot;:&quot;0&quot;,&quot;credit&quot;:&quot;&quot;,&quot;camera&quot;:&quot;&quot;,&quot;caption&quot;:&quot;&quot;,&quot;created_timestamp&quot;:&quot;0&quot;,&quot;copyright&quot;:&quot;&quot;,&quot;focal_length&quot;:&quot;0&quot;,&quot;iso&quot;:&quot;0&quot;,&quot;shutter_speed&quot;:&quot;0&quot;,&quot;title&quot;:&quot;&quot;,&quot;orientation&quot;:&quot;0&quot;}\" data-image-title=\"Memphis e a Fiel\" data-image-description=\"\" data-image-caption=\"&lt;p&gt;foto Facebook Corinthians&lt;\/p&gt;\n\" data-large-file=\"https:\/\/i0.wp.com\/blogdoprosperi.com\/wp-content\/uploads\/2024\/09\/459209750_1099598388196191_5762781153090090163_n.jpg?fit=940%2C715&amp;ssl=1\" class=\" wp-image-45204\" src=\"https:\/\/i0.wp.com\/blogdoprosperi.com\/wp-content\/uploads\/2024\/09\/459209750_1099598388196191_5762781153090090163_n.jpg?resize=577%2C439&#038;ssl=1\" alt=\"\" width=\"577\" height=\"439\" \/><figcaption id=\"caption-attachment-45204\" class=\"wp-caption-text\">foto Facebook Corinthians<\/figcaption><\/figure><\/blockquote>\n<h5><strong>De onde vem inspira\u00e7\u00e3o para jogar futebol?<\/strong><\/h5>\n<p>&#8220;O futebol \u00e9 o que faz reunir as pessoas. Acho que isso \u00e9 algo maravilhoso para mim. Tenho amigos em Gana, no Brasil, e eu inspiro essas crian\u00e7as. Quero que elas olhem para mim e acreditem em seus sonhos. As multid\u00f5es ontem me deram essa inspira\u00e7\u00e3o. Para ser completamente honesto, foi um momento m\u00e1gico para mim. Quero jogar cada vez melhor&#8221;.<\/p>\n<h5><strong>Conselhos de Neymar<\/strong><\/h5>\n<p>&#8220;Conversei com algumas pessoas, como o Neymar e outros brasileiros. Perguntei sobre a cultura, o clube, a cidade. Falei com a minha chefe. Olho para mim mesmo e pergunto: &#8216;o que eu sinto?&#8217;. Uma coisa que est\u00e1 dentro de mim \u00e9 uma alta energia, temos que seguir aquela voz. Quando eu tive aquela sensa\u00e7\u00e3o, orei sobre isso e dei esse passo. Foi um ver\u00e3o muito longo depois da Eurocopa. Fiquei em paz, me senti em paz. Estava me sentindo bem e tomei a decis\u00e3o.<\/p>\n<h5><strong>Quem \u00e9 Memphis?<\/strong><\/h5>\n<p>&#8220;Cresci jogando futebol todos os dias, mas a m\u00fasica est\u00e1 dentro de mim. Sou metade holand\u00eas e metade africano. Fiz isso no meu tempo livre. O futebol \u00e9 a minha atividade n\u00famero um, mas a m\u00fasica \u00e9 a terapia da minha vida. Jogar futebol todos os dias \u00e9 uma grande press\u00e3o, h\u00e1 milh\u00f5es de pessoas com expectativa sobre voc\u00ea. Escrever m\u00fasica ajuda a encontrar o equil\u00edbrio.<\/p>\n<blockquote><p>Se voc\u00ea foca apenas no futebol, voc\u00ea vai enlouquecer. <strong>Sou uma pessoa com muitos talentos, brinco com a moda porque tenho a possibilidade e a habilidade.<\/strong> O futebol \u00e9 o meu primeiro amor, meu cora\u00e7\u00e3o e minha alma est\u00e3o nisso. Busco esse equil\u00edbrio na vida.<\/p><\/blockquote>\n<figure id=\"attachment_45199\" aria-describedby=\"caption-attachment-45199\" style=\"width: 627px\" class=\"wp-caption alignnone\"><img data-recalc-dims=\"1\" loading=\"lazy\" decoding=\"async\" data-attachment-id=\"45199\" data-permalink=\"https:\/\/blogdoprosperi.com\/?attachment_id=45199\" data-orig-file=\"https:\/\/i0.wp.com\/blogdoprosperi.com\/wp-content\/uploads\/2024\/09\/459528562_1099598381529525_1102407121624560506_n.jpg?fit=1440%2C988&amp;ssl=1\" data-orig-size=\"1440,988\" data-comments-opened=\"1\" data-image-meta=\"{&quot;aperture&quot;:&quot;0&quot;,&quot;credit&quot;:&quot;&quot;,&quot;camera&quot;:&quot;&quot;,&quot;caption&quot;:&quot;&quot;,&quot;created_timestamp&quot;:&quot;0&quot;,&quot;copyright&quot;:&quot;&quot;,&quot;focal_length&quot;:&quot;0&quot;,&quot;iso&quot;:&quot;0&quot;,&quot;shutter_speed&quot;:&quot;0&quot;,&quot;title&quot;:&quot;&quot;,&quot;orientation&quot;:&quot;0&quot;}\" data-image-title=\"Corinthians tem Memphis\" data-image-description=\"\" data-image-caption=\"&lt;p&gt;foto Facebook Corinthians&lt;\/p&gt;\n\" data-large-file=\"https:\/\/i0.wp.com\/blogdoprosperi.com\/wp-content\/uploads\/2024\/09\/459528562_1099598381529525_1102407121624560506_n.jpg?fit=940%2C645&amp;ssl=1\" class=\" wp-image-45199\" src=\"https:\/\/i0.wp.com\/blogdoprosperi.com\/wp-content\/uploads\/2024\/09\/459528562_1099598381529525_1102407121624560506_n.jpg?resize=627%2C430&#038;ssl=1\" alt=\"\" width=\"627\" height=\"430\" \/><figcaption id=\"caption-attachment-45199\" class=\"wp-caption-text\">foto Facebook Corinthians<\/figcaption><\/figure>\n<h5><strong>Estrutura do Corinthians convence?\u00a0<\/strong><\/h5>\n<p>&#8220;Acho que \u00e9 bastante similar ou at\u00e9 melhor em alguns aspectos. O ambiente \u00e9 saud\u00e1vel e tem um potencial de se tornar cada vez maior. <strong>Muitos jogadores v\u00e3o seguir esse caminho e vir para o Brasil.<\/strong> O est\u00e1dio e a institui\u00e7\u00e3o s\u00e3o \u00f3timos. Ontem eles fizeram um tour, me mostraram os t\u00edtulos, o Mundial de Clubes, os t\u00edtulos de Brasileir\u00e3o. \u00c9 um clube de muita hist\u00f3ria, \u00e9 uma honra estar aqui.<\/p>\n<blockquote><p>Do outro lado do mundo, eles n\u00e3o conhecem isso, s\u00f3 seguem os clubes europeus. \u00c9 o momento de ver esse v\u00e3o. Os brasileiros t\u00eam algo especial, acho que a liga \u00e9 iluminadora para o outro lado do mundo. \u00c9 momento de demonstrar o potencial, acho que isso vai acontecer nos pr\u00f3ximos anos&#8221;.<\/p><\/blockquote>\n<h5><strong>Pretende estudar portugu\u00eas e aprova culin\u00e1ria brasileira?<\/strong><\/h5>\n<p>&#8220;Experimentei strognoff, arroz com feij\u00e3o (<em>risos<\/em>). \u00c9 uma culin\u00e1ria cheia de sabor. <strong>Voltando para as coisas mais s\u00e9rias, o que eu mais quero \u00e9 ir para o campo, jogar e competir para atender as expectativas dos torcedores o mais r\u00e1pido poss\u00edvel.<\/strong><\/p>\n<p>&#8220;Acho que falar a l\u00edngua sempre ajuda, mas n\u00e3o \u00e9 f\u00e1cil. Joguei na Espanha por alguns anos, vou fazer aula de portugu\u00eas para me conectar com meus companheiros de equipe. A m\u00fasica \u00e9 uma paix\u00e3o, tenho tanta m\u00fasica em mim&#8221;.<\/p>\n<h5><strong>Memphis ganha \u00f3culos de um influente de torcida no meio da coletiva<\/strong><\/h5>\n<p>&#8220;N\u00e3o entendi o que aconteceu, mas adorei (risos). \u00c9 o tipo de energia da qual estamos falando, muitas vezes n\u00e3o temos isso na Europa, que \u00e9 um lugar muito s\u00e9rio e direto. Adorei os \u00f3culos, muito obrigado. Agora, respondendo a sua pergunta, vamos ver como as coisas v\u00e3o. <strong>Preciso de uma casa, sinto falta dos meus cachorros, tenho cachorros grandes e sinto falta deles<\/strong>.<\/p>\n<figure id=\"attachment_45197\" aria-describedby=\"caption-attachment-45197\" style=\"width: 612px\" class=\"wp-caption alignnone\"><img data-recalc-dims=\"1\" loading=\"lazy\" decoding=\"async\" data-attachment-id=\"45197\" data-permalink=\"https:\/\/blogdoprosperi.com\/?attachment_id=45197\" data-orig-file=\"https:\/\/i0.wp.com\/blogdoprosperi.com\/wp-content\/uploads\/2024\/09\/459263243_1099710578184972_5446867864630496761_n.jpg?fit=1497%2C2048&amp;ssl=1\" data-orig-size=\"1497,2048\" data-comments-opened=\"1\" data-image-meta=\"{&quot;aperture&quot;:&quot;0&quot;,&quot;credit&quot;:&quot;&quot;,&quot;camera&quot;:&quot;&quot;,&quot;caption&quot;:&quot;&quot;,&quot;created_timestamp&quot;:&quot;0&quot;,&quot;copyright&quot;:&quot;&quot;,&quot;focal_length&quot;:&quot;0&quot;,&quot;iso&quot;:&quot;0&quot;,&quot;shutter_speed&quot;:&quot;0&quot;,&quot;title&quot;:&quot;&quot;,&quot;orientation&quot;:&quot;0&quot;}\" data-image-title=\"Memphis Juliete\" data-image-description=\"\" data-image-caption=\"&lt;p&gt;foto Facebook Corinthians&lt;\/p&gt;\n\" data-large-file=\"https:\/\/i0.wp.com\/blogdoprosperi.com\/wp-content\/uploads\/2024\/09\/459263243_1099710578184972_5446867864630496761_n.jpg?fit=749%2C1024&amp;ssl=1\" class=\" wp-image-45197\" src=\"https:\/\/i0.wp.com\/blogdoprosperi.com\/wp-content\/uploads\/2024\/09\/459263243_1099710578184972_5446867864630496761_n.jpg?resize=612%2C837&#038;ssl=1\" alt=\"\" width=\"612\" height=\"837\" \/><figcaption id=\"caption-attachment-45197\" class=\"wp-caption-text\">foto Facebook Corinthians<\/figcaption><\/figure>\n<h5><strong>Conversa com o t\u00e9cnico Ram\u00f3n D\u00edaz<\/strong><\/h5>\n<p>&#8220;Falei com ele (<em>Ramon<\/em>) por telefone antes de vir ao Brasil. Fiquei com uma boa impress\u00e3o. <strong>Sou um jogador que gosta de criar e marcar gols. Gosto de jogar um futebol bonito, estou feliz com isso.<\/strong> Ontem, me encontrei com os jogadores e me senti \u00f3timo. Apesar da posi\u00e7\u00e3o que estamos no momento, eles demonstraram muita coragem. N\u00e3o \u00e9 f\u00e1cil, s\u00e3o finais. <strong>Senti eles juntos, sei o quanto significa jogar por esse clube, quero trazer minhas qualidades ao clube<\/strong>. \u00c9 uma equipe que tem grandes potenciais para ganhar muitos t\u00edtulos, \u00e9 para isso que estou aqui.<\/p>\n<h5><strong>Lembran\u00e7a do gol que fez na Arena Itaquera na Copa do Mundi 2014\u00a0<\/strong><\/h5>\n<p>&#8220;Para ser honesto, eu n\u00e3o sabia que j\u00e1 tinha marcado aqui. Foi especial. Foi a minha primeira experi\u00eancia no Brasil h\u00e1 dez anos, marquei o meu territ\u00f3rio em Copas do Mundo. <strong>Dez anos depois estou aqui para competir, isso \u00e9 algo especial. Isso me inspira e vai me inspirar por muitos outros anos.<\/strong> Muito obrigado por me lembrarem do que aconteceu h\u00e1 dez anos aqui no Brasil, era um sonho jogar aqui.<\/p>\n<h5><strong>Qual posi\u00e7\u00e3o pode jogar?<\/strong><\/h5>\n<p>&#8220;Durante a minha carreira, j\u00e1 joguei de 10 e de atacante. Sou um 9,5, posso jogar na esquerda, posso jogar por tr\u00e1s do atacante. Sou um jogador criativo, gosto de jogar entrelinhas. Vamos ver como encaixa. Quero come\u00e7ar a marcar gols, ontem criamos muitas oportunidades e quero me aproveitar disso para marcar gols e criar oportunidades para a equipe.<\/p>\n<h5><strong>Pensa em projetos sociais no Brasil?<\/strong><\/h5>\n<p>&#8220;Acho que \u00e9 importante procurar as li\u00e7\u00f5es que Deus te deu. Em Gana, ajudo crian\u00e7as cegas e surdas. \u00c9 uma b\u00ean\u00e7\u00e3o poder fazer isso, \u00e9 claro que vou ajudar nisso no Brasil, mas com muito cuidado. Buscarei oportunidades de estar com pessoas reais, gente da favela, \u00e9 uma forma que quero ter de represent\u00e1-las. H\u00e1 oportunidades aqui, tudo isso vem do futebol, \u00e9 isso que temos que ver.<\/p>\n<figure id=\"attachment_45201\" aria-describedby=\"caption-attachment-45201\" style=\"width: 593px\" class=\"wp-caption alignnone\"><img data-recalc-dims=\"1\" loading=\"lazy\" decoding=\"async\" data-attachment-id=\"45201\" data-permalink=\"https:\/\/blogdoprosperi.com\/?attachment_id=45201\" data-orig-file=\"https:\/\/i0.wp.com\/blogdoprosperi.com\/wp-content\/uploads\/2024\/09\/459361509_1099386834884013_2219958867464411228_n-1.jpg?fit=1440%2C1216&amp;ssl=1\" data-orig-size=\"1440,1216\" data-comments-opened=\"1\" data-image-meta=\"{&quot;aperture&quot;:&quot;0&quot;,&quot;credit&quot;:&quot;&quot;,&quot;camera&quot;:&quot;&quot;,&quot;caption&quot;:&quot;&quot;,&quot;created_timestamp&quot;:&quot;0&quot;,&quot;copyright&quot;:&quot;&quot;,&quot;focal_length&quot;:&quot;0&quot;,&quot;iso&quot;:&quot;0&quot;,&quot;shutter_speed&quot;:&quot;0&quot;,&quot;title&quot;:&quot;&quot;,&quot;orientation&quot;:&quot;0&quot;}\" data-image-title=\"Memphis brilha no Corinthians\" data-image-description=\"\" data-image-caption=\"&lt;p&gt;foto Facebook Corinthians&lt;\/p&gt;\n\" data-large-file=\"https:\/\/i0.wp.com\/blogdoprosperi.com\/wp-content\/uploads\/2024\/09\/459361509_1099386834884013_2219958867464411228_n-1.jpg?fit=940%2C794&amp;ssl=1\" class=\" wp-image-45201\" src=\"https:\/\/i0.wp.com\/blogdoprosperi.com\/wp-content\/uploads\/2024\/09\/459361509_1099386834884013_2219958867464411228_n-1.jpg?resize=593%2C500&#038;ssl=1\" alt=\"\" width=\"593\" height=\"500\" \/><figcaption id=\"caption-attachment-45201\" class=\"wp-caption-text\"><em>foto Facebook Corinthians<\/em><\/figcaption><\/figure>\n<h5><strong>Quem te inspirou no futebol?\u00a0<\/strong><\/h5>\n<p>&#8220;Um dos jogadores que mais me inspirou foi o Ronaldo (<em>Fen\u00f4meno<\/em>). Ele jogou no PSV, Barcelona e tamb\u00e9m aqui. A forma como ele jogava, sempre disse que ele me inspirava. Para mim, vai al\u00e9m. Os brasileiros, em todo o mundo e aqui, n\u00e3o precisam me agradecer por eu falar com respeito (<em>ao futebol brasileiro<\/em>). <strong>Voc\u00eas contribu\u00edram com o futebol no mundo inteiro, voc\u00eas nos inspiraram. O Ronaldo me inspirou muito.<\/strong><\/p>\n<h5><strong>Rela\u00e7\u00e3o do Gana e compara\u00e7\u00e3o com o Brasil<\/strong><\/h5>\n<p>&#8220;A minha m\u00e3e \u00e9 da Holanda, meu pai \u00e9 refugiado de Gana. N\u00e3o tive chances de ver as minhas ra\u00edzes at\u00e9 ter 22 anos de idade. Nem sempre as coisas funcionam do jeito que voc\u00ea quer. Eu cresci na Holanda, meu pai me deu car\u00e1ter. Quando fui para Gana, comecei a conhecer a hist\u00f3ria dos meus ancestrais.<\/p>\n<blockquote><p>O sangue que eu carrego vem de uma tribo guerreira de Gana. A hist\u00f3ria vem desde o tr\u00e1fico de escravos, tenho essa ancestralidade em mim. Temos brasileiros em Gana, isso \u00e9 engra\u00e7ado. <strong>Quando eu falo de prop\u00f3sito \u00e9 sobre isso. Foi a\u00ed que percebi minha conex\u00e3o com o Brasil e com o povo brasileiro, muito antes de jogar na Espanha ou na Fran\u00e7a. Estou conectado com os jogadores brasileiros. Quando cheguei aqui, vi o esp\u00edrito e achei tudo muito parecido.<\/strong><\/p><\/blockquote>\n<p>&#8220;Senti a conex\u00e3o. Se eu estivesse em Gana, teria lugares lindos para ver, mas com uma grande desigualdade. Sinto essa conex\u00e3o com o Brasil. <strong>Voc\u00ea vai me ver de terno e gravata, mas estou fazendo muito trabalho por tr\u00e1s, um trabalho de base<\/strong>. Isso sou eu, estou aqui para jogar futebol e preencher esse v\u00e3o entre l\u00e1 e c\u00e1. Tudo isso \u00e9 muito grande.<\/p>\n<figure id=\"attachment_45200\" aria-describedby=\"caption-attachment-45200\" style=\"width: 587px\" class=\"wp-caption alignnone\"><img data-recalc-dims=\"1\" loading=\"lazy\" decoding=\"async\" data-attachment-id=\"45200\" data-permalink=\"https:\/\/blogdoprosperi.com\/?attachment_id=45200\" data-orig-file=\"https:\/\/i0.wp.com\/blogdoprosperi.com\/wp-content\/uploads\/2024\/09\/459262456_1099598384862858_9185551432052772318_n.jpg?fit=1299%2C960&amp;ssl=1\" data-orig-size=\"1299,960\" data-comments-opened=\"1\" data-image-meta=\"{&quot;aperture&quot;:&quot;0&quot;,&quot;credit&quot;:&quot;&quot;,&quot;camera&quot;:&quot;&quot;,&quot;caption&quot;:&quot;&quot;,&quot;created_timestamp&quot;:&quot;0&quot;,&quot;copyright&quot;:&quot;&quot;,&quot;focal_length&quot;:&quot;0&quot;,&quot;iso&quot;:&quot;0&quot;,&quot;shutter_speed&quot;:&quot;0&quot;,&quot;title&quot;:&quot;&quot;,&quot;orientation&quot;:&quot;0&quot;}\" data-image-title=\"\" data-image-description=\"\" data-image-caption=\"&lt;p&gt;foto Facebook Corinthians&lt;\/p&gt;\n\" data-large-file=\"https:\/\/i0.wp.com\/blogdoprosperi.com\/wp-content\/uploads\/2024\/09\/459262456_1099598384862858_9185551432052772318_n.jpg?fit=940%2C695&amp;ssl=1\" class=\" wp-image-45200\" src=\"https:\/\/i0.wp.com\/blogdoprosperi.com\/wp-content\/uploads\/2024\/09\/459262456_1099598384862858_9185551432052772318_n.jpg?resize=587%2C434&#038;ssl=1\" alt=\"\" width=\"587\" height=\"434\" \/><figcaption id=\"caption-attachment-45200\" class=\"wp-caption-text\">foto Facebook Corinthians<\/figcaption><\/figure>\n<h5><strong>Como sentiu a recep\u00e7\u00e3o de torcedores e s\u00edmbolo do Corinthians no seu penteado?<\/strong><\/h5>\n<p>&#8220;Ontem, quando estava entrando no campo, vi as crian\u00e7as com a faixa (<em>no cabelo<\/em>) e fiquei surpreso. A forma como voc\u00ea se veste \u00e9 uma express\u00e3o de si mesmo. \u00c9 uma coisa simples. Se voc\u00ea pode inspirar atrav\u00e9s da moda, fa\u00e7a. <strong>Quando eu era jovem, eu usei a faixa porque o Ronaldinho usava. Os rappers norte-americanos tamb\u00e9m usavam<\/strong>.<\/p>\n<blockquote><p>\u00c9 uma coisa linda quando voc\u00ea inspira pessoas. Se eu puder inspirar dez pessoas para doar dez euros para pessoas pobres, fiz o meu trabalho. Esse \u00e9 o mais nobre dos atos. Vejo como os torcedores se conectam e acho isso lindo.<\/p><\/blockquote>\n<p>&#8220;Sempre tive cabelo curto, e agora estou deixando crescer. Pedi para a cabeleireira colocar o logo do Corinthians no meu cabelo. Ela disse que era imposs\u00edvel, mas tentamos e conseguimos.<\/p>\n<h5><strong>Futuro na Sele\u00e7\u00e3o da Holanda e como est\u00e1 sua parte f\u00edsica<\/strong><\/h5>\n<p>&#8220;Primeiro de tudo, acho que a parte f\u00edsica \u00e9 muito importante. \u00c9 sempre como voc\u00ea se prepara, para mim as \u00faltimas duas temporadas n\u00e3o foram t\u00e3o boas. <strong>Fiz os testes e estou em forma. Tenho sorte que consigo aprender e jogar hoje.<\/strong> \u00c9 importante ter todas essas quest\u00f5es para me preparar da melhor forma poss\u00edvel. Isso vai me ajudar, o calend\u00e1rio tem muitos jogos, e eu preciso jogar.<\/p>\n<p>&#8220;Os treinadores das sele\u00e7\u00f5es (<em>da Europa<\/em>) precisam investigar essa liga e v\u00e3o ver que \u00e9 muita competitiva. Jogamos a Copa do Mundo e \u00e9 sempre muito dif\u00edcil jogar com os sul-americanos por conta da paix\u00e3o e da intensidade<strong>.<\/strong> Na Europa, somos mais controlados.<strong> Acho que \u00e9 importante a Europa olhar para c\u00e1, h\u00e1 grandes est\u00e1dios, grandes clubes e grandes grupos de torcedores.<\/strong> Tenho alguma experi\u00eancia com alguns pa\u00edses sul-americanos, entendo o qu\u00e3o duro \u00e9.<\/p>\n<figure id=\"attachment_45198\" aria-describedby=\"caption-attachment-45198\" style=\"width: 618px\" class=\"wp-caption alignnone\"><img data-recalc-dims=\"1\" loading=\"lazy\" decoding=\"async\" data-attachment-id=\"45198\" data-permalink=\"https:\/\/blogdoprosperi.com\/?attachment_id=45198\" data-orig-file=\"https:\/\/i0.wp.com\/blogdoprosperi.com\/wp-content\/uploads\/2024\/09\/459253996_1099686011520762_2775563506466500125_n.jpg?fit=1440%2C960&amp;ssl=1\" data-orig-size=\"1440,960\" data-comments-opened=\"1\" data-image-meta=\"{&quot;aperture&quot;:&quot;0&quot;,&quot;credit&quot;:&quot;&quot;,&quot;camera&quot;:&quot;&quot;,&quot;caption&quot;:&quot;&quot;,&quot;created_timestamp&quot;:&quot;0&quot;,&quot;copyright&quot;:&quot;&quot;,&quot;focal_length&quot;:&quot;0&quot;,&quot;iso&quot;:&quot;0&quot;,&quot;shutter_speed&quot;:&quot;0&quot;,&quot;title&quot;:&quot;&quot;,&quot;orientation&quot;:&quot;0&quot;}\" data-image-title=\"Memphis \u00e9 do Corinthians\" data-image-description=\"\" data-image-caption=\"&lt;p&gt;foto Facebook Corinthians&lt;\/p&gt;\n\" data-large-file=\"https:\/\/i0.wp.com\/blogdoprosperi.com\/wp-content\/uploads\/2024\/09\/459253996_1099686011520762_2775563506466500125_n.jpg?fit=940%2C627&amp;ssl=1\" class=\" wp-image-45198\" src=\"https:\/\/i0.wp.com\/blogdoprosperi.com\/wp-content\/uploads\/2024\/09\/459253996_1099686011520762_2775563506466500125_n.jpg?resize=618%2C412&#038;ssl=1\" alt=\"\" width=\"618\" height=\"412\" \/><figcaption id=\"caption-attachment-45198\" class=\"wp-caption-text\">foto Facebook Corinthians<\/figcaption><\/figure>\n<h5><strong>Primeiras impress\u00f5es do Corinthians<\/strong><\/h5>\n<p>&#8220;Foi lindo, conheci o clube e recebi at\u00e9 uma B\u00edblia. O que significa que para ser Corinthians tem que ter respeito. Vim aqui com respeito. Estou para ajudar o clube, a torcida. <strong>Foi lindo ver nos olhos daquelas pessoas o que significa estar aqui. \u00c9 quase uma religi\u00e3o.<\/strong> Quero voltar ao museu porque ontem foi um dia ocupado. Vi v\u00e1rias hist\u00f3rias, quero visitar em paz o museu para conhecer ainda mais a hist\u00f3ria do clube. \u00c9 uma hist\u00f3ria incr\u00edvel.<\/p>\n<h5><strong>Semelhan\u00e7as entre Holanda e Brasil?<\/strong><\/h5>\n<p>&#8220;N\u00e3o sei se existem similaridades. Se eu olhar para as equipes brasileiras l\u00e1 do passado at\u00e9 as de hoje, sinto que \u00e9 ligado \u00e0 intui\u00e7\u00e3o. Na Europa tem muito a ver com, n\u00e3o sei, acho que o futebol holand\u00eas \u00e9 muito como conduzimos o jogo. Temos grandes atacantes, grandes defensores.<\/p>\n<p>&#8220;Somos famosos, n\u00e3o acho que seja parecido. <strong>Aqui, \u00e9 sobre intui\u00e7\u00e3o. Na Europa, n\u00e3o temos tambores nos est\u00e1dios. \u00c9 completamente diferente a vibra\u00e7\u00e3o, n\u00e3o d\u00e1 para comparar.<\/strong> Quero jogar antes de responder essa pergunta.<\/p>\n<blockquote><p>Ontem (<em>Corinthians 3 x 1 Juventude<\/em>), foi incr\u00edvel, foi algo louco. A torcida compreende o impacto que tem no campo, <strong>quando o Corinthians tomou o gol gritaram mais alto para ajudar o time. N\u00e3o estou acostumado a ver isso com tanta frequ\u00eancia, foi algo especial.<\/strong> A torcida precisa se orgulhar, os jogadores s\u00e3o incr\u00edveis e precisamos dar um retorno \u00e0s arquibancadas.<\/p>\n<figure id=\"attachment_45195\" aria-describedby=\"caption-attachment-45195\" style=\"width: 720px\" class=\"wp-caption alignnone\"><img data-recalc-dims=\"1\" loading=\"lazy\" decoding=\"async\" data-attachment-id=\"45195\" data-permalink=\"https:\/\/blogdoprosperi.com\/?attachment_id=45195\" data-orig-file=\"https:\/\/i0.wp.com\/blogdoprosperi.com\/wp-content\/uploads\/2024\/09\/459514917_1099710138185016_2214811536365005996_n.jpg?fit=2048%2C1365&amp;ssl=1\" data-orig-size=\"2048,1365\" data-comments-opened=\"1\" data-image-meta=\"{&quot;aperture&quot;:&quot;0&quot;,&quot;credit&quot;:&quot;&quot;,&quot;camera&quot;:&quot;&quot;,&quot;caption&quot;:&quot;&quot;,&quot;created_timestamp&quot;:&quot;0&quot;,&quot;copyright&quot;:&quot;&quot;,&quot;focal_length&quot;:&quot;0&quot;,&quot;iso&quot;:&quot;0&quot;,&quot;shutter_speed&quot;:&quot;0&quot;,&quot;title&quot;:&quot;&quot;,&quot;orientation&quot;:&quot;0&quot;}\" data-image-title=\"\" data-image-description=\"\" data-image-caption=\"&lt;p&gt;foto: Facebook Corinthians&lt;\/p&gt;\n\" data-large-file=\"https:\/\/i0.wp.com\/blogdoprosperi.com\/wp-content\/uploads\/2024\/09\/459514917_1099710138185016_2214811536365005996_n.jpg?fit=940%2C627&amp;ssl=1\" class=\"size-large wp-image-45195\" src=\"https:\/\/i0.wp.com\/blogdoprosperi.com\/wp-content\/uploads\/2024\/09\/459514917_1099710138185016_2214811536365005996_n.jpg?resize=720%2C480&#038;ssl=1\" alt=\"\" width=\"720\" height=\"480\" \/><figcaption id=\"caption-attachment-45195\" class=\"wp-caption-text\">foto: Facebook Corinthians<\/figcaption><\/figure><\/blockquote>\n<p>&#8220;Minha maior contribui\u00e7\u00e3o \u00e9 deixar meu cora\u00e7\u00e3o no campo, \u00e9 isso que os torcedores est\u00e3o esperando. Quero dar o meu melhor e ganhar jogos. Vejo um grande potencial nesse clube em termos de marketing, tenho ideias para o clube. Temos grandes torcedores, temos visibilidade.<\/p>\n<blockquote><p>A minha vinda para c\u00e1 \u00e9 para acender uma luz na liga brasileira (Brasileir\u00e3o) e para o Corinthians. <strong>Nos pr\u00f3ximos dois anos temos muita a fazer, quero ganhar t\u00edtulos, temos que ter uma mentalidade vencedora. Al\u00e9m disso, de ganhar t\u00edtulos, o Corinthians tem um grande potencial financeiro.<\/strong> Penso que muitos jogadores seguir\u00e3o meus passos e vir\u00e3o para c\u00e1.<\/p><\/blockquote>\n<h5><strong>Coincid\u00eancias de sua m\u00fasica e o Corinthians<\/strong><\/h5>\n<p>&#8220;N\u00e3o acredito em coincid\u00eancias. Acredito em prop\u00f3sito. A <span style=\"color: #0000ff\"><strong><a style=\"color: #0000ff\" href=\"https:\/\/blogdoprosperi.com\/2024\/09\/06\/corinthians-contrata-memphis-depay-o-salvador-vem-da-holanda\/\">m\u00fasica &#8216;Corinthians&#8217;<\/a> <\/strong><\/span>foi criada l\u00e1 atr\u00e1s. Espero grandes coisas, mas quero manter isso. <strong>Oro por isso, sei que muitas coisas voc\u00ea precisa orar ou falar para que elas aconte\u00e7am. As pessoas aqui est\u00e3o prontas para uma mudan\u00e7a.<\/strong> Quero ser feliz, jogar futebol e ajudar a equipe. Sei que isso vai ser grandioso. Muito obrigado.<\/p>\n<p>Memphis est\u00e1 regularizado no BID na CBF e pode ser relacionado para o jogo contra o Botafogo, s\u00e1bado (14\/9), \u00e0s 21h no est\u00e1dio Nilton Santos (grama sint\u00e9tica), Rio.<\/p>\n","protected":false},"excerpt":{"rendered":"<p>Luiz Ant\u00f4nio Pr\u00f3speri \u2013 12 setembro (14h20) &#8220;N\u00f3s precisamos reconhecer de onde vem o futebol aut\u00eantico. Muitas estrelas [&hellip;]<\/p>\n","protected":false},"author":102107496,"featured_media":45196,"comment_status":"open","ping_status":"open","sticky":false,"template":"","format":"standard","meta":{"_coblocks_attr":"","_coblocks_dimensions":"","_coblocks_responsive_height":"","_coblocks_accordion_ie_support":"","_jetpack_newsletter_access":"","_jetpack_dont_email_post_to_subs":false,"_jetpack_newsletter_tier_id":0,"_jetpack_memberships_contains_paywalled_content":false,"_wpcom_ai_launchpad_first_post":false,"_jetpack_feature_clip_id":0,"_jetpack_memberships_contains_paid_content":false,"footnotes":"","jetpack_publicize_message":"","jetpack_publicize_feature_enabled":true,"jetpack_social_post_already_shared":false,"jetpack_social_options":{"image_generator_settings":{"template":"highway","default_image_id":0,"font":"","enabled":false},"version":2},"jetpack_post_was_ever_published":false},"categories":[53870,20384],"tags":[10668348,177066,789560560,789560573,44781124,4112146,89869,1805387],"class_list":["post-45180","post","type-post","status-publish","format-standard","has-post-thumbnail","hentry","category-futebol","category-informacao","tag-0000ff","tag-corinthians","tag-futebol","tag-luiz-antonio-prosperi","tag-memphis-depay","tag-neymar","tag-ronaldinho-gaucho","tag-ronaldo-fenomeno"],"yoast_head":"<!-- This site is optimized with the Yoast SEO plugin v28.3 - https:\/\/yoast.com\/product\/yoast-seo-wordpress\/ -->\n<title>Memphis do Corinthians: &quot;Minha Raz\u00e3o de Estar Aqui \u00e9 Maior do que o Futebol&quot; - PR\u00d3SPERI NEWS<\/title>\n<meta name=\"robots\" content=\"index, follow, max-snippet:-1, max-image-preview:large, max-video-preview:-1\" \/>\n<link rel=\"canonical\" href=\"https:\/\/blogdoprosperi.com\/?p=45180\" \/>\n<meta property=\"og:locale\" content=\"pt_BR\" \/>\n<meta property=\"og:type\" content=\"article\" \/>\n<meta property=\"og:title\" content=\"Memphis do Corinthians: &quot;Minha Raz\u00e3o de Estar Aqui \u00e9 Maior do que o Futebol&quot; - PR\u00d3SPERI NEWS\" \/>\n<meta property=\"og:description\" content=\"Luiz Ant\u00f4nio Pr\u00f3speri \u2013 12 setembro (14h20) &#8220;N\u00f3s precisamos reconhecer de onde vem o futebol aut\u00eantico. Muitas estrelas [&hellip;]\" \/>\n<meta property=\"og:url\" content=\"https:\/\/blogdoprosperi.com\/?p=45180\" \/>\n<meta property=\"og:site_name\" content=\"PR\u00d3SPERI NEWS\" \/>\n<meta property=\"article:publisher\" content=\"Luiz Pr\u00f3speri\" \/>\n<meta property=\"article:author\" content=\"Luiz Pr\u00f3speri\" \/>\n<meta property=\"article:published_time\" content=\"2024-09-12T17:53:31+00:00\" \/>\n<meta property=\"article:modified_time\" content=\"2024-09-12T17:57:54+00:00\" \/>\n<meta property=\"og:image\" content=\"https:\/\/i0.wp.com\/blogdoprosperi.com\/wp-content\/uploads\/2024\/09\/459514102_1099709868185043_856018336295394707_n.jpg?fit=2048%2C1365&ssl=1\" \/>\n\t<meta property=\"og:image:width\" content=\"2048\" \/>\n\t<meta property=\"og:image:height\" content=\"1365\" \/>\n\t<meta property=\"og:image:type\" content=\"image\/jpeg\" \/>\n<meta name=\"author\" content=\"Luiz Ant\u00f4nio Pr\u00f3speri\" \/>\n<meta name=\"twitter:card\" content=\"summary_large_image\" \/>\n<meta name=\"twitter:creator\" content=\"@Luizprosperi\" \/>\n<meta name=\"twitter:site\" content=\"@Luizprosperi\" \/>\n<meta name=\"twitter:label1\" content=\"Escrito por\" \/>\n\t<meta name=\"twitter:data1\" content=\"Luiz Ant\u00f4nio Pr\u00f3speri\" \/>\n\t<meta name=\"twitter:label2\" content=\"Est. tempo de leitura\" \/>\n\t<meta name=\"twitter:data2\" content=\"13 minutos\" \/>\n<script type=\"application\/ld+json\" class=\"yoast-schema-graph\">{\"@context\":\"https:\\\/\\\/schema.org\",\"@graph\":[{\"@type\":\"Article\",\"@id\":\"https:\\\/\\\/blogdoprosperi.com\\\/?p=45180#article\",\"isPartOf\":{\"@id\":\"https:\\\/\\\/blogdoprosperi.com\\\/?p=45180\"},\"author\":{\"name\":\"Luiz Ant\u00f4nio Pr\u00f3speri\",\"@id\":\"https:\\\/\\\/blogdoprosperi.com\\\/#\\\/schema\\\/person\\\/38100755ce3601861ee4fab9b5aa78e9\"},\"headline\":\"Memphis do Corinthians: &#8220;Minha Raz\u00e3o de Estar Aqui \u00e9 Maior do que o Futebol&#8221;\",\"datePublished\":\"2024-09-12T17:53:31+00:00\",\"dateModified\":\"2024-09-12T17:57:54+00:00\",\"mainEntityOfPage\":{\"@id\":\"https:\\\/\\\/blogdoprosperi.com\\\/?p=45180\"},\"wordCount\":2534,\"commentCount\":0,\"publisher\":{\"@id\":\"https:\\\/\\\/blogdoprosperi.com\\\/#\\\/schema\\\/person\\\/38100755ce3601861ee4fab9b5aa78e9\"},\"image\":{\"@id\":\"https:\\\/\\\/blogdoprosperi.com\\\/?p=45180#primaryimage\"},\"thumbnailUrl\":\"https:\\\/\\\/i0.wp.com\\\/blogdoprosperi.com\\\/wp-content\\\/uploads\\\/2024\\\/09\\\/459514102_1099709868185043_856018336295394707_n.jpg?fit=2048%2C1365&ssl=1\",\"keywords\":[\"0000ff\",\"Corinthians\",\"futebol\",\"Luiz Ant\u00f4nio Pr\u00f3speri\",\"Memphis depay\",\"Neymar\",\"Ronaldinho Ga\u00facho\",\"Ronaldo Fen\u00f4meno\"],\"articleSection\":[\"futebol\",\"informa\u00e7\u00e3o\"],\"inLanguage\":\"pt-BR\",\"potentialAction\":[{\"@type\":\"CommentAction\",\"name\":\"Comment\",\"target\":[\"https:\\\/\\\/blogdoprosperi.com\\\/?p=45180#respond\"]}]},{\"@type\":\"WebPage\",\"@id\":\"https:\\\/\\\/blogdoprosperi.com\\\/?p=45180\",\"url\":\"https:\\\/\\\/blogdoprosperi.com\\\/?p=45180\",\"name\":\"Memphis do Corinthians: \\\"Minha Raz\u00e3o de Estar Aqui \u00e9 Maior do que o Futebol\\\" - PR\u00d3SPERI NEWS\",\"isPartOf\":{\"@id\":\"https:\\\/\\\/blogdoprosperi.com\\\/#website\"},\"primaryImageOfPage\":{\"@id\":\"https:\\\/\\\/blogdoprosperi.com\\\/?p=45180#primaryimage\"},\"image\":{\"@id\":\"https:\\\/\\\/blogdoprosperi.com\\\/?p=45180#primaryimage\"},\"thumbnailUrl\":\"https:\\\/\\\/i0.wp.com\\\/blogdoprosperi.com\\\/wp-content\\\/uploads\\\/2024\\\/09\\\/459514102_1099709868185043_856018336295394707_n.jpg?fit=2048%2C1365&ssl=1\",\"datePublished\":\"2024-09-12T17:53:31+00:00\",\"dateModified\":\"2024-09-12T17:57:54+00:00\",\"breadcrumb\":{\"@id\":\"https:\\\/\\\/blogdoprosperi.com\\\/?p=45180#breadcrumb\"},\"inLanguage\":\"pt-BR\",\"potentialAction\":[{\"@type\":\"ReadAction\",\"target\":[\"https:\\\/\\\/blogdoprosperi.com\\\/?p=45180\"]}]},{\"@type\":\"ImageObject\",\"inLanguage\":\"pt-BR\",\"@id\":\"https:\\\/\\\/blogdoprosperi.com\\\/?p=45180#primaryimage\",\"url\":\"https:\\\/\\\/i0.wp.com\\\/blogdoprosperi.com\\\/wp-content\\\/uploads\\\/2024\\\/09\\\/459514102_1099709868185043_856018336295394707_n.jpg?fit=2048%2C1365&ssl=1\",\"contentUrl\":\"https:\\\/\\\/i0.wp.com\\\/blogdoprosperi.com\\\/wp-content\\\/uploads\\\/2024\\\/09\\\/459514102_1099709868185043_856018336295394707_n.jpg?fit=2048%2C1365&ssl=1\",\"width\":2048,\"height\":1365,\"caption\":\"foto Facebook Corinthians\"},{\"@type\":\"BreadcrumbList\",\"@id\":\"https:\\\/\\\/blogdoprosperi.com\\\/?p=45180#breadcrumb\",\"itemListElement\":[{\"@type\":\"ListItem\",\"position\":1,\"name\":\"In\u00edcio\",\"item\":\"https:\\\/\\\/blogdoprosperi.com\\\/\"},{\"@type\":\"ListItem\",\"position\":2,\"name\":\"Memphis do Corinthians: &#8220;Minha Raz\u00e3o de Estar Aqui \u00e9 Maior do que o Futebol&#8221;\"}]},{\"@type\":\"WebSite\",\"@id\":\"https:\\\/\\\/blogdoprosperi.com\\\/#website\",\"url\":\"https:\\\/\\\/blogdoprosperi.com\\\/\",\"name\":\"PR\u00d3SPERI NEWS\",\"description\":\"TUDO \u00c9  FUTEBOL\",\"publisher\":{\"@id\":\"https:\\\/\\\/blogdoprosperi.com\\\/#\\\/schema\\\/person\\\/38100755ce3601861ee4fab9b5aa78e9\"},\"alternateName\":\"blogdoprosperi.com\",\"potentialAction\":[{\"@type\":\"SearchAction\",\"target\":{\"@type\":\"EntryPoint\",\"urlTemplate\":\"https:\\\/\\\/blogdoprosperi.com\\\/?s={search_term_string}\"},\"query-input\":{\"@type\":\"PropertyValueSpecification\",\"valueRequired\":true,\"valueName\":\"search_term_string\"}}],\"inLanguage\":\"pt-BR\"},{\"@type\":[\"Person\",\"Organization\"],\"@id\":\"https:\\\/\\\/blogdoprosperi.com\\\/#\\\/schema\\\/person\\\/38100755ce3601861ee4fab9b5aa78e9\",\"name\":\"Luiz Ant\u00f4nio Pr\u00f3speri\",\"pronouns\":\"ele\",\"image\":{\"@type\":\"ImageObject\",\"inLanguage\":\"pt-BR\",\"@id\":\"https:\\\/\\\/i0.wp.com\\\/blogdoprosperi.com\\\/wp-content\\\/uploads\\\/2026\\\/05\\\/cropped-8059e613-6002-42fa-961e-8e275f575d71-2-5.jpg?fit=1360%2C931&ssl=1\",\"url\":\"https:\\\/\\\/i0.wp.com\\\/blogdoprosperi.com\\\/wp-content\\\/uploads\\\/2026\\\/05\\\/cropped-8059e613-6002-42fa-961e-8e275f575d71-2-5.jpg?fit=1360%2C931&ssl=1\",\"contentUrl\":\"https:\\\/\\\/i0.wp.com\\\/blogdoprosperi.com\\\/wp-content\\\/uploads\\\/2026\\\/05\\\/cropped-8059e613-6002-42fa-961e-8e275f575d71-2-5.jpg?fit=1360%2C931&ssl=1\",\"width\":1360,\"height\":931,\"caption\":\"Luiz Ant\u00f4nio Pr\u00f3speri\"},\"logo\":{\"@id\":\"https:\\\/\\\/i0.wp.com\\\/blogdoprosperi.com\\\/wp-content\\\/uploads\\\/2026\\\/05\\\/cropped-8059e613-6002-42fa-961e-8e275f575d71-2-5.jpg?fit=1360%2C931&ssl=1\"},\"description\":\"Jornalista com carreira dedicada ao esporte. Cobriu 9 Copas do Mundo in loco, 1990 na It\u00e1lia, 1994 nos EUA, 1998 na Fran\u00e7a, 2002 na Coreia do Sul e Jap\u00e3o, 2006 na Alemanha, 2010 na \u00c1frica do Sul, 2014 no Brasil, 2018 na R\u00fassia e 2022 no Qatar. Eurocopas, 1992 na Su\u00e9cia e 1996 na Inglaterra. Copa das Confedera\u00e7\u00f5es de 2005 na Alemanha e 2009 na \u00c1frica do Sul. Rep\u00f3rter e Editor, trabalhou no Jornal da Tarde e Estad\u00e3o, de 1984 a fevereiro de 2016. Colunista, blogueiro. E comentarista de futebol na R\u00e1dio Estad\u00e3o, de 2013 a fevereiro de 2016. Jornalista respons\u00e1vel do \\\"Pr\u00f3speri News\\\" (blogdoprosperi.com).\",\"sameAs\":[\"http:\\\/\\\/blogdoprosperi.com\",\"Luiz Pr\u00f3speri\",\"@luiz_prosperi\",\"https:\\\/\\\/x.com\\\/Luizprosperi\",\"@prosperinacopa\",\"luiz.prosperi@icloud.com\"],\"url\":\"https:\\\/\\\/blogdoprosperi.com\\\/?author=102107496\"}]}<\/script>\n<!-- \/ Yoast SEO plugin. -->","yoast_head_json":{"title":"Memphis do Corinthians: \"Minha Raz\u00e3o de Estar Aqui \u00e9 Maior do que o Futebol\" - PR\u00d3SPERI NEWS","robots":{"index":"index","follow":"follow","max-snippet":"max-snippet:-1","max-image-preview":"max-image-preview:large","max-video-preview":"max-video-preview:-1"},"canonical":"https:\/\/blogdoprosperi.com\/?p=45180","og_locale":"pt_BR","og_type":"article","og_title":"Memphis do Corinthians: \"Minha Raz\u00e3o de Estar Aqui \u00e9 Maior do que o Futebol\" - PR\u00d3SPERI NEWS","og_description":"Luiz Ant\u00f4nio Pr\u00f3speri \u2013 12 setembro (14h20) &#8220;N\u00f3s precisamos reconhecer de onde vem o futebol aut\u00eantico. Muitas estrelas [&hellip;]","og_url":"https:\/\/blogdoprosperi.com\/?p=45180","og_site_name":"PR\u00d3SPERI NEWS","article_publisher":"Luiz Pr\u00f3speri","article_author":"Luiz Pr\u00f3speri","article_published_time":"2024-09-12T17:53:31+00:00","article_modified_time":"2024-09-12T17:57:54+00:00","og_image":[{"width":2048,"height":1365,"url":"https:\/\/i0.wp.com\/blogdoprosperi.com\/wp-content\/uploads\/2024\/09\/459514102_1099709868185043_856018336295394707_n.jpg?fit=2048%2C1365&ssl=1","type":"image\/jpeg"}],"author":"Luiz Ant\u00f4nio Pr\u00f3speri","twitter_card":"summary_large_image","twitter_creator":"@Luizprosperi","twitter_site":"@Luizprosperi","twitter_misc":{"Escrito por":"Luiz Ant\u00f4nio Pr\u00f3speri","Est. tempo de leitura":"13 minutos"},"schema":{"@context":"https:\/\/schema.org","@graph":[{"@type":"Article","@id":"https:\/\/blogdoprosperi.com\/?p=45180#article","isPartOf":{"@id":"https:\/\/blogdoprosperi.com\/?p=45180"},"author":{"name":"Luiz Ant\u00f4nio Pr\u00f3speri","@id":"https:\/\/blogdoprosperi.com\/#\/schema\/person\/38100755ce3601861ee4fab9b5aa78e9"},"headline":"Memphis do Corinthians: &#8220;Minha Raz\u00e3o de Estar Aqui \u00e9 Maior do que o Futebol&#8221;","datePublished":"2024-09-12T17:53:31+00:00","dateModified":"2024-09-12T17:57:54+00:00","mainEntityOfPage":{"@id":"https:\/\/blogdoprosperi.com\/?p=45180"},"wordCount":2534,"commentCount":0,"publisher":{"@id":"https:\/\/blogdoprosperi.com\/#\/schema\/person\/38100755ce3601861ee4fab9b5aa78e9"},"image":{"@id":"https:\/\/blogdoprosperi.com\/?p=45180#primaryimage"},"thumbnailUrl":"https:\/\/i0.wp.com\/blogdoprosperi.com\/wp-content\/uploads\/2024\/09\/459514102_1099709868185043_856018336295394707_n.jpg?fit=2048%2C1365&ssl=1","keywords":["0000ff","Corinthians","futebol","Luiz Ant\u00f4nio Pr\u00f3speri","Memphis depay","Neymar","Ronaldinho Ga\u00facho","Ronaldo Fen\u00f4meno"],"articleSection":["futebol","informa\u00e7\u00e3o"],"inLanguage":"pt-BR","potentialAction":[{"@type":"CommentAction","name":"Comment","target":["https:\/\/blogdoprosperi.com\/?p=45180#respond"]}]},{"@type":"WebPage","@id":"https:\/\/blogdoprosperi.com\/?p=45180","url":"https:\/\/blogdoprosperi.com\/?p=45180","name":"Memphis do Corinthians: \"Minha Raz\u00e3o de Estar Aqui \u00e9 Maior do que o Futebol\" - PR\u00d3SPERI NEWS","isPartOf":{"@id":"https:\/\/blogdoprosperi.com\/#website"},"primaryImageOfPage":{"@id":"https:\/\/blogdoprosperi.com\/?p=45180#primaryimage"},"image":{"@id":"https:\/\/blogdoprosperi.com\/?p=45180#primaryimage"},"thumbnailUrl":"https:\/\/i0.wp.com\/blogdoprosperi.com\/wp-content\/uploads\/2024\/09\/459514102_1099709868185043_856018336295394707_n.jpg?fit=2048%2C1365&ssl=1","datePublished":"2024-09-12T17:53:31+00:00","dateModified":"2024-09-12T17:57:54+00:00","breadcrumb":{"@id":"https:\/\/blogdoprosperi.com\/?p=45180#breadcrumb"},"inLanguage":"pt-BR","potentialAction":[{"@type":"ReadAction","target":["https:\/\/blogdoprosperi.com\/?p=45180"]}]},{"@type":"ImageObject","inLanguage":"pt-BR","@id":"https:\/\/blogdoprosperi.com\/?p=45180#primaryimage","url":"https:\/\/i0.wp.com\/blogdoprosperi.com\/wp-content\/uploads\/2024\/09\/459514102_1099709868185043_856018336295394707_n.jpg?fit=2048%2C1365&ssl=1","contentUrl":"https:\/\/i0.wp.com\/blogdoprosperi.com\/wp-content\/uploads\/2024\/09\/459514102_1099709868185043_856018336295394707_n.jpg?fit=2048%2C1365&ssl=1","width":2048,"height":1365,"caption":"foto Facebook Corinthians"},{"@type":"BreadcrumbList","@id":"https:\/\/blogdoprosperi.com\/?p=45180#breadcrumb","itemListElement":[{"@type":"ListItem","position":1,"name":"In\u00edcio","item":"https:\/\/blogdoprosperi.com\/"},{"@type":"ListItem","position":2,"name":"Memphis do Corinthians: &#8220;Minha Raz\u00e3o de Estar Aqui \u00e9 Maior do que o Futebol&#8221;"}]},{"@type":"WebSite","@id":"https:\/\/blogdoprosperi.com\/#website","url":"https:\/\/blogdoprosperi.com\/","name":"PR\u00d3SPERI NEWS","description":"TUDO \u00c9  FUTEBOL","publisher":{"@id":"https:\/\/blogdoprosperi.com\/#\/schema\/person\/38100755ce3601861ee4fab9b5aa78e9"},"alternateName":"blogdoprosperi.com","potentialAction":[{"@type":"SearchAction","target":{"@type":"EntryPoint","urlTemplate":"https:\/\/blogdoprosperi.com\/?s={search_term_string}"},"query-input":{"@type":"PropertyValueSpecification","valueRequired":true,"valueName":"search_term_string"}}],"inLanguage":"pt-BR"},{"@type":["Person","Organization"],"@id":"https:\/\/blogdoprosperi.com\/#\/schema\/person\/38100755ce3601861ee4fab9b5aa78e9","name":"Luiz Ant\u00f4nio Pr\u00f3speri","pronouns":"ele","image":{"@type":"ImageObject","inLanguage":"pt-BR","@id":"https:\/\/i0.wp.com\/blogdoprosperi.com\/wp-content\/uploads\/2026\/05\/cropped-8059e613-6002-42fa-961e-8e275f575d71-2-5.jpg?fit=1360%2C931&ssl=1","url":"https:\/\/i0.wp.com\/blogdoprosperi.com\/wp-content\/uploads\/2026\/05\/cropped-8059e613-6002-42fa-961e-8e275f575d71-2-5.jpg?fit=1360%2C931&ssl=1","contentUrl":"https:\/\/i0.wp.com\/blogdoprosperi.com\/wp-content\/uploads\/2026\/05\/cropped-8059e613-6002-42fa-961e-8e275f575d71-2-5.jpg?fit=1360%2C931&ssl=1","width":1360,"height":931,"caption":"Luiz Ant\u00f4nio Pr\u00f3speri"},"logo":{"@id":"https:\/\/i0.wp.com\/blogdoprosperi.com\/wp-content\/uploads\/2026\/05\/cropped-8059e613-6002-42fa-961e-8e275f575d71-2-5.jpg?fit=1360%2C931&ssl=1"},"description":"Jornalista com carreira dedicada ao esporte. Cobriu 9 Copas do Mundo in loco, 1990 na It\u00e1lia, 1994 nos EUA, 1998 na Fran\u00e7a, 2002 na Coreia do Sul e Jap\u00e3o, 2006 na Alemanha, 2010 na \u00c1frica do Sul, 2014 no Brasil, 2018 na R\u00fassia e 2022 no Qatar. Eurocopas, 1992 na Su\u00e9cia e 1996 na Inglaterra. Copa das Confedera\u00e7\u00f5es de 2005 na Alemanha e 2009 na \u00c1frica do Sul. Rep\u00f3rter e Editor, trabalhou no Jornal da Tarde e Estad\u00e3o, de 1984 a fevereiro de 2016. Colunista, blogueiro. E comentarista de futebol na R\u00e1dio Estad\u00e3o, de 2013 a fevereiro de 2016. Jornalista respons\u00e1vel do \"Pr\u00f3speri News\" (blogdoprosperi.com).","sameAs":["http:\/\/blogdoprosperi.com","Luiz Pr\u00f3speri","@luiz_prosperi","https:\/\/x.com\/Luizprosperi","@prosperinacopa","luiz.prosperi@icloud.com"],"url":"https:\/\/blogdoprosperi.com\/?author=102107496"}]}},"jetpack_publicize_connections":[],"jetpack_likes_enabled":false,"jetpack_sharing_enabled":true,"jetpack_shortlink":"https:\/\/wp.me\/p7jvdk-bKI","jetpack-related-posts":[{"id":48085,"url":"https:\/\/blogdoprosperi.com\/?p=48085","url_meta":{"origin":45180,"position":0},"title":"#Cr\u00f4nicaSab\u00e1tica #13 | Conhe\u00e7a o Mundo Memphis no Brasil","author":"Luiz Ant\u00f4nio Pr\u00f3speri","date":"15 de fevereiro de 2025","format":false,"excerpt":"Luiz Ant\u00f4nio Pr\u00f3speri \u2013 15 fevereiro (12h26) \u2013 Cego, surdo e mudo. \u00c9 a tradu\u00e7\u00e3o do gesto de tapar o ouvido adotado por Memphis Depay na comemora\u00e7\u00e3o de seus gols. Eu e meu mundo, seria recado do jogador holand\u00eas contratado pelo Corinthians em setembro de 2024. Certeiro. Memphis vive o\u2026","rel":"","context":"Em &quot;futebol&quot;","block_context":{"text":"futebol","link":"https:\/\/blogdoprosperi.com\/?cat=53870"},"img":{"alt_text":"Memphis Depay comemora 31 anos","src":"https:\/\/i0.wp.com\/blogdoprosperi.com\/wp-content\/uploads\/2025\/02\/a-grande-festa-de-aniversario-de-depay-foto-redes-sociais-1739557800-hq-2.webp?fit=1080%2C540&ssl=1&resize=350%2C200","width":350,"height":200,"srcset":"https:\/\/i0.wp.com\/blogdoprosperi.com\/wp-content\/uploads\/2025\/02\/a-grande-festa-de-aniversario-de-depay-foto-redes-sociais-1739557800-hq-2.webp?fit=1080%2C540&ssl=1&resize=350%2C200 1x, https:\/\/i0.wp.com\/blogdoprosperi.com\/wp-content\/uploads\/2025\/02\/a-grande-festa-de-aniversario-de-depay-foto-redes-sociais-1739557800-hq-2.webp?fit=1080%2C540&ssl=1&resize=525%2C300 1.5x, https:\/\/i0.wp.com\/blogdoprosperi.com\/wp-content\/uploads\/2025\/02\/a-grande-festa-de-aniversario-de-depay-foto-redes-sociais-1739557800-hq-2.webp?fit=1080%2C540&ssl=1&resize=700%2C400 2x, https:\/\/i0.wp.com\/blogdoprosperi.com\/wp-content\/uploads\/2025\/02\/a-grande-festa-de-aniversario-de-depay-foto-redes-sociais-1739557800-hq-2.webp?fit=1080%2C540&ssl=1&resize=1050%2C600 3x"},"classes":[]},{"id":61614,"url":"https:\/\/blogdoprosperi.com\/?p=61614","url_meta":{"origin":45180,"position":1},"title":"V\u00eddeo: Corinthians n\u00e3o cuida de seu patrim\u00f4nio","author":"Luiz Ant\u00f4nio Pr\u00f3speri","date":"1 de agosto de 2026","format":false,"excerpt":"Corinthians troca gramado da Neo Qu\u00edmica Arena e obriga time a jogar em um campo ainda n\u00e3o adequado ao jogo de futebol. Resultado: jogadores sofrem les\u00f5es graves, ralam joelhos e o futebol fica em segundo plano. \"\u00c9 frustrante porque eu sempre joguei aqui como advers\u00e1rio e o campo sempre foi\u2026","rel":"","context":"Em &quot;futebol&quot;","block_context":{"text":"futebol","link":"https:\/\/blogdoprosperi.com\/?cat=53870"},"img":{"alt_text":"","src":"https:\/\/i0.wp.com\/img.youtube.com\/vi\/VuwCIVmc8gs\/0.jpg?resize=350%2C200","width":350,"height":200},"classes":[]},{"id":62077,"url":"https:\/\/blogdoprosperi.com\/?p=62077","url_meta":{"origin":45180,"position":2},"title":"V\u00eddeo | An\u00e1lise: Memphis fora do Corinthians e o que vem por a\u00ed. Fiel furiosa","author":"Luiz Ant\u00f4nio Pr\u00f3speri","date":"12 de agosto de 2026","format":false,"excerpt":"Acompanhe v\u00eddeo do Canal do Pr\u00f3speri no YouTube com an\u00e1lise a respeito da sa\u00edda de Memphis Depay do Corinthians por decis\u00e3o do comando do clube: https:\/\/youtu.be\/Mpl-Ca20FOQ?si=AVlGmsQkE8SzM5Aj","rel":"","context":"Em &quot;futebol&quot;","block_context":{"text":"futebol","link":"https:\/\/blogdoprosperi.com\/?cat=53870"},"img":{"alt_text":"","src":"https:\/\/i0.wp.com\/img.youtube.com\/vi\/Mpl-Ca20FOQ\/0.jpg?resize=350%2C200","width":350,"height":200},"classes":[]},{"id":45060,"url":"https:\/\/blogdoprosperi.com\/?p=45060","url_meta":{"origin":45180,"position":3},"title":"Corinthians contrata Memphis Depay, o Salvador Vem da Holanda","author":"Luiz Ant\u00f4nio Pr\u00f3speri","date":"6 de setembro de 2024","format":false,"excerpt":"Luiz Antonio Pr\u00f3speri \u2013 6 setembro (18h45) Corinthians contrata atacante holand\u00eas Memphys Depay, 30 anos. Neg\u00f3cio avaliado em pouco mais de R$ 80 milh\u00f5es, entre sal\u00e1rios e luvas. Clube paulista vai usar R$ 57 milh\u00f5es, previsto em contrato com a patrocinadora Esportes da Sorte (bet de apostas esportivas), para pagar\u2026","rel":"","context":"Em &quot;futebol&quot;","block_context":{"text":"futebol","link":"https:\/\/blogdoprosperi.com\/?cat=53870"},"img":{"alt_text":"Memphis Depay \u00e9 do Corinthians","src":"https:\/\/i0.wp.com\/blogdoprosperi.com\/wp-content\/uploads\/2024\/09\/depay-holanda-copa-do-mundo.webp?fit=1000%2C667&ssl=1&resize=350%2C200","width":350,"height":200,"srcset":"https:\/\/i0.wp.com\/blogdoprosperi.com\/wp-content\/uploads\/2024\/09\/depay-holanda-copa-do-mundo.webp?fit=1000%2C667&ssl=1&resize=350%2C200 1x, https:\/\/i0.wp.com\/blogdoprosperi.com\/wp-content\/uploads\/2024\/09\/depay-holanda-copa-do-mundo.webp?fit=1000%2C667&ssl=1&resize=525%2C300 1.5x, https:\/\/i0.wp.com\/blogdoprosperi.com\/wp-content\/uploads\/2024\/09\/depay-holanda-copa-do-mundo.webp?fit=1000%2C667&ssl=1&resize=700%2C400 2x"},"classes":[]},{"id":57449,"url":"https:\/\/blogdoprosperi.com\/?p=57449","url_meta":{"origin":45180,"position":4},"title":"Quem Entende o Corinthians? Fernando Diniz","author":"Luiz Ant\u00f4nio Pr\u00f3speri","date":"8 de abril de 2026","format":false,"excerpt":"Luiz Ant\u00f4nio Pr\u00f3speri \u2013 8 abril 2026 (11h49) \u2013 Corinthians deve na pra\u00e7a algo perto de R$ 2,7 bilh\u00f5es, incluindo o est\u00e1dio erguido em 2014. Ao \u00eddolo holand\u00eas, Memphis Depay, o papagaio a ser quitado \u00e9 de R$ 42 milh\u00f5es. Ali\u00e1s, Memphis tem dado as cartas no futebol do chamado\u2026","rel":"","context":"Em &quot;Campeonato Brasileiro&quot;","block_context":{"text":"Campeonato Brasileiro","link":"https:\/\/blogdoprosperi.com\/?cat=355071"},"img":{"alt_text":"","src":"https:\/\/i0.wp.com\/blogdoprosperi.com\/wp-content\/uploads\/2026\/04\/i.jpg?fit=1140%2C641&ssl=1&resize=350%2C200","width":350,"height":200,"srcset":"https:\/\/i0.wp.com\/blogdoprosperi.com\/wp-content\/uploads\/2026\/04\/i.jpg?fit=1140%2C641&ssl=1&resize=350%2C200 1x, https:\/\/i0.wp.com\/blogdoprosperi.com\/wp-content\/uploads\/2026\/04\/i.jpg?fit=1140%2C641&ssl=1&resize=525%2C300 1.5x, https:\/\/i0.wp.com\/blogdoprosperi.com\/wp-content\/uploads\/2026\/04\/i.jpg?fit=1140%2C641&ssl=1&resize=700%2C400 2x, https:\/\/i0.wp.com\/blogdoprosperi.com\/wp-content\/uploads\/2026\/04\/i.jpg?fit=1140%2C641&ssl=1&resize=1050%2C600 3x"},"classes":[]},{"id":53664,"url":"https:\/\/blogdoprosperi.com\/?p=53664","url_meta":{"origin":45180,"position":5},"title":"Richard Rios Troca Palmeiras por Benfica e Aumenta Revoada de Jogadores Negociados no Brasileir\u00e3o 2025","author":"Luiz Ant\u00f4nio Pr\u00f3speri","date":"20 de julho de 2025","format":false,"excerpt":"Luiz Ant\u00f4nio Pr\u00f3speri \u2013 20 julho 2025 \u2013 (14h29) \u2013 Richard Rios \u00e9 jogador do Benfica contratado a 30 milh\u00f5es de euros (R$ 194,1 milh\u00f5es) do Palmeiras. O volante colombiano deixa o futebol brasileiro na revoada de jogadores importantes negociados nesta janela de transfer\u00eancias (julho a agosto) ap\u00f3s o Mundial\u2026","rel":"","context":"Em &quot;brasileir\u00e3o 2025&quot;","block_context":{"text":"brasileir\u00e3o 2025","link":"https:\/\/blogdoprosperi.com\/?cat=775970846"},"img":{"alt_text":"Richard Rios do Palmeiras para o Benfica","src":"https:\/\/i0.wp.com\/blogdoprosperi.com\/wp-content\/uploads\/2025\/07\/captura-de-tela-2025-07-20-as-14.51.15.png?fit=1018%2C696&ssl=1&resize=350%2C200","width":350,"height":200,"srcset":"https:\/\/i0.wp.com\/blogdoprosperi.com\/wp-content\/uploads\/2025\/07\/captura-de-tela-2025-07-20-as-14.51.15.png?fit=1018%2C696&ssl=1&resize=350%2C200 1x, https:\/\/i0.wp.com\/blogdoprosperi.com\/wp-content\/uploads\/2025\/07\/captura-de-tela-2025-07-20-as-14.51.15.png?fit=1018%2C696&ssl=1&resize=525%2C300 1.5x, https:\/\/i0.wp.com\/blogdoprosperi.com\/wp-content\/uploads\/2025\/07\/captura-de-tela-2025-07-20-as-14.51.15.png?fit=1018%2C696&ssl=1&resize=700%2C400 2x"},"classes":[]}],"jetpack_featured_media_url":"https:\/\/i0.wp.com\/blogdoprosperi.com\/wp-content\/uploads\/2024\/09\/459514102_1099709868185043_856018336295394707_n.jpg?fit=2048%2C1365&ssl=1","_links":{"self":[{"href":"https:\/\/blogdoprosperi.com\/index.php?rest_route=\/wp\/v2\/posts\/45180","targetHints":{"allow":["GET"]}}],"collection":[{"href":"https:\/\/blogdoprosperi.com\/index.php?rest_route=\/wp\/v2\/posts"}],"about":[{"href":"https:\/\/blogdoprosperi.com\/index.php?rest_route=\/wp\/v2\/types\/post"}],"author":[{"embeddable":true,"href":"https:\/\/blogdoprosperi.com\/index.php?rest_route=\/wp\/v2\/users\/102107496"}],"replies":[{"embeddable":true,"href":"https:\/\/blogdoprosperi.com\/index.php?rest_route=%2Fwp%2Fv2%2Fcomments&post=45180"}],"version-history":[{"count":23,"href":"https:\/\/blogdoprosperi.com\/index.php?rest_route=\/wp\/v2\/posts\/45180\/revisions"}],"predecessor-version":[{"id":45212,"href":"https:\/\/blogdoprosperi.com\/index.php?rest_route=\/wp\/v2\/posts\/45180\/revisions\/45212"}],"wp:featuredmedia":[{"embeddable":true,"href":"https:\/\/blogdoprosperi.com\/index.php?rest_route=\/wp\/v2\/media\/45196"}],"wp:attachment":[{"href":"https:\/\/blogdoprosperi.com\/index.php?rest_route=%2Fwp%2Fv2%2Fmedia&parent=45180"}],"wp:term":[{"taxonomy":"category","embeddable":true,"href":"https:\/\/blogdoprosperi.com\/index.php?rest_route=%2Fwp%2Fv2%2Fcategories&post=45180"},{"taxonomy":"post_tag","embeddable":true,"href":"https:\/\/blogdoprosperi.com\/index.php?rest_route=%2Fwp%2Fv2%2Ftags&post=45180"}],"curies":[{"name":"wp","href":"https:\/\/api.w.org\/{rel}","templated":true}]}}