{"id":45251,"date":"2024-09-13T08:15:23","date_gmt":"2024-09-13T11:15:23","guid":{"rendered":"https:\/\/blogdoprosperi.com\/?p=45251"},"modified":"2024-09-13T11:07:03","modified_gmt":"2024-09-13T14:07:03","slug":"copa-do-brasil-semifinais-vasco-x-atletico-e-flamengo-x-corinthians-confrontos-sem-favoritos","status":"publish","type":"post","link":"https:\/\/blogdoprosperi.com\/?p=45251","title":{"rendered":"An\u00e1lise: Copa do Brasil Sem Favoritos nas Semifinais Vasco x Atl\u00e9tico e Flamengo x Corinthians"},"content":{"rendered":"<div id=\"chunk-51uv2\">\n<div class=\"mc-column content-text active-extra-styles \">\n<p><em>Luiz Ant\u00f4nio Pr\u00f3speri \u2013 13 setembro (01h15)<\/em><\/p>\n<p>Flamengo vence Bahia por 1 a 0 e avan\u00e7a \u00e0s semifinais da Copa do Brasil 2024. Curso do rio segue seu normal. Atl\u00e9tico-MG sustenta empate sem gols diante do S\u00e3o Paulo e tamb\u00e9m est\u00e1 na semi. Nada a contestar. Classificados na quinta-feira enfrentam os vencedores da quarta, no caso Corinthians e Vasco. Entre os quatro credenciados \u00e0 semi, n\u00e3o se tem um superfavorito a carimbar vaga \u00e0 grande final.<\/p>\n<p>A tabela:<\/p>\n<p><strong>Vasco vs Atl\u00e9tico-MG<\/strong><\/p>\n<p><strong>Flamengo vs Corinthians<\/strong>.<\/p>\n<p>As datas: 2 e 16 outubro. Sorteio da CBF vai decidir a ordem dos mandos de campo.<\/p>\n<p>No confronto, <strong>Vasco vs Atl\u00e9tico-MG n\u00e3o se pode apontar um favorito.<\/strong> Time carioca vem de classifica\u00e7\u00f5es dram\u00e1ticas e revigorado nessa reta final de temporada do futebol brasileiro. E a equipe mineira come\u00e7a a se reencontrar depois de uma longa travessia com sucessivos desfalques de jogadores importantes. Bom duelo Hulk x Vegetti.<\/p>\n<p>Cl\u00e1ssico do Povo <strong>Flamengo vs Corinthians tamb\u00e9m n\u00e3o tem um forte candidato a se classificar<\/strong>. Seria o <strong>Flamengo<\/strong>, por sua pujan\u00e7a econ\u00f4mica \u2013 or\u00e7amento anual de R$ 1,2 bilh\u00e3o \u2013 e fartura no elenco. Acontece que o time de Tite enfrenta tamb\u00e9m problemas com muitos jogadores machucados. Pedro, o principal deles. E n\u00e3o se enxerga ainda uma regularidade nos jogos do Fla.<\/p>\n<p><strong>Corinthians vive momento de j\u00fabilo<\/strong> com fa\u00e7anhas improv\u00e1veis no campo e c\u00e9u e inferno na gest\u00e3o do clube. Com d\u00edvida estimada em R$ 2 bilh\u00f5es, contrata superestrela internacional (Memphis Depay) por R$ 70 milh\u00f5es. Time est\u00e1 mais robusto, encorpado, com mais de 21 refor\u00e7os que come\u00e7am a entender o que de fato \u00e9 o Corinthians. Problema: clube n\u00e3o teve tempo de registrar Memphis na Copa do Brasil.<\/p>\n<p>Aos que ca\u00edram nas quartas de final, dif\u00edcil escapar de uma crise de identidade. <strong>Atl\u00e9tico-PR, eliminado pelo Vasco,<\/strong> se esfarela no Brasileir\u00e3o sem refor\u00e7os, t\u00e9cnico novato e baixo investimento.<\/p>\n<p><strong>S\u00e3o Paulo, despachado pelo Galo,<\/strong> ainda tem a Libertadores como meta. Mas refor\u00e7a a falta de poder de decis\u00e3o com poucos recursos t\u00e9cnicos. Depende muito da for\u00e7a do coletivo que nem sempre resolve.<\/p>\n<p><strong>Caso do Bahia \u00e9 ainda mais s\u00e9rio<\/strong>. Derrotado duas vezes pelo Flamengo nas quartas da Copa do Brasil, ocupa o s\u00e9timo lugar no Brasileir\u00e3o. E sem cacife para brigar pelo t\u00edtulo.<\/p>\n<p>Bahia vive de contradi\u00e7\u00f5es. Comprado em 2023 pelo Grupo City \u2013 dono do Manchester City de Guardiola \u2013, com a promessa de investimentos de R$ 1 bilh\u00e3o em 15 anos, o time responde pouco no campo.<\/p>\n<p><strong>Rogerio Ceni continua no comando do Bahia, por enquanto<\/strong>. Nessa noite de quinta-feira (12\/9), sofreu a 14.\u00aa derrota para o Flamengo em 14 jogos desde que assumiu a fun\u00e7\u00e3o de t\u00e9cnico de futebol.<\/p>\n<p>E o <strong>Juventude, alijado do combate pelo Corinthians<\/strong>, volta ao Brasileir\u00e3o na luta para se manter na S\u00e9rie A 2025. Normal.<\/p>\n<\/div>\n<\/div>\n\n\n<p class=\"wp-block-paragraph\"><\/p>\n","protected":false},"excerpt":{"rendered":"<p>Luiz Ant\u00f4nio Pr\u00f3speri \u2013 13 setembro (01h15) Flamengo vence Bahia por 1 a 0 e avan\u00e7a \u00e0s semifinais [&hellip;]<\/p>\n","protected":false},"author":102107496,"featured_media":45265,"comment_status":"open","ping_status":"open","sticky":false,"template":"","format":"standard","meta":{"_coblocks_attr":"","_coblocks_dimensions":"","_coblocks_responsive_height":"","_coblocks_accordion_ie_support":"","_jetpack_newsletter_access":"","_jetpack_dont_email_post_to_subs":false,"_jetpack_newsletter_tier_id":0,"_jetpack_memberships_contains_paywalled_content":false,"_wpcom_ai_launchpad_first_post":false,"_jetpack_feature_clip_id":0,"_jetpack_memberships_contains_paid_content":false,"footnotes":"","jetpack_publicize_message":"","jetpack_publicize_feature_enabled":true,"jetpack_social_post_already_shared":false,"jetpack_social_options":{"image_generator_settings":{"template":"highway","default_image_id":0,"font":"","enabled":false},"version":2},"jetpack_post_was_ever_published":false},"categories":[53870,3919],"tags":[311606,789560569,789560570,774465174,177066,3020742,35198937,789560560,756815133,2313775,789560573,409523,774465173,36727513,1814220,9333475],"class_list":["post-45251","post","type-post","status-publish","format-standard","has-post-thumbnail","hentry","category-futebol","category-opiniao","tag-bahia","tag-cbf","tag-copa-do-brasil","tag-copa-do-brasil-semifinais","tag-corinthians","tag-cr-flamengo","tag-flamengo-vs-corinthians","tag-futebol","tag-grupo-city","tag-guardiola","tag-luiz-antonio-prosperi","tag-manchester-city","tag-menhis","tag-rogerio-ceni-2","tag-tite","tag-vasco-x-atletico-mg"],"yoast_head":"<!-- This site is optimized with the Yoast SEO plugin v28.4 - https:\/\/yoast.com\/product\/yoast-seo-wordpress\/ -->\n<title>An\u00e1lise: Copa do Brasil Sem Favoritos nas Semifinais Vasco x Atl\u00e9tico e Flamengo x Corinthians - PR\u00d3SPERI NEWS<\/title>\n<meta name=\"robots\" content=\"index, follow, max-snippet:-1, max-image-preview:large, max-video-preview:-1\" \/>\n<link rel=\"canonical\" href=\"https:\/\/blogdoprosperi.com\/?p=45251\" \/>\n<meta property=\"og:locale\" content=\"pt_BR\" \/>\n<meta property=\"og:type\" content=\"article\" \/>\n<meta property=\"og:title\" content=\"An\u00e1lise: Copa do Brasil Sem Favoritos nas Semifinais Vasco x Atl\u00e9tico e Flamengo x Corinthians - PR\u00d3SPERI NEWS\" \/>\n<meta property=\"og:description\" content=\"Luiz Ant\u00f4nio Pr\u00f3speri \u2013 13 setembro (01h15) Flamengo vence Bahia por 1 a 0 e avan\u00e7a \u00e0s semifinais [&hellip;]\" \/>\n<meta property=\"og:url\" content=\"https:\/\/blogdoprosperi.com\/?p=45251\" \/>\n<meta property=\"og:site_name\" content=\"PR\u00d3SPERI NEWS\" \/>\n<meta property=\"article:publisher\" content=\"Luiz Pr\u00f3speri\" \/>\n<meta property=\"article:author\" content=\"Luiz Pr\u00f3speri\" \/>\n<meta property=\"article:published_time\" content=\"2024-09-13T11:15:23+00:00\" \/>\n<meta property=\"article:modified_time\" content=\"2024-09-13T14:07:03+00:00\" \/>\n<meta property=\"og:image\" content=\"https:\/\/i0.wp.com\/blogdoprosperi.com\/wp-content\/uploads\/2024\/09\/captura-de-tela-2024-09-13-as-01.19.22.png?fit=1428%2C926&ssl=1\" \/>\n\t<meta property=\"og:image:width\" content=\"1428\" \/>\n\t<meta property=\"og:image:height\" content=\"926\" \/>\n\t<meta property=\"og:image:type\" content=\"image\/png\" \/>\n<meta name=\"author\" content=\"Luiz Ant\u00f4nio Pr\u00f3speri\" \/>\n<meta name=\"twitter:card\" content=\"summary_large_image\" \/>\n<meta name=\"twitter:creator\" content=\"@Luizprosperi\" \/>\n<meta name=\"twitter:site\" content=\"@Luizprosperi\" \/>\n<meta name=\"twitter:label1\" content=\"Escrito por\" \/>\n\t<meta name=\"twitter:data1\" content=\"Luiz Ant\u00f4nio Pr\u00f3speri\" \/>\n\t<meta name=\"twitter:label2\" content=\"Est. tempo de leitura\" \/>\n\t<meta name=\"twitter:data2\" content=\"2 minutos\" \/>\n<script type=\"application\/ld+json\" class=\"yoast-schema-graph\">{\"@context\":\"https:\\\/\\\/schema.org\",\"@graph\":[{\"@type\":\"Article\",\"@id\":\"https:\\\/\\\/blogdoprosperi.com\\\/?p=45251#article\",\"isPartOf\":{\"@id\":\"https:\\\/\\\/blogdoprosperi.com\\\/?p=45251\"},\"author\":{\"name\":\"Luiz Ant\u00f4nio Pr\u00f3speri\",\"@id\":\"https:\\\/\\\/blogdoprosperi.com\\\/#\\\/schema\\\/person\\\/38100755ce3601861ee4fab9b5aa78e9\"},\"headline\":\"An\u00e1lise: Copa do Brasil Sem Favoritos nas Semifinais Vasco x Atl\u00e9tico e Flamengo x Corinthians\",\"datePublished\":\"2024-09-13T11:15:23+00:00\",\"dateModified\":\"2024-09-13T14:07:03+00:00\",\"mainEntityOfPage\":{\"@id\":\"https:\\\/\\\/blogdoprosperi.com\\\/?p=45251\"},\"wordCount\":509,\"commentCount\":0,\"publisher\":{\"@id\":\"https:\\\/\\\/blogdoprosperi.com\\\/#\\\/schema\\\/person\\\/38100755ce3601861ee4fab9b5aa78e9\"},\"image\":{\"@id\":\"https:\\\/\\\/blogdoprosperi.com\\\/?p=45251#primaryimage\"},\"thumbnailUrl\":\"https:\\\/\\\/i0.wp.com\\\/blogdoprosperi.com\\\/wp-content\\\/uploads\\\/2024\\\/09\\\/captura-de-tela-2024-09-13-as-01.19.22.png?fit=1428%2C926&ssl=1\",\"keywords\":[\"bahia\",\"CBF\",\"Copa do Brasil\",\"copa do brasil semifinais\",\"Corinthians\",\"CR Flamengo\",\"flamengo vs corinthians\",\"futebol\",\"grupo city\",\"Guardiola\",\"Luiz Ant\u00f4nio Pr\u00f3speri\",\"Manchester City\",\"menhis\",\"Rogerio Ceni\",\"Tite\",\"vasco x atl\u00e9tico-mg\"],\"articleSection\":[\"futebol\",\"opini\u00e3o\"],\"inLanguage\":\"pt-BR\",\"potentialAction\":[{\"@type\":\"CommentAction\",\"name\":\"Comment\",\"target\":[\"https:\\\/\\\/blogdoprosperi.com\\\/?p=45251#respond\"]}]},{\"@type\":\"WebPage\",\"@id\":\"https:\\\/\\\/blogdoprosperi.com\\\/?p=45251\",\"url\":\"https:\\\/\\\/blogdoprosperi.com\\\/?p=45251\",\"name\":\"An\u00e1lise: Copa do Brasil Sem Favoritos nas Semifinais Vasco x Atl\u00e9tico e Flamengo x Corinthians - PR\u00d3SPERI NEWS\",\"isPartOf\":{\"@id\":\"https:\\\/\\\/blogdoprosperi.com\\\/#website\"},\"primaryImageOfPage\":{\"@id\":\"https:\\\/\\\/blogdoprosperi.com\\\/?p=45251#primaryimage\"},\"image\":{\"@id\":\"https:\\\/\\\/blogdoprosperi.com\\\/?p=45251#primaryimage\"},\"thumbnailUrl\":\"https:\\\/\\\/i0.wp.com\\\/blogdoprosperi.com\\\/wp-content\\\/uploads\\\/2024\\\/09\\\/captura-de-tela-2024-09-13-as-01.19.22.png?fit=1428%2C926&ssl=1\",\"datePublished\":\"2024-09-13T11:15:23+00:00\",\"dateModified\":\"2024-09-13T14:07:03+00:00\",\"breadcrumb\":{\"@id\":\"https:\\\/\\\/blogdoprosperi.com\\\/?p=45251#breadcrumb\"},\"inLanguage\":\"pt-BR\",\"potentialAction\":[{\"@type\":\"ReadAction\",\"target\":[\"https:\\\/\\\/blogdoprosperi.com\\\/?p=45251\"]}]},{\"@type\":\"ImageObject\",\"inLanguage\":\"pt-BR\",\"@id\":\"https:\\\/\\\/blogdoprosperi.com\\\/?p=45251#primaryimage\",\"url\":\"https:\\\/\\\/i0.wp.com\\\/blogdoprosperi.com\\\/wp-content\\\/uploads\\\/2024\\\/09\\\/captura-de-tela-2024-09-13-as-01.19.22.png?fit=1428%2C926&ssl=1\",\"contentUrl\":\"https:\\\/\\\/i0.wp.com\\\/blogdoprosperi.com\\\/wp-content\\\/uploads\\\/2024\\\/09\\\/captura-de-tela-2024-09-13-as-01.19.22.png?fit=1428%2C926&ssl=1\",\"width\":1428,\"height\":926,\"caption\":\"Ta\u00e7a da Copa do Brasil 2025 \u2013 foto: CBF oficial\"},{\"@type\":\"BreadcrumbList\",\"@id\":\"https:\\\/\\\/blogdoprosperi.com\\\/?p=45251#breadcrumb\",\"itemListElement\":[{\"@type\":\"ListItem\",\"position\":1,\"name\":\"In\u00edcio\",\"item\":\"https:\\\/\\\/blogdoprosperi.com\\\/\"},{\"@type\":\"ListItem\",\"position\":2,\"name\":\"An\u00e1lise: Copa do Brasil Sem Favoritos nas Semifinais Vasco x Atl\u00e9tico e Flamengo x Corinthians\"}]},{\"@type\":\"WebSite\",\"@id\":\"https:\\\/\\\/blogdoprosperi.com\\\/#website\",\"url\":\"https:\\\/\\\/blogdoprosperi.com\\\/\",\"name\":\"PR\u00d3SPERI NEWS\",\"description\":\"TUDO \u00c9  FUTEBOL\",\"publisher\":{\"@id\":\"https:\\\/\\\/blogdoprosperi.com\\\/#\\\/schema\\\/person\\\/38100755ce3601861ee4fab9b5aa78e9\"},\"alternateName\":\"blogdoprosperi.com\",\"potentialAction\":[{\"@type\":\"SearchAction\",\"target\":{\"@type\":\"EntryPoint\",\"urlTemplate\":\"https:\\\/\\\/blogdoprosperi.com\\\/?s={search_term_string}\"},\"query-input\":{\"@type\":\"PropertyValueSpecification\",\"valueRequired\":true,\"valueName\":\"search_term_string\"}}],\"inLanguage\":\"pt-BR\"},{\"@type\":[\"Person\",\"Organization\"],\"@id\":\"https:\\\/\\\/blogdoprosperi.com\\\/#\\\/schema\\\/person\\\/38100755ce3601861ee4fab9b5aa78e9\",\"name\":\"Luiz Ant\u00f4nio Pr\u00f3speri\",\"pronouns\":\"ele\",\"image\":{\"@type\":\"ImageObject\",\"inLanguage\":\"pt-BR\",\"@id\":\"https:\\\/\\\/i0.wp.com\\\/blogdoprosperi.com\\\/wp-content\\\/uploads\\\/2026\\\/05\\\/cropped-8059e613-6002-42fa-961e-8e275f575d71-2-5.jpg?fit=1360%2C931&ssl=1\",\"url\":\"https:\\\/\\\/i0.wp.com\\\/blogdoprosperi.com\\\/wp-content\\\/uploads\\\/2026\\\/05\\\/cropped-8059e613-6002-42fa-961e-8e275f575d71-2-5.jpg?fit=1360%2C931&ssl=1\",\"contentUrl\":\"https:\\\/\\\/i0.wp.com\\\/blogdoprosperi.com\\\/wp-content\\\/uploads\\\/2026\\\/05\\\/cropped-8059e613-6002-42fa-961e-8e275f575d71-2-5.jpg?fit=1360%2C931&ssl=1\",\"width\":1360,\"height\":931,\"caption\":\"Luiz Ant\u00f4nio Pr\u00f3speri\"},\"logo\":{\"@id\":\"https:\\\/\\\/i0.wp.com\\\/blogdoprosperi.com\\\/wp-content\\\/uploads\\\/2026\\\/05\\\/cropped-8059e613-6002-42fa-961e-8e275f575d71-2-5.jpg?fit=1360%2C931&ssl=1\"},\"description\":\"Jornalista com carreira dedicada ao esporte. Cobriu 9 Copas do Mundo in loco, 1990 na It\u00e1lia, 1994 nos EUA, 1998 na Fran\u00e7a, 2002 na Coreia do Sul e Jap\u00e3o, 2006 na Alemanha, 2010 na \u00c1frica do Sul, 2014 no Brasil, 2018 na R\u00fassia e 2022 no Qatar. Eurocopas, 1992 na Su\u00e9cia e 1996 na Inglaterra. Copa das Confedera\u00e7\u00f5es de 2005 na Alemanha e 2009 na \u00c1frica do Sul. Rep\u00f3rter e Editor, trabalhou no Jornal da Tarde e Estad\u00e3o, de 1984 a fevereiro de 2016. Colunista, blogueiro. E comentarista de futebol na R\u00e1dio Estad\u00e3o, de 2013 a fevereiro de 2016. Jornalista respons\u00e1vel do \\\"Pr\u00f3speri News\\\" (blogdoprosperi.com).\",\"sameAs\":[\"http:\\\/\\\/blogdoprosperi.com\",\"Luiz Pr\u00f3speri\",\"@luiz_prosperi\",\"https:\\\/\\\/x.com\\\/Luizprosperi\",\"@prosperinacopa\",\"luiz.prosperi@icloud.com\"],\"url\":\"https:\\\/\\\/blogdoprosperi.com\\\/?author=102107496\"}]}<\/script>\n<!-- \/ Yoast SEO plugin. -->","yoast_head_json":{"title":"An\u00e1lise: Copa do Brasil Sem Favoritos nas Semifinais Vasco x Atl\u00e9tico e Flamengo x Corinthians - PR\u00d3SPERI NEWS","robots":{"index":"index","follow":"follow","max-snippet":"max-snippet:-1","max-image-preview":"max-image-preview:large","max-video-preview":"max-video-preview:-1"},"canonical":"https:\/\/blogdoprosperi.com\/?p=45251","og_locale":"pt_BR","og_type":"article","og_title":"An\u00e1lise: Copa do Brasil Sem Favoritos nas Semifinais Vasco x Atl\u00e9tico e Flamengo x Corinthians - PR\u00d3SPERI NEWS","og_description":"Luiz Ant\u00f4nio Pr\u00f3speri \u2013 13 setembro (01h15) Flamengo vence Bahia por 1 a 0 e avan\u00e7a \u00e0s semifinais [&hellip;]","og_url":"https:\/\/blogdoprosperi.com\/?p=45251","og_site_name":"PR\u00d3SPERI NEWS","article_publisher":"Luiz Pr\u00f3speri","article_author":"Luiz Pr\u00f3speri","article_published_time":"2024-09-13T11:15:23+00:00","article_modified_time":"2024-09-13T14:07:03+00:00","og_image":[{"width":1428,"height":926,"url":"https:\/\/i0.wp.com\/blogdoprosperi.com\/wp-content\/uploads\/2024\/09\/captura-de-tela-2024-09-13-as-01.19.22.png?fit=1428%2C926&ssl=1","type":"image\/png"}],"author":"Luiz Ant\u00f4nio Pr\u00f3speri","twitter_card":"summary_large_image","twitter_creator":"@Luizprosperi","twitter_site":"@Luizprosperi","twitter_misc":{"Escrito por":"Luiz Ant\u00f4nio Pr\u00f3speri","Est. tempo de leitura":"2 minutos"},"schema":{"@context":"https:\/\/schema.org","@graph":[{"@type":"Article","@id":"https:\/\/blogdoprosperi.com\/?p=45251#article","isPartOf":{"@id":"https:\/\/blogdoprosperi.com\/?p=45251"},"author":{"name":"Luiz Ant\u00f4nio Pr\u00f3speri","@id":"https:\/\/blogdoprosperi.com\/#\/schema\/person\/38100755ce3601861ee4fab9b5aa78e9"},"headline":"An\u00e1lise: Copa do Brasil Sem Favoritos nas Semifinais Vasco x Atl\u00e9tico e Flamengo x Corinthians","datePublished":"2024-09-13T11:15:23+00:00","dateModified":"2024-09-13T14:07:03+00:00","mainEntityOfPage":{"@id":"https:\/\/blogdoprosperi.com\/?p=45251"},"wordCount":509,"commentCount":0,"publisher":{"@id":"https:\/\/blogdoprosperi.com\/#\/schema\/person\/38100755ce3601861ee4fab9b5aa78e9"},"image":{"@id":"https:\/\/blogdoprosperi.com\/?p=45251#primaryimage"},"thumbnailUrl":"https:\/\/i0.wp.com\/blogdoprosperi.com\/wp-content\/uploads\/2024\/09\/captura-de-tela-2024-09-13-as-01.19.22.png?fit=1428%2C926&ssl=1","keywords":["bahia","CBF","Copa do Brasil","copa do brasil semifinais","Corinthians","CR Flamengo","flamengo vs corinthians","futebol","grupo city","Guardiola","Luiz Ant\u00f4nio Pr\u00f3speri","Manchester City","menhis","Rogerio Ceni","Tite","vasco x atl\u00e9tico-mg"],"articleSection":["futebol","opini\u00e3o"],"inLanguage":"pt-BR","potentialAction":[{"@type":"CommentAction","name":"Comment","target":["https:\/\/blogdoprosperi.com\/?p=45251#respond"]}]},{"@type":"WebPage","@id":"https:\/\/blogdoprosperi.com\/?p=45251","url":"https:\/\/blogdoprosperi.com\/?p=45251","name":"An\u00e1lise: Copa do Brasil Sem Favoritos nas Semifinais Vasco x Atl\u00e9tico e Flamengo x Corinthians - PR\u00d3SPERI NEWS","isPartOf":{"@id":"https:\/\/blogdoprosperi.com\/#website"},"primaryImageOfPage":{"@id":"https:\/\/blogdoprosperi.com\/?p=45251#primaryimage"},"image":{"@id":"https:\/\/blogdoprosperi.com\/?p=45251#primaryimage"},"thumbnailUrl":"https:\/\/i0.wp.com\/blogdoprosperi.com\/wp-content\/uploads\/2024\/09\/captura-de-tela-2024-09-13-as-01.19.22.png?fit=1428%2C926&ssl=1","datePublished":"2024-09-13T11:15:23+00:00","dateModified":"2024-09-13T14:07:03+00:00","breadcrumb":{"@id":"https:\/\/blogdoprosperi.com\/?p=45251#breadcrumb"},"inLanguage":"pt-BR","potentialAction":[{"@type":"ReadAction","target":["https:\/\/blogdoprosperi.com\/?p=45251"]}]},{"@type":"ImageObject","inLanguage":"pt-BR","@id":"https:\/\/blogdoprosperi.com\/?p=45251#primaryimage","url":"https:\/\/i0.wp.com\/blogdoprosperi.com\/wp-content\/uploads\/2024\/09\/captura-de-tela-2024-09-13-as-01.19.22.png?fit=1428%2C926&ssl=1","contentUrl":"https:\/\/i0.wp.com\/blogdoprosperi.com\/wp-content\/uploads\/2024\/09\/captura-de-tela-2024-09-13-as-01.19.22.png?fit=1428%2C926&ssl=1","width":1428,"height":926,"caption":"Ta\u00e7a da Copa do Brasil 2025 \u2013 foto: CBF oficial"},{"@type":"BreadcrumbList","@id":"https:\/\/blogdoprosperi.com\/?p=45251#breadcrumb","itemListElement":[{"@type":"ListItem","position":1,"name":"In\u00edcio","item":"https:\/\/blogdoprosperi.com\/"},{"@type":"ListItem","position":2,"name":"An\u00e1lise: Copa do Brasil Sem Favoritos nas Semifinais Vasco x Atl\u00e9tico e Flamengo x Corinthians"}]},{"@type":"WebSite","@id":"https:\/\/blogdoprosperi.com\/#website","url":"https:\/\/blogdoprosperi.com\/","name":"PR\u00d3SPERI NEWS","description":"TUDO \u00c9  FUTEBOL","publisher":{"@id":"https:\/\/blogdoprosperi.com\/#\/schema\/person\/38100755ce3601861ee4fab9b5aa78e9"},"alternateName":"blogdoprosperi.com","potentialAction":[{"@type":"SearchAction","target":{"@type":"EntryPoint","urlTemplate":"https:\/\/blogdoprosperi.com\/?s={search_term_string}"},"query-input":{"@type":"PropertyValueSpecification","valueRequired":true,"valueName":"search_term_string"}}],"inLanguage":"pt-BR"},{"@type":["Person","Organization"],"@id":"https:\/\/blogdoprosperi.com\/#\/schema\/person\/38100755ce3601861ee4fab9b5aa78e9","name":"Luiz Ant\u00f4nio Pr\u00f3speri","pronouns":"ele","image":{"@type":"ImageObject","inLanguage":"pt-BR","@id":"https:\/\/i0.wp.com\/blogdoprosperi.com\/wp-content\/uploads\/2026\/05\/cropped-8059e613-6002-42fa-961e-8e275f575d71-2-5.jpg?fit=1360%2C931&ssl=1","url":"https:\/\/i0.wp.com\/blogdoprosperi.com\/wp-content\/uploads\/2026\/05\/cropped-8059e613-6002-42fa-961e-8e275f575d71-2-5.jpg?fit=1360%2C931&ssl=1","contentUrl":"https:\/\/i0.wp.com\/blogdoprosperi.com\/wp-content\/uploads\/2026\/05\/cropped-8059e613-6002-42fa-961e-8e275f575d71-2-5.jpg?fit=1360%2C931&ssl=1","width":1360,"height":931,"caption":"Luiz Ant\u00f4nio Pr\u00f3speri"},"logo":{"@id":"https:\/\/i0.wp.com\/blogdoprosperi.com\/wp-content\/uploads\/2026\/05\/cropped-8059e613-6002-42fa-961e-8e275f575d71-2-5.jpg?fit=1360%2C931&ssl=1"},"description":"Jornalista com carreira dedicada ao esporte. Cobriu 9 Copas do Mundo in loco, 1990 na It\u00e1lia, 1994 nos EUA, 1998 na Fran\u00e7a, 2002 na Coreia do Sul e Jap\u00e3o, 2006 na Alemanha, 2010 na \u00c1frica do Sul, 2014 no Brasil, 2018 na R\u00fassia e 2022 no Qatar. Eurocopas, 1992 na Su\u00e9cia e 1996 na Inglaterra. Copa das Confedera\u00e7\u00f5es de 2005 na Alemanha e 2009 na \u00c1frica do Sul. Rep\u00f3rter e Editor, trabalhou no Jornal da Tarde e Estad\u00e3o, de 1984 a fevereiro de 2016. Colunista, blogueiro. E comentarista de futebol na R\u00e1dio Estad\u00e3o, de 2013 a fevereiro de 2016. Jornalista respons\u00e1vel do \"Pr\u00f3speri News\" (blogdoprosperi.com).","sameAs":["http:\/\/blogdoprosperi.com","Luiz Pr\u00f3speri","@luiz_prosperi","https:\/\/x.com\/Luizprosperi","@prosperinacopa","luiz.prosperi@icloud.com"],"url":"https:\/\/blogdoprosperi.com\/?author=102107496"}]}},"jetpack_publicize_connections":[],"jetpack_likes_enabled":false,"jetpack_sharing_enabled":true,"jetpack_shortlink":"https:\/\/wp.me\/p7jvdk-bLR","jetpack-related-posts":[{"id":50581,"url":"https:\/\/blogdoprosperi.com\/?p=50581","url_meta":{"origin":45251,"position":0},"title":"Copa do Brasil Sorteio |Palmeiras Decide Vaga Em Casa Contra Corinthians nas Oitavas","author":"Luiz Ant\u00f4nio Pr\u00f3speri","date":"2 de junho de 2025","format":false,"excerpt":"Palmeiras e Corinthians se enfrentam nas oitavas de final da Copa do Brasil. Sorteio da CBF aponta cl\u00e1ssico paulista como o \u00fanico estadual dessa fase. Outros confrontos de S\u00e9rie A: Atl\u00e9tico-MG e Flamengo, Internacional e Fluminense, Botafogo e Red Bull Bragantino. Jogos acontecem apenas em 30 de julho e 6\u2026","rel":"","context":"Em &quot;CBF&quot;","block_context":{"text":"CBF","link":"https:\/\/blogdoprosperi.com\/?cat=570700"},"img":{"alt_text":"CBF aumenta premia\u00e7\u00e3o da Copa do Brasil","src":"https:\/\/i0.wp.com\/blogdoprosperi.com\/wp-content\/uploads\/2024\/09\/captura-de-tela-2024-09-13-as-01.19.22.png?fit=1200%2C778&ssl=1&resize=350%2C200","width":350,"height":200,"srcset":"https:\/\/i0.wp.com\/blogdoprosperi.com\/wp-content\/uploads\/2024\/09\/captura-de-tela-2024-09-13-as-01.19.22.png?fit=1200%2C778&ssl=1&resize=350%2C200 1x, https:\/\/i0.wp.com\/blogdoprosperi.com\/wp-content\/uploads\/2024\/09\/captura-de-tela-2024-09-13-as-01.19.22.png?fit=1200%2C778&ssl=1&resize=525%2C300 1.5x, https:\/\/i0.wp.com\/blogdoprosperi.com\/wp-content\/uploads\/2024\/09\/captura-de-tela-2024-09-13-as-01.19.22.png?fit=1200%2C778&ssl=1&resize=700%2C400 2x, https:\/\/i0.wp.com\/blogdoprosperi.com\/wp-content\/uploads\/2024\/09\/captura-de-tela-2024-09-13-as-01.19.22.png?fit=1200%2C778&ssl=1&resize=1050%2C600 3x"},"classes":[]},{"id":44190,"url":"https:\/\/blogdoprosperi.com\/?p=44190","url_meta":{"origin":45251,"position":1},"title":"Brasileir\u00e3o 2024: refor\u00e7os e retornos da Copa Am\u00e9rica mudam rumo do campeonato","author":"Luiz Ant\u00f4nio Pr\u00f3speri","date":"15 de julho de 2024","format":false,"excerpt":"Brasileir\u00e3o 2024 come\u00e7a para valer a partir de ter\u00e7a-feira (16\/7), mesmo j\u00e1 avan\u00e7ando na sua 17.a rodada. Enfim, entram em campo os refor\u00e7os liberados na abertura da janela de transfer\u00eancia, dia 10 \u00faltimo, e os que retornam da Copa Am\u00e9rica. Nos tablets, t\u00e9cnicos rabiscam estrat\u00e9gias diversas diante da proximidade das\u2026","rel":"","context":"Em &quot;futebol&quot;","block_context":{"text":"futebol","link":"https:\/\/blogdoprosperi.com\/?cat=53870"},"img":{"alt_text":"Felipe Anderson refor\u00e7a Palmeiras","src":"https:\/\/i0.wp.com\/blogdoprosperi.com\/wp-content\/uploads\/2024\/07\/53859015863_7ac9fcb0ba_h.jpg?fit=1200%2C675&ssl=1&resize=350%2C200","width":350,"height":200,"srcset":"https:\/\/i0.wp.com\/blogdoprosperi.com\/wp-content\/uploads\/2024\/07\/53859015863_7ac9fcb0ba_h.jpg?fit=1200%2C675&ssl=1&resize=350%2C200 1x, https:\/\/i0.wp.com\/blogdoprosperi.com\/wp-content\/uploads\/2024\/07\/53859015863_7ac9fcb0ba_h.jpg?fit=1200%2C675&ssl=1&resize=525%2C300 1.5x, https:\/\/i0.wp.com\/blogdoprosperi.com\/wp-content\/uploads\/2024\/07\/53859015863_7ac9fcb0ba_h.jpg?fit=1200%2C675&ssl=1&resize=700%2C400 2x, https:\/\/i0.wp.com\/blogdoprosperi.com\/wp-content\/uploads\/2024\/07\/53859015863_7ac9fcb0ba_h.jpg?fit=1200%2C675&ssl=1&resize=1050%2C600 3x"},"classes":[]},{"id":48779,"url":"https:\/\/blogdoprosperi.com\/?p=48779","url_meta":{"origin":45251,"position":2},"title":"Libertadores e Copa do Brasil | Confira Potes dos Sorteios dos Grupos","author":"Luiz Ant\u00f4nio Pr\u00f3speri","date":"14 de mar\u00e7o de 2025","format":false,"excerpt":"Luiz Ant\u00f4nio Pr\u00f3speri \u2013 14 mar\u00e7o (13h50) \u2013 Conmebol faz sorteio da fase de grupos da Libertadores na segunda-feira (17\/3). Brasil ter\u00e1 sete clubes: Palmeiras, Flamengo, Botafogo, S\u00e3o Paulo, Internacional, Fortaleza e Bahia. Corinthians estaria nos potes, mas caiu eliminado nas seletivas contra o Barcelona do Equador. De acordo com\u2026","rel":"","context":"Em &quot;futebol&quot;","block_context":{"text":"futebol","link":"https:\/\/blogdoprosperi.com\/?cat=53870"},"img":{"alt_text":"Libertadores 2026","src":"https:\/\/i0.wp.com\/blogdoprosperi.com\/wp-content\/uploads\/2023\/03\/fsrk8i2waaabn_f.jpeg?fit=678%2C452&ssl=1&resize=350%2C200","width":350,"height":200,"srcset":"https:\/\/i0.wp.com\/blogdoprosperi.com\/wp-content\/uploads\/2023\/03\/fsrk8i2waaabn_f.jpeg?fit=678%2C452&ssl=1&resize=350%2C200 1x, https:\/\/i0.wp.com\/blogdoprosperi.com\/wp-content\/uploads\/2023\/03\/fsrk8i2waaabn_f.jpeg?fit=678%2C452&ssl=1&resize=525%2C300 1.5x"},"classes":[]},{"id":45624,"url":"https:\/\/blogdoprosperi.com\/?p=45624","url_meta":{"origin":45251,"position":3},"title":"Gilmar Mendes, Ministro do STF, Banca Presidente da CBF at\u00e9 Desfecho do Julgamento","author":"Luiz Ant\u00f4nio Pr\u00f3speri","date":"1 de outubro de 2024","format":false,"excerpt":"Luiz Ant\u00f4nio Pr\u00f3speri \u2013 1 outubro (19h45) Gilmar Mendes, ministro do Superior Tribunal Federal (STF), \u00e9 o fiador da perman\u00eancia de Ednaldo Rodrigues na presid\u00eancia da CBF desde janeiro de 2024. Por tabela, respalda os embates jur\u00eddicos que Ednaldo enfrenta na entidade. Por exemplo, esse confronto no STJD (Superior Tribunal\u2026","rel":"","context":"Em &quot;futebol&quot;","block_context":{"text":"futebol","link":"https:\/\/blogdoprosperi.com\/?cat=53870"},"img":{"alt_text":"Gilmar Mendes e a teia na CBF","src":"https:\/\/i0.wp.com\/blogdoprosperi.com\/wp-content\/uploads\/2024\/10\/gilmar-mendes-stf.webp?fit=888%2C593&ssl=1&resize=350%2C200","width":350,"height":200,"srcset":"https:\/\/i0.wp.com\/blogdoprosperi.com\/wp-content\/uploads\/2024\/10\/gilmar-mendes-stf.webp?fit=888%2C593&ssl=1&resize=350%2C200 1x, https:\/\/i0.wp.com\/blogdoprosperi.com\/wp-content\/uploads\/2024\/10\/gilmar-mendes-stf.webp?fit=888%2C593&ssl=1&resize=525%2C300 1.5x, https:\/\/i0.wp.com\/blogdoprosperi.com\/wp-content\/uploads\/2024\/10\/gilmar-mendes-stf.webp?fit=888%2C593&ssl=1&resize=700%2C400 2x"},"classes":[]},{"id":45813,"url":"https:\/\/blogdoprosperi.com\/?p=45813","url_meta":{"origin":45251,"position":4},"title":"Brasil Precisa de Mais Brasil nas Eliminat\u00f3rias Sul-Americanas da Copa 2026","author":"Luiz Ant\u00f4nio Pr\u00f3speri","date":"11 de outubro de 2024","format":false,"excerpt":"Luiz Ant\u00f4nio Pr\u00f3speri \u2013 11 outubro (12h00) Botafogo empresta tr\u00eas jogadores \u00e0 Sele\u00e7\u00e3o Brasileira de Dorival Junior. Dois deles \u2013 Ygor Jesus e Luiz Henrique \u2013 convertem os gols da vit\u00f3ria (2 a 1) contra o Chile na quinta-feira (10\/10). O gol dos chilenos foi de Vargas, atacante reserva do\u2026","rel":"","context":"Em &quot;futebol&quot;","block_context":{"text":"futebol","link":"https:\/\/blogdoprosperi.com\/?cat=53870"},"img":{"alt_text":"Brasil precisa de mais Brasil nas Eliminat\u00f3rias","src":"https:\/\/i0.wp.com\/blogdoprosperi.com\/wp-content\/uploads\/2024\/10\/54058732893_a40e895ecc_k.jpg?fit=1200%2C819&ssl=1&resize=350%2C200","width":350,"height":200,"srcset":"https:\/\/i0.wp.com\/blogdoprosperi.com\/wp-content\/uploads\/2024\/10\/54058732893_a40e895ecc_k.jpg?fit=1200%2C819&ssl=1&resize=350%2C200 1x, https:\/\/i0.wp.com\/blogdoprosperi.com\/wp-content\/uploads\/2024\/10\/54058732893_a40e895ecc_k.jpg?fit=1200%2C819&ssl=1&resize=525%2C300 1.5x, https:\/\/i0.wp.com\/blogdoprosperi.com\/wp-content\/uploads\/2024\/10\/54058732893_a40e895ecc_k.jpg?fit=1200%2C819&ssl=1&resize=700%2C400 2x, https:\/\/i0.wp.com\/blogdoprosperi.com\/wp-content\/uploads\/2024\/10\/54058732893_a40e895ecc_k.jpg?fit=1200%2C819&ssl=1&resize=1050%2C600 3x"},"classes":[]},{"id":37677,"url":"https:\/\/blogdoprosperi.com\/?p=37677","url_meta":{"origin":45251,"position":5},"title":"Copa do Brasil \/ sorteio: Corinthians e Flamengo abrem oitavas de final, campe\u00e3o pode levar R$ 70 milh\u00f5es","author":"Luiz Ant\u00f4nio Pr\u00f3speri","date":"3 de maio de 2019","format":false,"excerpt":"Copa do Brasil 2019 ter\u00e1 confronto Corinthians x Flamengo nas oitavas de final e mais dois cl\u00e1ssicos nacionais entre Atl\u00e9tico-MG x Santos, e Cruzeiro x Fluminense, de acordo com sorteio realizado nesta quinta-feira (02\/5) na CBF. Esta fase vale R$ 2,5 milh\u00f5es ao clube que se classificar. E a cota\u2026","rel":"","context":"Em &quot;futebol&quot;","block_context":{"text":"futebol","link":"https:\/\/blogdoprosperi.com\/?cat=53870"},"img":{"alt_text":"","src":"https:\/\/i0.wp.com\/blogdoprosperi.com\/wp-content\/uploads\/2019\/05\/d5lpl7tw4autxlf.jpg?fit=1200%2C799&ssl=1&resize=350%2C200","width":350,"height":200,"srcset":"https:\/\/i0.wp.com\/blogdoprosperi.com\/wp-content\/uploads\/2019\/05\/d5lpl7tw4autxlf.jpg?fit=1200%2C799&ssl=1&resize=350%2C200 1x, https:\/\/i0.wp.com\/blogdoprosperi.com\/wp-content\/uploads\/2019\/05\/d5lpl7tw4autxlf.jpg?fit=1200%2C799&ssl=1&resize=525%2C300 1.5x, https:\/\/i0.wp.com\/blogdoprosperi.com\/wp-content\/uploads\/2019\/05\/d5lpl7tw4autxlf.jpg?fit=1200%2C799&ssl=1&resize=700%2C400 2x, https:\/\/i0.wp.com\/blogdoprosperi.com\/wp-content\/uploads\/2019\/05\/d5lpl7tw4autxlf.jpg?fit=1200%2C799&ssl=1&resize=1050%2C600 3x"},"classes":[]}],"jetpack_featured_media_url":"https:\/\/i0.wp.com\/blogdoprosperi.com\/wp-content\/uploads\/2024\/09\/captura-de-tela-2024-09-13-as-01.19.22.png?fit=1428%2C926&ssl=1","_links":{"self":[{"href":"https:\/\/blogdoprosperi.com\/index.php?rest_route=\/wp\/v2\/posts\/45251","targetHints":{"allow":["GET"]}}],"collection":[{"href":"https:\/\/blogdoprosperi.com\/index.php?rest_route=\/wp\/v2\/posts"}],"about":[{"href":"https:\/\/blogdoprosperi.com\/index.php?rest_route=\/wp\/v2\/types\/post"}],"author":[{"embeddable":true,"href":"https:\/\/blogdoprosperi.com\/index.php?rest_route=\/wp\/v2\/users\/102107496"}],"replies":[{"embeddable":true,"href":"https:\/\/blogdoprosperi.com\/index.php?rest_route=%2Fwp%2Fv2%2Fcomments&post=45251"}],"version-history":[{"count":14,"href":"https:\/\/blogdoprosperi.com\/index.php?rest_route=\/wp\/v2\/posts\/45251\/revisions"}],"predecessor-version":[{"id":45273,"href":"https:\/\/blogdoprosperi.com\/index.php?rest_route=\/wp\/v2\/posts\/45251\/revisions\/45273"}],"wp:featuredmedia":[{"embeddable":true,"href":"https:\/\/blogdoprosperi.com\/index.php?rest_route=\/wp\/v2\/media\/45265"}],"wp:attachment":[{"href":"https:\/\/blogdoprosperi.com\/index.php?rest_route=%2Fwp%2Fv2%2Fmedia&parent=45251"}],"wp:term":[{"taxonomy":"category","embeddable":true,"href":"https:\/\/blogdoprosperi.com\/index.php?rest_route=%2Fwp%2Fv2%2Fcategories&post=45251"},{"taxonomy":"post_tag","embeddable":true,"href":"https:\/\/blogdoprosperi.com\/index.php?rest_route=%2Fwp%2Fv2%2Ftags&post=45251"}],"curies":[{"name":"wp","href":"https:\/\/api.w.org\/{rel}","templated":true}]}}