{"id":45312,"date":"2024-09-18T13:27:55","date_gmt":"2024-09-18T16:27:55","guid":{"rendered":"https:\/\/blogdoprosperi.com\/?p=45312"},"modified":"2024-09-18T14:35:33","modified_gmt":"2024-09-18T17:35:33","slug":"endrick-o-corajoso","status":"publish","type":"post","link":"https:\/\/blogdoprosperi.com\/?p=45312","title":{"rendered":"Endrick, O Corajoso"},"content":{"rendered":"<p>&#8220;Endrick tem colh\u00f5es, coragem para chutar&#8221;, \u00a0Carlo Ancelotti, t\u00e9cnico do Real Madrid. Um chute impens\u00e1vel naquele momento do jogo e o gol provocam terremoto em Madri. Time espanhol, com muito esfor\u00e7o, vencia o Stuttgart por 2 a 1, na estreia da Champions League, quando Endrick entra a 9 minutos do fim da partida. Primeira bola, uma furada espetacular. Segunda bola, passe de classe deixando Vini na cara do gol. Vini perde o gol. Terceira bola, Endrick arranca em dire\u00e7\u00e3o \u00e0 meta do time alem\u00e3o no contra-ataque. Correm a seu lado, Mbapp\u00e9 na esquerda e Vini na direita. Normal seria Endrick eleger um dos dois e dar o passe. N\u00e3o. Endrick avan\u00e7a e solta um m\u00edssel. Gol. Madri vem abaixo.<\/p>\n<p>&#8220;Dif\u00edcil explicar o que o brasileiro acabou de fazer para marcar o primeiro gol da carreira na Liga dos Campe\u00f5es. Contra-ataque letal do Madrid, eram tr\u00eas atacantes contra dois zagueiros, e ele decidiu dar um chute de 20 metros com for\u00e7a para surpreender a todos&#8230; At\u00e9 o goleiro N\u00fcbel (do Stuttgart) ficou sem entender nada. Todos pensavam que ia passar para Vini ou Mbapp\u00e9 e o camisa 16 usou a personalidade para fazer o 3 a 1 no Bernab\u00e9u&#8221; \u2014 explica o <strong>jornal <em>Marca, <\/em>maior di\u00e1rio esportivo de Madri.<\/strong><\/p>\n<p>&#8220;Se ele errasse, o matava ali mesmo (<em>risos<\/em>). Se ele tiver confian\u00e7a para chutar e chuta bem&#8230; Ele tem um chute muito potente, se ele fizer gol todo mundo fica calado. <strong>\u00c9 um garoto com muita qualidade e j\u00e1 demonstrou<\/strong>. Mostrou sua personalidade ao n\u00e3o passar para Vini ou Kylian (<em>Mbapp\u00e9<\/em>) e chutar ele mesmo&#8221; \u2013 <strong>Courtois, goleiro do Real Madrid.<\/strong><\/p>\n<p>&#8220;Ele \u00e9 maluco (<em>risos<\/em>). Chutou ali uma bola que ningu\u00e9m chutaria. Feliz porque ele fez o gol. Marcar na Champions \u00e9 sempre especial&#8221; \u2013 <strong>Rodrygo, atacante do Real<\/strong><\/p>\n<blockquote><p>\u201cEntrei como ponta direita e na primeira jogada passei para o Vinicius, mas ele n\u00e3o conseguiu marcar. <strong>E na segunda tive Mbapp\u00e9 e Vini, mas a melhor op\u00e7\u00e3o foi chutar. Quando eu estava prestes a entrar em campo, o R\u00fcdiger me disse para estar pronto para fazer o gol.<\/strong> Estou muito feliz pela minha estreia e pelo meu primeiro gol na Liga dos Campe\u00f5es da minha carreira&#8221; \u2013 <strong>Endrick<\/strong><\/p><\/blockquote>\n<p>E, sem perder a inoc\u00eancia dos 18 anos, conta como vem conquistando seus companheiros no vesti\u00e1rios em cima do meme de Bob Charlton (<em>craque ingl\u00eas dos anos 1960<\/em>), seu \u00eddolo: \u201cEndrick&#8230; N\u00e3o, n\u00e3o! Desculpe, eu quis dizer Bobby (<em>risos)<\/em>.\u201d<\/p>\n<p><strong>RECORDES DE ENDRICK<\/strong><\/p>\n<p>&#8220;Com o Brasil demorou quatro minutos para marcar no Bernab\u00e9u, em Wembley &#8216;esperou&#8217; at\u00e9 aos 9 minutos <strong>e com o Palmeiras escreveu um livro de recordes<\/strong>. Estreante mais jovem (16 anos, 2 meses e 15 dias), artilheiro mais precoce (16 anos, 3 meses e 4 dias), primeiro jogador a conquistar t\u00edtulos em todas as categorias do clube (Sub-11, Sub-13, Sub-15, Sub -17, Sub-20 e como profissional)&#8230; E voltando ao alvo, Endrick tamb\u00e9m entra para uma lista de estreantes goleadores tanto na Liga dos Campe\u00f5es quanto na LaLiga (Campeonato Espanhol). Morientes, Cristiano, Isco, Asensio, Bellingham&#8230; e agora Endrick, um adolescente que preparou para si o melhor presente de casamento poss\u00edvel. Sua melhor lua de mel&#8221; \u2013 relato do <strong>jornal AS, de Madri.<\/strong><\/p>\n<div id=\"chunk-358la\">\n<div class=\"mc-column content-text active-extra-styles \">\n<p class=\" content-text__container \">J<strong>ogador mais jovem a fazer um gol pelo <\/strong><strong>Real Madrid<\/strong><strong> na hist\u00f3ria da Champions League:<\/strong>\u00a0aos 18 anos e 58 dias de idade. Marca era do espanhol Ra\u00fal Gonz\u00e1lez: aos 18 anos e 113 dias, em outubro de 1995.<\/p>\n<\/div>\n<\/div>\n<p><strong>E o que o <span style=\"color: #0000ff\"><a style=\"color: #0000ff\" href=\"https:\/\/blogdoprosperi.com\/blog\/canalverdejante\/\">Palmeiras tem com essa hist\u00f3ria toda<\/a><\/span>?<\/strong><\/p>\n<p>Simples, vai receber 35 mil d\u00f3lares (R$ 213,8 mil) de b\u00f4nus. De acordo com o contrato da venda de Endrick ao Real Madrid, cada gol marcado, assist\u00eancia ou p\u00eanalti sofrido at\u00e9 o final de junho de 2030, o Palmeiras tem direito a 35 mil euros.<\/p>\n","protected":false},"excerpt":{"rendered":"<p>Endrick provoca terremoto em Madri.  Lua de Mel de seu casamento tem gol de estreia na Champions e b\u00f4nus ao Palmeiras.<\/p>\n","protected":false},"author":102107496,"featured_media":45343,"comment_status":"open","ping_status":"open","sticky":false,"template":"","format":"standard","meta":{"_coblocks_attr":"","_coblocks_dimensions":"","_coblocks_responsive_height":"","_coblocks_accordion_ie_support":"","_jetpack_newsletter_access":"","_jetpack_dont_email_post_to_subs":false,"_jetpack_newsletter_tier_id":0,"_jetpack_memberships_contains_paywalled_content":false,"_wpcom_ai_launchpad_first_post":false,"_jetpack_feature_clip_id":0,"_jetpack_memberships_contains_paid_content":false,"footnotes":"","jetpack_publicize_message":"","jetpack_publicize_feature_enabled":true,"jetpack_social_post_already_shared":false,"jetpack_social_options":{"image_generator_settings":{"template":"highway","default_image_id":0,"font":"","enabled":false},"version":2},"jetpack_post_was_ever_published":false},"categories":[53870,20384],"tags":[10668348,1016127,774581740,789560557,25607665,789560560,27588701,789560567,789560573,287104],"class_list":["post-45312","post","type-post","status-publish","format-standard","has-post-thumbnail","hentry","category-futebol","category-informacao","tag-0000ff","tag-ancelotti","tag-casamento-endrick","tag-champions-league","tag-endrick","tag-futebol","tag-imprensa-espanhola","tag-liga-dos-campeoes","tag-luiz-antonio-prosperi","tag-palmeiras"],"yoast_head":"<!-- This site is optimized with the Yoast SEO plugin v28.3 - https:\/\/yoast.com\/product\/yoast-seo-wordpress\/ -->\n<title>Endrick, O Corajoso - PR\u00d3SPERI NEWS<\/title>\n<meta name=\"robots\" content=\"index, follow, max-snippet:-1, max-image-preview:large, max-video-preview:-1\" \/>\n<link rel=\"canonical\" href=\"https:\/\/blogdoprosperi.com\/?p=45312\" \/>\n<meta property=\"og:locale\" content=\"pt_BR\" \/>\n<meta property=\"og:type\" content=\"article\" \/>\n<meta property=\"og:title\" content=\"Endrick, O Corajoso - PR\u00d3SPERI NEWS\" \/>\n<meta property=\"og:description\" content=\"Endrick provoca terremoto em Madri. Lua de Mel de seu casamento tem gol de estreia na Champions e b\u00f4nus ao Palmeiras.\" \/>\n<meta property=\"og:url\" content=\"https:\/\/blogdoprosperi.com\/?p=45312\" \/>\n<meta property=\"og:site_name\" content=\"PR\u00d3SPERI NEWS\" \/>\n<meta property=\"article:publisher\" content=\"Luiz Pr\u00f3speri\" \/>\n<meta property=\"article:author\" content=\"Luiz Pr\u00f3speri\" \/>\n<meta property=\"article:published_time\" content=\"2024-09-18T16:27:55+00:00\" \/>\n<meta property=\"article:modified_time\" content=\"2024-09-18T17:35:33+00:00\" \/>\n<meta property=\"og:image\" content=\"https:\/\/i0.wp.com\/blogdoprosperi.com\/wp-content\/uploads\/2024\/09\/captura-de-tela-2024-09-18-as-12.49.29.png?fit=1582%2C1032&ssl=1\" \/>\n\t<meta property=\"og:image:width\" content=\"1582\" \/>\n\t<meta property=\"og:image:height\" content=\"1032\" \/>\n\t<meta property=\"og:image:type\" content=\"image\/png\" \/>\n<meta name=\"author\" content=\"Luiz Ant\u00f4nio Pr\u00f3speri\" \/>\n<meta name=\"twitter:card\" content=\"summary_large_image\" \/>\n<meta name=\"twitter:creator\" content=\"@Luizprosperi\" \/>\n<meta name=\"twitter:site\" content=\"@Luizprosperi\" \/>\n<meta name=\"twitter:label1\" content=\"Escrito por\" \/>\n\t<meta name=\"twitter:data1\" content=\"Luiz Ant\u00f4nio Pr\u00f3speri\" \/>\n\t<meta name=\"twitter:label2\" content=\"Est. tempo de leitura\" \/>\n\t<meta name=\"twitter:data2\" content=\"3 minutos\" \/>\n<script type=\"application\/ld+json\" class=\"yoast-schema-graph\">{\"@context\":\"https:\\\/\\\/schema.org\",\"@graph\":[{\"@type\":\"Article\",\"@id\":\"https:\\\/\\\/blogdoprosperi.com\\\/?p=45312#article\",\"isPartOf\":{\"@id\":\"https:\\\/\\\/blogdoprosperi.com\\\/?p=45312\"},\"author\":{\"name\":\"Luiz Ant\u00f4nio Pr\u00f3speri\",\"@id\":\"https:\\\/\\\/blogdoprosperi.com\\\/#\\\/schema\\\/person\\\/38100755ce3601861ee4fab9b5aa78e9\"},\"headline\":\"Endrick, O Corajoso\",\"datePublished\":\"2024-09-18T16:27:55+00:00\",\"dateModified\":\"2024-09-18T17:35:33+00:00\",\"mainEntityOfPage\":{\"@id\":\"https:\\\/\\\/blogdoprosperi.com\\\/?p=45312\"},\"wordCount\":633,\"commentCount\":0,\"publisher\":{\"@id\":\"https:\\\/\\\/blogdoprosperi.com\\\/#\\\/schema\\\/person\\\/38100755ce3601861ee4fab9b5aa78e9\"},\"image\":{\"@id\":\"https:\\\/\\\/blogdoprosperi.com\\\/?p=45312#primaryimage\"},\"thumbnailUrl\":\"https:\\\/\\\/i0.wp.com\\\/blogdoprosperi.com\\\/wp-content\\\/uploads\\\/2024\\\/09\\\/captura-de-tela-2024-09-18-as-12.49.29.png?fit=1582%2C1032&ssl=1\",\"keywords\":[\"0000ff\",\"Ancelotti\",\"casamento endrick\",\"Champions League\",\"endrick\",\"futebol\",\"imprensa espanhola\",\"Liga dos Campe\u00f5es\",\"Luiz Ant\u00f4nio Pr\u00f3speri\",\"Palmeiras\"],\"articleSection\":[\"futebol\",\"informa\u00e7\u00e3o\"],\"inLanguage\":\"pt-BR\",\"potentialAction\":[{\"@type\":\"CommentAction\",\"name\":\"Comment\",\"target\":[\"https:\\\/\\\/blogdoprosperi.com\\\/?p=45312#respond\"]}]},{\"@type\":\"WebPage\",\"@id\":\"https:\\\/\\\/blogdoprosperi.com\\\/?p=45312\",\"url\":\"https:\\\/\\\/blogdoprosperi.com\\\/?p=45312\",\"name\":\"Endrick, O Corajoso - PR\u00d3SPERI NEWS\",\"isPartOf\":{\"@id\":\"https:\\\/\\\/blogdoprosperi.com\\\/#website\"},\"primaryImageOfPage\":{\"@id\":\"https:\\\/\\\/blogdoprosperi.com\\\/?p=45312#primaryimage\"},\"image\":{\"@id\":\"https:\\\/\\\/blogdoprosperi.com\\\/?p=45312#primaryimage\"},\"thumbnailUrl\":\"https:\\\/\\\/i0.wp.com\\\/blogdoprosperi.com\\\/wp-content\\\/uploads\\\/2024\\\/09\\\/captura-de-tela-2024-09-18-as-12.49.29.png?fit=1582%2C1032&ssl=1\",\"datePublished\":\"2024-09-18T16:27:55+00:00\",\"dateModified\":\"2024-09-18T17:35:33+00:00\",\"breadcrumb\":{\"@id\":\"https:\\\/\\\/blogdoprosperi.com\\\/?p=45312#breadcrumb\"},\"inLanguage\":\"pt-BR\",\"potentialAction\":[{\"@type\":\"ReadAction\",\"target\":[\"https:\\\/\\\/blogdoprosperi.com\\\/?p=45312\"]}]},{\"@type\":\"ImageObject\",\"inLanguage\":\"pt-BR\",\"@id\":\"https:\\\/\\\/blogdoprosperi.com\\\/?p=45312#primaryimage\",\"url\":\"https:\\\/\\\/i0.wp.com\\\/blogdoprosperi.com\\\/wp-content\\\/uploads\\\/2024\\\/09\\\/captura-de-tela-2024-09-18-as-12.49.29.png?fit=1582%2C1032&ssl=1\",\"contentUrl\":\"https:\\\/\\\/i0.wp.com\\\/blogdoprosperi.com\\\/wp-content\\\/uploads\\\/2024\\\/09\\\/captura-de-tela-2024-09-18-as-12.49.29.png?fit=1582%2C1032&ssl=1\",\"width\":1582,\"height\":1032,\"caption\":\"Endrick, o corajoso \u2013 foto: Real Madrid oficial\"},{\"@type\":\"BreadcrumbList\",\"@id\":\"https:\\\/\\\/blogdoprosperi.com\\\/?p=45312#breadcrumb\",\"itemListElement\":[{\"@type\":\"ListItem\",\"position\":1,\"name\":\"In\u00edcio\",\"item\":\"https:\\\/\\\/blogdoprosperi.com\\\/\"},{\"@type\":\"ListItem\",\"position\":2,\"name\":\"Endrick, O Corajoso\"}]},{\"@type\":\"WebSite\",\"@id\":\"https:\\\/\\\/blogdoprosperi.com\\\/#website\",\"url\":\"https:\\\/\\\/blogdoprosperi.com\\\/\",\"name\":\"PR\u00d3SPERI NEWS\",\"description\":\"TUDO \u00c9  FUTEBOL\",\"publisher\":{\"@id\":\"https:\\\/\\\/blogdoprosperi.com\\\/#\\\/schema\\\/person\\\/38100755ce3601861ee4fab9b5aa78e9\"},\"alternateName\":\"blogdoprosperi.com\",\"potentialAction\":[{\"@type\":\"SearchAction\",\"target\":{\"@type\":\"EntryPoint\",\"urlTemplate\":\"https:\\\/\\\/blogdoprosperi.com\\\/?s={search_term_string}\"},\"query-input\":{\"@type\":\"PropertyValueSpecification\",\"valueRequired\":true,\"valueName\":\"search_term_string\"}}],\"inLanguage\":\"pt-BR\"},{\"@type\":[\"Person\",\"Organization\"],\"@id\":\"https:\\\/\\\/blogdoprosperi.com\\\/#\\\/schema\\\/person\\\/38100755ce3601861ee4fab9b5aa78e9\",\"name\":\"Luiz Ant\u00f4nio Pr\u00f3speri\",\"pronouns\":\"ele\",\"image\":{\"@type\":\"ImageObject\",\"inLanguage\":\"pt-BR\",\"@id\":\"https:\\\/\\\/i0.wp.com\\\/blogdoprosperi.com\\\/wp-content\\\/uploads\\\/2026\\\/05\\\/cropped-8059e613-6002-42fa-961e-8e275f575d71-2-5.jpg?fit=1360%2C931&ssl=1\",\"url\":\"https:\\\/\\\/i0.wp.com\\\/blogdoprosperi.com\\\/wp-content\\\/uploads\\\/2026\\\/05\\\/cropped-8059e613-6002-42fa-961e-8e275f575d71-2-5.jpg?fit=1360%2C931&ssl=1\",\"contentUrl\":\"https:\\\/\\\/i0.wp.com\\\/blogdoprosperi.com\\\/wp-content\\\/uploads\\\/2026\\\/05\\\/cropped-8059e613-6002-42fa-961e-8e275f575d71-2-5.jpg?fit=1360%2C931&ssl=1\",\"width\":1360,\"height\":931,\"caption\":\"Luiz Ant\u00f4nio Pr\u00f3speri\"},\"logo\":{\"@id\":\"https:\\\/\\\/i0.wp.com\\\/blogdoprosperi.com\\\/wp-content\\\/uploads\\\/2026\\\/05\\\/cropped-8059e613-6002-42fa-961e-8e275f575d71-2-5.jpg?fit=1360%2C931&ssl=1\"},\"description\":\"Jornalista com carreira dedicada ao esporte. Cobriu 9 Copas do Mundo in loco, 1990 na It\u00e1lia, 1994 nos EUA, 1998 na Fran\u00e7a, 2002 na Coreia do Sul e Jap\u00e3o, 2006 na Alemanha, 2010 na \u00c1frica do Sul, 2014 no Brasil, 2018 na R\u00fassia e 2022 no Qatar. Eurocopas, 1992 na Su\u00e9cia e 1996 na Inglaterra. Copa das Confedera\u00e7\u00f5es de 2005 na Alemanha e 2009 na \u00c1frica do Sul. Rep\u00f3rter e Editor, trabalhou no Jornal da Tarde e Estad\u00e3o, de 1984 a fevereiro de 2016. Colunista, blogueiro. E comentarista de futebol na R\u00e1dio Estad\u00e3o, de 2013 a fevereiro de 2016. Jornalista respons\u00e1vel do \\\"Pr\u00f3speri News\\\" (blogdoprosperi.com).\",\"sameAs\":[\"http:\\\/\\\/blogdoprosperi.com\",\"Luiz Pr\u00f3speri\",\"@luiz_prosperi\",\"https:\\\/\\\/x.com\\\/Luizprosperi\",\"@prosperinacopa\",\"luiz.prosperi@icloud.com\"],\"url\":\"https:\\\/\\\/blogdoprosperi.com\\\/?author=102107496\"}]}<\/script>\n<!-- \/ Yoast SEO plugin. -->","yoast_head_json":{"title":"Endrick, O Corajoso - PR\u00d3SPERI NEWS","robots":{"index":"index","follow":"follow","max-snippet":"max-snippet:-1","max-image-preview":"max-image-preview:large","max-video-preview":"max-video-preview:-1"},"canonical":"https:\/\/blogdoprosperi.com\/?p=45312","og_locale":"pt_BR","og_type":"article","og_title":"Endrick, O Corajoso - PR\u00d3SPERI NEWS","og_description":"Endrick provoca terremoto em Madri. Lua de Mel de seu casamento tem gol de estreia na Champions e b\u00f4nus ao Palmeiras.","og_url":"https:\/\/blogdoprosperi.com\/?p=45312","og_site_name":"PR\u00d3SPERI NEWS","article_publisher":"Luiz Pr\u00f3speri","article_author":"Luiz Pr\u00f3speri","article_published_time":"2024-09-18T16:27:55+00:00","article_modified_time":"2024-09-18T17:35:33+00:00","og_image":[{"width":1582,"height":1032,"url":"https:\/\/i0.wp.com\/blogdoprosperi.com\/wp-content\/uploads\/2024\/09\/captura-de-tela-2024-09-18-as-12.49.29.png?fit=1582%2C1032&ssl=1","type":"image\/png"}],"author":"Luiz Ant\u00f4nio Pr\u00f3speri","twitter_card":"summary_large_image","twitter_creator":"@Luizprosperi","twitter_site":"@Luizprosperi","twitter_misc":{"Escrito por":"Luiz Ant\u00f4nio Pr\u00f3speri","Est. tempo de leitura":"3 minutos"},"schema":{"@context":"https:\/\/schema.org","@graph":[{"@type":"Article","@id":"https:\/\/blogdoprosperi.com\/?p=45312#article","isPartOf":{"@id":"https:\/\/blogdoprosperi.com\/?p=45312"},"author":{"name":"Luiz Ant\u00f4nio Pr\u00f3speri","@id":"https:\/\/blogdoprosperi.com\/#\/schema\/person\/38100755ce3601861ee4fab9b5aa78e9"},"headline":"Endrick, O Corajoso","datePublished":"2024-09-18T16:27:55+00:00","dateModified":"2024-09-18T17:35:33+00:00","mainEntityOfPage":{"@id":"https:\/\/blogdoprosperi.com\/?p=45312"},"wordCount":633,"commentCount":0,"publisher":{"@id":"https:\/\/blogdoprosperi.com\/#\/schema\/person\/38100755ce3601861ee4fab9b5aa78e9"},"image":{"@id":"https:\/\/blogdoprosperi.com\/?p=45312#primaryimage"},"thumbnailUrl":"https:\/\/i0.wp.com\/blogdoprosperi.com\/wp-content\/uploads\/2024\/09\/captura-de-tela-2024-09-18-as-12.49.29.png?fit=1582%2C1032&ssl=1","keywords":["0000ff","Ancelotti","casamento endrick","Champions League","endrick","futebol","imprensa espanhola","Liga dos Campe\u00f5es","Luiz Ant\u00f4nio Pr\u00f3speri","Palmeiras"],"articleSection":["futebol","informa\u00e7\u00e3o"],"inLanguage":"pt-BR","potentialAction":[{"@type":"CommentAction","name":"Comment","target":["https:\/\/blogdoprosperi.com\/?p=45312#respond"]}]},{"@type":"WebPage","@id":"https:\/\/blogdoprosperi.com\/?p=45312","url":"https:\/\/blogdoprosperi.com\/?p=45312","name":"Endrick, O Corajoso - PR\u00d3SPERI NEWS","isPartOf":{"@id":"https:\/\/blogdoprosperi.com\/#website"},"primaryImageOfPage":{"@id":"https:\/\/blogdoprosperi.com\/?p=45312#primaryimage"},"image":{"@id":"https:\/\/blogdoprosperi.com\/?p=45312#primaryimage"},"thumbnailUrl":"https:\/\/i0.wp.com\/blogdoprosperi.com\/wp-content\/uploads\/2024\/09\/captura-de-tela-2024-09-18-as-12.49.29.png?fit=1582%2C1032&ssl=1","datePublished":"2024-09-18T16:27:55+00:00","dateModified":"2024-09-18T17:35:33+00:00","breadcrumb":{"@id":"https:\/\/blogdoprosperi.com\/?p=45312#breadcrumb"},"inLanguage":"pt-BR","potentialAction":[{"@type":"ReadAction","target":["https:\/\/blogdoprosperi.com\/?p=45312"]}]},{"@type":"ImageObject","inLanguage":"pt-BR","@id":"https:\/\/blogdoprosperi.com\/?p=45312#primaryimage","url":"https:\/\/i0.wp.com\/blogdoprosperi.com\/wp-content\/uploads\/2024\/09\/captura-de-tela-2024-09-18-as-12.49.29.png?fit=1582%2C1032&ssl=1","contentUrl":"https:\/\/i0.wp.com\/blogdoprosperi.com\/wp-content\/uploads\/2024\/09\/captura-de-tela-2024-09-18-as-12.49.29.png?fit=1582%2C1032&ssl=1","width":1582,"height":1032,"caption":"Endrick, o corajoso \u2013 foto: Real Madrid oficial"},{"@type":"BreadcrumbList","@id":"https:\/\/blogdoprosperi.com\/?p=45312#breadcrumb","itemListElement":[{"@type":"ListItem","position":1,"name":"In\u00edcio","item":"https:\/\/blogdoprosperi.com\/"},{"@type":"ListItem","position":2,"name":"Endrick, O Corajoso"}]},{"@type":"WebSite","@id":"https:\/\/blogdoprosperi.com\/#website","url":"https:\/\/blogdoprosperi.com\/","name":"PR\u00d3SPERI NEWS","description":"TUDO \u00c9  FUTEBOL","publisher":{"@id":"https:\/\/blogdoprosperi.com\/#\/schema\/person\/38100755ce3601861ee4fab9b5aa78e9"},"alternateName":"blogdoprosperi.com","potentialAction":[{"@type":"SearchAction","target":{"@type":"EntryPoint","urlTemplate":"https:\/\/blogdoprosperi.com\/?s={search_term_string}"},"query-input":{"@type":"PropertyValueSpecification","valueRequired":true,"valueName":"search_term_string"}}],"inLanguage":"pt-BR"},{"@type":["Person","Organization"],"@id":"https:\/\/blogdoprosperi.com\/#\/schema\/person\/38100755ce3601861ee4fab9b5aa78e9","name":"Luiz Ant\u00f4nio Pr\u00f3speri","pronouns":"ele","image":{"@type":"ImageObject","inLanguage":"pt-BR","@id":"https:\/\/i0.wp.com\/blogdoprosperi.com\/wp-content\/uploads\/2026\/05\/cropped-8059e613-6002-42fa-961e-8e275f575d71-2-5.jpg?fit=1360%2C931&ssl=1","url":"https:\/\/i0.wp.com\/blogdoprosperi.com\/wp-content\/uploads\/2026\/05\/cropped-8059e613-6002-42fa-961e-8e275f575d71-2-5.jpg?fit=1360%2C931&ssl=1","contentUrl":"https:\/\/i0.wp.com\/blogdoprosperi.com\/wp-content\/uploads\/2026\/05\/cropped-8059e613-6002-42fa-961e-8e275f575d71-2-5.jpg?fit=1360%2C931&ssl=1","width":1360,"height":931,"caption":"Luiz Ant\u00f4nio Pr\u00f3speri"},"logo":{"@id":"https:\/\/i0.wp.com\/blogdoprosperi.com\/wp-content\/uploads\/2026\/05\/cropped-8059e613-6002-42fa-961e-8e275f575d71-2-5.jpg?fit=1360%2C931&ssl=1"},"description":"Jornalista com carreira dedicada ao esporte. Cobriu 9 Copas do Mundo in loco, 1990 na It\u00e1lia, 1994 nos EUA, 1998 na Fran\u00e7a, 2002 na Coreia do Sul e Jap\u00e3o, 2006 na Alemanha, 2010 na \u00c1frica do Sul, 2014 no Brasil, 2018 na R\u00fassia e 2022 no Qatar. Eurocopas, 1992 na Su\u00e9cia e 1996 na Inglaterra. Copa das Confedera\u00e7\u00f5es de 2005 na Alemanha e 2009 na \u00c1frica do Sul. Rep\u00f3rter e Editor, trabalhou no Jornal da Tarde e Estad\u00e3o, de 1984 a fevereiro de 2016. Colunista, blogueiro. E comentarista de futebol na R\u00e1dio Estad\u00e3o, de 2013 a fevereiro de 2016. Jornalista respons\u00e1vel do \"Pr\u00f3speri News\" (blogdoprosperi.com).","sameAs":["http:\/\/blogdoprosperi.com","Luiz Pr\u00f3speri","@luiz_prosperi","https:\/\/x.com\/Luizprosperi","@prosperinacopa","luiz.prosperi@icloud.com"],"url":"https:\/\/blogdoprosperi.com\/?author=102107496"}]}},"jetpack_publicize_connections":[],"jetpack_likes_enabled":false,"jetpack_sharing_enabled":true,"jetpack_shortlink":"https:\/\/wp.me\/p7jvdk-bMQ","jetpack-related-posts":[{"id":57288,"url":"https:\/\/blogdoprosperi.com\/?p=57288","url_meta":{"origin":45312,"position":0},"title":"Brasil vence Cro\u00e1cia | Danilo Santos Revigora Sele\u00e7\u00e3o e Endrick Pede Passagem a Ancelotti","author":"Luiz Ant\u00f4nio Pr\u00f3speri","date":"31 de mar\u00e7o de 2026","format":false,"excerpt":"Luiz Ant\u00f4nio Pr\u00f3speri \u2013 31 mar\u00e7o 2026 \u2013 (23h12) \u2013 Brasil vence a Cro\u00e1cia por 3 a 1 no \u00faltimo amistoso antes de Carlo Ancelotti carimbar a lista final dos 26 jogadores convocados para a Copa do Mundo 2026. O italiano, mascando chiclete, acrescentou ontem mais um nome entre seus\u2026","rel":"","context":"Em &quot;futebol&quot;","block_context":{"text":"futebol","link":"https:\/\/blogdoprosperi.com\/?cat=53870"},"img":{"alt_text":"","src":"https:\/\/i0.wp.com\/blogdoprosperi.com\/wp-content\/uploads\/2026\/03\/captura-de-tela-2026-03-31-as-23.08.24.png?fit=1200%2C1008&ssl=1&resize=350%2C200","width":350,"height":200,"srcset":"https:\/\/i0.wp.com\/blogdoprosperi.com\/wp-content\/uploads\/2026\/03\/captura-de-tela-2026-03-31-as-23.08.24.png?fit=1200%2C1008&ssl=1&resize=350%2C200 1x, https:\/\/i0.wp.com\/blogdoprosperi.com\/wp-content\/uploads\/2026\/03\/captura-de-tela-2026-03-31-as-23.08.24.png?fit=1200%2C1008&ssl=1&resize=525%2C300 1.5x, https:\/\/i0.wp.com\/blogdoprosperi.com\/wp-content\/uploads\/2026\/03\/captura-de-tela-2026-03-31-as-23.08.24.png?fit=1200%2C1008&ssl=1&resize=700%2C400 2x, https:\/\/i0.wp.com\/blogdoprosperi.com\/wp-content\/uploads\/2026\/03\/captura-de-tela-2026-03-31-as-23.08.24.png?fit=1200%2C1008&ssl=1&resize=1050%2C600 3x"},"classes":[]},{"id":59583,"url":"https:\/\/blogdoprosperi.com\/?p=59583","url_meta":{"origin":45312,"position":1},"title":"Brasil vence Haiti, assume primeiro lugar do Grupo C e Endrick estreia","author":"Luiz Ant\u00f4nio Pr\u00f3speri","date":"19 de junho de 2026","format":false,"excerpt":"Luiz Ant\u00f4nio Pr\u00f3speri, da Philadelphia, 19 junho 2026 Brasil vence Haiti por 3 a 0 na Philadelphia. Assume o primeiro lugar do Grupo superando Marrocos no saldo de gols. A sensa\u00e7\u00e3o \u00e9 de que faltaram mais gols na cidade de Rocky Balboa. E pode comprometer a posi\u00e7\u00e3o da Sele\u00e7\u00e3o Brasileira\u2026","rel":"","context":"Em &quot;copa 2026&quot;","block_context":{"text":"copa 2026","link":"https:\/\/blogdoprosperi.com\/?cat=36820279"},"img":{"alt_text":"","src":"https:\/\/i0.wp.com\/blogdoprosperi.com\/wp-content\/uploads\/2026\/06\/Captura-de-Tela-2026-06-19-as-21.51.39-1.png?fit=1078%2C790&ssl=1&resize=350%2C200","width":350,"height":200,"srcset":"https:\/\/i0.wp.com\/blogdoprosperi.com\/wp-content\/uploads\/2026\/06\/Captura-de-Tela-2026-06-19-as-21.51.39-1.png?fit=1078%2C790&ssl=1&resize=350%2C200 1x, https:\/\/i0.wp.com\/blogdoprosperi.com\/wp-content\/uploads\/2026\/06\/Captura-de-Tela-2026-06-19-as-21.51.39-1.png?fit=1078%2C790&ssl=1&resize=525%2C300 1.5x, https:\/\/i0.wp.com\/blogdoprosperi.com\/wp-content\/uploads\/2026\/06\/Captura-de-Tela-2026-06-19-as-21.51.39-1.png?fit=1078%2C790&ssl=1&resize=700%2C400 2x, https:\/\/i0.wp.com\/blogdoprosperi.com\/wp-content\/uploads\/2026\/06\/Captura-de-Tela-2026-06-19-as-21.51.39-1.png?fit=1078%2C790&ssl=1&resize=1050%2C600 3x"},"classes":[]},{"id":60169,"url":"https:\/\/blogdoprosperi.com\/?p=60169","url_meta":{"origin":45312,"position":2},"title":"New Jersey 5 de julho 2026","author":"Luiz Ant\u00f4nio Pr\u00f3speri","date":"5 de julho de 2026","format":false,"excerpt":"Luiz Ant\u00f4nio Pr\u00f3speri, de New Jersey, 5 julho 2026 Estamos condenados a sofrer no dia 5 de julho. Em 1982, quando encantamos o mundo com Falc\u00e3o, Cerezzo, S\u00f3crates e Zico e Tel\u00ea no comando, tamb\u00e9m ca\u00edmos no 5 de julho diante da It\u00e1lia. A diferen\u00e7a agora \u00e9 que n\u00e3o encantamos\u2026","rel":"","context":"Em &quot;copa 2026&quot;","block_context":{"text":"copa 2026","link":"https:\/\/blogdoprosperi.com\/?cat=36820279"},"img":{"alt_text":"","src":"https:\/\/i0.wp.com\/blogdoprosperi.com\/wp-content\/uploads\/2026\/07\/Captura-de-Tela-2026-07-05-as-18.13.01.png?fit=694%2C688&ssl=1&resize=350%2C200","width":350,"height":200,"srcset":"https:\/\/i0.wp.com\/blogdoprosperi.com\/wp-content\/uploads\/2026\/07\/Captura-de-Tela-2026-07-05-as-18.13.01.png?fit=694%2C688&ssl=1&resize=350%2C200 1x, https:\/\/i0.wp.com\/blogdoprosperi.com\/wp-content\/uploads\/2026\/07\/Captura-de-Tela-2026-07-05-as-18.13.01.png?fit=694%2C688&ssl=1&resize=525%2C300 1.5x"},"classes":[]},{"id":45355,"url":"https:\/\/blogdoprosperi.com\/?p=45355","url_meta":{"origin":45312,"position":3},"title":"O Amor Triunfou","author":"Luiz Ant\u00f4nio Pr\u00f3speri","date":"18 de setembro de 2024","format":"gallery","excerpt":"\"Os tempos mudaram e agora os jovens se casam num piscar de olhos, sem a necessidade de um super banquete ou de paralisar metade da humanidade para celebr\u00e1-lo. Na segunda-feira, Endrick se casou com a namorada, Gabriely Miranda, ap\u00f3s o treino matinal em Valdebebas. 'Adoro fotos nas redes sociais e\u2026","rel":"","context":"Em &quot;futebol&quot;","block_context":{"text":"futebol","link":"https:\/\/blogdoprosperi.com\/?cat=53870"},"img":{"alt_text":"Endrick e o presente de casamento a Gabriely","src":"https:\/\/i0.wp.com\/blogdoprosperi.com\/wp-content\/uploads\/2024\/09\/captura-de-tela-2024-09-18-as-13.29.02.png?fit=1062%2C696&ssl=1&resize=350%2C200","width":350,"height":200,"srcset":"https:\/\/i0.wp.com\/blogdoprosperi.com\/wp-content\/uploads\/2024\/09\/captura-de-tela-2024-09-18-as-13.29.02.png?fit=1062%2C696&ssl=1&resize=350%2C200 1x, https:\/\/i0.wp.com\/blogdoprosperi.com\/wp-content\/uploads\/2024\/09\/captura-de-tela-2024-09-18-as-13.29.02.png?fit=1062%2C696&ssl=1&resize=525%2C300 1.5x, https:\/\/i0.wp.com\/blogdoprosperi.com\/wp-content\/uploads\/2024\/09\/captura-de-tela-2024-09-18-as-13.29.02.png?fit=1062%2C696&ssl=1&resize=700%2C400 2x, https:\/\/i0.wp.com\/blogdoprosperi.com\/wp-content\/uploads\/2024\/09\/captura-de-tela-2024-09-18-as-13.29.02.png?fit=1062%2C696&ssl=1&resize=1050%2C600 3x"},"classes":[]},{"id":59302,"url":"https:\/\/blogdoprosperi.com\/?p=59302","url_meta":{"origin":45312,"position":4},"title":"Brasil vence Egito no \u00faltimo amistoso antes da estreia na Copa e Endrick quer vaga no time titular","author":"Luiz Ant\u00f4nio Pr\u00f3speri","date":"6 de junho de 2026","format":false,"excerpt":"Luiz Ant\u00f4nio Pr\u00f3speri \u2013 6 junho 2026 (20h51) Brasil vence Egito por 2 a 1 no \u00faltimo amistoso antes da estreia na Copa do Mundo. Endrik faz gol da vit\u00f3ria e mais uma vez pede passagem a Carlo Ancelotti. Sele\u00e7\u00e3o principal n\u00e3o joga bem no primeiro tempo, com vacilos defensivos\u2026","rel":"","context":"Em &quot;copa 2026&quot;","block_context":{"text":"copa 2026","link":"https:\/\/blogdoprosperi.com\/?cat=36820279"},"img":{"alt_text":"","src":"https:\/\/i0.wp.com\/blogdoprosperi.com\/wp-content\/uploads\/2026\/06\/Captura-de-Tela-2026-06-06-as-20.58.44.png?fit=1002%2C896&ssl=1&resize=350%2C200","width":350,"height":200,"srcset":"https:\/\/i0.wp.com\/blogdoprosperi.com\/wp-content\/uploads\/2026\/06\/Captura-de-Tela-2026-06-06-as-20.58.44.png?fit=1002%2C896&ssl=1&resize=350%2C200 1x, https:\/\/i0.wp.com\/blogdoprosperi.com\/wp-content\/uploads\/2026\/06\/Captura-de-Tela-2026-06-06-as-20.58.44.png?fit=1002%2C896&ssl=1&resize=525%2C300 1.5x, https:\/\/i0.wp.com\/blogdoprosperi.com\/wp-content\/uploads\/2026\/06\/Captura-de-Tela-2026-06-06-as-20.58.44.png?fit=1002%2C896&ssl=1&resize=700%2C400 2x"},"classes":[]},{"id":42241,"url":"https:\/\/blogdoprosperi.com\/?p=42241","url_meta":{"origin":45312,"position":5},"title":"Endrick eleva Sele\u00e7\u00e3o Brasileira ao c\u00e9u","author":"Luiz Ant\u00f4nio Pr\u00f3speri","date":"23 de mar\u00e7o de 2024","format":false,"excerpt":"Endrick, atacante do Palmeiras, honra a sina hist\u00f3rica de jovens jogadores da Sele\u00e7\u00e3o Brasileira. Entra aos 24 minutos do segundo tempo diante da Inglaterra, no m\u00edtico Wembley, e decreta vit\u00f3ria com um gol de centroavante aos 34 minutos. Endrick, 17 anos, simples assim. Como um dia foi Pel\u00e9, Edu, Ronaldo\u2026","rel":"","context":"Em &quot;CBF&quot;","block_context":{"text":"CBF","link":"https:\/\/blogdoprosperi.com\/?cat=570700"},"img":{"alt_text":"","src":"https:\/\/i0.wp.com\/blogdoprosperi.com\/wp-content\/uploads\/2024\/03\/53606279961_cd4b1ab5ec_c.jpg?fit=800%2C525&ssl=1&resize=350%2C200","width":350,"height":200,"srcset":"https:\/\/i0.wp.com\/blogdoprosperi.com\/wp-content\/uploads\/2024\/03\/53606279961_cd4b1ab5ec_c.jpg?fit=800%2C525&ssl=1&resize=350%2C200 1x, https:\/\/i0.wp.com\/blogdoprosperi.com\/wp-content\/uploads\/2024\/03\/53606279961_cd4b1ab5ec_c.jpg?fit=800%2C525&ssl=1&resize=525%2C300 1.5x, https:\/\/i0.wp.com\/blogdoprosperi.com\/wp-content\/uploads\/2024\/03\/53606279961_cd4b1ab5ec_c.jpg?fit=800%2C525&ssl=1&resize=700%2C400 2x"},"classes":[]}],"jetpack_featured_media_url":"https:\/\/i0.wp.com\/blogdoprosperi.com\/wp-content\/uploads\/2024\/09\/captura-de-tela-2024-09-18-as-12.49.29.png?fit=1582%2C1032&ssl=1","_links":{"self":[{"href":"https:\/\/blogdoprosperi.com\/index.php?rest_route=\/wp\/v2\/posts\/45312","targetHints":{"allow":["GET"]}}],"collection":[{"href":"https:\/\/blogdoprosperi.com\/index.php?rest_route=\/wp\/v2\/posts"}],"about":[{"href":"https:\/\/blogdoprosperi.com\/index.php?rest_route=\/wp\/v2\/types\/post"}],"author":[{"embeddable":true,"href":"https:\/\/blogdoprosperi.com\/index.php?rest_route=\/wp\/v2\/users\/102107496"}],"replies":[{"embeddable":true,"href":"https:\/\/blogdoprosperi.com\/index.php?rest_route=%2Fwp%2Fv2%2Fcomments&post=45312"}],"version-history":[{"count":17,"href":"https:\/\/blogdoprosperi.com\/index.php?rest_route=\/wp\/v2\/posts\/45312\/revisions"}],"predecessor-version":[{"id":45369,"href":"https:\/\/blogdoprosperi.com\/index.php?rest_route=\/wp\/v2\/posts\/45312\/revisions\/45369"}],"wp:featuredmedia":[{"embeddable":true,"href":"https:\/\/blogdoprosperi.com\/index.php?rest_route=\/wp\/v2\/media\/45343"}],"wp:attachment":[{"href":"https:\/\/blogdoprosperi.com\/index.php?rest_route=%2Fwp%2Fv2%2Fmedia&parent=45312"}],"wp:term":[{"taxonomy":"category","embeddable":true,"href":"https:\/\/blogdoprosperi.com\/index.php?rest_route=%2Fwp%2Fv2%2Fcategories&post=45312"},{"taxonomy":"post_tag","embeddable":true,"href":"https:\/\/blogdoprosperi.com\/index.php?rest_route=%2Fwp%2Fv2%2Ftags&post=45312"}],"curies":[{"name":"wp","href":"https:\/\/api.w.org\/{rel}","templated":true}]}}