{"id":45377,"date":"2024-09-19T15:23:34","date_gmt":"2024-09-19T18:23:34","guid":{"rendered":"https:\/\/blogdoprosperi.com\/?p=45377"},"modified":"2024-09-19T15:55:20","modified_gmt":"2024-09-19T18:55:20","slug":"treinadores-argentinos-medrosos-inibem-sao-paulo-atleticomg-e-fortaleza-nas-copas","status":"publish","type":"post","link":"https:\/\/blogdoprosperi.com\/?p=45377","title":{"rendered":"Treinadores Argentinos Medrosos Inibem S\u00e3o Paulo, Atl\u00e9tico-MG e Fortaleza nas Copas"},"content":{"rendered":"<p>Luiz Ant\u00f4nio Pr\u00f3speri &#8211; 19 setembro (15h25)<\/p>\n<p>S\u00e3o Paulo, Atl\u00e9tico MG e Fortaleza n\u00e3o jogam futebol prazeroso de se ver nas Copas continentais. Prioridade \u00e9 se defender. Marca\u00e7\u00e3o individual prevalece. Coincid\u00eancia ou n\u00e3o, os tr\u00eas times s\u00e3o dirigidos por t\u00e9cnicos argentinos. Zubeld\u00eda no S\u00e3o Paulo, Milito no Atl\u00e9tico e Vojvoda no Fortaleza. Gostam de retrancar suas equipes e, muito raro, apresentam alguma ousadia at\u00e9 em jogos mais f\u00e1ceis.<\/p>\n<p>Estrat\u00e9gias, diriam os incautos. Copa se joga assim. Defesa, defesa, defesa e, se o advers\u00e1rio fraquejar, um contra-ataque resolve tudo. \u00c9, pode ser.<\/p>\n<p>Fortaleza, de Vojvoda, no Castel\u00e3o lotado, ter\u00e7a-feira (17\/9), n\u00e3o teve meios de atacar o contestado Corinthians dirigido tamb\u00e9m por um argentino, Ram\u00f3n Diaz. Jogo de ida das quartas de final da Copa Sul-Americana.<\/p>\n<p>Vojvoda gosta que advers\u00e1rios fustiguem o seu time e para ferroar quando rouba a bola. Acontece que o Corinthians tamb\u00e9m adotou esse modelo. Retranca. Saiu pouco de sua trincheira e, quando criou asas, foi letal.<\/p>\n<p>Sem repert\u00f3rio ofensivo, Fortaleza levou 2 a 0 na cara e agora vai ter de se espernear muito pra devolver resultado na Arena do Corinthians.<\/p>\n<img data-recalc-dims=\"1\" decoding=\"async\" src=\"https:\/\/i0.wp.com\/blogdoprosperi.com\/wp-content\/uploads\/2024\/09\/53986014975_2eca2f2c47_c.jpg?w=940&#038;ssl=1\" class=\"size-full\">\n<p>Atl\u00e9tico tamb\u00e9m conhece sabor amargo de se defender fora de casa e pouco atormentar o inimigo no ataque. Marcou, como se dizia antigamente, homem a homem o Fluminense e saiu derrotado por a 1 no jogo de ida da Libertadores.<\/p>\n<p>A filosofia que havia dado resultado, quando eliminou o S\u00e3o Paulo na Copa do Brasil, n\u00e3o teve valia no Maracan\u00e3. Contra o Tricolor venceu por 1 a 0 no Morumbi, gol nos \u00faltimos minutos, e sustentou empate sem gols no Mineir\u00e3o na volta.<\/p>\n<p>Milito adotou esses mesmos costumes contra o Flu de Mano Menezes, treinador acometido da febre de jogar na retranca. E perdeu no jogo de ida das quartas de final de Libertadores. Quem muito marca, pouco ataca.<\/p>\n<img data-recalc-dims=\"1\" decoding=\"async\" src=\"https:\/\/i0.wp.com\/blogdoprosperi.com\/wp-content\/uploads\/2024\/09\/9557-1512x2048-1.jpg?w=940&#038;ssl=1\" class=\"size-full\" alt=\"Argentino Zubeld\u00eda cauteloso na Libertadores\">\n<p>\u00c9 o mesmo caso do S\u00e3o Paulo de Zubeld\u00eda.Marcou a ferro e fogo o Botafogo no Rio. Sofreu um bocado atr\u00e1s com uma saraivada de balas que vinham de tudo quanto \u00e9 lado do ataque do Botafogo. E, por sorte, volta para casa com o empate por 0 a 0, tamb\u00e9m nas quartas da Libertadores.<\/p>\n<p>Sofrer \u00e0 be\u00e7a e sair ferido, mas glorificado com um resultado favor\u00e1vel, parece estar escrito nas cartilhas de Zubeld\u00eda, Milito e Vojvoda.<\/p>\n<p>H\u00e1 quem admire esse comportamento e garante que tudo \u00e9 uma quest\u00e3o de estrat\u00e9gia.<\/p>\n<p>No futebol cabe tudo, por mais que tudo seja um t\u00e9dio. Prazer? E La Nave Va.<\/p>\n","protected":false},"excerpt":{"rendered":"<p>Luiz Ant\u00f4nio Pr\u00f3speri &#8211; 19 setembro (15h25) S\u00e3o Paulo, Atl\u00e9tico MG e Fortaleza n\u00e3o jogam futebol prazeroso de [&hellip;]<\/p>\n","protected":false},"author":102107496,"featured_media":45380,"comment_status":"open","ping_status":"open","sticky":false,"template":"","format":"standard","meta":{"_coblocks_attr":"","_coblocks_dimensions":"","_coblocks_responsive_height":"","_coblocks_accordion_ie_support":"","_jetpack_newsletter_access":"","_jetpack_dont_email_post_to_subs":false,"_jetpack_newsletter_tier_id":0,"_jetpack_memberships_contains_paywalled_content":false,"_wpcom_ai_launchpad_first_post":false,"_jetpack_feature_clip_id":0,"_jetpack_memberships_contains_paid_content":false,"footnotes":"","jetpack_publicize_message":"","jetpack_publicize_feature_enabled":true,"jetpack_social_post_already_shared":false,"jetpack_social_options":{"image_generator_settings":{"template":"highway","default_image_id":0,"font":"","enabled":false},"version":2},"jetpack_post_was_ever_published":false},"categories":[53870],"tags":[789560560],"class_list":["post-45377","post","type-post","status-publish","format-standard","has-post-thumbnail","hentry","category-futebol","tag-futebol"],"yoast_head":"<!-- This site is optimized with the Yoast SEO plugin v28.3 - https:\/\/yoast.com\/product\/yoast-seo-wordpress\/ -->\n<title>Treinadores Argentinos Medrosos Inibem S\u00e3o Paulo, Atl\u00e9tico-MG e Fortaleza nas Copas - PR\u00d3SPERI NEWS<\/title>\n<meta name=\"robots\" content=\"index, follow, max-snippet:-1, max-image-preview:large, max-video-preview:-1\" \/>\n<link rel=\"canonical\" href=\"https:\/\/blogdoprosperi.com\/?p=45377\" \/>\n<meta property=\"og:locale\" content=\"pt_BR\" \/>\n<meta property=\"og:type\" content=\"article\" \/>\n<meta property=\"og:title\" content=\"Treinadores Argentinos Medrosos Inibem S\u00e3o Paulo, Atl\u00e9tico-MG e Fortaleza nas Copas - PR\u00d3SPERI NEWS\" \/>\n<meta property=\"og:description\" content=\"Luiz Ant\u00f4nio Pr\u00f3speri &#8211; 19 setembro (15h25) S\u00e3o Paulo, Atl\u00e9tico MG e Fortaleza n\u00e3o jogam futebol prazeroso de [&hellip;]\" \/>\n<meta property=\"og:url\" content=\"https:\/\/blogdoprosperi.com\/?p=45377\" \/>\n<meta property=\"og:site_name\" content=\"PR\u00d3SPERI NEWS\" \/>\n<meta property=\"article:publisher\" content=\"Luiz Pr\u00f3speri\" \/>\n<meta property=\"article:author\" content=\"Luiz Pr\u00f3speri\" \/>\n<meta property=\"article:published_time\" content=\"2024-09-19T18:23:34+00:00\" \/>\n<meta property=\"article:modified_time\" content=\"2024-09-19T18:55:20+00:00\" \/>\n<meta property=\"og:image\" content=\"https:\/\/i0.wp.com\/blogdoprosperi.com\/wp-content\/uploads\/2024\/09\/captura-de-tela-2024-09-19-as-12.50.08.png?fit=992%2C846&ssl=1\" \/>\n\t<meta property=\"og:image:width\" content=\"992\" \/>\n\t<meta property=\"og:image:height\" content=\"846\" \/>\n\t<meta property=\"og:image:type\" content=\"image\/png\" \/>\n<meta name=\"author\" content=\"Luiz Ant\u00f4nio Pr\u00f3speri\" \/>\n<meta name=\"twitter:card\" content=\"summary_large_image\" \/>\n<meta name=\"twitter:creator\" content=\"@Luizprosperi\" \/>\n<meta name=\"twitter:site\" content=\"@Luizprosperi\" \/>\n<meta name=\"twitter:label1\" content=\"Escrito por\" \/>\n\t<meta name=\"twitter:data1\" content=\"Luiz Ant\u00f4nio Pr\u00f3speri\" \/>\n\t<meta name=\"twitter:label2\" content=\"Est. tempo de leitura\" \/>\n\t<meta name=\"twitter:data2\" content=\"2 minutos\" \/>\n<script type=\"application\/ld+json\" class=\"yoast-schema-graph\">{\"@context\":\"https:\\\/\\\/schema.org\",\"@graph\":[{\"@type\":\"Article\",\"@id\":\"https:\\\/\\\/blogdoprosperi.com\\\/?p=45377#article\",\"isPartOf\":{\"@id\":\"https:\\\/\\\/blogdoprosperi.com\\\/?p=45377\"},\"author\":{\"name\":\"Luiz Ant\u00f4nio Pr\u00f3speri\",\"@id\":\"https:\\\/\\\/blogdoprosperi.com\\\/#\\\/schema\\\/person\\\/38100755ce3601861ee4fab9b5aa78e9\"},\"headline\":\"Treinadores Argentinos Medrosos Inibem S\u00e3o Paulo, Atl\u00e9tico-MG e Fortaleza nas Copas\",\"datePublished\":\"2024-09-19T18:23:34+00:00\",\"dateModified\":\"2024-09-19T18:55:20+00:00\",\"mainEntityOfPage\":{\"@id\":\"https:\\\/\\\/blogdoprosperi.com\\\/?p=45377\"},\"wordCount\":472,\"commentCount\":0,\"publisher\":{\"@id\":\"https:\\\/\\\/blogdoprosperi.com\\\/#\\\/schema\\\/person\\\/38100755ce3601861ee4fab9b5aa78e9\"},\"image\":{\"@id\":\"https:\\\/\\\/blogdoprosperi.com\\\/?p=45377#primaryimage\"},\"thumbnailUrl\":\"https:\\\/\\\/i0.wp.com\\\/blogdoprosperi.com\\\/wp-content\\\/uploads\\\/2024\\\/09\\\/captura-de-tela-2024-09-19-as-12.50.08.png?fit=992%2C846&ssl=1\",\"keywords\":[\"futebol\"],\"articleSection\":[\"futebol\"],\"inLanguage\":\"pt-BR\",\"potentialAction\":[{\"@type\":\"CommentAction\",\"name\":\"Comment\",\"target\":[\"https:\\\/\\\/blogdoprosperi.com\\\/?p=45377#respond\"]}]},{\"@type\":\"WebPage\",\"@id\":\"https:\\\/\\\/blogdoprosperi.com\\\/?p=45377\",\"url\":\"https:\\\/\\\/blogdoprosperi.com\\\/?p=45377\",\"name\":\"Treinadores Argentinos Medrosos Inibem S\u00e3o Paulo, Atl\u00e9tico-MG e Fortaleza nas Copas - PR\u00d3SPERI NEWS\",\"isPartOf\":{\"@id\":\"https:\\\/\\\/blogdoprosperi.com\\\/#website\"},\"primaryImageOfPage\":{\"@id\":\"https:\\\/\\\/blogdoprosperi.com\\\/?p=45377#primaryimage\"},\"image\":{\"@id\":\"https:\\\/\\\/blogdoprosperi.com\\\/?p=45377#primaryimage\"},\"thumbnailUrl\":\"https:\\\/\\\/i0.wp.com\\\/blogdoprosperi.com\\\/wp-content\\\/uploads\\\/2024\\\/09\\\/captura-de-tela-2024-09-19-as-12.50.08.png?fit=992%2C846&ssl=1\",\"datePublished\":\"2024-09-19T18:23:34+00:00\",\"dateModified\":\"2024-09-19T18:55:20+00:00\",\"breadcrumb\":{\"@id\":\"https:\\\/\\\/blogdoprosperi.com\\\/?p=45377#breadcrumb\"},\"inLanguage\":\"pt-BR\",\"potentialAction\":[{\"@type\":\"ReadAction\",\"target\":[\"https:\\\/\\\/blogdoprosperi.com\\\/?p=45377\"]}]},{\"@type\":\"ImageObject\",\"inLanguage\":\"pt-BR\",\"@id\":\"https:\\\/\\\/blogdoprosperi.com\\\/?p=45377#primaryimage\",\"url\":\"https:\\\/\\\/i0.wp.com\\\/blogdoprosperi.com\\\/wp-content\\\/uploads\\\/2024\\\/09\\\/captura-de-tela-2024-09-19-as-12.50.08.png?fit=992%2C846&ssl=1\",\"contentUrl\":\"https:\\\/\\\/i0.wp.com\\\/blogdoprosperi.com\\\/wp-content\\\/uploads\\\/2024\\\/09\\\/captura-de-tela-2024-09-19-as-12.50.08.png?fit=992%2C846&ssl=1\",\"width\":992,\"height\":846,\"caption\":\"Vojvoda \u2013 foto: Fortaleza oficial\"},{\"@type\":\"BreadcrumbList\",\"@id\":\"https:\\\/\\\/blogdoprosperi.com\\\/?p=45377#breadcrumb\",\"itemListElement\":[{\"@type\":\"ListItem\",\"position\":1,\"name\":\"In\u00edcio\",\"item\":\"https:\\\/\\\/blogdoprosperi.com\\\/\"},{\"@type\":\"ListItem\",\"position\":2,\"name\":\"Treinadores Argentinos Medrosos Inibem S\u00e3o Paulo, Atl\u00e9tico-MG e Fortaleza nas Copas\"}]},{\"@type\":\"WebSite\",\"@id\":\"https:\\\/\\\/blogdoprosperi.com\\\/#website\",\"url\":\"https:\\\/\\\/blogdoprosperi.com\\\/\",\"name\":\"PR\u00d3SPERI NEWS\",\"description\":\"TUDO \u00c9  FUTEBOL\",\"publisher\":{\"@id\":\"https:\\\/\\\/blogdoprosperi.com\\\/#\\\/schema\\\/person\\\/38100755ce3601861ee4fab9b5aa78e9\"},\"alternateName\":\"blogdoprosperi.com\",\"potentialAction\":[{\"@type\":\"SearchAction\",\"target\":{\"@type\":\"EntryPoint\",\"urlTemplate\":\"https:\\\/\\\/blogdoprosperi.com\\\/?s={search_term_string}\"},\"query-input\":{\"@type\":\"PropertyValueSpecification\",\"valueRequired\":true,\"valueName\":\"search_term_string\"}}],\"inLanguage\":\"pt-BR\"},{\"@type\":[\"Person\",\"Organization\"],\"@id\":\"https:\\\/\\\/blogdoprosperi.com\\\/#\\\/schema\\\/person\\\/38100755ce3601861ee4fab9b5aa78e9\",\"name\":\"Luiz Ant\u00f4nio Pr\u00f3speri\",\"pronouns\":\"ele\",\"image\":{\"@type\":\"ImageObject\",\"inLanguage\":\"pt-BR\",\"@id\":\"https:\\\/\\\/i0.wp.com\\\/blogdoprosperi.com\\\/wp-content\\\/uploads\\\/2026\\\/05\\\/cropped-8059e613-6002-42fa-961e-8e275f575d71-2-5.jpg?fit=1360%2C931&ssl=1\",\"url\":\"https:\\\/\\\/i0.wp.com\\\/blogdoprosperi.com\\\/wp-content\\\/uploads\\\/2026\\\/05\\\/cropped-8059e613-6002-42fa-961e-8e275f575d71-2-5.jpg?fit=1360%2C931&ssl=1\",\"contentUrl\":\"https:\\\/\\\/i0.wp.com\\\/blogdoprosperi.com\\\/wp-content\\\/uploads\\\/2026\\\/05\\\/cropped-8059e613-6002-42fa-961e-8e275f575d71-2-5.jpg?fit=1360%2C931&ssl=1\",\"width\":1360,\"height\":931,\"caption\":\"Luiz Ant\u00f4nio Pr\u00f3speri\"},\"logo\":{\"@id\":\"https:\\\/\\\/i0.wp.com\\\/blogdoprosperi.com\\\/wp-content\\\/uploads\\\/2026\\\/05\\\/cropped-8059e613-6002-42fa-961e-8e275f575d71-2-5.jpg?fit=1360%2C931&ssl=1\"},\"description\":\"Jornalista com carreira dedicada ao esporte. Cobriu 9 Copas do Mundo in loco, 1990 na It\u00e1lia, 1994 nos EUA, 1998 na Fran\u00e7a, 2002 na Coreia do Sul e Jap\u00e3o, 2006 na Alemanha, 2010 na \u00c1frica do Sul, 2014 no Brasil, 2018 na R\u00fassia e 2022 no Qatar. Eurocopas, 1992 na Su\u00e9cia e 1996 na Inglaterra. Copa das Confedera\u00e7\u00f5es de 2005 na Alemanha e 2009 na \u00c1frica do Sul. Rep\u00f3rter e Editor, trabalhou no Jornal da Tarde e Estad\u00e3o, de 1984 a fevereiro de 2016. Colunista, blogueiro. E comentarista de futebol na R\u00e1dio Estad\u00e3o, de 2013 a fevereiro de 2016. Jornalista respons\u00e1vel do \\\"Pr\u00f3speri News\\\" (blogdoprosperi.com).\",\"sameAs\":[\"http:\\\/\\\/blogdoprosperi.com\",\"Luiz Pr\u00f3speri\",\"@luiz_prosperi\",\"https:\\\/\\\/x.com\\\/Luizprosperi\",\"@prosperinacopa\",\"luiz.prosperi@icloud.com\"],\"url\":\"https:\\\/\\\/blogdoprosperi.com\\\/?author=102107496\"}]}<\/script>\n<!-- \/ Yoast SEO plugin. -->","yoast_head_json":{"title":"Treinadores Argentinos Medrosos Inibem S\u00e3o Paulo, Atl\u00e9tico-MG e Fortaleza nas Copas - PR\u00d3SPERI NEWS","robots":{"index":"index","follow":"follow","max-snippet":"max-snippet:-1","max-image-preview":"max-image-preview:large","max-video-preview":"max-video-preview:-1"},"canonical":"https:\/\/blogdoprosperi.com\/?p=45377","og_locale":"pt_BR","og_type":"article","og_title":"Treinadores Argentinos Medrosos Inibem S\u00e3o Paulo, Atl\u00e9tico-MG e Fortaleza nas Copas - PR\u00d3SPERI NEWS","og_description":"Luiz Ant\u00f4nio Pr\u00f3speri &#8211; 19 setembro (15h25) S\u00e3o Paulo, Atl\u00e9tico MG e Fortaleza n\u00e3o jogam futebol prazeroso de [&hellip;]","og_url":"https:\/\/blogdoprosperi.com\/?p=45377","og_site_name":"PR\u00d3SPERI NEWS","article_publisher":"Luiz Pr\u00f3speri","article_author":"Luiz Pr\u00f3speri","article_published_time":"2024-09-19T18:23:34+00:00","article_modified_time":"2024-09-19T18:55:20+00:00","og_image":[{"width":992,"height":846,"url":"https:\/\/i0.wp.com\/blogdoprosperi.com\/wp-content\/uploads\/2024\/09\/captura-de-tela-2024-09-19-as-12.50.08.png?fit=992%2C846&ssl=1","type":"image\/png"}],"author":"Luiz Ant\u00f4nio Pr\u00f3speri","twitter_card":"summary_large_image","twitter_creator":"@Luizprosperi","twitter_site":"@Luizprosperi","twitter_misc":{"Escrito por":"Luiz Ant\u00f4nio Pr\u00f3speri","Est. tempo de leitura":"2 minutos"},"schema":{"@context":"https:\/\/schema.org","@graph":[{"@type":"Article","@id":"https:\/\/blogdoprosperi.com\/?p=45377#article","isPartOf":{"@id":"https:\/\/blogdoprosperi.com\/?p=45377"},"author":{"name":"Luiz Ant\u00f4nio Pr\u00f3speri","@id":"https:\/\/blogdoprosperi.com\/#\/schema\/person\/38100755ce3601861ee4fab9b5aa78e9"},"headline":"Treinadores Argentinos Medrosos Inibem S\u00e3o Paulo, Atl\u00e9tico-MG e Fortaleza nas Copas","datePublished":"2024-09-19T18:23:34+00:00","dateModified":"2024-09-19T18:55:20+00:00","mainEntityOfPage":{"@id":"https:\/\/blogdoprosperi.com\/?p=45377"},"wordCount":472,"commentCount":0,"publisher":{"@id":"https:\/\/blogdoprosperi.com\/#\/schema\/person\/38100755ce3601861ee4fab9b5aa78e9"},"image":{"@id":"https:\/\/blogdoprosperi.com\/?p=45377#primaryimage"},"thumbnailUrl":"https:\/\/i0.wp.com\/blogdoprosperi.com\/wp-content\/uploads\/2024\/09\/captura-de-tela-2024-09-19-as-12.50.08.png?fit=992%2C846&ssl=1","keywords":["futebol"],"articleSection":["futebol"],"inLanguage":"pt-BR","potentialAction":[{"@type":"CommentAction","name":"Comment","target":["https:\/\/blogdoprosperi.com\/?p=45377#respond"]}]},{"@type":"WebPage","@id":"https:\/\/blogdoprosperi.com\/?p=45377","url":"https:\/\/blogdoprosperi.com\/?p=45377","name":"Treinadores Argentinos Medrosos Inibem S\u00e3o Paulo, Atl\u00e9tico-MG e Fortaleza nas Copas - PR\u00d3SPERI NEWS","isPartOf":{"@id":"https:\/\/blogdoprosperi.com\/#website"},"primaryImageOfPage":{"@id":"https:\/\/blogdoprosperi.com\/?p=45377#primaryimage"},"image":{"@id":"https:\/\/blogdoprosperi.com\/?p=45377#primaryimage"},"thumbnailUrl":"https:\/\/i0.wp.com\/blogdoprosperi.com\/wp-content\/uploads\/2024\/09\/captura-de-tela-2024-09-19-as-12.50.08.png?fit=992%2C846&ssl=1","datePublished":"2024-09-19T18:23:34+00:00","dateModified":"2024-09-19T18:55:20+00:00","breadcrumb":{"@id":"https:\/\/blogdoprosperi.com\/?p=45377#breadcrumb"},"inLanguage":"pt-BR","potentialAction":[{"@type":"ReadAction","target":["https:\/\/blogdoprosperi.com\/?p=45377"]}]},{"@type":"ImageObject","inLanguage":"pt-BR","@id":"https:\/\/blogdoprosperi.com\/?p=45377#primaryimage","url":"https:\/\/i0.wp.com\/blogdoprosperi.com\/wp-content\/uploads\/2024\/09\/captura-de-tela-2024-09-19-as-12.50.08.png?fit=992%2C846&ssl=1","contentUrl":"https:\/\/i0.wp.com\/blogdoprosperi.com\/wp-content\/uploads\/2024\/09\/captura-de-tela-2024-09-19-as-12.50.08.png?fit=992%2C846&ssl=1","width":992,"height":846,"caption":"Vojvoda \u2013 foto: Fortaleza oficial"},{"@type":"BreadcrumbList","@id":"https:\/\/blogdoprosperi.com\/?p=45377#breadcrumb","itemListElement":[{"@type":"ListItem","position":1,"name":"In\u00edcio","item":"https:\/\/blogdoprosperi.com\/"},{"@type":"ListItem","position":2,"name":"Treinadores Argentinos Medrosos Inibem S\u00e3o Paulo, Atl\u00e9tico-MG e Fortaleza nas Copas"}]},{"@type":"WebSite","@id":"https:\/\/blogdoprosperi.com\/#website","url":"https:\/\/blogdoprosperi.com\/","name":"PR\u00d3SPERI NEWS","description":"TUDO \u00c9  FUTEBOL","publisher":{"@id":"https:\/\/blogdoprosperi.com\/#\/schema\/person\/38100755ce3601861ee4fab9b5aa78e9"},"alternateName":"blogdoprosperi.com","potentialAction":[{"@type":"SearchAction","target":{"@type":"EntryPoint","urlTemplate":"https:\/\/blogdoprosperi.com\/?s={search_term_string}"},"query-input":{"@type":"PropertyValueSpecification","valueRequired":true,"valueName":"search_term_string"}}],"inLanguage":"pt-BR"},{"@type":["Person","Organization"],"@id":"https:\/\/blogdoprosperi.com\/#\/schema\/person\/38100755ce3601861ee4fab9b5aa78e9","name":"Luiz Ant\u00f4nio Pr\u00f3speri","pronouns":"ele","image":{"@type":"ImageObject","inLanguage":"pt-BR","@id":"https:\/\/i0.wp.com\/blogdoprosperi.com\/wp-content\/uploads\/2026\/05\/cropped-8059e613-6002-42fa-961e-8e275f575d71-2-5.jpg?fit=1360%2C931&ssl=1","url":"https:\/\/i0.wp.com\/blogdoprosperi.com\/wp-content\/uploads\/2026\/05\/cropped-8059e613-6002-42fa-961e-8e275f575d71-2-5.jpg?fit=1360%2C931&ssl=1","contentUrl":"https:\/\/i0.wp.com\/blogdoprosperi.com\/wp-content\/uploads\/2026\/05\/cropped-8059e613-6002-42fa-961e-8e275f575d71-2-5.jpg?fit=1360%2C931&ssl=1","width":1360,"height":931,"caption":"Luiz Ant\u00f4nio Pr\u00f3speri"},"logo":{"@id":"https:\/\/i0.wp.com\/blogdoprosperi.com\/wp-content\/uploads\/2026\/05\/cropped-8059e613-6002-42fa-961e-8e275f575d71-2-5.jpg?fit=1360%2C931&ssl=1"},"description":"Jornalista com carreira dedicada ao esporte. Cobriu 9 Copas do Mundo in loco, 1990 na It\u00e1lia, 1994 nos EUA, 1998 na Fran\u00e7a, 2002 na Coreia do Sul e Jap\u00e3o, 2006 na Alemanha, 2010 na \u00c1frica do Sul, 2014 no Brasil, 2018 na R\u00fassia e 2022 no Qatar. Eurocopas, 1992 na Su\u00e9cia e 1996 na Inglaterra. Copa das Confedera\u00e7\u00f5es de 2005 na Alemanha e 2009 na \u00c1frica do Sul. Rep\u00f3rter e Editor, trabalhou no Jornal da Tarde e Estad\u00e3o, de 1984 a fevereiro de 2016. Colunista, blogueiro. E comentarista de futebol na R\u00e1dio Estad\u00e3o, de 2013 a fevereiro de 2016. Jornalista respons\u00e1vel do \"Pr\u00f3speri News\" (blogdoprosperi.com).","sameAs":["http:\/\/blogdoprosperi.com","Luiz Pr\u00f3speri","@luiz_prosperi","https:\/\/x.com\/Luizprosperi","@prosperinacopa","luiz.prosperi@icloud.com"],"url":"https:\/\/blogdoprosperi.com\/?author=102107496"}]}},"jetpack_publicize_connections":[],"jetpack_likes_enabled":false,"jetpack_sharing_enabled":true,"jetpack_shortlink":"https:\/\/wp.me\/p7jvdk-bNT","jetpack-related-posts":[{"id":49457,"url":"https:\/\/blogdoprosperi.com\/?p=49457","url_meta":{"origin":45377,"position":0},"title":"Argentina Assume Poder no Futebol Sul-Americano","author":"Luiz Ant\u00f4nio Pr\u00f3speri","date":"2 de abril de 2025","format":false,"excerpt":"Vit\u00f3ria na Libertadores do Racing diante do Fortaleza \u00e9 a s\u00edntese de uma decad\u00eancia do futebol brasileiro e nova ascens\u00e3o da Argentina Clubes brasileiros, cheios de dinheiro e economia mais forte do pa\u00eds, conseguem se impor na Libertadores. E refor\u00e7am nossa arrog\u00e2ncia Luiz Ant\u00f4nio Pr\u00f3speri \u2013 2 abril (00h49) \u2013\u2026","rel":"","context":"Em &quot;futebol&quot;","block_context":{"text":"futebol","link":"https:\/\/blogdoprosperi.com\/?cat=53870"},"img":{"alt_text":"","src":"https:\/\/i0.wp.com\/blogdoprosperi.com\/wp-content\/uploads\/2025\/04\/screenshot_472.jpg?fit=598%2C448&ssl=1&resize=350%2C200","width":350,"height":200,"srcset":"https:\/\/i0.wp.com\/blogdoprosperi.com\/wp-content\/uploads\/2025\/04\/screenshot_472.jpg?fit=598%2C448&ssl=1&resize=350%2C200 1x, https:\/\/i0.wp.com\/blogdoprosperi.com\/wp-content\/uploads\/2025\/04\/screenshot_472.jpg?fit=598%2C448&ssl=1&resize=525%2C300 1.5x"},"classes":[]},{"id":55225,"url":"https:\/\/blogdoprosperi.com\/?p=55225","url_meta":{"origin":45377,"position":1},"title":"#Cr\u00f4nicaSab\u00e1tica #32 | Argentinos Tomam Conta do Brasil","author":"Luiz Ant\u00f4nio Pr\u00f3speri","date":"4 de outubro de 2025","format":false,"excerpt":"Luiz Ant\u00f4nio Pr\u00f3speri \u2013 4 outubro 2025 (09h59) \u2013 Argentina convoca Flaco Lopez e An\u00edbal Moreno do Palmeiras para amistosos contra Venezuela e Porto Rico na data Fifa desse in\u00edcio de outubro. Quem diria, dois argentinos jogando no futebol brasileiro a servi\u00e7o da atual sele\u00e7\u00e3o campe\u00e3 do mundo. N\u00e3o \u00e9\u2026","rel":"","context":"Em &quot;brasileir\u00e3o 2025&quot;","block_context":{"text":"brasileir\u00e3o 2025","link":"https:\/\/blogdoprosperi.com\/?cat=775970846"},"img":{"alt_text":"An\u00edbal Moreno e Flaco Lopez convocados Argentina","src":"https:\/\/i0.wp.com\/blogdoprosperi.com\/wp-content\/uploads\/2025\/10\/captura-de-tela-2025-10-04-as-01.41.50.png?fit=1026%2C582&ssl=1&resize=350%2C200","width":350,"height":200,"srcset":"https:\/\/i0.wp.com\/blogdoprosperi.com\/wp-content\/uploads\/2025\/10\/captura-de-tela-2025-10-04-as-01.41.50.png?fit=1026%2C582&ssl=1&resize=350%2C200 1x, https:\/\/i0.wp.com\/blogdoprosperi.com\/wp-content\/uploads\/2025\/10\/captura-de-tela-2025-10-04-as-01.41.50.png?fit=1026%2C582&ssl=1&resize=525%2C300 1.5x, https:\/\/i0.wp.com\/blogdoprosperi.com\/wp-content\/uploads\/2025\/10\/captura-de-tela-2025-10-04-as-01.41.50.png?fit=1026%2C582&ssl=1&resize=700%2C400 2x"},"classes":[]},{"id":44770,"url":"https:\/\/blogdoprosperi.com\/?p=44770","url_meta":{"origin":45377,"position":2},"title":"Libertadores 2024: Futebol Carioca Mostra For\u00e7a com Flamengo, Botafogo e Fluminense Classificados","author":"Luiz Ant\u00f4nio Pr\u00f3speri","date":"23 de agosto de 2024","format":false,"excerpt":"Luiz Ant\u00f4nio Pr\u00f3speri \u2013 23 agosto (00h42) Libertadores 2024 conhece os oito classificados \u00e0s quartas de final. Dos cinco brasileiros que avan\u00e7am, futebol carioca ter\u00e1 tr\u00eas representantes (Flamengo, Botafogo e Fluminense). Primeira vez na hist\u00f3ria da Libertadores que uma cidade, no caso Rio de Janeiro, tem tr\u00eas clubes na fase\u2026","rel":"","context":"Em &quot;futebol&quot;","block_context":{"text":"futebol","link":"https:\/\/blogdoprosperi.com\/?cat=53870"},"img":{"alt_text":"Botafogo lidera janela de transfer\u00eancia Brasileir\u00e3o","src":"https:\/\/i0.wp.com\/blogdoprosperi.com\/wp-content\/uploads\/2024\/08\/53939474383_d4131fa0d5_k.jpg?fit=1200%2C800&ssl=1&resize=350%2C200","width":350,"height":200,"srcset":"https:\/\/i0.wp.com\/blogdoprosperi.com\/wp-content\/uploads\/2024\/08\/53939474383_d4131fa0d5_k.jpg?fit=1200%2C800&ssl=1&resize=350%2C200 1x, https:\/\/i0.wp.com\/blogdoprosperi.com\/wp-content\/uploads\/2024\/08\/53939474383_d4131fa0d5_k.jpg?fit=1200%2C800&ssl=1&resize=525%2C300 1.5x, https:\/\/i0.wp.com\/blogdoprosperi.com\/wp-content\/uploads\/2024\/08\/53939474383_d4131fa0d5_k.jpg?fit=1200%2C800&ssl=1&resize=700%2C400 2x, https:\/\/i0.wp.com\/blogdoprosperi.com\/wp-content\/uploads\/2024\/08\/53939474383_d4131fa0d5_k.jpg?fit=1200%2C800&ssl=1&resize=1050%2C600 3x"},"classes":[]},{"id":41366,"url":"https:\/\/blogdoprosperi.com\/?p=41366","url_meta":{"origin":45377,"position":3},"title":"Sele\u00e7\u00e3o Brasileira: Palmeiras pode ajudar CBF na escolha do sucessor de Tite","author":"Luiz Ant\u00f4nio Pr\u00f3speri","date":"2 de fevereiro de 2023","format":false,"excerpt":"CBF vive drama na escolha do novo t\u00e9cnico da Sele\u00e7\u00e3o Brasileira. Se Abel Ferreira n\u00e3o pode, por que n\u00e3o Paulo Victor, do Sub-20 do Palmeiras, campe\u00e3o de tudo? Mira exemplo da Argentina, campe\u00e3 da Copa 2022.","rel":"","context":"Em &quot;Campeonato Brasileiro&quot;","block_context":{"text":"Campeonato Brasileiro","link":"https:\/\/blogdoprosperi.com\/?cat=355071"},"img":{"alt_text":"","src":"https:\/\/i0.wp.com\/blogdoprosperi.com\/wp-content\/uploads\/2023\/02\/pv-trabalhou-na-selecao-de-2017-a-2021.jpg?fit=1200%2C800&ssl=1&resize=350%2C200","width":350,"height":200,"srcset":"https:\/\/i0.wp.com\/blogdoprosperi.com\/wp-content\/uploads\/2023\/02\/pv-trabalhou-na-selecao-de-2017-a-2021.jpg?fit=1200%2C800&ssl=1&resize=350%2C200 1x, https:\/\/i0.wp.com\/blogdoprosperi.com\/wp-content\/uploads\/2023\/02\/pv-trabalhou-na-selecao-de-2017-a-2021.jpg?fit=1200%2C800&ssl=1&resize=525%2C300 1.5x, https:\/\/i0.wp.com\/blogdoprosperi.com\/wp-content\/uploads\/2023\/02\/pv-trabalhou-na-selecao-de-2017-a-2021.jpg?fit=1200%2C800&ssl=1&resize=700%2C400 2x, https:\/\/i0.wp.com\/blogdoprosperi.com\/wp-content\/uploads\/2023\/02\/pv-trabalhou-na-selecao-de-2017-a-2021.jpg?fit=1200%2C800&ssl=1&resize=1050%2C600 3x"},"classes":[]},{"id":6489,"url":"https:\/\/blogdoprosperi.com\/?p=6489","url_meta":{"origin":45377,"position":4},"title":"S\u00e3o Paulo vai encarar o melhor time da Libertadores","author":"Luiz Ant\u00f4nio Pr\u00f3speri","date":"20 de maio de 2016","format":false,"excerpt":"O S\u00e3o Paulo n\u00e3o ter\u00e1 vida f\u00e1cil na semifinais da Copa Libertadores. Despachou o favorito Atl\u00e9tico-MG nas quartas e vai encarar o Atl\u00e9tico Nacional, de Medell\u00edn, um time atrevido, que gosta de futebol, e tem a seu favor um est\u00e1dio inflamado sempre lotado com 50 mil torcedores. N\u00e3o h\u00e1 grade\u2026","rel":"","context":"Em &quot;futebol&quot;","block_context":{"text":"futebol","link":"https:\/\/blogdoprosperi.com\/?cat=53870"},"img":{"alt_text":"","src":"https:\/\/i0.wp.com\/blogdoprosperi.com\/wp-content\/uploads\/2016\/05\/1614110.jpeg?resize=350%2C200&ssl=1","width":350,"height":200,"srcset":"https:\/\/i0.wp.com\/blogdoprosperi.com\/wp-content\/uploads\/2016\/05\/1614110.jpeg?resize=350%2C200&ssl=1 1x, https:\/\/i0.wp.com\/blogdoprosperi.com\/wp-content\/uploads\/2016\/05\/1614110.jpeg?resize=525%2C300&ssl=1 1.5x"},"classes":[]},{"id":53374,"url":"https:\/\/blogdoprosperi.com\/?p=53374","url_meta":{"origin":45377,"position":5},"title":"Brasileir\u00e3o 2025, De Volta \u00e0 Terra Batida | Entenda a 13.\u00aa Rodada","author":"Luiz Ant\u00f4nio Pr\u00f3speri","date":"14 de julho de 2025","format":false,"excerpt":"\u2295 Gramados entupidos de areia, t\u00e9cnico demitido, arbitragens de baixa qualidade e gols espetaculares \u2295 Crise interna de t\u00e9cnico x \u00eddolo, chilique de estrangeiro, treinador dando gra\u00e7as a Deus depois de derrota Luiz Ant\u00f4nio Pr\u00f3speri \u2013 14 julho (18h10) Brasileir\u00e3o 2025 n\u00e3o muda absolutamente nada depois de 30 dias paralisado\u2026","rel":"","context":"Em &quot;brasileir\u00e3o 2025&quot;","block_context":{"text":"brasileir\u00e3o 2025","link":"https:\/\/blogdoprosperi.com\/?cat=775970846"},"img":{"alt_text":"Vojvoda cai o t\u00e9cnico longevo no Fortaleza","src":"https:\/\/i0.wp.com\/blogdoprosperi.com\/wp-content\/uploads\/2024\/09\/captura-de-tela-2024-09-19-as-12.50.08.png?fit=992%2C846&ssl=1&resize=350%2C200","width":350,"height":200,"srcset":"https:\/\/i0.wp.com\/blogdoprosperi.com\/wp-content\/uploads\/2024\/09\/captura-de-tela-2024-09-19-as-12.50.08.png?fit=992%2C846&ssl=1&resize=350%2C200 1x, https:\/\/i0.wp.com\/blogdoprosperi.com\/wp-content\/uploads\/2024\/09\/captura-de-tela-2024-09-19-as-12.50.08.png?fit=992%2C846&ssl=1&resize=525%2C300 1.5x, https:\/\/i0.wp.com\/blogdoprosperi.com\/wp-content\/uploads\/2024\/09\/captura-de-tela-2024-09-19-as-12.50.08.png?fit=992%2C846&ssl=1&resize=700%2C400 2x"},"classes":[]}],"jetpack_featured_media_url":"https:\/\/i0.wp.com\/blogdoprosperi.com\/wp-content\/uploads\/2024\/09\/captura-de-tela-2024-09-19-as-12.50.08.png?fit=992%2C846&ssl=1","_links":{"self":[{"href":"https:\/\/blogdoprosperi.com\/index.php?rest_route=\/wp\/v2\/posts\/45377","targetHints":{"allow":["GET"]}}],"collection":[{"href":"https:\/\/blogdoprosperi.com\/index.php?rest_route=\/wp\/v2\/posts"}],"about":[{"href":"https:\/\/blogdoprosperi.com\/index.php?rest_route=\/wp\/v2\/types\/post"}],"author":[{"embeddable":true,"href":"https:\/\/blogdoprosperi.com\/index.php?rest_route=\/wp\/v2\/users\/102107496"}],"replies":[{"embeddable":true,"href":"https:\/\/blogdoprosperi.com\/index.php?rest_route=%2Fwp%2Fv2%2Fcomments&post=45377"}],"version-history":[{"count":8,"href":"https:\/\/blogdoprosperi.com\/index.php?rest_route=\/wp\/v2\/posts\/45377\/revisions"}],"predecessor-version":[{"id":45388,"href":"https:\/\/blogdoprosperi.com\/index.php?rest_route=\/wp\/v2\/posts\/45377\/revisions\/45388"}],"wp:featuredmedia":[{"embeddable":true,"href":"https:\/\/blogdoprosperi.com\/index.php?rest_route=\/wp\/v2\/media\/45380"}],"wp:attachment":[{"href":"https:\/\/blogdoprosperi.com\/index.php?rest_route=%2Fwp%2Fv2%2Fmedia&parent=45377"}],"wp:term":[{"taxonomy":"category","embeddable":true,"href":"https:\/\/blogdoprosperi.com\/index.php?rest_route=%2Fwp%2Fv2%2Fcategories&post=45377"},{"taxonomy":"post_tag","embeddable":true,"href":"https:\/\/blogdoprosperi.com\/index.php?rest_route=%2Fwp%2Fv2%2Ftags&post=45377"}],"curies":[{"name":"wp","href":"https:\/\/api.w.org\/{rel}","templated":true}]}}