{"id":45452,"date":"2024-09-23T13:12:41","date_gmt":"2024-09-23T16:12:41","guid":{"rendered":"https:\/\/blogdoprosperi.com\/?p=45452"},"modified":"2024-09-23T15:22:53","modified_gmt":"2024-09-23T18:22:53","slug":"brasileirao-5-analises-da-27a-rodada-palmeiras-caca-botafogo-e-a-volta-de-fernando-diniz","status":"publish","type":"post","link":"https:\/\/blogdoprosperi.com\/?p=45452","title":{"rendered":"Brasileir\u00e3o | An\u00e1lise: 5 Temas da 27.\u00aa Rodada com Palmeiras \u00e0 Ca\u00e7a do Botafogo e a Volta de Fernando Diniz"},"content":{"rendered":"<p>Luiz Ant\u00f4nio Pr\u00f3speri \u2013 23 setembro (13h05)<\/p>\n<p><em>Palmeiras vence Vasco e n\u00e3o desgruda do Botafogo. Cruzeiro troca t\u00e9cnico Fernando Seabra por Fernando Diniz, de volta ao futebol ap\u00f3s demiss\u00e3o no Fluminense e Sele\u00e7\u00e3o Brasileira. Flamengo, por decreto, e S\u00e3o Paulo, por fraqueza, desistem do Brasileir\u00e3o. Confira 5 pontos de discuss\u00e3o da 27.\u00aa rodada:<\/em><\/p>\n<h1>1<\/h1>\n<pre>PALMEIRAS SE RECUSA A FACILITAR VIDA DO L\u00cdDER BOTAFOGO, \u2029FELIPE MELLO N\u00c3O<\/pre>\n<p>Palmeiras continua grudado no Botafogo, 56 a 53 pontos. Se recusa a dar tr\u00e9gua ao l\u00edder. No Man\u00e9 Garrincha, em Bras\u00edlia, com pouco mais de 64 mil torcedores (recorde de p\u00fablico no Brasileir\u00e3o) e renda de R$ 7 milh\u00f5es, time de Abel Ferreira passa sem muito esfor\u00e7o contra o Vasco, apesar do modesto 1 a 0. Seguro. Sem Estev\u00e3o, Abel usa Veiga na ponta-direita, construindo no ataque, e Mauricio na meia. Funcionou. Boa not\u00edcia, atua\u00e7\u00e3o de Giay na lateral. Flaco Lopez fez o gol e assume vice-lideran\u00e7a da artilharia do campeonato com 9 gols. Se o Palmeiras faz a sua parte, Botafogo tamb\u00e9m. Time carioca deve muito a Felipe Melo, que, numa pixotada, entrega o gol a um minuto final.<\/p>\n<h1>2<\/h1>\n<pre>CRUZEIRO RESGATA FERNANDO DINIZ<\/pre>\n<p>Cruzeiro despede Fernando Seabra ap\u00f3s empate sem gols diante do vice-lanterna Cuiab\u00e1 na \u00e1rida Arena Pantanal. Sa\u00edda de Seabra estava anunciada desde a derrota para os reservas do S\u00e3o Paulo semana passada. Dono da SAF do Cruzeiro j\u00e1 procurava nome de respeito no mercado, entendendo que Seabra ainda \u00e9 um aprendiz. E contrata Diniz. Por estilo e caracter\u00edstica, Fernando Diniz n\u00e3o atua como bombeiro quando um time, na reta final de temporada, precisa de socorro. Por outro lado, \u00e9 de se comemorar a volta de um treinador que pelo menos tenta fazer algo diferente no futebol brasileiro. Demitido de forma injusta no Fluminense e Sele\u00e7\u00e3o Brasileira, Diniz tem em m\u00e3os um bom time e jogadores de alto n\u00edvel.<\/p>\n<h1>3<\/h1>\n<pre>DERROTADOS, S\u00c3O PAULO E FLAMENGO DESISTEM DO BRASILEIR\u00c3O<\/pre>\n<p>Antes de enfrentar o Gr\u00eamio, Flamengo divulga uma nota afirmando que levaria time inteiro de reservas ao Sul e preservaria titulares treinando no Rio para o jogo decisivo contra Pe\u00f1arol na Libertadores. Por decreto, anunciou a desist\u00eancia do Brasileir\u00e3o e ficou mais patente com a derrota (3 a 2) para o Gr\u00eamio. S\u00e3o Paulo n\u00e3o assina nem divulga nenhuma nota oficial, como fez o Flamengo, mas escala novamente os reservas e leva uma sova (3 a 1) do Internacional no Morumbis. Mesma t\u00e1tica de poupar energia para o confronto diante do Botafogo pela Libertadores na quarta-feira em casa. Reservas de Zubeld\u00eda n\u00e3o aguentam o tranco. Longe de Botafogo e Palmeiras, pode se dizer que nem Flamengo nem S\u00e3o Paulo v\u00e3o brigar pelo t\u00edtulo. Torcedores se penduram agora nas Copas (Libertadores e Copa do Brasil).<\/p>\n<h1>4<\/h1>\n<pre>ROMERO ABRE AS PORTAS PARA MEMPHIS DESFRUSTAR DO CORINTHIANS<\/pre>\n<p>Arena Neo Qu\u00edmica, em Itaquera, recebe 45 mil torcedores para ver a estreia de Memphis Depay e empurrar o Corinthians contra o lanterna Atl\u00e9tico-GO \u2013 jogo direto na luta contra rebaixamento. Festa aberta, quem faz as honras da casa \u00e9 um velho conhecido da Fiel: Romero. Paraguaio faz primeiro gol e abre caminho da vit\u00f3ria por 3 a 0. Resultado confort\u00e1vel para Memphis sair do banco e desfrutar da atmosfera de alegria na arena. Entra na metade do segundo tempo. Tem espor\u00e1dicos bons lances, suficiente para conquistar a torcida. Apesar da vit\u00f3ria, Corinthians ainda continua na zona da degola do Brasileir\u00e3o.<\/p>\n<h1>5<\/h1>\n<pre>GRUPO CITY BANCA CENI NO BAHIA, \u2029APESAR DE JOGOS MED\u00cdOCRES<\/pre>\n<p>Rogerio Ceni continua firme e forte no comando do Bahia, mesmo ap\u00f3s ser surrado (4 a 1) por um time misto do Fortaleza no Castel\u00e3o. Fora das Copas e s\u00f3 com o Brasileir\u00e3o a disputar, time de Ceni n\u00e3o vai. Ensaia grandes jogos, mas n\u00e3o vinga. \u00c9 o sexto colocado no campeonato. Grupo City, dono do Manchester City de Guardiola, comprou a SAF do Bahia em 2023. Investiu forte em refor\u00e7os, sustentou Ceni sem entrar na ciranda de troca de treinadores a cada sequ\u00eancia ruim de resultados, mas mesmo sim o Bahia n\u00e3o decola. Bom para o Fortaleza. Goleada infla o time que vai a S\u00e3o Paulo enfrentar o Corinthians no jogo de volta das quartas de final da Copa Sul-Americana. Precisa reverter desvantagem de dois gols para avan\u00e7ar \u00e0s semifinais.<\/p>\n<p>&nbsp;<\/p>\n<hr>\n<p><strong>GALERIA FOTOS DA 27.\u00aa RODADA<\/strong><\/p>\n<div class=\"tiled-gallery type-rectangular tiled-gallery-unresized\" data-original-width=\"940\" data-carousel-extra='{&quot;blog_id&quot;:1,&quot;permalink&quot;:&quot;https:\\\/\\\/blogdoprosperi.com\\\/?p=45452&quot;,&quot;likes_blog_id&quot;:108082574}' itemscope itemtype=\"http:\/\/schema.org\/ImageGallery\" > <div class=\"gallery-row\" style=\"width: 940px; height: 637px;\" data-original-width=\"940\" data-original-height=\"637\" > <div class=\"gallery-group images-3\" style=\"width: 318px; height: 637px;\" data-original-width=\"318\" data-original-height=\"637\" > <div class=\"tiled-gallery-item tiled-gallery-item-large\" itemprop=\"associatedMedia\" itemscope itemtype=\"http:\/\/schema.org\/ImageObject\"> <a href=\"https:\/\/blogdoprosperi.com\/?attachment_id=45463\" border=\"0\" itemprop=\"url\"> <meta itemprop=\"width\" content=\"314\"> <meta itemprop=\"height\" content=\"206\"> <img decoding=\"async\" class=\"\" data-attachment-id=\"45463\" data-orig-file=\"https:\/\/blogdoprosperi.com\/wp-content\/uploads\/2024\/09\/captura-de-tela-2024-09-23-as-12.04.33.png\" data-orig-size=\"1342,882\" data-comments-opened=\"1\" data-image-meta=\"{&quot;aperture&quot;:&quot;0&quot;,&quot;credit&quot;:&quot;&quot;,&quot;camera&quot;:&quot;&quot;,&quot;caption&quot;:&quot;&quot;,&quot;created_timestamp&quot;:&quot;0&quot;,&quot;copyright&quot;:&quot;&quot;,&quot;focal_length&quot;:&quot;0&quot;,&quot;iso&quot;:&quot;0&quot;,&quot;shutter_speed&quot;:&quot;0&quot;,&quot;title&quot;:&quot;&quot;,&quot;orientation&quot;:&quot;0&quot;}\" data-image-title=\"Captura de Tela 2024-09-23 \u00e0s 12.04.33\" data-image-description=\"\" data-medium-file=\"https:\/\/i0.wp.com\/blogdoprosperi.com\/wp-content\/uploads\/2024\/09\/captura-de-tela-2024-09-23-as-12.04.33.png?fit=575%2C378&#038;ssl=1\" data-large-file=\"https:\/\/i0.wp.com\/blogdoprosperi.com\/wp-content\/uploads\/2024\/09\/captura-de-tela-2024-09-23-as-12.04.33.png?fit=940%2C618&#038;ssl=1\" src=\"https:\/\/i0.wp.com\/blogdoprosperi.com\/wp-content\/uploads\/2024\/09\/captura-de-tela-2024-09-23-as-12.04.33.png?w=314&#038;h=206&#038;ssl=1\" width=\"314\" height=\"206\" loading=\"lazy\" data-original-width=\"314\" data-original-height=\"206\" itemprop=\"http:\/\/schema.org\/image\" title=\"Captura de Tela 2024-09-23 \u00e0s 12.04.33\" alt=\"Luciano - foto: spfc\" style=\"width: 314px; height: 206px;\" \/> <\/a> <div class=\"tiled-gallery-caption\" itemprop=\"caption description\"> Luciano &#8211; foto: spfc <\/div> <\/div> <div class=\"tiled-gallery-item tiled-gallery-item-large\" itemprop=\"associatedMedia\" itemscope itemtype=\"http:\/\/schema.org\/ImageObject\"> <a href=\"https:\/\/blogdoprosperi.com\/?attachment_id=45466\" border=\"0\" itemprop=\"url\"> <meta itemprop=\"width\" content=\"314\"> <meta itemprop=\"height\" content=\"209\"> <img decoding=\"async\" class=\"\" data-attachment-id=\"45466\" data-orig-file=\"https:\/\/blogdoprosperi.com\/wp-content\/uploads\/2024\/09\/lg-noticias-gra-mio-vence-o-flamengo-por-3-a-2-pela-27a-rodada-do-brasileira-o-40934.jpg\" data-orig-size=\"2047,1365\" data-comments-opened=\"1\" data-image-meta=\"{&quot;aperture&quot;:&quot;0&quot;,&quot;credit&quot;:&quot;&quot;,&quot;camera&quot;:&quot;&quot;,&quot;caption&quot;:&quot;&quot;,&quot;created_timestamp&quot;:&quot;0&quot;,&quot;copyright&quot;:&quot;&quot;,&quot;focal_length&quot;:&quot;0&quot;,&quot;iso&quot;:&quot;0&quot;,&quot;shutter_speed&quot;:&quot;0&quot;,&quot;title&quot;:&quot;&quot;,&quot;orientation&quot;:&quot;0&quot;}\" data-image-title=\"lg-noticias-gra-mio-vence-o-flamengo-por-3-a-2-pela-27a&amp;#8211;rodada-do-brasileira-o-40934\" data-image-description=\"\" data-medium-file=\"https:\/\/i0.wp.com\/blogdoprosperi.com\/wp-content\/uploads\/2024\/09\/lg-noticias-gra-mio-vence-o-flamengo-por-3-a-2-pela-27a-rodada-do-brasileira-o-40934.jpg?fit=567%2C378&#038;ssl=1\" data-large-file=\"https:\/\/i0.wp.com\/blogdoprosperi.com\/wp-content\/uploads\/2024\/09\/lg-noticias-gra-mio-vence-o-flamengo-por-3-a-2-pela-27a-rodada-do-brasileira-o-40934.jpg?fit=940%2C627&#038;ssl=1\" src=\"https:\/\/i0.wp.com\/blogdoprosperi.com\/wp-content\/uploads\/2024\/09\/lg-noticias-gra-mio-vence-o-flamengo-por-3-a-2-pela-27a-rodada-do-brasileira-o-40934.jpg?w=314&#038;h=209&#038;ssl=1\" width=\"314\" height=\"209\" loading=\"lazy\" data-original-width=\"314\" data-original-height=\"209\" itemprop=\"http:\/\/schema.org\/image\" title=\"lg-noticias-gra-mio-vence-o-flamengo-por-3-a-2-pela-27a--rodada-do-brasileira-o-40934\" alt=\"Cristaldo \u2013 foto: Gr\u00eamio\" style=\"width: 314px; height: 209px;\" \/> <\/a> <div class=\"tiled-gallery-caption\" itemprop=\"caption description\"> Cristaldo \u2013 foto: Gr\u00eamio <\/div> <\/div> <div class=\"tiled-gallery-item tiled-gallery-item-large\" itemprop=\"associatedMedia\" itemscope itemtype=\"http:\/\/schema.org\/ImageObject\"> <a href=\"https:\/\/blogdoprosperi.com\/?attachment_id=45462\" border=\"0\" itemprop=\"url\"> <meta itemprop=\"width\" content=\"314\"> <meta itemprop=\"height\" content=\"210\"> <img decoding=\"async\" class=\"\" data-attachment-id=\"45462\" data-orig-file=\"https:\/\/blogdoprosperi.com\/wp-content\/uploads\/2024\/09\/54011050917_e28b754def_c.jpg\" data-orig-size=\"799,533\" data-comments-opened=\"1\" data-image-meta=\"{&quot;aperture&quot;:&quot;0&quot;,&quot;credit&quot;:&quot;&quot;,&quot;camera&quot;:&quot;&quot;,&quot;caption&quot;:&quot;&quot;,&quot;created_timestamp&quot;:&quot;0&quot;,&quot;copyright&quot;:&quot;&quot;,&quot;focal_length&quot;:&quot;0&quot;,&quot;iso&quot;:&quot;0&quot;,&quot;shutter_speed&quot;:&quot;0&quot;,&quot;title&quot;:&quot;&quot;,&quot;orientation&quot;:&quot;0&quot;}\" data-image-title=\"54011050917_e28b754def_c\" data-image-description=\"\" data-medium-file=\"https:\/\/i0.wp.com\/blogdoprosperi.com\/wp-content\/uploads\/2024\/09\/54011050917_e28b754def_c.jpg?fit=567%2C378&#038;ssl=1\" data-large-file=\"https:\/\/i0.wp.com\/blogdoprosperi.com\/wp-content\/uploads\/2024\/09\/54011050917_e28b754def_c.jpg?fit=799%2C533&#038;ssl=1\" src=\"https:\/\/i0.wp.com\/blogdoprosperi.com\/wp-content\/uploads\/2024\/09\/54011050917_e28b754def_c.jpg?w=314&#038;h=210&#038;ssl=1\" width=\"314\" height=\"210\" loading=\"lazy\" data-original-width=\"314\" data-original-height=\"210\" itemprop=\"http:\/\/schema.org\/image\" title=\"54011050917_e28b754def_c\" alt=\"Everton Ribeiro \u2013 foto: Bahia\" style=\"width: 314px; height: 210px;\" \/> <\/a> <div class=\"tiled-gallery-caption\" itemprop=\"caption description\"> Everton Ribeiro \u2013 foto: Bahia <\/div> <\/div> <\/div> <!-- close group --> <div class=\"gallery-group images-1\" style=\"width: 622px; height: 637px;\" data-original-width=\"622\" data-original-height=\"637\" > <div class=\"tiled-gallery-item tiled-gallery-item-large\" itemprop=\"associatedMedia\" itemscope itemtype=\"http:\/\/schema.org\/ImageObject\"> <a href=\"https:\/\/blogdoprosperi.com\/?attachment_id=45464\" border=\"0\" itemprop=\"url\"> <meta itemprop=\"width\" content=\"618\"> <meta itemprop=\"height\" content=\"633\"> <img decoding=\"async\" class=\"\" data-attachment-id=\"45464\" data-orig-file=\"https:\/\/blogdoprosperi.com\/wp-content\/uploads\/2024\/09\/460521713_1106182247537805_6433951006317524897_n.jpg\" data-orig-size=\"1440,1474\" data-comments-opened=\"1\" data-image-meta=\"{&quot;aperture&quot;:&quot;0&quot;,&quot;credit&quot;:&quot;&quot;,&quot;camera&quot;:&quot;&quot;,&quot;caption&quot;:&quot;&quot;,&quot;created_timestamp&quot;:&quot;0&quot;,&quot;copyright&quot;:&quot;&quot;,&quot;focal_length&quot;:&quot;0&quot;,&quot;iso&quot;:&quot;0&quot;,&quot;shutter_speed&quot;:&quot;0&quot;,&quot;title&quot;:&quot;&quot;,&quot;orientation&quot;:&quot;0&quot;}\" data-image-title=\"460521713_1106182247537805_6433951006317524897_n\" data-image-description=\"\" data-medium-file=\"https:\/\/i0.wp.com\/blogdoprosperi.com\/wp-content\/uploads\/2024\/09\/460521713_1106182247537805_6433951006317524897_n.jpg?fit=369%2C378&#038;ssl=1\" data-large-file=\"https:\/\/i0.wp.com\/blogdoprosperi.com\/wp-content\/uploads\/2024\/09\/460521713_1106182247537805_6433951006317524897_n.jpg?fit=940%2C962&#038;ssl=1\" src=\"https:\/\/i0.wp.com\/blogdoprosperi.com\/wp-content\/uploads\/2024\/09\/460521713_1106182247537805_6433951006317524897_n.jpg?w=618&#038;h=633&#038;ssl=1\" width=\"618\" height=\"633\" loading=\"lazy\" data-original-width=\"618\" data-original-height=\"633\" itemprop=\"http:\/\/schema.org\/image\" title=\"460521713_1106182247537805_6433951006317524897_n\" alt=\"Romero - foto: Corinthians\" style=\"width: 618px; height: 633px;\" \/> <\/a> <div class=\"tiled-gallery-caption\" itemprop=\"caption description\"> Romero &#8211; foto: Corinthians <\/div> <\/div> <\/div> <!-- close group --> <\/div> <!-- close row --> <div class=\"gallery-row\" style=\"width: 940px; height: 408px;\" data-original-width=\"940\" data-original-height=\"408\" > <div class=\"gallery-group images-1\" style=\"width: 611px; height: 408px;\" data-original-width=\"611\" data-original-height=\"408\" > <div class=\"tiled-gallery-item tiled-gallery-item-large\" itemprop=\"associatedMedia\" itemscope itemtype=\"http:\/\/schema.org\/ImageObject\"> <a href=\"https:\/\/blogdoprosperi.com\/?attachment_id=45468\" border=\"0\" itemprop=\"url\"> <meta itemprop=\"width\" content=\"607\"> <meta itemprop=\"height\" content=\"404\"> <img decoding=\"async\" class=\"\" data-attachment-id=\"45468\" data-orig-file=\"https:\/\/blogdoprosperi.com\/wp-content\/uploads\/2024\/09\/download-1.jpg\" data-orig-size=\"1600,1064\" data-comments-opened=\"1\" data-image-meta=\"{&quot;aperture&quot;:&quot;0&quot;,&quot;credit&quot;:&quot;&quot;,&quot;camera&quot;:&quot;&quot;,&quot;caption&quot;:&quot;&quot;,&quot;created_timestamp&quot;:&quot;0&quot;,&quot;copyright&quot;:&quot;&quot;,&quot;focal_length&quot;:&quot;0&quot;,&quot;iso&quot;:&quot;0&quot;,&quot;shutter_speed&quot;:&quot;0&quot;,&quot;title&quot;:&quot;&quot;,&quot;orientation&quot;:&quot;0&quot;}\" data-image-title=\"download-1\" data-image-description=\"\" data-medium-file=\"https:\/\/i0.wp.com\/blogdoprosperi.com\/wp-content\/uploads\/2024\/09\/download-1.jpg?fit=568%2C378&#038;ssl=1\" data-large-file=\"https:\/\/i0.wp.com\/blogdoprosperi.com\/wp-content\/uploads\/2024\/09\/download-1.jpg?fit=940%2C625&#038;ssl=1\" src=\"https:\/\/i0.wp.com\/blogdoprosperi.com\/wp-content\/uploads\/2024\/09\/download-1.jpg?w=607&#038;h=404&#038;ssl=1\" width=\"607\" height=\"404\" loading=\"lazy\" data-original-width=\"607\" data-original-height=\"404\" itemprop=\"http:\/\/schema.org\/image\" title=\"download-1\" alt=\"Alcaraz - foto: Flamengo\" style=\"width: 607px; height: 404px;\" \/> <\/a> <div class=\"tiled-gallery-caption\" itemprop=\"caption description\"> Alcaraz &#8211; foto: Flamengo <\/div> <\/div> <\/div> <!-- close group --> <div class=\"gallery-group images-2\" style=\"width: 329px; height: 408px;\" data-original-width=\"329\" data-original-height=\"408\" > <div class=\"tiled-gallery-item tiled-gallery-item-large\" itemprop=\"associatedMedia\" itemscope itemtype=\"http:\/\/schema.org\/ImageObject\"> <a href=\"https:\/\/blogdoprosperi.com\/?attachment_id=45467\" border=\"0\" itemprop=\"url\"> <meta itemprop=\"width\" content=\"325\"> <meta itemprop=\"height\" content=\"217\"> <img decoding=\"async\" class=\"\" data-attachment-id=\"45467\" data-orig-file=\"https:\/\/blogdoprosperi.com\/wp-content\/uploads\/2024\/09\/img_2639-2048x1365-1.jpg\" data-orig-size=\"2048,1365\" data-comments-opened=\"1\" data-image-meta=\"{&quot;aperture&quot;:&quot;1.8&quot;,&quot;credit&quot;:&quot;ricardo duarte&quot;,&quot;camera&quot;:&quot;Canon EOS R7&quot;,&quot;caption&quot;:&quot;&quot;,&quot;created_timestamp&quot;:&quot;1727045369&quot;,&quot;copyright&quot;:&quot;&quot;,&quot;focal_length&quot;:&quot;50&quot;,&quot;iso&quot;:&quot;4000&quot;,&quot;shutter_speed&quot;:&quot;0.0008&quot;,&quot;title&quot;:&quot;&quot;,&quot;orientation&quot;:&quot;0&quot;}\" data-image-title=\"IMG_2639-2048&amp;#215;1365\" data-image-description=\"\" data-medium-file=\"https:\/\/i0.wp.com\/blogdoprosperi.com\/wp-content\/uploads\/2024\/09\/img_2639-2048x1365-1.jpg?fit=567%2C378&#038;ssl=1\" data-large-file=\"https:\/\/i0.wp.com\/blogdoprosperi.com\/wp-content\/uploads\/2024\/09\/img_2639-2048x1365-1.jpg?fit=940%2C627&#038;ssl=1\" src=\"https:\/\/i0.wp.com\/blogdoprosperi.com\/wp-content\/uploads\/2024\/09\/img_2639-2048x1365-1.jpg?w=325&#038;h=217&#038;ssl=1\" width=\"325\" height=\"217\" loading=\"lazy\" data-original-width=\"325\" data-original-height=\"217\" itemprop=\"http:\/\/schema.org\/image\" title=\"IMG_2639-2048x1365\" alt=\"Internacional - foto: Inter\" style=\"width: 325px; height: 217px;\" \/> <\/a> <div class=\"tiled-gallery-caption\" itemprop=\"caption description\"> Internacional &#8211; foto: Inter <\/div> <\/div> <div class=\"tiled-gallery-item tiled-gallery-item-large\" itemprop=\"associatedMedia\" itemscope itemtype=\"http:\/\/schema.org\/ImageObject\"> <a href=\"https:\/\/blogdoprosperi.com\/?attachment_id=45461\" border=\"0\" itemprop=\"url\"> <meta itemprop=\"width\" content=\"325\"> <meta itemprop=\"height\" content=\"183\"> <img decoding=\"async\" class=\"\" data-attachment-id=\"45461\" data-orig-file=\"https:\/\/blogdoprosperi.com\/wp-content\/uploads\/2024\/09\/fernando-diniz-e-anunciado-no-cruzeiro.jpg\" data-orig-size=\"1920,1080\" data-comments-opened=\"1\" data-image-meta=\"{&quot;aperture&quot;:&quot;0&quot;,&quot;credit&quot;:&quot;&quot;,&quot;camera&quot;:&quot;&quot;,&quot;caption&quot;:&quot;&quot;,&quot;created_timestamp&quot;:&quot;0&quot;,&quot;copyright&quot;:&quot;&quot;,&quot;focal_length&quot;:&quot;0&quot;,&quot;iso&quot;:&quot;0&quot;,&quot;shutter_speed&quot;:&quot;0&quot;,&quot;title&quot;:&quot;&quot;,&quot;orientation&quot;:&quot;1&quot;}\" data-image-title=\"fernando-diniz-e-anunciado-no-cruzeiro\" data-image-description=\"\" data-medium-file=\"https:\/\/i0.wp.com\/blogdoprosperi.com\/wp-content\/uploads\/2024\/09\/fernando-diniz-e-anunciado-no-cruzeiro.jpg?fit=650%2C366&#038;ssl=1\" data-large-file=\"https:\/\/i0.wp.com\/blogdoprosperi.com\/wp-content\/uploads\/2024\/09\/fernando-diniz-e-anunciado-no-cruzeiro.jpg?fit=940%2C529&#038;ssl=1\" src=\"https:\/\/i0.wp.com\/blogdoprosperi.com\/wp-content\/uploads\/2024\/09\/fernando-diniz-e-anunciado-no-cruzeiro.jpg?w=325&#038;h=183&#038;ssl=1\" width=\"325\" height=\"183\" loading=\"lazy\" data-original-width=\"325\" data-original-height=\"183\" itemprop=\"http:\/\/schema.org\/image\" title=\"fernando-diniz-e-anunciado-no-cruzeiro\" alt=\"Fernando Diniz - foto: Cruzeiro\" style=\"width: 325px; height: 183px;\" \/> <\/a> <div class=\"tiled-gallery-caption\" itemprop=\"caption description\"> Fernando Diniz &#8211; foto: Cruzeiro <\/div> <\/div> <\/div> <!-- close group --> <\/div> <!-- close row --> <div class=\"gallery-row\" style=\"width: 940px; height: 467px;\" data-original-width=\"940\" data-original-height=\"467\" > <div class=\"gallery-group images-1\" style=\"width: 940px; height: 467px;\" data-original-width=\"940\" data-original-height=\"467\" > <div class=\"tiled-gallery-item tiled-gallery-item-large\" itemprop=\"associatedMedia\" itemscope itemtype=\"http:\/\/schema.org\/ImageObject\"> <a href=\"https:\/\/blogdoprosperi.com\/?attachment_id=45465\" border=\"0\" itemprop=\"url\"> <meta itemprop=\"width\" content=\"936\"> <meta itemprop=\"height\" content=\"463\"> <img decoding=\"async\" class=\"\" data-attachment-id=\"45465\" data-orig-file=\"https:\/\/blogdoprosperi.com\/wp-content\/uploads\/2024\/09\/ed5a0ddac8ed47a3abcf00b6a7d10b77.jpg\" data-orig-size=\"1250,618\" data-comments-opened=\"1\" data-image-meta=\"{&quot;aperture&quot;:&quot;0&quot;,&quot;credit&quot;:&quot;&quot;,&quot;camera&quot;:&quot;&quot;,&quot;caption&quot;:&quot;&quot;,&quot;created_timestamp&quot;:&quot;0&quot;,&quot;copyright&quot;:&quot;&quot;,&quot;focal_length&quot;:&quot;0&quot;,&quot;iso&quot;:&quot;0&quot;,&quot;shutter_speed&quot;:&quot;0&quot;,&quot;title&quot;:&quot;&quot;,&quot;orientation&quot;:&quot;0&quot;}\" data-image-title=\"\" data-image-description=\"\" data-medium-file=\"https:\/\/i0.wp.com\/blogdoprosperi.com\/wp-content\/uploads\/2024\/09\/ed5a0ddac8ed47a3abcf00b6a7d10b77.jpg?fit=650%2C321&#038;ssl=1\" data-large-file=\"https:\/\/i0.wp.com\/blogdoprosperi.com\/wp-content\/uploads\/2024\/09\/ed5a0ddac8ed47a3abcf00b6a7d10b77.jpg?fit=940%2C465&#038;ssl=1\" src=\"https:\/\/i0.wp.com\/blogdoprosperi.com\/wp-content\/uploads\/2024\/09\/ed5a0ddac8ed47a3abcf00b6a7d10b77.jpg?w=936&#038;h=463&#038;ssl=1\" width=\"936\" height=\"463\" loading=\"lazy\" data-original-width=\"936\" data-original-height=\"463\" itemprop=\"http:\/\/schema.org\/image\" title=\"\" alt=\"Luiz Henrique - foto: Botafogo\" style=\"width: 936px; height: 463px;\" \/> <\/a> <div class=\"tiled-gallery-caption\" itemprop=\"caption description\"> Luiz Henrique &#8211; foto: Botafogo <\/div> <\/div> <\/div> <!-- close group --> <\/div> <!-- close row --> <div class=\"gallery-row\" style=\"width: 940px; height: 383px;\" data-original-width=\"940\" data-original-height=\"383\" > <div class=\"gallery-group images-1\" style=\"width: 329px; height: 383px;\" data-original-width=\"329\" data-original-height=\"383\" > <div class=\"tiled-gallery-item tiled-gallery-item-large\" itemprop=\"associatedMedia\" itemscope itemtype=\"http:\/\/schema.org\/ImageObject\"> <a href=\"https:\/\/blogdoprosperi.com\/?attachment_id=45444\" border=\"0\" itemprop=\"url\"> <meta itemprop=\"width\" content=\"325\"> <meta itemprop=\"height\" content=\"379\"> <img decoding=\"async\" class=\"\" data-attachment-id=\"45444\" data-orig-file=\"https:\/\/blogdoprosperi.com\/wp-content\/uploads\/2024\/09\/54014301116_62bb6ed689_c.jpg\" data-orig-size=\"685,800\" data-comments-opened=\"1\" data-image-meta=\"{&quot;aperture&quot;:&quot;0&quot;,&quot;credit&quot;:&quot;CESAR GRECO&quot;,&quot;camera&quot;:&quot;&quot;,&quot;caption&quot;:&quot;&quot;,&quot;created_timestamp&quot;:&quot;0&quot;,&quot;copyright&quot;:&quot;CESAR GRECO&quot;,&quot;focal_length&quot;:&quot;0&quot;,&quot;iso&quot;:&quot;0&quot;,&quot;shutter_speed&quot;:&quot;0&quot;,&quot;title&quot;:&quot;&quot;,&quot;orientation&quot;:&quot;0&quot;}\" data-image-title=\"Richard Rios, atra\u00e7\u00e3o do Palmeiras\" data-image-description=\"\" data-medium-file=\"https:\/\/i0.wp.com\/blogdoprosperi.com\/wp-content\/uploads\/2024\/09\/54014301116_62bb6ed689_c.jpg?fit=324%2C378&#038;ssl=1\" data-large-file=\"https:\/\/i0.wp.com\/blogdoprosperi.com\/wp-content\/uploads\/2024\/09\/54014301116_62bb6ed689_c.jpg?fit=685%2C800&#038;ssl=1\" src=\"https:\/\/i0.wp.com\/blogdoprosperi.com\/wp-content\/uploads\/2024\/09\/54014301116_62bb6ed689_c.jpg?w=325&#038;h=379&#038;ssl=1\" width=\"325\" height=\"379\" loading=\"lazy\" data-original-width=\"325\" data-original-height=\"379\" itemprop=\"http:\/\/schema.org\/image\" title=\"Richard Rios, atra\u00e7\u00e3o do Palmeiras\" alt=\"Richard Rios - foto: Palmeiras\" style=\"width: 325px; height: 379px;\" \/> <\/a> <div class=\"tiled-gallery-caption\" itemprop=\"caption description\"> Richard Rios &#8211; foto: Palmeiras <\/div> <\/div> <\/div> <!-- close group --> <div class=\"gallery-group images-1\" style=\"width: 611px; height: 383px;\" data-original-width=\"611\" data-original-height=\"383\" > <div class=\"tiled-gallery-item tiled-gallery-item-large\" itemprop=\"associatedMedia\" itemscope itemtype=\"http:\/\/schema.org\/ImageObject\"> <a href=\"https:\/\/blogdoprosperi.com\/?attachment_id=45396\" border=\"0\" itemprop=\"url\"> <meta itemprop=\"width\" content=\"607\"> <meta itemprop=\"height\" content=\"379\"> <img decoding=\"async\" class=\"\" data-attachment-id=\"45396\" data-orig-file=\"https:\/\/blogdoprosperi.com\/wp-content\/uploads\/2024\/09\/tite-flamengo-libertadores-1.webp\" data-orig-size=\"640,400\" data-comments-opened=\"1\" data-image-meta=\"{&quot;aperture&quot;:&quot;0&quot;,&quot;credit&quot;:&quot;&quot;,&quot;camera&quot;:&quot;&quot;,&quot;caption&quot;:&quot;&quot;,&quot;created_timestamp&quot;:&quot;0&quot;,&quot;copyright&quot;:&quot;&quot;,&quot;focal_length&quot;:&quot;0&quot;,&quot;iso&quot;:&quot;0&quot;,&quot;shutter_speed&quot;:&quot;0&quot;,&quot;title&quot;:&quot;&quot;,&quot;orientation&quot;:&quot;0&quot;}\" data-image-title=\"Tite em baixa no Flamengo\" data-image-description=\"\" data-medium-file=\"https:\/\/i0.wp.com\/blogdoprosperi.com\/wp-content\/uploads\/2024\/09\/tite-flamengo-libertadores-1.webp?fit=605%2C378&#038;ssl=1\" data-large-file=\"https:\/\/i0.wp.com\/blogdoprosperi.com\/wp-content\/uploads\/2024\/09\/tite-flamengo-libertadores-1.webp?fit=640%2C400&#038;ssl=1\" src=\"https:\/\/i0.wp.com\/blogdoprosperi.com\/wp-content\/uploads\/2024\/09\/tite-flamengo-libertadores-1.webp?w=607&#038;h=379&#038;ssl=1\" width=\"607\" height=\"379\" loading=\"lazy\" data-original-width=\"607\" data-original-height=\"379\" itemprop=\"http:\/\/schema.org\/image\" title=\"Tite em baixa no Flamengo\" alt=\"Pe\u00f1arol vence Flamengo e complica Tite\" style=\"width: 607px; height: 379px;\" \/> <\/a> <div class=\"tiled-gallery-caption\" itemprop=\"caption description\"> Tite &#8211; foto: Flamengo <\/div> <\/div> <\/div> <!-- close group --> <\/div> <!-- close row --> <\/div>\n","protected":false},"excerpt":{"rendered":"<p>Luiz Ant\u00f4nio Pr\u00f3speri \u2013 23 setembro (13h05) Palmeiras vence Vasco e n\u00e3o desgruda do Botafogo. Cruzeiro troca t\u00e9cnico [&hellip;]<\/p>\n","protected":false},"author":102107496,"featured_media":45450,"comment_status":"open","ping_status":"open","sticky":false,"template":"","format":"standard","meta":{"_coblocks_attr":"","_coblocks_dimensions":"","_coblocks_responsive_height":"","_coblocks_accordion_ie_support":"","_jetpack_newsletter_access":"","_jetpack_dont_email_post_to_subs":false,"_jetpack_newsletter_tier_id":0,"_jetpack_memberships_contains_paywalled_content":false,"_wpcom_ai_launchpad_first_post":false,"_jetpack_feature_clip_id":0,"_jetpack_memberships_contains_paid_content":false,"footnotes":"","jetpack_publicize_message":"","jetpack_publicize_feature_enabled":true,"jetpack_social_post_already_shared":false,"jetpack_social_options":{"image_generator_settings":{"template":"highway","default_image_id":0,"font":"","enabled":false},"version":2},"jetpack_post_was_ever_published":false},"categories":[53870,3919],"tags":[4200771,342801,539815003,521771,14166513,449299,789560560,789560573,36727513,9124083],"class_list":["post-45452","post","type-post","status-publish","format-standard","has-post-thumbnail","hentry","category-futebol","category-opiniao","tag-abel-ferreira","tag-botafogo","tag-brasileirao-27a-rodada","tag-cruzeiro","tag-fernando-diniz","tag-flamengo","tag-futebol","tag-luiz-antonio-prosperi","tag-rogerio-ceni-2","tag-zubeldia"],"yoast_head":"<!-- This site is optimized with the Yoast SEO plugin v28.3 - https:\/\/yoast.com\/product\/yoast-seo-wordpress\/ -->\n<title>Brasileir\u00e3o | An\u00e1lise: 5 Temas da 27.\u00aa Rodada com Palmeiras \u00e0 Ca\u00e7a do Botafogo e a Volta de Fernando Diniz - PR\u00d3SPERI NEWS<\/title>\n<meta name=\"robots\" content=\"index, follow, max-snippet:-1, max-image-preview:large, max-video-preview:-1\" \/>\n<link rel=\"canonical\" href=\"https:\/\/blogdoprosperi.com\/?p=45452\" \/>\n<meta property=\"og:locale\" content=\"pt_BR\" \/>\n<meta property=\"og:type\" content=\"article\" \/>\n<meta property=\"og:title\" content=\"Brasileir\u00e3o | An\u00e1lise: 5 Temas da 27.\u00aa Rodada com Palmeiras \u00e0 Ca\u00e7a do Botafogo e a Volta de Fernando Diniz - PR\u00d3SPERI NEWS\" \/>\n<meta property=\"og:description\" content=\"Luiz Ant\u00f4nio Pr\u00f3speri \u2013 23 setembro (13h05) Palmeiras vence Vasco e n\u00e3o desgruda do Botafogo. Cruzeiro troca t\u00e9cnico [&hellip;]\" \/>\n<meta property=\"og:url\" content=\"https:\/\/blogdoprosperi.com\/?p=45452\" \/>\n<meta property=\"og:site_name\" content=\"PR\u00d3SPERI NEWS\" \/>\n<meta property=\"article:publisher\" content=\"Luiz Pr\u00f3speri\" \/>\n<meta property=\"article:author\" content=\"Luiz Pr\u00f3speri\" \/>\n<meta property=\"article:published_time\" content=\"2024-09-23T16:12:41+00:00\" \/>\n<meta property=\"article:modified_time\" content=\"2024-09-23T18:22:53+00:00\" \/>\n<meta property=\"og:image\" content=\"https:\/\/i0.wp.com\/blogdoprosperi.com\/wp-content\/uploads\/2024\/09\/54014048711_628f7cda8c_c.jpg?fit=710%2C800&ssl=1\" \/>\n\t<meta property=\"og:image:width\" content=\"710\" \/>\n\t<meta property=\"og:image:height\" content=\"800\" \/>\n\t<meta property=\"og:image:type\" content=\"image\/jpeg\" \/>\n<meta name=\"author\" content=\"Luiz Ant\u00f4nio Pr\u00f3speri\" \/>\n<meta name=\"twitter:card\" content=\"summary_large_image\" \/>\n<meta name=\"twitter:creator\" content=\"@Luizprosperi\" \/>\n<meta name=\"twitter:site\" content=\"@Luizprosperi\" \/>\n<meta name=\"twitter:label1\" content=\"Escrito por\" \/>\n\t<meta name=\"twitter:data1\" content=\"Luiz Ant\u00f4nio Pr\u00f3speri\" \/>\n\t<meta name=\"twitter:label2\" content=\"Est. tempo de leitura\" \/>\n\t<meta name=\"twitter:data2\" content=\"4 minutos\" \/>\n<script type=\"application\/ld+json\" class=\"yoast-schema-graph\">{\"@context\":\"https:\\\/\\\/schema.org\",\"@graph\":[{\"@type\":\"Article\",\"@id\":\"https:\\\/\\\/blogdoprosperi.com\\\/?p=45452#article\",\"isPartOf\":{\"@id\":\"https:\\\/\\\/blogdoprosperi.com\\\/?p=45452\"},\"author\":{\"name\":\"Luiz Ant\u00f4nio Pr\u00f3speri\",\"@id\":\"https:\\\/\\\/blogdoprosperi.com\\\/#\\\/schema\\\/person\\\/38100755ce3601861ee4fab9b5aa78e9\"},\"headline\":\"Brasileir\u00e3o | An\u00e1lise: 5 Temas da 27.\u00aa Rodada com Palmeiras \u00e0 Ca\u00e7a do Botafogo e a Volta de Fernando Diniz\",\"datePublished\":\"2024-09-23T16:12:41+00:00\",\"dateModified\":\"2024-09-23T18:22:53+00:00\",\"mainEntityOfPage\":{\"@id\":\"https:\\\/\\\/blogdoprosperi.com\\\/?p=45452\"},\"wordCount\":719,\"commentCount\":0,\"publisher\":{\"@id\":\"https:\\\/\\\/blogdoprosperi.com\\\/#\\\/schema\\\/person\\\/38100755ce3601861ee4fab9b5aa78e9\"},\"image\":{\"@id\":\"https:\\\/\\\/blogdoprosperi.com\\\/?p=45452#primaryimage\"},\"thumbnailUrl\":\"https:\\\/\\\/i0.wp.com\\\/blogdoprosperi.com\\\/wp-content\\\/uploads\\\/2024\\\/09\\\/54014048711_628f7cda8c_c.jpg?fit=710%2C800&ssl=1\",\"keywords\":[\"abel ferreira\",\"Botafogo\",\"brasileir\u00e3o 27\u00aa rodada\",\"Cruzeiro\",\"Fernando Diniz\",\"Flamengo\",\"futebol\",\"Luiz Ant\u00f4nio Pr\u00f3speri\",\"Rogerio Ceni\",\"zubeldia\"],\"articleSection\":[\"futebol\",\"opini\u00e3o\"],\"inLanguage\":\"pt-BR\",\"potentialAction\":[{\"@type\":\"CommentAction\",\"name\":\"Comment\",\"target\":[\"https:\\\/\\\/blogdoprosperi.com\\\/?p=45452#respond\"]}]},{\"@type\":\"WebPage\",\"@id\":\"https:\\\/\\\/blogdoprosperi.com\\\/?p=45452\",\"url\":\"https:\\\/\\\/blogdoprosperi.com\\\/?p=45452\",\"name\":\"Brasileir\u00e3o | An\u00e1lise: 5 Temas da 27.\u00aa Rodada com Palmeiras \u00e0 Ca\u00e7a do Botafogo e a Volta de Fernando Diniz - PR\u00d3SPERI NEWS\",\"isPartOf\":{\"@id\":\"https:\\\/\\\/blogdoprosperi.com\\\/#website\"},\"primaryImageOfPage\":{\"@id\":\"https:\\\/\\\/blogdoprosperi.com\\\/?p=45452#primaryimage\"},\"image\":{\"@id\":\"https:\\\/\\\/blogdoprosperi.com\\\/?p=45452#primaryimage\"},\"thumbnailUrl\":\"https:\\\/\\\/i0.wp.com\\\/blogdoprosperi.com\\\/wp-content\\\/uploads\\\/2024\\\/09\\\/54014048711_628f7cda8c_c.jpg?fit=710%2C800&ssl=1\",\"datePublished\":\"2024-09-23T16:12:41+00:00\",\"dateModified\":\"2024-09-23T18:22:53+00:00\",\"breadcrumb\":{\"@id\":\"https:\\\/\\\/blogdoprosperi.com\\\/?p=45452#breadcrumb\"},\"inLanguage\":\"pt-BR\",\"potentialAction\":[{\"@type\":\"ReadAction\",\"target\":[\"https:\\\/\\\/blogdoprosperi.com\\\/?p=45452\"]}]},{\"@type\":\"ImageObject\",\"inLanguage\":\"pt-BR\",\"@id\":\"https:\\\/\\\/blogdoprosperi.com\\\/?p=45452#primaryimage\",\"url\":\"https:\\\/\\\/i0.wp.com\\\/blogdoprosperi.com\\\/wp-content\\\/uploads\\\/2024\\\/09\\\/54014048711_628f7cda8c_c.jpg?fit=710%2C800&ssl=1\",\"contentUrl\":\"https:\\\/\\\/i0.wp.com\\\/blogdoprosperi.com\\\/wp-content\\\/uploads\\\/2024\\\/09\\\/54014048711_628f7cda8c_c.jpg?fit=710%2C800&ssl=1\",\"width\":710,\"height\":800,\"caption\":\"Abel Ferreira \u2013 foto: Palmeiras oficial\"},{\"@type\":\"BreadcrumbList\",\"@id\":\"https:\\\/\\\/blogdoprosperi.com\\\/?p=45452#breadcrumb\",\"itemListElement\":[{\"@type\":\"ListItem\",\"position\":1,\"name\":\"In\u00edcio\",\"item\":\"https:\\\/\\\/blogdoprosperi.com\\\/\"},{\"@type\":\"ListItem\",\"position\":2,\"name\":\"Brasileir\u00e3o | An\u00e1lise: 5 Temas da 27.\u00aa Rodada com Palmeiras \u00e0 Ca\u00e7a do Botafogo e a Volta de Fernando Diniz\"}]},{\"@type\":\"WebSite\",\"@id\":\"https:\\\/\\\/blogdoprosperi.com\\\/#website\",\"url\":\"https:\\\/\\\/blogdoprosperi.com\\\/\",\"name\":\"PR\u00d3SPERI NEWS\",\"description\":\"TUDO \u00c9  FUTEBOL\",\"publisher\":{\"@id\":\"https:\\\/\\\/blogdoprosperi.com\\\/#\\\/schema\\\/person\\\/38100755ce3601861ee4fab9b5aa78e9\"},\"alternateName\":\"blogdoprosperi.com\",\"potentialAction\":[{\"@type\":\"SearchAction\",\"target\":{\"@type\":\"EntryPoint\",\"urlTemplate\":\"https:\\\/\\\/blogdoprosperi.com\\\/?s={search_term_string}\"},\"query-input\":{\"@type\":\"PropertyValueSpecification\",\"valueRequired\":true,\"valueName\":\"search_term_string\"}}],\"inLanguage\":\"pt-BR\"},{\"@type\":[\"Person\",\"Organization\"],\"@id\":\"https:\\\/\\\/blogdoprosperi.com\\\/#\\\/schema\\\/person\\\/38100755ce3601861ee4fab9b5aa78e9\",\"name\":\"Luiz Ant\u00f4nio Pr\u00f3speri\",\"pronouns\":\"ele\",\"image\":{\"@type\":\"ImageObject\",\"inLanguage\":\"pt-BR\",\"@id\":\"https:\\\/\\\/i0.wp.com\\\/blogdoprosperi.com\\\/wp-content\\\/uploads\\\/2026\\\/05\\\/cropped-8059e613-6002-42fa-961e-8e275f575d71-2-5.jpg?fit=1360%2C931&ssl=1\",\"url\":\"https:\\\/\\\/i0.wp.com\\\/blogdoprosperi.com\\\/wp-content\\\/uploads\\\/2026\\\/05\\\/cropped-8059e613-6002-42fa-961e-8e275f575d71-2-5.jpg?fit=1360%2C931&ssl=1\",\"contentUrl\":\"https:\\\/\\\/i0.wp.com\\\/blogdoprosperi.com\\\/wp-content\\\/uploads\\\/2026\\\/05\\\/cropped-8059e613-6002-42fa-961e-8e275f575d71-2-5.jpg?fit=1360%2C931&ssl=1\",\"width\":1360,\"height\":931,\"caption\":\"Luiz Ant\u00f4nio Pr\u00f3speri\"},\"logo\":{\"@id\":\"https:\\\/\\\/i0.wp.com\\\/blogdoprosperi.com\\\/wp-content\\\/uploads\\\/2026\\\/05\\\/cropped-8059e613-6002-42fa-961e-8e275f575d71-2-5.jpg?fit=1360%2C931&ssl=1\"},\"description\":\"Jornalista com carreira dedicada ao esporte. Cobriu 9 Copas do Mundo in loco, 1990 na It\u00e1lia, 1994 nos EUA, 1998 na Fran\u00e7a, 2002 na Coreia do Sul e Jap\u00e3o, 2006 na Alemanha, 2010 na \u00c1frica do Sul, 2014 no Brasil, 2018 na R\u00fassia e 2022 no Qatar. Eurocopas, 1992 na Su\u00e9cia e 1996 na Inglaterra. Copa das Confedera\u00e7\u00f5es de 2005 na Alemanha e 2009 na \u00c1frica do Sul. Rep\u00f3rter e Editor, trabalhou no Jornal da Tarde e Estad\u00e3o, de 1984 a fevereiro de 2016. Colunista, blogueiro. E comentarista de futebol na R\u00e1dio Estad\u00e3o, de 2013 a fevereiro de 2016. Jornalista respons\u00e1vel do \\\"Pr\u00f3speri News\\\" (blogdoprosperi.com).\",\"sameAs\":[\"http:\\\/\\\/blogdoprosperi.com\",\"Luiz Pr\u00f3speri\",\"@luiz_prosperi\",\"https:\\\/\\\/x.com\\\/Luizprosperi\",\"@prosperinacopa\",\"luiz.prosperi@icloud.com\"],\"url\":\"https:\\\/\\\/blogdoprosperi.com\\\/?author=102107496\"}]}<\/script>\n<!-- \/ Yoast SEO plugin. -->","yoast_head_json":{"title":"Brasileir\u00e3o | An\u00e1lise: 5 Temas da 27.\u00aa Rodada com Palmeiras \u00e0 Ca\u00e7a do Botafogo e a Volta de Fernando Diniz - PR\u00d3SPERI NEWS","robots":{"index":"index","follow":"follow","max-snippet":"max-snippet:-1","max-image-preview":"max-image-preview:large","max-video-preview":"max-video-preview:-1"},"canonical":"https:\/\/blogdoprosperi.com\/?p=45452","og_locale":"pt_BR","og_type":"article","og_title":"Brasileir\u00e3o | An\u00e1lise: 5 Temas da 27.\u00aa Rodada com Palmeiras \u00e0 Ca\u00e7a do Botafogo e a Volta de Fernando Diniz - PR\u00d3SPERI NEWS","og_description":"Luiz Ant\u00f4nio Pr\u00f3speri \u2013 23 setembro (13h05) Palmeiras vence Vasco e n\u00e3o desgruda do Botafogo. Cruzeiro troca t\u00e9cnico [&hellip;]","og_url":"https:\/\/blogdoprosperi.com\/?p=45452","og_site_name":"PR\u00d3SPERI NEWS","article_publisher":"Luiz Pr\u00f3speri","article_author":"Luiz Pr\u00f3speri","article_published_time":"2024-09-23T16:12:41+00:00","article_modified_time":"2024-09-23T18:22:53+00:00","og_image":[{"width":710,"height":800,"url":"https:\/\/i0.wp.com\/blogdoprosperi.com\/wp-content\/uploads\/2024\/09\/54014048711_628f7cda8c_c.jpg?fit=710%2C800&ssl=1","type":"image\/jpeg"}],"author":"Luiz Ant\u00f4nio Pr\u00f3speri","twitter_card":"summary_large_image","twitter_creator":"@Luizprosperi","twitter_site":"@Luizprosperi","twitter_misc":{"Escrito por":"Luiz Ant\u00f4nio Pr\u00f3speri","Est. tempo de leitura":"4 minutos"},"schema":{"@context":"https:\/\/schema.org","@graph":[{"@type":"Article","@id":"https:\/\/blogdoprosperi.com\/?p=45452#article","isPartOf":{"@id":"https:\/\/blogdoprosperi.com\/?p=45452"},"author":{"name":"Luiz Ant\u00f4nio Pr\u00f3speri","@id":"https:\/\/blogdoprosperi.com\/#\/schema\/person\/38100755ce3601861ee4fab9b5aa78e9"},"headline":"Brasileir\u00e3o | An\u00e1lise: 5 Temas da 27.\u00aa Rodada com Palmeiras \u00e0 Ca\u00e7a do Botafogo e a Volta de Fernando Diniz","datePublished":"2024-09-23T16:12:41+00:00","dateModified":"2024-09-23T18:22:53+00:00","mainEntityOfPage":{"@id":"https:\/\/blogdoprosperi.com\/?p=45452"},"wordCount":719,"commentCount":0,"publisher":{"@id":"https:\/\/blogdoprosperi.com\/#\/schema\/person\/38100755ce3601861ee4fab9b5aa78e9"},"image":{"@id":"https:\/\/blogdoprosperi.com\/?p=45452#primaryimage"},"thumbnailUrl":"https:\/\/i0.wp.com\/blogdoprosperi.com\/wp-content\/uploads\/2024\/09\/54014048711_628f7cda8c_c.jpg?fit=710%2C800&ssl=1","keywords":["abel ferreira","Botafogo","brasileir\u00e3o 27\u00aa rodada","Cruzeiro","Fernando Diniz","Flamengo","futebol","Luiz Ant\u00f4nio Pr\u00f3speri","Rogerio Ceni","zubeldia"],"articleSection":["futebol","opini\u00e3o"],"inLanguage":"pt-BR","potentialAction":[{"@type":"CommentAction","name":"Comment","target":["https:\/\/blogdoprosperi.com\/?p=45452#respond"]}]},{"@type":"WebPage","@id":"https:\/\/blogdoprosperi.com\/?p=45452","url":"https:\/\/blogdoprosperi.com\/?p=45452","name":"Brasileir\u00e3o | An\u00e1lise: 5 Temas da 27.\u00aa Rodada com Palmeiras \u00e0 Ca\u00e7a do Botafogo e a Volta de Fernando Diniz - PR\u00d3SPERI NEWS","isPartOf":{"@id":"https:\/\/blogdoprosperi.com\/#website"},"primaryImageOfPage":{"@id":"https:\/\/blogdoprosperi.com\/?p=45452#primaryimage"},"image":{"@id":"https:\/\/blogdoprosperi.com\/?p=45452#primaryimage"},"thumbnailUrl":"https:\/\/i0.wp.com\/blogdoprosperi.com\/wp-content\/uploads\/2024\/09\/54014048711_628f7cda8c_c.jpg?fit=710%2C800&ssl=1","datePublished":"2024-09-23T16:12:41+00:00","dateModified":"2024-09-23T18:22:53+00:00","breadcrumb":{"@id":"https:\/\/blogdoprosperi.com\/?p=45452#breadcrumb"},"inLanguage":"pt-BR","potentialAction":[{"@type":"ReadAction","target":["https:\/\/blogdoprosperi.com\/?p=45452"]}]},{"@type":"ImageObject","inLanguage":"pt-BR","@id":"https:\/\/blogdoprosperi.com\/?p=45452#primaryimage","url":"https:\/\/i0.wp.com\/blogdoprosperi.com\/wp-content\/uploads\/2024\/09\/54014048711_628f7cda8c_c.jpg?fit=710%2C800&ssl=1","contentUrl":"https:\/\/i0.wp.com\/blogdoprosperi.com\/wp-content\/uploads\/2024\/09\/54014048711_628f7cda8c_c.jpg?fit=710%2C800&ssl=1","width":710,"height":800,"caption":"Abel Ferreira \u2013 foto: Palmeiras oficial"},{"@type":"BreadcrumbList","@id":"https:\/\/blogdoprosperi.com\/?p=45452#breadcrumb","itemListElement":[{"@type":"ListItem","position":1,"name":"In\u00edcio","item":"https:\/\/blogdoprosperi.com\/"},{"@type":"ListItem","position":2,"name":"Brasileir\u00e3o | An\u00e1lise: 5 Temas da 27.\u00aa Rodada com Palmeiras \u00e0 Ca\u00e7a do Botafogo e a Volta de Fernando Diniz"}]},{"@type":"WebSite","@id":"https:\/\/blogdoprosperi.com\/#website","url":"https:\/\/blogdoprosperi.com\/","name":"PR\u00d3SPERI NEWS","description":"TUDO \u00c9  FUTEBOL","publisher":{"@id":"https:\/\/blogdoprosperi.com\/#\/schema\/person\/38100755ce3601861ee4fab9b5aa78e9"},"alternateName":"blogdoprosperi.com","potentialAction":[{"@type":"SearchAction","target":{"@type":"EntryPoint","urlTemplate":"https:\/\/blogdoprosperi.com\/?s={search_term_string}"},"query-input":{"@type":"PropertyValueSpecification","valueRequired":true,"valueName":"search_term_string"}}],"inLanguage":"pt-BR"},{"@type":["Person","Organization"],"@id":"https:\/\/blogdoprosperi.com\/#\/schema\/person\/38100755ce3601861ee4fab9b5aa78e9","name":"Luiz Ant\u00f4nio Pr\u00f3speri","pronouns":"ele","image":{"@type":"ImageObject","inLanguage":"pt-BR","@id":"https:\/\/i0.wp.com\/blogdoprosperi.com\/wp-content\/uploads\/2026\/05\/cropped-8059e613-6002-42fa-961e-8e275f575d71-2-5.jpg?fit=1360%2C931&ssl=1","url":"https:\/\/i0.wp.com\/blogdoprosperi.com\/wp-content\/uploads\/2026\/05\/cropped-8059e613-6002-42fa-961e-8e275f575d71-2-5.jpg?fit=1360%2C931&ssl=1","contentUrl":"https:\/\/i0.wp.com\/blogdoprosperi.com\/wp-content\/uploads\/2026\/05\/cropped-8059e613-6002-42fa-961e-8e275f575d71-2-5.jpg?fit=1360%2C931&ssl=1","width":1360,"height":931,"caption":"Luiz Ant\u00f4nio Pr\u00f3speri"},"logo":{"@id":"https:\/\/i0.wp.com\/blogdoprosperi.com\/wp-content\/uploads\/2026\/05\/cropped-8059e613-6002-42fa-961e-8e275f575d71-2-5.jpg?fit=1360%2C931&ssl=1"},"description":"Jornalista com carreira dedicada ao esporte. Cobriu 9 Copas do Mundo in loco, 1990 na It\u00e1lia, 1994 nos EUA, 1998 na Fran\u00e7a, 2002 na Coreia do Sul e Jap\u00e3o, 2006 na Alemanha, 2010 na \u00c1frica do Sul, 2014 no Brasil, 2018 na R\u00fassia e 2022 no Qatar. Eurocopas, 1992 na Su\u00e9cia e 1996 na Inglaterra. Copa das Confedera\u00e7\u00f5es de 2005 na Alemanha e 2009 na \u00c1frica do Sul. Rep\u00f3rter e Editor, trabalhou no Jornal da Tarde e Estad\u00e3o, de 1984 a fevereiro de 2016. Colunista, blogueiro. E comentarista de futebol na R\u00e1dio Estad\u00e3o, de 2013 a fevereiro de 2016. Jornalista respons\u00e1vel do \"Pr\u00f3speri News\" (blogdoprosperi.com).","sameAs":["http:\/\/blogdoprosperi.com","Luiz Pr\u00f3speri","@luiz_prosperi","https:\/\/x.com\/Luizprosperi","@prosperinacopa","luiz.prosperi@icloud.com"],"url":"https:\/\/blogdoprosperi.com\/?author=102107496"}]}},"jetpack_publicize_connections":[],"jetpack_likes_enabled":false,"jetpack_sharing_enabled":true,"jetpack_shortlink":"https:\/\/wp.me\/p7jvdk-bP6","jetpack-related-posts":[{"id":56931,"url":"https:\/\/blogdoprosperi.com\/?p=56931","url_meta":{"origin":45452,"position":0},"title":"De Roger Machado a Pedrinho Louren\u00e7o, a Ingratid\u00e3o do Futebol","author":"Luiz Ant\u00f4nio Pr\u00f3speri","date":"23 de mar\u00e7o de 2026","format":false,"excerpt":"Luiz Ant\u00f4nio Pr\u00f3speri \u2013 23 mar\u00e7o 2026 \u2013 (17h30) \u2013 Brasileir\u00e3o 2026 entra em recesso na chamada Data-Fifa (de 23 a 31 de mar\u00e7o). Tempo que os clubes ter\u00e3o para reorganizar a casa ou, aos mais bem credenciados, lustrar os m\u00f3veis. At\u00e9 aqui foram disputadas oito rodadas. Palmeiras lidera com\u2026","rel":"","context":"Em &quot;futebol&quot;","block_context":{"text":"futebol","link":"https:\/\/blogdoprosperi.com\/?cat=53870"},"img":{"alt_text":"Roger Machado e o problema de comunica\u00e7\u00e3o","src":"https:\/\/i0.wp.com\/blogdoprosperi.com\/wp-content\/uploads\/2026\/03\/55161167689_cbf3b4d5a1_c.jpg?fit=800%2C571&ssl=1&resize=350%2C200","width":350,"height":200,"srcset":"https:\/\/i0.wp.com\/blogdoprosperi.com\/wp-content\/uploads\/2026\/03\/55161167689_cbf3b4d5a1_c.jpg?fit=800%2C571&ssl=1&resize=350%2C200 1x, https:\/\/i0.wp.com\/blogdoprosperi.com\/wp-content\/uploads\/2026\/03\/55161167689_cbf3b4d5a1_c.jpg?fit=800%2C571&ssl=1&resize=525%2C300 1.5x, https:\/\/i0.wp.com\/blogdoprosperi.com\/wp-content\/uploads\/2026\/03\/55161167689_cbf3b4d5a1_c.jpg?fit=800%2C571&ssl=1&resize=700%2C400 2x"},"classes":[]},{"id":37688,"url":"https:\/\/blogdoprosperi.com\/?p=37688","url_meta":{"origin":45452,"position":1},"title":"Brasileir\u00e3o 2019 \/ an\u00e1lise 3\u00aa rodada: Fernando Diniz renova debate do futebol com virada do Fluminense. Atl\u00e9tico Mineiro vira l\u00edder improv\u00e1vel","author":"Luiz Ant\u00f4nio Pr\u00f3speri","date":"6 de maio de 2019","format":false,"excerpt":"Brasileir\u00e3o 2019 \/ an\u00e1lise 3\u00aa rodada: Fernando Diniz renova debate do futebol brasileiro com virada do Fluminense em cima do Gr\u00eamio.","rel":"","context":"Em &quot;futebol&quot;","block_context":{"text":"futebol","link":"https:\/\/blogdoprosperi.com\/?cat=53870"},"img":{"alt_text":"","src":"https:\/\/i0.wp.com\/blogdoprosperi.com\/wp-content\/uploads\/2019\/05\/33505743718_645f3db8b3_b.jpg?fit=1024%2C576&ssl=1&resize=350%2C200","width":350,"height":200,"srcset":"https:\/\/i0.wp.com\/blogdoprosperi.com\/wp-content\/uploads\/2019\/05\/33505743718_645f3db8b3_b.jpg?fit=1024%2C576&ssl=1&resize=350%2C200 1x, https:\/\/i0.wp.com\/blogdoprosperi.com\/wp-content\/uploads\/2019\/05\/33505743718_645f3db8b3_b.jpg?fit=1024%2C576&ssl=1&resize=525%2C300 1.5x, https:\/\/i0.wp.com\/blogdoprosperi.com\/wp-content\/uploads\/2019\/05\/33505743718_645f3db8b3_b.jpg?fit=1024%2C576&ssl=1&resize=700%2C400 2x"},"classes":[]},{"id":46777,"url":"https:\/\/blogdoprosperi.com\/?p=46777","url_meta":{"origin":45452,"position":2},"title":"Brasileir\u00e3o 2024 | Ta\u00e7a, Dramas, Rebaixamento e Despedidas na \u00daltima Rodada","author":"Luiz Ant\u00f4nio Pr\u00f3speri","date":"7 de dezembro de 2024","format":false,"excerpt":"Luiz Ant\u00f4nio Pr\u00f3speri \u2013 7 dezembro (11h05) \u2013 Brasileir\u00e3o 2024 chega \u00e0 \u00faltima rodada (38.\u00aa) com disputa de t\u00edtulo, pavor do rebaixamento, dramas, despedidas, derrota do futebol para a viol\u00eancia, sucessos e fracassos da SAF e graves problemas de gest\u00e3o da CBF. Muitas hist\u00f3rias ser\u00e3o contadas nesse domingo (08\/12) a\u2026","rel":"","context":"Em &quot;futebol&quot;","block_context":{"text":"futebol","link":"https:\/\/blogdoprosperi.com\/?cat=53870"},"img":{"alt_text":"","src":"https:\/\/i0.wp.com\/blogdoprosperi.com\/wp-content\/uploads\/2024\/12\/trofeu-brasileirao-trivela-scaled-1.jpg?fit=1200%2C675&ssl=1&resize=350%2C200","width":350,"height":200,"srcset":"https:\/\/i0.wp.com\/blogdoprosperi.com\/wp-content\/uploads\/2024\/12\/trofeu-brasileirao-trivela-scaled-1.jpg?fit=1200%2C675&ssl=1&resize=350%2C200 1x, https:\/\/i0.wp.com\/blogdoprosperi.com\/wp-content\/uploads\/2024\/12\/trofeu-brasileirao-trivela-scaled-1.jpg?fit=1200%2C675&ssl=1&resize=525%2C300 1.5x, https:\/\/i0.wp.com\/blogdoprosperi.com\/wp-content\/uploads\/2024\/12\/trofeu-brasileirao-trivela-scaled-1.jpg?fit=1200%2C675&ssl=1&resize=700%2C400 2x, https:\/\/i0.wp.com\/blogdoprosperi.com\/wp-content\/uploads\/2024\/12\/trofeu-brasileirao-trivela-scaled-1.jpg?fit=1200%2C675&ssl=1&resize=1050%2C600 3x"},"classes":[]},{"id":46873,"url":"https:\/\/blogdoprosperi.com\/?p=46873","url_meta":{"origin":45452,"position":3},"title":"Mercado Futebol | Santos Contrata Z\u00e9 Rafael e Ver\u00f3n, Cruzeiro Rifa Diniz e Fecha com Renato Ga\u00facho","author":"Luiz Ant\u00f4nio Pr\u00f3speri","date":"27 de janeiro de 2025","format":false,"excerpt":"Luiz Ant\u00f4nio Pr\u00f3speri \u2013 27 janeiro (20h25) \u2013 Confira aqui principais negocia\u00e7\u00f5es no mercado do futebol brasileiro temporada 2025. P\u00e1gina ser\u00e1 atualizada com novas transfer\u00eancias de jogadores e treinadores. E mais: an\u00e1lise de cada transa\u00e7\u00e3o. Segunda-feira \u2013 27 janeiro \u2013 20h15 SANTOS FILIAL DO PALMEIRAS? Santos anuncia contrata\u00e7\u00e3o do volante\u2026","rel":"","context":"Em &quot;futebol&quot;","block_context":{"text":"futebol","link":"https:\/\/blogdoprosperi.com\/?cat=53870"},"img":{"alt_text":"","src":"https:\/\/i0.wp.com\/blogdoprosperi.com\/wp-content\/uploads\/2024\/11\/54160663755_bfe3e8aaca_c.jpg?fit=800%2C450&ssl=1&resize=350%2C200","width":350,"height":200,"srcset":"https:\/\/i0.wp.com\/blogdoprosperi.com\/wp-content\/uploads\/2024\/11\/54160663755_bfe3e8aaca_c.jpg?fit=800%2C450&ssl=1&resize=350%2C200 1x, https:\/\/i0.wp.com\/blogdoprosperi.com\/wp-content\/uploads\/2024\/11\/54160663755_bfe3e8aaca_c.jpg?fit=800%2C450&ssl=1&resize=525%2C300 1.5x, https:\/\/i0.wp.com\/blogdoprosperi.com\/wp-content\/uploads\/2024\/11\/54160663755_bfe3e8aaca_c.jpg?fit=800%2C450&ssl=1&resize=700%2C400 2x"},"classes":[]},{"id":53187,"url":"https:\/\/blogdoprosperi.com\/?p=53187","url_meta":{"origin":45452,"position":4},"title":"V\u00eddeo | Vasco 0 a 2 Botafogo: Coletiva de Fernando Diniz \u2013 T\u00e9cnico do Vasco","author":"Luiz Ant\u00f4nio Pr\u00f3speri","date":"12 de julho de 2025","format":false,"excerpt":"Acompanhe entrevista coletiva de Fernando Diniz p\u00f3s-jogo Vasco 0 a 2 Botafogo. V\u00eddeo oficial Vasco TV:","rel":"","context":"Em &quot;brasileir\u00e3o 2025&quot;","block_context":{"text":"brasileir\u00e3o 2025","link":"https:\/\/blogdoprosperi.com\/?cat=775970846"},"img":{"alt_text":"Vasco 0 a 2 Botafogo, 13\u00aa rodada Brasileir\u00e3o","src":"https:\/\/i0.wp.com\/blogdoprosperi.com\/wp-content\/uploads\/2025\/07\/54649862717_6c7e5514cd_c.jpg?fit=799%2C533&ssl=1&resize=350%2C200","width":350,"height":200,"srcset":"https:\/\/i0.wp.com\/blogdoprosperi.com\/wp-content\/uploads\/2025\/07\/54649862717_6c7e5514cd_c.jpg?fit=799%2C533&ssl=1&resize=350%2C200 1x, https:\/\/i0.wp.com\/blogdoprosperi.com\/wp-content\/uploads\/2025\/07\/54649862717_6c7e5514cd_c.jpg?fit=799%2C533&ssl=1&resize=525%2C300 1.5x, https:\/\/i0.wp.com\/blogdoprosperi.com\/wp-content\/uploads\/2025\/07\/54649862717_6c7e5514cd_c.jpg?fit=799%2C533&ssl=1&resize=700%2C400 2x"},"classes":[]},{"id":46592,"url":"https:\/\/blogdoprosperi.com\/?p=46592","url_meta":{"origin":45452,"position":5},"title":"Botafogo Vence Palmeiras e Escancara Diferen\u00e7a de Jogadores Decisivos","author":"Luiz Ant\u00f4nio Pr\u00f3speri","date":"27 de novembro de 2024","format":false,"excerpt":"Luiz Ant\u00f4nio Pr\u00f3speri \u2013 27 novembro (12h50) \u2013 Botafogo vence (3 a 1) Palmeiras, abre tr\u00eas pontos do rival na corrida do t\u00edtulo e fica perto de levantar a ta\u00e7a do Brasileir\u00e3o 2024. Desde 1995, o time da famosa Estrela Solit\u00e1ria n\u00e3o \u00e9 campe\u00e3o brasileiro. O que falta fazer? Um\u2026","rel":"","context":"Em &quot;opini\u00e3o&quot;","block_context":{"text":"opini\u00e3o","link":"https:\/\/blogdoprosperi.com\/?cat=3919"},"img":{"alt_text":"Botafogo vence Palmeiras e escancara diferen\u00e7as","src":"https:\/\/i0.wp.com\/blogdoprosperi.com\/wp-content\/uploads\/2024\/11\/54167605640_df18f004f3_h.jpg?fit=1200%2C675&ssl=1&resize=350%2C200","width":350,"height":200,"srcset":"https:\/\/i0.wp.com\/blogdoprosperi.com\/wp-content\/uploads\/2024\/11\/54167605640_df18f004f3_h.jpg?fit=1200%2C675&ssl=1&resize=350%2C200 1x, https:\/\/i0.wp.com\/blogdoprosperi.com\/wp-content\/uploads\/2024\/11\/54167605640_df18f004f3_h.jpg?fit=1200%2C675&ssl=1&resize=525%2C300 1.5x, https:\/\/i0.wp.com\/blogdoprosperi.com\/wp-content\/uploads\/2024\/11\/54167605640_df18f004f3_h.jpg?fit=1200%2C675&ssl=1&resize=700%2C400 2x, https:\/\/i0.wp.com\/blogdoprosperi.com\/wp-content\/uploads\/2024\/11\/54167605640_df18f004f3_h.jpg?fit=1200%2C675&ssl=1&resize=1050%2C600 3x"},"classes":[]}],"jetpack_featured_media_url":"https:\/\/i0.wp.com\/blogdoprosperi.com\/wp-content\/uploads\/2024\/09\/54014048711_628f7cda8c_c.jpg?fit=710%2C800&ssl=1","_links":{"self":[{"href":"https:\/\/blogdoprosperi.com\/index.php?rest_route=\/wp\/v2\/posts\/45452","targetHints":{"allow":["GET"]}}],"collection":[{"href":"https:\/\/blogdoprosperi.com\/index.php?rest_route=\/wp\/v2\/posts"}],"about":[{"href":"https:\/\/blogdoprosperi.com\/index.php?rest_route=\/wp\/v2\/types\/post"}],"author":[{"embeddable":true,"href":"https:\/\/blogdoprosperi.com\/index.php?rest_route=\/wp\/v2\/users\/102107496"}],"replies":[{"embeddable":true,"href":"https:\/\/blogdoprosperi.com\/index.php?rest_route=%2Fwp%2Fv2%2Fcomments&post=45452"}],"version-history":[{"count":16,"href":"https:\/\/blogdoprosperi.com\/index.php?rest_route=\/wp\/v2\/posts\/45452\/revisions"}],"predecessor-version":[{"id":45476,"href":"https:\/\/blogdoprosperi.com\/index.php?rest_route=\/wp\/v2\/posts\/45452\/revisions\/45476"}],"wp:featuredmedia":[{"embeddable":true,"href":"https:\/\/blogdoprosperi.com\/index.php?rest_route=\/wp\/v2\/media\/45450"}],"wp:attachment":[{"href":"https:\/\/blogdoprosperi.com\/index.php?rest_route=%2Fwp%2Fv2%2Fmedia&parent=45452"}],"wp:term":[{"taxonomy":"category","embeddable":true,"href":"https:\/\/blogdoprosperi.com\/index.php?rest_route=%2Fwp%2Fv2%2Fcategories&post=45452"},{"taxonomy":"post_tag","embeddable":true,"href":"https:\/\/blogdoprosperi.com\/index.php?rest_route=%2Fwp%2Fv2%2Ftags&post=45452"}],"curies":[{"name":"wp","href":"https:\/\/api.w.org\/{rel}","templated":true}]}}