{"id":45547,"date":"2024-09-26T21:26:13","date_gmt":"2024-09-27T00:26:13","guid":{"rendered":"https:\/\/blogdoprosperi.com\/?p=45547"},"modified":"2024-09-26T21:56:28","modified_gmt":"2024-09-27T00:56:28","slug":"libertadores-semifinais-penarol-elimina-flamengo-manda-tite-ao-paredao-e-encara-o-botafogo","status":"publish","type":"post","link":"https:\/\/blogdoprosperi.com\/?p=45547","title":{"rendered":"Libertadores | Semifinais: Pe\u00f1arol Elimina Flamengo, Manda Tite ao Pared\u00e3o e Encara o Botafogo"},"content":{"rendered":"<p>Luiz Ant\u00f4nio Pr\u00f3speri &#8211; 26 setembro (21h30)<\/p>\n<p>Libertadores conhece os semifinalistas. Atl\u00e9tico-MG enfrenta River Plate, da Argentina, e Botafogo encara Pe\u00f1arol. Time uruguaio elimina Flamengo no empate sem gols. Fora da Libertadores, Tite vai passar dias apertados no clube carioca, tamanha insatisfa\u00e7\u00e3o da torcida. A final ser\u00e1 em Buenos Aires, ainda sem est\u00e1dio definido.<\/p>\n<p>Segundo confronto se definiu com o jogo em Montevid\u00e9u nessa quinta-feira (26\/9). Em vantagem com a vit\u00f3ria por 1 a 0 no Maracan\u00e3, Pe\u00f1arol se fez de humilde jogando para se defender mesmo com o est\u00e1dio quase inteiro a seu favor. Semifinalista, encara o Botafogo com o privil\u00e9gio de decidir em casa a vaga \u00e0 final.<\/p>\n<p>Flamengo n\u00e3o cumpre o que Tite havia prometido ap\u00f3s a derrota no Maracan\u00e3. &#8220;Vamos fazer um gol l\u00e1&#8221;, dizia Tite. N\u00e3o fez gol, n\u00e3o teve repert\u00f3rio e mostrou muita desorganiza\u00e7\u00e3o na hora de criar lances de gol. Arrascaeta e De La Cruz, seus construtores, n\u00e3o jogaram nada. Gabigol entrou no segundo tempo e n\u00e3o pegou uma vez na bola. Ningu\u00e9m serviu o artilheiro.<\/p>\n<p>A bronca est\u00e1 em cima de Tite. Flamengo vive processo eleitoral. No Brasileir\u00e3o a dist\u00e2ncia do l\u00edder Botafogo e do Palmeiras, segundo colocado, \u00e9 no m\u00ednimo de oito pontos.<\/p>\n<p>Resta a Copa do Brasil. Fla est\u00e1 nas semifinais e vai decidir vaga \u00e0 decis\u00e3o contra o Corinthians na Arena Neo Qu\u00edmica.<\/p>\n<p>Nesse momento, 21h de quinta-feira (26\/9), n\u00e3o se tem certeza da perman\u00eancia de Tite at\u00e9 o jogo decisivo contra o Corinthians. A conferir.<\/p>\n<figure id=\"attachment_45552\" aria-describedby=\"caption-attachment-45552\" style=\"width: 720px\" class=\"wp-caption alignnone\"><img data-recalc-dims=\"1\" loading=\"lazy\" decoding=\"async\" data-attachment-id=\"45552\" data-permalink=\"https:\/\/blogdoprosperi.com\/?attachment_id=45552\" data-orig-file=\"https:\/\/i0.wp.com\/blogdoprosperi.com\/wp-content\/uploads\/2024\/09\/54022237908_b984ac3863_k.jpg?fit=2048%2C1365&amp;ssl=1\" data-orig-size=\"2048,1365\" data-comments-opened=\"1\" data-image-meta=\"{&quot;aperture&quot;:&quot;0&quot;,&quot;credit&quot;:&quot;Bruno Sousa&quot;,&quot;camera&quot;:&quot;&quot;,&quot;caption&quot;:&quot;&quot;,&quot;created_timestamp&quot;:&quot;0&quot;,&quot;copyright&quot;:&quot;Bruno Sousa&quot;,&quot;focal_length&quot;:&quot;0&quot;,&quot;iso&quot;:&quot;0&quot;,&quot;shutter_speed&quot;:&quot;0&quot;,&quot;title&quot;:&quot;&quot;,&quot;orientation&quot;:&quot;0&quot;}\" data-image-title=\"Deyverson, gol da Libertadores\" data-image-description=\"\" data-image-caption=\"&lt;p&gt;Deyverson resolve na Libertadores \u2013 foto: Atl\u00e9tico-MG oficial&lt;\/p&gt;\n\" data-large-file=\"https:\/\/i0.wp.com\/blogdoprosperi.com\/wp-content\/uploads\/2024\/09\/54022237908_b984ac3863_k.jpg?fit=940%2C627&amp;ssl=1\" src=\"https:\/\/i0.wp.com\/blogdoprosperi.com\/wp-content\/uploads\/2024\/09\/54022237908_b984ac3863_k.jpg?resize=720%2C480&#038;ssl=1\" class=\"size-large wp-image-45552\" width=\"720\" height=\"480\" alt=\"Atl\u00e9tico-MG e Botafogo avan\u00e7a \u00e0s semifinais da Libertadores\"><figcaption id=\"caption-attachment-45552\" class=\"wp-caption-text\"><em>Deyverson resolve na Libertadores \u2013 foto: Atl\u00e9tico-MG oficial<\/em><\/figcaption><\/figure>\n<p><strong>GALO X RIVER&nbsp;<\/strong><\/p>\n<p>Dif\u00edcil apontar favoritos entre os quatro semifinalistas. Parada mais complicada se apresenta ao Atl\u00e9tico-MG. Encarar o River Plate no jogo da volta no Monumental de Nu\u00f1es n\u00e3o \u00e9 nada agrad\u00e1vel. Est\u00e1dio costuma receber cerca de 80 mil torcedores fren\u00e9ticos em jogos grandes. Press\u00e3o 90 minutos.<\/p>\n<p>Atl\u00e9tico precisa de todos os modos fazer a diferen\u00e7a em casa, no jogo de ida. Vencer, nada mais que isso. Conta a favor a boa estrutura montada por Gabriel Milito nos confrontos de Copas. E, mais l\u00fadico, na estrela do imprevis\u00edvel artilheiro Deyverson, autor dos gols na vit\u00f3ria contra Fluminense nas quartas de final.<\/p>\n<p>A outra semifinal apresenta Botafogo o mais forte candidato a superar a barreira derradeira antes da final. Depois de eliminar Palmeiras nas oitavas e S\u00e3o Paulo nas quartas, time de John Textor tem for\u00e7a f\u00edsica e cartel t\u00e9cnico para se impor diante do Pe\u00f1arol.<\/p>\n<p>\u00danico problema do Botafogo \u00e9 o lado emocional e as substitui\u00e7\u00f5es equivocadas de Arthur Jorge quando precisa sustentar resultado favor\u00e1vel. Foi assim contra Palmeiras e S\u00e3o Paulo nos \u00faltimos 15 minutos dos jogos decisivos.<\/p>\n<p>E n\u00e3o se pode nunca subestimar um time uruguaio que elimina o Flamengo com autoridade. Pe\u00f1arol est\u00e1 pronto e pede, ou melhor, exige passagem. A celebra\u00e7\u00e3o no seu est\u00e1dio na noite dessa quinta-feira, ap\u00f3s despachar time de Tite, diz tudo.<\/p>\n","protected":false},"excerpt":{"rendered":"<p>Luiz Ant\u00f4nio Pr\u00f3speri &#8211; 26 setembro (21h30) Libertadores conhece os semifinalistas. Atl\u00e9tico-MG enfrenta River Plate, da Argentina, e [&hellip;]<\/p>\n","protected":false},"author":102107496,"featured_media":45396,"comment_status":"open","ping_status":"open","sticky":false,"template":"","format":"standard","meta":{"_coblocks_attr":"","_coblocks_dimensions":"","_coblocks_responsive_height":"","_coblocks_accordion_ie_support":"","_jetpack_newsletter_access":"","_jetpack_dont_email_post_to_subs":false,"_jetpack_newsletter_tier_id":0,"_jetpack_memberships_contains_paywalled_content":false,"_wpcom_ai_launchpad_first_post":false,"_jetpack_feature_clip_id":0,"_jetpack_memberships_contains_paid_content":false,"footnotes":"","jetpack_publicize_message":"","jetpack_publicize_feature_enabled":true,"jetpack_social_post_already_shared":false,"jetpack_social_options":{"image_generator_settings":{"template":"highway","default_image_id":0,"font":"","enabled":false},"version":2},"jetpack_post_was_ever_published":false},"categories":[53870],"tags":[774754953,40241739,449299,789560560,117496,1313926,1814220],"class_list":["post-45547","post","type-post","status-publish","format-standard","has-post-thumbnail","hentry","category-futebol","tag-atletico-mg-x-river-plate","tag-deyverson","tag-flamengo","tag-futebol","tag-libertadores","tag-penarol","tag-tite"],"yoast_head":"<!-- This site is optimized with the Yoast SEO plugin v28.4 - https:\/\/yoast.com\/product\/yoast-seo-wordpress\/ -->\n<title>Libertadores | Semifinais: Pe\u00f1arol Elimina Flamengo, Manda Tite ao Pared\u00e3o e Encara o Botafogo - PR\u00d3SPERI NEWS<\/title>\n<meta name=\"robots\" content=\"index, follow, max-snippet:-1, max-image-preview:large, max-video-preview:-1\" \/>\n<link rel=\"canonical\" href=\"https:\/\/blogdoprosperi.com\/?p=45547\" \/>\n<meta property=\"og:locale\" content=\"pt_BR\" \/>\n<meta property=\"og:type\" content=\"article\" \/>\n<meta property=\"og:title\" content=\"Libertadores | Semifinais: Pe\u00f1arol Elimina Flamengo, Manda Tite ao Pared\u00e3o e Encara o Botafogo - PR\u00d3SPERI NEWS\" \/>\n<meta property=\"og:description\" content=\"Luiz Ant\u00f4nio Pr\u00f3speri &#8211; 26 setembro (21h30) Libertadores conhece os semifinalistas. Atl\u00e9tico-MG enfrenta River Plate, da Argentina, e [&hellip;]\" \/>\n<meta property=\"og:url\" content=\"https:\/\/blogdoprosperi.com\/?p=45547\" \/>\n<meta property=\"og:site_name\" content=\"PR\u00d3SPERI NEWS\" \/>\n<meta property=\"article:publisher\" content=\"Luiz Pr\u00f3speri\" \/>\n<meta property=\"article:author\" content=\"Luiz Pr\u00f3speri\" \/>\n<meta property=\"article:published_time\" content=\"2024-09-27T00:26:13+00:00\" \/>\n<meta property=\"article:modified_time\" content=\"2024-09-27T00:56:28+00:00\" \/>\n<meta property=\"og:image\" content=\"https:\/\/i0.wp.com\/blogdoprosperi.com\/wp-content\/uploads\/2024\/09\/tite-flamengo-libertadores-1.webp?fit=640%2C400&ssl=1\" \/>\n\t<meta property=\"og:image:width\" content=\"640\" \/>\n\t<meta property=\"og:image:height\" content=\"400\" \/>\n\t<meta property=\"og:image:type\" content=\"image\/webp\" \/>\n<meta name=\"author\" content=\"Luiz Ant\u00f4nio Pr\u00f3speri\" \/>\n<meta name=\"twitter:card\" content=\"summary_large_image\" \/>\n<meta name=\"twitter:creator\" content=\"@Luizprosperi\" \/>\n<meta name=\"twitter:site\" content=\"@Luizprosperi\" \/>\n<meta name=\"twitter:label1\" content=\"Escrito por\" \/>\n\t<meta name=\"twitter:data1\" content=\"Luiz Ant\u00f4nio Pr\u00f3speri\" \/>\n\t<meta name=\"twitter:label2\" content=\"Est. tempo de leitura\" \/>\n\t<meta name=\"twitter:data2\" content=\"3 minutos\" \/>\n<script type=\"application\/ld+json\" class=\"yoast-schema-graph\">{\"@context\":\"https:\\\/\\\/schema.org\",\"@graph\":[{\"@type\":\"Article\",\"@id\":\"https:\\\/\\\/blogdoprosperi.com\\\/?p=45547#article\",\"isPartOf\":{\"@id\":\"https:\\\/\\\/blogdoprosperi.com\\\/?p=45547\"},\"author\":{\"name\":\"Luiz Ant\u00f4nio Pr\u00f3speri\",\"@id\":\"https:\\\/\\\/blogdoprosperi.com\\\/#\\\/schema\\\/person\\\/38100755ce3601861ee4fab9b5aa78e9\"},\"headline\":\"Libertadores | Semifinais: Pe\u00f1arol Elimina Flamengo, Manda Tite ao Pared\u00e3o e Encara o Botafogo\",\"datePublished\":\"2024-09-27T00:26:13+00:00\",\"dateModified\":\"2024-09-27T00:56:28+00:00\",\"mainEntityOfPage\":{\"@id\":\"https:\\\/\\\/blogdoprosperi.com\\\/?p=45547\"},\"wordCount\":551,\"commentCount\":0,\"publisher\":{\"@id\":\"https:\\\/\\\/blogdoprosperi.com\\\/#\\\/schema\\\/person\\\/38100755ce3601861ee4fab9b5aa78e9\"},\"image\":{\"@id\":\"https:\\\/\\\/blogdoprosperi.com\\\/?p=45547#primaryimage\"},\"thumbnailUrl\":\"https:\\\/\\\/i0.wp.com\\\/blogdoprosperi.com\\\/wp-content\\\/uploads\\\/2024\\\/09\\\/tite-flamengo-libertadores-1.webp?fit=640%2C400&ssl=1\",\"keywords\":[\"Atl\u00e9tico-MG x River Plate\",\"deyverson\",\"Flamengo\",\"futebol\",\"Libertadores\",\"Pe\u00f1arol\",\"Tite\"],\"articleSection\":[\"futebol\"],\"inLanguage\":\"pt-BR\",\"potentialAction\":[{\"@type\":\"CommentAction\",\"name\":\"Comment\",\"target\":[\"https:\\\/\\\/blogdoprosperi.com\\\/?p=45547#respond\"]}]},{\"@type\":\"WebPage\",\"@id\":\"https:\\\/\\\/blogdoprosperi.com\\\/?p=45547\",\"url\":\"https:\\\/\\\/blogdoprosperi.com\\\/?p=45547\",\"name\":\"Libertadores | Semifinais: Pe\u00f1arol Elimina Flamengo, Manda Tite ao Pared\u00e3o e Encara o Botafogo - PR\u00d3SPERI NEWS\",\"isPartOf\":{\"@id\":\"https:\\\/\\\/blogdoprosperi.com\\\/#website\"},\"primaryImageOfPage\":{\"@id\":\"https:\\\/\\\/blogdoprosperi.com\\\/?p=45547#primaryimage\"},\"image\":{\"@id\":\"https:\\\/\\\/blogdoprosperi.com\\\/?p=45547#primaryimage\"},\"thumbnailUrl\":\"https:\\\/\\\/i0.wp.com\\\/blogdoprosperi.com\\\/wp-content\\\/uploads\\\/2024\\\/09\\\/tite-flamengo-libertadores-1.webp?fit=640%2C400&ssl=1\",\"datePublished\":\"2024-09-27T00:26:13+00:00\",\"dateModified\":\"2024-09-27T00:56:28+00:00\",\"breadcrumb\":{\"@id\":\"https:\\\/\\\/blogdoprosperi.com\\\/?p=45547#breadcrumb\"},\"inLanguage\":\"pt-BR\",\"potentialAction\":[{\"@type\":\"ReadAction\",\"target\":[\"https:\\\/\\\/blogdoprosperi.com\\\/?p=45547\"]}]},{\"@type\":\"ImageObject\",\"inLanguage\":\"pt-BR\",\"@id\":\"https:\\\/\\\/blogdoprosperi.com\\\/?p=45547#primaryimage\",\"url\":\"https:\\\/\\\/i0.wp.com\\\/blogdoprosperi.com\\\/wp-content\\\/uploads\\\/2024\\\/09\\\/tite-flamengo-libertadores-1.webp?fit=640%2C400&ssl=1\",\"contentUrl\":\"https:\\\/\\\/i0.wp.com\\\/blogdoprosperi.com\\\/wp-content\\\/uploads\\\/2024\\\/09\\\/tite-flamengo-libertadores-1.webp?fit=640%2C400&ssl=1\",\"width\":640,\"height\":400,\"caption\":\"Tite - foto: Flamengo\"},{\"@type\":\"BreadcrumbList\",\"@id\":\"https:\\\/\\\/blogdoprosperi.com\\\/?p=45547#breadcrumb\",\"itemListElement\":[{\"@type\":\"ListItem\",\"position\":1,\"name\":\"In\u00edcio\",\"item\":\"https:\\\/\\\/blogdoprosperi.com\\\/\"},{\"@type\":\"ListItem\",\"position\":2,\"name\":\"Libertadores | Semifinais: Pe\u00f1arol Elimina Flamengo, Manda Tite ao Pared\u00e3o e Encara o Botafogo\"}]},{\"@type\":\"WebSite\",\"@id\":\"https:\\\/\\\/blogdoprosperi.com\\\/#website\",\"url\":\"https:\\\/\\\/blogdoprosperi.com\\\/\",\"name\":\"PR\u00d3SPERI NEWS\",\"description\":\"TUDO \u00c9  FUTEBOL\",\"publisher\":{\"@id\":\"https:\\\/\\\/blogdoprosperi.com\\\/#\\\/schema\\\/person\\\/38100755ce3601861ee4fab9b5aa78e9\"},\"alternateName\":\"blogdoprosperi.com\",\"potentialAction\":[{\"@type\":\"SearchAction\",\"target\":{\"@type\":\"EntryPoint\",\"urlTemplate\":\"https:\\\/\\\/blogdoprosperi.com\\\/?s={search_term_string}\"},\"query-input\":{\"@type\":\"PropertyValueSpecification\",\"valueRequired\":true,\"valueName\":\"search_term_string\"}}],\"inLanguage\":\"pt-BR\"},{\"@type\":[\"Person\",\"Organization\"],\"@id\":\"https:\\\/\\\/blogdoprosperi.com\\\/#\\\/schema\\\/person\\\/38100755ce3601861ee4fab9b5aa78e9\",\"name\":\"Luiz Ant\u00f4nio Pr\u00f3speri\",\"pronouns\":\"ele\",\"image\":{\"@type\":\"ImageObject\",\"inLanguage\":\"pt-BR\",\"@id\":\"https:\\\/\\\/i0.wp.com\\\/blogdoprosperi.com\\\/wp-content\\\/uploads\\\/2026\\\/05\\\/cropped-8059e613-6002-42fa-961e-8e275f575d71-2-5.jpg?fit=1360%2C931&ssl=1\",\"url\":\"https:\\\/\\\/i0.wp.com\\\/blogdoprosperi.com\\\/wp-content\\\/uploads\\\/2026\\\/05\\\/cropped-8059e613-6002-42fa-961e-8e275f575d71-2-5.jpg?fit=1360%2C931&ssl=1\",\"contentUrl\":\"https:\\\/\\\/i0.wp.com\\\/blogdoprosperi.com\\\/wp-content\\\/uploads\\\/2026\\\/05\\\/cropped-8059e613-6002-42fa-961e-8e275f575d71-2-5.jpg?fit=1360%2C931&ssl=1\",\"width\":1360,\"height\":931,\"caption\":\"Luiz Ant\u00f4nio Pr\u00f3speri\"},\"logo\":{\"@id\":\"https:\\\/\\\/i0.wp.com\\\/blogdoprosperi.com\\\/wp-content\\\/uploads\\\/2026\\\/05\\\/cropped-8059e613-6002-42fa-961e-8e275f575d71-2-5.jpg?fit=1360%2C931&ssl=1\"},\"description\":\"Jornalista com carreira dedicada ao esporte. Cobriu 9 Copas do Mundo in loco, 1990 na It\u00e1lia, 1994 nos EUA, 1998 na Fran\u00e7a, 2002 na Coreia do Sul e Jap\u00e3o, 2006 na Alemanha, 2010 na \u00c1frica do Sul, 2014 no Brasil, 2018 na R\u00fassia e 2022 no Qatar. Eurocopas, 1992 na Su\u00e9cia e 1996 na Inglaterra. Copa das Confedera\u00e7\u00f5es de 2005 na Alemanha e 2009 na \u00c1frica do Sul. Rep\u00f3rter e Editor, trabalhou no Jornal da Tarde e Estad\u00e3o, de 1984 a fevereiro de 2016. Colunista, blogueiro. E comentarista de futebol na R\u00e1dio Estad\u00e3o, de 2013 a fevereiro de 2016. Jornalista respons\u00e1vel do \\\"Pr\u00f3speri News\\\" (blogdoprosperi.com).\",\"sameAs\":[\"http:\\\/\\\/blogdoprosperi.com\",\"Luiz Pr\u00f3speri\",\"@luiz_prosperi\",\"https:\\\/\\\/x.com\\\/Luizprosperi\",\"@prosperinacopa\",\"luiz.prosperi@icloud.com\"],\"url\":\"https:\\\/\\\/blogdoprosperi.com\\\/?author=102107496\"}]}<\/script>\n<!-- \/ Yoast SEO plugin. -->","yoast_head_json":{"title":"Libertadores | Semifinais: Pe\u00f1arol Elimina Flamengo, Manda Tite ao Pared\u00e3o e Encara o Botafogo - PR\u00d3SPERI NEWS","robots":{"index":"index","follow":"follow","max-snippet":"max-snippet:-1","max-image-preview":"max-image-preview:large","max-video-preview":"max-video-preview:-1"},"canonical":"https:\/\/blogdoprosperi.com\/?p=45547","og_locale":"pt_BR","og_type":"article","og_title":"Libertadores | Semifinais: Pe\u00f1arol Elimina Flamengo, Manda Tite ao Pared\u00e3o e Encara o Botafogo - PR\u00d3SPERI NEWS","og_description":"Luiz Ant\u00f4nio Pr\u00f3speri &#8211; 26 setembro (21h30) Libertadores conhece os semifinalistas. Atl\u00e9tico-MG enfrenta River Plate, da Argentina, e [&hellip;]","og_url":"https:\/\/blogdoprosperi.com\/?p=45547","og_site_name":"PR\u00d3SPERI NEWS","article_publisher":"Luiz Pr\u00f3speri","article_author":"Luiz Pr\u00f3speri","article_published_time":"2024-09-27T00:26:13+00:00","article_modified_time":"2024-09-27T00:56:28+00:00","og_image":[{"width":640,"height":400,"url":"https:\/\/i0.wp.com\/blogdoprosperi.com\/wp-content\/uploads\/2024\/09\/tite-flamengo-libertadores-1.webp?fit=640%2C400&ssl=1","type":"image\/webp"}],"author":"Luiz Ant\u00f4nio Pr\u00f3speri","twitter_card":"summary_large_image","twitter_creator":"@Luizprosperi","twitter_site":"@Luizprosperi","twitter_misc":{"Escrito por":"Luiz Ant\u00f4nio Pr\u00f3speri","Est. tempo de leitura":"3 minutos"},"schema":{"@context":"https:\/\/schema.org","@graph":[{"@type":"Article","@id":"https:\/\/blogdoprosperi.com\/?p=45547#article","isPartOf":{"@id":"https:\/\/blogdoprosperi.com\/?p=45547"},"author":{"name":"Luiz Ant\u00f4nio Pr\u00f3speri","@id":"https:\/\/blogdoprosperi.com\/#\/schema\/person\/38100755ce3601861ee4fab9b5aa78e9"},"headline":"Libertadores | Semifinais: Pe\u00f1arol Elimina Flamengo, Manda Tite ao Pared\u00e3o e Encara o Botafogo","datePublished":"2024-09-27T00:26:13+00:00","dateModified":"2024-09-27T00:56:28+00:00","mainEntityOfPage":{"@id":"https:\/\/blogdoprosperi.com\/?p=45547"},"wordCount":551,"commentCount":0,"publisher":{"@id":"https:\/\/blogdoprosperi.com\/#\/schema\/person\/38100755ce3601861ee4fab9b5aa78e9"},"image":{"@id":"https:\/\/blogdoprosperi.com\/?p=45547#primaryimage"},"thumbnailUrl":"https:\/\/i0.wp.com\/blogdoprosperi.com\/wp-content\/uploads\/2024\/09\/tite-flamengo-libertadores-1.webp?fit=640%2C400&ssl=1","keywords":["Atl\u00e9tico-MG x River Plate","deyverson","Flamengo","futebol","Libertadores","Pe\u00f1arol","Tite"],"articleSection":["futebol"],"inLanguage":"pt-BR","potentialAction":[{"@type":"CommentAction","name":"Comment","target":["https:\/\/blogdoprosperi.com\/?p=45547#respond"]}]},{"@type":"WebPage","@id":"https:\/\/blogdoprosperi.com\/?p=45547","url":"https:\/\/blogdoprosperi.com\/?p=45547","name":"Libertadores | Semifinais: Pe\u00f1arol Elimina Flamengo, Manda Tite ao Pared\u00e3o e Encara o Botafogo - PR\u00d3SPERI NEWS","isPartOf":{"@id":"https:\/\/blogdoprosperi.com\/#website"},"primaryImageOfPage":{"@id":"https:\/\/blogdoprosperi.com\/?p=45547#primaryimage"},"image":{"@id":"https:\/\/blogdoprosperi.com\/?p=45547#primaryimage"},"thumbnailUrl":"https:\/\/i0.wp.com\/blogdoprosperi.com\/wp-content\/uploads\/2024\/09\/tite-flamengo-libertadores-1.webp?fit=640%2C400&ssl=1","datePublished":"2024-09-27T00:26:13+00:00","dateModified":"2024-09-27T00:56:28+00:00","breadcrumb":{"@id":"https:\/\/blogdoprosperi.com\/?p=45547#breadcrumb"},"inLanguage":"pt-BR","potentialAction":[{"@type":"ReadAction","target":["https:\/\/blogdoprosperi.com\/?p=45547"]}]},{"@type":"ImageObject","inLanguage":"pt-BR","@id":"https:\/\/blogdoprosperi.com\/?p=45547#primaryimage","url":"https:\/\/i0.wp.com\/blogdoprosperi.com\/wp-content\/uploads\/2024\/09\/tite-flamengo-libertadores-1.webp?fit=640%2C400&ssl=1","contentUrl":"https:\/\/i0.wp.com\/blogdoprosperi.com\/wp-content\/uploads\/2024\/09\/tite-flamengo-libertadores-1.webp?fit=640%2C400&ssl=1","width":640,"height":400,"caption":"Tite - foto: Flamengo"},{"@type":"BreadcrumbList","@id":"https:\/\/blogdoprosperi.com\/?p=45547#breadcrumb","itemListElement":[{"@type":"ListItem","position":1,"name":"In\u00edcio","item":"https:\/\/blogdoprosperi.com\/"},{"@type":"ListItem","position":2,"name":"Libertadores | Semifinais: Pe\u00f1arol Elimina Flamengo, Manda Tite ao Pared\u00e3o e Encara o Botafogo"}]},{"@type":"WebSite","@id":"https:\/\/blogdoprosperi.com\/#website","url":"https:\/\/blogdoprosperi.com\/","name":"PR\u00d3SPERI NEWS","description":"TUDO \u00c9  FUTEBOL","publisher":{"@id":"https:\/\/blogdoprosperi.com\/#\/schema\/person\/38100755ce3601861ee4fab9b5aa78e9"},"alternateName":"blogdoprosperi.com","potentialAction":[{"@type":"SearchAction","target":{"@type":"EntryPoint","urlTemplate":"https:\/\/blogdoprosperi.com\/?s={search_term_string}"},"query-input":{"@type":"PropertyValueSpecification","valueRequired":true,"valueName":"search_term_string"}}],"inLanguage":"pt-BR"},{"@type":["Person","Organization"],"@id":"https:\/\/blogdoprosperi.com\/#\/schema\/person\/38100755ce3601861ee4fab9b5aa78e9","name":"Luiz Ant\u00f4nio Pr\u00f3speri","pronouns":"ele","image":{"@type":"ImageObject","inLanguage":"pt-BR","@id":"https:\/\/i0.wp.com\/blogdoprosperi.com\/wp-content\/uploads\/2026\/05\/cropped-8059e613-6002-42fa-961e-8e275f575d71-2-5.jpg?fit=1360%2C931&ssl=1","url":"https:\/\/i0.wp.com\/blogdoprosperi.com\/wp-content\/uploads\/2026\/05\/cropped-8059e613-6002-42fa-961e-8e275f575d71-2-5.jpg?fit=1360%2C931&ssl=1","contentUrl":"https:\/\/i0.wp.com\/blogdoprosperi.com\/wp-content\/uploads\/2026\/05\/cropped-8059e613-6002-42fa-961e-8e275f575d71-2-5.jpg?fit=1360%2C931&ssl=1","width":1360,"height":931,"caption":"Luiz Ant\u00f4nio Pr\u00f3speri"},"logo":{"@id":"https:\/\/i0.wp.com\/blogdoprosperi.com\/wp-content\/uploads\/2026\/05\/cropped-8059e613-6002-42fa-961e-8e275f575d71-2-5.jpg?fit=1360%2C931&ssl=1"},"description":"Jornalista com carreira dedicada ao esporte. Cobriu 9 Copas do Mundo in loco, 1990 na It\u00e1lia, 1994 nos EUA, 1998 na Fran\u00e7a, 2002 na Coreia do Sul e Jap\u00e3o, 2006 na Alemanha, 2010 na \u00c1frica do Sul, 2014 no Brasil, 2018 na R\u00fassia e 2022 no Qatar. Eurocopas, 1992 na Su\u00e9cia e 1996 na Inglaterra. Copa das Confedera\u00e7\u00f5es de 2005 na Alemanha e 2009 na \u00c1frica do Sul. Rep\u00f3rter e Editor, trabalhou no Jornal da Tarde e Estad\u00e3o, de 1984 a fevereiro de 2016. Colunista, blogueiro. E comentarista de futebol na R\u00e1dio Estad\u00e3o, de 2013 a fevereiro de 2016. Jornalista respons\u00e1vel do \"Pr\u00f3speri News\" (blogdoprosperi.com).","sameAs":["http:\/\/blogdoprosperi.com","Luiz Pr\u00f3speri","@luiz_prosperi","https:\/\/x.com\/Luizprosperi","@prosperinacopa","luiz.prosperi@icloud.com"],"url":"https:\/\/blogdoprosperi.com\/?author=102107496"}]}},"jetpack_publicize_connections":[],"jetpack_likes_enabled":false,"jetpack_sharing_enabled":true,"jetpack_shortlink":"https:\/\/wp.me\/p7jvdk-bQD","jetpack-related-posts":[{"id":44770,"url":"https:\/\/blogdoprosperi.com\/?p=44770","url_meta":{"origin":45547,"position":0},"title":"Libertadores 2024: Futebol Carioca Mostra For\u00e7a com Flamengo, Botafogo e Fluminense Classificados","author":"Luiz Ant\u00f4nio Pr\u00f3speri","date":"23 de agosto de 2024","format":false,"excerpt":"Luiz Ant\u00f4nio Pr\u00f3speri \u2013 23 agosto (00h42) Libertadores 2024 conhece os oito classificados \u00e0s quartas de final. Dos cinco brasileiros que avan\u00e7am, futebol carioca ter\u00e1 tr\u00eas representantes (Flamengo, Botafogo e Fluminense). Primeira vez na hist\u00f3ria da Libertadores que uma cidade, no caso Rio de Janeiro, tem tr\u00eas clubes na fase\u2026","rel":"","context":"Em &quot;futebol&quot;","block_context":{"text":"futebol","link":"https:\/\/blogdoprosperi.com\/?cat=53870"},"img":{"alt_text":"Botafogo lidera janela de transfer\u00eancia Brasileir\u00e3o","src":"https:\/\/i0.wp.com\/blogdoprosperi.com\/wp-content\/uploads\/2024\/08\/53939474383_d4131fa0d5_k.jpg?fit=1200%2C800&ssl=1&resize=350%2C200","width":350,"height":200,"srcset":"https:\/\/i0.wp.com\/blogdoprosperi.com\/wp-content\/uploads\/2024\/08\/53939474383_d4131fa0d5_k.jpg?fit=1200%2C800&ssl=1&resize=350%2C200 1x, https:\/\/i0.wp.com\/blogdoprosperi.com\/wp-content\/uploads\/2024\/08\/53939474383_d4131fa0d5_k.jpg?fit=1200%2C800&ssl=1&resize=525%2C300 1.5x, https:\/\/i0.wp.com\/blogdoprosperi.com\/wp-content\/uploads\/2024\/08\/53939474383_d4131fa0d5_k.jpg?fit=1200%2C800&ssl=1&resize=700%2C400 2x, https:\/\/i0.wp.com\/blogdoprosperi.com\/wp-content\/uploads\/2024\/08\/53939474383_d4131fa0d5_k.jpg?fit=1200%2C800&ssl=1&resize=1050%2C600 3x"},"classes":[]},{"id":45389,"url":"https:\/\/blogdoprosperi.com\/?p=45389","url_meta":{"origin":45547,"position":1},"title":"Flamengo Perde do Pe\u00f1arol e Tite Fica \u00c0 Beira do Precip\u00edcio","author":"Luiz Ant\u00f4nio Pr\u00f3speri","date":"19 de setembro de 2024","format":false,"excerpt":"Luiz Ant\u00f4nio Pr\u00f3speri \u2013 19 setembro (22h00) Flamengo perde do Pe\u00f1arol no Maracan\u00e3 apinhado por pouco mais de 64 mil torcedores. Muita gente a aumentar decib\u00e9is nas vaias e xingamentos a Tite e boa parte dos jogadores rubro-negros. Pulso da torcida traduz muito bem o que tem sido o Flamengo\u2026","rel":"","context":"Em &quot;futebol&quot;","block_context":{"text":"futebol","link":"https:\/\/blogdoprosperi.com\/?cat=53870"},"img":{"alt_text":"Pe\u00f1arol vence Flamengo e complica Tite","src":"https:\/\/i0.wp.com\/blogdoprosperi.com\/wp-content\/uploads\/2024\/09\/tite-flamengo-libertadores-1.webp?fit=640%2C400&ssl=1&resize=350%2C200","width":350,"height":200,"srcset":"https:\/\/i0.wp.com\/blogdoprosperi.com\/wp-content\/uploads\/2024\/09\/tite-flamengo-libertadores-1.webp?fit=640%2C400&ssl=1&resize=350%2C200 1x, https:\/\/i0.wp.com\/blogdoprosperi.com\/wp-content\/uploads\/2024\/09\/tite-flamengo-libertadores-1.webp?fit=640%2C400&ssl=1&resize=525%2C300 1.5x"},"classes":[]},{"id":46129,"url":"https:\/\/blogdoprosperi.com\/?p=46129","url_meta":{"origin":45547,"position":2},"title":"Libertadores Semifinais | Botafogo e Atl\u00e9tico, Amea\u00e7as e Tens\u00e3o na Argentina e Uruguai","author":"Luiz Ant\u00f4nio Pr\u00f3speri","date":"29 de outubro de 2024","format":false,"excerpt":"Luiz Ant\u00f4nio Pr\u00f3speri \u2013 29 outubro (12h2o) Libertadores volta a seu passado recente quando mais importante era transformar a vida dos advers\u00e1rios em inferno antes, durante e depois dos jogos. River Plate promete 80 mil vozes e press\u00e3o acima do normal no Monumental de Nu\u00f1ez contra o Atl\u00e9tico-MG, hoje (29\/10),\u2026","rel":"","context":"Em &quot;futebol&quot;","block_context":{"text":"futebol","link":"https:\/\/blogdoprosperi.com\/?cat=53870"},"img":{"alt_text":"Libertadores batalha nas semifinais","src":"https:\/\/i0.wp.com\/blogdoprosperi.com\/wp-content\/uploads\/2024\/10\/gbauyeawaaa5zfe-aspect-ratio-512-320.webp?fit=1200%2C750&ssl=1&resize=350%2C200","width":350,"height":200,"srcset":"https:\/\/i0.wp.com\/blogdoprosperi.com\/wp-content\/uploads\/2024\/10\/gbauyeawaaa5zfe-aspect-ratio-512-320.webp?fit=1200%2C750&ssl=1&resize=350%2C200 1x, https:\/\/i0.wp.com\/blogdoprosperi.com\/wp-content\/uploads\/2024\/10\/gbauyeawaaa5zfe-aspect-ratio-512-320.webp?fit=1200%2C750&ssl=1&resize=525%2C300 1.5x, https:\/\/i0.wp.com\/blogdoprosperi.com\/wp-content\/uploads\/2024\/10\/gbauyeawaaa5zfe-aspect-ratio-512-320.webp?fit=1200%2C750&ssl=1&resize=700%2C400 2x, https:\/\/i0.wp.com\/blogdoprosperi.com\/wp-content\/uploads\/2024\/10\/gbauyeawaaa5zfe-aspect-ratio-512-320.webp?fit=1200%2C750&ssl=1&resize=1050%2C600 3x"},"classes":[]},{"id":45998,"url":"https:\/\/blogdoprosperi.com\/?p=45998","url_meta":{"origin":45547,"position":3},"title":"Libertadores | Atl\u00e9tico-MG Pulveriza River Plate e Faz Valer a For\u00e7a da Grana","author":"Luiz Ant\u00f4nio Pr\u00f3speri","date":"23 de outubro de 2024","format":false,"excerpt":"Luiz Ant\u00f4nio Pr\u00f3speri \u2013 23 outubro (00h41) Atl\u00e9tico-MG vence o River Plate por 3 a 0 no jogo de ida das semifinais da Libertadores. Abre boa vantagem contra a poderosa equipe argentina e est\u00e1 a um degrau da final. Fa\u00e7anha extraordin\u00e1ria de um time quase perfeito na fase de grupos\u2026","rel":"","context":"Em &quot;futebol&quot;","block_context":{"text":"futebol","link":"https:\/\/blogdoprosperi.com\/?cat=53870"},"img":{"alt_text":"Atl\u00e9tico-MG 3 x 0 River Plate \u2013 Libertadores","src":"https:\/\/i0.wp.com\/blogdoprosperi.com\/wp-content\/uploads\/2024\/10\/54087224789_64d8ac2a4a_c.jpg?fit=799%2C533&ssl=1&resize=350%2C200","width":350,"height":200,"srcset":"https:\/\/i0.wp.com\/blogdoprosperi.com\/wp-content\/uploads\/2024\/10\/54087224789_64d8ac2a4a_c.jpg?fit=799%2C533&ssl=1&resize=350%2C200 1x, https:\/\/i0.wp.com\/blogdoprosperi.com\/wp-content\/uploads\/2024\/10\/54087224789_64d8ac2a4a_c.jpg?fit=799%2C533&ssl=1&resize=525%2C300 1.5x, https:\/\/i0.wp.com\/blogdoprosperi.com\/wp-content\/uploads\/2024\/10\/54087224789_64d8ac2a4a_c.jpg?fit=799%2C533&ssl=1&resize=700%2C400 2x"},"classes":[]},{"id":35930,"url":"https:\/\/blogdoprosperi.com\/?p=35930","url_meta":{"origin":45547,"position":4},"title":"Palmeiras se encorpa com Cuca e avan\u00e7a \u00e0s oitavas da Libertadores. Flamengo fica pelo caminho","author":"Luiz Ant\u00f4nio Pr\u00f3speri","date":"25 de maio de 2017","format":false,"excerpt":"Palmeiras avan\u00e7a \u00e0s oitavas de final da Copa Libertadores 2017 e se junta a Santos, Atl\u00e9tico-MG, Atl\u00e9tico-PR, Botafogo e Gr\u00eamio, representantes do futebol brasileiro tamb\u00e9m classificados. Flamengo e Chapecoense ficaram no meio do caminho \u2013 clube catarinense ainda tenta recuperar a vaga na Corte Disciplinar da Conmebol. Derrota imposta ao\u2026","rel":"","context":"Em &quot;Copa Libertadores&quot;","block_context":{"text":"Copa Libertadores","link":"https:\/\/blogdoprosperi.com\/?cat=270704"},"img":{"alt_text":"","src":"https:\/\/i0.wp.com\/blogdoprosperi.com\/wp-content\/uploads\/2017\/05\/34032457084_b60b749025_o.jpg?fit=1000%2C604&ssl=1&resize=350%2C200","width":350,"height":200,"srcset":"https:\/\/i0.wp.com\/blogdoprosperi.com\/wp-content\/uploads\/2017\/05\/34032457084_b60b749025_o.jpg?fit=1000%2C604&ssl=1&resize=350%2C200 1x, https:\/\/i0.wp.com\/blogdoprosperi.com\/wp-content\/uploads\/2017\/05\/34032457084_b60b749025_o.jpg?fit=1000%2C604&ssl=1&resize=525%2C300 1.5x, https:\/\/i0.wp.com\/blogdoprosperi.com\/wp-content\/uploads\/2017\/05\/34032457084_b60b749025_o.jpg?fit=1000%2C604&ssl=1&resize=700%2C400 2x"},"classes":[]},{"id":50568,"url":"https:\/\/blogdoprosperi.com\/?p=50568","url_meta":{"origin":45547,"position":5},"title":"Libertadores Sorteio | An\u00e1lise: Palmeiras e S\u00e3o Paulo T\u00eam Caminho Mais Complicado at\u00e9 a Final","author":"Luiz Ant\u00f4nio Pr\u00f3speri","date":"2 de junho de 2025","format":false,"excerpt":"Luiz Ant\u00f4nio Pr\u00f3speri \u2013 2 junho (13h11) \u2013 Palmeiras e S\u00e3o Paulo entram no lado mais complicado das oitavas de final da Libertadores 2025. No caso de avan\u00e7arem \u00e0s quartas, poder\u00e3o enfrentar River Plate e Botafogo, respectivamente. Do outro lado da chave, Internacional e Flamengo t\u00eam confronto direto e, bem\u2026","rel":"","context":"Em &quot;futebol&quot;","block_context":{"text":"futebol","link":"https:\/\/blogdoprosperi.com\/?cat=53870"},"img":{"alt_text":"Libertadores 2026","src":"https:\/\/i0.wp.com\/blogdoprosperi.com\/wp-content\/uploads\/2023\/03\/fsrk8i2waaabn_f.jpeg?fit=678%2C452&ssl=1&resize=350%2C200","width":350,"height":200,"srcset":"https:\/\/i0.wp.com\/blogdoprosperi.com\/wp-content\/uploads\/2023\/03\/fsrk8i2waaabn_f.jpeg?fit=678%2C452&ssl=1&resize=350%2C200 1x, https:\/\/i0.wp.com\/blogdoprosperi.com\/wp-content\/uploads\/2023\/03\/fsrk8i2waaabn_f.jpeg?fit=678%2C452&ssl=1&resize=525%2C300 1.5x"},"classes":[]}],"jetpack_featured_media_url":"https:\/\/i0.wp.com\/blogdoprosperi.com\/wp-content\/uploads\/2024\/09\/tite-flamengo-libertadores-1.webp?fit=640%2C400&ssl=1","_links":{"self":[{"href":"https:\/\/blogdoprosperi.com\/index.php?rest_route=\/wp\/v2\/posts\/45547","targetHints":{"allow":["GET"]}}],"collection":[{"href":"https:\/\/blogdoprosperi.com\/index.php?rest_route=\/wp\/v2\/posts"}],"about":[{"href":"https:\/\/blogdoprosperi.com\/index.php?rest_route=\/wp\/v2\/types\/post"}],"author":[{"embeddable":true,"href":"https:\/\/blogdoprosperi.com\/index.php?rest_route=\/wp\/v2\/users\/102107496"}],"replies":[{"embeddable":true,"href":"https:\/\/blogdoprosperi.com\/index.php?rest_route=%2Fwp%2Fv2%2Fcomments&post=45547"}],"version-history":[{"count":10,"href":"https:\/\/blogdoprosperi.com\/index.php?rest_route=\/wp\/v2\/posts\/45547\/revisions"}],"predecessor-version":[{"id":45558,"href":"https:\/\/blogdoprosperi.com\/index.php?rest_route=\/wp\/v2\/posts\/45547\/revisions\/45558"}],"wp:featuredmedia":[{"embeddable":true,"href":"https:\/\/blogdoprosperi.com\/index.php?rest_route=\/wp\/v2\/media\/45396"}],"wp:attachment":[{"href":"https:\/\/blogdoprosperi.com\/index.php?rest_route=%2Fwp%2Fv2%2Fmedia&parent=45547"}],"wp:term":[{"taxonomy":"category","embeddable":true,"href":"https:\/\/blogdoprosperi.com\/index.php?rest_route=%2Fwp%2Fv2%2Fcategories&post=45547"},{"taxonomy":"post_tag","embeddable":true,"href":"https:\/\/blogdoprosperi.com\/index.php?rest_route=%2Fwp%2Fv2%2Ftags&post=45547"}],"curies":[{"name":"wp","href":"https:\/\/api.w.org\/{rel}","templated":true}]}}