{"id":45574,"date":"2024-09-27T16:45:10","date_gmt":"2024-09-27T19:45:10","guid":{"rendered":"http:\/\/blogdoprosperi.com\/?p=45574"},"modified":"2024-09-27T16:47:00","modified_gmt":"2024-09-27T19:47:00","slug":"dorival-repete-lista-de-convocados-dos-ultimos-fracassos-da-selecao-brasileira","status":"publish","type":"post","link":"https:\/\/blogdoprosperi.com\/?p=45574","title":{"rendered":"Dorival Repete Lista de Convocados dos \u00daltimos Fracassos da Sele\u00e7\u00e3o Brasileira"},"content":{"rendered":"\n<p class=\"wp-block-paragraph\">Jogadores que atuam em clubes brasileiros continuam fora da Sele\u00e7\u00e3o Brasileira sob comando do t\u00e9cnico Dorival J\u00fanior. Na convoca\u00e7\u00e3o dos 23 para os jogos contra Chile e Peru, em outubro, apenas quatro jogam no Brasil. CBF vai submeter os nossos \u201ceuropeus\u201d a um sacrif\u00edcio desnecess\u00e1rio que pode comprometer desempenho da Sele\u00e7\u00e3o nas Eliminat\u00f3rias da Copa 2026.<\/p>\n\n\n\n<p class=\"wp-block-paragraph\"><strong>Os chamados \u201ccaseiros\u201d est\u00e3o aqui e n\u00e3o precisariam atravessar o Oceano Atl\u00e2ntico para se apresentar a Dorival <\/strong>em S\u00e3o Paulo, nos treinos da Sele\u00e7\u00e3o pr\u00e9-jogo contra o Chile em Santiago.<\/p>\n\n\n\n<p class=\"wp-block-paragraph\">Programa\u00e7\u00e3o da Sele\u00e7\u00e3o prev\u00ea apresenta\u00e7\u00e3o dos jogadores dia 7\/10 em S\u00e3o Paulo, treinos dias 8 e 9 e jogo dia 10 contra Chile em Santiago. Dia 11, delega\u00e7\u00e3o embarca para Bras\u00edlia e enfrenta o Peru, dia 15, no Man\u00e9 Garrincha.<\/p>\n\n\n\n<p class=\"wp-block-paragraph\">Os jogadores \u201ceuropeus\u201d devem viajar 12 horas em voo com destino a S\u00e3o Paulo, a partir do dia 6 de outubro. Passam dois dias na capital paulista, encaram mais 4h15 de voo at\u00e9 Santiago. Jogam na capital chilena e na madrugada do dia 11 embarcam para Bras\u00edlia, pouco menos de 5h de voo. Tr\u00eas dias depois enfrentam o Peru.<\/p>\n\n\n\n<p class=\"wp-block-paragraph\">Somando tudo,&nbsp;<strong>\u201cestrangeiros\u201d ter\u00e3o pela frente 21 horas de voo em 9 dias, em tr\u00eas viagens&nbsp;<\/strong><strong>seguidas<\/strong>. E dois jogos, em menos de uma semana.<\/p>\n\n\n\n<p class=\"wp-block-paragraph\">Precisa disso tudo, se temos uma boa Sele\u00e7\u00e3o Brasileira formada s\u00f3 por jogadores \u201cdom\u00e9sticos\u201d?<\/p>\n\n\n\n<p class=\"wp-block-paragraph\">Que tal esse time?<\/p>\n\n\n\n<p class=\"wp-block-paragraph\">Weverton (Palmeiras), William (Cruzeiro), L\u00e9o Ortiz (Flamengo), Murilo (Palmeiras) e Arana (Atl\u00e9tico-MG); Gerson (Fla), Marlon Freitas (Botafogo) e Raphael Veiga (Palmeiras) ou Mateus Pereira (Cruzeiro); Luiz Henrique (Bota) ou Estev\u00e3o (Palmeiras), Endrick (Real Madrid) \u2013 vaga seria de Pedro (atacante do Fla passou por cirurgia e n\u00e3o joga mais nessa temporada) e Igor Jesus (Botafogo).<\/p>\n\n\n\n<p class=\"wp-block-paragraph\">OS 23 CONVOCADOS:<\/p>\n\n\n\n<p class=\"wp-block-paragraph\"><strong>GOLEIROS<\/strong><\/p>\n\n\n\n<p class=\"wp-block-paragraph\">Alisson &#8211; Liverpool<\/p>\n\n\n\n<p class=\"wp-block-paragraph\">Bento &#8211; Al-Nassr<\/p>\n\n\n\n<p class=\"wp-block-paragraph\">Ederson &#8211; Manchester City<\/p>\n\n\n\n<p class=\"wp-block-paragraph\"><strong>LATERAIS<\/strong><\/p>\n\n\n\n<p class=\"wp-block-paragraph\">Danilo &#8211; Juventus<\/p>\n\n\n\n<p class=\"wp-block-paragraph\">Vanderson- Monaco<\/p>\n\n\n\n<p class=\"wp-block-paragraph\">Guilherme Arana &#8211; Atl\u00e9tico-MG<\/p>\n\n\n\n<p class=\"wp-block-paragraph\">Abner &#8211; Lyon<\/p>\n\n\n\n<p class=\"wp-block-paragraph\"><strong>ZAGUEIROS<\/strong><\/p>\n\n\n\n<p class=\"wp-block-paragraph\">Bremer- Juventus<\/p>\n\n\n\n<p class=\"wp-block-paragraph\">\u00c9der Milit\u00e3o &#8211; Real Madrid<\/p>\n\n\n\n<p class=\"wp-block-paragraph\">Gabriel Magalh\u00e3es &#8211; Arsenal<\/p>\n\n\n\n<p class=\"wp-block-paragraph\">Marquinhos &#8211; Paris Saint-Germain<\/p>\n\n\n\n<p class=\"wp-block-paragraph\"><strong>MEIO-CAMPISTAS<\/strong><\/p>\n\n\n\n<p class=\"wp-block-paragraph\">Andr\u00e9 &#8211; Wolverhampton<\/p>\n\n\n\n<p class=\"wp-block-paragraph\">Bruno Guimar\u00e3es &#8211; Newcastle<\/p>\n\n\n\n<p class=\"wp-block-paragraph\">Gerson &#8211; Flamengo&nbsp;<\/p>\n\n\n\n<p class=\"wp-block-paragraph\">Lucas Paquet\u00e1 &#8211; West Ham<\/p>\n\n\n\n<p class=\"wp-block-paragraph\">Rodrygo &#8211; Real Madrid<\/p>\n\n\n\n<p class=\"wp-block-paragraph\"><strong>ATACANTES<\/strong><\/p>\n\n\n\n<p class=\"wp-block-paragraph\">Endrick &#8211; Real Madrid&nbsp;<\/p>\n\n\n\n<p class=\"wp-block-paragraph\">Raphinha &#8211; Barcelona<\/p>\n\n\n\n<p class=\"wp-block-paragraph\">Luiz Henrique &#8211; Botafogo<\/p>\n\n\n\n<p class=\"wp-block-paragraph\">Igor Jesus &#8211; Botafogo<\/p>\n\n\n\n<p class=\"wp-block-paragraph\">Savinho &#8211; Manchester City<\/p>\n\n\n\n<p class=\"wp-block-paragraph\">Vinicius J\u00fanior&nbsp;&#8211; Real Madrid<\/p>\n\n\n\n<p class=\"wp-block-paragraph\">Gabriel Martinelli &#8211; Arsenal<\/p>\n\n\n\n<p class=\"wp-block-paragraph\">C\u00e1 entre n\u00f3s, os chamados&nbsp;<strong>\u201ceuropeus\u201d convocados por Dorival jogaram bulhufas at\u00e9 aqui<\/strong>. Nenhum deles, mesmo o aclamado Vini Jr, teriam posse definitiva de um lugar na Sele\u00e7\u00e3o.<\/p>\n","protected":false},"excerpt":{"rendered":"<p>Jogadores que atuam em clubes brasileiros continuam fora da Sele\u00e7\u00e3o Brasileira sob comando do t\u00e9cnico Dorival J\u00fanior. Na [&hellip;]<\/p>\n","protected":false},"author":102107496,"featured_media":45579,"comment_status":"open","ping_status":"open","sticky":false,"template":"","format":"standard","meta":{"_coblocks_attr":"","_coblocks_dimensions":"","_coblocks_responsive_height":"","_coblocks_accordion_ie_support":"","_jetpack_newsletter_access":"","_jetpack_dont_email_post_to_subs":false,"_jetpack_newsletter_tier_id":0,"_jetpack_memberships_contains_paywalled_content":false,"_wpcom_ai_launchpad_first_post":false,"_jetpack_feature_clip_id":0,"_jetpack_memberships_contains_paid_content":false,"footnotes":"","jetpack_publicize_message":"","jetpack_publicize_feature_enabled":true,"jetpack_social_post_already_shared":false,"jetpack_social_options":{"image_generator_settings":{"template":"highway","default_image_id":0,"font":"","enabled":false},"version":2},"jetpack_post_was_ever_published":false},"categories":[53870],"tags":[789560560],"class_list":["post-45574","post","type-post","status-publish","format-standard","has-post-thumbnail","hentry","category-futebol","tag-futebol"],"yoast_head":"<!-- This site is optimized with the Yoast SEO plugin v28.3 - https:\/\/yoast.com\/product\/yoast-seo-wordpress\/ -->\n<title>Dorival Repete Lista de Convocados dos \u00daltimos Fracassos da Sele\u00e7\u00e3o Brasileira - PR\u00d3SPERI NEWS<\/title>\n<meta name=\"robots\" content=\"index, follow, max-snippet:-1, max-image-preview:large, max-video-preview:-1\" \/>\n<link rel=\"canonical\" href=\"https:\/\/blogdoprosperi.com\/?p=45574\" \/>\n<meta property=\"og:locale\" content=\"pt_BR\" \/>\n<meta property=\"og:type\" content=\"article\" \/>\n<meta property=\"og:title\" content=\"Dorival Repete Lista de Convocados dos \u00daltimos Fracassos da Sele\u00e7\u00e3o Brasileira - PR\u00d3SPERI NEWS\" \/>\n<meta property=\"og:description\" content=\"Jogadores que atuam em clubes brasileiros continuam fora da Sele\u00e7\u00e3o Brasileira sob comando do t\u00e9cnico Dorival J\u00fanior. Na [&hellip;]\" \/>\n<meta property=\"og:url\" content=\"https:\/\/blogdoprosperi.com\/?p=45574\" \/>\n<meta property=\"og:site_name\" content=\"PR\u00d3SPERI NEWS\" \/>\n<meta property=\"article:publisher\" content=\"Luiz Pr\u00f3speri\" \/>\n<meta property=\"article:author\" content=\"Luiz Pr\u00f3speri\" \/>\n<meta property=\"article:published_time\" content=\"2024-09-27T19:45:10+00:00\" \/>\n<meta property=\"article:modified_time\" content=\"2024-09-27T19:47:00+00:00\" \/>\n<meta property=\"og:image\" content=\"https:\/\/i0.wp.com\/blogdoprosperi.com\/wp-content\/uploads\/2024\/09\/img_6572-1.jpg?fit=2000%2C1334&ssl=1\" \/>\n\t<meta property=\"og:image:width\" content=\"2000\" \/>\n\t<meta property=\"og:image:height\" content=\"1334\" \/>\n\t<meta property=\"og:image:type\" content=\"image\/jpeg\" \/>\n<meta name=\"author\" content=\"Luiz Ant\u00f4nio Pr\u00f3speri\" \/>\n<meta name=\"twitter:card\" content=\"summary_large_image\" \/>\n<meta name=\"twitter:creator\" content=\"@Luizprosperi\" \/>\n<meta name=\"twitter:site\" content=\"@Luizprosperi\" \/>\n<meta name=\"twitter:label1\" content=\"Escrito por\" \/>\n\t<meta name=\"twitter:data1\" content=\"Luiz Ant\u00f4nio Pr\u00f3speri\" \/>\n\t<meta name=\"twitter:label2\" content=\"Est. tempo de leitura\" \/>\n\t<meta name=\"twitter:data2\" content=\"2 minutos\" \/>\n<script type=\"application\/ld+json\" class=\"yoast-schema-graph\">{\"@context\":\"https:\\\/\\\/schema.org\",\"@graph\":[{\"@type\":\"Article\",\"@id\":\"https:\\\/\\\/blogdoprosperi.com\\\/?p=45574#article\",\"isPartOf\":{\"@id\":\"https:\\\/\\\/blogdoprosperi.com\\\/?p=45574\"},\"author\":{\"name\":\"Luiz Ant\u00f4nio Pr\u00f3speri\",\"@id\":\"https:\\\/\\\/blogdoprosperi.com\\\/#\\\/schema\\\/person\\\/38100755ce3601861ee4fab9b5aa78e9\"},\"headline\":\"Dorival Repete Lista de Convocados dos \u00daltimos Fracassos da Sele\u00e7\u00e3o Brasileira\",\"datePublished\":\"2024-09-27T19:45:10+00:00\",\"dateModified\":\"2024-09-27T19:47:00+00:00\",\"mainEntityOfPage\":{\"@id\":\"https:\\\/\\\/blogdoprosperi.com\\\/?p=45574\"},\"wordCount\":444,\"commentCount\":2,\"publisher\":{\"@id\":\"https:\\\/\\\/blogdoprosperi.com\\\/#\\\/schema\\\/person\\\/38100755ce3601861ee4fab9b5aa78e9\"},\"image\":{\"@id\":\"https:\\\/\\\/blogdoprosperi.com\\\/?p=45574#primaryimage\"},\"thumbnailUrl\":\"https:\\\/\\\/i0.wp.com\\\/blogdoprosperi.com\\\/wp-content\\\/uploads\\\/2024\\\/09\\\/img_6572-1.jpg?fit=2000%2C1334&ssl=1\",\"keywords\":[\"futebol\"],\"articleSection\":[\"futebol\"],\"inLanguage\":\"pt-BR\",\"potentialAction\":[{\"@type\":\"CommentAction\",\"name\":\"Comment\",\"target\":[\"https:\\\/\\\/blogdoprosperi.com\\\/?p=45574#respond\"]}]},{\"@type\":\"WebPage\",\"@id\":\"https:\\\/\\\/blogdoprosperi.com\\\/?p=45574\",\"url\":\"https:\\\/\\\/blogdoprosperi.com\\\/?p=45574\",\"name\":\"Dorival Repete Lista de Convocados dos \u00daltimos Fracassos da Sele\u00e7\u00e3o Brasileira - PR\u00d3SPERI NEWS\",\"isPartOf\":{\"@id\":\"https:\\\/\\\/blogdoprosperi.com\\\/#website\"},\"primaryImageOfPage\":{\"@id\":\"https:\\\/\\\/blogdoprosperi.com\\\/?p=45574#primaryimage\"},\"image\":{\"@id\":\"https:\\\/\\\/blogdoprosperi.com\\\/?p=45574#primaryimage\"},\"thumbnailUrl\":\"https:\\\/\\\/i0.wp.com\\\/blogdoprosperi.com\\\/wp-content\\\/uploads\\\/2024\\\/09\\\/img_6572-1.jpg?fit=2000%2C1334&ssl=1\",\"datePublished\":\"2024-09-27T19:45:10+00:00\",\"dateModified\":\"2024-09-27T19:47:00+00:00\",\"breadcrumb\":{\"@id\":\"https:\\\/\\\/blogdoprosperi.com\\\/?p=45574#breadcrumb\"},\"inLanguage\":\"pt-BR\",\"potentialAction\":[{\"@type\":\"ReadAction\",\"target\":[\"https:\\\/\\\/blogdoprosperi.com\\\/?p=45574\"]}]},{\"@type\":\"ImageObject\",\"inLanguage\":\"pt-BR\",\"@id\":\"https:\\\/\\\/blogdoprosperi.com\\\/?p=45574#primaryimage\",\"url\":\"https:\\\/\\\/i0.wp.com\\\/blogdoprosperi.com\\\/wp-content\\\/uploads\\\/2024\\\/09\\\/img_6572-1.jpg?fit=2000%2C1334&ssl=1\",\"contentUrl\":\"https:\\\/\\\/i0.wp.com\\\/blogdoprosperi.com\\\/wp-content\\\/uploads\\\/2024\\\/09\\\/img_6572-1.jpg?fit=2000%2C1334&ssl=1\",\"width\":2000,\"height\":1334},{\"@type\":\"BreadcrumbList\",\"@id\":\"https:\\\/\\\/blogdoprosperi.com\\\/?p=45574#breadcrumb\",\"itemListElement\":[{\"@type\":\"ListItem\",\"position\":1,\"name\":\"In\u00edcio\",\"item\":\"https:\\\/\\\/blogdoprosperi.com\\\/\"},{\"@type\":\"ListItem\",\"position\":2,\"name\":\"Dorival Repete Lista de Convocados dos \u00daltimos Fracassos da Sele\u00e7\u00e3o Brasileira\"}]},{\"@type\":\"WebSite\",\"@id\":\"https:\\\/\\\/blogdoprosperi.com\\\/#website\",\"url\":\"https:\\\/\\\/blogdoprosperi.com\\\/\",\"name\":\"PR\u00d3SPERI NEWS\",\"description\":\"TUDO \u00c9  FUTEBOL\",\"publisher\":{\"@id\":\"https:\\\/\\\/blogdoprosperi.com\\\/#\\\/schema\\\/person\\\/38100755ce3601861ee4fab9b5aa78e9\"},\"alternateName\":\"blogdoprosperi.com\",\"potentialAction\":[{\"@type\":\"SearchAction\",\"target\":{\"@type\":\"EntryPoint\",\"urlTemplate\":\"https:\\\/\\\/blogdoprosperi.com\\\/?s={search_term_string}\"},\"query-input\":{\"@type\":\"PropertyValueSpecification\",\"valueRequired\":true,\"valueName\":\"search_term_string\"}}],\"inLanguage\":\"pt-BR\"},{\"@type\":[\"Person\",\"Organization\"],\"@id\":\"https:\\\/\\\/blogdoprosperi.com\\\/#\\\/schema\\\/person\\\/38100755ce3601861ee4fab9b5aa78e9\",\"name\":\"Luiz Ant\u00f4nio Pr\u00f3speri\",\"pronouns\":\"ele\",\"image\":{\"@type\":\"ImageObject\",\"inLanguage\":\"pt-BR\",\"@id\":\"https:\\\/\\\/i0.wp.com\\\/blogdoprosperi.com\\\/wp-content\\\/uploads\\\/2026\\\/05\\\/cropped-8059e613-6002-42fa-961e-8e275f575d71-2-5.jpg?fit=1360%2C931&ssl=1\",\"url\":\"https:\\\/\\\/i0.wp.com\\\/blogdoprosperi.com\\\/wp-content\\\/uploads\\\/2026\\\/05\\\/cropped-8059e613-6002-42fa-961e-8e275f575d71-2-5.jpg?fit=1360%2C931&ssl=1\",\"contentUrl\":\"https:\\\/\\\/i0.wp.com\\\/blogdoprosperi.com\\\/wp-content\\\/uploads\\\/2026\\\/05\\\/cropped-8059e613-6002-42fa-961e-8e275f575d71-2-5.jpg?fit=1360%2C931&ssl=1\",\"width\":1360,\"height\":931,\"caption\":\"Luiz Ant\u00f4nio Pr\u00f3speri\"},\"logo\":{\"@id\":\"https:\\\/\\\/i0.wp.com\\\/blogdoprosperi.com\\\/wp-content\\\/uploads\\\/2026\\\/05\\\/cropped-8059e613-6002-42fa-961e-8e275f575d71-2-5.jpg?fit=1360%2C931&ssl=1\"},\"description\":\"Jornalista com carreira dedicada ao esporte. Cobriu 9 Copas do Mundo in loco, 1990 na It\u00e1lia, 1994 nos EUA, 1998 na Fran\u00e7a, 2002 na Coreia do Sul e Jap\u00e3o, 2006 na Alemanha, 2010 na \u00c1frica do Sul, 2014 no Brasil, 2018 na R\u00fassia e 2022 no Qatar. Eurocopas, 1992 na Su\u00e9cia e 1996 na Inglaterra. Copa das Confedera\u00e7\u00f5es de 2005 na Alemanha e 2009 na \u00c1frica do Sul. Rep\u00f3rter e Editor, trabalhou no Jornal da Tarde e Estad\u00e3o, de 1984 a fevereiro de 2016. Colunista, blogueiro. E comentarista de futebol na R\u00e1dio Estad\u00e3o, de 2013 a fevereiro de 2016. Jornalista respons\u00e1vel do \\\"Pr\u00f3speri News\\\" (blogdoprosperi.com).\",\"sameAs\":[\"http:\\\/\\\/blogdoprosperi.com\",\"Luiz Pr\u00f3speri\",\"@luiz_prosperi\",\"https:\\\/\\\/x.com\\\/Luizprosperi\",\"@prosperinacopa\",\"luiz.prosperi@icloud.com\"],\"url\":\"https:\\\/\\\/blogdoprosperi.com\\\/?author=102107496\"}]}<\/script>\n<!-- \/ Yoast SEO plugin. -->","yoast_head_json":{"title":"Dorival Repete Lista de Convocados dos \u00daltimos Fracassos da Sele\u00e7\u00e3o Brasileira - PR\u00d3SPERI NEWS","robots":{"index":"index","follow":"follow","max-snippet":"max-snippet:-1","max-image-preview":"max-image-preview:large","max-video-preview":"max-video-preview:-1"},"canonical":"https:\/\/blogdoprosperi.com\/?p=45574","og_locale":"pt_BR","og_type":"article","og_title":"Dorival Repete Lista de Convocados dos \u00daltimos Fracassos da Sele\u00e7\u00e3o Brasileira - PR\u00d3SPERI NEWS","og_description":"Jogadores que atuam em clubes brasileiros continuam fora da Sele\u00e7\u00e3o Brasileira sob comando do t\u00e9cnico Dorival J\u00fanior. Na [&hellip;]","og_url":"https:\/\/blogdoprosperi.com\/?p=45574","og_site_name":"PR\u00d3SPERI NEWS","article_publisher":"Luiz Pr\u00f3speri","article_author":"Luiz Pr\u00f3speri","article_published_time":"2024-09-27T19:45:10+00:00","article_modified_time":"2024-09-27T19:47:00+00:00","og_image":[{"width":2000,"height":1334,"url":"https:\/\/i0.wp.com\/blogdoprosperi.com\/wp-content\/uploads\/2024\/09\/img_6572-1.jpg?fit=2000%2C1334&ssl=1","type":"image\/jpeg"}],"author":"Luiz Ant\u00f4nio Pr\u00f3speri","twitter_card":"summary_large_image","twitter_creator":"@Luizprosperi","twitter_site":"@Luizprosperi","twitter_misc":{"Escrito por":"Luiz Ant\u00f4nio Pr\u00f3speri","Est. tempo de leitura":"2 minutos"},"schema":{"@context":"https:\/\/schema.org","@graph":[{"@type":"Article","@id":"https:\/\/blogdoprosperi.com\/?p=45574#article","isPartOf":{"@id":"https:\/\/blogdoprosperi.com\/?p=45574"},"author":{"name":"Luiz Ant\u00f4nio Pr\u00f3speri","@id":"https:\/\/blogdoprosperi.com\/#\/schema\/person\/38100755ce3601861ee4fab9b5aa78e9"},"headline":"Dorival Repete Lista de Convocados dos \u00daltimos Fracassos da Sele\u00e7\u00e3o Brasileira","datePublished":"2024-09-27T19:45:10+00:00","dateModified":"2024-09-27T19:47:00+00:00","mainEntityOfPage":{"@id":"https:\/\/blogdoprosperi.com\/?p=45574"},"wordCount":444,"commentCount":2,"publisher":{"@id":"https:\/\/blogdoprosperi.com\/#\/schema\/person\/38100755ce3601861ee4fab9b5aa78e9"},"image":{"@id":"https:\/\/blogdoprosperi.com\/?p=45574#primaryimage"},"thumbnailUrl":"https:\/\/i0.wp.com\/blogdoprosperi.com\/wp-content\/uploads\/2024\/09\/img_6572-1.jpg?fit=2000%2C1334&ssl=1","keywords":["futebol"],"articleSection":["futebol"],"inLanguage":"pt-BR","potentialAction":[{"@type":"CommentAction","name":"Comment","target":["https:\/\/blogdoprosperi.com\/?p=45574#respond"]}]},{"@type":"WebPage","@id":"https:\/\/blogdoprosperi.com\/?p=45574","url":"https:\/\/blogdoprosperi.com\/?p=45574","name":"Dorival Repete Lista de Convocados dos \u00daltimos Fracassos da Sele\u00e7\u00e3o Brasileira - PR\u00d3SPERI NEWS","isPartOf":{"@id":"https:\/\/blogdoprosperi.com\/#website"},"primaryImageOfPage":{"@id":"https:\/\/blogdoprosperi.com\/?p=45574#primaryimage"},"image":{"@id":"https:\/\/blogdoprosperi.com\/?p=45574#primaryimage"},"thumbnailUrl":"https:\/\/i0.wp.com\/blogdoprosperi.com\/wp-content\/uploads\/2024\/09\/img_6572-1.jpg?fit=2000%2C1334&ssl=1","datePublished":"2024-09-27T19:45:10+00:00","dateModified":"2024-09-27T19:47:00+00:00","breadcrumb":{"@id":"https:\/\/blogdoprosperi.com\/?p=45574#breadcrumb"},"inLanguage":"pt-BR","potentialAction":[{"@type":"ReadAction","target":["https:\/\/blogdoprosperi.com\/?p=45574"]}]},{"@type":"ImageObject","inLanguage":"pt-BR","@id":"https:\/\/blogdoprosperi.com\/?p=45574#primaryimage","url":"https:\/\/i0.wp.com\/blogdoprosperi.com\/wp-content\/uploads\/2024\/09\/img_6572-1.jpg?fit=2000%2C1334&ssl=1","contentUrl":"https:\/\/i0.wp.com\/blogdoprosperi.com\/wp-content\/uploads\/2024\/09\/img_6572-1.jpg?fit=2000%2C1334&ssl=1","width":2000,"height":1334},{"@type":"BreadcrumbList","@id":"https:\/\/blogdoprosperi.com\/?p=45574#breadcrumb","itemListElement":[{"@type":"ListItem","position":1,"name":"In\u00edcio","item":"https:\/\/blogdoprosperi.com\/"},{"@type":"ListItem","position":2,"name":"Dorival Repete Lista de Convocados dos \u00daltimos Fracassos da Sele\u00e7\u00e3o Brasileira"}]},{"@type":"WebSite","@id":"https:\/\/blogdoprosperi.com\/#website","url":"https:\/\/blogdoprosperi.com\/","name":"PR\u00d3SPERI NEWS","description":"TUDO \u00c9  FUTEBOL","publisher":{"@id":"https:\/\/blogdoprosperi.com\/#\/schema\/person\/38100755ce3601861ee4fab9b5aa78e9"},"alternateName":"blogdoprosperi.com","potentialAction":[{"@type":"SearchAction","target":{"@type":"EntryPoint","urlTemplate":"https:\/\/blogdoprosperi.com\/?s={search_term_string}"},"query-input":{"@type":"PropertyValueSpecification","valueRequired":true,"valueName":"search_term_string"}}],"inLanguage":"pt-BR"},{"@type":["Person","Organization"],"@id":"https:\/\/blogdoprosperi.com\/#\/schema\/person\/38100755ce3601861ee4fab9b5aa78e9","name":"Luiz Ant\u00f4nio Pr\u00f3speri","pronouns":"ele","image":{"@type":"ImageObject","inLanguage":"pt-BR","@id":"https:\/\/i0.wp.com\/blogdoprosperi.com\/wp-content\/uploads\/2026\/05\/cropped-8059e613-6002-42fa-961e-8e275f575d71-2-5.jpg?fit=1360%2C931&ssl=1","url":"https:\/\/i0.wp.com\/blogdoprosperi.com\/wp-content\/uploads\/2026\/05\/cropped-8059e613-6002-42fa-961e-8e275f575d71-2-5.jpg?fit=1360%2C931&ssl=1","contentUrl":"https:\/\/i0.wp.com\/blogdoprosperi.com\/wp-content\/uploads\/2026\/05\/cropped-8059e613-6002-42fa-961e-8e275f575d71-2-5.jpg?fit=1360%2C931&ssl=1","width":1360,"height":931,"caption":"Luiz Ant\u00f4nio Pr\u00f3speri"},"logo":{"@id":"https:\/\/i0.wp.com\/blogdoprosperi.com\/wp-content\/uploads\/2026\/05\/cropped-8059e613-6002-42fa-961e-8e275f575d71-2-5.jpg?fit=1360%2C931&ssl=1"},"description":"Jornalista com carreira dedicada ao esporte. Cobriu 9 Copas do Mundo in loco, 1990 na It\u00e1lia, 1994 nos EUA, 1998 na Fran\u00e7a, 2002 na Coreia do Sul e Jap\u00e3o, 2006 na Alemanha, 2010 na \u00c1frica do Sul, 2014 no Brasil, 2018 na R\u00fassia e 2022 no Qatar. Eurocopas, 1992 na Su\u00e9cia e 1996 na Inglaterra. Copa das Confedera\u00e7\u00f5es de 2005 na Alemanha e 2009 na \u00c1frica do Sul. Rep\u00f3rter e Editor, trabalhou no Jornal da Tarde e Estad\u00e3o, de 1984 a fevereiro de 2016. Colunista, blogueiro. E comentarista de futebol na R\u00e1dio Estad\u00e3o, de 2013 a fevereiro de 2016. Jornalista respons\u00e1vel do \"Pr\u00f3speri News\" (blogdoprosperi.com).","sameAs":["http:\/\/blogdoprosperi.com","Luiz Pr\u00f3speri","@luiz_prosperi","https:\/\/x.com\/Luizprosperi","@prosperinacopa","luiz.prosperi@icloud.com"],"url":"https:\/\/blogdoprosperi.com\/?author=102107496"}]}},"jetpack_publicize_connections":[],"jetpack_likes_enabled":false,"jetpack_sharing_enabled":true,"jetpack_shortlink":"https:\/\/wp.me\/p7jvdk-bR4","jetpack-related-posts":[{"id":45532,"url":"https:\/\/blogdoprosperi.com\/?p=45532","url_meta":{"origin":45574,"position":0},"title":"Sele\u00e7\u00e3o Brasileira: Hora de Apostar em Jogadores Dom\u00e9sticos e Largar os &#8220;Europeus&#8221;","author":"Luiz Ant\u00f4nio Pr\u00f3speri","date":"26 de setembro de 2024","format":false,"excerpt":"Sele\u00e7\u00e3o Brasileira submete jogadores \"europeus\" ao sacrif\u00edcio nas Eliminat\u00f3rias da Copa 2026. A hora \u00e9 dos \"dom\u00e9sticos\".","rel":"","context":"Em &quot;futebol&quot;","block_context":{"text":"futebol","link":"https:\/\/blogdoprosperi.com\/?cat=53870"},"img":{"alt_text":"Sele\u00e7\u00e3o: Hora de apostar no \"dom\u00e9sticos\"","src":"https:\/\/i0.wp.com\/blogdoprosperi.com\/wp-content\/uploads\/2024\/09\/53254740463_137ad4910b_k-aspect-ratio-512-320-4.webp?fit=1200%2C750&ssl=1&resize=350%2C200","width":350,"height":200,"srcset":"https:\/\/i0.wp.com\/blogdoprosperi.com\/wp-content\/uploads\/2024\/09\/53254740463_137ad4910b_k-aspect-ratio-512-320-4.webp?fit=1200%2C750&ssl=1&resize=350%2C200 1x, https:\/\/i0.wp.com\/blogdoprosperi.com\/wp-content\/uploads\/2024\/09\/53254740463_137ad4910b_k-aspect-ratio-512-320-4.webp?fit=1200%2C750&ssl=1&resize=525%2C300 1.5x, https:\/\/i0.wp.com\/blogdoprosperi.com\/wp-content\/uploads\/2024\/09\/53254740463_137ad4910b_k-aspect-ratio-512-320-4.webp?fit=1200%2C750&ssl=1&resize=700%2C400 2x, https:\/\/i0.wp.com\/blogdoprosperi.com\/wp-content\/uploads\/2024\/09\/53254740463_137ad4910b_k-aspect-ratio-512-320-4.webp?fit=1200%2C750&ssl=1&resize=1050%2C600 3x"},"classes":[]},{"id":45813,"url":"https:\/\/blogdoprosperi.com\/?p=45813","url_meta":{"origin":45574,"position":1},"title":"Brasil Precisa de Mais Brasil nas Eliminat\u00f3rias Sul-Americanas da Copa 2026","author":"Luiz Ant\u00f4nio Pr\u00f3speri","date":"11 de outubro de 2024","format":false,"excerpt":"Luiz Ant\u00f4nio Pr\u00f3speri \u2013 11 outubro (12h00) Botafogo empresta tr\u00eas jogadores \u00e0 Sele\u00e7\u00e3o Brasileira de Dorival Junior. Dois deles \u2013 Ygor Jesus e Luiz Henrique \u2013 convertem os gols da vit\u00f3ria (2 a 1) contra o Chile na quinta-feira (10\/10). O gol dos chilenos foi de Vargas, atacante reserva do\u2026","rel":"","context":"Em &quot;futebol&quot;","block_context":{"text":"futebol","link":"https:\/\/blogdoprosperi.com\/?cat=53870"},"img":{"alt_text":"Brasil precisa de mais Brasil nas Eliminat\u00f3rias","src":"https:\/\/i0.wp.com\/blogdoprosperi.com\/wp-content\/uploads\/2024\/10\/54058732893_a40e895ecc_k.jpg?fit=1200%2C819&ssl=1&resize=350%2C200","width":350,"height":200,"srcset":"https:\/\/i0.wp.com\/blogdoprosperi.com\/wp-content\/uploads\/2024\/10\/54058732893_a40e895ecc_k.jpg?fit=1200%2C819&ssl=1&resize=350%2C200 1x, https:\/\/i0.wp.com\/blogdoprosperi.com\/wp-content\/uploads\/2024\/10\/54058732893_a40e895ecc_k.jpg?fit=1200%2C819&ssl=1&resize=525%2C300 1.5x, https:\/\/i0.wp.com\/blogdoprosperi.com\/wp-content\/uploads\/2024\/10\/54058732893_a40e895ecc_k.jpg?fit=1200%2C819&ssl=1&resize=700%2C400 2x, https:\/\/i0.wp.com\/blogdoprosperi.com\/wp-content\/uploads\/2024\/10\/54058732893_a40e895ecc_k.jpg?fit=1200%2C819&ssl=1&resize=1050%2C600 3x"},"classes":[]},{"id":45800,"url":"https:\/\/blogdoprosperi.com\/?p=45800","url_meta":{"origin":45574,"position":2},"title":"Brasil Vence Chile e Dorival Junior j\u00e1 Pode Arrumar a Trouxinha","author":"Luiz Ant\u00f4nio Pr\u00f3speri","date":"10 de outubro de 2024","format":false,"excerpt":"Dorival Junior \u00e9 t\u00e9cnico de clube. N\u00e3o est\u00e1 no degrau da Sele\u00e7\u00e3o Brasileira. H\u00e1 quase um ano no comando do escrete, em 11 jogos, n\u00e3o saiu do lugar. Brasil se arrasta em campo. N\u00e3o tem ideias e, durante os jogos, Dorival n\u00e3o tira o time do seu quadrado. Vit\u00f3ria por\u2026","rel":"","context":"Em &quot;futebol&quot;","block_context":{"text":"futebol","link":"https:\/\/blogdoprosperi.com\/?cat=53870"},"img":{"alt_text":"Brasil joga mal. Dorival erra, mas vence Chile","src":"https:\/\/i0.wp.com\/blogdoprosperi.com\/wp-content\/uploads\/2024\/10\/54058378728_1379a41e32_c.jpg?fit=800%2C528&ssl=1&resize=350%2C200","width":350,"height":200,"srcset":"https:\/\/i0.wp.com\/blogdoprosperi.com\/wp-content\/uploads\/2024\/10\/54058378728_1379a41e32_c.jpg?fit=800%2C528&ssl=1&resize=350%2C200 1x, https:\/\/i0.wp.com\/blogdoprosperi.com\/wp-content\/uploads\/2024\/10\/54058378728_1379a41e32_c.jpg?fit=800%2C528&ssl=1&resize=525%2C300 1.5x, https:\/\/i0.wp.com\/blogdoprosperi.com\/wp-content\/uploads\/2024\/10\/54058378728_1379a41e32_c.jpg?fit=800%2C528&ssl=1&resize=700%2C400 2x"},"classes":[]},{"id":45879,"url":"https:\/\/blogdoprosperi.com\/?p=45879","url_meta":{"origin":45574,"position":3},"title":"Brasil x Peru | Sele\u00e7\u00e3o Joga, um Convite ao Div\u00e3 do Nosso Futebol","author":"Luiz Ant\u00f4nio Pr\u00f3speri","date":"15 de outubro de 2024","format":false,"excerpt":"Luiz Ant\u00f4nio Pr\u00f3speri \u2013 15 outubro (11h30) J\u00e1 disse mais de uma vez e n\u00e3o custa repetir: Sele\u00e7\u00e3o Brasileira entra em campo, ent\u00e3o vamos ao div\u00e3. Nos \u00faltimos dois anos, todos os jogos do escrete tem sido assim. Por um momento, coisa de 90 minutos e pouco mais, somos obrigados\u2026","rel":"","context":"Em &quot;futebol&quot;","block_context":{"text":"futebol","link":"https:\/\/blogdoprosperi.com\/?cat=53870"},"img":{"alt_text":"Futebol Brasileiro no div\u00e3 com a Sele\u00e7\u00e3o","src":"https:\/\/i0.wp.com\/blogdoprosperi.com\/wp-content\/uploads\/2024\/10\/54068283154_2fdf0339b4_c.jpg?fit=800%2C531&ssl=1&resize=350%2C200","width":350,"height":200,"srcset":"https:\/\/i0.wp.com\/blogdoprosperi.com\/wp-content\/uploads\/2024\/10\/54068283154_2fdf0339b4_c.jpg?fit=800%2C531&ssl=1&resize=350%2C200 1x, https:\/\/i0.wp.com\/blogdoprosperi.com\/wp-content\/uploads\/2024\/10\/54068283154_2fdf0339b4_c.jpg?fit=800%2C531&ssl=1&resize=525%2C300 1.5x, https:\/\/i0.wp.com\/blogdoprosperi.com\/wp-content\/uploads\/2024\/10\/54068283154_2fdf0339b4_c.jpg?fit=800%2C531&ssl=1&resize=700%2C400 2x"},"classes":[]},{"id":45707,"url":"https:\/\/blogdoprosperi.com\/?p=45707","url_meta":{"origin":45574,"position":4},"title":"Sele\u00e7\u00e3o Brasileira | Dorival Junior Cai na Cilada da CBF e Presidente Aguarda Julgamento do STF","author":"Luiz Ant\u00f4nio Pr\u00f3speri","date":"9 de outubro de 2024","format":false,"excerpt":"Luiz Ant\u00f4nio Pr\u00f3speri \u2013 9 outubro (00h10) Dorival Junior est\u00e1 por um fio no comando da Sele\u00e7\u00e3o Brasileira. Ednaldo Rodrigues tamb\u00e9m vive mesma situa\u00e7\u00e3o na presid\u00eancia da CBF. Dorival, o t\u00e9cnico, depende de uma vit\u00f3ria contra o Chile, jogo das Eliminat\u00f3rias da Copa 2026, quinta-feira (10\/10), em Santiago. Ednaldo, o\u2026","rel":"","context":"Em &quot;futebol&quot;","block_context":{"text":"futebol","link":"https:\/\/blogdoprosperi.com\/?cat=53870"},"img":{"alt_text":"Dorival por um fio na Sele\u00e7\u00e3o Brasileira","src":"https:\/\/i0.wp.com\/blogdoprosperi.com\/wp-content\/uploads\/2024\/10\/54052520387_3484cb21ae_k.jpg?fit=1200%2C776&ssl=1&resize=350%2C200","width":350,"height":200,"srcset":"https:\/\/i0.wp.com\/blogdoprosperi.com\/wp-content\/uploads\/2024\/10\/54052520387_3484cb21ae_k.jpg?fit=1200%2C776&ssl=1&resize=350%2C200 1x, https:\/\/i0.wp.com\/blogdoprosperi.com\/wp-content\/uploads\/2024\/10\/54052520387_3484cb21ae_k.jpg?fit=1200%2C776&ssl=1&resize=525%2C300 1.5x, https:\/\/i0.wp.com\/blogdoprosperi.com\/wp-content\/uploads\/2024\/10\/54052520387_3484cb21ae_k.jpg?fit=1200%2C776&ssl=1&resize=700%2C400 2x, https:\/\/i0.wp.com\/blogdoprosperi.com\/wp-content\/uploads\/2024\/10\/54052520387_3484cb21ae_k.jpg?fit=1200%2C776&ssl=1&resize=1050%2C600 3x"},"classes":[]},{"id":43725,"url":"https:\/\/blogdoprosperi.com\/?p=43725","url_meta":{"origin":45574,"position":5},"title":"Sele\u00e7\u00e3o Brasileira eliminada na Copa Am\u00e9rica 2024: muito obrigado Dorival J\u00fanior","author":"Luiz Ant\u00f4nio Pr\u00f3speri","date":"7 de julho de 2024","format":false,"excerpt":"Por Luiz Ant\u00f4nio Pr\u00f3speri - (07\/7) - 00h30 Sele\u00e7\u00e3o Brasileira est\u00e1 fora da Copa Am\u00e9rica 2024. Cai eliminada nos p\u00eanaltis para o Uruguai. \u00c9 a realidade do futebol do Brasil. Desbotado como o amarelo da nova camisa grife Nike. Opaco como a gola verde clara. Sem personalidade como a maioria\u2026","rel":"","context":"Em &quot;futebol&quot;","block_context":{"text":"futebol","link":"https:\/\/blogdoprosperi.com\/?cat=53870"},"img":{"alt_text":"Brasil fora da Copa Am\u00e9rica 2024","src":"https:\/\/i0.wp.com\/blogdoprosperi.com\/wp-content\/uploads\/2024\/07\/gr2kqrdxkaas3fo.jpeg?fit=1200%2C675&ssl=1&resize=350%2C200","width":350,"height":200,"srcset":"https:\/\/i0.wp.com\/blogdoprosperi.com\/wp-content\/uploads\/2024\/07\/gr2kqrdxkaas3fo.jpeg?fit=1200%2C675&ssl=1&resize=350%2C200 1x, https:\/\/i0.wp.com\/blogdoprosperi.com\/wp-content\/uploads\/2024\/07\/gr2kqrdxkaas3fo.jpeg?fit=1200%2C675&ssl=1&resize=525%2C300 1.5x, https:\/\/i0.wp.com\/blogdoprosperi.com\/wp-content\/uploads\/2024\/07\/gr2kqrdxkaas3fo.jpeg?fit=1200%2C675&ssl=1&resize=700%2C400 2x, https:\/\/i0.wp.com\/blogdoprosperi.com\/wp-content\/uploads\/2024\/07\/gr2kqrdxkaas3fo.jpeg?fit=1200%2C675&ssl=1&resize=1050%2C600 3x"},"classes":[]}],"jetpack_featured_media_url":"https:\/\/i0.wp.com\/blogdoprosperi.com\/wp-content\/uploads\/2024\/09\/img_6572-1.jpg?fit=2000%2C1334&ssl=1","_links":{"self":[{"href":"https:\/\/blogdoprosperi.com\/index.php?rest_route=\/wp\/v2\/posts\/45574","targetHints":{"allow":["GET"]}}],"collection":[{"href":"https:\/\/blogdoprosperi.com\/index.php?rest_route=\/wp\/v2\/posts"}],"about":[{"href":"https:\/\/blogdoprosperi.com\/index.php?rest_route=\/wp\/v2\/types\/post"}],"author":[{"embeddable":true,"href":"https:\/\/blogdoprosperi.com\/index.php?rest_route=\/wp\/v2\/users\/102107496"}],"replies":[{"embeddable":true,"href":"https:\/\/blogdoprosperi.com\/index.php?rest_route=%2Fwp%2Fv2%2Fcomments&post=45574"}],"version-history":[{"count":7,"href":"https:\/\/blogdoprosperi.com\/index.php?rest_route=\/wp\/v2\/posts\/45574\/revisions"}],"predecessor-version":[{"id":45582,"href":"https:\/\/blogdoprosperi.com\/index.php?rest_route=\/wp\/v2\/posts\/45574\/revisions\/45582"}],"wp:featuredmedia":[{"embeddable":true,"href":"https:\/\/blogdoprosperi.com\/index.php?rest_route=\/wp\/v2\/media\/45579"}],"wp:attachment":[{"href":"https:\/\/blogdoprosperi.com\/index.php?rest_route=%2Fwp%2Fv2%2Fmedia&parent=45574"}],"wp:term":[{"taxonomy":"category","embeddable":true,"href":"https:\/\/blogdoprosperi.com\/index.php?rest_route=%2Fwp%2Fv2%2Fcategories&post=45574"},{"taxonomy":"post_tag","embeddable":true,"href":"https:\/\/blogdoprosperi.com\/index.php?rest_route=%2Fwp%2Fv2%2Ftags&post=45574"}],"curies":[{"name":"wp","href":"https:\/\/api.w.org\/{rel}","templated":true}]}}