{"id":45624,"date":"2024-10-01T19:53:11","date_gmt":"2024-10-01T22:53:11","guid":{"rendered":"https:\/\/blogdoprosperi.com\/?p=45624"},"modified":"2024-10-03T13:10:37","modified_gmt":"2024-10-03T16:10:37","slug":"gilmar-mendes-ministro-do-stf-banca-presidente-da-cbf","status":"publish","type":"post","link":"https:\/\/blogdoprosperi.com\/?p=45624","title":{"rendered":"Gilmar Mendes, Ministro do STF, Banca Presidente da CBF at\u00e9 Desfecho do Julgamento"},"content":{"rendered":"<p><em>Luiz Ant\u00f4nio Pr\u00f3speri \u2013 1 outubro (19h45)<\/em><\/p>\n<p>Gilmar Mendes, ministro do Superior Tribunal Federal (STF), \u00e9 o fiador da perman\u00eancia de Ednaldo Rodrigues na presid\u00eancia da CBF desde janeiro de 2024. Por tabela, respalda os embates jur\u00eddicos que Ednaldo enfrenta na entidade. Por exemplo, esse confronto no STJD (Superior Tribunal de Justi\u00e7a Desportiva) com Corinthians e Vasco contra CBF na mudan\u00e7a das datas das semifinais da Copa do Brasil favor\u00e1vel a Flamengo e Atl\u00e9tico-MG. Destino de Ednaldo na CBF ser\u00e1 conhecido no julgamento do STF nessa quinta-feira (03\/10).<\/p>\n<p>A hist\u00f3ria come\u00e7a assim.<\/p>\n<p>Ednaldo havia sido afastado do comando da CBF, em dezembro de 2023, por determina\u00e7\u00e3o do Minist\u00e9rio P\u00fablico do Rio de Janeiro. Argumento do MP-RJ apontava inconstitucionalidade na elei\u00e7\u00e3o de Ednaldo \u00e0 presid\u00eancia em mar\u00e7o de 2022. Sai Ednaldo e o MP nomeia interventor que vinha ser o presidente do Superior Tribunal de Justi\u00e7a Desportiva.<\/p>\n<p>Afastado da CBF, Ednaldo se socorre ao STF. Em parceria com pol\u00edticos do partido PCdoB e advogados do IDP (Instituto de Ensino, Desenvolvimento e Pesquisa) \u2013 fundado por Gilmar Mendes e administrado por seu filho e s\u00f3cio Francisco Mendes \u2013 entra com recurso que chega a Gilmar Mendes, relator do caso no STF.<\/p>\n<p>De imediato, Gilmar concede liminar <span style=\"color: #0000ff\"><strong><a style=\"color: #0000ff\" href=\"https:\/\/blogdoprosperi.com\/2024\/09\/25\/cbf-em-transe-stf-decide-futuro-do-presidente-ednaldo-rodrigues-dia-25\/\">dia 4 de janeiro de 2024 devolvendo Ednaldo Rodrigues \u00e0 presid\u00eancia da CBF.<\/a><\/strong><\/span> Gilmar argumenta que a interven\u00e7\u00e3o na CBF poderia tirar o futebol brasileiro do Pr\u00e9-Ol\u00edmpico Paris 2024, a ser disputado em fevereiro de 2024.<\/p>\n<p>E mais: Gilmar submete o julgamento da liminar favor\u00e1vel a Ednaldo \u00e0 pauta do plen\u00e1rio do STF. Julgamento \u00e9 marcado para o dia 25 de setembro. Surpresa, no dia 25 de setembro Gilmar retira julgamento da pauta. Famoso, empurra com a barriga. Empurra empurra que pode acabar amanh\u00e3, dia 3\/10, quando o<strong> STF deve julgar a liminar de Gilmar Mendes favor\u00e1vel ao presidente da CBF.\u00a0<\/strong><\/p>\n<figure id=\"attachment_45630\" aria-describedby=\"caption-attachment-45630\" style=\"width: 680px\" class=\"wp-caption alignnone\"><img data-recalc-dims=\"1\" loading=\"lazy\" decoding=\"async\" data-attachment-id=\"45630\" data-permalink=\"https:\/\/blogdoprosperi.com\/?attachment_id=45630\" data-orig-file=\"https:\/\/i0.wp.com\/blogdoprosperi.com\/wp-content\/uploads\/2024\/10\/ednaldo-rodrigues-680x375-1.jpg?fit=680%2C375&amp;ssl=1\" data-orig-size=\"680,375\" data-comments-opened=\"1\" data-image-meta=\"{&quot;aperture&quot;:&quot;0&quot;,&quot;credit&quot;:&quot;&quot;,&quot;camera&quot;:&quot;&quot;,&quot;caption&quot;:&quot;&quot;,&quot;created_timestamp&quot;:&quot;0&quot;,&quot;copyright&quot;:&quot;&quot;,&quot;focal_length&quot;:&quot;0&quot;,&quot;iso&quot;:&quot;0&quot;,&quot;shutter_speed&quot;:&quot;0&quot;,&quot;title&quot;:&quot;&quot;,&quot;orientation&quot;:&quot;0&quot;}\" data-image-title=\"Ednaldo Rodrigues presidente da CBF\" data-image-description=\"\" data-image-caption=\"&lt;p&gt;Ednaldo Rodrigues na CBF \u2013 foto: reprodu\u00e7\u00e3o Instagram&lt;\/p&gt;\n\" data-large-file=\"https:\/\/i0.wp.com\/blogdoprosperi.com\/wp-content\/uploads\/2024\/10\/ednaldo-rodrigues-680x375-1.jpg?fit=680%2C375&amp;ssl=1\" class=\"size-full wp-image-45630\" src=\"https:\/\/i0.wp.com\/blogdoprosperi.com\/wp-content\/uploads\/2024\/10\/ednaldo-rodrigues-680x375-1.jpg?resize=680%2C375&#038;ssl=1\" alt=\"Ednaldo tem aliados no Judici\u00e1rio\" width=\"680\" height=\"375\" \/><figcaption id=\"caption-attachment-45630\" class=\"wp-caption-text\"><em>Ednaldo Rodrigues na CBF \u2013 foto: reprodu\u00e7\u00e3o Instagram<\/em><\/figcaption><\/figure>\n<p>De janeiro a setembro em curso, Ednaldo trata de se proteger. Associa ainda mais o CBF Academy, divis\u00e3o da entidade que realiza cursos de futebol e gest\u00e3o, ao instituto de Gilmar Mendes, o IDP, que assume o controle dos cursos.<\/p>\n<p>Tr\u00eas advogados do IDP passam a ter cargos dentro da CBF. Um deles, Hugo Teixeira (diretor de opera\u00e7\u00f5es do IDP), \u00e9 escalado por Gilmar Mendes na fun\u00e7\u00e3o de assessor especial do presidente Ednaldo na CBF, informa o jornalista PVC no UOL.<\/p>\n<p>Tem mais: novo presidente do STJD (Superior Tribunal de Justi\u00e7a Desportiva), Luis Ot\u00e1vio Ver\u00edssimo, \u00e9 doutorado pelo IDP de Gilmar Mendes.<\/p>\n<p>A teia est\u00e1 armada. <strong>Gilmar garante Ednaldo na CBF, adiando julgamento da liminar que concedeu ao presidente no STF. E se assegura com um aliado na presid\u00eancia do STJD<\/strong>.<\/p>\n<p>Se por acaso, a liminar cair por decis\u00e3o do STF, Ednaldo Rodrigues deixaria o comando da CBF e quem assumiria como interventor seria o presidente do STJD, Luis Ot\u00e1vio Ver\u00edssimo. Gilmar Mendes no leme.<\/p>\n<p>Voltando ao recurso apresentado por Corinthians e Vasco ao STJD contra decis\u00e3o da CBF de mudar as datas dos jogos de volta da Copa do Brasil a pedido do Flamengo, a briga jur\u00eddica nem deve ir adiante.<\/p>\n<p>\u00c9 bem prov\u00e1vel que o STJD se manifeste a favor da CBF e, por tabela, a Flamengo e Atl\u00e9itco.<\/p>\n<blockquote><p><strong>ENTENDA CASO DA COPA DO BRASIL<\/strong><\/p>\n<p>Flamengo e Atl\u00e9tico-MG pedem \u00e0 CBF para alterar a data dos jogos de volta das semifinais da Copa do Brasil. Tabela marcava para o dia 17 outubro.<\/p>\n<p>Clubes alegam que seriam prejudicados por causa da Data Fifa, que se encerra dia 15 outubro. Fla e Galo t\u00eam muitos jogadores convocados pela Sele\u00e7\u00e3o Brasileira e outras sele\u00e7\u00f5es sul-americanas. Portanto, muitos desfalques nos jogos decisivos da Copa do Brasil.<\/p>\n<p>CBF atende e altera as datas para dias 19 e 20 de outubro.<\/p>\n<p>Corinthians e Vasco n\u00e3o concordam alegando que essas datas mexem no calend\u00e1rio do Brasileir\u00e3o e dois seriam prejudicados nas rodadas.<\/p><\/blockquote>\n<p>Como diria o diretor, E La Nave Va.<\/p>\n","protected":false},"excerpt":{"rendered":"<p>Luiz Ant\u00f4nio Pr\u00f3speri \u2013 1 outubro (19h45) Gilmar Mendes, ministro do Superior Tribunal Federal (STF), \u00e9 o fiador [&hellip;]<\/p>\n","protected":false},"author":102107496,"featured_media":45631,"comment_status":"open","ping_status":"open","sticky":false,"template":"","format":"standard","meta":{"_coblocks_attr":"","_coblocks_dimensions":"","_coblocks_responsive_height":"","_coblocks_accordion_ie_support":"","_jetpack_newsletter_access":"","_jetpack_dont_email_post_to_subs":false,"_jetpack_newsletter_tier_id":0,"_jetpack_memberships_contains_paywalled_content":false,"_wpcom_ai_launchpad_first_post":false,"_jetpack_feature_clip_id":0,"_jetpack_memberships_contains_paid_content":false,"footnotes":"","jetpack_publicize_message":"","jetpack_publicize_feature_enabled":true,"jetpack_social_post_already_shared":false,"jetpack_social_options":{"image_generator_settings":{"template":"highway","default_image_id":0,"font":"","enabled":false},"version":2},"jetpack_post_was_ever_published":false},"categories":[53870,20384],"tags":[10668348,789560569,789560570,213405497,789560560,980754,789560573,278832,2245454],"class_list":["post-45624","post","type-post","status-publish","format-standard","has-post-thumbnail","hentry","category-futebol","category-informacao","tag-0000ff","tag-cbf","tag-copa-do-brasil","tag-ednaldo-rodrigues","tag-futebol","tag-gilmar-mendes","tag-luiz-antonio-prosperi","tag-stf","tag-stjd"],"yoast_head":"<!-- This site is optimized with the Yoast SEO plugin v28.4 - https:\/\/yoast.com\/product\/yoast-seo-wordpress\/ -->\n<title>Gilmar Mendes, Ministro do STF, Banca Presidente da CBF at\u00e9 Desfecho do Julgamento - PR\u00d3SPERI NEWS<\/title>\n<meta name=\"robots\" content=\"index, follow, max-snippet:-1, max-image-preview:large, max-video-preview:-1\" \/>\n<link rel=\"canonical\" href=\"https:\/\/blogdoprosperi.com\/?p=45624\" \/>\n<meta property=\"og:locale\" content=\"pt_BR\" \/>\n<meta property=\"og:type\" content=\"article\" \/>\n<meta property=\"og:title\" content=\"Gilmar Mendes, Ministro do STF, Banca Presidente da CBF at\u00e9 Desfecho do Julgamento - PR\u00d3SPERI NEWS\" \/>\n<meta property=\"og:description\" content=\"Luiz Ant\u00f4nio Pr\u00f3speri \u2013 1 outubro (19h45) Gilmar Mendes, ministro do Superior Tribunal Federal (STF), \u00e9 o fiador [&hellip;]\" \/>\n<meta property=\"og:url\" content=\"https:\/\/blogdoprosperi.com\/?p=45624\" \/>\n<meta property=\"og:site_name\" content=\"PR\u00d3SPERI NEWS\" \/>\n<meta property=\"article:publisher\" content=\"Luiz Pr\u00f3speri\" \/>\n<meta property=\"article:author\" content=\"Luiz Pr\u00f3speri\" \/>\n<meta property=\"article:published_time\" content=\"2024-10-01T22:53:11+00:00\" \/>\n<meta property=\"article:modified_time\" content=\"2024-10-03T16:10:37+00:00\" \/>\n<meta property=\"og:image\" content=\"https:\/\/i0.wp.com\/blogdoprosperi.com\/wp-content\/uploads\/2024\/10\/gilmar-mendes-stf.webp?fit=888%2C593&ssl=1\" \/>\n\t<meta property=\"og:image:width\" content=\"888\" \/>\n\t<meta property=\"og:image:height\" content=\"593\" \/>\n\t<meta property=\"og:image:type\" content=\"image\/webp\" \/>\n<meta name=\"author\" content=\"Luiz Ant\u00f4nio Pr\u00f3speri\" \/>\n<meta name=\"twitter:card\" content=\"summary_large_image\" \/>\n<meta name=\"twitter:creator\" content=\"@Luizprosperi\" \/>\n<meta name=\"twitter:site\" content=\"@Luizprosperi\" \/>\n<meta name=\"twitter:label1\" content=\"Escrito por\" \/>\n\t<meta name=\"twitter:data1\" content=\"Luiz Ant\u00f4nio Pr\u00f3speri\" \/>\n\t<meta name=\"twitter:label2\" content=\"Est. tempo de leitura\" \/>\n\t<meta name=\"twitter:data2\" content=\"3 minutos\" \/>\n<script type=\"application\/ld+json\" class=\"yoast-schema-graph\">{\"@context\":\"https:\\\/\\\/schema.org\",\"@graph\":[{\"@type\":\"Article\",\"@id\":\"https:\\\/\\\/blogdoprosperi.com\\\/?p=45624#article\",\"isPartOf\":{\"@id\":\"https:\\\/\\\/blogdoprosperi.com\\\/?p=45624\"},\"author\":{\"name\":\"Luiz Ant\u00f4nio Pr\u00f3speri\",\"@id\":\"https:\\\/\\\/blogdoprosperi.com\\\/#\\\/schema\\\/person\\\/38100755ce3601861ee4fab9b5aa78e9\"},\"headline\":\"Gilmar Mendes, Ministro do STF, Banca Presidente da CBF at\u00e9 Desfecho do Julgamento\",\"datePublished\":\"2024-10-01T22:53:11+00:00\",\"dateModified\":\"2024-10-03T16:10:37+00:00\",\"mainEntityOfPage\":{\"@id\":\"https:\\\/\\\/blogdoprosperi.com\\\/?p=45624\"},\"wordCount\":690,\"commentCount\":1,\"publisher\":{\"@id\":\"https:\\\/\\\/blogdoprosperi.com\\\/#\\\/schema\\\/person\\\/38100755ce3601861ee4fab9b5aa78e9\"},\"image\":{\"@id\":\"https:\\\/\\\/blogdoprosperi.com\\\/?p=45624#primaryimage\"},\"thumbnailUrl\":\"https:\\\/\\\/i0.wp.com\\\/blogdoprosperi.com\\\/wp-content\\\/uploads\\\/2024\\\/10\\\/gilmar-mendes-stf.webp?fit=888%2C593&ssl=1\",\"keywords\":[\"0000ff\",\"CBF\",\"Copa do Brasil\",\"Ednaldo Rodrigues\",\"futebol\",\"Gilmar mendes\",\"Luiz Ant\u00f4nio Pr\u00f3speri\",\"stf\",\"STJD\"],\"articleSection\":[\"futebol\",\"informa\u00e7\u00e3o\"],\"inLanguage\":\"pt-BR\",\"potentialAction\":[{\"@type\":\"CommentAction\",\"name\":\"Comment\",\"target\":[\"https:\\\/\\\/blogdoprosperi.com\\\/?p=45624#respond\"]}]},{\"@type\":\"WebPage\",\"@id\":\"https:\\\/\\\/blogdoprosperi.com\\\/?p=45624\",\"url\":\"https:\\\/\\\/blogdoprosperi.com\\\/?p=45624\",\"name\":\"Gilmar Mendes, Ministro do STF, Banca Presidente da CBF at\u00e9 Desfecho do Julgamento - PR\u00d3SPERI NEWS\",\"isPartOf\":{\"@id\":\"https:\\\/\\\/blogdoprosperi.com\\\/#website\"},\"primaryImageOfPage\":{\"@id\":\"https:\\\/\\\/blogdoprosperi.com\\\/?p=45624#primaryimage\"},\"image\":{\"@id\":\"https:\\\/\\\/blogdoprosperi.com\\\/?p=45624#primaryimage\"},\"thumbnailUrl\":\"https:\\\/\\\/i0.wp.com\\\/blogdoprosperi.com\\\/wp-content\\\/uploads\\\/2024\\\/10\\\/gilmar-mendes-stf.webp?fit=888%2C593&ssl=1\",\"datePublished\":\"2024-10-01T22:53:11+00:00\",\"dateModified\":\"2024-10-03T16:10:37+00:00\",\"breadcrumb\":{\"@id\":\"https:\\\/\\\/blogdoprosperi.com\\\/?p=45624#breadcrumb\"},\"inLanguage\":\"pt-BR\",\"potentialAction\":[{\"@type\":\"ReadAction\",\"target\":[\"https:\\\/\\\/blogdoprosperi.com\\\/?p=45624\"]}]},{\"@type\":\"ImageObject\",\"inLanguage\":\"pt-BR\",\"@id\":\"https:\\\/\\\/blogdoprosperi.com\\\/?p=45624#primaryimage\",\"url\":\"https:\\\/\\\/i0.wp.com\\\/blogdoprosperi.com\\\/wp-content\\\/uploads\\\/2024\\\/10\\\/gilmar-mendes-stf.webp?fit=888%2C593&ssl=1\",\"contentUrl\":\"https:\\\/\\\/i0.wp.com\\\/blogdoprosperi.com\\\/wp-content\\\/uploads\\\/2024\\\/10\\\/gilmar-mendes-stf.webp?fit=888%2C593&ssl=1\",\"width\":888,\"height\":593,\"caption\":\"Ministro Gilmar Mendes no STF \u2013 foto: STF oficial\"},{\"@type\":\"BreadcrumbList\",\"@id\":\"https:\\\/\\\/blogdoprosperi.com\\\/?p=45624#breadcrumb\",\"itemListElement\":[{\"@type\":\"ListItem\",\"position\":1,\"name\":\"In\u00edcio\",\"item\":\"https:\\\/\\\/blogdoprosperi.com\\\/\"},{\"@type\":\"ListItem\",\"position\":2,\"name\":\"Gilmar Mendes, Ministro do STF, Banca Presidente da CBF at\u00e9 Desfecho do Julgamento\"}]},{\"@type\":\"WebSite\",\"@id\":\"https:\\\/\\\/blogdoprosperi.com\\\/#website\",\"url\":\"https:\\\/\\\/blogdoprosperi.com\\\/\",\"name\":\"PR\u00d3SPERI NEWS\",\"description\":\"TUDO \u00c9  FUTEBOL\",\"publisher\":{\"@id\":\"https:\\\/\\\/blogdoprosperi.com\\\/#\\\/schema\\\/person\\\/38100755ce3601861ee4fab9b5aa78e9\"},\"alternateName\":\"blogdoprosperi.com\",\"potentialAction\":[{\"@type\":\"SearchAction\",\"target\":{\"@type\":\"EntryPoint\",\"urlTemplate\":\"https:\\\/\\\/blogdoprosperi.com\\\/?s={search_term_string}\"},\"query-input\":{\"@type\":\"PropertyValueSpecification\",\"valueRequired\":true,\"valueName\":\"search_term_string\"}}],\"inLanguage\":\"pt-BR\"},{\"@type\":[\"Person\",\"Organization\"],\"@id\":\"https:\\\/\\\/blogdoprosperi.com\\\/#\\\/schema\\\/person\\\/38100755ce3601861ee4fab9b5aa78e9\",\"name\":\"Luiz Ant\u00f4nio Pr\u00f3speri\",\"pronouns\":\"ele\",\"image\":{\"@type\":\"ImageObject\",\"inLanguage\":\"pt-BR\",\"@id\":\"https:\\\/\\\/i0.wp.com\\\/blogdoprosperi.com\\\/wp-content\\\/uploads\\\/2026\\\/05\\\/cropped-8059e613-6002-42fa-961e-8e275f575d71-2-5.jpg?fit=1360%2C931&ssl=1\",\"url\":\"https:\\\/\\\/i0.wp.com\\\/blogdoprosperi.com\\\/wp-content\\\/uploads\\\/2026\\\/05\\\/cropped-8059e613-6002-42fa-961e-8e275f575d71-2-5.jpg?fit=1360%2C931&ssl=1\",\"contentUrl\":\"https:\\\/\\\/i0.wp.com\\\/blogdoprosperi.com\\\/wp-content\\\/uploads\\\/2026\\\/05\\\/cropped-8059e613-6002-42fa-961e-8e275f575d71-2-5.jpg?fit=1360%2C931&ssl=1\",\"width\":1360,\"height\":931,\"caption\":\"Luiz Ant\u00f4nio Pr\u00f3speri\"},\"logo\":{\"@id\":\"https:\\\/\\\/i0.wp.com\\\/blogdoprosperi.com\\\/wp-content\\\/uploads\\\/2026\\\/05\\\/cropped-8059e613-6002-42fa-961e-8e275f575d71-2-5.jpg?fit=1360%2C931&ssl=1\"},\"description\":\"Jornalista com carreira dedicada ao esporte. Cobriu 9 Copas do Mundo in loco, 1990 na It\u00e1lia, 1994 nos EUA, 1998 na Fran\u00e7a, 2002 na Coreia do Sul e Jap\u00e3o, 2006 na Alemanha, 2010 na \u00c1frica do Sul, 2014 no Brasil, 2018 na R\u00fassia e 2022 no Qatar. Eurocopas, 1992 na Su\u00e9cia e 1996 na Inglaterra. Copa das Confedera\u00e7\u00f5es de 2005 na Alemanha e 2009 na \u00c1frica do Sul. Rep\u00f3rter e Editor, trabalhou no Jornal da Tarde e Estad\u00e3o, de 1984 a fevereiro de 2016. Colunista, blogueiro. E comentarista de futebol na R\u00e1dio Estad\u00e3o, de 2013 a fevereiro de 2016. Jornalista respons\u00e1vel do \\\"Pr\u00f3speri News\\\" (blogdoprosperi.com).\",\"sameAs\":[\"http:\\\/\\\/blogdoprosperi.com\",\"Luiz Pr\u00f3speri\",\"@luiz_prosperi\",\"https:\\\/\\\/x.com\\\/Luizprosperi\",\"@prosperinacopa\",\"luiz.prosperi@icloud.com\"],\"url\":\"https:\\\/\\\/blogdoprosperi.com\\\/?author=102107496\"}]}<\/script>\n<!-- \/ Yoast SEO plugin. -->","yoast_head_json":{"title":"Gilmar Mendes, Ministro do STF, Banca Presidente da CBF at\u00e9 Desfecho do Julgamento - PR\u00d3SPERI NEWS","robots":{"index":"index","follow":"follow","max-snippet":"max-snippet:-1","max-image-preview":"max-image-preview:large","max-video-preview":"max-video-preview:-1"},"canonical":"https:\/\/blogdoprosperi.com\/?p=45624","og_locale":"pt_BR","og_type":"article","og_title":"Gilmar Mendes, Ministro do STF, Banca Presidente da CBF at\u00e9 Desfecho do Julgamento - PR\u00d3SPERI NEWS","og_description":"Luiz Ant\u00f4nio Pr\u00f3speri \u2013 1 outubro (19h45) Gilmar Mendes, ministro do Superior Tribunal Federal (STF), \u00e9 o fiador [&hellip;]","og_url":"https:\/\/blogdoprosperi.com\/?p=45624","og_site_name":"PR\u00d3SPERI NEWS","article_publisher":"Luiz Pr\u00f3speri","article_author":"Luiz Pr\u00f3speri","article_published_time":"2024-10-01T22:53:11+00:00","article_modified_time":"2024-10-03T16:10:37+00:00","og_image":[{"width":888,"height":593,"url":"https:\/\/i0.wp.com\/blogdoprosperi.com\/wp-content\/uploads\/2024\/10\/gilmar-mendes-stf.webp?fit=888%2C593&ssl=1","type":"image\/webp"}],"author":"Luiz Ant\u00f4nio Pr\u00f3speri","twitter_card":"summary_large_image","twitter_creator":"@Luizprosperi","twitter_site":"@Luizprosperi","twitter_misc":{"Escrito por":"Luiz Ant\u00f4nio Pr\u00f3speri","Est. tempo de leitura":"3 minutos"},"schema":{"@context":"https:\/\/schema.org","@graph":[{"@type":"Article","@id":"https:\/\/blogdoprosperi.com\/?p=45624#article","isPartOf":{"@id":"https:\/\/blogdoprosperi.com\/?p=45624"},"author":{"name":"Luiz Ant\u00f4nio Pr\u00f3speri","@id":"https:\/\/blogdoprosperi.com\/#\/schema\/person\/38100755ce3601861ee4fab9b5aa78e9"},"headline":"Gilmar Mendes, Ministro do STF, Banca Presidente da CBF at\u00e9 Desfecho do Julgamento","datePublished":"2024-10-01T22:53:11+00:00","dateModified":"2024-10-03T16:10:37+00:00","mainEntityOfPage":{"@id":"https:\/\/blogdoprosperi.com\/?p=45624"},"wordCount":690,"commentCount":1,"publisher":{"@id":"https:\/\/blogdoprosperi.com\/#\/schema\/person\/38100755ce3601861ee4fab9b5aa78e9"},"image":{"@id":"https:\/\/blogdoprosperi.com\/?p=45624#primaryimage"},"thumbnailUrl":"https:\/\/i0.wp.com\/blogdoprosperi.com\/wp-content\/uploads\/2024\/10\/gilmar-mendes-stf.webp?fit=888%2C593&ssl=1","keywords":["0000ff","CBF","Copa do Brasil","Ednaldo Rodrigues","futebol","Gilmar mendes","Luiz Ant\u00f4nio Pr\u00f3speri","stf","STJD"],"articleSection":["futebol","informa\u00e7\u00e3o"],"inLanguage":"pt-BR","potentialAction":[{"@type":"CommentAction","name":"Comment","target":["https:\/\/blogdoprosperi.com\/?p=45624#respond"]}]},{"@type":"WebPage","@id":"https:\/\/blogdoprosperi.com\/?p=45624","url":"https:\/\/blogdoprosperi.com\/?p=45624","name":"Gilmar Mendes, Ministro do STF, Banca Presidente da CBF at\u00e9 Desfecho do Julgamento - PR\u00d3SPERI NEWS","isPartOf":{"@id":"https:\/\/blogdoprosperi.com\/#website"},"primaryImageOfPage":{"@id":"https:\/\/blogdoprosperi.com\/?p=45624#primaryimage"},"image":{"@id":"https:\/\/blogdoprosperi.com\/?p=45624#primaryimage"},"thumbnailUrl":"https:\/\/i0.wp.com\/blogdoprosperi.com\/wp-content\/uploads\/2024\/10\/gilmar-mendes-stf.webp?fit=888%2C593&ssl=1","datePublished":"2024-10-01T22:53:11+00:00","dateModified":"2024-10-03T16:10:37+00:00","breadcrumb":{"@id":"https:\/\/blogdoprosperi.com\/?p=45624#breadcrumb"},"inLanguage":"pt-BR","potentialAction":[{"@type":"ReadAction","target":["https:\/\/blogdoprosperi.com\/?p=45624"]}]},{"@type":"ImageObject","inLanguage":"pt-BR","@id":"https:\/\/blogdoprosperi.com\/?p=45624#primaryimage","url":"https:\/\/i0.wp.com\/blogdoprosperi.com\/wp-content\/uploads\/2024\/10\/gilmar-mendes-stf.webp?fit=888%2C593&ssl=1","contentUrl":"https:\/\/i0.wp.com\/blogdoprosperi.com\/wp-content\/uploads\/2024\/10\/gilmar-mendes-stf.webp?fit=888%2C593&ssl=1","width":888,"height":593,"caption":"Ministro Gilmar Mendes no STF \u2013 foto: STF oficial"},{"@type":"BreadcrumbList","@id":"https:\/\/blogdoprosperi.com\/?p=45624#breadcrumb","itemListElement":[{"@type":"ListItem","position":1,"name":"In\u00edcio","item":"https:\/\/blogdoprosperi.com\/"},{"@type":"ListItem","position":2,"name":"Gilmar Mendes, Ministro do STF, Banca Presidente da CBF at\u00e9 Desfecho do Julgamento"}]},{"@type":"WebSite","@id":"https:\/\/blogdoprosperi.com\/#website","url":"https:\/\/blogdoprosperi.com\/","name":"PR\u00d3SPERI NEWS","description":"TUDO \u00c9  FUTEBOL","publisher":{"@id":"https:\/\/blogdoprosperi.com\/#\/schema\/person\/38100755ce3601861ee4fab9b5aa78e9"},"alternateName":"blogdoprosperi.com","potentialAction":[{"@type":"SearchAction","target":{"@type":"EntryPoint","urlTemplate":"https:\/\/blogdoprosperi.com\/?s={search_term_string}"},"query-input":{"@type":"PropertyValueSpecification","valueRequired":true,"valueName":"search_term_string"}}],"inLanguage":"pt-BR"},{"@type":["Person","Organization"],"@id":"https:\/\/blogdoprosperi.com\/#\/schema\/person\/38100755ce3601861ee4fab9b5aa78e9","name":"Luiz Ant\u00f4nio Pr\u00f3speri","pronouns":"ele","image":{"@type":"ImageObject","inLanguage":"pt-BR","@id":"https:\/\/i0.wp.com\/blogdoprosperi.com\/wp-content\/uploads\/2026\/05\/cropped-8059e613-6002-42fa-961e-8e275f575d71-2-5.jpg?fit=1360%2C931&ssl=1","url":"https:\/\/i0.wp.com\/blogdoprosperi.com\/wp-content\/uploads\/2026\/05\/cropped-8059e613-6002-42fa-961e-8e275f575d71-2-5.jpg?fit=1360%2C931&ssl=1","contentUrl":"https:\/\/i0.wp.com\/blogdoprosperi.com\/wp-content\/uploads\/2026\/05\/cropped-8059e613-6002-42fa-961e-8e275f575d71-2-5.jpg?fit=1360%2C931&ssl=1","width":1360,"height":931,"caption":"Luiz Ant\u00f4nio Pr\u00f3speri"},"logo":{"@id":"https:\/\/i0.wp.com\/blogdoprosperi.com\/wp-content\/uploads\/2026\/05\/cropped-8059e613-6002-42fa-961e-8e275f575d71-2-5.jpg?fit=1360%2C931&ssl=1"},"description":"Jornalista com carreira dedicada ao esporte. Cobriu 9 Copas do Mundo in loco, 1990 na It\u00e1lia, 1994 nos EUA, 1998 na Fran\u00e7a, 2002 na Coreia do Sul e Jap\u00e3o, 2006 na Alemanha, 2010 na \u00c1frica do Sul, 2014 no Brasil, 2018 na R\u00fassia e 2022 no Qatar. Eurocopas, 1992 na Su\u00e9cia e 1996 na Inglaterra. Copa das Confedera\u00e7\u00f5es de 2005 na Alemanha e 2009 na \u00c1frica do Sul. Rep\u00f3rter e Editor, trabalhou no Jornal da Tarde e Estad\u00e3o, de 1984 a fevereiro de 2016. Colunista, blogueiro. E comentarista de futebol na R\u00e1dio Estad\u00e3o, de 2013 a fevereiro de 2016. Jornalista respons\u00e1vel do \"Pr\u00f3speri News\" (blogdoprosperi.com).","sameAs":["http:\/\/blogdoprosperi.com","Luiz Pr\u00f3speri","@luiz_prosperi","https:\/\/x.com\/Luizprosperi","@prosperinacopa","luiz.prosperi@icloud.com"],"url":"https:\/\/blogdoprosperi.com\/?author=102107496"}]}},"jetpack_publicize_connections":[],"jetpack_likes_enabled":false,"jetpack_sharing_enabled":true,"jetpack_shortlink":"https:\/\/wp.me\/p7jvdk-bRS","jetpack-related-posts":[{"id":45742,"url":"https:\/\/blogdoprosperi.com\/?p=45742","url_meta":{"origin":45624,"position":0},"title":"STF Suspende Julgamento e Ednaldo Rodrigues Continua no Comando da CBF","author":"Luiz Ant\u00f4nio Pr\u00f3speri","date":"9 de outubro de 2024","format":false,"excerpt":"Luiz Ant\u00f4nio Pr\u00f3speri \u2013 9 outubro (16h45) Supremo Tribunal Federal (STF) garante perman\u00eancia provis\u00f3ria de Ednaldo Rodrigues na presid\u00eancia da CBF, ap\u00f3s ministro Flavio Dino pedir vistas do processo no julgamento na Corte, nessa quarta-feira (09\/10). A volta do julgamento ainda n\u00e3o tem data definida. O STF julgava a liminar\u2026","rel":"","context":"Em &quot;futebol&quot;","block_context":{"text":"futebol","link":"https:\/\/blogdoprosperi.com\/?cat=53870"},"img":{"alt_text":"Ednaldo tem aliados no Judici\u00e1rio e continua na CBF","src":"https:\/\/i0.wp.com\/blogdoprosperi.com\/wp-content\/uploads\/2024\/10\/ednaldo-rodrigues-680x375-1.jpg?fit=680%2C375&ssl=1&resize=350%2C200","width":350,"height":200,"srcset":"https:\/\/i0.wp.com\/blogdoprosperi.com\/wp-content\/uploads\/2024\/10\/ednaldo-rodrigues-680x375-1.jpg?fit=680%2C375&ssl=1&resize=350%2C200 1x, https:\/\/i0.wp.com\/blogdoprosperi.com\/wp-content\/uploads\/2024\/10\/ednaldo-rodrigues-680x375-1.jpg?fit=680%2C375&ssl=1&resize=525%2C300 1.5x"},"classes":[]},{"id":45707,"url":"https:\/\/blogdoprosperi.com\/?p=45707","url_meta":{"origin":45624,"position":1},"title":"Sele\u00e7\u00e3o Brasileira | Dorival Junior Cai na Cilada da CBF e Presidente Aguarda Julgamento do STF","author":"Luiz Ant\u00f4nio Pr\u00f3speri","date":"9 de outubro de 2024","format":false,"excerpt":"Luiz Ant\u00f4nio Pr\u00f3speri \u2013 9 outubro (00h10) Dorival Junior est\u00e1 por um fio no comando da Sele\u00e7\u00e3o Brasileira. Ednaldo Rodrigues tamb\u00e9m vive mesma situa\u00e7\u00e3o na presid\u00eancia da CBF. Dorival, o t\u00e9cnico, depende de uma vit\u00f3ria contra o Chile, jogo das Eliminat\u00f3rias da Copa 2026, quinta-feira (10\/10), em Santiago. Ednaldo, o\u2026","rel":"","context":"Em &quot;futebol&quot;","block_context":{"text":"futebol","link":"https:\/\/blogdoprosperi.com\/?cat=53870"},"img":{"alt_text":"Dorival por um fio na Sele\u00e7\u00e3o Brasileira","src":"https:\/\/i0.wp.com\/blogdoprosperi.com\/wp-content\/uploads\/2024\/10\/54052520387_3484cb21ae_k.jpg?fit=1200%2C776&ssl=1&resize=350%2C200","width":350,"height":200,"srcset":"https:\/\/i0.wp.com\/blogdoprosperi.com\/wp-content\/uploads\/2024\/10\/54052520387_3484cb21ae_k.jpg?fit=1200%2C776&ssl=1&resize=350%2C200 1x, https:\/\/i0.wp.com\/blogdoprosperi.com\/wp-content\/uploads\/2024\/10\/54052520387_3484cb21ae_k.jpg?fit=1200%2C776&ssl=1&resize=525%2C300 1.5x, https:\/\/i0.wp.com\/blogdoprosperi.com\/wp-content\/uploads\/2024\/10\/54052520387_3484cb21ae_k.jpg?fit=1200%2C776&ssl=1&resize=700%2C400 2x, https:\/\/i0.wp.com\/blogdoprosperi.com\/wp-content\/uploads\/2024\/10\/54052520387_3484cb21ae_k.jpg?fit=1200%2C776&ssl=1&resize=1050%2C600 3x"},"classes":[]},{"id":50121,"url":"https:\/\/blogdoprosperi.com\/?p=50121","url_meta":{"origin":45624,"position":2},"title":"Entenda Crise na CBF | Todos Homens da Batalha no Judici\u00e1rio","author":"Luiz Ant\u00f4nio Pr\u00f3speri","date":"16 de maio de 2025","format":false,"excerpt":"\u2666 Ednaldo Rodrigues est\u00e1 fora da presid\u00eancia da CBF por ordem da Justi\u00e7a do Rio e aliados. E recorre ao STF. Deflagrada batalha dos cl\u00e3s do judici\u00e1rio. \u2666 Interventor Fernando Sarney est\u00e1 na CBF desde 1998 pelas m\u00e3os do presidente Ricardo Teixeira. Sarney convoca novas elei\u00e7\u00f5es para dia 25 de\u2026","rel":"","context":"Em &quot;CBF&quot;","block_context":{"text":"CBF","link":"https:\/\/blogdoprosperi.com\/?cat=570700"},"img":{"alt_text":"","src":"https:\/\/i0.wp.com\/blogdoprosperi.com\/wp-content\/uploads\/2024\/03\/cbf_futebol_copa_brasil.jpg?fit=800%2C503&ssl=1&resize=350%2C200","width":350,"height":200,"srcset":"https:\/\/i0.wp.com\/blogdoprosperi.com\/wp-content\/uploads\/2024\/03\/cbf_futebol_copa_brasil.jpg?fit=800%2C503&ssl=1&resize=350%2C200 1x, https:\/\/i0.wp.com\/blogdoprosperi.com\/wp-content\/uploads\/2024\/03\/cbf_futebol_copa_brasil.jpg?fit=800%2C503&ssl=1&resize=525%2C300 1.5x, https:\/\/i0.wp.com\/blogdoprosperi.com\/wp-content\/uploads\/2024\/03\/cbf_futebol_copa_brasil.jpg?fit=800%2C503&ssl=1&resize=700%2C400 2x"},"classes":[]},{"id":45276,"url":"https:\/\/blogdoprosperi.com\/?p=45276","url_meta":{"origin":45624,"position":3},"title":"STF Decide Futuro do Presidente da CBF Ednaldo Rodrigues, Dorival Jr Aguarda Desfecho do Caso","author":"Luiz Ant\u00f4nio Pr\u00f3speri","date":"25 de setembro de 2024","format":false,"excerpt":"Luiz Ant\u00f4nio Pr\u00f3speri \u2013 atualizado 25 setembro (08h15) CBF em transe: futuro do presidente Ednaldo Rodrigues se define hoje no STF. Pendurado no cargo por uma liminar concedida pelo ministro Gilmar Mendes do Supremo Tribunal Federal (STF), Ednaldo ter\u00e1 seu destino decretado no julgamento no STF pela manuten\u00e7\u00e3o ou queda\u2026","rel":"","context":"Em &quot;CBF&quot;","block_context":{"text":"CBF","link":"https:\/\/blogdoprosperi.com\/?cat=570700"},"img":{"alt_text":"CBF vive dias tensos com presidente Ednaldo no STF","src":"https:\/\/i0.wp.com\/blogdoprosperi.com\/wp-content\/uploads\/2024\/09\/53985869792_72d8064917_c.jpg?fit=799%2C534&ssl=1&resize=350%2C200","width":350,"height":200,"srcset":"https:\/\/i0.wp.com\/blogdoprosperi.com\/wp-content\/uploads\/2024\/09\/53985869792_72d8064917_c.jpg?fit=799%2C534&ssl=1&resize=350%2C200 1x, https:\/\/i0.wp.com\/blogdoprosperi.com\/wp-content\/uploads\/2024\/09\/53985869792_72d8064917_c.jpg?fit=799%2C534&ssl=1&resize=525%2C300 1.5x, https:\/\/i0.wp.com\/blogdoprosperi.com\/wp-content\/uploads\/2024\/09\/53985869792_72d8064917_c.jpg?fit=799%2C534&ssl=1&resize=700%2C400 2x"},"classes":[]},{"id":46425,"url":"https:\/\/blogdoprosperi.com\/?p=46425","url_meta":{"origin":45624,"position":4},"title":"Sele\u00e7\u00e3o Brasileira | \u00daltima Cartada de Dorival e Ronaldo Fen\u00f4meno Vem A\u00ed","author":"Luiz Ant\u00f4nio Pr\u00f3speri","date":"19 de novembro de 2024","format":false,"excerpt":"Luiz Ant\u00f4nio Pr\u00f3speri \u2013 19 novembro (13h45) \u2013 Sele\u00e7\u00e3o Brasileira enfrenta Uruguai, \u00e0s 21h45, hoje (19\/11), em Salvador. Trata-se da \u00faltima rodada das Eliminat\u00f3rias da Copa 2026 na temporada. Est\u00e1 em jogo tamb\u00e9m o futuro de Dorival J\u00fanior no comando do escrete, trabalho mal avaliado por analistas e torcedores. O\u2026","rel":"","context":"Em &quot;futebol&quot;","block_context":{"text":"futebol","link":"https:\/\/blogdoprosperi.com\/?cat=53870"},"img":{"alt_text":"Futuro de Dorival J\u00fanior no jogo Brasil x Uruguai","src":"https:\/\/i0.wp.com\/blogdoprosperi.com\/wp-content\/uploads\/2024\/11\/54146546787_180e3c16b9_c.jpg?fit=800%2C532&ssl=1&resize=350%2C200","width":350,"height":200,"srcset":"https:\/\/i0.wp.com\/blogdoprosperi.com\/wp-content\/uploads\/2024\/11\/54146546787_180e3c16b9_c.jpg?fit=800%2C532&ssl=1&resize=350%2C200 1x, https:\/\/i0.wp.com\/blogdoprosperi.com\/wp-content\/uploads\/2024\/11\/54146546787_180e3c16b9_c.jpg?fit=800%2C532&ssl=1&resize=525%2C300 1.5x, https:\/\/i0.wp.com\/blogdoprosperi.com\/wp-content\/uploads\/2024\/11\/54146546787_180e3c16b9_c.jpg?fit=800%2C532&ssl=1&resize=700%2C400 2x"},"classes":[]},{"id":47020,"url":"https:\/\/blogdoprosperi.com\/?p=47020","url_meta":{"origin":45624,"position":5},"title":"Ronaldo Fen\u00f4meno Presidente da CBF, J\u00e1 !","author":"Luiz Ant\u00f4nio Pr\u00f3speri","date":"17 de dezembro de 2024","format":false,"excerpt":"Luiz Ant\u00f4nio Pr\u00f3speri \u2013 17 dezembro (11h10) \u2013 Ronaldo Fen\u00f4meno lan\u00e7a candidatura \u00e0 presid\u00eancia da CBF. \u00c9 oficial. A campanha est\u00e1 nas ruas, ou melhor, nas visitas \u00e0s federa\u00e7\u00f5es estaduais e clubes. Bater \u00e0 porta dos cartolas \u00e9 preciso. De acordo com regulamento esdr\u00faxulo da CBF, uma candidatura s\u00f3 \u00e9\u2026","rel":"","context":"Em &quot;CBF&quot;","block_context":{"text":"CBF","link":"https:\/\/blogdoprosperi.com\/?cat=570700"},"img":{"alt_text":"Ronaldo Fen\u00f4meno fora da CBF","src":"https:\/\/i0.wp.com\/blogdoprosperi.com\/wp-content\/uploads\/2022\/12\/ronaldo-fenomeno.webp?fit=1000%2C585&ssl=1&resize=350%2C200","width":350,"height":200,"srcset":"https:\/\/i0.wp.com\/blogdoprosperi.com\/wp-content\/uploads\/2022\/12\/ronaldo-fenomeno.webp?fit=1000%2C585&ssl=1&resize=350%2C200 1x, https:\/\/i0.wp.com\/blogdoprosperi.com\/wp-content\/uploads\/2022\/12\/ronaldo-fenomeno.webp?fit=1000%2C585&ssl=1&resize=525%2C300 1.5x, https:\/\/i0.wp.com\/blogdoprosperi.com\/wp-content\/uploads\/2022\/12\/ronaldo-fenomeno.webp?fit=1000%2C585&ssl=1&resize=700%2C400 2x"},"classes":[]}],"jetpack_featured_media_url":"https:\/\/i0.wp.com\/blogdoprosperi.com\/wp-content\/uploads\/2024\/10\/gilmar-mendes-stf.webp?fit=888%2C593&ssl=1","_links":{"self":[{"href":"https:\/\/blogdoprosperi.com\/index.php?rest_route=\/wp\/v2\/posts\/45624","targetHints":{"allow":["GET"]}}],"collection":[{"href":"https:\/\/blogdoprosperi.com\/index.php?rest_route=\/wp\/v2\/posts"}],"about":[{"href":"https:\/\/blogdoprosperi.com\/index.php?rest_route=\/wp\/v2\/types\/post"}],"author":[{"embeddable":true,"href":"https:\/\/blogdoprosperi.com\/index.php?rest_route=\/wp\/v2\/users\/102107496"}],"replies":[{"embeddable":true,"href":"https:\/\/blogdoprosperi.com\/index.php?rest_route=%2Fwp%2Fv2%2Fcomments&post=45624"}],"version-history":[{"count":13,"href":"https:\/\/blogdoprosperi.com\/index.php?rest_route=\/wp\/v2\/posts\/45624\/revisions"}],"predecessor-version":[{"id":45645,"href":"https:\/\/blogdoprosperi.com\/index.php?rest_route=\/wp\/v2\/posts\/45624\/revisions\/45645"}],"wp:featuredmedia":[{"embeddable":true,"href":"https:\/\/blogdoprosperi.com\/index.php?rest_route=\/wp\/v2\/media\/45631"}],"wp:attachment":[{"href":"https:\/\/blogdoprosperi.com\/index.php?rest_route=%2Fwp%2Fv2%2Fmedia&parent=45624"}],"wp:term":[{"taxonomy":"category","embeddable":true,"href":"https:\/\/blogdoprosperi.com\/index.php?rest_route=%2Fwp%2Fv2%2Fcategories&post=45624"},{"taxonomy":"post_tag","embeddable":true,"href":"https:\/\/blogdoprosperi.com\/index.php?rest_route=%2Fwp%2Fv2%2Ftags&post=45624"}],"curies":[{"name":"wp","href":"https:\/\/api.w.org\/{rel}","templated":true}]}}