{"id":45835,"date":"2024-10-12T13:19:55","date_gmt":"2024-10-12T16:19:55","guid":{"rendered":"https:\/\/blogdoprosperi.com\/?p=45835"},"modified":"2025-02-22T12:17:55","modified_gmt":"2025-02-22T15:17:55","slug":"cronicasabatica-quando-os-deuses-descalcam-as-chuteiras","status":"publish","type":"post","link":"https:\/\/blogdoprosperi.com\/?p=45835","title":{"rendered":"#Cr\u00f4nicaSab\u00e1tica #1 | Quando os Deuses Descal\u00e7am as Chuteiras"},"content":{"rendered":"Leitor t\u00e3o raro, como diz o jornalista Juca Kfouri,<strong><em>\u00a0<\/em><\/strong>vou contar uma novidade: todos s\u00e1bados voc\u00ea ter\u00e1 aqui no web jornal <strong><em>&#8220;Pr\u00f3speri News&#8221; <\/em><\/strong>uma cr\u00f4nica de futebol, um tema fora do dia a dia do notici\u00e1rio quase sempre entediante do mundo da bola. Pode ser pretens\u00e3o desse rep\u00f3rter. H\u00e1 quase 40 anos militando na imprensa esportiva, entendo que tenho o direito a um livre pensar, escrever o que os olhos enxergam e a alma sente. Sem amarras. Apenas por prazer da escrita.\n\nA <em>#cr\u00f4nicasab\u00e1tica&#8221;<\/em>, evidente, a ser publicada todos os s\u00e1bados, merece uma explica\u00e7\u00e3o a respeito da op\u00e7\u00e3o por &#8220;sab\u00e1tica&#8221;. Ent\u00e3o, fiz duas consultas: uma no Chat de Intelig\u00eancia Artificial e outra no velho e bom Dicion\u00e1rio Houaiss da L\u00edngua Portuguesa. Confira:\n\n<em>No Chat de Intelig\u00eancia Artificial:<\/em>\n\n<strong>Sab\u00e1tico<\/strong> \u2013 Um per\u00edodo de pausa tempor\u00e1ria da rotina profissional e pessoal, que pode durar de alguns meses a um ano ou mais. O termo vem do hebraico e significa &#8220;liberta\u00e7\u00e3o&#8221;. Durante esse per\u00edodo, <strong>a pessoa se distancia do ritmo e das obriga\u00e7\u00f5es do dia a dia para viver outras experi\u00eancias,<\/strong> buscar autoexplora\u00e7\u00e3o e descanso.\n\n<em>No Dicion\u00e1rio Houaiss da L\u00edngua Portuguesa:<\/em>\n\n<strong>sab\u00e1tico (sa-b\u00e1-ti-co)<\/strong> <em>adj<\/em>. 1. relativo \u00e0 s\u00e1bado<em> &lt;descanso s.&gt;<\/em> 2. relativo a sab\u00e1 (&#8216;reuni\u00e3o&#8217;) 3. em que se interrompe alguma atividade regular (diz-se de per\u00edodo, ano) <em>&lt;f\u00e9rias s.&gt;<\/em>\n\nEstamos entendidos? Ent\u00e3o vamos \u00e0 primeira <em>#cr\u00f4nicasab\u00e1tica<\/em> de outubro.\n\n<em><strong>QUANDOS OS DEUSES DESCAL\u00c7AM AS CHUTEIRAS<\/strong><\/em>\n\n<em>Andres Iniesta, 40 anos, aposentou-se do futebol. Como se diz, pendurou as chuteiras na ter\u00e7a-feira (08\/10).<\/em>\n\n<em>&#8220;Por favor, permitam-me ficar um pouco emocionado hoje&#8230; Eu nunca pensei que esse dia chegaria. Eu nunca imaginei isso&#8221;.<\/em>\n\n<em>&#8220;Sim, todas essas l\u00e1grimas s\u00e3o l\u00e1grimas de emo\u00e7\u00e3o, de orgulho. Elas n\u00e3o s\u00e3o l\u00e1grimas de tristeza. S\u00e3o l\u00e1grimas daquele menino de uma cidadezinha como Fuentealbilla (Espanha), que tinha o sonho de ser jogador de futebol e o alcan\u00e7amos depois de muito trabalho e sacrif\u00edcio&#8221;.<\/em>\n\n<em>&#8220;Queria ter jogado at\u00e9 os 90 anos, mas estou feliz por ter realizado o sonho de ser jogador.&#8221;<\/em>\n\n<em>E n\u00f3s, admiradores do artista, como ficamos? N\u00e3o temos muito a fazer. O jeito \u00e9 recorrer aos nacos da mem\u00f3ria e proclamar: como \u00e9ramos felizes vendo Iniesta jogar. Agora acabou. Restam fragmentos de melhores momentos, gols memor\u00e1veis, jogadas geniais \u00e0 disposi\u00e7\u00e3o nos YouTubes da vida.<\/em>\n\n<em>O mesmo n\u00e3o se pode dizer de Joan Neesken. Dois dias antes de Iniesta anunciar aposentadoria, o fabuloso jogador holand\u00eas partiu. Um dos alicerces da Holanda Laranja Mec\u00e2nica da Copa do Mundo 1974 nos deixa aos 73 anos. E dele se tem poucas imagens de v\u00eddeo ou pel\u00edcula do cinema de outrora.<\/em>\n\n<em>Suas chuteiras estavam penduradas h\u00e1 muito tempo. Quem viu Neesken jogar tem consci\u00eancia de seus enormes feitos em quase todas as posi\u00e7\u00f5es de um time de futebol. Exercia quase todas em todos os jogos, com muita destreza. Um multijogador.<\/em>\n\n<em>Neesken era o bra\u00e7o direito de Joan Cruyff na Holanda revolucion\u00e1ria dos anos de 1970. G\u00eanios parceiros.<\/em>\n\n<em>Neesken se foi. Iniesta parou. Daqui a pouco a despedida de Lionel Messi vivendo os estertores de sua carreira na Inter de Miami&#8230; Quem mais? Quantos Deuses ainda temos por a\u00ed? Talvez nenhum.<\/em>\n\n<em>Futebol hoje n\u00e3o exige mais sabedoria. Nem dotes art\u00edsticos. Muito menos a excel\u00eancia de se conduzir a bola e dar a ela o destino mais justo.<\/em>\n\n<em>Doutrinas desses dias de agora obrigam a ser intenso os 90 minutos. Correr para frente e para tr\u00e1s como m\u00e1quinas programadas nos computadores. <\/em>\n\n<em>Suar sangue se preciso.<\/em>\n\n<em>N\u00e3o pensar, apenas executar. N\u00e3o driblar, ou melhor, apenas um drible \u00e9 permitido e, veja bem, perto da zona de gol que os catedr\u00e1ticos de agora chamam de &#8220;o \u00faltimo ter\u00e7o do campo&#8221;.<\/em>\n\n<em>Em nome da entrega total, estourar joelhos (casos de rompimento dos ligamentos se multiplicam em todos os cantos do mundo), esgar\u00e7ar m\u00fasculos das coxas e avariar os tornozelos soam como trof\u00e9us de reconhecimento do esfor\u00e7o ao fim das batalhas.<\/em>\n\n<em>Vivemos o fim do prazer do futebol. A paix\u00e3o se reserva aos rom\u00e2nticos do bom jogo. Aos torcedores n\u00e3o cabe mais torcer, sim executar jogadores, t\u00e9cnicos e dirigentes com disparos letais nas redes sociais. Aos fan\u00e1ticos, matar e morrer entre eles como gladiadores.<\/em>\n\n<em>A bola continua l\u00e1, gramado (org\u00e2nico ou sint\u00e9tico) tamb\u00e9m. Apenas as chuteiras est\u00e3o descal\u00e7as \u00e0 espera de novos Deuses. Eles Vir\u00e3o?<\/em>\n\n<strong>por Luiz Ant\u00f4nio Pr\u00f3speri \u2013 12 outubro (13h05)<\/strong><!-- \/wp:post-content -->","protected":false},"excerpt":{"rendered":"<p>Leitor t\u00e3o raro, como diz o jornalista Juca Kfouri,\u00a0vou contar uma novidade: todos s\u00e1bados voc\u00ea ter\u00e1 aqui no [&hellip;]<\/p>\n","protected":false},"author":102107496,"featured_media":45842,"comment_status":"open","ping_status":"open","sticky":false,"template":"","format":"standard","meta":{"_coblocks_attr":"","_coblocks_dimensions":"","_coblocks_responsive_height":"","_coblocks_accordion_ie_support":"","_jetpack_newsletter_access":"","_jetpack_dont_email_post_to_subs":false,"_jetpack_newsletter_tier_id":0,"_jetpack_memberships_contains_paywalled_content":false,"_wpcom_ai_launchpad_first_post":false,"_jetpack_feature_clip_id":0,"_jetpack_memberships_contains_paid_content":false,"footnotes":"","jetpack_publicize_message":"","jetpack_publicize_feature_enabled":true,"jetpack_social_post_already_shared":false,"jetpack_social_options":{"image_generator_settings":{"template":"highway","default_image_id":0,"font":"","enabled":false},"version":2},"jetpack_post_was_ever_published":false},"categories":[53870,3919],"tags":[775184891,1432770,789560560,54136,4241377,1199608,70116,789560573,81750,79584522,2493332],"class_list":["post-45835","post","type-post","status-publish","format-standard","has-post-thumbnail","hentry","category-futebol","category-opiniao","tag-cronicasabatica","tag-cruyff","tag-futebol","tag-holanda","tag-houaiss","tag-iniesta","tag-inteligencia-artificial","tag-luiz-antonio-prosperi","tag-messi","tag-neesken","tag-qua"],"yoast_head":"<!-- This site is optimized with the Yoast SEO plugin v28.3 - https:\/\/yoast.com\/product\/yoast-seo-wordpress\/ -->\n<title>#Cr\u00f4nicaSab\u00e1tica #1 | Quando os Deuses Descal\u00e7am as Chuteiras - PR\u00d3SPERI NEWS<\/title>\n<meta name=\"robots\" content=\"index, follow, max-snippet:-1, max-image-preview:large, max-video-preview:-1\" \/>\n<link rel=\"canonical\" href=\"https:\/\/blogdoprosperi.com\/?p=45835\" \/>\n<meta property=\"og:locale\" content=\"pt_BR\" \/>\n<meta property=\"og:type\" content=\"article\" \/>\n<meta property=\"og:title\" content=\"#Cr\u00f4nicaSab\u00e1tica #1 | Quando os Deuses Descal\u00e7am as Chuteiras - PR\u00d3SPERI NEWS\" \/>\n<meta property=\"og:description\" content=\"Leitor t\u00e3o raro, como diz o jornalista Juca Kfouri,\u00a0vou contar uma novidade: todos s\u00e1bados voc\u00ea ter\u00e1 aqui no [&hellip;]\" \/>\n<meta property=\"og:url\" content=\"https:\/\/blogdoprosperi.com\/?p=45835\" \/>\n<meta property=\"og:site_name\" content=\"PR\u00d3SPERI NEWS\" \/>\n<meta property=\"article:publisher\" content=\"Luiz Pr\u00f3speri\" \/>\n<meta property=\"article:author\" content=\"Luiz Pr\u00f3speri\" \/>\n<meta property=\"article:published_time\" content=\"2024-10-12T16:19:55+00:00\" \/>\n<meta property=\"article:modified_time\" content=\"2025-02-22T15:17:55+00:00\" \/>\n<meta property=\"og:image\" content=\"https:\/\/i0.wp.com\/blogdoprosperi.com\/wp-content\/uploads\/2024\/10\/captura-de-tela-2024-10-12-as-13.08.54.png?fit=1058%2C952&ssl=1\" \/>\n\t<meta property=\"og:image:width\" content=\"1058\" \/>\n\t<meta property=\"og:image:height\" content=\"952\" \/>\n\t<meta property=\"og:image:type\" content=\"image\/png\" \/>\n<meta name=\"author\" content=\"Luiz Ant\u00f4nio Pr\u00f3speri\" \/>\n<meta name=\"twitter:card\" content=\"summary_large_image\" \/>\n<meta name=\"twitter:creator\" content=\"@Luizprosperi\" \/>\n<meta name=\"twitter:site\" content=\"@Luizprosperi\" \/>\n<meta name=\"twitter:label1\" content=\"Escrito por\" \/>\n\t<meta name=\"twitter:data1\" content=\"Luiz Ant\u00f4nio Pr\u00f3speri\" \/>\n\t<meta name=\"twitter:label2\" content=\"Est. tempo de leitura\" \/>\n\t<meta name=\"twitter:data2\" content=\"4 minutos\" \/>\n<script type=\"application\/ld+json\" class=\"yoast-schema-graph\">{\"@context\":\"https:\\\/\\\/schema.org\",\"@graph\":[{\"@type\":\"Article\",\"@id\":\"https:\\\/\\\/blogdoprosperi.com\\\/?p=45835#article\",\"isPartOf\":{\"@id\":\"https:\\\/\\\/blogdoprosperi.com\\\/?p=45835\"},\"author\":{\"name\":\"Luiz Ant\u00f4nio Pr\u00f3speri\",\"@id\":\"https:\\\/\\\/blogdoprosperi.com\\\/#\\\/schema\\\/person\\\/38100755ce3601861ee4fab9b5aa78e9\"},\"headline\":\"#Cr\u00f4nicaSab\u00e1tica #1 | Quando os Deuses Descal\u00e7am as Chuteiras\",\"datePublished\":\"2024-10-12T16:19:55+00:00\",\"dateModified\":\"2025-02-22T15:17:55+00:00\",\"mainEntityOfPage\":{\"@id\":\"https:\\\/\\\/blogdoprosperi.com\\\/?p=45835\"},\"wordCount\":796,\"commentCount\":0,\"publisher\":{\"@id\":\"https:\\\/\\\/blogdoprosperi.com\\\/#\\\/schema\\\/person\\\/38100755ce3601861ee4fab9b5aa78e9\"},\"image\":{\"@id\":\"https:\\\/\\\/blogdoprosperi.com\\\/?p=45835#primaryimage\"},\"thumbnailUrl\":\"https:\\\/\\\/i0.wp.com\\\/blogdoprosperi.com\\\/wp-content\\\/uploads\\\/2024\\\/10\\\/captura-de-tela-2024-10-12-as-13.08.54.png?fit=1058%2C952&ssl=1\",\"keywords\":[\"#cr\u00f4nicasab\u00e1tica\",\"Cruyff\",\"futebol\",\"holanda\",\"houaiss\",\"Iniesta\",\"intelig\u00eancia artificial\",\"Luiz Ant\u00f4nio Pr\u00f3speri\",\"Messi\",\"neesken\",\"qua\"],\"articleSection\":[\"futebol\",\"opini\u00e3o\"],\"inLanguage\":\"pt-BR\",\"potentialAction\":[{\"@type\":\"CommentAction\",\"name\":\"Comment\",\"target\":[\"https:\\\/\\\/blogdoprosperi.com\\\/?p=45835#respond\"]}]},{\"@type\":\"WebPage\",\"@id\":\"https:\\\/\\\/blogdoprosperi.com\\\/?p=45835\",\"url\":\"https:\\\/\\\/blogdoprosperi.com\\\/?p=45835\",\"name\":\"#Cr\u00f4nicaSab\u00e1tica #1 | Quando os Deuses Descal\u00e7am as Chuteiras - PR\u00d3SPERI NEWS\",\"isPartOf\":{\"@id\":\"https:\\\/\\\/blogdoprosperi.com\\\/#website\"},\"primaryImageOfPage\":{\"@id\":\"https:\\\/\\\/blogdoprosperi.com\\\/?p=45835#primaryimage\"},\"image\":{\"@id\":\"https:\\\/\\\/blogdoprosperi.com\\\/?p=45835#primaryimage\"},\"thumbnailUrl\":\"https:\\\/\\\/i0.wp.com\\\/blogdoprosperi.com\\\/wp-content\\\/uploads\\\/2024\\\/10\\\/captura-de-tela-2024-10-12-as-13.08.54.png?fit=1058%2C952&ssl=1\",\"datePublished\":\"2024-10-12T16:19:55+00:00\",\"dateModified\":\"2025-02-22T15:17:55+00:00\",\"breadcrumb\":{\"@id\":\"https:\\\/\\\/blogdoprosperi.com\\\/?p=45835#breadcrumb\"},\"inLanguage\":\"pt-BR\",\"potentialAction\":[{\"@type\":\"ReadAction\",\"target\":[\"https:\\\/\\\/blogdoprosperi.com\\\/?p=45835\"]}]},{\"@type\":\"ImageObject\",\"inLanguage\":\"pt-BR\",\"@id\":\"https:\\\/\\\/blogdoprosperi.com\\\/?p=45835#primaryimage\",\"url\":\"https:\\\/\\\/i0.wp.com\\\/blogdoprosperi.com\\\/wp-content\\\/uploads\\\/2024\\\/10\\\/captura-de-tela-2024-10-12-as-13.08.54.png?fit=1058%2C952&ssl=1\",\"contentUrl\":\"https:\\\/\\\/i0.wp.com\\\/blogdoprosperi.com\\\/wp-content\\\/uploads\\\/2024\\\/10\\\/captura-de-tela-2024-10-12-as-13.08.54.png?fit=1058%2C952&ssl=1\",\"width\":1058,\"height\":952,\"caption\":\"Iniesta pendura chuteiras \u2013 foto: reprodu\u00e7\u00e3o Instagram\"},{\"@type\":\"BreadcrumbList\",\"@id\":\"https:\\\/\\\/blogdoprosperi.com\\\/?p=45835#breadcrumb\",\"itemListElement\":[{\"@type\":\"ListItem\",\"position\":1,\"name\":\"In\u00edcio\",\"item\":\"https:\\\/\\\/blogdoprosperi.com\\\/\"},{\"@type\":\"ListItem\",\"position\":2,\"name\":\"#Cr\u00f4nicaSab\u00e1tica #1 | Quando os Deuses Descal\u00e7am as Chuteiras\"}]},{\"@type\":\"WebSite\",\"@id\":\"https:\\\/\\\/blogdoprosperi.com\\\/#website\",\"url\":\"https:\\\/\\\/blogdoprosperi.com\\\/\",\"name\":\"PR\u00d3SPERI NEWS\",\"description\":\"TUDO \u00c9  FUTEBOL\",\"publisher\":{\"@id\":\"https:\\\/\\\/blogdoprosperi.com\\\/#\\\/schema\\\/person\\\/38100755ce3601861ee4fab9b5aa78e9\"},\"alternateName\":\"blogdoprosperi.com\",\"potentialAction\":[{\"@type\":\"SearchAction\",\"target\":{\"@type\":\"EntryPoint\",\"urlTemplate\":\"https:\\\/\\\/blogdoprosperi.com\\\/?s={search_term_string}\"},\"query-input\":{\"@type\":\"PropertyValueSpecification\",\"valueRequired\":true,\"valueName\":\"search_term_string\"}}],\"inLanguage\":\"pt-BR\"},{\"@type\":[\"Person\",\"Organization\"],\"@id\":\"https:\\\/\\\/blogdoprosperi.com\\\/#\\\/schema\\\/person\\\/38100755ce3601861ee4fab9b5aa78e9\",\"name\":\"Luiz Ant\u00f4nio Pr\u00f3speri\",\"pronouns\":\"ele\",\"image\":{\"@type\":\"ImageObject\",\"inLanguage\":\"pt-BR\",\"@id\":\"https:\\\/\\\/i0.wp.com\\\/blogdoprosperi.com\\\/wp-content\\\/uploads\\\/2026\\\/05\\\/cropped-8059e613-6002-42fa-961e-8e275f575d71-2-5.jpg?fit=1360%2C931&ssl=1\",\"url\":\"https:\\\/\\\/i0.wp.com\\\/blogdoprosperi.com\\\/wp-content\\\/uploads\\\/2026\\\/05\\\/cropped-8059e613-6002-42fa-961e-8e275f575d71-2-5.jpg?fit=1360%2C931&ssl=1\",\"contentUrl\":\"https:\\\/\\\/i0.wp.com\\\/blogdoprosperi.com\\\/wp-content\\\/uploads\\\/2026\\\/05\\\/cropped-8059e613-6002-42fa-961e-8e275f575d71-2-5.jpg?fit=1360%2C931&ssl=1\",\"width\":1360,\"height\":931,\"caption\":\"Luiz Ant\u00f4nio Pr\u00f3speri\"},\"logo\":{\"@id\":\"https:\\\/\\\/i0.wp.com\\\/blogdoprosperi.com\\\/wp-content\\\/uploads\\\/2026\\\/05\\\/cropped-8059e613-6002-42fa-961e-8e275f575d71-2-5.jpg?fit=1360%2C931&ssl=1\"},\"description\":\"Jornalista com carreira dedicada ao esporte. Cobriu 9 Copas do Mundo in loco, 1990 na It\u00e1lia, 1994 nos EUA, 1998 na Fran\u00e7a, 2002 na Coreia do Sul e Jap\u00e3o, 2006 na Alemanha, 2010 na \u00c1frica do Sul, 2014 no Brasil, 2018 na R\u00fassia e 2022 no Qatar. Eurocopas, 1992 na Su\u00e9cia e 1996 na Inglaterra. Copa das Confedera\u00e7\u00f5es de 2005 na Alemanha e 2009 na \u00c1frica do Sul. Rep\u00f3rter e Editor, trabalhou no Jornal da Tarde e Estad\u00e3o, de 1984 a fevereiro de 2016. Colunista, blogueiro. E comentarista de futebol na R\u00e1dio Estad\u00e3o, de 2013 a fevereiro de 2016. Jornalista respons\u00e1vel do \\\"Pr\u00f3speri News\\\" (blogdoprosperi.com).\",\"sameAs\":[\"http:\\\/\\\/blogdoprosperi.com\",\"Luiz Pr\u00f3speri\",\"@luiz_prosperi\",\"https:\\\/\\\/x.com\\\/Luizprosperi\",\"@prosperinacopa\",\"luiz.prosperi@icloud.com\"],\"url\":\"https:\\\/\\\/blogdoprosperi.com\\\/?author=102107496\"}]}<\/script>\n<!-- \/ Yoast SEO plugin. -->","yoast_head_json":{"title":"#Cr\u00f4nicaSab\u00e1tica #1 | Quando os Deuses Descal\u00e7am as Chuteiras - PR\u00d3SPERI NEWS","robots":{"index":"index","follow":"follow","max-snippet":"max-snippet:-1","max-image-preview":"max-image-preview:large","max-video-preview":"max-video-preview:-1"},"canonical":"https:\/\/blogdoprosperi.com\/?p=45835","og_locale":"pt_BR","og_type":"article","og_title":"#Cr\u00f4nicaSab\u00e1tica #1 | Quando os Deuses Descal\u00e7am as Chuteiras - PR\u00d3SPERI NEWS","og_description":"Leitor t\u00e3o raro, como diz o jornalista Juca Kfouri,\u00a0vou contar uma novidade: todos s\u00e1bados voc\u00ea ter\u00e1 aqui no [&hellip;]","og_url":"https:\/\/blogdoprosperi.com\/?p=45835","og_site_name":"PR\u00d3SPERI NEWS","article_publisher":"Luiz Pr\u00f3speri","article_author":"Luiz Pr\u00f3speri","article_published_time":"2024-10-12T16:19:55+00:00","article_modified_time":"2025-02-22T15:17:55+00:00","og_image":[{"width":1058,"height":952,"url":"https:\/\/i0.wp.com\/blogdoprosperi.com\/wp-content\/uploads\/2024\/10\/captura-de-tela-2024-10-12-as-13.08.54.png?fit=1058%2C952&ssl=1","type":"image\/png"}],"author":"Luiz Ant\u00f4nio Pr\u00f3speri","twitter_card":"summary_large_image","twitter_creator":"@Luizprosperi","twitter_site":"@Luizprosperi","twitter_misc":{"Escrito por":"Luiz Ant\u00f4nio Pr\u00f3speri","Est. tempo de leitura":"4 minutos"},"schema":{"@context":"https:\/\/schema.org","@graph":[{"@type":"Article","@id":"https:\/\/blogdoprosperi.com\/?p=45835#article","isPartOf":{"@id":"https:\/\/blogdoprosperi.com\/?p=45835"},"author":{"name":"Luiz Ant\u00f4nio Pr\u00f3speri","@id":"https:\/\/blogdoprosperi.com\/#\/schema\/person\/38100755ce3601861ee4fab9b5aa78e9"},"headline":"#Cr\u00f4nicaSab\u00e1tica #1 | Quando os Deuses Descal\u00e7am as Chuteiras","datePublished":"2024-10-12T16:19:55+00:00","dateModified":"2025-02-22T15:17:55+00:00","mainEntityOfPage":{"@id":"https:\/\/blogdoprosperi.com\/?p=45835"},"wordCount":796,"commentCount":0,"publisher":{"@id":"https:\/\/blogdoprosperi.com\/#\/schema\/person\/38100755ce3601861ee4fab9b5aa78e9"},"image":{"@id":"https:\/\/blogdoprosperi.com\/?p=45835#primaryimage"},"thumbnailUrl":"https:\/\/i0.wp.com\/blogdoprosperi.com\/wp-content\/uploads\/2024\/10\/captura-de-tela-2024-10-12-as-13.08.54.png?fit=1058%2C952&ssl=1","keywords":["#cr\u00f4nicasab\u00e1tica","Cruyff","futebol","holanda","houaiss","Iniesta","intelig\u00eancia artificial","Luiz Ant\u00f4nio Pr\u00f3speri","Messi","neesken","qua"],"articleSection":["futebol","opini\u00e3o"],"inLanguage":"pt-BR","potentialAction":[{"@type":"CommentAction","name":"Comment","target":["https:\/\/blogdoprosperi.com\/?p=45835#respond"]}]},{"@type":"WebPage","@id":"https:\/\/blogdoprosperi.com\/?p=45835","url":"https:\/\/blogdoprosperi.com\/?p=45835","name":"#Cr\u00f4nicaSab\u00e1tica #1 | Quando os Deuses Descal\u00e7am as Chuteiras - PR\u00d3SPERI NEWS","isPartOf":{"@id":"https:\/\/blogdoprosperi.com\/#website"},"primaryImageOfPage":{"@id":"https:\/\/blogdoprosperi.com\/?p=45835#primaryimage"},"image":{"@id":"https:\/\/blogdoprosperi.com\/?p=45835#primaryimage"},"thumbnailUrl":"https:\/\/i0.wp.com\/blogdoprosperi.com\/wp-content\/uploads\/2024\/10\/captura-de-tela-2024-10-12-as-13.08.54.png?fit=1058%2C952&ssl=1","datePublished":"2024-10-12T16:19:55+00:00","dateModified":"2025-02-22T15:17:55+00:00","breadcrumb":{"@id":"https:\/\/blogdoprosperi.com\/?p=45835#breadcrumb"},"inLanguage":"pt-BR","potentialAction":[{"@type":"ReadAction","target":["https:\/\/blogdoprosperi.com\/?p=45835"]}]},{"@type":"ImageObject","inLanguage":"pt-BR","@id":"https:\/\/blogdoprosperi.com\/?p=45835#primaryimage","url":"https:\/\/i0.wp.com\/blogdoprosperi.com\/wp-content\/uploads\/2024\/10\/captura-de-tela-2024-10-12-as-13.08.54.png?fit=1058%2C952&ssl=1","contentUrl":"https:\/\/i0.wp.com\/blogdoprosperi.com\/wp-content\/uploads\/2024\/10\/captura-de-tela-2024-10-12-as-13.08.54.png?fit=1058%2C952&ssl=1","width":1058,"height":952,"caption":"Iniesta pendura chuteiras \u2013 foto: reprodu\u00e7\u00e3o Instagram"},{"@type":"BreadcrumbList","@id":"https:\/\/blogdoprosperi.com\/?p=45835#breadcrumb","itemListElement":[{"@type":"ListItem","position":1,"name":"In\u00edcio","item":"https:\/\/blogdoprosperi.com\/"},{"@type":"ListItem","position":2,"name":"#Cr\u00f4nicaSab\u00e1tica #1 | Quando os Deuses Descal\u00e7am as Chuteiras"}]},{"@type":"WebSite","@id":"https:\/\/blogdoprosperi.com\/#website","url":"https:\/\/blogdoprosperi.com\/","name":"PR\u00d3SPERI NEWS","description":"TUDO \u00c9  FUTEBOL","publisher":{"@id":"https:\/\/blogdoprosperi.com\/#\/schema\/person\/38100755ce3601861ee4fab9b5aa78e9"},"alternateName":"blogdoprosperi.com","potentialAction":[{"@type":"SearchAction","target":{"@type":"EntryPoint","urlTemplate":"https:\/\/blogdoprosperi.com\/?s={search_term_string}"},"query-input":{"@type":"PropertyValueSpecification","valueRequired":true,"valueName":"search_term_string"}}],"inLanguage":"pt-BR"},{"@type":["Person","Organization"],"@id":"https:\/\/blogdoprosperi.com\/#\/schema\/person\/38100755ce3601861ee4fab9b5aa78e9","name":"Luiz Ant\u00f4nio Pr\u00f3speri","pronouns":"ele","image":{"@type":"ImageObject","inLanguage":"pt-BR","@id":"https:\/\/i0.wp.com\/blogdoprosperi.com\/wp-content\/uploads\/2026\/05\/cropped-8059e613-6002-42fa-961e-8e275f575d71-2-5.jpg?fit=1360%2C931&ssl=1","url":"https:\/\/i0.wp.com\/blogdoprosperi.com\/wp-content\/uploads\/2026\/05\/cropped-8059e613-6002-42fa-961e-8e275f575d71-2-5.jpg?fit=1360%2C931&ssl=1","contentUrl":"https:\/\/i0.wp.com\/blogdoprosperi.com\/wp-content\/uploads\/2026\/05\/cropped-8059e613-6002-42fa-961e-8e275f575d71-2-5.jpg?fit=1360%2C931&ssl=1","width":1360,"height":931,"caption":"Luiz Ant\u00f4nio Pr\u00f3speri"},"logo":{"@id":"https:\/\/i0.wp.com\/blogdoprosperi.com\/wp-content\/uploads\/2026\/05\/cropped-8059e613-6002-42fa-961e-8e275f575d71-2-5.jpg?fit=1360%2C931&ssl=1"},"description":"Jornalista com carreira dedicada ao esporte. Cobriu 9 Copas do Mundo in loco, 1990 na It\u00e1lia, 1994 nos EUA, 1998 na Fran\u00e7a, 2002 na Coreia do Sul e Jap\u00e3o, 2006 na Alemanha, 2010 na \u00c1frica do Sul, 2014 no Brasil, 2018 na R\u00fassia e 2022 no Qatar. Eurocopas, 1992 na Su\u00e9cia e 1996 na Inglaterra. Copa das Confedera\u00e7\u00f5es de 2005 na Alemanha e 2009 na \u00c1frica do Sul. Rep\u00f3rter e Editor, trabalhou no Jornal da Tarde e Estad\u00e3o, de 1984 a fevereiro de 2016. Colunista, blogueiro. E comentarista de futebol na R\u00e1dio Estad\u00e3o, de 2013 a fevereiro de 2016. Jornalista respons\u00e1vel do \"Pr\u00f3speri News\" (blogdoprosperi.com).","sameAs":["http:\/\/blogdoprosperi.com","Luiz Pr\u00f3speri","@luiz_prosperi","https:\/\/x.com\/Luizprosperi","@prosperinacopa","luiz.prosperi@icloud.com"],"url":"https:\/\/blogdoprosperi.com\/?author=102107496"}]}},"jetpack_publicize_connections":[],"jetpack_likes_enabled":false,"jetpack_sharing_enabled":true,"jetpack_shortlink":"https:\/\/wp.me\/p7jvdk-bVh","jetpack-related-posts":[{"id":45924,"url":"https:\/\/blogdoprosperi.com\/?p=45924","url_meta":{"origin":45835,"position":0},"title":"#Cr\u00f4nicaSab\u00e1tica #2 | Nos Calcanhares do Ganso","author":"Luiz Ant\u00f4nio Pr\u00f3speri","date":"19 de outubro de 2024","format":false,"excerpt":"Luiz Ant\u00f4nio Pr\u00f3speri \u2013 19 outubro (11h35) Paulo Henrique Ganso costuma vestir fraque, camisa branca engomada, gravatas borboleta e sapatos de cromo alem\u00e3o quando entra em campo. Seria essa a descri\u00e7\u00e3o no vocabul\u00e1rio mais antigo do futebol a exaltar o talento que um maestro apresenta nos jogos. Ali\u00e1s, maestro tamb\u00e9m\u2026","rel":"","context":"Em &quot;futebol&quot;","block_context":{"text":"futebol","link":"https:\/\/blogdoprosperi.com\/?cat=53870"},"img":{"alt_text":"O calcanhar de Ganso","src":"https:\/\/i0.wp.com\/blogdoprosperi.com\/wp-content\/uploads\/2024\/10\/gaidfzpwyaau91n.jpeg?fit=554%2C554&ssl=1&resize=350%2C200","width":350,"height":200,"srcset":"https:\/\/i0.wp.com\/blogdoprosperi.com\/wp-content\/uploads\/2024\/10\/gaidfzpwyaau91n.jpeg?fit=554%2C554&ssl=1&resize=350%2C200 1x, https:\/\/i0.wp.com\/blogdoprosperi.com\/wp-content\/uploads\/2024\/10\/gaidfzpwyaau91n.jpeg?fit=554%2C554&ssl=1&resize=525%2C300 1.5x"},"classes":[]},{"id":50151,"url":"https:\/\/blogdoprosperi.com\/?p=50151","url_meta":{"origin":45835,"position":1},"title":"#Cr\u00f4nicaSab\u00e1tica #22 | Ednaldo, O Bom Baiano Cai da Rede","author":"Luiz Ant\u00f4nio Pr\u00f3speri","date":"17 de maio de 2025","format":false,"excerpt":"Luiz Ant\u00f4nio Pr\u00f3speri \u2013 17 maio \u2013 (12h25) \u2013 Ednaldo Rodrigues n\u00e3o faz nada de diferente da maioria dos cartolas do futebol brasileiro. Segue \u00e0 risca todos os fundamentos dos empoderados. Presidente de uma federa\u00e7\u00e3o estadual, a da Bahia, estende seu mandato por 17 anos entre 2001 a 2018. Antes\u2026","rel":"","context":"Em &quot;futebol&quot;","block_context":{"text":"futebol","link":"https:\/\/blogdoprosperi.com\/?cat=53870"},"img":{"alt_text":"Ednaldo, o bom baiano.","src":"https:\/\/i0.wp.com\/blogdoprosperi.com\/wp-content\/uploads\/2025\/05\/ednaldo-rodrigues-presidente-da-cbf-1923_800x450.webp?fit=800%2C450&ssl=1&resize=350%2C200","width":350,"height":200,"srcset":"https:\/\/i0.wp.com\/blogdoprosperi.com\/wp-content\/uploads\/2025\/05\/ednaldo-rodrigues-presidente-da-cbf-1923_800x450.webp?fit=800%2C450&ssl=1&resize=350%2C200 1x, https:\/\/i0.wp.com\/blogdoprosperi.com\/wp-content\/uploads\/2025\/05\/ednaldo-rodrigues-presidente-da-cbf-1923_800x450.webp?fit=800%2C450&ssl=1&resize=525%2C300 1.5x, https:\/\/i0.wp.com\/blogdoprosperi.com\/wp-content\/uploads\/2025\/05\/ednaldo-rodrigues-presidente-da-cbf-1923_800x450.webp?fit=800%2C450&ssl=1&resize=700%2C400 2x"},"classes":[]},{"id":48695,"url":"https:\/\/blogdoprosperi.com\/?p=48695","url_meta":{"origin":45835,"position":2},"title":"#Cr\u00f4nicaSab\u00e1tica #16 | L\u00e1grimas de Luighi Paralisam o Futebol","author":"Luiz Ant\u00f4nio Pr\u00f3speri","date":"8 de mar\u00e7o de 2025","format":false,"excerpt":"Luiz Ant\u00f4nio Pr\u00f3speri \u2013 8 mar\u00e7o (09h15) \u2013 Luighi Hanri Sousa Santos tem 18 anos. Nascido em 30 de abril de 2006 em S\u00e3o Paulo, est\u00e1 no Palmeiras desde os dez anos de idade. Atacante forte, 1,82 m, vive de balan\u00e7ar as redes. Multa contratual imposta pelo clube paulista encosta\u2026","rel":"","context":"Em &quot;futebol&quot;","block_context":{"text":"futebol","link":"https:\/\/blogdoprosperi.com\/?cat=53870"},"img":{"alt_text":"As l\u00e1grimas de Luighi","src":"https:\/\/i0.wp.com\/blogdoprosperi.com\/wp-content\/uploads\/2025\/03\/captura-de-tela-2025-03-07-as-23.20.24.png?fit=1200%2C945&ssl=1&resize=350%2C200","width":350,"height":200,"srcset":"https:\/\/i0.wp.com\/blogdoprosperi.com\/wp-content\/uploads\/2025\/03\/captura-de-tela-2025-03-07-as-23.20.24.png?fit=1200%2C945&ssl=1&resize=350%2C200 1x, https:\/\/i0.wp.com\/blogdoprosperi.com\/wp-content\/uploads\/2025\/03\/captura-de-tela-2025-03-07-as-23.20.24.png?fit=1200%2C945&ssl=1&resize=525%2C300 1.5x, https:\/\/i0.wp.com\/blogdoprosperi.com\/wp-content\/uploads\/2025\/03\/captura-de-tela-2025-03-07-as-23.20.24.png?fit=1200%2C945&ssl=1&resize=700%2C400 2x, https:\/\/i0.wp.com\/blogdoprosperi.com\/wp-content\/uploads\/2025\/03\/captura-de-tela-2025-03-07-as-23.20.24.png?fit=1200%2C945&ssl=1&resize=1050%2C600 3x"},"classes":[]},{"id":54919,"url":"https:\/\/blogdoprosperi.com\/?p=54919","url_meta":{"origin":45835,"position":3},"title":"#Cr\u00f4nicaSab\u00e1tica #30 | John Textor,  A For\u00e7a da Grana Que Ergue e Destr\u00f3i Coisas Belas no Botafogo","author":"Luiz Ant\u00f4nio Pr\u00f3speri","date":"13 de setembro de 2025","format":false,"excerpt":"Luiz Ant\u00f4nio Pr\u00f3speri \u2013 13 setembro 2025 (13h32) \u2013 John Textor torra algo perto de R$ 716 milh\u00f5es com a contrata\u00e7\u00e3o de 15 jogadores para o Botafogo na temporada de 2025. \u00c9 o l\u00edder de gastan\u00e7a entre os 20 clubes da S\u00e9rie A do Brasileir\u00e3o. Supera o Palmeiras, segundo colocado,\u2026","rel":"","context":"Em &quot;cr\u00f4nica&quot;","block_context":{"text":"cr\u00f4nica","link":"https:\/\/blogdoprosperi.com\/?cat=23339"},"img":{"alt_text":"#Cr\u00f4nicaSab\u00e1tica | A Forca da Grana que Ergue e Destr\u00f3i Coisas Belas, Botafogo","src":"https:\/\/i0.wp.com\/blogdoprosperi.com\/wp-content\/uploads\/2025\/09\/54780823521_583398706c_c-1.jpg?fit=799%2C533&ssl=1&resize=350%2C200","width":350,"height":200,"srcset":"https:\/\/i0.wp.com\/blogdoprosperi.com\/wp-content\/uploads\/2025\/09\/54780823521_583398706c_c-1.jpg?fit=799%2C533&ssl=1&resize=350%2C200 1x, https:\/\/i0.wp.com\/blogdoprosperi.com\/wp-content\/uploads\/2025\/09\/54780823521_583398706c_c-1.jpg?fit=799%2C533&ssl=1&resize=525%2C300 1.5x, https:\/\/i0.wp.com\/blogdoprosperi.com\/wp-content\/uploads\/2025\/09\/54780823521_583398706c_c-1.jpg?fit=799%2C533&ssl=1&resize=700%2C400 2x"},"classes":[]},{"id":54598,"url":"https:\/\/blogdoprosperi.com\/?p=54598","url_meta":{"origin":45835,"position":4},"title":"#Cr\u00f4nicaSab\u00e1tica #29 | \u00cddolos Tamb\u00e9m Choram","author":"Luiz Ant\u00f4nio Pr\u00f3speri","date":"16 de agosto de 2025","format":false,"excerpt":"Luiz Ant\u00f4nio Pr\u00f3speri \u2013 16 agosto 2025 (13h10) \u2013 Por tr\u00e1s do dinheiro, da fama, da idolatria, de jornadas e mais jornadas de todas quartas-feiras e domingos, a despertar j\u00fabilo e \u00f3dio nas multid\u00f5es, existe um ser-humano. N\u00e3o apenas um jogador de futebol com um n\u00famero \u00e0s costas na camisa.\u2026","rel":"","context":"Em &quot;cr\u00f4nica&quot;","block_context":{"text":"cr\u00f4nica","link":"https:\/\/blogdoprosperi.com\/?cat=23339"},"img":{"alt_text":"#Cr\u00f4nicaSab\u00e1tica: \u00cddolos tamb\u00e9m choram","src":"https:\/\/i0.wp.com\/blogdoprosperi.com\/wp-content\/uploads\/2025\/08\/gybfdxrwoaeeb00.jpeg?fit=680%2C474&ssl=1&resize=350%2C200","width":350,"height":200,"srcset":"https:\/\/i0.wp.com\/blogdoprosperi.com\/wp-content\/uploads\/2025\/08\/gybfdxrwoaeeb00.jpeg?fit=680%2C474&ssl=1&resize=350%2C200 1x, https:\/\/i0.wp.com\/blogdoprosperi.com\/wp-content\/uploads\/2025\/08\/gybfdxrwoaeeb00.jpeg?fit=680%2C474&ssl=1&resize=525%2C300 1.5x"},"classes":[]},{"id":46654,"url":"https:\/\/blogdoprosperi.com\/?p=46654","url_meta":{"origin":45835,"position":5},"title":"#Cr\u00f4nicaSab\u00e1tica #7 | Guardiola e Abel Ferreira, de m\u00e3os dadas","author":"Luiz Ant\u00f4nio Pr\u00f3speri","date":"30 de novembro de 2024","format":false,"excerpt":"Luiz Ant\u00f4nio Pr\u00f3speri \u2013 30 novembro (11h05) \u2013 Pep Guardiola aparece na sala de entrevistas coletivas ap\u00f3s o empate (3 a 3) do Manchester City com Feyenoord, na Champions League, quarta-feira (27\/11). Tem verg\u00f5es vermelhos no lustro da careca e corte sangrando no nariz. Uma clara automutila\u00e7\u00e3o, da qual ele\u2026","rel":"","context":"Em &quot;futebol&quot;","block_context":{"text":"futebol","link":"https:\/\/blogdoprosperi.com\/?cat=53870"},"img":{"alt_text":"Abel e Guardiola de m\u00e3os dadas","src":"https:\/\/i0.wp.com\/blogdoprosperi.com\/wp-content\/uploads\/2024\/11\/guardiola-e-abel-ferreira-729x410-1.jpg?fit=729%2C410&ssl=1&resize=350%2C200","width":350,"height":200,"srcset":"https:\/\/i0.wp.com\/blogdoprosperi.com\/wp-content\/uploads\/2024\/11\/guardiola-e-abel-ferreira-729x410-1.jpg?fit=729%2C410&ssl=1&resize=350%2C200 1x, https:\/\/i0.wp.com\/blogdoprosperi.com\/wp-content\/uploads\/2024\/11\/guardiola-e-abel-ferreira-729x410-1.jpg?fit=729%2C410&ssl=1&resize=525%2C300 1.5x, https:\/\/i0.wp.com\/blogdoprosperi.com\/wp-content\/uploads\/2024\/11\/guardiola-e-abel-ferreira-729x410-1.jpg?fit=729%2C410&ssl=1&resize=700%2C400 2x"},"classes":[]}],"jetpack_featured_media_url":"https:\/\/i0.wp.com\/blogdoprosperi.com\/wp-content\/uploads\/2024\/10\/captura-de-tela-2024-10-12-as-13.08.54.png?fit=1058%2C952&ssl=1","_links":{"self":[{"href":"https:\/\/blogdoprosperi.com\/index.php?rest_route=\/wp\/v2\/posts\/45835","targetHints":{"allow":["GET"]}}],"collection":[{"href":"https:\/\/blogdoprosperi.com\/index.php?rest_route=\/wp\/v2\/posts"}],"about":[{"href":"https:\/\/blogdoprosperi.com\/index.php?rest_route=\/wp\/v2\/types\/post"}],"author":[{"embeddable":true,"href":"https:\/\/blogdoprosperi.com\/index.php?rest_route=\/wp\/v2\/users\/102107496"}],"replies":[{"embeddable":true,"href":"https:\/\/blogdoprosperi.com\/index.php?rest_route=%2Fwp%2Fv2%2Fcomments&post=45835"}],"version-history":[{"count":10,"href":"https:\/\/blogdoprosperi.com\/index.php?rest_route=\/wp\/v2\/posts\/45835\/revisions"}],"predecessor-version":[{"id":48331,"href":"https:\/\/blogdoprosperi.com\/index.php?rest_route=\/wp\/v2\/posts\/45835\/revisions\/48331"}],"wp:featuredmedia":[{"embeddable":true,"href":"https:\/\/blogdoprosperi.com\/index.php?rest_route=\/wp\/v2\/media\/45842"}],"wp:attachment":[{"href":"https:\/\/blogdoprosperi.com\/index.php?rest_route=%2Fwp%2Fv2%2Fmedia&parent=45835"}],"wp:term":[{"taxonomy":"category","embeddable":true,"href":"https:\/\/blogdoprosperi.com\/index.php?rest_route=%2Fwp%2Fv2%2Fcategories&post=45835"},{"taxonomy":"post_tag","embeddable":true,"href":"https:\/\/blogdoprosperi.com\/index.php?rest_route=%2Fwp%2Fv2%2Ftags&post=45835"}],"curies":[{"name":"wp","href":"https:\/\/api.w.org\/{rel}","templated":true}]}}